{"id":1074,"date":"2011-11-09T03:51:29","date_gmt":"2011-11-09T03:51:29","guid":{"rendered":"http:\/\/www.gentedebasquet.com.ar\/?p=1074"},"modified":"2011-11-09T03:51:29","modified_gmt":"2011-11-09T03:51:29","slug":"cholo-contra-el-mundo","status":"publish","type":"post","link":"https:\/\/gentedebasquet.com.ar\/sitio\/2011\/11\/09\/cholo-contra-el-mundo\/","title":{"rendered":"\u201cCholo\u201d contra el mundo"},"content":{"rendered":"<p style=\"text-align: center\"><a href=\"http:\/\/www.gentedebasquet.com.ar\/wp-content\/uploads\/2011\/11\/DSC06808-e1320810527280.jpg\"><img decoding=\"async\" class=\"aligncenter size-medium wp-image-1075\" src=\"http:\/\/www.gentedebasquet.com.ar\/wp-content\/uploads\/2011\/11\/DSC06808-e1320810792947-300x240.jpg\" alt=\"\/\" \/><\/a><\/p>\n<p style=\"text-align: justify\"><strong><em>La Falda derrot\u00f3 a Independiente por 71 a 66, cerr\u00f3 los cuartos de final a su favor, y se meti\u00f3 en Semifinales tras m\u00e1s de veinte a\u00f1os.<br \/>\nLa gran figura del partido fue Mart\u00edn Miguel con 38 unidades producto de 3\/4 en triples, 11\/16 en dobles y 7\/7 en simples. En Independiente sobresali\u00f3 Sebasti\u00e1n Branciforte con 17 puntos y 4 rebotes.<!--more--> <\/em><\/strong><\/p>\n<p style=\"text-align: justify\">El partido de tr\u00e1mite parejo a lo largo de toda la noche, tuve un arranque feo para el local que con 1\/8 en tiros de campo se vio abajo 4-6 en 4m. No obstante, Sacrist\u00e1n fue para adentro y puso en ventaja al \u201cviola\u201d 13-12 con 2m45seg por jugar, que se transform\u00f3 en 19-14 gracias al buen cierre de Montanaro (5).<\/p>\n<p style=\"text-align: justify\">En el arranque del segundo cuarto el local sac\u00f3 la m\u00e1xima del partido (25-16) aprovechando el excelente momento de Montanaro (9 en total). Sin embargo, fue ah\u00ed donde Miguel comenz\u00f3 a cargarse el equipo al hombro y con 14 puntos consecutivos La Falda pas\u00f3 al frente (29-30) con 4m por jugar. En el final, apareci\u00f3 Sacrist\u00e1n (7) y los de Palumbo se llevaron el primer tiempo 37-35.<\/p>\n<p style=\"text-align: justify\">En el comienzo de la complementaria el equipo de \u201cLa Caldera\u201d sigui\u00f3 apoy\u00e1ndose en el buen pasar de Miguel (30) para escapar 43-47 con 3m21seg por jugar. Pites (5) trat\u00f3 de ser la carta de gol en el elenco de Independiente, pero nuevamente el \u201cCholo\u201d Miguel clav\u00f3 una bomba y le permiti\u00f3 al equipo rojo ingresar en la recta final con seis de luz: 46-52.<\/p>\n<p style=\"text-align: justify\">El \u00faltimo cuarto, vibrante y emotivo, arranc\u00f3 mejor para el local que con Montanaro (4) y Minervino (4) como armas de gol empat\u00f3 en 54 con 6m25seg por jugar. Los de Loffredo repartieron el goleo, y sacaron cuatro de luz (63-67) sobre el cierre del juego. A pesar de esto, Independiente no baj\u00f3 los brazos achic\u00f3 a uno (66-67), pero se qued\u00f3 sin nafta. La visita lo liquid\u00f3 desde la l\u00ednea y redondeo el 66-71 que le permite meterse en la semifinal a la que no acced\u00eda desde 1991. En frente, Independiente cerr\u00f3 una buena temporada que seguramente lo encontrar\u00e1 m\u00e1s ambicioso en la temporada venidera.<br \/>\nEn el cierre se produjeron corridas entre ambas parcialidades, pero la situaci\u00f3n no pas\u00f3 a mayores.<\/p>\n<p style=\"text-align: justify\"><strong><span style=\"text-decoration: underline\">S\u00edntesis: <\/span><\/strong><\/p>\n<p style=\"text-align: justify\"><strong>Independiente 66: <\/strong><\/p>\n<p style=\"text-align: justify\">S. Branciforte 17; M. Minervino 13; M. Sacrist\u00e1n 7; M. Montanaro 11; S. Barba 5.<br \/>\nB. Sagripandi 3; G. De La Torre s\/u; J.M. Pites 10.<br \/>\nDT: J.S. Palumbo.<\/p>\n<p style=\"text-align: justify\"><strong>La Falda 71: <\/strong><\/p>\n<p style=\"text-align: justify\">M. Miguel 38; P. Obreque s\/u; F. Bonino 9; M. Bret\u00f3n 17; G. Lan s\/u.<br \/>\nA. Cendoya 3; J.P. Troja s\/u; M. Marinozzi s\/u; G. Tomasseta s\/u; S. Tacchetti 4; S. Blanco s\/u.<br \/>\nDT: M. Loffredo.<\/p>\n<p style=\"text-align: justify\"><strong>Cuartos:<\/strong> 19-14; 37-35; 46-52.<br \/>\n<strong>\u00c1rbitros:<\/strong> J. Scheffer- D. Kessler.<br \/>\n<strong>\u00a05 Faltas:<\/strong> M. Montanaro y M. Minervino\u00a0 (I).<br \/>\n<strong>Serie:<\/strong> 2-0 La Falda.<\/p>\n<p><a class=\"modalf iframe\" title=\"Planilla\" href=\"https:\/\/docs.google.com\/spreadsheet\/pub?hl=ja&amp;hl=ja&amp;key=0AhE9h-PKJU0cdENTMjVGZUppdWFzd0ptUjF6TzJHdFE&amp;single=true&amp;gid=0&amp;output=html\">Ver Planilla<\/a><\/p>\n","protected":false},"excerpt":{"rendered":"<p>La Falda derrot\u00f3 a Independiente por 71 a 66, cerr\u00f3 los cuartos de final a su favor, y se meti\u00f3 en Semifinales tras m\u00e1s de veinte a\u00f1os. La gran figura del partido fue Mart\u00edn Miguel con 38 unidades producto de 3\/4 en triples, 11\/16 en dobles y 7\/7 en simples. En Independiente sobresali\u00f3 Sebasti\u00e1n Branciforte [&hellip;]<\/p>\n","protected":false},"author":5,"featured_media":0,"comment_status":"open","ping_status":"open","sticky":false,"template":"","format":"standard","meta":{"jnews-multi-image_gallery":[],"jnews_single_post":[],"jnews_primary_category":[],"footnotes":""},"categories":[25],"tags":[12,13],"class_list":["post-1074","post","type-post","status-publish","format-standard","hentry","category-segunda","tag-independiente","tag-la-falda"],"yoast_head":"<!-- This site is optimized with the Yoast SEO plugin v27.5 - https:\/\/yoast.com\/product\/yoast-seo-wordpress\/ -->\n<title>\u201cCholo\u201d contra el mundo - Gente de B\u00e1squet<\/title>\n<meta name=\"robots\" content=\"index, follow, max-snippet:-1, max-image-preview:large, max-video-preview:-1\" \/>\n<link rel=\"canonical\" href=\"https:\/\/gentedebasquet.com.ar\/sitio\/2011\/11\/09\/cholo-contra-el-mundo\/\" \/>\n<meta property=\"og:locale\" content=\"es_ES\" \/>\n<meta property=\"og:type\" content=\"article\" \/>\n<meta property=\"og:title\" content=\"\u201cCholo\u201d contra el mundo - Gente de B\u00e1squet\" \/>\n<meta property=\"og:description\" content=\"La Falda derrot\u00f3 a Independiente por 71 a 66, cerr\u00f3 los cuartos de final a su favor, y se meti\u00f3 en Semifinales tras m\u00e1s de veinte a\u00f1os. La gran figura del partido fue Mart\u00edn Miguel con 38 unidades producto de 3\/4 en triples, 11\/16 en dobles y 7\/7 en simples. En Independiente sobresali\u00f3 Sebasti\u00e1n Branciforte [&hellip;]\" \/>\n<meta property=\"og:url\" content=\"https:\/\/gentedebasquet.com.ar\/sitio\/2011\/11\/09\/cholo-contra-el-mundo\/\" \/>\n<meta property=\"og:site_name\" content=\"Gente de B\u00e1squet\" \/>\n<meta property=\"article:published_time\" content=\"2011-11-09T03:51:29+00:00\" \/>\n<meta property=\"og:image\" content=\"http:\/\/www.gentedebasquet.com.ar\/wp-content\/uploads\/2011\/11\/DSC06808-e1320810792947-300x240.jpg\" \/>\n<meta name=\"author\" content=\"Mati Ortiz\" \/>\n<meta name=\"twitter:card\" content=\"summary_large_image\" \/>\n<meta name=\"twitter:label1\" content=\"Escrito por\" \/>\n\t<meta name=\"twitter:data1\" content=\"Mati Ortiz\" \/>\n\t<meta name=\"twitter:label2\" content=\"Tiempo de lectura\" \/>\n\t<meta name=\"twitter:data2\" content=\"2 minutos\" \/>\n<script type=\"application\/ld+json\" class=\"yoast-schema-graph\">{\"@context\":\"https:\\\/\\\/schema.org\",\"@graph\":[{\"@type\":\"Article\",\"@id\":\"https:\\\/\\\/gentedebasquet.com.ar\\\/sitio\\\/2011\\\/11\\\/09\\\/cholo-contra-el-mundo\\\/#article\",\"isPartOf\":{\"@id\":\"https:\\\/\\\/gentedebasquet.com.ar\\\/sitio\\\/2011\\\/11\\\/09\\\/cholo-contra-el-mundo\\\/\"},\"author\":{\"name\":\"Mati Ortiz\",\"@id\":\"https:\\\/\\\/gentedebasquet.com.ar\\\/sitio\\\/#\\\/schema\\\/person\\\/bdfda4f76826a67711ffbc5c019867b1\"},\"headline\":\"\u201cCholo\u201d contra el mundo\",\"datePublished\":\"2011-11-09T03:51:29+00:00\",\"mainEntityOfPage\":{\"@id\":\"https:\\\/\\\/gentedebasquet.com.ar\\\/sitio\\\/2011\\\/11\\\/09\\\/cholo-contra-el-mundo\\\/\"},\"wordCount\":469,\"commentCount\":3,\"image\":{\"@id\":\"https:\\\/\\\/gentedebasquet.com.ar\\\/sitio\\\/2011\\\/11\\\/09\\\/cholo-contra-el-mundo\\\/#primaryimage\"},\"thumbnailUrl\":\"http:\\\/\\\/www.gentedebasquet.com.ar\\\/wp-content\\\/uploads\\\/2011\\\/11\\\/DSC06808-e1320810792947-300x240.jpg\",\"keywords\":[\"independiente\",\"La Falda\"],\"articleSection\":[\"Segunda\"],\"inLanguage\":\"es\",\"potentialAction\":[{\"@type\":\"CommentAction\",\"name\":\"Comment\",\"target\":[\"https:\\\/\\\/gentedebasquet.com.ar\\\/sitio\\\/2011\\\/11\\\/09\\\/cholo-contra-el-mundo\\\/#respond\"]}]},{\"@type\":\"WebPage\",\"@id\":\"https:\\\/\\\/gentedebasquet.com.ar\\\/sitio\\\/2011\\\/11\\\/09\\\/cholo-contra-el-mundo\\\/\",\"url\":\"https:\\\/\\\/gentedebasquet.com.ar\\\/sitio\\\/2011\\\/11\\\/09\\\/cholo-contra-el-mundo\\\/\",\"name\":\"\u201cCholo\u201d contra el mundo - Gente de B\u00e1squet\",\"isPartOf\":{\"@id\":\"https:\\\/\\\/gentedebasquet.com.ar\\\/sitio\\\/#website\"},\"primaryImageOfPage\":{\"@id\":\"https:\\\/\\\/gentedebasquet.com.ar\\\/sitio\\\/2011\\\/11\\\/09\\\/cholo-contra-el-mundo\\\/#primaryimage\"},\"image\":{\"@id\":\"https:\\\/\\\/gentedebasquet.com.ar\\\/sitio\\\/2011\\\/11\\\/09\\\/cholo-contra-el-mundo\\\/#primaryimage\"},\"thumbnailUrl\":\"http:\\\/\\\/www.gentedebasquet.com.ar\\\/wp-content\\\/uploads\\\/2011\\\/11\\\/DSC06808-e1320810792947-300x240.jpg\",\"datePublished\":\"2011-11-09T03:51:29+00:00\",\"author\":{\"@id\":\"https:\\\/\\\/gentedebasquet.com.ar\\\/sitio\\\/#\\\/schema\\\/person\\\/bdfda4f76826a67711ffbc5c019867b1\"},\"breadcrumb\":{\"@id\":\"https:\\\/\\\/gentedebasquet.com.ar\\\/sitio\\\/2011\\\/11\\\/09\\\/cholo-contra-el-mundo\\\/#breadcrumb\"},\"inLanguage\":\"es\",\"potentialAction\":[{\"@type\":\"ReadAction\",\"target\":[\"https:\\\/\\\/gentedebasquet.com.ar\\\/sitio\\\/2011\\\/11\\\/09\\\/cholo-contra-el-mundo\\\/\"]}]},{\"@type\":\"ImageObject\",\"inLanguage\":\"es\",\"@id\":\"https:\\\/\\\/gentedebasquet.com.ar\\\/sitio\\\/2011\\\/11\\\/09\\\/cholo-contra-el-mundo\\\/#primaryimage\",\"url\":\"http:\\\/\\\/www.gentedebasquet.com.ar\\\/wp-content\\\/uploads\\\/2011\\\/11\\\/DSC06808-e1320810792947-300x240.jpg\",\"contentUrl\":\"http:\\\/\\\/www.gentedebasquet.com.ar\\\/wp-content\\\/uploads\\\/2011\\\/11\\\/DSC06808-e1320810792947-300x240.jpg\"},{\"@type\":\"BreadcrumbList\",\"@id\":\"https:\\\/\\\/gentedebasquet.com.ar\\\/sitio\\\/2011\\\/11\\\/09\\\/cholo-contra-el-mundo\\\/#breadcrumb\",\"itemListElement\":[{\"@type\":\"ListItem\",\"position\":1,\"name\":\"Portada\",\"item\":\"https:\\\/\\\/gentedebasquet.com.ar\\\/sitio\\\/\"},{\"@type\":\"ListItem\",\"position\":2,\"name\":\"\u201cCholo\u201d contra el mundo\"}]},{\"@type\":\"WebSite\",\"@id\":\"https:\\\/\\\/gentedebasquet.com.ar\\\/sitio\\\/#website\",\"url\":\"https:\\\/\\\/gentedebasquet.com.ar\\\/sitio\\\/\",\"name\":\"Gente de B\u00e1squet\",\"description\":\"La revista del basquet de Bah\u00eda Blanca\",\"potentialAction\":[{\"@type\":\"SearchAction\",\"target\":{\"@type\":\"EntryPoint\",\"urlTemplate\":\"https:\\\/\\\/gentedebasquet.com.ar\\\/sitio\\\/?s={search_term_string}\"},\"query-input\":{\"@type\":\"PropertyValueSpecification\",\"valueRequired\":true,\"valueName\":\"search_term_string\"}}],\"inLanguage\":\"es\"},{\"@type\":\"Person\",\"@id\":\"https:\\\/\\\/gentedebasquet.com.ar\\\/sitio\\\/#\\\/schema\\\/person\\\/bdfda4f76826a67711ffbc5c019867b1\",\"name\":\"Mati Ortiz\",\"image\":{\"@type\":\"ImageObject\",\"inLanguage\":\"es\",\"@id\":\"https:\\\/\\\/secure.gravatar.com\\\/avatar\\\/639f103875d0262257ad455ccde7a9fdf5a890a827f0e877d951e4fb1b0906e5?s=96&d=mm&r=g\",\"url\":\"https:\\\/\\\/secure.gravatar.com\\\/avatar\\\/639f103875d0262257ad455ccde7a9fdf5a890a827f0e877d951e4fb1b0906e5?s=96&d=mm&r=g\",\"contentUrl\":\"https:\\\/\\\/secure.gravatar.com\\\/avatar\\\/639f103875d0262257ad455ccde7a9fdf5a890a827f0e877d951e4fb1b0906e5?s=96&d=mm&r=g\",\"caption\":\"Mati Ortiz\"},\"url\":\"https:\\\/\\\/gentedebasquet.com.ar\\\/sitio\\\/author\\\/mati-ortiz\\\/\"}]}<\/script>\n<!-- \/ Yoast SEO plugin. -->","yoast_head_json":{"title":"\u201cCholo\u201d contra el mundo - Gente de B\u00e1squet","robots":{"index":"index","follow":"follow","max-snippet":"max-snippet:-1","max-image-preview":"max-image-preview:large","max-video-preview":"max-video-preview:-1"},"canonical":"https:\/\/gentedebasquet.com.ar\/sitio\/2011\/11\/09\/cholo-contra-el-mundo\/","og_locale":"es_ES","og_type":"article","og_title":"\u201cCholo\u201d contra el mundo - Gente de B\u00e1squet","og_description":"La Falda derrot\u00f3 a Independiente por 71 a 66, cerr\u00f3 los cuartos de final a su favor, y se meti\u00f3 en Semifinales tras m\u00e1s de veinte a\u00f1os. La gran figura del partido fue Mart\u00edn Miguel con 38 unidades producto de 3\/4 en triples, 11\/16 en dobles y 7\/7 en simples. En Independiente sobresali\u00f3 Sebasti\u00e1n Branciforte [&hellip;]","og_url":"https:\/\/gentedebasquet.com.ar\/sitio\/2011\/11\/09\/cholo-contra-el-mundo\/","og_site_name":"Gente de B\u00e1squet","article_published_time":"2011-11-09T03:51:29+00:00","og_image":[{"url":"http:\/\/www.gentedebasquet.com.ar\/wp-content\/uploads\/2011\/11\/DSC06808-e1320810792947-300x240.jpg","type":"","width":"","height":""}],"author":"Mati Ortiz","twitter_card":"summary_large_image","twitter_misc":{"Escrito por":"Mati Ortiz","Tiempo de lectura":"2 minutos"},"schema":{"@context":"https:\/\/schema.org","@graph":[{"@type":"Article","@id":"https:\/\/gentedebasquet.com.ar\/sitio\/2011\/11\/09\/cholo-contra-el-mundo\/#article","isPartOf":{"@id":"https:\/\/gentedebasquet.com.ar\/sitio\/2011\/11\/09\/cholo-contra-el-mundo\/"},"author":{"name":"Mati Ortiz","@id":"https:\/\/gentedebasquet.com.ar\/sitio\/#\/schema\/person\/bdfda4f76826a67711ffbc5c019867b1"},"headline":"\u201cCholo\u201d contra el mundo","datePublished":"2011-11-09T03:51:29+00:00","mainEntityOfPage":{"@id":"https:\/\/gentedebasquet.com.ar\/sitio\/2011\/11\/09\/cholo-contra-el-mundo\/"},"wordCount":469,"commentCount":3,"image":{"@id":"https:\/\/gentedebasquet.com.ar\/sitio\/2011\/11\/09\/cholo-contra-el-mundo\/#primaryimage"},"thumbnailUrl":"http:\/\/www.gentedebasquet.com.ar\/wp-content\/uploads\/2011\/11\/DSC06808-e1320810792947-300x240.jpg","keywords":["independiente","La Falda"],"articleSection":["Segunda"],"inLanguage":"es","potentialAction":[{"@type":"CommentAction","name":"Comment","target":["https:\/\/gentedebasquet.com.ar\/sitio\/2011\/11\/09\/cholo-contra-el-mundo\/#respond"]}]},{"@type":"WebPage","@id":"https:\/\/gentedebasquet.com.ar\/sitio\/2011\/11\/09\/cholo-contra-el-mundo\/","url":"https:\/\/gentedebasquet.com.ar\/sitio\/2011\/11\/09\/cholo-contra-el-mundo\/","name":"\u201cCholo\u201d contra el mundo - Gente de B\u00e1squet","isPartOf":{"@id":"https:\/\/gentedebasquet.com.ar\/sitio\/#website"},"primaryImageOfPage":{"@id":"https:\/\/gentedebasquet.com.ar\/sitio\/2011\/11\/09\/cholo-contra-el-mundo\/#primaryimage"},"image":{"@id":"https:\/\/gentedebasquet.com.ar\/sitio\/2011\/11\/09\/cholo-contra-el-mundo\/#primaryimage"},"thumbnailUrl":"http:\/\/www.gentedebasquet.com.ar\/wp-content\/uploads\/2011\/11\/DSC06808-e1320810792947-300x240.jpg","datePublished":"2011-11-09T03:51:29+00:00","author":{"@id":"https:\/\/gentedebasquet.com.ar\/sitio\/#\/schema\/person\/bdfda4f76826a67711ffbc5c019867b1"},"breadcrumb":{"@id":"https:\/\/gentedebasquet.com.ar\/sitio\/2011\/11\/09\/cholo-contra-el-mundo\/#breadcrumb"},"inLanguage":"es","potentialAction":[{"@type":"ReadAction","target":["https:\/\/gentedebasquet.com.ar\/sitio\/2011\/11\/09\/cholo-contra-el-mundo\/"]}]},{"@type":"ImageObject","inLanguage":"es","@id":"https:\/\/gentedebasquet.com.ar\/sitio\/2011\/11\/09\/cholo-contra-el-mundo\/#primaryimage","url":"http:\/\/www.gentedebasquet.com.ar\/wp-content\/uploads\/2011\/11\/DSC06808-e1320810792947-300x240.jpg","contentUrl":"http:\/\/www.gentedebasquet.com.ar\/wp-content\/uploads\/2011\/11\/DSC06808-e1320810792947-300x240.jpg"},{"@type":"BreadcrumbList","@id":"https:\/\/gentedebasquet.com.ar\/sitio\/2011\/11\/09\/cholo-contra-el-mundo\/#breadcrumb","itemListElement":[{"@type":"ListItem","position":1,"name":"Portada","item":"https:\/\/gentedebasquet.com.ar\/sitio\/"},{"@type":"ListItem","position":2,"name":"\u201cCholo\u201d contra el mundo"}]},{"@type":"WebSite","@id":"https:\/\/gentedebasquet.com.ar\/sitio\/#website","url":"https:\/\/gentedebasquet.com.ar\/sitio\/","name":"Gente de B\u00e1squet","description":"La revista del basquet de Bah\u00eda Blanca","potentialAction":[{"@type":"SearchAction","target":{"@type":"EntryPoint","urlTemplate":"https:\/\/gentedebasquet.com.ar\/sitio\/?s={search_term_string}"},"query-input":{"@type":"PropertyValueSpecification","valueRequired":true,"valueName":"search_term_string"}}],"inLanguage":"es"},{"@type":"Person","@id":"https:\/\/gentedebasquet.com.ar\/sitio\/#\/schema\/person\/bdfda4f76826a67711ffbc5c019867b1","name":"Mati Ortiz","image":{"@type":"ImageObject","inLanguage":"es","@id":"https:\/\/secure.gravatar.com\/avatar\/639f103875d0262257ad455ccde7a9fdf5a890a827f0e877d951e4fb1b0906e5?s=96&d=mm&r=g","url":"https:\/\/secure.gravatar.com\/avatar\/639f103875d0262257ad455ccde7a9fdf5a890a827f0e877d951e4fb1b0906e5?s=96&d=mm&r=g","contentUrl":"https:\/\/secure.gravatar.com\/avatar\/639f103875d0262257ad455ccde7a9fdf5a890a827f0e877d951e4fb1b0906e5?s=96&d=mm&r=g","caption":"Mati Ortiz"},"url":"https:\/\/gentedebasquet.com.ar\/sitio\/author\/mati-ortiz\/"}]}},"_links":{"self":[{"href":"https:\/\/gentedebasquet.com.ar\/sitio\/wp-json\/wp\/v2\/posts\/1074","targetHints":{"allow":["GET"]}}],"collection":[{"href":"https:\/\/gentedebasquet.com.ar\/sitio\/wp-json\/wp\/v2\/posts"}],"about":[{"href":"https:\/\/gentedebasquet.com.ar\/sitio\/wp-json\/wp\/v2\/types\/post"}],"author":[{"embeddable":true,"href":"https:\/\/gentedebasquet.com.ar\/sitio\/wp-json\/wp\/v2\/users\/5"}],"replies":[{"embeddable":true,"href":"https:\/\/gentedebasquet.com.ar\/sitio\/wp-json\/wp\/v2\/comments?post=1074"}],"version-history":[{"count":0,"href":"https:\/\/gentedebasquet.com.ar\/sitio\/wp-json\/wp\/v2\/posts\/1074\/revisions"}],"wp:attachment":[{"href":"https:\/\/gentedebasquet.com.ar\/sitio\/wp-json\/wp\/v2\/media?parent=1074"}],"wp:term":[{"taxonomy":"category","embeddable":true,"href":"https:\/\/gentedebasquet.com.ar\/sitio\/wp-json\/wp\/v2\/categories?post=1074"},{"taxonomy":"post_tag","embeddable":true,"href":"https:\/\/gentedebasquet.com.ar\/sitio\/wp-json\/wp\/v2\/tags?post=1074"}],"curies":[{"name":"wp","href":"https:\/\/api.w.org\/{rel}","templated":true}]}}