{"id":107482,"date":"2023-05-09T00:48:19","date_gmt":"2023-05-09T03:48:19","guid":{"rendered":"http:\/\/www.gentedebasquet.com.ar\/?p=107482"},"modified":"2023-05-09T00:48:19","modified_gmt":"2023-05-09T03:48:19","slug":"villa-mitre-festejo-el-primero-en-casa","status":"publish","type":"post","link":"https:\/\/gentedebasquet.com.ar\/sitio\/2023\/05\/09\/villa-mitre-festejo-el-primero-en-casa\/","title":{"rendered":"Villa Mitre festej\u00f3 el primero en casa"},"content":{"rendered":"\n<p><strong>Villa Mitre comenz\u00f3 con victoria la serie que define la continuidad en el torneo de Primera Divisi\u00f3n. Fue 85-79 sobre Estrella en el Jos\u00e9 Mart\u00ednez, con un buen Jano Mart\u00ednez (24pts) y buenas actuaciones de Bollo (15) y Alem (17).<\/strong><\/p>\n\n\n\n<p><strong>El primer cuarto fue parejo, desprolijo y con dos equipos intentando acomodarse al partido y al rival.<\/strong> Hubo un destacado por cada lado, <strong>Moreno en Villa Mitre y Carci en Estrella<\/strong>, ambos con 8 puntos. El visitante prob\u00f3 mucho desde el per\u00edmetro (3\/10), y el anfitri\u00f3n se hizo fuerte desde los tiros libres (9\/10, 6\/6 de Bollo). <strong>Los primeros diez se cerraron 21-22<\/strong> en favor del equipo de Deminicis.<\/p>\n\n\n\n<p><strong>En el segundo cuarto estiraron la ventaja los del Barrio San Mart\u00edn. <\/strong>Apareci\u00f3 su conductor, <strong>Juli\u00e1n Horvath, que anot\u00f3 10 puntos<\/strong>, con buenos ingresos de <strong>Pe\u00f1a y Banchero<\/strong>. En el \u00abtricolor\u00bb <strong>comenz\u00f3 a hacerse cargo de la ofensiva Jano Mart\u00ednez,<\/strong> que convirti\u00f3 8 unidades. Estrella cometi\u00f3 muchas faltas, que el local aprovech\u00f3 para sumar, anot\u00f3 10 de los 16 puntos del cuarto desde la l\u00ednea. <strong>Se fueron al descanso largo 37-43.<\/strong><\/p>\n\n\n\n<p><strong>El arranque del segundo tiempo fue friccionado<\/strong>, los jueces castigaron un poco m\u00e1s las acciones y actitudes de los jugadores, en total se\u00f1alaron tres t\u00e9cnicas y una falta antideportiva. <strong>Estrella aprovech\u00f3 los viajes a la l\u00ednea (11\/13 TL),<\/strong> pero su goleador no pudo mantener el buen momento, Horvath tir\u00f3 0\/5 en triples. Aun as\u00ed apareci\u00f3 <strong>Dami\u00e1n Carci, que con 7 unidades<\/strong> le permiti\u00f3 a su equipo seguir en ventaja de cara al \u00faltimo cuarto. <strong>En el local fue clave la figura de Alem<\/strong>, que anot\u00f3 10 puntos, sumado a buenos pasajes de Alfonso y Jano Mart\u00ednez. <strong>62-66 lo cerr\u00f3 Estrella.<\/strong><\/p>\n\n\n\n<p><strong>El \u00faltimo parcial de Villa Mitre fue muy bueno<\/strong>, aprovechando nuevamente los tiros libres (11\/12). <strong>Estrella se sec\u00f3 desde el per\u00edmetro (1\/10 en triples).<\/strong> El local logr\u00f3 ponerse en ventaja cuando faltaban apenas tres minutos, <strong>no estaba arriba en el tanteador desde el arranque del segundo cuarto.<\/strong> La jerarqu\u00eda de Bollo, Jano Mart\u00ednez y Monteoliva le permitieron al \u00abtricolor\u00bb resguardar la ventaja, mientras que Estrella agotaba sus posibilidades viendo como sus mejores jugadores dejaban el terreno de juego con cinco faltas. <strong>Una serie de libres convertidos por Bollo, Jano y Alem le dieron el 85-79 final a Villa Mitre.<\/strong><\/p>\n\n\n\n<figure class=\"wp-block-image size-full\"><a href=\"http:\/\/www.gentedebasquet.com.ar\/wp-content\/uploads\/2023\/03\/Gif-Publicidades-1-1.gif\"><img decoding=\"async\" width=\"300\" height=\"250\" src=\"http:\/\/www.gentedebasquet.com.ar\/wp-content\/uploads\/2023\/03\/Gif-Publicidades-1-1.gif\" alt=\"\" class=\"wp-image-106167\"\/><\/a><\/figure>\n\n\n\n<figure class=\"wp-block-embed is-type-video is-provider-youtube wp-block-embed-youtube wp-embed-aspect-16-9 wp-has-aspect-ratio\"><div class=\"wp-block-embed__wrapper\">\nhttps:\/\/youtu.be\/BTj7ioj71Wg\n<\/div><\/figure>\n\n\n\n<figure class=\"wp-block-image size-full\"><a href=\"http:\/\/www.gentedebasquet.com.ar\/wp-content\/uploads\/2023\/03\/Gif-Publicidades-2-1.gif\"><img decoding=\"async\" width=\"300\" height=\"250\" src=\"http:\/\/www.gentedebasquet.com.ar\/wp-content\/uploads\/2023\/03\/Gif-Publicidades-2-1.gif\" alt=\"\" class=\"wp-image-106168\"\/><\/a><\/figure>\n\n\n\n<figure class=\"wp-block-image size-large\"><a href=\"http:\/\/www.gentedebasquet.com.ar\/wp-content\/uploads\/2023\/05\/MVP-jano-martinez-vm.png\"><img decoding=\"async\" width=\"1024\" height=\"1024\" src=\"http:\/\/www.gentedebasquet.com.ar\/wp-content\/uploads\/2023\/05\/MVP-jano-martinez-vm-1024x1024.png\" alt=\"\" class=\"wp-image-107487\" srcset=\"https:\/\/gentedebasquet.com.ar\/sitio\/wp-content\/uploads\/2023\/05\/MVP-jano-martinez-vm-1024x1024.png 1024w, https:\/\/gentedebasquet.com.ar\/sitio\/wp-content\/uploads\/2023\/05\/MVP-jano-martinez-vm-300x300.png 300w, https:\/\/gentedebasquet.com.ar\/sitio\/wp-content\/uploads\/2023\/05\/MVP-jano-martinez-vm-150x150.png 150w, https:\/\/gentedebasquet.com.ar\/sitio\/wp-content\/uploads\/2023\/05\/MVP-jano-martinez-vm-768x768.png 768w, https:\/\/gentedebasquet.com.ar\/sitio\/wp-content\/uploads\/2023\/05\/MVP-jano-martinez-vm-1536x1536.png 1536w, https:\/\/gentedebasquet.com.ar\/sitio\/wp-content\/uploads\/2023\/05\/MVP-jano-martinez-vm.png 2000w\" sizes=\"(max-width: 1024px) 100vw, 1024px\" \/><\/a><\/figure>\n\n\n\n<figure class=\"wp-block-image size-full\"><a href=\"http:\/\/www.gentedebasquet.com.ar\/wp-content\/uploads\/2023\/05\/figura-jano-martinez-vm.jpg\"><img decoding=\"async\" width=\"640\" height=\"480\" src=\"http:\/\/www.gentedebasquet.com.ar\/wp-content\/uploads\/2023\/05\/figura-jano-martinez-vm.jpg\" alt=\"\" class=\"wp-image-107486\" srcset=\"https:\/\/gentedebasquet.com.ar\/sitio\/wp-content\/uploads\/2023\/05\/figura-jano-martinez-vm.jpg 640w, https:\/\/gentedebasquet.com.ar\/sitio\/wp-content\/uploads\/2023\/05\/figura-jano-martinez-vm-300x225.jpg 300w\" sizes=\"(max-width: 640px) 100vw, 640px\" \/><\/a><\/figure>\n\n\n\n<blockquote class=\"wp-block-quote is-layout-flow wp-block-quote-is-layout-flow\">\n<p><\/p>\n<cite>El primer tiempo arrancamos estudiando el partido, en el entretiempo lo hablamos y salimos al tercer cuarto de otra manera, a correr y defender. Nuestro objetivo era otro, pero no lo pudimos cumplir, ahora hay que salir adelante y hacer lo mejor en esta serie para seguir en primera. <strong>Jano Mart\u00ednez, Villa Mitre.<\/strong><\/cite><\/blockquote>\n\n\n\n<figure class=\"wp-block-image size-full\"><a href=\"http:\/\/www.gentedebasquet.com.ar\/wp-content\/uploads\/2023\/03\/Gif-Publicidades-33.gif\"><img decoding=\"async\" width=\"300\" height=\"250\" src=\"http:\/\/www.gentedebasquet.com.ar\/wp-content\/uploads\/2023\/03\/Gif-Publicidades-33.gif\" alt=\"\" class=\"wp-image-106174\"\/><\/a><\/figure>\n\n\n\n<p><strong>S\u00edntesis \u2013 Primera \u2013 Permanencia &#8211; Juego #1<\/strong><\/p>\n\n\n\n<p><strong>Villa Mitre 85:<\/strong>\u00a0Jano Mart\u00ednez 24, Fernando Alfonso 6 (x), Ignacio Moreno 11, Ignacio Alem 17, Javier Bollo 15 <strong>(FI)<\/strong>; Mat\u00edas Monteoliva 3, Manuel Iglesias 3, Juli\u00e1n Kloster 5, Valent\u00edn Ruibal 0, Leonardo Tard\u00edo 1, Fausto De Paoli 0, Alejo Blanco. <strong>DT: Sebasti\u00e1n Acosta.<\/strong><\/p>\n\n\n\n<p><strong><strong>Estrella 79:<\/strong><\/strong> Juli\u00e1n Horvath 21, Dami\u00e1n Carci 19, Mat\u00edas Specogna 4 (x), Santiago Quiroga 9 (x), Nahuel C\u00e1mara 7\u00a0<strong>(FI)<\/strong>\u00a0Tiago Frutos, Tom\u00e1s Pe\u00f1a 3, Federico Mac\u00edas 0, Gustavo Banchero 9 (x), Federico Lambrecht 3, Fausto Herrera 0, Gonzalo Oyarzo 3. <strong>DT: Luciano Deminicis.<\/strong><\/p>\n\n\n\n<p><strong>Parciales<\/strong>: 21-22, 37-43 (16-21), 62-66 (25-23), 85-79 (23-13)<\/p>\n\n\n\n<p><strong>\u00c1rbitros<\/strong>: Marjorie Stuardo &#8211; Mauro Reyes &#8211; Nicol\u00e1s Larrasolo<\/p>\n\n\n\n<p><strong>Estadio:<\/strong> Jos\u00e9 Mart\u00ednez (Villa Mitre)<\/p>\n\n\n\n<p><strong>Serie:<\/strong> Villa Mitre 1-0<\/p>\n\n\n\n<p><a href=\"https:\/\/fibalivestats.dcd.shared.geniussports.com\/u\/ABB\/2271568\/\" data-type=\"URL\" data-id=\"https:\/\/fibalivestats.dcd.shared.geniussports.com\/u\/ABB\/2271568\/\" target=\"_blank\" rel=\"noreferrer noopener\">ESTAD\u00cdSTICAS OFICIALES<\/a><\/p>\n\n\n\n<figure class=\"wp-block-image size-full\"><a href=\"http:\/\/www.gentedebasquet.com.ar\/wp-content\/uploads\/2023\/03\/Gif-Publicidades-5correct.gif\"><img decoding=\"async\" width=\"300\" height=\"250\" src=\"http:\/\/www.gentedebasquet.com.ar\/wp-content\/uploads\/2023\/03\/Gif-Publicidades-5correct.gif\" alt=\"\" class=\"wp-image-106173\"\/><\/a><\/figure>\n\n\n\n<figure class=\"wp-block-image size-large\"><a href=\"http:\/\/www.gentedebasquet.com.ar\/wp-content\/uploads\/2023\/05\/CLAVE-vm-estrella.png\"><img decoding=\"async\" width=\"1024\" height=\"1024\" src=\"http:\/\/www.gentedebasquet.com.ar\/wp-content\/uploads\/2023\/05\/CLAVE-vm-estrella-1024x1024.png\" alt=\"\" class=\"wp-image-107488\" srcset=\"https:\/\/gentedebasquet.com.ar\/sitio\/wp-content\/uploads\/2023\/05\/CLAVE-vm-estrella-1024x1024.png 1024w, https:\/\/gentedebasquet.com.ar\/sitio\/wp-content\/uploads\/2023\/05\/CLAVE-vm-estrella-300x300.png 300w, https:\/\/gentedebasquet.com.ar\/sitio\/wp-content\/uploads\/2023\/05\/CLAVE-vm-estrella-150x150.png 150w, https:\/\/gentedebasquet.com.ar\/sitio\/wp-content\/uploads\/2023\/05\/CLAVE-vm-estrella-768x768.png 768w, https:\/\/gentedebasquet.com.ar\/sitio\/wp-content\/uploads\/2023\/05\/CLAVE-vm-estrella-1536x1536.png 1536w, https:\/\/gentedebasquet.com.ar\/sitio\/wp-content\/uploads\/2023\/05\/CLAVE-vm-estrella.png 2000w\" sizes=\"(max-width: 1024px) 100vw, 1024px\" \/><\/a><\/figure>\n\n\n\n<figure class=\"wp-block-image size-full\"><a href=\"http:\/\/www.gentedebasquet.com.ar\/wp-content\/uploads\/2023\/05\/secundaria-vm-estrella.jpg\"><img decoding=\"async\" width=\"640\" height=\"480\" src=\"http:\/\/www.gentedebasquet.com.ar\/wp-content\/uploads\/2023\/05\/secundaria-vm-estrella.jpg\" alt=\"\" class=\"wp-image-107489\" srcset=\"https:\/\/gentedebasquet.com.ar\/sitio\/wp-content\/uploads\/2023\/05\/secundaria-vm-estrella.jpg 640w, https:\/\/gentedebasquet.com.ar\/sitio\/wp-content\/uploads\/2023\/05\/secundaria-vm-estrella-300x225.jpg 300w\" sizes=\"(max-width: 640px) 100vw, 640px\" \/><\/a><\/figure>\n","protected":false},"excerpt":{"rendered":"<p>Villa Mitre comenz\u00f3 con victoria la serie que define la continuidad en el torneo de Primera Divisi\u00f3n. Fue 85-79 sobre Estrella en el Jos\u00e9 Mart\u00ednez, con un buen Jano Mart\u00ednez (24pts) y buenas actuaciones de Bollo (15) y Alem (17). El primer cuarto fue parejo, desprolijo y con dos equipos intentando acomodarse al partido y [&hellip;]<\/p>\n","protected":false},"author":1,"featured_media":107490,"comment_status":"closed","ping_status":"open","sticky":false,"template":"","format":"standard","meta":{"jnews-multi-image_gallery":[],"jnews_single_post":[],"jnews_primary_category":[],"footnotes":""},"categories":[23,101],"tags":[10,1394,1169,508,22],"class_list":["post-107482","post","type-post","status-publish","format-standard","has-post-thumbnail","hentry","category-primera","category-slide","tag-estrella","tag-jano-martinez","tag-primera","tag-primera-division","tag-villa-mitre"],"yoast_head":"<!-- This site is optimized with the Yoast SEO plugin v27.5 - https:\/\/yoast.com\/product\/yoast-seo-wordpress\/ -->\n<title>Villa Mitre festej\u00f3 el primero en casa - Gente de B\u00e1squet<\/title>\n<meta name=\"robots\" content=\"index, follow, max-snippet:-1, max-image-preview:large, max-video-preview:-1\" \/>\n<link rel=\"canonical\" href=\"http:\/\/gentedebasquet.com.ar\/sitio\/2023\/05\/09\/villa-mitre-festejo-el-primero-en-casa\/\" \/>\n<meta property=\"og:locale\" content=\"es_ES\" \/>\n<meta property=\"og:type\" content=\"article\" \/>\n<meta property=\"og:title\" content=\"Villa Mitre festej\u00f3 el primero en casa - Gente de B\u00e1squet\" \/>\n<meta property=\"og:description\" content=\"Villa Mitre comenz\u00f3 con victoria la serie que define la continuidad en el torneo de Primera Divisi\u00f3n. Fue 85-79 sobre Estrella en el Jos\u00e9 Mart\u00ednez, con un buen Jano Mart\u00ednez (24pts) y buenas actuaciones de Bollo (15) y Alem (17). El primer cuarto fue parejo, desprolijo y con dos equipos intentando acomodarse al partido y [&hellip;]\" \/>\n<meta property=\"og:url\" content=\"http:\/\/gentedebasquet.com.ar\/sitio\/2023\/05\/09\/villa-mitre-festejo-el-primero-en-casa\/\" \/>\n<meta property=\"og:site_name\" content=\"Gente de B\u00e1squet\" \/>\n<meta property=\"article:published_time\" content=\"2023-05-09T03:48:19+00:00\" \/>\n<meta property=\"og:image\" content=\"http:\/\/gentedebasquet.com.ar\/sitio\/wp-content\/uploads\/2023\/05\/principal-vm-estrella.jpg\" \/>\n\t<meta property=\"og:image:width\" content=\"690\" \/>\n\t<meta property=\"og:image:height\" content=\"319\" \/>\n\t<meta property=\"og:image:type\" content=\"image\/jpeg\" \/>\n<meta name=\"author\" content=\"Gente de B\u00e1squet\" \/>\n<meta name=\"twitter:card\" content=\"summary_large_image\" \/>\n<meta name=\"twitter:label1\" content=\"Escrito por\" \/>\n\t<meta name=\"twitter:data1\" content=\"Gente de B\u00e1squet\" \/>\n\t<meta name=\"twitter:label2\" content=\"Tiempo de lectura\" \/>\n\t<meta name=\"twitter:data2\" content=\"3 minutos\" \/>\n<script type=\"application\/ld+json\" class=\"yoast-schema-graph\">{\"@context\":\"https:\\\/\\\/schema.org\",\"@graph\":[{\"@type\":\"Article\",\"@id\":\"http:\\\/\\\/gentedebasquet.com.ar\\\/sitio\\\/2023\\\/05\\\/09\\\/villa-mitre-festejo-el-primero-en-casa\\\/#article\",\"isPartOf\":{\"@id\":\"http:\\\/\\\/gentedebasquet.com.ar\\\/sitio\\\/2023\\\/05\\\/09\\\/villa-mitre-festejo-el-primero-en-casa\\\/\"},\"author\":{\"name\":\"Gente de B\u00e1squet\",\"@id\":\"https:\\\/\\\/gentedebasquet.com.ar\\\/sitio\\\/#\\\/schema\\\/person\\\/ca0b63bbb977369988a7bbbdc519943a\"},\"headline\":\"Villa Mitre festej\u00f3 el primero en casa\",\"datePublished\":\"2023-05-09T03:48:19+00:00\",\"mainEntityOfPage\":{\"@id\":\"http:\\\/\\\/gentedebasquet.com.ar\\\/sitio\\\/2023\\\/05\\\/09\\\/villa-mitre-festejo-el-primero-en-casa\\\/\"},\"wordCount\":563,\"image\":{\"@id\":\"http:\\\/\\\/gentedebasquet.com.ar\\\/sitio\\\/2023\\\/05\\\/09\\\/villa-mitre-festejo-el-primero-en-casa\\\/#primaryimage\"},\"thumbnailUrl\":\"https:\\\/\\\/gentedebasquet.com.ar\\\/sitio\\\/wp-content\\\/uploads\\\/2023\\\/05\\\/principal-vm-estrella.jpg\",\"keywords\":[\"Estrella\",\"Jano Mart\u00ednez\",\"Primera\",\"Primera Divisi\u00f3n\",\"Villa Mitre\"],\"articleSection\":[\"Primera\",\"Slide\"],\"inLanguage\":\"es\"},{\"@type\":\"WebPage\",\"@id\":\"http:\\\/\\\/gentedebasquet.com.ar\\\/sitio\\\/2023\\\/05\\\/09\\\/villa-mitre-festejo-el-primero-en-casa\\\/\",\"url\":\"http:\\\/\\\/gentedebasquet.com.ar\\\/sitio\\\/2023\\\/05\\\/09\\\/villa-mitre-festejo-el-primero-en-casa\\\/\",\"name\":\"Villa Mitre festej\u00f3 el primero en casa - Gente de B\u00e1squet\",\"isPartOf\":{\"@id\":\"https:\\\/\\\/gentedebasquet.com.ar\\\/sitio\\\/#website\"},\"primaryImageOfPage\":{\"@id\":\"http:\\\/\\\/gentedebasquet.com.ar\\\/sitio\\\/2023\\\/05\\\/09\\\/villa-mitre-festejo-el-primero-en-casa\\\/#primaryimage\"},\"image\":{\"@id\":\"http:\\\/\\\/gentedebasquet.com.ar\\\/sitio\\\/2023\\\/05\\\/09\\\/villa-mitre-festejo-el-primero-en-casa\\\/#primaryimage\"},\"thumbnailUrl\":\"https:\\\/\\\/gentedebasquet.com.ar\\\/sitio\\\/wp-content\\\/uploads\\\/2023\\\/05\\\/principal-vm-estrella.jpg\",\"datePublished\":\"2023-05-09T03:48:19+00:00\",\"author\":{\"@id\":\"https:\\\/\\\/gentedebasquet.com.ar\\\/sitio\\\/#\\\/schema\\\/person\\\/ca0b63bbb977369988a7bbbdc519943a\"},\"breadcrumb\":{\"@id\":\"http:\\\/\\\/gentedebasquet.com.ar\\\/sitio\\\/2023\\\/05\\\/09\\\/villa-mitre-festejo-el-primero-en-casa\\\/#breadcrumb\"},\"inLanguage\":\"es\",\"potentialAction\":[{\"@type\":\"ReadAction\",\"target\":[\"http:\\\/\\\/gentedebasquet.com.ar\\\/sitio\\\/2023\\\/05\\\/09\\\/villa-mitre-festejo-el-primero-en-casa\\\/\"]}]},{\"@type\":\"ImageObject\",\"inLanguage\":\"es\",\"@id\":\"http:\\\/\\\/gentedebasquet.com.ar\\\/sitio\\\/2023\\\/05\\\/09\\\/villa-mitre-festejo-el-primero-en-casa\\\/#primaryimage\",\"url\":\"https:\\\/\\\/gentedebasquet.com.ar\\\/sitio\\\/wp-content\\\/uploads\\\/2023\\\/05\\\/principal-vm-estrella.jpg\",\"contentUrl\":\"https:\\\/\\\/gentedebasquet.com.ar\\\/sitio\\\/wp-content\\\/uploads\\\/2023\\\/05\\\/principal-vm-estrella.jpg\",\"width\":690,\"height\":319},{\"@type\":\"BreadcrumbList\",\"@id\":\"http:\\\/\\\/gentedebasquet.com.ar\\\/sitio\\\/2023\\\/05\\\/09\\\/villa-mitre-festejo-el-primero-en-casa\\\/#breadcrumb\",\"itemListElement\":[{\"@type\":\"ListItem\",\"position\":1,\"name\":\"Portada\",\"item\":\"https:\\\/\\\/gentedebasquet.com.ar\\\/sitio\\\/\"},{\"@type\":\"ListItem\",\"position\":2,\"name\":\"Villa Mitre festej\u00f3 el primero en casa\"}]},{\"@type\":\"WebSite\",\"@id\":\"https:\\\/\\\/gentedebasquet.com.ar\\\/sitio\\\/#website\",\"url\":\"https:\\\/\\\/gentedebasquet.com.ar\\\/sitio\\\/\",\"name\":\"Gente de B\u00e1squet\",\"description\":\"La revista del basquet de Bah\u00eda Blanca\",\"potentialAction\":[{\"@type\":\"SearchAction\",\"target\":{\"@type\":\"EntryPoint\",\"urlTemplate\":\"https:\\\/\\\/gentedebasquet.com.ar\\\/sitio\\\/?s={search_term_string}\"},\"query-input\":{\"@type\":\"PropertyValueSpecification\",\"valueRequired\":true,\"valueName\":\"search_term_string\"}}],\"inLanguage\":\"es\"},{\"@type\":\"Person\",\"@id\":\"https:\\\/\\\/gentedebasquet.com.ar\\\/sitio\\\/#\\\/schema\\\/person\\\/ca0b63bbb977369988a7bbbdc519943a\",\"name\":\"Gente de B\u00e1squet\",\"image\":{\"@type\":\"ImageObject\",\"inLanguage\":\"es\",\"@id\":\"https:\\\/\\\/secure.gravatar.com\\\/avatar\\\/7f2c48bdc33b30088f941fb6082e555f2874c98e20cb159d7b92b50eadfce793?s=96&d=mm&r=g\",\"url\":\"https:\\\/\\\/secure.gravatar.com\\\/avatar\\\/7f2c48bdc33b30088f941fb6082e555f2874c98e20cb159d7b92b50eadfce793?s=96&d=mm&r=g\",\"contentUrl\":\"https:\\\/\\\/secure.gravatar.com\\\/avatar\\\/7f2c48bdc33b30088f941fb6082e555f2874c98e20cb159d7b92b50eadfce793?s=96&d=mm&r=g\",\"caption\":\"Gente de B\u00e1squet\"},\"sameAs\":[\"http:\\\/\\\/gentedebasquet.com.ar\\\/sitio\"],\"url\":\"https:\\\/\\\/gentedebasquet.com.ar\\\/sitio\\\/author\\\/ulises\\\/\"}]}<\/script>\n<!-- \/ Yoast SEO plugin. -->","yoast_head_json":{"title":"Villa Mitre festej\u00f3 el primero en casa - Gente de B\u00e1squet","robots":{"index":"index","follow":"follow","max-snippet":"max-snippet:-1","max-image-preview":"max-image-preview:large","max-video-preview":"max-video-preview:-1"},"canonical":"http:\/\/gentedebasquet.com.ar\/sitio\/2023\/05\/09\/villa-mitre-festejo-el-primero-en-casa\/","og_locale":"es_ES","og_type":"article","og_title":"Villa Mitre festej\u00f3 el primero en casa - Gente de B\u00e1squet","og_description":"Villa Mitre comenz\u00f3 con victoria la serie que define la continuidad en el torneo de Primera Divisi\u00f3n. Fue 85-79 sobre Estrella en el Jos\u00e9 Mart\u00ednez, con un buen Jano Mart\u00ednez (24pts) y buenas actuaciones de Bollo (15) y Alem (17). El primer cuarto fue parejo, desprolijo y con dos equipos intentando acomodarse al partido y [&hellip;]","og_url":"http:\/\/gentedebasquet.com.ar\/sitio\/2023\/05\/09\/villa-mitre-festejo-el-primero-en-casa\/","og_site_name":"Gente de B\u00e1squet","article_published_time":"2023-05-09T03:48:19+00:00","og_image":[{"width":690,"height":319,"url":"http:\/\/gentedebasquet.com.ar\/sitio\/wp-content\/uploads\/2023\/05\/principal-vm-estrella.jpg","type":"image\/jpeg"}],"author":"Gente de B\u00e1squet","twitter_card":"summary_large_image","twitter_misc":{"Escrito por":"Gente de B\u00e1squet","Tiempo de lectura":"3 minutos"},"schema":{"@context":"https:\/\/schema.org","@graph":[{"@type":"Article","@id":"http:\/\/gentedebasquet.com.ar\/sitio\/2023\/05\/09\/villa-mitre-festejo-el-primero-en-casa\/#article","isPartOf":{"@id":"http:\/\/gentedebasquet.com.ar\/sitio\/2023\/05\/09\/villa-mitre-festejo-el-primero-en-casa\/"},"author":{"name":"Gente de B\u00e1squet","@id":"https:\/\/gentedebasquet.com.ar\/sitio\/#\/schema\/person\/ca0b63bbb977369988a7bbbdc519943a"},"headline":"Villa Mitre festej\u00f3 el primero en casa","datePublished":"2023-05-09T03:48:19+00:00","mainEntityOfPage":{"@id":"http:\/\/gentedebasquet.com.ar\/sitio\/2023\/05\/09\/villa-mitre-festejo-el-primero-en-casa\/"},"wordCount":563,"image":{"@id":"http:\/\/gentedebasquet.com.ar\/sitio\/2023\/05\/09\/villa-mitre-festejo-el-primero-en-casa\/#primaryimage"},"thumbnailUrl":"https:\/\/gentedebasquet.com.ar\/sitio\/wp-content\/uploads\/2023\/05\/principal-vm-estrella.jpg","keywords":["Estrella","Jano Mart\u00ednez","Primera","Primera Divisi\u00f3n","Villa Mitre"],"articleSection":["Primera","Slide"],"inLanguage":"es"},{"@type":"WebPage","@id":"http:\/\/gentedebasquet.com.ar\/sitio\/2023\/05\/09\/villa-mitre-festejo-el-primero-en-casa\/","url":"http:\/\/gentedebasquet.com.ar\/sitio\/2023\/05\/09\/villa-mitre-festejo-el-primero-en-casa\/","name":"Villa Mitre festej\u00f3 el primero en casa - Gente de B\u00e1squet","isPartOf":{"@id":"https:\/\/gentedebasquet.com.ar\/sitio\/#website"},"primaryImageOfPage":{"@id":"http:\/\/gentedebasquet.com.ar\/sitio\/2023\/05\/09\/villa-mitre-festejo-el-primero-en-casa\/#primaryimage"},"image":{"@id":"http:\/\/gentedebasquet.com.ar\/sitio\/2023\/05\/09\/villa-mitre-festejo-el-primero-en-casa\/#primaryimage"},"thumbnailUrl":"https:\/\/gentedebasquet.com.ar\/sitio\/wp-content\/uploads\/2023\/05\/principal-vm-estrella.jpg","datePublished":"2023-05-09T03:48:19+00:00","author":{"@id":"https:\/\/gentedebasquet.com.ar\/sitio\/#\/schema\/person\/ca0b63bbb977369988a7bbbdc519943a"},"breadcrumb":{"@id":"http:\/\/gentedebasquet.com.ar\/sitio\/2023\/05\/09\/villa-mitre-festejo-el-primero-en-casa\/#breadcrumb"},"inLanguage":"es","potentialAction":[{"@type":"ReadAction","target":["http:\/\/gentedebasquet.com.ar\/sitio\/2023\/05\/09\/villa-mitre-festejo-el-primero-en-casa\/"]}]},{"@type":"ImageObject","inLanguage":"es","@id":"http:\/\/gentedebasquet.com.ar\/sitio\/2023\/05\/09\/villa-mitre-festejo-el-primero-en-casa\/#primaryimage","url":"https:\/\/gentedebasquet.com.ar\/sitio\/wp-content\/uploads\/2023\/05\/principal-vm-estrella.jpg","contentUrl":"https:\/\/gentedebasquet.com.ar\/sitio\/wp-content\/uploads\/2023\/05\/principal-vm-estrella.jpg","width":690,"height":319},{"@type":"BreadcrumbList","@id":"http:\/\/gentedebasquet.com.ar\/sitio\/2023\/05\/09\/villa-mitre-festejo-el-primero-en-casa\/#breadcrumb","itemListElement":[{"@type":"ListItem","position":1,"name":"Portada","item":"https:\/\/gentedebasquet.com.ar\/sitio\/"},{"@type":"ListItem","position":2,"name":"Villa Mitre festej\u00f3 el primero en casa"}]},{"@type":"WebSite","@id":"https:\/\/gentedebasquet.com.ar\/sitio\/#website","url":"https:\/\/gentedebasquet.com.ar\/sitio\/","name":"Gente de B\u00e1squet","description":"La revista del basquet de Bah\u00eda Blanca","potentialAction":[{"@type":"SearchAction","target":{"@type":"EntryPoint","urlTemplate":"https:\/\/gentedebasquet.com.ar\/sitio\/?s={search_term_string}"},"query-input":{"@type":"PropertyValueSpecification","valueRequired":true,"valueName":"search_term_string"}}],"inLanguage":"es"},{"@type":"Person","@id":"https:\/\/gentedebasquet.com.ar\/sitio\/#\/schema\/person\/ca0b63bbb977369988a7bbbdc519943a","name":"Gente de B\u00e1squet","image":{"@type":"ImageObject","inLanguage":"es","@id":"https:\/\/secure.gravatar.com\/avatar\/7f2c48bdc33b30088f941fb6082e555f2874c98e20cb159d7b92b50eadfce793?s=96&d=mm&r=g","url":"https:\/\/secure.gravatar.com\/avatar\/7f2c48bdc33b30088f941fb6082e555f2874c98e20cb159d7b92b50eadfce793?s=96&d=mm&r=g","contentUrl":"https:\/\/secure.gravatar.com\/avatar\/7f2c48bdc33b30088f941fb6082e555f2874c98e20cb159d7b92b50eadfce793?s=96&d=mm&r=g","caption":"Gente de B\u00e1squet"},"sameAs":["http:\/\/gentedebasquet.com.ar\/sitio"],"url":"https:\/\/gentedebasquet.com.ar\/sitio\/author\/ulises\/"}]}},"_links":{"self":[{"href":"https:\/\/gentedebasquet.com.ar\/sitio\/wp-json\/wp\/v2\/posts\/107482","targetHints":{"allow":["GET"]}}],"collection":[{"href":"https:\/\/gentedebasquet.com.ar\/sitio\/wp-json\/wp\/v2\/posts"}],"about":[{"href":"https:\/\/gentedebasquet.com.ar\/sitio\/wp-json\/wp\/v2\/types\/post"}],"author":[{"embeddable":true,"href":"https:\/\/gentedebasquet.com.ar\/sitio\/wp-json\/wp\/v2\/users\/1"}],"replies":[{"embeddable":true,"href":"https:\/\/gentedebasquet.com.ar\/sitio\/wp-json\/wp\/v2\/comments?post=107482"}],"version-history":[{"count":0,"href":"https:\/\/gentedebasquet.com.ar\/sitio\/wp-json\/wp\/v2\/posts\/107482\/revisions"}],"wp:featuredmedia":[{"embeddable":true,"href":"https:\/\/gentedebasquet.com.ar\/sitio\/wp-json\/wp\/v2\/media\/107490"}],"wp:attachment":[{"href":"https:\/\/gentedebasquet.com.ar\/sitio\/wp-json\/wp\/v2\/media?parent=107482"}],"wp:term":[{"taxonomy":"category","embeddable":true,"href":"https:\/\/gentedebasquet.com.ar\/sitio\/wp-json\/wp\/v2\/categories?post=107482"},{"taxonomy":"post_tag","embeddable":true,"href":"https:\/\/gentedebasquet.com.ar\/sitio\/wp-json\/wp\/v2\/tags?post=107482"}],"curies":[{"name":"wp","href":"https:\/\/api.w.org\/{rel}","templated":true}]}}