{"id":107654,"date":"2023-05-16T23:58:00","date_gmt":"2023-05-17T02:58:00","guid":{"rendered":"https:\/\/www.gentedebasquet.com.ar\/?p=107654"},"modified":"2023-05-16T23:58:00","modified_gmt":"2023-05-17T02:58:00","slug":"hay-quinto-por-el-ascenso","status":"publish","type":"post","link":"https:\/\/gentedebasquet.com.ar\/sitio\/2023\/05\/16\/hay-quinto-por-el-ascenso\/","title":{"rendered":"Hay quinto por el ascenso"},"content":{"rendered":"\n<p><em>9 de Julio se dio la chance de definir las finales de Segunda en un quinto y definitivo encuentro, tras vencer a Pac\u00edfico por 71 a 64, en el Osvaldo Casanova. Con la eliminatoria igualada en dos, la definici\u00f3n ser\u00e1 el pr\u00f3ximo viernes.<\/em><\/p>\n\n\n\n<p><em>Con la obligaci\u00f3n de ganar, 9 de Julio inici\u00f3 11 a 2 arriba, el verde reaccion\u00f3 r\u00e1pido y pas\u00f3 al frente en el 2C (27-37). El juego lleg\u00f3 igualado en 56 a falta de 7m12, conversiones a distancia consecutivas le dieron el liderazgo a 9, que domin\u00f3 hasta el cierre del juego.<\/em><\/p>\n\n\n\n<p><em>Alan Prost con 24 unidades y Sebasti\u00e1n Villegas con 19, fueron los destacados del ganador; en Pac\u00edfico Branco Salvatori y Bautista Olivera anotaron 14 puntos.<\/em><\/p>\n\n\n\n<p>Con determinaci\u00f3n inici\u00f3 el juego 9, encontr\u00f3 espacios en ofensiva para tomar buenos lanzamientos y tener efectividad con Bisterfield (6) como v\u00eda de gol; atr\u00e1s dobl\u00f3 al juego interno, corto l\u00ednea de pase y se comprometi\u00f3 en el rebote, para escapar 11 a 2 en 3m53.<\/p>\n\n\n\n<p>El verde anot\u00f3 de cancha tras ocho intentos y 5m27 de juego. Forz\u00f3 acciones que lo llevaron a un bajo porcentaje, para el cierre las segundas oportunidades le permitieron engrosar su goleo e irse abajo, 17 a 12.<\/p>\n\n\n\n<p>La respuesta del visitante estuvo en el banco. Pac\u00edfico anot\u00f3 25 unidades en el segundo segmento, de los cuales 22 provinieron de jugadores que saltaron desde la banca.<\/p>\n\n\n\n<p>Encontr\u00f3 el tiro exterior con Wattson (6) y Olivera (10) y juego interno con Pisani (6); ante un 9 que se enred\u00f3, no tuvo fluidez en el juego estacionado y sufri\u00f3 las p\u00e9rdidas que cometi\u00f3 (6).<\/p>\n\n\n\n<p>Tras igualar el juego en 25 con 5m19 por jugar, el verde plasm\u00f3 parcial 8 a 0 (25-33) para tomar el liderazgo, que estir\u00f3 a doble digito al cierre del primer tiempo, 27-37.<\/p>\n\n\n\n<p>9 inici\u00f3 el complemento con ofensivas desde el posteo de Prost, Alan sum\u00f3 de espalda al aro, pero tambi\u00e9n gener\u00f3 para sus compa\u00f1eros. Con aciertos desde larga distancia y transiciones r\u00e1pidas, concret\u00f3 un parcial 16 a 5 en 4m26, para pasar al frente 43 a 42.<\/p>\n\n\n\n<p>Pacific\u00f3 aliment\u00f3 a Pisani que anot\u00f3 cerca del cesto y ante una defensa que lo permiti\u00f3, Salvatori castig\u00f3 a distancia por duplicado y dej\u00f3 al frente a su equipo, 50 a 54.<\/p>\n\n\n\n<p>De segundas oportunidades, 9 empat\u00f3 el juego en 56 con 7m12. Costa y Villegas anotaron desde larga distancia y el equipo de Roldan, tom\u00f3 el liderazgo (62-58) que no iba a dejar hasta la chicharra final.<\/p>\n\n\n\n<p>El verde se qued\u00f3 sin conversi\u00f3n de campo (2\/15) y sin segundas oportunidades, ante una defensa que se cerr\u00f3 y que con el ingreso de Boye, asegur\u00f3 el rebote.<\/p>\n\n\n\n<p>Adelante Gutierrez y Prost jugaron en pareja, corri\u00f3 con criterio y sum\u00f3 de ataques r\u00e1pidos y con un doble final de Luchetti sobre los 24s, sentenci\u00f3 el juego a falta de1m (71-64).<\/p>\n\n\n\n<figure class=\"wp-block-image size-full\"><a href=\"http:\/\/www.gentedebasquet.com.ar\/wp-content\/uploads\/2023\/03\/Gif-Publicidades-1-6.gif\"><img decoding=\"async\" width=\"300\" height=\"250\" src=\"http:\/\/www.gentedebasquet.com.ar\/wp-content\/uploads\/2023\/03\/Gif-Publicidades-1-6.gif\" alt=\"\" class=\"wp-image-106769\"\/><\/a><\/figure>\n\n\n\n<figure class=\"wp-block-embed is-type-rich is-provider-gestor-del-servicio wp-block-embed-gestor-del-servicio wp-embed-aspect-16-9 wp-has-aspect-ratio\"><div class=\"wp-block-embed__wrapper\">\nhttps:\/\/youtube.com\/watch?v=f4LRBkZISl0\n<\/div><\/figure>\n\n\n\n<figure class=\"wp-block-image size-full\"><a href=\"http:\/\/www.gentedebasquet.com.ar\/wp-content\/uploads\/2023\/03\/Gif-Publicidades-2-1-2.gif\"><img decoding=\"async\" width=\"300\" height=\"250\" src=\"http:\/\/www.gentedebasquet.com.ar\/wp-content\/uploads\/2023\/03\/Gif-Publicidades-2-1-2.gif\" alt=\"\" class=\"wp-image-106770\"\/><\/a><\/figure>\n\n\n\n<figure class=\"wp-block-image size-large\"><a href=\"https:\/\/www.gentedebasquet.com.ar\/wp-content\/uploads\/2023\/05\/MVP-9.jpg\"><img decoding=\"async\" width=\"1024\" height=\"1024\" src=\"https:\/\/www.gentedebasquet.com.ar\/wp-content\/uploads\/2023\/05\/MVP-9-1024x1024.jpg\" alt=\"\" class=\"wp-image-107656\" srcset=\"https:\/\/gentedebasquet.com.ar\/sitio\/wp-content\/uploads\/2023\/05\/MVP-9-1024x1024.jpg 1024w, https:\/\/gentedebasquet.com.ar\/sitio\/wp-content\/uploads\/2023\/05\/MVP-9-300x300.jpg 300w, https:\/\/gentedebasquet.com.ar\/sitio\/wp-content\/uploads\/2023\/05\/MVP-9-150x150.jpg 150w, https:\/\/gentedebasquet.com.ar\/sitio\/wp-content\/uploads\/2023\/05\/MVP-9-768x768.jpg 768w, https:\/\/gentedebasquet.com.ar\/sitio\/wp-content\/uploads\/2023\/05\/MVP-9-1536x1536.jpg 1536w, https:\/\/gentedebasquet.com.ar\/sitio\/wp-content\/uploads\/2023\/05\/MVP-9.jpg 2000w\" sizes=\"(max-width: 1024px) 100vw, 1024px\" \/><\/a><\/figure>\n\n\n\n<blockquote class=\"wp-block-quote is-layout-flow wp-block-quote-is-layout-flow\">\n<p><em>\u201cNo quedaba otra que salir a ganar. Arrancamos fuerte, pero tuvimos que aguantar la reacci\u00f3n de ellos y tenemos la chance de ir por todo al quinto. Defender fuerte y dejar todo son la clave del juego\u201d Alan Prost (9 de Julio)<\/em><\/p>\n<\/blockquote>\n\n\n\n<figure class=\"wp-block-image size-full\"><a href=\"http:\/\/www.gentedebasquet.com.ar\/wp-content\/uploads\/2023\/03\/Gif-Publicidades-33-2.gif\"><img decoding=\"async\" width=\"300\" height=\"250\" src=\"http:\/\/www.gentedebasquet.com.ar\/wp-content\/uploads\/2023\/03\/Gif-Publicidades-33-2.gif\" alt=\"\" class=\"wp-image-106774\"\/><\/a><\/figure>\n\n\n\n<p><strong>S\u00edntesis<\/strong> \u2013 Segunda Divisi\u00f3n \u2013 Semifinales \u2013 Juego #4 (+5)<\/p>\n\n\n\n<p><strong>9 de Julio 71<\/strong>: Jos\u00e9 Guti\u00e9rrez 11, Lucas Luchetti 5, Sebasti\u00e1n Villegas 19, Alan Prost 24, Christian Bisterfield 8 (FI); Santiago Boye 1, Emilio Boye 0, Ramiro Lorenzo 0, Albano Costa 3. DT: Emiliano Roldan.<\/p>\n\n\n\n<p><strong>Pac\u00edfico 64<\/strong>: Branco Salvatori 14, Tom\u00e1s Bussetti 3, I\u00f1aki Errazu 8, Santiago Loos 2, Pomar Garbarino 4 (FI); Facundo Wattson 9, Bautista Olivera 14, Genaro Pisani 10, Malmessi 0, Baltazar Dom\u00ednguez 0. DT: Andr\u00e9s Iannamico.<\/p>\n\n\n\n<p><strong>Parciales<\/strong>: 17-12, 27-37 (10-25), 50-54 (23-17), 71-64 (21-10).<\/p>\n\n\n\n<p><strong>\u00c1rbitros<\/strong>: Emanuel S\u00e1nchez \u2013 Sebasti\u00e1n Arcas \u2013 Sebasti\u00e1n Giannino.<\/p>\n\n\n\n<p><strong>Estadio<\/strong>: Osvaldo Casanova (Estudiantes).<\/p>\n\n\n\n<p><strong>Serie:<\/strong> 2-2.<\/p>\n\n\n\n<p><strong>Fotos y video: <\/strong>Santiago Guerrero.<\/p>\n\n\n\n<p><a href=\"https:\/\/fibalivestats.dcd.shared.geniussports.com\/u\/ABB\/2275539\/\">Ver planilla<\/a><\/p>\n\n\n\n<figure class=\"wp-block-image size-large\"><a href=\"https:\/\/www.gentedebasquet.com.ar\/wp-content\/uploads\/2023\/05\/CLAVE-9.jpg\"><img decoding=\"async\" width=\"1024\" height=\"1024\" src=\"https:\/\/www.gentedebasquet.com.ar\/wp-content\/uploads\/2023\/05\/CLAVE-9-1024x1024.jpg\" alt=\"\" class=\"wp-image-107657\" srcset=\"https:\/\/gentedebasquet.com.ar\/sitio\/wp-content\/uploads\/2023\/05\/CLAVE-9-1024x1024.jpg 1024w, https:\/\/gentedebasquet.com.ar\/sitio\/wp-content\/uploads\/2023\/05\/CLAVE-9-300x300.jpg 300w, https:\/\/gentedebasquet.com.ar\/sitio\/wp-content\/uploads\/2023\/05\/CLAVE-9-150x150.jpg 150w, https:\/\/gentedebasquet.com.ar\/sitio\/wp-content\/uploads\/2023\/05\/CLAVE-9-768x768.jpg 768w, https:\/\/gentedebasquet.com.ar\/sitio\/wp-content\/uploads\/2023\/05\/CLAVE-9-1536x1536.jpg 1536w, https:\/\/gentedebasquet.com.ar\/sitio\/wp-content\/uploads\/2023\/05\/CLAVE-9.jpg 2000w\" sizes=\"(max-width: 1024px) 100vw, 1024px\" \/><\/a><\/figure>\n\n\n\n<figure class=\"wp-block-image size-full\"><a href=\"http:\/\/www.gentedebasquet.com.ar\/wp-content\/uploads\/2023\/03\/Gif-Publicidades-5-5.gif\"><img decoding=\"async\" width=\"300\" height=\"250\" src=\"http:\/\/www.gentedebasquet.com.ar\/wp-content\/uploads\/2023\/03\/Gif-Publicidades-5-5.gif\" alt=\"\" class=\"wp-image-106773\"\/><\/a><\/figure>\n\n\n\n<figure class=\"wp-block-image size-full\"><a href=\"https:\/\/www.gentedebasquet.com.ar\/wp-content\/uploads\/2023\/05\/680-3.jpg\"><img decoding=\"async\" width=\"680\" height=\"480\" src=\"https:\/\/www.gentedebasquet.com.ar\/wp-content\/uploads\/2023\/05\/680-3.jpg\" alt=\"\" class=\"wp-image-107658\" srcset=\"https:\/\/gentedebasquet.com.ar\/sitio\/wp-content\/uploads\/2023\/05\/680-3.jpg 680w, https:\/\/gentedebasquet.com.ar\/sitio\/wp-content\/uploads\/2023\/05\/680-3-300x212.jpg 300w\" sizes=\"(max-width: 680px) 100vw, 680px\" \/><\/a><\/figure>\n","protected":false},"excerpt":{"rendered":"<p>9 de Julio venci\u00f3 a Pac\u00edfico (71-64), igual\u00f3 la serie y el ascenso se define el viernes.<\/p>\n","protected":false},"author":1,"featured_media":107661,"comment_status":"closed","ping_status":"open","sticky":false,"template":"","format":"standard","meta":{"jnews-multi-image_gallery":[],"jnews_single_post":[],"jnews_primary_category":[],"footnotes":""},"categories":[25,101],"tags":[2,1488,1386,1900],"class_list":["post-107654","post","type-post","status-publish","format-standard","has-post-thumbnail","hentry","category-segunda","category-slide","tag-9dejulio","tag-alan-prost","tag-branco-salvatori","tag-pacifico-2"],"yoast_head":"<!-- This site is optimized with the Yoast SEO plugin v27.5 - https:\/\/yoast.com\/product\/yoast-seo-wordpress\/ -->\n<title>Hay quinto por el ascenso - Gente de B\u00e1squet<\/title>\n<meta name=\"robots\" content=\"index, follow, max-snippet:-1, max-image-preview:large, max-video-preview:-1\" \/>\n<link rel=\"canonical\" href=\"https:\/\/gentedebasquet.com.ar\/sitio\/2023\/05\/16\/hay-quinto-por-el-ascenso\/\" \/>\n<meta property=\"og:locale\" content=\"es_ES\" \/>\n<meta property=\"og:type\" content=\"article\" \/>\n<meta property=\"og:title\" content=\"Hay quinto por el ascenso - Gente de B\u00e1squet\" \/>\n<meta property=\"og:description\" content=\"9 de Julio venci\u00f3 a Pac\u00edfico (71-64), igual\u00f3 la serie y el ascenso se define el viernes.\" \/>\n<meta property=\"og:url\" content=\"https:\/\/gentedebasquet.com.ar\/sitio\/2023\/05\/16\/hay-quinto-por-el-ascenso\/\" \/>\n<meta property=\"og:site_name\" content=\"Gente de B\u00e1squet\" \/>\n<meta property=\"article:published_time\" content=\"2023-05-17T02:58:00+00:00\" \/>\n<meta property=\"og:image\" content=\"https:\/\/gentedebasquet.com.ar\/sitio\/wp-content\/uploads\/2023\/05\/690-5.jpg\" \/>\n\t<meta property=\"og:image:width\" content=\"690\" \/>\n\t<meta property=\"og:image:height\" content=\"319\" \/>\n\t<meta property=\"og:image:type\" content=\"image\/jpeg\" \/>\n<meta name=\"author\" content=\"Gente de B\u00e1squet\" \/>\n<meta name=\"twitter:card\" content=\"summary_large_image\" \/>\n<meta name=\"twitter:label1\" content=\"Escrito por\" \/>\n\t<meta name=\"twitter:data1\" content=\"Gente de B\u00e1squet\" \/>\n\t<meta name=\"twitter:label2\" content=\"Tiempo de lectura\" \/>\n\t<meta name=\"twitter:data2\" content=\"3 minutos\" \/>\n<script type=\"application\/ld+json\" class=\"yoast-schema-graph\">{\"@context\":\"https:\\\/\\\/schema.org\",\"@graph\":[{\"@type\":\"Article\",\"@id\":\"https:\\\/\\\/gentedebasquet.com.ar\\\/sitio\\\/2023\\\/05\\\/16\\\/hay-quinto-por-el-ascenso\\\/#article\",\"isPartOf\":{\"@id\":\"https:\\\/\\\/gentedebasquet.com.ar\\\/sitio\\\/2023\\\/05\\\/16\\\/hay-quinto-por-el-ascenso\\\/\"},\"author\":{\"name\":\"Gente de B\u00e1squet\",\"@id\":\"https:\\\/\\\/gentedebasquet.com.ar\\\/sitio\\\/#\\\/schema\\\/person\\\/ca0b63bbb977369988a7bbbdc519943a\"},\"headline\":\"Hay quinto por el ascenso\",\"datePublished\":\"2023-05-17T02:58:00+00:00\",\"mainEntityOfPage\":{\"@id\":\"https:\\\/\\\/gentedebasquet.com.ar\\\/sitio\\\/2023\\\/05\\\/16\\\/hay-quinto-por-el-ascenso\\\/\"},\"wordCount\":605,\"image\":{\"@id\":\"https:\\\/\\\/gentedebasquet.com.ar\\\/sitio\\\/2023\\\/05\\\/16\\\/hay-quinto-por-el-ascenso\\\/#primaryimage\"},\"thumbnailUrl\":\"https:\\\/\\\/gentedebasquet.com.ar\\\/sitio\\\/wp-content\\\/uploads\\\/2023\\\/05\\\/690-5.jpg\",\"keywords\":[\"9 de Julio\",\"Alan Prost\",\"Branco Salvatori\",\"Pac\u00edfico\"],\"articleSection\":[\"Segunda\",\"Slide\"],\"inLanguage\":\"es\"},{\"@type\":\"WebPage\",\"@id\":\"https:\\\/\\\/gentedebasquet.com.ar\\\/sitio\\\/2023\\\/05\\\/16\\\/hay-quinto-por-el-ascenso\\\/\",\"url\":\"https:\\\/\\\/gentedebasquet.com.ar\\\/sitio\\\/2023\\\/05\\\/16\\\/hay-quinto-por-el-ascenso\\\/\",\"name\":\"Hay quinto por el ascenso - Gente de B\u00e1squet\",\"isPartOf\":{\"@id\":\"https:\\\/\\\/gentedebasquet.com.ar\\\/sitio\\\/#website\"},\"primaryImageOfPage\":{\"@id\":\"https:\\\/\\\/gentedebasquet.com.ar\\\/sitio\\\/2023\\\/05\\\/16\\\/hay-quinto-por-el-ascenso\\\/#primaryimage\"},\"image\":{\"@id\":\"https:\\\/\\\/gentedebasquet.com.ar\\\/sitio\\\/2023\\\/05\\\/16\\\/hay-quinto-por-el-ascenso\\\/#primaryimage\"},\"thumbnailUrl\":\"https:\\\/\\\/gentedebasquet.com.ar\\\/sitio\\\/wp-content\\\/uploads\\\/2023\\\/05\\\/690-5.jpg\",\"datePublished\":\"2023-05-17T02:58:00+00:00\",\"author\":{\"@id\":\"https:\\\/\\\/gentedebasquet.com.ar\\\/sitio\\\/#\\\/schema\\\/person\\\/ca0b63bbb977369988a7bbbdc519943a\"},\"breadcrumb\":{\"@id\":\"https:\\\/\\\/gentedebasquet.com.ar\\\/sitio\\\/2023\\\/05\\\/16\\\/hay-quinto-por-el-ascenso\\\/#breadcrumb\"},\"inLanguage\":\"es\",\"potentialAction\":[{\"@type\":\"ReadAction\",\"target\":[\"https:\\\/\\\/gentedebasquet.com.ar\\\/sitio\\\/2023\\\/05\\\/16\\\/hay-quinto-por-el-ascenso\\\/\"]}]},{\"@type\":\"ImageObject\",\"inLanguage\":\"es\",\"@id\":\"https:\\\/\\\/gentedebasquet.com.ar\\\/sitio\\\/2023\\\/05\\\/16\\\/hay-quinto-por-el-ascenso\\\/#primaryimage\",\"url\":\"https:\\\/\\\/gentedebasquet.com.ar\\\/sitio\\\/wp-content\\\/uploads\\\/2023\\\/05\\\/690-5.jpg\",\"contentUrl\":\"https:\\\/\\\/gentedebasquet.com.ar\\\/sitio\\\/wp-content\\\/uploads\\\/2023\\\/05\\\/690-5.jpg\",\"width\":690,\"height\":319},{\"@type\":\"BreadcrumbList\",\"@id\":\"https:\\\/\\\/gentedebasquet.com.ar\\\/sitio\\\/2023\\\/05\\\/16\\\/hay-quinto-por-el-ascenso\\\/#breadcrumb\",\"itemListElement\":[{\"@type\":\"ListItem\",\"position\":1,\"name\":\"Portada\",\"item\":\"https:\\\/\\\/gentedebasquet.com.ar\\\/sitio\\\/\"},{\"@type\":\"ListItem\",\"position\":2,\"name\":\"Hay quinto por el ascenso\"}]},{\"@type\":\"WebSite\",\"@id\":\"https:\\\/\\\/gentedebasquet.com.ar\\\/sitio\\\/#website\",\"url\":\"https:\\\/\\\/gentedebasquet.com.ar\\\/sitio\\\/\",\"name\":\"Gente de B\u00e1squet\",\"description\":\"La revista del basquet de Bah\u00eda Blanca\",\"potentialAction\":[{\"@type\":\"SearchAction\",\"target\":{\"@type\":\"EntryPoint\",\"urlTemplate\":\"https:\\\/\\\/gentedebasquet.com.ar\\\/sitio\\\/?s={search_term_string}\"},\"query-input\":{\"@type\":\"PropertyValueSpecification\",\"valueRequired\":true,\"valueName\":\"search_term_string\"}}],\"inLanguage\":\"es\"},{\"@type\":\"Person\",\"@id\":\"https:\\\/\\\/gentedebasquet.com.ar\\\/sitio\\\/#\\\/schema\\\/person\\\/ca0b63bbb977369988a7bbbdc519943a\",\"name\":\"Gente de B\u00e1squet\",\"image\":{\"@type\":\"ImageObject\",\"inLanguage\":\"es\",\"@id\":\"https:\\\/\\\/secure.gravatar.com\\\/avatar\\\/7f2c48bdc33b30088f941fb6082e555f2874c98e20cb159d7b92b50eadfce793?s=96&d=mm&r=g\",\"url\":\"https:\\\/\\\/secure.gravatar.com\\\/avatar\\\/7f2c48bdc33b30088f941fb6082e555f2874c98e20cb159d7b92b50eadfce793?s=96&d=mm&r=g\",\"contentUrl\":\"https:\\\/\\\/secure.gravatar.com\\\/avatar\\\/7f2c48bdc33b30088f941fb6082e555f2874c98e20cb159d7b92b50eadfce793?s=96&d=mm&r=g\",\"caption\":\"Gente de B\u00e1squet\"},\"sameAs\":[\"http:\\\/\\\/gentedebasquet.com.ar\\\/sitio\"],\"url\":\"https:\\\/\\\/gentedebasquet.com.ar\\\/sitio\\\/author\\\/ulises\\\/\"}]}<\/script>\n<!-- \/ Yoast SEO plugin. -->","yoast_head_json":{"title":"Hay quinto por el ascenso - Gente de B\u00e1squet","robots":{"index":"index","follow":"follow","max-snippet":"max-snippet:-1","max-image-preview":"max-image-preview:large","max-video-preview":"max-video-preview:-1"},"canonical":"https:\/\/gentedebasquet.com.ar\/sitio\/2023\/05\/16\/hay-quinto-por-el-ascenso\/","og_locale":"es_ES","og_type":"article","og_title":"Hay quinto por el ascenso - Gente de B\u00e1squet","og_description":"9 de Julio venci\u00f3 a Pac\u00edfico (71-64), igual\u00f3 la serie y el ascenso se define el viernes.","og_url":"https:\/\/gentedebasquet.com.ar\/sitio\/2023\/05\/16\/hay-quinto-por-el-ascenso\/","og_site_name":"Gente de B\u00e1squet","article_published_time":"2023-05-17T02:58:00+00:00","og_image":[{"width":690,"height":319,"url":"https:\/\/gentedebasquet.com.ar\/sitio\/wp-content\/uploads\/2023\/05\/690-5.jpg","type":"image\/jpeg"}],"author":"Gente de B\u00e1squet","twitter_card":"summary_large_image","twitter_misc":{"Escrito por":"Gente de B\u00e1squet","Tiempo de lectura":"3 minutos"},"schema":{"@context":"https:\/\/schema.org","@graph":[{"@type":"Article","@id":"https:\/\/gentedebasquet.com.ar\/sitio\/2023\/05\/16\/hay-quinto-por-el-ascenso\/#article","isPartOf":{"@id":"https:\/\/gentedebasquet.com.ar\/sitio\/2023\/05\/16\/hay-quinto-por-el-ascenso\/"},"author":{"name":"Gente de B\u00e1squet","@id":"https:\/\/gentedebasquet.com.ar\/sitio\/#\/schema\/person\/ca0b63bbb977369988a7bbbdc519943a"},"headline":"Hay quinto por el ascenso","datePublished":"2023-05-17T02:58:00+00:00","mainEntityOfPage":{"@id":"https:\/\/gentedebasquet.com.ar\/sitio\/2023\/05\/16\/hay-quinto-por-el-ascenso\/"},"wordCount":605,"image":{"@id":"https:\/\/gentedebasquet.com.ar\/sitio\/2023\/05\/16\/hay-quinto-por-el-ascenso\/#primaryimage"},"thumbnailUrl":"https:\/\/gentedebasquet.com.ar\/sitio\/wp-content\/uploads\/2023\/05\/690-5.jpg","keywords":["9 de Julio","Alan Prost","Branco Salvatori","Pac\u00edfico"],"articleSection":["Segunda","Slide"],"inLanguage":"es"},{"@type":"WebPage","@id":"https:\/\/gentedebasquet.com.ar\/sitio\/2023\/05\/16\/hay-quinto-por-el-ascenso\/","url":"https:\/\/gentedebasquet.com.ar\/sitio\/2023\/05\/16\/hay-quinto-por-el-ascenso\/","name":"Hay quinto por el ascenso - Gente de B\u00e1squet","isPartOf":{"@id":"https:\/\/gentedebasquet.com.ar\/sitio\/#website"},"primaryImageOfPage":{"@id":"https:\/\/gentedebasquet.com.ar\/sitio\/2023\/05\/16\/hay-quinto-por-el-ascenso\/#primaryimage"},"image":{"@id":"https:\/\/gentedebasquet.com.ar\/sitio\/2023\/05\/16\/hay-quinto-por-el-ascenso\/#primaryimage"},"thumbnailUrl":"https:\/\/gentedebasquet.com.ar\/sitio\/wp-content\/uploads\/2023\/05\/690-5.jpg","datePublished":"2023-05-17T02:58:00+00:00","author":{"@id":"https:\/\/gentedebasquet.com.ar\/sitio\/#\/schema\/person\/ca0b63bbb977369988a7bbbdc519943a"},"breadcrumb":{"@id":"https:\/\/gentedebasquet.com.ar\/sitio\/2023\/05\/16\/hay-quinto-por-el-ascenso\/#breadcrumb"},"inLanguage":"es","potentialAction":[{"@type":"ReadAction","target":["https:\/\/gentedebasquet.com.ar\/sitio\/2023\/05\/16\/hay-quinto-por-el-ascenso\/"]}]},{"@type":"ImageObject","inLanguage":"es","@id":"https:\/\/gentedebasquet.com.ar\/sitio\/2023\/05\/16\/hay-quinto-por-el-ascenso\/#primaryimage","url":"https:\/\/gentedebasquet.com.ar\/sitio\/wp-content\/uploads\/2023\/05\/690-5.jpg","contentUrl":"https:\/\/gentedebasquet.com.ar\/sitio\/wp-content\/uploads\/2023\/05\/690-5.jpg","width":690,"height":319},{"@type":"BreadcrumbList","@id":"https:\/\/gentedebasquet.com.ar\/sitio\/2023\/05\/16\/hay-quinto-por-el-ascenso\/#breadcrumb","itemListElement":[{"@type":"ListItem","position":1,"name":"Portada","item":"https:\/\/gentedebasquet.com.ar\/sitio\/"},{"@type":"ListItem","position":2,"name":"Hay quinto por el ascenso"}]},{"@type":"WebSite","@id":"https:\/\/gentedebasquet.com.ar\/sitio\/#website","url":"https:\/\/gentedebasquet.com.ar\/sitio\/","name":"Gente de B\u00e1squet","description":"La revista del basquet de Bah\u00eda Blanca","potentialAction":[{"@type":"SearchAction","target":{"@type":"EntryPoint","urlTemplate":"https:\/\/gentedebasquet.com.ar\/sitio\/?s={search_term_string}"},"query-input":{"@type":"PropertyValueSpecification","valueRequired":true,"valueName":"search_term_string"}}],"inLanguage":"es"},{"@type":"Person","@id":"https:\/\/gentedebasquet.com.ar\/sitio\/#\/schema\/person\/ca0b63bbb977369988a7bbbdc519943a","name":"Gente de B\u00e1squet","image":{"@type":"ImageObject","inLanguage":"es","@id":"https:\/\/secure.gravatar.com\/avatar\/7f2c48bdc33b30088f941fb6082e555f2874c98e20cb159d7b92b50eadfce793?s=96&d=mm&r=g","url":"https:\/\/secure.gravatar.com\/avatar\/7f2c48bdc33b30088f941fb6082e555f2874c98e20cb159d7b92b50eadfce793?s=96&d=mm&r=g","contentUrl":"https:\/\/secure.gravatar.com\/avatar\/7f2c48bdc33b30088f941fb6082e555f2874c98e20cb159d7b92b50eadfce793?s=96&d=mm&r=g","caption":"Gente de B\u00e1squet"},"sameAs":["http:\/\/gentedebasquet.com.ar\/sitio"],"url":"https:\/\/gentedebasquet.com.ar\/sitio\/author\/ulises\/"}]}},"_links":{"self":[{"href":"https:\/\/gentedebasquet.com.ar\/sitio\/wp-json\/wp\/v2\/posts\/107654","targetHints":{"allow":["GET"]}}],"collection":[{"href":"https:\/\/gentedebasquet.com.ar\/sitio\/wp-json\/wp\/v2\/posts"}],"about":[{"href":"https:\/\/gentedebasquet.com.ar\/sitio\/wp-json\/wp\/v2\/types\/post"}],"author":[{"embeddable":true,"href":"https:\/\/gentedebasquet.com.ar\/sitio\/wp-json\/wp\/v2\/users\/1"}],"replies":[{"embeddable":true,"href":"https:\/\/gentedebasquet.com.ar\/sitio\/wp-json\/wp\/v2\/comments?post=107654"}],"version-history":[{"count":0,"href":"https:\/\/gentedebasquet.com.ar\/sitio\/wp-json\/wp\/v2\/posts\/107654\/revisions"}],"wp:featuredmedia":[{"embeddable":true,"href":"https:\/\/gentedebasquet.com.ar\/sitio\/wp-json\/wp\/v2\/media\/107661"}],"wp:attachment":[{"href":"https:\/\/gentedebasquet.com.ar\/sitio\/wp-json\/wp\/v2\/media?parent=107654"}],"wp:term":[{"taxonomy":"category","embeddable":true,"href":"https:\/\/gentedebasquet.com.ar\/sitio\/wp-json\/wp\/v2\/categories?post=107654"},{"taxonomy":"post_tag","embeddable":true,"href":"https:\/\/gentedebasquet.com.ar\/sitio\/wp-json\/wp\/v2\/tags?post=107654"}],"curies":[{"name":"wp","href":"https:\/\/api.w.org\/{rel}","templated":true}]}}