{"id":107699,"date":"2023-05-19T23:58:00","date_gmt":"2023-05-20T02:58:00","guid":{"rendered":"https:\/\/www.gentedebasquet.com.ar\/?p=107699"},"modified":"2023-05-19T23:58:00","modified_gmt":"2023-05-20T02:58:00","slug":"el-verde-vuelve-a-primera","status":"publish","type":"post","link":"https:\/\/gentedebasquet.com.ar\/sitio\/2023\/05\/19\/el-verde-vuelve-a-primera\/","title":{"rendered":"El verde vuelve a Primera"},"content":{"rendered":"\n<p><em>El equipo de Andr\u00e9s Iannamico est\u00e1 de vuelta en la elite de la Capital del Basquet, tras vencer a 9 de Julio 83 a 73, en el quinto y definitivo punto de la final. La alegr\u00eda fue toda verde que vuelve a Primera; por su parte nueve, disputara la promoci\u00f3n ante Sportivo.<\/em><\/p>\n\n\n\n<p><em>9 de Julio domin\u00f3 los primeros 20m (33-39), con m\u00e1xima de ocho (21-29) en el transcurso del segundo cuarto. En 2m del complemento, el verde volvi\u00f3 a estar al frente (40-39), tom\u00f3 ventaja de doble digito (55-45) y cerr\u00f3 el tercero cinco arriba, 60-55.<\/em><\/p>\n\n\n\n<p><em>Pacifico pareci\u00f3 encaminar el encuentro a falta de 6m15 (68-59) pero con Luchetti como v\u00eda de gol, nueve se coloc\u00f3 70 a 69 con 3m38. El cierre definitivo lo dio Olivera, Bautista anot\u00f3 a distancia en continuado (76-71\/79-71) y sentenci\u00f3 el juego con menos de un minuto.<\/em><\/p>\n\n\n\n<p><em>Bautista Olivera con 24 puntos (12 en el 4C) y Pomar Garbarino con 16 (12\/16tl), fueron los goleadores del verde; en nueve Jos\u00e9 Guti\u00e9rrez con 21 unidades se destac\u00f3.<\/em><\/p>\n\n\n\n<p>El juego comenz\u00f3 con un par de intercambios en el tanteador, hasta que nueve tom\u00f3 el liderazgo que sostuvo durante los primeros 20m.<\/p>\n\n\n\n<p>Guti\u00e9rrez anot\u00f3 a larga y media distancia y as\u00ed plasm\u00f3 el 5-0 inicial, el verde anot\u00f3 tras 2m31 con ventaja de Loos en la zona pintada, adem\u00e1s corri\u00f3 la cancha y en transici\u00f3n, Errazu castig\u00f3 a distancia y dej\u00f3 a su equipo arriba, 7 a 5 en 3m25.<\/p>\n\n\n\n<p>Ambos elevaron el ritmo de sus ataques sin buenos porcentajes de cancha, pero nueve cont\u00f3 con un efectivo Guti\u00e9rrez (11) que permiti\u00f3 que su equipo se lleve el primer chico, 18 a 22.<\/p>\n\n\n\n<p>La m\u00e1xima lleg\u00f3 a ocho unidades (21-29) en los primeros minutos del segundo cuarto. Pac\u00edfico vari\u00f3 su defensa para detener al base rival, algo que 9 de Julio trabaj\u00f3 bien y con movilidad, rompimiento y pase extra descifr\u00f3.<\/p>\n\n\n\n<p>Los primeros puntos de Olivera m\u00e1s aciertos desde la l\u00ednea, permiti\u00f3 al verde limar la diferencia (30-34). Fue un primer tiempo de planilla muy similar entre los dos equipos y que nueve se fue con ventaja de dos posesiones largas (33-39).<\/p>\n\n\n\n<p>Los tres minutos sin convertir de 9 de Julio en el inicio del complemento, lo capitaliz\u00f3 el verde que, con parcial 9-0 pas\u00f3 al frente 42-39. Con el tiro externo de Revido y los libres que gener\u00f3 Garbarino, Pac\u00edfico volvi\u00f3 a estar al frente tras el 1C.<\/p>\n\n\n\n<p>Con los puntos desde la l\u00ednea sumado a un triple de Loos, el verde logr\u00f3 la m\u00e1xima de diez (55-45) a 4m02 para el cierre del tercero. Nueve entendi\u00f3 que ir para adentro y forzar infracciones le iba a dar goleo, pese a un bajo porcentaje achic\u00f3 la brecha y se fue al 4C, cinco abajo (60-55).<\/p>\n\n\n\n<p>Pac\u00edfico pareci\u00f3 encaminar la historia, con triples en fila (Olivera-Errazu) a falta de 6m15 con ventaja de nueve (68-59). La aparici\u00f3n de Luchetti fue fundamental para 9 de Julio, ocho en fila de Lucas dej\u00f3 el juego, 70-67 con 4m44 por jugar.<\/p>\n\n\n\n<p>La diferencia la baj\u00f3 a un solo punto (70-69) con 3m38, Redivo anot\u00f3 a media distancia y Olivera hizo 1\/2 desde la l\u00ednea, para recuperar ventaja de dos posesiones (73-69). Prost encest\u00f3 ambos desde la l\u00ednea y dej\u00f3 el tanteador, 73-71 a falta de 2m.<\/p>\n\n\n\n<p>En lo siguiente, Olivera anot\u00f3 triples en fila desde el eje (79-71) y sentenci\u00f3 el juego a falta de un minuto. Luchetti volvi\u00f3 a sumar, pero Pac\u00edfico lo cerr\u00f3 sin sobresalto.<\/p>\n\n\n\n<p>La chicharra final desat\u00f3 la locura de su hinchada que junto a jugadores, cuerpo t\u00e9cnico y dirigentes disfrutaron de su vuelta a elite del b\u00e1squet bahiense.<\/p>\n\n\n\n<figure class=\"wp-block-image size-full\"><a href=\"http:\/\/www.gentedebasquet.com.ar\/wp-content\/uploads\/2023\/03\/Gif-Publicidades-1-6.gif\"><img decoding=\"async\" width=\"300\" height=\"250\" src=\"http:\/\/www.gentedebasquet.com.ar\/wp-content\/uploads\/2023\/03\/Gif-Publicidades-1-6.gif\" alt=\"\" class=\"wp-image-106769\"\/><\/a><\/figure>\n\n\n\n<figure class=\"wp-block-embed is-type-rich is-provider-gestor-del-servicio wp-block-embed-gestor-del-servicio wp-embed-aspect-16-9 wp-has-aspect-ratio\"><div class=\"wp-block-embed__wrapper\">\nhttps:\/\/youtube.com\/watch?v=LNBUZk-EYS0\n<\/div><\/figure>\n\n\n\n<figure class=\"wp-block-image size-full\"><a href=\"http:\/\/www.gentedebasquet.com.ar\/wp-content\/uploads\/2023\/03\/Gif-Publicidades-2-1-2.gif\"><img decoding=\"async\" width=\"300\" height=\"250\" src=\"http:\/\/www.gentedebasquet.com.ar\/wp-content\/uploads\/2023\/03\/Gif-Publicidades-2-1-2.gif\" alt=\"\" class=\"wp-image-106770\"\/><\/a><\/figure>\n\n\n\n<figure class=\"wp-block-image size-large\"><a href=\"https:\/\/www.gentedebasquet.com.ar\/wp-content\/uploads\/2023\/05\/MVP-12.jpg\"><img decoding=\"async\" src=\"https:\/\/www.gentedebasquet.com.ar\/wp-content\/uploads\/2023\/05\/MVP-12-1024x1024.jpg\" alt=\"\" class=\"wp-image-107701\"\/><\/a><\/figure>\n\n\n\n<blockquote class=\"wp-block-quote is-layout-flow wp-block-quote-is-layout-flow\">\n<p><em>\u201cMuy contento. Es una revancha para algunos de nosotros, quer\u00edamos volver y ahora queda disfrutar de ganar ante este rival\u201d Bautista Olivera<\/em><\/p>\n\n\n\n<p><em>\u201cEs una mezcla de sensaciones y todav\u00eda no ca\u00edmos. Lo prometimos cuando bajamos que \u00edbamos a volver\u201d Facundo Wattson<\/em><\/p>\n\n\n\n<p><em>\u201cEs una revancha de lo que vivimos el a\u00f1o pasado, volvimos con todo, la luchamos y supimos reponernos en momentos donde est\u00e1bamos en las cuerdas\u201d Pomar Garbarino<\/em><\/p>\n<\/blockquote>\n\n\n\n<figure class=\"wp-block-image size-full\"><a href=\"http:\/\/www.gentedebasquet.com.ar\/wp-content\/uploads\/2023\/03\/Gif-Publicidades-33-2.gif\"><img decoding=\"async\" width=\"300\" height=\"250\" src=\"http:\/\/www.gentedebasquet.com.ar\/wp-content\/uploads\/2023\/03\/Gif-Publicidades-33-2.gif\" alt=\"\" class=\"wp-image-106774\"\/><\/a><\/figure>\n\n\n\n<p><strong>S\u00edntesis<\/strong> &#8211; Segunda Divisi\u00f3n &#8211; Semifinal &#8211; Juego #5 (+5)<\/p>\n\n\n\n<p><strong>Pac\u00edfico 83<\/strong>: Branco Salvatori 9, Tom\u00e1s Bussetti 2, I\u00f1aki Errazu 10, Santiago Loos 9, Pomar Garbarino 16 (FI); Juan Cruz Redivo 7, Genaro Pisani 4, Bautista Olivera 24, Facundo Wattson 2. DT: Andr\u00e9s Iannamico.<\/p>\n\n\n\n<p><strong>9 de Julio 73<\/strong>: Jos\u00e9 Guti\u00e9rrez 21, Lucas Luchetti 17, Sebasti\u00e1n Villegas 3, Alan Prost 15, Christian Bisterfield 2 (FI); Emilio Boye 7, Santiago Boye 2, Albano Costa 2, Ramiro Lorenzo 4. DT: Emiliano Roldan.<\/p>\n\n\n\n<p><strong>Parciales<\/strong>: 18-22, 33-39 (15-17), 60-55 (27-16), 83-73 (23-18).<\/p>\n\n\n\n<p><strong>\u00c1rbitros<\/strong>: Alejandro Ramallo &#8211; Emanuel S\u00e1nchez &#8211; Mauro Reyes.<\/p>\n\n\n\n<p><strong>Estadio<\/strong>: Norberto Tom\u00e1s (Olimpo).<\/p>\n\n\n\n<p><strong>Serie<\/strong>: 3-2, Pac\u00edfico.<\/p>\n\n\n\n<p><strong>Fotos<\/strong> <strong>y video:<\/strong> Santiago Guerrero.<\/p>\n\n\n\n<p><a href=\"https:\/\/fibalivestats.dcd.shared.geniussports.com\/u\/ABB\/2276109\/\">Ver planilla<\/a><\/p>\n\n\n\n<figure class=\"wp-block-image size-full\"><a href=\"https:\/\/www.gentedebasquet.com.ar\/wp-content\/uploads\/2023\/05\/680-6.jpg\"><img decoding=\"async\" src=\"https:\/\/www.gentedebasquet.com.ar\/wp-content\/uploads\/2023\/05\/680-6.jpg\" alt=\"\" class=\"wp-image-107711\"\/><\/a><\/figure>\n\n\n\n<figure class=\"wp-block-image size-large\"><a href=\"https:\/\/www.gentedebasquet.com.ar\/wp-content\/uploads\/2023\/05\/CLAVE3715.jpg\"><img decoding=\"async\" src=\"https:\/\/www.gentedebasquet.com.ar\/wp-content\/uploads\/2023\/05\/CLAVE3715-1024x1024.jpg\" alt=\"\" class=\"wp-image-107712\"\/><\/a><\/figure>\n\n\n\n<figure class=\"wp-block-image size-full\"><a href=\"http:\/\/www.gentedebasquet.com.ar\/wp-content\/uploads\/2023\/03\/Gif-Publicidades-5-5.gif\"><img decoding=\"async\" width=\"300\" height=\"250\" src=\"http:\/\/www.gentedebasquet.com.ar\/wp-content\/uploads\/2023\/03\/Gif-Publicidades-5-5.gif\" alt=\"\" class=\"wp-image-106773\"\/><\/a><\/figure>\n\n\n\n<figure class=\"wp-block-image size-full\"><a href=\"https:\/\/www.gentedebasquet.com.ar\/wp-content\/uploads\/2023\/05\/681.jpg\"><img decoding=\"async\" src=\"https:\/\/www.gentedebasquet.com.ar\/wp-content\/uploads\/2023\/05\/681.jpg\" alt=\"\" class=\"wp-image-107704\"\/><\/a><\/figure>\n","protected":false},"excerpt":{"rendered":"<p>Pac\u00edfico venci\u00f3 a 9 de Julio (83-73), cerr\u00f3 la final y concret\u00f3 su vuelta a Primera<\/p>\n","protected":false},"author":1,"featured_media":107705,"comment_status":"closed","ping_status":"open","sticky":false,"template":"","format":"standard","meta":{"jnews-multi-image_gallery":[],"jnews_single_post":[],"jnews_primary_category":[],"footnotes":""},"categories":[25,101],"tags":[2,554,90,1900],"class_list":["post-107699","post","type-post","status-publish","format-standard","has-post-thumbnail","hentry","category-segunda","category-slide","tag-9dejulio","tag-bautista-olivera","tag-jose-gutierrez","tag-pacifico-2"],"yoast_head":"<!-- This site is optimized with the Yoast SEO plugin v27.5 - https:\/\/yoast.com\/product\/yoast-seo-wordpress\/ -->\n<title>El verde vuelve a Primera - Gente de B\u00e1squet<\/title>\n<meta name=\"robots\" content=\"index, follow, max-snippet:-1, max-image-preview:large, max-video-preview:-1\" \/>\n<link rel=\"canonical\" href=\"https:\/\/gentedebasquet.com.ar\/sitio\/2023\/05\/19\/el-verde-vuelve-a-primera\/\" \/>\n<meta property=\"og:locale\" content=\"es_ES\" \/>\n<meta property=\"og:type\" content=\"article\" \/>\n<meta property=\"og:title\" content=\"El verde vuelve a Primera - Gente de B\u00e1squet\" \/>\n<meta property=\"og:description\" content=\"Pac\u00edfico venci\u00f3 a 9 de Julio (83-73), cerr\u00f3 la final y concret\u00f3 su vuelta a Primera\" \/>\n<meta property=\"og:url\" content=\"https:\/\/gentedebasquet.com.ar\/sitio\/2023\/05\/19\/el-verde-vuelve-a-primera\/\" \/>\n<meta property=\"og:site_name\" content=\"Gente de B\u00e1squet\" \/>\n<meta property=\"article:published_time\" content=\"2023-05-20T02:58:00+00:00\" \/>\n<meta name=\"author\" content=\"Gente de B\u00e1squet\" \/>\n<meta name=\"twitter:card\" content=\"summary_large_image\" \/>\n<meta name=\"twitter:label1\" content=\"Escrito por\" \/>\n\t<meta name=\"twitter:data1\" content=\"Gente de B\u00e1squet\" \/>\n\t<meta name=\"twitter:label2\" content=\"Tiempo de lectura\" \/>\n\t<meta name=\"twitter:data2\" content=\"4 minutos\" \/>\n<script type=\"application\/ld+json\" class=\"yoast-schema-graph\">{\"@context\":\"https:\\\/\\\/schema.org\",\"@graph\":[{\"@type\":\"Article\",\"@id\":\"https:\\\/\\\/gentedebasquet.com.ar\\\/sitio\\\/2023\\\/05\\\/19\\\/el-verde-vuelve-a-primera\\\/#article\",\"isPartOf\":{\"@id\":\"https:\\\/\\\/gentedebasquet.com.ar\\\/sitio\\\/2023\\\/05\\\/19\\\/el-verde-vuelve-a-primera\\\/\"},\"author\":{\"name\":\"Gente de B\u00e1squet\",\"@id\":\"https:\\\/\\\/gentedebasquet.com.ar\\\/sitio\\\/#\\\/schema\\\/person\\\/ca0b63bbb977369988a7bbbdc519943a\"},\"headline\":\"El verde vuelve a Primera\",\"datePublished\":\"2023-05-20T02:58:00+00:00\",\"mainEntityOfPage\":{\"@id\":\"https:\\\/\\\/gentedebasquet.com.ar\\\/sitio\\\/2023\\\/05\\\/19\\\/el-verde-vuelve-a-primera\\\/\"},\"wordCount\":791,\"image\":{\"@id\":\"https:\\\/\\\/gentedebasquet.com.ar\\\/sitio\\\/2023\\\/05\\\/19\\\/el-verde-vuelve-a-primera\\\/#primaryimage\"},\"thumbnailUrl\":\"\",\"keywords\":[\"9 de Julio\",\"Bautista Olivera\",\"Jos\u00e9 Guti\u00e9rrez\",\"Pac\u00edfico\"],\"articleSection\":[\"Segunda\",\"Slide\"],\"inLanguage\":\"es\"},{\"@type\":\"WebPage\",\"@id\":\"https:\\\/\\\/gentedebasquet.com.ar\\\/sitio\\\/2023\\\/05\\\/19\\\/el-verde-vuelve-a-primera\\\/\",\"url\":\"https:\\\/\\\/gentedebasquet.com.ar\\\/sitio\\\/2023\\\/05\\\/19\\\/el-verde-vuelve-a-primera\\\/\",\"name\":\"El verde vuelve a Primera - Gente de B\u00e1squet\",\"isPartOf\":{\"@id\":\"https:\\\/\\\/gentedebasquet.com.ar\\\/sitio\\\/#website\"},\"primaryImageOfPage\":{\"@id\":\"https:\\\/\\\/gentedebasquet.com.ar\\\/sitio\\\/2023\\\/05\\\/19\\\/el-verde-vuelve-a-primera\\\/#primaryimage\"},\"image\":{\"@id\":\"https:\\\/\\\/gentedebasquet.com.ar\\\/sitio\\\/2023\\\/05\\\/19\\\/el-verde-vuelve-a-primera\\\/#primaryimage\"},\"thumbnailUrl\":\"\",\"datePublished\":\"2023-05-20T02:58:00+00:00\",\"author\":{\"@id\":\"https:\\\/\\\/gentedebasquet.com.ar\\\/sitio\\\/#\\\/schema\\\/person\\\/ca0b63bbb977369988a7bbbdc519943a\"},\"breadcrumb\":{\"@id\":\"https:\\\/\\\/gentedebasquet.com.ar\\\/sitio\\\/2023\\\/05\\\/19\\\/el-verde-vuelve-a-primera\\\/#breadcrumb\"},\"inLanguage\":\"es\",\"potentialAction\":[{\"@type\":\"ReadAction\",\"target\":[\"https:\\\/\\\/gentedebasquet.com.ar\\\/sitio\\\/2023\\\/05\\\/19\\\/el-verde-vuelve-a-primera\\\/\"]}]},{\"@type\":\"ImageObject\",\"inLanguage\":\"es\",\"@id\":\"https:\\\/\\\/gentedebasquet.com.ar\\\/sitio\\\/2023\\\/05\\\/19\\\/el-verde-vuelve-a-primera\\\/#primaryimage\",\"url\":\"\",\"contentUrl\":\"\"},{\"@type\":\"BreadcrumbList\",\"@id\":\"https:\\\/\\\/gentedebasquet.com.ar\\\/sitio\\\/2023\\\/05\\\/19\\\/el-verde-vuelve-a-primera\\\/#breadcrumb\",\"itemListElement\":[{\"@type\":\"ListItem\",\"position\":1,\"name\":\"Portada\",\"item\":\"https:\\\/\\\/gentedebasquet.com.ar\\\/sitio\\\/\"},{\"@type\":\"ListItem\",\"position\":2,\"name\":\"El verde vuelve a Primera\"}]},{\"@type\":\"WebSite\",\"@id\":\"https:\\\/\\\/gentedebasquet.com.ar\\\/sitio\\\/#website\",\"url\":\"https:\\\/\\\/gentedebasquet.com.ar\\\/sitio\\\/\",\"name\":\"Gente de B\u00e1squet\",\"description\":\"La revista del basquet de Bah\u00eda Blanca\",\"potentialAction\":[{\"@type\":\"SearchAction\",\"target\":{\"@type\":\"EntryPoint\",\"urlTemplate\":\"https:\\\/\\\/gentedebasquet.com.ar\\\/sitio\\\/?s={search_term_string}\"},\"query-input\":{\"@type\":\"PropertyValueSpecification\",\"valueRequired\":true,\"valueName\":\"search_term_string\"}}],\"inLanguage\":\"es\"},{\"@type\":\"Person\",\"@id\":\"https:\\\/\\\/gentedebasquet.com.ar\\\/sitio\\\/#\\\/schema\\\/person\\\/ca0b63bbb977369988a7bbbdc519943a\",\"name\":\"Gente de B\u00e1squet\",\"image\":{\"@type\":\"ImageObject\",\"inLanguage\":\"es\",\"@id\":\"https:\\\/\\\/secure.gravatar.com\\\/avatar\\\/7f2c48bdc33b30088f941fb6082e555f2874c98e20cb159d7b92b50eadfce793?s=96&d=mm&r=g\",\"url\":\"https:\\\/\\\/secure.gravatar.com\\\/avatar\\\/7f2c48bdc33b30088f941fb6082e555f2874c98e20cb159d7b92b50eadfce793?s=96&d=mm&r=g\",\"contentUrl\":\"https:\\\/\\\/secure.gravatar.com\\\/avatar\\\/7f2c48bdc33b30088f941fb6082e555f2874c98e20cb159d7b92b50eadfce793?s=96&d=mm&r=g\",\"caption\":\"Gente de B\u00e1squet\"},\"sameAs\":[\"http:\\\/\\\/gentedebasquet.com.ar\\\/sitio\"],\"url\":\"https:\\\/\\\/gentedebasquet.com.ar\\\/sitio\\\/author\\\/ulises\\\/\"}]}<\/script>\n<!-- \/ Yoast SEO plugin. -->","yoast_head_json":{"title":"El verde vuelve a Primera - Gente de B\u00e1squet","robots":{"index":"index","follow":"follow","max-snippet":"max-snippet:-1","max-image-preview":"max-image-preview:large","max-video-preview":"max-video-preview:-1"},"canonical":"https:\/\/gentedebasquet.com.ar\/sitio\/2023\/05\/19\/el-verde-vuelve-a-primera\/","og_locale":"es_ES","og_type":"article","og_title":"El verde vuelve a Primera - Gente de B\u00e1squet","og_description":"Pac\u00edfico venci\u00f3 a 9 de Julio (83-73), cerr\u00f3 la final y concret\u00f3 su vuelta a Primera","og_url":"https:\/\/gentedebasquet.com.ar\/sitio\/2023\/05\/19\/el-verde-vuelve-a-primera\/","og_site_name":"Gente de B\u00e1squet","article_published_time":"2023-05-20T02:58:00+00:00","author":"Gente de B\u00e1squet","twitter_card":"summary_large_image","twitter_misc":{"Escrito por":"Gente de B\u00e1squet","Tiempo de lectura":"4 minutos"},"schema":{"@context":"https:\/\/schema.org","@graph":[{"@type":"Article","@id":"https:\/\/gentedebasquet.com.ar\/sitio\/2023\/05\/19\/el-verde-vuelve-a-primera\/#article","isPartOf":{"@id":"https:\/\/gentedebasquet.com.ar\/sitio\/2023\/05\/19\/el-verde-vuelve-a-primera\/"},"author":{"name":"Gente de B\u00e1squet","@id":"https:\/\/gentedebasquet.com.ar\/sitio\/#\/schema\/person\/ca0b63bbb977369988a7bbbdc519943a"},"headline":"El verde vuelve a Primera","datePublished":"2023-05-20T02:58:00+00:00","mainEntityOfPage":{"@id":"https:\/\/gentedebasquet.com.ar\/sitio\/2023\/05\/19\/el-verde-vuelve-a-primera\/"},"wordCount":791,"image":{"@id":"https:\/\/gentedebasquet.com.ar\/sitio\/2023\/05\/19\/el-verde-vuelve-a-primera\/#primaryimage"},"thumbnailUrl":"","keywords":["9 de Julio","Bautista Olivera","Jos\u00e9 Guti\u00e9rrez","Pac\u00edfico"],"articleSection":["Segunda","Slide"],"inLanguage":"es"},{"@type":"WebPage","@id":"https:\/\/gentedebasquet.com.ar\/sitio\/2023\/05\/19\/el-verde-vuelve-a-primera\/","url":"https:\/\/gentedebasquet.com.ar\/sitio\/2023\/05\/19\/el-verde-vuelve-a-primera\/","name":"El verde vuelve a Primera - Gente de B\u00e1squet","isPartOf":{"@id":"https:\/\/gentedebasquet.com.ar\/sitio\/#website"},"primaryImageOfPage":{"@id":"https:\/\/gentedebasquet.com.ar\/sitio\/2023\/05\/19\/el-verde-vuelve-a-primera\/#primaryimage"},"image":{"@id":"https:\/\/gentedebasquet.com.ar\/sitio\/2023\/05\/19\/el-verde-vuelve-a-primera\/#primaryimage"},"thumbnailUrl":"","datePublished":"2023-05-20T02:58:00+00:00","author":{"@id":"https:\/\/gentedebasquet.com.ar\/sitio\/#\/schema\/person\/ca0b63bbb977369988a7bbbdc519943a"},"breadcrumb":{"@id":"https:\/\/gentedebasquet.com.ar\/sitio\/2023\/05\/19\/el-verde-vuelve-a-primera\/#breadcrumb"},"inLanguage":"es","potentialAction":[{"@type":"ReadAction","target":["https:\/\/gentedebasquet.com.ar\/sitio\/2023\/05\/19\/el-verde-vuelve-a-primera\/"]}]},{"@type":"ImageObject","inLanguage":"es","@id":"https:\/\/gentedebasquet.com.ar\/sitio\/2023\/05\/19\/el-verde-vuelve-a-primera\/#primaryimage","url":"","contentUrl":""},{"@type":"BreadcrumbList","@id":"https:\/\/gentedebasquet.com.ar\/sitio\/2023\/05\/19\/el-verde-vuelve-a-primera\/#breadcrumb","itemListElement":[{"@type":"ListItem","position":1,"name":"Portada","item":"https:\/\/gentedebasquet.com.ar\/sitio\/"},{"@type":"ListItem","position":2,"name":"El verde vuelve a Primera"}]},{"@type":"WebSite","@id":"https:\/\/gentedebasquet.com.ar\/sitio\/#website","url":"https:\/\/gentedebasquet.com.ar\/sitio\/","name":"Gente de B\u00e1squet","description":"La revista del basquet de Bah\u00eda Blanca","potentialAction":[{"@type":"SearchAction","target":{"@type":"EntryPoint","urlTemplate":"https:\/\/gentedebasquet.com.ar\/sitio\/?s={search_term_string}"},"query-input":{"@type":"PropertyValueSpecification","valueRequired":true,"valueName":"search_term_string"}}],"inLanguage":"es"},{"@type":"Person","@id":"https:\/\/gentedebasquet.com.ar\/sitio\/#\/schema\/person\/ca0b63bbb977369988a7bbbdc519943a","name":"Gente de B\u00e1squet","image":{"@type":"ImageObject","inLanguage":"es","@id":"https:\/\/secure.gravatar.com\/avatar\/7f2c48bdc33b30088f941fb6082e555f2874c98e20cb159d7b92b50eadfce793?s=96&d=mm&r=g","url":"https:\/\/secure.gravatar.com\/avatar\/7f2c48bdc33b30088f941fb6082e555f2874c98e20cb159d7b92b50eadfce793?s=96&d=mm&r=g","contentUrl":"https:\/\/secure.gravatar.com\/avatar\/7f2c48bdc33b30088f941fb6082e555f2874c98e20cb159d7b92b50eadfce793?s=96&d=mm&r=g","caption":"Gente de B\u00e1squet"},"sameAs":["http:\/\/gentedebasquet.com.ar\/sitio"],"url":"https:\/\/gentedebasquet.com.ar\/sitio\/author\/ulises\/"}]}},"_links":{"self":[{"href":"https:\/\/gentedebasquet.com.ar\/sitio\/wp-json\/wp\/v2\/posts\/107699","targetHints":{"allow":["GET"]}}],"collection":[{"href":"https:\/\/gentedebasquet.com.ar\/sitio\/wp-json\/wp\/v2\/posts"}],"about":[{"href":"https:\/\/gentedebasquet.com.ar\/sitio\/wp-json\/wp\/v2\/types\/post"}],"author":[{"embeddable":true,"href":"https:\/\/gentedebasquet.com.ar\/sitio\/wp-json\/wp\/v2\/users\/1"}],"replies":[{"embeddable":true,"href":"https:\/\/gentedebasquet.com.ar\/sitio\/wp-json\/wp\/v2\/comments?post=107699"}],"version-history":[{"count":0,"href":"https:\/\/gentedebasquet.com.ar\/sitio\/wp-json\/wp\/v2\/posts\/107699\/revisions"}],"wp:featuredmedia":[{"embeddable":true,"href":"https:\/\/gentedebasquet.com.ar\/sitio\/wp-json\/"}],"wp:attachment":[{"href":"https:\/\/gentedebasquet.com.ar\/sitio\/wp-json\/wp\/v2\/media?parent=107699"}],"wp:term":[{"taxonomy":"category","embeddable":true,"href":"https:\/\/gentedebasquet.com.ar\/sitio\/wp-json\/wp\/v2\/categories?post=107699"},{"taxonomy":"post_tag","embeddable":true,"href":"https:\/\/gentedebasquet.com.ar\/sitio\/wp-json\/wp\/v2\/tags?post=107699"}],"curies":[{"name":"wp","href":"https:\/\/api.w.org\/{rel}","templated":true}]}}