{"id":107901,"date":"2023-06-10T02:10:42","date_gmt":"2023-06-10T05:10:42","guid":{"rendered":"http:\/\/www.gentedebasquet.com.ar\/?p=107901"},"modified":"2023-06-10T02:10:42","modified_gmt":"2023-06-10T05:10:42","slug":"9-de-julio-volvio-a-primera","status":"publish","type":"post","link":"https:\/\/gentedebasquet.com.ar\/sitio\/2023\/06\/10\/9-de-julio-volvio-a-primera\/","title":{"rendered":"\u00a19 de Julio volvi\u00f3 a Primera!"},"content":{"rendered":"\n<p><strong>9 de Julio volvi\u00f3 al torneo de Primera Divisi\u00f3n, tras vencer en la promoci\u00f3n a Sportivo. Supo luchar, sufrir, correr de atr\u00e1s, pero termin\u00f3 festejando, y vuelve al lugar que anhel\u00f3 durante toda la temporada.<\/strong><\/p>\n\n\n\n<p>El partido pas\u00f3 por todas las emociones posibles. <strong>Sportivo jug\u00f3 un gran encuentro y una gran serie<\/strong>, y puso en aprietos al segundo mejor equipo del torneo de ascenso.<\/p>\n\n\n\n<p>9 de Julio arranc\u00f3 con el envi\u00f3n del cuarto juego, y <strong>se lo llev\u00f3 puesto a Sportivo con un parcial 3-11<\/strong>, en 2m20s, que fue <strong>la m\u00e1xima distancia que pudo sacar el visitante en todo el partido<\/strong>. Los de Loffredo reaccionaron, y <strong>con un parcial 12-6, se arrimaron a dos unidades, 15-17<\/strong>. Los dirigidos por Emi Rold\u00e1n cerraron el primer segmento 22-23 arriba, con una <strong>buena actuaci\u00f3n de Sebasti\u00e1n Villegas (9)<\/strong>. En el local sum\u00f3 en la pintura Vel\u00e1zquez (8).<\/p>\n\n\n\n<p><strong>El segundo cuarto de Sportivo fue de un caudal ofensivo vertiginoso. Con Vel\u00e1zquez (13), Montes (11) y Asnaghi (8)<\/strong> imparables se fue al descanso largo con ocho de diferencia, 43-35. Lo sec\u00f3 a 9 de Julio, que <strong>apenas pudo convertir 12 puntos.<\/strong> No anotaron ni Jos\u00e9 Guti\u00e9rrez ni Alan Prost, y Luchetti sum\u00f3 apenas dos unidades. Sportivo termin\u00f3 el primer tiempo con <strong>8\/20 en triples, tres de ellos de Ulises Montes.<\/strong><\/p>\n\n\n\n<p>A la vuelta, el anfitri\u00f3n elev\u00f3 la vara, y en poco m\u00e1s de dos minutos jugados, <strong>la diferencia ya era de dos d\u00edgitos (50-40).<\/strong> Pero con los chicos, Boy\u00e9, Prost y Villegas,<strong> 9 de Julio clav\u00f3 un 6-0<\/strong> para acercarse a cuatro unidades, lo que oblig\u00f3 al \u00abColo\u00bb Loffredo a solicitar un minuto. Se activ\u00f3 Sportivo, que sac\u00f3 8 de luz, para cerrar el segmento 56-48. Sus tres hombres destacados en las estad\u00edsticas fueron <strong>Montes (16), Asnaghi (14) y Vel\u00e1zquez (13).<\/strong> En el visitante, el goleo repartido ten\u00eda a <strong>Jos\u00e9 Guti\u00e9rrez con 10 puntos, y a Villegas a\u00fan como el goleador, con 11.<\/strong><\/p>\n\n\n\n<p><strong>Hasta aqu\u00ed el partido de Sportivo era brillante<\/strong>, anulando a las figuras de su rival, siendo muy efectivo desde el per\u00edmetro y corriendo la cancha. <strong>Pero 9 demostr\u00f3 por qu\u00e9 fue uno de los mejores<\/strong> equipos del torneo y se gan\u00f3 pelear por un lugar en Primera Divisi\u00f3n.<\/p>\n\n\n\n<p>En la primera bola del cuarto, <strong>Vel\u00e1zquez estir\u00f3 la ventaja a 10 puntos<\/strong>, <strong>pero Sportivo no volvi\u00f3 a convertir hasta jugados cinco minutos. <\/strong>En el camino, <strong>otro parcial 6-0 de 9 de Julio<\/strong>, para ponerse a cuatro, de la mano de Bisterfield y Manu Costa. La sequ\u00eda del local la cort\u00f3 Manuel Ayala, y el juego ingres\u00f3 en un terreno de <strong>nerviosismo, imprecisiones y muchas faltas<\/strong> que dejaron a ambos equipos r\u00e1pidamente en penalizaci\u00f3n, lo que llev\u00f3 la definici\u00f3n a la l\u00ednea de libres. <\/p>\n\n\n\n<p>A partir de all\u00ed, <strong>el partido tuvo un desenlace de pel\u00edcula<\/strong>. Tras intercambiar algunos tiros libres, <strong>el local se puso 61-55<\/strong> a falta de tres minutos, pero <strong>un triple de Manu Costa lo devolvi\u00f3 al encuentro a 9 de Julio<\/strong>. Sportivo mantuvo la diferencia durante un minuto, hasta que <strong>se hizo cargo Jos\u00e9 Guti\u00e9rrez<\/strong>, que recibi\u00f3 dos faltas y no fall\u00f3 desde la l\u00ednea para devolverle la ventaja a la visita. Otros dos simples de Asnaghi pusieron a Sportivo 65-64, pero otros dos de Bisterfield le daban la ventaja a los de Rold\u00e1n. <\/p>\n\n\n\n<p>Jos\u00e9 Guti\u00e9rrez anot\u00f3 1\/2 en la l\u00ednea y Loffredo pidi\u00f3 un minuto. Tras una desinteligencia en la salida entre Tuero y Asnaghi, <strong>Luchetti recuper\u00f3 el bal\u00f3n, recibi\u00f3 la falta y anot\u00f3 los dos libres, 65-69<\/strong>. Por el local fue a la l\u00ednea Garc\u00eda Pintos, con 1\/2 dej\u00f3 todo 66-69. A falta de 9s, Sportivo deb\u00eda cometer una falta y esperar que 9 de Julio no convierta los libres, pero <strong>Luchetti infalible desde la l\u00ednea cerr\u00f3 el partido 66-71.<\/strong><\/p>\n\n\n\n<p><strong>9 de Julio gan\u00f3 la promoci\u00f3n y volvi\u00f3 a la m\u00e1xima categor\u00eda<\/strong> del b\u00e1squetbol local, un a\u00f1o despu\u00e9s de su descenso. <strong>Un mix entre l\u00edderes veteranos de calidad y j\u00f3venes con un potencial enorme<\/strong>, llev\u00f3 al equipo <strong>comandado estrat\u00e9gicamente por Emiliano Rold\u00e1n<\/strong> a cumplir el objetivo por el que tanto trabaj\u00f3 durante toda la temporada. <\/p>\n\n\n\n<p>Por otro lado, <strong>Sportivo termin\u00f3 con otra cara el mal a\u00f1o que tuvo.<\/strong> Luego de una temporada regular con apenas una victoria, supo dejar en el camino a Bah\u00eda Basket y <strong>darle pelea al segundo mejor equipo del ascenso.<\/strong> Se dio el gusto de volver a competir en Primera luego de tantos a\u00f1os, pero ahora <strong>deber\u00e1 afrontar una nueva temporada en Segunda, con la tranquilidad de haber dejado todo hasta el final.<\/strong><\/p>\n\n\n\n<figure class=\"wp-block-image size-full\"><a href=\"http:\/\/www.gentedebasquet.com.ar\/wp-content\/uploads\/2023\/03\/Gif-Publicidades-1-1.gif\"><img decoding=\"async\" width=\"300\" height=\"250\" src=\"http:\/\/www.gentedebasquet.com.ar\/wp-content\/uploads\/2023\/03\/Gif-Publicidades-1-1.gif\" alt=\"\" class=\"wp-image-106167\"\/><\/a><\/figure>\n\n\n\n<figure class=\"wp-block-embed is-type-video is-provider-youtube wp-block-embed-youtube wp-embed-aspect-16-9 wp-has-aspect-ratio\"><div class=\"wp-block-embed__wrapper\">\nhttps:\/\/youtu.be\/o4ZaSRNKX8g\n<\/div><\/figure>\n\n\n\n<figure class=\"wp-block-image size-full\"><a href=\"http:\/\/www.gentedebasquet.com.ar\/wp-content\/uploads\/2023\/03\/Gif-Publicidades-2-1.gif\"><img decoding=\"async\" width=\"300\" height=\"250\" src=\"http:\/\/www.gentedebasquet.com.ar\/wp-content\/uploads\/2023\/03\/Gif-Publicidades-2-1.gif\" alt=\"\" class=\"wp-image-106168\"\/><\/a><\/figure>\n\n\n\n<figure class=\"wp-block-image size-large\"><a href=\"http:\/\/gentedebasquet.com.ar\/sitio\/wp-content\/uploads\/2023\/06\/MVP-jose-gutierrez-5.png\"><img decoding=\"async\" width=\"1024\" height=\"1024\" src=\"http:\/\/gentedebasquet.com.ar\/sitio\/wp-content\/uploads\/2023\/06\/MVP-jose-gutierrez-5-1024x1024.png\" alt=\"\" class=\"wp-image-107903\" srcset=\"https:\/\/gentedebasquet.com.ar\/sitio\/wp-content\/uploads\/2023\/06\/MVP-jose-gutierrez-5-1024x1024.png 1024w, https:\/\/gentedebasquet.com.ar\/sitio\/wp-content\/uploads\/2023\/06\/MVP-jose-gutierrez-5-300x300.png 300w, https:\/\/gentedebasquet.com.ar\/sitio\/wp-content\/uploads\/2023\/06\/MVP-jose-gutierrez-5-150x150.png 150w, https:\/\/gentedebasquet.com.ar\/sitio\/wp-content\/uploads\/2023\/06\/MVP-jose-gutierrez-5-768x768.png 768w, https:\/\/gentedebasquet.com.ar\/sitio\/wp-content\/uploads\/2023\/06\/MVP-jose-gutierrez-5-1536x1536.png 1536w, https:\/\/gentedebasquet.com.ar\/sitio\/wp-content\/uploads\/2023\/06\/MVP-jose-gutierrez-5.png 2000w\" sizes=\"(max-width: 1024px) 100vw, 1024px\" \/><\/a><\/figure>\n\n\n\n<figure class=\"wp-block-image size-full\"><a href=\"http:\/\/gentedebasquet.com.ar\/sitio\/wp-content\/uploads\/2023\/06\/Figura-jose-gutierrez.jpg\"><img decoding=\"async\" width=\"640\" height=\"480\" src=\"http:\/\/gentedebasquet.com.ar\/sitio\/wp-content\/uploads\/2023\/06\/Figura-jose-gutierrez.jpg\" alt=\"\" class=\"wp-image-107905\" srcset=\"https:\/\/gentedebasquet.com.ar\/sitio\/wp-content\/uploads\/2023\/06\/Figura-jose-gutierrez.jpg 640w, https:\/\/gentedebasquet.com.ar\/sitio\/wp-content\/uploads\/2023\/06\/Figura-jose-gutierrez-300x225.jpg 300w\" sizes=\"(max-width: 640px) 100vw, 640px\" \/><\/a><\/figure>\n\n\n\n<p><\/p>\n\n\n\n<blockquote class=\"wp-block-quote is-layout-flow wp-block-quote-is-layout-flow\">\n<p><\/p>\n<cite>Fue un partido brav\u00edsimo, pero ten\u00eda plena confianza en nosotros. Corrimos de atr\u00e1s todo el partido, fuimos limando la diferencia y sobre el final pudimos sacarlo adelante. Estoy muy contento, tuvimos que jugar todos los partidos del a\u00f1o para cumplir el objetivo. <strong>Jos\u00e9 Guti\u00e9rrez, 9 de Julio.<\/strong><\/cite><\/blockquote>\n\n\n\n<figure class=\"wp-block-image size-full\"><a href=\"http:\/\/www.gentedebasquet.com.ar\/wp-content\/uploads\/2023\/03\/Gif-Publicidades-33.gif\"><img decoding=\"async\" width=\"300\" height=\"250\" src=\"http:\/\/www.gentedebasquet.com.ar\/wp-content\/uploads\/2023\/03\/Gif-Publicidades-33.gif\" alt=\"\" class=\"wp-image-106174\"\/><\/a><\/figure>\n\n\n\n<p><strong>S\u00edntesis \u2013 Promoci\u00f3n &#8211; Juego #5<\/strong><\/p>\n\n\n\n<p><strong>Sportivo Bahiense 66:<\/strong>\u00a0Joaqu\u00edn Tuero 3, Ulises Montes 17, Yoel Asnaghi 18, Manuel Ayala 6, Cristian Vel\u00e1zquez 15\u00a0<strong>(FI)<\/strong>; Miguel Garc\u00eda Pintos 4, Juli\u00e1n Gutt, Lautaro Diomedi, Facundo Sastre 3, Rodrigo Blanco 0, Gregorio Plunkett, Mat\u00edas Pristupa 0. <strong>DT: Miguel Loffredo.<\/strong><\/p>\n\n\n\n<p><strong><strong>9 de Julio 71:<\/strong><\/strong> Jos\u00e9 Guti\u00e9rrez 14, Lucas Luchetti 10, Sebasti\u00e1n Villegas 11, Santiago Boy\u00e9 7, Alan Prost 9 <strong>(FI);<\/strong> Albano Costa, Emilio Boy\u00e9 2, Christian Bisterfield 11, Nicol\u00e1s Alomar, Ramiro Lorenzo, Manuel Costa 7, Santiago Ruesga.\u00a0<strong>DT: Emiliano Rold\u00e1n.<\/strong><\/p>\n\n\n\n<p><strong>Parciales<\/strong>: 22-23, 43-35 (21-12), 56-48 (13-13), 66-71 (10-23)<\/p>\n\n\n\n<p><strong>\u00c1rbitros<\/strong>: Alejandro Ramallo &#8211; N\u00e9stor Schernenco &#8211; Mariano Enrique<\/p>\n\n\n\n<p><strong>Estadio:<\/strong> Eladio Santos (Sportivo)<\/p>\n\n\n\n<p><strong>Serie:<\/strong> 9 de Julio 3-2<\/p>\n\n\n\n<p><a href=\"https:\/\/fibalivestats.dcd.shared.geniussports.com\/u\/ABB\/2280929\/index.html\" data-type=\"URL\" data-id=\"https:\/\/fibalivestats.dcd.shared.geniussports.com\/u\/ABB\/2280929\/index.html\" target=\"_blank\" rel=\"noreferrer noopener\">ESTAD\u00cdSTICAS OFICIALES<\/a><\/p>\n\n\n\n<figure class=\"wp-block-image size-full\"><a href=\"http:\/\/www.gentedebasquet.com.ar\/wp-content\/uploads\/2023\/03\/Gif-Publicidades-5correct.gif\"><img decoding=\"async\" width=\"300\" height=\"250\" src=\"http:\/\/www.gentedebasquet.com.ar\/wp-content\/uploads\/2023\/03\/Gif-Publicidades-5correct.gif\" alt=\"\" class=\"wp-image-106173\"\/><\/a><\/figure>\n\n\n\n<figure class=\"wp-block-image size-large\"><a href=\"http:\/\/gentedebasquet.com.ar\/sitio\/wp-content\/uploads\/2023\/06\/CLAVE-sb-9dj-5.png\"><img decoding=\"async\" width=\"1024\" height=\"1024\" src=\"http:\/\/gentedebasquet.com.ar\/sitio\/wp-content\/uploads\/2023\/06\/CLAVE-sb-9dj-5-1024x1024.png\" alt=\"\" class=\"wp-image-107904\" srcset=\"https:\/\/gentedebasquet.com.ar\/sitio\/wp-content\/uploads\/2023\/06\/CLAVE-sb-9dj-5-1024x1024.png 1024w, https:\/\/gentedebasquet.com.ar\/sitio\/wp-content\/uploads\/2023\/06\/CLAVE-sb-9dj-5-300x300.png 300w, https:\/\/gentedebasquet.com.ar\/sitio\/wp-content\/uploads\/2023\/06\/CLAVE-sb-9dj-5-150x150.png 150w, https:\/\/gentedebasquet.com.ar\/sitio\/wp-content\/uploads\/2023\/06\/CLAVE-sb-9dj-5-768x768.png 768w, https:\/\/gentedebasquet.com.ar\/sitio\/wp-content\/uploads\/2023\/06\/CLAVE-sb-9dj-5-1536x1536.png 1536w, https:\/\/gentedebasquet.com.ar\/sitio\/wp-content\/uploads\/2023\/06\/CLAVE-sb-9dj-5.png 2000w\" sizes=\"(max-width: 1024px) 100vw, 1024px\" \/><\/a><\/figure>\n\n\n\n<figure class=\"wp-block-image size-full\"><a href=\"http:\/\/gentedebasquet.com.ar\/sitio\/wp-content\/uploads\/2023\/06\/secundaria-sb-9dj-5.jpg\"><img decoding=\"async\" width=\"640\" height=\"480\" src=\"http:\/\/gentedebasquet.com.ar\/sitio\/wp-content\/uploads\/2023\/06\/secundaria-sb-9dj-5.jpg\" alt=\"\" class=\"wp-image-107906\" srcset=\"https:\/\/gentedebasquet.com.ar\/sitio\/wp-content\/uploads\/2023\/06\/secundaria-sb-9dj-5.jpg 640w, https:\/\/gentedebasquet.com.ar\/sitio\/wp-content\/uploads\/2023\/06\/secundaria-sb-9dj-5-300x225.jpg 300w\" sizes=\"(max-width: 640px) 100vw, 640px\" \/><\/a><\/figure>\n","protected":false},"excerpt":{"rendered":"<p>9 de Julio volvi\u00f3 al torneo de Primera Divisi\u00f3n, tras vencer en la promoci\u00f3n a Sportivo. Supo luchar, sufrir, correr de atr\u00e1s, pero termin\u00f3 festejando, y vuelve al lugar que anhel\u00f3 durante toda la temporada. El partido pas\u00f3 por todas las emociones posibles. Sportivo jug\u00f3 un gran encuentro y una gran serie, y puso en [&hellip;]<\/p>\n","protected":false},"author":1,"featured_media":107907,"comment_status":"closed","ping_status":"open","sticky":false,"template":"","format":"standard","meta":{"jnews-multi-image_gallery":[],"jnews_single_post":[],"jnews_primary_category":[],"footnotes":""},"categories":[23,25,101],"tags":[2,90,361,1169,508,1914,1855,503,583,20],"class_list":["post-107901","post","type-post","status-publish","format-standard","has-post-thumbnail","hentry","category-primera","category-segunda","category-slide","tag-9dejulio","tag-jose-gutierrez","tag-lucas-lucchetti","tag-primera","tag-primera-division","tag-promocion","tag-segunda","tag-segunda-division","tag-sportivo","tag-sportivo-bahiense"],"yoast_head":"<!-- This site is optimized with the Yoast SEO plugin v27.5 - https:\/\/yoast.com\/product\/yoast-seo-wordpress\/ -->\n<title>\u00a19 de Julio volvi\u00f3 a Primera! - Gente de B\u00e1squet<\/title>\n<meta name=\"robots\" content=\"index, follow, max-snippet:-1, max-image-preview:large, max-video-preview:-1\" \/>\n<link rel=\"canonical\" href=\"https:\/\/gentedebasquet.com.ar\/sitio\/2023\/06\/10\/9-de-julio-volvio-a-primera\/\" \/>\n<meta property=\"og:locale\" content=\"es_ES\" \/>\n<meta property=\"og:type\" content=\"article\" \/>\n<meta property=\"og:title\" content=\"\u00a19 de Julio volvi\u00f3 a Primera! - Gente de B\u00e1squet\" \/>\n<meta property=\"og:description\" content=\"9 de Julio volvi\u00f3 al torneo de Primera Divisi\u00f3n, tras vencer en la promoci\u00f3n a Sportivo. Supo luchar, sufrir, correr de atr\u00e1s, pero termin\u00f3 festejando, y vuelve al lugar que anhel\u00f3 durante toda la temporada. El partido pas\u00f3 por todas las emociones posibles. Sportivo jug\u00f3 un gran encuentro y una gran serie, y puso en [&hellip;]\" \/>\n<meta property=\"og:url\" content=\"https:\/\/gentedebasquet.com.ar\/sitio\/2023\/06\/10\/9-de-julio-volvio-a-primera\/\" \/>\n<meta property=\"og:site_name\" content=\"Gente de B\u00e1squet\" \/>\n<meta property=\"article:published_time\" content=\"2023-06-10T05:10:42+00:00\" \/>\n<meta property=\"og:image\" content=\"https:\/\/gentedebasquet.com.ar\/sitio\/wp-content\/uploads\/2023\/06\/principal-sb-9dj-5.jpg\" \/>\n\t<meta property=\"og:image:width\" content=\"690\" \/>\n\t<meta property=\"og:image:height\" content=\"319\" \/>\n\t<meta property=\"og:image:type\" content=\"image\/jpeg\" \/>\n<meta name=\"author\" content=\"Gente de B\u00e1squet\" \/>\n<meta name=\"twitter:card\" content=\"summary_large_image\" \/>\n<meta name=\"twitter:label1\" content=\"Escrito por\" \/>\n\t<meta name=\"twitter:data1\" content=\"Gente de B\u00e1squet\" \/>\n\t<meta name=\"twitter:label2\" content=\"Tiempo de lectura\" \/>\n\t<meta name=\"twitter:data2\" content=\"5 minutos\" \/>\n<script type=\"application\/ld+json\" class=\"yoast-schema-graph\">{\"@context\":\"https:\\\/\\\/schema.org\",\"@graph\":[{\"@type\":\"Article\",\"@id\":\"https:\\\/\\\/gentedebasquet.com.ar\\\/sitio\\\/2023\\\/06\\\/10\\\/9-de-julio-volvio-a-primera\\\/#article\",\"isPartOf\":{\"@id\":\"https:\\\/\\\/gentedebasquet.com.ar\\\/sitio\\\/2023\\\/06\\\/10\\\/9-de-julio-volvio-a-primera\\\/\"},\"author\":{\"name\":\"Gente de B\u00e1squet\",\"@id\":\"https:\\\/\\\/gentedebasquet.com.ar\\\/sitio\\\/#\\\/schema\\\/person\\\/ca0b63bbb977369988a7bbbdc519943a\"},\"headline\":\"\u00a19 de Julio volvi\u00f3 a Primera!\",\"datePublished\":\"2023-06-10T05:10:42+00:00\",\"mainEntityOfPage\":{\"@id\":\"https:\\\/\\\/gentedebasquet.com.ar\\\/sitio\\\/2023\\\/06\\\/10\\\/9-de-julio-volvio-a-primera\\\/\"},\"wordCount\":942,\"image\":{\"@id\":\"https:\\\/\\\/gentedebasquet.com.ar\\\/sitio\\\/2023\\\/06\\\/10\\\/9-de-julio-volvio-a-primera\\\/#primaryimage\"},\"thumbnailUrl\":\"https:\\\/\\\/gentedebasquet.com.ar\\\/sitio\\\/wp-content\\\/uploads\\\/2023\\\/06\\\/principal-sb-9dj-5.jpg\",\"keywords\":[\"9 de Julio\",\"Jos\u00e9 Guti\u00e9rrez\",\"Lucas Lucchetti\",\"Primera\",\"Primera Divisi\u00f3n\",\"Promoci\u00f3n\",\"Segunda\",\"Segunda Divisi\u00f3n\",\"Sportivo\",\"Sportivo Bahiense\"],\"articleSection\":[\"Primera\",\"Segunda\",\"Slide\"],\"inLanguage\":\"es\"},{\"@type\":\"WebPage\",\"@id\":\"https:\\\/\\\/gentedebasquet.com.ar\\\/sitio\\\/2023\\\/06\\\/10\\\/9-de-julio-volvio-a-primera\\\/\",\"url\":\"https:\\\/\\\/gentedebasquet.com.ar\\\/sitio\\\/2023\\\/06\\\/10\\\/9-de-julio-volvio-a-primera\\\/\",\"name\":\"\u00a19 de Julio volvi\u00f3 a Primera! - Gente de B\u00e1squet\",\"isPartOf\":{\"@id\":\"https:\\\/\\\/gentedebasquet.com.ar\\\/sitio\\\/#website\"},\"primaryImageOfPage\":{\"@id\":\"https:\\\/\\\/gentedebasquet.com.ar\\\/sitio\\\/2023\\\/06\\\/10\\\/9-de-julio-volvio-a-primera\\\/#primaryimage\"},\"image\":{\"@id\":\"https:\\\/\\\/gentedebasquet.com.ar\\\/sitio\\\/2023\\\/06\\\/10\\\/9-de-julio-volvio-a-primera\\\/#primaryimage\"},\"thumbnailUrl\":\"https:\\\/\\\/gentedebasquet.com.ar\\\/sitio\\\/wp-content\\\/uploads\\\/2023\\\/06\\\/principal-sb-9dj-5.jpg\",\"datePublished\":\"2023-06-10T05:10:42+00:00\",\"author\":{\"@id\":\"https:\\\/\\\/gentedebasquet.com.ar\\\/sitio\\\/#\\\/schema\\\/person\\\/ca0b63bbb977369988a7bbbdc519943a\"},\"breadcrumb\":{\"@id\":\"https:\\\/\\\/gentedebasquet.com.ar\\\/sitio\\\/2023\\\/06\\\/10\\\/9-de-julio-volvio-a-primera\\\/#breadcrumb\"},\"inLanguage\":\"es\",\"potentialAction\":[{\"@type\":\"ReadAction\",\"target\":[\"https:\\\/\\\/gentedebasquet.com.ar\\\/sitio\\\/2023\\\/06\\\/10\\\/9-de-julio-volvio-a-primera\\\/\"]}]},{\"@type\":\"ImageObject\",\"inLanguage\":\"es\",\"@id\":\"https:\\\/\\\/gentedebasquet.com.ar\\\/sitio\\\/2023\\\/06\\\/10\\\/9-de-julio-volvio-a-primera\\\/#primaryimage\",\"url\":\"https:\\\/\\\/gentedebasquet.com.ar\\\/sitio\\\/wp-content\\\/uploads\\\/2023\\\/06\\\/principal-sb-9dj-5.jpg\",\"contentUrl\":\"https:\\\/\\\/gentedebasquet.com.ar\\\/sitio\\\/wp-content\\\/uploads\\\/2023\\\/06\\\/principal-sb-9dj-5.jpg\",\"width\":690,\"height\":319},{\"@type\":\"BreadcrumbList\",\"@id\":\"https:\\\/\\\/gentedebasquet.com.ar\\\/sitio\\\/2023\\\/06\\\/10\\\/9-de-julio-volvio-a-primera\\\/#breadcrumb\",\"itemListElement\":[{\"@type\":\"ListItem\",\"position\":1,\"name\":\"Portada\",\"item\":\"https:\\\/\\\/gentedebasquet.com.ar\\\/sitio\\\/\"},{\"@type\":\"ListItem\",\"position\":2,\"name\":\"\u00a19 de Julio volvi\u00f3 a Primera!\"}]},{\"@type\":\"WebSite\",\"@id\":\"https:\\\/\\\/gentedebasquet.com.ar\\\/sitio\\\/#website\",\"url\":\"https:\\\/\\\/gentedebasquet.com.ar\\\/sitio\\\/\",\"name\":\"Gente de B\u00e1squet\",\"description\":\"La revista del basquet de Bah\u00eda Blanca\",\"potentialAction\":[{\"@type\":\"SearchAction\",\"target\":{\"@type\":\"EntryPoint\",\"urlTemplate\":\"https:\\\/\\\/gentedebasquet.com.ar\\\/sitio\\\/?s={search_term_string}\"},\"query-input\":{\"@type\":\"PropertyValueSpecification\",\"valueRequired\":true,\"valueName\":\"search_term_string\"}}],\"inLanguage\":\"es\"},{\"@type\":\"Person\",\"@id\":\"https:\\\/\\\/gentedebasquet.com.ar\\\/sitio\\\/#\\\/schema\\\/person\\\/ca0b63bbb977369988a7bbbdc519943a\",\"name\":\"Gente de B\u00e1squet\",\"image\":{\"@type\":\"ImageObject\",\"inLanguage\":\"es\",\"@id\":\"https:\\\/\\\/secure.gravatar.com\\\/avatar\\\/7f2c48bdc33b30088f941fb6082e555f2874c98e20cb159d7b92b50eadfce793?s=96&d=mm&r=g\",\"url\":\"https:\\\/\\\/secure.gravatar.com\\\/avatar\\\/7f2c48bdc33b30088f941fb6082e555f2874c98e20cb159d7b92b50eadfce793?s=96&d=mm&r=g\",\"contentUrl\":\"https:\\\/\\\/secure.gravatar.com\\\/avatar\\\/7f2c48bdc33b30088f941fb6082e555f2874c98e20cb159d7b92b50eadfce793?s=96&d=mm&r=g\",\"caption\":\"Gente de B\u00e1squet\"},\"sameAs\":[\"http:\\\/\\\/gentedebasquet.com.ar\\\/sitio\"],\"url\":\"https:\\\/\\\/gentedebasquet.com.ar\\\/sitio\\\/author\\\/ulises\\\/\"}]}<\/script>\n<!-- \/ Yoast SEO plugin. -->","yoast_head_json":{"title":"\u00a19 de Julio volvi\u00f3 a Primera! - Gente de B\u00e1squet","robots":{"index":"index","follow":"follow","max-snippet":"max-snippet:-1","max-image-preview":"max-image-preview:large","max-video-preview":"max-video-preview:-1"},"canonical":"https:\/\/gentedebasquet.com.ar\/sitio\/2023\/06\/10\/9-de-julio-volvio-a-primera\/","og_locale":"es_ES","og_type":"article","og_title":"\u00a19 de Julio volvi\u00f3 a Primera! - Gente de B\u00e1squet","og_description":"9 de Julio volvi\u00f3 al torneo de Primera Divisi\u00f3n, tras vencer en la promoci\u00f3n a Sportivo. Supo luchar, sufrir, correr de atr\u00e1s, pero termin\u00f3 festejando, y vuelve al lugar que anhel\u00f3 durante toda la temporada. El partido pas\u00f3 por todas las emociones posibles. Sportivo jug\u00f3 un gran encuentro y una gran serie, y puso en [&hellip;]","og_url":"https:\/\/gentedebasquet.com.ar\/sitio\/2023\/06\/10\/9-de-julio-volvio-a-primera\/","og_site_name":"Gente de B\u00e1squet","article_published_time":"2023-06-10T05:10:42+00:00","og_image":[{"width":690,"height":319,"url":"https:\/\/gentedebasquet.com.ar\/sitio\/wp-content\/uploads\/2023\/06\/principal-sb-9dj-5.jpg","type":"image\/jpeg"}],"author":"Gente de B\u00e1squet","twitter_card":"summary_large_image","twitter_misc":{"Escrito por":"Gente de B\u00e1squet","Tiempo de lectura":"5 minutos"},"schema":{"@context":"https:\/\/schema.org","@graph":[{"@type":"Article","@id":"https:\/\/gentedebasquet.com.ar\/sitio\/2023\/06\/10\/9-de-julio-volvio-a-primera\/#article","isPartOf":{"@id":"https:\/\/gentedebasquet.com.ar\/sitio\/2023\/06\/10\/9-de-julio-volvio-a-primera\/"},"author":{"name":"Gente de B\u00e1squet","@id":"https:\/\/gentedebasquet.com.ar\/sitio\/#\/schema\/person\/ca0b63bbb977369988a7bbbdc519943a"},"headline":"\u00a19 de Julio volvi\u00f3 a Primera!","datePublished":"2023-06-10T05:10:42+00:00","mainEntityOfPage":{"@id":"https:\/\/gentedebasquet.com.ar\/sitio\/2023\/06\/10\/9-de-julio-volvio-a-primera\/"},"wordCount":942,"image":{"@id":"https:\/\/gentedebasquet.com.ar\/sitio\/2023\/06\/10\/9-de-julio-volvio-a-primera\/#primaryimage"},"thumbnailUrl":"https:\/\/gentedebasquet.com.ar\/sitio\/wp-content\/uploads\/2023\/06\/principal-sb-9dj-5.jpg","keywords":["9 de Julio","Jos\u00e9 Guti\u00e9rrez","Lucas Lucchetti","Primera","Primera Divisi\u00f3n","Promoci\u00f3n","Segunda","Segunda Divisi\u00f3n","Sportivo","Sportivo Bahiense"],"articleSection":["Primera","Segunda","Slide"],"inLanguage":"es"},{"@type":"WebPage","@id":"https:\/\/gentedebasquet.com.ar\/sitio\/2023\/06\/10\/9-de-julio-volvio-a-primera\/","url":"https:\/\/gentedebasquet.com.ar\/sitio\/2023\/06\/10\/9-de-julio-volvio-a-primera\/","name":"\u00a19 de Julio volvi\u00f3 a Primera! - Gente de B\u00e1squet","isPartOf":{"@id":"https:\/\/gentedebasquet.com.ar\/sitio\/#website"},"primaryImageOfPage":{"@id":"https:\/\/gentedebasquet.com.ar\/sitio\/2023\/06\/10\/9-de-julio-volvio-a-primera\/#primaryimage"},"image":{"@id":"https:\/\/gentedebasquet.com.ar\/sitio\/2023\/06\/10\/9-de-julio-volvio-a-primera\/#primaryimage"},"thumbnailUrl":"https:\/\/gentedebasquet.com.ar\/sitio\/wp-content\/uploads\/2023\/06\/principal-sb-9dj-5.jpg","datePublished":"2023-06-10T05:10:42+00:00","author":{"@id":"https:\/\/gentedebasquet.com.ar\/sitio\/#\/schema\/person\/ca0b63bbb977369988a7bbbdc519943a"},"breadcrumb":{"@id":"https:\/\/gentedebasquet.com.ar\/sitio\/2023\/06\/10\/9-de-julio-volvio-a-primera\/#breadcrumb"},"inLanguage":"es","potentialAction":[{"@type":"ReadAction","target":["https:\/\/gentedebasquet.com.ar\/sitio\/2023\/06\/10\/9-de-julio-volvio-a-primera\/"]}]},{"@type":"ImageObject","inLanguage":"es","@id":"https:\/\/gentedebasquet.com.ar\/sitio\/2023\/06\/10\/9-de-julio-volvio-a-primera\/#primaryimage","url":"https:\/\/gentedebasquet.com.ar\/sitio\/wp-content\/uploads\/2023\/06\/principal-sb-9dj-5.jpg","contentUrl":"https:\/\/gentedebasquet.com.ar\/sitio\/wp-content\/uploads\/2023\/06\/principal-sb-9dj-5.jpg","width":690,"height":319},{"@type":"BreadcrumbList","@id":"https:\/\/gentedebasquet.com.ar\/sitio\/2023\/06\/10\/9-de-julio-volvio-a-primera\/#breadcrumb","itemListElement":[{"@type":"ListItem","position":1,"name":"Portada","item":"https:\/\/gentedebasquet.com.ar\/sitio\/"},{"@type":"ListItem","position":2,"name":"\u00a19 de Julio volvi\u00f3 a Primera!"}]},{"@type":"WebSite","@id":"https:\/\/gentedebasquet.com.ar\/sitio\/#website","url":"https:\/\/gentedebasquet.com.ar\/sitio\/","name":"Gente de B\u00e1squet","description":"La revista del basquet de Bah\u00eda Blanca","potentialAction":[{"@type":"SearchAction","target":{"@type":"EntryPoint","urlTemplate":"https:\/\/gentedebasquet.com.ar\/sitio\/?s={search_term_string}"},"query-input":{"@type":"PropertyValueSpecification","valueRequired":true,"valueName":"search_term_string"}}],"inLanguage":"es"},{"@type":"Person","@id":"https:\/\/gentedebasquet.com.ar\/sitio\/#\/schema\/person\/ca0b63bbb977369988a7bbbdc519943a","name":"Gente de B\u00e1squet","image":{"@type":"ImageObject","inLanguage":"es","@id":"https:\/\/secure.gravatar.com\/avatar\/7f2c48bdc33b30088f941fb6082e555f2874c98e20cb159d7b92b50eadfce793?s=96&d=mm&r=g","url":"https:\/\/secure.gravatar.com\/avatar\/7f2c48bdc33b30088f941fb6082e555f2874c98e20cb159d7b92b50eadfce793?s=96&d=mm&r=g","contentUrl":"https:\/\/secure.gravatar.com\/avatar\/7f2c48bdc33b30088f941fb6082e555f2874c98e20cb159d7b92b50eadfce793?s=96&d=mm&r=g","caption":"Gente de B\u00e1squet"},"sameAs":["http:\/\/gentedebasquet.com.ar\/sitio"],"url":"https:\/\/gentedebasquet.com.ar\/sitio\/author\/ulises\/"}]}},"_links":{"self":[{"href":"https:\/\/gentedebasquet.com.ar\/sitio\/wp-json\/wp\/v2\/posts\/107901","targetHints":{"allow":["GET"]}}],"collection":[{"href":"https:\/\/gentedebasquet.com.ar\/sitio\/wp-json\/wp\/v2\/posts"}],"about":[{"href":"https:\/\/gentedebasquet.com.ar\/sitio\/wp-json\/wp\/v2\/types\/post"}],"author":[{"embeddable":true,"href":"https:\/\/gentedebasquet.com.ar\/sitio\/wp-json\/wp\/v2\/users\/1"}],"replies":[{"embeddable":true,"href":"https:\/\/gentedebasquet.com.ar\/sitio\/wp-json\/wp\/v2\/comments?post=107901"}],"version-history":[{"count":0,"href":"https:\/\/gentedebasquet.com.ar\/sitio\/wp-json\/wp\/v2\/posts\/107901\/revisions"}],"wp:featuredmedia":[{"embeddable":true,"href":"https:\/\/gentedebasquet.com.ar\/sitio\/wp-json\/wp\/v2\/media\/107907"}],"wp:attachment":[{"href":"https:\/\/gentedebasquet.com.ar\/sitio\/wp-json\/wp\/v2\/media?parent=107901"}],"wp:term":[{"taxonomy":"category","embeddable":true,"href":"https:\/\/gentedebasquet.com.ar\/sitio\/wp-json\/wp\/v2\/categories?post=107901"},{"taxonomy":"post_tag","embeddable":true,"href":"https:\/\/gentedebasquet.com.ar\/sitio\/wp-json\/wp\/v2\/tags?post=107901"}],"curies":[{"name":"wp","href":"https:\/\/api.w.org\/{rel}","templated":true}]}}