{"id":10811,"date":"2013-05-08T02:26:36","date_gmt":"2013-05-08T02:26:36","guid":{"rendered":"http:\/\/www.gentedebasquet.com.ar\/?p=10811"},"modified":"2013-05-08T02:26:36","modified_gmt":"2013-05-08T02:26:36","slug":"10-anos-no-es-nada","status":"publish","type":"post","link":"https:\/\/gentedebasquet.com.ar\/sitio\/2013\/05\/08\/10-anos-no-es-nada\/","title":{"rendered":"10 a\u00f1os no es nada"},"content":{"rendered":"<p><strong><em><a href=\"http:\/\/www.gentedebasquet.com.ar\/wp-content\/uploads\/2013\/05\/Whitense-Comercial.jpg\"><img decoding=\"async\" class=\"alignnone size-full wp-image-10819\" src=\"http:\/\/www.gentedebasquet.com.ar\/wp-content\/uploads\/2013\/05\/Whitense-Comercial.jpg\" alt=\"\" width=\"448\" height=\"336\" \/><\/a>Puerto Comercial le gan\u00f3 como visitante el cl\u00e1sico de White a Deportivo Whitense por un apabullante 104 a 67. La gran figura de la cancha, fue Am\u00edlcar Andreanelli (quien hoy cumple 10 a\u00f1os de su debut en Primera) con 31 puntos y 7 rebotes. A su vez, se destacaron Walter Acebedo y Andr\u00e9s Maidana con 19 y 18 tantos, respectivamente. Por el lado del local, no alcanzaron los 13 puntos de Mart\u00edn Godoy. Los de Errazu, son los nuevos l\u00edderes del torneo.<\/em><\/strong><\/p>\n<p><!--more--><\/p>\n<p>Con un primer cuarto que comenz\u00f3 err\u00e1tico, Comercial se coloc\u00f3 r\u00e1pidamente arriba en el marcador con un parcial de 5-2, luego de que Caspe convirtiera desde la l\u00ednea el primer tanto a los 2 minutos. El mismo Pancho, fue el destacado de los primeros instantes ya que a su vez, logr\u00f3 sumar dos triples consecutivos para redondear en 7 puntos. Andreanelli y Acebedo lo acompa\u00f1aron con 5 y 4 tantos respectivamente y as\u00ed la visita duplic\u00f3 al rival en el marcador (18-9). Con la fortaleza en la pintura, Maidana colabor\u00f3 y con un parcial de 15-5, el cuarto se cerr\u00f3 29 a 13 en favor de Comercial.<\/p>\n<p>El segundo cuarto comenz\u00f3 como el primero, con muchos errores y gran cantidad de p\u00e9rdidas, en especial para el local. El tr\u00edo Caspe-Maidana-Acebedo era imparable y mientras los de Ipucha intentaban desde el per\u00edmetro sin resultados (0\/10 en triples), Comercial segu\u00eda sumando. Gim\u00e9nez se retiraba lesionado y Whitense perd\u00eda un hombre clave. Andreanelli ayud\u00f3 desde la l\u00ednea con su efectividad (4\/4) y Acebedo, con 4\/4 en dobles, cerr\u00f3 el primer tiempo 56-28, en favor de los de Errazu.<\/p>\n<p>En el segundo tiempo, el local intent\u00f3 la remontada y esboz\u00f3 un peque\u00f1o parcial de 5-0 con un triple de Godoy (2\/7). Dialuce colabor\u00f3 con sus primeros tres puntos y Godoy r\u00e1pidamente volvi\u00f3 atacar con un nuevo triple. Pero las p\u00e9rdidas le costaron caro y Comercial, con Andreanelli como figura destacada, le negaban el acercamiento en el marcador. Maidana sacaba 30 de luz y el resultado se volv\u00eda irremediable. Solo Godoy era la figura con 4 triples consecutivos y los de Ipucha ve\u00edan cada vez a su rival m\u00e1s lejos. De esta forma, el per\u00edodo finaliz\u00f3 78 a 48.<\/p>\n<p>El \u00faltimo cuarto estuvo de m\u00e1s. No s\u00f3lo se mantuvo la diferencia, sino que se ampli\u00f3. Whitense se carg\u00f3 con faltas y Comercial aprovech\u00f3 la gran cantidad de rebotes ofensivos (11 contra 5) para tener m\u00e1s de una chance por ataque. Andreanelli y Maidana fueron las figuras de este pasaje y Harina rompi\u00f3 con la paridad al sacar 32 de luz con el 84-52.\u00a0 Am\u00edlcar cont\u00f3 con el 100% de efectividad desde la l\u00ednea con 8\/8 y a partir de all\u00ed, Errazu lo envi\u00f3 al banco. Comenz\u00f3 a rotar al equipo, a cuidar jugadores y a darles minutos a los m\u00e1s j\u00f3venes. Y por si fuera poco, y para cerrar el partido, Garayzar en su \u00fanico tiro de campo, encest\u00f3 el triple final para cerrar la contundente victoria de Comercial en el c\u00e1sico por 104 a 67.<\/p>\n<p>S\u00edntesis:<\/p>\n<p><strong>Deportivo Whitense (67)<\/strong>:<\/p>\n<p>Iniciales: Montangi\u00e9, Sergio (3); Becchio, Mat\u00edas (2); Godoy, Mart\u00edn (13); Gim\u00e9nez, Julio (4); Palacios, Reinaldo (8)<\/p>\n<p>Ingresaron: Dialuce, Gast\u00f3n (5); Focianos, Bruno (4); Resler, Gonzalo (8); P\u00e9rez, Joaqu\u00edn (4); Capuso, Mauro (5); Marzola, Bruno (6); Leiva, Fernando (5)<\/p>\n<p>DT: Ipucha, Mart\u00edn<strong> <\/strong><\/p>\n<p><strong>Puerto Comercial (104)<\/strong>:<\/p>\n<p>Iniciales: Andreanelli, Am\u00edlcar (31); Acebedo, Walter (19); Harina, Federico (12); Caspe, Ignacio (9); Maidana, Andr\u00e9s (18)<\/p>\n<p>Ingresaron: De Pastena, Juan Ignacio (2); Riviere, Ramiro (0); Garayzar, Ramiro (5); \u00c9rcoli, Ignacio (0); Vallejos, Nicol\u00e1s (0); Congos, Federico (6).<\/p>\n<p>DT: Errazu, Mario<\/p>\n<p><strong>Parciales<\/strong>: 13-29; 28-56; 48-78<\/p>\n<p><strong>5 Faltas<\/strong>: Federico Congos (Comercial)<\/p>\n<p><strong>\u00c1rbitros<\/strong>: S\u00e1nchez, Javier \u2013 Go\u00f1i, Alejandro<\/p>\n<p><strong>Estadio:<\/strong> Los Aviones Azules<\/p>\n<p><a class=\"modalf iframe\" title=\"Planilla\" href=\"https:\/\/docs.google.com\/spreadsheet\/pub?key=0AmQ4w9i2HKVQdHZrQWgwa1dqampsWE5ad21NczR0RHc&amp;single=true&amp;gid=0&amp;output=html\">Ver Planilla<\/a><\/p>\n<p>*<span style=\"text-decoration: underline\">10 a\u00f1os de Andreanelli en Primera<\/span>:<\/p>\n<p>Debut\u00f3 con la camiseta de Comercial frente a El Nacional en condici\u00f3n de visitante, bajo la conducci\u00f3n de Mario Errazu. El dato, fue aportado por nuestro compa\u00f1ero, colega y planillero del club portuario, Yoyi Dilernia.<\/p>\n<p>*<span style=\"text-decoration: underline\">Lesi\u00f3n de Juan Cruz Santini<\/span><\/p>\n<p>El jugador de Comercial, que generalmente utiliza la camiseta n\u00famero 12, sufri\u00f3 una contractura en el posterior de la pierna derecha, que le impidi\u00f3 jugar. Sin embargo, estuvo acompa\u00f1ando al equipo desde el banco de suplentes.<\/p>\n","protected":false},"excerpt":{"rendered":"<p>Puerto Comercial le gan\u00f3 como visitante el cl\u00e1sico de White a Deportivo Whitense por un apabullante 104 a 67. La gran figura de la cancha, fue Am\u00edlcar Andreanelli (quien hoy cumple 10 a\u00f1os de su debut en Primera) con 31 puntos y 7 rebotes. A su vez, se destacaron Walter Acebedo y Andr\u00e9s Maidana con [&hellip;]<\/p>\n","protected":false},"author":10,"featured_media":0,"comment_status":"open","ping_status":"open","sticky":false,"template":"","format":"standard","meta":{"jnews-multi-image_gallery":[],"jnews_single_post":[],"jnews_primary_category":[],"footnotes":""},"categories":[25],"tags":[7,8],"class_list":["post-10811","post","type-post","status-publish","format-standard","hentry","category-segunda","tag-comercial","tag-deportivo-whitense"],"yoast_head":"<!-- This site is optimized with the Yoast SEO plugin v27.5 - https:\/\/yoast.com\/product\/yoast-seo-wordpress\/ -->\n<title>10 a\u00f1os no es nada - Gente de B\u00e1squet<\/title>\n<meta name=\"robots\" content=\"index, follow, max-snippet:-1, max-image-preview:large, max-video-preview:-1\" \/>\n<link rel=\"canonical\" href=\"https:\/\/gentedebasquet.com.ar\/sitio\/2013\/05\/08\/10-anos-no-es-nada\/\" \/>\n<meta property=\"og:locale\" content=\"es_ES\" \/>\n<meta property=\"og:type\" content=\"article\" \/>\n<meta property=\"og:title\" content=\"10 a\u00f1os no es nada - Gente de B\u00e1squet\" \/>\n<meta property=\"og:description\" content=\"Puerto Comercial le gan\u00f3 como visitante el cl\u00e1sico de White a Deportivo Whitense por un apabullante 104 a 67. La gran figura de la cancha, fue Am\u00edlcar Andreanelli (quien hoy cumple 10 a\u00f1os de su debut en Primera) con 31 puntos y 7 rebotes. A su vez, se destacaron Walter Acebedo y Andr\u00e9s Maidana con [&hellip;]\" \/>\n<meta property=\"og:url\" content=\"https:\/\/gentedebasquet.com.ar\/sitio\/2013\/05\/08\/10-anos-no-es-nada\/\" \/>\n<meta property=\"og:site_name\" content=\"Gente de B\u00e1squet\" \/>\n<meta property=\"article:published_time\" content=\"2013-05-08T02:26:36+00:00\" \/>\n<meta property=\"og:image\" content=\"http:\/\/www.gentedebasquet.com.ar\/wp-content\/uploads\/2013\/05\/Whitense-Comercial.jpg\" \/>\n<meta name=\"author\" content=\"Emiliano Roza\" \/>\n<meta name=\"twitter:card\" content=\"summary_large_image\" \/>\n<meta name=\"twitter:label1\" content=\"Escrito por\" \/>\n\t<meta name=\"twitter:data1\" content=\"Emiliano Roza\" \/>\n\t<meta name=\"twitter:label2\" content=\"Tiempo de lectura\" \/>\n\t<meta name=\"twitter:data2\" content=\"3 minutos\" \/>\n<script type=\"application\/ld+json\" class=\"yoast-schema-graph\">{\"@context\":\"https:\\\/\\\/schema.org\",\"@graph\":[{\"@type\":\"Article\",\"@id\":\"https:\\\/\\\/gentedebasquet.com.ar\\\/sitio\\\/2013\\\/05\\\/08\\\/10-anos-no-es-nada\\\/#article\",\"isPartOf\":{\"@id\":\"https:\\\/\\\/gentedebasquet.com.ar\\\/sitio\\\/2013\\\/05\\\/08\\\/10-anos-no-es-nada\\\/\"},\"author\":{\"name\":\"Emiliano Roza\",\"@id\":\"https:\\\/\\\/gentedebasquet.com.ar\\\/sitio\\\/#\\\/schema\\\/person\\\/745db2a44dc7729cfc1c6faaa16d895b\"},\"headline\":\"10 a\u00f1os no es nada\",\"datePublished\":\"2013-05-08T02:26:36+00:00\",\"mainEntityOfPage\":{\"@id\":\"https:\\\/\\\/gentedebasquet.com.ar\\\/sitio\\\/2013\\\/05\\\/08\\\/10-anos-no-es-nada\\\/\"},\"wordCount\":693,\"commentCount\":0,\"image\":{\"@id\":\"https:\\\/\\\/gentedebasquet.com.ar\\\/sitio\\\/2013\\\/05\\\/08\\\/10-anos-no-es-nada\\\/#primaryimage\"},\"thumbnailUrl\":\"http:\\\/\\\/www.gentedebasquet.com.ar\\\/wp-content\\\/uploads\\\/2013\\\/05\\\/Whitense-Comercial.jpg\",\"keywords\":[\"Comercial\",\"Deportivo Whitense\"],\"articleSection\":[\"Segunda\"],\"inLanguage\":\"es\",\"potentialAction\":[{\"@type\":\"CommentAction\",\"name\":\"Comment\",\"target\":[\"https:\\\/\\\/gentedebasquet.com.ar\\\/sitio\\\/2013\\\/05\\\/08\\\/10-anos-no-es-nada\\\/#respond\"]}]},{\"@type\":\"WebPage\",\"@id\":\"https:\\\/\\\/gentedebasquet.com.ar\\\/sitio\\\/2013\\\/05\\\/08\\\/10-anos-no-es-nada\\\/\",\"url\":\"https:\\\/\\\/gentedebasquet.com.ar\\\/sitio\\\/2013\\\/05\\\/08\\\/10-anos-no-es-nada\\\/\",\"name\":\"10 a\u00f1os no es nada - Gente de B\u00e1squet\",\"isPartOf\":{\"@id\":\"https:\\\/\\\/gentedebasquet.com.ar\\\/sitio\\\/#website\"},\"primaryImageOfPage\":{\"@id\":\"https:\\\/\\\/gentedebasquet.com.ar\\\/sitio\\\/2013\\\/05\\\/08\\\/10-anos-no-es-nada\\\/#primaryimage\"},\"image\":{\"@id\":\"https:\\\/\\\/gentedebasquet.com.ar\\\/sitio\\\/2013\\\/05\\\/08\\\/10-anos-no-es-nada\\\/#primaryimage\"},\"thumbnailUrl\":\"http:\\\/\\\/www.gentedebasquet.com.ar\\\/wp-content\\\/uploads\\\/2013\\\/05\\\/Whitense-Comercial.jpg\",\"datePublished\":\"2013-05-08T02:26:36+00:00\",\"author\":{\"@id\":\"https:\\\/\\\/gentedebasquet.com.ar\\\/sitio\\\/#\\\/schema\\\/person\\\/745db2a44dc7729cfc1c6faaa16d895b\"},\"breadcrumb\":{\"@id\":\"https:\\\/\\\/gentedebasquet.com.ar\\\/sitio\\\/2013\\\/05\\\/08\\\/10-anos-no-es-nada\\\/#breadcrumb\"},\"inLanguage\":\"es\",\"potentialAction\":[{\"@type\":\"ReadAction\",\"target\":[\"https:\\\/\\\/gentedebasquet.com.ar\\\/sitio\\\/2013\\\/05\\\/08\\\/10-anos-no-es-nada\\\/\"]}]},{\"@type\":\"ImageObject\",\"inLanguage\":\"es\",\"@id\":\"https:\\\/\\\/gentedebasquet.com.ar\\\/sitio\\\/2013\\\/05\\\/08\\\/10-anos-no-es-nada\\\/#primaryimage\",\"url\":\"http:\\\/\\\/www.gentedebasquet.com.ar\\\/wp-content\\\/uploads\\\/2013\\\/05\\\/Whitense-Comercial.jpg\",\"contentUrl\":\"http:\\\/\\\/www.gentedebasquet.com.ar\\\/wp-content\\\/uploads\\\/2013\\\/05\\\/Whitense-Comercial.jpg\"},{\"@type\":\"BreadcrumbList\",\"@id\":\"https:\\\/\\\/gentedebasquet.com.ar\\\/sitio\\\/2013\\\/05\\\/08\\\/10-anos-no-es-nada\\\/#breadcrumb\",\"itemListElement\":[{\"@type\":\"ListItem\",\"position\":1,\"name\":\"Portada\",\"item\":\"https:\\\/\\\/gentedebasquet.com.ar\\\/sitio\\\/\"},{\"@type\":\"ListItem\",\"position\":2,\"name\":\"10 a\u00f1os no es nada\"}]},{\"@type\":\"WebSite\",\"@id\":\"https:\\\/\\\/gentedebasquet.com.ar\\\/sitio\\\/#website\",\"url\":\"https:\\\/\\\/gentedebasquet.com.ar\\\/sitio\\\/\",\"name\":\"Gente de B\u00e1squet\",\"description\":\"La revista del basquet de Bah\u00eda Blanca\",\"potentialAction\":[{\"@type\":\"SearchAction\",\"target\":{\"@type\":\"EntryPoint\",\"urlTemplate\":\"https:\\\/\\\/gentedebasquet.com.ar\\\/sitio\\\/?s={search_term_string}\"},\"query-input\":{\"@type\":\"PropertyValueSpecification\",\"valueRequired\":true,\"valueName\":\"search_term_string\"}}],\"inLanguage\":\"es\"},{\"@type\":\"Person\",\"@id\":\"https:\\\/\\\/gentedebasquet.com.ar\\\/sitio\\\/#\\\/schema\\\/person\\\/745db2a44dc7729cfc1c6faaa16d895b\",\"name\":\"Emiliano Roza\",\"image\":{\"@type\":\"ImageObject\",\"inLanguage\":\"es\",\"@id\":\"https:\\\/\\\/secure.gravatar.com\\\/avatar\\\/04256ceef48211167df8402e69580be023beb74ca857078daaf21e35d6076e03?s=96&d=mm&r=g\",\"url\":\"https:\\\/\\\/secure.gravatar.com\\\/avatar\\\/04256ceef48211167df8402e69580be023beb74ca857078daaf21e35d6076e03?s=96&d=mm&r=g\",\"contentUrl\":\"https:\\\/\\\/secure.gravatar.com\\\/avatar\\\/04256ceef48211167df8402e69580be023beb74ca857078daaf21e35d6076e03?s=96&d=mm&r=g\",\"caption\":\"Emiliano Roza\"},\"url\":\"https:\\\/\\\/gentedebasquet.com.ar\\\/sitio\\\/author\\\/emilianor\\\/\"}]}<\/script>\n<!-- \/ Yoast SEO plugin. -->","yoast_head_json":{"title":"10 a\u00f1os no es nada - Gente de B\u00e1squet","robots":{"index":"index","follow":"follow","max-snippet":"max-snippet:-1","max-image-preview":"max-image-preview:large","max-video-preview":"max-video-preview:-1"},"canonical":"https:\/\/gentedebasquet.com.ar\/sitio\/2013\/05\/08\/10-anos-no-es-nada\/","og_locale":"es_ES","og_type":"article","og_title":"10 a\u00f1os no es nada - Gente de B\u00e1squet","og_description":"Puerto Comercial le gan\u00f3 como visitante el cl\u00e1sico de White a Deportivo Whitense por un apabullante 104 a 67. La gran figura de la cancha, fue Am\u00edlcar Andreanelli (quien hoy cumple 10 a\u00f1os de su debut en Primera) con 31 puntos y 7 rebotes. A su vez, se destacaron Walter Acebedo y Andr\u00e9s Maidana con [&hellip;]","og_url":"https:\/\/gentedebasquet.com.ar\/sitio\/2013\/05\/08\/10-anos-no-es-nada\/","og_site_name":"Gente de B\u00e1squet","article_published_time":"2013-05-08T02:26:36+00:00","og_image":[{"url":"http:\/\/www.gentedebasquet.com.ar\/wp-content\/uploads\/2013\/05\/Whitense-Comercial.jpg","type":"","width":"","height":""}],"author":"Emiliano Roza","twitter_card":"summary_large_image","twitter_misc":{"Escrito por":"Emiliano Roza","Tiempo de lectura":"3 minutos"},"schema":{"@context":"https:\/\/schema.org","@graph":[{"@type":"Article","@id":"https:\/\/gentedebasquet.com.ar\/sitio\/2013\/05\/08\/10-anos-no-es-nada\/#article","isPartOf":{"@id":"https:\/\/gentedebasquet.com.ar\/sitio\/2013\/05\/08\/10-anos-no-es-nada\/"},"author":{"name":"Emiliano Roza","@id":"https:\/\/gentedebasquet.com.ar\/sitio\/#\/schema\/person\/745db2a44dc7729cfc1c6faaa16d895b"},"headline":"10 a\u00f1os no es nada","datePublished":"2013-05-08T02:26:36+00:00","mainEntityOfPage":{"@id":"https:\/\/gentedebasquet.com.ar\/sitio\/2013\/05\/08\/10-anos-no-es-nada\/"},"wordCount":693,"commentCount":0,"image":{"@id":"https:\/\/gentedebasquet.com.ar\/sitio\/2013\/05\/08\/10-anos-no-es-nada\/#primaryimage"},"thumbnailUrl":"http:\/\/www.gentedebasquet.com.ar\/wp-content\/uploads\/2013\/05\/Whitense-Comercial.jpg","keywords":["Comercial","Deportivo Whitense"],"articleSection":["Segunda"],"inLanguage":"es","potentialAction":[{"@type":"CommentAction","name":"Comment","target":["https:\/\/gentedebasquet.com.ar\/sitio\/2013\/05\/08\/10-anos-no-es-nada\/#respond"]}]},{"@type":"WebPage","@id":"https:\/\/gentedebasquet.com.ar\/sitio\/2013\/05\/08\/10-anos-no-es-nada\/","url":"https:\/\/gentedebasquet.com.ar\/sitio\/2013\/05\/08\/10-anos-no-es-nada\/","name":"10 a\u00f1os no es nada - Gente de B\u00e1squet","isPartOf":{"@id":"https:\/\/gentedebasquet.com.ar\/sitio\/#website"},"primaryImageOfPage":{"@id":"https:\/\/gentedebasquet.com.ar\/sitio\/2013\/05\/08\/10-anos-no-es-nada\/#primaryimage"},"image":{"@id":"https:\/\/gentedebasquet.com.ar\/sitio\/2013\/05\/08\/10-anos-no-es-nada\/#primaryimage"},"thumbnailUrl":"http:\/\/www.gentedebasquet.com.ar\/wp-content\/uploads\/2013\/05\/Whitense-Comercial.jpg","datePublished":"2013-05-08T02:26:36+00:00","author":{"@id":"https:\/\/gentedebasquet.com.ar\/sitio\/#\/schema\/person\/745db2a44dc7729cfc1c6faaa16d895b"},"breadcrumb":{"@id":"https:\/\/gentedebasquet.com.ar\/sitio\/2013\/05\/08\/10-anos-no-es-nada\/#breadcrumb"},"inLanguage":"es","potentialAction":[{"@type":"ReadAction","target":["https:\/\/gentedebasquet.com.ar\/sitio\/2013\/05\/08\/10-anos-no-es-nada\/"]}]},{"@type":"ImageObject","inLanguage":"es","@id":"https:\/\/gentedebasquet.com.ar\/sitio\/2013\/05\/08\/10-anos-no-es-nada\/#primaryimage","url":"http:\/\/www.gentedebasquet.com.ar\/wp-content\/uploads\/2013\/05\/Whitense-Comercial.jpg","contentUrl":"http:\/\/www.gentedebasquet.com.ar\/wp-content\/uploads\/2013\/05\/Whitense-Comercial.jpg"},{"@type":"BreadcrumbList","@id":"https:\/\/gentedebasquet.com.ar\/sitio\/2013\/05\/08\/10-anos-no-es-nada\/#breadcrumb","itemListElement":[{"@type":"ListItem","position":1,"name":"Portada","item":"https:\/\/gentedebasquet.com.ar\/sitio\/"},{"@type":"ListItem","position":2,"name":"10 a\u00f1os no es nada"}]},{"@type":"WebSite","@id":"https:\/\/gentedebasquet.com.ar\/sitio\/#website","url":"https:\/\/gentedebasquet.com.ar\/sitio\/","name":"Gente de B\u00e1squet","description":"La revista del basquet de Bah\u00eda Blanca","potentialAction":[{"@type":"SearchAction","target":{"@type":"EntryPoint","urlTemplate":"https:\/\/gentedebasquet.com.ar\/sitio\/?s={search_term_string}"},"query-input":{"@type":"PropertyValueSpecification","valueRequired":true,"valueName":"search_term_string"}}],"inLanguage":"es"},{"@type":"Person","@id":"https:\/\/gentedebasquet.com.ar\/sitio\/#\/schema\/person\/745db2a44dc7729cfc1c6faaa16d895b","name":"Emiliano Roza","image":{"@type":"ImageObject","inLanguage":"es","@id":"https:\/\/secure.gravatar.com\/avatar\/04256ceef48211167df8402e69580be023beb74ca857078daaf21e35d6076e03?s=96&d=mm&r=g","url":"https:\/\/secure.gravatar.com\/avatar\/04256ceef48211167df8402e69580be023beb74ca857078daaf21e35d6076e03?s=96&d=mm&r=g","contentUrl":"https:\/\/secure.gravatar.com\/avatar\/04256ceef48211167df8402e69580be023beb74ca857078daaf21e35d6076e03?s=96&d=mm&r=g","caption":"Emiliano Roza"},"url":"https:\/\/gentedebasquet.com.ar\/sitio\/author\/emilianor\/"}]}},"_links":{"self":[{"href":"https:\/\/gentedebasquet.com.ar\/sitio\/wp-json\/wp\/v2\/posts\/10811","targetHints":{"allow":["GET"]}}],"collection":[{"href":"https:\/\/gentedebasquet.com.ar\/sitio\/wp-json\/wp\/v2\/posts"}],"about":[{"href":"https:\/\/gentedebasquet.com.ar\/sitio\/wp-json\/wp\/v2\/types\/post"}],"author":[{"embeddable":true,"href":"https:\/\/gentedebasquet.com.ar\/sitio\/wp-json\/wp\/v2\/users\/10"}],"replies":[{"embeddable":true,"href":"https:\/\/gentedebasquet.com.ar\/sitio\/wp-json\/wp\/v2\/comments?post=10811"}],"version-history":[{"count":0,"href":"https:\/\/gentedebasquet.com.ar\/sitio\/wp-json\/wp\/v2\/posts\/10811\/revisions"}],"wp:attachment":[{"href":"https:\/\/gentedebasquet.com.ar\/sitio\/wp-json\/wp\/v2\/media?parent=10811"}],"wp:term":[{"taxonomy":"category","embeddable":true,"href":"https:\/\/gentedebasquet.com.ar\/sitio\/wp-json\/wp\/v2\/categories?post=10811"},{"taxonomy":"post_tag","embeddable":true,"href":"https:\/\/gentedebasquet.com.ar\/sitio\/wp-json\/wp\/v2\/tags?post=10811"}],"curies":[{"name":"wp","href":"https:\/\/api.w.org\/{rel}","templated":true}]}}