{"id":108369,"date":"2023-09-16T06:37:40","date_gmt":"2023-09-16T04:37:40","guid":{"rendered":"https:\/\/gentedebasquet.com.ar\/sitio\/?p=108369"},"modified":"2023-09-26T23:54:19","modified_gmt":"2023-09-26T21:54:19","slug":"argentino-supo-sufrir-y-se-lo-llevo-en-el-polizzi","status":"publish","type":"post","link":"https:\/\/gentedebasquet.com.ar\/sitio\/2023\/09\/16\/argentino-supo-sufrir-y-se-lo-llevo-en-el-polizzi\/","title":{"rendered":"Argentino supo sufrir y se lo llev\u00f3 en el Polizzi"},"content":{"rendered":"<p><strong>En su visita a Punta Alta, Argentino venci\u00f3 a Ateneo por un ajustado 76-74. Con el golpe por golpe como protagonista, el conjunto bahiense defendi\u00f3 la \u00faltima bola y se llev\u00f3 un triunfo muy importante.<\/strong><\/p>\n<p>El encuentro fue parejo, de principio a fin. La mayor ventaja se dio en el primer tiempo, cuando el visitante se puso 15-22. Pero los de Kooistra, con S\u00e1nchez y Bettio como principales anotadores, lograron irse al descanso arriba con un 36-33 en el tablero.<\/p>\n<p>La ventaja nunca super\u00f3 las dos cifras. Pero la aparici\u00f3n de Gast\u00f3n Ch\u00e1vez con dos triples y los 9\/11 tiros libres de Tomas Del Sol contrarrestaron los 21 puntos que termin\u00f3 sumando Franco Bettio. Y a falta de 2 minutos para el cierre, un parcial de 10-4 a favor de Argentino termin\u00f3 inclinando la balanza hacia Bah\u00eda.<\/p>\n<p>El conjunto de Balducci defendi\u00f3 el \u00faltimo embate rival y se llev\u00f3 una gran victoria.<\/p>\n<p><img decoding=\"async\" src=\"http:\/\/gentedebasquet.com.ar\/sitio\/wp-content\/uploads\/2023\/07\/Gif-Publicidades-1.gif\" data-pin-no-hover=\"true\" \/><\/p>\n<div class=\"jeg_video_container jeg_video_content\"><iframe loading=\"lazy\" title=\"#Segunda - Fecha #1: Ateneo 74 - 76 Argentino\" width=\"500\" height=\"281\" src=\"https:\/\/www.youtube.com\/embed\/7Tm0v3-hwwA?feature=oembed\" frameborder=\"0\" allow=\"accelerometer; autoplay; clipboard-write; encrypted-media; gyroscope; picture-in-picture; web-share\" referrerpolicy=\"strict-origin-when-cross-origin\" allowfullscreen><\/iframe><\/div>\n<p><img decoding=\"async\" class=\"alignnone size-medium wp-image-108405\" src=\"http:\/\/gentedebasquet.com.ar\/sitio\/wp-content\/uploads\/2023\/09\/a4df0b31-1a49-4239-ba00-862e1652c39a-300x300.jpg\" alt=\"\" width=\"300\" height=\"300\" srcset=\"https:\/\/gentedebasquet.com.ar\/sitio\/wp-content\/uploads\/2023\/09\/a4df0b31-1a49-4239-ba00-862e1652c39a-300x300.jpg 300w, https:\/\/gentedebasquet.com.ar\/sitio\/wp-content\/uploads\/2023\/09\/a4df0b31-1a49-4239-ba00-862e1652c39a-1024x1024.jpg 1024w, https:\/\/gentedebasquet.com.ar\/sitio\/wp-content\/uploads\/2023\/09\/a4df0b31-1a49-4239-ba00-862e1652c39a-150x150.jpg 150w, https:\/\/gentedebasquet.com.ar\/sitio\/wp-content\/uploads\/2023\/09\/a4df0b31-1a49-4239-ba00-862e1652c39a-768x768.jpg 768w, https:\/\/gentedebasquet.com.ar\/sitio\/wp-content\/uploads\/2023\/09\/a4df0b31-1a49-4239-ba00-862e1652c39a-1536x1536.jpg 1536w, https:\/\/gentedebasquet.com.ar\/sitio\/wp-content\/uploads\/2023\/09\/a4df0b31-1a49-4239-ba00-862e1652c39a-75x75.jpg 75w, https:\/\/gentedebasquet.com.ar\/sitio\/wp-content\/uploads\/2023\/09\/a4df0b31-1a49-4239-ba00-862e1652c39a-350x350.jpg 350w, https:\/\/gentedebasquet.com.ar\/sitio\/wp-content\/uploads\/2023\/09\/a4df0b31-1a49-4239-ba00-862e1652c39a-750x750.jpg 750w, https:\/\/gentedebasquet.com.ar\/sitio\/wp-content\/uploads\/2023\/09\/a4df0b31-1a49-4239-ba00-862e1652c39a-1140x1140.jpg 1140w, https:\/\/gentedebasquet.com.ar\/sitio\/wp-content\/uploads\/2023\/09\/a4df0b31-1a49-4239-ba00-862e1652c39a.jpg 1600w\" sizes=\"(max-width: 300px) 100vw, 300px\" \/><\/p>\n<p><img decoding=\"async\" src=\"http:\/\/gentedebasquet.com.ar\/sitio\/wp-content\/uploads\/2023\/07\/Gif-Publicidades-2.gif\" data-pin-no-hover=\"true\" \/><\/p>\n<p><img decoding=\"async\" class=\"alignnone size-medium wp-image-108416\" src=\"http:\/\/gentedebasquet.com.ar\/sitio\/wp-content\/uploads\/2023\/09\/1e976c4a-6eb5-4280-a362-86529038de42-300x169.jpg\" alt=\"\" width=\"300\" height=\"169\" srcset=\"https:\/\/gentedebasquet.com.ar\/sitio\/wp-content\/uploads\/2023\/09\/1e976c4a-6eb5-4280-a362-86529038de42-300x169.jpg 300w, https:\/\/gentedebasquet.com.ar\/sitio\/wp-content\/uploads\/2023\/09\/1e976c4a-6eb5-4280-a362-86529038de42-1024x576.jpg 1024w, https:\/\/gentedebasquet.com.ar\/sitio\/wp-content\/uploads\/2023\/09\/1e976c4a-6eb5-4280-a362-86529038de42-768x432.jpg 768w, https:\/\/gentedebasquet.com.ar\/sitio\/wp-content\/uploads\/2023\/09\/1e976c4a-6eb5-4280-a362-86529038de42-750x422.jpg 750w, https:\/\/gentedebasquet.com.ar\/sitio\/wp-content\/uploads\/2023\/09\/1e976c4a-6eb5-4280-a362-86529038de42-1140x641.jpg 1140w, https:\/\/gentedebasquet.com.ar\/sitio\/wp-content\/uploads\/2023\/09\/1e976c4a-6eb5-4280-a362-86529038de42.jpg 1280w\" sizes=\"(max-width: 300px) 100vw, 300px\" \/><\/p>\n<blockquote><p>Arrancamos mal los primeros minutos, sab\u00edamos que no iba a ser f\u00e1cil venir a Punta Alta, no pod\u00edamos venir relajados. Cuando ajustamos la defensa nos empezaron a salir las cosas y lo sacamos adelante. El torneo es largo y debemos ir paso a paso<\/p><\/blockquote>\n<p><img decoding=\"async\" class=\"alignnone size-medium wp-image-108404\" src=\"http:\/\/gentedebasquet.com.ar\/sitio\/wp-content\/uploads\/2023\/09\/1af080a1-2ebe-480d-8b65-0cf69884cdbb-300x300.jpg\" alt=\"\" width=\"300\" height=\"300\" srcset=\"https:\/\/gentedebasquet.com.ar\/sitio\/wp-content\/uploads\/2023\/09\/1af080a1-2ebe-480d-8b65-0cf69884cdbb-300x300.jpg 300w, https:\/\/gentedebasquet.com.ar\/sitio\/wp-content\/uploads\/2023\/09\/1af080a1-2ebe-480d-8b65-0cf69884cdbb-1024x1024.jpg 1024w, https:\/\/gentedebasquet.com.ar\/sitio\/wp-content\/uploads\/2023\/09\/1af080a1-2ebe-480d-8b65-0cf69884cdbb-150x150.jpg 150w, https:\/\/gentedebasquet.com.ar\/sitio\/wp-content\/uploads\/2023\/09\/1af080a1-2ebe-480d-8b65-0cf69884cdbb-768x768.jpg 768w, https:\/\/gentedebasquet.com.ar\/sitio\/wp-content\/uploads\/2023\/09\/1af080a1-2ebe-480d-8b65-0cf69884cdbb-1536x1536.jpg 1536w, https:\/\/gentedebasquet.com.ar\/sitio\/wp-content\/uploads\/2023\/09\/1af080a1-2ebe-480d-8b65-0cf69884cdbb-75x75.jpg 75w, https:\/\/gentedebasquet.com.ar\/sitio\/wp-content\/uploads\/2023\/09\/1af080a1-2ebe-480d-8b65-0cf69884cdbb-350x350.jpg 350w, https:\/\/gentedebasquet.com.ar\/sitio\/wp-content\/uploads\/2023\/09\/1af080a1-2ebe-480d-8b65-0cf69884cdbb-750x750.jpg 750w, https:\/\/gentedebasquet.com.ar\/sitio\/wp-content\/uploads\/2023\/09\/1af080a1-2ebe-480d-8b65-0cf69884cdbb-1140x1140.jpg 1140w, https:\/\/gentedebasquet.com.ar\/sitio\/wp-content\/uploads\/2023\/09\/1af080a1-2ebe-480d-8b65-0cf69884cdbb.jpg 1600w\" sizes=\"(max-width: 300px) 100vw, 300px\" \/><\/p>\n<p><img decoding=\"async\" src=\"http:\/\/gentedebasquet.com.ar\/sitio\/wp-content\/uploads\/2023\/07\/Gif-Publicidades-3.gif\" data-pin-no-hover=\"true\" \/><\/p>\n<p><strong>S\u00edntesis \u2013 Segunda \u2013 Fecha 1<\/strong><\/p>\n<p><b>Ateneo 74: <\/b>Gast\u00f3n Mart\u00ednez 9, Nahuel Ilacqua 9, Claudio S\u00e1nchez 16, Franco Bettio 21 y Jes\u00fas Ruiz 5 (FI) Ian Costa 11, Marcos Casco 0, Hernan Mart\u00ednez 0, Nahuel Taboada 0, Nahuel Rivero 3, Gian Domenichetti 0. <strong>DT: Pablo Kooistra.<\/strong><\/p>\n<p><strong>Argentino 76:\u00a0 <\/strong>Tom\u00e1s Del Sol 15, Mart\u00edn Godoy 14, Baltasar Dom\u00ednguez 7, Nicol\u00e1s Antonelli 12 y Genaro Pisani 6 (FI) Genaro Parrotta 3, Lucas Peratta 2, Gast\u00f3n Ch\u00e1vez 10, Mart\u00edn Villoldo 5, Ferm\u00edn Marizcurrena 0. <strong>DT: Renzo Balducci.<\/strong><\/p>\n<p><strong>Parciales<\/strong>: 15-19, 36-33 (21-12), 52-50 (16-17) y 74-76 (22-26)<\/p>\n<p><strong>\u00c1rbitros<\/strong>: Emanuel S\u00e1nchez, Ariel Mallemaci y Marcelo Gordillo<\/p>\n<p><strong>Estadio:<\/strong> Luis Polizzi<\/p>\n<p><img decoding=\"async\" class=\"alignnone size-medium wp-image-108407\" src=\"http:\/\/gentedebasquet.com.ar\/sitio\/wp-content\/uploads\/2023\/09\/7883af05-ade7-4aa6-a513-1efda0afed9a-300x169.jpg\" alt=\"\" width=\"300\" height=\"169\" srcset=\"https:\/\/gentedebasquet.com.ar\/sitio\/wp-content\/uploads\/2023\/09\/7883af05-ade7-4aa6-a513-1efda0afed9a-300x169.jpg 300w, https:\/\/gentedebasquet.com.ar\/sitio\/wp-content\/uploads\/2023\/09\/7883af05-ade7-4aa6-a513-1efda0afed9a-1024x576.jpg 1024w, https:\/\/gentedebasquet.com.ar\/sitio\/wp-content\/uploads\/2023\/09\/7883af05-ade7-4aa6-a513-1efda0afed9a-768x432.jpg 768w, https:\/\/gentedebasquet.com.ar\/sitio\/wp-content\/uploads\/2023\/09\/7883af05-ade7-4aa6-a513-1efda0afed9a-750x422.jpg 750w, https:\/\/gentedebasquet.com.ar\/sitio\/wp-content\/uploads\/2023\/09\/7883af05-ade7-4aa6-a513-1efda0afed9a-1140x641.jpg 1140w, https:\/\/gentedebasquet.com.ar\/sitio\/wp-content\/uploads\/2023\/09\/7883af05-ade7-4aa6-a513-1efda0afed9a.jpg 1280w\" sizes=\"(max-width: 300px) 100vw, 300px\" \/><\/p>\n","protected":false},"excerpt":{"rendered":"<p>En su visita a Punta Alta, Argentino venci\u00f3 a Ateneo por un ajustado 76-74. Con el golpe por golpe como protagonista, el conjunto bahiense defendi\u00f3 la \u00faltima bola y se llev\u00f3 un triunfo muy importante. El encuentro fue parejo, de principio a fin. La mayor ventaja se dio en el primer tiempo, cuando el visitante [&hellip;]<\/p>\n","protected":false},"author":79,"featured_media":108406,"comment_status":"open","ping_status":"open","sticky":false,"template":"","format":"standard","meta":{"jnews-multi-image_gallery":[],"jnews_single_post":{"source_name":"","source_url":"","via_name":"","via_url":"","override_template":"0","override":[{"template":"1","single_blog_custom":"","parallax":"1","fullscreen":"1","layout":"right-sidebar","sidebar":"default-sidebar","second_sidebar":"default-sidebar","sticky_sidebar":"1","share_position":"top","share_float_style":"share-monocrhome","show_share_counter":"0","show_view_counter":"0","show_featured":"1","show_post_meta":"1","show_post_author":"1","show_post_author_image":"1","show_post_date":"1","post_date_format":"default","post_date_format_custom":"Y\/m\/d","show_post_category":"1","show_post_reading_time":"0","post_reading_time_wpm":"300","show_zoom_button":"0","zoom_button_out_step":"2","zoom_button_in_step":"3","show_post_tag":"1","show_prev_next_post":"1","show_popup_post":"1","number_popup_post":"1","show_author_box":"0","show_post_related":"0","show_inline_post_related":"0"}],"override_image_size":"0","image_override":[{"single_post_thumbnail_size":"crop-500","single_post_gallery_size":"crop-500"}],"trending_post":"0","trending_post_position":"meta","trending_post_label":"Trending","sponsored_post":"0","sponsored_post_label":"Sponsored by","sponsored_post_name":"","sponsored_post_url":"","sponsored_post_logo_enable":"0","sponsored_post_logo":"","sponsored_post_desc":"","disable_ad":"0"},"jnews_primary_category":{"id":"","hide":""},"footnotes":""},"categories":[25,101],"tags":[4,1726],"class_list":["post-108369","post","type-post","status-publish","format-standard","has-post-thumbnail","hentry","category-segunda","category-slide","tag-argentino","tag-ateneo"],"yoast_head":"<!-- This site is optimized with the Yoast SEO plugin v27.5 - https:\/\/yoast.com\/product\/yoast-seo-wordpress\/ -->\n<title>Argentino supo sufrir y se lo llev\u00f3 en el Polizzi - Gente de B\u00e1squet<\/title>\n<meta name=\"robots\" content=\"index, follow, max-snippet:-1, max-image-preview:large, max-video-preview:-1\" \/>\n<link rel=\"canonical\" href=\"https:\/\/gentedebasquet.com.ar\/sitio\/2023\/09\/16\/argentino-supo-sufrir-y-se-lo-llevo-en-el-polizzi\/\" \/>\n<meta property=\"og:locale\" content=\"es_ES\" \/>\n<meta property=\"og:type\" content=\"article\" \/>\n<meta property=\"og:title\" content=\"Argentino supo sufrir y se lo llev\u00f3 en el Polizzi - Gente de B\u00e1squet\" \/>\n<meta property=\"og:description\" content=\"En su visita a Punta Alta, Argentino venci\u00f3 a Ateneo por un ajustado 76-74. Con el golpe por golpe como protagonista, el conjunto bahiense defendi\u00f3 la \u00faltima bola y se llev\u00f3 un triunfo muy importante. El encuentro fue parejo, de principio a fin. La mayor ventaja se dio en el primer tiempo, cuando el visitante [&hellip;]\" \/>\n<meta property=\"og:url\" content=\"https:\/\/gentedebasquet.com.ar\/sitio\/2023\/09\/16\/argentino-supo-sufrir-y-se-lo-llevo-en-el-polizzi\/\" \/>\n<meta property=\"og:site_name\" content=\"Gente de B\u00e1squet\" \/>\n<meta property=\"article:published_time\" content=\"2023-09-16T04:37:40+00:00\" \/>\n<meta property=\"article:modified_time\" content=\"2023-09-26T21:54:19+00:00\" \/>\n<meta property=\"og:image\" content=\"https:\/\/gentedebasquet.com.ar\/sitio\/wp-content\/uploads\/2023\/09\/25696780-e21c-4f33-9c5e-8e7a5f484ded.jpg\" \/>\n\t<meta property=\"og:image:width\" content=\"1280\" \/>\n\t<meta property=\"og:image:height\" content=\"720\" \/>\n\t<meta property=\"og:image:type\" content=\"image\/jpeg\" \/>\n<meta name=\"author\" content=\"Agust\u00edn Villamil\" \/>\n<meta name=\"twitter:card\" content=\"summary_large_image\" \/>\n<meta name=\"twitter:label1\" content=\"Escrito por\" \/>\n\t<meta name=\"twitter:data1\" content=\"Agust\u00edn Villamil\" \/>\n\t<meta name=\"twitter:label2\" content=\"Tiempo de lectura\" \/>\n\t<meta name=\"twitter:data2\" content=\"3 minutos\" \/>\n<script type=\"application\/ld+json\" class=\"yoast-schema-graph\">{\"@context\":\"https:\\\/\\\/schema.org\",\"@graph\":[{\"@type\":\"Article\",\"@id\":\"https:\\\/\\\/gentedebasquet.com.ar\\\/sitio\\\/2023\\\/09\\\/16\\\/argentino-supo-sufrir-y-se-lo-llevo-en-el-polizzi\\\/#article\",\"isPartOf\":{\"@id\":\"https:\\\/\\\/gentedebasquet.com.ar\\\/sitio\\\/2023\\\/09\\\/16\\\/argentino-supo-sufrir-y-se-lo-llevo-en-el-polizzi\\\/\"},\"author\":{\"name\":\"Agust\u00edn Villamil\",\"@id\":\"https:\\\/\\\/gentedebasquet.com.ar\\\/sitio\\\/#\\\/schema\\\/person\\\/06cf6aade2e0a6ee3a0dcc76540b0496\"},\"headline\":\"Argentino supo sufrir y se lo llev\u00f3 en el Polizzi\",\"datePublished\":\"2023-09-16T04:37:40+00:00\",\"dateModified\":\"2023-09-26T21:54:19+00:00\",\"mainEntityOfPage\":{\"@id\":\"https:\\\/\\\/gentedebasquet.com.ar\\\/sitio\\\/2023\\\/09\\\/16\\\/argentino-supo-sufrir-y-se-lo-llevo-en-el-polizzi\\\/\"},\"wordCount\":310,\"commentCount\":0,\"image\":{\"@id\":\"https:\\\/\\\/gentedebasquet.com.ar\\\/sitio\\\/2023\\\/09\\\/16\\\/argentino-supo-sufrir-y-se-lo-llevo-en-el-polizzi\\\/#primaryimage\"},\"thumbnailUrl\":\"https:\\\/\\\/gentedebasquet.com.ar\\\/sitio\\\/wp-content\\\/uploads\\\/2023\\\/09\\\/25696780-e21c-4f33-9c5e-8e7a5f484ded.jpg\",\"keywords\":[\"Argentino\",\"Ateneo\"],\"articleSection\":[\"Segunda\",\"Slide\"],\"inLanguage\":\"es\",\"potentialAction\":[{\"@type\":\"CommentAction\",\"name\":\"Comment\",\"target\":[\"https:\\\/\\\/gentedebasquet.com.ar\\\/sitio\\\/2023\\\/09\\\/16\\\/argentino-supo-sufrir-y-se-lo-llevo-en-el-polizzi\\\/#respond\"]}]},{\"@type\":\"WebPage\",\"@id\":\"https:\\\/\\\/gentedebasquet.com.ar\\\/sitio\\\/2023\\\/09\\\/16\\\/argentino-supo-sufrir-y-se-lo-llevo-en-el-polizzi\\\/\",\"url\":\"https:\\\/\\\/gentedebasquet.com.ar\\\/sitio\\\/2023\\\/09\\\/16\\\/argentino-supo-sufrir-y-se-lo-llevo-en-el-polizzi\\\/\",\"name\":\"Argentino supo sufrir y se lo llev\u00f3 en el Polizzi - Gente de B\u00e1squet\",\"isPartOf\":{\"@id\":\"https:\\\/\\\/gentedebasquet.com.ar\\\/sitio\\\/#website\"},\"primaryImageOfPage\":{\"@id\":\"https:\\\/\\\/gentedebasquet.com.ar\\\/sitio\\\/2023\\\/09\\\/16\\\/argentino-supo-sufrir-y-se-lo-llevo-en-el-polizzi\\\/#primaryimage\"},\"image\":{\"@id\":\"https:\\\/\\\/gentedebasquet.com.ar\\\/sitio\\\/2023\\\/09\\\/16\\\/argentino-supo-sufrir-y-se-lo-llevo-en-el-polizzi\\\/#primaryimage\"},\"thumbnailUrl\":\"https:\\\/\\\/gentedebasquet.com.ar\\\/sitio\\\/wp-content\\\/uploads\\\/2023\\\/09\\\/25696780-e21c-4f33-9c5e-8e7a5f484ded.jpg\",\"datePublished\":\"2023-09-16T04:37:40+00:00\",\"dateModified\":\"2023-09-26T21:54:19+00:00\",\"author\":{\"@id\":\"https:\\\/\\\/gentedebasquet.com.ar\\\/sitio\\\/#\\\/schema\\\/person\\\/06cf6aade2e0a6ee3a0dcc76540b0496\"},\"breadcrumb\":{\"@id\":\"https:\\\/\\\/gentedebasquet.com.ar\\\/sitio\\\/2023\\\/09\\\/16\\\/argentino-supo-sufrir-y-se-lo-llevo-en-el-polizzi\\\/#breadcrumb\"},\"inLanguage\":\"es\",\"potentialAction\":[{\"@type\":\"ReadAction\",\"target\":[\"https:\\\/\\\/gentedebasquet.com.ar\\\/sitio\\\/2023\\\/09\\\/16\\\/argentino-supo-sufrir-y-se-lo-llevo-en-el-polizzi\\\/\"]}]},{\"@type\":\"ImageObject\",\"inLanguage\":\"es\",\"@id\":\"https:\\\/\\\/gentedebasquet.com.ar\\\/sitio\\\/2023\\\/09\\\/16\\\/argentino-supo-sufrir-y-se-lo-llevo-en-el-polizzi\\\/#primaryimage\",\"url\":\"https:\\\/\\\/gentedebasquet.com.ar\\\/sitio\\\/wp-content\\\/uploads\\\/2023\\\/09\\\/25696780-e21c-4f33-9c5e-8e7a5f484ded.jpg\",\"contentUrl\":\"https:\\\/\\\/gentedebasquet.com.ar\\\/sitio\\\/wp-content\\\/uploads\\\/2023\\\/09\\\/25696780-e21c-4f33-9c5e-8e7a5f484ded.jpg\",\"width\":1280,\"height\":720},{\"@type\":\"BreadcrumbList\",\"@id\":\"https:\\\/\\\/gentedebasquet.com.ar\\\/sitio\\\/2023\\\/09\\\/16\\\/argentino-supo-sufrir-y-se-lo-llevo-en-el-polizzi\\\/#breadcrumb\",\"itemListElement\":[{\"@type\":\"ListItem\",\"position\":1,\"name\":\"Portada\",\"item\":\"https:\\\/\\\/gentedebasquet.com.ar\\\/sitio\\\/\"},{\"@type\":\"ListItem\",\"position\":2,\"name\":\"Argentino supo sufrir y se lo llev\u00f3 en el Polizzi\"}]},{\"@type\":\"WebSite\",\"@id\":\"https:\\\/\\\/gentedebasquet.com.ar\\\/sitio\\\/#website\",\"url\":\"https:\\\/\\\/gentedebasquet.com.ar\\\/sitio\\\/\",\"name\":\"Gente de B\u00e1squet\",\"description\":\"La revista del basquet de Bah\u00eda Blanca\",\"potentialAction\":[{\"@type\":\"SearchAction\",\"target\":{\"@type\":\"EntryPoint\",\"urlTemplate\":\"https:\\\/\\\/gentedebasquet.com.ar\\\/sitio\\\/?s={search_term_string}\"},\"query-input\":{\"@type\":\"PropertyValueSpecification\",\"valueRequired\":true,\"valueName\":\"search_term_string\"}}],\"inLanguage\":\"es\"},{\"@type\":\"Person\",\"@id\":\"https:\\\/\\\/gentedebasquet.com.ar\\\/sitio\\\/#\\\/schema\\\/person\\\/06cf6aade2e0a6ee3a0dcc76540b0496\",\"name\":\"Agust\u00edn Villamil\",\"image\":{\"@type\":\"ImageObject\",\"inLanguage\":\"es\",\"@id\":\"https:\\\/\\\/secure.gravatar.com\\\/avatar\\\/321b6aadccbc41da88d843ff4d2ff9955227727f3df00252b6dbbce131f0274c?s=96&d=mm&r=g\",\"url\":\"https:\\\/\\\/secure.gravatar.com\\\/avatar\\\/321b6aadccbc41da88d843ff4d2ff9955227727f3df00252b6dbbce131f0274c?s=96&d=mm&r=g\",\"contentUrl\":\"https:\\\/\\\/secure.gravatar.com\\\/avatar\\\/321b6aadccbc41da88d843ff4d2ff9955227727f3df00252b6dbbce131f0274c?s=96&d=mm&r=g\",\"caption\":\"Agust\u00edn Villamil\"},\"url\":\"https:\\\/\\\/gentedebasquet.com.ar\\\/sitio\\\/author\\\/agustin-villamil\\\/\"}]}<\/script>\n<!-- \/ Yoast SEO plugin. -->","yoast_head_json":{"title":"Argentino supo sufrir y se lo llev\u00f3 en el Polizzi - Gente de B\u00e1squet","robots":{"index":"index","follow":"follow","max-snippet":"max-snippet:-1","max-image-preview":"max-image-preview:large","max-video-preview":"max-video-preview:-1"},"canonical":"https:\/\/gentedebasquet.com.ar\/sitio\/2023\/09\/16\/argentino-supo-sufrir-y-se-lo-llevo-en-el-polizzi\/","og_locale":"es_ES","og_type":"article","og_title":"Argentino supo sufrir y se lo llev\u00f3 en el Polizzi - Gente de B\u00e1squet","og_description":"En su visita a Punta Alta, Argentino venci\u00f3 a Ateneo por un ajustado 76-74. Con el golpe por golpe como protagonista, el conjunto bahiense defendi\u00f3 la \u00faltima bola y se llev\u00f3 un triunfo muy importante. El encuentro fue parejo, de principio a fin. La mayor ventaja se dio en el primer tiempo, cuando el visitante [&hellip;]","og_url":"https:\/\/gentedebasquet.com.ar\/sitio\/2023\/09\/16\/argentino-supo-sufrir-y-se-lo-llevo-en-el-polizzi\/","og_site_name":"Gente de B\u00e1squet","article_published_time":"2023-09-16T04:37:40+00:00","article_modified_time":"2023-09-26T21:54:19+00:00","og_image":[{"width":1280,"height":720,"url":"https:\/\/gentedebasquet.com.ar\/sitio\/wp-content\/uploads\/2023\/09\/25696780-e21c-4f33-9c5e-8e7a5f484ded.jpg","type":"image\/jpeg"}],"author":"Agust\u00edn Villamil","twitter_card":"summary_large_image","twitter_misc":{"Escrito por":"Agust\u00edn Villamil","Tiempo de lectura":"3 minutos"},"schema":{"@context":"https:\/\/schema.org","@graph":[{"@type":"Article","@id":"https:\/\/gentedebasquet.com.ar\/sitio\/2023\/09\/16\/argentino-supo-sufrir-y-se-lo-llevo-en-el-polizzi\/#article","isPartOf":{"@id":"https:\/\/gentedebasquet.com.ar\/sitio\/2023\/09\/16\/argentino-supo-sufrir-y-se-lo-llevo-en-el-polizzi\/"},"author":{"name":"Agust\u00edn Villamil","@id":"https:\/\/gentedebasquet.com.ar\/sitio\/#\/schema\/person\/06cf6aade2e0a6ee3a0dcc76540b0496"},"headline":"Argentino supo sufrir y se lo llev\u00f3 en el Polizzi","datePublished":"2023-09-16T04:37:40+00:00","dateModified":"2023-09-26T21:54:19+00:00","mainEntityOfPage":{"@id":"https:\/\/gentedebasquet.com.ar\/sitio\/2023\/09\/16\/argentino-supo-sufrir-y-se-lo-llevo-en-el-polizzi\/"},"wordCount":310,"commentCount":0,"image":{"@id":"https:\/\/gentedebasquet.com.ar\/sitio\/2023\/09\/16\/argentino-supo-sufrir-y-se-lo-llevo-en-el-polizzi\/#primaryimage"},"thumbnailUrl":"https:\/\/gentedebasquet.com.ar\/sitio\/wp-content\/uploads\/2023\/09\/25696780-e21c-4f33-9c5e-8e7a5f484ded.jpg","keywords":["Argentino","Ateneo"],"articleSection":["Segunda","Slide"],"inLanguage":"es","potentialAction":[{"@type":"CommentAction","name":"Comment","target":["https:\/\/gentedebasquet.com.ar\/sitio\/2023\/09\/16\/argentino-supo-sufrir-y-se-lo-llevo-en-el-polizzi\/#respond"]}]},{"@type":"WebPage","@id":"https:\/\/gentedebasquet.com.ar\/sitio\/2023\/09\/16\/argentino-supo-sufrir-y-se-lo-llevo-en-el-polizzi\/","url":"https:\/\/gentedebasquet.com.ar\/sitio\/2023\/09\/16\/argentino-supo-sufrir-y-se-lo-llevo-en-el-polizzi\/","name":"Argentino supo sufrir y se lo llev\u00f3 en el Polizzi - Gente de B\u00e1squet","isPartOf":{"@id":"https:\/\/gentedebasquet.com.ar\/sitio\/#website"},"primaryImageOfPage":{"@id":"https:\/\/gentedebasquet.com.ar\/sitio\/2023\/09\/16\/argentino-supo-sufrir-y-se-lo-llevo-en-el-polizzi\/#primaryimage"},"image":{"@id":"https:\/\/gentedebasquet.com.ar\/sitio\/2023\/09\/16\/argentino-supo-sufrir-y-se-lo-llevo-en-el-polizzi\/#primaryimage"},"thumbnailUrl":"https:\/\/gentedebasquet.com.ar\/sitio\/wp-content\/uploads\/2023\/09\/25696780-e21c-4f33-9c5e-8e7a5f484ded.jpg","datePublished":"2023-09-16T04:37:40+00:00","dateModified":"2023-09-26T21:54:19+00:00","author":{"@id":"https:\/\/gentedebasquet.com.ar\/sitio\/#\/schema\/person\/06cf6aade2e0a6ee3a0dcc76540b0496"},"breadcrumb":{"@id":"https:\/\/gentedebasquet.com.ar\/sitio\/2023\/09\/16\/argentino-supo-sufrir-y-se-lo-llevo-en-el-polizzi\/#breadcrumb"},"inLanguage":"es","potentialAction":[{"@type":"ReadAction","target":["https:\/\/gentedebasquet.com.ar\/sitio\/2023\/09\/16\/argentino-supo-sufrir-y-se-lo-llevo-en-el-polizzi\/"]}]},{"@type":"ImageObject","inLanguage":"es","@id":"https:\/\/gentedebasquet.com.ar\/sitio\/2023\/09\/16\/argentino-supo-sufrir-y-se-lo-llevo-en-el-polizzi\/#primaryimage","url":"https:\/\/gentedebasquet.com.ar\/sitio\/wp-content\/uploads\/2023\/09\/25696780-e21c-4f33-9c5e-8e7a5f484ded.jpg","contentUrl":"https:\/\/gentedebasquet.com.ar\/sitio\/wp-content\/uploads\/2023\/09\/25696780-e21c-4f33-9c5e-8e7a5f484ded.jpg","width":1280,"height":720},{"@type":"BreadcrumbList","@id":"https:\/\/gentedebasquet.com.ar\/sitio\/2023\/09\/16\/argentino-supo-sufrir-y-se-lo-llevo-en-el-polizzi\/#breadcrumb","itemListElement":[{"@type":"ListItem","position":1,"name":"Portada","item":"https:\/\/gentedebasquet.com.ar\/sitio\/"},{"@type":"ListItem","position":2,"name":"Argentino supo sufrir y se lo llev\u00f3 en el Polizzi"}]},{"@type":"WebSite","@id":"https:\/\/gentedebasquet.com.ar\/sitio\/#website","url":"https:\/\/gentedebasquet.com.ar\/sitio\/","name":"Gente de B\u00e1squet","description":"La revista del basquet de Bah\u00eda Blanca","potentialAction":[{"@type":"SearchAction","target":{"@type":"EntryPoint","urlTemplate":"https:\/\/gentedebasquet.com.ar\/sitio\/?s={search_term_string}"},"query-input":{"@type":"PropertyValueSpecification","valueRequired":true,"valueName":"search_term_string"}}],"inLanguage":"es"},{"@type":"Person","@id":"https:\/\/gentedebasquet.com.ar\/sitio\/#\/schema\/person\/06cf6aade2e0a6ee3a0dcc76540b0496","name":"Agust\u00edn Villamil","image":{"@type":"ImageObject","inLanguage":"es","@id":"https:\/\/secure.gravatar.com\/avatar\/321b6aadccbc41da88d843ff4d2ff9955227727f3df00252b6dbbce131f0274c?s=96&d=mm&r=g","url":"https:\/\/secure.gravatar.com\/avatar\/321b6aadccbc41da88d843ff4d2ff9955227727f3df00252b6dbbce131f0274c?s=96&d=mm&r=g","contentUrl":"https:\/\/secure.gravatar.com\/avatar\/321b6aadccbc41da88d843ff4d2ff9955227727f3df00252b6dbbce131f0274c?s=96&d=mm&r=g","caption":"Agust\u00edn Villamil"},"url":"https:\/\/gentedebasquet.com.ar\/sitio\/author\/agustin-villamil\/"}]}},"_links":{"self":[{"href":"https:\/\/gentedebasquet.com.ar\/sitio\/wp-json\/wp\/v2\/posts\/108369","targetHints":{"allow":["GET"]}}],"collection":[{"href":"https:\/\/gentedebasquet.com.ar\/sitio\/wp-json\/wp\/v2\/posts"}],"about":[{"href":"https:\/\/gentedebasquet.com.ar\/sitio\/wp-json\/wp\/v2\/types\/post"}],"author":[{"embeddable":true,"href":"https:\/\/gentedebasquet.com.ar\/sitio\/wp-json\/wp\/v2\/users\/79"}],"replies":[{"embeddable":true,"href":"https:\/\/gentedebasquet.com.ar\/sitio\/wp-json\/wp\/v2\/comments?post=108369"}],"version-history":[{"count":13,"href":"https:\/\/gentedebasquet.com.ar\/sitio\/wp-json\/wp\/v2\/posts\/108369\/revisions"}],"predecessor-version":[{"id":108646,"href":"https:\/\/gentedebasquet.com.ar\/sitio\/wp-json\/wp\/v2\/posts\/108369\/revisions\/108646"}],"wp:featuredmedia":[{"embeddable":true,"href":"https:\/\/gentedebasquet.com.ar\/sitio\/wp-json\/wp\/v2\/media\/108406"}],"wp:attachment":[{"href":"https:\/\/gentedebasquet.com.ar\/sitio\/wp-json\/wp\/v2\/media?parent=108369"}],"wp:term":[{"taxonomy":"category","embeddable":true,"href":"https:\/\/gentedebasquet.com.ar\/sitio\/wp-json\/wp\/v2\/categories?post=108369"},{"taxonomy":"post_tag","embeddable":true,"href":"https:\/\/gentedebasquet.com.ar\/sitio\/wp-json\/wp\/v2\/tags?post=108369"}],"curies":[{"name":"wp","href":"https:\/\/api.w.org\/{rel}","templated":true}]}}