{"id":108505,"date":"2023-09-22T05:35:43","date_gmt":"2023-09-22T03:35:43","guid":{"rendered":"https:\/\/gentedebasquet.com.ar\/sitio\/?p=108505"},"modified":"2023-09-22T16:06:17","modified_gmt":"2023-09-22T14:06:17","slug":"loos-brillo-en-la-primera-victoria-de-pacifico","status":"publish","type":"post","link":"https:\/\/gentedebasquet.com.ar\/sitio\/2023\/09\/22\/loos-brillo-en-la-primera-victoria-de-pacifico\/","title":{"rendered":"Loos brill\u00f3 en la primera victoria de Pac\u00edfico"},"content":{"rendered":"<p><b>El verde venci\u00f3 como local a Bahiense del Norte 83-60, con una actuaci\u00f3n estelar de Santiago Loos.<\/b><\/p>\r\n<p>En un encuentro parejo, Pac\u00edfico domin\u00f3 durante el primer tiempo el tanteador, pero nunca pudo superar la diferencia de 10 y as\u00ed se fue al entretiempo 45-35. Corriendo la cancha los de Iannamico eran m\u00e1s efectivos que su rival. Mucho tuvo que ver Emanuel Paredes (10 pts), en Bahiense Eddie Roberson (13 pts) era el arma m\u00e1s letal, anotando todos sus puntos en dicho 1T.<\/p>\r\n<p>El quiebre se vi\u00f3 en el 3c, con un Santiago Loos en llamas aportando un par de bombas seguidas y llenando una planilla de lujo: 33 pts, 6\/7 t3, 13 reb. El verde aprovech\u00f3 el estado de gracia de su interno y se despeg\u00f3 por completo en el tanteador (69-48).\u00a0<\/p>\r\n<p>Bahiense con una noche negra, no opuso resistencia y el verde pudo sellar con tranquilidad su primera victoria en el torneo 83-60.<\/p>\r\n<p>&nbsp;<\/p>\r\n<!-- \/wp:post-content -->\r\n\r\n<!-- wp:paragraph -->\r\n<p><a href=\"http:\/\/gentedebasquet.com.ar\/sitio\/wp-content\/uploads\/2023\/07\/Gif-Publicidades-1.gif\"><img decoding=\"async\" width=\"300\" height=\"250\" class=\"wp-image-107975\" src=\"http:\/\/gentedebasquet.com.ar\/sitio\/wp-content\/uploads\/2023\/07\/Gif-Publicidades-1.gif\" alt=\"\" \/><\/a><\/p>\r\n<p><iframe loading=\"lazy\" title=\"YouTube video player\" src=\"https:\/\/www.youtube.com\/embed\/hlHWAR9ToWw?si=A_JInO3oFhhseJf0\" width=\"560\" height=\"315\" frameborder=\"0\" allowfullscreen=\"allowfullscreen\"><\/iframe>\/p&gt;<\/p>\r\n<p><a href=\"http:\/\/gentedebasquet.com.ar\/sitio\/wp-content\/uploads\/2023\/07\/Gif-Publicidades-2.gif\"><img decoding=\"async\" width=\"300\" height=\"250\" class=\"wp-image-107976\" src=\"http:\/\/gentedebasquet.com.ar\/sitio\/wp-content\/uploads\/2023\/07\/Gif-Publicidades-2.gif\" alt=\"\" \/><\/a><\/p>\r\n<p><img decoding=\"async\" class=\"alignnone size-medium wp-image-108515\" src=\"http:\/\/gentedebasquet.com.ar\/sitio\/wp-content\/uploads\/2023\/09\/MVP-2-300x300.png\" alt=\"\" width=\"300\" height=\"300\" srcset=\"https:\/\/gentedebasquet.com.ar\/sitio\/wp-content\/uploads\/2023\/09\/MVP-2-300x300.png 300w, https:\/\/gentedebasquet.com.ar\/sitio\/wp-content\/uploads\/2023\/09\/MVP-2-1024x1024.png 1024w, https:\/\/gentedebasquet.com.ar\/sitio\/wp-content\/uploads\/2023\/09\/MVP-2-150x150.png 150w, https:\/\/gentedebasquet.com.ar\/sitio\/wp-content\/uploads\/2023\/09\/MVP-2-768x768.png 768w, https:\/\/gentedebasquet.com.ar\/sitio\/wp-content\/uploads\/2023\/09\/MVP-2-1536x1536.png 1536w, https:\/\/gentedebasquet.com.ar\/sitio\/wp-content\/uploads\/2023\/09\/MVP-2-75x75.png 75w, https:\/\/gentedebasquet.com.ar\/sitio\/wp-content\/uploads\/2023\/09\/MVP-2-350x350.png 350w, https:\/\/gentedebasquet.com.ar\/sitio\/wp-content\/uploads\/2023\/09\/MVP-2-750x750.png 750w, https:\/\/gentedebasquet.com.ar\/sitio\/wp-content\/uploads\/2023\/09\/MVP-2-1140x1140.png 1140w, https:\/\/gentedebasquet.com.ar\/sitio\/wp-content\/uploads\/2023\/09\/MVP-2.png 2000w\" sizes=\"(max-width: 300px) 100vw, 300px\" \/><\/p>\r\n<p><img decoding=\"async\" class=\"alignnone size-medium wp-image-108514\" src=\"http:\/\/gentedebasquet.com.ar\/sitio\/wp-content\/uploads\/2023\/09\/photo1695351065-300x226.jpeg\" alt=\"\" width=\"300\" height=\"226\" srcset=\"https:\/\/gentedebasquet.com.ar\/sitio\/wp-content\/uploads\/2023\/09\/photo1695351065-300x226.jpeg 300w, https:\/\/gentedebasquet.com.ar\/sitio\/wp-content\/uploads\/2023\/09\/photo1695351065-1024x771.jpeg 1024w, https:\/\/gentedebasquet.com.ar\/sitio\/wp-content\/uploads\/2023\/09\/photo1695351065-768x578.jpeg 768w, https:\/\/gentedebasquet.com.ar\/sitio\/wp-content\/uploads\/2023\/09\/photo1695351065-750x565.jpeg 750w, https:\/\/gentedebasquet.com.ar\/sitio\/wp-content\/uploads\/2023\/09\/photo1695351065-1140x859.jpeg 1140w, https:\/\/gentedebasquet.com.ar\/sitio\/wp-content\/uploads\/2023\/09\/photo1695351065.jpeg 1280w\" sizes=\"(max-width: 300px) 100vw, 300px\" \/><\/p>\r\n<blockquote>\r\n<p><b>Fue un rival dur\u00edsimo m\u00e1s todav\u00eda debajo del aro tienen muy buenos internos, la verdad que pudieron entrar todas y estoy muy contento. Defensivamente estuvimos muy bien en los rebotes para no darle opciones a ellos, nos hicimos grandes abriendo los brazos dej\u00e1ndole poco espacio a ellos. Yo creo que estamos para cosas m\u00e1s grandes de las que demostramos en estos dos partidos.<\/b><\/p>\r\n<\/blockquote>\r\n<p>\u00a0 <a href=\"http:\/\/gentedebasquet.com.ar\/sitio\/wp-content\/uploads\/2023\/07\/Gif-Publicidades-3.gif\"><img decoding=\"async\" width=\"300\" height=\"250\" class=\"wp-image-107977\" src=\"http:\/\/gentedebasquet.com.ar\/sitio\/wp-content\/uploads\/2023\/07\/Gif-Publicidades-3.gif\" alt=\"\" \/><\/a><\/p>\r\n<p><!-- \/wp:paragraph -->\r\n\r\n<!-- wp:image {\"id\":106167,\"sizeSlug\":\"full\",\"linkDestination\":\"media\"} \/-->\r\n\r\n<!-- wp:image {\"id\":106168,\"sizeSlug\":\"full\",\"linkDestination\":\"media\"} \/-->\r\n\r\n<!-- wp:image {\"id\":107599,\"width\":793,\"height\":595,\"sizeSlug\":\"full\",\"linkDestination\":\"media\"} \/-->\r\n\r\n<!-- wp:quote \/-->\r\n\r\n<!-- wp:paragraph --><\/p>\r\n<p><strong>S\u00edntesis \u2013 Primera &#8211; Fecha 2<\/strong><\/p>\r\n<p><!-- \/wp:paragraph -->\r\n\r\n<!-- wp:paragraph --><\/p>\r\n<p><strong>Pac\u00edfico 83: <\/strong>Branco Salvatori 8, Emanuel Paredes 10, I\u00f1aki Errazu 10, Cristian Miguel 7 y Santiago Loos 33 (FI); Tom\u00e1s Bussetti 0, Bautista Olivera 0, Pomar Garbarino 15. DT: Andr\u00e9s Iannamico<\/p>\r\n<p><strong>Bahiense 60: <\/strong>Leonardo La Bella 6, Franco Ginobili 0, Eddie Roberson 13, Pedro Santiago 8 y Juan Pedro Hollender 10\u00a0 (FI); Augusto Lamonega 5, Tobias Rodriguez 0, Jorge Garcia 13 y Sebasti\u00e1n Luengo 5. DT: Alejandro Navallo.<\/p>\r\n<p><!-- \/wp:paragraph -->\r\n\r\n<!-- wp:paragraph --><\/p>\r\n<p><strong>Parciales<\/strong>: 22-18, 45-35 (23-17), 69-48 (24-13) y 83-60 (14-12)<\/p>\r\n<p><!-- \/wp:paragraph -->\r\n\r\n<!-- wp:paragraph --><\/p>\r\n<p><strong>\u00c1rbitros<\/strong>: Sebasti\u00e1n Giannino, Alberto Arlenghi y Lucas Andr\u00e9s<\/p>\r\n<p><!-- \/wp:paragraph -->\r\n\r\n<!-- wp:paragraph --><\/p>\r\n<p><strong>Estadio:<\/strong> William Harding Green<\/p>\r\n<p><!-- \/wp:paragraph -->\r\n\r\n<!-- wp:paragraph \/-->\r\n\r\n<!-- wp:paragraph --><\/p>\r\n<p>\u00a0<img decoding=\"async\" class=\"alignnone size-medium wp-image-108518\" src=\"http:\/\/gentedebasquet.com.ar\/sitio\/wp-content\/uploads\/2023\/09\/CLAVE-3-300x300.png\" alt=\"\" width=\"300\" height=\"300\" srcset=\"https:\/\/gentedebasquet.com.ar\/sitio\/wp-content\/uploads\/2023\/09\/CLAVE-3-300x300.png 300w, https:\/\/gentedebasquet.com.ar\/sitio\/wp-content\/uploads\/2023\/09\/CLAVE-3-1024x1024.png 1024w, https:\/\/gentedebasquet.com.ar\/sitio\/wp-content\/uploads\/2023\/09\/CLAVE-3-150x150.png 150w, https:\/\/gentedebasquet.com.ar\/sitio\/wp-content\/uploads\/2023\/09\/CLAVE-3-768x768.png 768w, https:\/\/gentedebasquet.com.ar\/sitio\/wp-content\/uploads\/2023\/09\/CLAVE-3-1536x1536.png 1536w, https:\/\/gentedebasquet.com.ar\/sitio\/wp-content\/uploads\/2023\/09\/CLAVE-3-75x75.png 75w, https:\/\/gentedebasquet.com.ar\/sitio\/wp-content\/uploads\/2023\/09\/CLAVE-3-350x350.png 350w, https:\/\/gentedebasquet.com.ar\/sitio\/wp-content\/uploads\/2023\/09\/CLAVE-3-750x750.png 750w, https:\/\/gentedebasquet.com.ar\/sitio\/wp-content\/uploads\/2023\/09\/CLAVE-3-1140x1140.png 1140w, https:\/\/gentedebasquet.com.ar\/sitio\/wp-content\/uploads\/2023\/09\/CLAVE-3.png 2000w\" sizes=\"(max-width: 300px) 100vw, 300px\" \/><\/p>","protected":false},"excerpt":{"rendered":"<p>El verde venci\u00f3 como local a Bahiense del Norte 83-60, con una actuaci\u00f3n estelar de Santiago Loos. En un encuentro parejo, Pac\u00edfico domin\u00f3 durante el primer tiempo el tanteador, pero nunca pudo superar la diferencia de 10 y as\u00ed se fue al entretiempo 45-35. Corriendo la cancha los de Iannamico eran m\u00e1s efectivos que su [&hellip;]<\/p>\n","protected":false},"author":67,"featured_media":108519,"comment_status":"open","ping_status":"open","sticky":false,"template":"","format":"standard","meta":{"jnews-multi-image_gallery":[],"jnews_single_post":{"source_name":"","source_url":"","via_name":"","via_url":"","override_template":"0","override":[{"template":"1","single_blog_custom":"","parallax":"1","fullscreen":"1","layout":"right-sidebar","sidebar":"default-sidebar","second_sidebar":"default-sidebar","sticky_sidebar":"1","share_position":"top","share_float_style":"share-monocrhome","show_share_counter":"0","show_view_counter":"0","show_featured":"1","show_post_meta":"1","show_post_author":"1","show_post_author_image":"1","show_post_date":"1","post_date_format":"default","post_date_format_custom":"Y\/m\/d","show_post_category":"1","show_post_reading_time":"0","post_reading_time_wpm":"300","show_zoom_button":"0","zoom_button_out_step":"2","zoom_button_in_step":"3","show_post_tag":"1","show_prev_next_post":"1","show_popup_post":"1","number_popup_post":"1","show_author_box":"0","show_post_related":"0","show_inline_post_related":"0"}],"override_image_size":"0","image_override":[{"single_post_thumbnail_size":"crop-500","single_post_gallery_size":"crop-500"}],"trending_post":"0","trending_post_position":"meta","trending_post_label":"Trending","sponsored_post":"0","sponsored_post_label":"Sponsored by","sponsored_post_name":"","sponsored_post_url":"","sponsored_post_logo_enable":"0","sponsored_post_logo":"","sponsored_post_desc":"","disable_ad":"0"},"jnews_primary_category":{"id":"","hide":""},"footnotes":""},"categories":[23,101],"tags":[5,17],"class_list":["post-108505","post","type-post","status-publish","format-standard","has-post-thumbnail","hentry","category-primera","category-slide","tag-bahiense-del-norte","tag-pacifico"],"yoast_head":"<!-- This site is optimized with the Yoast SEO plugin v27.5 - https:\/\/yoast.com\/product\/yoast-seo-wordpress\/ -->\n<title>Loos brill\u00f3 en la primera victoria de Pac\u00edfico - Gente de B\u00e1squet<\/title>\n<meta name=\"robots\" content=\"index, follow, max-snippet:-1, max-image-preview:large, max-video-preview:-1\" \/>\n<link rel=\"canonical\" href=\"https:\/\/gentedebasquet.com.ar\/sitio\/2023\/09\/22\/loos-brillo-en-la-primera-victoria-de-pacifico\/\" \/>\n<meta property=\"og:locale\" content=\"es_ES\" \/>\n<meta property=\"og:type\" content=\"article\" \/>\n<meta property=\"og:title\" content=\"Loos brill\u00f3 en la primera victoria de Pac\u00edfico - Gente de B\u00e1squet\" \/>\n<meta property=\"og:description\" content=\"El verde venci\u00f3 como local a Bahiense del Norte 83-60, con una actuaci\u00f3n estelar de Santiago Loos. En un encuentro parejo, Pac\u00edfico domin\u00f3 durante el primer tiempo el tanteador, pero nunca pudo superar la diferencia de 10 y as\u00ed se fue al entretiempo 45-35. Corriendo la cancha los de Iannamico eran m\u00e1s efectivos que su [&hellip;]\" \/>\n<meta property=\"og:url\" content=\"https:\/\/gentedebasquet.com.ar\/sitio\/2023\/09\/22\/loos-brillo-en-la-primera-victoria-de-pacifico\/\" \/>\n<meta property=\"og:site_name\" content=\"Gente de B\u00e1squet\" \/>\n<meta property=\"article:published_time\" content=\"2023-09-22T03:35:43+00:00\" \/>\n<meta property=\"article:modified_time\" content=\"2023-09-22T14:06:17+00:00\" \/>\n<meta property=\"og:image\" content=\"https:\/\/gentedebasquet.com.ar\/sitio\/wp-content\/uploads\/2023\/09\/WhatsApp-Image-2023-09-22-at-00.32.35.jpeg\" \/>\n\t<meta property=\"og:image:width\" content=\"1600\" \/>\n\t<meta property=\"og:image:height\" content=\"1201\" \/>\n\t<meta property=\"og:image:type\" content=\"image\/jpeg\" \/>\n<meta name=\"author\" content=\"Enzo Gra\u00f1a\" \/>\n<meta name=\"twitter:card\" content=\"summary_large_image\" \/>\n<meta name=\"twitter:label1\" content=\"Escrito por\" \/>\n\t<meta name=\"twitter:data1\" content=\"Enzo Gra\u00f1a\" \/>\n\t<meta name=\"twitter:label2\" content=\"Tiempo de lectura\" \/>\n\t<meta name=\"twitter:data2\" content=\"3 minutos\" \/>\n<script type=\"application\/ld+json\" class=\"yoast-schema-graph\">{\"@context\":\"https:\\\/\\\/schema.org\",\"@graph\":[{\"@type\":\"Article\",\"@id\":\"https:\\\/\\\/gentedebasquet.com.ar\\\/sitio\\\/2023\\\/09\\\/22\\\/loos-brillo-en-la-primera-victoria-de-pacifico\\\/#article\",\"isPartOf\":{\"@id\":\"https:\\\/\\\/gentedebasquet.com.ar\\\/sitio\\\/2023\\\/09\\\/22\\\/loos-brillo-en-la-primera-victoria-de-pacifico\\\/\"},\"author\":{\"name\":\"Enzo Gra\u00f1a\",\"@id\":\"https:\\\/\\\/gentedebasquet.com.ar\\\/sitio\\\/#\\\/schema\\\/person\\\/1a3f017b806c51157b3ac47d302dbe95\"},\"headline\":\"Loos brill\u00f3 en la primera victoria de Pac\u00edfico\",\"datePublished\":\"2023-09-22T03:35:43+00:00\",\"dateModified\":\"2023-09-22T14:06:17+00:00\",\"mainEntityOfPage\":{\"@id\":\"https:\\\/\\\/gentedebasquet.com.ar\\\/sitio\\\/2023\\\/09\\\/22\\\/loos-brillo-en-la-primera-victoria-de-pacifico\\\/\"},\"wordCount\":314,\"commentCount\":0,\"image\":{\"@id\":\"https:\\\/\\\/gentedebasquet.com.ar\\\/sitio\\\/2023\\\/09\\\/22\\\/loos-brillo-en-la-primera-victoria-de-pacifico\\\/#primaryimage\"},\"thumbnailUrl\":\"https:\\\/\\\/gentedebasquet.com.ar\\\/sitio\\\/wp-content\\\/uploads\\\/2023\\\/09\\\/WhatsApp-Image-2023-09-22-at-00.32.35.jpeg\",\"keywords\":[\"Bahiense Del Norte\",\"Pacifico\"],\"articleSection\":[\"Primera\",\"Slide\"],\"inLanguage\":\"es\",\"potentialAction\":[{\"@type\":\"CommentAction\",\"name\":\"Comment\",\"target\":[\"https:\\\/\\\/gentedebasquet.com.ar\\\/sitio\\\/2023\\\/09\\\/22\\\/loos-brillo-en-la-primera-victoria-de-pacifico\\\/#respond\"]}]},{\"@type\":\"WebPage\",\"@id\":\"https:\\\/\\\/gentedebasquet.com.ar\\\/sitio\\\/2023\\\/09\\\/22\\\/loos-brillo-en-la-primera-victoria-de-pacifico\\\/\",\"url\":\"https:\\\/\\\/gentedebasquet.com.ar\\\/sitio\\\/2023\\\/09\\\/22\\\/loos-brillo-en-la-primera-victoria-de-pacifico\\\/\",\"name\":\"Loos brill\u00f3 en la primera victoria de Pac\u00edfico - Gente de B\u00e1squet\",\"isPartOf\":{\"@id\":\"https:\\\/\\\/gentedebasquet.com.ar\\\/sitio\\\/#website\"},\"primaryImageOfPage\":{\"@id\":\"https:\\\/\\\/gentedebasquet.com.ar\\\/sitio\\\/2023\\\/09\\\/22\\\/loos-brillo-en-la-primera-victoria-de-pacifico\\\/#primaryimage\"},\"image\":{\"@id\":\"https:\\\/\\\/gentedebasquet.com.ar\\\/sitio\\\/2023\\\/09\\\/22\\\/loos-brillo-en-la-primera-victoria-de-pacifico\\\/#primaryimage\"},\"thumbnailUrl\":\"https:\\\/\\\/gentedebasquet.com.ar\\\/sitio\\\/wp-content\\\/uploads\\\/2023\\\/09\\\/WhatsApp-Image-2023-09-22-at-00.32.35.jpeg\",\"datePublished\":\"2023-09-22T03:35:43+00:00\",\"dateModified\":\"2023-09-22T14:06:17+00:00\",\"author\":{\"@id\":\"https:\\\/\\\/gentedebasquet.com.ar\\\/sitio\\\/#\\\/schema\\\/person\\\/1a3f017b806c51157b3ac47d302dbe95\"},\"breadcrumb\":{\"@id\":\"https:\\\/\\\/gentedebasquet.com.ar\\\/sitio\\\/2023\\\/09\\\/22\\\/loos-brillo-en-la-primera-victoria-de-pacifico\\\/#breadcrumb\"},\"inLanguage\":\"es\",\"potentialAction\":[{\"@type\":\"ReadAction\",\"target\":[\"https:\\\/\\\/gentedebasquet.com.ar\\\/sitio\\\/2023\\\/09\\\/22\\\/loos-brillo-en-la-primera-victoria-de-pacifico\\\/\"]}]},{\"@type\":\"ImageObject\",\"inLanguage\":\"es\",\"@id\":\"https:\\\/\\\/gentedebasquet.com.ar\\\/sitio\\\/2023\\\/09\\\/22\\\/loos-brillo-en-la-primera-victoria-de-pacifico\\\/#primaryimage\",\"url\":\"https:\\\/\\\/gentedebasquet.com.ar\\\/sitio\\\/wp-content\\\/uploads\\\/2023\\\/09\\\/WhatsApp-Image-2023-09-22-at-00.32.35.jpeg\",\"contentUrl\":\"https:\\\/\\\/gentedebasquet.com.ar\\\/sitio\\\/wp-content\\\/uploads\\\/2023\\\/09\\\/WhatsApp-Image-2023-09-22-at-00.32.35.jpeg\",\"width\":1600,\"height\":1201},{\"@type\":\"BreadcrumbList\",\"@id\":\"https:\\\/\\\/gentedebasquet.com.ar\\\/sitio\\\/2023\\\/09\\\/22\\\/loos-brillo-en-la-primera-victoria-de-pacifico\\\/#breadcrumb\",\"itemListElement\":[{\"@type\":\"ListItem\",\"position\":1,\"name\":\"Portada\",\"item\":\"https:\\\/\\\/gentedebasquet.com.ar\\\/sitio\\\/\"},{\"@type\":\"ListItem\",\"position\":2,\"name\":\"Loos brill\u00f3 en la primera victoria de Pac\u00edfico\"}]},{\"@type\":\"WebSite\",\"@id\":\"https:\\\/\\\/gentedebasquet.com.ar\\\/sitio\\\/#website\",\"url\":\"https:\\\/\\\/gentedebasquet.com.ar\\\/sitio\\\/\",\"name\":\"Gente de B\u00e1squet\",\"description\":\"La revista del basquet de Bah\u00eda Blanca\",\"potentialAction\":[{\"@type\":\"SearchAction\",\"target\":{\"@type\":\"EntryPoint\",\"urlTemplate\":\"https:\\\/\\\/gentedebasquet.com.ar\\\/sitio\\\/?s={search_term_string}\"},\"query-input\":{\"@type\":\"PropertyValueSpecification\",\"valueRequired\":true,\"valueName\":\"search_term_string\"}}],\"inLanguage\":\"es\"},{\"@type\":\"Person\",\"@id\":\"https:\\\/\\\/gentedebasquet.com.ar\\\/sitio\\\/#\\\/schema\\\/person\\\/1a3f017b806c51157b3ac47d302dbe95\",\"name\":\"Enzo Gra\u00f1a\",\"image\":{\"@type\":\"ImageObject\",\"inLanguage\":\"es\",\"@id\":\"https:\\\/\\\/secure.gravatar.com\\\/avatar\\\/93ce035f49cd06f4bd8081993fdcc3ce02f277c5c8dacd23bf419d1c8409f5c8?s=96&d=mm&r=g\",\"url\":\"https:\\\/\\\/secure.gravatar.com\\\/avatar\\\/93ce035f49cd06f4bd8081993fdcc3ce02f277c5c8dacd23bf419d1c8409f5c8?s=96&d=mm&r=g\",\"contentUrl\":\"https:\\\/\\\/secure.gravatar.com\\\/avatar\\\/93ce035f49cd06f4bd8081993fdcc3ce02f277c5c8dacd23bf419d1c8409f5c8?s=96&d=mm&r=g\",\"caption\":\"Enzo Gra\u00f1a\"},\"url\":\"https:\\\/\\\/gentedebasquet.com.ar\\\/sitio\\\/author\\\/enzo-grana\\\/\"}]}<\/script>\n<!-- \/ Yoast SEO plugin. -->","yoast_head_json":{"title":"Loos brill\u00f3 en la primera victoria de Pac\u00edfico - Gente de B\u00e1squet","robots":{"index":"index","follow":"follow","max-snippet":"max-snippet:-1","max-image-preview":"max-image-preview:large","max-video-preview":"max-video-preview:-1"},"canonical":"https:\/\/gentedebasquet.com.ar\/sitio\/2023\/09\/22\/loos-brillo-en-la-primera-victoria-de-pacifico\/","og_locale":"es_ES","og_type":"article","og_title":"Loos brill\u00f3 en la primera victoria de Pac\u00edfico - Gente de B\u00e1squet","og_description":"El verde venci\u00f3 como local a Bahiense del Norte 83-60, con una actuaci\u00f3n estelar de Santiago Loos. En un encuentro parejo, Pac\u00edfico domin\u00f3 durante el primer tiempo el tanteador, pero nunca pudo superar la diferencia de 10 y as\u00ed se fue al entretiempo 45-35. Corriendo la cancha los de Iannamico eran m\u00e1s efectivos que su [&hellip;]","og_url":"https:\/\/gentedebasquet.com.ar\/sitio\/2023\/09\/22\/loos-brillo-en-la-primera-victoria-de-pacifico\/","og_site_name":"Gente de B\u00e1squet","article_published_time":"2023-09-22T03:35:43+00:00","article_modified_time":"2023-09-22T14:06:17+00:00","og_image":[{"width":1600,"height":1201,"url":"https:\/\/gentedebasquet.com.ar\/sitio\/wp-content\/uploads\/2023\/09\/WhatsApp-Image-2023-09-22-at-00.32.35.jpeg","type":"image\/jpeg"}],"author":"Enzo Gra\u00f1a","twitter_card":"summary_large_image","twitter_misc":{"Escrito por":"Enzo Gra\u00f1a","Tiempo de lectura":"3 minutos"},"schema":{"@context":"https:\/\/schema.org","@graph":[{"@type":"Article","@id":"https:\/\/gentedebasquet.com.ar\/sitio\/2023\/09\/22\/loos-brillo-en-la-primera-victoria-de-pacifico\/#article","isPartOf":{"@id":"https:\/\/gentedebasquet.com.ar\/sitio\/2023\/09\/22\/loos-brillo-en-la-primera-victoria-de-pacifico\/"},"author":{"name":"Enzo Gra\u00f1a","@id":"https:\/\/gentedebasquet.com.ar\/sitio\/#\/schema\/person\/1a3f017b806c51157b3ac47d302dbe95"},"headline":"Loos brill\u00f3 en la primera victoria de Pac\u00edfico","datePublished":"2023-09-22T03:35:43+00:00","dateModified":"2023-09-22T14:06:17+00:00","mainEntityOfPage":{"@id":"https:\/\/gentedebasquet.com.ar\/sitio\/2023\/09\/22\/loos-brillo-en-la-primera-victoria-de-pacifico\/"},"wordCount":314,"commentCount":0,"image":{"@id":"https:\/\/gentedebasquet.com.ar\/sitio\/2023\/09\/22\/loos-brillo-en-la-primera-victoria-de-pacifico\/#primaryimage"},"thumbnailUrl":"https:\/\/gentedebasquet.com.ar\/sitio\/wp-content\/uploads\/2023\/09\/WhatsApp-Image-2023-09-22-at-00.32.35.jpeg","keywords":["Bahiense Del Norte","Pacifico"],"articleSection":["Primera","Slide"],"inLanguage":"es","potentialAction":[{"@type":"CommentAction","name":"Comment","target":["https:\/\/gentedebasquet.com.ar\/sitio\/2023\/09\/22\/loos-brillo-en-la-primera-victoria-de-pacifico\/#respond"]}]},{"@type":"WebPage","@id":"https:\/\/gentedebasquet.com.ar\/sitio\/2023\/09\/22\/loos-brillo-en-la-primera-victoria-de-pacifico\/","url":"https:\/\/gentedebasquet.com.ar\/sitio\/2023\/09\/22\/loos-brillo-en-la-primera-victoria-de-pacifico\/","name":"Loos brill\u00f3 en la primera victoria de Pac\u00edfico - Gente de B\u00e1squet","isPartOf":{"@id":"https:\/\/gentedebasquet.com.ar\/sitio\/#website"},"primaryImageOfPage":{"@id":"https:\/\/gentedebasquet.com.ar\/sitio\/2023\/09\/22\/loos-brillo-en-la-primera-victoria-de-pacifico\/#primaryimage"},"image":{"@id":"https:\/\/gentedebasquet.com.ar\/sitio\/2023\/09\/22\/loos-brillo-en-la-primera-victoria-de-pacifico\/#primaryimage"},"thumbnailUrl":"https:\/\/gentedebasquet.com.ar\/sitio\/wp-content\/uploads\/2023\/09\/WhatsApp-Image-2023-09-22-at-00.32.35.jpeg","datePublished":"2023-09-22T03:35:43+00:00","dateModified":"2023-09-22T14:06:17+00:00","author":{"@id":"https:\/\/gentedebasquet.com.ar\/sitio\/#\/schema\/person\/1a3f017b806c51157b3ac47d302dbe95"},"breadcrumb":{"@id":"https:\/\/gentedebasquet.com.ar\/sitio\/2023\/09\/22\/loos-brillo-en-la-primera-victoria-de-pacifico\/#breadcrumb"},"inLanguage":"es","potentialAction":[{"@type":"ReadAction","target":["https:\/\/gentedebasquet.com.ar\/sitio\/2023\/09\/22\/loos-brillo-en-la-primera-victoria-de-pacifico\/"]}]},{"@type":"ImageObject","inLanguage":"es","@id":"https:\/\/gentedebasquet.com.ar\/sitio\/2023\/09\/22\/loos-brillo-en-la-primera-victoria-de-pacifico\/#primaryimage","url":"https:\/\/gentedebasquet.com.ar\/sitio\/wp-content\/uploads\/2023\/09\/WhatsApp-Image-2023-09-22-at-00.32.35.jpeg","contentUrl":"https:\/\/gentedebasquet.com.ar\/sitio\/wp-content\/uploads\/2023\/09\/WhatsApp-Image-2023-09-22-at-00.32.35.jpeg","width":1600,"height":1201},{"@type":"BreadcrumbList","@id":"https:\/\/gentedebasquet.com.ar\/sitio\/2023\/09\/22\/loos-brillo-en-la-primera-victoria-de-pacifico\/#breadcrumb","itemListElement":[{"@type":"ListItem","position":1,"name":"Portada","item":"https:\/\/gentedebasquet.com.ar\/sitio\/"},{"@type":"ListItem","position":2,"name":"Loos brill\u00f3 en la primera victoria de Pac\u00edfico"}]},{"@type":"WebSite","@id":"https:\/\/gentedebasquet.com.ar\/sitio\/#website","url":"https:\/\/gentedebasquet.com.ar\/sitio\/","name":"Gente de B\u00e1squet","description":"La revista del basquet de Bah\u00eda Blanca","potentialAction":[{"@type":"SearchAction","target":{"@type":"EntryPoint","urlTemplate":"https:\/\/gentedebasquet.com.ar\/sitio\/?s={search_term_string}"},"query-input":{"@type":"PropertyValueSpecification","valueRequired":true,"valueName":"search_term_string"}}],"inLanguage":"es"},{"@type":"Person","@id":"https:\/\/gentedebasquet.com.ar\/sitio\/#\/schema\/person\/1a3f017b806c51157b3ac47d302dbe95","name":"Enzo Gra\u00f1a","image":{"@type":"ImageObject","inLanguage":"es","@id":"https:\/\/secure.gravatar.com\/avatar\/93ce035f49cd06f4bd8081993fdcc3ce02f277c5c8dacd23bf419d1c8409f5c8?s=96&d=mm&r=g","url":"https:\/\/secure.gravatar.com\/avatar\/93ce035f49cd06f4bd8081993fdcc3ce02f277c5c8dacd23bf419d1c8409f5c8?s=96&d=mm&r=g","contentUrl":"https:\/\/secure.gravatar.com\/avatar\/93ce035f49cd06f4bd8081993fdcc3ce02f277c5c8dacd23bf419d1c8409f5c8?s=96&d=mm&r=g","caption":"Enzo Gra\u00f1a"},"url":"https:\/\/gentedebasquet.com.ar\/sitio\/author\/enzo-grana\/"}]}},"_links":{"self":[{"href":"https:\/\/gentedebasquet.com.ar\/sitio\/wp-json\/wp\/v2\/posts\/108505","targetHints":{"allow":["GET"]}}],"collection":[{"href":"https:\/\/gentedebasquet.com.ar\/sitio\/wp-json\/wp\/v2\/posts"}],"about":[{"href":"https:\/\/gentedebasquet.com.ar\/sitio\/wp-json\/wp\/v2\/types\/post"}],"author":[{"embeddable":true,"href":"https:\/\/gentedebasquet.com.ar\/sitio\/wp-json\/wp\/v2\/users\/67"}],"replies":[{"embeddable":true,"href":"https:\/\/gentedebasquet.com.ar\/sitio\/wp-json\/wp\/v2\/comments?post=108505"}],"version-history":[{"count":7,"href":"https:\/\/gentedebasquet.com.ar\/sitio\/wp-json\/wp\/v2\/posts\/108505\/revisions"}],"predecessor-version":[{"id":108555,"href":"https:\/\/gentedebasquet.com.ar\/sitio\/wp-json\/wp\/v2\/posts\/108505\/revisions\/108555"}],"wp:featuredmedia":[{"embeddable":true,"href":"https:\/\/gentedebasquet.com.ar\/sitio\/wp-json\/wp\/v2\/media\/108519"}],"wp:attachment":[{"href":"https:\/\/gentedebasquet.com.ar\/sitio\/wp-json\/wp\/v2\/media?parent=108505"}],"wp:term":[{"taxonomy":"category","embeddable":true,"href":"https:\/\/gentedebasquet.com.ar\/sitio\/wp-json\/wp\/v2\/categories?post=108505"},{"taxonomy":"post_tag","embeddable":true,"href":"https:\/\/gentedebasquet.com.ar\/sitio\/wp-json\/wp\/v2\/tags?post=108505"}],"curies":[{"name":"wp","href":"https:\/\/api.w.org\/{rel}","templated":true}]}}