{"id":109063,"date":"2023-10-11T05:40:06","date_gmt":"2023-10-11T03:40:06","guid":{"rendered":"https:\/\/gentedebasquet.com.ar\/sitio\/?p=109063"},"modified":"2023-10-11T05:40:06","modified_gmt":"2023-10-11T03:40:06","slug":"victoria-de-la-gran-siete","status":"publish","type":"post","link":"https:\/\/gentedebasquet.com.ar\/sitio\/2023\/10\/11\/victoria-de-la-gran-siete\/","title":{"rendered":"Victoria de la gran siete"},"content":{"rendered":"<p><strong>Siete partidos jugados, siete ganados para El Nacional. Esta vez, el rival de turno fue Los Andes, al que derrot\u00f3 claramente 79-58, en La Quinta.<\/strong><\/p>\n<p>Luego de un inicio impreciso y err\u00e1tico (2-2, en 3min de juego), el celeste fue el que se despabil\u00f3. Su repertorio en ofensiva era mucho m\u00e1s completo. En cambio, el equipo puntaltense dependi\u00f3 una y otra vez de las acciones de Danzey (marc\u00f3 7 de los 9 pts del 1C). El local cerr\u00f3 el cuarto 19-8. En el 2C, se remarc\u00f3 a\u00fan m\u00e1s la supremac\u00eda. Nico Quiroga entr\u00f3 desde el banco prendido fuego. Se despach\u00f3 con 14 pts, siendo realmente una pesadilla. Ya la ventaja fue de doble d\u00edgito: 37-23.<\/p>\n<p>Los Andes tuvo sus 5 minutos de partido, d\u00f3nde se lo not\u00f3 mejor parado. Volvi\u00f3 de los vestuarios con otra intensidad, le provoc\u00f3 varias p\u00e9rdidas al rival y en ataque, Agalupe se sum\u00f3 al extranjero Danzey. En un abrir y cerrar de ojos, el visitante empat\u00f3 el juego (39-39). Algo totalmente inesperado. Sin embargo, el local reaccion\u00f3 con un parcial 8-0 (47-39) y a partir de all\u00ed, despleg\u00f3 su mejor versi\u00f3n.<\/p>\n<p>El flaco se hizo gigante en la pintura. Quiroga no aminor\u00f3 la marcha y el pibe Dulsan fue pura decisi\u00f3n. El Nacional sac\u00f3 20 de luz (70-50), a falta de 5 min y le puso punto final al pleito.<\/p>\n<p><img decoding=\"async\" src=\"http:\/\/gentedebasquet.com.ar\/sitio\/wp-content\/uploads\/2023\/09\/Gif-Publicidades-1-6.gif\" \/><\/p>\n<div class=\"jeg_video_container jeg_video_content\"><iframe loading=\"lazy\" title=\"#Segunda - Fecha #7: El Nacional 79-58 Los Andes\" width=\"500\" height=\"281\" src=\"https:\/\/www.youtube.com\/embed\/n06RziIh7V0?feature=oembed\" frameborder=\"0\" allow=\"accelerometer; autoplay; clipboard-write; encrypted-media; gyroscope; picture-in-picture; web-share\" referrerpolicy=\"strict-origin-when-cross-origin\" allowfullscreen><\/iframe><\/div>\n<p><img decoding=\"async\" class=\"alignnone size-medium wp-image-109066\" src=\"http:\/\/gentedebasquet.com.ar\/sitio\/wp-content\/uploads\/2023\/10\/CLAVE-5-300x300.jpg\" alt=\"\" width=\"300\" height=\"300\" srcset=\"https:\/\/gentedebasquet.com.ar\/sitio\/wp-content\/uploads\/2023\/10\/CLAVE-5-300x300.jpg 300w, https:\/\/gentedebasquet.com.ar\/sitio\/wp-content\/uploads\/2023\/10\/CLAVE-5-1024x1024.jpg 1024w, https:\/\/gentedebasquet.com.ar\/sitio\/wp-content\/uploads\/2023\/10\/CLAVE-5-150x150.jpg 150w, https:\/\/gentedebasquet.com.ar\/sitio\/wp-content\/uploads\/2023\/10\/CLAVE-5-768x768.jpg 768w, https:\/\/gentedebasquet.com.ar\/sitio\/wp-content\/uploads\/2023\/10\/CLAVE-5-1536x1536.jpg 1536w, https:\/\/gentedebasquet.com.ar\/sitio\/wp-content\/uploads\/2023\/10\/CLAVE-5-75x75.jpg 75w, https:\/\/gentedebasquet.com.ar\/sitio\/wp-content\/uploads\/2023\/10\/CLAVE-5-350x350.jpg 350w, https:\/\/gentedebasquet.com.ar\/sitio\/wp-content\/uploads\/2023\/10\/CLAVE-5-750x750.jpg 750w, https:\/\/gentedebasquet.com.ar\/sitio\/wp-content\/uploads\/2023\/10\/CLAVE-5-1140x1140.jpg 1140w, https:\/\/gentedebasquet.com.ar\/sitio\/wp-content\/uploads\/2023\/10\/CLAVE-5.jpg 2000w\" sizes=\"(max-width: 300px) 100vw, 300px\" \/><\/p>\n<p><img decoding=\"async\" src=\"http:\/\/gentedebasquet.com.ar\/sitio\/wp-content\/uploads\/2023\/09\/Gif-Publicidades-2-3.gif\" \/><\/p>\n<p><img decoding=\"async\" class=\"alignnone size-medium wp-image-109067\" src=\"http:\/\/gentedebasquet.com.ar\/sitio\/wp-content\/uploads\/2023\/10\/Reschini-300x200.jpg\" alt=\"\" width=\"300\" height=\"200\" srcset=\"https:\/\/gentedebasquet.com.ar\/sitio\/wp-content\/uploads\/2023\/10\/Reschini-300x200.jpg 300w, https:\/\/gentedebasquet.com.ar\/sitio\/wp-content\/uploads\/2023\/10\/Reschini.jpg 600w\" sizes=\"(max-width: 300px) 100vw, 300px\" \/><\/p>\n<blockquote><p>\u00a8Ya vamos 7 victorias al hilo, le ganamos a varios que son candidatos. Tenemos baches, pero el funcionamiento va mejorando. Sabemos que tenemos gol en todas las manos. Luego de que ellos se vinieron, entraron algunos tiros, los goles de los manos de los jugadores que tienen que hacerlo lo hacen y eso nos ayuda mucho\u00a8<strong> Juan Cruz<\/strong> <strong>Reschini, jugador de El Nacional<\/strong><\/p><\/blockquote>\n<p><img decoding=\"async\" class=\"alignnone size-medium wp-image-109071\" src=\"http:\/\/gentedebasquet.com.ar\/sitio\/wp-content\/uploads\/2023\/10\/MVP-4-300x300.jpg\" alt=\"\" width=\"300\" height=\"300\" srcset=\"https:\/\/gentedebasquet.com.ar\/sitio\/wp-content\/uploads\/2023\/10\/MVP-4-300x300.jpg 300w, https:\/\/gentedebasquet.com.ar\/sitio\/wp-content\/uploads\/2023\/10\/MVP-4-1024x1024.jpg 1024w, https:\/\/gentedebasquet.com.ar\/sitio\/wp-content\/uploads\/2023\/10\/MVP-4-150x150.jpg 150w, https:\/\/gentedebasquet.com.ar\/sitio\/wp-content\/uploads\/2023\/10\/MVP-4-768x768.jpg 768w, https:\/\/gentedebasquet.com.ar\/sitio\/wp-content\/uploads\/2023\/10\/MVP-4-1536x1536.jpg 1536w, https:\/\/gentedebasquet.com.ar\/sitio\/wp-content\/uploads\/2023\/10\/MVP-4-75x75.jpg 75w, https:\/\/gentedebasquet.com.ar\/sitio\/wp-content\/uploads\/2023\/10\/MVP-4-350x350.jpg 350w, https:\/\/gentedebasquet.com.ar\/sitio\/wp-content\/uploads\/2023\/10\/MVP-4-750x750.jpg 750w, https:\/\/gentedebasquet.com.ar\/sitio\/wp-content\/uploads\/2023\/10\/MVP-4-1140x1140.jpg 1140w, https:\/\/gentedebasquet.com.ar\/sitio\/wp-content\/uploads\/2023\/10\/MVP-4.jpg 2000w\" sizes=\"(max-width: 300px) 100vw, 300px\" \/><\/p>\n<p><img decoding=\"async\" src=\"http:\/\/gentedebasquet.com.ar\/sitio\/wp-content\/uploads\/2023\/07\/Gif-Publicidades-3.gif\" \/><\/p>\n<p><strong>S\u00edntesis<\/strong> &#8211; Segunda &#8211; Fecha #7<\/p>\n<p><strong>El Nacional 79:<\/strong> Juan Cruz Reschini 9, Santiago Ferrari 8, Nahuel Dulsan 14, Manuel Echarri 6, Herman Banegas 14 (FI); Nicol\u00e1s Quiroga 21, Dami\u00e1n Carci 2, Valent\u00edn Pet\u00f3n 0, Alejo Arias 3, Franco Guidi 0, Santiago Hamze 2 y Facundo Dulsan 0. DT: Juan Sergio Palumbo.<\/p>\n<p><strong>Los Andes 58:<\/strong> Jos\u00e9 P\u00e9rez 0, Fausto Eidintas 8, Daniel Agalupe 12, James Danzey 22, Boris Kumorkiewicz 2 (FI); Leandro Saavedra 8, Luciano Terrizi 6, Maximiliano Salinas 0 y Tom\u00e1s Godoy 0. DT: Enrique Moreno.<\/p>\n<p><strong>Parciales:\u00a0<\/strong>19-8, 37-23 (18-15), 55-46 (18-23) y 79-58 (24-12).<\/p>\n<p><strong>\u00c1rbitros:\u00a0<\/strong>Eduardo Ferreyra, Marcelo Gordillo y Lucas Andr\u00e9s.<\/p>\n<p><strong>Estadio:\u00a0<\/strong>La Quinta (El Nacional).<\/p>\n<p><img decoding=\"async\" src=\"http:\/\/gentedebasquet.com.ar\/sitio\/wp-content\/uploads\/2023\/09\/Gif-Publicidades-4-4.gif\" \/><\/p>\n<p>&nbsp;<\/p>\n<p><img decoding=\"async\" class=\"alignnone size-medium wp-image-109074\" src=\"http:\/\/gentedebasquet.com.ar\/sitio\/wp-content\/uploads\/2023\/10\/desarrollo-2-300x200.jpg\" alt=\"\" width=\"300\" height=\"200\" srcset=\"https:\/\/gentedebasquet.com.ar\/sitio\/wp-content\/uploads\/2023\/10\/desarrollo-2-300x200.jpg 300w, https:\/\/gentedebasquet.com.ar\/sitio\/wp-content\/uploads\/2023\/10\/desarrollo-2.jpg 600w\" sizes=\"(max-width: 300px) 100vw, 300px\" \/><\/p>\n","protected":false},"excerpt":{"rendered":"<p>Siete partidos jugados, siete ganados para El Nacional. Esta vez, el rival de turno fue Los Andes, al que derrot\u00f3 claramente 79-58, en La Quinta. Luego de un inicio impreciso y err\u00e1tico (2-2, en 3min de juego), el celeste fue el que se despabil\u00f3. Su repertorio en ofensiva era mucho m\u00e1s completo. En cambio, el [&hellip;]<\/p>\n","protected":false},"author":44,"featured_media":109077,"comment_status":"open","ping_status":"open","sticky":false,"template":"","format":"standard","meta":{"jnews-multi-image_gallery":[],"jnews_single_post":{"source_name":"","source_url":"","via_name":"","via_url":"","override_template":"0","override":[{"template":"1","single_blog_custom":"","parallax":"1","fullscreen":"1","layout":"right-sidebar","sidebar":"default-sidebar","second_sidebar":"default-sidebar","sticky_sidebar":"1","share_position":"top","share_float_style":"share-monocrhome","show_share_counter":"0","show_view_counter":"0","show_featured":"1","show_post_meta":"1","show_post_author":"1","show_post_author_image":"1","show_post_date":"1","post_date_format":"default","post_date_format_custom":"Y\/m\/d","show_post_category":"1","show_post_reading_time":"0","post_reading_time_wpm":"300","show_zoom_button":"0","zoom_button_out_step":"2","zoom_button_in_step":"3","show_post_tag":"1","show_prev_next_post":"1","show_popup_post":"1","number_popup_post":"1","show_author_box":"0","show_post_related":"0","show_inline_post_related":"0"}],"override_image_size":"0","image_override":[{"single_post_thumbnail_size":"crop-500","single_post_gallery_size":"crop-500"}],"trending_post":"0","trending_post_position":"meta","trending_post_label":"Trending","sponsored_post":"0","sponsored_post_label":"Sponsored by","sponsored_post_name":"","sponsored_post_url":"","sponsored_post_logo_enable":"0","sponsored_post_logo":"","sponsored_post_desc":"","disable_ad":"0"},"jnews_primary_category":{"id":"","hide":""},"footnotes":""},"categories":[25,101],"tags":[9,230,1936,152,1850,283],"class_list":["post-109063","post","type-post","status-publish","format-standard","has-post-thumbnail","hentry","category-segunda","category-slide","tag-el-nacional","tag-herman-banegas","tag-james-danzey","tag-los-andes","tag-nahuel-dulsan","tag-nicolas-quiroga"],"yoast_head":"<!-- This site is optimized with the Yoast SEO plugin v27.4 - https:\/\/yoast.com\/product\/yoast-seo-wordpress\/ -->\n<title>Victoria de la gran siete - Gente de B\u00e1squet<\/title>\n<meta name=\"robots\" content=\"index, follow, max-snippet:-1, max-image-preview:large, max-video-preview:-1\" \/>\n<link rel=\"canonical\" href=\"https:\/\/gentedebasquet.com.ar\/sitio\/2023\/10\/11\/victoria-de-la-gran-siete\/\" \/>\n<meta property=\"og:locale\" content=\"es_ES\" \/>\n<meta property=\"og:type\" content=\"article\" \/>\n<meta property=\"og:title\" content=\"Victoria de la gran siete - Gente de B\u00e1squet\" \/>\n<meta property=\"og:description\" content=\"Siete partidos jugados, siete ganados para El Nacional. Esta vez, el rival de turno fue Los Andes, al que derrot\u00f3 claramente 79-58, en La Quinta. Luego de un inicio impreciso y err\u00e1tico (2-2, en 3min de juego), el celeste fue el que se despabil\u00f3. Su repertorio en ofensiva era mucho m\u00e1s completo. En cambio, el [&hellip;]\" \/>\n<meta property=\"og:url\" content=\"https:\/\/gentedebasquet.com.ar\/sitio\/2023\/10\/11\/victoria-de-la-gran-siete\/\" \/>\n<meta property=\"og:site_name\" content=\"Gente de B\u00e1squet\" \/>\n<meta property=\"article:published_time\" content=\"2023-10-11T03:40:06+00:00\" \/>\n<meta property=\"og:image\" content=\"https:\/\/gentedebasquet.com.ar\/sitio\/wp-content\/uploads\/2023\/10\/destacada-2.jpg\" \/>\n\t<meta property=\"og:image:width\" content=\"690\" \/>\n\t<meta property=\"og:image:height\" content=\"319\" \/>\n\t<meta property=\"og:image:type\" content=\"image\/jpeg\" \/>\n<meta name=\"author\" content=\"Santiago Guerrero\" \/>\n<meta name=\"twitter:card\" content=\"summary_large_image\" \/>\n<meta name=\"twitter:label1\" content=\"Escrito por\" \/>\n\t<meta name=\"twitter:data1\" content=\"Santiago Guerrero\" \/>\n\t<meta name=\"twitter:label2\" content=\"Tiempo de lectura\" \/>\n\t<meta name=\"twitter:data2\" content=\"4 minutos\" \/>\n<script type=\"application\/ld+json\" class=\"yoast-schema-graph\">{\"@context\":\"https:\\\/\\\/schema.org\",\"@graph\":[{\"@type\":\"Article\",\"@id\":\"https:\\\/\\\/gentedebasquet.com.ar\\\/sitio\\\/2023\\\/10\\\/11\\\/victoria-de-la-gran-siete\\\/#article\",\"isPartOf\":{\"@id\":\"https:\\\/\\\/gentedebasquet.com.ar\\\/sitio\\\/2023\\\/10\\\/11\\\/victoria-de-la-gran-siete\\\/\"},\"author\":{\"name\":\"Santiago Guerrero\",\"@id\":\"http:\\\/\\\/gentedebasquet.com.ar\\\/sitio\\\/#\\\/schema\\\/person\\\/d904c67a20106b85a87a1e7d9ed4af04\"},\"headline\":\"Victoria de la gran siete\",\"datePublished\":\"2023-10-11T03:40:06+00:00\",\"mainEntityOfPage\":{\"@id\":\"https:\\\/\\\/gentedebasquet.com.ar\\\/sitio\\\/2023\\\/10\\\/11\\\/victoria-de-la-gran-siete\\\/\"},\"wordCount\":403,\"commentCount\":0,\"image\":{\"@id\":\"https:\\\/\\\/gentedebasquet.com.ar\\\/sitio\\\/2023\\\/10\\\/11\\\/victoria-de-la-gran-siete\\\/#primaryimage\"},\"thumbnailUrl\":\"https:\\\/\\\/gentedebasquet.com.ar\\\/sitio\\\/wp-content\\\/uploads\\\/2023\\\/10\\\/destacada-2.jpg\",\"keywords\":[\"El Nacional\",\"Herman Banegas\",\"James Danzey\",\"Los Andes\",\"Nahuel Dulsan\",\"Nicol\u00e1s Quiroga\"],\"articleSection\":[\"Segunda\",\"Slide\"],\"inLanguage\":\"es\",\"potentialAction\":[{\"@type\":\"CommentAction\",\"name\":\"Comment\",\"target\":[\"https:\\\/\\\/gentedebasquet.com.ar\\\/sitio\\\/2023\\\/10\\\/11\\\/victoria-de-la-gran-siete\\\/#respond\"]}]},{\"@type\":\"WebPage\",\"@id\":\"https:\\\/\\\/gentedebasquet.com.ar\\\/sitio\\\/2023\\\/10\\\/11\\\/victoria-de-la-gran-siete\\\/\",\"url\":\"https:\\\/\\\/gentedebasquet.com.ar\\\/sitio\\\/2023\\\/10\\\/11\\\/victoria-de-la-gran-siete\\\/\",\"name\":\"Victoria de la gran siete - Gente de B\u00e1squet\",\"isPartOf\":{\"@id\":\"http:\\\/\\\/gentedebasquet.com.ar\\\/sitio\\\/#website\"},\"primaryImageOfPage\":{\"@id\":\"https:\\\/\\\/gentedebasquet.com.ar\\\/sitio\\\/2023\\\/10\\\/11\\\/victoria-de-la-gran-siete\\\/#primaryimage\"},\"image\":{\"@id\":\"https:\\\/\\\/gentedebasquet.com.ar\\\/sitio\\\/2023\\\/10\\\/11\\\/victoria-de-la-gran-siete\\\/#primaryimage\"},\"thumbnailUrl\":\"https:\\\/\\\/gentedebasquet.com.ar\\\/sitio\\\/wp-content\\\/uploads\\\/2023\\\/10\\\/destacada-2.jpg\",\"datePublished\":\"2023-10-11T03:40:06+00:00\",\"author\":{\"@id\":\"http:\\\/\\\/gentedebasquet.com.ar\\\/sitio\\\/#\\\/schema\\\/person\\\/d904c67a20106b85a87a1e7d9ed4af04\"},\"breadcrumb\":{\"@id\":\"https:\\\/\\\/gentedebasquet.com.ar\\\/sitio\\\/2023\\\/10\\\/11\\\/victoria-de-la-gran-siete\\\/#breadcrumb\"},\"inLanguage\":\"es\",\"potentialAction\":[{\"@type\":\"ReadAction\",\"target\":[\"https:\\\/\\\/gentedebasquet.com.ar\\\/sitio\\\/2023\\\/10\\\/11\\\/victoria-de-la-gran-siete\\\/\"]}]},{\"@type\":\"ImageObject\",\"inLanguage\":\"es\",\"@id\":\"https:\\\/\\\/gentedebasquet.com.ar\\\/sitio\\\/2023\\\/10\\\/11\\\/victoria-de-la-gran-siete\\\/#primaryimage\",\"url\":\"https:\\\/\\\/gentedebasquet.com.ar\\\/sitio\\\/wp-content\\\/uploads\\\/2023\\\/10\\\/destacada-2.jpg\",\"contentUrl\":\"https:\\\/\\\/gentedebasquet.com.ar\\\/sitio\\\/wp-content\\\/uploads\\\/2023\\\/10\\\/destacada-2.jpg\",\"width\":690,\"height\":319},{\"@type\":\"BreadcrumbList\",\"@id\":\"https:\\\/\\\/gentedebasquet.com.ar\\\/sitio\\\/2023\\\/10\\\/11\\\/victoria-de-la-gran-siete\\\/#breadcrumb\",\"itemListElement\":[{\"@type\":\"ListItem\",\"position\":1,\"name\":\"Portada\",\"item\":\"http:\\\/\\\/gentedebasquet.com.ar\\\/sitio\\\/\"},{\"@type\":\"ListItem\",\"position\":2,\"name\":\"Victoria de la gran siete\"}]},{\"@type\":\"WebSite\",\"@id\":\"http:\\\/\\\/gentedebasquet.com.ar\\\/sitio\\\/#website\",\"url\":\"http:\\\/\\\/gentedebasquet.com.ar\\\/sitio\\\/\",\"name\":\"Gente de B\u00e1squet\",\"description\":\"La revista del basquet de Bah\u00eda Blanca\",\"potentialAction\":[{\"@type\":\"SearchAction\",\"target\":{\"@type\":\"EntryPoint\",\"urlTemplate\":\"http:\\\/\\\/gentedebasquet.com.ar\\\/sitio\\\/?s={search_term_string}\"},\"query-input\":{\"@type\":\"PropertyValueSpecification\",\"valueRequired\":true,\"valueName\":\"search_term_string\"}}],\"inLanguage\":\"es\"},{\"@type\":\"Person\",\"@id\":\"http:\\\/\\\/gentedebasquet.com.ar\\\/sitio\\\/#\\\/schema\\\/person\\\/d904c67a20106b85a87a1e7d9ed4af04\",\"name\":\"Santiago Guerrero\",\"image\":{\"@type\":\"ImageObject\",\"inLanguage\":\"es\",\"@id\":\"https:\\\/\\\/secure.gravatar.com\\\/avatar\\\/9749e94c265693326e6778de232cd359016d3c0dabce9d7260c9e96e592bc3a3?s=96&d=mm&r=g\",\"url\":\"https:\\\/\\\/secure.gravatar.com\\\/avatar\\\/9749e94c265693326e6778de232cd359016d3c0dabce9d7260c9e96e592bc3a3?s=96&d=mm&r=g\",\"contentUrl\":\"https:\\\/\\\/secure.gravatar.com\\\/avatar\\\/9749e94c265693326e6778de232cd359016d3c0dabce9d7260c9e96e592bc3a3?s=96&d=mm&r=g\",\"caption\":\"Santiago Guerrero\"},\"url\":\"https:\\\/\\\/gentedebasquet.com.ar\\\/sitio\\\/author\\\/santiago-guerrero\\\/\"}]}<\/script>\n<!-- \/ Yoast SEO plugin. -->","yoast_head_json":{"title":"Victoria de la gran siete - Gente de B\u00e1squet","robots":{"index":"index","follow":"follow","max-snippet":"max-snippet:-1","max-image-preview":"max-image-preview:large","max-video-preview":"max-video-preview:-1"},"canonical":"https:\/\/gentedebasquet.com.ar\/sitio\/2023\/10\/11\/victoria-de-la-gran-siete\/","og_locale":"es_ES","og_type":"article","og_title":"Victoria de la gran siete - Gente de B\u00e1squet","og_description":"Siete partidos jugados, siete ganados para El Nacional. Esta vez, el rival de turno fue Los Andes, al que derrot\u00f3 claramente 79-58, en La Quinta. Luego de un inicio impreciso y err\u00e1tico (2-2, en 3min de juego), el celeste fue el que se despabil\u00f3. Su repertorio en ofensiva era mucho m\u00e1s completo. En cambio, el [&hellip;]","og_url":"https:\/\/gentedebasquet.com.ar\/sitio\/2023\/10\/11\/victoria-de-la-gran-siete\/","og_site_name":"Gente de B\u00e1squet","article_published_time":"2023-10-11T03:40:06+00:00","og_image":[{"width":690,"height":319,"url":"https:\/\/gentedebasquet.com.ar\/sitio\/wp-content\/uploads\/2023\/10\/destacada-2.jpg","type":"image\/jpeg"}],"author":"Santiago Guerrero","twitter_card":"summary_large_image","twitter_misc":{"Escrito por":"Santiago Guerrero","Tiempo de lectura":"4 minutos"},"schema":{"@context":"https:\/\/schema.org","@graph":[{"@type":"Article","@id":"https:\/\/gentedebasquet.com.ar\/sitio\/2023\/10\/11\/victoria-de-la-gran-siete\/#article","isPartOf":{"@id":"https:\/\/gentedebasquet.com.ar\/sitio\/2023\/10\/11\/victoria-de-la-gran-siete\/"},"author":{"name":"Santiago Guerrero","@id":"http:\/\/gentedebasquet.com.ar\/sitio\/#\/schema\/person\/d904c67a20106b85a87a1e7d9ed4af04"},"headline":"Victoria de la gran siete","datePublished":"2023-10-11T03:40:06+00:00","mainEntityOfPage":{"@id":"https:\/\/gentedebasquet.com.ar\/sitio\/2023\/10\/11\/victoria-de-la-gran-siete\/"},"wordCount":403,"commentCount":0,"image":{"@id":"https:\/\/gentedebasquet.com.ar\/sitio\/2023\/10\/11\/victoria-de-la-gran-siete\/#primaryimage"},"thumbnailUrl":"https:\/\/gentedebasquet.com.ar\/sitio\/wp-content\/uploads\/2023\/10\/destacada-2.jpg","keywords":["El Nacional","Herman Banegas","James Danzey","Los Andes","Nahuel Dulsan","Nicol\u00e1s Quiroga"],"articleSection":["Segunda","Slide"],"inLanguage":"es","potentialAction":[{"@type":"CommentAction","name":"Comment","target":["https:\/\/gentedebasquet.com.ar\/sitio\/2023\/10\/11\/victoria-de-la-gran-siete\/#respond"]}]},{"@type":"WebPage","@id":"https:\/\/gentedebasquet.com.ar\/sitio\/2023\/10\/11\/victoria-de-la-gran-siete\/","url":"https:\/\/gentedebasquet.com.ar\/sitio\/2023\/10\/11\/victoria-de-la-gran-siete\/","name":"Victoria de la gran siete - Gente de B\u00e1squet","isPartOf":{"@id":"http:\/\/gentedebasquet.com.ar\/sitio\/#website"},"primaryImageOfPage":{"@id":"https:\/\/gentedebasquet.com.ar\/sitio\/2023\/10\/11\/victoria-de-la-gran-siete\/#primaryimage"},"image":{"@id":"https:\/\/gentedebasquet.com.ar\/sitio\/2023\/10\/11\/victoria-de-la-gran-siete\/#primaryimage"},"thumbnailUrl":"https:\/\/gentedebasquet.com.ar\/sitio\/wp-content\/uploads\/2023\/10\/destacada-2.jpg","datePublished":"2023-10-11T03:40:06+00:00","author":{"@id":"http:\/\/gentedebasquet.com.ar\/sitio\/#\/schema\/person\/d904c67a20106b85a87a1e7d9ed4af04"},"breadcrumb":{"@id":"https:\/\/gentedebasquet.com.ar\/sitio\/2023\/10\/11\/victoria-de-la-gran-siete\/#breadcrumb"},"inLanguage":"es","potentialAction":[{"@type":"ReadAction","target":["https:\/\/gentedebasquet.com.ar\/sitio\/2023\/10\/11\/victoria-de-la-gran-siete\/"]}]},{"@type":"ImageObject","inLanguage":"es","@id":"https:\/\/gentedebasquet.com.ar\/sitio\/2023\/10\/11\/victoria-de-la-gran-siete\/#primaryimage","url":"https:\/\/gentedebasquet.com.ar\/sitio\/wp-content\/uploads\/2023\/10\/destacada-2.jpg","contentUrl":"https:\/\/gentedebasquet.com.ar\/sitio\/wp-content\/uploads\/2023\/10\/destacada-2.jpg","width":690,"height":319},{"@type":"BreadcrumbList","@id":"https:\/\/gentedebasquet.com.ar\/sitio\/2023\/10\/11\/victoria-de-la-gran-siete\/#breadcrumb","itemListElement":[{"@type":"ListItem","position":1,"name":"Portada","item":"http:\/\/gentedebasquet.com.ar\/sitio\/"},{"@type":"ListItem","position":2,"name":"Victoria de la gran siete"}]},{"@type":"WebSite","@id":"http:\/\/gentedebasquet.com.ar\/sitio\/#website","url":"http:\/\/gentedebasquet.com.ar\/sitio\/","name":"Gente de B\u00e1squet","description":"La revista del basquet de Bah\u00eda Blanca","potentialAction":[{"@type":"SearchAction","target":{"@type":"EntryPoint","urlTemplate":"http:\/\/gentedebasquet.com.ar\/sitio\/?s={search_term_string}"},"query-input":{"@type":"PropertyValueSpecification","valueRequired":true,"valueName":"search_term_string"}}],"inLanguage":"es"},{"@type":"Person","@id":"http:\/\/gentedebasquet.com.ar\/sitio\/#\/schema\/person\/d904c67a20106b85a87a1e7d9ed4af04","name":"Santiago Guerrero","image":{"@type":"ImageObject","inLanguage":"es","@id":"https:\/\/secure.gravatar.com\/avatar\/9749e94c265693326e6778de232cd359016d3c0dabce9d7260c9e96e592bc3a3?s=96&d=mm&r=g","url":"https:\/\/secure.gravatar.com\/avatar\/9749e94c265693326e6778de232cd359016d3c0dabce9d7260c9e96e592bc3a3?s=96&d=mm&r=g","contentUrl":"https:\/\/secure.gravatar.com\/avatar\/9749e94c265693326e6778de232cd359016d3c0dabce9d7260c9e96e592bc3a3?s=96&d=mm&r=g","caption":"Santiago Guerrero"},"url":"https:\/\/gentedebasquet.com.ar\/sitio\/author\/santiago-guerrero\/"}]}},"_links":{"self":[{"href":"https:\/\/gentedebasquet.com.ar\/sitio\/wp-json\/wp\/v2\/posts\/109063","targetHints":{"allow":["GET"]}}],"collection":[{"href":"https:\/\/gentedebasquet.com.ar\/sitio\/wp-json\/wp\/v2\/posts"}],"about":[{"href":"https:\/\/gentedebasquet.com.ar\/sitio\/wp-json\/wp\/v2\/types\/post"}],"author":[{"embeddable":true,"href":"https:\/\/gentedebasquet.com.ar\/sitio\/wp-json\/wp\/v2\/users\/44"}],"replies":[{"embeddable":true,"href":"https:\/\/gentedebasquet.com.ar\/sitio\/wp-json\/wp\/v2\/comments?post=109063"}],"version-history":[{"count":2,"href":"https:\/\/gentedebasquet.com.ar\/sitio\/wp-json\/wp\/v2\/posts\/109063\/revisions"}],"predecessor-version":[{"id":109271,"href":"https:\/\/gentedebasquet.com.ar\/sitio\/wp-json\/wp\/v2\/posts\/109063\/revisions\/109271"}],"wp:featuredmedia":[{"embeddable":true,"href":"https:\/\/gentedebasquet.com.ar\/sitio\/wp-json\/wp\/v2\/media\/109077"}],"wp:attachment":[{"href":"https:\/\/gentedebasquet.com.ar\/sitio\/wp-json\/wp\/v2\/media?parent=109063"}],"wp:term":[{"taxonomy":"category","embeddable":true,"href":"https:\/\/gentedebasquet.com.ar\/sitio\/wp-json\/wp\/v2\/categories?post=109063"},{"taxonomy":"post_tag","embeddable":true,"href":"https:\/\/gentedebasquet.com.ar\/sitio\/wp-json\/wp\/v2\/tags?post=109063"}],"curies":[{"name":"wp","href":"https:\/\/api.w.org\/{rel}","templated":true}]}}