{"id":109212,"date":"2023-10-20T05:28:42","date_gmt":"2023-10-20T03:28:42","guid":{"rendered":"https:\/\/gentedebasquet.com.ar\/sitio\/?p=109212"},"modified":"2023-10-20T18:16:24","modified_gmt":"2023-10-20T16:16:24","slug":"alem-mira-desde-arriba","status":"publish","type":"post","link":"https:\/\/gentedebasquet.com.ar\/sitio\/2023\/10\/20\/alem-mira-desde-arriba\/","title":{"rendered":"Alem mira desde arriba"},"content":{"rendered":"<p><strong>Alem venci\u00f3 en el Lacunza 74-63 a Liniers<\/strong> y, a la espera del partido de Villa Mitre, <strong>es uno de los l\u00edderes del campeonato<\/strong>, con un r\u00e9cord 5-1. En un partido caliente, los de Mauro Polla lo destrabaron en el segundo tiempo, de la mano de Ponzoni, Diel y Alan Gonz\u00e1lez. <strong>La individualidad destacada fue Franco Ferrari, que anot\u00f3 27 unidades.<\/strong><\/p>\n<p>Desde el primer cuarto se vieron las intenciones de ambos equipos, un <strong>Alem haci\u00e9ndose fuerte en la pintura y con un goleo repartido, mientras que Liniers buscaba correr la cancha, con Ferrari y Vasconcelo como principales armas ofensivas.<\/strong><\/p>\n<p>El primer tiempo fue parejo, y <strong>el \u00abChivo\u00bb se fue en ventaja por la m\u00ednima<\/strong>, pero con la cabeza puesta en los fallos arbitrales, antes que en el juego. Y es que en el segundo parcial, <strong>Agust\u00edn Dottori recibi\u00f3 dos faltas t\u00e9cnicas, y luego fue descalificado su entrenador Mauricio Vago.<\/strong><\/p>\n<p><strong>Alem domin\u00f3 el segundo tiempo, con un tercer cuarto brillante (23-11)<\/strong>, de la mano de Ponzoni y Diel. <strong>Mat\u00edas fue el goleador local con 17 unidades, Diel anot\u00f3 16 y Alan Gonz\u00e1lez 14.<\/strong> En el visitante, <strong>Franco Ferrari cerr\u00f3 su planilla con 27 unidades, adem\u00e1s de las 16 de Segundo Vasconcelo.<\/strong><\/p>\n<p>El equipo de Mauro Polla sigue firme y <strong>se posiciona en la parte alta de la tabla,<\/strong> con apenas una derrota. <strong>Liniers contin\u00faa con su andar irregular<\/strong> y volvi\u00f3 a caer, por lo que ahora ostenta un r\u00e9cord con la misma cantidad de victorias que de derrotas.<\/p>\n<p><img decoding=\"async\" class=\"alignnone size-full wp-image-108809\" src=\"http:\/\/gentedebasquet.com.ar\/sitio\/wp-content\/uploads\/2023\/09\/Gif-Publicidades-1-8.gif\" alt=\"\" width=\"300\" height=\"250\" \/><\/p>\n<div class=\"jeg_video_container jeg_video_content\"><iframe loading=\"lazy\" title=\"#Primera - Fecha #6: Alem 74 - 63 Liniers\" width=\"500\" height=\"281\" src=\"https:\/\/www.youtube.com\/embed\/_UGmuAcwGjo?feature=oembed\" frameborder=\"0\" allow=\"accelerometer; autoplay; clipboard-write; encrypted-media; gyroscope; picture-in-picture; web-share\" referrerpolicy=\"strict-origin-when-cross-origin\" allowfullscreen><\/iframe><\/div>\n<p><img decoding=\"async\" class=\"alignnone size-medium wp-image-109228\" src=\"http:\/\/gentedebasquet.com.ar\/sitio\/wp-content\/uploads\/2023\/10\/CLAVE-alem-liniers-f6-300x300.png\" alt=\"\" width=\"300\" height=\"300\" srcset=\"https:\/\/gentedebasquet.com.ar\/sitio\/wp-content\/uploads\/2023\/10\/CLAVE-alem-liniers-f6-300x300.png 300w, https:\/\/gentedebasquet.com.ar\/sitio\/wp-content\/uploads\/2023\/10\/CLAVE-alem-liniers-f6-1024x1024.png 1024w, https:\/\/gentedebasquet.com.ar\/sitio\/wp-content\/uploads\/2023\/10\/CLAVE-alem-liniers-f6-150x150.png 150w, https:\/\/gentedebasquet.com.ar\/sitio\/wp-content\/uploads\/2023\/10\/CLAVE-alem-liniers-f6-768x768.png 768w, https:\/\/gentedebasquet.com.ar\/sitio\/wp-content\/uploads\/2023\/10\/CLAVE-alem-liniers-f6-1536x1536.png 1536w, https:\/\/gentedebasquet.com.ar\/sitio\/wp-content\/uploads\/2023\/10\/CLAVE-alem-liniers-f6-75x75.png 75w, https:\/\/gentedebasquet.com.ar\/sitio\/wp-content\/uploads\/2023\/10\/CLAVE-alem-liniers-f6-350x350.png 350w, https:\/\/gentedebasquet.com.ar\/sitio\/wp-content\/uploads\/2023\/10\/CLAVE-alem-liniers-f6-750x750.png 750w, https:\/\/gentedebasquet.com.ar\/sitio\/wp-content\/uploads\/2023\/10\/CLAVE-alem-liniers-f6-1140x1140.png 1140w, https:\/\/gentedebasquet.com.ar\/sitio\/wp-content\/uploads\/2023\/10\/CLAVE-alem-liniers-f6.png 2000w\" sizes=\"(max-width: 300px) 100vw, 300px\" \/><\/p>\n<p><img decoding=\"async\" class=\"alignnone size-full wp-image-108810\" src=\"http:\/\/gentedebasquet.com.ar\/sitio\/wp-content\/uploads\/2023\/09\/Gif-Publicidades-2-4.gif\" alt=\"\" width=\"300\" height=\"250\" \/><\/p>\n<p>&nbsp;<\/p>\n<p><img decoding=\"async\" class=\"alignnone wp-image-109226 size-full\" src=\"http:\/\/gentedebasquet.com.ar\/sitio\/wp-content\/uploads\/2023\/10\/IMG_4137-scaled.jpg\" alt=\"\" width=\"2560\" height=\"1920\" srcset=\"https:\/\/gentedebasquet.com.ar\/sitio\/wp-content\/uploads\/2023\/10\/IMG_4137-scaled.jpg 2560w, https:\/\/gentedebasquet.com.ar\/sitio\/wp-content\/uploads\/2023\/10\/IMG_4137-300x225.jpg 300w, https:\/\/gentedebasquet.com.ar\/sitio\/wp-content\/uploads\/2023\/10\/IMG_4137-1024x768.jpg 1024w, https:\/\/gentedebasquet.com.ar\/sitio\/wp-content\/uploads\/2023\/10\/IMG_4137-768x576.jpg 768w, https:\/\/gentedebasquet.com.ar\/sitio\/wp-content\/uploads\/2023\/10\/IMG_4137-1536x1152.jpg 1536w, https:\/\/gentedebasquet.com.ar\/sitio\/wp-content\/uploads\/2023\/10\/IMG_4137-2048x1536.jpg 2048w, https:\/\/gentedebasquet.com.ar\/sitio\/wp-content\/uploads\/2023\/10\/IMG_4137-750x563.jpg 750w, https:\/\/gentedebasquet.com.ar\/sitio\/wp-content\/uploads\/2023\/10\/IMG_4137-1140x855.jpg 1140w\" sizes=\"(max-width: 2560px) 100vw, 2560px\" \/><\/p>\n<blockquote><p>\u00abFue un partido muy friccionado, la clave fue no picar tanto cuando \u00edbamos para adentro, nos dimos cuenta que hab\u00eda que mover la pelota y hacerlos correr en defensa. Tenemos juego en todas las posiciones, hay que seguir mejorando d\u00eda a d\u00eda, es un torneo largo y esto cambia en cualquier momento.\u00bb <strong>Mat\u00edas Ponzoni, Alem.<\/strong><\/p><\/blockquote>\n<p><img decoding=\"async\" class=\"alignnone size-medium wp-image-109225\" src=\"http:\/\/gentedebasquet.com.ar\/sitio\/wp-content\/uploads\/2023\/10\/MVP-matias-ponzoni-300x300.png\" alt=\"\" width=\"300\" height=\"300\" srcset=\"https:\/\/gentedebasquet.com.ar\/sitio\/wp-content\/uploads\/2023\/10\/MVP-matias-ponzoni-300x300.png 300w, https:\/\/gentedebasquet.com.ar\/sitio\/wp-content\/uploads\/2023\/10\/MVP-matias-ponzoni-1024x1024.png 1024w, https:\/\/gentedebasquet.com.ar\/sitio\/wp-content\/uploads\/2023\/10\/MVP-matias-ponzoni-150x150.png 150w, https:\/\/gentedebasquet.com.ar\/sitio\/wp-content\/uploads\/2023\/10\/MVP-matias-ponzoni-768x768.png 768w, https:\/\/gentedebasquet.com.ar\/sitio\/wp-content\/uploads\/2023\/10\/MVP-matias-ponzoni-1536x1536.png 1536w, https:\/\/gentedebasquet.com.ar\/sitio\/wp-content\/uploads\/2023\/10\/MVP-matias-ponzoni-75x75.png 75w, https:\/\/gentedebasquet.com.ar\/sitio\/wp-content\/uploads\/2023\/10\/MVP-matias-ponzoni-350x350.png 350w, https:\/\/gentedebasquet.com.ar\/sitio\/wp-content\/uploads\/2023\/10\/MVP-matias-ponzoni-750x750.png 750w, https:\/\/gentedebasquet.com.ar\/sitio\/wp-content\/uploads\/2023\/10\/MVP-matias-ponzoni-1140x1140.png 1140w, https:\/\/gentedebasquet.com.ar\/sitio\/wp-content\/uploads\/2023\/10\/MVP-matias-ponzoni.png 2000w\" sizes=\"(max-width: 300px) 100vw, 300px\" \/><\/p>\n<p><img decoding=\"async\" class=\"alignnone size-full wp-image-108811\" src=\"http:\/\/gentedebasquet.com.ar\/sitio\/wp-content\/uploads\/2023\/09\/Gif-Publicidades-3-4.gif\" alt=\"\" width=\"300\" height=\"250\" \/><\/p>\n<p><strong>S\u00edntesis \u2013 Primera \u2013 Fecha 6<\/strong><\/p>\n<p><strong>Alem 74:<\/strong> Juli\u00e1n Horvath 9, Patricio Zapata 7, Mat\u00edas Ponzoni 17, Marcos Diel 16, Alan Gonz\u00e1lez 14 <strong>(FI);<\/strong> Nahuel Amaya, Juan Cruz Mambretti, Lautaro Cavero 8, Lucio Baeza, Pedro Palacio, Lucas Delgado 3, Valent\u00edn Cortes 0. <strong>DT: Mauro Polla.<\/strong><\/p>\n<p><b>Liniers 63: <\/b>Segundo Vasconcelo 16, Agust\u00edn Dottori 5 (x), Franco Ferrari 27 (x), Joaqu\u00edn Larradart 4, Juli\u00e1n Marinsalta 9 <strong>(FI);<\/strong> Franco Marinsalta 0, Mateo Montes 0, Mateo Cruglak 0, Santino Marzialetti, Santiago Ponzoni, Sebasti\u00e1n Dutari 2, Genaro Groppa. <strong>DT: Mauricio Vago (x).<\/strong><\/p>\n<p><strong>Parciales<\/strong>: 22-19, 36-37 (14-18), 59-48 (23-11), 74-63 (15-15)<\/p>\n<p><strong>\u00c1rbitros<\/strong>: Alejandro Ramallo &#8211; Sebasti\u00e1n Arcas &#8211; Juan Agust\u00edn Mat\u00edas<\/p>\n<p><strong>Estadio:<\/strong> Daniel Lacunza (Alem)<\/p>\n<p><img decoding=\"async\" class=\"alignnone size-full wp-image-108812\" src=\"http:\/\/gentedebasquet.com.ar\/sitio\/wp-content\/uploads\/2023\/09\/Gif-Publicidades-4-5.gif\" alt=\"\" width=\"300\" height=\"250\" \/><\/p>\n<p><img decoding=\"async\" class=\"alignnone wp-image-109227 size-full\" src=\"http:\/\/gentedebasquet.com.ar\/sitio\/wp-content\/uploads\/2023\/10\/IMG_4134-scaled.jpg\" alt=\"\" width=\"2560\" height=\"1440\" srcset=\"https:\/\/gentedebasquet.com.ar\/sitio\/wp-content\/uploads\/2023\/10\/IMG_4134-scaled.jpg 2560w, https:\/\/gentedebasquet.com.ar\/sitio\/wp-content\/uploads\/2023\/10\/IMG_4134-300x169.jpg 300w, https:\/\/gentedebasquet.com.ar\/sitio\/wp-content\/uploads\/2023\/10\/IMG_4134-1024x576.jpg 1024w, https:\/\/gentedebasquet.com.ar\/sitio\/wp-content\/uploads\/2023\/10\/IMG_4134-768x432.jpg 768w, https:\/\/gentedebasquet.com.ar\/sitio\/wp-content\/uploads\/2023\/10\/IMG_4134-1536x864.jpg 1536w, https:\/\/gentedebasquet.com.ar\/sitio\/wp-content\/uploads\/2023\/10\/IMG_4134-2048x1152.jpg 2048w, https:\/\/gentedebasquet.com.ar\/sitio\/wp-content\/uploads\/2023\/10\/IMG_4134-750x422.jpg 750w, https:\/\/gentedebasquet.com.ar\/sitio\/wp-content\/uploads\/2023\/10\/IMG_4134-1140x641.jpg 1140w\" sizes=\"(max-width: 2560px) 100vw, 2560px\" \/><\/p>\n","protected":false},"excerpt":{"rendered":"<p>Alem venci\u00f3 en el Lacunza 74-63 a Liniers y, a la espera del partido de Villa Mitre, es uno de los l\u00edderes del campeonato, con un r\u00e9cord 5-1. En un partido caliente, los de Mauro Polla lo destrabaron en el segundo tiempo, de la mano de Ponzoni, Diel y Alan Gonz\u00e1lez. La individualidad destacada fue [&hellip;]<\/p>\n","protected":false},"author":71,"featured_media":109229,"comment_status":"open","ping_status":"open","sticky":false,"template":"","format":"standard","meta":{"jnews-multi-image_gallery":[],"jnews_single_post":{"source_name":"","source_url":"","via_name":"","via_url":"","override_template":"0","override":[{"template":"1","single_blog_custom":"","parallax":"1","fullscreen":"1","layout":"right-sidebar","sidebar":"default-sidebar","second_sidebar":"default-sidebar","sticky_sidebar":"1","share_position":"top","share_float_style":"share-monocrhome","show_share_counter":"0","show_view_counter":"0","show_featured":"1","show_post_meta":"1","show_post_author":"1","show_post_author_image":"1","show_post_date":"1","post_date_format":"default","post_date_format_custom":"Y\/m\/d","show_post_category":"1","show_post_reading_time":"0","post_reading_time_wpm":"300","show_zoom_button":"0","zoom_button_out_step":"2","zoom_button_in_step":"3","show_post_tag":"1","show_prev_next_post":"1","show_popup_post":"1","number_popup_post":"1","show_author_box":"0","show_post_related":"0","show_inline_post_related":"0"}],"override_image_size":"0","image_override":[{"single_post_thumbnail_size":"crop-500","single_post_gallery_size":"crop-500"}],"trending_post":"0","trending_post_position":"meta","trending_post_label":"Trending","sponsored_post":"0","sponsored_post_label":"Sponsored by","sponsored_post_name":"","sponsored_post_url":"","sponsored_post_logo_enable":"0","sponsored_post_logo":"","sponsored_post_desc":"","disable_ad":"0"},"jnews_primary_category":{"id":"","hide":""},"footnotes":""},"categories":[23,101],"tags":[3,612,14,1758,1169,508],"class_list":["post-109212","post","type-post","status-publish","format-standard","has-post-thumbnail","hentry","category-primera","category-slide","tag-alem","tag-leandro-n-alem","tag-liniers","tag-matias-ponzoni","tag-primera","tag-primera-division"],"yoast_head":"<!-- This site is optimized with the Yoast SEO plugin v27.5 - https:\/\/yoast.com\/product\/yoast-seo-wordpress\/ -->\n<title>Alem mira desde arriba - Gente de B\u00e1squet<\/title>\n<meta name=\"robots\" content=\"index, follow, max-snippet:-1, max-image-preview:large, max-video-preview:-1\" \/>\n<link rel=\"canonical\" href=\"https:\/\/gentedebasquet.com.ar\/sitio\/2023\/10\/20\/alem-mira-desde-arriba\/\" \/>\n<meta property=\"og:locale\" content=\"es_ES\" \/>\n<meta property=\"og:type\" content=\"article\" \/>\n<meta property=\"og:title\" content=\"Alem mira desde arriba - Gente de B\u00e1squet\" \/>\n<meta property=\"og:description\" content=\"Alem venci\u00f3 en el Lacunza 74-63 a Liniers y, a la espera del partido de Villa Mitre, es uno de los l\u00edderes del campeonato, con un r\u00e9cord 5-1. En un partido caliente, los de Mauro Polla lo destrabaron en el segundo tiempo, de la mano de Ponzoni, Diel y Alan Gonz\u00e1lez. La individualidad destacada fue [&hellip;]\" \/>\n<meta property=\"og:url\" content=\"https:\/\/gentedebasquet.com.ar\/sitio\/2023\/10\/20\/alem-mira-desde-arriba\/\" \/>\n<meta property=\"og:site_name\" content=\"Gente de B\u00e1squet\" \/>\n<meta property=\"article:published_time\" content=\"2023-10-20T03:28:42+00:00\" \/>\n<meta property=\"article:modified_time\" content=\"2023-10-20T16:16:24+00:00\" \/>\n<meta property=\"og:image\" content=\"https:\/\/gentedebasquet.com.ar\/sitio\/wp-content\/uploads\/2023\/10\/principal-alem-liniers-f6.jpg\" \/>\n\t<meta property=\"og:image:width\" content=\"690\" \/>\n\t<meta property=\"og:image:height\" content=\"319\" \/>\n\t<meta property=\"og:image:type\" content=\"image\/jpeg\" \/>\n<meta name=\"author\" content=\"Santiago Seisdedos\" \/>\n<meta name=\"twitter:card\" content=\"summary_large_image\" \/>\n<meta name=\"twitter:label1\" content=\"Escrito por\" \/>\n\t<meta name=\"twitter:data1\" content=\"Santiago Seisdedos\" \/>\n\t<meta name=\"twitter:label2\" content=\"Tiempo de lectura\" \/>\n\t<meta name=\"twitter:data2\" content=\"4 minutos\" \/>\n<script type=\"application\/ld+json\" class=\"yoast-schema-graph\">{\"@context\":\"https:\\\/\\\/schema.org\",\"@graph\":[{\"@type\":\"Article\",\"@id\":\"https:\\\/\\\/gentedebasquet.com.ar\\\/sitio\\\/2023\\\/10\\\/20\\\/alem-mira-desde-arriba\\\/#article\",\"isPartOf\":{\"@id\":\"https:\\\/\\\/gentedebasquet.com.ar\\\/sitio\\\/2023\\\/10\\\/20\\\/alem-mira-desde-arriba\\\/\"},\"author\":{\"name\":\"Santiago Seisdedos\",\"@id\":\"https:\\\/\\\/gentedebasquet.com.ar\\\/sitio\\\/#\\\/schema\\\/person\\\/3b50d7c801b9529aba70bd4613bca6da\"},\"headline\":\"Alem mira desde arriba\",\"datePublished\":\"2023-10-20T03:28:42+00:00\",\"dateModified\":\"2023-10-20T16:16:24+00:00\",\"mainEntityOfPage\":{\"@id\":\"https:\\\/\\\/gentedebasquet.com.ar\\\/sitio\\\/2023\\\/10\\\/20\\\/alem-mira-desde-arriba\\\/\"},\"wordCount\":423,\"commentCount\":0,\"image\":{\"@id\":\"https:\\\/\\\/gentedebasquet.com.ar\\\/sitio\\\/2023\\\/10\\\/20\\\/alem-mira-desde-arriba\\\/#primaryimage\"},\"thumbnailUrl\":\"https:\\\/\\\/gentedebasquet.com.ar\\\/sitio\\\/wp-content\\\/uploads\\\/2023\\\/10\\\/principal-alem-liniers-f6.jpg\",\"keywords\":[\"Alem\",\"Leandro N. Alem\",\"Liniers\",\"Mat\u00edas Ponzoni\",\"Primera\",\"Primera Divisi\u00f3n\"],\"articleSection\":[\"Primera\",\"Slide\"],\"inLanguage\":\"es\",\"potentialAction\":[{\"@type\":\"CommentAction\",\"name\":\"Comment\",\"target\":[\"https:\\\/\\\/gentedebasquet.com.ar\\\/sitio\\\/2023\\\/10\\\/20\\\/alem-mira-desde-arriba\\\/#respond\"]}]},{\"@type\":\"WebPage\",\"@id\":\"https:\\\/\\\/gentedebasquet.com.ar\\\/sitio\\\/2023\\\/10\\\/20\\\/alem-mira-desde-arriba\\\/\",\"url\":\"https:\\\/\\\/gentedebasquet.com.ar\\\/sitio\\\/2023\\\/10\\\/20\\\/alem-mira-desde-arriba\\\/\",\"name\":\"Alem mira desde arriba - Gente de B\u00e1squet\",\"isPartOf\":{\"@id\":\"https:\\\/\\\/gentedebasquet.com.ar\\\/sitio\\\/#website\"},\"primaryImageOfPage\":{\"@id\":\"https:\\\/\\\/gentedebasquet.com.ar\\\/sitio\\\/2023\\\/10\\\/20\\\/alem-mira-desde-arriba\\\/#primaryimage\"},\"image\":{\"@id\":\"https:\\\/\\\/gentedebasquet.com.ar\\\/sitio\\\/2023\\\/10\\\/20\\\/alem-mira-desde-arriba\\\/#primaryimage\"},\"thumbnailUrl\":\"https:\\\/\\\/gentedebasquet.com.ar\\\/sitio\\\/wp-content\\\/uploads\\\/2023\\\/10\\\/principal-alem-liniers-f6.jpg\",\"datePublished\":\"2023-10-20T03:28:42+00:00\",\"dateModified\":\"2023-10-20T16:16:24+00:00\",\"author\":{\"@id\":\"https:\\\/\\\/gentedebasquet.com.ar\\\/sitio\\\/#\\\/schema\\\/person\\\/3b50d7c801b9529aba70bd4613bca6da\"},\"breadcrumb\":{\"@id\":\"https:\\\/\\\/gentedebasquet.com.ar\\\/sitio\\\/2023\\\/10\\\/20\\\/alem-mira-desde-arriba\\\/#breadcrumb\"},\"inLanguage\":\"es\",\"potentialAction\":[{\"@type\":\"ReadAction\",\"target\":[\"https:\\\/\\\/gentedebasquet.com.ar\\\/sitio\\\/2023\\\/10\\\/20\\\/alem-mira-desde-arriba\\\/\"]}]},{\"@type\":\"ImageObject\",\"inLanguage\":\"es\",\"@id\":\"https:\\\/\\\/gentedebasquet.com.ar\\\/sitio\\\/2023\\\/10\\\/20\\\/alem-mira-desde-arriba\\\/#primaryimage\",\"url\":\"https:\\\/\\\/gentedebasquet.com.ar\\\/sitio\\\/wp-content\\\/uploads\\\/2023\\\/10\\\/principal-alem-liniers-f6.jpg\",\"contentUrl\":\"https:\\\/\\\/gentedebasquet.com.ar\\\/sitio\\\/wp-content\\\/uploads\\\/2023\\\/10\\\/principal-alem-liniers-f6.jpg\",\"width\":690,\"height\":319},{\"@type\":\"BreadcrumbList\",\"@id\":\"https:\\\/\\\/gentedebasquet.com.ar\\\/sitio\\\/2023\\\/10\\\/20\\\/alem-mira-desde-arriba\\\/#breadcrumb\",\"itemListElement\":[{\"@type\":\"ListItem\",\"position\":1,\"name\":\"Portada\",\"item\":\"https:\\\/\\\/gentedebasquet.com.ar\\\/sitio\\\/\"},{\"@type\":\"ListItem\",\"position\":2,\"name\":\"Alem mira desde arriba\"}]},{\"@type\":\"WebSite\",\"@id\":\"https:\\\/\\\/gentedebasquet.com.ar\\\/sitio\\\/#website\",\"url\":\"https:\\\/\\\/gentedebasquet.com.ar\\\/sitio\\\/\",\"name\":\"Gente de B\u00e1squet\",\"description\":\"La revista del basquet de Bah\u00eda Blanca\",\"potentialAction\":[{\"@type\":\"SearchAction\",\"target\":{\"@type\":\"EntryPoint\",\"urlTemplate\":\"https:\\\/\\\/gentedebasquet.com.ar\\\/sitio\\\/?s={search_term_string}\"},\"query-input\":{\"@type\":\"PropertyValueSpecification\",\"valueRequired\":true,\"valueName\":\"search_term_string\"}}],\"inLanguage\":\"es\"},{\"@type\":\"Person\",\"@id\":\"https:\\\/\\\/gentedebasquet.com.ar\\\/sitio\\\/#\\\/schema\\\/person\\\/3b50d7c801b9529aba70bd4613bca6da\",\"name\":\"Santiago Seisdedos\",\"image\":{\"@type\":\"ImageObject\",\"inLanguage\":\"es\",\"@id\":\"https:\\\/\\\/secure.gravatar.com\\\/avatar\\\/be737e74404eb3825c4679da7a152b3c6980b470f7253114cd451344e20a8d80?s=96&d=mm&r=g\",\"url\":\"https:\\\/\\\/secure.gravatar.com\\\/avatar\\\/be737e74404eb3825c4679da7a152b3c6980b470f7253114cd451344e20a8d80?s=96&d=mm&r=g\",\"contentUrl\":\"https:\\\/\\\/secure.gravatar.com\\\/avatar\\\/be737e74404eb3825c4679da7a152b3c6980b470f7253114cd451344e20a8d80?s=96&d=mm&r=g\",\"caption\":\"Santiago Seisdedos\"},\"url\":\"https:\\\/\\\/gentedebasquet.com.ar\\\/sitio\\\/author\\\/santiago-sesidedos\\\/\"}]}<\/script>\n<!-- \/ Yoast SEO plugin. -->","yoast_head_json":{"title":"Alem mira desde arriba - Gente de B\u00e1squet","robots":{"index":"index","follow":"follow","max-snippet":"max-snippet:-1","max-image-preview":"max-image-preview:large","max-video-preview":"max-video-preview:-1"},"canonical":"https:\/\/gentedebasquet.com.ar\/sitio\/2023\/10\/20\/alem-mira-desde-arriba\/","og_locale":"es_ES","og_type":"article","og_title":"Alem mira desde arriba - Gente de B\u00e1squet","og_description":"Alem venci\u00f3 en el Lacunza 74-63 a Liniers y, a la espera del partido de Villa Mitre, es uno de los l\u00edderes del campeonato, con un r\u00e9cord 5-1. En un partido caliente, los de Mauro Polla lo destrabaron en el segundo tiempo, de la mano de Ponzoni, Diel y Alan Gonz\u00e1lez. La individualidad destacada fue [&hellip;]","og_url":"https:\/\/gentedebasquet.com.ar\/sitio\/2023\/10\/20\/alem-mira-desde-arriba\/","og_site_name":"Gente de B\u00e1squet","article_published_time":"2023-10-20T03:28:42+00:00","article_modified_time":"2023-10-20T16:16:24+00:00","og_image":[{"width":690,"height":319,"url":"https:\/\/gentedebasquet.com.ar\/sitio\/wp-content\/uploads\/2023\/10\/principal-alem-liniers-f6.jpg","type":"image\/jpeg"}],"author":"Santiago Seisdedos","twitter_card":"summary_large_image","twitter_misc":{"Escrito por":"Santiago Seisdedos","Tiempo de lectura":"4 minutos"},"schema":{"@context":"https:\/\/schema.org","@graph":[{"@type":"Article","@id":"https:\/\/gentedebasquet.com.ar\/sitio\/2023\/10\/20\/alem-mira-desde-arriba\/#article","isPartOf":{"@id":"https:\/\/gentedebasquet.com.ar\/sitio\/2023\/10\/20\/alem-mira-desde-arriba\/"},"author":{"name":"Santiago Seisdedos","@id":"https:\/\/gentedebasquet.com.ar\/sitio\/#\/schema\/person\/3b50d7c801b9529aba70bd4613bca6da"},"headline":"Alem mira desde arriba","datePublished":"2023-10-20T03:28:42+00:00","dateModified":"2023-10-20T16:16:24+00:00","mainEntityOfPage":{"@id":"https:\/\/gentedebasquet.com.ar\/sitio\/2023\/10\/20\/alem-mira-desde-arriba\/"},"wordCount":423,"commentCount":0,"image":{"@id":"https:\/\/gentedebasquet.com.ar\/sitio\/2023\/10\/20\/alem-mira-desde-arriba\/#primaryimage"},"thumbnailUrl":"https:\/\/gentedebasquet.com.ar\/sitio\/wp-content\/uploads\/2023\/10\/principal-alem-liniers-f6.jpg","keywords":["Alem","Leandro N. Alem","Liniers","Mat\u00edas Ponzoni","Primera","Primera Divisi\u00f3n"],"articleSection":["Primera","Slide"],"inLanguage":"es","potentialAction":[{"@type":"CommentAction","name":"Comment","target":["https:\/\/gentedebasquet.com.ar\/sitio\/2023\/10\/20\/alem-mira-desde-arriba\/#respond"]}]},{"@type":"WebPage","@id":"https:\/\/gentedebasquet.com.ar\/sitio\/2023\/10\/20\/alem-mira-desde-arriba\/","url":"https:\/\/gentedebasquet.com.ar\/sitio\/2023\/10\/20\/alem-mira-desde-arriba\/","name":"Alem mira desde arriba - Gente de B\u00e1squet","isPartOf":{"@id":"https:\/\/gentedebasquet.com.ar\/sitio\/#website"},"primaryImageOfPage":{"@id":"https:\/\/gentedebasquet.com.ar\/sitio\/2023\/10\/20\/alem-mira-desde-arriba\/#primaryimage"},"image":{"@id":"https:\/\/gentedebasquet.com.ar\/sitio\/2023\/10\/20\/alem-mira-desde-arriba\/#primaryimage"},"thumbnailUrl":"https:\/\/gentedebasquet.com.ar\/sitio\/wp-content\/uploads\/2023\/10\/principal-alem-liniers-f6.jpg","datePublished":"2023-10-20T03:28:42+00:00","dateModified":"2023-10-20T16:16:24+00:00","author":{"@id":"https:\/\/gentedebasquet.com.ar\/sitio\/#\/schema\/person\/3b50d7c801b9529aba70bd4613bca6da"},"breadcrumb":{"@id":"https:\/\/gentedebasquet.com.ar\/sitio\/2023\/10\/20\/alem-mira-desde-arriba\/#breadcrumb"},"inLanguage":"es","potentialAction":[{"@type":"ReadAction","target":["https:\/\/gentedebasquet.com.ar\/sitio\/2023\/10\/20\/alem-mira-desde-arriba\/"]}]},{"@type":"ImageObject","inLanguage":"es","@id":"https:\/\/gentedebasquet.com.ar\/sitio\/2023\/10\/20\/alem-mira-desde-arriba\/#primaryimage","url":"https:\/\/gentedebasquet.com.ar\/sitio\/wp-content\/uploads\/2023\/10\/principal-alem-liniers-f6.jpg","contentUrl":"https:\/\/gentedebasquet.com.ar\/sitio\/wp-content\/uploads\/2023\/10\/principal-alem-liniers-f6.jpg","width":690,"height":319},{"@type":"BreadcrumbList","@id":"https:\/\/gentedebasquet.com.ar\/sitio\/2023\/10\/20\/alem-mira-desde-arriba\/#breadcrumb","itemListElement":[{"@type":"ListItem","position":1,"name":"Portada","item":"https:\/\/gentedebasquet.com.ar\/sitio\/"},{"@type":"ListItem","position":2,"name":"Alem mira desde arriba"}]},{"@type":"WebSite","@id":"https:\/\/gentedebasquet.com.ar\/sitio\/#website","url":"https:\/\/gentedebasquet.com.ar\/sitio\/","name":"Gente de B\u00e1squet","description":"La revista del basquet de Bah\u00eda Blanca","potentialAction":[{"@type":"SearchAction","target":{"@type":"EntryPoint","urlTemplate":"https:\/\/gentedebasquet.com.ar\/sitio\/?s={search_term_string}"},"query-input":{"@type":"PropertyValueSpecification","valueRequired":true,"valueName":"search_term_string"}}],"inLanguage":"es"},{"@type":"Person","@id":"https:\/\/gentedebasquet.com.ar\/sitio\/#\/schema\/person\/3b50d7c801b9529aba70bd4613bca6da","name":"Santiago Seisdedos","image":{"@type":"ImageObject","inLanguage":"es","@id":"https:\/\/secure.gravatar.com\/avatar\/be737e74404eb3825c4679da7a152b3c6980b470f7253114cd451344e20a8d80?s=96&d=mm&r=g","url":"https:\/\/secure.gravatar.com\/avatar\/be737e74404eb3825c4679da7a152b3c6980b470f7253114cd451344e20a8d80?s=96&d=mm&r=g","contentUrl":"https:\/\/secure.gravatar.com\/avatar\/be737e74404eb3825c4679da7a152b3c6980b470f7253114cd451344e20a8d80?s=96&d=mm&r=g","caption":"Santiago Seisdedos"},"url":"https:\/\/gentedebasquet.com.ar\/sitio\/author\/santiago-sesidedos\/"}]}},"_links":{"self":[{"href":"https:\/\/gentedebasquet.com.ar\/sitio\/wp-json\/wp\/v2\/posts\/109212","targetHints":{"allow":["GET"]}}],"collection":[{"href":"https:\/\/gentedebasquet.com.ar\/sitio\/wp-json\/wp\/v2\/posts"}],"about":[{"href":"https:\/\/gentedebasquet.com.ar\/sitio\/wp-json\/wp\/v2\/types\/post"}],"author":[{"embeddable":true,"href":"https:\/\/gentedebasquet.com.ar\/sitio\/wp-json\/wp\/v2\/users\/71"}],"replies":[{"embeddable":true,"href":"https:\/\/gentedebasquet.com.ar\/sitio\/wp-json\/wp\/v2\/comments?post=109212"}],"version-history":[{"count":3,"href":"https:\/\/gentedebasquet.com.ar\/sitio\/wp-json\/wp\/v2\/posts\/109212\/revisions"}],"predecessor-version":[{"id":109267,"href":"https:\/\/gentedebasquet.com.ar\/sitio\/wp-json\/wp\/v2\/posts\/109212\/revisions\/109267"}],"wp:featuredmedia":[{"embeddable":true,"href":"https:\/\/gentedebasquet.com.ar\/sitio\/wp-json\/wp\/v2\/media\/109229"}],"wp:attachment":[{"href":"https:\/\/gentedebasquet.com.ar\/sitio\/wp-json\/wp\/v2\/media?parent=109212"}],"wp:term":[{"taxonomy":"category","embeddable":true,"href":"https:\/\/gentedebasquet.com.ar\/sitio\/wp-json\/wp\/v2\/categories?post=109212"},{"taxonomy":"post_tag","embeddable":true,"href":"https:\/\/gentedebasquet.com.ar\/sitio\/wp-json\/wp\/v2\/tags?post=109212"}],"curies":[{"name":"wp","href":"https:\/\/api.w.org\/{rel}","templated":true}]}}