{"id":109318,"date":"2023-10-22T08:12:43","date_gmt":"2023-10-22T06:12:43","guid":{"rendered":"https:\/\/gentedebasquet.com.ar\/sitio\/?p=109318"},"modified":"2023-10-22T08:16:21","modified_gmt":"2023-10-22T06:16:21","slug":"alem-sigue-de-racha","status":"publish","type":"post","link":"https:\/\/gentedebasquet.com.ar\/sitio\/2023\/10\/22\/alem-sigue-de-racha\/","title":{"rendered":"Alem sigue de racha"},"content":{"rendered":"<p><strong>En el Ardubilio Severini, Alem le gan\u00f3 a Argentino 77 a 68 en la categor\u00eda Sub17<\/strong><\/p>\n<p>El conjunto visitante domin\u00f3 en el tanteador durante todo el encuentro pero no estaba c\u00f3modo, la diferencia no era muy ampl\u00eda, esto se deb\u00eda a la velocidad en transici\u00f3n de ambos equipos, los dos conjuntos corr\u00edan de cancha a cancha y lograban convertir, ninguno pod\u00eda sacar diferencia ampl\u00eda y se terminaron yendo al vestuario con diferencia de solo dos puntos a favor de Alem.<\/p>\n<p>En el segundo tiempo contin\u00fao la paridad pero est\u00e1 vez se turnaban los equipos para pasar al frente, cada uno ten\u00eda su momento en los cuartos para sacar diferencia de hasta 10 puntos, pero esa reacci\u00f3n no duraba mucho hasta que el otro equipo empezaba a correr de vuelta para empatar las cosas o pasar al frente. Si bien siempre ambos equipos tenian su turno de estar en ventaja en el marcador, Alem era el que sab\u00eda cerrar los cuartos corriendo en defensa y teniendo salidas r\u00e1pidas para llegar solos al aro.<\/p>\n<p>Jugando de esta manera, Alem sac\u00f3 diferencia en el final del partido, sumado a que argentino ya demostraba que no pod\u00eda seguir el ritmo del equipo visitante y se llev\u00f3 el encuentro sacando una diferencia de 9 puntos, 77 a 68.<\/p>\n<p>Los goleadores del partido fueron Lucio Baeza con 28 puntos por parte de Alem.<br \/>\nEn el lado de Argentino, la figura fue Valentino Luzzi con 20 puntos.<\/p>\n<p><img decoding=\"async\" src=\"http:\/\/gentedebasquet.com.ar\/sitio\/wp-content\/uploads\/2023\/09\/Gif-Publicidades-1-1.gif\" \/><\/p>\n<div class=\"jeg_video_container jeg_video_content\"><iframe loading=\"lazy\" title=\"#U17 - Fecha #26: Argentino 68 - 77 Alem\" width=\"500\" height=\"281\" src=\"https:\/\/www.youtube.com\/embed\/m9PrJzm_8mU?feature=oembed\" frameborder=\"0\" allow=\"accelerometer; autoplay; clipboard-write; encrypted-media; gyroscope; picture-in-picture; web-share\" referrerpolicy=\"strict-origin-when-cross-origin\" allowfullscreen><\/iframe><\/div>\n<p><img decoding=\"async\" src=\"http:\/\/gentedebasquet.com.ar\/sitio\/wp-content\/uploads\/2023\/09\/Gif-Publicidades-2-1.gif\" \/><\/p>\n<p><strong>S\u00edntesis &#8211; U17 &#8211; Fecha #26<\/strong><\/p>\n<p><strong>Argentino 68:<\/strong> Genaro Parrota 11, Francisco Giampaoletti 9, Gaspar Marizcurrena 11, Tom\u00e1s Pallottini 12, Valentino Luzzi 20 <strong>(FI)<\/strong><br \/>\nJer\u00f3nimo Herro 0, Mauro S\u00e1nchez 0, Juan Pedro Candisano 0, Mart\u00edn Ascar 5, Joaqu\u00edn Schmidt 0, Ulises Psathoiannais 0.<br \/>\n<strong>DT: Renzo Balducci<\/strong><\/p>\n<p><strong>Alem 77:<\/strong> Sim\u00f3n Cisneros 10, Rafael Gonz\u00e1lez 9, Benicio Mangiapane 2, Lucio Baeza 28, Ulises Martorell 22 <strong>(FI)<\/strong><br \/>\nTiziano Lupi 2, Rom\u00e1n Alfano 2, Santiago Ibarra 2, Gino Cuchereno 0, Valentin Di Chiara 0, Juan Manuel Nori 0, Gianfranco Gasparini 0.<br \/>\n<strong>DT: Santiago Tomassini\u00a0<\/strong><\/p>\n<p><strong>Parciales:<\/strong> 14-18, 26-28 (12-10), 49-53 (23-25), 68-77 (19-24)<\/p>\n<p><strong>\u00c1rbitros:<\/strong> Juan Cruz Schernenco, Alberto Arlenghi<\/p>\n<p><strong>Estad\u00edo:<\/strong> Ardubilio Severini<\/p>\n<p><img decoding=\"async\" src=\"http:\/\/gentedebasquet.com.ar\/sitio\/wp-content\/uploads\/2023\/09\/Gif-Publicidades-3-1.gif\" \/><\/p>\n<p><img decoding=\"async\" class=\"alignnone size-full wp-image-109320\" src=\"http:\/\/gentedebasquet.com.ar\/sitio\/wp-content\/uploads\/2023\/10\/IMAGEN-ARGENTINO-ALEM.png\" alt=\"\" width=\"300\" height=\"300\" srcset=\"https:\/\/gentedebasquet.com.ar\/sitio\/wp-content\/uploads\/2023\/10\/IMAGEN-ARGENTINO-ALEM.png 300w, https:\/\/gentedebasquet.com.ar\/sitio\/wp-content\/uploads\/2023\/10\/IMAGEN-ARGENTINO-ALEM-150x150.png 150w, https:\/\/gentedebasquet.com.ar\/sitio\/wp-content\/uploads\/2023\/10\/IMAGEN-ARGENTINO-ALEM-75x75.png 75w\" sizes=\"(max-width: 300px) 100vw, 300px\" \/><\/p>\n<p><img decoding=\"async\" src=\"http:\/\/gentedebasquet.com.ar\/sitio\/wp-content\/uploads\/2023\/09\/Gif-Publicidades-4-1.gif\" \/><\/p>\n","protected":false},"excerpt":{"rendered":"<p>En el Ardubilio Severini, Alem le gan\u00f3 a Argentino 77 a 68 en la categor\u00eda Sub17 El conjunto visitante domin\u00f3 en el tanteador durante todo el encuentro pero no estaba c\u00f3modo, la diferencia no era muy ampl\u00eda, esto se deb\u00eda a la velocidad en transici\u00f3n de ambos equipos, los dos conjuntos corr\u00edan de cancha a [&hellip;]<\/p>\n","protected":false},"author":76,"featured_media":109321,"comment_status":"open","ping_status":"open","sticky":false,"template":"","format":"standard","meta":{"jnews-multi-image_gallery":[],"jnews_single_post":{"source_name":"","source_url":"","via_name":"","via_url":"","override_template":"0","override":[{"template":"1","single_blog_custom":"","parallax":"1","fullscreen":"1","layout":"right-sidebar","sidebar":"default-sidebar","second_sidebar":"default-sidebar","sticky_sidebar":"1","share_position":"top","share_float_style":"share-monocrhome","show_share_counter":"0","show_view_counter":"0","show_featured":"1","show_post_meta":"1","show_post_author":"1","show_post_author_image":"1","show_post_date":"1","post_date_format":"default","post_date_format_custom":"Y\/m\/d","show_post_category":"1","show_post_reading_time":"0","post_reading_time_wpm":"300","show_zoom_button":"0","zoom_button_out_step":"2","zoom_button_in_step":"3","show_post_tag":"1","show_prev_next_post":"1","show_popup_post":"1","number_popup_post":"1","show_author_box":"0","show_post_related":"0","show_inline_post_related":"0"}],"override_image_size":"0","image_override":[{"single_post_thumbnail_size":"crop-500","single_post_gallery_size":"crop-500"}],"trending_post":"0","trending_post_position":"meta","trending_post_label":"Trending","sponsored_post":"0","sponsored_post_label":"Sponsored by","sponsored_post_name":"","sponsored_post_url":"","sponsored_post_logo_enable":"0","sponsored_post_logo":"","sponsored_post_desc":"","disable_ad":"0"},"jnews_primary_category":{"id":"","hide":""},"footnotes":""},"categories":[35],"tags":[3,4],"class_list":["post-109318","post","type-post","status-publish","format-standard","has-post-thumbnail","hentry","category-u17","tag-alem","tag-argentino"],"yoast_head":"<!-- This site is optimized with the Yoast SEO plugin v27.5 - https:\/\/yoast.com\/product\/yoast-seo-wordpress\/ -->\n<title>Alem sigue de racha - Gente de B\u00e1squet<\/title>\n<meta name=\"robots\" content=\"index, follow, max-snippet:-1, max-image-preview:large, max-video-preview:-1\" \/>\n<link rel=\"canonical\" href=\"https:\/\/gentedebasquet.com.ar\/sitio\/2023\/10\/22\/alem-sigue-de-racha\/\" \/>\n<meta property=\"og:locale\" content=\"es_ES\" \/>\n<meta property=\"og:type\" content=\"article\" \/>\n<meta property=\"og:title\" content=\"Alem sigue de racha - Gente de B\u00e1squet\" \/>\n<meta property=\"og:description\" content=\"En el Ardubilio Severini, Alem le gan\u00f3 a Argentino 77 a 68 en la categor\u00eda Sub17 El conjunto visitante domin\u00f3 en el tanteador durante todo el encuentro pero no estaba c\u00f3modo, la diferencia no era muy ampl\u00eda, esto se deb\u00eda a la velocidad en transici\u00f3n de ambos equipos, los dos conjuntos corr\u00edan de cancha a [&hellip;]\" \/>\n<meta property=\"og:url\" content=\"https:\/\/gentedebasquet.com.ar\/sitio\/2023\/10\/22\/alem-sigue-de-racha\/\" \/>\n<meta property=\"og:site_name\" content=\"Gente de B\u00e1squet\" \/>\n<meta property=\"article:published_time\" content=\"2023-10-22T06:12:43+00:00\" \/>\n<meta property=\"article:modified_time\" content=\"2023-10-22T06:16:21+00:00\" \/>\n<meta property=\"og:image\" content=\"https:\/\/gentedebasquet.com.ar\/sitio\/wp-content\/uploads\/2023\/10\/PORTADA-ARGENTINO-ALEM-U17.png\" \/>\n\t<meta property=\"og:image:width\" content=\"690\" \/>\n\t<meta property=\"og:image:height\" content=\"319\" \/>\n\t<meta property=\"og:image:type\" content=\"image\/png\" \/>\n<meta name=\"author\" content=\"Enzo Bravo\" \/>\n<meta name=\"twitter:card\" content=\"summary_large_image\" \/>\n<meta name=\"twitter:label1\" content=\"Escrito por\" \/>\n\t<meta name=\"twitter:data1\" content=\"Enzo Bravo\" \/>\n\t<meta name=\"twitter:label2\" content=\"Tiempo de lectura\" \/>\n\t<meta name=\"twitter:data2\" content=\"3 minutos\" \/>\n<script type=\"application\/ld+json\" class=\"yoast-schema-graph\">{\"@context\":\"https:\\\/\\\/schema.org\",\"@graph\":[{\"@type\":\"Article\",\"@id\":\"https:\\\/\\\/gentedebasquet.com.ar\\\/sitio\\\/2023\\\/10\\\/22\\\/alem-sigue-de-racha\\\/#article\",\"isPartOf\":{\"@id\":\"https:\\\/\\\/gentedebasquet.com.ar\\\/sitio\\\/2023\\\/10\\\/22\\\/alem-sigue-de-racha\\\/\"},\"author\":{\"name\":\"Enzo Bravo\",\"@id\":\"https:\\\/\\\/gentedebasquet.com.ar\\\/sitio\\\/#\\\/schema\\\/person\\\/ef101e45cdb8abddad49c42c8da8da91\"},\"headline\":\"Alem sigue de racha\",\"datePublished\":\"2023-10-22T06:12:43+00:00\",\"dateModified\":\"2023-10-22T06:16:21+00:00\",\"mainEntityOfPage\":{\"@id\":\"https:\\\/\\\/gentedebasquet.com.ar\\\/sitio\\\/2023\\\/10\\\/22\\\/alem-sigue-de-racha\\\/\"},\"wordCount\":347,\"commentCount\":0,\"image\":{\"@id\":\"https:\\\/\\\/gentedebasquet.com.ar\\\/sitio\\\/2023\\\/10\\\/22\\\/alem-sigue-de-racha\\\/#primaryimage\"},\"thumbnailUrl\":\"https:\\\/\\\/gentedebasquet.com.ar\\\/sitio\\\/wp-content\\\/uploads\\\/2023\\\/10\\\/PORTADA-ARGENTINO-ALEM-U17.png\",\"keywords\":[\"Alem\",\"Argentino\"],\"articleSection\":[\"U17\"],\"inLanguage\":\"es\",\"potentialAction\":[{\"@type\":\"CommentAction\",\"name\":\"Comment\",\"target\":[\"https:\\\/\\\/gentedebasquet.com.ar\\\/sitio\\\/2023\\\/10\\\/22\\\/alem-sigue-de-racha\\\/#respond\"]}]},{\"@type\":\"WebPage\",\"@id\":\"https:\\\/\\\/gentedebasquet.com.ar\\\/sitio\\\/2023\\\/10\\\/22\\\/alem-sigue-de-racha\\\/\",\"url\":\"https:\\\/\\\/gentedebasquet.com.ar\\\/sitio\\\/2023\\\/10\\\/22\\\/alem-sigue-de-racha\\\/\",\"name\":\"Alem sigue de racha - Gente de B\u00e1squet\",\"isPartOf\":{\"@id\":\"https:\\\/\\\/gentedebasquet.com.ar\\\/sitio\\\/#website\"},\"primaryImageOfPage\":{\"@id\":\"https:\\\/\\\/gentedebasquet.com.ar\\\/sitio\\\/2023\\\/10\\\/22\\\/alem-sigue-de-racha\\\/#primaryimage\"},\"image\":{\"@id\":\"https:\\\/\\\/gentedebasquet.com.ar\\\/sitio\\\/2023\\\/10\\\/22\\\/alem-sigue-de-racha\\\/#primaryimage\"},\"thumbnailUrl\":\"https:\\\/\\\/gentedebasquet.com.ar\\\/sitio\\\/wp-content\\\/uploads\\\/2023\\\/10\\\/PORTADA-ARGENTINO-ALEM-U17.png\",\"datePublished\":\"2023-10-22T06:12:43+00:00\",\"dateModified\":\"2023-10-22T06:16:21+00:00\",\"author\":{\"@id\":\"https:\\\/\\\/gentedebasquet.com.ar\\\/sitio\\\/#\\\/schema\\\/person\\\/ef101e45cdb8abddad49c42c8da8da91\"},\"breadcrumb\":{\"@id\":\"https:\\\/\\\/gentedebasquet.com.ar\\\/sitio\\\/2023\\\/10\\\/22\\\/alem-sigue-de-racha\\\/#breadcrumb\"},\"inLanguage\":\"es\",\"potentialAction\":[{\"@type\":\"ReadAction\",\"target\":[\"https:\\\/\\\/gentedebasquet.com.ar\\\/sitio\\\/2023\\\/10\\\/22\\\/alem-sigue-de-racha\\\/\"]}]},{\"@type\":\"ImageObject\",\"inLanguage\":\"es\",\"@id\":\"https:\\\/\\\/gentedebasquet.com.ar\\\/sitio\\\/2023\\\/10\\\/22\\\/alem-sigue-de-racha\\\/#primaryimage\",\"url\":\"https:\\\/\\\/gentedebasquet.com.ar\\\/sitio\\\/wp-content\\\/uploads\\\/2023\\\/10\\\/PORTADA-ARGENTINO-ALEM-U17.png\",\"contentUrl\":\"https:\\\/\\\/gentedebasquet.com.ar\\\/sitio\\\/wp-content\\\/uploads\\\/2023\\\/10\\\/PORTADA-ARGENTINO-ALEM-U17.png\",\"width\":690,\"height\":319},{\"@type\":\"BreadcrumbList\",\"@id\":\"https:\\\/\\\/gentedebasquet.com.ar\\\/sitio\\\/2023\\\/10\\\/22\\\/alem-sigue-de-racha\\\/#breadcrumb\",\"itemListElement\":[{\"@type\":\"ListItem\",\"position\":1,\"name\":\"Portada\",\"item\":\"https:\\\/\\\/gentedebasquet.com.ar\\\/sitio\\\/\"},{\"@type\":\"ListItem\",\"position\":2,\"name\":\"Alem sigue de racha\"}]},{\"@type\":\"WebSite\",\"@id\":\"https:\\\/\\\/gentedebasquet.com.ar\\\/sitio\\\/#website\",\"url\":\"https:\\\/\\\/gentedebasquet.com.ar\\\/sitio\\\/\",\"name\":\"Gente de B\u00e1squet\",\"description\":\"La revista del basquet de Bah\u00eda Blanca\",\"potentialAction\":[{\"@type\":\"SearchAction\",\"target\":{\"@type\":\"EntryPoint\",\"urlTemplate\":\"https:\\\/\\\/gentedebasquet.com.ar\\\/sitio\\\/?s={search_term_string}\"},\"query-input\":{\"@type\":\"PropertyValueSpecification\",\"valueRequired\":true,\"valueName\":\"search_term_string\"}}],\"inLanguage\":\"es\"},{\"@type\":\"Person\",\"@id\":\"https:\\\/\\\/gentedebasquet.com.ar\\\/sitio\\\/#\\\/schema\\\/person\\\/ef101e45cdb8abddad49c42c8da8da91\",\"name\":\"Enzo Bravo\",\"image\":{\"@type\":\"ImageObject\",\"inLanguage\":\"es\",\"@id\":\"https:\\\/\\\/secure.gravatar.com\\\/avatar\\\/543f15d9c3b699c9ebb1caf288c208117cae0ebf1902f46fba357695968de65a?s=96&d=mm&r=g\",\"url\":\"https:\\\/\\\/secure.gravatar.com\\\/avatar\\\/543f15d9c3b699c9ebb1caf288c208117cae0ebf1902f46fba357695968de65a?s=96&d=mm&r=g\",\"contentUrl\":\"https:\\\/\\\/secure.gravatar.com\\\/avatar\\\/543f15d9c3b699c9ebb1caf288c208117cae0ebf1902f46fba357695968de65a?s=96&d=mm&r=g\",\"caption\":\"Enzo Bravo\"},\"url\":\"https:\\\/\\\/gentedebasquet.com.ar\\\/sitio\\\/author\\\/enzo-bravo\\\/\"}]}<\/script>\n<!-- \/ Yoast SEO plugin. -->","yoast_head_json":{"title":"Alem sigue de racha - Gente de B\u00e1squet","robots":{"index":"index","follow":"follow","max-snippet":"max-snippet:-1","max-image-preview":"max-image-preview:large","max-video-preview":"max-video-preview:-1"},"canonical":"https:\/\/gentedebasquet.com.ar\/sitio\/2023\/10\/22\/alem-sigue-de-racha\/","og_locale":"es_ES","og_type":"article","og_title":"Alem sigue de racha - Gente de B\u00e1squet","og_description":"En el Ardubilio Severini, Alem le gan\u00f3 a Argentino 77 a 68 en la categor\u00eda Sub17 El conjunto visitante domin\u00f3 en el tanteador durante todo el encuentro pero no estaba c\u00f3modo, la diferencia no era muy ampl\u00eda, esto se deb\u00eda a la velocidad en transici\u00f3n de ambos equipos, los dos conjuntos corr\u00edan de cancha a [&hellip;]","og_url":"https:\/\/gentedebasquet.com.ar\/sitio\/2023\/10\/22\/alem-sigue-de-racha\/","og_site_name":"Gente de B\u00e1squet","article_published_time":"2023-10-22T06:12:43+00:00","article_modified_time":"2023-10-22T06:16:21+00:00","og_image":[{"width":690,"height":319,"url":"https:\/\/gentedebasquet.com.ar\/sitio\/wp-content\/uploads\/2023\/10\/PORTADA-ARGENTINO-ALEM-U17.png","type":"image\/png"}],"author":"Enzo Bravo","twitter_card":"summary_large_image","twitter_misc":{"Escrito por":"Enzo Bravo","Tiempo de lectura":"3 minutos"},"schema":{"@context":"https:\/\/schema.org","@graph":[{"@type":"Article","@id":"https:\/\/gentedebasquet.com.ar\/sitio\/2023\/10\/22\/alem-sigue-de-racha\/#article","isPartOf":{"@id":"https:\/\/gentedebasquet.com.ar\/sitio\/2023\/10\/22\/alem-sigue-de-racha\/"},"author":{"name":"Enzo Bravo","@id":"https:\/\/gentedebasquet.com.ar\/sitio\/#\/schema\/person\/ef101e45cdb8abddad49c42c8da8da91"},"headline":"Alem sigue de racha","datePublished":"2023-10-22T06:12:43+00:00","dateModified":"2023-10-22T06:16:21+00:00","mainEntityOfPage":{"@id":"https:\/\/gentedebasquet.com.ar\/sitio\/2023\/10\/22\/alem-sigue-de-racha\/"},"wordCount":347,"commentCount":0,"image":{"@id":"https:\/\/gentedebasquet.com.ar\/sitio\/2023\/10\/22\/alem-sigue-de-racha\/#primaryimage"},"thumbnailUrl":"https:\/\/gentedebasquet.com.ar\/sitio\/wp-content\/uploads\/2023\/10\/PORTADA-ARGENTINO-ALEM-U17.png","keywords":["Alem","Argentino"],"articleSection":["U17"],"inLanguage":"es","potentialAction":[{"@type":"CommentAction","name":"Comment","target":["https:\/\/gentedebasquet.com.ar\/sitio\/2023\/10\/22\/alem-sigue-de-racha\/#respond"]}]},{"@type":"WebPage","@id":"https:\/\/gentedebasquet.com.ar\/sitio\/2023\/10\/22\/alem-sigue-de-racha\/","url":"https:\/\/gentedebasquet.com.ar\/sitio\/2023\/10\/22\/alem-sigue-de-racha\/","name":"Alem sigue de racha - Gente de B\u00e1squet","isPartOf":{"@id":"https:\/\/gentedebasquet.com.ar\/sitio\/#website"},"primaryImageOfPage":{"@id":"https:\/\/gentedebasquet.com.ar\/sitio\/2023\/10\/22\/alem-sigue-de-racha\/#primaryimage"},"image":{"@id":"https:\/\/gentedebasquet.com.ar\/sitio\/2023\/10\/22\/alem-sigue-de-racha\/#primaryimage"},"thumbnailUrl":"https:\/\/gentedebasquet.com.ar\/sitio\/wp-content\/uploads\/2023\/10\/PORTADA-ARGENTINO-ALEM-U17.png","datePublished":"2023-10-22T06:12:43+00:00","dateModified":"2023-10-22T06:16:21+00:00","author":{"@id":"https:\/\/gentedebasquet.com.ar\/sitio\/#\/schema\/person\/ef101e45cdb8abddad49c42c8da8da91"},"breadcrumb":{"@id":"https:\/\/gentedebasquet.com.ar\/sitio\/2023\/10\/22\/alem-sigue-de-racha\/#breadcrumb"},"inLanguage":"es","potentialAction":[{"@type":"ReadAction","target":["https:\/\/gentedebasquet.com.ar\/sitio\/2023\/10\/22\/alem-sigue-de-racha\/"]}]},{"@type":"ImageObject","inLanguage":"es","@id":"https:\/\/gentedebasquet.com.ar\/sitio\/2023\/10\/22\/alem-sigue-de-racha\/#primaryimage","url":"https:\/\/gentedebasquet.com.ar\/sitio\/wp-content\/uploads\/2023\/10\/PORTADA-ARGENTINO-ALEM-U17.png","contentUrl":"https:\/\/gentedebasquet.com.ar\/sitio\/wp-content\/uploads\/2023\/10\/PORTADA-ARGENTINO-ALEM-U17.png","width":690,"height":319},{"@type":"BreadcrumbList","@id":"https:\/\/gentedebasquet.com.ar\/sitio\/2023\/10\/22\/alem-sigue-de-racha\/#breadcrumb","itemListElement":[{"@type":"ListItem","position":1,"name":"Portada","item":"https:\/\/gentedebasquet.com.ar\/sitio\/"},{"@type":"ListItem","position":2,"name":"Alem sigue de racha"}]},{"@type":"WebSite","@id":"https:\/\/gentedebasquet.com.ar\/sitio\/#website","url":"https:\/\/gentedebasquet.com.ar\/sitio\/","name":"Gente de B\u00e1squet","description":"La revista del basquet de Bah\u00eda Blanca","potentialAction":[{"@type":"SearchAction","target":{"@type":"EntryPoint","urlTemplate":"https:\/\/gentedebasquet.com.ar\/sitio\/?s={search_term_string}"},"query-input":{"@type":"PropertyValueSpecification","valueRequired":true,"valueName":"search_term_string"}}],"inLanguage":"es"},{"@type":"Person","@id":"https:\/\/gentedebasquet.com.ar\/sitio\/#\/schema\/person\/ef101e45cdb8abddad49c42c8da8da91","name":"Enzo Bravo","image":{"@type":"ImageObject","inLanguage":"es","@id":"https:\/\/secure.gravatar.com\/avatar\/543f15d9c3b699c9ebb1caf288c208117cae0ebf1902f46fba357695968de65a?s=96&d=mm&r=g","url":"https:\/\/secure.gravatar.com\/avatar\/543f15d9c3b699c9ebb1caf288c208117cae0ebf1902f46fba357695968de65a?s=96&d=mm&r=g","contentUrl":"https:\/\/secure.gravatar.com\/avatar\/543f15d9c3b699c9ebb1caf288c208117cae0ebf1902f46fba357695968de65a?s=96&d=mm&r=g","caption":"Enzo Bravo"},"url":"https:\/\/gentedebasquet.com.ar\/sitio\/author\/enzo-bravo\/"}]}},"_links":{"self":[{"href":"https:\/\/gentedebasquet.com.ar\/sitio\/wp-json\/wp\/v2\/posts\/109318","targetHints":{"allow":["GET"]}}],"collection":[{"href":"https:\/\/gentedebasquet.com.ar\/sitio\/wp-json\/wp\/v2\/posts"}],"about":[{"href":"https:\/\/gentedebasquet.com.ar\/sitio\/wp-json\/wp\/v2\/types\/post"}],"author":[{"embeddable":true,"href":"https:\/\/gentedebasquet.com.ar\/sitio\/wp-json\/wp\/v2\/users\/76"}],"replies":[{"embeddable":true,"href":"https:\/\/gentedebasquet.com.ar\/sitio\/wp-json\/wp\/v2\/comments?post=109318"}],"version-history":[{"count":3,"href":"https:\/\/gentedebasquet.com.ar\/sitio\/wp-json\/wp\/v2\/posts\/109318\/revisions"}],"predecessor-version":[{"id":109325,"href":"https:\/\/gentedebasquet.com.ar\/sitio\/wp-json\/wp\/v2\/posts\/109318\/revisions\/109325"}],"wp:featuredmedia":[{"embeddable":true,"href":"https:\/\/gentedebasquet.com.ar\/sitio\/wp-json\/wp\/v2\/media\/109321"}],"wp:attachment":[{"href":"https:\/\/gentedebasquet.com.ar\/sitio\/wp-json\/wp\/v2\/media?parent=109318"}],"wp:term":[{"taxonomy":"category","embeddable":true,"href":"https:\/\/gentedebasquet.com.ar\/sitio\/wp-json\/wp\/v2\/categories?post=109318"},{"taxonomy":"post_tag","embeddable":true,"href":"https:\/\/gentedebasquet.com.ar\/sitio\/wp-json\/wp\/v2\/tags?post=109318"}],"curies":[{"name":"wp","href":"https:\/\/api.w.org\/{rel}","templated":true}]}}