{"id":109553,"date":"2023-11-03T05:01:32","date_gmt":"2023-11-03T04:01:32","guid":{"rendered":"https:\/\/gentedebasquet.com.ar\/sitio\/?p=109553"},"modified":"2023-11-03T05:01:32","modified_gmt":"2023-11-03T04:01:32","slug":"san-lorenzo-festejo-por-primera-vez-en-casa","status":"publish","type":"post","link":"https:\/\/gentedebasquet.com.ar\/sitio\/2023\/11\/03\/san-lorenzo-festejo-por-primera-vez-en-casa\/","title":{"rendered":"San Lorenzo festej\u00f3 por primera vez en casa"},"content":{"rendered":"<p><strong>San Lorenzo volvi\u00f3 a la victoria y triunf\u00f3 por primera vez en casa, fue ante Liniers 83-70, con su caracter\u00edstico juego de v\u00e9rtigo y velocidad, y de la mano de Franco Elichiry e Ignacio Formiga, que anotaron 19 puntos cada uno.<\/strong><\/p>\n<p><strong>Fue un primer tiempo parejo<\/strong>, en el que <strong>Liniers se hizo fuerte en la pintura<\/strong> con Larrandart y Marinsalta, mientras que <strong>San Lorenzo apost\u00f3 a los tiros de larga distancia y a las penetraciones<\/strong>. Un segundo cuarto perfecto de <strong>Franco Elichiry (10pts)<\/strong> lo convirti\u00f3 en el goleador de la primera etapa, acompa\u00f1ado por las <strong>9 unidades de Formiga<\/strong>.<strong> En la visita 9pts de Larrandart y 6 de Marinsalta y Vasconcelo.<\/strong><\/p>\n<p><strong>A partir del tercer segmento, el \u00abnaranja\u00bb empez\u00f3 a tejer la victoria<\/strong>. Sigui\u00f3 intratable Elichiry, que anot\u00f3 otros 7 puntos y sum\u00f3 por primera vez en el juego Fortelli (5). <strong>La visita tuvo una corta rotaci\u00f3n<\/strong>, debido a las lesiones, y utiliz\u00f3 apenas seis jugadores. <strong>Los m\u00e1s destacados hasta all\u00ed: Mierez (14) y Dottori (13).<\/strong><\/p>\n<p><strong>En el \u00faltimo cuarto se luci\u00f3 San Lorenzo, corriendo la cancha y aprovechando los contragolpes<\/strong>. Liniers estuvo impreciso tanto en los tiros como en los pases. All\u00ed se hizo fuerte Formiga (8) y sum\u00f3 desde la l\u00ednea Alan Garc\u00eda (16).<\/p>\n<p><strong>San Lorenzo super\u00f3 un duro escollo y festej\u00f3 por primera vez como local. Liniers, con algunas bajas, no puede encontrar regularidad y sigue en la mitad de la tabla.<\/strong><\/p>\n<p><img decoding=\"async\" class=\"alignnone size-full wp-image-109360\" src=\"http:\/\/gentedebasquet.com.ar\/sitio\/wp-content\/uploads\/2023\/10\/Gif-Publicidades-1.gif\" alt=\"\" width=\"300\" height=\"250\" \/><\/p>\n<div class=\"jeg_video_container jeg_video_content\"><iframe loading=\"lazy\" title=\"#Primera - Fecha #8: San Lorenzo del Sud 83 - 70 Liniers\" width=\"500\" height=\"281\" src=\"https:\/\/www.youtube.com\/embed\/0OW7_jOzWac?feature=oembed\" frameborder=\"0\" allow=\"accelerometer; autoplay; clipboard-write; encrypted-media; gyroscope; picture-in-picture; web-share\" referrerpolicy=\"strict-origin-when-cross-origin\" allowfullscreen><\/iframe><\/div>\n<p><img decoding=\"async\" class=\"alignnone size-medium wp-image-109565\" src=\"http:\/\/gentedebasquet.com.ar\/sitio\/wp-content\/uploads\/2023\/11\/CLAVE-sanlo-liniers-300x300.png\" alt=\"\" width=\"300\" height=\"300\" srcset=\"https:\/\/gentedebasquet.com.ar\/sitio\/wp-content\/uploads\/2023\/11\/CLAVE-sanlo-liniers-300x300.png 300w, https:\/\/gentedebasquet.com.ar\/sitio\/wp-content\/uploads\/2023\/11\/CLAVE-sanlo-liniers-1024x1024.png 1024w, https:\/\/gentedebasquet.com.ar\/sitio\/wp-content\/uploads\/2023\/11\/CLAVE-sanlo-liniers-150x150.png 150w, https:\/\/gentedebasquet.com.ar\/sitio\/wp-content\/uploads\/2023\/11\/CLAVE-sanlo-liniers-768x768.png 768w, https:\/\/gentedebasquet.com.ar\/sitio\/wp-content\/uploads\/2023\/11\/CLAVE-sanlo-liniers-1536x1536.png 1536w, https:\/\/gentedebasquet.com.ar\/sitio\/wp-content\/uploads\/2023\/11\/CLAVE-sanlo-liniers-75x75.png 75w, https:\/\/gentedebasquet.com.ar\/sitio\/wp-content\/uploads\/2023\/11\/CLAVE-sanlo-liniers-350x350.png 350w, https:\/\/gentedebasquet.com.ar\/sitio\/wp-content\/uploads\/2023\/11\/CLAVE-sanlo-liniers-750x750.png 750w, https:\/\/gentedebasquet.com.ar\/sitio\/wp-content\/uploads\/2023\/11\/CLAVE-sanlo-liniers-1140x1140.png 1140w, https:\/\/gentedebasquet.com.ar\/sitio\/wp-content\/uploads\/2023\/11\/CLAVE-sanlo-liniers.png 2000w\" sizes=\"(max-width: 300px) 100vw, 300px\" \/><\/p>\n<p><img decoding=\"async\" class=\"alignnone size-full wp-image-108810\" src=\"http:\/\/gentedebasquet.com.ar\/sitio\/wp-content\/uploads\/2023\/09\/Gif-Publicidades-2-4.gif\" alt=\"\" width=\"300\" height=\"250\" \/><\/p>\n<p>&nbsp;<\/p>\n<p><img decoding=\"async\" class=\"alignnone wp-image-109568 size-full\" src=\"http:\/\/gentedebasquet.com.ar\/sitio\/wp-content\/uploads\/2023\/11\/figura-nacho-formiga.jpg\" alt=\"\" width=\"640\" height=\"480\" srcset=\"https:\/\/gentedebasquet.com.ar\/sitio\/wp-content\/uploads\/2023\/11\/figura-nacho-formiga.jpg 640w, https:\/\/gentedebasquet.com.ar\/sitio\/wp-content\/uploads\/2023\/11\/figura-nacho-formiga-300x225.jpg 300w\" sizes=\"(max-width: 640px) 100vw, 640px\" \/><\/p>\n<blockquote><p>\u00abEl equipo reaccion\u00f3, estuvimos firmes en defensa, bien en ataque y en los bloqueos, corrimos la cancha y defendimos bien. Era importante ganar en casa. Tenemos que seguir peleando todos los partidos y jugar como sabemos.\u00bb <strong>Ignacio Formiga, San Lorenzo.<\/strong><\/p><\/blockquote>\n<p><img decoding=\"async\" class=\"alignnone size-medium wp-image-109567\" src=\"http:\/\/gentedebasquet.com.ar\/sitio\/wp-content\/uploads\/2023\/11\/MVP-formiga-300x300.png\" alt=\"\" width=\"300\" height=\"300\" srcset=\"https:\/\/gentedebasquet.com.ar\/sitio\/wp-content\/uploads\/2023\/11\/MVP-formiga-300x300.png 300w, https:\/\/gentedebasquet.com.ar\/sitio\/wp-content\/uploads\/2023\/11\/MVP-formiga-1024x1024.png 1024w, https:\/\/gentedebasquet.com.ar\/sitio\/wp-content\/uploads\/2023\/11\/MVP-formiga-150x150.png 150w, https:\/\/gentedebasquet.com.ar\/sitio\/wp-content\/uploads\/2023\/11\/MVP-formiga-768x768.png 768w, https:\/\/gentedebasquet.com.ar\/sitio\/wp-content\/uploads\/2023\/11\/MVP-formiga-1536x1536.png 1536w, https:\/\/gentedebasquet.com.ar\/sitio\/wp-content\/uploads\/2023\/11\/MVP-formiga-75x75.png 75w, https:\/\/gentedebasquet.com.ar\/sitio\/wp-content\/uploads\/2023\/11\/MVP-formiga-350x350.png 350w, https:\/\/gentedebasquet.com.ar\/sitio\/wp-content\/uploads\/2023\/11\/MVP-formiga-750x750.png 750w, https:\/\/gentedebasquet.com.ar\/sitio\/wp-content\/uploads\/2023\/11\/MVP-formiga-1140x1140.png 1140w, https:\/\/gentedebasquet.com.ar\/sitio\/wp-content\/uploads\/2023\/11\/MVP-formiga.png 2000w\" sizes=\"(max-width: 300px) 100vw, 300px\" \/><\/p>\n<p><img decoding=\"async\" class=\"alignnone size-full wp-image-108811\" src=\"http:\/\/gentedebasquet.com.ar\/sitio\/wp-content\/uploads\/2023\/09\/Gif-Publicidades-3-4.gif\" alt=\"\" width=\"300\" height=\"250\" \/><\/p>\n<p><strong>S\u00edntesis \u2013 Primera \u2013 Fecha 8<\/strong><\/p>\n<p><strong>San Lorenzo 83:<\/strong> Luciano Fortelli 7, Esteban Benedetti 9, Alan Garc\u00eda 16, Ignacio Formiga 19, Joaqu\u00edn Coria 10 <strong>(FI);<\/strong> Iv\u00e1n Hevia, Franco Elichiry 19, Agust\u00edn Pena 0, Mart\u00edn \u00c1lvarez 3, Francisco Straguadagno, Pablo Pollio 0, Sim\u00f3n Seewald. <strong>DT: Claudio Queti.<\/strong><\/p>\n<p><b>Liniers 70: <\/b>Segundo Vasconcelo 8 (x), Franco Ferrari 13, Agust\u00edn Dottori 15, Joaqu\u00edn Larrandart 9, Juli\u00e1n Marinsalta 9 <strong>(FI);<\/strong> Mateo Cruglak, Mauro Mierez 16, Francisco Cruz, Santiago Ponzoni, Sebasti\u00e1n Dutari, Genaro Groppa. <strong>DT: Mauricio Vago.<\/strong><\/p>\n<p><strong>Parciales<\/strong>: 17-17, 35-33 (18-16), 63-56 (28-23), 83-70 (20-14)<\/p>\n<p><strong>\u00c1rbitros<\/strong>: Horacio Sed\u00e1n &#8211; Mariano Enrique &#8211; Ariel Di Marco<\/p>\n<p><strong>Estadio:<\/strong> Rom\u00e1n Avecilla (San Lorenzo)<\/p>\n<p><img decoding=\"async\" class=\"alignnone size-full wp-image-108812\" src=\"http:\/\/gentedebasquet.com.ar\/sitio\/wp-content\/uploads\/2023\/09\/Gif-Publicidades-4-5.gif\" alt=\"\" width=\"300\" height=\"250\" \/><\/p>\n<p><img decoding=\"async\" class=\"alignnone wp-image-109569 size-full\" src=\"http:\/\/gentedebasquet.com.ar\/sitio\/wp-content\/uploads\/2023\/11\/secundaria-sanlo-liniers.jpg\" alt=\"\" width=\"640\" height=\"480\" srcset=\"https:\/\/gentedebasquet.com.ar\/sitio\/wp-content\/uploads\/2023\/11\/secundaria-sanlo-liniers.jpg 640w, https:\/\/gentedebasquet.com.ar\/sitio\/wp-content\/uploads\/2023\/11\/secundaria-sanlo-liniers-300x225.jpg 300w\" sizes=\"(max-width: 640px) 100vw, 640px\" \/><\/p>\n","protected":false},"excerpt":{"rendered":"<p>San Lorenzo volvi\u00f3 a la victoria y triunf\u00f3 por primera vez en casa, fue ante Liniers 83-70, con su caracter\u00edstico juego de v\u00e9rtigo y velocidad, y de la mano de Franco Elichiry e Ignacio Formiga, que anotaron 19 puntos cada uno. Fue un primer tiempo parejo, en el que Liniers se hizo fuerte en la [&hellip;]<\/p>\n","protected":false},"author":71,"featured_media":109570,"comment_status":"open","ping_status":"open","sticky":false,"template":"","format":"standard","meta":{"jnews-multi-image_gallery":[],"jnews_single_post":{"source_name":"","source_url":"","via_name":"","via_url":"","override_template":"0","override":[{"template":"1","single_blog_custom":"","parallax":"1","fullscreen":"1","layout":"right-sidebar","sidebar":"default-sidebar","second_sidebar":"default-sidebar","sticky_sidebar":"1","share_position":"top","share_float_style":"share-monocrhome","show_share_counter":"0","show_view_counter":"0","show_featured":"1","show_post_meta":"1","show_post_author":"1","show_post_author_image":"1","show_post_date":"1","post_date_format":"default","post_date_format_custom":"Y\/m\/d","show_post_category":"1","show_post_reading_time":"0","post_reading_time_wpm":"300","show_zoom_button":"0","zoom_button_out_step":"2","zoom_button_in_step":"3","show_post_tag":"1","show_prev_next_post":"1","show_popup_post":"1","number_popup_post":"1","show_author_box":"0","show_post_related":"0","show_inline_post_related":"0"}],"override_image_size":"0","image_override":[{"single_post_thumbnail_size":"crop-500","single_post_gallery_size":"crop-500"}],"trending_post":"0","trending_post_position":"meta","trending_post_label":"Trending","sponsored_post":"0","sponsored_post_label":"Sponsored by","sponsored_post_name":"","sponsored_post_url":"","sponsored_post_logo_enable":"0","sponsored_post_logo":"","sponsored_post_desc":"","disable_ad":"0"},"jnews_primary_category":{"id":"","hide":""},"footnotes":""},"categories":[23,101],"tags":[1898,14,1169,508,19,668],"class_list":["post-109553","post","type-post","status-publish","format-standard","has-post-thumbnail","hentry","category-primera","category-slide","tag-ignacio-formiga","tag-liniers","tag-primera","tag-primera-division","tag-san-lorenzo","tag-san-lorenzo-del-sud"],"yoast_head":"<!-- This site is optimized with the Yoast SEO plugin v27.5 - https:\/\/yoast.com\/product\/yoast-seo-wordpress\/ -->\n<title>San Lorenzo festej\u00f3 por primera vez en casa - Gente de B\u00e1squet<\/title>\n<meta name=\"robots\" content=\"index, follow, max-snippet:-1, max-image-preview:large, max-video-preview:-1\" \/>\n<link rel=\"canonical\" href=\"http:\/\/gentedebasquet.com.ar\/sitio\/2023\/11\/03\/san-lorenzo-festejo-por-primera-vez-en-casa\/\" \/>\n<meta property=\"og:locale\" content=\"es_ES\" \/>\n<meta property=\"og:type\" content=\"article\" \/>\n<meta property=\"og:title\" content=\"San Lorenzo festej\u00f3 por primera vez en casa - Gente de B\u00e1squet\" \/>\n<meta property=\"og:description\" content=\"San Lorenzo volvi\u00f3 a la victoria y triunf\u00f3 por primera vez en casa, fue ante Liniers 83-70, con su caracter\u00edstico juego de v\u00e9rtigo y velocidad, y de la mano de Franco Elichiry e Ignacio Formiga, que anotaron 19 puntos cada uno. Fue un primer tiempo parejo, en el que Liniers se hizo fuerte en la [&hellip;]\" \/>\n<meta property=\"og:url\" content=\"http:\/\/gentedebasquet.com.ar\/sitio\/2023\/11\/03\/san-lorenzo-festejo-por-primera-vez-en-casa\/\" \/>\n<meta property=\"og:site_name\" content=\"Gente de B\u00e1squet\" \/>\n<meta property=\"article:published_time\" content=\"2023-11-03T04:01:32+00:00\" \/>\n<meta property=\"og:image\" content=\"http:\/\/gentedebasquet.com.ar\/sitio\/wp-content\/uploads\/2023\/11\/principal-sanlo-liniers.jpg\" \/>\n\t<meta property=\"og:image:width\" content=\"690\" \/>\n\t<meta property=\"og:image:height\" content=\"319\" \/>\n\t<meta property=\"og:image:type\" content=\"image\/jpeg\" \/>\n<meta name=\"author\" content=\"Santiago Seisdedos\" \/>\n<meta name=\"twitter:card\" content=\"summary_large_image\" \/>\n<meta name=\"twitter:label1\" content=\"Escrito por\" \/>\n\t<meta name=\"twitter:data1\" content=\"Santiago Seisdedos\" \/>\n\t<meta name=\"twitter:label2\" content=\"Tiempo de lectura\" \/>\n\t<meta name=\"twitter:data2\" content=\"4 minutos\" \/>\n<script type=\"application\/ld+json\" class=\"yoast-schema-graph\">{\"@context\":\"https:\\\/\\\/schema.org\",\"@graph\":[{\"@type\":\"Article\",\"@id\":\"http:\\\/\\\/gentedebasquet.com.ar\\\/sitio\\\/2023\\\/11\\\/03\\\/san-lorenzo-festejo-por-primera-vez-en-casa\\\/#article\",\"isPartOf\":{\"@id\":\"http:\\\/\\\/gentedebasquet.com.ar\\\/sitio\\\/2023\\\/11\\\/03\\\/san-lorenzo-festejo-por-primera-vez-en-casa\\\/\"},\"author\":{\"name\":\"Santiago Seisdedos\",\"@id\":\"https:\\\/\\\/gentedebasquet.com.ar\\\/sitio\\\/#\\\/schema\\\/person\\\/3b50d7c801b9529aba70bd4613bca6da\"},\"headline\":\"San Lorenzo festej\u00f3 por primera vez en casa\",\"datePublished\":\"2023-11-03T04:01:32+00:00\",\"mainEntityOfPage\":{\"@id\":\"http:\\\/\\\/gentedebasquet.com.ar\\\/sitio\\\/2023\\\/11\\\/03\\\/san-lorenzo-festejo-por-primera-vez-en-casa\\\/\"},\"wordCount\":384,\"commentCount\":0,\"image\":{\"@id\":\"http:\\\/\\\/gentedebasquet.com.ar\\\/sitio\\\/2023\\\/11\\\/03\\\/san-lorenzo-festejo-por-primera-vez-en-casa\\\/#primaryimage\"},\"thumbnailUrl\":\"https:\\\/\\\/gentedebasquet.com.ar\\\/sitio\\\/wp-content\\\/uploads\\\/2023\\\/11\\\/principal-sanlo-liniers.jpg\",\"keywords\":[\"Ignacio Formiga\",\"Liniers\",\"Primera\",\"Primera Divisi\u00f3n\",\"San Lorenzo\",\"San Lorenzo del Sud\"],\"articleSection\":[\"Primera\",\"Slide\"],\"inLanguage\":\"es\",\"potentialAction\":[{\"@type\":\"CommentAction\",\"name\":\"Comment\",\"target\":[\"http:\\\/\\\/gentedebasquet.com.ar\\\/sitio\\\/2023\\\/11\\\/03\\\/san-lorenzo-festejo-por-primera-vez-en-casa\\\/#respond\"]}]},{\"@type\":\"WebPage\",\"@id\":\"http:\\\/\\\/gentedebasquet.com.ar\\\/sitio\\\/2023\\\/11\\\/03\\\/san-lorenzo-festejo-por-primera-vez-en-casa\\\/\",\"url\":\"http:\\\/\\\/gentedebasquet.com.ar\\\/sitio\\\/2023\\\/11\\\/03\\\/san-lorenzo-festejo-por-primera-vez-en-casa\\\/\",\"name\":\"San Lorenzo festej\u00f3 por primera vez en casa - Gente de B\u00e1squet\",\"isPartOf\":{\"@id\":\"https:\\\/\\\/gentedebasquet.com.ar\\\/sitio\\\/#website\"},\"primaryImageOfPage\":{\"@id\":\"http:\\\/\\\/gentedebasquet.com.ar\\\/sitio\\\/2023\\\/11\\\/03\\\/san-lorenzo-festejo-por-primera-vez-en-casa\\\/#primaryimage\"},\"image\":{\"@id\":\"http:\\\/\\\/gentedebasquet.com.ar\\\/sitio\\\/2023\\\/11\\\/03\\\/san-lorenzo-festejo-por-primera-vez-en-casa\\\/#primaryimage\"},\"thumbnailUrl\":\"https:\\\/\\\/gentedebasquet.com.ar\\\/sitio\\\/wp-content\\\/uploads\\\/2023\\\/11\\\/principal-sanlo-liniers.jpg\",\"datePublished\":\"2023-11-03T04:01:32+00:00\",\"author\":{\"@id\":\"https:\\\/\\\/gentedebasquet.com.ar\\\/sitio\\\/#\\\/schema\\\/person\\\/3b50d7c801b9529aba70bd4613bca6da\"},\"breadcrumb\":{\"@id\":\"http:\\\/\\\/gentedebasquet.com.ar\\\/sitio\\\/2023\\\/11\\\/03\\\/san-lorenzo-festejo-por-primera-vez-en-casa\\\/#breadcrumb\"},\"inLanguage\":\"es\",\"potentialAction\":[{\"@type\":\"ReadAction\",\"target\":[\"http:\\\/\\\/gentedebasquet.com.ar\\\/sitio\\\/2023\\\/11\\\/03\\\/san-lorenzo-festejo-por-primera-vez-en-casa\\\/\"]}]},{\"@type\":\"ImageObject\",\"inLanguage\":\"es\",\"@id\":\"http:\\\/\\\/gentedebasquet.com.ar\\\/sitio\\\/2023\\\/11\\\/03\\\/san-lorenzo-festejo-por-primera-vez-en-casa\\\/#primaryimage\",\"url\":\"https:\\\/\\\/gentedebasquet.com.ar\\\/sitio\\\/wp-content\\\/uploads\\\/2023\\\/11\\\/principal-sanlo-liniers.jpg\",\"contentUrl\":\"https:\\\/\\\/gentedebasquet.com.ar\\\/sitio\\\/wp-content\\\/uploads\\\/2023\\\/11\\\/principal-sanlo-liniers.jpg\",\"width\":690,\"height\":319},{\"@type\":\"BreadcrumbList\",\"@id\":\"http:\\\/\\\/gentedebasquet.com.ar\\\/sitio\\\/2023\\\/11\\\/03\\\/san-lorenzo-festejo-por-primera-vez-en-casa\\\/#breadcrumb\",\"itemListElement\":[{\"@type\":\"ListItem\",\"position\":1,\"name\":\"Portada\",\"item\":\"https:\\\/\\\/gentedebasquet.com.ar\\\/sitio\\\/\"},{\"@type\":\"ListItem\",\"position\":2,\"name\":\"San Lorenzo festej\u00f3 por primera vez en casa\"}]},{\"@type\":\"WebSite\",\"@id\":\"https:\\\/\\\/gentedebasquet.com.ar\\\/sitio\\\/#website\",\"url\":\"https:\\\/\\\/gentedebasquet.com.ar\\\/sitio\\\/\",\"name\":\"Gente de B\u00e1squet\",\"description\":\"La revista del basquet de Bah\u00eda Blanca\",\"potentialAction\":[{\"@type\":\"SearchAction\",\"target\":{\"@type\":\"EntryPoint\",\"urlTemplate\":\"https:\\\/\\\/gentedebasquet.com.ar\\\/sitio\\\/?s={search_term_string}\"},\"query-input\":{\"@type\":\"PropertyValueSpecification\",\"valueRequired\":true,\"valueName\":\"search_term_string\"}}],\"inLanguage\":\"es\"},{\"@type\":\"Person\",\"@id\":\"https:\\\/\\\/gentedebasquet.com.ar\\\/sitio\\\/#\\\/schema\\\/person\\\/3b50d7c801b9529aba70bd4613bca6da\",\"name\":\"Santiago Seisdedos\",\"image\":{\"@type\":\"ImageObject\",\"inLanguage\":\"es\",\"@id\":\"https:\\\/\\\/secure.gravatar.com\\\/avatar\\\/be737e74404eb3825c4679da7a152b3c6980b470f7253114cd451344e20a8d80?s=96&d=mm&r=g\",\"url\":\"https:\\\/\\\/secure.gravatar.com\\\/avatar\\\/be737e74404eb3825c4679da7a152b3c6980b470f7253114cd451344e20a8d80?s=96&d=mm&r=g\",\"contentUrl\":\"https:\\\/\\\/secure.gravatar.com\\\/avatar\\\/be737e74404eb3825c4679da7a152b3c6980b470f7253114cd451344e20a8d80?s=96&d=mm&r=g\",\"caption\":\"Santiago Seisdedos\"},\"url\":\"https:\\\/\\\/gentedebasquet.com.ar\\\/sitio\\\/author\\\/santiago-sesidedos\\\/\"}]}<\/script>\n<!-- \/ Yoast SEO plugin. -->","yoast_head_json":{"title":"San Lorenzo festej\u00f3 por primera vez en casa - Gente de B\u00e1squet","robots":{"index":"index","follow":"follow","max-snippet":"max-snippet:-1","max-image-preview":"max-image-preview:large","max-video-preview":"max-video-preview:-1"},"canonical":"http:\/\/gentedebasquet.com.ar\/sitio\/2023\/11\/03\/san-lorenzo-festejo-por-primera-vez-en-casa\/","og_locale":"es_ES","og_type":"article","og_title":"San Lorenzo festej\u00f3 por primera vez en casa - Gente de B\u00e1squet","og_description":"San Lorenzo volvi\u00f3 a la victoria y triunf\u00f3 por primera vez en casa, fue ante Liniers 83-70, con su caracter\u00edstico juego de v\u00e9rtigo y velocidad, y de la mano de Franco Elichiry e Ignacio Formiga, que anotaron 19 puntos cada uno. Fue un primer tiempo parejo, en el que Liniers se hizo fuerte en la [&hellip;]","og_url":"http:\/\/gentedebasquet.com.ar\/sitio\/2023\/11\/03\/san-lorenzo-festejo-por-primera-vez-en-casa\/","og_site_name":"Gente de B\u00e1squet","article_published_time":"2023-11-03T04:01:32+00:00","og_image":[{"width":690,"height":319,"url":"http:\/\/gentedebasquet.com.ar\/sitio\/wp-content\/uploads\/2023\/11\/principal-sanlo-liniers.jpg","type":"image\/jpeg"}],"author":"Santiago Seisdedos","twitter_card":"summary_large_image","twitter_misc":{"Escrito por":"Santiago Seisdedos","Tiempo de lectura":"4 minutos"},"schema":{"@context":"https:\/\/schema.org","@graph":[{"@type":"Article","@id":"http:\/\/gentedebasquet.com.ar\/sitio\/2023\/11\/03\/san-lorenzo-festejo-por-primera-vez-en-casa\/#article","isPartOf":{"@id":"http:\/\/gentedebasquet.com.ar\/sitio\/2023\/11\/03\/san-lorenzo-festejo-por-primera-vez-en-casa\/"},"author":{"name":"Santiago Seisdedos","@id":"https:\/\/gentedebasquet.com.ar\/sitio\/#\/schema\/person\/3b50d7c801b9529aba70bd4613bca6da"},"headline":"San Lorenzo festej\u00f3 por primera vez en casa","datePublished":"2023-11-03T04:01:32+00:00","mainEntityOfPage":{"@id":"http:\/\/gentedebasquet.com.ar\/sitio\/2023\/11\/03\/san-lorenzo-festejo-por-primera-vez-en-casa\/"},"wordCount":384,"commentCount":0,"image":{"@id":"http:\/\/gentedebasquet.com.ar\/sitio\/2023\/11\/03\/san-lorenzo-festejo-por-primera-vez-en-casa\/#primaryimage"},"thumbnailUrl":"https:\/\/gentedebasquet.com.ar\/sitio\/wp-content\/uploads\/2023\/11\/principal-sanlo-liniers.jpg","keywords":["Ignacio Formiga","Liniers","Primera","Primera Divisi\u00f3n","San Lorenzo","San Lorenzo del Sud"],"articleSection":["Primera","Slide"],"inLanguage":"es","potentialAction":[{"@type":"CommentAction","name":"Comment","target":["http:\/\/gentedebasquet.com.ar\/sitio\/2023\/11\/03\/san-lorenzo-festejo-por-primera-vez-en-casa\/#respond"]}]},{"@type":"WebPage","@id":"http:\/\/gentedebasquet.com.ar\/sitio\/2023\/11\/03\/san-lorenzo-festejo-por-primera-vez-en-casa\/","url":"http:\/\/gentedebasquet.com.ar\/sitio\/2023\/11\/03\/san-lorenzo-festejo-por-primera-vez-en-casa\/","name":"San Lorenzo festej\u00f3 por primera vez en casa - Gente de B\u00e1squet","isPartOf":{"@id":"https:\/\/gentedebasquet.com.ar\/sitio\/#website"},"primaryImageOfPage":{"@id":"http:\/\/gentedebasquet.com.ar\/sitio\/2023\/11\/03\/san-lorenzo-festejo-por-primera-vez-en-casa\/#primaryimage"},"image":{"@id":"http:\/\/gentedebasquet.com.ar\/sitio\/2023\/11\/03\/san-lorenzo-festejo-por-primera-vez-en-casa\/#primaryimage"},"thumbnailUrl":"https:\/\/gentedebasquet.com.ar\/sitio\/wp-content\/uploads\/2023\/11\/principal-sanlo-liniers.jpg","datePublished":"2023-11-03T04:01:32+00:00","author":{"@id":"https:\/\/gentedebasquet.com.ar\/sitio\/#\/schema\/person\/3b50d7c801b9529aba70bd4613bca6da"},"breadcrumb":{"@id":"http:\/\/gentedebasquet.com.ar\/sitio\/2023\/11\/03\/san-lorenzo-festejo-por-primera-vez-en-casa\/#breadcrumb"},"inLanguage":"es","potentialAction":[{"@type":"ReadAction","target":["http:\/\/gentedebasquet.com.ar\/sitio\/2023\/11\/03\/san-lorenzo-festejo-por-primera-vez-en-casa\/"]}]},{"@type":"ImageObject","inLanguage":"es","@id":"http:\/\/gentedebasquet.com.ar\/sitio\/2023\/11\/03\/san-lorenzo-festejo-por-primera-vez-en-casa\/#primaryimage","url":"https:\/\/gentedebasquet.com.ar\/sitio\/wp-content\/uploads\/2023\/11\/principal-sanlo-liniers.jpg","contentUrl":"https:\/\/gentedebasquet.com.ar\/sitio\/wp-content\/uploads\/2023\/11\/principal-sanlo-liniers.jpg","width":690,"height":319},{"@type":"BreadcrumbList","@id":"http:\/\/gentedebasquet.com.ar\/sitio\/2023\/11\/03\/san-lorenzo-festejo-por-primera-vez-en-casa\/#breadcrumb","itemListElement":[{"@type":"ListItem","position":1,"name":"Portada","item":"https:\/\/gentedebasquet.com.ar\/sitio\/"},{"@type":"ListItem","position":2,"name":"San Lorenzo festej\u00f3 por primera vez en casa"}]},{"@type":"WebSite","@id":"https:\/\/gentedebasquet.com.ar\/sitio\/#website","url":"https:\/\/gentedebasquet.com.ar\/sitio\/","name":"Gente de B\u00e1squet","description":"La revista del basquet de Bah\u00eda Blanca","potentialAction":[{"@type":"SearchAction","target":{"@type":"EntryPoint","urlTemplate":"https:\/\/gentedebasquet.com.ar\/sitio\/?s={search_term_string}"},"query-input":{"@type":"PropertyValueSpecification","valueRequired":true,"valueName":"search_term_string"}}],"inLanguage":"es"},{"@type":"Person","@id":"https:\/\/gentedebasquet.com.ar\/sitio\/#\/schema\/person\/3b50d7c801b9529aba70bd4613bca6da","name":"Santiago Seisdedos","image":{"@type":"ImageObject","inLanguage":"es","@id":"https:\/\/secure.gravatar.com\/avatar\/be737e74404eb3825c4679da7a152b3c6980b470f7253114cd451344e20a8d80?s=96&d=mm&r=g","url":"https:\/\/secure.gravatar.com\/avatar\/be737e74404eb3825c4679da7a152b3c6980b470f7253114cd451344e20a8d80?s=96&d=mm&r=g","contentUrl":"https:\/\/secure.gravatar.com\/avatar\/be737e74404eb3825c4679da7a152b3c6980b470f7253114cd451344e20a8d80?s=96&d=mm&r=g","caption":"Santiago Seisdedos"},"url":"https:\/\/gentedebasquet.com.ar\/sitio\/author\/santiago-sesidedos\/"}]}},"_links":{"self":[{"href":"https:\/\/gentedebasquet.com.ar\/sitio\/wp-json\/wp\/v2\/posts\/109553","targetHints":{"allow":["GET"]}}],"collection":[{"href":"https:\/\/gentedebasquet.com.ar\/sitio\/wp-json\/wp\/v2\/posts"}],"about":[{"href":"https:\/\/gentedebasquet.com.ar\/sitio\/wp-json\/wp\/v2\/types\/post"}],"author":[{"embeddable":true,"href":"https:\/\/gentedebasquet.com.ar\/sitio\/wp-json\/wp\/v2\/users\/71"}],"replies":[{"embeddable":true,"href":"https:\/\/gentedebasquet.com.ar\/sitio\/wp-json\/wp\/v2\/comments?post=109553"}],"version-history":[{"count":3,"href":"https:\/\/gentedebasquet.com.ar\/sitio\/wp-json\/wp\/v2\/posts\/109553\/revisions"}],"predecessor-version":[{"id":109646,"href":"https:\/\/gentedebasquet.com.ar\/sitio\/wp-json\/wp\/v2\/posts\/109553\/revisions\/109646"}],"wp:featuredmedia":[{"embeddable":true,"href":"https:\/\/gentedebasquet.com.ar\/sitio\/wp-json\/wp\/v2\/media\/109570"}],"wp:attachment":[{"href":"https:\/\/gentedebasquet.com.ar\/sitio\/wp-json\/wp\/v2\/media?parent=109553"}],"wp:term":[{"taxonomy":"category","embeddable":true,"href":"https:\/\/gentedebasquet.com.ar\/sitio\/wp-json\/wp\/v2\/categories?post=109553"},{"taxonomy":"post_tag","embeddable":true,"href":"https:\/\/gentedebasquet.com.ar\/sitio\/wp-json\/wp\/v2\/tags?post=109553"}],"curies":[{"name":"wp","href":"https:\/\/api.w.org\/{rel}","templated":true}]}}