{"id":109556,"date":"2023-11-03T05:49:56","date_gmt":"2023-11-03T04:49:56","guid":{"rendered":"https:\/\/gentedebasquet.com.ar\/sitio\/?p=109556"},"modified":"2023-11-03T05:49:56","modified_gmt":"2023-11-03T04:49:56","slug":"villa-mitre-ya-tiene-ocho","status":"publish","type":"post","link":"https:\/\/gentedebasquet.com.ar\/sitio\/2023\/11\/03\/villa-mitre-ya-tiene-ocho\/","title":{"rendered":"Villa Mitre ya tiene ocho"},"content":{"rendered":"<p><strong>El n\u00famero del t\u00edtulo es la cantidad de victorias que el equipo orientado por Sebasti\u00e1n Acosta tiene hoy en el torneo de Primera local. En su casillero de derrotas todav\u00eda no figura ninguna. En la fecha jugada el jueves 2 visit\u00f3 y derrot\u00f3 a Olimpo con un resultado final de 95 a 78. Javier Bollo fue el destacado del ganador con 18 puntos, 6 rebotes y 3 asistencias. Lo mejor de Olimpo estuvo en las manos de Alejo Marroni, que sum\u00f3 25 unidades, 6 rebotes y 5 asistencias.<\/strong><\/p>\n<p><strong>El marcador final puede resultar enga\u00f1oso. La historia no tuvo un final claro hasta la mitad del \u00faltimo cuarto. En el per\u00edodo inicial arranc\u00f3 mejor la visita. Con una gran actuaci\u00f3n equipista se puso por delante 11-5 en poco m\u00e1s de tres minutos. Pero Olimpo fue paciente, orden\u00f3 sus ataques y logr\u00f3 terminar el segmento ganando 27-19.<\/strong><\/p>\n<p><strong>Villa Mitre mostr\u00f3 una de sus mejores versiones de juego en el segundo cuarto. Borr\u00f3 la p\u00e1lida actuaci\u00f3n del cuarto previo y dej\u00f3 sin respuestas al aurinegro. Siendo agresivo en defensa y con sus jugadores principales muy efectivos en ataque gan\u00f3 24-6 en esos diez minutos.\u00a0<\/strong><\/p>\n<p><strong>Cuando muchos pensaban que Olimpo estaba ca\u00eddo y no iba a levantarse el equipo dirigido por Santini le mostr\u00f3 a esa gente que estaba equivocada. Marc\u00f3 32 tantos en el tercer per\u00edodo, permiti\u00f3 24 y redujo la diferencia en el marcador global hasta casi la m\u00ednima.\u00a0<\/strong><\/p>\n<p><strong>Si el primer cuarto fue ganado por Olimpo, el segundo por Villa Mitre y el tercero por Olimpo, la \u00bfl\u00f3gica? indicaba que en el \u00faltimo parcial el tricolor iba a dominar. Y exactamente eso ocurri\u00f3. Gracias a Bollo, Renzi, Harina y algunos otros protagonistas secundarios la brecha se estir\u00f3. Los villeros llegaron al cierre del partido con tranquilidad y festejaron que la condici\u00f3n de imbatible se mantendr\u00e1 por lo menos una semana m\u00e1s.\u00a0<\/strong><\/p>\n<p><img decoding=\"async\" class=\"alignnone size-full wp-image-108712\" src=\"http:\/\/gentedebasquet.com.ar\/sitio\/wp-content\/uploads\/2023\/09\/Gif-Publicidades-1-1.gif\" alt=\"\" width=\"300\" height=\"250\" \/><\/p>\n<div class=\"jeg_video_container jeg_video_content\">\n<div class=\"jeg_video_container jeg_video_content\"><iframe loading=\"lazy\" title=\"#Primera - Fecha #8: Olimpo 78 - 95 Villa Mitre\" width=\"500\" height=\"281\" src=\"https:\/\/www.youtube.com\/embed\/oD-5NbxUl3s?feature=oembed\" frameborder=\"0\" allow=\"accelerometer; autoplay; clipboard-write; encrypted-media; gyroscope; picture-in-picture; web-share\" referrerpolicy=\"strict-origin-when-cross-origin\" allowfullscreen><\/iframe><\/div>\n<\/div>\n<p><img decoding=\"async\" class=\"alignnone wp-image-109561 \" src=\"http:\/\/gentedebasquet.com.ar\/sitio\/wp-content\/uploads\/2023\/11\/CLAVEVilla-2-300x300.png\" alt=\"\" width=\"439\" height=\"439\" srcset=\"https:\/\/gentedebasquet.com.ar\/sitio\/wp-content\/uploads\/2023\/11\/CLAVEVilla-2-300x300.png 300w, https:\/\/gentedebasquet.com.ar\/sitio\/wp-content\/uploads\/2023\/11\/CLAVEVilla-2-1024x1024.png 1024w, https:\/\/gentedebasquet.com.ar\/sitio\/wp-content\/uploads\/2023\/11\/CLAVEVilla-2-150x150.png 150w, https:\/\/gentedebasquet.com.ar\/sitio\/wp-content\/uploads\/2023\/11\/CLAVEVilla-2-768x768.png 768w, https:\/\/gentedebasquet.com.ar\/sitio\/wp-content\/uploads\/2023\/11\/CLAVEVilla-2-1536x1536.png 1536w, https:\/\/gentedebasquet.com.ar\/sitio\/wp-content\/uploads\/2023\/11\/CLAVEVilla-2-75x75.png 75w, https:\/\/gentedebasquet.com.ar\/sitio\/wp-content\/uploads\/2023\/11\/CLAVEVilla-2-350x350.png 350w, https:\/\/gentedebasquet.com.ar\/sitio\/wp-content\/uploads\/2023\/11\/CLAVEVilla-2-750x750.png 750w, https:\/\/gentedebasquet.com.ar\/sitio\/wp-content\/uploads\/2023\/11\/CLAVEVilla-2-1140x1140.png 1140w, https:\/\/gentedebasquet.com.ar\/sitio\/wp-content\/uploads\/2023\/11\/CLAVEVilla-2.png 2000w\" sizes=\"(max-width: 439px) 100vw, 439px\" \/><\/p>\n<p><img decoding=\"async\" class=\"alignnone size-full wp-image-108713\" src=\"http:\/\/gentedebasquet.com.ar\/sitio\/wp-content\/uploads\/2023\/09\/Gif-Publicidades-2-1.gif\" alt=\"\" width=\"300\" height=\"250\" \/><\/p>\n<p>&nbsp;<\/p>\n<blockquote><p>&nbsp;<\/p>\n<p><img decoding=\"async\" class=\"alignnone wp-image-109563 \" src=\"http:\/\/gentedebasquet.com.ar\/sitio\/wp-content\/uploads\/2023\/11\/MVPVilla-2-300x300.png\" alt=\"\" width=\"438\" height=\"438\" data-pin-no-hover=\"true\" srcset=\"https:\/\/gentedebasquet.com.ar\/sitio\/wp-content\/uploads\/2023\/11\/MVPVilla-2-300x300.png 300w, https:\/\/gentedebasquet.com.ar\/sitio\/wp-content\/uploads\/2023\/11\/MVPVilla-2-1024x1024.png 1024w, https:\/\/gentedebasquet.com.ar\/sitio\/wp-content\/uploads\/2023\/11\/MVPVilla-2-150x150.png 150w, https:\/\/gentedebasquet.com.ar\/sitio\/wp-content\/uploads\/2023\/11\/MVPVilla-2-768x768.png 768w, https:\/\/gentedebasquet.com.ar\/sitio\/wp-content\/uploads\/2023\/11\/MVPVilla-2-1536x1536.png 1536w, https:\/\/gentedebasquet.com.ar\/sitio\/wp-content\/uploads\/2023\/11\/MVPVilla-2-75x75.png 75w, https:\/\/gentedebasquet.com.ar\/sitio\/wp-content\/uploads\/2023\/11\/MVPVilla-2-350x350.png 350w, https:\/\/gentedebasquet.com.ar\/sitio\/wp-content\/uploads\/2023\/11\/MVPVilla-2-750x750.png 750w, https:\/\/gentedebasquet.com.ar\/sitio\/wp-content\/uploads\/2023\/11\/MVPVilla-2-1140x1140.png 1140w, https:\/\/gentedebasquet.com.ar\/sitio\/wp-content\/uploads\/2023\/11\/MVPVilla-2.png 2000w\" sizes=\"(max-width: 438px) 100vw, 438px\" \/><\/p><\/blockquote>\n<p><img decoding=\"async\" class=\"alignnone size-full wp-image-108714\" src=\"http:\/\/gentedebasquet.com.ar\/sitio\/wp-content\/uploads\/2023\/09\/Gif-Publicidades-3-1.gif\" alt=\"\" width=\"300\" height=\"250\" \/><\/p>\n<p><strong>S\u00edntesis &#8211; Primera &#8211; Fecha #8<\/strong><\/p>\n<p><strong>Olimpo 78 :<\/strong> Agust\u00edn Solomon 8; Alejo Marroni 25; Kevin Zambrano 8; M\u00e1ximo Genitti 13; Thomas Gonzalez 6 <strong>(F.I.)<\/strong> Luciano Polak 18; Mirko Cenzual; Albano Schneider; Rafael Eliosoff; Blas Ruesga; Benjam\u00edn P\u00e9rez. <strong>DT:\u00a0<\/strong>Juan Cruz Santini.<\/p>\n<p><strong>Villa Mitre 95 :\u00a0<\/strong>Fausto Depaoli 4; Federico Harina 11; \u00c1lvaro Chervo 4; Nicol\u00e1s Renzi 10; Javier Bollo 18 <strong>(F.I.)<\/strong> Franco Pennacchiotti 16; Jano Mart\u00ednez 15; Guillermo Romero 10; Manuel Iglesias 7; Juli\u00e1n Kloster; Joaqu\u00edn Margiotta; Juan Ignacio Tizza. <strong>DT:<\/strong> Sebasti\u00e1n Acosta.<\/p>\n<p><strong>Parciales:\u00a0<\/strong>27-19; 33-43 (6-24); 65-67 (32-24); 78-95 (13-28).<\/p>\n<p><strong>\u00c1rbitros:<\/strong> Sebasti\u00e1n Giannino &#8211; Alejandro Vizca\u00edno &#8211; Juan Cruz Schernenco.<\/p>\n<p><strong>Estadio: <\/strong>Norberto Tom\u00e1s (Olimpo).<\/p>\n<p><img decoding=\"async\" class=\"alignnone wp-image-108718\" src=\"http:\/\/gentedebasquet.com.ar\/sitio\/wp-content\/uploads\/2023\/09\/Gif-Publicidades-4-1.gif\" alt=\"\" width=\"332\" height=\"277\" \/><\/p>\n<p><img decoding=\"async\" class=\"alignnone wp-image-109576 \" src=\"http:\/\/gentedebasquet.com.ar\/sitio\/wp-content\/uploads\/2023\/11\/vlcsnap-2023-11-03-01h12m58s546-300x169.png\" alt=\"\" width=\"494\" height=\"278\" data-pin-no-hover=\"true\" srcset=\"https:\/\/gentedebasquet.com.ar\/sitio\/wp-content\/uploads\/2023\/11\/vlcsnap-2023-11-03-01h12m58s546-300x169.png 300w, https:\/\/gentedebasquet.com.ar\/sitio\/wp-content\/uploads\/2023\/11\/vlcsnap-2023-11-03-01h12m58s546-1024x576.png 1024w, https:\/\/gentedebasquet.com.ar\/sitio\/wp-content\/uploads\/2023\/11\/vlcsnap-2023-11-03-01h12m58s546-768x432.png 768w, https:\/\/gentedebasquet.com.ar\/sitio\/wp-content\/uploads\/2023\/11\/vlcsnap-2023-11-03-01h12m58s546-1536x864.png 1536w, https:\/\/gentedebasquet.com.ar\/sitio\/wp-content\/uploads\/2023\/11\/vlcsnap-2023-11-03-01h12m58s546-750x422.png 750w, https:\/\/gentedebasquet.com.ar\/sitio\/wp-content\/uploads\/2023\/11\/vlcsnap-2023-11-03-01h12m58s546-1140x641.png 1140w, https:\/\/gentedebasquet.com.ar\/sitio\/wp-content\/uploads\/2023\/11\/vlcsnap-2023-11-03-01h12m58s546.png 1920w\" sizes=\"(max-width: 494px) 100vw, 494px\" \/><\/p>\n","protected":false},"excerpt":{"rendered":"<p>El n\u00famero del t\u00edtulo es la cantidad de victorias que el equipo orientado por Sebasti\u00e1n Acosta tiene hoy en el torneo de Primera local. En su casillero de derrotas todav\u00eda no figura ninguna. En la fecha jugada el jueves 2 visit\u00f3 y derrot\u00f3 a Olimpo con un resultado final de 95 a 78. Javier Bollo [&hellip;]<\/p>\n","protected":false},"author":70,"featured_media":109573,"comment_status":"open","ping_status":"open","sticky":false,"template":"","format":"standard","meta":{"jnews-multi-image_gallery":[],"jnews_single_post":{"source_name":"","source_url":"","via_name":"","via_url":"","override_template":"0","override":[{"template":"1","single_blog_custom":"","parallax":"1","fullscreen":"1","layout":"right-sidebar","sidebar":"default-sidebar","second_sidebar":"default-sidebar","sticky_sidebar":"1","share_position":"top","share_float_style":"share-monocrhome","show_share_counter":"0","show_view_counter":"0","show_featured":"1","show_post_meta":"1","show_post_author":"1","show_post_author_image":"1","show_post_date":"1","post_date_format":"default","post_date_format_custom":"Y\/m\/d","show_post_category":"1","show_post_reading_time":"0","post_reading_time_wpm":"300","show_zoom_button":"0","zoom_button_out_step":"2","zoom_button_in_step":"3","show_post_tag":"1","show_prev_next_post":"1","show_popup_post":"1","number_popup_post":"1","show_author_box":"0","show_post_related":"0","show_inline_post_related":"0"}],"override_image_size":"0","image_override":[{"single_post_thumbnail_size":"crop-500","single_post_gallery_size":"crop-500"}],"trending_post":"0","trending_post_position":"meta","trending_post_label":"Trending","sponsored_post":"0","sponsored_post_label":"Sponsored by","sponsored_post_name":"","sponsored_post_url":"","sponsored_post_logo_enable":"0","sponsored_post_logo":"","sponsored_post_desc":"","disable_ad":"0"},"jnews_primary_category":{"id":"","hide":""},"footnotes":""},"categories":[23,101],"tags":[1690,603,16,22],"class_list":["post-109556","post","type-post","status-publish","format-standard","has-post-thumbnail","hentry","category-primera","category-slide","tag-alejo-marroni","tag-javier-bollo","tag-olimpo","tag-villa-mitre"],"yoast_head":"<!-- This site is optimized with the Yoast SEO plugin v27.5 - https:\/\/yoast.com\/product\/yoast-seo-wordpress\/ -->\n<title>Villa Mitre ya tiene ocho - Gente de B\u00e1squet<\/title>\n<meta name=\"robots\" content=\"index, follow, max-snippet:-1, max-image-preview:large, max-video-preview:-1\" \/>\n<link rel=\"canonical\" href=\"https:\/\/gentedebasquet.com.ar\/sitio\/2023\/11\/03\/villa-mitre-ya-tiene-ocho\/\" \/>\n<meta property=\"og:locale\" content=\"es_ES\" \/>\n<meta property=\"og:type\" content=\"article\" \/>\n<meta property=\"og:title\" content=\"Villa Mitre ya tiene ocho - Gente de B\u00e1squet\" \/>\n<meta property=\"og:description\" content=\"El n\u00famero del t\u00edtulo es la cantidad de victorias que el equipo orientado por Sebasti\u00e1n Acosta tiene hoy en el torneo de Primera local. En su casillero de derrotas todav\u00eda no figura ninguna. En la fecha jugada el jueves 2 visit\u00f3 y derrot\u00f3 a Olimpo con un resultado final de 95 a 78. Javier Bollo [&hellip;]\" \/>\n<meta property=\"og:url\" content=\"https:\/\/gentedebasquet.com.ar\/sitio\/2023\/11\/03\/villa-mitre-ya-tiene-ocho\/\" \/>\n<meta property=\"og:site_name\" content=\"Gente de B\u00e1squet\" \/>\n<meta property=\"article:published_time\" content=\"2023-11-03T04:49:56+00:00\" \/>\n<meta property=\"og:image\" content=\"https:\/\/gentedebasquet.com.ar\/sitio\/wp-content\/uploads\/2023\/11\/vlcsnap-2023-11-03-01h09m35s163.png\" \/>\n\t<meta property=\"og:image:width\" content=\"690\" \/>\n\t<meta property=\"og:image:height\" content=\"319\" \/>\n\t<meta property=\"og:image:type\" content=\"image\/png\" \/>\n<meta name=\"author\" content=\"Andres Camarero\" \/>\n<meta name=\"twitter:card\" content=\"summary_large_image\" \/>\n<meta name=\"twitter:label1\" content=\"Escrito por\" \/>\n\t<meta name=\"twitter:data1\" content=\"Andres Camarero\" \/>\n\t<meta name=\"twitter:label2\" content=\"Tiempo de lectura\" \/>\n\t<meta name=\"twitter:data2\" content=\"4 minutos\" \/>\n<script type=\"application\/ld+json\" class=\"yoast-schema-graph\">{\"@context\":\"https:\\\/\\\/schema.org\",\"@graph\":[{\"@type\":\"Article\",\"@id\":\"https:\\\/\\\/gentedebasquet.com.ar\\\/sitio\\\/2023\\\/11\\\/03\\\/villa-mitre-ya-tiene-ocho\\\/#article\",\"isPartOf\":{\"@id\":\"https:\\\/\\\/gentedebasquet.com.ar\\\/sitio\\\/2023\\\/11\\\/03\\\/villa-mitre-ya-tiene-ocho\\\/\"},\"author\":{\"name\":\"Andres Camarero\",\"@id\":\"https:\\\/\\\/gentedebasquet.com.ar\\\/sitio\\\/#\\\/schema\\\/person\\\/6f3e5bc5df127b420a445d22fc9eaa51\"},\"headline\":\"Villa Mitre ya tiene ocho\",\"datePublished\":\"2023-11-03T04:49:56+00:00\",\"mainEntityOfPage\":{\"@id\":\"https:\\\/\\\/gentedebasquet.com.ar\\\/sitio\\\/2023\\\/11\\\/03\\\/villa-mitre-ya-tiene-ocho\\\/\"},\"wordCount\":431,\"commentCount\":0,\"image\":{\"@id\":\"https:\\\/\\\/gentedebasquet.com.ar\\\/sitio\\\/2023\\\/11\\\/03\\\/villa-mitre-ya-tiene-ocho\\\/#primaryimage\"},\"thumbnailUrl\":\"https:\\\/\\\/gentedebasquet.com.ar\\\/sitio\\\/wp-content\\\/uploads\\\/2023\\\/11\\\/vlcsnap-2023-11-03-01h09m35s163.png\",\"keywords\":[\"Alejo Marroni\",\"Javier Bollo\",\"Ol\u00edmpo\",\"Villa Mitre\"],\"articleSection\":[\"Primera\",\"Slide\"],\"inLanguage\":\"es\",\"potentialAction\":[{\"@type\":\"CommentAction\",\"name\":\"Comment\",\"target\":[\"https:\\\/\\\/gentedebasquet.com.ar\\\/sitio\\\/2023\\\/11\\\/03\\\/villa-mitre-ya-tiene-ocho\\\/#respond\"]}]},{\"@type\":\"WebPage\",\"@id\":\"https:\\\/\\\/gentedebasquet.com.ar\\\/sitio\\\/2023\\\/11\\\/03\\\/villa-mitre-ya-tiene-ocho\\\/\",\"url\":\"https:\\\/\\\/gentedebasquet.com.ar\\\/sitio\\\/2023\\\/11\\\/03\\\/villa-mitre-ya-tiene-ocho\\\/\",\"name\":\"Villa Mitre ya tiene ocho - Gente de B\u00e1squet\",\"isPartOf\":{\"@id\":\"https:\\\/\\\/gentedebasquet.com.ar\\\/sitio\\\/#website\"},\"primaryImageOfPage\":{\"@id\":\"https:\\\/\\\/gentedebasquet.com.ar\\\/sitio\\\/2023\\\/11\\\/03\\\/villa-mitre-ya-tiene-ocho\\\/#primaryimage\"},\"image\":{\"@id\":\"https:\\\/\\\/gentedebasquet.com.ar\\\/sitio\\\/2023\\\/11\\\/03\\\/villa-mitre-ya-tiene-ocho\\\/#primaryimage\"},\"thumbnailUrl\":\"https:\\\/\\\/gentedebasquet.com.ar\\\/sitio\\\/wp-content\\\/uploads\\\/2023\\\/11\\\/vlcsnap-2023-11-03-01h09m35s163.png\",\"datePublished\":\"2023-11-03T04:49:56+00:00\",\"author\":{\"@id\":\"https:\\\/\\\/gentedebasquet.com.ar\\\/sitio\\\/#\\\/schema\\\/person\\\/6f3e5bc5df127b420a445d22fc9eaa51\"},\"breadcrumb\":{\"@id\":\"https:\\\/\\\/gentedebasquet.com.ar\\\/sitio\\\/2023\\\/11\\\/03\\\/villa-mitre-ya-tiene-ocho\\\/#breadcrumb\"},\"inLanguage\":\"es\",\"potentialAction\":[{\"@type\":\"ReadAction\",\"target\":[\"https:\\\/\\\/gentedebasquet.com.ar\\\/sitio\\\/2023\\\/11\\\/03\\\/villa-mitre-ya-tiene-ocho\\\/\"]}]},{\"@type\":\"ImageObject\",\"inLanguage\":\"es\",\"@id\":\"https:\\\/\\\/gentedebasquet.com.ar\\\/sitio\\\/2023\\\/11\\\/03\\\/villa-mitre-ya-tiene-ocho\\\/#primaryimage\",\"url\":\"https:\\\/\\\/gentedebasquet.com.ar\\\/sitio\\\/wp-content\\\/uploads\\\/2023\\\/11\\\/vlcsnap-2023-11-03-01h09m35s163.png\",\"contentUrl\":\"https:\\\/\\\/gentedebasquet.com.ar\\\/sitio\\\/wp-content\\\/uploads\\\/2023\\\/11\\\/vlcsnap-2023-11-03-01h09m35s163.png\",\"width\":690,\"height\":319},{\"@type\":\"BreadcrumbList\",\"@id\":\"https:\\\/\\\/gentedebasquet.com.ar\\\/sitio\\\/2023\\\/11\\\/03\\\/villa-mitre-ya-tiene-ocho\\\/#breadcrumb\",\"itemListElement\":[{\"@type\":\"ListItem\",\"position\":1,\"name\":\"Portada\",\"item\":\"https:\\\/\\\/gentedebasquet.com.ar\\\/sitio\\\/\"},{\"@type\":\"ListItem\",\"position\":2,\"name\":\"Villa Mitre ya tiene ocho\"}]},{\"@type\":\"WebSite\",\"@id\":\"https:\\\/\\\/gentedebasquet.com.ar\\\/sitio\\\/#website\",\"url\":\"https:\\\/\\\/gentedebasquet.com.ar\\\/sitio\\\/\",\"name\":\"Gente de B\u00e1squet\",\"description\":\"La revista del basquet de Bah\u00eda Blanca\",\"potentialAction\":[{\"@type\":\"SearchAction\",\"target\":{\"@type\":\"EntryPoint\",\"urlTemplate\":\"https:\\\/\\\/gentedebasquet.com.ar\\\/sitio\\\/?s={search_term_string}\"},\"query-input\":{\"@type\":\"PropertyValueSpecification\",\"valueRequired\":true,\"valueName\":\"search_term_string\"}}],\"inLanguage\":\"es\"},{\"@type\":\"Person\",\"@id\":\"https:\\\/\\\/gentedebasquet.com.ar\\\/sitio\\\/#\\\/schema\\\/person\\\/6f3e5bc5df127b420a445d22fc9eaa51\",\"name\":\"Andres Camarero\",\"image\":{\"@type\":\"ImageObject\",\"inLanguage\":\"es\",\"@id\":\"https:\\\/\\\/secure.gravatar.com\\\/avatar\\\/f6d4884ec54a50c25ccd5e4f54f5e904d09dfe74ef58e58f631f3917b6fed7cd?s=96&d=mm&r=g\",\"url\":\"https:\\\/\\\/secure.gravatar.com\\\/avatar\\\/f6d4884ec54a50c25ccd5e4f54f5e904d09dfe74ef58e58f631f3917b6fed7cd?s=96&d=mm&r=g\",\"contentUrl\":\"https:\\\/\\\/secure.gravatar.com\\\/avatar\\\/f6d4884ec54a50c25ccd5e4f54f5e904d09dfe74ef58e58f631f3917b6fed7cd?s=96&d=mm&r=g\",\"caption\":\"Andres Camarero\"},\"url\":\"https:\\\/\\\/gentedebasquet.com.ar\\\/sitio\\\/author\\\/andres-camarero\\\/\"}]}<\/script>\n<!-- \/ Yoast SEO plugin. -->","yoast_head_json":{"title":"Villa Mitre ya tiene ocho - Gente de B\u00e1squet","robots":{"index":"index","follow":"follow","max-snippet":"max-snippet:-1","max-image-preview":"max-image-preview:large","max-video-preview":"max-video-preview:-1"},"canonical":"https:\/\/gentedebasquet.com.ar\/sitio\/2023\/11\/03\/villa-mitre-ya-tiene-ocho\/","og_locale":"es_ES","og_type":"article","og_title":"Villa Mitre ya tiene ocho - Gente de B\u00e1squet","og_description":"El n\u00famero del t\u00edtulo es la cantidad de victorias que el equipo orientado por Sebasti\u00e1n Acosta tiene hoy en el torneo de Primera local. En su casillero de derrotas todav\u00eda no figura ninguna. En la fecha jugada el jueves 2 visit\u00f3 y derrot\u00f3 a Olimpo con un resultado final de 95 a 78. Javier Bollo [&hellip;]","og_url":"https:\/\/gentedebasquet.com.ar\/sitio\/2023\/11\/03\/villa-mitre-ya-tiene-ocho\/","og_site_name":"Gente de B\u00e1squet","article_published_time":"2023-11-03T04:49:56+00:00","og_image":[{"width":690,"height":319,"url":"https:\/\/gentedebasquet.com.ar\/sitio\/wp-content\/uploads\/2023\/11\/vlcsnap-2023-11-03-01h09m35s163.png","type":"image\/png"}],"author":"Andres Camarero","twitter_card":"summary_large_image","twitter_misc":{"Escrito por":"Andres Camarero","Tiempo de lectura":"4 minutos"},"schema":{"@context":"https:\/\/schema.org","@graph":[{"@type":"Article","@id":"https:\/\/gentedebasquet.com.ar\/sitio\/2023\/11\/03\/villa-mitre-ya-tiene-ocho\/#article","isPartOf":{"@id":"https:\/\/gentedebasquet.com.ar\/sitio\/2023\/11\/03\/villa-mitre-ya-tiene-ocho\/"},"author":{"name":"Andres Camarero","@id":"https:\/\/gentedebasquet.com.ar\/sitio\/#\/schema\/person\/6f3e5bc5df127b420a445d22fc9eaa51"},"headline":"Villa Mitre ya tiene ocho","datePublished":"2023-11-03T04:49:56+00:00","mainEntityOfPage":{"@id":"https:\/\/gentedebasquet.com.ar\/sitio\/2023\/11\/03\/villa-mitre-ya-tiene-ocho\/"},"wordCount":431,"commentCount":0,"image":{"@id":"https:\/\/gentedebasquet.com.ar\/sitio\/2023\/11\/03\/villa-mitre-ya-tiene-ocho\/#primaryimage"},"thumbnailUrl":"https:\/\/gentedebasquet.com.ar\/sitio\/wp-content\/uploads\/2023\/11\/vlcsnap-2023-11-03-01h09m35s163.png","keywords":["Alejo Marroni","Javier Bollo","Ol\u00edmpo","Villa Mitre"],"articleSection":["Primera","Slide"],"inLanguage":"es","potentialAction":[{"@type":"CommentAction","name":"Comment","target":["https:\/\/gentedebasquet.com.ar\/sitio\/2023\/11\/03\/villa-mitre-ya-tiene-ocho\/#respond"]}]},{"@type":"WebPage","@id":"https:\/\/gentedebasquet.com.ar\/sitio\/2023\/11\/03\/villa-mitre-ya-tiene-ocho\/","url":"https:\/\/gentedebasquet.com.ar\/sitio\/2023\/11\/03\/villa-mitre-ya-tiene-ocho\/","name":"Villa Mitre ya tiene ocho - Gente de B\u00e1squet","isPartOf":{"@id":"https:\/\/gentedebasquet.com.ar\/sitio\/#website"},"primaryImageOfPage":{"@id":"https:\/\/gentedebasquet.com.ar\/sitio\/2023\/11\/03\/villa-mitre-ya-tiene-ocho\/#primaryimage"},"image":{"@id":"https:\/\/gentedebasquet.com.ar\/sitio\/2023\/11\/03\/villa-mitre-ya-tiene-ocho\/#primaryimage"},"thumbnailUrl":"https:\/\/gentedebasquet.com.ar\/sitio\/wp-content\/uploads\/2023\/11\/vlcsnap-2023-11-03-01h09m35s163.png","datePublished":"2023-11-03T04:49:56+00:00","author":{"@id":"https:\/\/gentedebasquet.com.ar\/sitio\/#\/schema\/person\/6f3e5bc5df127b420a445d22fc9eaa51"},"breadcrumb":{"@id":"https:\/\/gentedebasquet.com.ar\/sitio\/2023\/11\/03\/villa-mitre-ya-tiene-ocho\/#breadcrumb"},"inLanguage":"es","potentialAction":[{"@type":"ReadAction","target":["https:\/\/gentedebasquet.com.ar\/sitio\/2023\/11\/03\/villa-mitre-ya-tiene-ocho\/"]}]},{"@type":"ImageObject","inLanguage":"es","@id":"https:\/\/gentedebasquet.com.ar\/sitio\/2023\/11\/03\/villa-mitre-ya-tiene-ocho\/#primaryimage","url":"https:\/\/gentedebasquet.com.ar\/sitio\/wp-content\/uploads\/2023\/11\/vlcsnap-2023-11-03-01h09m35s163.png","contentUrl":"https:\/\/gentedebasquet.com.ar\/sitio\/wp-content\/uploads\/2023\/11\/vlcsnap-2023-11-03-01h09m35s163.png","width":690,"height":319},{"@type":"BreadcrumbList","@id":"https:\/\/gentedebasquet.com.ar\/sitio\/2023\/11\/03\/villa-mitre-ya-tiene-ocho\/#breadcrumb","itemListElement":[{"@type":"ListItem","position":1,"name":"Portada","item":"https:\/\/gentedebasquet.com.ar\/sitio\/"},{"@type":"ListItem","position":2,"name":"Villa Mitre ya tiene ocho"}]},{"@type":"WebSite","@id":"https:\/\/gentedebasquet.com.ar\/sitio\/#website","url":"https:\/\/gentedebasquet.com.ar\/sitio\/","name":"Gente de B\u00e1squet","description":"La revista del basquet de Bah\u00eda Blanca","potentialAction":[{"@type":"SearchAction","target":{"@type":"EntryPoint","urlTemplate":"https:\/\/gentedebasquet.com.ar\/sitio\/?s={search_term_string}"},"query-input":{"@type":"PropertyValueSpecification","valueRequired":true,"valueName":"search_term_string"}}],"inLanguage":"es"},{"@type":"Person","@id":"https:\/\/gentedebasquet.com.ar\/sitio\/#\/schema\/person\/6f3e5bc5df127b420a445d22fc9eaa51","name":"Andres Camarero","image":{"@type":"ImageObject","inLanguage":"es","@id":"https:\/\/secure.gravatar.com\/avatar\/f6d4884ec54a50c25ccd5e4f54f5e904d09dfe74ef58e58f631f3917b6fed7cd?s=96&d=mm&r=g","url":"https:\/\/secure.gravatar.com\/avatar\/f6d4884ec54a50c25ccd5e4f54f5e904d09dfe74ef58e58f631f3917b6fed7cd?s=96&d=mm&r=g","contentUrl":"https:\/\/secure.gravatar.com\/avatar\/f6d4884ec54a50c25ccd5e4f54f5e904d09dfe74ef58e58f631f3917b6fed7cd?s=96&d=mm&r=g","caption":"Andres Camarero"},"url":"https:\/\/gentedebasquet.com.ar\/sitio\/author\/andres-camarero\/"}]}},"_links":{"self":[{"href":"https:\/\/gentedebasquet.com.ar\/sitio\/wp-json\/wp\/v2\/posts\/109556","targetHints":{"allow":["GET"]}}],"collection":[{"href":"https:\/\/gentedebasquet.com.ar\/sitio\/wp-json\/wp\/v2\/posts"}],"about":[{"href":"https:\/\/gentedebasquet.com.ar\/sitio\/wp-json\/wp\/v2\/types\/post"}],"author":[{"embeddable":true,"href":"https:\/\/gentedebasquet.com.ar\/sitio\/wp-json\/wp\/v2\/users\/70"}],"replies":[{"embeddable":true,"href":"https:\/\/gentedebasquet.com.ar\/sitio\/wp-json\/wp\/v2\/comments?post=109556"}],"version-history":[{"count":4,"href":"https:\/\/gentedebasquet.com.ar\/sitio\/wp-json\/wp\/v2\/posts\/109556\/revisions"}],"predecessor-version":[{"id":109582,"href":"https:\/\/gentedebasquet.com.ar\/sitio\/wp-json\/wp\/v2\/posts\/109556\/revisions\/109582"}],"wp:featuredmedia":[{"embeddable":true,"href":"https:\/\/gentedebasquet.com.ar\/sitio\/wp-json\/wp\/v2\/media\/109573"}],"wp:attachment":[{"href":"https:\/\/gentedebasquet.com.ar\/sitio\/wp-json\/wp\/v2\/media?parent=109556"}],"wp:term":[{"taxonomy":"category","embeddable":true,"href":"https:\/\/gentedebasquet.com.ar\/sitio\/wp-json\/wp\/v2\/categories?post=109556"},{"taxonomy":"post_tag","embeddable":true,"href":"https:\/\/gentedebasquet.com.ar\/sitio\/wp-json\/wp\/v2\/tags?post=109556"}],"curies":[{"name":"wp","href":"https:\/\/api.w.org\/{rel}","templated":true}]}}