{"id":109785,"date":"2023-11-16T04:09:01","date_gmt":"2023-11-16T03:09:01","guid":{"rendered":"https:\/\/gentedebasquet.com.ar\/sitio\/?p=109785"},"modified":"2023-11-16T05:23:36","modified_gmt":"2023-11-16T04:23:36","slug":"el-verde-golpeo-en-el-avecilla","status":"publish","type":"post","link":"https:\/\/gentedebasquet.com.ar\/sitio\/2023\/11\/16\/el-verde-golpeo-en-el-avecilla\/","title":{"rendered":"El verde golpe\u00f3 en el Avecilla"},"content":{"rendered":"<p>En el adelantado de la d\u00e9cima fecha, Pac\u00edfico venci\u00f3 en condici\u00f3n de visitante a San Lorenzo del Sud 87-74.<\/p>\n<p>Un comienzo palo a palo no distanciaba demasiado a los equipos, hasta que Pac\u00edfico estamp\u00f3 un parcial 11-0, que lo hizo pasar al frente (19-12) y a partir de all\u00ed no cedi\u00f3 en ning\u00fan momento el mandato del tanteador. 21-17 cerrar\u00eda el 1c, en Pac\u00edfico ya demostraba su trabajo en la pintura Cristi\u00e1n Miguel (18 pts).<\/p>\n<p>El verde pudo aumentar su ventaja en el 2c y la llev\u00f3 a dos d\u00edgitos (44-32). San Lorenzo no encontraba la soluci\u00f3n en defensa y en ataque depend\u00eda de Esteban Benedetti (18 pts).<\/p>\n<p>Los de Queti tuvieron una reacci\u00f3n en el 3c, cuando llegaron a recortar la distancia a 7 pts, a pesar de eso en Pac\u00edfico apareci\u00f3 la figura de Santiago Loos (17 pts, 8 reb) aportando efectividad (3\/3 t2 y 3\/3 t3) y esto le permiti\u00f3 irse al 4c 64-52 arriba.<\/p>\n<p>Pac\u00edfico no tuvo inconvenientes en cerrar el encuentro y as\u00ed sumar una nueva victoria en el campeonato. 87-74 fue el resultado final para dejar su score 6-4. Adem\u00e1s de los ya mencionados, Emanuel Paredes fue otro de los sobresalientes en el encuentro de esta noche: 14 pts y 9 asis.<\/p>\n<p><img decoding=\"async\" class=\"alignnone size-full wp-image-109360\" src=\"http:\/\/gentedebasquet.com.ar\/sitio\/wp-content\/uploads\/2023\/10\/Gif-Publicidades-1.gif\" alt=\"\" width=\"300\" height=\"250\" \/><\/p>\n<p><iframe loading=\"lazy\" title=\"YouTube video player\" src=\"https:\/\/www.youtube.com\/embed\/MoVU6tb1kFs?si=L2hMogE42vMgZe_k\" width=\"560\" height=\"315\" frameborder=\"0\" allowfullscreen=\"allowfullscreen\"><\/iframe><\/p>\n<p><img decoding=\"async\" class=\"alignnone size-medium wp-image-109788\" src=\"http:\/\/gentedebasquet.com.ar\/sitio\/wp-content\/uploads\/2023\/11\/CLAVE-4-300x300.png\" alt=\"\" width=\"300\" height=\"300\" srcset=\"https:\/\/gentedebasquet.com.ar\/sitio\/wp-content\/uploads\/2023\/11\/CLAVE-4-300x300.png 300w, https:\/\/gentedebasquet.com.ar\/sitio\/wp-content\/uploads\/2023\/11\/CLAVE-4-1024x1024.png 1024w, https:\/\/gentedebasquet.com.ar\/sitio\/wp-content\/uploads\/2023\/11\/CLAVE-4-150x150.png 150w, https:\/\/gentedebasquet.com.ar\/sitio\/wp-content\/uploads\/2023\/11\/CLAVE-4-768x768.png 768w, https:\/\/gentedebasquet.com.ar\/sitio\/wp-content\/uploads\/2023\/11\/CLAVE-4-1536x1536.png 1536w, https:\/\/gentedebasquet.com.ar\/sitio\/wp-content\/uploads\/2023\/11\/CLAVE-4-75x75.png 75w, https:\/\/gentedebasquet.com.ar\/sitio\/wp-content\/uploads\/2023\/11\/CLAVE-4-350x350.png 350w, https:\/\/gentedebasquet.com.ar\/sitio\/wp-content\/uploads\/2023\/11\/CLAVE-4-750x750.png 750w, https:\/\/gentedebasquet.com.ar\/sitio\/wp-content\/uploads\/2023\/11\/CLAVE-4-1140x1140.png 1140w, https:\/\/gentedebasquet.com.ar\/sitio\/wp-content\/uploads\/2023\/11\/CLAVE-4.png 2000w\" sizes=\"(max-width: 300px) 100vw, 300px\" \/><\/p>\n<p><img decoding=\"async\" class=\"alignnone size-full wp-image-108810\" src=\"http:\/\/gentedebasquet.com.ar\/sitio\/wp-content\/uploads\/2023\/09\/Gif-Publicidades-2-4.gif\" alt=\"\" width=\"300\" height=\"250\" \/><\/p>\n<p>&nbsp;<\/p>\n<p><img decoding=\"async\" class=\"alignnone size-medium wp-image-109789\" src=\"http:\/\/gentedebasquet.com.ar\/sitio\/wp-content\/uploads\/2023\/11\/WhatsApp-Image-2023-11-16-at-00.02.12-300x226.jpeg\" alt=\"\" width=\"300\" height=\"226\" srcset=\"https:\/\/gentedebasquet.com.ar\/sitio\/wp-content\/uploads\/2023\/11\/WhatsApp-Image-2023-11-16-at-00.02.12-300x226.jpeg 300w, https:\/\/gentedebasquet.com.ar\/sitio\/wp-content\/uploads\/2023\/11\/WhatsApp-Image-2023-11-16-at-00.02.12-1024x771.jpeg 1024w, https:\/\/gentedebasquet.com.ar\/sitio\/wp-content\/uploads\/2023\/11\/WhatsApp-Image-2023-11-16-at-00.02.12-768x578.jpeg 768w, https:\/\/gentedebasquet.com.ar\/sitio\/wp-content\/uploads\/2023\/11\/WhatsApp-Image-2023-11-16-at-00.02.12-1536x1156.jpeg 1536w, https:\/\/gentedebasquet.com.ar\/sitio\/wp-content\/uploads\/2023\/11\/WhatsApp-Image-2023-11-16-at-00.02.12-750x564.jpeg 750w, https:\/\/gentedebasquet.com.ar\/sitio\/wp-content\/uploads\/2023\/11\/WhatsApp-Image-2023-11-16-at-00.02.12-1140x858.jpeg 1140w, https:\/\/gentedebasquet.com.ar\/sitio\/wp-content\/uploads\/2023\/11\/WhatsApp-Image-2023-11-16-at-00.02.12.jpeg 1600w\" sizes=\"(max-width: 300px) 100vw, 300px\" \/><\/p>\n<blockquote><p><em>Lo m\u00e1s importante es eso, ganar partidos de visitante que son los que siempre se complican y m\u00e1s en esta cancha. En ning\u00fan momento nos desesperamos en el juego que propon\u00edan ellos que era de mucho contacto, seguimos jugando como equipo y defendimos bien.\u00a0<\/em><\/p><\/blockquote>\n<p><img decoding=\"async\" class=\"alignnone size-medium wp-image-109790\" src=\"http:\/\/gentedebasquet.com.ar\/sitio\/wp-content\/uploads\/2023\/11\/MVP-4-300x300.png\" alt=\"\" width=\"300\" height=\"300\" srcset=\"https:\/\/gentedebasquet.com.ar\/sitio\/wp-content\/uploads\/2023\/11\/MVP-4-300x300.png 300w, https:\/\/gentedebasquet.com.ar\/sitio\/wp-content\/uploads\/2023\/11\/MVP-4-1024x1024.png 1024w, https:\/\/gentedebasquet.com.ar\/sitio\/wp-content\/uploads\/2023\/11\/MVP-4-150x150.png 150w, https:\/\/gentedebasquet.com.ar\/sitio\/wp-content\/uploads\/2023\/11\/MVP-4-768x768.png 768w, https:\/\/gentedebasquet.com.ar\/sitio\/wp-content\/uploads\/2023\/11\/MVP-4-1536x1536.png 1536w, https:\/\/gentedebasquet.com.ar\/sitio\/wp-content\/uploads\/2023\/11\/MVP-4-75x75.png 75w, https:\/\/gentedebasquet.com.ar\/sitio\/wp-content\/uploads\/2023\/11\/MVP-4-350x350.png 350w, https:\/\/gentedebasquet.com.ar\/sitio\/wp-content\/uploads\/2023\/11\/MVP-4-750x750.png 750w, https:\/\/gentedebasquet.com.ar\/sitio\/wp-content\/uploads\/2023\/11\/MVP-4-1140x1140.png 1140w, https:\/\/gentedebasquet.com.ar\/sitio\/wp-content\/uploads\/2023\/11\/MVP-4.png 2000w\" sizes=\"(max-width: 300px) 100vw, 300px\" \/><\/p>\n<p><img decoding=\"async\" class=\"alignnone size-full wp-image-108811\" src=\"http:\/\/gentedebasquet.com.ar\/sitio\/wp-content\/uploads\/2023\/09\/Gif-Publicidades-3-4.gif\" alt=\"\" width=\"300\" height=\"250\" \/><\/p>\n<p><strong>S\u00edntesis \u2013 Primera \u2013 Fecha 10<\/strong><\/p>\n<p><b>San Lorenzo 74: <\/b>Luciano Fortelli 10, Alan Garcia 5, Esteban Benedetti 18, Ignacio Formiga 11, Joaqu\u00edn Coria 10 (FI); Franco Elichiry 12, Agustin Pena 1, Mart\u00edn Alvarez 7, Pablo Pollio 0. Dt: Claudio Queti.<\/p>\n<p><b>Pac\u00edfico 87:\u00a0<\/b>Branco Salvatori 6, Emanuel Paredes 14, I\u00f1aki Errazu 9, Santiago Loos 17, Cristian Miguel 18 (FI); Tom\u00e1s Bussetti 6, Gonzalo Martinez 2, Baustista Olivera 11, Lucas Guillermo 0. DT: Andres Iannamico.<\/p>\n<p><strong>Parciales<\/strong>: 17-21, 32-44 (15-23); 52-64 (20-20) y 74-87 (22-23)<\/p>\n<p><strong>\u00c1rbitros<\/strong>: Alejandro Ramallo, Mariano Enrique y Juan Matias<\/p>\n<p><strong>Estadio:<\/strong> Rom\u00e1n Avecilla.<\/p>\n<p><img decoding=\"async\" class=\"alignnone size-full wp-image-108812\" src=\"http:\/\/gentedebasquet.com.ar\/sitio\/wp-content\/uploads\/2023\/09\/Gif-Publicidades-4-5.gif\" alt=\"\" width=\"300\" height=\"250\" \/><\/p>\n<p>&nbsp;<\/p>\n","protected":false},"excerpt":{"rendered":"<p>En el adelantado de la d\u00e9cima fecha, Pac\u00edfico venci\u00f3 en condici\u00f3n de visitante a San Lorenzo del Sud 87-74. Un comienzo palo a palo no distanciaba demasiado a los equipos, hasta que Pac\u00edfico estamp\u00f3 un parcial 11-0, que lo hizo pasar al frente (19-12) y a partir de all\u00ed no cedi\u00f3 en ning\u00fan momento el [&hellip;]<\/p>\n","protected":false},"author":67,"featured_media":109795,"comment_status":"open","ping_status":"open","sticky":false,"template":"","format":"standard","meta":{"jnews-multi-image_gallery":[],"jnews_single_post":{"source_name":"","source_url":"","via_name":"","via_url":"","override_template":"0","override":[{"template":"1","single_blog_custom":"","parallax":"1","fullscreen":"1","layout":"right-sidebar","sidebar":"default-sidebar","second_sidebar":"default-sidebar","sticky_sidebar":"1","share_position":"top","share_float_style":"share-monocrhome","show_share_counter":"0","show_view_counter":"0","show_featured":"1","show_post_meta":"1","show_post_author":"1","show_post_author_image":"1","show_post_date":"1","post_date_format":"default","post_date_format_custom":"Y\/m\/d","show_post_category":"1","show_post_reading_time":"0","post_reading_time_wpm":"300","show_zoom_button":"0","zoom_button_out_step":"2","zoom_button_in_step":"3","show_post_tag":"1","show_prev_next_post":"1","show_popup_post":"1","number_popup_post":"1","show_author_box":"0","show_post_related":"0","show_inline_post_related":"0"}],"override_image_size":"0","image_override":[{"single_post_thumbnail_size":"crop-500","single_post_gallery_size":"crop-500"}],"trending_post":"0","trending_post_position":"meta","trending_post_label":"Trending","sponsored_post":"0","sponsored_post_label":"Sponsored by","sponsored_post_name":"","sponsored_post_url":"","sponsored_post_logo_enable":"0","sponsored_post_logo":"","sponsored_post_desc":"","disable_ad":"0"},"jnews_primary_category":{"id":"","hide":""},"footnotes":""},"categories":[23,1],"tags":[17,19],"class_list":["post-109785","post","type-post","status-publish","format-standard","has-post-thumbnail","hentry","category-primera","category-sin-categoria","tag-pacifico","tag-san-lorenzo"],"yoast_head":"<!-- This site is optimized with the Yoast SEO plugin v27.5 - https:\/\/yoast.com\/product\/yoast-seo-wordpress\/ -->\n<title>El verde golpe\u00f3 en el Avecilla - Gente de B\u00e1squet<\/title>\n<meta name=\"robots\" content=\"index, follow, max-snippet:-1, max-image-preview:large, max-video-preview:-1\" \/>\n<link rel=\"canonical\" href=\"https:\/\/gentedebasquet.com.ar\/sitio\/2023\/11\/16\/el-verde-golpeo-en-el-avecilla\/\" \/>\n<meta property=\"og:locale\" content=\"es_ES\" \/>\n<meta property=\"og:type\" content=\"article\" \/>\n<meta property=\"og:title\" content=\"El verde golpe\u00f3 en el Avecilla - Gente de B\u00e1squet\" \/>\n<meta property=\"og:description\" content=\"En el adelantado de la d\u00e9cima fecha, Pac\u00edfico venci\u00f3 en condici\u00f3n de visitante a San Lorenzo del Sud 87-74. Un comienzo palo a palo no distanciaba demasiado a los equipos, hasta que Pac\u00edfico estamp\u00f3 un parcial 11-0, que lo hizo pasar al frente (19-12) y a partir de all\u00ed no cedi\u00f3 en ning\u00fan momento el [&hellip;]\" \/>\n<meta property=\"og:url\" content=\"https:\/\/gentedebasquet.com.ar\/sitio\/2023\/11\/16\/el-verde-golpeo-en-el-avecilla\/\" \/>\n<meta property=\"og:site_name\" content=\"Gente de B\u00e1squet\" \/>\n<meta property=\"article:published_time\" content=\"2023-11-16T03:09:01+00:00\" \/>\n<meta property=\"article:modified_time\" content=\"2023-11-16T04:23:36+00:00\" \/>\n<meta property=\"og:image\" content=\"https:\/\/gentedebasquet.com.ar\/sitio\/wp-content\/uploads\/2023\/11\/IMG_20231115_22333998423-scaled.jpg\" \/>\n\t<meta property=\"og:image:width\" content=\"2560\" \/>\n\t<meta property=\"og:image:height\" content=\"1810\" \/>\n\t<meta property=\"og:image:type\" content=\"image\/jpeg\" \/>\n<meta name=\"author\" content=\"Enzo Gra\u00f1a\" \/>\n<meta name=\"twitter:card\" content=\"summary_large_image\" \/>\n<meta name=\"twitter:label1\" content=\"Escrito por\" \/>\n\t<meta name=\"twitter:data1\" content=\"Enzo Gra\u00f1a\" \/>\n\t<meta name=\"twitter:label2\" content=\"Tiempo de lectura\" \/>\n\t<meta name=\"twitter:data2\" content=\"3 minutos\" \/>\n<script type=\"application\/ld+json\" class=\"yoast-schema-graph\">{\"@context\":\"https:\\\/\\\/schema.org\",\"@graph\":[{\"@type\":\"Article\",\"@id\":\"https:\\\/\\\/gentedebasquet.com.ar\\\/sitio\\\/2023\\\/11\\\/16\\\/el-verde-golpeo-en-el-avecilla\\\/#article\",\"isPartOf\":{\"@id\":\"https:\\\/\\\/gentedebasquet.com.ar\\\/sitio\\\/2023\\\/11\\\/16\\\/el-verde-golpeo-en-el-avecilla\\\/\"},\"author\":{\"name\":\"Enzo Gra\u00f1a\",\"@id\":\"http:\\\/\\\/gentedebasquet.com.ar\\\/sitio\\\/#\\\/schema\\\/person\\\/1a3f017b806c51157b3ac47d302dbe95\"},\"headline\":\"El verde golpe\u00f3 en el Avecilla\",\"datePublished\":\"2023-11-16T03:09:01+00:00\",\"dateModified\":\"2023-11-16T04:23:36+00:00\",\"mainEntityOfPage\":{\"@id\":\"https:\\\/\\\/gentedebasquet.com.ar\\\/sitio\\\/2023\\\/11\\\/16\\\/el-verde-golpeo-en-el-avecilla\\\/\"},\"wordCount\":347,\"commentCount\":0,\"image\":{\"@id\":\"https:\\\/\\\/gentedebasquet.com.ar\\\/sitio\\\/2023\\\/11\\\/16\\\/el-verde-golpeo-en-el-avecilla\\\/#primaryimage\"},\"thumbnailUrl\":\"https:\\\/\\\/gentedebasquet.com.ar\\\/sitio\\\/wp-content\\\/uploads\\\/2023\\\/11\\\/IMG_20231115_22333998423-scaled.jpg\",\"keywords\":[\"Pacifico\",\"San Lorenzo\"],\"articleSection\":[\"Primera\"],\"inLanguage\":\"es\",\"potentialAction\":[{\"@type\":\"CommentAction\",\"name\":\"Comment\",\"target\":[\"https:\\\/\\\/gentedebasquet.com.ar\\\/sitio\\\/2023\\\/11\\\/16\\\/el-verde-golpeo-en-el-avecilla\\\/#respond\"]}]},{\"@type\":\"WebPage\",\"@id\":\"https:\\\/\\\/gentedebasquet.com.ar\\\/sitio\\\/2023\\\/11\\\/16\\\/el-verde-golpeo-en-el-avecilla\\\/\",\"url\":\"https:\\\/\\\/gentedebasquet.com.ar\\\/sitio\\\/2023\\\/11\\\/16\\\/el-verde-golpeo-en-el-avecilla\\\/\",\"name\":\"El verde golpe\u00f3 en el Avecilla - Gente de B\u00e1squet\",\"isPartOf\":{\"@id\":\"http:\\\/\\\/gentedebasquet.com.ar\\\/sitio\\\/#website\"},\"primaryImageOfPage\":{\"@id\":\"https:\\\/\\\/gentedebasquet.com.ar\\\/sitio\\\/2023\\\/11\\\/16\\\/el-verde-golpeo-en-el-avecilla\\\/#primaryimage\"},\"image\":{\"@id\":\"https:\\\/\\\/gentedebasquet.com.ar\\\/sitio\\\/2023\\\/11\\\/16\\\/el-verde-golpeo-en-el-avecilla\\\/#primaryimage\"},\"thumbnailUrl\":\"https:\\\/\\\/gentedebasquet.com.ar\\\/sitio\\\/wp-content\\\/uploads\\\/2023\\\/11\\\/IMG_20231115_22333998423-scaled.jpg\",\"datePublished\":\"2023-11-16T03:09:01+00:00\",\"dateModified\":\"2023-11-16T04:23:36+00:00\",\"author\":{\"@id\":\"http:\\\/\\\/gentedebasquet.com.ar\\\/sitio\\\/#\\\/schema\\\/person\\\/1a3f017b806c51157b3ac47d302dbe95\"},\"breadcrumb\":{\"@id\":\"https:\\\/\\\/gentedebasquet.com.ar\\\/sitio\\\/2023\\\/11\\\/16\\\/el-verde-golpeo-en-el-avecilla\\\/#breadcrumb\"},\"inLanguage\":\"es\",\"potentialAction\":[{\"@type\":\"ReadAction\",\"target\":[\"https:\\\/\\\/gentedebasquet.com.ar\\\/sitio\\\/2023\\\/11\\\/16\\\/el-verde-golpeo-en-el-avecilla\\\/\"]}]},{\"@type\":\"ImageObject\",\"inLanguage\":\"es\",\"@id\":\"https:\\\/\\\/gentedebasquet.com.ar\\\/sitio\\\/2023\\\/11\\\/16\\\/el-verde-golpeo-en-el-avecilla\\\/#primaryimage\",\"url\":\"https:\\\/\\\/gentedebasquet.com.ar\\\/sitio\\\/wp-content\\\/uploads\\\/2023\\\/11\\\/IMG_20231115_22333998423-scaled.jpg\",\"contentUrl\":\"https:\\\/\\\/gentedebasquet.com.ar\\\/sitio\\\/wp-content\\\/uploads\\\/2023\\\/11\\\/IMG_20231115_22333998423-scaled.jpg\",\"width\":2560,\"height\":1810},{\"@type\":\"BreadcrumbList\",\"@id\":\"https:\\\/\\\/gentedebasquet.com.ar\\\/sitio\\\/2023\\\/11\\\/16\\\/el-verde-golpeo-en-el-avecilla\\\/#breadcrumb\",\"itemListElement\":[{\"@type\":\"ListItem\",\"position\":1,\"name\":\"Portada\",\"item\":\"http:\\\/\\\/gentedebasquet.com.ar\\\/sitio\\\/\"},{\"@type\":\"ListItem\",\"position\":2,\"name\":\"El verde golpe\u00f3 en el Avecilla\"}]},{\"@type\":\"WebSite\",\"@id\":\"http:\\\/\\\/gentedebasquet.com.ar\\\/sitio\\\/#website\",\"url\":\"http:\\\/\\\/gentedebasquet.com.ar\\\/sitio\\\/\",\"name\":\"Gente de B\u00e1squet\",\"description\":\"La revista del basquet de Bah\u00eda Blanca\",\"potentialAction\":[{\"@type\":\"SearchAction\",\"target\":{\"@type\":\"EntryPoint\",\"urlTemplate\":\"http:\\\/\\\/gentedebasquet.com.ar\\\/sitio\\\/?s={search_term_string}\"},\"query-input\":{\"@type\":\"PropertyValueSpecification\",\"valueRequired\":true,\"valueName\":\"search_term_string\"}}],\"inLanguage\":\"es\"},{\"@type\":\"Person\",\"@id\":\"http:\\\/\\\/gentedebasquet.com.ar\\\/sitio\\\/#\\\/schema\\\/person\\\/1a3f017b806c51157b3ac47d302dbe95\",\"name\":\"Enzo Gra\u00f1a\",\"image\":{\"@type\":\"ImageObject\",\"inLanguage\":\"es\",\"@id\":\"https:\\\/\\\/secure.gravatar.com\\\/avatar\\\/93ce035f49cd06f4bd8081993fdcc3ce02f277c5c8dacd23bf419d1c8409f5c8?s=96&d=mm&r=g\",\"url\":\"https:\\\/\\\/secure.gravatar.com\\\/avatar\\\/93ce035f49cd06f4bd8081993fdcc3ce02f277c5c8dacd23bf419d1c8409f5c8?s=96&d=mm&r=g\",\"contentUrl\":\"https:\\\/\\\/secure.gravatar.com\\\/avatar\\\/93ce035f49cd06f4bd8081993fdcc3ce02f277c5c8dacd23bf419d1c8409f5c8?s=96&d=mm&r=g\",\"caption\":\"Enzo Gra\u00f1a\"},\"url\":\"https:\\\/\\\/gentedebasquet.com.ar\\\/sitio\\\/author\\\/enzo-grana\\\/\"}]}<\/script>\n<!-- \/ Yoast SEO plugin. -->","yoast_head_json":{"title":"El verde golpe\u00f3 en el Avecilla - Gente de B\u00e1squet","robots":{"index":"index","follow":"follow","max-snippet":"max-snippet:-1","max-image-preview":"max-image-preview:large","max-video-preview":"max-video-preview:-1"},"canonical":"https:\/\/gentedebasquet.com.ar\/sitio\/2023\/11\/16\/el-verde-golpeo-en-el-avecilla\/","og_locale":"es_ES","og_type":"article","og_title":"El verde golpe\u00f3 en el Avecilla - Gente de B\u00e1squet","og_description":"En el adelantado de la d\u00e9cima fecha, Pac\u00edfico venci\u00f3 en condici\u00f3n de visitante a San Lorenzo del Sud 87-74. Un comienzo palo a palo no distanciaba demasiado a los equipos, hasta que Pac\u00edfico estamp\u00f3 un parcial 11-0, que lo hizo pasar al frente (19-12) y a partir de all\u00ed no cedi\u00f3 en ning\u00fan momento el [&hellip;]","og_url":"https:\/\/gentedebasquet.com.ar\/sitio\/2023\/11\/16\/el-verde-golpeo-en-el-avecilla\/","og_site_name":"Gente de B\u00e1squet","article_published_time":"2023-11-16T03:09:01+00:00","article_modified_time":"2023-11-16T04:23:36+00:00","og_image":[{"width":2560,"height":1810,"url":"https:\/\/gentedebasquet.com.ar\/sitio\/wp-content\/uploads\/2023\/11\/IMG_20231115_22333998423-scaled.jpg","type":"image\/jpeg"}],"author":"Enzo Gra\u00f1a","twitter_card":"summary_large_image","twitter_misc":{"Escrito por":"Enzo Gra\u00f1a","Tiempo de lectura":"3 minutos"},"schema":{"@context":"https:\/\/schema.org","@graph":[{"@type":"Article","@id":"https:\/\/gentedebasquet.com.ar\/sitio\/2023\/11\/16\/el-verde-golpeo-en-el-avecilla\/#article","isPartOf":{"@id":"https:\/\/gentedebasquet.com.ar\/sitio\/2023\/11\/16\/el-verde-golpeo-en-el-avecilla\/"},"author":{"name":"Enzo Gra\u00f1a","@id":"http:\/\/gentedebasquet.com.ar\/sitio\/#\/schema\/person\/1a3f017b806c51157b3ac47d302dbe95"},"headline":"El verde golpe\u00f3 en el Avecilla","datePublished":"2023-11-16T03:09:01+00:00","dateModified":"2023-11-16T04:23:36+00:00","mainEntityOfPage":{"@id":"https:\/\/gentedebasquet.com.ar\/sitio\/2023\/11\/16\/el-verde-golpeo-en-el-avecilla\/"},"wordCount":347,"commentCount":0,"image":{"@id":"https:\/\/gentedebasquet.com.ar\/sitio\/2023\/11\/16\/el-verde-golpeo-en-el-avecilla\/#primaryimage"},"thumbnailUrl":"https:\/\/gentedebasquet.com.ar\/sitio\/wp-content\/uploads\/2023\/11\/IMG_20231115_22333998423-scaled.jpg","keywords":["Pacifico","San Lorenzo"],"articleSection":["Primera"],"inLanguage":"es","potentialAction":[{"@type":"CommentAction","name":"Comment","target":["https:\/\/gentedebasquet.com.ar\/sitio\/2023\/11\/16\/el-verde-golpeo-en-el-avecilla\/#respond"]}]},{"@type":"WebPage","@id":"https:\/\/gentedebasquet.com.ar\/sitio\/2023\/11\/16\/el-verde-golpeo-en-el-avecilla\/","url":"https:\/\/gentedebasquet.com.ar\/sitio\/2023\/11\/16\/el-verde-golpeo-en-el-avecilla\/","name":"El verde golpe\u00f3 en el Avecilla - Gente de B\u00e1squet","isPartOf":{"@id":"http:\/\/gentedebasquet.com.ar\/sitio\/#website"},"primaryImageOfPage":{"@id":"https:\/\/gentedebasquet.com.ar\/sitio\/2023\/11\/16\/el-verde-golpeo-en-el-avecilla\/#primaryimage"},"image":{"@id":"https:\/\/gentedebasquet.com.ar\/sitio\/2023\/11\/16\/el-verde-golpeo-en-el-avecilla\/#primaryimage"},"thumbnailUrl":"https:\/\/gentedebasquet.com.ar\/sitio\/wp-content\/uploads\/2023\/11\/IMG_20231115_22333998423-scaled.jpg","datePublished":"2023-11-16T03:09:01+00:00","dateModified":"2023-11-16T04:23:36+00:00","author":{"@id":"http:\/\/gentedebasquet.com.ar\/sitio\/#\/schema\/person\/1a3f017b806c51157b3ac47d302dbe95"},"breadcrumb":{"@id":"https:\/\/gentedebasquet.com.ar\/sitio\/2023\/11\/16\/el-verde-golpeo-en-el-avecilla\/#breadcrumb"},"inLanguage":"es","potentialAction":[{"@type":"ReadAction","target":["https:\/\/gentedebasquet.com.ar\/sitio\/2023\/11\/16\/el-verde-golpeo-en-el-avecilla\/"]}]},{"@type":"ImageObject","inLanguage":"es","@id":"https:\/\/gentedebasquet.com.ar\/sitio\/2023\/11\/16\/el-verde-golpeo-en-el-avecilla\/#primaryimage","url":"https:\/\/gentedebasquet.com.ar\/sitio\/wp-content\/uploads\/2023\/11\/IMG_20231115_22333998423-scaled.jpg","contentUrl":"https:\/\/gentedebasquet.com.ar\/sitio\/wp-content\/uploads\/2023\/11\/IMG_20231115_22333998423-scaled.jpg","width":2560,"height":1810},{"@type":"BreadcrumbList","@id":"https:\/\/gentedebasquet.com.ar\/sitio\/2023\/11\/16\/el-verde-golpeo-en-el-avecilla\/#breadcrumb","itemListElement":[{"@type":"ListItem","position":1,"name":"Portada","item":"http:\/\/gentedebasquet.com.ar\/sitio\/"},{"@type":"ListItem","position":2,"name":"El verde golpe\u00f3 en el Avecilla"}]},{"@type":"WebSite","@id":"http:\/\/gentedebasquet.com.ar\/sitio\/#website","url":"http:\/\/gentedebasquet.com.ar\/sitio\/","name":"Gente de B\u00e1squet","description":"La revista del basquet de Bah\u00eda Blanca","potentialAction":[{"@type":"SearchAction","target":{"@type":"EntryPoint","urlTemplate":"http:\/\/gentedebasquet.com.ar\/sitio\/?s={search_term_string}"},"query-input":{"@type":"PropertyValueSpecification","valueRequired":true,"valueName":"search_term_string"}}],"inLanguage":"es"},{"@type":"Person","@id":"http:\/\/gentedebasquet.com.ar\/sitio\/#\/schema\/person\/1a3f017b806c51157b3ac47d302dbe95","name":"Enzo Gra\u00f1a","image":{"@type":"ImageObject","inLanguage":"es","@id":"https:\/\/secure.gravatar.com\/avatar\/93ce035f49cd06f4bd8081993fdcc3ce02f277c5c8dacd23bf419d1c8409f5c8?s=96&d=mm&r=g","url":"https:\/\/secure.gravatar.com\/avatar\/93ce035f49cd06f4bd8081993fdcc3ce02f277c5c8dacd23bf419d1c8409f5c8?s=96&d=mm&r=g","contentUrl":"https:\/\/secure.gravatar.com\/avatar\/93ce035f49cd06f4bd8081993fdcc3ce02f277c5c8dacd23bf419d1c8409f5c8?s=96&d=mm&r=g","caption":"Enzo Gra\u00f1a"},"url":"https:\/\/gentedebasquet.com.ar\/sitio\/author\/enzo-grana\/"}]}},"_links":{"self":[{"href":"https:\/\/gentedebasquet.com.ar\/sitio\/wp-json\/wp\/v2\/posts\/109785","targetHints":{"allow":["GET"]}}],"collection":[{"href":"https:\/\/gentedebasquet.com.ar\/sitio\/wp-json\/wp\/v2\/posts"}],"about":[{"href":"https:\/\/gentedebasquet.com.ar\/sitio\/wp-json\/wp\/v2\/types\/post"}],"author":[{"embeddable":true,"href":"https:\/\/gentedebasquet.com.ar\/sitio\/wp-json\/wp\/v2\/users\/67"}],"replies":[{"embeddable":true,"href":"https:\/\/gentedebasquet.com.ar\/sitio\/wp-json\/wp\/v2\/comments?post=109785"}],"version-history":[{"count":4,"href":"https:\/\/gentedebasquet.com.ar\/sitio\/wp-json\/wp\/v2\/posts\/109785\/revisions"}],"predecessor-version":[{"id":109794,"href":"https:\/\/gentedebasquet.com.ar\/sitio\/wp-json\/wp\/v2\/posts\/109785\/revisions\/109794"}],"wp:featuredmedia":[{"embeddable":true,"href":"https:\/\/gentedebasquet.com.ar\/sitio\/wp-json\/wp\/v2\/media\/109795"}],"wp:attachment":[{"href":"https:\/\/gentedebasquet.com.ar\/sitio\/wp-json\/wp\/v2\/media?parent=109785"}],"wp:term":[{"taxonomy":"category","embeddable":true,"href":"https:\/\/gentedebasquet.com.ar\/sitio\/wp-json\/wp\/v2\/categories?post=109785"},{"taxonomy":"post_tag","embeddable":true,"href":"https:\/\/gentedebasquet.com.ar\/sitio\/wp-json\/wp\/v2\/tags?post=109785"}],"curies":[{"name":"wp","href":"https:\/\/api.w.org\/{rel}","templated":true}]}}