{"id":109802,"date":"2023-11-17T05:38:22","date_gmt":"2023-11-17T04:38:22","guid":{"rendered":"https:\/\/gentedebasquet.com.ar\/sitio\/?p=109802"},"modified":"2023-11-17T05:38:22","modified_gmt":"2023-11-17T04:38:22","slug":"el-purre-se-reencontro-con-la-victoria","status":"publish","type":"post","link":"https:\/\/gentedebasquet.com.ar\/sitio\/2023\/11\/17\/el-purre-se-reencontro-con-la-victoria\/","title":{"rendered":"El Purre se reencontr\u00f3 con la victoria"},"content":{"rendered":"<p><strong>Pueyrred\u00f3n dio el batacazo<\/strong> y volvi\u00f3 a ganar despu\u00e9s de su \u00fanica victoria en el debut, llevaba ocho derrotas consecutivas. Venci\u00f3 a un <strong>Liniers que sigue deambulando por la mitad de la tabla y no encuentra el rumbo<\/strong>. Fue una noche especial para el Purre, en <strong>la despedida de Rodrigo Gerhardt<\/strong>, que fue uno de los destacados, junto a Santi Candia (19pts) y al l\u00edder ofensivo en el cuarto ganador, el \u00faltimo, <strong>Santiago Ayala anot\u00f3 all\u00ed 11 de sus 18 unidades.<\/strong><\/p>\n<p><strong>Tres cuartos de partido fueron dominados por el \u00abChivo\u00bb<\/strong>, que sufri\u00f3 alg\u00fan bache durante el cierre del segundo cuarto, cuando Pueyrred\u00f3n achic\u00f3 la distancia, pero <strong>con un triple sobre la chicharra de Mauro Mierez logr\u00f3 irse al descando largo con +7 de diferencia.<\/strong> En el tercer per\u00edodo aument\u00f3 la ventaja y cerr\u00f3 los treinta minutos 52-61 arriba. <strong>El goleo se concentr\u00f3 en las manos de Ferrari, Vasconcelo, Dottori y Mierez<\/strong>. Del lado local hubo buenos pasajes de Candia, e ingres\u00f3 muy bien <strong>Gast\u00f3n Rivera, aportando sus 14 puntos<\/strong> entre el segundo y tercer cuarto.<\/p>\n<p><strong>En los \u00faltimos diez minutos, el Purre cambi\u00f3 su postura por completo.<\/strong> Se vio un equipo m\u00e1s <strong>agresivo<\/strong>, corriendo la cancha, haciendo jugar a sus hombres grandes y apostando al tiro de media distancia, atr\u00e1s, una defensa s\u00f3lida, principalmente sobre Ferrari y Mierez. Adelante, <strong>Santiago Ayala anot\u00f3 11 unidades,<\/strong> convirti\u00e9ndose en el estandarte de la victoria, <strong>Candia fue el goleador con 19<\/strong> y fue clave la experiencia de Gerhardt y Pineda en los instantes finales para mantener la cabeza fr\u00eda.<\/p>\n<p><strong>Gan\u00f3 Pueyrred\u00f3n por segunda vez en el campeonato, no lo hac\u00eda desde el debut ante Pac\u00edfico. Liniers no levanta cabeza y sigue con su andar irregular, manteniendo un r\u00e9cord negativo (4-6).<\/strong><\/p>\n<p><img decoding=\"async\" class=\"alignnone size-full wp-image-109360\" src=\"http:\/\/gentedebasquet.com.ar\/sitio\/wp-content\/uploads\/2023\/10\/Gif-Publicidades-1.gif\" alt=\"\" width=\"300\" height=\"250\" \/><\/p>\n<div class=\"jeg_video_container jeg_video_content\"><iframe loading=\"lazy\" title=\"#Primera - Fecha #10: Pueyrred\u00f3n 81 - 76 Liniers\" width=\"500\" height=\"281\" src=\"https:\/\/www.youtube.com\/embed\/MzCNSjnAaRA?feature=oembed\" frameborder=\"0\" allow=\"accelerometer; autoplay; clipboard-write; encrypted-media; gyroscope; picture-in-picture; web-share\" referrerpolicy=\"strict-origin-when-cross-origin\" allowfullscreen><\/iframe><\/div>\n<p><img decoding=\"async\" class=\"alignnone size-medium wp-image-109824\" src=\"http:\/\/gentedebasquet.com.ar\/sitio\/wp-content\/uploads\/2023\/11\/CLAVE-purre-liniers-300x300.png\" alt=\"\" width=\"300\" height=\"300\" srcset=\"https:\/\/gentedebasquet.com.ar\/sitio\/wp-content\/uploads\/2023\/11\/CLAVE-purre-liniers-300x300.png 300w, https:\/\/gentedebasquet.com.ar\/sitio\/wp-content\/uploads\/2023\/11\/CLAVE-purre-liniers-1024x1024.png 1024w, https:\/\/gentedebasquet.com.ar\/sitio\/wp-content\/uploads\/2023\/11\/CLAVE-purre-liniers-150x150.png 150w, https:\/\/gentedebasquet.com.ar\/sitio\/wp-content\/uploads\/2023\/11\/CLAVE-purre-liniers-768x768.png 768w, https:\/\/gentedebasquet.com.ar\/sitio\/wp-content\/uploads\/2023\/11\/CLAVE-purre-liniers-1536x1536.png 1536w, https:\/\/gentedebasquet.com.ar\/sitio\/wp-content\/uploads\/2023\/11\/CLAVE-purre-liniers-75x75.png 75w, https:\/\/gentedebasquet.com.ar\/sitio\/wp-content\/uploads\/2023\/11\/CLAVE-purre-liniers-350x350.png 350w, https:\/\/gentedebasquet.com.ar\/sitio\/wp-content\/uploads\/2023\/11\/CLAVE-purre-liniers-750x750.png 750w, https:\/\/gentedebasquet.com.ar\/sitio\/wp-content\/uploads\/2023\/11\/CLAVE-purre-liniers-1140x1140.png 1140w, https:\/\/gentedebasquet.com.ar\/sitio\/wp-content\/uploads\/2023\/11\/CLAVE-purre-liniers.png 2000w\" sizes=\"(max-width: 300px) 100vw, 300px\" \/><\/p>\n<p><img decoding=\"async\" class=\"alignnone size-full wp-image-108810\" src=\"http:\/\/gentedebasquet.com.ar\/sitio\/wp-content\/uploads\/2023\/09\/Gif-Publicidades-2-4.gif\" alt=\"\" width=\"300\" height=\"250\" \/><\/p>\n<p>&nbsp;<\/p>\n<p><img decoding=\"async\" class=\"alignnone wp-image-109825 size-full\" src=\"http:\/\/gentedebasquet.com.ar\/sitio\/wp-content\/uploads\/2023\/11\/figura-santi-ayala.jpg\" alt=\"\" width=\"640\" height=\"480\" srcset=\"https:\/\/gentedebasquet.com.ar\/sitio\/wp-content\/uploads\/2023\/11\/figura-santi-ayala.jpg 640w, https:\/\/gentedebasquet.com.ar\/sitio\/wp-content\/uploads\/2023\/11\/figura-santi-ayala-300x225.jpg 300w\" sizes=\"(max-width: 640px) 100vw, 640px\" \/><\/p>\n<blockquote><p>\u00abEs una satisfacci\u00f3n, nos sali\u00f3 lo que ven\u00edamos trabajando, hoy fue una muestra de car\u00e1cter, entraron las pelotas que otros d\u00edas no. La clave estuvo en pasarnos la bola, tenemos que jugar todos y buscar una forma en la que todos estemos involucrados. M\u00e1s all\u00e1 de los resultados, ning\u00fan equipo nos pas\u00f3 por arriba, queremos seguir por este camino.\u00bb <strong>Santiago Mart\u00edn Ayala, Pueyrred\u00f3n.<\/strong><\/p><\/blockquote>\n<p><img decoding=\"async\" class=\"alignnone size-medium wp-image-109826\" src=\"http:\/\/gentedebasquet.com.ar\/sitio\/wp-content\/uploads\/2023\/11\/MVP-santi-ayala-300x300.png\" alt=\"\" width=\"300\" height=\"300\" srcset=\"https:\/\/gentedebasquet.com.ar\/sitio\/wp-content\/uploads\/2023\/11\/MVP-santi-ayala-300x300.png 300w, https:\/\/gentedebasquet.com.ar\/sitio\/wp-content\/uploads\/2023\/11\/MVP-santi-ayala-1024x1024.png 1024w, https:\/\/gentedebasquet.com.ar\/sitio\/wp-content\/uploads\/2023\/11\/MVP-santi-ayala-150x150.png 150w, https:\/\/gentedebasquet.com.ar\/sitio\/wp-content\/uploads\/2023\/11\/MVP-santi-ayala-768x768.png 768w, https:\/\/gentedebasquet.com.ar\/sitio\/wp-content\/uploads\/2023\/11\/MVP-santi-ayala-1536x1536.png 1536w, https:\/\/gentedebasquet.com.ar\/sitio\/wp-content\/uploads\/2023\/11\/MVP-santi-ayala-75x75.png 75w, https:\/\/gentedebasquet.com.ar\/sitio\/wp-content\/uploads\/2023\/11\/MVP-santi-ayala-350x350.png 350w, https:\/\/gentedebasquet.com.ar\/sitio\/wp-content\/uploads\/2023\/11\/MVP-santi-ayala-750x750.png 750w, https:\/\/gentedebasquet.com.ar\/sitio\/wp-content\/uploads\/2023\/11\/MVP-santi-ayala-1140x1140.png 1140w, https:\/\/gentedebasquet.com.ar\/sitio\/wp-content\/uploads\/2023\/11\/MVP-santi-ayala.png 2000w\" sizes=\"(max-width: 300px) 100vw, 300px\" \/><\/p>\n<p><img decoding=\"async\" class=\"alignnone size-full wp-image-108811\" src=\"http:\/\/gentedebasquet.com.ar\/sitio\/wp-content\/uploads\/2023\/09\/Gif-Publicidades-3-4.gif\" alt=\"\" width=\"300\" height=\"250\" \/><\/p>\n<p><strong>S\u00edntesis \u2013 Primera \u2013 Fecha 10<\/strong><\/p>\n<p><strong>Pueyrred\u00f3n 81:<\/strong> Santiago Candia 19, Pedro P\u00e9rez Pav\u00f3n 5, David Pineda 3, Rodrigo Gerhardt 13, Santiago Ayala 18 <strong>(FI);<\/strong> Juan Pedro Paronetto, Gast\u00f3n Rivera 14, Gonzalo Sagasti, Luciano Vecchi 2, Juan Ignacio Scattolini 4, Agust\u00edn Icasto 3. <strong>DT: Gustavo Candia.<\/strong><\/p>\n<p><b>Liniers 76: <\/b>Mauro Mierez 11, Segundo Vasconcelo 22, Agust\u00edn Dottori 16, Franco Ferrari 20, Joaqu\u00edn Larrandart 1 (x) <strong>(FI);<\/strong> Juli\u00e1n Marinsalta 6, Franco Marinsalta, Mateo Cruglak 0, Santino Marzialetti, Santiago Ponzoni, Sebasti\u00e1n Dutari 0, Genaro Groppa. <strong>DT: Mauricio Vago.<\/strong><\/p>\n<p><strong>Parciales<\/strong>: 13-18, 35-42 (22-24), 52-61 (17-19), 81-76 (29-15)<\/p>\n<p><strong>\u00c1rbitros<\/strong>: Sebasti\u00e1n Giannino &#8211; Marjorie Stuardo &#8211; Joaqu\u00edn Irraz\u00e1bal<\/p>\n<p><strong>Estadio:<\/strong> Vicente Palermo (Pueyrred\u00f3n)<\/p>\n<p><strong>Fotos:<\/strong> Santiago Guerrero<\/p>\n<p><img decoding=\"async\" class=\"alignnone size-full wp-image-108812\" src=\"http:\/\/gentedebasquet.com.ar\/sitio\/wp-content\/uploads\/2023\/09\/Gif-Publicidades-4-5.gif\" alt=\"\" width=\"300\" height=\"250\" \/><\/p>\n<p><img decoding=\"async\" class=\"alignnone wp-image-109827 size-full\" src=\"http:\/\/gentedebasquet.com.ar\/sitio\/wp-content\/uploads\/2023\/11\/20231116221641_IMG_5125.jpg\" alt=\"\" width=\"1920\" height=\"1280\" srcset=\"https:\/\/gentedebasquet.com.ar\/sitio\/wp-content\/uploads\/2023\/11\/20231116221641_IMG_5125.jpg 1920w, https:\/\/gentedebasquet.com.ar\/sitio\/wp-content\/uploads\/2023\/11\/20231116221641_IMG_5125-300x200.jpg 300w, https:\/\/gentedebasquet.com.ar\/sitio\/wp-content\/uploads\/2023\/11\/20231116221641_IMG_5125-1024x683.jpg 1024w, https:\/\/gentedebasquet.com.ar\/sitio\/wp-content\/uploads\/2023\/11\/20231116221641_IMG_5125-768x512.jpg 768w, https:\/\/gentedebasquet.com.ar\/sitio\/wp-content\/uploads\/2023\/11\/20231116221641_IMG_5125-1536x1024.jpg 1536w, https:\/\/gentedebasquet.com.ar\/sitio\/wp-content\/uploads\/2023\/11\/20231116221641_IMG_5125-750x500.jpg 750w, https:\/\/gentedebasquet.com.ar\/sitio\/wp-content\/uploads\/2023\/11\/20231116221641_IMG_5125-1140x760.jpg 1140w\" sizes=\"(max-width: 1920px) 100vw, 1920px\" \/><\/p>\n","protected":false},"excerpt":{"rendered":"<p>Pueyrred\u00f3n dio el batacazo y volvi\u00f3 a ganar despu\u00e9s de su \u00fanica victoria en el debut, llevaba ocho derrotas consecutivas. Venci\u00f3 a un Liniers que sigue deambulando por la mitad de la tabla y no encuentra el rumbo. Fue una noche especial para el Purre, en la despedida de Rodrigo Gerhardt, que fue uno de [&hellip;]<\/p>\n","protected":false},"author":71,"featured_media":109828,"comment_status":"open","ping_status":"open","sticky":false,"template":"","format":"standard","meta":{"jnews-multi-image_gallery":[],"jnews_single_post":{"source_name":"","source_url":"","via_name":"","via_url":"","override_template":"0","override":[{"template":"1","single_blog_custom":"","parallax":"1","fullscreen":"1","layout":"right-sidebar","sidebar":"default-sidebar","second_sidebar":"default-sidebar","sticky_sidebar":"1","share_position":"top","share_float_style":"share-monocrhome","show_share_counter":"0","show_view_counter":"0","show_featured":"1","show_post_meta":"1","show_post_author":"1","show_post_author_image":"1","show_post_date":"1","post_date_format":"default","post_date_format_custom":"Y\/m\/d","show_post_category":"1","show_post_reading_time":"0","post_reading_time_wpm":"300","show_zoom_button":"0","zoom_button_out_step":"2","zoom_button_in_step":"3","show_post_tag":"1","show_prev_next_post":"1","show_popup_post":"1","number_popup_post":"1","show_author_box":"0","show_post_related":"0","show_inline_post_related":"0"}],"override_image_size":"0","image_override":[{"single_post_thumbnail_size":"crop-500","single_post_gallery_size":"crop-500"}],"trending_post":"0","trending_post_position":"meta","trending_post_label":"Trending","sponsored_post":"0","sponsored_post_label":"Sponsored by","sponsored_post_name":"","sponsored_post_url":"","sponsored_post_logo_enable":"0","sponsored_post_logo":"","sponsored_post_desc":"","disable_ad":"0"},"jnews_primary_category":{"id":"","hide":""},"footnotes":""},"categories":[23,1,101],"tags":[14,1264,1169,508,18],"class_list":["post-109802","post","type-post","status-publish","format-standard","has-post-thumbnail","hentry","category-primera","category-sin-categoria","category-slide","tag-liniers","tag-martin-ayala","tag-primera","tag-primera-division","tag-pueyrredon"],"yoast_head":"<!-- This site is optimized with the Yoast SEO plugin v27.5 - https:\/\/yoast.com\/product\/yoast-seo-wordpress\/ -->\n<title>El Purre se reencontr\u00f3 con la victoria - Gente de B\u00e1squet<\/title>\n<meta name=\"robots\" content=\"index, follow, max-snippet:-1, max-image-preview:large, max-video-preview:-1\" \/>\n<link rel=\"canonical\" href=\"https:\/\/gentedebasquet.com.ar\/sitio\/2023\/11\/17\/el-purre-se-reencontro-con-la-victoria\/\" \/>\n<meta property=\"og:locale\" content=\"es_ES\" \/>\n<meta property=\"og:type\" content=\"article\" \/>\n<meta property=\"og:title\" content=\"El Purre se reencontr\u00f3 con la victoria - Gente de B\u00e1squet\" \/>\n<meta property=\"og:description\" content=\"Pueyrred\u00f3n dio el batacazo y volvi\u00f3 a ganar despu\u00e9s de su \u00fanica victoria en el debut, llevaba ocho derrotas consecutivas. Venci\u00f3 a un Liniers que sigue deambulando por la mitad de la tabla y no encuentra el rumbo. Fue una noche especial para el Purre, en la despedida de Rodrigo Gerhardt, que fue uno de [&hellip;]\" \/>\n<meta property=\"og:url\" content=\"https:\/\/gentedebasquet.com.ar\/sitio\/2023\/11\/17\/el-purre-se-reencontro-con-la-victoria\/\" \/>\n<meta property=\"og:site_name\" content=\"Gente de B\u00e1squet\" \/>\n<meta property=\"article:published_time\" content=\"2023-11-17T04:38:22+00:00\" \/>\n<meta property=\"og:image\" content=\"https:\/\/gentedebasquet.com.ar\/sitio\/wp-content\/uploads\/2023\/11\/principal-purre-liniers.jpg\" \/>\n\t<meta property=\"og:image:width\" content=\"1920\" \/>\n\t<meta property=\"og:image:height\" content=\"1280\" \/>\n\t<meta property=\"og:image:type\" content=\"image\/jpeg\" \/>\n<meta name=\"author\" content=\"Santiago Seisdedos\" \/>\n<meta name=\"twitter:card\" content=\"summary_large_image\" \/>\n<meta name=\"twitter:label1\" content=\"Escrito por\" \/>\n\t<meta name=\"twitter:data1\" content=\"Santiago Seisdedos\" \/>\n\t<meta name=\"twitter:label2\" content=\"Tiempo de lectura\" \/>\n\t<meta name=\"twitter:data2\" content=\"4 minutos\" \/>\n<script type=\"application\/ld+json\" class=\"yoast-schema-graph\">{\"@context\":\"https:\\\/\\\/schema.org\",\"@graph\":[{\"@type\":\"Article\",\"@id\":\"https:\\\/\\\/gentedebasquet.com.ar\\\/sitio\\\/2023\\\/11\\\/17\\\/el-purre-se-reencontro-con-la-victoria\\\/#article\",\"isPartOf\":{\"@id\":\"https:\\\/\\\/gentedebasquet.com.ar\\\/sitio\\\/2023\\\/11\\\/17\\\/el-purre-se-reencontro-con-la-victoria\\\/\"},\"author\":{\"name\":\"Santiago Seisdedos\",\"@id\":\"https:\\\/\\\/gentedebasquet.com.ar\\\/sitio\\\/#\\\/schema\\\/person\\\/3b50d7c801b9529aba70bd4613bca6da\"},\"headline\":\"El Purre se reencontr\u00f3 con la victoria\",\"datePublished\":\"2023-11-17T04:38:22+00:00\",\"mainEntityOfPage\":{\"@id\":\"https:\\\/\\\/gentedebasquet.com.ar\\\/sitio\\\/2023\\\/11\\\/17\\\/el-purre-se-reencontro-con-la-victoria\\\/\"},\"wordCount\":480,\"commentCount\":0,\"image\":{\"@id\":\"https:\\\/\\\/gentedebasquet.com.ar\\\/sitio\\\/2023\\\/11\\\/17\\\/el-purre-se-reencontro-con-la-victoria\\\/#primaryimage\"},\"thumbnailUrl\":\"https:\\\/\\\/gentedebasquet.com.ar\\\/sitio\\\/wp-content\\\/uploads\\\/2023\\\/11\\\/principal-purre-liniers.jpg\",\"keywords\":[\"Liniers\",\"Mart\u00edn Ayala\",\"Primera\",\"Primera Divisi\u00f3n\",\"Pueyrredon\"],\"articleSection\":{\"0\":\"Primera\",\"2\":\"Slide\"},\"inLanguage\":\"es\",\"potentialAction\":[{\"@type\":\"CommentAction\",\"name\":\"Comment\",\"target\":[\"https:\\\/\\\/gentedebasquet.com.ar\\\/sitio\\\/2023\\\/11\\\/17\\\/el-purre-se-reencontro-con-la-victoria\\\/#respond\"]}]},{\"@type\":\"WebPage\",\"@id\":\"https:\\\/\\\/gentedebasquet.com.ar\\\/sitio\\\/2023\\\/11\\\/17\\\/el-purre-se-reencontro-con-la-victoria\\\/\",\"url\":\"https:\\\/\\\/gentedebasquet.com.ar\\\/sitio\\\/2023\\\/11\\\/17\\\/el-purre-se-reencontro-con-la-victoria\\\/\",\"name\":\"El Purre se reencontr\u00f3 con la victoria - Gente de B\u00e1squet\",\"isPartOf\":{\"@id\":\"https:\\\/\\\/gentedebasquet.com.ar\\\/sitio\\\/#website\"},\"primaryImageOfPage\":{\"@id\":\"https:\\\/\\\/gentedebasquet.com.ar\\\/sitio\\\/2023\\\/11\\\/17\\\/el-purre-se-reencontro-con-la-victoria\\\/#primaryimage\"},\"image\":{\"@id\":\"https:\\\/\\\/gentedebasquet.com.ar\\\/sitio\\\/2023\\\/11\\\/17\\\/el-purre-se-reencontro-con-la-victoria\\\/#primaryimage\"},\"thumbnailUrl\":\"https:\\\/\\\/gentedebasquet.com.ar\\\/sitio\\\/wp-content\\\/uploads\\\/2023\\\/11\\\/principal-purre-liniers.jpg\",\"datePublished\":\"2023-11-17T04:38:22+00:00\",\"author\":{\"@id\":\"https:\\\/\\\/gentedebasquet.com.ar\\\/sitio\\\/#\\\/schema\\\/person\\\/3b50d7c801b9529aba70bd4613bca6da\"},\"breadcrumb\":{\"@id\":\"https:\\\/\\\/gentedebasquet.com.ar\\\/sitio\\\/2023\\\/11\\\/17\\\/el-purre-se-reencontro-con-la-victoria\\\/#breadcrumb\"},\"inLanguage\":\"es\",\"potentialAction\":[{\"@type\":\"ReadAction\",\"target\":[\"https:\\\/\\\/gentedebasquet.com.ar\\\/sitio\\\/2023\\\/11\\\/17\\\/el-purre-se-reencontro-con-la-victoria\\\/\"]}]},{\"@type\":\"ImageObject\",\"inLanguage\":\"es\",\"@id\":\"https:\\\/\\\/gentedebasquet.com.ar\\\/sitio\\\/2023\\\/11\\\/17\\\/el-purre-se-reencontro-con-la-victoria\\\/#primaryimage\",\"url\":\"https:\\\/\\\/gentedebasquet.com.ar\\\/sitio\\\/wp-content\\\/uploads\\\/2023\\\/11\\\/principal-purre-liniers.jpg\",\"contentUrl\":\"https:\\\/\\\/gentedebasquet.com.ar\\\/sitio\\\/wp-content\\\/uploads\\\/2023\\\/11\\\/principal-purre-liniers.jpg\",\"width\":1920,\"height\":1280},{\"@type\":\"BreadcrumbList\",\"@id\":\"https:\\\/\\\/gentedebasquet.com.ar\\\/sitio\\\/2023\\\/11\\\/17\\\/el-purre-se-reencontro-con-la-victoria\\\/#breadcrumb\",\"itemListElement\":[{\"@type\":\"ListItem\",\"position\":1,\"name\":\"Portada\",\"item\":\"https:\\\/\\\/gentedebasquet.com.ar\\\/sitio\\\/\"},{\"@type\":\"ListItem\",\"position\":2,\"name\":\"El Purre se reencontr\u00f3 con la victoria\"}]},{\"@type\":\"WebSite\",\"@id\":\"https:\\\/\\\/gentedebasquet.com.ar\\\/sitio\\\/#website\",\"url\":\"https:\\\/\\\/gentedebasquet.com.ar\\\/sitio\\\/\",\"name\":\"Gente de B\u00e1squet\",\"description\":\"La revista del basquet de Bah\u00eda Blanca\",\"potentialAction\":[{\"@type\":\"SearchAction\",\"target\":{\"@type\":\"EntryPoint\",\"urlTemplate\":\"https:\\\/\\\/gentedebasquet.com.ar\\\/sitio\\\/?s={search_term_string}\"},\"query-input\":{\"@type\":\"PropertyValueSpecification\",\"valueRequired\":true,\"valueName\":\"search_term_string\"}}],\"inLanguage\":\"es\"},{\"@type\":\"Person\",\"@id\":\"https:\\\/\\\/gentedebasquet.com.ar\\\/sitio\\\/#\\\/schema\\\/person\\\/3b50d7c801b9529aba70bd4613bca6da\",\"name\":\"Santiago Seisdedos\",\"image\":{\"@type\":\"ImageObject\",\"inLanguage\":\"es\",\"@id\":\"https:\\\/\\\/secure.gravatar.com\\\/avatar\\\/be737e74404eb3825c4679da7a152b3c6980b470f7253114cd451344e20a8d80?s=96&d=mm&r=g\",\"url\":\"https:\\\/\\\/secure.gravatar.com\\\/avatar\\\/be737e74404eb3825c4679da7a152b3c6980b470f7253114cd451344e20a8d80?s=96&d=mm&r=g\",\"contentUrl\":\"https:\\\/\\\/secure.gravatar.com\\\/avatar\\\/be737e74404eb3825c4679da7a152b3c6980b470f7253114cd451344e20a8d80?s=96&d=mm&r=g\",\"caption\":\"Santiago Seisdedos\"},\"url\":\"https:\\\/\\\/gentedebasquet.com.ar\\\/sitio\\\/author\\\/santiago-sesidedos\\\/\"}]}<\/script>\n<!-- \/ Yoast SEO plugin. -->","yoast_head_json":{"title":"El Purre se reencontr\u00f3 con la victoria - Gente de B\u00e1squet","robots":{"index":"index","follow":"follow","max-snippet":"max-snippet:-1","max-image-preview":"max-image-preview:large","max-video-preview":"max-video-preview:-1"},"canonical":"https:\/\/gentedebasquet.com.ar\/sitio\/2023\/11\/17\/el-purre-se-reencontro-con-la-victoria\/","og_locale":"es_ES","og_type":"article","og_title":"El Purre se reencontr\u00f3 con la victoria - Gente de B\u00e1squet","og_description":"Pueyrred\u00f3n dio el batacazo y volvi\u00f3 a ganar despu\u00e9s de su \u00fanica victoria en el debut, llevaba ocho derrotas consecutivas. Venci\u00f3 a un Liniers que sigue deambulando por la mitad de la tabla y no encuentra el rumbo. Fue una noche especial para el Purre, en la despedida de Rodrigo Gerhardt, que fue uno de [&hellip;]","og_url":"https:\/\/gentedebasquet.com.ar\/sitio\/2023\/11\/17\/el-purre-se-reencontro-con-la-victoria\/","og_site_name":"Gente de B\u00e1squet","article_published_time":"2023-11-17T04:38:22+00:00","og_image":[{"width":1920,"height":1280,"url":"https:\/\/gentedebasquet.com.ar\/sitio\/wp-content\/uploads\/2023\/11\/principal-purre-liniers.jpg","type":"image\/jpeg"}],"author":"Santiago Seisdedos","twitter_card":"summary_large_image","twitter_misc":{"Escrito por":"Santiago Seisdedos","Tiempo de lectura":"4 minutos"},"schema":{"@context":"https:\/\/schema.org","@graph":[{"@type":"Article","@id":"https:\/\/gentedebasquet.com.ar\/sitio\/2023\/11\/17\/el-purre-se-reencontro-con-la-victoria\/#article","isPartOf":{"@id":"https:\/\/gentedebasquet.com.ar\/sitio\/2023\/11\/17\/el-purre-se-reencontro-con-la-victoria\/"},"author":{"name":"Santiago Seisdedos","@id":"https:\/\/gentedebasquet.com.ar\/sitio\/#\/schema\/person\/3b50d7c801b9529aba70bd4613bca6da"},"headline":"El Purre se reencontr\u00f3 con la victoria","datePublished":"2023-11-17T04:38:22+00:00","mainEntityOfPage":{"@id":"https:\/\/gentedebasquet.com.ar\/sitio\/2023\/11\/17\/el-purre-se-reencontro-con-la-victoria\/"},"wordCount":480,"commentCount":0,"image":{"@id":"https:\/\/gentedebasquet.com.ar\/sitio\/2023\/11\/17\/el-purre-se-reencontro-con-la-victoria\/#primaryimage"},"thumbnailUrl":"https:\/\/gentedebasquet.com.ar\/sitio\/wp-content\/uploads\/2023\/11\/principal-purre-liniers.jpg","keywords":["Liniers","Mart\u00edn Ayala","Primera","Primera Divisi\u00f3n","Pueyrredon"],"articleSection":{"0":"Primera","2":"Slide"},"inLanguage":"es","potentialAction":[{"@type":"CommentAction","name":"Comment","target":["https:\/\/gentedebasquet.com.ar\/sitio\/2023\/11\/17\/el-purre-se-reencontro-con-la-victoria\/#respond"]}]},{"@type":"WebPage","@id":"https:\/\/gentedebasquet.com.ar\/sitio\/2023\/11\/17\/el-purre-se-reencontro-con-la-victoria\/","url":"https:\/\/gentedebasquet.com.ar\/sitio\/2023\/11\/17\/el-purre-se-reencontro-con-la-victoria\/","name":"El Purre se reencontr\u00f3 con la victoria - Gente de B\u00e1squet","isPartOf":{"@id":"https:\/\/gentedebasquet.com.ar\/sitio\/#website"},"primaryImageOfPage":{"@id":"https:\/\/gentedebasquet.com.ar\/sitio\/2023\/11\/17\/el-purre-se-reencontro-con-la-victoria\/#primaryimage"},"image":{"@id":"https:\/\/gentedebasquet.com.ar\/sitio\/2023\/11\/17\/el-purre-se-reencontro-con-la-victoria\/#primaryimage"},"thumbnailUrl":"https:\/\/gentedebasquet.com.ar\/sitio\/wp-content\/uploads\/2023\/11\/principal-purre-liniers.jpg","datePublished":"2023-11-17T04:38:22+00:00","author":{"@id":"https:\/\/gentedebasquet.com.ar\/sitio\/#\/schema\/person\/3b50d7c801b9529aba70bd4613bca6da"},"breadcrumb":{"@id":"https:\/\/gentedebasquet.com.ar\/sitio\/2023\/11\/17\/el-purre-se-reencontro-con-la-victoria\/#breadcrumb"},"inLanguage":"es","potentialAction":[{"@type":"ReadAction","target":["https:\/\/gentedebasquet.com.ar\/sitio\/2023\/11\/17\/el-purre-se-reencontro-con-la-victoria\/"]}]},{"@type":"ImageObject","inLanguage":"es","@id":"https:\/\/gentedebasquet.com.ar\/sitio\/2023\/11\/17\/el-purre-se-reencontro-con-la-victoria\/#primaryimage","url":"https:\/\/gentedebasquet.com.ar\/sitio\/wp-content\/uploads\/2023\/11\/principal-purre-liniers.jpg","contentUrl":"https:\/\/gentedebasquet.com.ar\/sitio\/wp-content\/uploads\/2023\/11\/principal-purre-liniers.jpg","width":1920,"height":1280},{"@type":"BreadcrumbList","@id":"https:\/\/gentedebasquet.com.ar\/sitio\/2023\/11\/17\/el-purre-se-reencontro-con-la-victoria\/#breadcrumb","itemListElement":[{"@type":"ListItem","position":1,"name":"Portada","item":"https:\/\/gentedebasquet.com.ar\/sitio\/"},{"@type":"ListItem","position":2,"name":"El Purre se reencontr\u00f3 con la victoria"}]},{"@type":"WebSite","@id":"https:\/\/gentedebasquet.com.ar\/sitio\/#website","url":"https:\/\/gentedebasquet.com.ar\/sitio\/","name":"Gente de B\u00e1squet","description":"La revista del basquet de Bah\u00eda Blanca","potentialAction":[{"@type":"SearchAction","target":{"@type":"EntryPoint","urlTemplate":"https:\/\/gentedebasquet.com.ar\/sitio\/?s={search_term_string}"},"query-input":{"@type":"PropertyValueSpecification","valueRequired":true,"valueName":"search_term_string"}}],"inLanguage":"es"},{"@type":"Person","@id":"https:\/\/gentedebasquet.com.ar\/sitio\/#\/schema\/person\/3b50d7c801b9529aba70bd4613bca6da","name":"Santiago Seisdedos","image":{"@type":"ImageObject","inLanguage":"es","@id":"https:\/\/secure.gravatar.com\/avatar\/be737e74404eb3825c4679da7a152b3c6980b470f7253114cd451344e20a8d80?s=96&d=mm&r=g","url":"https:\/\/secure.gravatar.com\/avatar\/be737e74404eb3825c4679da7a152b3c6980b470f7253114cd451344e20a8d80?s=96&d=mm&r=g","contentUrl":"https:\/\/secure.gravatar.com\/avatar\/be737e74404eb3825c4679da7a152b3c6980b470f7253114cd451344e20a8d80?s=96&d=mm&r=g","caption":"Santiago Seisdedos"},"url":"https:\/\/gentedebasquet.com.ar\/sitio\/author\/santiago-sesidedos\/"}]}},"_links":{"self":[{"href":"https:\/\/gentedebasquet.com.ar\/sitio\/wp-json\/wp\/v2\/posts\/109802","targetHints":{"allow":["GET"]}}],"collection":[{"href":"https:\/\/gentedebasquet.com.ar\/sitio\/wp-json\/wp\/v2\/posts"}],"about":[{"href":"https:\/\/gentedebasquet.com.ar\/sitio\/wp-json\/wp\/v2\/types\/post"}],"author":[{"embeddable":true,"href":"https:\/\/gentedebasquet.com.ar\/sitio\/wp-json\/wp\/v2\/users\/71"}],"replies":[{"embeddable":true,"href":"https:\/\/gentedebasquet.com.ar\/sitio\/wp-json\/wp\/v2\/comments?post=109802"}],"version-history":[{"count":3,"href":"https:\/\/gentedebasquet.com.ar\/sitio\/wp-json\/wp\/v2\/posts\/109802\/revisions"}],"predecessor-version":[{"id":109829,"href":"https:\/\/gentedebasquet.com.ar\/sitio\/wp-json\/wp\/v2\/posts\/109802\/revisions\/109829"}],"wp:featuredmedia":[{"embeddable":true,"href":"https:\/\/gentedebasquet.com.ar\/sitio\/wp-json\/wp\/v2\/media\/109828"}],"wp:attachment":[{"href":"https:\/\/gentedebasquet.com.ar\/sitio\/wp-json\/wp\/v2\/media?parent=109802"}],"wp:term":[{"taxonomy":"category","embeddable":true,"href":"https:\/\/gentedebasquet.com.ar\/sitio\/wp-json\/wp\/v2\/categories?post=109802"},{"taxonomy":"post_tag","embeddable":true,"href":"https:\/\/gentedebasquet.com.ar\/sitio\/wp-json\/wp\/v2\/tags?post=109802"}],"curies":[{"name":"wp","href":"https:\/\/api.w.org\/{rel}","templated":true}]}}