{"id":109934,"date":"2023-11-24T05:27:57","date_gmt":"2023-11-24T04:27:57","guid":{"rendered":"https:\/\/gentedebasquet.com.ar\/sitio\/?p=109934"},"modified":"2023-11-24T05:29:23","modified_gmt":"2023-11-24T04:29:23","slug":"el-purre-resurge-de-las-cenizas","status":"publish","type":"post","link":"https:\/\/gentedebasquet.com.ar\/sitio\/2023\/11\/24\/el-purre-resurge-de-las-cenizas\/","title":{"rendered":"El Purre resurge de las cenizas"},"content":{"rendered":"<p><strong>Pueyrred\u00f3n consigui\u00f3 su segunda victoria al hilo con mucho amor propio, al derrotar a Estudiantes, por 60 a 69, obteniendo as\u00ed tambi\u00e9n su primer \u00e9xito como visitante. Ahora, no est\u00e1 m\u00e1s solo en el fondo de la tabla. Lo acompa\u00f1an 9 de Julio, San Lorenzo y el albo.<\/strong><\/p>\n<p>El Purre se va amigando con las alegr\u00edas y en consecuencia, con su nivel. En la noche del jueves hizo un gran trabajo defensivo, m\u00e1s que nada en el segundo segmento, tras diez minutos iniciales de paridad (19-16). Solo le permiti\u00f3 anotar al local cinco unidades. Por su parte, en ofensiva Ayala le dio garant\u00edas e Icasto entr\u00f3 de buena manera desde el banco.<\/p>\n<p>24-33 se fueron al descanso. Aunque el esfuerzo defensivo que logr\u00f3 el visitante, se vio desdibujado en el tercer periodo. All\u00ed, Estudiantes domin\u00f3 y se lo vio m\u00e1s entero f\u00edsicamente. Aprovech\u00f3 varias situaciones de doble y falta y adem\u00e1s, G\u00f3mez Lepez calent\u00f3 la mano. R\u00e1pidamente se puso en partido: 50-52.<\/p>\n<p>La paridad continu\u00f3 durante todo el \u00faltimo periodo y aparejado a eso, el bajo goleo y la fricci\u00f3n. Ambos se cargaron de faltas y todo se hizo m\u00e1s tenso y largo. Pero la emoci\u00f3n y el nerviosismo se sinti\u00f3, tanto adentro como afuera de la cancha.<\/p>\n<p>Llegaron 59-63, al \u00faltimo minuto. Hasta que una gran ofensiva del Purre, con un criterioso movimiento de bal\u00f3n, se coron\u00f3 con un bombazo de Santi Candia, que hizo estallar y desatar la locura del p\u00fablico auriazul (59-66).<\/p>\n<p><img decoding=\"async\" src=\"http:\/\/gentedebasquet.com.ar\/sitio\/wp-content\/uploads\/2023\/09\/Gif-Publicidades-1-6.gif\" \/><\/p>\n<div class=\"jeg_video_container jeg_video_content\"><iframe loading=\"lazy\" title=\"#Primera - Fecha #11: Estudiantes 60-69 Pueyrred\u00f3n\" width=\"500\" height=\"281\" src=\"https:\/\/www.youtube.com\/embed\/z4Ag_yNkeg0?feature=oembed\" frameborder=\"0\" allow=\"accelerometer; autoplay; clipboard-write; encrypted-media; gyroscope; picture-in-picture; web-share\" referrerpolicy=\"strict-origin-when-cross-origin\" allowfullscreen><\/iframe><\/div>\n<p>&nbsp;<\/p>\n<p><img decoding=\"async\" class=\"alignnone size-medium wp-image-109946\" src=\"http:\/\/gentedebasquet.com.ar\/sitio\/wp-content\/uploads\/2023\/11\/CLAVE-5-300x300.jpg\" alt=\"\" width=\"300\" height=\"300\" srcset=\"https:\/\/gentedebasquet.com.ar\/sitio\/wp-content\/uploads\/2023\/11\/CLAVE-5-300x300.jpg 300w, https:\/\/gentedebasquet.com.ar\/sitio\/wp-content\/uploads\/2023\/11\/CLAVE-5-1024x1024.jpg 1024w, https:\/\/gentedebasquet.com.ar\/sitio\/wp-content\/uploads\/2023\/11\/CLAVE-5-150x150.jpg 150w, https:\/\/gentedebasquet.com.ar\/sitio\/wp-content\/uploads\/2023\/11\/CLAVE-5-768x768.jpg 768w, https:\/\/gentedebasquet.com.ar\/sitio\/wp-content\/uploads\/2023\/11\/CLAVE-5-1536x1536.jpg 1536w, https:\/\/gentedebasquet.com.ar\/sitio\/wp-content\/uploads\/2023\/11\/CLAVE-5-75x75.jpg 75w, https:\/\/gentedebasquet.com.ar\/sitio\/wp-content\/uploads\/2023\/11\/CLAVE-5-350x350.jpg 350w, https:\/\/gentedebasquet.com.ar\/sitio\/wp-content\/uploads\/2023\/11\/CLAVE-5-750x750.jpg 750w, https:\/\/gentedebasquet.com.ar\/sitio\/wp-content\/uploads\/2023\/11\/CLAVE-5-1140x1140.jpg 1140w, https:\/\/gentedebasquet.com.ar\/sitio\/wp-content\/uploads\/2023\/11\/CLAVE-5.jpg 2000w\" sizes=\"(max-width: 300px) 100vw, 300px\" \/><\/p>\n<p><img decoding=\"async\" src=\"http:\/\/gentedebasquet.com.ar\/sitio\/wp-content\/uploads\/2023\/09\/Gif-Publicidades-2-3.gif\" \/><\/p>\n<p><img decoding=\"async\" class=\"alignnone size-medium wp-image-109947\" src=\"http:\/\/gentedebasquet.com.ar\/sitio\/wp-content\/uploads\/2023\/11\/Ayala-300x200.jpg\" alt=\"\" width=\"300\" height=\"200\" srcset=\"https:\/\/gentedebasquet.com.ar\/sitio\/wp-content\/uploads\/2023\/11\/Ayala-300x200.jpg 300w, https:\/\/gentedebasquet.com.ar\/sitio\/wp-content\/uploads\/2023\/11\/Ayala.jpg 600w\" sizes=\"(max-width: 300px) 100vw, 300px\" \/><\/p>\n<blockquote><p><em>\u00a8Estamos trabajando hace rato, el \u00fanico equipo que nos pas\u00f3 por arriba fue Villa Mitre, en los otros partidos fuimos palo a palo, quiz\u00e1s pecamos de que somos un plantel de muchos j\u00f3venes. El torneo es muy dif\u00edcil. De a poco, estamos encontrando el ritmo din\u00e1mico que nos pide Gustavo. Supimos defender duro, fue un partido de goleo bajo\u00a8<strong> Mart\u00edn Ayala, jugador de Pueyrred\u00f3n<\/strong><\/em><\/p><\/blockquote>\n<p><img decoding=\"async\" class=\"alignnone size-medium wp-image-109950\" src=\"http:\/\/gentedebasquet.com.ar\/sitio\/wp-content\/uploads\/2023\/11\/MVP-5-300x300.jpg\" alt=\"\" width=\"300\" height=\"300\" srcset=\"https:\/\/gentedebasquet.com.ar\/sitio\/wp-content\/uploads\/2023\/11\/MVP-5-300x300.jpg 300w, https:\/\/gentedebasquet.com.ar\/sitio\/wp-content\/uploads\/2023\/11\/MVP-5-1024x1024.jpg 1024w, https:\/\/gentedebasquet.com.ar\/sitio\/wp-content\/uploads\/2023\/11\/MVP-5-150x150.jpg 150w, https:\/\/gentedebasquet.com.ar\/sitio\/wp-content\/uploads\/2023\/11\/MVP-5-768x768.jpg 768w, https:\/\/gentedebasquet.com.ar\/sitio\/wp-content\/uploads\/2023\/11\/MVP-5-1536x1536.jpg 1536w, https:\/\/gentedebasquet.com.ar\/sitio\/wp-content\/uploads\/2023\/11\/MVP-5-75x75.jpg 75w, https:\/\/gentedebasquet.com.ar\/sitio\/wp-content\/uploads\/2023\/11\/MVP-5-350x350.jpg 350w, https:\/\/gentedebasquet.com.ar\/sitio\/wp-content\/uploads\/2023\/11\/MVP-5-750x750.jpg 750w, https:\/\/gentedebasquet.com.ar\/sitio\/wp-content\/uploads\/2023\/11\/MVP-5-1140x1140.jpg 1140w, https:\/\/gentedebasquet.com.ar\/sitio\/wp-content\/uploads\/2023\/11\/MVP-5.jpg 2000w\" sizes=\"(max-width: 300px) 100vw, 300px\" \/><\/p>\n<p><img decoding=\"async\" class=\"alignnone size-full wp-image-109953\" src=\"http:\/\/gentedebasquet.com.ar\/sitio\/wp-content\/uploads\/2023\/11\/Gif-Publicidades-3-3.gif\" alt=\"\" width=\"300\" height=\"250\" \/><\/p>\n<p><strong>S\u00edntesis<\/strong> &#8211; Primera &#8211; Fecha #11<\/p>\n<p><strong>Estudiantes 60:\u00a0<\/strong>Mat\u00edas Couselo 3, Iv\u00e1n G\u00f3mez Lepez 12, Agust\u00edn Salas 14, Jos\u00e9 Belleggia 4, Jos\u00e9 Luis Mart\u00ednez 7 (FI); Jer\u00f3nimo Mitoire 13, Mariano Castets 0, Agust\u00edn Amore 7 y Juli\u00e1n Rodr\u00edguez 0. DT: Ariel Ugolini.<\/p>\n<p><strong>Pueyrred\u00f3n 69:\u00a0<\/strong>Santiago Candia 13, Pedro P\u00e9rez Pav\u00f3n 4, Luciano Vecchi 3, David Pineda 17, Mart\u00edn Ayala 15 (FI); Agust\u00edn Icasto 9, Gregorio Gerhardt 5 y Juan Scatolini 3. DT: Gustavo Candia.<\/p>\n<p><strong>Parciales:<\/strong> 19-16, 24-33 (5-17), 50-52 (26-19) y 60-69 (10-17).<\/p>\n<p><strong>\u00c1rbitros:<\/strong> Sebasti\u00e1n Arcas, Alejandro Vizcaino y Camila Robles.<\/p>\n<p><strong>Estadio:<\/strong> Osvaldo Casanova (Estudiantes).<\/p>\n<p><img decoding=\"async\" class=\"alignnone size-full wp-image-109954\" src=\"http:\/\/gentedebasquet.com.ar\/sitio\/wp-content\/uploads\/2023\/11\/Gif-Publicidades-4-1-3.gif\" alt=\"\" width=\"300\" height=\"250\" \/><\/p>\n<p><img decoding=\"async\" class=\"alignnone size-medium wp-image-109956\" src=\"http:\/\/gentedebasquet.com.ar\/sitio\/wp-content\/uploads\/2023\/11\/desarrollo-va-1-300x200.jpg\" alt=\"\" width=\"300\" height=\"200\" srcset=\"https:\/\/gentedebasquet.com.ar\/sitio\/wp-content\/uploads\/2023\/11\/desarrollo-va-1-300x200.jpg 300w, https:\/\/gentedebasquet.com.ar\/sitio\/wp-content\/uploads\/2023\/11\/desarrollo-va-1.jpg 600w\" sizes=\"(max-width: 300px) 100vw, 300px\" \/><\/p>\n","protected":false},"excerpt":{"rendered":"<p>Pueyrred\u00f3n consigui\u00f3 su segunda victoria al hilo con mucho amor propio, al derrotar a Estudiantes, por 60 a 69, obteniendo as\u00ed tambi\u00e9n su primer \u00e9xito como visitante. Ahora, no est\u00e1 m\u00e1s solo en el fondo de la tabla. Lo acompa\u00f1an 9 de Julio, San Lorenzo y el albo. El Purre se va amigando con las [&hellip;]<\/p>\n","protected":false},"author":44,"featured_media":109957,"comment_status":"open","ping_status":"open","sticky":false,"template":"","format":"standard","meta":{"jnews-multi-image_gallery":[],"jnews_single_post":{"source_name":"","source_url":"","via_name":"","via_url":"","override_template":"0","override":[{"template":"1","single_blog_custom":"","parallax":"1","fullscreen":"1","layout":"right-sidebar","sidebar":"default-sidebar","second_sidebar":"default-sidebar","sticky_sidebar":"1","share_position":"top","share_float_style":"share-monocrhome","show_share_counter":"0","show_view_counter":"0","show_featured":"1","show_post_meta":"1","show_post_author":"1","show_post_author_image":"1","show_post_date":"1","post_date_format":"default","post_date_format_custom":"Y\/m\/d","show_post_category":"1","show_post_reading_time":"0","post_reading_time_wpm":"300","show_zoom_button":"0","zoom_button_out_step":"2","zoom_button_in_step":"3","show_post_tag":"1","show_prev_next_post":"1","show_popup_post":"1","number_popup_post":"1","show_author_box":"0","show_post_related":"0","show_inline_post_related":"0"}],"override_image_size":"0","image_override":[{"single_post_thumbnail_size":"crop-500","single_post_gallery_size":"crop-500"}],"trending_post":"0","trending_post_position":"meta","trending_post_label":"Trending","sponsored_post":"0","sponsored_post_label":"Sponsored by","sponsored_post_name":"","sponsored_post_url":"","sponsored_post_logo_enable":"0","sponsored_post_logo":"","sponsored_post_desc":"","disable_ad":"0"},"jnews_primary_category":{"id":"","hide":""},"footnotes":""},"categories":[23,101],"tags":[228,11,899,1264,18],"class_list":["post-109934","post","type-post","status-publish","format-standard","has-post-thumbnail","hentry","category-primera","category-slide","tag-david-pineda","tag-estudiantes","tag-ivan-gomez-lepez","tag-martin-ayala","tag-pueyrredon"],"yoast_head":"<!-- This site is optimized with the Yoast SEO plugin v27.5 - https:\/\/yoast.com\/product\/yoast-seo-wordpress\/ -->\n<title>El Purre resurge de las cenizas - Gente de B\u00e1squet<\/title>\n<meta name=\"robots\" content=\"index, follow, max-snippet:-1, max-image-preview:large, max-video-preview:-1\" \/>\n<link rel=\"canonical\" href=\"https:\/\/gentedebasquet.com.ar\/sitio\/2023\/11\/24\/el-purre-resurge-de-las-cenizas\/\" \/>\n<meta property=\"og:locale\" content=\"es_ES\" \/>\n<meta property=\"og:type\" content=\"article\" \/>\n<meta property=\"og:title\" content=\"El Purre resurge de las cenizas - Gente de B\u00e1squet\" \/>\n<meta property=\"og:description\" content=\"Pueyrred\u00f3n consigui\u00f3 su segunda victoria al hilo con mucho amor propio, al derrotar a Estudiantes, por 60 a 69, obteniendo as\u00ed tambi\u00e9n su primer \u00e9xito como visitante. Ahora, no est\u00e1 m\u00e1s solo en el fondo de la tabla. Lo acompa\u00f1an 9 de Julio, San Lorenzo y el albo. El Purre se va amigando con las [&hellip;]\" \/>\n<meta property=\"og:url\" content=\"https:\/\/gentedebasquet.com.ar\/sitio\/2023\/11\/24\/el-purre-resurge-de-las-cenizas\/\" \/>\n<meta property=\"og:site_name\" content=\"Gente de B\u00e1squet\" \/>\n<meta property=\"article:published_time\" content=\"2023-11-24T04:27:57+00:00\" \/>\n<meta property=\"article:modified_time\" content=\"2023-11-24T04:29:23+00:00\" \/>\n<meta property=\"og:image\" content=\"https:\/\/gentedebasquet.com.ar\/sitio\/wp-content\/uploads\/2023\/11\/destacada-4.jpg\" \/>\n\t<meta property=\"og:image:width\" content=\"690\" \/>\n\t<meta property=\"og:image:height\" content=\"319\" \/>\n\t<meta property=\"og:image:type\" content=\"image\/jpeg\" \/>\n<meta name=\"author\" content=\"Santiago Guerrero\" \/>\n<meta name=\"twitter:card\" content=\"summary_large_image\" \/>\n<meta name=\"twitter:label1\" content=\"Escrito por\" \/>\n\t<meta name=\"twitter:data1\" content=\"Santiago Guerrero\" \/>\n\t<meta name=\"twitter:label2\" content=\"Tiempo de lectura\" \/>\n\t<meta name=\"twitter:data2\" content=\"4 minutos\" \/>\n<script type=\"application\/ld+json\" class=\"yoast-schema-graph\">{\"@context\":\"https:\\\/\\\/schema.org\",\"@graph\":[{\"@type\":\"Article\",\"@id\":\"https:\\\/\\\/gentedebasquet.com.ar\\\/sitio\\\/2023\\\/11\\\/24\\\/el-purre-resurge-de-las-cenizas\\\/#article\",\"isPartOf\":{\"@id\":\"https:\\\/\\\/gentedebasquet.com.ar\\\/sitio\\\/2023\\\/11\\\/24\\\/el-purre-resurge-de-las-cenizas\\\/\"},\"author\":{\"name\":\"Santiago Guerrero\",\"@id\":\"https:\\\/\\\/gentedebasquet.com.ar\\\/sitio\\\/#\\\/schema\\\/person\\\/d904c67a20106b85a87a1e7d9ed4af04\"},\"headline\":\"El Purre resurge de las cenizas\",\"datePublished\":\"2023-11-24T04:27:57+00:00\",\"dateModified\":\"2023-11-24T04:29:23+00:00\",\"mainEntityOfPage\":{\"@id\":\"https:\\\/\\\/gentedebasquet.com.ar\\\/sitio\\\/2023\\\/11\\\/24\\\/el-purre-resurge-de-las-cenizas\\\/\"},\"wordCount\":440,\"commentCount\":0,\"image\":{\"@id\":\"https:\\\/\\\/gentedebasquet.com.ar\\\/sitio\\\/2023\\\/11\\\/24\\\/el-purre-resurge-de-las-cenizas\\\/#primaryimage\"},\"thumbnailUrl\":\"https:\\\/\\\/gentedebasquet.com.ar\\\/sitio\\\/wp-content\\\/uploads\\\/2023\\\/11\\\/destacada-4.jpg\",\"keywords\":[\"David Pineda\",\"Estudiantes\",\"Ivan Gomez Lepez\",\"Mart\u00edn Ayala\",\"Pueyrredon\"],\"articleSection\":[\"Primera\",\"Slide\"],\"inLanguage\":\"es\",\"potentialAction\":[{\"@type\":\"CommentAction\",\"name\":\"Comment\",\"target\":[\"https:\\\/\\\/gentedebasquet.com.ar\\\/sitio\\\/2023\\\/11\\\/24\\\/el-purre-resurge-de-las-cenizas\\\/#respond\"]}]},{\"@type\":\"WebPage\",\"@id\":\"https:\\\/\\\/gentedebasquet.com.ar\\\/sitio\\\/2023\\\/11\\\/24\\\/el-purre-resurge-de-las-cenizas\\\/\",\"url\":\"https:\\\/\\\/gentedebasquet.com.ar\\\/sitio\\\/2023\\\/11\\\/24\\\/el-purre-resurge-de-las-cenizas\\\/\",\"name\":\"El Purre resurge de las cenizas - Gente de B\u00e1squet\",\"isPartOf\":{\"@id\":\"https:\\\/\\\/gentedebasquet.com.ar\\\/sitio\\\/#website\"},\"primaryImageOfPage\":{\"@id\":\"https:\\\/\\\/gentedebasquet.com.ar\\\/sitio\\\/2023\\\/11\\\/24\\\/el-purre-resurge-de-las-cenizas\\\/#primaryimage\"},\"image\":{\"@id\":\"https:\\\/\\\/gentedebasquet.com.ar\\\/sitio\\\/2023\\\/11\\\/24\\\/el-purre-resurge-de-las-cenizas\\\/#primaryimage\"},\"thumbnailUrl\":\"https:\\\/\\\/gentedebasquet.com.ar\\\/sitio\\\/wp-content\\\/uploads\\\/2023\\\/11\\\/destacada-4.jpg\",\"datePublished\":\"2023-11-24T04:27:57+00:00\",\"dateModified\":\"2023-11-24T04:29:23+00:00\",\"author\":{\"@id\":\"https:\\\/\\\/gentedebasquet.com.ar\\\/sitio\\\/#\\\/schema\\\/person\\\/d904c67a20106b85a87a1e7d9ed4af04\"},\"breadcrumb\":{\"@id\":\"https:\\\/\\\/gentedebasquet.com.ar\\\/sitio\\\/2023\\\/11\\\/24\\\/el-purre-resurge-de-las-cenizas\\\/#breadcrumb\"},\"inLanguage\":\"es\",\"potentialAction\":[{\"@type\":\"ReadAction\",\"target\":[\"https:\\\/\\\/gentedebasquet.com.ar\\\/sitio\\\/2023\\\/11\\\/24\\\/el-purre-resurge-de-las-cenizas\\\/\"]}]},{\"@type\":\"ImageObject\",\"inLanguage\":\"es\",\"@id\":\"https:\\\/\\\/gentedebasquet.com.ar\\\/sitio\\\/2023\\\/11\\\/24\\\/el-purre-resurge-de-las-cenizas\\\/#primaryimage\",\"url\":\"https:\\\/\\\/gentedebasquet.com.ar\\\/sitio\\\/wp-content\\\/uploads\\\/2023\\\/11\\\/destacada-4.jpg\",\"contentUrl\":\"https:\\\/\\\/gentedebasquet.com.ar\\\/sitio\\\/wp-content\\\/uploads\\\/2023\\\/11\\\/destacada-4.jpg\",\"width\":690,\"height\":319},{\"@type\":\"BreadcrumbList\",\"@id\":\"https:\\\/\\\/gentedebasquet.com.ar\\\/sitio\\\/2023\\\/11\\\/24\\\/el-purre-resurge-de-las-cenizas\\\/#breadcrumb\",\"itemListElement\":[{\"@type\":\"ListItem\",\"position\":1,\"name\":\"Portada\",\"item\":\"https:\\\/\\\/gentedebasquet.com.ar\\\/sitio\\\/\"},{\"@type\":\"ListItem\",\"position\":2,\"name\":\"El Purre resurge de las cenizas\"}]},{\"@type\":\"WebSite\",\"@id\":\"https:\\\/\\\/gentedebasquet.com.ar\\\/sitio\\\/#website\",\"url\":\"https:\\\/\\\/gentedebasquet.com.ar\\\/sitio\\\/\",\"name\":\"Gente de B\u00e1squet\",\"description\":\"La revista del basquet de Bah\u00eda Blanca\",\"potentialAction\":[{\"@type\":\"SearchAction\",\"target\":{\"@type\":\"EntryPoint\",\"urlTemplate\":\"https:\\\/\\\/gentedebasquet.com.ar\\\/sitio\\\/?s={search_term_string}\"},\"query-input\":{\"@type\":\"PropertyValueSpecification\",\"valueRequired\":true,\"valueName\":\"search_term_string\"}}],\"inLanguage\":\"es\"},{\"@type\":\"Person\",\"@id\":\"https:\\\/\\\/gentedebasquet.com.ar\\\/sitio\\\/#\\\/schema\\\/person\\\/d904c67a20106b85a87a1e7d9ed4af04\",\"name\":\"Santiago Guerrero\",\"image\":{\"@type\":\"ImageObject\",\"inLanguage\":\"es\",\"@id\":\"https:\\\/\\\/secure.gravatar.com\\\/avatar\\\/9749e94c265693326e6778de232cd359016d3c0dabce9d7260c9e96e592bc3a3?s=96&d=mm&r=g\",\"url\":\"https:\\\/\\\/secure.gravatar.com\\\/avatar\\\/9749e94c265693326e6778de232cd359016d3c0dabce9d7260c9e96e592bc3a3?s=96&d=mm&r=g\",\"contentUrl\":\"https:\\\/\\\/secure.gravatar.com\\\/avatar\\\/9749e94c265693326e6778de232cd359016d3c0dabce9d7260c9e96e592bc3a3?s=96&d=mm&r=g\",\"caption\":\"Santiago Guerrero\"},\"url\":\"https:\\\/\\\/gentedebasquet.com.ar\\\/sitio\\\/author\\\/santiago-guerrero\\\/\"}]}<\/script>\n<!-- \/ Yoast SEO plugin. -->","yoast_head_json":{"title":"El Purre resurge de las cenizas - Gente de B\u00e1squet","robots":{"index":"index","follow":"follow","max-snippet":"max-snippet:-1","max-image-preview":"max-image-preview:large","max-video-preview":"max-video-preview:-1"},"canonical":"https:\/\/gentedebasquet.com.ar\/sitio\/2023\/11\/24\/el-purre-resurge-de-las-cenizas\/","og_locale":"es_ES","og_type":"article","og_title":"El Purre resurge de las cenizas - Gente de B\u00e1squet","og_description":"Pueyrred\u00f3n consigui\u00f3 su segunda victoria al hilo con mucho amor propio, al derrotar a Estudiantes, por 60 a 69, obteniendo as\u00ed tambi\u00e9n su primer \u00e9xito como visitante. Ahora, no est\u00e1 m\u00e1s solo en el fondo de la tabla. Lo acompa\u00f1an 9 de Julio, San Lorenzo y el albo. El Purre se va amigando con las [&hellip;]","og_url":"https:\/\/gentedebasquet.com.ar\/sitio\/2023\/11\/24\/el-purre-resurge-de-las-cenizas\/","og_site_name":"Gente de B\u00e1squet","article_published_time":"2023-11-24T04:27:57+00:00","article_modified_time":"2023-11-24T04:29:23+00:00","og_image":[{"width":690,"height":319,"url":"https:\/\/gentedebasquet.com.ar\/sitio\/wp-content\/uploads\/2023\/11\/destacada-4.jpg","type":"image\/jpeg"}],"author":"Santiago Guerrero","twitter_card":"summary_large_image","twitter_misc":{"Escrito por":"Santiago Guerrero","Tiempo de lectura":"4 minutos"},"schema":{"@context":"https:\/\/schema.org","@graph":[{"@type":"Article","@id":"https:\/\/gentedebasquet.com.ar\/sitio\/2023\/11\/24\/el-purre-resurge-de-las-cenizas\/#article","isPartOf":{"@id":"https:\/\/gentedebasquet.com.ar\/sitio\/2023\/11\/24\/el-purre-resurge-de-las-cenizas\/"},"author":{"name":"Santiago Guerrero","@id":"https:\/\/gentedebasquet.com.ar\/sitio\/#\/schema\/person\/d904c67a20106b85a87a1e7d9ed4af04"},"headline":"El Purre resurge de las cenizas","datePublished":"2023-11-24T04:27:57+00:00","dateModified":"2023-11-24T04:29:23+00:00","mainEntityOfPage":{"@id":"https:\/\/gentedebasquet.com.ar\/sitio\/2023\/11\/24\/el-purre-resurge-de-las-cenizas\/"},"wordCount":440,"commentCount":0,"image":{"@id":"https:\/\/gentedebasquet.com.ar\/sitio\/2023\/11\/24\/el-purre-resurge-de-las-cenizas\/#primaryimage"},"thumbnailUrl":"https:\/\/gentedebasquet.com.ar\/sitio\/wp-content\/uploads\/2023\/11\/destacada-4.jpg","keywords":["David Pineda","Estudiantes","Ivan Gomez Lepez","Mart\u00edn Ayala","Pueyrredon"],"articleSection":["Primera","Slide"],"inLanguage":"es","potentialAction":[{"@type":"CommentAction","name":"Comment","target":["https:\/\/gentedebasquet.com.ar\/sitio\/2023\/11\/24\/el-purre-resurge-de-las-cenizas\/#respond"]}]},{"@type":"WebPage","@id":"https:\/\/gentedebasquet.com.ar\/sitio\/2023\/11\/24\/el-purre-resurge-de-las-cenizas\/","url":"https:\/\/gentedebasquet.com.ar\/sitio\/2023\/11\/24\/el-purre-resurge-de-las-cenizas\/","name":"El Purre resurge de las cenizas - Gente de B\u00e1squet","isPartOf":{"@id":"https:\/\/gentedebasquet.com.ar\/sitio\/#website"},"primaryImageOfPage":{"@id":"https:\/\/gentedebasquet.com.ar\/sitio\/2023\/11\/24\/el-purre-resurge-de-las-cenizas\/#primaryimage"},"image":{"@id":"https:\/\/gentedebasquet.com.ar\/sitio\/2023\/11\/24\/el-purre-resurge-de-las-cenizas\/#primaryimage"},"thumbnailUrl":"https:\/\/gentedebasquet.com.ar\/sitio\/wp-content\/uploads\/2023\/11\/destacada-4.jpg","datePublished":"2023-11-24T04:27:57+00:00","dateModified":"2023-11-24T04:29:23+00:00","author":{"@id":"https:\/\/gentedebasquet.com.ar\/sitio\/#\/schema\/person\/d904c67a20106b85a87a1e7d9ed4af04"},"breadcrumb":{"@id":"https:\/\/gentedebasquet.com.ar\/sitio\/2023\/11\/24\/el-purre-resurge-de-las-cenizas\/#breadcrumb"},"inLanguage":"es","potentialAction":[{"@type":"ReadAction","target":["https:\/\/gentedebasquet.com.ar\/sitio\/2023\/11\/24\/el-purre-resurge-de-las-cenizas\/"]}]},{"@type":"ImageObject","inLanguage":"es","@id":"https:\/\/gentedebasquet.com.ar\/sitio\/2023\/11\/24\/el-purre-resurge-de-las-cenizas\/#primaryimage","url":"https:\/\/gentedebasquet.com.ar\/sitio\/wp-content\/uploads\/2023\/11\/destacada-4.jpg","contentUrl":"https:\/\/gentedebasquet.com.ar\/sitio\/wp-content\/uploads\/2023\/11\/destacada-4.jpg","width":690,"height":319},{"@type":"BreadcrumbList","@id":"https:\/\/gentedebasquet.com.ar\/sitio\/2023\/11\/24\/el-purre-resurge-de-las-cenizas\/#breadcrumb","itemListElement":[{"@type":"ListItem","position":1,"name":"Portada","item":"https:\/\/gentedebasquet.com.ar\/sitio\/"},{"@type":"ListItem","position":2,"name":"El Purre resurge de las cenizas"}]},{"@type":"WebSite","@id":"https:\/\/gentedebasquet.com.ar\/sitio\/#website","url":"https:\/\/gentedebasquet.com.ar\/sitio\/","name":"Gente de B\u00e1squet","description":"La revista del basquet de Bah\u00eda Blanca","potentialAction":[{"@type":"SearchAction","target":{"@type":"EntryPoint","urlTemplate":"https:\/\/gentedebasquet.com.ar\/sitio\/?s={search_term_string}"},"query-input":{"@type":"PropertyValueSpecification","valueRequired":true,"valueName":"search_term_string"}}],"inLanguage":"es"},{"@type":"Person","@id":"https:\/\/gentedebasquet.com.ar\/sitio\/#\/schema\/person\/d904c67a20106b85a87a1e7d9ed4af04","name":"Santiago Guerrero","image":{"@type":"ImageObject","inLanguage":"es","@id":"https:\/\/secure.gravatar.com\/avatar\/9749e94c265693326e6778de232cd359016d3c0dabce9d7260c9e96e592bc3a3?s=96&d=mm&r=g","url":"https:\/\/secure.gravatar.com\/avatar\/9749e94c265693326e6778de232cd359016d3c0dabce9d7260c9e96e592bc3a3?s=96&d=mm&r=g","contentUrl":"https:\/\/secure.gravatar.com\/avatar\/9749e94c265693326e6778de232cd359016d3c0dabce9d7260c9e96e592bc3a3?s=96&d=mm&r=g","caption":"Santiago Guerrero"},"url":"https:\/\/gentedebasquet.com.ar\/sitio\/author\/santiago-guerrero\/"}]}},"_links":{"self":[{"href":"https:\/\/gentedebasquet.com.ar\/sitio\/wp-json\/wp\/v2\/posts\/109934","targetHints":{"allow":["GET"]}}],"collection":[{"href":"https:\/\/gentedebasquet.com.ar\/sitio\/wp-json\/wp\/v2\/posts"}],"about":[{"href":"https:\/\/gentedebasquet.com.ar\/sitio\/wp-json\/wp\/v2\/types\/post"}],"author":[{"embeddable":true,"href":"https:\/\/gentedebasquet.com.ar\/sitio\/wp-json\/wp\/v2\/users\/44"}],"replies":[{"embeddable":true,"href":"https:\/\/gentedebasquet.com.ar\/sitio\/wp-json\/wp\/v2\/comments?post=109934"}],"version-history":[{"count":2,"href":"https:\/\/gentedebasquet.com.ar\/sitio\/wp-json\/wp\/v2\/posts\/109934\/revisions"}],"predecessor-version":[{"id":109959,"href":"https:\/\/gentedebasquet.com.ar\/sitio\/wp-json\/wp\/v2\/posts\/109934\/revisions\/109959"}],"wp:featuredmedia":[{"embeddable":true,"href":"https:\/\/gentedebasquet.com.ar\/sitio\/wp-json\/wp\/v2\/media\/109957"}],"wp:attachment":[{"href":"https:\/\/gentedebasquet.com.ar\/sitio\/wp-json\/wp\/v2\/media?parent=109934"}],"wp:term":[{"taxonomy":"category","embeddable":true,"href":"https:\/\/gentedebasquet.com.ar\/sitio\/wp-json\/wp\/v2\/categories?post=109934"},{"taxonomy":"post_tag","embeddable":true,"href":"https:\/\/gentedebasquet.com.ar\/sitio\/wp-json\/wp\/v2\/tags?post=109934"}],"curies":[{"name":"wp","href":"https:\/\/api.w.org\/{rel}","templated":true}]}}