{"id":110006,"date":"2023-11-27T05:39:12","date_gmt":"2023-11-27T04:39:12","guid":{"rendered":"https:\/\/gentedebasquet.com.ar\/sitio\/?p=110006"},"modified":"2023-11-27T05:39:12","modified_gmt":"2023-11-27T04:39:12","slug":"el-nacio-fue-mas-eficaz-y-vencio-a-su-escolta","status":"publish","type":"post","link":"https:\/\/gentedebasquet.com.ar\/sitio\/2023\/11\/27\/el-nacio-fue-mas-eficaz-y-vencio-a-su-escolta\/","title":{"rendered":"El Nacio fue m\u00e1s eficaz y venci\u00f3 a su escolta"},"content":{"rendered":"<p>Las celestes, punteras todav\u00eda invictas del campeonato femenino de mayores, visitaron en la noche del domingo 26 a Estudiantes, el equipo que lo sigue de m\u00e1s cerca en la tabla de posiciones. Y le ganaron por una notable diferencia de 13 puntos, 57 a 44. Paloma Vecchi tuvo otra noche para el recuerdo del lado del plantel ganador, termin\u00f3 con 23 puntos y 8 rebotes. En el equipo estudiantil la principal anotadora fue Cinthia M\u00e1rquez, autora de 11 puntos.<\/p>\n<p>El primero fue un cuarto de avances veloces y bajas eficacias ofensivas. El Nacional disfrut\u00f3 de m\u00e1s opciones para terminar cada ataque y domin\u00f3 el marcador. Estudiantes no pudo encontrar su ritmo y se mostr\u00f3 inc\u00f3modo frente a las defensas.<\/p>\n<p>En el siguiente cap\u00edtulo el albo logr\u00f3 achicar la diferencia gracias a un par de bombas metidas en pocos segundos. El Nacional sufri\u00f3 un momento de desconcentraci\u00f3n y permiti\u00f3 que su rival se acerque con mucho peligro (20-19 ganaba a los tres minutos). Pero, como en otros momentos de la jornada, el plantel orientado por Scarpaci supo como resurgir y abrir la brecha otra vez.<\/p>\n<p>El visitante pudo mantener su dominio en el tercer cuarto jugando con paciencia y tomando buenas decisiones en el final de cada jugada. Del costado de Estudiantes hab\u00eda preocupaci\u00f3n porque algunas de las habituales jugadoras destacadas no aportaron lo que pod\u00edan haber aportado.<\/p>\n<p>La rotaci\u00f3n de el conjunto visitante funci\u00f3no sin fisuras, La jugadora que no pudo aportar en ataque aport\u00f3 bajando rebotes o bloqueando avances rivales. De esta forma el celeste pudo festejar su s\u00e9ptimo triunfo en igual cantidad de presentaciones y se afirm\u00f3 un poco m\u00e1s en la cima de la categor\u00eda.<\/p>\n<p><strong>\u00a0<\/strong><\/p>\n<p><img decoding=\"async\" class=\"alignnone size-full wp-image-108712\" src=\"http:\/\/gentedebasquet.com.ar\/sitio\/wp-content\/uploads\/2023\/09\/Gif-Publicidades-1-1.gif\" alt=\"\" width=\"300\" height=\"250\" \/><\/p>\n<div class=\"jeg_video_container jeg_video_content\">\n<div class=\"jeg_video_container jeg_video_content\"><iframe loading=\"lazy\" title=\"#PrimeraFemenina - Fecha #7: Estudiantes 44 - 57 El Nacional\" width=\"500\" height=\"281\" src=\"https:\/\/www.youtube.com\/embed\/9STLfJlebLE?feature=oembed\" frameborder=\"0\" allow=\"accelerometer; autoplay; clipboard-write; encrypted-media; gyroscope; picture-in-picture; web-share\" referrerpolicy=\"strict-origin-when-cross-origin\" allowfullscreen><\/iframe><\/div>\n<\/div>\n<p><img decoding=\"async\" class=\"alignnone wp-image-110011 \" src=\"http:\/\/gentedebasquet.com.ar\/sitio\/wp-content\/uploads\/2023\/11\/CLAVECEN-2-300x300.png\" alt=\"\" width=\"448\" height=\"448\" srcset=\"https:\/\/gentedebasquet.com.ar\/sitio\/wp-content\/uploads\/2023\/11\/CLAVECEN-2-300x300.png 300w, https:\/\/gentedebasquet.com.ar\/sitio\/wp-content\/uploads\/2023\/11\/CLAVECEN-2-1024x1024.png 1024w, https:\/\/gentedebasquet.com.ar\/sitio\/wp-content\/uploads\/2023\/11\/CLAVECEN-2-150x150.png 150w, https:\/\/gentedebasquet.com.ar\/sitio\/wp-content\/uploads\/2023\/11\/CLAVECEN-2-768x768.png 768w, https:\/\/gentedebasquet.com.ar\/sitio\/wp-content\/uploads\/2023\/11\/CLAVECEN-2-1536x1536.png 1536w, https:\/\/gentedebasquet.com.ar\/sitio\/wp-content\/uploads\/2023\/11\/CLAVECEN-2-75x75.png 75w, https:\/\/gentedebasquet.com.ar\/sitio\/wp-content\/uploads\/2023\/11\/CLAVECEN-2-350x350.png 350w, https:\/\/gentedebasquet.com.ar\/sitio\/wp-content\/uploads\/2023\/11\/CLAVECEN-2-750x750.png 750w, https:\/\/gentedebasquet.com.ar\/sitio\/wp-content\/uploads\/2023\/11\/CLAVECEN-2-1140x1140.png 1140w, https:\/\/gentedebasquet.com.ar\/sitio\/wp-content\/uploads\/2023\/11\/CLAVECEN-2.png 2000w\" sizes=\"(max-width: 448px) 100vw, 448px\" \/><\/p>\n<p><img decoding=\"async\" class=\"alignnone size-full wp-image-108713\" src=\"http:\/\/gentedebasquet.com.ar\/sitio\/wp-content\/uploads\/2023\/09\/Gif-Publicidades-2-1.gif\" alt=\"\" width=\"300\" height=\"250\" \/><\/p>\n<p>&nbsp;<\/p>\n<p><img decoding=\"async\" class=\"alignnone wp-image-108446 \" src=\"http:\/\/gentedebasquet.com.ar\/sitio\/wp-content\/uploads\/2023\/09\/Paloma-Vecchi-e1701056749615-276x300.png\" alt=\"\" width=\"378\" height=\"411\" srcset=\"https:\/\/gentedebasquet.com.ar\/sitio\/wp-content\/uploads\/2023\/09\/Paloma-Vecchi-e1701056749615-276x300.png 276w, https:\/\/gentedebasquet.com.ar\/sitio\/wp-content\/uploads\/2023\/09\/Paloma-Vecchi-e1701056749615-941x1024.png 941w, https:\/\/gentedebasquet.com.ar\/sitio\/wp-content\/uploads\/2023\/09\/Paloma-Vecchi-e1701056749615-768x836.png 768w, https:\/\/gentedebasquet.com.ar\/sitio\/wp-content\/uploads\/2023\/09\/Paloma-Vecchi-e1701056749615-1411x1536.png 1411w, https:\/\/gentedebasquet.com.ar\/sitio\/wp-content\/uploads\/2023\/09\/Paloma-Vecchi-e1701056749615-1881x2048.png 1881w, https:\/\/gentedebasquet.com.ar\/sitio\/wp-content\/uploads\/2023\/09\/Paloma-Vecchi-e1701056749615-750x817.png 750w, https:\/\/gentedebasquet.com.ar\/sitio\/wp-content\/uploads\/2023\/09\/Paloma-Vecchi-e1701056749615-1140x1241.png 1140w\" sizes=\"(max-width: 378px) 100vw, 378px\" \/><\/p>\n<blockquote><p>Entrenamos muy duro esta semana. Sab\u00edamos que para hoy iban a faltar dos jugadoras importantes (Lazar y Victoria P\u00e9rez) entonces le dimos juego a las m\u00e1s chicas, que hicieron un laburo tremendo en defensa y en ataque. <strong>Paloma Vecchi, El Nacional<\/strong><strong>.<\/strong><\/p>\n<p><img decoding=\"async\" class=\"alignnone wp-image-110010 \" src=\"http:\/\/gentedebasquet.com.ar\/sitio\/wp-content\/uploads\/2023\/11\/MVPCEN-2-300x300.png\" alt=\"\" width=\"430\" height=\"430\" data-pin-no-hover=\"true\" srcset=\"https:\/\/gentedebasquet.com.ar\/sitio\/wp-content\/uploads\/2023\/11\/MVPCEN-2-300x300.png 300w, https:\/\/gentedebasquet.com.ar\/sitio\/wp-content\/uploads\/2023\/11\/MVPCEN-2-1024x1024.png 1024w, https:\/\/gentedebasquet.com.ar\/sitio\/wp-content\/uploads\/2023\/11\/MVPCEN-2-150x150.png 150w, https:\/\/gentedebasquet.com.ar\/sitio\/wp-content\/uploads\/2023\/11\/MVPCEN-2-768x768.png 768w, https:\/\/gentedebasquet.com.ar\/sitio\/wp-content\/uploads\/2023\/11\/MVPCEN-2-1536x1536.png 1536w, https:\/\/gentedebasquet.com.ar\/sitio\/wp-content\/uploads\/2023\/11\/MVPCEN-2-75x75.png 75w, https:\/\/gentedebasquet.com.ar\/sitio\/wp-content\/uploads\/2023\/11\/MVPCEN-2-350x350.png 350w, https:\/\/gentedebasquet.com.ar\/sitio\/wp-content\/uploads\/2023\/11\/MVPCEN-2-750x750.png 750w, https:\/\/gentedebasquet.com.ar\/sitio\/wp-content\/uploads\/2023\/11\/MVPCEN-2-1140x1140.png 1140w, https:\/\/gentedebasquet.com.ar\/sitio\/wp-content\/uploads\/2023\/11\/MVPCEN-2.png 2000w\" sizes=\"(max-width: 430px) 100vw, 430px\" \/><\/p><\/blockquote>\n<p><img decoding=\"async\" class=\"alignnone wp-image-109909 size-full\" src=\"http:\/\/gentedebasquet.com.ar\/sitio\/wp-content\/uploads\/2023\/11\/Gif-Publicidades-3.gif\" alt=\"\" width=\"300\" height=\"250\" \/><\/p>\n<p><strong>S\u00edntesis &#8211; Primera Femenina &#8211; Fecha #7<\/strong><\/p>\n<p><strong>Estudiantes 44 :<\/strong> Martina Caputo 4; Ail\u00edn Larrosa; Estefan\u00eda Frapiccini 7; Juliana Brossard 7; Josefina Brossard 8 <strong>(F.I.)\u00a0<\/strong>Cinthia Marquez 11; Gimena Seibel 2; Emilce Islas; Josefina Rodr\u00edguez 3; Victoria Hollman 1; Sof\u00eda Trellini 1. <strong>DT:<\/strong> Mario Zaccara.<\/p>\n<p><strong>El Nacional 57 :<\/strong> Victoria Escudero 14; Paloma Vecchi 23; Tatiana Schabas; Alondra Gonzalez 4; Luz Fierro 8 <strong>(F.I.)<\/strong> Aldana Chcair; Yessica Catania 4; Isabella Basaul 4; Victoria P\u00e9rez; Jazm\u00edn Ruiz; Valentina P\u00e9rez; Guadalupe Sous. <strong>DT:\u00a0<\/strong>Federico Scarpaci.<\/p>\n<p><strong>Parciales:\u00a0<\/strong>10-13; 21-32 (11-19); 36-45 (15-13); 44-57 (8-12).<\/p>\n<p><strong>\u00c1rbitros:<\/strong> Marjorie Stuardo &#8211; Lucas Andr\u00e9s.<\/p>\n<p><strong>Estadio: <\/strong>Osvaldo Casanova (Estudiantes).<\/p>\n<p><img decoding=\"async\" class=\"alignnone wp-image-109910 size-full\" src=\"http:\/\/gentedebasquet.com.ar\/sitio\/wp-content\/uploads\/2023\/11\/Gif-Publicidades-4-1.gif\" alt=\"\" width=\"300\" height=\"250\" \/><\/p>\n<p><img decoding=\"async\" class=\"alignnone wp-image-110013 \" src=\"http:\/\/gentedebasquet.com.ar\/sitio\/wp-content\/uploads\/2023\/11\/vlcsnap-2023-11-27-00h59m58s950-300x169.png\" alt=\"\" width=\"596\" height=\"336\" data-pin-no-hover=\"true\" srcset=\"https:\/\/gentedebasquet.com.ar\/sitio\/wp-content\/uploads\/2023\/11\/vlcsnap-2023-11-27-00h59m58s950-300x169.png 300w, https:\/\/gentedebasquet.com.ar\/sitio\/wp-content\/uploads\/2023\/11\/vlcsnap-2023-11-27-00h59m58s950-1024x576.png 1024w, https:\/\/gentedebasquet.com.ar\/sitio\/wp-content\/uploads\/2023\/11\/vlcsnap-2023-11-27-00h59m58s950-768x432.png 768w, https:\/\/gentedebasquet.com.ar\/sitio\/wp-content\/uploads\/2023\/11\/vlcsnap-2023-11-27-00h59m58s950-1536x864.png 1536w, https:\/\/gentedebasquet.com.ar\/sitio\/wp-content\/uploads\/2023\/11\/vlcsnap-2023-11-27-00h59m58s950-750x422.png 750w, https:\/\/gentedebasquet.com.ar\/sitio\/wp-content\/uploads\/2023\/11\/vlcsnap-2023-11-27-00h59m58s950-1140x641.png 1140w, https:\/\/gentedebasquet.com.ar\/sitio\/wp-content\/uploads\/2023\/11\/vlcsnap-2023-11-27-00h59m58s950.png 1920w\" sizes=\"(max-width: 596px) 100vw, 596px\" \/><\/p>\n","protected":false},"excerpt":{"rendered":"<p>Las celestes, punteras todav\u00eda invictas del campeonato femenino de mayores, visitaron en la noche del domingo 26 a Estudiantes, el equipo que lo sigue de m\u00e1s cerca en la tabla de posiciones. Y le ganaron por una notable diferencia de 13 puntos, 57 a 44. Paloma Vecchi tuvo otra noche para el recuerdo del lado [&hellip;]<\/p>\n","protected":false},"author":70,"featured_media":110015,"comment_status":"open","ping_status":"open","sticky":false,"template":"","format":"standard","meta":{"jnews-multi-image_gallery":[],"jnews_single_post":{"source_name":"","source_url":"","via_name":"","via_url":"","override_template":"0","override":[{"template":"1","single_blog_custom":"","parallax":"1","fullscreen":"1","layout":"right-sidebar","sidebar":"default-sidebar","second_sidebar":"default-sidebar","sticky_sidebar":"1","share_position":"top","share_float_style":"share-monocrhome","show_share_counter":"0","show_view_counter":"0","show_featured":"1","show_post_meta":"1","show_post_author":"1","show_post_author_image":"1","show_post_date":"1","post_date_format":"default","post_date_format_custom":"Y\/m\/d","show_post_category":"1","show_post_reading_time":"0","post_reading_time_wpm":"300","show_zoom_button":"0","zoom_button_out_step":"2","zoom_button_in_step":"3","show_post_tag":"1","show_prev_next_post":"1","show_popup_post":"1","number_popup_post":"1","show_author_box":"0","show_post_related":"0","show_inline_post_related":"0"}],"override_image_size":"0","image_override":[{"single_post_thumbnail_size":"crop-500","single_post_gallery_size":"crop-500"}],"trending_post":"0","trending_post_position":"meta","trending_post_label":"Trending","sponsored_post":"0","sponsored_post_label":"Sponsored by","sponsored_post_name":"","sponsored_post_url":"","sponsored_post_logo_enable":"0","sponsored_post_logo":"","sponsored_post_desc":"","disable_ad":"0"},"jnews_primary_category":{"id":"","hide":""},"footnotes":""},"categories":[33,101],"tags":[1957,9,11,1656],"class_list":["post-110006","post","type-post","status-publish","format-standard","has-post-thumbnail","hentry","category-femenino","category-slide","tag-cinthia-marquez","tag-el-nacional","tag-estudiantes","tag-paloma-vecchi"],"yoast_head":"<!-- This site is optimized with the Yoast SEO plugin v27.5 - https:\/\/yoast.com\/product\/yoast-seo-wordpress\/ -->\n<title>El Nacio fue m\u00e1s eficaz y venci\u00f3 a su escolta - Gente de B\u00e1squet<\/title>\n<meta name=\"robots\" content=\"index, follow, max-snippet:-1, max-image-preview:large, max-video-preview:-1\" \/>\n<link rel=\"canonical\" href=\"https:\/\/gentedebasquet.com.ar\/sitio\/2023\/11\/27\/el-nacio-fue-mas-eficaz-y-vencio-a-su-escolta\/\" \/>\n<meta property=\"og:locale\" content=\"es_ES\" \/>\n<meta property=\"og:type\" content=\"article\" \/>\n<meta property=\"og:title\" content=\"El Nacio fue m\u00e1s eficaz y venci\u00f3 a su escolta - Gente de B\u00e1squet\" \/>\n<meta property=\"og:description\" content=\"Las celestes, punteras todav\u00eda invictas del campeonato femenino de mayores, visitaron en la noche del domingo 26 a Estudiantes, el equipo que lo sigue de m\u00e1s cerca en la tabla de posiciones. Y le ganaron por una notable diferencia de 13 puntos, 57 a 44. Paloma Vecchi tuvo otra noche para el recuerdo del lado [&hellip;]\" \/>\n<meta property=\"og:url\" content=\"https:\/\/gentedebasquet.com.ar\/sitio\/2023\/11\/27\/el-nacio-fue-mas-eficaz-y-vencio-a-su-escolta\/\" \/>\n<meta property=\"og:site_name\" content=\"Gente de B\u00e1squet\" \/>\n<meta property=\"article:published_time\" content=\"2023-11-27T04:39:12+00:00\" \/>\n<meta property=\"og:image\" content=\"https:\/\/gentedebasquet.com.ar\/sitio\/wp-content\/uploads\/2023\/11\/vlcsnap-2023-11-27-01h04m03s436.png\" \/>\n\t<meta property=\"og:image:width\" content=\"690\" \/>\n\t<meta property=\"og:image:height\" content=\"319\" \/>\n\t<meta property=\"og:image:type\" content=\"image\/png\" \/>\n<meta name=\"author\" content=\"Andres Camarero\" \/>\n<meta name=\"twitter:card\" content=\"summary_large_image\" \/>\n<meta name=\"twitter:label1\" content=\"Escrito por\" \/>\n\t<meta name=\"twitter:data1\" content=\"Andres Camarero\" \/>\n\t<meta name=\"twitter:label2\" content=\"Tiempo de lectura\" \/>\n\t<meta name=\"twitter:data2\" content=\"4 minutos\" \/>\n<script type=\"application\/ld+json\" class=\"yoast-schema-graph\">{\"@context\":\"https:\\\/\\\/schema.org\",\"@graph\":[{\"@type\":\"Article\",\"@id\":\"https:\\\/\\\/gentedebasquet.com.ar\\\/sitio\\\/2023\\\/11\\\/27\\\/el-nacio-fue-mas-eficaz-y-vencio-a-su-escolta\\\/#article\",\"isPartOf\":{\"@id\":\"https:\\\/\\\/gentedebasquet.com.ar\\\/sitio\\\/2023\\\/11\\\/27\\\/el-nacio-fue-mas-eficaz-y-vencio-a-su-escolta\\\/\"},\"author\":{\"name\":\"Andres Camarero\",\"@id\":\"https:\\\/\\\/gentedebasquet.com.ar\\\/sitio\\\/#\\\/schema\\\/person\\\/6f3e5bc5df127b420a445d22fc9eaa51\"},\"headline\":\"El Nacio fue m\u00e1s eficaz y venci\u00f3 a su escolta\",\"datePublished\":\"2023-11-27T04:39:12+00:00\",\"mainEntityOfPage\":{\"@id\":\"https:\\\/\\\/gentedebasquet.com.ar\\\/sitio\\\/2023\\\/11\\\/27\\\/el-nacio-fue-mas-eficaz-y-vencio-a-su-escolta\\\/\"},\"wordCount\":440,\"commentCount\":0,\"image\":{\"@id\":\"https:\\\/\\\/gentedebasquet.com.ar\\\/sitio\\\/2023\\\/11\\\/27\\\/el-nacio-fue-mas-eficaz-y-vencio-a-su-escolta\\\/#primaryimage\"},\"thumbnailUrl\":\"https:\\\/\\\/gentedebasquet.com.ar\\\/sitio\\\/wp-content\\\/uploads\\\/2023\\\/11\\\/vlcsnap-2023-11-27-01h04m03s436.png\",\"keywords\":[\"Cinthia Marquez\",\"El Nacional\",\"Estudiantes\",\"Paloma Vecchi\"],\"articleSection\":[\"Femenino\",\"Slide\"],\"inLanguage\":\"es\",\"potentialAction\":[{\"@type\":\"CommentAction\",\"name\":\"Comment\",\"target\":[\"https:\\\/\\\/gentedebasquet.com.ar\\\/sitio\\\/2023\\\/11\\\/27\\\/el-nacio-fue-mas-eficaz-y-vencio-a-su-escolta\\\/#respond\"]}]},{\"@type\":\"WebPage\",\"@id\":\"https:\\\/\\\/gentedebasquet.com.ar\\\/sitio\\\/2023\\\/11\\\/27\\\/el-nacio-fue-mas-eficaz-y-vencio-a-su-escolta\\\/\",\"url\":\"https:\\\/\\\/gentedebasquet.com.ar\\\/sitio\\\/2023\\\/11\\\/27\\\/el-nacio-fue-mas-eficaz-y-vencio-a-su-escolta\\\/\",\"name\":\"El Nacio fue m\u00e1s eficaz y venci\u00f3 a su escolta - Gente de B\u00e1squet\",\"isPartOf\":{\"@id\":\"https:\\\/\\\/gentedebasquet.com.ar\\\/sitio\\\/#website\"},\"primaryImageOfPage\":{\"@id\":\"https:\\\/\\\/gentedebasquet.com.ar\\\/sitio\\\/2023\\\/11\\\/27\\\/el-nacio-fue-mas-eficaz-y-vencio-a-su-escolta\\\/#primaryimage\"},\"image\":{\"@id\":\"https:\\\/\\\/gentedebasquet.com.ar\\\/sitio\\\/2023\\\/11\\\/27\\\/el-nacio-fue-mas-eficaz-y-vencio-a-su-escolta\\\/#primaryimage\"},\"thumbnailUrl\":\"https:\\\/\\\/gentedebasquet.com.ar\\\/sitio\\\/wp-content\\\/uploads\\\/2023\\\/11\\\/vlcsnap-2023-11-27-01h04m03s436.png\",\"datePublished\":\"2023-11-27T04:39:12+00:00\",\"author\":{\"@id\":\"https:\\\/\\\/gentedebasquet.com.ar\\\/sitio\\\/#\\\/schema\\\/person\\\/6f3e5bc5df127b420a445d22fc9eaa51\"},\"breadcrumb\":{\"@id\":\"https:\\\/\\\/gentedebasquet.com.ar\\\/sitio\\\/2023\\\/11\\\/27\\\/el-nacio-fue-mas-eficaz-y-vencio-a-su-escolta\\\/#breadcrumb\"},\"inLanguage\":\"es\",\"potentialAction\":[{\"@type\":\"ReadAction\",\"target\":[\"https:\\\/\\\/gentedebasquet.com.ar\\\/sitio\\\/2023\\\/11\\\/27\\\/el-nacio-fue-mas-eficaz-y-vencio-a-su-escolta\\\/\"]}]},{\"@type\":\"ImageObject\",\"inLanguage\":\"es\",\"@id\":\"https:\\\/\\\/gentedebasquet.com.ar\\\/sitio\\\/2023\\\/11\\\/27\\\/el-nacio-fue-mas-eficaz-y-vencio-a-su-escolta\\\/#primaryimage\",\"url\":\"https:\\\/\\\/gentedebasquet.com.ar\\\/sitio\\\/wp-content\\\/uploads\\\/2023\\\/11\\\/vlcsnap-2023-11-27-01h04m03s436.png\",\"contentUrl\":\"https:\\\/\\\/gentedebasquet.com.ar\\\/sitio\\\/wp-content\\\/uploads\\\/2023\\\/11\\\/vlcsnap-2023-11-27-01h04m03s436.png\",\"width\":690,\"height\":319},{\"@type\":\"BreadcrumbList\",\"@id\":\"https:\\\/\\\/gentedebasquet.com.ar\\\/sitio\\\/2023\\\/11\\\/27\\\/el-nacio-fue-mas-eficaz-y-vencio-a-su-escolta\\\/#breadcrumb\",\"itemListElement\":[{\"@type\":\"ListItem\",\"position\":1,\"name\":\"Portada\",\"item\":\"https:\\\/\\\/gentedebasquet.com.ar\\\/sitio\\\/\"},{\"@type\":\"ListItem\",\"position\":2,\"name\":\"El Nacio fue m\u00e1s eficaz y venci\u00f3 a su escolta\"}]},{\"@type\":\"WebSite\",\"@id\":\"https:\\\/\\\/gentedebasquet.com.ar\\\/sitio\\\/#website\",\"url\":\"https:\\\/\\\/gentedebasquet.com.ar\\\/sitio\\\/\",\"name\":\"Gente de B\u00e1squet\",\"description\":\"La revista del basquet de Bah\u00eda Blanca\",\"potentialAction\":[{\"@type\":\"SearchAction\",\"target\":{\"@type\":\"EntryPoint\",\"urlTemplate\":\"https:\\\/\\\/gentedebasquet.com.ar\\\/sitio\\\/?s={search_term_string}\"},\"query-input\":{\"@type\":\"PropertyValueSpecification\",\"valueRequired\":true,\"valueName\":\"search_term_string\"}}],\"inLanguage\":\"es\"},{\"@type\":\"Person\",\"@id\":\"https:\\\/\\\/gentedebasquet.com.ar\\\/sitio\\\/#\\\/schema\\\/person\\\/6f3e5bc5df127b420a445d22fc9eaa51\",\"name\":\"Andres Camarero\",\"image\":{\"@type\":\"ImageObject\",\"inLanguage\":\"es\",\"@id\":\"https:\\\/\\\/secure.gravatar.com\\\/avatar\\\/f6d4884ec54a50c25ccd5e4f54f5e904d09dfe74ef58e58f631f3917b6fed7cd?s=96&d=mm&r=g\",\"url\":\"https:\\\/\\\/secure.gravatar.com\\\/avatar\\\/f6d4884ec54a50c25ccd5e4f54f5e904d09dfe74ef58e58f631f3917b6fed7cd?s=96&d=mm&r=g\",\"contentUrl\":\"https:\\\/\\\/secure.gravatar.com\\\/avatar\\\/f6d4884ec54a50c25ccd5e4f54f5e904d09dfe74ef58e58f631f3917b6fed7cd?s=96&d=mm&r=g\",\"caption\":\"Andres Camarero\"},\"url\":\"https:\\\/\\\/gentedebasquet.com.ar\\\/sitio\\\/author\\\/andres-camarero\\\/\"}]}<\/script>\n<!-- \/ Yoast SEO plugin. -->","yoast_head_json":{"title":"El Nacio fue m\u00e1s eficaz y venci\u00f3 a su escolta - Gente de B\u00e1squet","robots":{"index":"index","follow":"follow","max-snippet":"max-snippet:-1","max-image-preview":"max-image-preview:large","max-video-preview":"max-video-preview:-1"},"canonical":"https:\/\/gentedebasquet.com.ar\/sitio\/2023\/11\/27\/el-nacio-fue-mas-eficaz-y-vencio-a-su-escolta\/","og_locale":"es_ES","og_type":"article","og_title":"El Nacio fue m\u00e1s eficaz y venci\u00f3 a su escolta - Gente de B\u00e1squet","og_description":"Las celestes, punteras todav\u00eda invictas del campeonato femenino de mayores, visitaron en la noche del domingo 26 a Estudiantes, el equipo que lo sigue de m\u00e1s cerca en la tabla de posiciones. Y le ganaron por una notable diferencia de 13 puntos, 57 a 44. Paloma Vecchi tuvo otra noche para el recuerdo del lado [&hellip;]","og_url":"https:\/\/gentedebasquet.com.ar\/sitio\/2023\/11\/27\/el-nacio-fue-mas-eficaz-y-vencio-a-su-escolta\/","og_site_name":"Gente de B\u00e1squet","article_published_time":"2023-11-27T04:39:12+00:00","og_image":[{"width":690,"height":319,"url":"https:\/\/gentedebasquet.com.ar\/sitio\/wp-content\/uploads\/2023\/11\/vlcsnap-2023-11-27-01h04m03s436.png","type":"image\/png"}],"author":"Andres Camarero","twitter_card":"summary_large_image","twitter_misc":{"Escrito por":"Andres Camarero","Tiempo de lectura":"4 minutos"},"schema":{"@context":"https:\/\/schema.org","@graph":[{"@type":"Article","@id":"https:\/\/gentedebasquet.com.ar\/sitio\/2023\/11\/27\/el-nacio-fue-mas-eficaz-y-vencio-a-su-escolta\/#article","isPartOf":{"@id":"https:\/\/gentedebasquet.com.ar\/sitio\/2023\/11\/27\/el-nacio-fue-mas-eficaz-y-vencio-a-su-escolta\/"},"author":{"name":"Andres Camarero","@id":"https:\/\/gentedebasquet.com.ar\/sitio\/#\/schema\/person\/6f3e5bc5df127b420a445d22fc9eaa51"},"headline":"El Nacio fue m\u00e1s eficaz y venci\u00f3 a su escolta","datePublished":"2023-11-27T04:39:12+00:00","mainEntityOfPage":{"@id":"https:\/\/gentedebasquet.com.ar\/sitio\/2023\/11\/27\/el-nacio-fue-mas-eficaz-y-vencio-a-su-escolta\/"},"wordCount":440,"commentCount":0,"image":{"@id":"https:\/\/gentedebasquet.com.ar\/sitio\/2023\/11\/27\/el-nacio-fue-mas-eficaz-y-vencio-a-su-escolta\/#primaryimage"},"thumbnailUrl":"https:\/\/gentedebasquet.com.ar\/sitio\/wp-content\/uploads\/2023\/11\/vlcsnap-2023-11-27-01h04m03s436.png","keywords":["Cinthia Marquez","El Nacional","Estudiantes","Paloma Vecchi"],"articleSection":["Femenino","Slide"],"inLanguage":"es","potentialAction":[{"@type":"CommentAction","name":"Comment","target":["https:\/\/gentedebasquet.com.ar\/sitio\/2023\/11\/27\/el-nacio-fue-mas-eficaz-y-vencio-a-su-escolta\/#respond"]}]},{"@type":"WebPage","@id":"https:\/\/gentedebasquet.com.ar\/sitio\/2023\/11\/27\/el-nacio-fue-mas-eficaz-y-vencio-a-su-escolta\/","url":"https:\/\/gentedebasquet.com.ar\/sitio\/2023\/11\/27\/el-nacio-fue-mas-eficaz-y-vencio-a-su-escolta\/","name":"El Nacio fue m\u00e1s eficaz y venci\u00f3 a su escolta - Gente de B\u00e1squet","isPartOf":{"@id":"https:\/\/gentedebasquet.com.ar\/sitio\/#website"},"primaryImageOfPage":{"@id":"https:\/\/gentedebasquet.com.ar\/sitio\/2023\/11\/27\/el-nacio-fue-mas-eficaz-y-vencio-a-su-escolta\/#primaryimage"},"image":{"@id":"https:\/\/gentedebasquet.com.ar\/sitio\/2023\/11\/27\/el-nacio-fue-mas-eficaz-y-vencio-a-su-escolta\/#primaryimage"},"thumbnailUrl":"https:\/\/gentedebasquet.com.ar\/sitio\/wp-content\/uploads\/2023\/11\/vlcsnap-2023-11-27-01h04m03s436.png","datePublished":"2023-11-27T04:39:12+00:00","author":{"@id":"https:\/\/gentedebasquet.com.ar\/sitio\/#\/schema\/person\/6f3e5bc5df127b420a445d22fc9eaa51"},"breadcrumb":{"@id":"https:\/\/gentedebasquet.com.ar\/sitio\/2023\/11\/27\/el-nacio-fue-mas-eficaz-y-vencio-a-su-escolta\/#breadcrumb"},"inLanguage":"es","potentialAction":[{"@type":"ReadAction","target":["https:\/\/gentedebasquet.com.ar\/sitio\/2023\/11\/27\/el-nacio-fue-mas-eficaz-y-vencio-a-su-escolta\/"]}]},{"@type":"ImageObject","inLanguage":"es","@id":"https:\/\/gentedebasquet.com.ar\/sitio\/2023\/11\/27\/el-nacio-fue-mas-eficaz-y-vencio-a-su-escolta\/#primaryimage","url":"https:\/\/gentedebasquet.com.ar\/sitio\/wp-content\/uploads\/2023\/11\/vlcsnap-2023-11-27-01h04m03s436.png","contentUrl":"https:\/\/gentedebasquet.com.ar\/sitio\/wp-content\/uploads\/2023\/11\/vlcsnap-2023-11-27-01h04m03s436.png","width":690,"height":319},{"@type":"BreadcrumbList","@id":"https:\/\/gentedebasquet.com.ar\/sitio\/2023\/11\/27\/el-nacio-fue-mas-eficaz-y-vencio-a-su-escolta\/#breadcrumb","itemListElement":[{"@type":"ListItem","position":1,"name":"Portada","item":"https:\/\/gentedebasquet.com.ar\/sitio\/"},{"@type":"ListItem","position":2,"name":"El Nacio fue m\u00e1s eficaz y venci\u00f3 a su escolta"}]},{"@type":"WebSite","@id":"https:\/\/gentedebasquet.com.ar\/sitio\/#website","url":"https:\/\/gentedebasquet.com.ar\/sitio\/","name":"Gente de B\u00e1squet","description":"La revista del basquet de Bah\u00eda Blanca","potentialAction":[{"@type":"SearchAction","target":{"@type":"EntryPoint","urlTemplate":"https:\/\/gentedebasquet.com.ar\/sitio\/?s={search_term_string}"},"query-input":{"@type":"PropertyValueSpecification","valueRequired":true,"valueName":"search_term_string"}}],"inLanguage":"es"},{"@type":"Person","@id":"https:\/\/gentedebasquet.com.ar\/sitio\/#\/schema\/person\/6f3e5bc5df127b420a445d22fc9eaa51","name":"Andres Camarero","image":{"@type":"ImageObject","inLanguage":"es","@id":"https:\/\/secure.gravatar.com\/avatar\/f6d4884ec54a50c25ccd5e4f54f5e904d09dfe74ef58e58f631f3917b6fed7cd?s=96&d=mm&r=g","url":"https:\/\/secure.gravatar.com\/avatar\/f6d4884ec54a50c25ccd5e4f54f5e904d09dfe74ef58e58f631f3917b6fed7cd?s=96&d=mm&r=g","contentUrl":"https:\/\/secure.gravatar.com\/avatar\/f6d4884ec54a50c25ccd5e4f54f5e904d09dfe74ef58e58f631f3917b6fed7cd?s=96&d=mm&r=g","caption":"Andres Camarero"},"url":"https:\/\/gentedebasquet.com.ar\/sitio\/author\/andres-camarero\/"}]}},"_links":{"self":[{"href":"https:\/\/gentedebasquet.com.ar\/sitio\/wp-json\/wp\/v2\/posts\/110006","targetHints":{"allow":["GET"]}}],"collection":[{"href":"https:\/\/gentedebasquet.com.ar\/sitio\/wp-json\/wp\/v2\/posts"}],"about":[{"href":"https:\/\/gentedebasquet.com.ar\/sitio\/wp-json\/wp\/v2\/types\/post"}],"author":[{"embeddable":true,"href":"https:\/\/gentedebasquet.com.ar\/sitio\/wp-json\/wp\/v2\/users\/70"}],"replies":[{"embeddable":true,"href":"https:\/\/gentedebasquet.com.ar\/sitio\/wp-json\/wp\/v2\/comments?post=110006"}],"version-history":[{"count":6,"href":"https:\/\/gentedebasquet.com.ar\/sitio\/wp-json\/wp\/v2\/posts\/110006\/revisions"}],"predecessor-version":[{"id":110016,"href":"https:\/\/gentedebasquet.com.ar\/sitio\/wp-json\/wp\/v2\/posts\/110006\/revisions\/110016"}],"wp:featuredmedia":[{"embeddable":true,"href":"https:\/\/gentedebasquet.com.ar\/sitio\/wp-json\/wp\/v2\/media\/110015"}],"wp:attachment":[{"href":"https:\/\/gentedebasquet.com.ar\/sitio\/wp-json\/wp\/v2\/media?parent=110006"}],"wp:term":[{"taxonomy":"category","embeddable":true,"href":"https:\/\/gentedebasquet.com.ar\/sitio\/wp-json\/wp\/v2\/categories?post=110006"},{"taxonomy":"post_tag","embeddable":true,"href":"https:\/\/gentedebasquet.com.ar\/sitio\/wp-json\/wp\/v2\/tags?post=110006"}],"curies":[{"name":"wp","href":"https:\/\/api.w.org\/{rel}","templated":true}]}}