{"id":110336,"date":"2023-12-15T03:38:48","date_gmt":"2023-12-15T02:38:48","guid":{"rendered":"https:\/\/gentedebasquet.com.ar\/sitio\/?p=110336"},"modified":"2023-12-15T03:56:25","modified_gmt":"2023-12-15T02:56:25","slug":"el-9-termina-el-ano-como-imagino-arrancarlo","status":"publish","type":"post","link":"https:\/\/gentedebasquet.com.ar\/sitio\/2023\/12\/15\/el-9-termina-el-ano-como-imagino-arrancarlo\/","title":{"rendered":"El 9 termina el a\u00f1o como imagin\u00f3 arrancarlo"},"content":{"rendered":"<p>En el Nestor Damiani, 9 de Julio venci\u00f3 105-62 a Napost\u00e1 y cerr\u00f3 un 2023 muy irregular.<\/p>\n<p>Los dirigidos por Rold\u00e1n, quien no seguir\u00e1 al mando en el 2024, comenzaron fuertes y con tres bombas seguidas obligaban r\u00e1pidamente a Aleksoski a detener el juego, dos de ellas fueron de Manuel Costa (22 pts, 6\/6 t3), la figura del encuentro que nuevamente demostr\u00f3 su alto porcentaje en triples. 9 de Julio mantuvo su despliegue ofensivo en el 1c, pero no pudo contener como en los primeros minutos a su rival.\u00a0 30-20 ser\u00eda el 1c.<\/p>\n<p>Adem\u00e1s de la buena mano de Costa, en el local la diferencia de talla de Ramiro Heinrich (13 pts, 8 reb)generaba una ventaja debajo del aro. Napost\u00e1 jam\u00e1s pudo demostrar resistencia en defensa y a pesar de algunas r\u00e1fagas de Zalguizuri (11 pts) el 9 llegar\u00eda a +20 de cara al 2 segundo tiempo.<\/p>\n<p>Sin muchos inconvenientes en local y repartiendo minutos en su banca, la despedida de Rold\u00e1n fue con goleada, 105-62. Los otros cuatro jugadores en doble digito fueron: Santiago Ruesga (11), Jos\u00e9 Guti\u00e9rrez (12), Franco Amigo (10) y Juan Fuentes (14). 9 de Julio demostr\u00f3 en los \u00faltimos dos partidos los nombres pesados en su plantel y a pesar de no reflejarlo en su posici\u00f3n en la tabla, el equipo que el pr\u00f3ximo a\u00f1o comandara Juli\u00e1n Turcato, tiene herramientas de sobra para pelear el campeonato. Con la inc\u00f3gnita de c\u00f3mo quedar\u00e1 formado el plantel en la temporada siguiente, el equipo que apuntaba como candidato junto con Villa Mitre, deber\u00e1 hacer un esfuerzo, hasta un poco m\u00e1s, para redimirse de un arranque en falso.<\/p>\n<p><img decoding=\"async\" class=\"alignnone size-full wp-image-109360\" src=\"http:\/\/gentedebasquet.com.ar\/sitio\/wp-content\/uploads\/2023\/10\/Gif-Publicidades-1.gif\" alt=\"\" width=\"300\" height=\"250\" \/><\/p>\n<p><iframe loading=\"lazy\" title=\"YouTube video player\" src=\"https:\/\/www.youtube.com\/embed\/kGcabsWRrgU?si=6FNAG3_qAjTfSUFE\" width=\"560\" height=\"315\" frameborder=\"0\" allowfullscreen=\"allowfullscreen\"><\/iframe><\/p>\n<p><img decoding=\"async\" class=\"alignnone size-medium wp-image-110338\" src=\"http:\/\/gentedebasquet.com.ar\/sitio\/wp-content\/uploads\/2023\/12\/CLAVE-5-300x300.png\" alt=\"\" width=\"300\" height=\"300\" srcset=\"https:\/\/gentedebasquet.com.ar\/sitio\/wp-content\/uploads\/2023\/12\/CLAVE-5-300x300.png 300w, https:\/\/gentedebasquet.com.ar\/sitio\/wp-content\/uploads\/2023\/12\/CLAVE-5-1024x1024.png 1024w, https:\/\/gentedebasquet.com.ar\/sitio\/wp-content\/uploads\/2023\/12\/CLAVE-5-150x150.png 150w, https:\/\/gentedebasquet.com.ar\/sitio\/wp-content\/uploads\/2023\/12\/CLAVE-5-768x768.png 768w, https:\/\/gentedebasquet.com.ar\/sitio\/wp-content\/uploads\/2023\/12\/CLAVE-5-1536x1536.png 1536w, https:\/\/gentedebasquet.com.ar\/sitio\/wp-content\/uploads\/2023\/12\/CLAVE-5-75x75.png 75w, https:\/\/gentedebasquet.com.ar\/sitio\/wp-content\/uploads\/2023\/12\/CLAVE-5-350x350.png 350w, https:\/\/gentedebasquet.com.ar\/sitio\/wp-content\/uploads\/2023\/12\/CLAVE-5-750x750.png 750w, https:\/\/gentedebasquet.com.ar\/sitio\/wp-content\/uploads\/2023\/12\/CLAVE-5-1140x1140.png 1140w, https:\/\/gentedebasquet.com.ar\/sitio\/wp-content\/uploads\/2023\/12\/CLAVE-5.png 2000w\" sizes=\"(max-width: 300px) 100vw, 300px\" \/><\/p>\n<p><img decoding=\"async\" class=\"alignnone size-full wp-image-108810\" src=\"http:\/\/gentedebasquet.com.ar\/sitio\/wp-content\/uploads\/2023\/09\/Gif-Publicidades-2-4.gif\" alt=\"\" width=\"300\" height=\"250\" \/><\/p>\n<p>&nbsp;<\/p>\n<p><img decoding=\"async\" class=\"alignnone size-medium wp-image-110339\" src=\"http:\/\/gentedebasquet.com.ar\/sitio\/wp-content\/uploads\/2023\/12\/MVP-3-300x300.png\" alt=\"\" width=\"300\" height=\"300\" srcset=\"https:\/\/gentedebasquet.com.ar\/sitio\/wp-content\/uploads\/2023\/12\/MVP-3-300x300.png 300w, https:\/\/gentedebasquet.com.ar\/sitio\/wp-content\/uploads\/2023\/12\/MVP-3-1024x1024.png 1024w, https:\/\/gentedebasquet.com.ar\/sitio\/wp-content\/uploads\/2023\/12\/MVP-3-150x150.png 150w, https:\/\/gentedebasquet.com.ar\/sitio\/wp-content\/uploads\/2023\/12\/MVP-3-768x768.png 768w, https:\/\/gentedebasquet.com.ar\/sitio\/wp-content\/uploads\/2023\/12\/MVP-3-1536x1536.png 1536w, https:\/\/gentedebasquet.com.ar\/sitio\/wp-content\/uploads\/2023\/12\/MVP-3-75x75.png 75w, https:\/\/gentedebasquet.com.ar\/sitio\/wp-content\/uploads\/2023\/12\/MVP-3-350x350.png 350w, https:\/\/gentedebasquet.com.ar\/sitio\/wp-content\/uploads\/2023\/12\/MVP-3-750x750.png 750w, https:\/\/gentedebasquet.com.ar\/sitio\/wp-content\/uploads\/2023\/12\/MVP-3-1140x1140.png 1140w, https:\/\/gentedebasquet.com.ar\/sitio\/wp-content\/uploads\/2023\/12\/MVP-3.png 2000w\" sizes=\"(max-width: 300px) 100vw, 300px\" \/><\/p>\n<p><img decoding=\"async\" class=\"alignnone size-medium wp-image-110340\" src=\"http:\/\/gentedebasquet.com.ar\/sitio\/wp-content\/uploads\/2023\/12\/IMG_20231214_223319591-300x226.jpg\" alt=\"\" width=\"300\" height=\"226\" srcset=\"https:\/\/gentedebasquet.com.ar\/sitio\/wp-content\/uploads\/2023\/12\/IMG_20231214_223319591-300x226.jpg 300w, https:\/\/gentedebasquet.com.ar\/sitio\/wp-content\/uploads\/2023\/12\/IMG_20231214_223319591-1024x771.jpg 1024w, https:\/\/gentedebasquet.com.ar\/sitio\/wp-content\/uploads\/2023\/12\/IMG_20231214_223319591-768x578.jpg 768w, https:\/\/gentedebasquet.com.ar\/sitio\/wp-content\/uploads\/2023\/12\/IMG_20231214_223319591-1536x1157.jpg 1536w, https:\/\/gentedebasquet.com.ar\/sitio\/wp-content\/uploads\/2023\/12\/IMG_20231214_223319591-2048x1542.jpg 2048w, https:\/\/gentedebasquet.com.ar\/sitio\/wp-content\/uploads\/2023\/12\/IMG_20231214_223319591-750x565.jpg 750w, https:\/\/gentedebasquet.com.ar\/sitio\/wp-content\/uploads\/2023\/12\/IMG_20231214_223319591-1140x858.jpg 1140w\" sizes=\"(max-width: 300px) 100vw, 300px\" \/><\/p>\n<p>&nbsp;<\/p>\n<p><img decoding=\"async\" class=\"alignnone size-full wp-image-109913\" src=\"http:\/\/gentedebasquet.com.ar\/sitio\/wp-content\/uploads\/2023\/11\/Gif-Publicidades-3-1.gif\" alt=\"\" width=\"300\" height=\"250\" \/><\/p>\n<p><strong>S\u00edntesis \u2013 Primera \u2013 Fecha 14<\/strong><\/p>\n<p><b>9 de Julio 105: <\/b>Jos\u00e9 Gutierrez 12, Manuel Costa 22, Franco Amigo 10, Lucio Dominici 4 y Ramiro Heinrich 13 (FI); Santiago Ruesga 11, Santiago Boye 4, Sebasti\u00e1n Villegas 8, Alan Prost 0, Franco Hermosilla 4, Juan Fuentes 14, Lucas Luchetti 3. DT: Emiliano Rold\u00e1n.<\/p>\n<p><strong>Napost\u00e1 62: <\/strong>Bruno Pallotti 12, Mauro Zalguizuri 11, Leonel Alema\u00f1y 3, Guido Muzi 9 y Gast\u00f3n Torres 9 (FI); Bautista Abraham 0, Nicol\u00e1s Guerrero 2, Pablo Fedorco 1, Francisco Goyanarte 8, Ramiro Catal\u00e1 7, Mart\u00edn Catal\u00e10 y Francisco Pallotti 0. DT: Sebasti\u00e1n Aleksoski.<\/p>\n<p><strong>Parciales<\/strong>: 30-20, 53-32 (23-12), 80-48 (27-16) y 105-62 (25-14)<\/p>\n<p><strong>\u00c1rbitros<\/strong>: Sebasti\u00e1n Arcas, Sebasti\u00e1n Giannino y Joaqu\u00edn Irrazabal.<\/p>\n<p><strong>Estadio:<\/strong> Nestor Damiani<\/p>\n<p><img decoding=\"async\" class=\"alignnone size-full wp-image-109914\" src=\"http:\/\/gentedebasquet.com.ar\/sitio\/wp-content\/uploads\/2023\/11\/Gif-Publicidades-4-1-1.gif\" alt=\"\" width=\"300\" height=\"250\" \/><\/p>\n<p>&nbsp;<\/p>\n","protected":false},"excerpt":{"rendered":"<p>En el Nestor Damiani, 9 de Julio venci\u00f3 105-62 a Napost\u00e1 y cerr\u00f3 un 2023 muy irregular. Los dirigidos por Rold\u00e1n, quien no seguir\u00e1 al mando en el 2024, comenzaron fuertes y con tres bombas seguidas obligaban r\u00e1pidamente a Aleksoski a detener el juego, dos de ellas fueron de Manuel Costa (22 pts, 6\/6 t3), [&hellip;]<\/p>\n","protected":false},"author":67,"featured_media":110341,"comment_status":"open","ping_status":"open","sticky":false,"template":"","format":"standard","meta":{"jnews-multi-image_gallery":[],"jnews_single_post":{"source_name":"","source_url":"","via_name":"","via_url":"","override_template":"0","override":[{"template":"1","single_blog_custom":"","parallax":"1","fullscreen":"1","layout":"right-sidebar","sidebar":"default-sidebar","second_sidebar":"default-sidebar","sticky_sidebar":"1","share_position":"top","share_float_style":"share-monocrhome","show_share_counter":"0","show_view_counter":"0","show_featured":"1","show_post_meta":"1","show_post_author":"1","show_post_author_image":"1","show_post_date":"1","post_date_format":"default","post_date_format_custom":"Y\/m\/d","show_post_category":"1","show_post_reading_time":"0","post_reading_time_wpm":"300","show_zoom_button":"0","zoom_button_out_step":"2","zoom_button_in_step":"3","show_post_tag":"1","show_prev_next_post":"1","show_popup_post":"1","number_popup_post":"1","show_author_box":"0","show_post_related":"0","show_inline_post_related":"0"}],"override_image_size":"0","image_override":[{"single_post_thumbnail_size":"crop-500","single_post_gallery_size":"crop-500"}],"trending_post":"0","trending_post_position":"meta","trending_post_label":"Trending","sponsored_post":"0","sponsored_post_label":"Sponsored by","sponsored_post_name":"","sponsored_post_url":"","sponsored_post_logo_enable":"0","sponsored_post_logo":"","sponsored_post_desc":"","disable_ad":"0"},"jnews_primary_category":{"id":"","hide":""},"footnotes":""},"categories":[23,1],"tags":[2,1572,15],"class_list":["post-110336","post","type-post","status-publish","format-standard","has-post-thumbnail","hentry","category-primera","category-sin-categoria","tag-9dejulio","tag-manuel-costa","tag-naposta"],"yoast_head":"<!-- This site is optimized with the Yoast SEO plugin v27.5 - https:\/\/yoast.com\/product\/yoast-seo-wordpress\/ -->\n<title>El 9 termina el a\u00f1o como imagin\u00f3 arrancarlo - Gente de B\u00e1squet<\/title>\n<meta name=\"robots\" content=\"index, follow, max-snippet:-1, max-image-preview:large, max-video-preview:-1\" \/>\n<link rel=\"canonical\" href=\"http:\/\/gentedebasquet.com.ar\/sitio\/2023\/12\/15\/el-9-termina-el-ano-como-imagino-arrancarlo\/\" \/>\n<meta property=\"og:locale\" content=\"es_ES\" \/>\n<meta property=\"og:type\" content=\"article\" \/>\n<meta property=\"og:title\" content=\"El 9 termina el a\u00f1o como imagin\u00f3 arrancarlo - Gente de B\u00e1squet\" \/>\n<meta property=\"og:description\" content=\"En el Nestor Damiani, 9 de Julio venci\u00f3 105-62 a Napost\u00e1 y cerr\u00f3 un 2023 muy irregular. Los dirigidos por Rold\u00e1n, quien no seguir\u00e1 al mando en el 2024, comenzaron fuertes y con tres bombas seguidas obligaban r\u00e1pidamente a Aleksoski a detener el juego, dos de ellas fueron de Manuel Costa (22 pts, 6\/6 t3), [&hellip;]\" \/>\n<meta property=\"og:url\" content=\"http:\/\/gentedebasquet.com.ar\/sitio\/2023\/12\/15\/el-9-termina-el-ano-como-imagino-arrancarlo\/\" \/>\n<meta property=\"og:site_name\" content=\"Gente de B\u00e1squet\" \/>\n<meta property=\"article:published_time\" content=\"2023-12-15T02:38:48+00:00\" \/>\n<meta property=\"article:modified_time\" content=\"2023-12-15T02:56:25+00:00\" \/>\n<meta property=\"og:image\" content=\"http:\/\/gentedebasquet.com.ar\/sitio\/wp-content\/uploads\/2023\/12\/IMG_20231214_215652874-scaled.jpg\" \/>\n\t<meta property=\"og:image:width\" content=\"2560\" \/>\n\t<meta property=\"og:image:height\" content=\"1928\" \/>\n\t<meta property=\"og:image:type\" content=\"image\/jpeg\" \/>\n<meta name=\"author\" content=\"Enzo Gra\u00f1a\" \/>\n<meta name=\"twitter:card\" content=\"summary_large_image\" \/>\n<meta name=\"twitter:label1\" content=\"Escrito por\" \/>\n\t<meta name=\"twitter:data1\" content=\"Enzo Gra\u00f1a\" \/>\n\t<meta name=\"twitter:label2\" content=\"Tiempo de lectura\" \/>\n\t<meta name=\"twitter:data2\" content=\"4 minutos\" \/>\n<script type=\"application\/ld+json\" class=\"yoast-schema-graph\">{\"@context\":\"https:\\\/\\\/schema.org\",\"@graph\":[{\"@type\":\"Article\",\"@id\":\"http:\\\/\\\/gentedebasquet.com.ar\\\/sitio\\\/2023\\\/12\\\/15\\\/el-9-termina-el-ano-como-imagino-arrancarlo\\\/#article\",\"isPartOf\":{\"@id\":\"http:\\\/\\\/gentedebasquet.com.ar\\\/sitio\\\/2023\\\/12\\\/15\\\/el-9-termina-el-ano-como-imagino-arrancarlo\\\/\"},\"author\":{\"name\":\"Enzo Gra\u00f1a\",\"@id\":\"https:\\\/\\\/gentedebasquet.com.ar\\\/sitio\\\/#\\\/schema\\\/person\\\/1a3f017b806c51157b3ac47d302dbe95\"},\"headline\":\"El 9 termina el a\u00f1o como imagin\u00f3 arrancarlo\",\"datePublished\":\"2023-12-15T02:38:48+00:00\",\"dateModified\":\"2023-12-15T02:56:25+00:00\",\"mainEntityOfPage\":{\"@id\":\"http:\\\/\\\/gentedebasquet.com.ar\\\/sitio\\\/2023\\\/12\\\/15\\\/el-9-termina-el-ano-como-imagino-arrancarlo\\\/\"},\"wordCount\":376,\"commentCount\":0,\"image\":{\"@id\":\"http:\\\/\\\/gentedebasquet.com.ar\\\/sitio\\\/2023\\\/12\\\/15\\\/el-9-termina-el-ano-como-imagino-arrancarlo\\\/#primaryimage\"},\"thumbnailUrl\":\"https:\\\/\\\/gentedebasquet.com.ar\\\/sitio\\\/wp-content\\\/uploads\\\/2023\\\/12\\\/IMG_20231214_215652874-scaled.jpg\",\"keywords\":[\"9 de Julio\",\"Manuel Costa\",\"Naposta\"],\"articleSection\":[\"Primera\"],\"inLanguage\":\"es\",\"potentialAction\":[{\"@type\":\"CommentAction\",\"name\":\"Comment\",\"target\":[\"http:\\\/\\\/gentedebasquet.com.ar\\\/sitio\\\/2023\\\/12\\\/15\\\/el-9-termina-el-ano-como-imagino-arrancarlo\\\/#respond\"]}]},{\"@type\":\"WebPage\",\"@id\":\"http:\\\/\\\/gentedebasquet.com.ar\\\/sitio\\\/2023\\\/12\\\/15\\\/el-9-termina-el-ano-como-imagino-arrancarlo\\\/\",\"url\":\"http:\\\/\\\/gentedebasquet.com.ar\\\/sitio\\\/2023\\\/12\\\/15\\\/el-9-termina-el-ano-como-imagino-arrancarlo\\\/\",\"name\":\"El 9 termina el a\u00f1o como imagin\u00f3 arrancarlo - Gente de B\u00e1squet\",\"isPartOf\":{\"@id\":\"https:\\\/\\\/gentedebasquet.com.ar\\\/sitio\\\/#website\"},\"primaryImageOfPage\":{\"@id\":\"http:\\\/\\\/gentedebasquet.com.ar\\\/sitio\\\/2023\\\/12\\\/15\\\/el-9-termina-el-ano-como-imagino-arrancarlo\\\/#primaryimage\"},\"image\":{\"@id\":\"http:\\\/\\\/gentedebasquet.com.ar\\\/sitio\\\/2023\\\/12\\\/15\\\/el-9-termina-el-ano-como-imagino-arrancarlo\\\/#primaryimage\"},\"thumbnailUrl\":\"https:\\\/\\\/gentedebasquet.com.ar\\\/sitio\\\/wp-content\\\/uploads\\\/2023\\\/12\\\/IMG_20231214_215652874-scaled.jpg\",\"datePublished\":\"2023-12-15T02:38:48+00:00\",\"dateModified\":\"2023-12-15T02:56:25+00:00\",\"author\":{\"@id\":\"https:\\\/\\\/gentedebasquet.com.ar\\\/sitio\\\/#\\\/schema\\\/person\\\/1a3f017b806c51157b3ac47d302dbe95\"},\"breadcrumb\":{\"@id\":\"http:\\\/\\\/gentedebasquet.com.ar\\\/sitio\\\/2023\\\/12\\\/15\\\/el-9-termina-el-ano-como-imagino-arrancarlo\\\/#breadcrumb\"},\"inLanguage\":\"es\",\"potentialAction\":[{\"@type\":\"ReadAction\",\"target\":[\"http:\\\/\\\/gentedebasquet.com.ar\\\/sitio\\\/2023\\\/12\\\/15\\\/el-9-termina-el-ano-como-imagino-arrancarlo\\\/\"]}]},{\"@type\":\"ImageObject\",\"inLanguage\":\"es\",\"@id\":\"http:\\\/\\\/gentedebasquet.com.ar\\\/sitio\\\/2023\\\/12\\\/15\\\/el-9-termina-el-ano-como-imagino-arrancarlo\\\/#primaryimage\",\"url\":\"https:\\\/\\\/gentedebasquet.com.ar\\\/sitio\\\/wp-content\\\/uploads\\\/2023\\\/12\\\/IMG_20231214_215652874-scaled.jpg\",\"contentUrl\":\"https:\\\/\\\/gentedebasquet.com.ar\\\/sitio\\\/wp-content\\\/uploads\\\/2023\\\/12\\\/IMG_20231214_215652874-scaled.jpg\",\"width\":2560,\"height\":1928},{\"@type\":\"BreadcrumbList\",\"@id\":\"http:\\\/\\\/gentedebasquet.com.ar\\\/sitio\\\/2023\\\/12\\\/15\\\/el-9-termina-el-ano-como-imagino-arrancarlo\\\/#breadcrumb\",\"itemListElement\":[{\"@type\":\"ListItem\",\"position\":1,\"name\":\"Portada\",\"item\":\"https:\\\/\\\/gentedebasquet.com.ar\\\/sitio\\\/\"},{\"@type\":\"ListItem\",\"position\":2,\"name\":\"El 9 termina el a\u00f1o como imagin\u00f3 arrancarlo\"}]},{\"@type\":\"WebSite\",\"@id\":\"https:\\\/\\\/gentedebasquet.com.ar\\\/sitio\\\/#website\",\"url\":\"https:\\\/\\\/gentedebasquet.com.ar\\\/sitio\\\/\",\"name\":\"Gente de B\u00e1squet\",\"description\":\"La revista del basquet de Bah\u00eda Blanca\",\"potentialAction\":[{\"@type\":\"SearchAction\",\"target\":{\"@type\":\"EntryPoint\",\"urlTemplate\":\"https:\\\/\\\/gentedebasquet.com.ar\\\/sitio\\\/?s={search_term_string}\"},\"query-input\":{\"@type\":\"PropertyValueSpecification\",\"valueRequired\":true,\"valueName\":\"search_term_string\"}}],\"inLanguage\":\"es\"},{\"@type\":\"Person\",\"@id\":\"https:\\\/\\\/gentedebasquet.com.ar\\\/sitio\\\/#\\\/schema\\\/person\\\/1a3f017b806c51157b3ac47d302dbe95\",\"name\":\"Enzo Gra\u00f1a\",\"image\":{\"@type\":\"ImageObject\",\"inLanguage\":\"es\",\"@id\":\"https:\\\/\\\/secure.gravatar.com\\\/avatar\\\/93ce035f49cd06f4bd8081993fdcc3ce02f277c5c8dacd23bf419d1c8409f5c8?s=96&d=mm&r=g\",\"url\":\"https:\\\/\\\/secure.gravatar.com\\\/avatar\\\/93ce035f49cd06f4bd8081993fdcc3ce02f277c5c8dacd23bf419d1c8409f5c8?s=96&d=mm&r=g\",\"contentUrl\":\"https:\\\/\\\/secure.gravatar.com\\\/avatar\\\/93ce035f49cd06f4bd8081993fdcc3ce02f277c5c8dacd23bf419d1c8409f5c8?s=96&d=mm&r=g\",\"caption\":\"Enzo Gra\u00f1a\"},\"url\":\"https:\\\/\\\/gentedebasquet.com.ar\\\/sitio\\\/author\\\/enzo-grana\\\/\"}]}<\/script>\n<!-- \/ Yoast SEO plugin. -->","yoast_head_json":{"title":"El 9 termina el a\u00f1o como imagin\u00f3 arrancarlo - Gente de B\u00e1squet","robots":{"index":"index","follow":"follow","max-snippet":"max-snippet:-1","max-image-preview":"max-image-preview:large","max-video-preview":"max-video-preview:-1"},"canonical":"http:\/\/gentedebasquet.com.ar\/sitio\/2023\/12\/15\/el-9-termina-el-ano-como-imagino-arrancarlo\/","og_locale":"es_ES","og_type":"article","og_title":"El 9 termina el a\u00f1o como imagin\u00f3 arrancarlo - Gente de B\u00e1squet","og_description":"En el Nestor Damiani, 9 de Julio venci\u00f3 105-62 a Napost\u00e1 y cerr\u00f3 un 2023 muy irregular. Los dirigidos por Rold\u00e1n, quien no seguir\u00e1 al mando en el 2024, comenzaron fuertes y con tres bombas seguidas obligaban r\u00e1pidamente a Aleksoski a detener el juego, dos de ellas fueron de Manuel Costa (22 pts, 6\/6 t3), [&hellip;]","og_url":"http:\/\/gentedebasquet.com.ar\/sitio\/2023\/12\/15\/el-9-termina-el-ano-como-imagino-arrancarlo\/","og_site_name":"Gente de B\u00e1squet","article_published_time":"2023-12-15T02:38:48+00:00","article_modified_time":"2023-12-15T02:56:25+00:00","og_image":[{"width":2560,"height":1928,"url":"http:\/\/gentedebasquet.com.ar\/sitio\/wp-content\/uploads\/2023\/12\/IMG_20231214_215652874-scaled.jpg","type":"image\/jpeg"}],"author":"Enzo Gra\u00f1a","twitter_card":"summary_large_image","twitter_misc":{"Escrito por":"Enzo Gra\u00f1a","Tiempo de lectura":"4 minutos"},"schema":{"@context":"https:\/\/schema.org","@graph":[{"@type":"Article","@id":"http:\/\/gentedebasquet.com.ar\/sitio\/2023\/12\/15\/el-9-termina-el-ano-como-imagino-arrancarlo\/#article","isPartOf":{"@id":"http:\/\/gentedebasquet.com.ar\/sitio\/2023\/12\/15\/el-9-termina-el-ano-como-imagino-arrancarlo\/"},"author":{"name":"Enzo Gra\u00f1a","@id":"https:\/\/gentedebasquet.com.ar\/sitio\/#\/schema\/person\/1a3f017b806c51157b3ac47d302dbe95"},"headline":"El 9 termina el a\u00f1o como imagin\u00f3 arrancarlo","datePublished":"2023-12-15T02:38:48+00:00","dateModified":"2023-12-15T02:56:25+00:00","mainEntityOfPage":{"@id":"http:\/\/gentedebasquet.com.ar\/sitio\/2023\/12\/15\/el-9-termina-el-ano-como-imagino-arrancarlo\/"},"wordCount":376,"commentCount":0,"image":{"@id":"http:\/\/gentedebasquet.com.ar\/sitio\/2023\/12\/15\/el-9-termina-el-ano-como-imagino-arrancarlo\/#primaryimage"},"thumbnailUrl":"https:\/\/gentedebasquet.com.ar\/sitio\/wp-content\/uploads\/2023\/12\/IMG_20231214_215652874-scaled.jpg","keywords":["9 de Julio","Manuel Costa","Naposta"],"articleSection":["Primera"],"inLanguage":"es","potentialAction":[{"@type":"CommentAction","name":"Comment","target":["http:\/\/gentedebasquet.com.ar\/sitio\/2023\/12\/15\/el-9-termina-el-ano-como-imagino-arrancarlo\/#respond"]}]},{"@type":"WebPage","@id":"http:\/\/gentedebasquet.com.ar\/sitio\/2023\/12\/15\/el-9-termina-el-ano-como-imagino-arrancarlo\/","url":"http:\/\/gentedebasquet.com.ar\/sitio\/2023\/12\/15\/el-9-termina-el-ano-como-imagino-arrancarlo\/","name":"El 9 termina el a\u00f1o como imagin\u00f3 arrancarlo - Gente de B\u00e1squet","isPartOf":{"@id":"https:\/\/gentedebasquet.com.ar\/sitio\/#website"},"primaryImageOfPage":{"@id":"http:\/\/gentedebasquet.com.ar\/sitio\/2023\/12\/15\/el-9-termina-el-ano-como-imagino-arrancarlo\/#primaryimage"},"image":{"@id":"http:\/\/gentedebasquet.com.ar\/sitio\/2023\/12\/15\/el-9-termina-el-ano-como-imagino-arrancarlo\/#primaryimage"},"thumbnailUrl":"https:\/\/gentedebasquet.com.ar\/sitio\/wp-content\/uploads\/2023\/12\/IMG_20231214_215652874-scaled.jpg","datePublished":"2023-12-15T02:38:48+00:00","dateModified":"2023-12-15T02:56:25+00:00","author":{"@id":"https:\/\/gentedebasquet.com.ar\/sitio\/#\/schema\/person\/1a3f017b806c51157b3ac47d302dbe95"},"breadcrumb":{"@id":"http:\/\/gentedebasquet.com.ar\/sitio\/2023\/12\/15\/el-9-termina-el-ano-como-imagino-arrancarlo\/#breadcrumb"},"inLanguage":"es","potentialAction":[{"@type":"ReadAction","target":["http:\/\/gentedebasquet.com.ar\/sitio\/2023\/12\/15\/el-9-termina-el-ano-como-imagino-arrancarlo\/"]}]},{"@type":"ImageObject","inLanguage":"es","@id":"http:\/\/gentedebasquet.com.ar\/sitio\/2023\/12\/15\/el-9-termina-el-ano-como-imagino-arrancarlo\/#primaryimage","url":"https:\/\/gentedebasquet.com.ar\/sitio\/wp-content\/uploads\/2023\/12\/IMG_20231214_215652874-scaled.jpg","contentUrl":"https:\/\/gentedebasquet.com.ar\/sitio\/wp-content\/uploads\/2023\/12\/IMG_20231214_215652874-scaled.jpg","width":2560,"height":1928},{"@type":"BreadcrumbList","@id":"http:\/\/gentedebasquet.com.ar\/sitio\/2023\/12\/15\/el-9-termina-el-ano-como-imagino-arrancarlo\/#breadcrumb","itemListElement":[{"@type":"ListItem","position":1,"name":"Portada","item":"https:\/\/gentedebasquet.com.ar\/sitio\/"},{"@type":"ListItem","position":2,"name":"El 9 termina el a\u00f1o como imagin\u00f3 arrancarlo"}]},{"@type":"WebSite","@id":"https:\/\/gentedebasquet.com.ar\/sitio\/#website","url":"https:\/\/gentedebasquet.com.ar\/sitio\/","name":"Gente de B\u00e1squet","description":"La revista del basquet de Bah\u00eda Blanca","potentialAction":[{"@type":"SearchAction","target":{"@type":"EntryPoint","urlTemplate":"https:\/\/gentedebasquet.com.ar\/sitio\/?s={search_term_string}"},"query-input":{"@type":"PropertyValueSpecification","valueRequired":true,"valueName":"search_term_string"}}],"inLanguage":"es"},{"@type":"Person","@id":"https:\/\/gentedebasquet.com.ar\/sitio\/#\/schema\/person\/1a3f017b806c51157b3ac47d302dbe95","name":"Enzo Gra\u00f1a","image":{"@type":"ImageObject","inLanguage":"es","@id":"https:\/\/secure.gravatar.com\/avatar\/93ce035f49cd06f4bd8081993fdcc3ce02f277c5c8dacd23bf419d1c8409f5c8?s=96&d=mm&r=g","url":"https:\/\/secure.gravatar.com\/avatar\/93ce035f49cd06f4bd8081993fdcc3ce02f277c5c8dacd23bf419d1c8409f5c8?s=96&d=mm&r=g","contentUrl":"https:\/\/secure.gravatar.com\/avatar\/93ce035f49cd06f4bd8081993fdcc3ce02f277c5c8dacd23bf419d1c8409f5c8?s=96&d=mm&r=g","caption":"Enzo Gra\u00f1a"},"url":"https:\/\/gentedebasquet.com.ar\/sitio\/author\/enzo-grana\/"}]}},"_links":{"self":[{"href":"https:\/\/gentedebasquet.com.ar\/sitio\/wp-json\/wp\/v2\/posts\/110336","targetHints":{"allow":["GET"]}}],"collection":[{"href":"https:\/\/gentedebasquet.com.ar\/sitio\/wp-json\/wp\/v2\/posts"}],"about":[{"href":"https:\/\/gentedebasquet.com.ar\/sitio\/wp-json\/wp\/v2\/types\/post"}],"author":[{"embeddable":true,"href":"https:\/\/gentedebasquet.com.ar\/sitio\/wp-json\/wp\/v2\/users\/67"}],"replies":[{"embeddable":true,"href":"https:\/\/gentedebasquet.com.ar\/sitio\/wp-json\/wp\/v2\/comments?post=110336"}],"version-history":[{"count":3,"href":"https:\/\/gentedebasquet.com.ar\/sitio\/wp-json\/wp\/v2\/posts\/110336\/revisions"}],"predecessor-version":[{"id":110343,"href":"https:\/\/gentedebasquet.com.ar\/sitio\/wp-json\/wp\/v2\/posts\/110336\/revisions\/110343"}],"wp:featuredmedia":[{"embeddable":true,"href":"https:\/\/gentedebasquet.com.ar\/sitio\/wp-json\/wp\/v2\/media\/110341"}],"wp:attachment":[{"href":"https:\/\/gentedebasquet.com.ar\/sitio\/wp-json\/wp\/v2\/media?parent=110336"}],"wp:term":[{"taxonomy":"category","embeddable":true,"href":"https:\/\/gentedebasquet.com.ar\/sitio\/wp-json\/wp\/v2\/categories?post=110336"},{"taxonomy":"post_tag","embeddable":true,"href":"https:\/\/gentedebasquet.com.ar\/sitio\/wp-json\/wp\/v2\/tags?post=110336"}],"curies":[{"name":"wp","href":"https:\/\/api.w.org\/{rel}","templated":true}]}}