{"id":110565,"date":"2024-03-06T05:51:43","date_gmt":"2024-03-06T04:51:43","guid":{"rendered":"https:\/\/gentedebasquet.com.ar\/sitio\/?p=110565"},"modified":"2024-03-06T05:55:33","modified_gmt":"2024-03-06T04:55:33","slug":"argentino-dio-el-golpe-en-punta-alta","status":"publish","type":"post","link":"https:\/\/gentedebasquet.com.ar\/sitio\/2024\/03\/06\/argentino-dio-el-golpe-en-punta-alta\/","title":{"rendered":"Argentino dio el golpe en Punta Alta"},"content":{"rendered":"<p><strong>La escuadra comandada por Renzo Balducci venci\u00f3 81 a 74 a Altense. Genaro Pisani con 24 puntos result\u00f3 la figura. Adem\u00e1s, el visitante cont\u00f3 con 14 de Baltasar Dom\u00ednguez, 13 de Emmanuel Kloster y 11 de Tom\u00e1s Del Sol.<\/strong><\/p>\n<p>En el verde, donde hizo su estreno el entrenador Gustavo Casamayor (reemplaz\u00f3 a Nicol\u00e1s Altamirano), hubo 18 de Guillermo Mallemaci, 15 de Mateo Ortega, 12 de Bruno D\u00b4Amico y 10 de Daniel Ezcurra. Pitaron Eduardo Ferreyra, Ariel Mallimaci y Marcelo Gordillo.<\/p>\n<p>El reforzado Argentino sali\u00f3 decidido, con gran intensidad en defensa y mucha agresividad para cargar el rebote \u2013 dos facetas que supo sostener durante todo el pleito \u2013. Con parcial 11-2 mostr\u00f3 credenciales. Aunque su oponente, que hasta el momento s\u00f3lo hab\u00eda perdido de local con El Nacional, reaccion\u00f3 con una r\u00e1faga 10-0 y se puso arriba en el tanteador.<\/p>\n<p>Re\u00f1ido, friccionado y por momentos err\u00e1tico fue el desarrollo del match. Pisani en el poste bajo hizo da\u00f1o constantemente. Dom\u00ednguez y Kloster anotaron a distancia en un momento clave. Del Sol carg\u00f3 en cada recobre para forzar segundas situaciones ofensivas.<\/p>\n<p>En Altense, que cuando logr\u00f3 liderar el score se mostr\u00f3 apresurado para tomar decisiones (finaliz\u00f3 con 14 p\u00e9rdidas de bal\u00f3n), Mallemaci se las ingeni\u00f3 para autoabastecerse por l\u00ednea de fondo y Marcos Polchi con dos bombazos consecutivos llen\u00f3 de dramatismo el desenlace final.<\/p>\n<p>El visitante provoc\u00f3 el quiebre desde la l\u00ednea de libres a falta de 1min y 40seg (69-73) y supo administrar la ventaja hasta el sonido de la chicharra, para adue\u00f1arse de un triunfo important\u00edsimo.<\/p>\n<p><img decoding=\"async\" class=\"alignnone size-full wp-image-109360\" src=\"http:\/\/gentedebasquet.com.ar\/sitio\/wp-content\/uploads\/2023\/10\/Gif-Publicidades-1.gif\" alt=\"\" width=\"300\" height=\"250\" data-pin-no-hover=\"true\" \/><\/p>\n<div class=\"jeg_video_container jeg_video_content\"><iframe loading=\"lazy\" title=\"#Segunda - Fecha #22: Altense 74 - 81 Argentino\" width=\"500\" height=\"281\" src=\"https:\/\/www.youtube.com\/embed\/vYiPye5ke74?feature=oembed\" frameborder=\"0\" allow=\"accelerometer; autoplay; clipboard-write; encrypted-media; gyroscope; picture-in-picture; web-share\" referrerpolicy=\"strict-origin-when-cross-origin\" allowfullscreen><\/iframe><\/div>\n<p><img decoding=\"async\" class=\"alignnone size-medium wp-image-110566\" src=\"http:\/\/gentedebasquet.com.ar\/sitio\/wp-content\/uploads\/2024\/03\/Fecha-22-ABB-XVV-300x300.jpg\" alt=\"\" width=\"300\" height=\"300\" srcset=\"https:\/\/gentedebasquet.com.ar\/sitio\/wp-content\/uploads\/2024\/03\/Fecha-22-ABB-XVV-300x300.jpg 300w, https:\/\/gentedebasquet.com.ar\/sitio\/wp-content\/uploads\/2024\/03\/Fecha-22-ABB-XVV-1024x1024.jpg 1024w, https:\/\/gentedebasquet.com.ar\/sitio\/wp-content\/uploads\/2024\/03\/Fecha-22-ABB-XVV-150x150.jpg 150w, https:\/\/gentedebasquet.com.ar\/sitio\/wp-content\/uploads\/2024\/03\/Fecha-22-ABB-XVV-768x768.jpg 768w, https:\/\/gentedebasquet.com.ar\/sitio\/wp-content\/uploads\/2024\/03\/Fecha-22-ABB-XVV-1536x1536.jpg 1536w, https:\/\/gentedebasquet.com.ar\/sitio\/wp-content\/uploads\/2024\/03\/Fecha-22-ABB-XVV-75x75.jpg 75w, https:\/\/gentedebasquet.com.ar\/sitio\/wp-content\/uploads\/2024\/03\/Fecha-22-ABB-XVV-350x350.jpg 350w, https:\/\/gentedebasquet.com.ar\/sitio\/wp-content\/uploads\/2024\/03\/Fecha-22-ABB-XVV-750x750.jpg 750w, https:\/\/gentedebasquet.com.ar\/sitio\/wp-content\/uploads\/2024\/03\/Fecha-22-ABB-XVV-1140x1140.jpg 1140w, https:\/\/gentedebasquet.com.ar\/sitio\/wp-content\/uploads\/2024\/03\/Fecha-22-ABB-XVV.jpg 1600w\" sizes=\"(max-width: 300px) 100vw, 300px\" \/><\/p>\n<p><img decoding=\"async\" class=\"alignnone size-full wp-image-108810\" src=\"http:\/\/gentedebasquet.com.ar\/sitio\/wp-content\/uploads\/2023\/09\/Gif-Publicidades-2-4.gif\" alt=\"\" width=\"300\" height=\"250\" data-pin-no-hover=\"true\" \/><\/p>\n<p>&nbsp;<\/p>\n<p><img decoding=\"async\" class=\"alignnone size-medium wp-image-110567\" src=\"http:\/\/gentedebasquet.com.ar\/sitio\/wp-content\/uploads\/2024\/03\/Fecha-22-ABB-XVVii-225x300.jpg\" alt=\"\" width=\"225\" height=\"300\" srcset=\"https:\/\/gentedebasquet.com.ar\/sitio\/wp-content\/uploads\/2024\/03\/Fecha-22-ABB-XVVii-225x300.jpg 225w, https:\/\/gentedebasquet.com.ar\/sitio\/wp-content\/uploads\/2024\/03\/Fecha-22-ABB-XVVii-768x1024.jpg 768w, https:\/\/gentedebasquet.com.ar\/sitio\/wp-content\/uploads\/2024\/03\/Fecha-22-ABB-XVVii-1152x1536.jpg 1152w, https:\/\/gentedebasquet.com.ar\/sitio\/wp-content\/uploads\/2024\/03\/Fecha-22-ABB-XVVii-750x1000.jpg 750w, https:\/\/gentedebasquet.com.ar\/sitio\/wp-content\/uploads\/2024\/03\/Fecha-22-ABB-XVVii-1140x1520.jpg 1140w, https:\/\/gentedebasquet.com.ar\/sitio\/wp-content\/uploads\/2024\/03\/Fecha-22-ABB-XVVii.jpg 1200w\" sizes=\"(max-width: 225px) 100vw, 225px\" \/><\/p>\n<blockquote><p>\u201cMuy contentos, vinimos a ganarle a uno de los punteros y candidatos, hicimos una gran pretemporada para venir a buscar este resultado ac\u00e1. Fue dur\u00edsimo, fue todo defensa y correr la cancha. Tuvimos mucha actitud de atr\u00e1s para adelante. Vinieron varios chicos y tenemos un poco m\u00e1s de recambio. Hay que terminar lo m\u00e1s arriba posible la fase regular\u201d, <strong>Genaro Pisani (Argentino).<\/strong><\/p><\/blockquote>\n<p><img decoding=\"async\" class=\"alignnone size-medium wp-image-110568\" src=\"http:\/\/gentedebasquet.com.ar\/sitio\/wp-content\/uploads\/2024\/03\/Fecha-22-ABB-XVVi-300x300.jpg\" alt=\"\" width=\"300\" height=\"300\" srcset=\"https:\/\/gentedebasquet.com.ar\/sitio\/wp-content\/uploads\/2024\/03\/Fecha-22-ABB-XVVi-300x300.jpg 300w, https:\/\/gentedebasquet.com.ar\/sitio\/wp-content\/uploads\/2024\/03\/Fecha-22-ABB-XVVi-1024x1024.jpg 1024w, https:\/\/gentedebasquet.com.ar\/sitio\/wp-content\/uploads\/2024\/03\/Fecha-22-ABB-XVVi-150x150.jpg 150w, https:\/\/gentedebasquet.com.ar\/sitio\/wp-content\/uploads\/2024\/03\/Fecha-22-ABB-XVVi-768x768.jpg 768w, https:\/\/gentedebasquet.com.ar\/sitio\/wp-content\/uploads\/2024\/03\/Fecha-22-ABB-XVVi-1536x1536.jpg 1536w, https:\/\/gentedebasquet.com.ar\/sitio\/wp-content\/uploads\/2024\/03\/Fecha-22-ABB-XVVi-75x75.jpg 75w, https:\/\/gentedebasquet.com.ar\/sitio\/wp-content\/uploads\/2024\/03\/Fecha-22-ABB-XVVi-350x350.jpg 350w, https:\/\/gentedebasquet.com.ar\/sitio\/wp-content\/uploads\/2024\/03\/Fecha-22-ABB-XVVi-750x750.jpg 750w, https:\/\/gentedebasquet.com.ar\/sitio\/wp-content\/uploads\/2024\/03\/Fecha-22-ABB-XVVi-1140x1140.jpg 1140w, https:\/\/gentedebasquet.com.ar\/sitio\/wp-content\/uploads\/2024\/03\/Fecha-22-ABB-XVVi.jpg 1600w\" sizes=\"(max-width: 300px) 100vw, 300px\" \/><\/p>\n<p><img decoding=\"async\" class=\"alignnone size-full wp-image-109913\" src=\"http:\/\/gentedebasquet.com.ar\/sitio\/wp-content\/uploads\/2023\/11\/Gif-Publicidades-3-1.gif\" alt=\"\" width=\"300\" height=\"250\" data-pin-no-hover=\"true\" \/><\/p>\n<p><strong>S\u00edntesis<\/strong>\u00a0\u2013 Segunda \u2013 Fecha #22<\/p>\n<p><strong>Altense 74:\u00a0<\/strong>Mateo Ortega 15, Franco Percello 2, Bruno Sacomani 6, Guillermo Mallemaci 18, Daniel Ezcurra 10,\u00a0<strong>(FI);<\/strong>\u00a0Mat\u00edas Leiva 0, Marcos Polchi 9 (x), Nicol\u00e1s Bejarano 2, Jerem\u00edas Goncalvez 0 y Bruno D\u00b4Amico 12.\u00a0<strong>DT: Gustavo Casamayor. <\/strong><\/p>\n<p><strong>Argentino 81:<\/strong>\u00a0 Emanuel Kloster 13, Mart\u00edn Godoy 3, Nicol\u00e1s Antonelli 10, Genaro Pisani 24, Baltasar Dom\u00ednguez 14,\u00a0<strong>(FI);<\/strong>\u00a0Tom\u00e1s Del Sol 11 (x), Genaro Parrotta 0, Ferm\u00edn Marizcurrena 0, Ramiro Lorenzo 4, Bruno Ugolini 2 y Gaspar Marizcurrena 0.\u00a0<strong>DT: Renzo Balducci.<\/strong><\/p>\n<p><strong>Parciales<\/strong>: 20-18, 39-40 (19-22), 54-60 (15-20) y 74-81 (20-21).<\/p>\n<p><strong>\u00c1rbitros<\/strong>: Eduardo Ferreyra, Ariel Mallimaci y Marcelo Gordillo.<\/p>\n<p><strong>Estadio:<\/strong>\u00a0Armando Traini (Altense).<\/p>\n<p><img decoding=\"async\" class=\"alignnone size-full wp-image-109914\" src=\"http:\/\/gentedebasquet.com.ar\/sitio\/wp-content\/uploads\/2023\/11\/Gif-Publicidades-4-1-1.gif\" alt=\"\" width=\"300\" height=\"250\" data-pin-no-hover=\"true\" \/><\/p>\n<p><img decoding=\"async\" class=\"alignnone size-medium wp-image-110570\" src=\"http:\/\/gentedebasquet.com.ar\/sitio\/wp-content\/uploads\/2024\/03\/Tapa-GDB-I-300x258.jpg\" alt=\"\" width=\"300\" height=\"258\" srcset=\"https:\/\/gentedebasquet.com.ar\/sitio\/wp-content\/uploads\/2024\/03\/Tapa-GDB-I-300x258.jpg 300w, https:\/\/gentedebasquet.com.ar\/sitio\/wp-content\/uploads\/2024\/03\/Tapa-GDB-I.jpg 650w\" sizes=\"(max-width: 300px) 100vw, 300px\" \/><\/p>\n<p>Fotos: Marcelo Barth (Punta Noticias)<\/p>\n","protected":false},"excerpt":{"rendered":"<p>La escuadra comandada por Renzo Balducci venci\u00f3 81 a 74 a Altense. Genaro Pisani con 24 puntos result\u00f3 la figura. Adem\u00e1s, el visitante cont\u00f3 con 14 de Baltasar Dom\u00ednguez, 13 de Emmanuel Kloster y 11 de Tom\u00e1s Del Sol. En el verde, donde hizo su estreno el entrenador Gustavo Casamayor (reemplaz\u00f3 a Nicol\u00e1s Altamirano), hubo [&hellip;]<\/p>\n","protected":false},"author":62,"featured_media":110573,"comment_status":"open","ping_status":"open","sticky":false,"template":"","format":"standard","meta":{"jnews-multi-image_gallery":[],"jnews_single_post":{"source_name":"","source_url":"","via_name":"","via_url":"","override_template":"0","override":[{"template":"1","single_blog_custom":"","parallax":"1","fullscreen":"1","layout":"right-sidebar","sidebar":"default-sidebar","second_sidebar":"default-sidebar","sticky_sidebar":"1","share_position":"top","share_float_style":"share-monocrhome","show_share_counter":"0","show_view_counter":"0","show_featured":"1","show_post_meta":"1","show_post_author":"1","show_post_author_image":"1","show_post_date":"1","post_date_format":"default","post_date_format_custom":"Y\/m\/d","show_post_category":"1","show_post_reading_time":"0","post_reading_time_wpm":"300","show_zoom_button":"0","zoom_button_out_step":"2","zoom_button_in_step":"3","show_post_tag":"1","show_prev_next_post":"1","show_popup_post":"1","number_popup_post":"1","show_author_box":"0","show_post_related":"0","show_inline_post_related":"0"}],"override_image_size":"0","image_override":[{"single_post_thumbnail_size":"crop-500","single_post_gallery_size":"crop-500"}],"trending_post":"0","trending_post_position":"meta","trending_post_label":"Trending","sponsored_post":"0","sponsored_post_label":"Sponsored by","sponsored_post_name":"","sponsored_post_url":"","sponsored_post_logo_enable":"0","sponsored_post_logo":"","sponsored_post_desc":"","disable_ad":"0"},"jnews_primary_category":{"id":"","hide":""},"footnotes":""},"categories":[25,101],"tags":[213,4,1940],"class_list":["post-110565","post","type-post","status-publish","format-standard","has-post-thumbnail","hentry","category-segunda","category-slide","tag-altense","tag-argentino","tag-torneo-de-segunda"],"yoast_head":"<!-- This site is optimized with the Yoast SEO plugin v27.4 - https:\/\/yoast.com\/product\/yoast-seo-wordpress\/ -->\n<title>Argentino dio el golpe en Punta Alta - Gente de B\u00e1squet<\/title>\n<meta name=\"robots\" content=\"index, follow, max-snippet:-1, max-image-preview:large, max-video-preview:-1\" \/>\n<link rel=\"canonical\" href=\"http:\/\/gentedebasquet.com.ar\/sitio\/2024\/03\/06\/argentino-dio-el-golpe-en-punta-alta\/\" \/>\n<meta property=\"og:locale\" content=\"es_ES\" \/>\n<meta property=\"og:type\" content=\"article\" \/>\n<meta property=\"og:title\" content=\"Argentino dio el golpe en Punta Alta - Gente de B\u00e1squet\" \/>\n<meta property=\"og:description\" content=\"La escuadra comandada por Renzo Balducci venci\u00f3 81 a 74 a Altense. Genaro Pisani con 24 puntos result\u00f3 la figura. Adem\u00e1s, el visitante cont\u00f3 con 14 de Baltasar Dom\u00ednguez, 13 de Emmanuel Kloster y 11 de Tom\u00e1s Del Sol. En el verde, donde hizo su estreno el entrenador Gustavo Casamayor (reemplaz\u00f3 a Nicol\u00e1s Altamirano), hubo [&hellip;]\" \/>\n<meta property=\"og:url\" content=\"http:\/\/gentedebasquet.com.ar\/sitio\/2024\/03\/06\/argentino-dio-el-golpe-en-punta-alta\/\" \/>\n<meta property=\"og:site_name\" content=\"Gente de B\u00e1squet\" \/>\n<meta property=\"article:published_time\" content=\"2024-03-06T04:51:43+00:00\" \/>\n<meta property=\"article:modified_time\" content=\"2024-03-06T04:55:33+00:00\" \/>\n<meta property=\"og:image\" content=\"http:\/\/gentedebasquet.com.ar\/sitio\/wp-content\/uploads\/2024\/03\/DSC_7519.jpg\" \/>\n\t<meta property=\"og:image:width\" content=\"690\" \/>\n\t<meta property=\"og:image:height\" content=\"322\" \/>\n\t<meta property=\"og:image:type\" content=\"image\/jpeg\" \/>\n<meta name=\"author\" content=\"Mat\u00edas Dom\u00ednguez\" \/>\n<meta name=\"twitter:card\" content=\"summary_large_image\" \/>\n<meta name=\"twitter:label1\" content=\"Escrito por\" \/>\n\t<meta name=\"twitter:data1\" content=\"Mat\u00edas Dom\u00ednguez\" \/>\n\t<meta name=\"twitter:label2\" content=\"Tiempo de lectura\" \/>\n\t<meta name=\"twitter:data2\" content=\"4 minutos\" \/>\n<script type=\"application\/ld+json\" class=\"yoast-schema-graph\">{\"@context\":\"https:\\\/\\\/schema.org\",\"@graph\":[{\"@type\":\"Article\",\"@id\":\"http:\\\/\\\/gentedebasquet.com.ar\\\/sitio\\\/2024\\\/03\\\/06\\\/argentino-dio-el-golpe-en-punta-alta\\\/#article\",\"isPartOf\":{\"@id\":\"http:\\\/\\\/gentedebasquet.com.ar\\\/sitio\\\/2024\\\/03\\\/06\\\/argentino-dio-el-golpe-en-punta-alta\\\/\"},\"author\":{\"name\":\"Mat\u00edas Dom\u00ednguez\",\"@id\":\"http:\\\/\\\/gentedebasquet.com.ar\\\/sitio\\\/#\\\/schema\\\/person\\\/2df9550994560b26db96aa8de5494221\"},\"headline\":\"Argentino dio el golpe en Punta Alta\",\"datePublished\":\"2024-03-06T04:51:43+00:00\",\"dateModified\":\"2024-03-06T04:55:33+00:00\",\"mainEntityOfPage\":{\"@id\":\"http:\\\/\\\/gentedebasquet.com.ar\\\/sitio\\\/2024\\\/03\\\/06\\\/argentino-dio-el-golpe-en-punta-alta\\\/\"},\"wordCount\":444,\"commentCount\":0,\"image\":{\"@id\":\"http:\\\/\\\/gentedebasquet.com.ar\\\/sitio\\\/2024\\\/03\\\/06\\\/argentino-dio-el-golpe-en-punta-alta\\\/#primaryimage\"},\"thumbnailUrl\":\"https:\\\/\\\/gentedebasquet.com.ar\\\/sitio\\\/wp-content\\\/uploads\\\/2024\\\/03\\\/DSC_7519.jpg\",\"keywords\":[\"Altense\",\"Argentino\",\"Torneo de Segunda\"],\"articleSection\":[\"Segunda\",\"Slide\"],\"inLanguage\":\"es\",\"potentialAction\":[{\"@type\":\"CommentAction\",\"name\":\"Comment\",\"target\":[\"http:\\\/\\\/gentedebasquet.com.ar\\\/sitio\\\/2024\\\/03\\\/06\\\/argentino-dio-el-golpe-en-punta-alta\\\/#respond\"]}]},{\"@type\":\"WebPage\",\"@id\":\"http:\\\/\\\/gentedebasquet.com.ar\\\/sitio\\\/2024\\\/03\\\/06\\\/argentino-dio-el-golpe-en-punta-alta\\\/\",\"url\":\"http:\\\/\\\/gentedebasquet.com.ar\\\/sitio\\\/2024\\\/03\\\/06\\\/argentino-dio-el-golpe-en-punta-alta\\\/\",\"name\":\"Argentino dio el golpe en Punta Alta - Gente de B\u00e1squet\",\"isPartOf\":{\"@id\":\"http:\\\/\\\/gentedebasquet.com.ar\\\/sitio\\\/#website\"},\"primaryImageOfPage\":{\"@id\":\"http:\\\/\\\/gentedebasquet.com.ar\\\/sitio\\\/2024\\\/03\\\/06\\\/argentino-dio-el-golpe-en-punta-alta\\\/#primaryimage\"},\"image\":{\"@id\":\"http:\\\/\\\/gentedebasquet.com.ar\\\/sitio\\\/2024\\\/03\\\/06\\\/argentino-dio-el-golpe-en-punta-alta\\\/#primaryimage\"},\"thumbnailUrl\":\"https:\\\/\\\/gentedebasquet.com.ar\\\/sitio\\\/wp-content\\\/uploads\\\/2024\\\/03\\\/DSC_7519.jpg\",\"datePublished\":\"2024-03-06T04:51:43+00:00\",\"dateModified\":\"2024-03-06T04:55:33+00:00\",\"author\":{\"@id\":\"http:\\\/\\\/gentedebasquet.com.ar\\\/sitio\\\/#\\\/schema\\\/person\\\/2df9550994560b26db96aa8de5494221\"},\"breadcrumb\":{\"@id\":\"http:\\\/\\\/gentedebasquet.com.ar\\\/sitio\\\/2024\\\/03\\\/06\\\/argentino-dio-el-golpe-en-punta-alta\\\/#breadcrumb\"},\"inLanguage\":\"es\",\"potentialAction\":[{\"@type\":\"ReadAction\",\"target\":[\"http:\\\/\\\/gentedebasquet.com.ar\\\/sitio\\\/2024\\\/03\\\/06\\\/argentino-dio-el-golpe-en-punta-alta\\\/\"]}]},{\"@type\":\"ImageObject\",\"inLanguage\":\"es\",\"@id\":\"http:\\\/\\\/gentedebasquet.com.ar\\\/sitio\\\/2024\\\/03\\\/06\\\/argentino-dio-el-golpe-en-punta-alta\\\/#primaryimage\",\"url\":\"https:\\\/\\\/gentedebasquet.com.ar\\\/sitio\\\/wp-content\\\/uploads\\\/2024\\\/03\\\/DSC_7519.jpg\",\"contentUrl\":\"https:\\\/\\\/gentedebasquet.com.ar\\\/sitio\\\/wp-content\\\/uploads\\\/2024\\\/03\\\/DSC_7519.jpg\",\"width\":690,\"height\":322},{\"@type\":\"BreadcrumbList\",\"@id\":\"http:\\\/\\\/gentedebasquet.com.ar\\\/sitio\\\/2024\\\/03\\\/06\\\/argentino-dio-el-golpe-en-punta-alta\\\/#breadcrumb\",\"itemListElement\":[{\"@type\":\"ListItem\",\"position\":1,\"name\":\"Portada\",\"item\":\"http:\\\/\\\/gentedebasquet.com.ar\\\/sitio\\\/\"},{\"@type\":\"ListItem\",\"position\":2,\"name\":\"Argentino dio el golpe en Punta Alta\"}]},{\"@type\":\"WebSite\",\"@id\":\"http:\\\/\\\/gentedebasquet.com.ar\\\/sitio\\\/#website\",\"url\":\"http:\\\/\\\/gentedebasquet.com.ar\\\/sitio\\\/\",\"name\":\"Gente de B\u00e1squet\",\"description\":\"La revista del basquet de Bah\u00eda Blanca\",\"potentialAction\":[{\"@type\":\"SearchAction\",\"target\":{\"@type\":\"EntryPoint\",\"urlTemplate\":\"http:\\\/\\\/gentedebasquet.com.ar\\\/sitio\\\/?s={search_term_string}\"},\"query-input\":{\"@type\":\"PropertyValueSpecification\",\"valueRequired\":true,\"valueName\":\"search_term_string\"}}],\"inLanguage\":\"es\"},{\"@type\":\"Person\",\"@id\":\"http:\\\/\\\/gentedebasquet.com.ar\\\/sitio\\\/#\\\/schema\\\/person\\\/2df9550994560b26db96aa8de5494221\",\"name\":\"Mat\u00edas Dom\u00ednguez\",\"image\":{\"@type\":\"ImageObject\",\"inLanguage\":\"es\",\"@id\":\"https:\\\/\\\/secure.gravatar.com\\\/avatar\\\/29491ec59dbc2f899f1cb4052e9f2827b5aee3a84bdc66a9fd6789abc018a99d?s=96&d=mm&r=g\",\"url\":\"https:\\\/\\\/secure.gravatar.com\\\/avatar\\\/29491ec59dbc2f899f1cb4052e9f2827b5aee3a84bdc66a9fd6789abc018a99d?s=96&d=mm&r=g\",\"contentUrl\":\"https:\\\/\\\/secure.gravatar.com\\\/avatar\\\/29491ec59dbc2f899f1cb4052e9f2827b5aee3a84bdc66a9fd6789abc018a99d?s=96&d=mm&r=g\",\"caption\":\"Mat\u00edas Dom\u00ednguez\"},\"url\":\"https:\\\/\\\/gentedebasquet.com.ar\\\/sitio\\\/author\\\/matias-dominguez\\\/\"}]}<\/script>\n<!-- \/ Yoast SEO plugin. -->","yoast_head_json":{"title":"Argentino dio el golpe en Punta Alta - Gente de B\u00e1squet","robots":{"index":"index","follow":"follow","max-snippet":"max-snippet:-1","max-image-preview":"max-image-preview:large","max-video-preview":"max-video-preview:-1"},"canonical":"http:\/\/gentedebasquet.com.ar\/sitio\/2024\/03\/06\/argentino-dio-el-golpe-en-punta-alta\/","og_locale":"es_ES","og_type":"article","og_title":"Argentino dio el golpe en Punta Alta - Gente de B\u00e1squet","og_description":"La escuadra comandada por Renzo Balducci venci\u00f3 81 a 74 a Altense. Genaro Pisani con 24 puntos result\u00f3 la figura. Adem\u00e1s, el visitante cont\u00f3 con 14 de Baltasar Dom\u00ednguez, 13 de Emmanuel Kloster y 11 de Tom\u00e1s Del Sol. En el verde, donde hizo su estreno el entrenador Gustavo Casamayor (reemplaz\u00f3 a Nicol\u00e1s Altamirano), hubo [&hellip;]","og_url":"http:\/\/gentedebasquet.com.ar\/sitio\/2024\/03\/06\/argentino-dio-el-golpe-en-punta-alta\/","og_site_name":"Gente de B\u00e1squet","article_published_time":"2024-03-06T04:51:43+00:00","article_modified_time":"2024-03-06T04:55:33+00:00","og_image":[{"width":690,"height":322,"url":"http:\/\/gentedebasquet.com.ar\/sitio\/wp-content\/uploads\/2024\/03\/DSC_7519.jpg","type":"image\/jpeg"}],"author":"Mat\u00edas Dom\u00ednguez","twitter_card":"summary_large_image","twitter_misc":{"Escrito por":"Mat\u00edas Dom\u00ednguez","Tiempo de lectura":"4 minutos"},"schema":{"@context":"https:\/\/schema.org","@graph":[{"@type":"Article","@id":"http:\/\/gentedebasquet.com.ar\/sitio\/2024\/03\/06\/argentino-dio-el-golpe-en-punta-alta\/#article","isPartOf":{"@id":"http:\/\/gentedebasquet.com.ar\/sitio\/2024\/03\/06\/argentino-dio-el-golpe-en-punta-alta\/"},"author":{"name":"Mat\u00edas Dom\u00ednguez","@id":"http:\/\/gentedebasquet.com.ar\/sitio\/#\/schema\/person\/2df9550994560b26db96aa8de5494221"},"headline":"Argentino dio el golpe en Punta Alta","datePublished":"2024-03-06T04:51:43+00:00","dateModified":"2024-03-06T04:55:33+00:00","mainEntityOfPage":{"@id":"http:\/\/gentedebasquet.com.ar\/sitio\/2024\/03\/06\/argentino-dio-el-golpe-en-punta-alta\/"},"wordCount":444,"commentCount":0,"image":{"@id":"http:\/\/gentedebasquet.com.ar\/sitio\/2024\/03\/06\/argentino-dio-el-golpe-en-punta-alta\/#primaryimage"},"thumbnailUrl":"https:\/\/gentedebasquet.com.ar\/sitio\/wp-content\/uploads\/2024\/03\/DSC_7519.jpg","keywords":["Altense","Argentino","Torneo de Segunda"],"articleSection":["Segunda","Slide"],"inLanguage":"es","potentialAction":[{"@type":"CommentAction","name":"Comment","target":["http:\/\/gentedebasquet.com.ar\/sitio\/2024\/03\/06\/argentino-dio-el-golpe-en-punta-alta\/#respond"]}]},{"@type":"WebPage","@id":"http:\/\/gentedebasquet.com.ar\/sitio\/2024\/03\/06\/argentino-dio-el-golpe-en-punta-alta\/","url":"http:\/\/gentedebasquet.com.ar\/sitio\/2024\/03\/06\/argentino-dio-el-golpe-en-punta-alta\/","name":"Argentino dio el golpe en Punta Alta - Gente de B\u00e1squet","isPartOf":{"@id":"http:\/\/gentedebasquet.com.ar\/sitio\/#website"},"primaryImageOfPage":{"@id":"http:\/\/gentedebasquet.com.ar\/sitio\/2024\/03\/06\/argentino-dio-el-golpe-en-punta-alta\/#primaryimage"},"image":{"@id":"http:\/\/gentedebasquet.com.ar\/sitio\/2024\/03\/06\/argentino-dio-el-golpe-en-punta-alta\/#primaryimage"},"thumbnailUrl":"https:\/\/gentedebasquet.com.ar\/sitio\/wp-content\/uploads\/2024\/03\/DSC_7519.jpg","datePublished":"2024-03-06T04:51:43+00:00","dateModified":"2024-03-06T04:55:33+00:00","author":{"@id":"http:\/\/gentedebasquet.com.ar\/sitio\/#\/schema\/person\/2df9550994560b26db96aa8de5494221"},"breadcrumb":{"@id":"http:\/\/gentedebasquet.com.ar\/sitio\/2024\/03\/06\/argentino-dio-el-golpe-en-punta-alta\/#breadcrumb"},"inLanguage":"es","potentialAction":[{"@type":"ReadAction","target":["http:\/\/gentedebasquet.com.ar\/sitio\/2024\/03\/06\/argentino-dio-el-golpe-en-punta-alta\/"]}]},{"@type":"ImageObject","inLanguage":"es","@id":"http:\/\/gentedebasquet.com.ar\/sitio\/2024\/03\/06\/argentino-dio-el-golpe-en-punta-alta\/#primaryimage","url":"https:\/\/gentedebasquet.com.ar\/sitio\/wp-content\/uploads\/2024\/03\/DSC_7519.jpg","contentUrl":"https:\/\/gentedebasquet.com.ar\/sitio\/wp-content\/uploads\/2024\/03\/DSC_7519.jpg","width":690,"height":322},{"@type":"BreadcrumbList","@id":"http:\/\/gentedebasquet.com.ar\/sitio\/2024\/03\/06\/argentino-dio-el-golpe-en-punta-alta\/#breadcrumb","itemListElement":[{"@type":"ListItem","position":1,"name":"Portada","item":"http:\/\/gentedebasquet.com.ar\/sitio\/"},{"@type":"ListItem","position":2,"name":"Argentino dio el golpe en Punta Alta"}]},{"@type":"WebSite","@id":"http:\/\/gentedebasquet.com.ar\/sitio\/#website","url":"http:\/\/gentedebasquet.com.ar\/sitio\/","name":"Gente de B\u00e1squet","description":"La revista del basquet de Bah\u00eda Blanca","potentialAction":[{"@type":"SearchAction","target":{"@type":"EntryPoint","urlTemplate":"http:\/\/gentedebasquet.com.ar\/sitio\/?s={search_term_string}"},"query-input":{"@type":"PropertyValueSpecification","valueRequired":true,"valueName":"search_term_string"}}],"inLanguage":"es"},{"@type":"Person","@id":"http:\/\/gentedebasquet.com.ar\/sitio\/#\/schema\/person\/2df9550994560b26db96aa8de5494221","name":"Mat\u00edas Dom\u00ednguez","image":{"@type":"ImageObject","inLanguage":"es","@id":"https:\/\/secure.gravatar.com\/avatar\/29491ec59dbc2f899f1cb4052e9f2827b5aee3a84bdc66a9fd6789abc018a99d?s=96&d=mm&r=g","url":"https:\/\/secure.gravatar.com\/avatar\/29491ec59dbc2f899f1cb4052e9f2827b5aee3a84bdc66a9fd6789abc018a99d?s=96&d=mm&r=g","contentUrl":"https:\/\/secure.gravatar.com\/avatar\/29491ec59dbc2f899f1cb4052e9f2827b5aee3a84bdc66a9fd6789abc018a99d?s=96&d=mm&r=g","caption":"Mat\u00edas Dom\u00ednguez"},"url":"https:\/\/gentedebasquet.com.ar\/sitio\/author\/matias-dominguez\/"}]}},"_links":{"self":[{"href":"https:\/\/gentedebasquet.com.ar\/sitio\/wp-json\/wp\/v2\/posts\/110565","targetHints":{"allow":["GET"]}}],"collection":[{"href":"https:\/\/gentedebasquet.com.ar\/sitio\/wp-json\/wp\/v2\/posts"}],"about":[{"href":"https:\/\/gentedebasquet.com.ar\/sitio\/wp-json\/wp\/v2\/types\/post"}],"author":[{"embeddable":true,"href":"https:\/\/gentedebasquet.com.ar\/sitio\/wp-json\/wp\/v2\/users\/62"}],"replies":[{"embeddable":true,"href":"https:\/\/gentedebasquet.com.ar\/sitio\/wp-json\/wp\/v2\/comments?post=110565"}],"version-history":[{"count":3,"href":"https:\/\/gentedebasquet.com.ar\/sitio\/wp-json\/wp\/v2\/posts\/110565\/revisions"}],"predecessor-version":[{"id":110575,"href":"https:\/\/gentedebasquet.com.ar\/sitio\/wp-json\/wp\/v2\/posts\/110565\/revisions\/110575"}],"wp:featuredmedia":[{"embeddable":true,"href":"https:\/\/gentedebasquet.com.ar\/sitio\/wp-json\/wp\/v2\/media\/110573"}],"wp:attachment":[{"href":"https:\/\/gentedebasquet.com.ar\/sitio\/wp-json\/wp\/v2\/media?parent=110565"}],"wp:term":[{"taxonomy":"category","embeddable":true,"href":"https:\/\/gentedebasquet.com.ar\/sitio\/wp-json\/wp\/v2\/categories?post=110565"},{"taxonomy":"post_tag","embeddable":true,"href":"https:\/\/gentedebasquet.com.ar\/sitio\/wp-json\/wp\/v2\/tags?post=110565"}],"curies":[{"name":"wp","href":"https:\/\/api.w.org\/{rel}","templated":true}]}}