{"id":110598,"date":"2024-03-08T06:06:50","date_gmt":"2024-03-08T05:06:50","guid":{"rendered":"https:\/\/gentedebasquet.com.ar\/sitio\/?p=110598"},"modified":"2024-03-08T06:06:50","modified_gmt":"2024-03-08T05:06:50","slug":"la-noche-sonada-del-purre","status":"publish","type":"post","link":"https:\/\/gentedebasquet.com.ar\/sitio\/2024\/03\/08\/la-noche-sonada-del-purre\/","title":{"rendered":"La noche so\u00f1ada del Purre"},"content":{"rendered":"<p><strong>Una noche que Pueyrred\u00f3n no se va a olvidar jam\u00e1s. De esas que quedan en el recuerdo. En suplementario y con dos triples sobre la chicharra claves, el auriazul venci\u00f3 a 9 de Julio por 75 a 73, en un partido clave por los puestos de abajo.<\/strong><\/p>\n<p>La victoria fue la frutilla del postre en una jornada festiva ya que se inaugur\u00f3 oficialmente el flamante piso flotante, en una obra hist\u00f3rica para la instituci\u00f3n.<\/p>\n<p>En el entretiempo, se realiz\u00f3 el acto en el que particip\u00f3 el presidente de la Federaci\u00f3n Bonaerense Marcelo Pallotti y el presidente de la ABB Guillermo Barco, adem\u00e1s de los respectivos dirigentes del conjunto de calle Darregueira.<\/p>\n<p>La ocasi\u00f3n amerita arrancar por el final. Al resto del partido lo podemos resumir con que fue un juego luchado, trabado, deslucido, de poco goleo, pero con mucha emoci\u00f3n y paridad.<\/p>\n<p>Aunque, a falta de 3 min para el cierre del 4C, el visitante parec\u00eda tener todo encaminado (56-65), gracias al gran trabajo de Lucchetti (25 pts). El local tir\u00f3 el resto, no se dio por vencido y clav\u00f3 un parcial de 9-0 para llevar el juego a suplementario.<\/p>\n<p>Para que eso suceda, mucho tuvo que ver la rebeld\u00eda de Gerhardt. Sin embargo, todos los flashes se lo iba a llevar el refuerzo Federico Giarraffa. Hasta el momento&#8230;<\/p>\n<p>El maragato, que llevaba 1\/11 t3, sac\u00f3 un triple de la galera con marca encima y apremiado por el reloj, para igualar las cosas en 65. Hab\u00eda m\u00e1s b\u00e1squet en el Vicente Palermo y m\u00e1s emociones por contar.<\/p>\n<p>Ambos iban a seguir palo a palo hasta el final, sin darse tregua. Con el marcador 72-73 a falta de 20 seg, Nueve tuvo la pelota, pero Heinrich camin\u00f3 ante la gran defensa de Scatollini.<\/p>\n<p>Esto le permiti\u00f3 al Purre tener la \u00faltima bola e ir por la heroica. A Giarraffa lo doblaron, reverti\u00f3 para Vecchi y el ex Velocidad vio solo a Goyi Gerhardt, que apurado por la chicharra pero en libertad, lleg\u00f3 a tirar y anotar el triple que desat\u00f3 la locura de sus compa\u00f1eros y de su gente que colm\u00f3 el estadio, ante las miradas incr\u00e9dulas de la parcialidad del visitante que no pod\u00edan creer lo sucedido.<\/p>\n<p>Un triple que quedar\u00e1 en el recuerdo del Purre, con la firma del juvenil Gregorio Gerhardt.<\/p>\n<p><img decoding=\"async\" src=\"http:\/\/gentedebasquet.com.ar\/sitio\/wp-content\/uploads\/2023\/09\/Gif-Publicidades-1-6.gif\" \/><\/p>\n<div class=\"jeg_video_container jeg_video_content\"><iframe loading=\"lazy\" title=\"#Primera - Fecha #15: Pueyrred\u00f3n 75-73 9 de Julio\" width=\"500\" height=\"281\" src=\"https:\/\/www.youtube.com\/embed\/M8Vq0BDMSK0?feature=oembed\" frameborder=\"0\" allow=\"accelerometer; autoplay; clipboard-write; encrypted-media; gyroscope; picture-in-picture; web-share\" referrerpolicy=\"strict-origin-when-cross-origin\" allowfullscreen><\/iframe><\/div>\n<p><img decoding=\"async\" class=\"alignnone size-medium wp-image-110609\" src=\"http:\/\/gentedebasquet.com.ar\/sitio\/wp-content\/uploads\/2024\/03\/CLAVE-1-300x300.jpg\" alt=\"\" width=\"300\" height=\"300\" srcset=\"https:\/\/gentedebasquet.com.ar\/sitio\/wp-content\/uploads\/2024\/03\/CLAVE-1-300x300.jpg 300w, https:\/\/gentedebasquet.com.ar\/sitio\/wp-content\/uploads\/2024\/03\/CLAVE-1-1024x1024.jpg 1024w, https:\/\/gentedebasquet.com.ar\/sitio\/wp-content\/uploads\/2024\/03\/CLAVE-1-150x150.jpg 150w, https:\/\/gentedebasquet.com.ar\/sitio\/wp-content\/uploads\/2024\/03\/CLAVE-1-768x768.jpg 768w, https:\/\/gentedebasquet.com.ar\/sitio\/wp-content\/uploads\/2024\/03\/CLAVE-1-1536x1536.jpg 1536w, https:\/\/gentedebasquet.com.ar\/sitio\/wp-content\/uploads\/2024\/03\/CLAVE-1-75x75.jpg 75w, https:\/\/gentedebasquet.com.ar\/sitio\/wp-content\/uploads\/2024\/03\/CLAVE-1-350x350.jpg 350w, https:\/\/gentedebasquet.com.ar\/sitio\/wp-content\/uploads\/2024\/03\/CLAVE-1-750x750.jpg 750w, https:\/\/gentedebasquet.com.ar\/sitio\/wp-content\/uploads\/2024\/03\/CLAVE-1-1140x1140.jpg 1140w, https:\/\/gentedebasquet.com.ar\/sitio\/wp-content\/uploads\/2024\/03\/CLAVE-1.jpg 2000w\" sizes=\"(max-width: 300px) 100vw, 300px\" \/><\/p>\n<p><img decoding=\"async\" src=\"http:\/\/gentedebasquet.com.ar\/sitio\/wp-content\/uploads\/2023\/09\/Gif-Publicidades-2-3.gif\" \/><\/p>\n<p><img decoding=\"async\" class=\"alignnone size-medium wp-image-110611\" src=\"http:\/\/gentedebasquet.com.ar\/sitio\/wp-content\/uploads\/2024\/03\/Gerhardt-300x200.jpg\" alt=\"\" width=\"300\" height=\"200\" srcset=\"https:\/\/gentedebasquet.com.ar\/sitio\/wp-content\/uploads\/2024\/03\/Gerhardt-300x200.jpg 300w, https:\/\/gentedebasquet.com.ar\/sitio\/wp-content\/uploads\/2024\/03\/Gerhardt.jpg 600w\" sizes=\"(max-width: 300px) 100vw, 300px\" \/><\/p>\n<blockquote><p>\u00a8Necesit\u00e1bamos ganar este partido si o si, estamos apremiados por la tabla. Incluso, hay que ganar los que vienen, ya que tenemos rivales directos. Era una noche festiva, vino mucha gente y haberlo ganado as\u00ed es buen\u00edsimo. El triple era para que lo tire Fede (Giarraffa), que ven\u00eda de meter uno, pero me qued\u00f3 a mi y por suerte entr\u00f3. Es mi primer a\u00f1o teniendo tantos minutos en primera y ahora que se fue Santi Candia, tengo aun m\u00e1s responsabilidades. Esta noche me sirve mucho para la confianza, estoy muy contento\u00a8 <strong>Gregorio Gerhardt,<\/strong> <strong>jugador de Pueyrred\u00f3n<\/strong><\/p><\/blockquote>\n<p><img decoding=\"async\" class=\"alignnone size-medium wp-image-110613\" src=\"http:\/\/gentedebasquet.com.ar\/sitio\/wp-content\/uploads\/2024\/03\/MVP-1-300x300.jpg\" alt=\"\" width=\"300\" height=\"300\" srcset=\"https:\/\/gentedebasquet.com.ar\/sitio\/wp-content\/uploads\/2024\/03\/MVP-1-300x300.jpg 300w, https:\/\/gentedebasquet.com.ar\/sitio\/wp-content\/uploads\/2024\/03\/MVP-1-1024x1024.jpg 1024w, https:\/\/gentedebasquet.com.ar\/sitio\/wp-content\/uploads\/2024\/03\/MVP-1-150x150.jpg 150w, https:\/\/gentedebasquet.com.ar\/sitio\/wp-content\/uploads\/2024\/03\/MVP-1-768x768.jpg 768w, https:\/\/gentedebasquet.com.ar\/sitio\/wp-content\/uploads\/2024\/03\/MVP-1-1536x1536.jpg 1536w, https:\/\/gentedebasquet.com.ar\/sitio\/wp-content\/uploads\/2024\/03\/MVP-1-75x75.jpg 75w, https:\/\/gentedebasquet.com.ar\/sitio\/wp-content\/uploads\/2024\/03\/MVP-1-350x350.jpg 350w, https:\/\/gentedebasquet.com.ar\/sitio\/wp-content\/uploads\/2024\/03\/MVP-1-750x750.jpg 750w, https:\/\/gentedebasquet.com.ar\/sitio\/wp-content\/uploads\/2024\/03\/MVP-1-1140x1140.jpg 1140w, https:\/\/gentedebasquet.com.ar\/sitio\/wp-content\/uploads\/2024\/03\/MVP-1.jpg 2000w\" sizes=\"(max-width: 300px) 100vw, 300px\" \/><\/p>\n<p><img decoding=\"async\" class=\"alignnone size-full wp-image-109953\" src=\"http:\/\/gentedebasquet.com.ar\/sitio\/wp-content\/uploads\/2023\/11\/Gif-Publicidades-3-3.gif\" alt=\"\" width=\"300\" height=\"250\" \/><\/p>\n<p><strong>S\u00edntesis<\/strong> &#8211; Primera &#8211; Fecha #15<\/p>\n<p><strong>Pueyrred\u00f3n 75:\u00a0<\/strong>Gregorio Gerhardt 12, Juan Paronetto 3, Federico Giarraffa 14, Luciano Vecchi 10, David Pineda 8 (FI); Augusto R\u00edos 2, Gast\u00f3n Rivera 14, Agust\u00edn Icasto 6 y Juan Ignacio Scatollini 6. DT: Gustavo Candia.<\/p>\n<p><strong>9 de Julio 73:\u00a0<\/strong>Lucas Lucchetti 25, Manuel Costa 6, Franco Amigo 12, Ramiro Heinrich 13, Lucio Dominici 2 (FI); Alan Prost 5, Sebasti\u00e1n Villegas 3, Albano Costa 3, Santiago Ruesga 4, Juan Pablo Fuentes 0 y Santiago Boy\u00e9 0. DT: Juli\u00e1n Turcato.<\/p>\n<p><strong>Parciales:\u00a0<\/strong>10-15, 33-33 (22-18), 49-49 (16-16), 65-65 (16-16).<\/p>\n<p><strong>Suplementario:\u00a0<\/strong>75-73 (10-8).<\/p>\n<p><strong>\u00c1rbitros:<\/strong> Sebasti\u00e1n Arcas, Mariano Enrique y Juan Agust\u00edn Mat\u00edas.<\/p>\n<p><strong>Estadio:<\/strong> Vicente Palermo (Pueyrred\u00f3n).<\/p>\n<p><img decoding=\"async\" class=\"alignnone size-full wp-image-110084\" src=\"http:\/\/gentedebasquet.com.ar\/sitio\/wp-content\/uploads\/2023\/12\/Gif-Publicidades-4-1.gif\" alt=\"\" width=\"300\" height=\"250\" \/><\/p>\n<p><img decoding=\"async\" class=\"alignnone size-medium wp-image-110614\" src=\"http:\/\/gentedebasquet.com.ar\/sitio\/wp-content\/uploads\/2024\/03\/desarrollo-300x200.jpg\" alt=\"\" width=\"300\" height=\"200\" srcset=\"https:\/\/gentedebasquet.com.ar\/sitio\/wp-content\/uploads\/2024\/03\/desarrollo-300x200.jpg 300w, https:\/\/gentedebasquet.com.ar\/sitio\/wp-content\/uploads\/2024\/03\/desarrollo.jpg 600w\" sizes=\"(max-width: 300px) 100vw, 300px\" \/><\/p>\n<p>&nbsp;<\/p>\n<p>&nbsp;<\/p>\n","protected":false},"excerpt":{"rendered":"<p>Una noche que Pueyrred\u00f3n no se va a olvidar jam\u00e1s. De esas que quedan en el recuerdo. En suplementario y con dos triples sobre la chicharra claves, el auriazul venci\u00f3 a 9 de Julio por 75 a 73, en un partido clave por los puestos de abajo. La victoria fue la frutilla del postre en [&hellip;]<\/p>\n","protected":false},"author":44,"featured_media":110615,"comment_status":"open","ping_status":"open","sticky":false,"template":"","format":"standard","meta":{"jnews-multi-image_gallery":[],"jnews_single_post":{"source_name":"","source_url":"","via_name":"","via_url":"","override_template":"0","override":[{"template":"1","single_blog_custom":"","parallax":"1","fullscreen":"1","layout":"right-sidebar","sidebar":"default-sidebar","second_sidebar":"default-sidebar","sticky_sidebar":"1","share_position":"top","share_float_style":"share-monocrhome","show_share_counter":"0","show_view_counter":"0","show_featured":"1","show_post_meta":"1","show_post_author":"1","show_post_author_image":"1","show_post_date":"1","post_date_format":"default","post_date_format_custom":"Y\/m\/d","show_post_category":"1","show_post_reading_time":"0","post_reading_time_wpm":"300","show_zoom_button":"0","zoom_button_out_step":"2","zoom_button_in_step":"3","show_post_tag":"1","show_prev_next_post":"1","show_popup_post":"1","number_popup_post":"1","show_author_box":"0","show_post_related":"0","show_inline_post_related":"0"}],"override_image_size":"0","image_override":[{"single_post_thumbnail_size":"crop-500","single_post_gallery_size":"crop-500"}],"trending_post":"0","trending_post_position":"meta","trending_post_label":"Trending","sponsored_post":"0","sponsored_post_label":"Sponsored by","sponsored_post_name":"","sponsored_post_url":"","sponsored_post_logo_enable":"0","sponsored_post_logo":"","sponsored_post_desc":"","disable_ad":"0"},"jnews_primary_category":{"id":"","hide":""},"footnotes":""},"categories":[23,101],"tags":[2,1951,18],"class_list":["post-110598","post","type-post","status-publish","format-standard","has-post-thumbnail","hentry","category-primera","category-slide","tag-9dejulio","tag-gregorio-gerhardt","tag-pueyrredon"],"yoast_head":"<!-- This site is optimized with the Yoast SEO plugin v27.5 - https:\/\/yoast.com\/product\/yoast-seo-wordpress\/ -->\n<title>La noche so\u00f1ada del Purre - Gente de B\u00e1squet<\/title>\n<meta name=\"robots\" content=\"index, follow, max-snippet:-1, max-image-preview:large, max-video-preview:-1\" \/>\n<link rel=\"canonical\" href=\"https:\/\/gentedebasquet.com.ar\/sitio\/2024\/03\/08\/la-noche-sonada-del-purre\/\" \/>\n<meta property=\"og:locale\" content=\"es_ES\" \/>\n<meta property=\"og:type\" content=\"article\" \/>\n<meta property=\"og:title\" content=\"La noche so\u00f1ada del Purre - Gente de B\u00e1squet\" \/>\n<meta property=\"og:description\" content=\"Una noche que Pueyrred\u00f3n no se va a olvidar jam\u00e1s. De esas que quedan en el recuerdo. En suplementario y con dos triples sobre la chicharra claves, el auriazul venci\u00f3 a 9 de Julio por 75 a 73, en un partido clave por los puestos de abajo. La victoria fue la frutilla del postre en [&hellip;]\" \/>\n<meta property=\"og:url\" content=\"https:\/\/gentedebasquet.com.ar\/sitio\/2024\/03\/08\/la-noche-sonada-del-purre\/\" \/>\n<meta property=\"og:site_name\" content=\"Gente de B\u00e1squet\" \/>\n<meta property=\"article:published_time\" content=\"2024-03-08T05:06:50+00:00\" \/>\n<meta property=\"og:image\" content=\"https:\/\/gentedebasquet.com.ar\/sitio\/wp-content\/uploads\/2024\/03\/destacada.jpg\" \/>\n\t<meta property=\"og:image:width\" content=\"690\" \/>\n\t<meta property=\"og:image:height\" content=\"319\" \/>\n\t<meta property=\"og:image:type\" content=\"image\/jpeg\" \/>\n<meta name=\"author\" content=\"Santiago Guerrero\" \/>\n<meta name=\"twitter:card\" content=\"summary_large_image\" \/>\n<meta name=\"twitter:label1\" content=\"Escrito por\" \/>\n\t<meta name=\"twitter:data1\" content=\"Santiago Guerrero\" \/>\n\t<meta name=\"twitter:label2\" content=\"Tiempo de lectura\" \/>\n\t<meta name=\"twitter:data2\" content=\"5 minutos\" \/>\n<script type=\"application\/ld+json\" class=\"yoast-schema-graph\">{\"@context\":\"https:\\\/\\\/schema.org\",\"@graph\":[{\"@type\":\"Article\",\"@id\":\"https:\\\/\\\/gentedebasquet.com.ar\\\/sitio\\\/2024\\\/03\\\/08\\\/la-noche-sonada-del-purre\\\/#article\",\"isPartOf\":{\"@id\":\"https:\\\/\\\/gentedebasquet.com.ar\\\/sitio\\\/2024\\\/03\\\/08\\\/la-noche-sonada-del-purre\\\/\"},\"author\":{\"name\":\"Santiago Guerrero\",\"@id\":\"https:\\\/\\\/gentedebasquet.com.ar\\\/sitio\\\/#\\\/schema\\\/person\\\/d904c67a20106b85a87a1e7d9ed4af04\"},\"headline\":\"La noche so\u00f1ada del Purre\",\"datePublished\":\"2024-03-08T05:06:50+00:00\",\"mainEntityOfPage\":{\"@id\":\"https:\\\/\\\/gentedebasquet.com.ar\\\/sitio\\\/2024\\\/03\\\/08\\\/la-noche-sonada-del-purre\\\/\"},\"wordCount\":610,\"commentCount\":0,\"image\":{\"@id\":\"https:\\\/\\\/gentedebasquet.com.ar\\\/sitio\\\/2024\\\/03\\\/08\\\/la-noche-sonada-del-purre\\\/#primaryimage\"},\"thumbnailUrl\":\"https:\\\/\\\/gentedebasquet.com.ar\\\/sitio\\\/wp-content\\\/uploads\\\/2024\\\/03\\\/destacada.jpg\",\"keywords\":[\"9 de Julio\",\"Gregorio Gerhardt\",\"Pueyrredon\"],\"articleSection\":[\"Primera\",\"Slide\"],\"inLanguage\":\"es\",\"potentialAction\":[{\"@type\":\"CommentAction\",\"name\":\"Comment\",\"target\":[\"https:\\\/\\\/gentedebasquet.com.ar\\\/sitio\\\/2024\\\/03\\\/08\\\/la-noche-sonada-del-purre\\\/#respond\"]}]},{\"@type\":\"WebPage\",\"@id\":\"https:\\\/\\\/gentedebasquet.com.ar\\\/sitio\\\/2024\\\/03\\\/08\\\/la-noche-sonada-del-purre\\\/\",\"url\":\"https:\\\/\\\/gentedebasquet.com.ar\\\/sitio\\\/2024\\\/03\\\/08\\\/la-noche-sonada-del-purre\\\/\",\"name\":\"La noche so\u00f1ada del Purre - Gente de B\u00e1squet\",\"isPartOf\":{\"@id\":\"https:\\\/\\\/gentedebasquet.com.ar\\\/sitio\\\/#website\"},\"primaryImageOfPage\":{\"@id\":\"https:\\\/\\\/gentedebasquet.com.ar\\\/sitio\\\/2024\\\/03\\\/08\\\/la-noche-sonada-del-purre\\\/#primaryimage\"},\"image\":{\"@id\":\"https:\\\/\\\/gentedebasquet.com.ar\\\/sitio\\\/2024\\\/03\\\/08\\\/la-noche-sonada-del-purre\\\/#primaryimage\"},\"thumbnailUrl\":\"https:\\\/\\\/gentedebasquet.com.ar\\\/sitio\\\/wp-content\\\/uploads\\\/2024\\\/03\\\/destacada.jpg\",\"datePublished\":\"2024-03-08T05:06:50+00:00\",\"author\":{\"@id\":\"https:\\\/\\\/gentedebasquet.com.ar\\\/sitio\\\/#\\\/schema\\\/person\\\/d904c67a20106b85a87a1e7d9ed4af04\"},\"breadcrumb\":{\"@id\":\"https:\\\/\\\/gentedebasquet.com.ar\\\/sitio\\\/2024\\\/03\\\/08\\\/la-noche-sonada-del-purre\\\/#breadcrumb\"},\"inLanguage\":\"es\",\"potentialAction\":[{\"@type\":\"ReadAction\",\"target\":[\"https:\\\/\\\/gentedebasquet.com.ar\\\/sitio\\\/2024\\\/03\\\/08\\\/la-noche-sonada-del-purre\\\/\"]}]},{\"@type\":\"ImageObject\",\"inLanguage\":\"es\",\"@id\":\"https:\\\/\\\/gentedebasquet.com.ar\\\/sitio\\\/2024\\\/03\\\/08\\\/la-noche-sonada-del-purre\\\/#primaryimage\",\"url\":\"https:\\\/\\\/gentedebasquet.com.ar\\\/sitio\\\/wp-content\\\/uploads\\\/2024\\\/03\\\/destacada.jpg\",\"contentUrl\":\"https:\\\/\\\/gentedebasquet.com.ar\\\/sitio\\\/wp-content\\\/uploads\\\/2024\\\/03\\\/destacada.jpg\",\"width\":690,\"height\":319},{\"@type\":\"BreadcrumbList\",\"@id\":\"https:\\\/\\\/gentedebasquet.com.ar\\\/sitio\\\/2024\\\/03\\\/08\\\/la-noche-sonada-del-purre\\\/#breadcrumb\",\"itemListElement\":[{\"@type\":\"ListItem\",\"position\":1,\"name\":\"Portada\",\"item\":\"https:\\\/\\\/gentedebasquet.com.ar\\\/sitio\\\/\"},{\"@type\":\"ListItem\",\"position\":2,\"name\":\"La noche so\u00f1ada del Purre\"}]},{\"@type\":\"WebSite\",\"@id\":\"https:\\\/\\\/gentedebasquet.com.ar\\\/sitio\\\/#website\",\"url\":\"https:\\\/\\\/gentedebasquet.com.ar\\\/sitio\\\/\",\"name\":\"Gente de B\u00e1squet\",\"description\":\"La revista del basquet de Bah\u00eda Blanca\",\"potentialAction\":[{\"@type\":\"SearchAction\",\"target\":{\"@type\":\"EntryPoint\",\"urlTemplate\":\"https:\\\/\\\/gentedebasquet.com.ar\\\/sitio\\\/?s={search_term_string}\"},\"query-input\":{\"@type\":\"PropertyValueSpecification\",\"valueRequired\":true,\"valueName\":\"search_term_string\"}}],\"inLanguage\":\"es\"},{\"@type\":\"Person\",\"@id\":\"https:\\\/\\\/gentedebasquet.com.ar\\\/sitio\\\/#\\\/schema\\\/person\\\/d904c67a20106b85a87a1e7d9ed4af04\",\"name\":\"Santiago Guerrero\",\"image\":{\"@type\":\"ImageObject\",\"inLanguage\":\"es\",\"@id\":\"https:\\\/\\\/secure.gravatar.com\\\/avatar\\\/9749e94c265693326e6778de232cd359016d3c0dabce9d7260c9e96e592bc3a3?s=96&d=mm&r=g\",\"url\":\"https:\\\/\\\/secure.gravatar.com\\\/avatar\\\/9749e94c265693326e6778de232cd359016d3c0dabce9d7260c9e96e592bc3a3?s=96&d=mm&r=g\",\"contentUrl\":\"https:\\\/\\\/secure.gravatar.com\\\/avatar\\\/9749e94c265693326e6778de232cd359016d3c0dabce9d7260c9e96e592bc3a3?s=96&d=mm&r=g\",\"caption\":\"Santiago Guerrero\"},\"url\":\"https:\\\/\\\/gentedebasquet.com.ar\\\/sitio\\\/author\\\/santiago-guerrero\\\/\"}]}<\/script>\n<!-- \/ Yoast SEO plugin. -->","yoast_head_json":{"title":"La noche so\u00f1ada del Purre - Gente de B\u00e1squet","robots":{"index":"index","follow":"follow","max-snippet":"max-snippet:-1","max-image-preview":"max-image-preview:large","max-video-preview":"max-video-preview:-1"},"canonical":"https:\/\/gentedebasquet.com.ar\/sitio\/2024\/03\/08\/la-noche-sonada-del-purre\/","og_locale":"es_ES","og_type":"article","og_title":"La noche so\u00f1ada del Purre - Gente de B\u00e1squet","og_description":"Una noche que Pueyrred\u00f3n no se va a olvidar jam\u00e1s. De esas que quedan en el recuerdo. En suplementario y con dos triples sobre la chicharra claves, el auriazul venci\u00f3 a 9 de Julio por 75 a 73, en un partido clave por los puestos de abajo. La victoria fue la frutilla del postre en [&hellip;]","og_url":"https:\/\/gentedebasquet.com.ar\/sitio\/2024\/03\/08\/la-noche-sonada-del-purre\/","og_site_name":"Gente de B\u00e1squet","article_published_time":"2024-03-08T05:06:50+00:00","og_image":[{"width":690,"height":319,"url":"https:\/\/gentedebasquet.com.ar\/sitio\/wp-content\/uploads\/2024\/03\/destacada.jpg","type":"image\/jpeg"}],"author":"Santiago Guerrero","twitter_card":"summary_large_image","twitter_misc":{"Escrito por":"Santiago Guerrero","Tiempo de lectura":"5 minutos"},"schema":{"@context":"https:\/\/schema.org","@graph":[{"@type":"Article","@id":"https:\/\/gentedebasquet.com.ar\/sitio\/2024\/03\/08\/la-noche-sonada-del-purre\/#article","isPartOf":{"@id":"https:\/\/gentedebasquet.com.ar\/sitio\/2024\/03\/08\/la-noche-sonada-del-purre\/"},"author":{"name":"Santiago Guerrero","@id":"https:\/\/gentedebasquet.com.ar\/sitio\/#\/schema\/person\/d904c67a20106b85a87a1e7d9ed4af04"},"headline":"La noche so\u00f1ada del Purre","datePublished":"2024-03-08T05:06:50+00:00","mainEntityOfPage":{"@id":"https:\/\/gentedebasquet.com.ar\/sitio\/2024\/03\/08\/la-noche-sonada-del-purre\/"},"wordCount":610,"commentCount":0,"image":{"@id":"https:\/\/gentedebasquet.com.ar\/sitio\/2024\/03\/08\/la-noche-sonada-del-purre\/#primaryimage"},"thumbnailUrl":"https:\/\/gentedebasquet.com.ar\/sitio\/wp-content\/uploads\/2024\/03\/destacada.jpg","keywords":["9 de Julio","Gregorio Gerhardt","Pueyrredon"],"articleSection":["Primera","Slide"],"inLanguage":"es","potentialAction":[{"@type":"CommentAction","name":"Comment","target":["https:\/\/gentedebasquet.com.ar\/sitio\/2024\/03\/08\/la-noche-sonada-del-purre\/#respond"]}]},{"@type":"WebPage","@id":"https:\/\/gentedebasquet.com.ar\/sitio\/2024\/03\/08\/la-noche-sonada-del-purre\/","url":"https:\/\/gentedebasquet.com.ar\/sitio\/2024\/03\/08\/la-noche-sonada-del-purre\/","name":"La noche so\u00f1ada del Purre - Gente de B\u00e1squet","isPartOf":{"@id":"https:\/\/gentedebasquet.com.ar\/sitio\/#website"},"primaryImageOfPage":{"@id":"https:\/\/gentedebasquet.com.ar\/sitio\/2024\/03\/08\/la-noche-sonada-del-purre\/#primaryimage"},"image":{"@id":"https:\/\/gentedebasquet.com.ar\/sitio\/2024\/03\/08\/la-noche-sonada-del-purre\/#primaryimage"},"thumbnailUrl":"https:\/\/gentedebasquet.com.ar\/sitio\/wp-content\/uploads\/2024\/03\/destacada.jpg","datePublished":"2024-03-08T05:06:50+00:00","author":{"@id":"https:\/\/gentedebasquet.com.ar\/sitio\/#\/schema\/person\/d904c67a20106b85a87a1e7d9ed4af04"},"breadcrumb":{"@id":"https:\/\/gentedebasquet.com.ar\/sitio\/2024\/03\/08\/la-noche-sonada-del-purre\/#breadcrumb"},"inLanguage":"es","potentialAction":[{"@type":"ReadAction","target":["https:\/\/gentedebasquet.com.ar\/sitio\/2024\/03\/08\/la-noche-sonada-del-purre\/"]}]},{"@type":"ImageObject","inLanguage":"es","@id":"https:\/\/gentedebasquet.com.ar\/sitio\/2024\/03\/08\/la-noche-sonada-del-purre\/#primaryimage","url":"https:\/\/gentedebasquet.com.ar\/sitio\/wp-content\/uploads\/2024\/03\/destacada.jpg","contentUrl":"https:\/\/gentedebasquet.com.ar\/sitio\/wp-content\/uploads\/2024\/03\/destacada.jpg","width":690,"height":319},{"@type":"BreadcrumbList","@id":"https:\/\/gentedebasquet.com.ar\/sitio\/2024\/03\/08\/la-noche-sonada-del-purre\/#breadcrumb","itemListElement":[{"@type":"ListItem","position":1,"name":"Portada","item":"https:\/\/gentedebasquet.com.ar\/sitio\/"},{"@type":"ListItem","position":2,"name":"La noche so\u00f1ada del Purre"}]},{"@type":"WebSite","@id":"https:\/\/gentedebasquet.com.ar\/sitio\/#website","url":"https:\/\/gentedebasquet.com.ar\/sitio\/","name":"Gente de B\u00e1squet","description":"La revista del basquet de Bah\u00eda Blanca","potentialAction":[{"@type":"SearchAction","target":{"@type":"EntryPoint","urlTemplate":"https:\/\/gentedebasquet.com.ar\/sitio\/?s={search_term_string}"},"query-input":{"@type":"PropertyValueSpecification","valueRequired":true,"valueName":"search_term_string"}}],"inLanguage":"es"},{"@type":"Person","@id":"https:\/\/gentedebasquet.com.ar\/sitio\/#\/schema\/person\/d904c67a20106b85a87a1e7d9ed4af04","name":"Santiago Guerrero","image":{"@type":"ImageObject","inLanguage":"es","@id":"https:\/\/secure.gravatar.com\/avatar\/9749e94c265693326e6778de232cd359016d3c0dabce9d7260c9e96e592bc3a3?s=96&d=mm&r=g","url":"https:\/\/secure.gravatar.com\/avatar\/9749e94c265693326e6778de232cd359016d3c0dabce9d7260c9e96e592bc3a3?s=96&d=mm&r=g","contentUrl":"https:\/\/secure.gravatar.com\/avatar\/9749e94c265693326e6778de232cd359016d3c0dabce9d7260c9e96e592bc3a3?s=96&d=mm&r=g","caption":"Santiago Guerrero"},"url":"https:\/\/gentedebasquet.com.ar\/sitio\/author\/santiago-guerrero\/"}]}},"_links":{"self":[{"href":"https:\/\/gentedebasquet.com.ar\/sitio\/wp-json\/wp\/v2\/posts\/110598","targetHints":{"allow":["GET"]}}],"collection":[{"href":"https:\/\/gentedebasquet.com.ar\/sitio\/wp-json\/wp\/v2\/posts"}],"about":[{"href":"https:\/\/gentedebasquet.com.ar\/sitio\/wp-json\/wp\/v2\/types\/post"}],"author":[{"embeddable":true,"href":"https:\/\/gentedebasquet.com.ar\/sitio\/wp-json\/wp\/v2\/users\/44"}],"replies":[{"embeddable":true,"href":"https:\/\/gentedebasquet.com.ar\/sitio\/wp-json\/wp\/v2\/comments?post=110598"}],"version-history":[{"count":1,"href":"https:\/\/gentedebasquet.com.ar\/sitio\/wp-json\/wp\/v2\/posts\/110598\/revisions"}],"predecessor-version":[{"id":110616,"href":"https:\/\/gentedebasquet.com.ar\/sitio\/wp-json\/wp\/v2\/posts\/110598\/revisions\/110616"}],"wp:featuredmedia":[{"embeddable":true,"href":"https:\/\/gentedebasquet.com.ar\/sitio\/wp-json\/wp\/v2\/media\/110615"}],"wp:attachment":[{"href":"https:\/\/gentedebasquet.com.ar\/sitio\/wp-json\/wp\/v2\/media?parent=110598"}],"wp:term":[{"taxonomy":"category","embeddable":true,"href":"https:\/\/gentedebasquet.com.ar\/sitio\/wp-json\/wp\/v2\/categories?post=110598"},{"taxonomy":"post_tag","embeddable":true,"href":"https:\/\/gentedebasquet.com.ar\/sitio\/wp-json\/wp\/v2\/tags?post=110598"}],"curies":[{"name":"wp","href":"https:\/\/api.w.org\/{rel}","templated":true}]}}