{"id":111355,"date":"2024-04-26T05:39:06","date_gmt":"2024-04-26T03:39:06","guid":{"rendered":"https:\/\/gentedebasquet.com.ar\/sitio\/?p=111355"},"modified":"2024-04-26T05:39:06","modified_gmt":"2024-04-26T03:39:06","slug":"naposta-tuvo-al-distinguido","status":"publish","type":"post","link":"https:\/\/gentedebasquet.com.ar\/sitio\/2024\/04\/26\/naposta-tuvo-al-distinguido\/","title":{"rendered":"Napost\u00e1 tuvo al distinGuido"},"content":{"rendered":"<p><strong>Napost\u00e1 venci\u00f3 a Estudiantes<\/strong> en el Osvaldo Casanova 62-69 con <strong>una actuaci\u00f3n extraordinaria de Guido Muzi<\/strong>, que anot\u00f3 36 puntos (8 triples), m\u00e1s de la mitad de los que anotaron el resto de sus compa\u00f1eros, 20 de ellos (6 triples) fueron en el \u00faltimo cuarto.<\/p>\n<p><strong>El partido fue de una paridad absoluta<\/strong>, con peque\u00f1os momentos predominantes de cada uno de los equipos. La visita concentr\u00f3 su goleo en Guido Muzi, que hab\u00eda anotado 16 puntos en los primeros treinta minutos, y luego sum\u00f3 un parcial superlativo sobre el final. <strong>Estudiantes lleg\u00f3 con algunas bajas<\/strong> (Mitoire, Castets, Couselo) y tuvo gol en pocas manos. <strong>Su goleador termin\u00f3 siendo Jos\u00e9 Lu\u00eds Mart\u00ednez<\/strong> (14pts), con algunos tramos positivos de Juan Ignacio Gonz\u00e1lez (13pts) y Belleggia (10pts).<\/p>\n<p><strong>En el \u00faltimo parcial, Muzi fue el gran causante del desequilibrio<\/strong>, anot\u00f3 20 puntos, entre ellos <strong>seis triples.<\/strong> Estuvo bien acompa\u00f1ado por Leo Alema\u00f1y (11pts) y Gast\u00f3n Torres (8 pts).<strong> A Napo no le alcanz\u00f3<\/strong> para llegar a la \u00faltima fecha con chances de evitar la lucha por la permanencia, pero <strong>seguramente esta sea una victoria que traiga aire y confianza<\/strong> de cara al momento caliente de la temporada.<\/p>\n<p><img decoding=\"async\" class=\"alignnone size-full wp-image-109360\" src=\"http:\/\/gentedebasquet.com.ar\/sitio\/wp-content\/uploads\/2023\/10\/Gif-Publicidades-1.gif\" alt=\"\" width=\"300\" height=\"250\" \/><\/p>\n<div class=\"jeg_video_container jeg_video_content\"><iframe loading=\"lazy\" title=\"#Primera - Fecha #21: Estudiantes 62 - 69 Napost\u00e1\" width=\"500\" height=\"281\" src=\"https:\/\/www.youtube.com\/embed\/umdRU22Sbzc?feature=oembed\" frameborder=\"0\" allow=\"accelerometer; autoplay; clipboard-write; encrypted-media; gyroscope; picture-in-picture; web-share\" referrerpolicy=\"strict-origin-when-cross-origin\" allowfullscreen><\/iframe><\/div>\n<p>&nbsp;<\/p>\n<p><img decoding=\"async\" class=\"alignnone size-full wp-image-108810\" src=\"http:\/\/gentedebasquet.com.ar\/sitio\/wp-content\/uploads\/2023\/09\/Gif-Publicidades-2-4.gif\" alt=\"\" width=\"300\" height=\"250\" \/><\/p>\n<p><img decoding=\"async\" class=\"alignnone size-medium wp-image-111365\" src=\"http:\/\/gentedebasquet.com.ar\/sitio\/wp-content\/uploads\/2024\/04\/CLAVE-est-napo-300x300.png\" alt=\"\" width=\"300\" height=\"300\" srcset=\"https:\/\/gentedebasquet.com.ar\/sitio\/wp-content\/uploads\/2024\/04\/CLAVE-est-napo-300x300.png 300w, https:\/\/gentedebasquet.com.ar\/sitio\/wp-content\/uploads\/2024\/04\/CLAVE-est-napo-1024x1024.png 1024w, https:\/\/gentedebasquet.com.ar\/sitio\/wp-content\/uploads\/2024\/04\/CLAVE-est-napo-150x150.png 150w, https:\/\/gentedebasquet.com.ar\/sitio\/wp-content\/uploads\/2024\/04\/CLAVE-est-napo-768x768.png 768w, https:\/\/gentedebasquet.com.ar\/sitio\/wp-content\/uploads\/2024\/04\/CLAVE-est-napo-1536x1536.png 1536w, https:\/\/gentedebasquet.com.ar\/sitio\/wp-content\/uploads\/2024\/04\/CLAVE-est-napo-75x75.png 75w, https:\/\/gentedebasquet.com.ar\/sitio\/wp-content\/uploads\/2024\/04\/CLAVE-est-napo-350x350.png 350w, https:\/\/gentedebasquet.com.ar\/sitio\/wp-content\/uploads\/2024\/04\/CLAVE-est-napo-750x750.png 750w, https:\/\/gentedebasquet.com.ar\/sitio\/wp-content\/uploads\/2024\/04\/CLAVE-est-napo-1140x1140.png 1140w, https:\/\/gentedebasquet.com.ar\/sitio\/wp-content\/uploads\/2024\/04\/CLAVE-est-napo.png 2000w\" sizes=\"(max-width: 300px) 100vw, 300px\" \/><\/p>\n<p><img decoding=\"async\" class=\"alignnone wp-image-111370 size-full\" src=\"http:\/\/gentedebasquet.com.ar\/sitio\/wp-content\/uploads\/2024\/04\/figura-muzi-napo.jpg\" alt=\"\" width=\"640\" height=\"480\" srcset=\"https:\/\/gentedebasquet.com.ar\/sitio\/wp-content\/uploads\/2024\/04\/figura-muzi-napo.jpg 640w, https:\/\/gentedebasquet.com.ar\/sitio\/wp-content\/uploads\/2024\/04\/figura-muzi-napo-300x225.jpg 300w\" sizes=\"(max-width: 640px) 100vw, 640px\" \/><\/p>\n<blockquote><p>\u00abEstuvimos arriba los cuarenta minutos, no nos desconcentramos nunca, estuvimos comprometidos desde el minuto uno y eso se not\u00f3. Esto suma para la confianza, quer\u00edamos quedar lo m\u00e1s alto posible. Seba (Aleksoski) y los chicos me dan mucha confianza, lo m\u00ednimo que puedo hacer es esforzarme para dar lo mejor.\u00bb <strong>Guido Muzi, Napost\u00e1.<\/strong><\/p><\/blockquote>\n<p><img decoding=\"async\" class=\"alignnone size-medium wp-image-111361\" src=\"http:\/\/gentedebasquet.com.ar\/sitio\/wp-content\/uploads\/2024\/04\/MVP-muzi-300x300.png\" alt=\"\" width=\"300\" height=\"300\" srcset=\"https:\/\/gentedebasquet.com.ar\/sitio\/wp-content\/uploads\/2024\/04\/MVP-muzi-300x300.png 300w, https:\/\/gentedebasquet.com.ar\/sitio\/wp-content\/uploads\/2024\/04\/MVP-muzi-1024x1024.png 1024w, https:\/\/gentedebasquet.com.ar\/sitio\/wp-content\/uploads\/2024\/04\/MVP-muzi-150x150.png 150w, https:\/\/gentedebasquet.com.ar\/sitio\/wp-content\/uploads\/2024\/04\/MVP-muzi-768x768.png 768w, https:\/\/gentedebasquet.com.ar\/sitio\/wp-content\/uploads\/2024\/04\/MVP-muzi-1536x1536.png 1536w, https:\/\/gentedebasquet.com.ar\/sitio\/wp-content\/uploads\/2024\/04\/MVP-muzi-75x75.png 75w, https:\/\/gentedebasquet.com.ar\/sitio\/wp-content\/uploads\/2024\/04\/MVP-muzi-350x350.png 350w, https:\/\/gentedebasquet.com.ar\/sitio\/wp-content\/uploads\/2024\/04\/MVP-muzi-750x750.png 750w, https:\/\/gentedebasquet.com.ar\/sitio\/wp-content\/uploads\/2024\/04\/MVP-muzi-1140x1140.png 1140w, https:\/\/gentedebasquet.com.ar\/sitio\/wp-content\/uploads\/2024\/04\/MVP-muzi.png 2000w\" sizes=\"(max-width: 300px) 100vw, 300px\" \/><\/p>\n<p><img decoding=\"async\" class=\"alignnone size-full wp-image-109913\" src=\"http:\/\/gentedebasquet.com.ar\/sitio\/wp-content\/uploads\/2023\/11\/Gif-Publicidades-3-1.gif\" alt=\"\" width=\"300\" height=\"250\" \/><\/p>\n<p><strong>S\u00edntesis \u2013 Primera \u2013 Fecha 21<\/strong><\/p>\n<p><strong>Estudiantes 62:<\/strong> Juan Ignacio Gonz\u00e1lez 13, Iv\u00e1n G\u00f3mez Lepez 9, Agust\u00edn Salas 2 (x), Jos\u00e9 Belleggia 10, Jos\u00e9 Lu\u00eds Mart\u00ednez 14 <strong>(FI);<\/strong> Iv\u00e1n N\u00fa\u00f1ez 3, Mateo Giovino 0, Juli\u00e1n Rodr\u00edguez 8, Agust\u00edn Osinaga, Francisco Mazzello 3, Agust\u00edn Amore 0, Francisco Ru\u00edz 0. <strong>DT: Ariel Ugolini.<\/strong><\/p>\n<p><b>Napost\u00e1 69: <\/b>Mauro Zalguizuri 5, Leonel Alema\u00f1y 11, Guido Muzi 36, Gast\u00f3n Torres 8, Francisco Saucedo 4 <strong>(FI);<\/strong> Benjam\u00edn Minucci, Lautaro Fernetich, Nicol\u00e1s Guerrero 3, Francisco Goyanarte 0, Bautista Abraham, Mart\u00edn Catal\u00e1, Antonio Iturrioz 2. <strong>DT: Sebasti\u00e1n Aleksoski.<\/strong><\/p>\n<p><strong>Parciales<\/strong>: 21-20, 32-35 (11-15), 44-45 (12-10), 62-69 (18-24)<\/p>\n<p><strong>\u00c1rbitros<\/strong>: Sebasti\u00e1n Giannino &#8211; Sebasti\u00e1n Arcas &#8211; Juan Agust\u00edn Mat\u00edas<\/p>\n<p><strong>Estadio:<\/strong> Osvaldo Casanova (Estudiantes)<\/p>\n<p><img decoding=\"async\" class=\"alignnone size-full wp-image-109914\" src=\"http:\/\/gentedebasquet.com.ar\/sitio\/wp-content\/uploads\/2023\/11\/Gif-Publicidades-4-1-1.gif\" alt=\"\" width=\"300\" height=\"250\" \/><\/p>\n<p><img decoding=\"async\" class=\"alignnone wp-image-111372 size-full\" src=\"http:\/\/gentedebasquet.com.ar\/sitio\/wp-content\/uploads\/2024\/04\/secundaria-est-napo.jpg\" alt=\"\" width=\"640\" height=\"480\" srcset=\"https:\/\/gentedebasquet.com.ar\/sitio\/wp-content\/uploads\/2024\/04\/secundaria-est-napo.jpg 640w, https:\/\/gentedebasquet.com.ar\/sitio\/wp-content\/uploads\/2024\/04\/secundaria-est-napo-300x225.jpg 300w\" sizes=\"(max-width: 640px) 100vw, 640px\" \/><\/p>\n","protected":false},"excerpt":{"rendered":"<p>Napost\u00e1 venci\u00f3 a Estudiantes en el Osvaldo Casanova 62-69 con una actuaci\u00f3n extraordinaria de Guido Muzi, que anot\u00f3 36 puntos (8 triples), m\u00e1s de la mitad de los que anotaron el resto de sus compa\u00f1eros, 20 de ellos (6 triples) fueron en el \u00faltimo cuarto. El partido fue de una paridad absoluta, con peque\u00f1os momentos [&hellip;]<\/p>\n","protected":false},"author":71,"featured_media":111373,"comment_status":"open","ping_status":"open","sticky":false,"template":"","format":"standard","meta":{"jnews-multi-image_gallery":[],"jnews_single_post":{"source_name":"","source_url":"","via_name":"","via_url":"","override_template":"0","override":[{"template":"1","single_blog_custom":"","parallax":"1","fullscreen":"1","layout":"right-sidebar","sidebar":"default-sidebar","second_sidebar":"default-sidebar","sticky_sidebar":"1","share_position":"top","share_float_style":"share-monocrhome","show_share_counter":"0","show_view_counter":"0","show_featured":"1","show_post_meta":"1","show_post_author":"1","show_post_author_image":"1","show_post_date":"1","post_date_format":"default","post_date_format_custom":"Y\/m\/d","show_post_category":"1","show_post_reading_time":"0","post_reading_time_wpm":"300","show_zoom_button":"0","zoom_button_out_step":"2","zoom_button_in_step":"3","show_post_tag":"1","show_prev_next_post":"1","show_popup_post":"1","number_popup_post":"1","show_author_box":"0","show_post_related":"0","show_inline_post_related":"0"}],"override_image_size":"0","image_override":[{"single_post_thumbnail_size":"crop-500","single_post_gallery_size":"crop-500"}],"trending_post":"0","trending_post_position":"meta","trending_post_label":"Trending","sponsored_post":"0","sponsored_post_label":"Sponsored by","sponsored_post_name":"","sponsored_post_url":"","sponsored_post_logo_enable":"0","sponsored_post_logo":"","sponsored_post_desc":"","disable_ad":"0"},"jnews_primary_category":{"id":"","hide":""},"footnotes":""},"categories":[23,101],"tags":[11,1723,15,1169,508],"class_list":["post-111355","post","type-post","status-publish","format-standard","has-post-thumbnail","hentry","category-primera","category-slide","tag-estudiantes","tag-guido-muzi","tag-naposta","tag-primera","tag-primera-division"],"yoast_head":"<!-- This site is optimized with the Yoast SEO plugin v27.5 - https:\/\/yoast.com\/product\/yoast-seo-wordpress\/ -->\n<title>Napost\u00e1 tuvo al distinGuido - Gente de B\u00e1squet<\/title>\n<meta name=\"robots\" content=\"index, follow, max-snippet:-1, max-image-preview:large, max-video-preview:-1\" \/>\n<link rel=\"canonical\" href=\"https:\/\/gentedebasquet.com.ar\/sitio\/2024\/04\/26\/naposta-tuvo-al-distinguido\/\" \/>\n<meta property=\"og:locale\" content=\"es_ES\" \/>\n<meta property=\"og:type\" content=\"article\" \/>\n<meta property=\"og:title\" content=\"Napost\u00e1 tuvo al distinGuido - Gente de B\u00e1squet\" \/>\n<meta property=\"og:description\" content=\"Napost\u00e1 venci\u00f3 a Estudiantes en el Osvaldo Casanova 62-69 con una actuaci\u00f3n extraordinaria de Guido Muzi, que anot\u00f3 36 puntos (8 triples), m\u00e1s de la mitad de los que anotaron el resto de sus compa\u00f1eros, 20 de ellos (6 triples) fueron en el \u00faltimo cuarto. El partido fue de una paridad absoluta, con peque\u00f1os momentos [&hellip;]\" \/>\n<meta property=\"og:url\" content=\"https:\/\/gentedebasquet.com.ar\/sitio\/2024\/04\/26\/naposta-tuvo-al-distinguido\/\" \/>\n<meta property=\"og:site_name\" content=\"Gente de B\u00e1squet\" \/>\n<meta property=\"article:published_time\" content=\"2024-04-26T03:39:06+00:00\" \/>\n<meta property=\"og:image\" content=\"https:\/\/gentedebasquet.com.ar\/sitio\/wp-content\/uploads\/2024\/04\/destacada-est-napo.jpg\" \/>\n\t<meta property=\"og:image:width\" content=\"690\" \/>\n\t<meta property=\"og:image:height\" content=\"319\" \/>\n\t<meta property=\"og:image:type\" content=\"image\/jpeg\" \/>\n<meta name=\"author\" content=\"Santiago Seisdedos\" \/>\n<meta name=\"twitter:card\" content=\"summary_large_image\" \/>\n<meta name=\"twitter:label1\" content=\"Escrito por\" \/>\n\t<meta name=\"twitter:data1\" content=\"Santiago Seisdedos\" \/>\n\t<meta name=\"twitter:label2\" content=\"Tiempo de lectura\" \/>\n\t<meta name=\"twitter:data2\" content=\"4 minutos\" \/>\n<script type=\"application\/ld+json\" class=\"yoast-schema-graph\">{\"@context\":\"https:\\\/\\\/schema.org\",\"@graph\":[{\"@type\":\"Article\",\"@id\":\"https:\\\/\\\/gentedebasquet.com.ar\\\/sitio\\\/2024\\\/04\\\/26\\\/naposta-tuvo-al-distinguido\\\/#article\",\"isPartOf\":{\"@id\":\"https:\\\/\\\/gentedebasquet.com.ar\\\/sitio\\\/2024\\\/04\\\/26\\\/naposta-tuvo-al-distinguido\\\/\"},\"author\":{\"name\":\"Santiago Seisdedos\",\"@id\":\"https:\\\/\\\/gentedebasquet.com.ar\\\/sitio\\\/#\\\/schema\\\/person\\\/3b50d7c801b9529aba70bd4613bca6da\"},\"headline\":\"Napost\u00e1 tuvo al distinGuido\",\"datePublished\":\"2024-04-26T03:39:06+00:00\",\"mainEntityOfPage\":{\"@id\":\"https:\\\/\\\/gentedebasquet.com.ar\\\/sitio\\\/2024\\\/04\\\/26\\\/naposta-tuvo-al-distinguido\\\/\"},\"wordCount\":376,\"commentCount\":0,\"image\":{\"@id\":\"https:\\\/\\\/gentedebasquet.com.ar\\\/sitio\\\/2024\\\/04\\\/26\\\/naposta-tuvo-al-distinguido\\\/#primaryimage\"},\"thumbnailUrl\":\"https:\\\/\\\/gentedebasquet.com.ar\\\/sitio\\\/wp-content\\\/uploads\\\/2024\\\/04\\\/destacada-est-napo.jpg\",\"keywords\":[\"Estudiantes\",\"Guido Muzi\",\"Naposta\",\"Primera\",\"Primera Divisi\u00f3n\"],\"articleSection\":[\"Primera\",\"Slide\"],\"inLanguage\":\"es\",\"potentialAction\":[{\"@type\":\"CommentAction\",\"name\":\"Comment\",\"target\":[\"https:\\\/\\\/gentedebasquet.com.ar\\\/sitio\\\/2024\\\/04\\\/26\\\/naposta-tuvo-al-distinguido\\\/#respond\"]}]},{\"@type\":\"WebPage\",\"@id\":\"https:\\\/\\\/gentedebasquet.com.ar\\\/sitio\\\/2024\\\/04\\\/26\\\/naposta-tuvo-al-distinguido\\\/\",\"url\":\"https:\\\/\\\/gentedebasquet.com.ar\\\/sitio\\\/2024\\\/04\\\/26\\\/naposta-tuvo-al-distinguido\\\/\",\"name\":\"Napost\u00e1 tuvo al distinGuido - Gente de B\u00e1squet\",\"isPartOf\":{\"@id\":\"https:\\\/\\\/gentedebasquet.com.ar\\\/sitio\\\/#website\"},\"primaryImageOfPage\":{\"@id\":\"https:\\\/\\\/gentedebasquet.com.ar\\\/sitio\\\/2024\\\/04\\\/26\\\/naposta-tuvo-al-distinguido\\\/#primaryimage\"},\"image\":{\"@id\":\"https:\\\/\\\/gentedebasquet.com.ar\\\/sitio\\\/2024\\\/04\\\/26\\\/naposta-tuvo-al-distinguido\\\/#primaryimage\"},\"thumbnailUrl\":\"https:\\\/\\\/gentedebasquet.com.ar\\\/sitio\\\/wp-content\\\/uploads\\\/2024\\\/04\\\/destacada-est-napo.jpg\",\"datePublished\":\"2024-04-26T03:39:06+00:00\",\"author\":{\"@id\":\"https:\\\/\\\/gentedebasquet.com.ar\\\/sitio\\\/#\\\/schema\\\/person\\\/3b50d7c801b9529aba70bd4613bca6da\"},\"breadcrumb\":{\"@id\":\"https:\\\/\\\/gentedebasquet.com.ar\\\/sitio\\\/2024\\\/04\\\/26\\\/naposta-tuvo-al-distinguido\\\/#breadcrumb\"},\"inLanguage\":\"es\",\"potentialAction\":[{\"@type\":\"ReadAction\",\"target\":[\"https:\\\/\\\/gentedebasquet.com.ar\\\/sitio\\\/2024\\\/04\\\/26\\\/naposta-tuvo-al-distinguido\\\/\"]}]},{\"@type\":\"ImageObject\",\"inLanguage\":\"es\",\"@id\":\"https:\\\/\\\/gentedebasquet.com.ar\\\/sitio\\\/2024\\\/04\\\/26\\\/naposta-tuvo-al-distinguido\\\/#primaryimage\",\"url\":\"https:\\\/\\\/gentedebasquet.com.ar\\\/sitio\\\/wp-content\\\/uploads\\\/2024\\\/04\\\/destacada-est-napo.jpg\",\"contentUrl\":\"https:\\\/\\\/gentedebasquet.com.ar\\\/sitio\\\/wp-content\\\/uploads\\\/2024\\\/04\\\/destacada-est-napo.jpg\",\"width\":690,\"height\":319},{\"@type\":\"BreadcrumbList\",\"@id\":\"https:\\\/\\\/gentedebasquet.com.ar\\\/sitio\\\/2024\\\/04\\\/26\\\/naposta-tuvo-al-distinguido\\\/#breadcrumb\",\"itemListElement\":[{\"@type\":\"ListItem\",\"position\":1,\"name\":\"Portada\",\"item\":\"https:\\\/\\\/gentedebasquet.com.ar\\\/sitio\\\/\"},{\"@type\":\"ListItem\",\"position\":2,\"name\":\"Napost\u00e1 tuvo al distinGuido\"}]},{\"@type\":\"WebSite\",\"@id\":\"https:\\\/\\\/gentedebasquet.com.ar\\\/sitio\\\/#website\",\"url\":\"https:\\\/\\\/gentedebasquet.com.ar\\\/sitio\\\/\",\"name\":\"Gente de B\u00e1squet\",\"description\":\"La revista del basquet de Bah\u00eda Blanca\",\"potentialAction\":[{\"@type\":\"SearchAction\",\"target\":{\"@type\":\"EntryPoint\",\"urlTemplate\":\"https:\\\/\\\/gentedebasquet.com.ar\\\/sitio\\\/?s={search_term_string}\"},\"query-input\":{\"@type\":\"PropertyValueSpecification\",\"valueRequired\":true,\"valueName\":\"search_term_string\"}}],\"inLanguage\":\"es\"},{\"@type\":\"Person\",\"@id\":\"https:\\\/\\\/gentedebasquet.com.ar\\\/sitio\\\/#\\\/schema\\\/person\\\/3b50d7c801b9529aba70bd4613bca6da\",\"name\":\"Santiago Seisdedos\",\"image\":{\"@type\":\"ImageObject\",\"inLanguage\":\"es\",\"@id\":\"https:\\\/\\\/secure.gravatar.com\\\/avatar\\\/be737e74404eb3825c4679da7a152b3c6980b470f7253114cd451344e20a8d80?s=96&d=mm&r=g\",\"url\":\"https:\\\/\\\/secure.gravatar.com\\\/avatar\\\/be737e74404eb3825c4679da7a152b3c6980b470f7253114cd451344e20a8d80?s=96&d=mm&r=g\",\"contentUrl\":\"https:\\\/\\\/secure.gravatar.com\\\/avatar\\\/be737e74404eb3825c4679da7a152b3c6980b470f7253114cd451344e20a8d80?s=96&d=mm&r=g\",\"caption\":\"Santiago Seisdedos\"},\"url\":\"https:\\\/\\\/gentedebasquet.com.ar\\\/sitio\\\/author\\\/santiago-sesidedos\\\/\"}]}<\/script>\n<!-- \/ Yoast SEO plugin. -->","yoast_head_json":{"title":"Napost\u00e1 tuvo al distinGuido - Gente de B\u00e1squet","robots":{"index":"index","follow":"follow","max-snippet":"max-snippet:-1","max-image-preview":"max-image-preview:large","max-video-preview":"max-video-preview:-1"},"canonical":"https:\/\/gentedebasquet.com.ar\/sitio\/2024\/04\/26\/naposta-tuvo-al-distinguido\/","og_locale":"es_ES","og_type":"article","og_title":"Napost\u00e1 tuvo al distinGuido - Gente de B\u00e1squet","og_description":"Napost\u00e1 venci\u00f3 a Estudiantes en el Osvaldo Casanova 62-69 con una actuaci\u00f3n extraordinaria de Guido Muzi, que anot\u00f3 36 puntos (8 triples), m\u00e1s de la mitad de los que anotaron el resto de sus compa\u00f1eros, 20 de ellos (6 triples) fueron en el \u00faltimo cuarto. El partido fue de una paridad absoluta, con peque\u00f1os momentos [&hellip;]","og_url":"https:\/\/gentedebasquet.com.ar\/sitio\/2024\/04\/26\/naposta-tuvo-al-distinguido\/","og_site_name":"Gente de B\u00e1squet","article_published_time":"2024-04-26T03:39:06+00:00","og_image":[{"width":690,"height":319,"url":"https:\/\/gentedebasquet.com.ar\/sitio\/wp-content\/uploads\/2024\/04\/destacada-est-napo.jpg","type":"image\/jpeg"}],"author":"Santiago Seisdedos","twitter_card":"summary_large_image","twitter_misc":{"Escrito por":"Santiago Seisdedos","Tiempo de lectura":"4 minutos"},"schema":{"@context":"https:\/\/schema.org","@graph":[{"@type":"Article","@id":"https:\/\/gentedebasquet.com.ar\/sitio\/2024\/04\/26\/naposta-tuvo-al-distinguido\/#article","isPartOf":{"@id":"https:\/\/gentedebasquet.com.ar\/sitio\/2024\/04\/26\/naposta-tuvo-al-distinguido\/"},"author":{"name":"Santiago Seisdedos","@id":"https:\/\/gentedebasquet.com.ar\/sitio\/#\/schema\/person\/3b50d7c801b9529aba70bd4613bca6da"},"headline":"Napost\u00e1 tuvo al distinGuido","datePublished":"2024-04-26T03:39:06+00:00","mainEntityOfPage":{"@id":"https:\/\/gentedebasquet.com.ar\/sitio\/2024\/04\/26\/naposta-tuvo-al-distinguido\/"},"wordCount":376,"commentCount":0,"image":{"@id":"https:\/\/gentedebasquet.com.ar\/sitio\/2024\/04\/26\/naposta-tuvo-al-distinguido\/#primaryimage"},"thumbnailUrl":"https:\/\/gentedebasquet.com.ar\/sitio\/wp-content\/uploads\/2024\/04\/destacada-est-napo.jpg","keywords":["Estudiantes","Guido Muzi","Naposta","Primera","Primera Divisi\u00f3n"],"articleSection":["Primera","Slide"],"inLanguage":"es","potentialAction":[{"@type":"CommentAction","name":"Comment","target":["https:\/\/gentedebasquet.com.ar\/sitio\/2024\/04\/26\/naposta-tuvo-al-distinguido\/#respond"]}]},{"@type":"WebPage","@id":"https:\/\/gentedebasquet.com.ar\/sitio\/2024\/04\/26\/naposta-tuvo-al-distinguido\/","url":"https:\/\/gentedebasquet.com.ar\/sitio\/2024\/04\/26\/naposta-tuvo-al-distinguido\/","name":"Napost\u00e1 tuvo al distinGuido - Gente de B\u00e1squet","isPartOf":{"@id":"https:\/\/gentedebasquet.com.ar\/sitio\/#website"},"primaryImageOfPage":{"@id":"https:\/\/gentedebasquet.com.ar\/sitio\/2024\/04\/26\/naposta-tuvo-al-distinguido\/#primaryimage"},"image":{"@id":"https:\/\/gentedebasquet.com.ar\/sitio\/2024\/04\/26\/naposta-tuvo-al-distinguido\/#primaryimage"},"thumbnailUrl":"https:\/\/gentedebasquet.com.ar\/sitio\/wp-content\/uploads\/2024\/04\/destacada-est-napo.jpg","datePublished":"2024-04-26T03:39:06+00:00","author":{"@id":"https:\/\/gentedebasquet.com.ar\/sitio\/#\/schema\/person\/3b50d7c801b9529aba70bd4613bca6da"},"breadcrumb":{"@id":"https:\/\/gentedebasquet.com.ar\/sitio\/2024\/04\/26\/naposta-tuvo-al-distinguido\/#breadcrumb"},"inLanguage":"es","potentialAction":[{"@type":"ReadAction","target":["https:\/\/gentedebasquet.com.ar\/sitio\/2024\/04\/26\/naposta-tuvo-al-distinguido\/"]}]},{"@type":"ImageObject","inLanguage":"es","@id":"https:\/\/gentedebasquet.com.ar\/sitio\/2024\/04\/26\/naposta-tuvo-al-distinguido\/#primaryimage","url":"https:\/\/gentedebasquet.com.ar\/sitio\/wp-content\/uploads\/2024\/04\/destacada-est-napo.jpg","contentUrl":"https:\/\/gentedebasquet.com.ar\/sitio\/wp-content\/uploads\/2024\/04\/destacada-est-napo.jpg","width":690,"height":319},{"@type":"BreadcrumbList","@id":"https:\/\/gentedebasquet.com.ar\/sitio\/2024\/04\/26\/naposta-tuvo-al-distinguido\/#breadcrumb","itemListElement":[{"@type":"ListItem","position":1,"name":"Portada","item":"https:\/\/gentedebasquet.com.ar\/sitio\/"},{"@type":"ListItem","position":2,"name":"Napost\u00e1 tuvo al distinGuido"}]},{"@type":"WebSite","@id":"https:\/\/gentedebasquet.com.ar\/sitio\/#website","url":"https:\/\/gentedebasquet.com.ar\/sitio\/","name":"Gente de B\u00e1squet","description":"La revista del basquet de Bah\u00eda Blanca","potentialAction":[{"@type":"SearchAction","target":{"@type":"EntryPoint","urlTemplate":"https:\/\/gentedebasquet.com.ar\/sitio\/?s={search_term_string}"},"query-input":{"@type":"PropertyValueSpecification","valueRequired":true,"valueName":"search_term_string"}}],"inLanguage":"es"},{"@type":"Person","@id":"https:\/\/gentedebasquet.com.ar\/sitio\/#\/schema\/person\/3b50d7c801b9529aba70bd4613bca6da","name":"Santiago Seisdedos","image":{"@type":"ImageObject","inLanguage":"es","@id":"https:\/\/secure.gravatar.com\/avatar\/be737e74404eb3825c4679da7a152b3c6980b470f7253114cd451344e20a8d80?s=96&d=mm&r=g","url":"https:\/\/secure.gravatar.com\/avatar\/be737e74404eb3825c4679da7a152b3c6980b470f7253114cd451344e20a8d80?s=96&d=mm&r=g","contentUrl":"https:\/\/secure.gravatar.com\/avatar\/be737e74404eb3825c4679da7a152b3c6980b470f7253114cd451344e20a8d80?s=96&d=mm&r=g","caption":"Santiago Seisdedos"},"url":"https:\/\/gentedebasquet.com.ar\/sitio\/author\/santiago-sesidedos\/"}]}},"_links":{"self":[{"href":"https:\/\/gentedebasquet.com.ar\/sitio\/wp-json\/wp\/v2\/posts\/111355","targetHints":{"allow":["GET"]}}],"collection":[{"href":"https:\/\/gentedebasquet.com.ar\/sitio\/wp-json\/wp\/v2\/posts"}],"about":[{"href":"https:\/\/gentedebasquet.com.ar\/sitio\/wp-json\/wp\/v2\/types\/post"}],"author":[{"embeddable":true,"href":"https:\/\/gentedebasquet.com.ar\/sitio\/wp-json\/wp\/v2\/users\/71"}],"replies":[{"embeddable":true,"href":"https:\/\/gentedebasquet.com.ar\/sitio\/wp-json\/wp\/v2\/comments?post=111355"}],"version-history":[{"count":2,"href":"https:\/\/gentedebasquet.com.ar\/sitio\/wp-json\/wp\/v2\/posts\/111355\/revisions"}],"predecessor-version":[{"id":111375,"href":"https:\/\/gentedebasquet.com.ar\/sitio\/wp-json\/wp\/v2\/posts\/111355\/revisions\/111375"}],"wp:featuredmedia":[{"embeddable":true,"href":"https:\/\/gentedebasquet.com.ar\/sitio\/wp-json\/wp\/v2\/media\/111373"}],"wp:attachment":[{"href":"https:\/\/gentedebasquet.com.ar\/sitio\/wp-json\/wp\/v2\/media?parent=111355"}],"wp:term":[{"taxonomy":"category","embeddable":true,"href":"https:\/\/gentedebasquet.com.ar\/sitio\/wp-json\/wp\/v2\/categories?post=111355"},{"taxonomy":"post_tag","embeddable":true,"href":"https:\/\/gentedebasquet.com.ar\/sitio\/wp-json\/wp\/v2\/tags?post=111355"}],"curies":[{"name":"wp","href":"https:\/\/api.w.org\/{rel}","templated":true}]}}