{"id":111357,"date":"2024-04-26T05:41:41","date_gmt":"2024-04-26T03:41:41","guid":{"rendered":"https:\/\/gentedebasquet.com.ar\/sitio\/?p=111357"},"modified":"2024-04-26T05:41:41","modified_gmt":"2024-04-26T03:41:41","slug":"quien-para-al-chivo","status":"publish","type":"post","link":"https:\/\/gentedebasquet.com.ar\/sitio\/2024\/04\/26\/quien-para-al-chivo\/","title":{"rendered":"\u00bfQui\u00e9n para al chivo?"},"content":{"rendered":"<p><strong>S\u00e9ptima victoria al hilo de Liniers. No perdi\u00f3 en lo que va del 2024. Esta vez, al que tach\u00f3 fue a Pueyrred\u00f3n, al vencerlo claramente 77 a 54, en el Hern\u00e1n Sagasti. <\/strong><\/p>\n<p>De esta manera, el albinegro trep\u00f3 hasta la cuarta colocaci\u00f3n. Por su parte, esta derrota del Purre lo deposit\u00f3 dentro de los cuatro que jugar\u00e1n por la permanencia, ya que 9 de Julio gan\u00f3 y se qued\u00f3 con el octavo puesto.<\/p>\n<p>Liniers edific\u00f3 la victoria de principio a fin, sin pasar sobresaltos, jugando un gran b\u00e1squet y ratificando su gran presente, luego de un 2023 irregular.<\/p>\n<p>De atr\u00e1s para adelante arranc\u00f3 controlando las riendas el local, solo le permiti\u00f3 hacer 10 unidades a su rival (23-10). En ataque, Dottori tuvo mucho protagonismo (11 pts).<\/p>\n<p>Aunque, con el correr de los minutos sus compa\u00f1eros se acoplaron y el chivo termin\u00f3 repartiendo el goleo. Cada uno aport\u00f3 lo suyo, siempre con alta efectividad en sus tiros: 20\/37 t2 y 8\/16 t3. En la comparativa, solo perdi\u00f3 en los libres: 13\/23 vs 20\/28.<\/p>\n<p>El local fue ampliando la ventaja a medida que transcurrieron los minutos. El Purre nunca logr\u00f3 reaccionar y padeci\u00f3 el encuentro. Fr\u00e1gil en defensa y en ofensiva muy err\u00e1tico (4\/26 t3 y 11\/30), sin poder de circulaci\u00f3n de bal\u00f3n.<\/p>\n<p>La ventaja sobrepas\u00f3 los +20. Ya estaba todo dicho. Solo qued\u00f3 tiempo para que ambos t\u00e9cnicos vayan hasta lo m\u00e1s profundo del banco.<\/p>\n<p><img decoding=\"async\" src=\"http:\/\/gentedebasquet.com.ar\/sitio\/wp-content\/uploads\/2023\/09\/Gif-Publicidades-1-6.gif\" \/><\/p>\n<div class=\"jeg_video_container jeg_video_content\"><iframe loading=\"lazy\" title=\"#Primera - Fecha #21: Liniers 77-54 Pueyrred\u00f3n\" width=\"500\" height=\"281\" src=\"https:\/\/www.youtube.com\/embed\/qOfnOYtkhYs?feature=oembed\" frameborder=\"0\" allow=\"accelerometer; autoplay; clipboard-write; encrypted-media; gyroscope; picture-in-picture; web-share\" referrerpolicy=\"strict-origin-when-cross-origin\" allowfullscreen><\/iframe><\/div>\n<p><img decoding=\"async\" class=\"alignnone size-medium wp-image-111364\" src=\"http:\/\/gentedebasquet.com.ar\/sitio\/wp-content\/uploads\/2024\/04\/CLAVE-6-300x300.jpg\" alt=\"\" width=\"300\" height=\"300\" srcset=\"https:\/\/gentedebasquet.com.ar\/sitio\/wp-content\/uploads\/2024\/04\/CLAVE-6-300x300.jpg 300w, https:\/\/gentedebasquet.com.ar\/sitio\/wp-content\/uploads\/2024\/04\/CLAVE-6-1024x1024.jpg 1024w, https:\/\/gentedebasquet.com.ar\/sitio\/wp-content\/uploads\/2024\/04\/CLAVE-6-150x150.jpg 150w, https:\/\/gentedebasquet.com.ar\/sitio\/wp-content\/uploads\/2024\/04\/CLAVE-6-768x768.jpg 768w, https:\/\/gentedebasquet.com.ar\/sitio\/wp-content\/uploads\/2024\/04\/CLAVE-6-1536x1536.jpg 1536w, https:\/\/gentedebasquet.com.ar\/sitio\/wp-content\/uploads\/2024\/04\/CLAVE-6-75x75.jpg 75w, https:\/\/gentedebasquet.com.ar\/sitio\/wp-content\/uploads\/2024\/04\/CLAVE-6-350x350.jpg 350w, https:\/\/gentedebasquet.com.ar\/sitio\/wp-content\/uploads\/2024\/04\/CLAVE-6-750x750.jpg 750w, https:\/\/gentedebasquet.com.ar\/sitio\/wp-content\/uploads\/2024\/04\/CLAVE-6-1140x1140.jpg 1140w, https:\/\/gentedebasquet.com.ar\/sitio\/wp-content\/uploads\/2024\/04\/CLAVE-6.jpg 2000w\" sizes=\"(max-width: 300px) 100vw, 300px\" \/><\/p>\n<p><img decoding=\"async\" src=\"http:\/\/gentedebasquet.com.ar\/sitio\/wp-content\/uploads\/2023\/09\/Gif-Publicidades-2-3.gif\" \/><\/p>\n<p><img decoding=\"async\" class=\"alignnone size-medium wp-image-111366\" src=\"http:\/\/gentedebasquet.com.ar\/sitio\/wp-content\/uploads\/2024\/04\/Dottori-300x200.jpg\" alt=\"\" width=\"300\" height=\"200\" srcset=\"https:\/\/gentedebasquet.com.ar\/sitio\/wp-content\/uploads\/2024\/04\/Dottori-300x200.jpg 300w, https:\/\/gentedebasquet.com.ar\/sitio\/wp-content\/uploads\/2024\/04\/Dottori.jpg 600w\" sizes=\"(max-width: 300px) 100vw, 300px\" \/><\/p>\n<blockquote><p><em>\u00abLa idea es terminar lo m\u00e1s arriba posible, no tuvimos una buena primera parte del torneo, pudimos cambiar la cara. Veremos que toca en los playoffs, esta todo muy parejo y no se puede analizar nada. El equipo se arm\u00f3 para estar arriba, trajimos jugadores importantes. Todo lleva un proceso. Estamos jugando bien, concentrados y eso nos lleva a cerrar los partidos tranquilos\u00bb <strong>Agust\u00edn Dottori, jugador de Liniers<\/strong><\/em><\/p><\/blockquote>\n<p><img decoding=\"async\" class=\"alignnone size-medium wp-image-111371\" src=\"http:\/\/gentedebasquet.com.ar\/sitio\/wp-content\/uploads\/2024\/04\/MVP-7-300x300.jpg\" alt=\"\" width=\"300\" height=\"300\" srcset=\"https:\/\/gentedebasquet.com.ar\/sitio\/wp-content\/uploads\/2024\/04\/MVP-7-300x300.jpg 300w, https:\/\/gentedebasquet.com.ar\/sitio\/wp-content\/uploads\/2024\/04\/MVP-7-1024x1024.jpg 1024w, https:\/\/gentedebasquet.com.ar\/sitio\/wp-content\/uploads\/2024\/04\/MVP-7-150x150.jpg 150w, https:\/\/gentedebasquet.com.ar\/sitio\/wp-content\/uploads\/2024\/04\/MVP-7-768x768.jpg 768w, https:\/\/gentedebasquet.com.ar\/sitio\/wp-content\/uploads\/2024\/04\/MVP-7-1536x1536.jpg 1536w, https:\/\/gentedebasquet.com.ar\/sitio\/wp-content\/uploads\/2024\/04\/MVP-7-75x75.jpg 75w, https:\/\/gentedebasquet.com.ar\/sitio\/wp-content\/uploads\/2024\/04\/MVP-7-350x350.jpg 350w, https:\/\/gentedebasquet.com.ar\/sitio\/wp-content\/uploads\/2024\/04\/MVP-7-750x750.jpg 750w, https:\/\/gentedebasquet.com.ar\/sitio\/wp-content\/uploads\/2024\/04\/MVP-7-1140x1140.jpg 1140w, https:\/\/gentedebasquet.com.ar\/sitio\/wp-content\/uploads\/2024\/04\/MVP-7.jpg 2000w\" sizes=\"(max-width: 300px) 100vw, 300px\" \/><\/p>\n<p><img decoding=\"async\" class=\"alignnone size-full wp-image-109953\" src=\"http:\/\/gentedebasquet.com.ar\/sitio\/wp-content\/uploads\/2023\/11\/Gif-Publicidades-3-3.gif\" alt=\"\" width=\"300\" height=\"250\" \/><\/p>\n<p><strong>S\u00edntesis<\/strong> &#8211; Primera &#8211; Fecha #21<\/p>\n<p><strong>Liniers 77:\u00a0<\/strong>Segundo Vasconcelo 11, Agust\u00edn Dottori 19, Francisco Gonz\u00e1lez 8, Franco Ferrari 10, Joaqu\u00edn Larrandart 11 (FI); Franco Marinsalta 2, Juli\u00e1n Marinsalta 9, Mateo Cruglak 7, Mateo Montes 0, Sebasti\u00e1n Dutari 0, Nicol\u00e1s Ramos 0 y Genaro Groppa 0. DT: Mauricio Vago.<\/p>\n<p><strong>Pueyrred\u00f3n 54:\u00a0<\/strong>Gregorio Gerhardt 7, Gast\u00f3n Rivera 0, Federico Giarraffa 17, David Pineda 3, Juan Scatolini 4 (FI); Augusto R\u00edos 0, Juan Paronetto 5, Agust\u00edn Icasto 0, Luciano Vecchi 9, Pedro P\u00e9rez Pav\u00f3n 6 y Baltazar Borda 3. DT: Gustavo Candia.<\/p>\n<p><strong>Parciales:\u00a0<\/strong>23-10, 45-27 (22-17), 64-40 (19-13) y 77-54 (13-14).<\/p>\n<p><strong>\u00c1rbitros:<\/strong> Horacio Sed\u00e1n, Juan Jaramillo y Alberto Arlenghi.<\/p>\n<p><strong>Estadio:<\/strong> Hern\u00e1n Sagasti (Liniers).<\/p>\n<p><img decoding=\"async\" class=\"alignnone size-full wp-image-110084\" src=\"http:\/\/gentedebasquet.com.ar\/sitio\/wp-content\/uploads\/2023\/12\/Gif-Publicidades-4-1.gif\" alt=\"\" width=\"300\" height=\"250\" \/><\/p>\n<p><img decoding=\"async\" class=\"alignnone size-medium wp-image-111376\" src=\"http:\/\/gentedebasquet.com.ar\/sitio\/wp-content\/uploads\/2024\/04\/desarrollo-2-300x200.jpg\" alt=\"\" width=\"300\" height=\"200\" srcset=\"https:\/\/gentedebasquet.com.ar\/sitio\/wp-content\/uploads\/2024\/04\/desarrollo-2-300x200.jpg 300w, https:\/\/gentedebasquet.com.ar\/sitio\/wp-content\/uploads\/2024\/04\/desarrollo-2.jpg 600w\" sizes=\"(max-width: 300px) 100vw, 300px\" \/><\/p>\n<p>&nbsp;<\/p>\n<p>&nbsp;<\/p>\n","protected":false},"excerpt":{"rendered":"<p>S\u00e9ptima victoria al hilo de Liniers. No perdi\u00f3 en lo que va del 2024. Esta vez, al que tach\u00f3 fue a Pueyrred\u00f3n, al vencerlo claramente 77 a 54, en el Hern\u00e1n Sagasti. De esta manera, el albinegro trep\u00f3 hasta la cuarta colocaci\u00f3n. Por su parte, esta derrota del Purre lo deposit\u00f3 dentro de los cuatro [&hellip;]<\/p>\n","protected":false},"author":44,"featured_media":111377,"comment_status":"open","ping_status":"open","sticky":false,"template":"","format":"standard","meta":{"jnews-multi-image_gallery":[],"jnews_single_post":{"source_name":"","source_url":"","via_name":"","via_url":"","override_template":"0","override":[{"template":"1","single_blog_custom":"","parallax":"1","fullscreen":"1","layout":"right-sidebar","sidebar":"default-sidebar","second_sidebar":"default-sidebar","sticky_sidebar":"1","share_position":"top","share_float_style":"share-monocrhome","show_share_counter":"0","show_view_counter":"0","show_featured":"1","show_post_meta":"1","show_post_author":"1","show_post_author_image":"1","show_post_date":"1","post_date_format":"default","post_date_format_custom":"Y\/m\/d","show_post_category":"1","show_post_reading_time":"0","post_reading_time_wpm":"300","show_zoom_button":"0","zoom_button_out_step":"2","zoom_button_in_step":"3","show_post_tag":"1","show_prev_next_post":"1","show_popup_post":"1","number_popup_post":"1","show_author_box":"0","show_post_related":"0","show_inline_post_related":"0"}],"override_image_size":"0","image_override":[{"single_post_thumbnail_size":"crop-500","single_post_gallery_size":"crop-500"}],"trending_post":"0","trending_post_position":"meta","trending_post_label":"Trending","sponsored_post":"0","sponsored_post_label":"Sponsored by","sponsored_post_name":"","sponsored_post_url":"","sponsored_post_logo_enable":"0","sponsored_post_logo":"","sponsored_post_desc":"","disable_ad":"0"},"jnews_primary_category":{"id":"","hide":""},"footnotes":""},"categories":[23,101],"tags":[241,14,18],"class_list":["post-111357","post","type-post","status-publish","format-standard","has-post-thumbnail","hentry","category-primera","category-slide","tag-agustin-dottori","tag-liniers","tag-pueyrredon"],"yoast_head":"<!-- This site is optimized with the Yoast SEO plugin v27.5 - https:\/\/yoast.com\/product\/yoast-seo-wordpress\/ -->\n<title>\u00bfQui\u00e9n para al chivo? - Gente de B\u00e1squet<\/title>\n<meta name=\"robots\" content=\"index, follow, max-snippet:-1, max-image-preview:large, max-video-preview:-1\" \/>\n<link rel=\"canonical\" href=\"https:\/\/gentedebasquet.com.ar\/sitio\/2024\/04\/26\/quien-para-al-chivo\/\" \/>\n<meta property=\"og:locale\" content=\"es_ES\" \/>\n<meta property=\"og:type\" content=\"article\" \/>\n<meta property=\"og:title\" content=\"\u00bfQui\u00e9n para al chivo? - Gente de B\u00e1squet\" \/>\n<meta property=\"og:description\" content=\"S\u00e9ptima victoria al hilo de Liniers. No perdi\u00f3 en lo que va del 2024. Esta vez, al que tach\u00f3 fue a Pueyrred\u00f3n, al vencerlo claramente 77 a 54, en el Hern\u00e1n Sagasti. De esta manera, el albinegro trep\u00f3 hasta la cuarta colocaci\u00f3n. Por su parte, esta derrota del Purre lo deposit\u00f3 dentro de los cuatro [&hellip;]\" \/>\n<meta property=\"og:url\" content=\"https:\/\/gentedebasquet.com.ar\/sitio\/2024\/04\/26\/quien-para-al-chivo\/\" \/>\n<meta property=\"og:site_name\" content=\"Gente de B\u00e1squet\" \/>\n<meta property=\"article:published_time\" content=\"2024-04-26T03:41:41+00:00\" \/>\n<meta property=\"og:image\" content=\"https:\/\/gentedebasquet.com.ar\/sitio\/wp-content\/uploads\/2024\/04\/destacada-3.jpg\" \/>\n\t<meta property=\"og:image:width\" content=\"690\" \/>\n\t<meta property=\"og:image:height\" content=\"319\" \/>\n\t<meta property=\"og:image:type\" content=\"image\/jpeg\" \/>\n<meta name=\"author\" content=\"Santiago Guerrero\" \/>\n<meta name=\"twitter:card\" content=\"summary_large_image\" \/>\n<meta name=\"twitter:label1\" content=\"Escrito por\" \/>\n\t<meta name=\"twitter:data1\" content=\"Santiago Guerrero\" \/>\n\t<meta name=\"twitter:label2\" content=\"Tiempo de lectura\" \/>\n\t<meta name=\"twitter:data2\" content=\"4 minutos\" \/>\n<script type=\"application\/ld+json\" class=\"yoast-schema-graph\">{\"@context\":\"https:\\\/\\\/schema.org\",\"@graph\":[{\"@type\":\"Article\",\"@id\":\"https:\\\/\\\/gentedebasquet.com.ar\\\/sitio\\\/2024\\\/04\\\/26\\\/quien-para-al-chivo\\\/#article\",\"isPartOf\":{\"@id\":\"https:\\\/\\\/gentedebasquet.com.ar\\\/sitio\\\/2024\\\/04\\\/26\\\/quien-para-al-chivo\\\/\"},\"author\":{\"name\":\"Santiago Guerrero\",\"@id\":\"https:\\\/\\\/gentedebasquet.com.ar\\\/sitio\\\/#\\\/schema\\\/person\\\/d904c67a20106b85a87a1e7d9ed4af04\"},\"headline\":\"\u00bfQui\u00e9n para al chivo?\",\"datePublished\":\"2024-04-26T03:41:41+00:00\",\"mainEntityOfPage\":{\"@id\":\"https:\\\/\\\/gentedebasquet.com.ar\\\/sitio\\\/2024\\\/04\\\/26\\\/quien-para-al-chivo\\\/\"},\"wordCount\":422,\"commentCount\":0,\"image\":{\"@id\":\"https:\\\/\\\/gentedebasquet.com.ar\\\/sitio\\\/2024\\\/04\\\/26\\\/quien-para-al-chivo\\\/#primaryimage\"},\"thumbnailUrl\":\"https:\\\/\\\/gentedebasquet.com.ar\\\/sitio\\\/wp-content\\\/uploads\\\/2024\\\/04\\\/destacada-3.jpg\",\"keywords\":[\"Agust\u00edn Dottori\",\"Liniers\",\"Pueyrredon\"],\"articleSection\":[\"Primera\",\"Slide\"],\"inLanguage\":\"es\",\"potentialAction\":[{\"@type\":\"CommentAction\",\"name\":\"Comment\",\"target\":[\"https:\\\/\\\/gentedebasquet.com.ar\\\/sitio\\\/2024\\\/04\\\/26\\\/quien-para-al-chivo\\\/#respond\"]}]},{\"@type\":\"WebPage\",\"@id\":\"https:\\\/\\\/gentedebasquet.com.ar\\\/sitio\\\/2024\\\/04\\\/26\\\/quien-para-al-chivo\\\/\",\"url\":\"https:\\\/\\\/gentedebasquet.com.ar\\\/sitio\\\/2024\\\/04\\\/26\\\/quien-para-al-chivo\\\/\",\"name\":\"\u00bfQui\u00e9n para al chivo? - Gente de B\u00e1squet\",\"isPartOf\":{\"@id\":\"https:\\\/\\\/gentedebasquet.com.ar\\\/sitio\\\/#website\"},\"primaryImageOfPage\":{\"@id\":\"https:\\\/\\\/gentedebasquet.com.ar\\\/sitio\\\/2024\\\/04\\\/26\\\/quien-para-al-chivo\\\/#primaryimage\"},\"image\":{\"@id\":\"https:\\\/\\\/gentedebasquet.com.ar\\\/sitio\\\/2024\\\/04\\\/26\\\/quien-para-al-chivo\\\/#primaryimage\"},\"thumbnailUrl\":\"https:\\\/\\\/gentedebasquet.com.ar\\\/sitio\\\/wp-content\\\/uploads\\\/2024\\\/04\\\/destacada-3.jpg\",\"datePublished\":\"2024-04-26T03:41:41+00:00\",\"author\":{\"@id\":\"https:\\\/\\\/gentedebasquet.com.ar\\\/sitio\\\/#\\\/schema\\\/person\\\/d904c67a20106b85a87a1e7d9ed4af04\"},\"breadcrumb\":{\"@id\":\"https:\\\/\\\/gentedebasquet.com.ar\\\/sitio\\\/2024\\\/04\\\/26\\\/quien-para-al-chivo\\\/#breadcrumb\"},\"inLanguage\":\"es\",\"potentialAction\":[{\"@type\":\"ReadAction\",\"target\":[\"https:\\\/\\\/gentedebasquet.com.ar\\\/sitio\\\/2024\\\/04\\\/26\\\/quien-para-al-chivo\\\/\"]}]},{\"@type\":\"ImageObject\",\"inLanguage\":\"es\",\"@id\":\"https:\\\/\\\/gentedebasquet.com.ar\\\/sitio\\\/2024\\\/04\\\/26\\\/quien-para-al-chivo\\\/#primaryimage\",\"url\":\"https:\\\/\\\/gentedebasquet.com.ar\\\/sitio\\\/wp-content\\\/uploads\\\/2024\\\/04\\\/destacada-3.jpg\",\"contentUrl\":\"https:\\\/\\\/gentedebasquet.com.ar\\\/sitio\\\/wp-content\\\/uploads\\\/2024\\\/04\\\/destacada-3.jpg\",\"width\":690,\"height\":319},{\"@type\":\"BreadcrumbList\",\"@id\":\"https:\\\/\\\/gentedebasquet.com.ar\\\/sitio\\\/2024\\\/04\\\/26\\\/quien-para-al-chivo\\\/#breadcrumb\",\"itemListElement\":[{\"@type\":\"ListItem\",\"position\":1,\"name\":\"Portada\",\"item\":\"https:\\\/\\\/gentedebasquet.com.ar\\\/sitio\\\/\"},{\"@type\":\"ListItem\",\"position\":2,\"name\":\"\u00bfQui\u00e9n para al chivo?\"}]},{\"@type\":\"WebSite\",\"@id\":\"https:\\\/\\\/gentedebasquet.com.ar\\\/sitio\\\/#website\",\"url\":\"https:\\\/\\\/gentedebasquet.com.ar\\\/sitio\\\/\",\"name\":\"Gente de B\u00e1squet\",\"description\":\"La revista del basquet de Bah\u00eda Blanca\",\"potentialAction\":[{\"@type\":\"SearchAction\",\"target\":{\"@type\":\"EntryPoint\",\"urlTemplate\":\"https:\\\/\\\/gentedebasquet.com.ar\\\/sitio\\\/?s={search_term_string}\"},\"query-input\":{\"@type\":\"PropertyValueSpecification\",\"valueRequired\":true,\"valueName\":\"search_term_string\"}}],\"inLanguage\":\"es\"},{\"@type\":\"Person\",\"@id\":\"https:\\\/\\\/gentedebasquet.com.ar\\\/sitio\\\/#\\\/schema\\\/person\\\/d904c67a20106b85a87a1e7d9ed4af04\",\"name\":\"Santiago Guerrero\",\"image\":{\"@type\":\"ImageObject\",\"inLanguage\":\"es\",\"@id\":\"https:\\\/\\\/secure.gravatar.com\\\/avatar\\\/9749e94c265693326e6778de232cd359016d3c0dabce9d7260c9e96e592bc3a3?s=96&d=mm&r=g\",\"url\":\"https:\\\/\\\/secure.gravatar.com\\\/avatar\\\/9749e94c265693326e6778de232cd359016d3c0dabce9d7260c9e96e592bc3a3?s=96&d=mm&r=g\",\"contentUrl\":\"https:\\\/\\\/secure.gravatar.com\\\/avatar\\\/9749e94c265693326e6778de232cd359016d3c0dabce9d7260c9e96e592bc3a3?s=96&d=mm&r=g\",\"caption\":\"Santiago Guerrero\"},\"url\":\"https:\\\/\\\/gentedebasquet.com.ar\\\/sitio\\\/author\\\/santiago-guerrero\\\/\"}]}<\/script>\n<!-- \/ Yoast SEO plugin. -->","yoast_head_json":{"title":"\u00bfQui\u00e9n para al chivo? - Gente de B\u00e1squet","robots":{"index":"index","follow":"follow","max-snippet":"max-snippet:-1","max-image-preview":"max-image-preview:large","max-video-preview":"max-video-preview:-1"},"canonical":"https:\/\/gentedebasquet.com.ar\/sitio\/2024\/04\/26\/quien-para-al-chivo\/","og_locale":"es_ES","og_type":"article","og_title":"\u00bfQui\u00e9n para al chivo? - Gente de B\u00e1squet","og_description":"S\u00e9ptima victoria al hilo de Liniers. No perdi\u00f3 en lo que va del 2024. Esta vez, al que tach\u00f3 fue a Pueyrred\u00f3n, al vencerlo claramente 77 a 54, en el Hern\u00e1n Sagasti. De esta manera, el albinegro trep\u00f3 hasta la cuarta colocaci\u00f3n. Por su parte, esta derrota del Purre lo deposit\u00f3 dentro de los cuatro [&hellip;]","og_url":"https:\/\/gentedebasquet.com.ar\/sitio\/2024\/04\/26\/quien-para-al-chivo\/","og_site_name":"Gente de B\u00e1squet","article_published_time":"2024-04-26T03:41:41+00:00","og_image":[{"width":690,"height":319,"url":"https:\/\/gentedebasquet.com.ar\/sitio\/wp-content\/uploads\/2024\/04\/destacada-3.jpg","type":"image\/jpeg"}],"author":"Santiago Guerrero","twitter_card":"summary_large_image","twitter_misc":{"Escrito por":"Santiago Guerrero","Tiempo de lectura":"4 minutos"},"schema":{"@context":"https:\/\/schema.org","@graph":[{"@type":"Article","@id":"https:\/\/gentedebasquet.com.ar\/sitio\/2024\/04\/26\/quien-para-al-chivo\/#article","isPartOf":{"@id":"https:\/\/gentedebasquet.com.ar\/sitio\/2024\/04\/26\/quien-para-al-chivo\/"},"author":{"name":"Santiago Guerrero","@id":"https:\/\/gentedebasquet.com.ar\/sitio\/#\/schema\/person\/d904c67a20106b85a87a1e7d9ed4af04"},"headline":"\u00bfQui\u00e9n para al chivo?","datePublished":"2024-04-26T03:41:41+00:00","mainEntityOfPage":{"@id":"https:\/\/gentedebasquet.com.ar\/sitio\/2024\/04\/26\/quien-para-al-chivo\/"},"wordCount":422,"commentCount":0,"image":{"@id":"https:\/\/gentedebasquet.com.ar\/sitio\/2024\/04\/26\/quien-para-al-chivo\/#primaryimage"},"thumbnailUrl":"https:\/\/gentedebasquet.com.ar\/sitio\/wp-content\/uploads\/2024\/04\/destacada-3.jpg","keywords":["Agust\u00edn Dottori","Liniers","Pueyrredon"],"articleSection":["Primera","Slide"],"inLanguage":"es","potentialAction":[{"@type":"CommentAction","name":"Comment","target":["https:\/\/gentedebasquet.com.ar\/sitio\/2024\/04\/26\/quien-para-al-chivo\/#respond"]}]},{"@type":"WebPage","@id":"https:\/\/gentedebasquet.com.ar\/sitio\/2024\/04\/26\/quien-para-al-chivo\/","url":"https:\/\/gentedebasquet.com.ar\/sitio\/2024\/04\/26\/quien-para-al-chivo\/","name":"\u00bfQui\u00e9n para al chivo? - Gente de B\u00e1squet","isPartOf":{"@id":"https:\/\/gentedebasquet.com.ar\/sitio\/#website"},"primaryImageOfPage":{"@id":"https:\/\/gentedebasquet.com.ar\/sitio\/2024\/04\/26\/quien-para-al-chivo\/#primaryimage"},"image":{"@id":"https:\/\/gentedebasquet.com.ar\/sitio\/2024\/04\/26\/quien-para-al-chivo\/#primaryimage"},"thumbnailUrl":"https:\/\/gentedebasquet.com.ar\/sitio\/wp-content\/uploads\/2024\/04\/destacada-3.jpg","datePublished":"2024-04-26T03:41:41+00:00","author":{"@id":"https:\/\/gentedebasquet.com.ar\/sitio\/#\/schema\/person\/d904c67a20106b85a87a1e7d9ed4af04"},"breadcrumb":{"@id":"https:\/\/gentedebasquet.com.ar\/sitio\/2024\/04\/26\/quien-para-al-chivo\/#breadcrumb"},"inLanguage":"es","potentialAction":[{"@type":"ReadAction","target":["https:\/\/gentedebasquet.com.ar\/sitio\/2024\/04\/26\/quien-para-al-chivo\/"]}]},{"@type":"ImageObject","inLanguage":"es","@id":"https:\/\/gentedebasquet.com.ar\/sitio\/2024\/04\/26\/quien-para-al-chivo\/#primaryimage","url":"https:\/\/gentedebasquet.com.ar\/sitio\/wp-content\/uploads\/2024\/04\/destacada-3.jpg","contentUrl":"https:\/\/gentedebasquet.com.ar\/sitio\/wp-content\/uploads\/2024\/04\/destacada-3.jpg","width":690,"height":319},{"@type":"BreadcrumbList","@id":"https:\/\/gentedebasquet.com.ar\/sitio\/2024\/04\/26\/quien-para-al-chivo\/#breadcrumb","itemListElement":[{"@type":"ListItem","position":1,"name":"Portada","item":"https:\/\/gentedebasquet.com.ar\/sitio\/"},{"@type":"ListItem","position":2,"name":"\u00bfQui\u00e9n para al chivo?"}]},{"@type":"WebSite","@id":"https:\/\/gentedebasquet.com.ar\/sitio\/#website","url":"https:\/\/gentedebasquet.com.ar\/sitio\/","name":"Gente de B\u00e1squet","description":"La revista del basquet de Bah\u00eda Blanca","potentialAction":[{"@type":"SearchAction","target":{"@type":"EntryPoint","urlTemplate":"https:\/\/gentedebasquet.com.ar\/sitio\/?s={search_term_string}"},"query-input":{"@type":"PropertyValueSpecification","valueRequired":true,"valueName":"search_term_string"}}],"inLanguage":"es"},{"@type":"Person","@id":"https:\/\/gentedebasquet.com.ar\/sitio\/#\/schema\/person\/d904c67a20106b85a87a1e7d9ed4af04","name":"Santiago Guerrero","image":{"@type":"ImageObject","inLanguage":"es","@id":"https:\/\/secure.gravatar.com\/avatar\/9749e94c265693326e6778de232cd359016d3c0dabce9d7260c9e96e592bc3a3?s=96&d=mm&r=g","url":"https:\/\/secure.gravatar.com\/avatar\/9749e94c265693326e6778de232cd359016d3c0dabce9d7260c9e96e592bc3a3?s=96&d=mm&r=g","contentUrl":"https:\/\/secure.gravatar.com\/avatar\/9749e94c265693326e6778de232cd359016d3c0dabce9d7260c9e96e592bc3a3?s=96&d=mm&r=g","caption":"Santiago Guerrero"},"url":"https:\/\/gentedebasquet.com.ar\/sitio\/author\/santiago-guerrero\/"}]}},"_links":{"self":[{"href":"https:\/\/gentedebasquet.com.ar\/sitio\/wp-json\/wp\/v2\/posts\/111357","targetHints":{"allow":["GET"]}}],"collection":[{"href":"https:\/\/gentedebasquet.com.ar\/sitio\/wp-json\/wp\/v2\/posts"}],"about":[{"href":"https:\/\/gentedebasquet.com.ar\/sitio\/wp-json\/wp\/v2\/types\/post"}],"author":[{"embeddable":true,"href":"https:\/\/gentedebasquet.com.ar\/sitio\/wp-json\/wp\/v2\/users\/44"}],"replies":[{"embeddable":true,"href":"https:\/\/gentedebasquet.com.ar\/sitio\/wp-json\/wp\/v2\/comments?post=111357"}],"version-history":[{"count":2,"href":"https:\/\/gentedebasquet.com.ar\/sitio\/wp-json\/wp\/v2\/posts\/111357\/revisions"}],"predecessor-version":[{"id":111499,"href":"https:\/\/gentedebasquet.com.ar\/sitio\/wp-json\/wp\/v2\/posts\/111357\/revisions\/111499"}],"wp:featuredmedia":[{"embeddable":true,"href":"https:\/\/gentedebasquet.com.ar\/sitio\/wp-json\/wp\/v2\/media\/111377"}],"wp:attachment":[{"href":"https:\/\/gentedebasquet.com.ar\/sitio\/wp-json\/wp\/v2\/media?parent=111357"}],"wp:term":[{"taxonomy":"category","embeddable":true,"href":"https:\/\/gentedebasquet.com.ar\/sitio\/wp-json\/wp\/v2\/categories?post=111357"},{"taxonomy":"post_tag","embeddable":true,"href":"https:\/\/gentedebasquet.com.ar\/sitio\/wp-json\/wp\/v2\/tags?post=111357"}],"curies":[{"name":"wp","href":"https:\/\/api.w.org\/{rel}","templated":true}]}}