{"id":111398,"date":"2024-04-27T05:52:56","date_gmt":"2024-04-27T03:52:56","guid":{"rendered":"https:\/\/gentedebasquet.com.ar\/sitio\/?p=111398"},"modified":"2024-04-27T05:54:07","modified_gmt":"2024-04-27T03:54:07","slug":"espora-triunfo-y-clasifico-a-los-cuartos-de-final","status":"publish","type":"post","link":"https:\/\/gentedebasquet.com.ar\/sitio\/2024\/04\/27\/espora-triunfo-y-clasifico-a-los-cuartos-de-final\/","title":{"rendered":"Espora triunf\u00f3 y clasific\u00f3 a los cuartos de final"},"content":{"rendered":"<p><strong>Con un gran marco de p\u00fablico, en el estadio Jos\u00e9 D\u00b4Amico, derrot\u00f3 58 a 52 a Los Andes y se apoder\u00f3 de la serie 2 a 1.<\/strong><\/p>\n<p>Alan Lera, en el d\u00eda de su cumplea\u00f1os n\u00famero 26, result\u00f3 la gran figura con 26 unidades (con 8\/10 en TL, 6\/10 en T2 y 2\/7 en T3) m\u00e1s 9 rebotes, 7 robos y 2 asistencias. Adem\u00e1s, hubo 12 m\u00e1s 12 recobres de Andr\u00e9s Miguez y 12 tableros de Mart\u00edn P\u00e9rez.<\/p>\n<p>En el local sobresalieron Sim\u00f3n Silber con 15 tantos y el estadounidense James DeShawn Danzey con 13 m\u00e1s 13 cristales. Arbitraron Alejandro Ramallo, Marjorie Stuardo y Juan Jaramillo.<\/p>\n<p>El 1C fue sumamente err\u00e1tico (\u00a19-4!), con much\u00edsimo nervios\u00edsimo. La escuadra conducida por Enrique Moreno se adelant\u00f3 7 a 0 y su rival logr\u00f3 anotar reci\u00e9n a falta de 8min y 40seg a trav\u00e9s de Nicol\u00e1s Themtham.<\/p>\n<p>Sin embargo, en el 2C, con Lera penetrando y anotando a distancia el conjunto de calle Mitre logr\u00f3 pasar al frente en el tanteador (13-16). El pibe Thiago Pozzi (5 puntos consecutivos) se acopl\u00f3 a Danzey y equilibr\u00f3 las acciones.<\/p>\n<p>A la vuelta de los vestuarios, en el 3C, \u201cLosa\u201d tom\u00f3 el liderazgo nuevamente (34-33), pero esa fue la \u00faltima vez. El visitante, clav\u00f3 una r\u00e1faga 10-0, con un activo Andr\u00e9s Miguez (34-43).<\/p>\n<p>Y en el 4C, Miguez anot\u00f3 detr\u00e1s de 6,75mts y estableci\u00f3 la m\u00e1xima diferencia (34-46). Silber y Daniel Agalupe contestaron a distancia (40-46) y llenaron de dramatismo el ep\u00edlogo, que nuevamente careci\u00f3 de fluidez en el juego. Tres recobres consecutivos de Mart\u00edn P\u00e9rez en los \u00faltimos 60seg fueron trascendentales para desatar el festejo de los comandados por Mauro Sacomani, que en la siguiente instancia chocar\u00e1 con El Nacional.<\/p>\n<div class=\"jeg_video_container jeg_video_content\"><iframe loading=\"lazy\" title=\"#Segunda - Playoffs - 8vos de final - Juego #3: Los Andes (1) 52 - 58 (2) Espora\" width=\"500\" height=\"281\" src=\"https:\/\/www.youtube.com\/embed\/kn3LrEz5OFQ?feature=oembed\" frameborder=\"0\" allow=\"accelerometer; autoplay; clipboard-write; encrypted-media; gyroscope; picture-in-picture; web-share\" referrerpolicy=\"strict-origin-when-cross-origin\" allowfullscreen><\/iframe><\/div>\n<p><img decoding=\"async\" class=\"alignnone size-full wp-image-109360\" src=\"http:\/\/gentedebasquet.com.ar\/sitio\/wp-content\/uploads\/2023\/10\/Gif-Publicidades-1.gif\" alt=\"\" width=\"300\" height=\"250\" data-pin-no-hover=\"true\" \/><\/p>\n<p><img decoding=\"async\" class=\"alignnone size-full wp-image-108810\" src=\"http:\/\/gentedebasquet.com.ar\/sitio\/wp-content\/uploads\/2023\/09\/Gif-Publicidades-2-4.gif\" alt=\"\" width=\"300\" height=\"250\" data-pin-no-hover=\"true\" \/><\/p>\n<p><img decoding=\"async\" class=\"alignnone size-medium wp-image-111405\" src=\"http:\/\/gentedebasquet.com.ar\/sitio\/wp-content\/uploads\/2024\/04\/GDB-3-300x300.jpg\" alt=\"\" width=\"300\" height=\"300\" srcset=\"https:\/\/gentedebasquet.com.ar\/sitio\/wp-content\/uploads\/2024\/04\/GDB-3-300x300.jpg 300w, https:\/\/gentedebasquet.com.ar\/sitio\/wp-content\/uploads\/2024\/04\/GDB-3-1024x1024.jpg 1024w, https:\/\/gentedebasquet.com.ar\/sitio\/wp-content\/uploads\/2024\/04\/GDB-3-150x150.jpg 150w, https:\/\/gentedebasquet.com.ar\/sitio\/wp-content\/uploads\/2024\/04\/GDB-3-768x768.jpg 768w, https:\/\/gentedebasquet.com.ar\/sitio\/wp-content\/uploads\/2024\/04\/GDB-3-1536x1536.jpg 1536w, https:\/\/gentedebasquet.com.ar\/sitio\/wp-content\/uploads\/2024\/04\/GDB-3-75x75.jpg 75w, https:\/\/gentedebasquet.com.ar\/sitio\/wp-content\/uploads\/2024\/04\/GDB-3-350x350.jpg 350w, https:\/\/gentedebasquet.com.ar\/sitio\/wp-content\/uploads\/2024\/04\/GDB-3-750x750.jpg 750w, https:\/\/gentedebasquet.com.ar\/sitio\/wp-content\/uploads\/2024\/04\/GDB-3-1140x1140.jpg 1140w, https:\/\/gentedebasquet.com.ar\/sitio\/wp-content\/uploads\/2024\/04\/GDB-3.jpg 1600w\" sizes=\"(max-width: 300px) 100vw, 300px\" \/><\/p>\n<p><img decoding=\"async\" class=\"alignnone size-medium wp-image-111406\" src=\"http:\/\/gentedebasquet.com.ar\/sitio\/wp-content\/uploads\/2024\/04\/GDB-31-225x300.jpg\" alt=\"\" width=\"225\" height=\"300\" srcset=\"https:\/\/gentedebasquet.com.ar\/sitio\/wp-content\/uploads\/2024\/04\/GDB-31-225x300.jpg 225w, https:\/\/gentedebasquet.com.ar\/sitio\/wp-content\/uploads\/2024\/04\/GDB-31-768x1024.jpg 768w, https:\/\/gentedebasquet.com.ar\/sitio\/wp-content\/uploads\/2024\/04\/GDB-31-1152x1536.jpg 1152w, https:\/\/gentedebasquet.com.ar\/sitio\/wp-content\/uploads\/2024\/04\/GDB-31-750x1000.jpg 750w, https:\/\/gentedebasquet.com.ar\/sitio\/wp-content\/uploads\/2024\/04\/GDB-31-1140x1520.jpg 1140w, https:\/\/gentedebasquet.com.ar\/sitio\/wp-content\/uploads\/2024\/04\/GDB-31.jpg 1200w\" sizes=\"(max-width: 225px) 100vw, 225px\" \/><\/p>\n<blockquote><p>\u201cUn cumplea\u00f1os muy movido, contentos por la victoria, se nos dio en una serie muy pareja. Ac\u00e1 hab\u00eda que ganar, no importaba quien era la figura, somos un equipo y por suerte nos salieron las cosas. No nos volvimos locos, porque los dejamos sin juego a ellos por momentos, ellos cargaron mucho con Agalupe y el americano y ah\u00ed los pudimos ajustar. Somos muchos chicos, con poca experiencia, los partidos de playoff son as\u00ed con altos y bajos, por suerte tuvimos una buena defensa. Cumplimos el objetivo y ahora trabajaremos pensando en El Nacional\u201d, <strong>Alan Lera (Espora).<\/strong><\/p><\/blockquote>\n<p><img decoding=\"async\" class=\"alignnone size-medium wp-image-111408\" src=\"http:\/\/gentedebasquet.com.ar\/sitio\/wp-content\/uploads\/2024\/04\/GDB-33-300x300.jpg\" alt=\"\" width=\"300\" height=\"300\" srcset=\"https:\/\/gentedebasquet.com.ar\/sitio\/wp-content\/uploads\/2024\/04\/GDB-33-300x300.jpg 300w, https:\/\/gentedebasquet.com.ar\/sitio\/wp-content\/uploads\/2024\/04\/GDB-33-1024x1024.jpg 1024w, https:\/\/gentedebasquet.com.ar\/sitio\/wp-content\/uploads\/2024\/04\/GDB-33-150x150.jpg 150w, https:\/\/gentedebasquet.com.ar\/sitio\/wp-content\/uploads\/2024\/04\/GDB-33-768x768.jpg 768w, https:\/\/gentedebasquet.com.ar\/sitio\/wp-content\/uploads\/2024\/04\/GDB-33-1536x1536.jpg 1536w, https:\/\/gentedebasquet.com.ar\/sitio\/wp-content\/uploads\/2024\/04\/GDB-33-75x75.jpg 75w, https:\/\/gentedebasquet.com.ar\/sitio\/wp-content\/uploads\/2024\/04\/GDB-33-350x350.jpg 350w, https:\/\/gentedebasquet.com.ar\/sitio\/wp-content\/uploads\/2024\/04\/GDB-33-750x750.jpg 750w, https:\/\/gentedebasquet.com.ar\/sitio\/wp-content\/uploads\/2024\/04\/GDB-33-1140x1140.jpg 1140w, https:\/\/gentedebasquet.com.ar\/sitio\/wp-content\/uploads\/2024\/04\/GDB-33.jpg 1600w\" sizes=\"(max-width: 300px) 100vw, 300px\" \/><\/p>\n<p><img decoding=\"async\" class=\"alignnone size-full wp-image-109913\" src=\"http:\/\/gentedebasquet.com.ar\/sitio\/wp-content\/uploads\/2023\/11\/Gif-Publicidades-3-1.gif\" alt=\"\" width=\"300\" height=\"250\" data-pin-no-hover=\"true\" \/><\/p>\n<p><strong>S\u00edntesis \u2013 Segunda \u2013 Playoffs \u2013 8vos de Final \u2013 Juego 3<\/strong><\/p>\n<p><strong>Los Andes 52:<\/strong>\u00a0Jos\u00e9 David P\u00e9rez 5 (x), Fausto Eidintas 5, Sim\u00f3n Silber 15, Daniel Agalupe 7, James DeShawn Danzey 13,\u00a0<strong>(FI);<\/strong>\u00a0Boris Kumorkiewicz 0 y Thiago Pozzi 7.\u00a0<strong>DT:<\/strong>\u00a0<strong>Enrique Moreno.<\/strong><\/p>\n<p><strong>Espora 58:<\/strong>\u00a0Alan Lera 26, Andr\u00e9s Miguez 12, Nicol\u00e1s Themtham 7, Enzo Zandonadi 2, Martin P\u00e9rez 8, (<strong>FI)<\/strong>; Joaqu\u00edn \u00c1lvarez Lucero 0 y Mauricio Miguez 3.\u00a0<strong>DT: Mauro Sacomani.<\/strong><\/p>\n<p><strong>Parciales:\u00a0<\/strong>9-4; 24-29 (15-25); 34-43 (10-14); 52-58 (18-15).<\/p>\n<p><strong>\u00c1rbitros:<\/strong>\u00a0Alejandro Ramallo, Marjorie Stuardo y Juan Jaramillo.<\/p>\n<p><strong>Estadio:<\/strong>\u00a0Jos\u00e9 D\u00b4Amico (Los Andes).<\/p>\n<p><strong>Serie:\u00a0<\/strong>Espora, 2-1.<\/p>\n<p><img decoding=\"async\" class=\"alignnone size-full wp-image-109914\" src=\"http:\/\/gentedebasquet.com.ar\/sitio\/wp-content\/uploads\/2023\/11\/Gif-Publicidades-4-1-1.gif\" alt=\"\" width=\"300\" height=\"250\" data-pin-no-hover=\"true\" \/><\/p>\n<p><img decoding=\"async\" class=\"alignnone size-medium wp-image-111409\" src=\"http:\/\/gentedebasquet.com.ar\/sitio\/wp-content\/uploads\/2024\/04\/DSC_1008-300x200.jpg\" alt=\"\" width=\"300\" height=\"200\" srcset=\"https:\/\/gentedebasquet.com.ar\/sitio\/wp-content\/uploads\/2024\/04\/DSC_1008-300x200.jpg 300w, https:\/\/gentedebasquet.com.ar\/sitio\/wp-content\/uploads\/2024\/04\/DSC_1008.jpg 650w\" sizes=\"(max-width: 300px) 100vw, 300px\" \/><\/p>\n<p>&nbsp;<\/p>\n<p>Fotos: Marcelo Barth<\/p>\n","protected":false},"excerpt":{"rendered":"<p>Con un gran marco de p\u00fablico, en el estadio Jos\u00e9 D\u00b4Amico, derrot\u00f3 58 a 52 a Los Andes y se apoder\u00f3 de la serie 2 a 1. Alan Lera, en el d\u00eda de su cumplea\u00f1os n\u00famero 26, result\u00f3 la gran figura con 26 unidades (con 8\/10 en TL, 6\/10 en T2 y 2\/7 en T3) [&hellip;]<\/p>\n","protected":false},"author":62,"featured_media":111410,"comment_status":"open","ping_status":"open","sticky":false,"template":"","format":"standard","meta":{"jnews-multi-image_gallery":[],"jnews_single_post":{"source_name":"","source_url":"","via_name":"","via_url":"","override_template":"0","override":[{"template":"1","single_blog_custom":"","parallax":"1","fullscreen":"1","layout":"right-sidebar","sidebar":"default-sidebar","second_sidebar":"default-sidebar","sticky_sidebar":"1","share_position":"top","share_float_style":"share-monocrhome","show_share_counter":"0","show_view_counter":"0","show_featured":"1","show_post_meta":"1","show_post_author":"1","show_post_author_image":"1","show_post_date":"1","post_date_format":"default","post_date_format_custom":"Y\/m\/d","show_post_category":"1","show_post_reading_time":"0","post_reading_time_wpm":"300","show_zoom_button":"0","zoom_button_out_step":"2","zoom_button_in_step":"3","show_post_tag":"1","show_prev_next_post":"1","show_popup_post":"1","number_popup_post":"1","show_author_box":"0","show_post_related":"0","show_inline_post_related":"0"}],"override_image_size":"0","image_override":[{"single_post_thumbnail_size":"crop-500","single_post_gallery_size":"crop-500"}],"trending_post":"0","trending_post_position":"meta","trending_post_label":"Trending","sponsored_post":"0","sponsored_post_label":"Sponsored by","sponsored_post_name":"","sponsored_post_url":"","sponsored_post_logo_enable":"0","sponsored_post_logo":"","sponsored_post_desc":"","disable_ad":"0"},"jnews_primary_category":{"id":"","hide":""},"footnotes":""},"categories":[25,101],"tags":[1889,152,1940],"class_list":["post-111398","post","type-post","status-publish","format-standard","has-post-thumbnail","hentry","category-segunda","category-slide","tag-espora","tag-los-andes","tag-torneo-de-segunda"],"yoast_head":"<!-- This site is optimized with the Yoast SEO plugin v27.5 - https:\/\/yoast.com\/product\/yoast-seo-wordpress\/ -->\n<title>Espora triunf\u00f3 y clasific\u00f3 a los cuartos de final - Gente de B\u00e1squet<\/title>\n<meta name=\"robots\" content=\"index, follow, max-snippet:-1, max-image-preview:large, max-video-preview:-1\" \/>\n<link rel=\"canonical\" href=\"https:\/\/gentedebasquet.com.ar\/sitio\/2024\/04\/27\/espora-triunfo-y-clasifico-a-los-cuartos-de-final\/\" \/>\n<meta property=\"og:locale\" content=\"es_ES\" \/>\n<meta property=\"og:type\" content=\"article\" \/>\n<meta property=\"og:title\" content=\"Espora triunf\u00f3 y clasific\u00f3 a los cuartos de final - Gente de B\u00e1squet\" \/>\n<meta property=\"og:description\" content=\"Con un gran marco de p\u00fablico, en el estadio Jos\u00e9 D\u00b4Amico, derrot\u00f3 58 a 52 a Los Andes y se apoder\u00f3 de la serie 2 a 1. Alan Lera, en el d\u00eda de su cumplea\u00f1os n\u00famero 26, result\u00f3 la gran figura con 26 unidades (con 8\/10 en TL, 6\/10 en T2 y 2\/7 en T3) [&hellip;]\" \/>\n<meta property=\"og:url\" content=\"https:\/\/gentedebasquet.com.ar\/sitio\/2024\/04\/27\/espora-triunfo-y-clasifico-a-los-cuartos-de-final\/\" \/>\n<meta property=\"og:site_name\" content=\"Gente de B\u00e1squet\" \/>\n<meta property=\"article:published_time\" content=\"2024-04-27T03:52:56+00:00\" \/>\n<meta property=\"article:modified_time\" content=\"2024-04-27T03:54:07+00:00\" \/>\n<meta property=\"og:image\" content=\"https:\/\/gentedebasquet.com.ar\/sitio\/wp-content\/uploads\/2024\/04\/gdb-dasda.jpg\" \/>\n\t<meta property=\"og:image:width\" content=\"693\" \/>\n\t<meta property=\"og:image:height\" content=\"318\" \/>\n\t<meta property=\"og:image:type\" content=\"image\/jpeg\" \/>\n<meta name=\"author\" content=\"Mat\u00edas Dom\u00ednguez\" \/>\n<meta name=\"twitter:card\" content=\"summary_large_image\" \/>\n<meta name=\"twitter:label1\" content=\"Escrito por\" \/>\n\t<meta name=\"twitter:data1\" content=\"Mat\u00edas Dom\u00ednguez\" \/>\n\t<meta name=\"twitter:label2\" content=\"Tiempo de lectura\" \/>\n\t<meta name=\"twitter:data2\" content=\"4 minutos\" \/>\n<script type=\"application\/ld+json\" class=\"yoast-schema-graph\">{\"@context\":\"https:\\\/\\\/schema.org\",\"@graph\":[{\"@type\":\"Article\",\"@id\":\"https:\\\/\\\/gentedebasquet.com.ar\\\/sitio\\\/2024\\\/04\\\/27\\\/espora-triunfo-y-clasifico-a-los-cuartos-de-final\\\/#article\",\"isPartOf\":{\"@id\":\"https:\\\/\\\/gentedebasquet.com.ar\\\/sitio\\\/2024\\\/04\\\/27\\\/espora-triunfo-y-clasifico-a-los-cuartos-de-final\\\/\"},\"author\":{\"name\":\"Mat\u00edas Dom\u00ednguez\",\"@id\":\"https:\\\/\\\/gentedebasquet.com.ar\\\/sitio\\\/#\\\/schema\\\/person\\\/2df9550994560b26db96aa8de5494221\"},\"headline\":\"Espora triunf\u00f3 y clasific\u00f3 a los cuartos de final\",\"datePublished\":\"2024-04-27T03:52:56+00:00\",\"dateModified\":\"2024-04-27T03:54:07+00:00\",\"mainEntityOfPage\":{\"@id\":\"https:\\\/\\\/gentedebasquet.com.ar\\\/sitio\\\/2024\\\/04\\\/27\\\/espora-triunfo-y-clasifico-a-los-cuartos-de-final\\\/\"},\"wordCount\":498,\"commentCount\":0,\"image\":{\"@id\":\"https:\\\/\\\/gentedebasquet.com.ar\\\/sitio\\\/2024\\\/04\\\/27\\\/espora-triunfo-y-clasifico-a-los-cuartos-de-final\\\/#primaryimage\"},\"thumbnailUrl\":\"https:\\\/\\\/gentedebasquet.com.ar\\\/sitio\\\/wp-content\\\/uploads\\\/2024\\\/04\\\/gdb-dasda.jpg\",\"keywords\":[\"Espora\",\"Los Andes\",\"Torneo de Segunda\"],\"articleSection\":[\"Segunda\",\"Slide\"],\"inLanguage\":\"es\",\"potentialAction\":[{\"@type\":\"CommentAction\",\"name\":\"Comment\",\"target\":[\"https:\\\/\\\/gentedebasquet.com.ar\\\/sitio\\\/2024\\\/04\\\/27\\\/espora-triunfo-y-clasifico-a-los-cuartos-de-final\\\/#respond\"]}]},{\"@type\":\"WebPage\",\"@id\":\"https:\\\/\\\/gentedebasquet.com.ar\\\/sitio\\\/2024\\\/04\\\/27\\\/espora-triunfo-y-clasifico-a-los-cuartos-de-final\\\/\",\"url\":\"https:\\\/\\\/gentedebasquet.com.ar\\\/sitio\\\/2024\\\/04\\\/27\\\/espora-triunfo-y-clasifico-a-los-cuartos-de-final\\\/\",\"name\":\"Espora triunf\u00f3 y clasific\u00f3 a los cuartos de final - Gente de B\u00e1squet\",\"isPartOf\":{\"@id\":\"https:\\\/\\\/gentedebasquet.com.ar\\\/sitio\\\/#website\"},\"primaryImageOfPage\":{\"@id\":\"https:\\\/\\\/gentedebasquet.com.ar\\\/sitio\\\/2024\\\/04\\\/27\\\/espora-triunfo-y-clasifico-a-los-cuartos-de-final\\\/#primaryimage\"},\"image\":{\"@id\":\"https:\\\/\\\/gentedebasquet.com.ar\\\/sitio\\\/2024\\\/04\\\/27\\\/espora-triunfo-y-clasifico-a-los-cuartos-de-final\\\/#primaryimage\"},\"thumbnailUrl\":\"https:\\\/\\\/gentedebasquet.com.ar\\\/sitio\\\/wp-content\\\/uploads\\\/2024\\\/04\\\/gdb-dasda.jpg\",\"datePublished\":\"2024-04-27T03:52:56+00:00\",\"dateModified\":\"2024-04-27T03:54:07+00:00\",\"author\":{\"@id\":\"https:\\\/\\\/gentedebasquet.com.ar\\\/sitio\\\/#\\\/schema\\\/person\\\/2df9550994560b26db96aa8de5494221\"},\"breadcrumb\":{\"@id\":\"https:\\\/\\\/gentedebasquet.com.ar\\\/sitio\\\/2024\\\/04\\\/27\\\/espora-triunfo-y-clasifico-a-los-cuartos-de-final\\\/#breadcrumb\"},\"inLanguage\":\"es\",\"potentialAction\":[{\"@type\":\"ReadAction\",\"target\":[\"https:\\\/\\\/gentedebasquet.com.ar\\\/sitio\\\/2024\\\/04\\\/27\\\/espora-triunfo-y-clasifico-a-los-cuartos-de-final\\\/\"]}]},{\"@type\":\"ImageObject\",\"inLanguage\":\"es\",\"@id\":\"https:\\\/\\\/gentedebasquet.com.ar\\\/sitio\\\/2024\\\/04\\\/27\\\/espora-triunfo-y-clasifico-a-los-cuartos-de-final\\\/#primaryimage\",\"url\":\"https:\\\/\\\/gentedebasquet.com.ar\\\/sitio\\\/wp-content\\\/uploads\\\/2024\\\/04\\\/gdb-dasda.jpg\",\"contentUrl\":\"https:\\\/\\\/gentedebasquet.com.ar\\\/sitio\\\/wp-content\\\/uploads\\\/2024\\\/04\\\/gdb-dasda.jpg\",\"width\":693,\"height\":318},{\"@type\":\"BreadcrumbList\",\"@id\":\"https:\\\/\\\/gentedebasquet.com.ar\\\/sitio\\\/2024\\\/04\\\/27\\\/espora-triunfo-y-clasifico-a-los-cuartos-de-final\\\/#breadcrumb\",\"itemListElement\":[{\"@type\":\"ListItem\",\"position\":1,\"name\":\"Portada\",\"item\":\"https:\\\/\\\/gentedebasquet.com.ar\\\/sitio\\\/\"},{\"@type\":\"ListItem\",\"position\":2,\"name\":\"Espora triunf\u00f3 y clasific\u00f3 a los cuartos de final\"}]},{\"@type\":\"WebSite\",\"@id\":\"https:\\\/\\\/gentedebasquet.com.ar\\\/sitio\\\/#website\",\"url\":\"https:\\\/\\\/gentedebasquet.com.ar\\\/sitio\\\/\",\"name\":\"Gente de B\u00e1squet\",\"description\":\"La revista del basquet de Bah\u00eda Blanca\",\"potentialAction\":[{\"@type\":\"SearchAction\",\"target\":{\"@type\":\"EntryPoint\",\"urlTemplate\":\"https:\\\/\\\/gentedebasquet.com.ar\\\/sitio\\\/?s={search_term_string}\"},\"query-input\":{\"@type\":\"PropertyValueSpecification\",\"valueRequired\":true,\"valueName\":\"search_term_string\"}}],\"inLanguage\":\"es\"},{\"@type\":\"Person\",\"@id\":\"https:\\\/\\\/gentedebasquet.com.ar\\\/sitio\\\/#\\\/schema\\\/person\\\/2df9550994560b26db96aa8de5494221\",\"name\":\"Mat\u00edas Dom\u00ednguez\",\"image\":{\"@type\":\"ImageObject\",\"inLanguage\":\"es\",\"@id\":\"https:\\\/\\\/secure.gravatar.com\\\/avatar\\\/29491ec59dbc2f899f1cb4052e9f2827b5aee3a84bdc66a9fd6789abc018a99d?s=96&d=mm&r=g\",\"url\":\"https:\\\/\\\/secure.gravatar.com\\\/avatar\\\/29491ec59dbc2f899f1cb4052e9f2827b5aee3a84bdc66a9fd6789abc018a99d?s=96&d=mm&r=g\",\"contentUrl\":\"https:\\\/\\\/secure.gravatar.com\\\/avatar\\\/29491ec59dbc2f899f1cb4052e9f2827b5aee3a84bdc66a9fd6789abc018a99d?s=96&d=mm&r=g\",\"caption\":\"Mat\u00edas Dom\u00ednguez\"},\"url\":\"https:\\\/\\\/gentedebasquet.com.ar\\\/sitio\\\/author\\\/matias-dominguez\\\/\"}]}<\/script>\n<!-- \/ Yoast SEO plugin. -->","yoast_head_json":{"title":"Espora triunf\u00f3 y clasific\u00f3 a los cuartos de final - Gente de B\u00e1squet","robots":{"index":"index","follow":"follow","max-snippet":"max-snippet:-1","max-image-preview":"max-image-preview:large","max-video-preview":"max-video-preview:-1"},"canonical":"https:\/\/gentedebasquet.com.ar\/sitio\/2024\/04\/27\/espora-triunfo-y-clasifico-a-los-cuartos-de-final\/","og_locale":"es_ES","og_type":"article","og_title":"Espora triunf\u00f3 y clasific\u00f3 a los cuartos de final - Gente de B\u00e1squet","og_description":"Con un gran marco de p\u00fablico, en el estadio Jos\u00e9 D\u00b4Amico, derrot\u00f3 58 a 52 a Los Andes y se apoder\u00f3 de la serie 2 a 1. Alan Lera, en el d\u00eda de su cumplea\u00f1os n\u00famero 26, result\u00f3 la gran figura con 26 unidades (con 8\/10 en TL, 6\/10 en T2 y 2\/7 en T3) [&hellip;]","og_url":"https:\/\/gentedebasquet.com.ar\/sitio\/2024\/04\/27\/espora-triunfo-y-clasifico-a-los-cuartos-de-final\/","og_site_name":"Gente de B\u00e1squet","article_published_time":"2024-04-27T03:52:56+00:00","article_modified_time":"2024-04-27T03:54:07+00:00","og_image":[{"width":693,"height":318,"url":"https:\/\/gentedebasquet.com.ar\/sitio\/wp-content\/uploads\/2024\/04\/gdb-dasda.jpg","type":"image\/jpeg"}],"author":"Mat\u00edas Dom\u00ednguez","twitter_card":"summary_large_image","twitter_misc":{"Escrito por":"Mat\u00edas Dom\u00ednguez","Tiempo de lectura":"4 minutos"},"schema":{"@context":"https:\/\/schema.org","@graph":[{"@type":"Article","@id":"https:\/\/gentedebasquet.com.ar\/sitio\/2024\/04\/27\/espora-triunfo-y-clasifico-a-los-cuartos-de-final\/#article","isPartOf":{"@id":"https:\/\/gentedebasquet.com.ar\/sitio\/2024\/04\/27\/espora-triunfo-y-clasifico-a-los-cuartos-de-final\/"},"author":{"name":"Mat\u00edas Dom\u00ednguez","@id":"https:\/\/gentedebasquet.com.ar\/sitio\/#\/schema\/person\/2df9550994560b26db96aa8de5494221"},"headline":"Espora triunf\u00f3 y clasific\u00f3 a los cuartos de final","datePublished":"2024-04-27T03:52:56+00:00","dateModified":"2024-04-27T03:54:07+00:00","mainEntityOfPage":{"@id":"https:\/\/gentedebasquet.com.ar\/sitio\/2024\/04\/27\/espora-triunfo-y-clasifico-a-los-cuartos-de-final\/"},"wordCount":498,"commentCount":0,"image":{"@id":"https:\/\/gentedebasquet.com.ar\/sitio\/2024\/04\/27\/espora-triunfo-y-clasifico-a-los-cuartos-de-final\/#primaryimage"},"thumbnailUrl":"https:\/\/gentedebasquet.com.ar\/sitio\/wp-content\/uploads\/2024\/04\/gdb-dasda.jpg","keywords":["Espora","Los Andes","Torneo de Segunda"],"articleSection":["Segunda","Slide"],"inLanguage":"es","potentialAction":[{"@type":"CommentAction","name":"Comment","target":["https:\/\/gentedebasquet.com.ar\/sitio\/2024\/04\/27\/espora-triunfo-y-clasifico-a-los-cuartos-de-final\/#respond"]}]},{"@type":"WebPage","@id":"https:\/\/gentedebasquet.com.ar\/sitio\/2024\/04\/27\/espora-triunfo-y-clasifico-a-los-cuartos-de-final\/","url":"https:\/\/gentedebasquet.com.ar\/sitio\/2024\/04\/27\/espora-triunfo-y-clasifico-a-los-cuartos-de-final\/","name":"Espora triunf\u00f3 y clasific\u00f3 a los cuartos de final - Gente de B\u00e1squet","isPartOf":{"@id":"https:\/\/gentedebasquet.com.ar\/sitio\/#website"},"primaryImageOfPage":{"@id":"https:\/\/gentedebasquet.com.ar\/sitio\/2024\/04\/27\/espora-triunfo-y-clasifico-a-los-cuartos-de-final\/#primaryimage"},"image":{"@id":"https:\/\/gentedebasquet.com.ar\/sitio\/2024\/04\/27\/espora-triunfo-y-clasifico-a-los-cuartos-de-final\/#primaryimage"},"thumbnailUrl":"https:\/\/gentedebasquet.com.ar\/sitio\/wp-content\/uploads\/2024\/04\/gdb-dasda.jpg","datePublished":"2024-04-27T03:52:56+00:00","dateModified":"2024-04-27T03:54:07+00:00","author":{"@id":"https:\/\/gentedebasquet.com.ar\/sitio\/#\/schema\/person\/2df9550994560b26db96aa8de5494221"},"breadcrumb":{"@id":"https:\/\/gentedebasquet.com.ar\/sitio\/2024\/04\/27\/espora-triunfo-y-clasifico-a-los-cuartos-de-final\/#breadcrumb"},"inLanguage":"es","potentialAction":[{"@type":"ReadAction","target":["https:\/\/gentedebasquet.com.ar\/sitio\/2024\/04\/27\/espora-triunfo-y-clasifico-a-los-cuartos-de-final\/"]}]},{"@type":"ImageObject","inLanguage":"es","@id":"https:\/\/gentedebasquet.com.ar\/sitio\/2024\/04\/27\/espora-triunfo-y-clasifico-a-los-cuartos-de-final\/#primaryimage","url":"https:\/\/gentedebasquet.com.ar\/sitio\/wp-content\/uploads\/2024\/04\/gdb-dasda.jpg","contentUrl":"https:\/\/gentedebasquet.com.ar\/sitio\/wp-content\/uploads\/2024\/04\/gdb-dasda.jpg","width":693,"height":318},{"@type":"BreadcrumbList","@id":"https:\/\/gentedebasquet.com.ar\/sitio\/2024\/04\/27\/espora-triunfo-y-clasifico-a-los-cuartos-de-final\/#breadcrumb","itemListElement":[{"@type":"ListItem","position":1,"name":"Portada","item":"https:\/\/gentedebasquet.com.ar\/sitio\/"},{"@type":"ListItem","position":2,"name":"Espora triunf\u00f3 y clasific\u00f3 a los cuartos de final"}]},{"@type":"WebSite","@id":"https:\/\/gentedebasquet.com.ar\/sitio\/#website","url":"https:\/\/gentedebasquet.com.ar\/sitio\/","name":"Gente de B\u00e1squet","description":"La revista del basquet de Bah\u00eda Blanca","potentialAction":[{"@type":"SearchAction","target":{"@type":"EntryPoint","urlTemplate":"https:\/\/gentedebasquet.com.ar\/sitio\/?s={search_term_string}"},"query-input":{"@type":"PropertyValueSpecification","valueRequired":true,"valueName":"search_term_string"}}],"inLanguage":"es"},{"@type":"Person","@id":"https:\/\/gentedebasquet.com.ar\/sitio\/#\/schema\/person\/2df9550994560b26db96aa8de5494221","name":"Mat\u00edas Dom\u00ednguez","image":{"@type":"ImageObject","inLanguage":"es","@id":"https:\/\/secure.gravatar.com\/avatar\/29491ec59dbc2f899f1cb4052e9f2827b5aee3a84bdc66a9fd6789abc018a99d?s=96&d=mm&r=g","url":"https:\/\/secure.gravatar.com\/avatar\/29491ec59dbc2f899f1cb4052e9f2827b5aee3a84bdc66a9fd6789abc018a99d?s=96&d=mm&r=g","contentUrl":"https:\/\/secure.gravatar.com\/avatar\/29491ec59dbc2f899f1cb4052e9f2827b5aee3a84bdc66a9fd6789abc018a99d?s=96&d=mm&r=g","caption":"Mat\u00edas Dom\u00ednguez"},"url":"https:\/\/gentedebasquet.com.ar\/sitio\/author\/matias-dominguez\/"}]}},"_links":{"self":[{"href":"https:\/\/gentedebasquet.com.ar\/sitio\/wp-json\/wp\/v2\/posts\/111398","targetHints":{"allow":["GET"]}}],"collection":[{"href":"https:\/\/gentedebasquet.com.ar\/sitio\/wp-json\/wp\/v2\/posts"}],"about":[{"href":"https:\/\/gentedebasquet.com.ar\/sitio\/wp-json\/wp\/v2\/types\/post"}],"author":[{"embeddable":true,"href":"https:\/\/gentedebasquet.com.ar\/sitio\/wp-json\/wp\/v2\/users\/62"}],"replies":[{"embeddable":true,"href":"https:\/\/gentedebasquet.com.ar\/sitio\/wp-json\/wp\/v2\/comments?post=111398"}],"version-history":[{"count":3,"href":"https:\/\/gentedebasquet.com.ar\/sitio\/wp-json\/wp\/v2\/posts\/111398\/revisions"}],"predecessor-version":[{"id":111413,"href":"https:\/\/gentedebasquet.com.ar\/sitio\/wp-json\/wp\/v2\/posts\/111398\/revisions\/111413"}],"wp:featuredmedia":[{"embeddable":true,"href":"https:\/\/gentedebasquet.com.ar\/sitio\/wp-json\/wp\/v2\/media\/111410"}],"wp:attachment":[{"href":"https:\/\/gentedebasquet.com.ar\/sitio\/wp-json\/wp\/v2\/media?parent=111398"}],"wp:term":[{"taxonomy":"category","embeddable":true,"href":"https:\/\/gentedebasquet.com.ar\/sitio\/wp-json\/wp\/v2\/categories?post=111398"},{"taxonomy":"post_tag","embeddable":true,"href":"https:\/\/gentedebasquet.com.ar\/sitio\/wp-json\/wp\/v2\/tags?post=111398"}],"curies":[{"name":"wp","href":"https:\/\/api.w.org\/{rel}","templated":true}]}}