{"id":111484,"date":"2024-05-03T06:11:29","date_gmt":"2024-05-03T04:11:29","guid":{"rendered":"https:\/\/gentedebasquet.com.ar\/sitio\/?p=111484"},"modified":"2024-05-03T06:11:29","modified_gmt":"2024-05-03T04:11:29","slug":"naposta-se-quedo-con-la-ventaja-de-localia","status":"publish","type":"post","link":"https:\/\/gentedebasquet.com.ar\/sitio\/2024\/05\/03\/naposta-se-quedo-con-la-ventaja-de-localia\/","title":{"rendered":"Napost\u00e1 se qued\u00f3 con la ventaja de local\u00eda"},"content":{"rendered":"<p><strong>Napost\u00e1 termin\u00f3 con una victoria en casa<\/strong> en el cierre de la temporada regular. Fue 83-67 ante Pac\u00edfico y, de esta manera, <strong>logr\u00f3 asegurarse la ventaja de local\u00eda<\/strong> para el primer cruce por la permanencia, que ser\u00e1 ante Estudiantes.<\/p>\n<p>Los dirigidos por Sebasti\u00e1n Aleksoski <strong>sacaron la ventaja clave en el segundo cuarto, de la mano de Francisco Saucedo<\/strong>, que tuvo un primer tiempo impresionante, anotando 19 puntos. En la visita <strong>nadie logr\u00f3 llegar al doble d\u00edgito, jugados veinte minutos<\/strong>. Sus m\u00e1ximos anotadores fueron Cristian Miguel (9) y Pomar Garbarino (8).<\/p>\n<p>A la vuelta del descanso largo, <strong>Napo logr\u00f3 tomar m\u00e1s distancia<\/strong>. Aunque lleg\u00f3 a sacar m\u00e1s de 20 de diferencia, cerr\u00f3 el tercer cuarto 67-54. <strong>All\u00ed apareci\u00f3 Leo Alema\u00f1y<\/strong>, con 11 unidades, para llegar a sus 16.<\/p>\n<p>En el \u00faltimo parcial, <strong>el local supo dominar la ventaja<\/strong> y lleg\u00f3 a los dos minutos finales con 20 de distancia. Tanto Aleksoski como Richotti <strong>aprovecharon para utilizar toda su rotaci\u00f3n<\/strong> y darle algunos minutos a los m\u00e1s chicos.<\/p>\n<p><strong>Napost\u00e1 cumpli\u00f3 con el objetivo de ganar en la \u00faltima fecha<\/strong> para asegurar la ventaja de local\u00eda en la serie por la permanencia. <strong>Qued\u00f3 10mo y enfrentar\u00e1 a Estudiantes<\/strong>. Por su parte, <strong>Pac\u00edfico qued\u00f3 en el 7mo lugar y cruzar\u00e1 con Bahiense del Norte<\/strong> en los 4tos de final de los Playoffs.<\/p>\n<p><img decoding=\"async\" class=\"alignnone size-full wp-image-109360\" src=\"http:\/\/gentedebasquet.com.ar\/sitio\/wp-content\/uploads\/2023\/10\/Gif-Publicidades-1.gif\" alt=\"\" width=\"300\" height=\"250\" \/><\/p>\n<div class=\"jeg_video_container jeg_video_content\"><iframe loading=\"lazy\" title=\"#Primera - Fecha #22: Napost\u00e1 83 - 67 Pac\u00edfico\" width=\"500\" height=\"281\" src=\"https:\/\/www.youtube.com\/embed\/stsuOh7Dlac?feature=oembed\" frameborder=\"0\" allow=\"accelerometer; autoplay; clipboard-write; encrypted-media; gyroscope; picture-in-picture; web-share\" referrerpolicy=\"strict-origin-when-cross-origin\" allowfullscreen><\/iframe><\/div>\n<p>&nbsp;<\/p>\n<p><img decoding=\"async\" class=\"alignnone size-full wp-image-108810\" src=\"http:\/\/gentedebasquet.com.ar\/sitio\/wp-content\/uploads\/2023\/09\/Gif-Publicidades-2-4.gif\" alt=\"\" width=\"300\" height=\"250\" \/><\/p>\n<p><img decoding=\"async\" class=\"alignnone size-medium wp-image-111500\" src=\"http:\/\/gentedebasquet.com.ar\/sitio\/wp-content\/uploads\/2024\/05\/CLAVE-napo-pacifico-300x300.png\" alt=\"\" width=\"300\" height=\"300\" srcset=\"https:\/\/gentedebasquet.com.ar\/sitio\/wp-content\/uploads\/2024\/05\/CLAVE-napo-pacifico-300x300.png 300w, https:\/\/gentedebasquet.com.ar\/sitio\/wp-content\/uploads\/2024\/05\/CLAVE-napo-pacifico-1024x1024.png 1024w, https:\/\/gentedebasquet.com.ar\/sitio\/wp-content\/uploads\/2024\/05\/CLAVE-napo-pacifico-150x150.png 150w, https:\/\/gentedebasquet.com.ar\/sitio\/wp-content\/uploads\/2024\/05\/CLAVE-napo-pacifico-768x768.png 768w, https:\/\/gentedebasquet.com.ar\/sitio\/wp-content\/uploads\/2024\/05\/CLAVE-napo-pacifico-1536x1536.png 1536w, https:\/\/gentedebasquet.com.ar\/sitio\/wp-content\/uploads\/2024\/05\/CLAVE-napo-pacifico-75x75.png 75w, https:\/\/gentedebasquet.com.ar\/sitio\/wp-content\/uploads\/2024\/05\/CLAVE-napo-pacifico-350x350.png 350w, https:\/\/gentedebasquet.com.ar\/sitio\/wp-content\/uploads\/2024\/05\/CLAVE-napo-pacifico-750x750.png 750w, https:\/\/gentedebasquet.com.ar\/sitio\/wp-content\/uploads\/2024\/05\/CLAVE-napo-pacifico-1140x1140.png 1140w, https:\/\/gentedebasquet.com.ar\/sitio\/wp-content\/uploads\/2024\/05\/CLAVE-napo-pacifico.png 2000w\" sizes=\"(max-width: 300px) 100vw, 300px\" \/><\/p>\n<p><img decoding=\"async\" class=\"alignnone wp-image-111502 size-full\" src=\"http:\/\/gentedebasquet.com.ar\/sitio\/wp-content\/uploads\/2024\/05\/figura-francisco-saucedo.jpg\" alt=\"\" width=\"640\" height=\"480\" srcset=\"https:\/\/gentedebasquet.com.ar\/sitio\/wp-content\/uploads\/2024\/05\/figura-francisco-saucedo.jpg 640w, https:\/\/gentedebasquet.com.ar\/sitio\/wp-content\/uploads\/2024\/05\/figura-francisco-saucedo-300x225.jpg 300w\" sizes=\"(max-width: 640px) 100vw, 640px\" \/><\/p>\n<blockquote><p>\u00abLo m\u00e1s importante era llegar bien a la serie por la permanencia, tener confianza, cerrar la etapa regular as\u00ed es una buena noticia. Pudimos cumplir el objetivo de quedarnos con la ventaja de local\u00eda para la pr\u00f3xima serie. Yo me sum\u00e9 para la segunda rueda y me encontr\u00e9 un equipo que va a dejar todo para mantener la categor\u00eda.\u00bb <strong>Francisco Saucedo, Napost\u00e1.<\/strong><\/p><\/blockquote>\n<p><img decoding=\"async\" class=\"alignnone size-medium wp-image-111501\" src=\"http:\/\/gentedebasquet.com.ar\/sitio\/wp-content\/uploads\/2024\/05\/MVP-saucedo-300x300.png\" alt=\"\" width=\"300\" height=\"300\" srcset=\"https:\/\/gentedebasquet.com.ar\/sitio\/wp-content\/uploads\/2024\/05\/MVP-saucedo-300x300.png 300w, https:\/\/gentedebasquet.com.ar\/sitio\/wp-content\/uploads\/2024\/05\/MVP-saucedo-1024x1024.png 1024w, https:\/\/gentedebasquet.com.ar\/sitio\/wp-content\/uploads\/2024\/05\/MVP-saucedo-150x150.png 150w, https:\/\/gentedebasquet.com.ar\/sitio\/wp-content\/uploads\/2024\/05\/MVP-saucedo-768x768.png 768w, https:\/\/gentedebasquet.com.ar\/sitio\/wp-content\/uploads\/2024\/05\/MVP-saucedo-1536x1536.png 1536w, https:\/\/gentedebasquet.com.ar\/sitio\/wp-content\/uploads\/2024\/05\/MVP-saucedo-75x75.png 75w, https:\/\/gentedebasquet.com.ar\/sitio\/wp-content\/uploads\/2024\/05\/MVP-saucedo-350x350.png 350w, https:\/\/gentedebasquet.com.ar\/sitio\/wp-content\/uploads\/2024\/05\/MVP-saucedo-750x750.png 750w, https:\/\/gentedebasquet.com.ar\/sitio\/wp-content\/uploads\/2024\/05\/MVP-saucedo-1140x1140.png 1140w, https:\/\/gentedebasquet.com.ar\/sitio\/wp-content\/uploads\/2024\/05\/MVP-saucedo.png 2000w\" sizes=\"(max-width: 300px) 100vw, 300px\" \/><\/p>\n<p><img decoding=\"async\" class=\"alignnone size-full wp-image-109913\" src=\"http:\/\/gentedebasquet.com.ar\/sitio\/wp-content\/uploads\/2023\/11\/Gif-Publicidades-3-1.gif\" alt=\"\" width=\"300\" height=\"250\" \/><\/p>\n<p><strong>S\u00edntesis \u2013 Primera \u2013 Fecha 22<\/strong><\/p>\n<p><b>Napost\u00e1 83: <\/b>Mauro Zalguizuri 0, Leonel Alema\u00f1y 17, Guido Muzi 21, Gast\u00f3n Torres 6, Francisco Saucedo 23 <strong>(FI);<\/strong> Bruno Pallotti 9, Lautaro Fernetich 0, Nicol\u00e1s Guerrero 4, Francisco Goyanarte 0, Nicol\u00e1s Herbik 2, Benjam\u00edn Minucci 0, Antonio Iturrioz 1 (x). <strong>DT: Sebasti\u00e1n Aleksoski.<\/strong><\/p>\n<p><strong>Pacifico 67:<\/strong> Branco Salvatori 9, Juan Cruz Marini 7, I\u00f1aki Errazu 6, Cristian Miguel 17, Pomar Garbarino 8 <strong>(FI);<\/strong> Mat\u00edas Padilla 2, Santiago Bussetti 7, Gonzalo Mart\u00ednez 4, Bautista Olivera 5 (x), Santiago Loos 2, Guillermo Lucas 0, Lucas Hait 0. <strong>Dt: Mauro Richotti<\/strong><\/p>\n<p><strong>Parciales<\/strong>: 23-21, 49-36 (26-15), 67-54 (18-18), 83-67 (16-13)<\/p>\n<p><strong>\u00c1rbitros<\/strong>: Emanuel S\u00e1nchez &#8211; Mariano Enrique &#8211; Alberto Arlenghi<\/p>\n<p><strong>Estadio:<\/strong> Antonio Palma (Napost\u00e1)<\/p>\n<p><img decoding=\"async\" class=\"alignnone size-full wp-image-109914\" src=\"http:\/\/gentedebasquet.com.ar\/sitio\/wp-content\/uploads\/2023\/11\/Gif-Publicidades-4-1-1.gif\" alt=\"\" width=\"300\" height=\"250\" \/><\/p>\n<p><img decoding=\"async\" class=\"alignnone wp-image-111503 size-full\" src=\"http:\/\/gentedebasquet.com.ar\/sitio\/wp-content\/uploads\/2024\/05\/secundaria-napo-pacifico.jpg\" alt=\"\" width=\"640\" height=\"480\" srcset=\"https:\/\/gentedebasquet.com.ar\/sitio\/wp-content\/uploads\/2024\/05\/secundaria-napo-pacifico.jpg 640w, https:\/\/gentedebasquet.com.ar\/sitio\/wp-content\/uploads\/2024\/05\/secundaria-napo-pacifico-300x225.jpg 300w\" sizes=\"(max-width: 640px) 100vw, 640px\" \/><\/p>\n","protected":false},"excerpt":{"rendered":"<p>Napost\u00e1 termin\u00f3 con una victoria en casa en el cierre de la temporada regular. Fue 83-67 ante Pac\u00edfico y, de esta manera, logr\u00f3 asegurarse la ventaja de local\u00eda para el primer cruce por la permanencia, que ser\u00e1 ante Estudiantes. Los dirigidos por Sebasti\u00e1n Aleksoski sacaron la ventaja clave en el segundo cuarto, de la mano [&hellip;]<\/p>\n","protected":false},"author":71,"featured_media":111504,"comment_status":"open","ping_status":"open","sticky":false,"template":"","format":"standard","meta":{"jnews-multi-image_gallery":[],"jnews_single_post":{"source_name":"","source_url":"","via_name":"","via_url":"","override_template":"0","override":[{"template":"1","single_blog_custom":"","parallax":"1","fullscreen":"1","layout":"right-sidebar","sidebar":"default-sidebar","second_sidebar":"default-sidebar","sticky_sidebar":"1","share_position":"top","share_float_style":"share-monocrhome","show_share_counter":"0","show_view_counter":"0","show_featured":"1","show_post_meta":"1","show_post_author":"1","show_post_author_image":"1","show_post_date":"1","post_date_format":"default","post_date_format_custom":"Y\/m\/d","show_post_category":"1","show_post_reading_time":"0","post_reading_time_wpm":"300","show_zoom_button":"0","zoom_button_out_step":"2","zoom_button_in_step":"3","show_post_tag":"1","show_prev_next_post":"1","show_popup_post":"1","number_popup_post":"1","show_author_box":"0","show_post_related":"0","show_inline_post_related":"0"}],"override_image_size":"0","image_override":[{"single_post_thumbnail_size":"crop-500","single_post_gallery_size":"crop-500"}],"trending_post":"0","trending_post_position":"meta","trending_post_label":"Trending","sponsored_post":"0","sponsored_post_label":"Sponsored by","sponsored_post_name":"","sponsored_post_url":"","sponsored_post_logo_enable":"0","sponsored_post_logo":"","sponsored_post_desc":"","disable_ad":"0"},"jnews_primary_category":{"id":"","hide":""},"footnotes":""},"categories":[23,101],"tags":[1968,15,17,1169,508],"class_list":["post-111484","post","type-post","status-publish","format-standard","has-post-thumbnail","hentry","category-primera","category-slide","tag-francisco-saucedo","tag-naposta","tag-pacifico","tag-primera","tag-primera-division"],"yoast_head":"<!-- This site is optimized with the Yoast SEO plugin v27.5 - https:\/\/yoast.com\/product\/yoast-seo-wordpress\/ -->\n<title>Napost\u00e1 se qued\u00f3 con la ventaja de local\u00eda - Gente de B\u00e1squet<\/title>\n<meta name=\"robots\" content=\"index, follow, max-snippet:-1, max-image-preview:large, max-video-preview:-1\" \/>\n<link rel=\"canonical\" href=\"https:\/\/gentedebasquet.com.ar\/sitio\/2024\/05\/03\/naposta-se-quedo-con-la-ventaja-de-localia\/\" \/>\n<meta property=\"og:locale\" content=\"es_ES\" \/>\n<meta property=\"og:type\" content=\"article\" \/>\n<meta property=\"og:title\" content=\"Napost\u00e1 se qued\u00f3 con la ventaja de local\u00eda - Gente de B\u00e1squet\" \/>\n<meta property=\"og:description\" content=\"Napost\u00e1 termin\u00f3 con una victoria en casa en el cierre de la temporada regular. Fue 83-67 ante Pac\u00edfico y, de esta manera, logr\u00f3 asegurarse la ventaja de local\u00eda para el primer cruce por la permanencia, que ser\u00e1 ante Estudiantes. Los dirigidos por Sebasti\u00e1n Aleksoski sacaron la ventaja clave en el segundo cuarto, de la mano [&hellip;]\" \/>\n<meta property=\"og:url\" content=\"https:\/\/gentedebasquet.com.ar\/sitio\/2024\/05\/03\/naposta-se-quedo-con-la-ventaja-de-localia\/\" \/>\n<meta property=\"og:site_name\" content=\"Gente de B\u00e1squet\" \/>\n<meta property=\"article:published_time\" content=\"2024-05-03T04:11:29+00:00\" \/>\n<meta property=\"og:image\" content=\"https:\/\/gentedebasquet.com.ar\/sitio\/wp-content\/uploads\/2024\/05\/destacada-napo-pacifico.jpg\" \/>\n\t<meta property=\"og:image:width\" content=\"690\" \/>\n\t<meta property=\"og:image:height\" content=\"319\" \/>\n\t<meta property=\"og:image:type\" content=\"image\/jpeg\" \/>\n<meta name=\"author\" content=\"Santiago Seisdedos\" \/>\n<meta name=\"twitter:card\" content=\"summary_large_image\" \/>\n<meta name=\"twitter:label1\" content=\"Escrito por\" \/>\n\t<meta name=\"twitter:data1\" content=\"Santiago Seisdedos\" \/>\n\t<meta name=\"twitter:label2\" content=\"Tiempo de lectura\" \/>\n\t<meta name=\"twitter:data2\" content=\"4 minutos\" \/>\n<script type=\"application\/ld+json\" class=\"yoast-schema-graph\">{\"@context\":\"https:\\\/\\\/schema.org\",\"@graph\":[{\"@type\":\"Article\",\"@id\":\"https:\\\/\\\/gentedebasquet.com.ar\\\/sitio\\\/2024\\\/05\\\/03\\\/naposta-se-quedo-con-la-ventaja-de-localia\\\/#article\",\"isPartOf\":{\"@id\":\"https:\\\/\\\/gentedebasquet.com.ar\\\/sitio\\\/2024\\\/05\\\/03\\\/naposta-se-quedo-con-la-ventaja-de-localia\\\/\"},\"author\":{\"name\":\"Santiago Seisdedos\",\"@id\":\"https:\\\/\\\/gentedebasquet.com.ar\\\/sitio\\\/#\\\/schema\\\/person\\\/3b50d7c801b9529aba70bd4613bca6da\"},\"headline\":\"Napost\u00e1 se qued\u00f3 con la ventaja de local\u00eda\",\"datePublished\":\"2024-05-03T04:11:29+00:00\",\"mainEntityOfPage\":{\"@id\":\"https:\\\/\\\/gentedebasquet.com.ar\\\/sitio\\\/2024\\\/05\\\/03\\\/naposta-se-quedo-con-la-ventaja-de-localia\\\/\"},\"wordCount\":400,\"commentCount\":0,\"image\":{\"@id\":\"https:\\\/\\\/gentedebasquet.com.ar\\\/sitio\\\/2024\\\/05\\\/03\\\/naposta-se-quedo-con-la-ventaja-de-localia\\\/#primaryimage\"},\"thumbnailUrl\":\"https:\\\/\\\/gentedebasquet.com.ar\\\/sitio\\\/wp-content\\\/uploads\\\/2024\\\/05\\\/destacada-napo-pacifico.jpg\",\"keywords\":[\"Francisco Saucedo\",\"Naposta\",\"Pacifico\",\"Primera\",\"Primera Divisi\u00f3n\"],\"articleSection\":[\"Primera\",\"Slide\"],\"inLanguage\":\"es\",\"potentialAction\":[{\"@type\":\"CommentAction\",\"name\":\"Comment\",\"target\":[\"https:\\\/\\\/gentedebasquet.com.ar\\\/sitio\\\/2024\\\/05\\\/03\\\/naposta-se-quedo-con-la-ventaja-de-localia\\\/#respond\"]}]},{\"@type\":\"WebPage\",\"@id\":\"https:\\\/\\\/gentedebasquet.com.ar\\\/sitio\\\/2024\\\/05\\\/03\\\/naposta-se-quedo-con-la-ventaja-de-localia\\\/\",\"url\":\"https:\\\/\\\/gentedebasquet.com.ar\\\/sitio\\\/2024\\\/05\\\/03\\\/naposta-se-quedo-con-la-ventaja-de-localia\\\/\",\"name\":\"Napost\u00e1 se qued\u00f3 con la ventaja de local\u00eda - Gente de B\u00e1squet\",\"isPartOf\":{\"@id\":\"https:\\\/\\\/gentedebasquet.com.ar\\\/sitio\\\/#website\"},\"primaryImageOfPage\":{\"@id\":\"https:\\\/\\\/gentedebasquet.com.ar\\\/sitio\\\/2024\\\/05\\\/03\\\/naposta-se-quedo-con-la-ventaja-de-localia\\\/#primaryimage\"},\"image\":{\"@id\":\"https:\\\/\\\/gentedebasquet.com.ar\\\/sitio\\\/2024\\\/05\\\/03\\\/naposta-se-quedo-con-la-ventaja-de-localia\\\/#primaryimage\"},\"thumbnailUrl\":\"https:\\\/\\\/gentedebasquet.com.ar\\\/sitio\\\/wp-content\\\/uploads\\\/2024\\\/05\\\/destacada-napo-pacifico.jpg\",\"datePublished\":\"2024-05-03T04:11:29+00:00\",\"author\":{\"@id\":\"https:\\\/\\\/gentedebasquet.com.ar\\\/sitio\\\/#\\\/schema\\\/person\\\/3b50d7c801b9529aba70bd4613bca6da\"},\"breadcrumb\":{\"@id\":\"https:\\\/\\\/gentedebasquet.com.ar\\\/sitio\\\/2024\\\/05\\\/03\\\/naposta-se-quedo-con-la-ventaja-de-localia\\\/#breadcrumb\"},\"inLanguage\":\"es\",\"potentialAction\":[{\"@type\":\"ReadAction\",\"target\":[\"https:\\\/\\\/gentedebasquet.com.ar\\\/sitio\\\/2024\\\/05\\\/03\\\/naposta-se-quedo-con-la-ventaja-de-localia\\\/\"]}]},{\"@type\":\"ImageObject\",\"inLanguage\":\"es\",\"@id\":\"https:\\\/\\\/gentedebasquet.com.ar\\\/sitio\\\/2024\\\/05\\\/03\\\/naposta-se-quedo-con-la-ventaja-de-localia\\\/#primaryimage\",\"url\":\"https:\\\/\\\/gentedebasquet.com.ar\\\/sitio\\\/wp-content\\\/uploads\\\/2024\\\/05\\\/destacada-napo-pacifico.jpg\",\"contentUrl\":\"https:\\\/\\\/gentedebasquet.com.ar\\\/sitio\\\/wp-content\\\/uploads\\\/2024\\\/05\\\/destacada-napo-pacifico.jpg\",\"width\":690,\"height\":319},{\"@type\":\"BreadcrumbList\",\"@id\":\"https:\\\/\\\/gentedebasquet.com.ar\\\/sitio\\\/2024\\\/05\\\/03\\\/naposta-se-quedo-con-la-ventaja-de-localia\\\/#breadcrumb\",\"itemListElement\":[{\"@type\":\"ListItem\",\"position\":1,\"name\":\"Portada\",\"item\":\"https:\\\/\\\/gentedebasquet.com.ar\\\/sitio\\\/\"},{\"@type\":\"ListItem\",\"position\":2,\"name\":\"Napost\u00e1 se qued\u00f3 con la ventaja de local\u00eda\"}]},{\"@type\":\"WebSite\",\"@id\":\"https:\\\/\\\/gentedebasquet.com.ar\\\/sitio\\\/#website\",\"url\":\"https:\\\/\\\/gentedebasquet.com.ar\\\/sitio\\\/\",\"name\":\"Gente de B\u00e1squet\",\"description\":\"La revista del basquet de Bah\u00eda Blanca\",\"potentialAction\":[{\"@type\":\"SearchAction\",\"target\":{\"@type\":\"EntryPoint\",\"urlTemplate\":\"https:\\\/\\\/gentedebasquet.com.ar\\\/sitio\\\/?s={search_term_string}\"},\"query-input\":{\"@type\":\"PropertyValueSpecification\",\"valueRequired\":true,\"valueName\":\"search_term_string\"}}],\"inLanguage\":\"es\"},{\"@type\":\"Person\",\"@id\":\"https:\\\/\\\/gentedebasquet.com.ar\\\/sitio\\\/#\\\/schema\\\/person\\\/3b50d7c801b9529aba70bd4613bca6da\",\"name\":\"Santiago Seisdedos\",\"image\":{\"@type\":\"ImageObject\",\"inLanguage\":\"es\",\"@id\":\"https:\\\/\\\/secure.gravatar.com\\\/avatar\\\/be737e74404eb3825c4679da7a152b3c6980b470f7253114cd451344e20a8d80?s=96&d=mm&r=g\",\"url\":\"https:\\\/\\\/secure.gravatar.com\\\/avatar\\\/be737e74404eb3825c4679da7a152b3c6980b470f7253114cd451344e20a8d80?s=96&d=mm&r=g\",\"contentUrl\":\"https:\\\/\\\/secure.gravatar.com\\\/avatar\\\/be737e74404eb3825c4679da7a152b3c6980b470f7253114cd451344e20a8d80?s=96&d=mm&r=g\",\"caption\":\"Santiago Seisdedos\"},\"url\":\"https:\\\/\\\/gentedebasquet.com.ar\\\/sitio\\\/author\\\/santiago-sesidedos\\\/\"}]}<\/script>\n<!-- \/ Yoast SEO plugin. -->","yoast_head_json":{"title":"Napost\u00e1 se qued\u00f3 con la ventaja de local\u00eda - Gente de B\u00e1squet","robots":{"index":"index","follow":"follow","max-snippet":"max-snippet:-1","max-image-preview":"max-image-preview:large","max-video-preview":"max-video-preview:-1"},"canonical":"https:\/\/gentedebasquet.com.ar\/sitio\/2024\/05\/03\/naposta-se-quedo-con-la-ventaja-de-localia\/","og_locale":"es_ES","og_type":"article","og_title":"Napost\u00e1 se qued\u00f3 con la ventaja de local\u00eda - Gente de B\u00e1squet","og_description":"Napost\u00e1 termin\u00f3 con una victoria en casa en el cierre de la temporada regular. Fue 83-67 ante Pac\u00edfico y, de esta manera, logr\u00f3 asegurarse la ventaja de local\u00eda para el primer cruce por la permanencia, que ser\u00e1 ante Estudiantes. Los dirigidos por Sebasti\u00e1n Aleksoski sacaron la ventaja clave en el segundo cuarto, de la mano [&hellip;]","og_url":"https:\/\/gentedebasquet.com.ar\/sitio\/2024\/05\/03\/naposta-se-quedo-con-la-ventaja-de-localia\/","og_site_name":"Gente de B\u00e1squet","article_published_time":"2024-05-03T04:11:29+00:00","og_image":[{"width":690,"height":319,"url":"https:\/\/gentedebasquet.com.ar\/sitio\/wp-content\/uploads\/2024\/05\/destacada-napo-pacifico.jpg","type":"image\/jpeg"}],"author":"Santiago Seisdedos","twitter_card":"summary_large_image","twitter_misc":{"Escrito por":"Santiago Seisdedos","Tiempo de lectura":"4 minutos"},"schema":{"@context":"https:\/\/schema.org","@graph":[{"@type":"Article","@id":"https:\/\/gentedebasquet.com.ar\/sitio\/2024\/05\/03\/naposta-se-quedo-con-la-ventaja-de-localia\/#article","isPartOf":{"@id":"https:\/\/gentedebasquet.com.ar\/sitio\/2024\/05\/03\/naposta-se-quedo-con-la-ventaja-de-localia\/"},"author":{"name":"Santiago Seisdedos","@id":"https:\/\/gentedebasquet.com.ar\/sitio\/#\/schema\/person\/3b50d7c801b9529aba70bd4613bca6da"},"headline":"Napost\u00e1 se qued\u00f3 con la ventaja de local\u00eda","datePublished":"2024-05-03T04:11:29+00:00","mainEntityOfPage":{"@id":"https:\/\/gentedebasquet.com.ar\/sitio\/2024\/05\/03\/naposta-se-quedo-con-la-ventaja-de-localia\/"},"wordCount":400,"commentCount":0,"image":{"@id":"https:\/\/gentedebasquet.com.ar\/sitio\/2024\/05\/03\/naposta-se-quedo-con-la-ventaja-de-localia\/#primaryimage"},"thumbnailUrl":"https:\/\/gentedebasquet.com.ar\/sitio\/wp-content\/uploads\/2024\/05\/destacada-napo-pacifico.jpg","keywords":["Francisco Saucedo","Naposta","Pacifico","Primera","Primera Divisi\u00f3n"],"articleSection":["Primera","Slide"],"inLanguage":"es","potentialAction":[{"@type":"CommentAction","name":"Comment","target":["https:\/\/gentedebasquet.com.ar\/sitio\/2024\/05\/03\/naposta-se-quedo-con-la-ventaja-de-localia\/#respond"]}]},{"@type":"WebPage","@id":"https:\/\/gentedebasquet.com.ar\/sitio\/2024\/05\/03\/naposta-se-quedo-con-la-ventaja-de-localia\/","url":"https:\/\/gentedebasquet.com.ar\/sitio\/2024\/05\/03\/naposta-se-quedo-con-la-ventaja-de-localia\/","name":"Napost\u00e1 se qued\u00f3 con la ventaja de local\u00eda - Gente de B\u00e1squet","isPartOf":{"@id":"https:\/\/gentedebasquet.com.ar\/sitio\/#website"},"primaryImageOfPage":{"@id":"https:\/\/gentedebasquet.com.ar\/sitio\/2024\/05\/03\/naposta-se-quedo-con-la-ventaja-de-localia\/#primaryimage"},"image":{"@id":"https:\/\/gentedebasquet.com.ar\/sitio\/2024\/05\/03\/naposta-se-quedo-con-la-ventaja-de-localia\/#primaryimage"},"thumbnailUrl":"https:\/\/gentedebasquet.com.ar\/sitio\/wp-content\/uploads\/2024\/05\/destacada-napo-pacifico.jpg","datePublished":"2024-05-03T04:11:29+00:00","author":{"@id":"https:\/\/gentedebasquet.com.ar\/sitio\/#\/schema\/person\/3b50d7c801b9529aba70bd4613bca6da"},"breadcrumb":{"@id":"https:\/\/gentedebasquet.com.ar\/sitio\/2024\/05\/03\/naposta-se-quedo-con-la-ventaja-de-localia\/#breadcrumb"},"inLanguage":"es","potentialAction":[{"@type":"ReadAction","target":["https:\/\/gentedebasquet.com.ar\/sitio\/2024\/05\/03\/naposta-se-quedo-con-la-ventaja-de-localia\/"]}]},{"@type":"ImageObject","inLanguage":"es","@id":"https:\/\/gentedebasquet.com.ar\/sitio\/2024\/05\/03\/naposta-se-quedo-con-la-ventaja-de-localia\/#primaryimage","url":"https:\/\/gentedebasquet.com.ar\/sitio\/wp-content\/uploads\/2024\/05\/destacada-napo-pacifico.jpg","contentUrl":"https:\/\/gentedebasquet.com.ar\/sitio\/wp-content\/uploads\/2024\/05\/destacada-napo-pacifico.jpg","width":690,"height":319},{"@type":"BreadcrumbList","@id":"https:\/\/gentedebasquet.com.ar\/sitio\/2024\/05\/03\/naposta-se-quedo-con-la-ventaja-de-localia\/#breadcrumb","itemListElement":[{"@type":"ListItem","position":1,"name":"Portada","item":"https:\/\/gentedebasquet.com.ar\/sitio\/"},{"@type":"ListItem","position":2,"name":"Napost\u00e1 se qued\u00f3 con la ventaja de local\u00eda"}]},{"@type":"WebSite","@id":"https:\/\/gentedebasquet.com.ar\/sitio\/#website","url":"https:\/\/gentedebasquet.com.ar\/sitio\/","name":"Gente de B\u00e1squet","description":"La revista del basquet de Bah\u00eda Blanca","potentialAction":[{"@type":"SearchAction","target":{"@type":"EntryPoint","urlTemplate":"https:\/\/gentedebasquet.com.ar\/sitio\/?s={search_term_string}"},"query-input":{"@type":"PropertyValueSpecification","valueRequired":true,"valueName":"search_term_string"}}],"inLanguage":"es"},{"@type":"Person","@id":"https:\/\/gentedebasquet.com.ar\/sitio\/#\/schema\/person\/3b50d7c801b9529aba70bd4613bca6da","name":"Santiago Seisdedos","image":{"@type":"ImageObject","inLanguage":"es","@id":"https:\/\/secure.gravatar.com\/avatar\/be737e74404eb3825c4679da7a152b3c6980b470f7253114cd451344e20a8d80?s=96&d=mm&r=g","url":"https:\/\/secure.gravatar.com\/avatar\/be737e74404eb3825c4679da7a152b3c6980b470f7253114cd451344e20a8d80?s=96&d=mm&r=g","contentUrl":"https:\/\/secure.gravatar.com\/avatar\/be737e74404eb3825c4679da7a152b3c6980b470f7253114cd451344e20a8d80?s=96&d=mm&r=g","caption":"Santiago Seisdedos"},"url":"https:\/\/gentedebasquet.com.ar\/sitio\/author\/santiago-sesidedos\/"}]}},"_links":{"self":[{"href":"https:\/\/gentedebasquet.com.ar\/sitio\/wp-json\/wp\/v2\/posts\/111484","targetHints":{"allow":["GET"]}}],"collection":[{"href":"https:\/\/gentedebasquet.com.ar\/sitio\/wp-json\/wp\/v2\/posts"}],"about":[{"href":"https:\/\/gentedebasquet.com.ar\/sitio\/wp-json\/wp\/v2\/types\/post"}],"author":[{"embeddable":true,"href":"https:\/\/gentedebasquet.com.ar\/sitio\/wp-json\/wp\/v2\/users\/71"}],"replies":[{"embeddable":true,"href":"https:\/\/gentedebasquet.com.ar\/sitio\/wp-json\/wp\/v2\/comments?post=111484"}],"version-history":[{"count":2,"href":"https:\/\/gentedebasquet.com.ar\/sitio\/wp-json\/wp\/v2\/posts\/111484\/revisions"}],"predecessor-version":[{"id":111505,"href":"https:\/\/gentedebasquet.com.ar\/sitio\/wp-json\/wp\/v2\/posts\/111484\/revisions\/111505"}],"wp:featuredmedia":[{"embeddable":true,"href":"https:\/\/gentedebasquet.com.ar\/sitio\/wp-json\/wp\/v2\/media\/111504"}],"wp:attachment":[{"href":"https:\/\/gentedebasquet.com.ar\/sitio\/wp-json\/wp\/v2\/media?parent=111484"}],"wp:term":[{"taxonomy":"category","embeddable":true,"href":"https:\/\/gentedebasquet.com.ar\/sitio\/wp-json\/wp\/v2\/categories?post=111484"},{"taxonomy":"post_tag","embeddable":true,"href":"https:\/\/gentedebasquet.com.ar\/sitio\/wp-json\/wp\/v2\/tags?post=111484"}],"curies":[{"name":"wp","href":"https:\/\/api.w.org\/{rel}","templated":true}]}}