{"id":111488,"date":"2024-05-04T06:14:15","date_gmt":"2024-05-04T04:14:15","guid":{"rendered":"https:\/\/gentedebasquet.com.ar\/sitio\/?p=111488"},"modified":"2024-05-04T06:24:32","modified_gmt":"2024-05-04T04:24:32","slug":"carci-en-semifinales","status":"publish","type":"post","link":"https:\/\/gentedebasquet.com.ar\/sitio\/2024\/05\/04\/carci-en-semifinales\/","title":{"rendered":"\u201cCarci\u201d en semifinales"},"content":{"rendered":"<div class=\"entry-header\">\n<div class=\"jeg_video_container jeg_video_content\">\n<p><strong>El Nacional derrot\u00f3 85 a 68 a Espora, en Punta Alta, y se puso 2 a 0 arriba en la serie de cuartos de final. El base fue la figura con 20 puntos (5\/10 en T3 y decisivo en el 3C anotando 12 tantos consecutivos para quebrar la paridad). Adem\u00e1s, hubo 25 de Nicol\u00e1s Quiroga, 13 de Manuel Echarri y 10 m\u00e1s 8 cristales de Juan Cruz Reschini.<\/strong><\/p>\n<p>Mientras que, en el local no alcanzaron las 16 unidades m\u00e1s 8 rebotes de Alan Lera, las 12 de Mateo Achor (con 4\/8 en T3) y las 11 de Andr\u00e9s Miguez. Controlaron las acciones Horacio Sed\u00e1n, Mariano Enrique y Mauro Guall\u00e1n.<\/p>\n<p>Siendo agresivo en defensa, los de Mauro Sacomani iniciaron 8-5 con un activo Lera (5), aunque su adversario equilibr\u00f3 las cosas (15-15) en un 1C tan parejo como err\u00e1tico (20-21). El 2C, tuvo la misma t\u00f3nica, un efectivo Achor lo puso arriba (29-25), pero el ingreso al campo de juego de Carci dio indicios de lo que se vendr\u00eda para el celeste. Con un triple a la carrera del ex Estrella se fueron al descanso (30-35).<\/p>\n<p>Y en el 3C, el base se despach\u00f3 con tres bombazos consecutivos y un doble m\u00e1s falta (tambi\u00e9n concret\u00f3 el adicional), para romper definitivamente las equivalencias. Las cuatro faltas personales de Reschini parec\u00edan ser una complicaci\u00f3n para Juan Sergio Palumbo, pero fue Quiroga el que gan\u00f3 protagonismo en el poste bajo.<\/p>\n<p>Ya en el 4C, no hubo reacciones posibles. La experiencia del visitante result\u00f3 fundamental y su rival tom\u00f3 decisiones apresuradas forzando el tiro externo y sintiendo el desgaste f\u00edsico realizado durante los primeros 20min. El martes, a las 21 horas, se volver\u00e1n a enfrentar en el Antonio Palma de Napost\u00e1, en lo que puede ser el cotejo que defina la llave.<\/p>\n<\/div>\n<\/div>\n<p>&nbsp;<\/p>\n<p>&nbsp;<\/p>\n<p>&nbsp;<\/p>\n<p>&nbsp;<\/p>\n<div class=\"jeg_video_container jeg_video_content\"><iframe loading=\"lazy\" title=\"#Segunda - Playoffs - 4tos de final - Juego #2 (+5): Espora (0) 68 - 85 (2) El Nacional\" width=\"500\" height=\"281\" src=\"https:\/\/www.youtube.com\/embed\/dv_D0iePeRU?start=1&#038;feature=oembed\" frameborder=\"0\" allow=\"accelerometer; autoplay; clipboard-write; encrypted-media; gyroscope; picture-in-picture; web-share\" referrerpolicy=\"strict-origin-when-cross-origin\" allowfullscreen><\/iframe><\/div>\n<p>&nbsp;<\/p>\n<div class=\"entry-content no-share\">\n<div class=\"content-inner \">\n<p><img decoding=\"async\" class=\"alignnone size-full wp-image-109360\" src=\"http:\/\/gentedebasquet.com.ar\/sitio\/wp-content\/uploads\/2023\/10\/Gif-Publicidades-1.gif\" alt=\"\" width=\"300\" height=\"250\" data-pin-no-hover=\"true\" \/><\/p>\n<p><img decoding=\"async\" class=\"alignnone size-full wp-image-108810\" src=\"http:\/\/gentedebasquet.com.ar\/sitio\/wp-content\/uploads\/2023\/09\/Gif-Publicidades-2-4.gif\" alt=\"\" width=\"300\" height=\"250\" data-pin-no-hover=\"true\" \/><\/p>\n<p><img decoding=\"async\" class=\"alignnone size-medium wp-image-111539\" src=\"http:\/\/gentedebasquet.com.ar\/sitio\/wp-content\/uploads\/2024\/05\/GDB-AS-300x300.jpg\" alt=\"\" width=\"300\" height=\"300\" srcset=\"https:\/\/gentedebasquet.com.ar\/sitio\/wp-content\/uploads\/2024\/05\/GDB-AS-300x300.jpg 300w, https:\/\/gentedebasquet.com.ar\/sitio\/wp-content\/uploads\/2024\/05\/GDB-AS-1024x1024.jpg 1024w, https:\/\/gentedebasquet.com.ar\/sitio\/wp-content\/uploads\/2024\/05\/GDB-AS-150x150.jpg 150w, https:\/\/gentedebasquet.com.ar\/sitio\/wp-content\/uploads\/2024\/05\/GDB-AS-768x768.jpg 768w, https:\/\/gentedebasquet.com.ar\/sitio\/wp-content\/uploads\/2024\/05\/GDB-AS-1536x1536.jpg 1536w, https:\/\/gentedebasquet.com.ar\/sitio\/wp-content\/uploads\/2024\/05\/GDB-AS-75x75.jpg 75w, https:\/\/gentedebasquet.com.ar\/sitio\/wp-content\/uploads\/2024\/05\/GDB-AS-350x350.jpg 350w, https:\/\/gentedebasquet.com.ar\/sitio\/wp-content\/uploads\/2024\/05\/GDB-AS-750x750.jpg 750w, https:\/\/gentedebasquet.com.ar\/sitio\/wp-content\/uploads\/2024\/05\/GDB-AS-1140x1140.jpg 1140w, https:\/\/gentedebasquet.com.ar\/sitio\/wp-content\/uploads\/2024\/05\/GDB-AS.jpg 1600w\" sizes=\"(max-width: 300px) 100vw, 300px\" \/><\/p>\n<p><img decoding=\"async\" class=\"alignnone size-medium wp-image-111540\" src=\"http:\/\/gentedebasquet.com.ar\/sitio\/wp-content\/uploads\/2024\/05\/GDB-ASas-225x300.jpg\" alt=\"\" width=\"225\" height=\"300\" srcset=\"https:\/\/gentedebasquet.com.ar\/sitio\/wp-content\/uploads\/2024\/05\/GDB-ASas-225x300.jpg 225w, https:\/\/gentedebasquet.com.ar\/sitio\/wp-content\/uploads\/2024\/05\/GDB-ASas-768x1024.jpg 768w, https:\/\/gentedebasquet.com.ar\/sitio\/wp-content\/uploads\/2024\/05\/GDB-ASas-1152x1536.jpg 1152w, https:\/\/gentedebasquet.com.ar\/sitio\/wp-content\/uploads\/2024\/05\/GDB-ASas-750x1000.jpg 750w, https:\/\/gentedebasquet.com.ar\/sitio\/wp-content\/uploads\/2024\/05\/GDB-ASas-1140x1520.jpg 1140w, https:\/\/gentedebasquet.com.ar\/sitio\/wp-content\/uploads\/2024\/05\/GDB-ASas.jpg 1200w\" sizes=\"(max-width: 225px) 100vw, 225px\" \/><\/p>\n<blockquote><p>\u201cContento de volver a Punta Alta siempre. Nos llevamos un partido dur\u00edsimo de una cancha dif\u00edcil, contra un rival que todav\u00eda no est\u00e1 muerto. Vamos a darlo todo para cerrarlo el martes de local. Ac\u00e1 ya nos hab\u00eda costado en la fase regular. Hoy pudimos sacar una peque\u00f1a diferencia en el 3C, que por suerte se me abri\u00f3 el aro. Tenemos un plantel m\u00e1s largo y mucha jerarqu\u00eda abajo del aro, y si la metemos de afuera y defendemos, somos un rival complicado para cualquiera\u201d, Dami\u00e1n Carci (El Nacional).<\/p><\/blockquote>\n<p><img decoding=\"async\" class=\"alignnone size-medium wp-image-111541\" src=\"http:\/\/gentedebasquet.com.ar\/sitio\/wp-content\/uploads\/2024\/05\/GDB-ASa-300x300.jpg\" alt=\"\" width=\"300\" height=\"300\" srcset=\"https:\/\/gentedebasquet.com.ar\/sitio\/wp-content\/uploads\/2024\/05\/GDB-ASa-300x300.jpg 300w, https:\/\/gentedebasquet.com.ar\/sitio\/wp-content\/uploads\/2024\/05\/GDB-ASa-1024x1024.jpg 1024w, https:\/\/gentedebasquet.com.ar\/sitio\/wp-content\/uploads\/2024\/05\/GDB-ASa-150x150.jpg 150w, https:\/\/gentedebasquet.com.ar\/sitio\/wp-content\/uploads\/2024\/05\/GDB-ASa-768x768.jpg 768w, https:\/\/gentedebasquet.com.ar\/sitio\/wp-content\/uploads\/2024\/05\/GDB-ASa-1536x1536.jpg 1536w, https:\/\/gentedebasquet.com.ar\/sitio\/wp-content\/uploads\/2024\/05\/GDB-ASa-75x75.jpg 75w, https:\/\/gentedebasquet.com.ar\/sitio\/wp-content\/uploads\/2024\/05\/GDB-ASa-350x350.jpg 350w, https:\/\/gentedebasquet.com.ar\/sitio\/wp-content\/uploads\/2024\/05\/GDB-ASa-750x750.jpg 750w, https:\/\/gentedebasquet.com.ar\/sitio\/wp-content\/uploads\/2024\/05\/GDB-ASa-1140x1140.jpg 1140w, https:\/\/gentedebasquet.com.ar\/sitio\/wp-content\/uploads\/2024\/05\/GDB-ASa.jpg 1600w\" sizes=\"(max-width: 300px) 100vw, 300px\" \/><\/p>\n<p><img decoding=\"async\" class=\"alignnone size-full wp-image-109913\" src=\"http:\/\/gentedebasquet.com.ar\/sitio\/wp-content\/uploads\/2023\/11\/Gif-Publicidades-3-1.gif\" alt=\"\" width=\"300\" height=\"250\" data-pin-no-hover=\"true\" \/><\/p>\n<p><strong>S\u00edntesis \u2013 Segunda \u2013 Playoff \u2013 4tos de final \u2013 Juego #2<\/strong><\/p>\n<p><strong>Espora 68:<\/strong>\u00a0Alan Lera 16, Andr\u00e9s Miguez 11, Mateo Achor 12, Nicol\u00e1s Themtham 7, Enzo Zandonadi 8, (<strong>FI)<\/strong>; Martin P\u00e9rez 4, Joaqu\u00edn \u00c1lvarez Lucero 4, Mauricio Miguez 3, Juan Mart\u00ednez 0 y Mat\u00edas G\u00f3mez 3.\u00a0<strong>DT: Mauro Sacomani.<\/strong><\/p>\n<p><strong>El Nacional 85:<\/strong>\u00a0Juan Cruz Reschini 10, Santiago Ferrari 6, Nahuel Dulsan 9, Manuel Echarri 13, Nicol\u00e1s Quiroga 25\u00a0<strong>(FI);<\/strong>\u00a0Dami\u00e1n Carci 20, Franco Guidi 0, Valent\u00edn Pet\u00f3n 0 y Herman Banegas 2.\u00a0<strong>DT: Juan Sergio Palumbo.<\/strong><\/p>\n<p><strong>Parciales<\/strong>: 20-21; 30-35 (10-14); 52-62 (22-27); 68-85 (16-23).<\/p>\n<p><strong>\u00c1rbitros<\/strong>: Horacio Sed\u00e1n, Mariano Enrique y Mauro Guall\u00e1n.<\/p>\n<p><strong>Estadio:<\/strong>\u00a0Jos\u00e9 Gali\u00e9 (Espora).<\/p>\n<p><strong>Serie: <\/strong>El Nacional, 2-0.<\/p>\n<p><img decoding=\"async\" class=\"alignnone size-full wp-image-109914\" src=\"http:\/\/gentedebasquet.com.ar\/sitio\/wp-content\/uploads\/2023\/11\/Gif-Publicidades-4-1-1.gif\" alt=\"\" width=\"300\" height=\"250\" data-pin-no-hover=\"true\" \/><\/p>\n<p><img decoding=\"async\" class=\"alignnone size-medium wp-image-111542\" src=\"http:\/\/gentedebasquet.com.ar\/sitio\/wp-content\/uploads\/2024\/05\/DSC_2239-300x235.jpg\" alt=\"\" width=\"300\" height=\"235\" srcset=\"https:\/\/gentedebasquet.com.ar\/sitio\/wp-content\/uploads\/2024\/05\/DSC_2239-300x235.jpg 300w, https:\/\/gentedebasquet.com.ar\/sitio\/wp-content\/uploads\/2024\/05\/DSC_2239.jpg 650w\" sizes=\"(max-width: 300px) 100vw, 300px\" \/><\/p>\n<p>&nbsp;<\/p>\n<p>Fotos: Marcelo Barth<\/p>\n<\/div>\n<\/div>\n","protected":false},"excerpt":{"rendered":"<p>El Nacional derrot\u00f3 85 a 68 a Espora, en Punta Alta, y se puso 2 a 0 arriba en la serie de cuartos de final. El base fue la figura con 20 puntos (5\/10 en T3 y decisivo en el 3C anotando 12 tantos consecutivos para quebrar la paridad). Adem\u00e1s, hubo 25 de Nicol\u00e1s Quiroga, [&hellip;]<\/p>\n","protected":false},"author":62,"featured_media":111545,"comment_status":"open","ping_status":"open","sticky":false,"template":"","format":"standard","meta":{"jnews-multi-image_gallery":[],"jnews_single_post":{"source_name":"","source_url":"","via_name":"","via_url":"","override_template":"0","override":[{"template":"1","single_blog_custom":"","parallax":"1","fullscreen":"1","layout":"right-sidebar","sidebar":"default-sidebar","second_sidebar":"default-sidebar","sticky_sidebar":"1","share_position":"top","share_float_style":"share-monocrhome","show_share_counter":"0","show_view_counter":"0","show_featured":"1","show_post_meta":"1","show_post_author":"1","show_post_author_image":"1","show_post_date":"1","post_date_format":"default","post_date_format_custom":"Y\/m\/d","show_post_category":"1","show_post_reading_time":"0","post_reading_time_wpm":"300","show_zoom_button":"0","zoom_button_out_step":"2","zoom_button_in_step":"3","show_post_tag":"1","show_prev_next_post":"1","show_popup_post":"1","number_popup_post":"1","show_author_box":"0","show_post_related":"0","show_inline_post_related":"0"}],"override_image_size":"0","image_override":[{"single_post_thumbnail_size":"crop-500","single_post_gallery_size":"crop-500"}],"trending_post":"0","trending_post_position":"meta","trending_post_label":"Trending","sponsored_post":"0","sponsored_post_label":"Sponsored by","sponsored_post_name":"","sponsored_post_url":"","sponsored_post_logo_enable":"0","sponsored_post_logo":"","sponsored_post_desc":"","disable_ad":"0"},"jnews_primary_category":{"id":"","hide":""},"footnotes":""},"categories":[25,101],"tags":[9,1889,71,1940],"class_list":["post-111488","post","type-post","status-publish","format-standard","has-post-thumbnail","hentry","category-segunda","category-slide","tag-el-nacional","tag-espora","tag-punta-alta","tag-torneo-de-segunda"],"yoast_head":"<!-- This site is optimized with the Yoast SEO plugin v27.5 - https:\/\/yoast.com\/product\/yoast-seo-wordpress\/ -->\n<title>\u201cCarci\u201d en semifinales - Gente de B\u00e1squet<\/title>\n<meta name=\"robots\" content=\"index, follow, max-snippet:-1, max-image-preview:large, max-video-preview:-1\" \/>\n<link rel=\"canonical\" href=\"https:\/\/gentedebasquet.com.ar\/sitio\/2024\/05\/04\/carci-en-semifinales\/\" \/>\n<meta property=\"og:locale\" content=\"es_ES\" \/>\n<meta property=\"og:type\" content=\"article\" \/>\n<meta property=\"og:title\" content=\"\u201cCarci\u201d en semifinales - Gente de B\u00e1squet\" \/>\n<meta property=\"og:description\" content=\"El Nacional derrot\u00f3 85 a 68 a Espora, en Punta Alta, y se puso 2 a 0 arriba en la serie de cuartos de final. El base fue la figura con 20 puntos (5\/10 en T3 y decisivo en el 3C anotando 12 tantos consecutivos para quebrar la paridad). Adem\u00e1s, hubo 25 de Nicol\u00e1s Quiroga, [&hellip;]\" \/>\n<meta property=\"og:url\" content=\"https:\/\/gentedebasquet.com.ar\/sitio\/2024\/05\/04\/carci-en-semifinales\/\" \/>\n<meta property=\"og:site_name\" content=\"Gente de B\u00e1squet\" \/>\n<meta property=\"article:published_time\" content=\"2024-05-04T04:14:15+00:00\" \/>\n<meta property=\"article:modified_time\" content=\"2024-05-04T04:24:32+00:00\" \/>\n<meta property=\"og:image\" content=\"https:\/\/gentedebasquet.com.ar\/sitio\/wp-content\/uploads\/2024\/05\/DSC_2297.jpg\" \/>\n\t<meta property=\"og:image:width\" content=\"692\" \/>\n\t<meta property=\"og:image:height\" content=\"319\" \/>\n\t<meta property=\"og:image:type\" content=\"image\/jpeg\" \/>\n<meta name=\"author\" content=\"Mat\u00edas Dom\u00ednguez\" \/>\n<meta name=\"twitter:card\" content=\"summary_large_image\" \/>\n<meta name=\"twitter:label1\" content=\"Escrito por\" \/>\n\t<meta name=\"twitter:data1\" content=\"Mat\u00edas Dom\u00ednguez\" \/>\n\t<meta name=\"twitter:label2\" content=\"Tiempo de lectura\" \/>\n\t<meta name=\"twitter:data2\" content=\"4 minutos\" \/>\n<script type=\"application\/ld+json\" class=\"yoast-schema-graph\">{\"@context\":\"https:\\\/\\\/schema.org\",\"@graph\":[{\"@type\":\"Article\",\"@id\":\"https:\\\/\\\/gentedebasquet.com.ar\\\/sitio\\\/2024\\\/05\\\/04\\\/carci-en-semifinales\\\/#article\",\"isPartOf\":{\"@id\":\"https:\\\/\\\/gentedebasquet.com.ar\\\/sitio\\\/2024\\\/05\\\/04\\\/carci-en-semifinales\\\/\"},\"author\":{\"name\":\"Mat\u00edas Dom\u00ednguez\",\"@id\":\"https:\\\/\\\/gentedebasquet.com.ar\\\/sitio\\\/#\\\/schema\\\/person\\\/2df9550994560b26db96aa8de5494221\"},\"headline\":\"\u201cCarci\u201d en semifinales\",\"datePublished\":\"2024-05-04T04:14:15+00:00\",\"dateModified\":\"2024-05-04T04:24:32+00:00\",\"mainEntityOfPage\":{\"@id\":\"https:\\\/\\\/gentedebasquet.com.ar\\\/sitio\\\/2024\\\/05\\\/04\\\/carci-en-semifinales\\\/\"},\"wordCount\":515,\"commentCount\":0,\"image\":{\"@id\":\"https:\\\/\\\/gentedebasquet.com.ar\\\/sitio\\\/2024\\\/05\\\/04\\\/carci-en-semifinales\\\/#primaryimage\"},\"thumbnailUrl\":\"https:\\\/\\\/gentedebasquet.com.ar\\\/sitio\\\/wp-content\\\/uploads\\\/2024\\\/05\\\/DSC_2297.jpg\",\"keywords\":[\"El Nacional\",\"Espora\",\"Punta Alta\",\"Torneo de Segunda\"],\"articleSection\":[\"Segunda\",\"Slide\"],\"inLanguage\":\"es\",\"potentialAction\":[{\"@type\":\"CommentAction\",\"name\":\"Comment\",\"target\":[\"https:\\\/\\\/gentedebasquet.com.ar\\\/sitio\\\/2024\\\/05\\\/04\\\/carci-en-semifinales\\\/#respond\"]}]},{\"@type\":\"WebPage\",\"@id\":\"https:\\\/\\\/gentedebasquet.com.ar\\\/sitio\\\/2024\\\/05\\\/04\\\/carci-en-semifinales\\\/\",\"url\":\"https:\\\/\\\/gentedebasquet.com.ar\\\/sitio\\\/2024\\\/05\\\/04\\\/carci-en-semifinales\\\/\",\"name\":\"\u201cCarci\u201d en semifinales - Gente de B\u00e1squet\",\"isPartOf\":{\"@id\":\"https:\\\/\\\/gentedebasquet.com.ar\\\/sitio\\\/#website\"},\"primaryImageOfPage\":{\"@id\":\"https:\\\/\\\/gentedebasquet.com.ar\\\/sitio\\\/2024\\\/05\\\/04\\\/carci-en-semifinales\\\/#primaryimage\"},\"image\":{\"@id\":\"https:\\\/\\\/gentedebasquet.com.ar\\\/sitio\\\/2024\\\/05\\\/04\\\/carci-en-semifinales\\\/#primaryimage\"},\"thumbnailUrl\":\"https:\\\/\\\/gentedebasquet.com.ar\\\/sitio\\\/wp-content\\\/uploads\\\/2024\\\/05\\\/DSC_2297.jpg\",\"datePublished\":\"2024-05-04T04:14:15+00:00\",\"dateModified\":\"2024-05-04T04:24:32+00:00\",\"author\":{\"@id\":\"https:\\\/\\\/gentedebasquet.com.ar\\\/sitio\\\/#\\\/schema\\\/person\\\/2df9550994560b26db96aa8de5494221\"},\"breadcrumb\":{\"@id\":\"https:\\\/\\\/gentedebasquet.com.ar\\\/sitio\\\/2024\\\/05\\\/04\\\/carci-en-semifinales\\\/#breadcrumb\"},\"inLanguage\":\"es\",\"potentialAction\":[{\"@type\":\"ReadAction\",\"target\":[\"https:\\\/\\\/gentedebasquet.com.ar\\\/sitio\\\/2024\\\/05\\\/04\\\/carci-en-semifinales\\\/\"]}]},{\"@type\":\"ImageObject\",\"inLanguage\":\"es\",\"@id\":\"https:\\\/\\\/gentedebasquet.com.ar\\\/sitio\\\/2024\\\/05\\\/04\\\/carci-en-semifinales\\\/#primaryimage\",\"url\":\"https:\\\/\\\/gentedebasquet.com.ar\\\/sitio\\\/wp-content\\\/uploads\\\/2024\\\/05\\\/DSC_2297.jpg\",\"contentUrl\":\"https:\\\/\\\/gentedebasquet.com.ar\\\/sitio\\\/wp-content\\\/uploads\\\/2024\\\/05\\\/DSC_2297.jpg\",\"width\":692,\"height\":319},{\"@type\":\"BreadcrumbList\",\"@id\":\"https:\\\/\\\/gentedebasquet.com.ar\\\/sitio\\\/2024\\\/05\\\/04\\\/carci-en-semifinales\\\/#breadcrumb\",\"itemListElement\":[{\"@type\":\"ListItem\",\"position\":1,\"name\":\"Portada\",\"item\":\"https:\\\/\\\/gentedebasquet.com.ar\\\/sitio\\\/\"},{\"@type\":\"ListItem\",\"position\":2,\"name\":\"\u201cCarci\u201d en semifinales\"}]},{\"@type\":\"WebSite\",\"@id\":\"https:\\\/\\\/gentedebasquet.com.ar\\\/sitio\\\/#website\",\"url\":\"https:\\\/\\\/gentedebasquet.com.ar\\\/sitio\\\/\",\"name\":\"Gente de B\u00e1squet\",\"description\":\"La revista del basquet de Bah\u00eda Blanca\",\"potentialAction\":[{\"@type\":\"SearchAction\",\"target\":{\"@type\":\"EntryPoint\",\"urlTemplate\":\"https:\\\/\\\/gentedebasquet.com.ar\\\/sitio\\\/?s={search_term_string}\"},\"query-input\":{\"@type\":\"PropertyValueSpecification\",\"valueRequired\":true,\"valueName\":\"search_term_string\"}}],\"inLanguage\":\"es\"},{\"@type\":\"Person\",\"@id\":\"https:\\\/\\\/gentedebasquet.com.ar\\\/sitio\\\/#\\\/schema\\\/person\\\/2df9550994560b26db96aa8de5494221\",\"name\":\"Mat\u00edas Dom\u00ednguez\",\"image\":{\"@type\":\"ImageObject\",\"inLanguage\":\"es\",\"@id\":\"https:\\\/\\\/secure.gravatar.com\\\/avatar\\\/29491ec59dbc2f899f1cb4052e9f2827b5aee3a84bdc66a9fd6789abc018a99d?s=96&d=mm&r=g\",\"url\":\"https:\\\/\\\/secure.gravatar.com\\\/avatar\\\/29491ec59dbc2f899f1cb4052e9f2827b5aee3a84bdc66a9fd6789abc018a99d?s=96&d=mm&r=g\",\"contentUrl\":\"https:\\\/\\\/secure.gravatar.com\\\/avatar\\\/29491ec59dbc2f899f1cb4052e9f2827b5aee3a84bdc66a9fd6789abc018a99d?s=96&d=mm&r=g\",\"caption\":\"Mat\u00edas Dom\u00ednguez\"},\"url\":\"https:\\\/\\\/gentedebasquet.com.ar\\\/sitio\\\/author\\\/matias-dominguez\\\/\"}]}<\/script>\n<!-- \/ Yoast SEO plugin. -->","yoast_head_json":{"title":"\u201cCarci\u201d en semifinales - Gente de B\u00e1squet","robots":{"index":"index","follow":"follow","max-snippet":"max-snippet:-1","max-image-preview":"max-image-preview:large","max-video-preview":"max-video-preview:-1"},"canonical":"https:\/\/gentedebasquet.com.ar\/sitio\/2024\/05\/04\/carci-en-semifinales\/","og_locale":"es_ES","og_type":"article","og_title":"\u201cCarci\u201d en semifinales - Gente de B\u00e1squet","og_description":"El Nacional derrot\u00f3 85 a 68 a Espora, en Punta Alta, y se puso 2 a 0 arriba en la serie de cuartos de final. El base fue la figura con 20 puntos (5\/10 en T3 y decisivo en el 3C anotando 12 tantos consecutivos para quebrar la paridad). Adem\u00e1s, hubo 25 de Nicol\u00e1s Quiroga, [&hellip;]","og_url":"https:\/\/gentedebasquet.com.ar\/sitio\/2024\/05\/04\/carci-en-semifinales\/","og_site_name":"Gente de B\u00e1squet","article_published_time":"2024-05-04T04:14:15+00:00","article_modified_time":"2024-05-04T04:24:32+00:00","og_image":[{"width":692,"height":319,"url":"https:\/\/gentedebasquet.com.ar\/sitio\/wp-content\/uploads\/2024\/05\/DSC_2297.jpg","type":"image\/jpeg"}],"author":"Mat\u00edas Dom\u00ednguez","twitter_card":"summary_large_image","twitter_misc":{"Escrito por":"Mat\u00edas Dom\u00ednguez","Tiempo de lectura":"4 minutos"},"schema":{"@context":"https:\/\/schema.org","@graph":[{"@type":"Article","@id":"https:\/\/gentedebasquet.com.ar\/sitio\/2024\/05\/04\/carci-en-semifinales\/#article","isPartOf":{"@id":"https:\/\/gentedebasquet.com.ar\/sitio\/2024\/05\/04\/carci-en-semifinales\/"},"author":{"name":"Mat\u00edas Dom\u00ednguez","@id":"https:\/\/gentedebasquet.com.ar\/sitio\/#\/schema\/person\/2df9550994560b26db96aa8de5494221"},"headline":"\u201cCarci\u201d en semifinales","datePublished":"2024-05-04T04:14:15+00:00","dateModified":"2024-05-04T04:24:32+00:00","mainEntityOfPage":{"@id":"https:\/\/gentedebasquet.com.ar\/sitio\/2024\/05\/04\/carci-en-semifinales\/"},"wordCount":515,"commentCount":0,"image":{"@id":"https:\/\/gentedebasquet.com.ar\/sitio\/2024\/05\/04\/carci-en-semifinales\/#primaryimage"},"thumbnailUrl":"https:\/\/gentedebasquet.com.ar\/sitio\/wp-content\/uploads\/2024\/05\/DSC_2297.jpg","keywords":["El Nacional","Espora","Punta Alta","Torneo de Segunda"],"articleSection":["Segunda","Slide"],"inLanguage":"es","potentialAction":[{"@type":"CommentAction","name":"Comment","target":["https:\/\/gentedebasquet.com.ar\/sitio\/2024\/05\/04\/carci-en-semifinales\/#respond"]}]},{"@type":"WebPage","@id":"https:\/\/gentedebasquet.com.ar\/sitio\/2024\/05\/04\/carci-en-semifinales\/","url":"https:\/\/gentedebasquet.com.ar\/sitio\/2024\/05\/04\/carci-en-semifinales\/","name":"\u201cCarci\u201d en semifinales - Gente de B\u00e1squet","isPartOf":{"@id":"https:\/\/gentedebasquet.com.ar\/sitio\/#website"},"primaryImageOfPage":{"@id":"https:\/\/gentedebasquet.com.ar\/sitio\/2024\/05\/04\/carci-en-semifinales\/#primaryimage"},"image":{"@id":"https:\/\/gentedebasquet.com.ar\/sitio\/2024\/05\/04\/carci-en-semifinales\/#primaryimage"},"thumbnailUrl":"https:\/\/gentedebasquet.com.ar\/sitio\/wp-content\/uploads\/2024\/05\/DSC_2297.jpg","datePublished":"2024-05-04T04:14:15+00:00","dateModified":"2024-05-04T04:24:32+00:00","author":{"@id":"https:\/\/gentedebasquet.com.ar\/sitio\/#\/schema\/person\/2df9550994560b26db96aa8de5494221"},"breadcrumb":{"@id":"https:\/\/gentedebasquet.com.ar\/sitio\/2024\/05\/04\/carci-en-semifinales\/#breadcrumb"},"inLanguage":"es","potentialAction":[{"@type":"ReadAction","target":["https:\/\/gentedebasquet.com.ar\/sitio\/2024\/05\/04\/carci-en-semifinales\/"]}]},{"@type":"ImageObject","inLanguage":"es","@id":"https:\/\/gentedebasquet.com.ar\/sitio\/2024\/05\/04\/carci-en-semifinales\/#primaryimage","url":"https:\/\/gentedebasquet.com.ar\/sitio\/wp-content\/uploads\/2024\/05\/DSC_2297.jpg","contentUrl":"https:\/\/gentedebasquet.com.ar\/sitio\/wp-content\/uploads\/2024\/05\/DSC_2297.jpg","width":692,"height":319},{"@type":"BreadcrumbList","@id":"https:\/\/gentedebasquet.com.ar\/sitio\/2024\/05\/04\/carci-en-semifinales\/#breadcrumb","itemListElement":[{"@type":"ListItem","position":1,"name":"Portada","item":"https:\/\/gentedebasquet.com.ar\/sitio\/"},{"@type":"ListItem","position":2,"name":"\u201cCarci\u201d en semifinales"}]},{"@type":"WebSite","@id":"https:\/\/gentedebasquet.com.ar\/sitio\/#website","url":"https:\/\/gentedebasquet.com.ar\/sitio\/","name":"Gente de B\u00e1squet","description":"La revista del basquet de Bah\u00eda Blanca","potentialAction":[{"@type":"SearchAction","target":{"@type":"EntryPoint","urlTemplate":"https:\/\/gentedebasquet.com.ar\/sitio\/?s={search_term_string}"},"query-input":{"@type":"PropertyValueSpecification","valueRequired":true,"valueName":"search_term_string"}}],"inLanguage":"es"},{"@type":"Person","@id":"https:\/\/gentedebasquet.com.ar\/sitio\/#\/schema\/person\/2df9550994560b26db96aa8de5494221","name":"Mat\u00edas Dom\u00ednguez","image":{"@type":"ImageObject","inLanguage":"es","@id":"https:\/\/secure.gravatar.com\/avatar\/29491ec59dbc2f899f1cb4052e9f2827b5aee3a84bdc66a9fd6789abc018a99d?s=96&d=mm&r=g","url":"https:\/\/secure.gravatar.com\/avatar\/29491ec59dbc2f899f1cb4052e9f2827b5aee3a84bdc66a9fd6789abc018a99d?s=96&d=mm&r=g","contentUrl":"https:\/\/secure.gravatar.com\/avatar\/29491ec59dbc2f899f1cb4052e9f2827b5aee3a84bdc66a9fd6789abc018a99d?s=96&d=mm&r=g","caption":"Mat\u00edas Dom\u00ednguez"},"url":"https:\/\/gentedebasquet.com.ar\/sitio\/author\/matias-dominguez\/"}]}},"_links":{"self":[{"href":"https:\/\/gentedebasquet.com.ar\/sitio\/wp-json\/wp\/v2\/posts\/111488","targetHints":{"allow":["GET"]}}],"collection":[{"href":"https:\/\/gentedebasquet.com.ar\/sitio\/wp-json\/wp\/v2\/posts"}],"about":[{"href":"https:\/\/gentedebasquet.com.ar\/sitio\/wp-json\/wp\/v2\/types\/post"}],"author":[{"embeddable":true,"href":"https:\/\/gentedebasquet.com.ar\/sitio\/wp-json\/wp\/v2\/users\/62"}],"replies":[{"embeddable":true,"href":"https:\/\/gentedebasquet.com.ar\/sitio\/wp-json\/wp\/v2\/comments?post=111488"}],"version-history":[{"count":15,"href":"https:\/\/gentedebasquet.com.ar\/sitio\/wp-json\/wp\/v2\/posts\/111488\/revisions"}],"predecessor-version":[{"id":111559,"href":"https:\/\/gentedebasquet.com.ar\/sitio\/wp-json\/wp\/v2\/posts\/111488\/revisions\/111559"}],"wp:featuredmedia":[{"embeddable":true,"href":"https:\/\/gentedebasquet.com.ar\/sitio\/wp-json\/wp\/v2\/media\/111545"}],"wp:attachment":[{"href":"https:\/\/gentedebasquet.com.ar\/sitio\/wp-json\/wp\/v2\/media?parent=111488"}],"wp:term":[{"taxonomy":"category","embeddable":true,"href":"https:\/\/gentedebasquet.com.ar\/sitio\/wp-json\/wp\/v2\/categories?post=111488"},{"taxonomy":"post_tag","embeddable":true,"href":"https:\/\/gentedebasquet.com.ar\/sitio\/wp-json\/wp\/v2\/tags?post=111488"}],"curies":[{"name":"wp","href":"https:\/\/api.w.org\/{rel}","templated":true}]}}