{"id":11154,"date":"2013-05-16T03:15:34","date_gmt":"2013-05-16T03:15:34","guid":{"rendered":"http:\/\/www.gentedebasquet.com.ar\/?p=11154"},"modified":"2013-05-16T03:15:34","modified_gmt":"2013-05-16T03:15:34","slug":"frio-invernal-manos-calientes","status":"publish","type":"post","link":"https:\/\/gentedebasquet.com.ar\/sitio\/2013\/05\/16\/frio-invernal-manos-calientes\/","title":{"rendered":"Fr\u00edo invernal, manos calientes"},"content":{"rendered":"<p><strong><em><a href=\"http:\/\/www.gentedebasquet.com.ar\/wp-content\/uploads\/2013\/05\/IMG00381-20130515-2031.jpg\"><img decoding=\"async\" class=\"alignnone size-full wp-image-11155\" src=\"http:\/\/www.gentedebasquet.com.ar\/wp-content\/uploads\/2013\/05\/IMG00381-20130515-2031.jpg\" alt=\"\" width=\"448\" height=\"336\" \/><\/a>Barracas Central perd\u00eda por 20 y sufr\u00eda con el tiro externo rival, pero se despert\u00f3 en el momento adecuado y termin\u00f3 ganando por un ajustado 77 a 76 sobre Independiente. El m\u00e1ximo anotador fue Ignacio Sella con 19 puntos y un rebote, mientras que en la visita se destacaron Javier Musumeci y Fabi\u00e1n Gendana con 18 y 16 tantos, respectivamente.<\/em><\/strong><\/p>\n<p><!--more--><\/p>\n<p>Como no pod\u00eda ser mejor, Independiente comenz\u00f3 con un gran triple de Gendana para abrir el marcador, con asistencia incluida de Musumeci. Sin embargo, Marco contest\u00f3 desde el otro lado e igual\u00f3 un fren\u00e9tico cotejo, en 5. Javier volvi\u00f3 a colaborar y r\u00e1pidamente los de Palumbo pasaron a ganar con el parcial de 6-0, 11-5. Pero la visita no se conform\u00f3 y fue por m\u00e1s. Con un Barracas desconcertado, Gendana volvi\u00f3 a convertir desde lejos y Montanaro lo sigui\u00f3 en dos ocasiones, marcado una alta efectividad en triples (4\/6). Y sobre la chicharra, una nueva bomba. Massa se anot\u00f3 tres puntos y cerr\u00f3 el per\u00edodo, 29 a 10.<\/p>\n<p>En el segundo cuarto, Montanaro fue fundamental en el poste bajo, aunque en tres minutos el marcador estaba 3-2 en favor del local. Err\u00e1tico, el partido continu\u00f3 con un bajo goleo, principalmente por el lado de Barracas. Gendana anot\u00f3 su tercer triple y Schmidt aport\u00f3 sus primeros puntos. Trellini y Sella se cargaron con faltas r\u00e1pidamente (3) y Reschini cerr\u00f3 el primer tiempo con un doble debajo del aro, nuevamente asistido por Musumeci (3). As\u00ed, los de Allende se fueron 20 puntos abajo en el tanteador, 46-26.<\/p>\n<p>En la segunda mitad, todo cambi\u00f3. Despu\u00e9s de una larga charla de Allende, Barracas convirti\u00f3 un parcial de 8-0 con dos triples de Sella (2\/4 en el partido). Bert\u00f3n cort\u00f3 la racha pero Juan Ignacio Diomedi anot\u00f3 una nueva bomba para colocarse 11 puntos por debajo. Sella sac\u00f3 el doble y la falta y el local contabiliz\u00f3 5\/5 en tiros de campo. Un nuevo triple por el lado de nacho, ajust\u00f3 el marcador y s\u00f3lo Musumeci, con Bert\u00f3n (8 puntos en el per\u00edodo) sacaron la cara por Independiente, Marco se anot\u00f3 otro triple y Barracas se coloc\u00f3 a un tanto. Pero cuando faltaban segundos, el estadio estall\u00f3. Ante un rival muy err\u00e1tico, Trellini clav\u00f3 un triple de 45 grados y pas\u00f3 a ganarlo por 60 a 59.<\/p>\n<p>En el \u00faltimo cuarto, el final de infarto.6-0 fue el parcial con el que inici\u00f3 Barracas con un Gast\u00f3n Diomedi e Ignacio Sella encendidos. El mismo Gast\u00f3n, recuper\u00f3, logr\u00f3 el doble y gan\u00f3 la falta para escaparse en el tanteador. Musumeci contest\u00f3 con un triple, Schimdt con un doble y Bert\u00f3n con un doble y falta. Schmidt lo igual\u00f3 por primera vez en 70 y Marco, desde la esquina, estamp\u00f3 el triple. Musumeci y Gendana se cargaron al equipo y Trellini lo hizo por el lado local. En el intercambio de puntos, el chino desestabiliz\u00f3 con una bomba y Javier volvi\u00f3 a igualar en 76. Pero cuando se escapaba Sella en el poste bajo, Massa le cometi\u00f3 infracci\u00f3n a falta de un segundo para el final. Fue 1\/2 en la l\u00ednea y minuto. En la \u00faltima ofensiva, Schmidt se la colg\u00f3 a Montanaro pero \u00e9ste fall\u00f3 en el env\u00edo y decret\u00f3 el resultado final, 77 a 76 en favor de Barracas.<\/p>\n<p><strong><span style=\"text-decoration: underline;\">S\u00edntesis<\/span><\/strong>:<\/p>\n<p><strong>Barracas Central (77)<\/strong>:<\/p>\n<p>Iniciales: Sella, Ignacio (19); Diomedi, Gast\u00f3n (15); Trellini, Mariano (11); Barba, St\u00e9fano (9); Marco, Santiago (9)<\/p>\n<p>Ingresaron: Minervino, Mario (0); Chotard, Alejandro (7); Diomedi, Juan Ignacio (7)<\/p>\n<p>DT: Allende, Marcelo<\/p>\n<p><strong>Independiente (76)<\/strong>:<\/p>\n<p>Iniciales: Bert\u00f3n, Maximiliano (13); Musumeci, Javier (18); Massa, C\u00e9sar (9); Gendana, Fabi\u00e1n (16); Montanaro, Mauro (13)<\/p>\n<p>Ingresaron: Reschini, Juan Cruz (2); Schmidt, Cristian (5)<\/p>\n<p>DT: Palumbo, Juan Sergio<\/p>\n<p><strong>Cuartos<\/strong>: 10-29; 26-46; 60-59<\/p>\n<p><strong>5 Faltas<\/strong>: Mariano Trellini; Juan Ignacio Diomedi (Barracas); Maximiliano Bert\u00f3n (Independiente)<\/p>\n<p><strong>\u00c1rbitros<\/strong>: Sed\u00e1n, Horacio \u2013 Farroni, Juan Ignacio<\/p>\n<p><strong>Estadio<\/strong>: El Bosque<\/p>\n<p><a class=\"modalf iframe\" title=\"Planilla\" href=\"https:\/\/docs.google.com\/spreadsheet\/pub?key=0AmQ4w9i2HKVQdEJnWVlGN3J0Mm4xOUxTWE4wSHpxZ3c&amp;single=true&amp;gid=0&amp;output=html\">Ver Planilla<\/a><\/p>\n","protected":false},"excerpt":{"rendered":"<p>Barracas Central perd\u00eda por 20 y sufr\u00eda con el tiro externo rival, pero se despert\u00f3 en el momento adecuado y termin\u00f3 ganando por un ajustado 77 a 76 sobre Independiente. El m\u00e1ximo anotador fue Ignacio Sella con 19 puntos y un rebote, mientras que en la visita se destacaron Javier Musumeci y Fabi\u00e1n Gendana con [&hellip;]<\/p>\n","protected":false},"author":10,"featured_media":0,"comment_status":"open","ping_status":"open","sticky":false,"template":"","format":"standard","meta":{"jnews-multi-image_gallery":[],"jnews_single_post":[],"jnews_primary_category":[],"footnotes":""},"categories":[25],"tags":[6,12],"class_list":["post-11154","post","type-post","status-publish","format-standard","hentry","category-segunda","tag-barracas-central","tag-independiente"],"yoast_head":"<!-- This site is optimized with the Yoast SEO plugin v27.5 - https:\/\/yoast.com\/product\/yoast-seo-wordpress\/ -->\n<title>Fr\u00edo invernal, manos calientes - Gente de B\u00e1squet<\/title>\n<meta name=\"robots\" content=\"index, follow, max-snippet:-1, max-image-preview:large, max-video-preview:-1\" \/>\n<link rel=\"canonical\" href=\"https:\/\/gentedebasquet.com.ar\/sitio\/2013\/05\/16\/frio-invernal-manos-calientes\/\" \/>\n<meta property=\"og:locale\" content=\"es_ES\" \/>\n<meta property=\"og:type\" content=\"article\" \/>\n<meta property=\"og:title\" content=\"Fr\u00edo invernal, manos calientes - Gente de B\u00e1squet\" \/>\n<meta property=\"og:description\" content=\"Barracas Central perd\u00eda por 20 y sufr\u00eda con el tiro externo rival, pero se despert\u00f3 en el momento adecuado y termin\u00f3 ganando por un ajustado 77 a 76 sobre Independiente. El m\u00e1ximo anotador fue Ignacio Sella con 19 puntos y un rebote, mientras que en la visita se destacaron Javier Musumeci y Fabi\u00e1n Gendana con [&hellip;]\" \/>\n<meta property=\"og:url\" content=\"https:\/\/gentedebasquet.com.ar\/sitio\/2013\/05\/16\/frio-invernal-manos-calientes\/\" \/>\n<meta property=\"og:site_name\" content=\"Gente de B\u00e1squet\" \/>\n<meta property=\"article:published_time\" content=\"2013-05-16T03:15:34+00:00\" \/>\n<meta property=\"og:image\" content=\"http:\/\/www.gentedebasquet.com.ar\/wp-content\/uploads\/2013\/05\/IMG00381-20130515-2031.jpg\" \/>\n<meta name=\"author\" content=\"Emiliano Roza\" \/>\n<meta name=\"twitter:card\" content=\"summary_large_image\" \/>\n<meta name=\"twitter:label1\" content=\"Escrito por\" \/>\n\t<meta name=\"twitter:data1\" content=\"Emiliano Roza\" \/>\n\t<meta name=\"twitter:label2\" content=\"Tiempo de lectura\" \/>\n\t<meta name=\"twitter:data2\" content=\"3 minutos\" \/>\n<script type=\"application\/ld+json\" class=\"yoast-schema-graph\">{\"@context\":\"https:\\\/\\\/schema.org\",\"@graph\":[{\"@type\":\"Article\",\"@id\":\"https:\\\/\\\/gentedebasquet.com.ar\\\/sitio\\\/2013\\\/05\\\/16\\\/frio-invernal-manos-calientes\\\/#article\",\"isPartOf\":{\"@id\":\"https:\\\/\\\/gentedebasquet.com.ar\\\/sitio\\\/2013\\\/05\\\/16\\\/frio-invernal-manos-calientes\\\/\"},\"author\":{\"name\":\"Emiliano Roza\",\"@id\":\"https:\\\/\\\/gentedebasquet.com.ar\\\/sitio\\\/#\\\/schema\\\/person\\\/745db2a44dc7729cfc1c6faaa16d895b\"},\"headline\":\"Fr\u00edo invernal, manos calientes\",\"datePublished\":\"2013-05-16T03:15:34+00:00\",\"mainEntityOfPage\":{\"@id\":\"https:\\\/\\\/gentedebasquet.com.ar\\\/sitio\\\/2013\\\/05\\\/16\\\/frio-invernal-manos-calientes\\\/\"},\"wordCount\":627,\"commentCount\":0,\"image\":{\"@id\":\"https:\\\/\\\/gentedebasquet.com.ar\\\/sitio\\\/2013\\\/05\\\/16\\\/frio-invernal-manos-calientes\\\/#primaryimage\"},\"thumbnailUrl\":\"http:\\\/\\\/www.gentedebasquet.com.ar\\\/wp-content\\\/uploads\\\/2013\\\/05\\\/IMG00381-20130515-2031.jpg\",\"keywords\":[\"Barracas Central\",\"independiente\"],\"articleSection\":[\"Segunda\"],\"inLanguage\":\"es\",\"potentialAction\":[{\"@type\":\"CommentAction\",\"name\":\"Comment\",\"target\":[\"https:\\\/\\\/gentedebasquet.com.ar\\\/sitio\\\/2013\\\/05\\\/16\\\/frio-invernal-manos-calientes\\\/#respond\"]}]},{\"@type\":\"WebPage\",\"@id\":\"https:\\\/\\\/gentedebasquet.com.ar\\\/sitio\\\/2013\\\/05\\\/16\\\/frio-invernal-manos-calientes\\\/\",\"url\":\"https:\\\/\\\/gentedebasquet.com.ar\\\/sitio\\\/2013\\\/05\\\/16\\\/frio-invernal-manos-calientes\\\/\",\"name\":\"Fr\u00edo invernal, manos calientes - Gente de B\u00e1squet\",\"isPartOf\":{\"@id\":\"https:\\\/\\\/gentedebasquet.com.ar\\\/sitio\\\/#website\"},\"primaryImageOfPage\":{\"@id\":\"https:\\\/\\\/gentedebasquet.com.ar\\\/sitio\\\/2013\\\/05\\\/16\\\/frio-invernal-manos-calientes\\\/#primaryimage\"},\"image\":{\"@id\":\"https:\\\/\\\/gentedebasquet.com.ar\\\/sitio\\\/2013\\\/05\\\/16\\\/frio-invernal-manos-calientes\\\/#primaryimage\"},\"thumbnailUrl\":\"http:\\\/\\\/www.gentedebasquet.com.ar\\\/wp-content\\\/uploads\\\/2013\\\/05\\\/IMG00381-20130515-2031.jpg\",\"datePublished\":\"2013-05-16T03:15:34+00:00\",\"author\":{\"@id\":\"https:\\\/\\\/gentedebasquet.com.ar\\\/sitio\\\/#\\\/schema\\\/person\\\/745db2a44dc7729cfc1c6faaa16d895b\"},\"breadcrumb\":{\"@id\":\"https:\\\/\\\/gentedebasquet.com.ar\\\/sitio\\\/2013\\\/05\\\/16\\\/frio-invernal-manos-calientes\\\/#breadcrumb\"},\"inLanguage\":\"es\",\"potentialAction\":[{\"@type\":\"ReadAction\",\"target\":[\"https:\\\/\\\/gentedebasquet.com.ar\\\/sitio\\\/2013\\\/05\\\/16\\\/frio-invernal-manos-calientes\\\/\"]}]},{\"@type\":\"ImageObject\",\"inLanguage\":\"es\",\"@id\":\"https:\\\/\\\/gentedebasquet.com.ar\\\/sitio\\\/2013\\\/05\\\/16\\\/frio-invernal-manos-calientes\\\/#primaryimage\",\"url\":\"http:\\\/\\\/www.gentedebasquet.com.ar\\\/wp-content\\\/uploads\\\/2013\\\/05\\\/IMG00381-20130515-2031.jpg\",\"contentUrl\":\"http:\\\/\\\/www.gentedebasquet.com.ar\\\/wp-content\\\/uploads\\\/2013\\\/05\\\/IMG00381-20130515-2031.jpg\"},{\"@type\":\"BreadcrumbList\",\"@id\":\"https:\\\/\\\/gentedebasquet.com.ar\\\/sitio\\\/2013\\\/05\\\/16\\\/frio-invernal-manos-calientes\\\/#breadcrumb\",\"itemListElement\":[{\"@type\":\"ListItem\",\"position\":1,\"name\":\"Portada\",\"item\":\"https:\\\/\\\/gentedebasquet.com.ar\\\/sitio\\\/\"},{\"@type\":\"ListItem\",\"position\":2,\"name\":\"Fr\u00edo invernal, manos calientes\"}]},{\"@type\":\"WebSite\",\"@id\":\"https:\\\/\\\/gentedebasquet.com.ar\\\/sitio\\\/#website\",\"url\":\"https:\\\/\\\/gentedebasquet.com.ar\\\/sitio\\\/\",\"name\":\"Gente de B\u00e1squet\",\"description\":\"La revista del basquet de Bah\u00eda Blanca\",\"potentialAction\":[{\"@type\":\"SearchAction\",\"target\":{\"@type\":\"EntryPoint\",\"urlTemplate\":\"https:\\\/\\\/gentedebasquet.com.ar\\\/sitio\\\/?s={search_term_string}\"},\"query-input\":{\"@type\":\"PropertyValueSpecification\",\"valueRequired\":true,\"valueName\":\"search_term_string\"}}],\"inLanguage\":\"es\"},{\"@type\":\"Person\",\"@id\":\"https:\\\/\\\/gentedebasquet.com.ar\\\/sitio\\\/#\\\/schema\\\/person\\\/745db2a44dc7729cfc1c6faaa16d895b\",\"name\":\"Emiliano Roza\",\"image\":{\"@type\":\"ImageObject\",\"inLanguage\":\"es\",\"@id\":\"https:\\\/\\\/secure.gravatar.com\\\/avatar\\\/04256ceef48211167df8402e69580be023beb74ca857078daaf21e35d6076e03?s=96&d=mm&r=g\",\"url\":\"https:\\\/\\\/secure.gravatar.com\\\/avatar\\\/04256ceef48211167df8402e69580be023beb74ca857078daaf21e35d6076e03?s=96&d=mm&r=g\",\"contentUrl\":\"https:\\\/\\\/secure.gravatar.com\\\/avatar\\\/04256ceef48211167df8402e69580be023beb74ca857078daaf21e35d6076e03?s=96&d=mm&r=g\",\"caption\":\"Emiliano Roza\"},\"url\":\"https:\\\/\\\/gentedebasquet.com.ar\\\/sitio\\\/author\\\/emilianor\\\/\"}]}<\/script>\n<!-- \/ Yoast SEO plugin. -->","yoast_head_json":{"title":"Fr\u00edo invernal, manos calientes - Gente de B\u00e1squet","robots":{"index":"index","follow":"follow","max-snippet":"max-snippet:-1","max-image-preview":"max-image-preview:large","max-video-preview":"max-video-preview:-1"},"canonical":"https:\/\/gentedebasquet.com.ar\/sitio\/2013\/05\/16\/frio-invernal-manos-calientes\/","og_locale":"es_ES","og_type":"article","og_title":"Fr\u00edo invernal, manos calientes - Gente de B\u00e1squet","og_description":"Barracas Central perd\u00eda por 20 y sufr\u00eda con el tiro externo rival, pero se despert\u00f3 en el momento adecuado y termin\u00f3 ganando por un ajustado 77 a 76 sobre Independiente. El m\u00e1ximo anotador fue Ignacio Sella con 19 puntos y un rebote, mientras que en la visita se destacaron Javier Musumeci y Fabi\u00e1n Gendana con [&hellip;]","og_url":"https:\/\/gentedebasquet.com.ar\/sitio\/2013\/05\/16\/frio-invernal-manos-calientes\/","og_site_name":"Gente de B\u00e1squet","article_published_time":"2013-05-16T03:15:34+00:00","og_image":[{"url":"http:\/\/www.gentedebasquet.com.ar\/wp-content\/uploads\/2013\/05\/IMG00381-20130515-2031.jpg","type":"","width":"","height":""}],"author":"Emiliano Roza","twitter_card":"summary_large_image","twitter_misc":{"Escrito por":"Emiliano Roza","Tiempo de lectura":"3 minutos"},"schema":{"@context":"https:\/\/schema.org","@graph":[{"@type":"Article","@id":"https:\/\/gentedebasquet.com.ar\/sitio\/2013\/05\/16\/frio-invernal-manos-calientes\/#article","isPartOf":{"@id":"https:\/\/gentedebasquet.com.ar\/sitio\/2013\/05\/16\/frio-invernal-manos-calientes\/"},"author":{"name":"Emiliano Roza","@id":"https:\/\/gentedebasquet.com.ar\/sitio\/#\/schema\/person\/745db2a44dc7729cfc1c6faaa16d895b"},"headline":"Fr\u00edo invernal, manos calientes","datePublished":"2013-05-16T03:15:34+00:00","mainEntityOfPage":{"@id":"https:\/\/gentedebasquet.com.ar\/sitio\/2013\/05\/16\/frio-invernal-manos-calientes\/"},"wordCount":627,"commentCount":0,"image":{"@id":"https:\/\/gentedebasquet.com.ar\/sitio\/2013\/05\/16\/frio-invernal-manos-calientes\/#primaryimage"},"thumbnailUrl":"http:\/\/www.gentedebasquet.com.ar\/wp-content\/uploads\/2013\/05\/IMG00381-20130515-2031.jpg","keywords":["Barracas Central","independiente"],"articleSection":["Segunda"],"inLanguage":"es","potentialAction":[{"@type":"CommentAction","name":"Comment","target":["https:\/\/gentedebasquet.com.ar\/sitio\/2013\/05\/16\/frio-invernal-manos-calientes\/#respond"]}]},{"@type":"WebPage","@id":"https:\/\/gentedebasquet.com.ar\/sitio\/2013\/05\/16\/frio-invernal-manos-calientes\/","url":"https:\/\/gentedebasquet.com.ar\/sitio\/2013\/05\/16\/frio-invernal-manos-calientes\/","name":"Fr\u00edo invernal, manos calientes - Gente de B\u00e1squet","isPartOf":{"@id":"https:\/\/gentedebasquet.com.ar\/sitio\/#website"},"primaryImageOfPage":{"@id":"https:\/\/gentedebasquet.com.ar\/sitio\/2013\/05\/16\/frio-invernal-manos-calientes\/#primaryimage"},"image":{"@id":"https:\/\/gentedebasquet.com.ar\/sitio\/2013\/05\/16\/frio-invernal-manos-calientes\/#primaryimage"},"thumbnailUrl":"http:\/\/www.gentedebasquet.com.ar\/wp-content\/uploads\/2013\/05\/IMG00381-20130515-2031.jpg","datePublished":"2013-05-16T03:15:34+00:00","author":{"@id":"https:\/\/gentedebasquet.com.ar\/sitio\/#\/schema\/person\/745db2a44dc7729cfc1c6faaa16d895b"},"breadcrumb":{"@id":"https:\/\/gentedebasquet.com.ar\/sitio\/2013\/05\/16\/frio-invernal-manos-calientes\/#breadcrumb"},"inLanguage":"es","potentialAction":[{"@type":"ReadAction","target":["https:\/\/gentedebasquet.com.ar\/sitio\/2013\/05\/16\/frio-invernal-manos-calientes\/"]}]},{"@type":"ImageObject","inLanguage":"es","@id":"https:\/\/gentedebasquet.com.ar\/sitio\/2013\/05\/16\/frio-invernal-manos-calientes\/#primaryimage","url":"http:\/\/www.gentedebasquet.com.ar\/wp-content\/uploads\/2013\/05\/IMG00381-20130515-2031.jpg","contentUrl":"http:\/\/www.gentedebasquet.com.ar\/wp-content\/uploads\/2013\/05\/IMG00381-20130515-2031.jpg"},{"@type":"BreadcrumbList","@id":"https:\/\/gentedebasquet.com.ar\/sitio\/2013\/05\/16\/frio-invernal-manos-calientes\/#breadcrumb","itemListElement":[{"@type":"ListItem","position":1,"name":"Portada","item":"https:\/\/gentedebasquet.com.ar\/sitio\/"},{"@type":"ListItem","position":2,"name":"Fr\u00edo invernal, manos calientes"}]},{"@type":"WebSite","@id":"https:\/\/gentedebasquet.com.ar\/sitio\/#website","url":"https:\/\/gentedebasquet.com.ar\/sitio\/","name":"Gente de B\u00e1squet","description":"La revista del basquet de Bah\u00eda Blanca","potentialAction":[{"@type":"SearchAction","target":{"@type":"EntryPoint","urlTemplate":"https:\/\/gentedebasquet.com.ar\/sitio\/?s={search_term_string}"},"query-input":{"@type":"PropertyValueSpecification","valueRequired":true,"valueName":"search_term_string"}}],"inLanguage":"es"},{"@type":"Person","@id":"https:\/\/gentedebasquet.com.ar\/sitio\/#\/schema\/person\/745db2a44dc7729cfc1c6faaa16d895b","name":"Emiliano Roza","image":{"@type":"ImageObject","inLanguage":"es","@id":"https:\/\/secure.gravatar.com\/avatar\/04256ceef48211167df8402e69580be023beb74ca857078daaf21e35d6076e03?s=96&d=mm&r=g","url":"https:\/\/secure.gravatar.com\/avatar\/04256ceef48211167df8402e69580be023beb74ca857078daaf21e35d6076e03?s=96&d=mm&r=g","contentUrl":"https:\/\/secure.gravatar.com\/avatar\/04256ceef48211167df8402e69580be023beb74ca857078daaf21e35d6076e03?s=96&d=mm&r=g","caption":"Emiliano Roza"},"url":"https:\/\/gentedebasquet.com.ar\/sitio\/author\/emilianor\/"}]}},"_links":{"self":[{"href":"https:\/\/gentedebasquet.com.ar\/sitio\/wp-json\/wp\/v2\/posts\/11154","targetHints":{"allow":["GET"]}}],"collection":[{"href":"https:\/\/gentedebasquet.com.ar\/sitio\/wp-json\/wp\/v2\/posts"}],"about":[{"href":"https:\/\/gentedebasquet.com.ar\/sitio\/wp-json\/wp\/v2\/types\/post"}],"author":[{"embeddable":true,"href":"https:\/\/gentedebasquet.com.ar\/sitio\/wp-json\/wp\/v2\/users\/10"}],"replies":[{"embeddable":true,"href":"https:\/\/gentedebasquet.com.ar\/sitio\/wp-json\/wp\/v2\/comments?post=11154"}],"version-history":[{"count":0,"href":"https:\/\/gentedebasquet.com.ar\/sitio\/wp-json\/wp\/v2\/posts\/11154\/revisions"}],"wp:attachment":[{"href":"https:\/\/gentedebasquet.com.ar\/sitio\/wp-json\/wp\/v2\/media?parent=11154"}],"wp:term":[{"taxonomy":"category","embeddable":true,"href":"https:\/\/gentedebasquet.com.ar\/sitio\/wp-json\/wp\/v2\/categories?post=11154"},{"taxonomy":"post_tag","embeddable":true,"href":"https:\/\/gentedebasquet.com.ar\/sitio\/wp-json\/wp\/v2\/tags?post=11154"}],"curies":[{"name":"wp","href":"https:\/\/api.w.org\/{rel}","templated":true}]}}