{"id":111879,"date":"2024-05-20T05:30:37","date_gmt":"2024-05-20T03:30:37","guid":{"rendered":"https:\/\/gentedebasquet.com.ar\/sitio\/?p=111879"},"modified":"2024-05-21T04:57:13","modified_gmt":"2024-05-21T02:57:13","slug":"9-de-julio-gano-con-la-ultima-bola-en-el-duelo-de-punteros","status":"publish","type":"post","link":"https:\/\/gentedebasquet.com.ar\/sitio\/2024\/05\/20\/9-de-julio-gano-con-la-ultima-bola-en-el-duelo-de-punteros\/","title":{"rendered":"9 de Julio gan\u00f3 con la \u00faltima bola en el duelo de punteros"},"content":{"rendered":"<p><strong>El elenco que orienta Juli\u00e1n Turcato derrot\u00f3 en la tarde del domingo 19 a El Nacional con un doble anotado por Isabella Rold\u00e1n, que fue asistida desde el lateral por su compa\u00f1era Mar\u00eda Victoria Flores cuando quedaba menos de un segundo por jugar. Este triunfo no solamente deja a 9 de Julio como l\u00edder solitario del campeonato con 5 triunfos y ninguna ca\u00edda, tambien signific\u00f3 la primera derrota en el torneo para las celestes.\u00a0 \u00a0<\/strong><\/p>\n<p><strong>En el primer cuarto los equipos se alternaron en el mando del marcador. 9 de Julio estuvo al frente durante un buen rato en la primera mitad de ese cuarto. Ileana Corval\u00e1n (una de las goleadoras del encuentro con 16 puntos) dise\u00f1\u00f3 los ataques y aport\u00f3 puntos, Mar\u00eda Bel\u00e9n Tombesi (la otra goleadora del visitante, tambien con 16 tantos) le caus\u00f3 da\u00f1os al rival cerca del aro y Victoria Flores provoc\u00f3 faltas de las defensoras y sum\u00f3 algunos tiros valiosos. Del otro lado Paloma Vecchi fue la destacada, acompa\u00f1ada de buena forma por Luz Fierro, Alondra Gonzalez y Paulina Lazar. El Nacional lider\u00f3 hasta el \u00faltimo minuto del per\u00edodo, el momento en el que Anahel Maurer anot\u00f3 cuatro puntos m\u00e1s y puso las cifras definitivas: 13-15.<\/strong><\/p>\n<p><strong>El Nacional cay\u00f3 en un pozo de imprecisiones durante el segundo cuarto, algo muy poco frecuente en este equipo, y 9 de Julio aprovech\u00f3 para animarse e ir por todo. Consigui\u00f3 una m\u00e1xima ventaja (hasta ese instante) de 9 puntos, 34 a 25 y se fue al descanso largo ganando por 7, 34-27. En los dos primeros cuartos El Nacional intent\u00f3 11 triples y acert\u00f3 solo 1. Adem\u00e1s Paloma Vecchi, una de sus figuras principales, termin\u00f3 cargada con 3 faltas personales. 9 de Julio anot\u00f3 en los veinte minutos iniciales 13 de los 16 tiros libres que lanz\u00f3.<\/strong><\/p>\n<p><strong>El crecimiento del equipo visitante no se detuvo tras la reanudaci\u00f3n de las acciones. A los dos minutos y medio del tercer cuarto ganaba por diez, 39 a 29. Victoria Flores fue clave en este lapso, aportando en defensa y reparto de asistencias. Una de las que recibi\u00f3 estas asistencias fue Tombesi. La n\u00famero 9 las intercambi\u00f3 por un triple y un doble. Paulina Lazar sostuvo el rendimiento de El Nacional en todo este cuarto. Anot\u00f3 9 de los 16 tantos de su equipo.\u00a0<\/strong><\/p>\n<p><strong>9 de Julio conserv\u00f3 su liderazgo de forma s\u00f3lida hasta los primeros cuatro minutos del \u00faltimo cuarto (diferencias de entre 4 y 6 puntos en el resultado). Ese fue el instante en el que Ileana Corval\u00e1n tuvo que irse al banco de suplentes afectada por un calambre que no le permiti\u00f3 continuar activa. Esta situaci\u00f3n peg\u00f3 duro en el estado an\u00edmico y la estrategia del equipo azul, y pareci\u00f3 envalentonar a sus contrincantes. El celeste perd\u00eda 53-47 a los tres minutos, y a los ocho hab\u00eda logrado igualar en 58. <\/strong><\/p>\n<p><strong>En los \u00faltimos sesenta segundos fueron varias las situaciones para destacar. Paloma Vecchi coloc\u00f3 adelante a El Nacio con un doble (60-59). Isabella Rold\u00e1n igual\u00f3 con un simple. Alondra Gonzalez fall\u00f3 un triple y en la contra Anahel Maurer recibi\u00f3 falta. La perimetral anot\u00f3 los dos tiros libres de premio: 62-60. Con nueve segundos por jugar el DT local Federico Scarpaci pidi\u00f3 minuto, En la reposici\u00f3n Paulina Lazar se escap\u00f3 de la defensa y anot\u00f3 el empate en 62. Despu\u00e9s de todo esto el cron\u00f3metro qued\u00f3 clavado en 0.8 segundos. Solo quedaba tiempo para un toque muy veloz de 9 de Julio. El equipo conducido por Turcato arm\u00f3 una jugada que empez\u00f3 con un saque desde el lateral a cargo de Flores y finaliz\u00f3 con Rold\u00e1n recibiendo la pelota en las alturas, donde nadie m\u00e1s pod\u00eda llegar, y anotando el tiro corto que desat\u00f3 el festejo final de todos los azules.<\/strong><\/p>\n<p><strong>\u00a0\u00a0<\/strong><strong> \u00a0<\/strong><\/p>\n<p><img decoding=\"async\" class=\"alignnone size-full wp-image-108712\" src=\"http:\/\/gentedebasquet.com.ar\/sitio\/wp-content\/uploads\/2023\/09\/Gif-Publicidades-1-1.gif\" alt=\"\" width=\"300\" height=\"250\" \/><\/p>\n<div class=\"jeg_video_container jeg_video_content\">\n<div class=\"jeg_video_container jeg_video_content\"><iframe loading=\"lazy\" title=\"#PrimeraFemenina - Fecha #6: El Nacional 62 - 64 9 de Julio\" width=\"500\" height=\"281\" src=\"https:\/\/www.youtube.com\/embed\/weY43e1MAn8?feature=oembed\" frameborder=\"0\" allow=\"accelerometer; autoplay; clipboard-write; encrypted-media; gyroscope; picture-in-picture; web-share\" referrerpolicy=\"strict-origin-when-cross-origin\" allowfullscreen><\/iframe><\/div>\n<\/div>\n<p><img decoding=\"async\" class=\"alignnone wp-image-111916 \" src=\"http:\/\/gentedebasquet.com.ar\/sitio\/wp-content\/uploads\/2024\/05\/CLAVE9dejulio-2-300x300.png\" alt=\"\" width=\"440\" height=\"440\" srcset=\"https:\/\/gentedebasquet.com.ar\/sitio\/wp-content\/uploads\/2024\/05\/CLAVE9dejulio-2-300x300.png 300w, https:\/\/gentedebasquet.com.ar\/sitio\/wp-content\/uploads\/2024\/05\/CLAVE9dejulio-2-1024x1024.png 1024w, https:\/\/gentedebasquet.com.ar\/sitio\/wp-content\/uploads\/2024\/05\/CLAVE9dejulio-2-150x150.png 150w, https:\/\/gentedebasquet.com.ar\/sitio\/wp-content\/uploads\/2024\/05\/CLAVE9dejulio-2-768x768.png 768w, https:\/\/gentedebasquet.com.ar\/sitio\/wp-content\/uploads\/2024\/05\/CLAVE9dejulio-2-1536x1536.png 1536w, https:\/\/gentedebasquet.com.ar\/sitio\/wp-content\/uploads\/2024\/05\/CLAVE9dejulio-2-75x75.png 75w, https:\/\/gentedebasquet.com.ar\/sitio\/wp-content\/uploads\/2024\/05\/CLAVE9dejulio-2-350x350.png 350w, https:\/\/gentedebasquet.com.ar\/sitio\/wp-content\/uploads\/2024\/05\/CLAVE9dejulio-2-750x750.png 750w, https:\/\/gentedebasquet.com.ar\/sitio\/wp-content\/uploads\/2024\/05\/CLAVE9dejulio-2-1140x1140.png 1140w, https:\/\/gentedebasquet.com.ar\/sitio\/wp-content\/uploads\/2024\/05\/CLAVE9dejulio-2.png 2000w\" sizes=\"(max-width: 440px) 100vw, 440px\" \/><\/p>\n<p>&nbsp;<\/p>\n<p><img decoding=\"async\" class=\"alignnone size-full wp-image-108713\" src=\"http:\/\/gentedebasquet.com.ar\/sitio\/wp-content\/uploads\/2023\/09\/Gif-Publicidades-2-1.gif\" alt=\"\" width=\"300\" height=\"250\" \/><\/p>\n<p>&nbsp;<\/p>\n<blockquote><p>&nbsp;<\/p>\n<p>&nbsp;<\/p>\n<p><img decoding=\"async\" class=\"alignnone wp-image-111914 \" src=\"http:\/\/gentedebasquet.com.ar\/sitio\/wp-content\/uploads\/2024\/05\/MVP9dejulio-2-300x300.png\" alt=\"\" width=\"457\" height=\"457\" data-pin-no-hover=\"true\" srcset=\"https:\/\/gentedebasquet.com.ar\/sitio\/wp-content\/uploads\/2024\/05\/MVP9dejulio-2-300x300.png 300w, https:\/\/gentedebasquet.com.ar\/sitio\/wp-content\/uploads\/2024\/05\/MVP9dejulio-2-1024x1024.png 1024w, https:\/\/gentedebasquet.com.ar\/sitio\/wp-content\/uploads\/2024\/05\/MVP9dejulio-2-150x150.png 150w, https:\/\/gentedebasquet.com.ar\/sitio\/wp-content\/uploads\/2024\/05\/MVP9dejulio-2-768x768.png 768w, https:\/\/gentedebasquet.com.ar\/sitio\/wp-content\/uploads\/2024\/05\/MVP9dejulio-2-1536x1536.png 1536w, https:\/\/gentedebasquet.com.ar\/sitio\/wp-content\/uploads\/2024\/05\/MVP9dejulio-2-75x75.png 75w, https:\/\/gentedebasquet.com.ar\/sitio\/wp-content\/uploads\/2024\/05\/MVP9dejulio-2-350x350.png 350w, https:\/\/gentedebasquet.com.ar\/sitio\/wp-content\/uploads\/2024\/05\/MVP9dejulio-2-750x750.png 750w, https:\/\/gentedebasquet.com.ar\/sitio\/wp-content\/uploads\/2024\/05\/MVP9dejulio-2-1140x1140.png 1140w, https:\/\/gentedebasquet.com.ar\/sitio\/wp-content\/uploads\/2024\/05\/MVP9dejulio-2.png 2000w\" sizes=\"(max-width: 457px) 100vw, 457px\" \/><\/p><\/blockquote>\n<p><img decoding=\"async\" class=\"alignnone wp-image-109909 size-full\" src=\"http:\/\/gentedebasquet.com.ar\/sitio\/wp-content\/uploads\/2023\/11\/Gif-Publicidades-3.gif\" alt=\"\" width=\"300\" height=\"250\" \/><\/p>\n<p><strong>S\u00edntesis &#8211; Primera Femenina\u00a0 &#8211; Fecha #6<\/strong><\/p>\n<p><strong>El Nacional 62 :\u00a0<\/strong>Maitena V\u00e1zquez 1; Paloma Vecchi 12; Paulina Lazar 18; Luz Fierro 11; Alondra Gonzalez 5\u00a0<strong>(F.I.)<\/strong> Victoria Escudero 11; Jazm\u00edn Ruiz 8; Valentina Perez; Catalina Salvo; Lukene Othurralt; Yessica Catania; Maite Gregorio. <strong>DT:<\/strong> Federico Scarpaci.<\/p>\n<p><strong>9 de Julio 64 :<\/strong> Ileana Corval\u00e1n 16; Anahel Maurer 9; Catalina Arena 3; Victoria Martin; Mar\u00eda Bel\u00e9n Tombesi 16 <strong>(F.I.)<\/strong> Mar\u00eda Victoria Flores 11; Tamara Nieva 2; Isabella Rold\u00e1n 5; Ail\u00edn Tellez; Jessica Azaroff 2<strong>.<\/strong> <strong>DT:<\/strong> Juli\u00e1n Turcato.<\/p>\n<p><strong>Parciales:<\/strong> 13-15; 27-34 (14-19); 43-49 (16-15); 62-64 (19-15).<\/p>\n<p><strong>\u00c1rbitros: <\/strong>Lucas Andr\u00e9s &#8211; Yamila Nicoletta.<\/p>\n<p><strong>Estadio:<\/strong> Am\u00e9rico Mandolesi (El Nacional).<\/p>\n<p>&nbsp;<\/p>\n<p><img decoding=\"async\" class=\"alignnone wp-image-109910 size-full\" src=\"http:\/\/gentedebasquet.com.ar\/sitio\/wp-content\/uploads\/2023\/11\/Gif-Publicidades-4-1.gif\" alt=\"\" width=\"300\" height=\"250\" \/><\/p>\n<p><img decoding=\"async\" class=\"alignnone wp-image-111930 \" src=\"http:\/\/gentedebasquet.com.ar\/sitio\/wp-content\/uploads\/2024\/05\/vlcsnap-2024-05-20-00h28m09s311-300x169.png\" alt=\"\" width=\"683\" height=\"385\" data-pin-no-hover=\"true\" srcset=\"https:\/\/gentedebasquet.com.ar\/sitio\/wp-content\/uploads\/2024\/05\/vlcsnap-2024-05-20-00h28m09s311-300x169.png 300w, https:\/\/gentedebasquet.com.ar\/sitio\/wp-content\/uploads\/2024\/05\/vlcsnap-2024-05-20-00h28m09s311-1024x576.png 1024w, https:\/\/gentedebasquet.com.ar\/sitio\/wp-content\/uploads\/2024\/05\/vlcsnap-2024-05-20-00h28m09s311-768x432.png 768w, https:\/\/gentedebasquet.com.ar\/sitio\/wp-content\/uploads\/2024\/05\/vlcsnap-2024-05-20-00h28m09s311-750x422.png 750w, https:\/\/gentedebasquet.com.ar\/sitio\/wp-content\/uploads\/2024\/05\/vlcsnap-2024-05-20-00h28m09s311-1140x641.png 1140w, https:\/\/gentedebasquet.com.ar\/sitio\/wp-content\/uploads\/2024\/05\/vlcsnap-2024-05-20-00h28m09s311.png 1280w\" sizes=\"(max-width: 683px) 100vw, 683px\" \/><\/p>\n","protected":false},"excerpt":{"rendered":"<p>El elenco que orienta Juli\u00e1n Turcato derrot\u00f3 en la tarde del domingo 19 a El Nacional con un doble anotado por Isabella Rold\u00e1n, que fue asistida desde el lateral por su compa\u00f1era Mar\u00eda Victoria Flores cuando quedaba menos de un segundo por jugar. Este triunfo no solamente deja a 9 de Julio como l\u00edder solitario [&hellip;]<\/p>\n","protected":false},"author":70,"featured_media":111929,"comment_status":"open","ping_status":"open","sticky":false,"template":"","format":"standard","meta":{"jnews-multi-image_gallery":[],"jnews_single_post":{"source_name":"","source_url":"","via_name":"","via_url":"","override_template":"0","override":[{"template":"1","single_blog_custom":"","parallax":"1","fullscreen":"1","layout":"right-sidebar","sidebar":"default-sidebar","second_sidebar":"default-sidebar","sticky_sidebar":"1","share_position":"top","share_float_style":"share-monocrhome","show_share_counter":"0","show_view_counter":"0","show_featured":"1","show_post_meta":"1","show_post_author":"1","show_post_author_image":"1","show_post_date":"1","post_date_format":"default","post_date_format_custom":"Y\/m\/d","show_post_category":"1","show_post_reading_time":"0","post_reading_time_wpm":"300","show_zoom_button":"0","zoom_button_out_step":"2","zoom_button_in_step":"3","show_post_tag":"1","show_prev_next_post":"1","show_popup_post":"1","number_popup_post":"1","show_author_box":"0","show_post_related":"0","show_inline_post_related":"0"}],"override_image_size":"0","image_override":[{"single_post_thumbnail_size":"crop-500","single_post_gallery_size":"crop-500"}],"trending_post":"0","trending_post_position":"meta","trending_post_label":"Trending","sponsored_post":"0","sponsored_post_label":"Sponsored by","sponsored_post_name":"","sponsored_post_url":"","sponsored_post_logo_enable":"0","sponsored_post_logo":"","sponsored_post_desc":"","disable_ad":"0"},"jnews_primary_category":{"id":"","hide":""},"footnotes":""},"categories":[33,101],"tags":[2,623,9,1701],"class_list":["post-111879","post","type-post","status-publish","format-standard","has-post-thumbnail","hentry","category-femenino","category-slide","tag-9dejulio","tag-belen-tombesi","tag-el-nacional","tag-paulina-lazar"],"yoast_head":"<!-- This site is optimized with the Yoast SEO plugin v27.5 - https:\/\/yoast.com\/product\/yoast-seo-wordpress\/ -->\n<title>9 de Julio gan\u00f3 con la \u00faltima bola en el duelo de punteros - Gente de B\u00e1squet<\/title>\n<meta name=\"robots\" content=\"index, follow, max-snippet:-1, max-image-preview:large, max-video-preview:-1\" \/>\n<link rel=\"canonical\" href=\"https:\/\/gentedebasquet.com.ar\/sitio\/2024\/05\/20\/9-de-julio-gano-con-la-ultima-bola-en-el-duelo-de-punteros\/\" \/>\n<meta property=\"og:locale\" content=\"es_ES\" \/>\n<meta property=\"og:type\" content=\"article\" \/>\n<meta property=\"og:title\" content=\"9 de Julio gan\u00f3 con la \u00faltima bola en el duelo de punteros - Gente de B\u00e1squet\" \/>\n<meta property=\"og:description\" content=\"El elenco que orienta Juli\u00e1n Turcato derrot\u00f3 en la tarde del domingo 19 a El Nacional con un doble anotado por Isabella Rold\u00e1n, que fue asistida desde el lateral por su compa\u00f1era Mar\u00eda Victoria Flores cuando quedaba menos de un segundo por jugar. Este triunfo no solamente deja a 9 de Julio como l\u00edder solitario [&hellip;]\" \/>\n<meta property=\"og:url\" content=\"https:\/\/gentedebasquet.com.ar\/sitio\/2024\/05\/20\/9-de-julio-gano-con-la-ultima-bola-en-el-duelo-de-punteros\/\" \/>\n<meta property=\"og:site_name\" content=\"Gente de B\u00e1squet\" \/>\n<meta property=\"article:published_time\" content=\"2024-05-20T03:30:37+00:00\" \/>\n<meta property=\"article:modified_time\" content=\"2024-05-21T02:57:13+00:00\" \/>\n<meta property=\"og:image\" content=\"https:\/\/gentedebasquet.com.ar\/sitio\/wp-content\/uploads\/2024\/05\/vlcsnap-2024-05-20-00h23m37s524.png\" \/>\n\t<meta property=\"og:image:width\" content=\"690\" \/>\n\t<meta property=\"og:image:height\" content=\"319\" \/>\n\t<meta property=\"og:image:type\" content=\"image\/png\" \/>\n<meta name=\"author\" content=\"Andres Camarero\" \/>\n<meta name=\"twitter:card\" content=\"summary_large_image\" \/>\n<meta name=\"twitter:label1\" content=\"Escrito por\" \/>\n\t<meta name=\"twitter:data1\" content=\"Andres Camarero\" \/>\n\t<meta name=\"twitter:label2\" content=\"Tiempo de lectura\" \/>\n\t<meta name=\"twitter:data2\" content=\"5 minutos\" \/>\n<script type=\"application\/ld+json\" class=\"yoast-schema-graph\">{\"@context\":\"https:\\\/\\\/schema.org\",\"@graph\":[{\"@type\":\"Article\",\"@id\":\"https:\\\/\\\/gentedebasquet.com.ar\\\/sitio\\\/2024\\\/05\\\/20\\\/9-de-julio-gano-con-la-ultima-bola-en-el-duelo-de-punteros\\\/#article\",\"isPartOf\":{\"@id\":\"https:\\\/\\\/gentedebasquet.com.ar\\\/sitio\\\/2024\\\/05\\\/20\\\/9-de-julio-gano-con-la-ultima-bola-en-el-duelo-de-punteros\\\/\"},\"author\":{\"name\":\"Andres Camarero\",\"@id\":\"https:\\\/\\\/gentedebasquet.com.ar\\\/sitio\\\/#\\\/schema\\\/person\\\/6f3e5bc5df127b420a445d22fc9eaa51\"},\"headline\":\"9 de Julio gan\u00f3 con la \u00faltima bola en el duelo de punteros\",\"datePublished\":\"2024-05-20T03:30:37+00:00\",\"dateModified\":\"2024-05-21T02:57:13+00:00\",\"mainEntityOfPage\":{\"@id\":\"https:\\\/\\\/gentedebasquet.com.ar\\\/sitio\\\/2024\\\/05\\\/20\\\/9-de-julio-gano-con-la-ultima-bola-en-el-duelo-de-punteros\\\/\"},\"wordCount\":750,\"commentCount\":0,\"image\":{\"@id\":\"https:\\\/\\\/gentedebasquet.com.ar\\\/sitio\\\/2024\\\/05\\\/20\\\/9-de-julio-gano-con-la-ultima-bola-en-el-duelo-de-punteros\\\/#primaryimage\"},\"thumbnailUrl\":\"https:\\\/\\\/gentedebasquet.com.ar\\\/sitio\\\/wp-content\\\/uploads\\\/2024\\\/05\\\/vlcsnap-2024-05-20-00h23m37s524.png\",\"keywords\":[\"9 de Julio\",\"Bel\u00e9n Tombesi\",\"El Nacional\",\"Paulina Lazar\"],\"articleSection\":[\"Femenino\",\"Slide\"],\"inLanguage\":\"es\",\"potentialAction\":[{\"@type\":\"CommentAction\",\"name\":\"Comment\",\"target\":[\"https:\\\/\\\/gentedebasquet.com.ar\\\/sitio\\\/2024\\\/05\\\/20\\\/9-de-julio-gano-con-la-ultima-bola-en-el-duelo-de-punteros\\\/#respond\"]}]},{\"@type\":\"WebPage\",\"@id\":\"https:\\\/\\\/gentedebasquet.com.ar\\\/sitio\\\/2024\\\/05\\\/20\\\/9-de-julio-gano-con-la-ultima-bola-en-el-duelo-de-punteros\\\/\",\"url\":\"https:\\\/\\\/gentedebasquet.com.ar\\\/sitio\\\/2024\\\/05\\\/20\\\/9-de-julio-gano-con-la-ultima-bola-en-el-duelo-de-punteros\\\/\",\"name\":\"9 de Julio gan\u00f3 con la \u00faltima bola en el duelo de punteros - Gente de B\u00e1squet\",\"isPartOf\":{\"@id\":\"https:\\\/\\\/gentedebasquet.com.ar\\\/sitio\\\/#website\"},\"primaryImageOfPage\":{\"@id\":\"https:\\\/\\\/gentedebasquet.com.ar\\\/sitio\\\/2024\\\/05\\\/20\\\/9-de-julio-gano-con-la-ultima-bola-en-el-duelo-de-punteros\\\/#primaryimage\"},\"image\":{\"@id\":\"https:\\\/\\\/gentedebasquet.com.ar\\\/sitio\\\/2024\\\/05\\\/20\\\/9-de-julio-gano-con-la-ultima-bola-en-el-duelo-de-punteros\\\/#primaryimage\"},\"thumbnailUrl\":\"https:\\\/\\\/gentedebasquet.com.ar\\\/sitio\\\/wp-content\\\/uploads\\\/2024\\\/05\\\/vlcsnap-2024-05-20-00h23m37s524.png\",\"datePublished\":\"2024-05-20T03:30:37+00:00\",\"dateModified\":\"2024-05-21T02:57:13+00:00\",\"author\":{\"@id\":\"https:\\\/\\\/gentedebasquet.com.ar\\\/sitio\\\/#\\\/schema\\\/person\\\/6f3e5bc5df127b420a445d22fc9eaa51\"},\"breadcrumb\":{\"@id\":\"https:\\\/\\\/gentedebasquet.com.ar\\\/sitio\\\/2024\\\/05\\\/20\\\/9-de-julio-gano-con-la-ultima-bola-en-el-duelo-de-punteros\\\/#breadcrumb\"},\"inLanguage\":\"es\",\"potentialAction\":[{\"@type\":\"ReadAction\",\"target\":[\"https:\\\/\\\/gentedebasquet.com.ar\\\/sitio\\\/2024\\\/05\\\/20\\\/9-de-julio-gano-con-la-ultima-bola-en-el-duelo-de-punteros\\\/\"]}]},{\"@type\":\"ImageObject\",\"inLanguage\":\"es\",\"@id\":\"https:\\\/\\\/gentedebasquet.com.ar\\\/sitio\\\/2024\\\/05\\\/20\\\/9-de-julio-gano-con-la-ultima-bola-en-el-duelo-de-punteros\\\/#primaryimage\",\"url\":\"https:\\\/\\\/gentedebasquet.com.ar\\\/sitio\\\/wp-content\\\/uploads\\\/2024\\\/05\\\/vlcsnap-2024-05-20-00h23m37s524.png\",\"contentUrl\":\"https:\\\/\\\/gentedebasquet.com.ar\\\/sitio\\\/wp-content\\\/uploads\\\/2024\\\/05\\\/vlcsnap-2024-05-20-00h23m37s524.png\",\"width\":690,\"height\":319},{\"@type\":\"BreadcrumbList\",\"@id\":\"https:\\\/\\\/gentedebasquet.com.ar\\\/sitio\\\/2024\\\/05\\\/20\\\/9-de-julio-gano-con-la-ultima-bola-en-el-duelo-de-punteros\\\/#breadcrumb\",\"itemListElement\":[{\"@type\":\"ListItem\",\"position\":1,\"name\":\"Portada\",\"item\":\"https:\\\/\\\/gentedebasquet.com.ar\\\/sitio\\\/\"},{\"@type\":\"ListItem\",\"position\":2,\"name\":\"9 de Julio gan\u00f3 con la \u00faltima bola en el duelo de punteros\"}]},{\"@type\":\"WebSite\",\"@id\":\"https:\\\/\\\/gentedebasquet.com.ar\\\/sitio\\\/#website\",\"url\":\"https:\\\/\\\/gentedebasquet.com.ar\\\/sitio\\\/\",\"name\":\"Gente de B\u00e1squet\",\"description\":\"La revista del basquet de Bah\u00eda Blanca\",\"potentialAction\":[{\"@type\":\"SearchAction\",\"target\":{\"@type\":\"EntryPoint\",\"urlTemplate\":\"https:\\\/\\\/gentedebasquet.com.ar\\\/sitio\\\/?s={search_term_string}\"},\"query-input\":{\"@type\":\"PropertyValueSpecification\",\"valueRequired\":true,\"valueName\":\"search_term_string\"}}],\"inLanguage\":\"es\"},{\"@type\":\"Person\",\"@id\":\"https:\\\/\\\/gentedebasquet.com.ar\\\/sitio\\\/#\\\/schema\\\/person\\\/6f3e5bc5df127b420a445d22fc9eaa51\",\"name\":\"Andres Camarero\",\"image\":{\"@type\":\"ImageObject\",\"inLanguage\":\"es\",\"@id\":\"https:\\\/\\\/secure.gravatar.com\\\/avatar\\\/f6d4884ec54a50c25ccd5e4f54f5e904d09dfe74ef58e58f631f3917b6fed7cd?s=96&d=mm&r=g\",\"url\":\"https:\\\/\\\/secure.gravatar.com\\\/avatar\\\/f6d4884ec54a50c25ccd5e4f54f5e904d09dfe74ef58e58f631f3917b6fed7cd?s=96&d=mm&r=g\",\"contentUrl\":\"https:\\\/\\\/secure.gravatar.com\\\/avatar\\\/f6d4884ec54a50c25ccd5e4f54f5e904d09dfe74ef58e58f631f3917b6fed7cd?s=96&d=mm&r=g\",\"caption\":\"Andres Camarero\"},\"url\":\"https:\\\/\\\/gentedebasquet.com.ar\\\/sitio\\\/author\\\/andres-camarero\\\/\"}]}<\/script>\n<!-- \/ Yoast SEO plugin. -->","yoast_head_json":{"title":"9 de Julio gan\u00f3 con la \u00faltima bola en el duelo de punteros - Gente de B\u00e1squet","robots":{"index":"index","follow":"follow","max-snippet":"max-snippet:-1","max-image-preview":"max-image-preview:large","max-video-preview":"max-video-preview:-1"},"canonical":"https:\/\/gentedebasquet.com.ar\/sitio\/2024\/05\/20\/9-de-julio-gano-con-la-ultima-bola-en-el-duelo-de-punteros\/","og_locale":"es_ES","og_type":"article","og_title":"9 de Julio gan\u00f3 con la \u00faltima bola en el duelo de punteros - Gente de B\u00e1squet","og_description":"El elenco que orienta Juli\u00e1n Turcato derrot\u00f3 en la tarde del domingo 19 a El Nacional con un doble anotado por Isabella Rold\u00e1n, que fue asistida desde el lateral por su compa\u00f1era Mar\u00eda Victoria Flores cuando quedaba menos de un segundo por jugar. Este triunfo no solamente deja a 9 de Julio como l\u00edder solitario [&hellip;]","og_url":"https:\/\/gentedebasquet.com.ar\/sitio\/2024\/05\/20\/9-de-julio-gano-con-la-ultima-bola-en-el-duelo-de-punteros\/","og_site_name":"Gente de B\u00e1squet","article_published_time":"2024-05-20T03:30:37+00:00","article_modified_time":"2024-05-21T02:57:13+00:00","og_image":[{"width":690,"height":319,"url":"https:\/\/gentedebasquet.com.ar\/sitio\/wp-content\/uploads\/2024\/05\/vlcsnap-2024-05-20-00h23m37s524.png","type":"image\/png"}],"author":"Andres Camarero","twitter_card":"summary_large_image","twitter_misc":{"Escrito por":"Andres Camarero","Tiempo de lectura":"5 minutos"},"schema":{"@context":"https:\/\/schema.org","@graph":[{"@type":"Article","@id":"https:\/\/gentedebasquet.com.ar\/sitio\/2024\/05\/20\/9-de-julio-gano-con-la-ultima-bola-en-el-duelo-de-punteros\/#article","isPartOf":{"@id":"https:\/\/gentedebasquet.com.ar\/sitio\/2024\/05\/20\/9-de-julio-gano-con-la-ultima-bola-en-el-duelo-de-punteros\/"},"author":{"name":"Andres Camarero","@id":"https:\/\/gentedebasquet.com.ar\/sitio\/#\/schema\/person\/6f3e5bc5df127b420a445d22fc9eaa51"},"headline":"9 de Julio gan\u00f3 con la \u00faltima bola en el duelo de punteros","datePublished":"2024-05-20T03:30:37+00:00","dateModified":"2024-05-21T02:57:13+00:00","mainEntityOfPage":{"@id":"https:\/\/gentedebasquet.com.ar\/sitio\/2024\/05\/20\/9-de-julio-gano-con-la-ultima-bola-en-el-duelo-de-punteros\/"},"wordCount":750,"commentCount":0,"image":{"@id":"https:\/\/gentedebasquet.com.ar\/sitio\/2024\/05\/20\/9-de-julio-gano-con-la-ultima-bola-en-el-duelo-de-punteros\/#primaryimage"},"thumbnailUrl":"https:\/\/gentedebasquet.com.ar\/sitio\/wp-content\/uploads\/2024\/05\/vlcsnap-2024-05-20-00h23m37s524.png","keywords":["9 de Julio","Bel\u00e9n Tombesi","El Nacional","Paulina Lazar"],"articleSection":["Femenino","Slide"],"inLanguage":"es","potentialAction":[{"@type":"CommentAction","name":"Comment","target":["https:\/\/gentedebasquet.com.ar\/sitio\/2024\/05\/20\/9-de-julio-gano-con-la-ultima-bola-en-el-duelo-de-punteros\/#respond"]}]},{"@type":"WebPage","@id":"https:\/\/gentedebasquet.com.ar\/sitio\/2024\/05\/20\/9-de-julio-gano-con-la-ultima-bola-en-el-duelo-de-punteros\/","url":"https:\/\/gentedebasquet.com.ar\/sitio\/2024\/05\/20\/9-de-julio-gano-con-la-ultima-bola-en-el-duelo-de-punteros\/","name":"9 de Julio gan\u00f3 con la \u00faltima bola en el duelo de punteros - Gente de B\u00e1squet","isPartOf":{"@id":"https:\/\/gentedebasquet.com.ar\/sitio\/#website"},"primaryImageOfPage":{"@id":"https:\/\/gentedebasquet.com.ar\/sitio\/2024\/05\/20\/9-de-julio-gano-con-la-ultima-bola-en-el-duelo-de-punteros\/#primaryimage"},"image":{"@id":"https:\/\/gentedebasquet.com.ar\/sitio\/2024\/05\/20\/9-de-julio-gano-con-la-ultima-bola-en-el-duelo-de-punteros\/#primaryimage"},"thumbnailUrl":"https:\/\/gentedebasquet.com.ar\/sitio\/wp-content\/uploads\/2024\/05\/vlcsnap-2024-05-20-00h23m37s524.png","datePublished":"2024-05-20T03:30:37+00:00","dateModified":"2024-05-21T02:57:13+00:00","author":{"@id":"https:\/\/gentedebasquet.com.ar\/sitio\/#\/schema\/person\/6f3e5bc5df127b420a445d22fc9eaa51"},"breadcrumb":{"@id":"https:\/\/gentedebasquet.com.ar\/sitio\/2024\/05\/20\/9-de-julio-gano-con-la-ultima-bola-en-el-duelo-de-punteros\/#breadcrumb"},"inLanguage":"es","potentialAction":[{"@type":"ReadAction","target":["https:\/\/gentedebasquet.com.ar\/sitio\/2024\/05\/20\/9-de-julio-gano-con-la-ultima-bola-en-el-duelo-de-punteros\/"]}]},{"@type":"ImageObject","inLanguage":"es","@id":"https:\/\/gentedebasquet.com.ar\/sitio\/2024\/05\/20\/9-de-julio-gano-con-la-ultima-bola-en-el-duelo-de-punteros\/#primaryimage","url":"https:\/\/gentedebasquet.com.ar\/sitio\/wp-content\/uploads\/2024\/05\/vlcsnap-2024-05-20-00h23m37s524.png","contentUrl":"https:\/\/gentedebasquet.com.ar\/sitio\/wp-content\/uploads\/2024\/05\/vlcsnap-2024-05-20-00h23m37s524.png","width":690,"height":319},{"@type":"BreadcrumbList","@id":"https:\/\/gentedebasquet.com.ar\/sitio\/2024\/05\/20\/9-de-julio-gano-con-la-ultima-bola-en-el-duelo-de-punteros\/#breadcrumb","itemListElement":[{"@type":"ListItem","position":1,"name":"Portada","item":"https:\/\/gentedebasquet.com.ar\/sitio\/"},{"@type":"ListItem","position":2,"name":"9 de Julio gan\u00f3 con la \u00faltima bola en el duelo de punteros"}]},{"@type":"WebSite","@id":"https:\/\/gentedebasquet.com.ar\/sitio\/#website","url":"https:\/\/gentedebasquet.com.ar\/sitio\/","name":"Gente de B\u00e1squet","description":"La revista del basquet de Bah\u00eda Blanca","potentialAction":[{"@type":"SearchAction","target":{"@type":"EntryPoint","urlTemplate":"https:\/\/gentedebasquet.com.ar\/sitio\/?s={search_term_string}"},"query-input":{"@type":"PropertyValueSpecification","valueRequired":true,"valueName":"search_term_string"}}],"inLanguage":"es"},{"@type":"Person","@id":"https:\/\/gentedebasquet.com.ar\/sitio\/#\/schema\/person\/6f3e5bc5df127b420a445d22fc9eaa51","name":"Andres Camarero","image":{"@type":"ImageObject","inLanguage":"es","@id":"https:\/\/secure.gravatar.com\/avatar\/f6d4884ec54a50c25ccd5e4f54f5e904d09dfe74ef58e58f631f3917b6fed7cd?s=96&d=mm&r=g","url":"https:\/\/secure.gravatar.com\/avatar\/f6d4884ec54a50c25ccd5e4f54f5e904d09dfe74ef58e58f631f3917b6fed7cd?s=96&d=mm&r=g","contentUrl":"https:\/\/secure.gravatar.com\/avatar\/f6d4884ec54a50c25ccd5e4f54f5e904d09dfe74ef58e58f631f3917b6fed7cd?s=96&d=mm&r=g","caption":"Andres Camarero"},"url":"https:\/\/gentedebasquet.com.ar\/sitio\/author\/andres-camarero\/"}]}},"_links":{"self":[{"href":"https:\/\/gentedebasquet.com.ar\/sitio\/wp-json\/wp\/v2\/posts\/111879","targetHints":{"allow":["GET"]}}],"collection":[{"href":"https:\/\/gentedebasquet.com.ar\/sitio\/wp-json\/wp\/v2\/posts"}],"about":[{"href":"https:\/\/gentedebasquet.com.ar\/sitio\/wp-json\/wp\/v2\/types\/post"}],"author":[{"embeddable":true,"href":"https:\/\/gentedebasquet.com.ar\/sitio\/wp-json\/wp\/v2\/users\/70"}],"replies":[{"embeddable":true,"href":"https:\/\/gentedebasquet.com.ar\/sitio\/wp-json\/wp\/v2\/comments?post=111879"}],"version-history":[{"count":8,"href":"https:\/\/gentedebasquet.com.ar\/sitio\/wp-json\/wp\/v2\/posts\/111879\/revisions"}],"predecessor-version":[{"id":112035,"href":"https:\/\/gentedebasquet.com.ar\/sitio\/wp-json\/wp\/v2\/posts\/111879\/revisions\/112035"}],"wp:featuredmedia":[{"embeddable":true,"href":"https:\/\/gentedebasquet.com.ar\/sitio\/wp-json\/wp\/v2\/media\/111929"}],"wp:attachment":[{"href":"https:\/\/gentedebasquet.com.ar\/sitio\/wp-json\/wp\/v2\/media?parent=111879"}],"wp:term":[{"taxonomy":"category","embeddable":true,"href":"https:\/\/gentedebasquet.com.ar\/sitio\/wp-json\/wp\/v2\/categories?post=111879"},{"taxonomy":"post_tag","embeddable":true,"href":"https:\/\/gentedebasquet.com.ar\/sitio\/wp-json\/wp\/v2\/tags?post=111879"}],"curies":[{"name":"wp","href":"https:\/\/api.w.org\/{rel}","templated":true}]}}