{"id":112096,"date":"2024-05-25T05:46:43","date_gmt":"2024-05-25T03:46:43","guid":{"rendered":"https:\/\/gentedebasquet.com.ar\/sitio\/?p=112096"},"modified":"2024-05-25T05:47:10","modified_gmt":"2024-05-25T03:47:10","slug":"altense-se-puso-nuevamente-en-ventaja","status":"publish","type":"post","link":"https:\/\/gentedebasquet.com.ar\/sitio\/2024\/05\/25\/altense-se-puso-nuevamente-en-ventaja\/","title":{"rendered":"Altense se puso nuevamente en ventaja"},"content":{"rendered":"<div class=\"entry-header\">\n<div class=\"jeg_video_container jeg_video_content\">\n<p><strong>En Punta Alta, venci\u00f3 83 a 70 a Barracas y se coloc\u00f3 2 a 1 en la serie semifinal. Bruno Sacomani con 19 puntos result\u00f3 el m\u00e1ximo anotador.<\/strong><\/p>\n<p>Adem\u00e1s, el verde cont\u00f3 con importantes variantes ofensivas: Braian Baier 15, Bruno D\u00b4Amico 12, Franco Percello 12 (important\u00edsimo en el 2C) y Mateo Ortega 11 (clave en el 4C). Mientras que, en el visitante hubo 18 de Juan Ignacio De Pastena, 12 de Ramiro Aguirre, 12 de Sebasti\u00e1n Mart\u00ednez y 12 de Mat\u00edas Mart\u00ednez.<\/p>\n<p>El 1C fue sumamente equilibrado, aunque \u201cEl Bosque\u201d sac\u00f3 una peque\u00f1a ventaja (15-19) con el certero Aguirre (7 tantos).<\/p>\n<p>Sin embargo, en el 2C los dirigidos por Gustavo Casamayor ajustaron en defensa, lograron correr la cancha y capitalizaron la tercera falta personal de \u201cMatute\u201d Mart\u00ednez, quien debi\u00f3 sentarse varios minutos en la banca. El ingreso de Percello le dio otra energ\u00eda, se acopl\u00f3 Nicol\u00e1s Bejarano da\u00f1ando en el poste bajo y Sacomani castig\u00f3 detr\u00e1s de 6,75mts (40-29).<\/p>\n<p>El 3C fue de rachas. Un triple de Sebasti\u00e1n Mart\u00ednez y otro de Aguirre, achic\u00f3 definitivamente la brecha (41-41). D\u00b4Amico reparaci\u00f3n en la escena y con 4 puntos consecutivos le dio un respiro. Y Ortega tom\u00f3 las riendas del match, para domar a la fiera. As\u00ed, logr\u00f3 escaparse nuevamente (63-52).<\/p>\n<p>Lejos de rendirse, en el 4C, otra conversi\u00f3n lejana de Sebasti\u00e1n Mart\u00ednez llen\u00f3 de dramatismo (65-61) el tramo epilogante. Y un doble con algo de fortuna de De Pastena acerc\u00f3 a la escuadra de Emiliano Men\u00e9ndez a\u00fan m\u00e1s (65-63). Con 5min y 9seg por jugar, el entrenador local solicit\u00f3 minuto y corrigi\u00f3 algunas cuestiones. Esta vez, fue Sacomani el que anot\u00f3 dos bombazos letales, para una r\u00e1faga furiosa 10-2 (75-65), que, con el reloj como aliado, sirvi\u00f3 para liquidar el pleito.<\/p>\n<p>El martes, desde las 21 horas, nuevamente se enfrentar\u00e1n en cancha de Independiente. Barracas obligado a triunfar para llevar la definici\u00f3n a un quinto partido. Altense buscando una victoria que lo meta en la gran final ante El Nacional.<\/p>\n<\/div>\n<\/div>\n<p>&nbsp;<\/p>\n<p>&nbsp;<\/p>\n<p>&nbsp;<\/p>\n<p>&nbsp;<\/p>\n<p>&nbsp;<\/p>\n<p>&nbsp;<\/p>\n<p>&nbsp;<\/p>\n<p>&nbsp;<\/p>\n<div class=\"jeg_video_container jeg_video_content\"><iframe loading=\"lazy\" title=\"#Segunda - Playoffs - Semifinales - Juego #3 (+5): Altense (2) 83 - 70 (1) Barracas Central\" width=\"500\" height=\"281\" src=\"https:\/\/www.youtube.com\/embed\/V0zv9XvxF5E?feature=oembed\" frameborder=\"0\" allow=\"accelerometer; autoplay; clipboard-write; encrypted-media; gyroscope; picture-in-picture; web-share\" referrerpolicy=\"strict-origin-when-cross-origin\" allowfullscreen><\/iframe><\/div>\n<p>&nbsp;<\/p>\n<div class=\"entry-content no-share\">\n<div class=\"content-inner \">\n<p><img decoding=\"async\" class=\"alignnone size-full wp-image-109360\" src=\"http:\/\/gentedebasquet.com.ar\/sitio\/wp-content\/uploads\/2023\/10\/Gif-Publicidades-1.gif\" alt=\"\" width=\"300\" height=\"250\" data-pin-no-hover=\"true\" \/><\/p>\n<p><img decoding=\"async\" class=\"alignnone size-full wp-image-108810\" src=\"http:\/\/gentedebasquet.com.ar\/sitio\/wp-content\/uploads\/2023\/09\/Gif-Publicidades-2-4.gif\" alt=\"\" width=\"300\" height=\"250\" data-pin-no-hover=\"true\" \/><\/p>\n<p><img decoding=\"async\" class=\"alignnone size-medium wp-image-112102\" src=\"http:\/\/gentedebasquet.com.ar\/sitio\/wp-content\/uploads\/2024\/05\/as-3-300x300.jpg\" alt=\"\" width=\"300\" height=\"300\" srcset=\"https:\/\/gentedebasquet.com.ar\/sitio\/wp-content\/uploads\/2024\/05\/as-3-300x300.jpg 300w, https:\/\/gentedebasquet.com.ar\/sitio\/wp-content\/uploads\/2024\/05\/as-3-1024x1024.jpg 1024w, https:\/\/gentedebasquet.com.ar\/sitio\/wp-content\/uploads\/2024\/05\/as-3-150x150.jpg 150w, https:\/\/gentedebasquet.com.ar\/sitio\/wp-content\/uploads\/2024\/05\/as-3-768x768.jpg 768w, https:\/\/gentedebasquet.com.ar\/sitio\/wp-content\/uploads\/2024\/05\/as-3-1536x1536.jpg 1536w, https:\/\/gentedebasquet.com.ar\/sitio\/wp-content\/uploads\/2024\/05\/as-3-75x75.jpg 75w, https:\/\/gentedebasquet.com.ar\/sitio\/wp-content\/uploads\/2024\/05\/as-3-350x350.jpg 350w, https:\/\/gentedebasquet.com.ar\/sitio\/wp-content\/uploads\/2024\/05\/as-3-750x750.jpg 750w, https:\/\/gentedebasquet.com.ar\/sitio\/wp-content\/uploads\/2024\/05\/as-3-1140x1140.jpg 1140w, https:\/\/gentedebasquet.com.ar\/sitio\/wp-content\/uploads\/2024\/05\/as-3.jpg 1600w\" sizes=\"(max-width: 300px) 100vw, 300px\" \/><\/p>\n<p><img decoding=\"async\" class=\"alignnone size-medium wp-image-112103\" src=\"http:\/\/gentedebasquet.com.ar\/sitio\/wp-content\/uploads\/2024\/05\/fasdsa-225x300.jpg\" alt=\"\" width=\"225\" height=\"300\" srcset=\"https:\/\/gentedebasquet.com.ar\/sitio\/wp-content\/uploads\/2024\/05\/fasdsa-225x300.jpg 225w, https:\/\/gentedebasquet.com.ar\/sitio\/wp-content\/uploads\/2024\/05\/fasdsa-768x1024.jpg 768w, https:\/\/gentedebasquet.com.ar\/sitio\/wp-content\/uploads\/2024\/05\/fasdsa-1152x1536.jpg 1152w, https:\/\/gentedebasquet.com.ar\/sitio\/wp-content\/uploads\/2024\/05\/fasdsa-750x1000.jpg 750w, https:\/\/gentedebasquet.com.ar\/sitio\/wp-content\/uploads\/2024\/05\/fasdsa-1140x1520.jpg 1140w, https:\/\/gentedebasquet.com.ar\/sitio\/wp-content\/uploads\/2024\/05\/fasdsa.jpg 1200w\" sizes=\"(max-width: 225px) 100vw, 225px\" \/><\/p>\n<blockquote><p>\u201cMuy cansado, un partido muy f\u00edsico y de mucho ritmo. Ellos al no tener un p\u00edvot grande, a nosotros nos lleva a jugar muchos minutos a un ritmo muy alto. Ellos de la nada te meten dos o tres bombas, con marca o a la carrera, pero lo pudimos sacar adelante defendiendo y corriendo, que era lo que nos cost\u00f3 el partido anterior. Pudimos desgastarlo y eso fue importante. El partido pasado erramos mucho, nos complicamos y a veces la derrota te da uni\u00f3n en el grupo. Nos motivamos, con actitud y car\u00e1cter lo sacamos adelante. El martes vamos a ir con todo, la misma idea y con las mismas ganas\u201d, <strong>Braian Baier (Altense).<\/strong><\/p><\/blockquote>\n<p><img decoding=\"async\" class=\"alignnone size-medium wp-image-112104\" src=\"http:\/\/gentedebasquet.com.ar\/sitio\/wp-content\/uploads\/2024\/05\/dadsa-300x300.jpg\" alt=\"\" width=\"300\" height=\"300\" srcset=\"https:\/\/gentedebasquet.com.ar\/sitio\/wp-content\/uploads\/2024\/05\/dadsa-300x300.jpg 300w, https:\/\/gentedebasquet.com.ar\/sitio\/wp-content\/uploads\/2024\/05\/dadsa-1024x1024.jpg 1024w, https:\/\/gentedebasquet.com.ar\/sitio\/wp-content\/uploads\/2024\/05\/dadsa-150x150.jpg 150w, https:\/\/gentedebasquet.com.ar\/sitio\/wp-content\/uploads\/2024\/05\/dadsa-768x768.jpg 768w, https:\/\/gentedebasquet.com.ar\/sitio\/wp-content\/uploads\/2024\/05\/dadsa-1536x1536.jpg 1536w, https:\/\/gentedebasquet.com.ar\/sitio\/wp-content\/uploads\/2024\/05\/dadsa-75x75.jpg 75w, https:\/\/gentedebasquet.com.ar\/sitio\/wp-content\/uploads\/2024\/05\/dadsa-350x350.jpg 350w, https:\/\/gentedebasquet.com.ar\/sitio\/wp-content\/uploads\/2024\/05\/dadsa-750x750.jpg 750w, https:\/\/gentedebasquet.com.ar\/sitio\/wp-content\/uploads\/2024\/05\/dadsa-1140x1140.jpg 1140w, https:\/\/gentedebasquet.com.ar\/sitio\/wp-content\/uploads\/2024\/05\/dadsa.jpg 1600w\" sizes=\"(max-width: 300px) 100vw, 300px\" \/><\/p>\n<p><img decoding=\"async\" class=\"alignnone size-full wp-image-109913\" src=\"http:\/\/gentedebasquet.com.ar\/sitio\/wp-content\/uploads\/2023\/11\/Gif-Publicidades-3-1.gif\" alt=\"\" width=\"300\" height=\"250\" data-pin-no-hover=\"true\" \/><\/p>\n<p><strong>S\u00edntesis \u2013 Segunda \u2013 Playoffs \u2013 Semifinal \u2013 Juego 3<\/strong><\/p>\n<p><strong>Altense 83:\u00a0<\/strong>Mateo Ortega 11, Bruno D\u00b4Amico 12, Bruno Sacomani 19, Braian Baier 15 y Guillermo Mallemaci 8, <strong>(FI);<\/strong> Franco Percello 12, Daniel Ezcurra 0, Jerem\u00edas Goncalvez 2, Marcos Polchi 0 y Nicol\u00e1s Bejarano 4. <strong>DT: Gustavo Casamayor.<\/strong><\/p>\n<p><strong>Barracas Central 70:<\/strong>\u00a0Santiago Bussetti 6, Ramiro Aguirre 12, Mat\u00edas Mart\u00ednez 12, Juan Ignacio De Pastena 18 y Mauro Montanaro 9,<strong> (FI);<\/strong> Sebasti\u00e1n Mart\u00ednez 12, Agust\u00edn Astradas 0 y Santiago Suanez 1.\u00a0<strong>DT:\u00a0Emiliano Men\u00e9ndez.<\/strong><\/p>\n<p><strong>Parciales<\/strong>: 15-19; 40-29 (25-10); 63-52 (23-23); 83-70 (20-18).<\/p>\n<p><strong>\u00c1rbitros<\/strong>: Alejandro Ramallo, Sebasti\u00e1n Arcas y Juan Agust\u00edn Mat\u00edas.<\/p>\n<p><strong>Estadio:<\/strong>\u00a0Armando Traini (Altense)<\/p>\n<p><strong>Serie:\u00a0<\/strong>Altense, 2-1.<\/p>\n<p>&nbsp;<\/p>\n<p><img decoding=\"async\" class=\"alignnone size-full wp-image-109914\" src=\"http:\/\/gentedebasquet.com.ar\/sitio\/wp-content\/uploads\/2023\/11\/Gif-Publicidades-4-1-1.gif\" alt=\"\" width=\"300\" height=\"250\" data-pin-no-hover=\"true\" \/><\/p>\n<p><img decoding=\"async\" class=\"alignnone size-medium wp-image-112105\" src=\"http:\/\/gentedebasquet.com.ar\/sitio\/wp-content\/uploads\/2024\/05\/DSC_4591-300x200.jpg\" alt=\"\" width=\"300\" height=\"200\" srcset=\"https:\/\/gentedebasquet.com.ar\/sitio\/wp-content\/uploads\/2024\/05\/DSC_4591-300x200.jpg 300w, https:\/\/gentedebasquet.com.ar\/sitio\/wp-content\/uploads\/2024\/05\/DSC_4591.jpg 650w\" sizes=\"(max-width: 300px) 100vw, 300px\" \/><\/p>\n<p>&nbsp;<\/p>\n<p>Fotos: Marcelo Barth<\/p>\n<\/div>\n<\/div>\n","protected":false},"excerpt":{"rendered":"<p>En Punta Alta, venci\u00f3 83 a 70 a Barracas y se coloc\u00f3 2 a 1 en la serie semifinal. Bruno Sacomani con 19 puntos result\u00f3 el m\u00e1ximo anotador. Adem\u00e1s, el verde cont\u00f3 con importantes variantes ofensivas: Braian Baier 15, Bruno D\u00b4Amico 12, Franco Percello 12 (important\u00edsimo en el 2C) y Mateo Ortega 11 (clave en [&hellip;]<\/p>\n","protected":false},"author":62,"featured_media":112106,"comment_status":"open","ping_status":"open","sticky":false,"template":"","format":"standard","meta":{"jnews-multi-image_gallery":[],"jnews_single_post":{"source_name":"","source_url":"","via_name":"","via_url":"","override_template":"0","override":[{"template":"1","single_blog_custom":"","parallax":"1","fullscreen":"1","layout":"right-sidebar","sidebar":"default-sidebar","second_sidebar":"default-sidebar","sticky_sidebar":"1","share_position":"top","share_float_style":"share-monocrhome","show_share_counter":"0","show_view_counter":"0","show_featured":"1","show_post_meta":"1","show_post_author":"1","show_post_author_image":"1","show_post_date":"1","post_date_format":"default","post_date_format_custom":"Y\/m\/d","show_post_category":"1","show_post_reading_time":"0","post_reading_time_wpm":"300","show_zoom_button":"0","zoom_button_out_step":"2","zoom_button_in_step":"3","show_post_tag":"1","show_prev_next_post":"1","show_popup_post":"1","number_popup_post":"1","show_author_box":"0","show_post_related":"0","show_inline_post_related":"0"}],"override_image_size":"0","image_override":[{"single_post_thumbnail_size":"crop-500","single_post_gallery_size":"crop-500"}],"trending_post":"0","trending_post_position":"meta","trending_post_label":"Trending","sponsored_post":"0","sponsored_post_label":"Sponsored by","sponsored_post_name":"","sponsored_post_url":"","sponsored_post_logo_enable":"0","sponsored_post_logo":"","sponsored_post_desc":"","disable_ad":"0"},"jnews_primary_category":{"id":"","hide":""},"footnotes":""},"categories":[25,101],"tags":[213,6,71],"class_list":["post-112096","post","type-post","status-publish","format-standard","has-post-thumbnail","hentry","category-segunda","category-slide","tag-altense","tag-barracas-central","tag-punta-alta"],"yoast_head":"<!-- This site is optimized with the Yoast SEO plugin v27.5 - https:\/\/yoast.com\/product\/yoast-seo-wordpress\/ -->\n<title>Altense se puso nuevamente en ventaja - Gente de B\u00e1squet<\/title>\n<meta name=\"robots\" content=\"index, follow, max-snippet:-1, max-image-preview:large, max-video-preview:-1\" \/>\n<link rel=\"canonical\" href=\"https:\/\/gentedebasquet.com.ar\/sitio\/2024\/05\/25\/altense-se-puso-nuevamente-en-ventaja\/\" \/>\n<meta property=\"og:locale\" content=\"es_ES\" \/>\n<meta property=\"og:type\" content=\"article\" \/>\n<meta property=\"og:title\" content=\"Altense se puso nuevamente en ventaja - Gente de B\u00e1squet\" \/>\n<meta property=\"og:description\" content=\"En Punta Alta, venci\u00f3 83 a 70 a Barracas y se coloc\u00f3 2 a 1 en la serie semifinal. Bruno Sacomani con 19 puntos result\u00f3 el m\u00e1ximo anotador. Adem\u00e1s, el verde cont\u00f3 con importantes variantes ofensivas: Braian Baier 15, Bruno D\u00b4Amico 12, Franco Percello 12 (important\u00edsimo en el 2C) y Mateo Ortega 11 (clave en [&hellip;]\" \/>\n<meta property=\"og:url\" content=\"https:\/\/gentedebasquet.com.ar\/sitio\/2024\/05\/25\/altense-se-puso-nuevamente-en-ventaja\/\" \/>\n<meta property=\"og:site_name\" content=\"Gente de B\u00e1squet\" \/>\n<meta property=\"article:published_time\" content=\"2024-05-25T03:46:43+00:00\" \/>\n<meta property=\"article:modified_time\" content=\"2024-05-25T03:47:10+00:00\" \/>\n<meta property=\"og:image\" content=\"https:\/\/gentedebasquet.com.ar\/sitio\/wp-content\/uploads\/2024\/05\/DSC_4528.jpg\" \/>\n\t<meta property=\"og:image:width\" content=\"690\" \/>\n\t<meta property=\"og:image:height\" content=\"320\" \/>\n\t<meta property=\"og:image:type\" content=\"image\/jpeg\" \/>\n<meta name=\"author\" content=\"Mat\u00edas Dom\u00ednguez\" \/>\n<meta name=\"twitter:card\" content=\"summary_large_image\" \/>\n<meta name=\"twitter:label1\" content=\"Escrito por\" \/>\n\t<meta name=\"twitter:data1\" content=\"Mat\u00edas Dom\u00ednguez\" \/>\n\t<meta name=\"twitter:label2\" content=\"Tiempo de lectura\" \/>\n\t<meta name=\"twitter:data2\" content=\"4 minutos\" \/>\n<script type=\"application\/ld+json\" class=\"yoast-schema-graph\">{\"@context\":\"https:\\\/\\\/schema.org\",\"@graph\":[{\"@type\":\"Article\",\"@id\":\"https:\\\/\\\/gentedebasquet.com.ar\\\/sitio\\\/2024\\\/05\\\/25\\\/altense-se-puso-nuevamente-en-ventaja\\\/#article\",\"isPartOf\":{\"@id\":\"https:\\\/\\\/gentedebasquet.com.ar\\\/sitio\\\/2024\\\/05\\\/25\\\/altense-se-puso-nuevamente-en-ventaja\\\/\"},\"author\":{\"name\":\"Mat\u00edas Dom\u00ednguez\",\"@id\":\"https:\\\/\\\/gentedebasquet.com.ar\\\/sitio\\\/#\\\/schema\\\/person\\\/2df9550994560b26db96aa8de5494221\"},\"headline\":\"Altense se puso nuevamente en ventaja\",\"datePublished\":\"2024-05-25T03:46:43+00:00\",\"dateModified\":\"2024-05-25T03:47:10+00:00\",\"mainEntityOfPage\":{\"@id\":\"https:\\\/\\\/gentedebasquet.com.ar\\\/sitio\\\/2024\\\/05\\\/25\\\/altense-se-puso-nuevamente-en-ventaja\\\/\"},\"wordCount\":587,\"commentCount\":0,\"image\":{\"@id\":\"https:\\\/\\\/gentedebasquet.com.ar\\\/sitio\\\/2024\\\/05\\\/25\\\/altense-se-puso-nuevamente-en-ventaja\\\/#primaryimage\"},\"thumbnailUrl\":\"https:\\\/\\\/gentedebasquet.com.ar\\\/sitio\\\/wp-content\\\/uploads\\\/2024\\\/05\\\/DSC_4528.jpg\",\"keywords\":[\"Altense\",\"Barracas Central\",\"Punta Alta\"],\"articleSection\":[\"Segunda\",\"Slide\"],\"inLanguage\":\"es\",\"potentialAction\":[{\"@type\":\"CommentAction\",\"name\":\"Comment\",\"target\":[\"https:\\\/\\\/gentedebasquet.com.ar\\\/sitio\\\/2024\\\/05\\\/25\\\/altense-se-puso-nuevamente-en-ventaja\\\/#respond\"]}]},{\"@type\":\"WebPage\",\"@id\":\"https:\\\/\\\/gentedebasquet.com.ar\\\/sitio\\\/2024\\\/05\\\/25\\\/altense-se-puso-nuevamente-en-ventaja\\\/\",\"url\":\"https:\\\/\\\/gentedebasquet.com.ar\\\/sitio\\\/2024\\\/05\\\/25\\\/altense-se-puso-nuevamente-en-ventaja\\\/\",\"name\":\"Altense se puso nuevamente en ventaja - Gente de B\u00e1squet\",\"isPartOf\":{\"@id\":\"https:\\\/\\\/gentedebasquet.com.ar\\\/sitio\\\/#website\"},\"primaryImageOfPage\":{\"@id\":\"https:\\\/\\\/gentedebasquet.com.ar\\\/sitio\\\/2024\\\/05\\\/25\\\/altense-se-puso-nuevamente-en-ventaja\\\/#primaryimage\"},\"image\":{\"@id\":\"https:\\\/\\\/gentedebasquet.com.ar\\\/sitio\\\/2024\\\/05\\\/25\\\/altense-se-puso-nuevamente-en-ventaja\\\/#primaryimage\"},\"thumbnailUrl\":\"https:\\\/\\\/gentedebasquet.com.ar\\\/sitio\\\/wp-content\\\/uploads\\\/2024\\\/05\\\/DSC_4528.jpg\",\"datePublished\":\"2024-05-25T03:46:43+00:00\",\"dateModified\":\"2024-05-25T03:47:10+00:00\",\"author\":{\"@id\":\"https:\\\/\\\/gentedebasquet.com.ar\\\/sitio\\\/#\\\/schema\\\/person\\\/2df9550994560b26db96aa8de5494221\"},\"breadcrumb\":{\"@id\":\"https:\\\/\\\/gentedebasquet.com.ar\\\/sitio\\\/2024\\\/05\\\/25\\\/altense-se-puso-nuevamente-en-ventaja\\\/#breadcrumb\"},\"inLanguage\":\"es\",\"potentialAction\":[{\"@type\":\"ReadAction\",\"target\":[\"https:\\\/\\\/gentedebasquet.com.ar\\\/sitio\\\/2024\\\/05\\\/25\\\/altense-se-puso-nuevamente-en-ventaja\\\/\"]}]},{\"@type\":\"ImageObject\",\"inLanguage\":\"es\",\"@id\":\"https:\\\/\\\/gentedebasquet.com.ar\\\/sitio\\\/2024\\\/05\\\/25\\\/altense-se-puso-nuevamente-en-ventaja\\\/#primaryimage\",\"url\":\"https:\\\/\\\/gentedebasquet.com.ar\\\/sitio\\\/wp-content\\\/uploads\\\/2024\\\/05\\\/DSC_4528.jpg\",\"contentUrl\":\"https:\\\/\\\/gentedebasquet.com.ar\\\/sitio\\\/wp-content\\\/uploads\\\/2024\\\/05\\\/DSC_4528.jpg\",\"width\":690,\"height\":320},{\"@type\":\"BreadcrumbList\",\"@id\":\"https:\\\/\\\/gentedebasquet.com.ar\\\/sitio\\\/2024\\\/05\\\/25\\\/altense-se-puso-nuevamente-en-ventaja\\\/#breadcrumb\",\"itemListElement\":[{\"@type\":\"ListItem\",\"position\":1,\"name\":\"Portada\",\"item\":\"https:\\\/\\\/gentedebasquet.com.ar\\\/sitio\\\/\"},{\"@type\":\"ListItem\",\"position\":2,\"name\":\"Altense se puso nuevamente en ventaja\"}]},{\"@type\":\"WebSite\",\"@id\":\"https:\\\/\\\/gentedebasquet.com.ar\\\/sitio\\\/#website\",\"url\":\"https:\\\/\\\/gentedebasquet.com.ar\\\/sitio\\\/\",\"name\":\"Gente de B\u00e1squet\",\"description\":\"La revista del basquet de Bah\u00eda Blanca\",\"potentialAction\":[{\"@type\":\"SearchAction\",\"target\":{\"@type\":\"EntryPoint\",\"urlTemplate\":\"https:\\\/\\\/gentedebasquet.com.ar\\\/sitio\\\/?s={search_term_string}\"},\"query-input\":{\"@type\":\"PropertyValueSpecification\",\"valueRequired\":true,\"valueName\":\"search_term_string\"}}],\"inLanguage\":\"es\"},{\"@type\":\"Person\",\"@id\":\"https:\\\/\\\/gentedebasquet.com.ar\\\/sitio\\\/#\\\/schema\\\/person\\\/2df9550994560b26db96aa8de5494221\",\"name\":\"Mat\u00edas Dom\u00ednguez\",\"image\":{\"@type\":\"ImageObject\",\"inLanguage\":\"es\",\"@id\":\"https:\\\/\\\/secure.gravatar.com\\\/avatar\\\/29491ec59dbc2f899f1cb4052e9f2827b5aee3a84bdc66a9fd6789abc018a99d?s=96&d=mm&r=g\",\"url\":\"https:\\\/\\\/secure.gravatar.com\\\/avatar\\\/29491ec59dbc2f899f1cb4052e9f2827b5aee3a84bdc66a9fd6789abc018a99d?s=96&d=mm&r=g\",\"contentUrl\":\"https:\\\/\\\/secure.gravatar.com\\\/avatar\\\/29491ec59dbc2f899f1cb4052e9f2827b5aee3a84bdc66a9fd6789abc018a99d?s=96&d=mm&r=g\",\"caption\":\"Mat\u00edas Dom\u00ednguez\"},\"url\":\"https:\\\/\\\/gentedebasquet.com.ar\\\/sitio\\\/author\\\/matias-dominguez\\\/\"}]}<\/script>\n<!-- \/ Yoast SEO plugin. -->","yoast_head_json":{"title":"Altense se puso nuevamente en ventaja - Gente de B\u00e1squet","robots":{"index":"index","follow":"follow","max-snippet":"max-snippet:-1","max-image-preview":"max-image-preview:large","max-video-preview":"max-video-preview:-1"},"canonical":"https:\/\/gentedebasquet.com.ar\/sitio\/2024\/05\/25\/altense-se-puso-nuevamente-en-ventaja\/","og_locale":"es_ES","og_type":"article","og_title":"Altense se puso nuevamente en ventaja - Gente de B\u00e1squet","og_description":"En Punta Alta, venci\u00f3 83 a 70 a Barracas y se coloc\u00f3 2 a 1 en la serie semifinal. Bruno Sacomani con 19 puntos result\u00f3 el m\u00e1ximo anotador. Adem\u00e1s, el verde cont\u00f3 con importantes variantes ofensivas: Braian Baier 15, Bruno D\u00b4Amico 12, Franco Percello 12 (important\u00edsimo en el 2C) y Mateo Ortega 11 (clave en [&hellip;]","og_url":"https:\/\/gentedebasquet.com.ar\/sitio\/2024\/05\/25\/altense-se-puso-nuevamente-en-ventaja\/","og_site_name":"Gente de B\u00e1squet","article_published_time":"2024-05-25T03:46:43+00:00","article_modified_time":"2024-05-25T03:47:10+00:00","og_image":[{"width":690,"height":320,"url":"https:\/\/gentedebasquet.com.ar\/sitio\/wp-content\/uploads\/2024\/05\/DSC_4528.jpg","type":"image\/jpeg"}],"author":"Mat\u00edas Dom\u00ednguez","twitter_card":"summary_large_image","twitter_misc":{"Escrito por":"Mat\u00edas Dom\u00ednguez","Tiempo de lectura":"4 minutos"},"schema":{"@context":"https:\/\/schema.org","@graph":[{"@type":"Article","@id":"https:\/\/gentedebasquet.com.ar\/sitio\/2024\/05\/25\/altense-se-puso-nuevamente-en-ventaja\/#article","isPartOf":{"@id":"https:\/\/gentedebasquet.com.ar\/sitio\/2024\/05\/25\/altense-se-puso-nuevamente-en-ventaja\/"},"author":{"name":"Mat\u00edas Dom\u00ednguez","@id":"https:\/\/gentedebasquet.com.ar\/sitio\/#\/schema\/person\/2df9550994560b26db96aa8de5494221"},"headline":"Altense se puso nuevamente en ventaja","datePublished":"2024-05-25T03:46:43+00:00","dateModified":"2024-05-25T03:47:10+00:00","mainEntityOfPage":{"@id":"https:\/\/gentedebasquet.com.ar\/sitio\/2024\/05\/25\/altense-se-puso-nuevamente-en-ventaja\/"},"wordCount":587,"commentCount":0,"image":{"@id":"https:\/\/gentedebasquet.com.ar\/sitio\/2024\/05\/25\/altense-se-puso-nuevamente-en-ventaja\/#primaryimage"},"thumbnailUrl":"https:\/\/gentedebasquet.com.ar\/sitio\/wp-content\/uploads\/2024\/05\/DSC_4528.jpg","keywords":["Altense","Barracas Central","Punta Alta"],"articleSection":["Segunda","Slide"],"inLanguage":"es","potentialAction":[{"@type":"CommentAction","name":"Comment","target":["https:\/\/gentedebasquet.com.ar\/sitio\/2024\/05\/25\/altense-se-puso-nuevamente-en-ventaja\/#respond"]}]},{"@type":"WebPage","@id":"https:\/\/gentedebasquet.com.ar\/sitio\/2024\/05\/25\/altense-se-puso-nuevamente-en-ventaja\/","url":"https:\/\/gentedebasquet.com.ar\/sitio\/2024\/05\/25\/altense-se-puso-nuevamente-en-ventaja\/","name":"Altense se puso nuevamente en ventaja - Gente de B\u00e1squet","isPartOf":{"@id":"https:\/\/gentedebasquet.com.ar\/sitio\/#website"},"primaryImageOfPage":{"@id":"https:\/\/gentedebasquet.com.ar\/sitio\/2024\/05\/25\/altense-se-puso-nuevamente-en-ventaja\/#primaryimage"},"image":{"@id":"https:\/\/gentedebasquet.com.ar\/sitio\/2024\/05\/25\/altense-se-puso-nuevamente-en-ventaja\/#primaryimage"},"thumbnailUrl":"https:\/\/gentedebasquet.com.ar\/sitio\/wp-content\/uploads\/2024\/05\/DSC_4528.jpg","datePublished":"2024-05-25T03:46:43+00:00","dateModified":"2024-05-25T03:47:10+00:00","author":{"@id":"https:\/\/gentedebasquet.com.ar\/sitio\/#\/schema\/person\/2df9550994560b26db96aa8de5494221"},"breadcrumb":{"@id":"https:\/\/gentedebasquet.com.ar\/sitio\/2024\/05\/25\/altense-se-puso-nuevamente-en-ventaja\/#breadcrumb"},"inLanguage":"es","potentialAction":[{"@type":"ReadAction","target":["https:\/\/gentedebasquet.com.ar\/sitio\/2024\/05\/25\/altense-se-puso-nuevamente-en-ventaja\/"]}]},{"@type":"ImageObject","inLanguage":"es","@id":"https:\/\/gentedebasquet.com.ar\/sitio\/2024\/05\/25\/altense-se-puso-nuevamente-en-ventaja\/#primaryimage","url":"https:\/\/gentedebasquet.com.ar\/sitio\/wp-content\/uploads\/2024\/05\/DSC_4528.jpg","contentUrl":"https:\/\/gentedebasquet.com.ar\/sitio\/wp-content\/uploads\/2024\/05\/DSC_4528.jpg","width":690,"height":320},{"@type":"BreadcrumbList","@id":"https:\/\/gentedebasquet.com.ar\/sitio\/2024\/05\/25\/altense-se-puso-nuevamente-en-ventaja\/#breadcrumb","itemListElement":[{"@type":"ListItem","position":1,"name":"Portada","item":"https:\/\/gentedebasquet.com.ar\/sitio\/"},{"@type":"ListItem","position":2,"name":"Altense se puso nuevamente en ventaja"}]},{"@type":"WebSite","@id":"https:\/\/gentedebasquet.com.ar\/sitio\/#website","url":"https:\/\/gentedebasquet.com.ar\/sitio\/","name":"Gente de B\u00e1squet","description":"La revista del basquet de Bah\u00eda Blanca","potentialAction":[{"@type":"SearchAction","target":{"@type":"EntryPoint","urlTemplate":"https:\/\/gentedebasquet.com.ar\/sitio\/?s={search_term_string}"},"query-input":{"@type":"PropertyValueSpecification","valueRequired":true,"valueName":"search_term_string"}}],"inLanguage":"es"},{"@type":"Person","@id":"https:\/\/gentedebasquet.com.ar\/sitio\/#\/schema\/person\/2df9550994560b26db96aa8de5494221","name":"Mat\u00edas Dom\u00ednguez","image":{"@type":"ImageObject","inLanguage":"es","@id":"https:\/\/secure.gravatar.com\/avatar\/29491ec59dbc2f899f1cb4052e9f2827b5aee3a84bdc66a9fd6789abc018a99d?s=96&d=mm&r=g","url":"https:\/\/secure.gravatar.com\/avatar\/29491ec59dbc2f899f1cb4052e9f2827b5aee3a84bdc66a9fd6789abc018a99d?s=96&d=mm&r=g","contentUrl":"https:\/\/secure.gravatar.com\/avatar\/29491ec59dbc2f899f1cb4052e9f2827b5aee3a84bdc66a9fd6789abc018a99d?s=96&d=mm&r=g","caption":"Mat\u00edas Dom\u00ednguez"},"url":"https:\/\/gentedebasquet.com.ar\/sitio\/author\/matias-dominguez\/"}]}},"_links":{"self":[{"href":"https:\/\/gentedebasquet.com.ar\/sitio\/wp-json\/wp\/v2\/posts\/112096","targetHints":{"allow":["GET"]}}],"collection":[{"href":"https:\/\/gentedebasquet.com.ar\/sitio\/wp-json\/wp\/v2\/posts"}],"about":[{"href":"https:\/\/gentedebasquet.com.ar\/sitio\/wp-json\/wp\/v2\/types\/post"}],"author":[{"embeddable":true,"href":"https:\/\/gentedebasquet.com.ar\/sitio\/wp-json\/wp\/v2\/users\/62"}],"replies":[{"embeddable":true,"href":"https:\/\/gentedebasquet.com.ar\/sitio\/wp-json\/wp\/v2\/comments?post=112096"}],"version-history":[{"count":3,"href":"https:\/\/gentedebasquet.com.ar\/sitio\/wp-json\/wp\/v2\/posts\/112096\/revisions"}],"predecessor-version":[{"id":112108,"href":"https:\/\/gentedebasquet.com.ar\/sitio\/wp-json\/wp\/v2\/posts\/112096\/revisions\/112108"}],"wp:featuredmedia":[{"embeddable":true,"href":"https:\/\/gentedebasquet.com.ar\/sitio\/wp-json\/wp\/v2\/media\/112106"}],"wp:attachment":[{"href":"https:\/\/gentedebasquet.com.ar\/sitio\/wp-json\/wp\/v2\/media?parent=112096"}],"wp:term":[{"taxonomy":"category","embeddable":true,"href":"https:\/\/gentedebasquet.com.ar\/sitio\/wp-json\/wp\/v2\/categories?post=112096"},{"taxonomy":"post_tag","embeddable":true,"href":"https:\/\/gentedebasquet.com.ar\/sitio\/wp-json\/wp\/v2\/tags?post=112096"}],"curies":[{"name":"wp","href":"https:\/\/api.w.org\/{rel}","templated":true}]}}