{"id":1121,"date":"2011-11-10T22:36:28","date_gmt":"2011-11-10T22:36:28","guid":{"rendered":"http:\/\/www.gentedebasquet.com.ar\/?p=1121"},"modified":"2011-11-10T22:36:28","modified_gmt":"2011-11-10T22:36:28","slug":"ya-se-palpita-la-copa-el-bosque","status":"publish","type":"post","link":"https:\/\/gentedebasquet.com.ar\/sitio\/2011\/11\/10\/ya-se-palpita-la-copa-el-bosque\/","title":{"rendered":"Ya se palpita la \u00abCopa El Bosque\u00bb"},"content":{"rendered":"<p><a href=\"http:\/\/www.gentedebasquet.com.ar\/wp-content\/uploads\/2011\/11\/Presentaci\u00f3n1222.jpg\"><img decoding=\"async\" class=\"aligncenter size-medium wp-image-1122\" src=\"http:\/\/www.gentedebasquet.com.ar\/wp-content\/uploads\/2011\/11\/Presentaci\u00f3n1222-300x231.jpg\" alt=\"\" \/><\/a><\/p>\n<p><em><strong>\u00abLa Copa El Bosque\u00bb ya tiene fecha de inicio y cuenta con todos los equipos confirmados. Hoy se sortearon los grupos que estar\u00e1n conformados por cuatro participantes cada uno. Entr\u00e1 y enterate de todas las novedades.\u00a0<\/strong><\/em><!--more--><\/p>\n<p>El 26 y 27 de Noviembre el B\u00e1squetbol Femenino local vivir\u00e1 una jornada sumamente especial. Es que durante ese fin de semana se estar\u00e1 disputando el \u00abTorneo U13- Copa El Bosque\u00bb organizado por el Club Barracas Central.<\/p>\n<p>Seg\u00fan el entrenador de la instituci\u00f3n Gabriel M\u00e9rida, los partidos se disputar\u00e1n en dos canchas en simultaneo, y en el d\u00eda de la fecha se sortearon los grupos en donde participar\u00e1 cada instituci\u00f3n.<\/p>\n<p><span style=\"text-decoration: underline\"><strong>Zona 1:<\/strong><\/span><\/p>\n<p><strong>Sportivo Berazategui<\/strong><br \/>\n<strong>Sportivo Bahiense \u00abA\u00bb<\/strong><br \/>\n<strong>Barracas Central\u00a0<\/strong><br \/>\n<strong>Pe\u00f1arol de Mar del Plata<\/strong><\/p>\n<p><span style=\"text-decoration: underline\"><em><strong>Zona 2:\u00a0<\/strong><\/em><\/span><\/p>\n<p><strong>Sportivo Bahiense \u00abB\u00bb<\/strong><br \/>\n<strong>Atl\u00e9tico El Palomar<\/strong><br \/>\n<strong>Pacifico de Neuqu\u00e9n\u00a0<\/strong><br \/>\n<strong>Rivadavia de Necochea\u00a0<\/strong><\/p>\n<p><strong><\/strong>Por otro lado, el entrenador de Barracas confirm\u00f3 que el 10 y 11 de Diciembre se producir\u00e1 la visita de la Delegaci\u00f3n de B\u00e1squet Femenino de Chile a nuestra Ciudad.<\/p>\n","protected":false},"excerpt":{"rendered":"<p>\u00abLa Copa El Bosque\u00bb ya tiene fecha de inicio y cuenta con todos los equipos confirmados. Hoy se sortearon los grupos que estar\u00e1n conformados por cuatro participantes cada uno. Entr\u00e1 y enterate de todas las novedades.\u00a0<\/p>\n","protected":false},"author":5,"featured_media":0,"comment_status":"open","ping_status":"open","sticky":false,"template":"","format":"standard","meta":{"jnews-multi-image_gallery":[],"jnews_single_post":[],"jnews_primary_category":[],"footnotes":""},"categories":[33],"tags":[6,20],"class_list":["post-1121","post","type-post","status-publish","format-standard","hentry","category-femenino","tag-barracas-central","tag-sportivo-bahiense"],"yoast_head":"<!-- This site is optimized with the Yoast SEO plugin v27.5 - https:\/\/yoast.com\/product\/yoast-seo-wordpress\/ -->\n<title>Ya se palpita la &quot;Copa El Bosque&quot; - Gente de B\u00e1squet<\/title>\n<meta name=\"robots\" content=\"index, follow, max-snippet:-1, max-image-preview:large, max-video-preview:-1\" \/>\n<link rel=\"canonical\" href=\"https:\/\/gentedebasquet.com.ar\/sitio\/2011\/11\/10\/ya-se-palpita-la-copa-el-bosque\/\" \/>\n<meta property=\"og:locale\" content=\"es_ES\" \/>\n<meta property=\"og:type\" content=\"article\" \/>\n<meta property=\"og:title\" content=\"Ya se palpita la &quot;Copa El Bosque&quot; - Gente de B\u00e1squet\" \/>\n<meta property=\"og:description\" content=\"\u00abLa Copa El Bosque\u00bb ya tiene fecha de inicio y cuenta con todos los equipos confirmados. Hoy se sortearon los grupos que estar\u00e1n conformados por cuatro participantes cada uno. Entr\u00e1 y enterate de todas las novedades.\u00a0\" \/>\n<meta property=\"og:url\" content=\"https:\/\/gentedebasquet.com.ar\/sitio\/2011\/11\/10\/ya-se-palpita-la-copa-el-bosque\/\" \/>\n<meta property=\"og:site_name\" content=\"Gente de B\u00e1squet\" \/>\n<meta property=\"article:published_time\" content=\"2011-11-10T22:36:28+00:00\" \/>\n<meta name=\"author\" content=\"Mati Ortiz\" \/>\n<meta name=\"twitter:card\" content=\"summary_large_image\" \/>\n<meta name=\"twitter:label1\" content=\"Escrito por\" \/>\n\t<meta name=\"twitter:data1\" content=\"Mati Ortiz\" \/>\n\t<meta name=\"twitter:label2\" content=\"Tiempo de lectura\" \/>\n\t<meta name=\"twitter:data2\" content=\"1 minuto\" \/>\n<script type=\"application\/ld+json\" class=\"yoast-schema-graph\">{\"@context\":\"https:\\\/\\\/schema.org\",\"@graph\":[{\"@type\":\"Article\",\"@id\":\"https:\\\/\\\/gentedebasquet.com.ar\\\/sitio\\\/2011\\\/11\\\/10\\\/ya-se-palpita-la-copa-el-bosque\\\/#article\",\"isPartOf\":{\"@id\":\"https:\\\/\\\/gentedebasquet.com.ar\\\/sitio\\\/2011\\\/11\\\/10\\\/ya-se-palpita-la-copa-el-bosque\\\/\"},\"author\":{\"name\":\"Mati Ortiz\",\"@id\":\"https:\\\/\\\/gentedebasquet.com.ar\\\/sitio\\\/#\\\/schema\\\/person\\\/bdfda4f76826a67711ffbc5c019867b1\"},\"headline\":\"Ya se palpita la \u00abCopa El Bosque\u00bb\",\"datePublished\":\"2011-11-10T22:36:28+00:00\",\"mainEntityOfPage\":{\"@id\":\"https:\\\/\\\/gentedebasquet.com.ar\\\/sitio\\\/2011\\\/11\\\/10\\\/ya-se-palpita-la-copa-el-bosque\\\/\"},\"wordCount\":179,\"commentCount\":0,\"keywords\":[\"Barracas Central\",\"Sportivo Bahiense\"],\"articleSection\":[\"Femenino\"],\"inLanguage\":\"es\",\"potentialAction\":[{\"@type\":\"CommentAction\",\"name\":\"Comment\",\"target\":[\"https:\\\/\\\/gentedebasquet.com.ar\\\/sitio\\\/2011\\\/11\\\/10\\\/ya-se-palpita-la-copa-el-bosque\\\/#respond\"]}]},{\"@type\":\"WebPage\",\"@id\":\"https:\\\/\\\/gentedebasquet.com.ar\\\/sitio\\\/2011\\\/11\\\/10\\\/ya-se-palpita-la-copa-el-bosque\\\/\",\"url\":\"https:\\\/\\\/gentedebasquet.com.ar\\\/sitio\\\/2011\\\/11\\\/10\\\/ya-se-palpita-la-copa-el-bosque\\\/\",\"name\":\"Ya se palpita la \\\"Copa El Bosque\\\" - Gente de B\u00e1squet\",\"isPartOf\":{\"@id\":\"https:\\\/\\\/gentedebasquet.com.ar\\\/sitio\\\/#website\"},\"datePublished\":\"2011-11-10T22:36:28+00:00\",\"author\":{\"@id\":\"https:\\\/\\\/gentedebasquet.com.ar\\\/sitio\\\/#\\\/schema\\\/person\\\/bdfda4f76826a67711ffbc5c019867b1\"},\"breadcrumb\":{\"@id\":\"https:\\\/\\\/gentedebasquet.com.ar\\\/sitio\\\/2011\\\/11\\\/10\\\/ya-se-palpita-la-copa-el-bosque\\\/#breadcrumb\"},\"inLanguage\":\"es\",\"potentialAction\":[{\"@type\":\"ReadAction\",\"target\":[\"https:\\\/\\\/gentedebasquet.com.ar\\\/sitio\\\/2011\\\/11\\\/10\\\/ya-se-palpita-la-copa-el-bosque\\\/\"]}]},{\"@type\":\"BreadcrumbList\",\"@id\":\"https:\\\/\\\/gentedebasquet.com.ar\\\/sitio\\\/2011\\\/11\\\/10\\\/ya-se-palpita-la-copa-el-bosque\\\/#breadcrumb\",\"itemListElement\":[{\"@type\":\"ListItem\",\"position\":1,\"name\":\"Portada\",\"item\":\"https:\\\/\\\/gentedebasquet.com.ar\\\/sitio\\\/\"},{\"@type\":\"ListItem\",\"position\":2,\"name\":\"Ya se palpita la \u00abCopa El Bosque\u00bb\"}]},{\"@type\":\"WebSite\",\"@id\":\"https:\\\/\\\/gentedebasquet.com.ar\\\/sitio\\\/#website\",\"url\":\"https:\\\/\\\/gentedebasquet.com.ar\\\/sitio\\\/\",\"name\":\"Gente de B\u00e1squet\",\"description\":\"La revista del basquet de Bah\u00eda Blanca\",\"potentialAction\":[{\"@type\":\"SearchAction\",\"target\":{\"@type\":\"EntryPoint\",\"urlTemplate\":\"https:\\\/\\\/gentedebasquet.com.ar\\\/sitio\\\/?s={search_term_string}\"},\"query-input\":{\"@type\":\"PropertyValueSpecification\",\"valueRequired\":true,\"valueName\":\"search_term_string\"}}],\"inLanguage\":\"es\"},{\"@type\":\"Person\",\"@id\":\"https:\\\/\\\/gentedebasquet.com.ar\\\/sitio\\\/#\\\/schema\\\/person\\\/bdfda4f76826a67711ffbc5c019867b1\",\"name\":\"Mati Ortiz\",\"image\":{\"@type\":\"ImageObject\",\"inLanguage\":\"es\",\"@id\":\"https:\\\/\\\/secure.gravatar.com\\\/avatar\\\/639f103875d0262257ad455ccde7a9fdf5a890a827f0e877d951e4fb1b0906e5?s=96&d=mm&r=g\",\"url\":\"https:\\\/\\\/secure.gravatar.com\\\/avatar\\\/639f103875d0262257ad455ccde7a9fdf5a890a827f0e877d951e4fb1b0906e5?s=96&d=mm&r=g\",\"contentUrl\":\"https:\\\/\\\/secure.gravatar.com\\\/avatar\\\/639f103875d0262257ad455ccde7a9fdf5a890a827f0e877d951e4fb1b0906e5?s=96&d=mm&r=g\",\"caption\":\"Mati Ortiz\"},\"url\":\"https:\\\/\\\/gentedebasquet.com.ar\\\/sitio\\\/author\\\/mati-ortiz\\\/\"}]}<\/script>\n<!-- \/ Yoast SEO plugin. -->","yoast_head_json":{"title":"Ya se palpita la \"Copa El Bosque\" - Gente de B\u00e1squet","robots":{"index":"index","follow":"follow","max-snippet":"max-snippet:-1","max-image-preview":"max-image-preview:large","max-video-preview":"max-video-preview:-1"},"canonical":"https:\/\/gentedebasquet.com.ar\/sitio\/2011\/11\/10\/ya-se-palpita-la-copa-el-bosque\/","og_locale":"es_ES","og_type":"article","og_title":"Ya se palpita la \"Copa El Bosque\" - Gente de B\u00e1squet","og_description":"\u00abLa Copa El Bosque\u00bb ya tiene fecha de inicio y cuenta con todos los equipos confirmados. Hoy se sortearon los grupos que estar\u00e1n conformados por cuatro participantes cada uno. Entr\u00e1 y enterate de todas las novedades.\u00a0","og_url":"https:\/\/gentedebasquet.com.ar\/sitio\/2011\/11\/10\/ya-se-palpita-la-copa-el-bosque\/","og_site_name":"Gente de B\u00e1squet","article_published_time":"2011-11-10T22:36:28+00:00","author":"Mati Ortiz","twitter_card":"summary_large_image","twitter_misc":{"Escrito por":"Mati Ortiz","Tiempo de lectura":"1 minuto"},"schema":{"@context":"https:\/\/schema.org","@graph":[{"@type":"Article","@id":"https:\/\/gentedebasquet.com.ar\/sitio\/2011\/11\/10\/ya-se-palpita-la-copa-el-bosque\/#article","isPartOf":{"@id":"https:\/\/gentedebasquet.com.ar\/sitio\/2011\/11\/10\/ya-se-palpita-la-copa-el-bosque\/"},"author":{"name":"Mati Ortiz","@id":"https:\/\/gentedebasquet.com.ar\/sitio\/#\/schema\/person\/bdfda4f76826a67711ffbc5c019867b1"},"headline":"Ya se palpita la \u00abCopa El Bosque\u00bb","datePublished":"2011-11-10T22:36:28+00:00","mainEntityOfPage":{"@id":"https:\/\/gentedebasquet.com.ar\/sitio\/2011\/11\/10\/ya-se-palpita-la-copa-el-bosque\/"},"wordCount":179,"commentCount":0,"keywords":["Barracas Central","Sportivo Bahiense"],"articleSection":["Femenino"],"inLanguage":"es","potentialAction":[{"@type":"CommentAction","name":"Comment","target":["https:\/\/gentedebasquet.com.ar\/sitio\/2011\/11\/10\/ya-se-palpita-la-copa-el-bosque\/#respond"]}]},{"@type":"WebPage","@id":"https:\/\/gentedebasquet.com.ar\/sitio\/2011\/11\/10\/ya-se-palpita-la-copa-el-bosque\/","url":"https:\/\/gentedebasquet.com.ar\/sitio\/2011\/11\/10\/ya-se-palpita-la-copa-el-bosque\/","name":"Ya se palpita la \"Copa El Bosque\" - Gente de B\u00e1squet","isPartOf":{"@id":"https:\/\/gentedebasquet.com.ar\/sitio\/#website"},"datePublished":"2011-11-10T22:36:28+00:00","author":{"@id":"https:\/\/gentedebasquet.com.ar\/sitio\/#\/schema\/person\/bdfda4f76826a67711ffbc5c019867b1"},"breadcrumb":{"@id":"https:\/\/gentedebasquet.com.ar\/sitio\/2011\/11\/10\/ya-se-palpita-la-copa-el-bosque\/#breadcrumb"},"inLanguage":"es","potentialAction":[{"@type":"ReadAction","target":["https:\/\/gentedebasquet.com.ar\/sitio\/2011\/11\/10\/ya-se-palpita-la-copa-el-bosque\/"]}]},{"@type":"BreadcrumbList","@id":"https:\/\/gentedebasquet.com.ar\/sitio\/2011\/11\/10\/ya-se-palpita-la-copa-el-bosque\/#breadcrumb","itemListElement":[{"@type":"ListItem","position":1,"name":"Portada","item":"https:\/\/gentedebasquet.com.ar\/sitio\/"},{"@type":"ListItem","position":2,"name":"Ya se palpita la \u00abCopa El Bosque\u00bb"}]},{"@type":"WebSite","@id":"https:\/\/gentedebasquet.com.ar\/sitio\/#website","url":"https:\/\/gentedebasquet.com.ar\/sitio\/","name":"Gente de B\u00e1squet","description":"La revista del basquet de Bah\u00eda Blanca","potentialAction":[{"@type":"SearchAction","target":{"@type":"EntryPoint","urlTemplate":"https:\/\/gentedebasquet.com.ar\/sitio\/?s={search_term_string}"},"query-input":{"@type":"PropertyValueSpecification","valueRequired":true,"valueName":"search_term_string"}}],"inLanguage":"es"},{"@type":"Person","@id":"https:\/\/gentedebasquet.com.ar\/sitio\/#\/schema\/person\/bdfda4f76826a67711ffbc5c019867b1","name":"Mati Ortiz","image":{"@type":"ImageObject","inLanguage":"es","@id":"https:\/\/secure.gravatar.com\/avatar\/639f103875d0262257ad455ccde7a9fdf5a890a827f0e877d951e4fb1b0906e5?s=96&d=mm&r=g","url":"https:\/\/secure.gravatar.com\/avatar\/639f103875d0262257ad455ccde7a9fdf5a890a827f0e877d951e4fb1b0906e5?s=96&d=mm&r=g","contentUrl":"https:\/\/secure.gravatar.com\/avatar\/639f103875d0262257ad455ccde7a9fdf5a890a827f0e877d951e4fb1b0906e5?s=96&d=mm&r=g","caption":"Mati Ortiz"},"url":"https:\/\/gentedebasquet.com.ar\/sitio\/author\/mati-ortiz\/"}]}},"_links":{"self":[{"href":"https:\/\/gentedebasquet.com.ar\/sitio\/wp-json\/wp\/v2\/posts\/1121","targetHints":{"allow":["GET"]}}],"collection":[{"href":"https:\/\/gentedebasquet.com.ar\/sitio\/wp-json\/wp\/v2\/posts"}],"about":[{"href":"https:\/\/gentedebasquet.com.ar\/sitio\/wp-json\/wp\/v2\/types\/post"}],"author":[{"embeddable":true,"href":"https:\/\/gentedebasquet.com.ar\/sitio\/wp-json\/wp\/v2\/users\/5"}],"replies":[{"embeddable":true,"href":"https:\/\/gentedebasquet.com.ar\/sitio\/wp-json\/wp\/v2\/comments?post=1121"}],"version-history":[{"count":0,"href":"https:\/\/gentedebasquet.com.ar\/sitio\/wp-json\/wp\/v2\/posts\/1121\/revisions"}],"wp:attachment":[{"href":"https:\/\/gentedebasquet.com.ar\/sitio\/wp-json\/wp\/v2\/media?parent=1121"}],"wp:term":[{"taxonomy":"category","embeddable":true,"href":"https:\/\/gentedebasquet.com.ar\/sitio\/wp-json\/wp\/v2\/categories?post=1121"},{"taxonomy":"post_tag","embeddable":true,"href":"https:\/\/gentedebasquet.com.ar\/sitio\/wp-json\/wp\/v2\/tags?post=1121"}],"curies":[{"name":"wp","href":"https:\/\/api.w.org\/{rel}","templated":true}]}}