{"id":112540,"date":"2024-06-15T09:02:41","date_gmt":"2024-06-15T07:02:41","guid":{"rendered":"https:\/\/gentedebasquet.com.ar\/sitio\/?p=112540"},"modified":"2024-06-22T15:21:47","modified_gmt":"2024-06-22T13:21:47","slug":"alem-lo-gano-en-doble-suplementario-para-estirar-la-serie","status":"publish","type":"post","link":"https:\/\/gentedebasquet.com.ar\/sitio\/2024\/06\/15\/alem-lo-gano-en-doble-suplementario-para-estirar-la-serie\/","title":{"rendered":"Alem lo gan\u00f3 en doble suplementario para estirar la serie"},"content":{"rendered":"\r\n\r\n\r\n\r\n\r\n\r\n\r\n<p><strong>Alem gan\u00f3 un partido dif\u00edcil en doble suplementario, donde hubo muchos tiros libres en el cierre del segundo suplementario, el equipo de Mauro Polla se llev\u00f3 el encuentro por 100 a 105 y descont\u00f3 la serie 2-1.<\/strong><\/p>\r\n<p>El encuentro inici\u00f3 con ambos lados activos, Luengo comenz\u00f3 con 5 unidades. Pese a esto, Bahiense entr\u00f3 mejor. Adem\u00e1s era un inicio trabado, Alem se acomod\u00f3 en el cuarto gracias a Cort\u00e9s (2 triples). Y se pon\u00eda 10-7 en los primeros minutos del cuarto. Bahiense recuper\u00f3 un poco al final del mismo para irse 23-16 al culminar el primer segmento.<\/p>\r\n<p><br \/>El segundo cuarto, lo sigui\u00f3 teniendo enchufado al hu\u00e9sped (2+1 seguidos). El local, ten\u00eda 4-0 en foules ya en los primeros minutos del mismo, la visita plant\u00f3 una zona 2-3 que rompi\u00f3 el anfitri\u00f3n gracias a 3 triples (2 Garc\u00eda y 1 Gin\u00f3bili). Cort\u00e9s segu\u00eda agigant\u00e1ndose con 5 unidades sobre el final del cuarto. Los primeros 20 terminaron 37-44 a favor de Alem.<\/p>\r\n<p>El complemento, lo tuvo a la visita sacando la m\u00e1xima (13), adem\u00e1s el \u201c14\u201d de Alem segu\u00eda efectivo desde la l\u00ednea de 3. Bahiense tuvo un bache donde se estanc\u00f3 y no pudo convertir y ac\u00e1 lo aprovech\u00f3 mejor el visitante que segu\u00eda teniendo un cotejo redondo. Bahiense tuvo su reacci\u00f3n, Labella (1T). Un t\u00e9cnico a Franco Gin\u00f3bili no impidi\u00f3 que los de Navallo sigan yendo a buscarlo (2+1 de Labella y un triple del propio Gin\u00f3bili). El tercero culmin\u00f3 51-60 para la visita. Dem\u00e1s est\u00e1 decir que los dos planteles marcaron una zona en este cuarto (2-3 Bahiense y misma f\u00f3rmula efectu\u00f3 el visitante).<\/p>\r\n<p>El \u00faltimo cuarto tuvo de todo, idas y vueltas, imprecisiones de Alem en ciertos tramos; Una antideportiva a Labella que descompensar\u00eda al anfitri\u00f3n. Alem segu\u00eda dominando y controlando la peque\u00f1a diferencia de 9 puntos. Bahiense resurgi\u00f3 gracias a Hollender, Garcia y Lamonega (este mismo puso al frente al local). Un libre que se quej\u00f3 todo Bahiense fue convertido y empataba en 79 el encuentro. El equipo conducido por Navallo, meter\u00eda el 81-79 que parec\u00eda el marcador final, pero el pibe Cort\u00e9s se har\u00eda cargo y meter\u00eda un bombazo para empatar 81-81 y llevar el encuentro a Suplementario.<\/p>\r\n<p>En el Suplementario, fue m\u00e1s trabado que otra cosa, 14 tiros libres tirados en ambos lados. Horvath empatar\u00eda el cotejo en 90, pero Jorge Garc\u00eda pone la diferencia a una posesi\u00f3n en 92-90. Despu\u00e9s, un tiro libre de Luengo le dar\u00eda la ventaja de 3 puntos al anfitri\u00f3n (93-90). Pero Diel meter\u00eda un triple para llevarlo a otro suplementario m\u00e1s (93-93). El \u00faltimo suplementario fue un calco del primer suplementario, tiros libres y muy trabado. Alem estuvo m\u00e1s efectivo en los tiros libres para sentenciarlo a favor del conjunto de Polla.<\/p>\r\n<p><strong>Alem gan\u00f3 en el William Harding Green y gracias a su gran efectividad en los libres, adem\u00e1s el d\u00fao Diel-Cortes (entre los dos metieron 60 unidades). Hicieron que Alem descuente la serie y se ponga 2-1 en la misma. El cuarto partido ir\u00e1 el pr\u00f3ximo jueves en el Jos\u00e9 Mart\u00ednez (Villa Mitre).<\/strong><\/p>\r\n\r\n\r\n\r\n<figure class=\"wp-block-image\"><img decoding=\"async\" width=\"300\" height=\"250\" class=\"wp-image-109360\" src=\"http:\/\/gentedebasquet.com.ar\/sitio\/wp-content\/uploads\/2023\/10\/Gif-Publicidades-1.gif\" alt=\"\" \/><\/figure>\r\n\r\n\r\n<div class=\"wp-block-image\">\r\n<figure class=\"alignleft\"><img decoding=\"async\" width=\"1024\" height=\"1024\" class=\"wp-image-112537\" src=\"https:\/\/gentedebasquet.com.ar\/sitio\/wp-content\/uploads\/2024\/06\/9e36d5ec-59da-4288-a5e1-9d6dfc07379b-1-1024x1024.jpg\" alt=\"\" srcset=\"https:\/\/gentedebasquet.com.ar\/sitio\/wp-content\/uploads\/2024\/06\/9e36d5ec-59da-4288-a5e1-9d6dfc07379b-1-1024x1024.jpg 1024w, https:\/\/gentedebasquet.com.ar\/sitio\/wp-content\/uploads\/2024\/06\/9e36d5ec-59da-4288-a5e1-9d6dfc07379b-1-300x300.jpg 300w, https:\/\/gentedebasquet.com.ar\/sitio\/wp-content\/uploads\/2024\/06\/9e36d5ec-59da-4288-a5e1-9d6dfc07379b-1-150x150.jpg 150w, https:\/\/gentedebasquet.com.ar\/sitio\/wp-content\/uploads\/2024\/06\/9e36d5ec-59da-4288-a5e1-9d6dfc07379b-1-768x768.jpg 768w, https:\/\/gentedebasquet.com.ar\/sitio\/wp-content\/uploads\/2024\/06\/9e36d5ec-59da-4288-a5e1-9d6dfc07379b-1-1536x1536.jpg 1536w, https:\/\/gentedebasquet.com.ar\/sitio\/wp-content\/uploads\/2024\/06\/9e36d5ec-59da-4288-a5e1-9d6dfc07379b-1-75x75.jpg 75w, https:\/\/gentedebasquet.com.ar\/sitio\/wp-content\/uploads\/2024\/06\/9e36d5ec-59da-4288-a5e1-9d6dfc07379b-1-350x350.jpg 350w, https:\/\/gentedebasquet.com.ar\/sitio\/wp-content\/uploads\/2024\/06\/9e36d5ec-59da-4288-a5e1-9d6dfc07379b-1-750x750.jpg 750w, https:\/\/gentedebasquet.com.ar\/sitio\/wp-content\/uploads\/2024\/06\/9e36d5ec-59da-4288-a5e1-9d6dfc07379b-1-1140x1140.jpg 1140w, https:\/\/gentedebasquet.com.ar\/sitio\/wp-content\/uploads\/2024\/06\/9e36d5ec-59da-4288-a5e1-9d6dfc07379b-1.jpg 1600w\" sizes=\"(max-width: 1024px) 100vw, 1024px\" \/><\/figure>\r\n<\/div>\r\n\r\n\r\n<figure class=\"wp-block-image\"><img decoding=\"async\" width=\"300\" height=\"250\" class=\"wp-image-112461\" src=\"http:\/\/gentedebasquet.com.ar\/sitio\/wp-content\/uploads\/2024\/06\/gif2.gif\" alt=\"\" \/><\/figure>\r\n\r\n\r\n\r\n<figure class=\"wp-block-image\"><img decoding=\"async\" width=\"768\" height=\"1024\" class=\"wp-image-112538\" src=\"https:\/\/gentedebasquet.com.ar\/sitio\/wp-content\/uploads\/2024\/06\/img_6483-1-768x1024.jpg\" alt=\"\" srcset=\"https:\/\/gentedebasquet.com.ar\/sitio\/wp-content\/uploads\/2024\/06\/img_6483-1-768x1024.jpg 768w, https:\/\/gentedebasquet.com.ar\/sitio\/wp-content\/uploads\/2024\/06\/img_6483-1-225x300.jpg 225w, https:\/\/gentedebasquet.com.ar\/sitio\/wp-content\/uploads\/2024\/06\/img_6483-1-1152x1536.jpg 1152w, https:\/\/gentedebasquet.com.ar\/sitio\/wp-content\/uploads\/2024\/06\/img_6483-1-750x1000.jpg 750w, https:\/\/gentedebasquet.com.ar\/sitio\/wp-content\/uploads\/2024\/06\/img_6483-1-1140x1520.jpg 1140w, https:\/\/gentedebasquet.com.ar\/sitio\/wp-content\/uploads\/2024\/06\/img_6483-1.jpg 1500w\" sizes=\"(max-width: 768px) 100vw, 768px\" \/><\/figure>\r\n<blockquote class=\"wp-block-quote is-layout-flow wp-block-quote-is-layout-flow\">\r\n<p>\u00abFue un partido hermoso, sab\u00edamos que ten\u00edamos que ganar y ahora a pensar en el pr\u00f3ximo. Lo ganamos en defensa, con actitud, hay que seguir trabajando, tenemos que seguir por este camino\u00bb\u00a0<strong>Valent\u00edn Cort\u00e9s.<\/strong><\/p>\r\n<\/blockquote>\r\n<p><!-- \/wp:post-content -->\r\n\r\n<!-- wp:paragraph --><\/p>\r\n<p>&nbsp;<\/p>\r\n<!-- \/wp:paragraph -->\r\n\r\n<!-- wp:image {\"id\":112539} -->\r\n<figure class=\"wp-block-image\"><img decoding=\"async\" width=\"1024\" height=\"1024\" class=\"wp-image-112539\" src=\"https:\/\/gentedebasquet.com.ar\/sitio\/wp-content\/uploads\/2024\/06\/a289dfaa-710f-49b6-ba47-68d6e83c5756-1-1024x1024.jpg\" alt=\"\" srcset=\"https:\/\/gentedebasquet.com.ar\/sitio\/wp-content\/uploads\/2024\/06\/a289dfaa-710f-49b6-ba47-68d6e83c5756-1-1024x1024.jpg 1024w, https:\/\/gentedebasquet.com.ar\/sitio\/wp-content\/uploads\/2024\/06\/a289dfaa-710f-49b6-ba47-68d6e83c5756-1-300x300.jpg 300w, https:\/\/gentedebasquet.com.ar\/sitio\/wp-content\/uploads\/2024\/06\/a289dfaa-710f-49b6-ba47-68d6e83c5756-1-150x150.jpg 150w, https:\/\/gentedebasquet.com.ar\/sitio\/wp-content\/uploads\/2024\/06\/a289dfaa-710f-49b6-ba47-68d6e83c5756-1-768x768.jpg 768w, https:\/\/gentedebasquet.com.ar\/sitio\/wp-content\/uploads\/2024\/06\/a289dfaa-710f-49b6-ba47-68d6e83c5756-1-1536x1536.jpg 1536w, https:\/\/gentedebasquet.com.ar\/sitio\/wp-content\/uploads\/2024\/06\/a289dfaa-710f-49b6-ba47-68d6e83c5756-1-75x75.jpg 75w, https:\/\/gentedebasquet.com.ar\/sitio\/wp-content\/uploads\/2024\/06\/a289dfaa-710f-49b6-ba47-68d6e83c5756-1-350x350.jpg 350w, https:\/\/gentedebasquet.com.ar\/sitio\/wp-content\/uploads\/2024\/06\/a289dfaa-710f-49b6-ba47-68d6e83c5756-1-750x750.jpg 750w, https:\/\/gentedebasquet.com.ar\/sitio\/wp-content\/uploads\/2024\/06\/a289dfaa-710f-49b6-ba47-68d6e83c5756-1-1140x1140.jpg 1140w, https:\/\/gentedebasquet.com.ar\/sitio\/wp-content\/uploads\/2024\/06\/a289dfaa-710f-49b6-ba47-68d6e83c5756-1.jpg 1600w\" sizes=\"(max-width: 1024px) 100vw, 1024px\" \/><\/figure>\r\n<!-- \/wp:image -->\r\n\r\n<!-- wp:image {\"id\":109913} -->\r\n<figure class=\"wp-block-image\"><img decoding=\"async\" width=\"300\" height=\"250\" class=\"wp-image-109913\" src=\"http:\/\/gentedebasquet.com.ar\/sitio\/wp-content\/uploads\/2023\/11\/Gif-Publicidades-3-1.gif\" alt=\"\" \/><\/figure>\r\n<!-- \/wp:image -->\r\n\r\n<!-- wp:paragraph -->\r\n<figure class=\"wp-block-embed is-type-rich is-provider-gestor-del-servicio wp-block-embed-gestor-del-servicio\">\r\n<div class=\"wp-block-embed__wrapper\">\u00a0<\/div>\r\n<\/figure>\r\n<!-- \/wp:paragraph -->\r\n\r\n<!-- wp:quote {\"className\":\"wp-block-quote is-layout-flow wp-block-quote-is-layout-flow\"} -->\r\n<blockquote class=\"wp-block-quote is-layout-flow wp-block-quote-is-layout-flow\"><!-- wp:paragraph --><\/blockquote>\r\n<p><strong>S\u00edntesis \u2013 Primera \u2013 Semifinales \u2013 Juego 3<\/strong><\/p>\r\n<!-- \/wp:paragraph -->\r\n\r\n<!-- wp:paragraph -->\r\n<p><strong>Bahiense del Norte 100:\u00a0<\/strong>Leonardo La Bella (34), Eddie Roberson (0), Juan Pedro Hollender (11), Sebasti\u00e1n Luengo (16), Pedro Santiago(2) (FI); Marcos Fern\u00e1ndez (0), Augusto Lamonega (6), Jorge Garc\u00eda (26), Franco Gin\u00f3bili (5), Augusto C\u00e1rdenas (0).\u00a0<strong>DT: Alejandro Navallo.<\/strong><\/p>\r\n<!-- \/wp:paragraph -->\r\n\r\n<!-- wp:paragraph -->\r\n<p><strong>Alem 105:<\/strong>\u00a0Juli\u00e1n Horvath (9), Alan Gonz\u00e1lez (8), Lautaro Cavero (10), Valent\u00edn Cort\u00e9s (26), Marcos Diel (34) (FI); Pedro Palacio (6), Mat\u00edas Ponzoni (4), Walter Gigena (8).\u00a0<strong>DT: Mauro Polla<\/strong>.<\/p>\r\n<!-- \/wp:paragraph -->\r\n\r\n<!-- wp:paragraph -->\r\n<p><strong>Parciales:\u00a0<\/strong>23-16, 37-44, (14-28), 59-66 (22-22), 81-81 (22-15), 93-93 (12-12), 100-105 (12-7).<\/p>\r\n<!-- \/wp:paragraph -->\r\n\r\n<!-- wp:paragraph -->\r\n<p><strong>\u00c1rbitros:<\/strong>\u00a0Marjorie Stuardo \u2013 Eduardo Ferreyra \u2013 Lucas Andr\u00e9s<\/p>\r\n<!-- \/wp:paragraph -->\r\n\r\n<!-- wp:paragraph -->\r\n<p><strong>Estadio:\u00a0<\/strong>William Harding Green (Pac\u00edfico)<\/p>\r\n<!-- \/wp:paragraph -->\r\n\r\n<!-- wp:paragraph -->\r\n<p><strong>Serie:\u00a0<\/strong>Bahiense del Norte 2-1<\/p>\r\n<!-- \/wp:paragraph -->\r\n\r\n<!-- wp:paragraph \/-->\r\n\r\n<!-- wp:paragraph \/-->\r\n\r\n<!-- wp:paragraph \/-->\r\n\r\n<!-- wp:paragraph \/-->\r\n\r\n<!-- wp:paragraph \/-->\r\n\r\n<!-- wp:paragraph \/-->","protected":false},"excerpt":{"rendered":"<p>Alem gan\u00f3 un partido dif\u00edcil en doble suplementario, donde hubo muchos tiros libres en el cierre del segundo suplementario, el equipo de Mauro Polla se llev\u00f3 el encuentro por 100 a 105 y descont\u00f3 la serie 2-1. El encuentro inici\u00f3 con ambos lados activos, Luengo comenz\u00f3 con 5 unidades. Pese a esto, Bahiense entr\u00f3 mejor. [&hellip;]<\/p>\n","protected":false},"author":82,"featured_media":112544,"comment_status":"closed","ping_status":"open","sticky":false,"template":"","format":"standard","meta":{"jnews-multi-image_gallery":[],"jnews_single_post":{"source_name":"","source_url":"","via_name":"","via_url":"","override_template":"0","override":[{"template":"1","single_blog_custom":"","parallax":"1","fullscreen":"1","layout":"right-sidebar","sidebar":"default-sidebar","second_sidebar":"default-sidebar","sticky_sidebar":"1","share_position":"top","share_float_style":"share-monocrhome","show_share_counter":"0","show_view_counter":"0","show_featured":"1","show_post_meta":"1","show_post_author":"1","show_post_author_image":"1","show_post_date":"1","post_date_format":"default","post_date_format_custom":"Y\/m\/d","show_post_category":"1","show_post_reading_time":"0","post_reading_time_wpm":"300","show_zoom_button":"0","zoom_button_out_step":"2","zoom_button_in_step":"3","show_post_tag":"1","show_prev_next_post":"1","show_popup_post":"1","number_popup_post":"1","show_author_box":"0","show_post_related":"0","show_inline_post_related":"0"}],"override_image_size":"0","image_override":[{"single_post_thumbnail_size":"crop-500","single_post_gallery_size":"crop-500"}],"trending_post":"0","trending_post_position":"meta","trending_post_label":"Trending","sponsored_post":"0","sponsored_post_label":"Sponsored by","sponsored_post_name":"","sponsored_post_url":"","sponsored_post_logo_enable":"0","sponsored_post_logo":"","sponsored_post_desc":"","disable_ad":"0"},"jnews_primary_category":{"id":"","hide":""},"footnotes":""},"categories":[23,101],"tags":[3,612,1169,508,1883],"class_list":["post-112540","post","type-post","status-publish","format-standard","has-post-thumbnail","hentry","category-primera","category-slide","tag-alem","tag-leandro-n-alem","tag-primera","tag-primera-division","tag-valentin-cortes"],"yoast_head":"<!-- This site is optimized with the Yoast SEO plugin v27.5 - https:\/\/yoast.com\/product\/yoast-seo-wordpress\/ -->\n<title>Alem lo gan\u00f3 en doble suplementario para estirar la serie - Gente de B\u00e1squet<\/title>\n<meta name=\"robots\" content=\"index, follow, max-snippet:-1, max-image-preview:large, max-video-preview:-1\" \/>\n<link rel=\"canonical\" href=\"https:\/\/gentedebasquet.com.ar\/sitio\/2024\/06\/15\/alem-lo-gano-en-doble-suplementario-para-estirar-la-serie\/\" \/>\n<meta property=\"og:locale\" content=\"es_ES\" \/>\n<meta property=\"og:type\" content=\"article\" \/>\n<meta property=\"og:title\" content=\"Alem lo gan\u00f3 en doble suplementario para estirar la serie - Gente de B\u00e1squet\" \/>\n<meta property=\"og:description\" content=\"Alem gan\u00f3 un partido dif\u00edcil en doble suplementario, donde hubo muchos tiros libres en el cierre del segundo suplementario, el equipo de Mauro Polla se llev\u00f3 el encuentro por 100 a 105 y descont\u00f3 la serie 2-1. El encuentro inici\u00f3 con ambos lados activos, Luengo comenz\u00f3 con 5 unidades. Pese a esto, Bahiense entr\u00f3 mejor. [&hellip;]\" \/>\n<meta property=\"og:url\" content=\"https:\/\/gentedebasquet.com.ar\/sitio\/2024\/06\/15\/alem-lo-gano-en-doble-suplementario-para-estirar-la-serie\/\" \/>\n<meta property=\"og:site_name\" content=\"Gente de B\u00e1squet\" \/>\n<meta property=\"article:published_time\" content=\"2024-06-15T07:02:41+00:00\" \/>\n<meta property=\"article:modified_time\" content=\"2024-06-22T13:21:47+00:00\" \/>\n<meta property=\"og:image\" content=\"https:\/\/gentedebasquet.com.ar\/sitio\/wp-content\/uploads\/2024\/06\/img_6460-1.jpg\" \/>\n\t<meta property=\"og:image:width\" content=\"2000\" \/>\n\t<meta property=\"og:image:height\" content=\"1125\" \/>\n\t<meta property=\"og:image:type\" content=\"image\/jpeg\" \/>\n<meta name=\"author\" content=\"Manuel Lacerenza\" \/>\n<meta name=\"twitter:card\" content=\"summary_large_image\" \/>\n<meta name=\"twitter:label1\" content=\"Escrito por\" \/>\n\t<meta name=\"twitter:data1\" content=\"Manuel Lacerenza\" \/>\n\t<meta name=\"twitter:label2\" content=\"Tiempo de lectura\" \/>\n\t<meta name=\"twitter:data2\" content=\"5 minutos\" \/>\n<script type=\"application\/ld+json\" class=\"yoast-schema-graph\">{\"@context\":\"https:\\\/\\\/schema.org\",\"@graph\":[{\"@type\":\"Article\",\"@id\":\"https:\\\/\\\/gentedebasquet.com.ar\\\/sitio\\\/2024\\\/06\\\/15\\\/alem-lo-gano-en-doble-suplementario-para-estirar-la-serie\\\/#article\",\"isPartOf\":{\"@id\":\"https:\\\/\\\/gentedebasquet.com.ar\\\/sitio\\\/2024\\\/06\\\/15\\\/alem-lo-gano-en-doble-suplementario-para-estirar-la-serie\\\/\"},\"author\":{\"name\":\"Manuel Lacerenza\",\"@id\":\"https:\\\/\\\/gentedebasquet.com.ar\\\/sitio\\\/#\\\/schema\\\/person\\\/643357fb6a37b5549c9cfe9f339c9f1b\"},\"headline\":\"Alem lo gan\u00f3 en doble suplementario para estirar la serie\",\"datePublished\":\"2024-06-15T07:02:41+00:00\",\"dateModified\":\"2024-06-22T13:21:47+00:00\",\"mainEntityOfPage\":{\"@id\":\"https:\\\/\\\/gentedebasquet.com.ar\\\/sitio\\\/2024\\\/06\\\/15\\\/alem-lo-gano-en-doble-suplementario-para-estirar-la-serie\\\/\"},\"wordCount\":677,\"image\":{\"@id\":\"https:\\\/\\\/gentedebasquet.com.ar\\\/sitio\\\/2024\\\/06\\\/15\\\/alem-lo-gano-en-doble-suplementario-para-estirar-la-serie\\\/#primaryimage\"},\"thumbnailUrl\":\"https:\\\/\\\/gentedebasquet.com.ar\\\/sitio\\\/wp-content\\\/uploads\\\/2024\\\/06\\\/img_6460-1.jpg\",\"keywords\":[\"Alem\",\"Leandro N. Alem\",\"Primera\",\"Primera Divisi\u00f3n\",\"Valent\u00edn Cort\u00e9s\"],\"articleSection\":[\"Primera\",\"Slide\"],\"inLanguage\":\"es\"},{\"@type\":\"WebPage\",\"@id\":\"https:\\\/\\\/gentedebasquet.com.ar\\\/sitio\\\/2024\\\/06\\\/15\\\/alem-lo-gano-en-doble-suplementario-para-estirar-la-serie\\\/\",\"url\":\"https:\\\/\\\/gentedebasquet.com.ar\\\/sitio\\\/2024\\\/06\\\/15\\\/alem-lo-gano-en-doble-suplementario-para-estirar-la-serie\\\/\",\"name\":\"Alem lo gan\u00f3 en doble suplementario para estirar la serie - Gente de B\u00e1squet\",\"isPartOf\":{\"@id\":\"https:\\\/\\\/gentedebasquet.com.ar\\\/sitio\\\/#website\"},\"primaryImageOfPage\":{\"@id\":\"https:\\\/\\\/gentedebasquet.com.ar\\\/sitio\\\/2024\\\/06\\\/15\\\/alem-lo-gano-en-doble-suplementario-para-estirar-la-serie\\\/#primaryimage\"},\"image\":{\"@id\":\"https:\\\/\\\/gentedebasquet.com.ar\\\/sitio\\\/2024\\\/06\\\/15\\\/alem-lo-gano-en-doble-suplementario-para-estirar-la-serie\\\/#primaryimage\"},\"thumbnailUrl\":\"https:\\\/\\\/gentedebasquet.com.ar\\\/sitio\\\/wp-content\\\/uploads\\\/2024\\\/06\\\/img_6460-1.jpg\",\"datePublished\":\"2024-06-15T07:02:41+00:00\",\"dateModified\":\"2024-06-22T13:21:47+00:00\",\"author\":{\"@id\":\"https:\\\/\\\/gentedebasquet.com.ar\\\/sitio\\\/#\\\/schema\\\/person\\\/643357fb6a37b5549c9cfe9f339c9f1b\"},\"breadcrumb\":{\"@id\":\"https:\\\/\\\/gentedebasquet.com.ar\\\/sitio\\\/2024\\\/06\\\/15\\\/alem-lo-gano-en-doble-suplementario-para-estirar-la-serie\\\/#breadcrumb\"},\"inLanguage\":\"es\",\"potentialAction\":[{\"@type\":\"ReadAction\",\"target\":[\"https:\\\/\\\/gentedebasquet.com.ar\\\/sitio\\\/2024\\\/06\\\/15\\\/alem-lo-gano-en-doble-suplementario-para-estirar-la-serie\\\/\"]}]},{\"@type\":\"ImageObject\",\"inLanguage\":\"es\",\"@id\":\"https:\\\/\\\/gentedebasquet.com.ar\\\/sitio\\\/2024\\\/06\\\/15\\\/alem-lo-gano-en-doble-suplementario-para-estirar-la-serie\\\/#primaryimage\",\"url\":\"https:\\\/\\\/gentedebasquet.com.ar\\\/sitio\\\/wp-content\\\/uploads\\\/2024\\\/06\\\/img_6460-1.jpg\",\"contentUrl\":\"https:\\\/\\\/gentedebasquet.com.ar\\\/sitio\\\/wp-content\\\/uploads\\\/2024\\\/06\\\/img_6460-1.jpg\",\"width\":2000,\"height\":1125},{\"@type\":\"BreadcrumbList\",\"@id\":\"https:\\\/\\\/gentedebasquet.com.ar\\\/sitio\\\/2024\\\/06\\\/15\\\/alem-lo-gano-en-doble-suplementario-para-estirar-la-serie\\\/#breadcrumb\",\"itemListElement\":[{\"@type\":\"ListItem\",\"position\":1,\"name\":\"Portada\",\"item\":\"https:\\\/\\\/gentedebasquet.com.ar\\\/sitio\\\/\"},{\"@type\":\"ListItem\",\"position\":2,\"name\":\"Alem lo gan\u00f3 en doble suplementario para estirar la serie\"}]},{\"@type\":\"WebSite\",\"@id\":\"https:\\\/\\\/gentedebasquet.com.ar\\\/sitio\\\/#website\",\"url\":\"https:\\\/\\\/gentedebasquet.com.ar\\\/sitio\\\/\",\"name\":\"Gente de B\u00e1squet\",\"description\":\"La revista del basquet de Bah\u00eda Blanca\",\"potentialAction\":[{\"@type\":\"SearchAction\",\"target\":{\"@type\":\"EntryPoint\",\"urlTemplate\":\"https:\\\/\\\/gentedebasquet.com.ar\\\/sitio\\\/?s={search_term_string}\"},\"query-input\":{\"@type\":\"PropertyValueSpecification\",\"valueRequired\":true,\"valueName\":\"search_term_string\"}}],\"inLanguage\":\"es\"},{\"@type\":\"Person\",\"@id\":\"https:\\\/\\\/gentedebasquet.com.ar\\\/sitio\\\/#\\\/schema\\\/person\\\/643357fb6a37b5549c9cfe9f339c9f1b\",\"name\":\"Manuel Lacerenza\",\"image\":{\"@type\":\"ImageObject\",\"inLanguage\":\"es\",\"@id\":\"https:\\\/\\\/secure.gravatar.com\\\/avatar\\\/6a427d587bd181ca8afd828e8cf364f233c5cbe5b8a1332b92ea42687ad97845?s=96&d=mm&r=g\",\"url\":\"https:\\\/\\\/secure.gravatar.com\\\/avatar\\\/6a427d587bd181ca8afd828e8cf364f233c5cbe5b8a1332b92ea42687ad97845?s=96&d=mm&r=g\",\"contentUrl\":\"https:\\\/\\\/secure.gravatar.com\\\/avatar\\\/6a427d587bd181ca8afd828e8cf364f233c5cbe5b8a1332b92ea42687ad97845?s=96&d=mm&r=g\",\"caption\":\"Manuel Lacerenza\"},\"url\":\"https:\\\/\\\/gentedebasquet.com.ar\\\/sitio\\\/author\\\/manuel\\\/\"}]}<\/script>\n<!-- \/ Yoast SEO plugin. -->","yoast_head_json":{"title":"Alem lo gan\u00f3 en doble suplementario para estirar la serie - Gente de B\u00e1squet","robots":{"index":"index","follow":"follow","max-snippet":"max-snippet:-1","max-image-preview":"max-image-preview:large","max-video-preview":"max-video-preview:-1"},"canonical":"https:\/\/gentedebasquet.com.ar\/sitio\/2024\/06\/15\/alem-lo-gano-en-doble-suplementario-para-estirar-la-serie\/","og_locale":"es_ES","og_type":"article","og_title":"Alem lo gan\u00f3 en doble suplementario para estirar la serie - Gente de B\u00e1squet","og_description":"Alem gan\u00f3 un partido dif\u00edcil en doble suplementario, donde hubo muchos tiros libres en el cierre del segundo suplementario, el equipo de Mauro Polla se llev\u00f3 el encuentro por 100 a 105 y descont\u00f3 la serie 2-1. El encuentro inici\u00f3 con ambos lados activos, Luengo comenz\u00f3 con 5 unidades. Pese a esto, Bahiense entr\u00f3 mejor. [&hellip;]","og_url":"https:\/\/gentedebasquet.com.ar\/sitio\/2024\/06\/15\/alem-lo-gano-en-doble-suplementario-para-estirar-la-serie\/","og_site_name":"Gente de B\u00e1squet","article_published_time":"2024-06-15T07:02:41+00:00","article_modified_time":"2024-06-22T13:21:47+00:00","og_image":[{"width":2000,"height":1125,"url":"https:\/\/gentedebasquet.com.ar\/sitio\/wp-content\/uploads\/2024\/06\/img_6460-1.jpg","type":"image\/jpeg"}],"author":"Manuel Lacerenza","twitter_card":"summary_large_image","twitter_misc":{"Escrito por":"Manuel Lacerenza","Tiempo de lectura":"5 minutos"},"schema":{"@context":"https:\/\/schema.org","@graph":[{"@type":"Article","@id":"https:\/\/gentedebasquet.com.ar\/sitio\/2024\/06\/15\/alem-lo-gano-en-doble-suplementario-para-estirar-la-serie\/#article","isPartOf":{"@id":"https:\/\/gentedebasquet.com.ar\/sitio\/2024\/06\/15\/alem-lo-gano-en-doble-suplementario-para-estirar-la-serie\/"},"author":{"name":"Manuel Lacerenza","@id":"https:\/\/gentedebasquet.com.ar\/sitio\/#\/schema\/person\/643357fb6a37b5549c9cfe9f339c9f1b"},"headline":"Alem lo gan\u00f3 en doble suplementario para estirar la serie","datePublished":"2024-06-15T07:02:41+00:00","dateModified":"2024-06-22T13:21:47+00:00","mainEntityOfPage":{"@id":"https:\/\/gentedebasquet.com.ar\/sitio\/2024\/06\/15\/alem-lo-gano-en-doble-suplementario-para-estirar-la-serie\/"},"wordCount":677,"image":{"@id":"https:\/\/gentedebasquet.com.ar\/sitio\/2024\/06\/15\/alem-lo-gano-en-doble-suplementario-para-estirar-la-serie\/#primaryimage"},"thumbnailUrl":"https:\/\/gentedebasquet.com.ar\/sitio\/wp-content\/uploads\/2024\/06\/img_6460-1.jpg","keywords":["Alem","Leandro N. Alem","Primera","Primera Divisi\u00f3n","Valent\u00edn Cort\u00e9s"],"articleSection":["Primera","Slide"],"inLanguage":"es"},{"@type":"WebPage","@id":"https:\/\/gentedebasquet.com.ar\/sitio\/2024\/06\/15\/alem-lo-gano-en-doble-suplementario-para-estirar-la-serie\/","url":"https:\/\/gentedebasquet.com.ar\/sitio\/2024\/06\/15\/alem-lo-gano-en-doble-suplementario-para-estirar-la-serie\/","name":"Alem lo gan\u00f3 en doble suplementario para estirar la serie - Gente de B\u00e1squet","isPartOf":{"@id":"https:\/\/gentedebasquet.com.ar\/sitio\/#website"},"primaryImageOfPage":{"@id":"https:\/\/gentedebasquet.com.ar\/sitio\/2024\/06\/15\/alem-lo-gano-en-doble-suplementario-para-estirar-la-serie\/#primaryimage"},"image":{"@id":"https:\/\/gentedebasquet.com.ar\/sitio\/2024\/06\/15\/alem-lo-gano-en-doble-suplementario-para-estirar-la-serie\/#primaryimage"},"thumbnailUrl":"https:\/\/gentedebasquet.com.ar\/sitio\/wp-content\/uploads\/2024\/06\/img_6460-1.jpg","datePublished":"2024-06-15T07:02:41+00:00","dateModified":"2024-06-22T13:21:47+00:00","author":{"@id":"https:\/\/gentedebasquet.com.ar\/sitio\/#\/schema\/person\/643357fb6a37b5549c9cfe9f339c9f1b"},"breadcrumb":{"@id":"https:\/\/gentedebasquet.com.ar\/sitio\/2024\/06\/15\/alem-lo-gano-en-doble-suplementario-para-estirar-la-serie\/#breadcrumb"},"inLanguage":"es","potentialAction":[{"@type":"ReadAction","target":["https:\/\/gentedebasquet.com.ar\/sitio\/2024\/06\/15\/alem-lo-gano-en-doble-suplementario-para-estirar-la-serie\/"]}]},{"@type":"ImageObject","inLanguage":"es","@id":"https:\/\/gentedebasquet.com.ar\/sitio\/2024\/06\/15\/alem-lo-gano-en-doble-suplementario-para-estirar-la-serie\/#primaryimage","url":"https:\/\/gentedebasquet.com.ar\/sitio\/wp-content\/uploads\/2024\/06\/img_6460-1.jpg","contentUrl":"https:\/\/gentedebasquet.com.ar\/sitio\/wp-content\/uploads\/2024\/06\/img_6460-1.jpg","width":2000,"height":1125},{"@type":"BreadcrumbList","@id":"https:\/\/gentedebasquet.com.ar\/sitio\/2024\/06\/15\/alem-lo-gano-en-doble-suplementario-para-estirar-la-serie\/#breadcrumb","itemListElement":[{"@type":"ListItem","position":1,"name":"Portada","item":"https:\/\/gentedebasquet.com.ar\/sitio\/"},{"@type":"ListItem","position":2,"name":"Alem lo gan\u00f3 en doble suplementario para estirar la serie"}]},{"@type":"WebSite","@id":"https:\/\/gentedebasquet.com.ar\/sitio\/#website","url":"https:\/\/gentedebasquet.com.ar\/sitio\/","name":"Gente de B\u00e1squet","description":"La revista del basquet de Bah\u00eda Blanca","potentialAction":[{"@type":"SearchAction","target":{"@type":"EntryPoint","urlTemplate":"https:\/\/gentedebasquet.com.ar\/sitio\/?s={search_term_string}"},"query-input":{"@type":"PropertyValueSpecification","valueRequired":true,"valueName":"search_term_string"}}],"inLanguage":"es"},{"@type":"Person","@id":"https:\/\/gentedebasquet.com.ar\/sitio\/#\/schema\/person\/643357fb6a37b5549c9cfe9f339c9f1b","name":"Manuel Lacerenza","image":{"@type":"ImageObject","inLanguage":"es","@id":"https:\/\/secure.gravatar.com\/avatar\/6a427d587bd181ca8afd828e8cf364f233c5cbe5b8a1332b92ea42687ad97845?s=96&d=mm&r=g","url":"https:\/\/secure.gravatar.com\/avatar\/6a427d587bd181ca8afd828e8cf364f233c5cbe5b8a1332b92ea42687ad97845?s=96&d=mm&r=g","contentUrl":"https:\/\/secure.gravatar.com\/avatar\/6a427d587bd181ca8afd828e8cf364f233c5cbe5b8a1332b92ea42687ad97845?s=96&d=mm&r=g","caption":"Manuel Lacerenza"},"url":"https:\/\/gentedebasquet.com.ar\/sitio\/author\/manuel\/"}]}},"_links":{"self":[{"href":"https:\/\/gentedebasquet.com.ar\/sitio\/wp-json\/wp\/v2\/posts\/112540","targetHints":{"allow":["GET"]}}],"collection":[{"href":"https:\/\/gentedebasquet.com.ar\/sitio\/wp-json\/wp\/v2\/posts"}],"about":[{"href":"https:\/\/gentedebasquet.com.ar\/sitio\/wp-json\/wp\/v2\/types\/post"}],"author":[{"embeddable":true,"href":"https:\/\/gentedebasquet.com.ar\/sitio\/wp-json\/wp\/v2\/users\/82"}],"replies":[{"embeddable":true,"href":"https:\/\/gentedebasquet.com.ar\/sitio\/wp-json\/wp\/v2\/comments?post=112540"}],"version-history":[{"count":29,"href":"https:\/\/gentedebasquet.com.ar\/sitio\/wp-json\/wp\/v2\/posts\/112540\/revisions"}],"predecessor-version":[{"id":112652,"href":"https:\/\/gentedebasquet.com.ar\/sitio\/wp-json\/wp\/v2\/posts\/112540\/revisions\/112652"}],"wp:featuredmedia":[{"embeddable":true,"href":"https:\/\/gentedebasquet.com.ar\/sitio\/wp-json\/wp\/v2\/media\/112544"}],"wp:attachment":[{"href":"https:\/\/gentedebasquet.com.ar\/sitio\/wp-json\/wp\/v2\/media?parent=112540"}],"wp:term":[{"taxonomy":"category","embeddable":true,"href":"https:\/\/gentedebasquet.com.ar\/sitio\/wp-json\/wp\/v2\/categories?post=112540"},{"taxonomy":"post_tag","embeddable":true,"href":"https:\/\/gentedebasquet.com.ar\/sitio\/wp-json\/wp\/v2\/tags?post=112540"}],"curies":[{"name":"wp","href":"https:\/\/api.w.org\/{rel}","templated":true}]}}