{"id":112585,"date":"2024-06-19T06:33:24","date_gmt":"2024-06-19T04:33:24","guid":{"rendered":"https:\/\/gentedebasquet.com.ar\/sitio\/?p=112585"},"modified":"2024-06-19T06:33:24","modified_gmt":"2024-06-19T04:33:24","slug":"el-finalista-se-define-en-un-quinto","status":"publish","type":"post","link":"https:\/\/gentedebasquet.com.ar\/sitio\/2024\/06\/19\/el-finalista-se-define-en-un-quinto\/","title":{"rendered":"El finalista se define en un quinto"},"content":{"rendered":"<p><strong>Alem empat\u00f3 la serie de semifinales sobre el cierre. Fue victoria 74-73 ante Bahiense del Norte, en el Jos\u00e9 Mart\u00ednez, con la figura excluyente de Juli\u00e1n Horvath, de parejo rendimiento durante todo el partido, y encargado de anotar los tiros libres del triunfo.<\/strong><\/p>\n<p>Una vez m\u00e1s se vivi\u00f3 un duelo de alta paridad entre tricolores y verdirrojos.<strong> El primer tiempo lo cerr\u00f3 con ventaja de +5 Bahiense<\/strong>, gracias a la capacidad goleadora de Juan Pedro Hollender (13), que tambi\u00e9n hab\u00eda sido el destacado en ese mismo estadio en el juego 2. Fue bueno el primer cuarto de Luengo, con 7 puntos, y el segundo de Jorge Garc\u00eda, que anot\u00f3 6. En los comandados por Polla, <strong>Horvath (14) fue el referente<\/strong>, y Diel (10) sum\u00f3 para llegar al doble d\u00edgito.<\/p>\n<p>Luego del descanso largo, <strong>los de Navallo supieron mantener la distancia y llegaron cinco arriba a los \u00faltimos diez minutos.<\/strong> El tercer segmento fue el de menor goleo para los dos (14-14), Leo La Bella (4) lo mejor de Bahiense, y Cort\u00e9s (4) en Alem.<\/p>\n<p>El \u00faltimo cuarto fue de alto vuelo. Alem pas\u00f3 al frente (55-54) a falta de 6m para el final, desde all\u00ed <strong>el l\u00edder en el marcador cambi\u00f3 en \u00a110! ocasiones.<\/strong> <strong>Valent\u00edn Cort\u00e9s tuvo un imperial cierre<\/strong>, con 11 puntos, y 8\/8 en TL, y Diel se consagr\u00f3 como goleador, con 21 unidades. <strong>Jorge Garc\u00eda le dio esperanza a los de Navallo<\/strong>, con 10 puntos, incluidos dos triples. En los instantes decisivos, Bahiense estaba en ventaja 68-71, luego de dos libres de Garc\u00eda, a falta de 44s. <strong>Un doble de Horvath y un triple de Gigena<\/strong> que enloqueci\u00f3 al Jos\u00e9 Mart\u00ednez, le devolvieron el liderazgo a Alem. Pedro Santiago fue a la l\u00ednea y anot\u00f3 2\/2 para que el \u00abtricolor\u00bb se ilusionara con el pasaje a la final. Con 10s por jugar,<strong> Horvath corri\u00f3 la cancha<\/strong> y encontr\u00f3 un callej\u00f3n por el centro, donde fue cortado con falta por Hollender, <strong>en el envi\u00f3n cay\u00f3 sobre la rodilla de Sebasti\u00e1n Luengo<\/strong>, que debi\u00f3 ser retirado con claras muestras de una severa lesi\u00f3n. <strong>Horvath mantuvo la calma,<\/strong> incluso pidiendo la repetici\u00f3n de la entrega del bal\u00f3n en el segundo tiro, y <strong>anot\u00f3 ambas chances para establecer el 74-73 final.<\/strong> Lamonega tuvo 4s para correr la cancha e intentar un triple al que llegaron tres hombres de Alem a tapar.<\/p>\n<p><strong>Con el tiempo consumado, se desat\u00f3 la alegr\u00eda verdirroja en cancha de Villa Mitre, con un Alem que cumpli\u00f3 el primer objetivo que se propuso una semana atr\u00e1s: ganar dos juegos, igualar la serie y llevar la definici\u00f3n a un quinto el pr\u00f3ximo jueves en Pac\u00edfico.<\/strong><\/p>\n<p><img decoding=\"async\" class=\"alignnone size-full wp-image-109360\" src=\"http:\/\/gentedebasquet.com.ar\/sitio\/wp-content\/uploads\/2023\/10\/Gif-Publicidades-1.gif\" alt=\"\" width=\"300\" height=\"250\" \/><\/p>\n<div class=\"jeg_video_container jeg_video_content\"><iframe loading=\"lazy\" title=\"#Primera - Playoffs - Semifinales - Juego 4 (+5): Leandro N. Alem (2) 74 - 73 (2) Bahiense del Norte\" width=\"500\" height=\"281\" src=\"https:\/\/www.youtube.com\/embed\/u0GEL1tZorA?feature=oembed\" frameborder=\"0\" allow=\"accelerometer; autoplay; clipboard-write; encrypted-media; gyroscope; picture-in-picture; web-share\" referrerpolicy=\"strict-origin-when-cross-origin\" allowfullscreen><\/iframe><\/div>\n<p><img decoding=\"async\" class=\"alignnone size-medium wp-image-112587\" src=\"http:\/\/gentedebasquet.com.ar\/sitio\/wp-content\/uploads\/2024\/06\/CLAVE-alem-bdn-1-300x300.png\" alt=\"\" width=\"300\" height=\"300\" srcset=\"https:\/\/gentedebasquet.com.ar\/sitio\/wp-content\/uploads\/2024\/06\/CLAVE-alem-bdn-1-300x300.png 300w, https:\/\/gentedebasquet.com.ar\/sitio\/wp-content\/uploads\/2024\/06\/CLAVE-alem-bdn-1-1024x1024.png 1024w, https:\/\/gentedebasquet.com.ar\/sitio\/wp-content\/uploads\/2024\/06\/CLAVE-alem-bdn-1-150x150.png 150w, https:\/\/gentedebasquet.com.ar\/sitio\/wp-content\/uploads\/2024\/06\/CLAVE-alem-bdn-1-768x768.png 768w, https:\/\/gentedebasquet.com.ar\/sitio\/wp-content\/uploads\/2024\/06\/CLAVE-alem-bdn-1-1536x1536.png 1536w, https:\/\/gentedebasquet.com.ar\/sitio\/wp-content\/uploads\/2024\/06\/CLAVE-alem-bdn-1-75x75.png 75w, https:\/\/gentedebasquet.com.ar\/sitio\/wp-content\/uploads\/2024\/06\/CLAVE-alem-bdn-1-350x350.png 350w, https:\/\/gentedebasquet.com.ar\/sitio\/wp-content\/uploads\/2024\/06\/CLAVE-alem-bdn-1-750x750.png 750w, https:\/\/gentedebasquet.com.ar\/sitio\/wp-content\/uploads\/2024\/06\/CLAVE-alem-bdn-1-1140x1140.png 1140w, https:\/\/gentedebasquet.com.ar\/sitio\/wp-content\/uploads\/2024\/06\/CLAVE-alem-bdn-1.png 2000w\" sizes=\"(max-width: 300px) 100vw, 300px\" \/><\/p>\n<p><img decoding=\"async\" class=\"alignnone wp-image-112461 size-full\" src=\"http:\/\/gentedebasquet.com.ar\/sitio\/wp-content\/uploads\/2024\/06\/gif2.gif\" alt=\"\" width=\"300\" height=\"250\" \/><\/p>\n<p><img decoding=\"async\" class=\"alignnone wp-image-112589 size-full\" src=\"http:\/\/gentedebasquet.com.ar\/sitio\/wp-content\/uploads\/2024\/06\/figura-julian-horvath-alem.jpg\" alt=\"\" width=\"640\" height=\"480\" srcset=\"https:\/\/gentedebasquet.com.ar\/sitio\/wp-content\/uploads\/2024\/06\/figura-julian-horvath-alem.jpg 640w, https:\/\/gentedebasquet.com.ar\/sitio\/wp-content\/uploads\/2024\/06\/figura-julian-horvath-alem-300x225.jpg 300w\" sizes=\"(max-width: 640px) 100vw, 640px\" \/><\/p>\n<blockquote><p>\u00abSab\u00edamos que ganando un partido nos \u00edbamos a liberar y a empezar a mostrar nuestro juego, por momentos pudimos y en otros no, pero nunca nos rendimos. Cambiamos la actitud y las ganas de correr, eso a Bahiense le cuesta con tantos grandes, adelante nos prestamos m\u00e1s la pelota y eso nos dio r\u00e9ditos. El quinto es un partido aparte, hay que disfrutarlo, ahora ellos tienen la presi\u00f3n. Hoy estuve concentrado desde el minuto cero, eso me ayud\u00f3 en el final para sacar el fuego interior y meter los libres.\u00bb <strong>Juli\u00e1n Horvath, Alem.<\/strong><\/p><\/blockquote>\n<p><img decoding=\"async\" class=\"alignnone size-medium wp-image-112588\" src=\"http:\/\/gentedebasquet.com.ar\/sitio\/wp-content\/uploads\/2024\/06\/MVP-horvath-300x300.png\" alt=\"\" width=\"300\" height=\"300\" srcset=\"https:\/\/gentedebasquet.com.ar\/sitio\/wp-content\/uploads\/2024\/06\/MVP-horvath-300x300.png 300w, https:\/\/gentedebasquet.com.ar\/sitio\/wp-content\/uploads\/2024\/06\/MVP-horvath-1024x1024.png 1024w, https:\/\/gentedebasquet.com.ar\/sitio\/wp-content\/uploads\/2024\/06\/MVP-horvath-150x150.png 150w, https:\/\/gentedebasquet.com.ar\/sitio\/wp-content\/uploads\/2024\/06\/MVP-horvath-768x768.png 768w, https:\/\/gentedebasquet.com.ar\/sitio\/wp-content\/uploads\/2024\/06\/MVP-horvath-1536x1536.png 1536w, https:\/\/gentedebasquet.com.ar\/sitio\/wp-content\/uploads\/2024\/06\/MVP-horvath-75x75.png 75w, https:\/\/gentedebasquet.com.ar\/sitio\/wp-content\/uploads\/2024\/06\/MVP-horvath-350x350.png 350w, https:\/\/gentedebasquet.com.ar\/sitio\/wp-content\/uploads\/2024\/06\/MVP-horvath-750x750.png 750w, https:\/\/gentedebasquet.com.ar\/sitio\/wp-content\/uploads\/2024\/06\/MVP-horvath-1140x1140.png 1140w, https:\/\/gentedebasquet.com.ar\/sitio\/wp-content\/uploads\/2024\/06\/MVP-horvath.png 2000w\" sizes=\"(max-width: 300px) 100vw, 300px\" \/><\/p>\n<p><img decoding=\"async\" class=\"alignnone size-full wp-image-109913\" src=\"http:\/\/gentedebasquet.com.ar\/sitio\/wp-content\/uploads\/2023\/11\/Gif-Publicidades-3-1.gif\" alt=\"\" width=\"300\" height=\"250\" \/><\/p>\n<p><strong>S\u00edntesis \u2013 Primera \u2013 Playoffs &#8211; Semifinales &#8211; Juego 4<\/strong><\/p>\n<p><strong>Leandro N. Alem 74:<\/strong> Juli\u00e1n Horvath 19, Lautaro Cavero 9, Valent\u00edn Cort\u00e9s 15, Marcos Diel 21, Alan Gonz\u00e1lez 2 <strong>(FI);<\/strong> Joaqu\u00edn Jasen, Ulises Martorell, Nahuel Amaya, Walter Gigena 7, Pedro Palacio 0, Mat\u00edas Ponzoni 1, Lucas Delgado 0. <strong>DT: Mauro Polla.<\/strong><\/p>\n<p><strong>Bahiense del Norte 73:<\/strong> Leonardo La Bella 8, Sebasti\u00e1n Luengo 9, Pedro Santiago 10, Eddie Roberson 3, Juan Pedro Hollender 17 <strong>(FI);<\/strong> Augusto Lamonega 9, Tob\u00edas Rodr\u00edguez, Augusto C\u00e1rdenas 0, Juli\u00e1n Lambertucci, Franco Gin\u00f3bili 0 (x), Jorge Garc\u00eda 17, Marcos Fern\u00e1ndez. <strong>DT: Alejandro Navallo.<\/strong><\/p>\n<p><strong>Parciales:\u00a0<\/strong>16-19, 33-38 (17-19), 47-52 (14-14), 74-73 (27-21)<\/p>\n<p><strong>\u00c1rbitros:<\/strong> Sebasti\u00e1n Arcas &#8211; N\u00e9stor Schernenco &#8211; Mariano Enrique<\/p>\n<p><strong>Estadio: <\/strong>Jos\u00e9 Mart\u00ednez\u00a0(Villa Mitre)<\/p>\n<p><strong>Serie: <\/strong>2-2<\/p>\n<p><img decoding=\"async\" class=\"alignnone size-full wp-image-109914\" src=\"http:\/\/gentedebasquet.com.ar\/sitio\/wp-content\/uploads\/2023\/11\/Gif-Publicidades-4-1-1.gif\" alt=\"\" width=\"300\" height=\"250\" \/><\/p>\n<p><img decoding=\"async\" class=\"alignnone wp-image-112590 size-full\" src=\"http:\/\/gentedebasquet.com.ar\/sitio\/wp-content\/uploads\/2024\/06\/secundaria-alem-bdn.jpg\" alt=\"\" width=\"640\" height=\"480\" srcset=\"https:\/\/gentedebasquet.com.ar\/sitio\/wp-content\/uploads\/2024\/06\/secundaria-alem-bdn.jpg 640w, https:\/\/gentedebasquet.com.ar\/sitio\/wp-content\/uploads\/2024\/06\/secundaria-alem-bdn-300x225.jpg 300w\" sizes=\"(max-width: 640px) 100vw, 640px\" \/><\/p>\n","protected":false},"excerpt":{"rendered":"<p>Alem empat\u00f3 la serie de semifinales sobre el cierre. Fue victoria 74-73 ante Bahiense del Norte, en el Jos\u00e9 Mart\u00ednez, con la figura excluyente de Juli\u00e1n Horvath, de parejo rendimiento durante todo el partido, y encargado de anotar los tiros libres del triunfo. Una vez m\u00e1s se vivi\u00f3 un duelo de alta paridad entre tricolores [&hellip;]<\/p>\n","protected":false},"author":71,"featured_media":112591,"comment_status":"open","ping_status":"open","sticky":false,"template":"","format":"standard","meta":{"jnews-multi-image_gallery":[],"jnews_single_post":{"source_name":"","source_url":"","via_name":"","via_url":"","override_template":"0","override":[{"template":"1","single_blog_custom":"","parallax":"1","fullscreen":"1","layout":"right-sidebar","sidebar":"default-sidebar","second_sidebar":"default-sidebar","sticky_sidebar":"1","share_position":"top","share_float_style":"share-monocrhome","show_share_counter":"0","show_view_counter":"0","show_featured":"1","show_post_meta":"1","show_post_author":"1","show_post_author_image":"1","show_post_date":"1","post_date_format":"default","post_date_format_custom":"Y\/m\/d","show_post_category":"1","show_post_reading_time":"0","post_reading_time_wpm":"300","show_zoom_button":"0","zoom_button_out_step":"2","zoom_button_in_step":"3","show_post_tag":"1","show_prev_next_post":"1","show_popup_post":"1","number_popup_post":"1","show_author_box":"0","show_post_related":"0","show_inline_post_related":"0"}],"override_image_size":"0","image_override":[{"single_post_thumbnail_size":"crop-500","single_post_gallery_size":"crop-500"}],"trending_post":"0","trending_post_position":"meta","trending_post_label":"Trending","sponsored_post":"0","sponsored_post_label":"Sponsored by","sponsored_post_name":"","sponsored_post_url":"","sponsored_post_logo_enable":"0","sponsored_post_logo":"","sponsored_post_desc":"","disable_ad":"0"},"jnews_primary_category":{"id":"","hide":""},"footnotes":""},"categories":[23,101],"tags":[3,287,5,600,612,1169,508],"class_list":["post-112585","post","type-post","status-publish","format-standard","has-post-thumbnail","hentry","category-primera","category-slide","tag-alem","tag-bahiense","tag-bahiense-del-norte","tag-julian-horvath","tag-leandro-n-alem","tag-primera","tag-primera-division"],"yoast_head":"<!-- This site is optimized with the Yoast SEO plugin v27.5 - https:\/\/yoast.com\/product\/yoast-seo-wordpress\/ -->\n<title>El finalista se define en un quinto - Gente de B\u00e1squet<\/title>\n<meta name=\"robots\" content=\"index, follow, max-snippet:-1, max-image-preview:large, max-video-preview:-1\" \/>\n<link rel=\"canonical\" href=\"https:\/\/gentedebasquet.com.ar\/sitio\/2024\/06\/19\/el-finalista-se-define-en-un-quinto\/\" \/>\n<meta property=\"og:locale\" content=\"es_ES\" \/>\n<meta property=\"og:type\" content=\"article\" \/>\n<meta property=\"og:title\" content=\"El finalista se define en un quinto - Gente de B\u00e1squet\" \/>\n<meta property=\"og:description\" content=\"Alem empat\u00f3 la serie de semifinales sobre el cierre. Fue victoria 74-73 ante Bahiense del Norte, en el Jos\u00e9 Mart\u00ednez, con la figura excluyente de Juli\u00e1n Horvath, de parejo rendimiento durante todo el partido, y encargado de anotar los tiros libres del triunfo. Una vez m\u00e1s se vivi\u00f3 un duelo de alta paridad entre tricolores [&hellip;]\" \/>\n<meta property=\"og:url\" content=\"https:\/\/gentedebasquet.com.ar\/sitio\/2024\/06\/19\/el-finalista-se-define-en-un-quinto\/\" \/>\n<meta property=\"og:site_name\" content=\"Gente de B\u00e1squet\" \/>\n<meta property=\"article:published_time\" content=\"2024-06-19T04:33:24+00:00\" \/>\n<meta property=\"og:image\" content=\"https:\/\/gentedebasquet.com.ar\/sitio\/wp-content\/uploads\/2024\/06\/destacada-alem-bdn-2.jpg\" \/>\n\t<meta property=\"og:image:width\" content=\"690\" \/>\n\t<meta property=\"og:image:height\" content=\"319\" \/>\n\t<meta property=\"og:image:type\" content=\"image\/jpeg\" \/>\n<meta name=\"author\" content=\"Santiago Seisdedos\" \/>\n<meta name=\"twitter:card\" content=\"summary_large_image\" \/>\n<meta name=\"twitter:label1\" content=\"Escrito por\" \/>\n\t<meta name=\"twitter:data1\" content=\"Santiago Seisdedos\" \/>\n\t<meta name=\"twitter:label2\" content=\"Tiempo de lectura\" \/>\n\t<meta name=\"twitter:data2\" content=\"5 minutos\" \/>\n<script type=\"application\/ld+json\" class=\"yoast-schema-graph\">{\"@context\":\"https:\\\/\\\/schema.org\",\"@graph\":[{\"@type\":\"Article\",\"@id\":\"https:\\\/\\\/gentedebasquet.com.ar\\\/sitio\\\/2024\\\/06\\\/19\\\/el-finalista-se-define-en-un-quinto\\\/#article\",\"isPartOf\":{\"@id\":\"https:\\\/\\\/gentedebasquet.com.ar\\\/sitio\\\/2024\\\/06\\\/19\\\/el-finalista-se-define-en-un-quinto\\\/\"},\"author\":{\"name\":\"Santiago Seisdedos\",\"@id\":\"https:\\\/\\\/gentedebasquet.com.ar\\\/sitio\\\/#\\\/schema\\\/person\\\/3b50d7c801b9529aba70bd4613bca6da\"},\"headline\":\"El finalista se define en un quinto\",\"datePublished\":\"2024-06-19T04:33:24+00:00\",\"mainEntityOfPage\":{\"@id\":\"https:\\\/\\\/gentedebasquet.com.ar\\\/sitio\\\/2024\\\/06\\\/19\\\/el-finalista-se-define-en-un-quinto\\\/\"},\"wordCount\":672,\"commentCount\":0,\"image\":{\"@id\":\"https:\\\/\\\/gentedebasquet.com.ar\\\/sitio\\\/2024\\\/06\\\/19\\\/el-finalista-se-define-en-un-quinto\\\/#primaryimage\"},\"thumbnailUrl\":\"https:\\\/\\\/gentedebasquet.com.ar\\\/sitio\\\/wp-content\\\/uploads\\\/2024\\\/06\\\/destacada-alem-bdn-2.jpg\",\"keywords\":[\"Alem\",\"Bahiense\",\"Bahiense Del Norte\",\"Juli\u00e1n Horvath\",\"Leandro N. Alem\",\"Primera\",\"Primera Divisi\u00f3n\"],\"articleSection\":[\"Primera\",\"Slide\"],\"inLanguage\":\"es\",\"potentialAction\":[{\"@type\":\"CommentAction\",\"name\":\"Comment\",\"target\":[\"https:\\\/\\\/gentedebasquet.com.ar\\\/sitio\\\/2024\\\/06\\\/19\\\/el-finalista-se-define-en-un-quinto\\\/#respond\"]}]},{\"@type\":\"WebPage\",\"@id\":\"https:\\\/\\\/gentedebasquet.com.ar\\\/sitio\\\/2024\\\/06\\\/19\\\/el-finalista-se-define-en-un-quinto\\\/\",\"url\":\"https:\\\/\\\/gentedebasquet.com.ar\\\/sitio\\\/2024\\\/06\\\/19\\\/el-finalista-se-define-en-un-quinto\\\/\",\"name\":\"El finalista se define en un quinto - Gente de B\u00e1squet\",\"isPartOf\":{\"@id\":\"https:\\\/\\\/gentedebasquet.com.ar\\\/sitio\\\/#website\"},\"primaryImageOfPage\":{\"@id\":\"https:\\\/\\\/gentedebasquet.com.ar\\\/sitio\\\/2024\\\/06\\\/19\\\/el-finalista-se-define-en-un-quinto\\\/#primaryimage\"},\"image\":{\"@id\":\"https:\\\/\\\/gentedebasquet.com.ar\\\/sitio\\\/2024\\\/06\\\/19\\\/el-finalista-se-define-en-un-quinto\\\/#primaryimage\"},\"thumbnailUrl\":\"https:\\\/\\\/gentedebasquet.com.ar\\\/sitio\\\/wp-content\\\/uploads\\\/2024\\\/06\\\/destacada-alem-bdn-2.jpg\",\"datePublished\":\"2024-06-19T04:33:24+00:00\",\"author\":{\"@id\":\"https:\\\/\\\/gentedebasquet.com.ar\\\/sitio\\\/#\\\/schema\\\/person\\\/3b50d7c801b9529aba70bd4613bca6da\"},\"breadcrumb\":{\"@id\":\"https:\\\/\\\/gentedebasquet.com.ar\\\/sitio\\\/2024\\\/06\\\/19\\\/el-finalista-se-define-en-un-quinto\\\/#breadcrumb\"},\"inLanguage\":\"es\",\"potentialAction\":[{\"@type\":\"ReadAction\",\"target\":[\"https:\\\/\\\/gentedebasquet.com.ar\\\/sitio\\\/2024\\\/06\\\/19\\\/el-finalista-se-define-en-un-quinto\\\/\"]}]},{\"@type\":\"ImageObject\",\"inLanguage\":\"es\",\"@id\":\"https:\\\/\\\/gentedebasquet.com.ar\\\/sitio\\\/2024\\\/06\\\/19\\\/el-finalista-se-define-en-un-quinto\\\/#primaryimage\",\"url\":\"https:\\\/\\\/gentedebasquet.com.ar\\\/sitio\\\/wp-content\\\/uploads\\\/2024\\\/06\\\/destacada-alem-bdn-2.jpg\",\"contentUrl\":\"https:\\\/\\\/gentedebasquet.com.ar\\\/sitio\\\/wp-content\\\/uploads\\\/2024\\\/06\\\/destacada-alem-bdn-2.jpg\",\"width\":690,\"height\":319},{\"@type\":\"BreadcrumbList\",\"@id\":\"https:\\\/\\\/gentedebasquet.com.ar\\\/sitio\\\/2024\\\/06\\\/19\\\/el-finalista-se-define-en-un-quinto\\\/#breadcrumb\",\"itemListElement\":[{\"@type\":\"ListItem\",\"position\":1,\"name\":\"Portada\",\"item\":\"https:\\\/\\\/gentedebasquet.com.ar\\\/sitio\\\/\"},{\"@type\":\"ListItem\",\"position\":2,\"name\":\"El finalista se define en un quinto\"}]},{\"@type\":\"WebSite\",\"@id\":\"https:\\\/\\\/gentedebasquet.com.ar\\\/sitio\\\/#website\",\"url\":\"https:\\\/\\\/gentedebasquet.com.ar\\\/sitio\\\/\",\"name\":\"Gente de B\u00e1squet\",\"description\":\"La revista del basquet de Bah\u00eda Blanca\",\"potentialAction\":[{\"@type\":\"SearchAction\",\"target\":{\"@type\":\"EntryPoint\",\"urlTemplate\":\"https:\\\/\\\/gentedebasquet.com.ar\\\/sitio\\\/?s={search_term_string}\"},\"query-input\":{\"@type\":\"PropertyValueSpecification\",\"valueRequired\":true,\"valueName\":\"search_term_string\"}}],\"inLanguage\":\"es\"},{\"@type\":\"Person\",\"@id\":\"https:\\\/\\\/gentedebasquet.com.ar\\\/sitio\\\/#\\\/schema\\\/person\\\/3b50d7c801b9529aba70bd4613bca6da\",\"name\":\"Santiago Seisdedos\",\"image\":{\"@type\":\"ImageObject\",\"inLanguage\":\"es\",\"@id\":\"https:\\\/\\\/secure.gravatar.com\\\/avatar\\\/be737e74404eb3825c4679da7a152b3c6980b470f7253114cd451344e20a8d80?s=96&d=mm&r=g\",\"url\":\"https:\\\/\\\/secure.gravatar.com\\\/avatar\\\/be737e74404eb3825c4679da7a152b3c6980b470f7253114cd451344e20a8d80?s=96&d=mm&r=g\",\"contentUrl\":\"https:\\\/\\\/secure.gravatar.com\\\/avatar\\\/be737e74404eb3825c4679da7a152b3c6980b470f7253114cd451344e20a8d80?s=96&d=mm&r=g\",\"caption\":\"Santiago Seisdedos\"},\"url\":\"https:\\\/\\\/gentedebasquet.com.ar\\\/sitio\\\/author\\\/santiago-sesidedos\\\/\"}]}<\/script>\n<!-- \/ Yoast SEO plugin. -->","yoast_head_json":{"title":"El finalista se define en un quinto - Gente de B\u00e1squet","robots":{"index":"index","follow":"follow","max-snippet":"max-snippet:-1","max-image-preview":"max-image-preview:large","max-video-preview":"max-video-preview:-1"},"canonical":"https:\/\/gentedebasquet.com.ar\/sitio\/2024\/06\/19\/el-finalista-se-define-en-un-quinto\/","og_locale":"es_ES","og_type":"article","og_title":"El finalista se define en un quinto - Gente de B\u00e1squet","og_description":"Alem empat\u00f3 la serie de semifinales sobre el cierre. Fue victoria 74-73 ante Bahiense del Norte, en el Jos\u00e9 Mart\u00ednez, con la figura excluyente de Juli\u00e1n Horvath, de parejo rendimiento durante todo el partido, y encargado de anotar los tiros libres del triunfo. Una vez m\u00e1s se vivi\u00f3 un duelo de alta paridad entre tricolores [&hellip;]","og_url":"https:\/\/gentedebasquet.com.ar\/sitio\/2024\/06\/19\/el-finalista-se-define-en-un-quinto\/","og_site_name":"Gente de B\u00e1squet","article_published_time":"2024-06-19T04:33:24+00:00","og_image":[{"width":690,"height":319,"url":"https:\/\/gentedebasquet.com.ar\/sitio\/wp-content\/uploads\/2024\/06\/destacada-alem-bdn-2.jpg","type":"image\/jpeg"}],"author":"Santiago Seisdedos","twitter_card":"summary_large_image","twitter_misc":{"Escrito por":"Santiago Seisdedos","Tiempo de lectura":"5 minutos"},"schema":{"@context":"https:\/\/schema.org","@graph":[{"@type":"Article","@id":"https:\/\/gentedebasquet.com.ar\/sitio\/2024\/06\/19\/el-finalista-se-define-en-un-quinto\/#article","isPartOf":{"@id":"https:\/\/gentedebasquet.com.ar\/sitio\/2024\/06\/19\/el-finalista-se-define-en-un-quinto\/"},"author":{"name":"Santiago Seisdedos","@id":"https:\/\/gentedebasquet.com.ar\/sitio\/#\/schema\/person\/3b50d7c801b9529aba70bd4613bca6da"},"headline":"El finalista se define en un quinto","datePublished":"2024-06-19T04:33:24+00:00","mainEntityOfPage":{"@id":"https:\/\/gentedebasquet.com.ar\/sitio\/2024\/06\/19\/el-finalista-se-define-en-un-quinto\/"},"wordCount":672,"commentCount":0,"image":{"@id":"https:\/\/gentedebasquet.com.ar\/sitio\/2024\/06\/19\/el-finalista-se-define-en-un-quinto\/#primaryimage"},"thumbnailUrl":"https:\/\/gentedebasquet.com.ar\/sitio\/wp-content\/uploads\/2024\/06\/destacada-alem-bdn-2.jpg","keywords":["Alem","Bahiense","Bahiense Del Norte","Juli\u00e1n Horvath","Leandro N. Alem","Primera","Primera Divisi\u00f3n"],"articleSection":["Primera","Slide"],"inLanguage":"es","potentialAction":[{"@type":"CommentAction","name":"Comment","target":["https:\/\/gentedebasquet.com.ar\/sitio\/2024\/06\/19\/el-finalista-se-define-en-un-quinto\/#respond"]}]},{"@type":"WebPage","@id":"https:\/\/gentedebasquet.com.ar\/sitio\/2024\/06\/19\/el-finalista-se-define-en-un-quinto\/","url":"https:\/\/gentedebasquet.com.ar\/sitio\/2024\/06\/19\/el-finalista-se-define-en-un-quinto\/","name":"El finalista se define en un quinto - Gente de B\u00e1squet","isPartOf":{"@id":"https:\/\/gentedebasquet.com.ar\/sitio\/#website"},"primaryImageOfPage":{"@id":"https:\/\/gentedebasquet.com.ar\/sitio\/2024\/06\/19\/el-finalista-se-define-en-un-quinto\/#primaryimage"},"image":{"@id":"https:\/\/gentedebasquet.com.ar\/sitio\/2024\/06\/19\/el-finalista-se-define-en-un-quinto\/#primaryimage"},"thumbnailUrl":"https:\/\/gentedebasquet.com.ar\/sitio\/wp-content\/uploads\/2024\/06\/destacada-alem-bdn-2.jpg","datePublished":"2024-06-19T04:33:24+00:00","author":{"@id":"https:\/\/gentedebasquet.com.ar\/sitio\/#\/schema\/person\/3b50d7c801b9529aba70bd4613bca6da"},"breadcrumb":{"@id":"https:\/\/gentedebasquet.com.ar\/sitio\/2024\/06\/19\/el-finalista-se-define-en-un-quinto\/#breadcrumb"},"inLanguage":"es","potentialAction":[{"@type":"ReadAction","target":["https:\/\/gentedebasquet.com.ar\/sitio\/2024\/06\/19\/el-finalista-se-define-en-un-quinto\/"]}]},{"@type":"ImageObject","inLanguage":"es","@id":"https:\/\/gentedebasquet.com.ar\/sitio\/2024\/06\/19\/el-finalista-se-define-en-un-quinto\/#primaryimage","url":"https:\/\/gentedebasquet.com.ar\/sitio\/wp-content\/uploads\/2024\/06\/destacada-alem-bdn-2.jpg","contentUrl":"https:\/\/gentedebasquet.com.ar\/sitio\/wp-content\/uploads\/2024\/06\/destacada-alem-bdn-2.jpg","width":690,"height":319},{"@type":"BreadcrumbList","@id":"https:\/\/gentedebasquet.com.ar\/sitio\/2024\/06\/19\/el-finalista-se-define-en-un-quinto\/#breadcrumb","itemListElement":[{"@type":"ListItem","position":1,"name":"Portada","item":"https:\/\/gentedebasquet.com.ar\/sitio\/"},{"@type":"ListItem","position":2,"name":"El finalista se define en un quinto"}]},{"@type":"WebSite","@id":"https:\/\/gentedebasquet.com.ar\/sitio\/#website","url":"https:\/\/gentedebasquet.com.ar\/sitio\/","name":"Gente de B\u00e1squet","description":"La revista del basquet de Bah\u00eda Blanca","potentialAction":[{"@type":"SearchAction","target":{"@type":"EntryPoint","urlTemplate":"https:\/\/gentedebasquet.com.ar\/sitio\/?s={search_term_string}"},"query-input":{"@type":"PropertyValueSpecification","valueRequired":true,"valueName":"search_term_string"}}],"inLanguage":"es"},{"@type":"Person","@id":"https:\/\/gentedebasquet.com.ar\/sitio\/#\/schema\/person\/3b50d7c801b9529aba70bd4613bca6da","name":"Santiago Seisdedos","image":{"@type":"ImageObject","inLanguage":"es","@id":"https:\/\/secure.gravatar.com\/avatar\/be737e74404eb3825c4679da7a152b3c6980b470f7253114cd451344e20a8d80?s=96&d=mm&r=g","url":"https:\/\/secure.gravatar.com\/avatar\/be737e74404eb3825c4679da7a152b3c6980b470f7253114cd451344e20a8d80?s=96&d=mm&r=g","contentUrl":"https:\/\/secure.gravatar.com\/avatar\/be737e74404eb3825c4679da7a152b3c6980b470f7253114cd451344e20a8d80?s=96&d=mm&r=g","caption":"Santiago Seisdedos"},"url":"https:\/\/gentedebasquet.com.ar\/sitio\/author\/santiago-sesidedos\/"}]}},"_links":{"self":[{"href":"https:\/\/gentedebasquet.com.ar\/sitio\/wp-json\/wp\/v2\/posts\/112585","targetHints":{"allow":["GET"]}}],"collection":[{"href":"https:\/\/gentedebasquet.com.ar\/sitio\/wp-json\/wp\/v2\/posts"}],"about":[{"href":"https:\/\/gentedebasquet.com.ar\/sitio\/wp-json\/wp\/v2\/types\/post"}],"author":[{"embeddable":true,"href":"https:\/\/gentedebasquet.com.ar\/sitio\/wp-json\/wp\/v2\/users\/71"}],"replies":[{"embeddable":true,"href":"https:\/\/gentedebasquet.com.ar\/sitio\/wp-json\/wp\/v2\/comments?post=112585"}],"version-history":[{"count":3,"href":"https:\/\/gentedebasquet.com.ar\/sitio\/wp-json\/wp\/v2\/posts\/112585\/revisions"}],"predecessor-version":[{"id":112600,"href":"https:\/\/gentedebasquet.com.ar\/sitio\/wp-json\/wp\/v2\/posts\/112585\/revisions\/112600"}],"wp:featuredmedia":[{"embeddable":true,"href":"https:\/\/gentedebasquet.com.ar\/sitio\/wp-json\/wp\/v2\/media\/112591"}],"wp:attachment":[{"href":"https:\/\/gentedebasquet.com.ar\/sitio\/wp-json\/wp\/v2\/media?parent=112585"}],"wp:term":[{"taxonomy":"category","embeddable":true,"href":"https:\/\/gentedebasquet.com.ar\/sitio\/wp-json\/wp\/v2\/categories?post=112585"},{"taxonomy":"post_tag","embeddable":true,"href":"https:\/\/gentedebasquet.com.ar\/sitio\/wp-json\/wp\/v2\/tags?post=112585"}],"curies":[{"name":"wp","href":"https:\/\/api.w.org\/{rel}","templated":true}]}}