{"id":112996,"date":"2024-08-14T00:57:22","date_gmt":"2024-08-13T22:57:22","guid":{"rendered":"https:\/\/gentedebasquet.com.ar\/sitio\/?p=112996"},"modified":"2024-08-14T00:57:22","modified_gmt":"2024-08-13T22:57:22","slug":"bruno-sacomani-el-mejor-alero-de-segunda","status":"publish","type":"post","link":"https:\/\/gentedebasquet.com.ar\/sitio\/2024\/08\/14\/bruno-sacomani-el-mejor-alero-de-segunda\/","title":{"rendered":"Bruno Sacomani, el mejor alero de Segunda"},"content":{"rendered":"<p>Pasaron las tradicionales votaciones donde nuestra gente de b\u00e1squet eligi\u00f3 a los mejores jugadores de la temporada 2023\/2024 en los torneos locales.<\/p>\n<p>Bruno Sacomani fue elegido como el mejor alero de la temporada en Segunda.<\/p>\n<p><img decoding=\"async\" class=\"alignnone size-full wp-image-109360\" src=\"http:\/\/gentedebasquet.com.ar\/sitio\/wp-content\/uploads\/2023\/10\/Gif-Publicidades-1.gif\" alt=\"\" width=\"300\" height=\"250\" data-pin-no-hover=\"true\" \/><\/p>\n<p>\u00abEl balance fue positivo, <em><strong>el primer objetivo era estar dentro de los tres primeros<\/strong><\/em> y lo logramos. <em><strong>Quer\u00edamos llegar a la final,<\/strong><\/em> pero perdimos con el campe\u00f3n, tuvimos muchas lesiones sobre el final.\u00bb, <strong>sostuvo Bruno sobre la temporada de Altense.<\/strong><\/p>\n<p><img decoding=\"async\" class=\"alignnone wp-image-112461 size-full\" src=\"http:\/\/gentedebasquet.com.ar\/sitio\/wp-content\/uploads\/2024\/06\/gif2.gif\" alt=\"\" width=\"300\" height=\"250\" data-pin-no-hover=\"true\" \/><\/p>\n<p>\u00ab<em><strong>La serie con San Lorenzo se nos complic\u00f3<\/strong><\/em>, es un equipo importante de Primera que hace a\u00f1os que juegan juntos.\u00bb, <strong>agreg\u00f3 Sacomani.<\/strong><\/p>\n<p><img decoding=\"async\" class=\"alignnone size-full wp-image-109913\" src=\"http:\/\/gentedebasquet.com.ar\/sitio\/wp-content\/uploads\/2023\/11\/Gif-Publicidades-3-1.gif\" alt=\"\" width=\"300\" height=\"250\" data-pin-no-hover=\"true\" \/><\/p>\n<p><strong>S<\/strong><strong>obre el campeonato que se viene.<\/strong>\u00abEs un torneo corto en el que puede pasar cualquier cosa, <em><strong>El Nacional y Pueyrred\u00f3n se armaron como nosotros para ascender<\/strong><\/em>, y van a estar los de siempre: Independiente, Argentino, que van a ser protagonistas.\u00bb<\/p>\n<p><img decoding=\"async\" class=\"alignnone size-full wp-image-109914\" src=\"http:\/\/gentedebasquet.com.ar\/sitio\/wp-content\/uploads\/2023\/11\/Gif-Publicidades-4-1-1.gif\" alt=\"\" width=\"300\" height=\"250\" data-pin-no-hover=\"true\" \/><\/p>\n<p><strong>Con respecto a la elecci\u00f3n de los mejores en su puesto:<\/strong> \u00abEn lo individual estoy muy contento,<em><strong> siempre es bueno recibir este tipo de mimos<\/strong><\/em>, en mi posici\u00f3n me gustaron <em><strong>Dulsan y Seba Mart\u00ednez<\/strong><\/em>, que tuvo un gran torneo.\u00bb<\/p>\n","protected":false},"excerpt":{"rendered":"<p>Pasaron las tradicionales votaciones donde nuestra gente de b\u00e1squet eligi\u00f3 a los mejores jugadores de la temporada 2023\/2024 en los torneos locales. Bruno Sacomani fue elegido como el mejor alero de la temporada en Segunda. \u00abEl balance fue positivo, el primer objetivo era estar dentro de los tres primeros y lo logramos. Quer\u00edamos llegar a [&hellip;]<\/p>\n","protected":false},"author":71,"featured_media":112906,"comment_status":"open","ping_status":"open","sticky":false,"template":"","format":"standard","meta":{"jnews-multi-image_gallery":[],"jnews_single_post":{"source_name":"","source_url":"","via_name":"","via_url":"","override_template":"0","override":[{"template":"1","single_blog_custom":"","parallax":"1","fullscreen":"1","layout":"right-sidebar","sidebar":"default-sidebar","second_sidebar":"default-sidebar","sticky_sidebar":"1","share_position":"top","share_float_style":"share-monocrhome","show_share_counter":"0","show_view_counter":"0","show_featured":"1","show_post_meta":"1","show_post_author":"1","show_post_author_image":"1","show_post_date":"1","post_date_format":"default","post_date_format_custom":"Y\/m\/d","show_post_category":"1","show_post_reading_time":"0","post_reading_time_wpm":"300","show_zoom_button":"0","zoom_button_out_step":"2","zoom_button_in_step":"3","show_post_tag":"1","show_prev_next_post":"1","show_popup_post":"1","number_popup_post":"1","show_author_box":"0","show_post_related":"0","show_inline_post_related":"0"}],"override_image_size":"0","image_override":[{"single_post_thumbnail_size":"crop-500","single_post_gallery_size":"crop-500"}],"trending_post":"0","trending_post_position":"meta","trending_post_label":"Trending","sponsored_post":"0","sponsored_post_label":"Sponsored by","sponsored_post_name":"","sponsored_post_url":"","sponsored_post_logo_enable":"0","sponsored_post_logo":"","sponsored_post_desc":"","disable_ad":"0"},"jnews_primary_category":{"id":"","hide":""},"footnotes":""},"categories":[25,101],"tags":[],"class_list":["post-112996","post","type-post","status-publish","format-standard","has-post-thumbnail","hentry","category-segunda","category-slide"],"yoast_head":"<!-- This site is optimized with the Yoast SEO plugin v27.5 - https:\/\/yoast.com\/product\/yoast-seo-wordpress\/ -->\n<title>Bruno Sacomani, el mejor alero de Segunda - Gente de B\u00e1squet<\/title>\n<meta name=\"robots\" content=\"index, follow, max-snippet:-1, max-image-preview:large, max-video-preview:-1\" \/>\n<link rel=\"canonical\" href=\"https:\/\/gentedebasquet.com.ar\/sitio\/2024\/08\/14\/bruno-sacomani-el-mejor-alero-de-segunda\/\" \/>\n<meta property=\"og:locale\" content=\"es_ES\" \/>\n<meta property=\"og:type\" content=\"article\" \/>\n<meta property=\"og:title\" content=\"Bruno Sacomani, el mejor alero de Segunda - Gente de B\u00e1squet\" \/>\n<meta property=\"og:description\" content=\"Pasaron las tradicionales votaciones donde nuestra gente de b\u00e1squet eligi\u00f3 a los mejores jugadores de la temporada 2023\/2024 en los torneos locales. Bruno Sacomani fue elegido como el mejor alero de la temporada en Segunda. \u00abEl balance fue positivo, el primer objetivo era estar dentro de los tres primeros y lo logramos. Quer\u00edamos llegar a [&hellip;]\" \/>\n<meta property=\"og:url\" content=\"https:\/\/gentedebasquet.com.ar\/sitio\/2024\/08\/14\/bruno-sacomani-el-mejor-alero-de-segunda\/\" \/>\n<meta property=\"og:site_name\" content=\"Gente de B\u00e1squet\" \/>\n<meta property=\"article:published_time\" content=\"2024-08-13T22:57:22+00:00\" \/>\n<meta property=\"og:image\" content=\"https:\/\/gentedebasquet.com.ar\/sitio\/wp-content\/uploads\/2024\/07\/MEJOR-ALERO-SEGUNDA-SACOMANI.png\" \/>\n\t<meta property=\"og:image:width\" content=\"1280\" \/>\n\t<meta property=\"og:image:height\" content=\"853\" \/>\n\t<meta property=\"og:image:type\" content=\"image\/png\" \/>\n<meta name=\"author\" content=\"Santiago Seisdedos\" \/>\n<meta name=\"twitter:card\" content=\"summary_large_image\" \/>\n<meta name=\"twitter:label1\" content=\"Escrito por\" \/>\n\t<meta name=\"twitter:data1\" content=\"Santiago Seisdedos\" \/>\n\t<meta name=\"twitter:label2\" content=\"Tiempo de lectura\" \/>\n\t<meta name=\"twitter:data2\" content=\"2 minutos\" \/>\n<script type=\"application\/ld+json\" class=\"yoast-schema-graph\">{\"@context\":\"https:\\\/\\\/schema.org\",\"@graph\":[{\"@type\":\"Article\",\"@id\":\"https:\\\/\\\/gentedebasquet.com.ar\\\/sitio\\\/2024\\\/08\\\/14\\\/bruno-sacomani-el-mejor-alero-de-segunda\\\/#article\",\"isPartOf\":{\"@id\":\"https:\\\/\\\/gentedebasquet.com.ar\\\/sitio\\\/2024\\\/08\\\/14\\\/bruno-sacomani-el-mejor-alero-de-segunda\\\/\"},\"author\":{\"name\":\"Santiago Seisdedos\",\"@id\":\"https:\\\/\\\/gentedebasquet.com.ar\\\/sitio\\\/#\\\/schema\\\/person\\\/3b50d7c801b9529aba70bd4613bca6da\"},\"headline\":\"Bruno Sacomani, el mejor alero de Segunda\",\"datePublished\":\"2024-08-13T22:57:22+00:00\",\"mainEntityOfPage\":{\"@id\":\"https:\\\/\\\/gentedebasquet.com.ar\\\/sitio\\\/2024\\\/08\\\/14\\\/bruno-sacomani-el-mejor-alero-de-segunda\\\/\"},\"wordCount\":192,\"commentCount\":0,\"image\":{\"@id\":\"https:\\\/\\\/gentedebasquet.com.ar\\\/sitio\\\/2024\\\/08\\\/14\\\/bruno-sacomani-el-mejor-alero-de-segunda\\\/#primaryimage\"},\"thumbnailUrl\":\"https:\\\/\\\/gentedebasquet.com.ar\\\/sitio\\\/wp-content\\\/uploads\\\/2024\\\/07\\\/MEJOR-ALERO-SEGUNDA-SACOMANI.png\",\"articleSection\":[\"Segunda\",\"Slide\"],\"inLanguage\":\"es\",\"potentialAction\":[{\"@type\":\"CommentAction\",\"name\":\"Comment\",\"target\":[\"https:\\\/\\\/gentedebasquet.com.ar\\\/sitio\\\/2024\\\/08\\\/14\\\/bruno-sacomani-el-mejor-alero-de-segunda\\\/#respond\"]}]},{\"@type\":\"WebPage\",\"@id\":\"https:\\\/\\\/gentedebasquet.com.ar\\\/sitio\\\/2024\\\/08\\\/14\\\/bruno-sacomani-el-mejor-alero-de-segunda\\\/\",\"url\":\"https:\\\/\\\/gentedebasquet.com.ar\\\/sitio\\\/2024\\\/08\\\/14\\\/bruno-sacomani-el-mejor-alero-de-segunda\\\/\",\"name\":\"Bruno Sacomani, el mejor alero de Segunda - Gente de B\u00e1squet\",\"isPartOf\":{\"@id\":\"https:\\\/\\\/gentedebasquet.com.ar\\\/sitio\\\/#website\"},\"primaryImageOfPage\":{\"@id\":\"https:\\\/\\\/gentedebasquet.com.ar\\\/sitio\\\/2024\\\/08\\\/14\\\/bruno-sacomani-el-mejor-alero-de-segunda\\\/#primaryimage\"},\"image\":{\"@id\":\"https:\\\/\\\/gentedebasquet.com.ar\\\/sitio\\\/2024\\\/08\\\/14\\\/bruno-sacomani-el-mejor-alero-de-segunda\\\/#primaryimage\"},\"thumbnailUrl\":\"https:\\\/\\\/gentedebasquet.com.ar\\\/sitio\\\/wp-content\\\/uploads\\\/2024\\\/07\\\/MEJOR-ALERO-SEGUNDA-SACOMANI.png\",\"datePublished\":\"2024-08-13T22:57:22+00:00\",\"author\":{\"@id\":\"https:\\\/\\\/gentedebasquet.com.ar\\\/sitio\\\/#\\\/schema\\\/person\\\/3b50d7c801b9529aba70bd4613bca6da\"},\"breadcrumb\":{\"@id\":\"https:\\\/\\\/gentedebasquet.com.ar\\\/sitio\\\/2024\\\/08\\\/14\\\/bruno-sacomani-el-mejor-alero-de-segunda\\\/#breadcrumb\"},\"inLanguage\":\"es\",\"potentialAction\":[{\"@type\":\"ReadAction\",\"target\":[\"https:\\\/\\\/gentedebasquet.com.ar\\\/sitio\\\/2024\\\/08\\\/14\\\/bruno-sacomani-el-mejor-alero-de-segunda\\\/\"]}]},{\"@type\":\"ImageObject\",\"inLanguage\":\"es\",\"@id\":\"https:\\\/\\\/gentedebasquet.com.ar\\\/sitio\\\/2024\\\/08\\\/14\\\/bruno-sacomani-el-mejor-alero-de-segunda\\\/#primaryimage\",\"url\":\"https:\\\/\\\/gentedebasquet.com.ar\\\/sitio\\\/wp-content\\\/uploads\\\/2024\\\/07\\\/MEJOR-ALERO-SEGUNDA-SACOMANI.png\",\"contentUrl\":\"https:\\\/\\\/gentedebasquet.com.ar\\\/sitio\\\/wp-content\\\/uploads\\\/2024\\\/07\\\/MEJOR-ALERO-SEGUNDA-SACOMANI.png\",\"width\":1280,\"height\":853},{\"@type\":\"BreadcrumbList\",\"@id\":\"https:\\\/\\\/gentedebasquet.com.ar\\\/sitio\\\/2024\\\/08\\\/14\\\/bruno-sacomani-el-mejor-alero-de-segunda\\\/#breadcrumb\",\"itemListElement\":[{\"@type\":\"ListItem\",\"position\":1,\"name\":\"Portada\",\"item\":\"https:\\\/\\\/gentedebasquet.com.ar\\\/sitio\\\/\"},{\"@type\":\"ListItem\",\"position\":2,\"name\":\"Bruno Sacomani, el mejor alero de Segunda\"}]},{\"@type\":\"WebSite\",\"@id\":\"https:\\\/\\\/gentedebasquet.com.ar\\\/sitio\\\/#website\",\"url\":\"https:\\\/\\\/gentedebasquet.com.ar\\\/sitio\\\/\",\"name\":\"Gente de B\u00e1squet\",\"description\":\"La revista del basquet de Bah\u00eda Blanca\",\"potentialAction\":[{\"@type\":\"SearchAction\",\"target\":{\"@type\":\"EntryPoint\",\"urlTemplate\":\"https:\\\/\\\/gentedebasquet.com.ar\\\/sitio\\\/?s={search_term_string}\"},\"query-input\":{\"@type\":\"PropertyValueSpecification\",\"valueRequired\":true,\"valueName\":\"search_term_string\"}}],\"inLanguage\":\"es\"},{\"@type\":\"Person\",\"@id\":\"https:\\\/\\\/gentedebasquet.com.ar\\\/sitio\\\/#\\\/schema\\\/person\\\/3b50d7c801b9529aba70bd4613bca6da\",\"name\":\"Santiago Seisdedos\",\"image\":{\"@type\":\"ImageObject\",\"inLanguage\":\"es\",\"@id\":\"https:\\\/\\\/secure.gravatar.com\\\/avatar\\\/be737e74404eb3825c4679da7a152b3c6980b470f7253114cd451344e20a8d80?s=96&d=mm&r=g\",\"url\":\"https:\\\/\\\/secure.gravatar.com\\\/avatar\\\/be737e74404eb3825c4679da7a152b3c6980b470f7253114cd451344e20a8d80?s=96&d=mm&r=g\",\"contentUrl\":\"https:\\\/\\\/secure.gravatar.com\\\/avatar\\\/be737e74404eb3825c4679da7a152b3c6980b470f7253114cd451344e20a8d80?s=96&d=mm&r=g\",\"caption\":\"Santiago Seisdedos\"},\"url\":\"https:\\\/\\\/gentedebasquet.com.ar\\\/sitio\\\/author\\\/santiago-sesidedos\\\/\"}]}<\/script>\n<!-- \/ Yoast SEO plugin. -->","yoast_head_json":{"title":"Bruno Sacomani, el mejor alero de Segunda - Gente de B\u00e1squet","robots":{"index":"index","follow":"follow","max-snippet":"max-snippet:-1","max-image-preview":"max-image-preview:large","max-video-preview":"max-video-preview:-1"},"canonical":"https:\/\/gentedebasquet.com.ar\/sitio\/2024\/08\/14\/bruno-sacomani-el-mejor-alero-de-segunda\/","og_locale":"es_ES","og_type":"article","og_title":"Bruno Sacomani, el mejor alero de Segunda - Gente de B\u00e1squet","og_description":"Pasaron las tradicionales votaciones donde nuestra gente de b\u00e1squet eligi\u00f3 a los mejores jugadores de la temporada 2023\/2024 en los torneos locales. Bruno Sacomani fue elegido como el mejor alero de la temporada en Segunda. \u00abEl balance fue positivo, el primer objetivo era estar dentro de los tres primeros y lo logramos. Quer\u00edamos llegar a [&hellip;]","og_url":"https:\/\/gentedebasquet.com.ar\/sitio\/2024\/08\/14\/bruno-sacomani-el-mejor-alero-de-segunda\/","og_site_name":"Gente de B\u00e1squet","article_published_time":"2024-08-13T22:57:22+00:00","og_image":[{"width":1280,"height":853,"url":"https:\/\/gentedebasquet.com.ar\/sitio\/wp-content\/uploads\/2024\/07\/MEJOR-ALERO-SEGUNDA-SACOMANI.png","type":"image\/png"}],"author":"Santiago Seisdedos","twitter_card":"summary_large_image","twitter_misc":{"Escrito por":"Santiago Seisdedos","Tiempo de lectura":"2 minutos"},"schema":{"@context":"https:\/\/schema.org","@graph":[{"@type":"Article","@id":"https:\/\/gentedebasquet.com.ar\/sitio\/2024\/08\/14\/bruno-sacomani-el-mejor-alero-de-segunda\/#article","isPartOf":{"@id":"https:\/\/gentedebasquet.com.ar\/sitio\/2024\/08\/14\/bruno-sacomani-el-mejor-alero-de-segunda\/"},"author":{"name":"Santiago Seisdedos","@id":"https:\/\/gentedebasquet.com.ar\/sitio\/#\/schema\/person\/3b50d7c801b9529aba70bd4613bca6da"},"headline":"Bruno Sacomani, el mejor alero de Segunda","datePublished":"2024-08-13T22:57:22+00:00","mainEntityOfPage":{"@id":"https:\/\/gentedebasquet.com.ar\/sitio\/2024\/08\/14\/bruno-sacomani-el-mejor-alero-de-segunda\/"},"wordCount":192,"commentCount":0,"image":{"@id":"https:\/\/gentedebasquet.com.ar\/sitio\/2024\/08\/14\/bruno-sacomani-el-mejor-alero-de-segunda\/#primaryimage"},"thumbnailUrl":"https:\/\/gentedebasquet.com.ar\/sitio\/wp-content\/uploads\/2024\/07\/MEJOR-ALERO-SEGUNDA-SACOMANI.png","articleSection":["Segunda","Slide"],"inLanguage":"es","potentialAction":[{"@type":"CommentAction","name":"Comment","target":["https:\/\/gentedebasquet.com.ar\/sitio\/2024\/08\/14\/bruno-sacomani-el-mejor-alero-de-segunda\/#respond"]}]},{"@type":"WebPage","@id":"https:\/\/gentedebasquet.com.ar\/sitio\/2024\/08\/14\/bruno-sacomani-el-mejor-alero-de-segunda\/","url":"https:\/\/gentedebasquet.com.ar\/sitio\/2024\/08\/14\/bruno-sacomani-el-mejor-alero-de-segunda\/","name":"Bruno Sacomani, el mejor alero de Segunda - Gente de B\u00e1squet","isPartOf":{"@id":"https:\/\/gentedebasquet.com.ar\/sitio\/#website"},"primaryImageOfPage":{"@id":"https:\/\/gentedebasquet.com.ar\/sitio\/2024\/08\/14\/bruno-sacomani-el-mejor-alero-de-segunda\/#primaryimage"},"image":{"@id":"https:\/\/gentedebasquet.com.ar\/sitio\/2024\/08\/14\/bruno-sacomani-el-mejor-alero-de-segunda\/#primaryimage"},"thumbnailUrl":"https:\/\/gentedebasquet.com.ar\/sitio\/wp-content\/uploads\/2024\/07\/MEJOR-ALERO-SEGUNDA-SACOMANI.png","datePublished":"2024-08-13T22:57:22+00:00","author":{"@id":"https:\/\/gentedebasquet.com.ar\/sitio\/#\/schema\/person\/3b50d7c801b9529aba70bd4613bca6da"},"breadcrumb":{"@id":"https:\/\/gentedebasquet.com.ar\/sitio\/2024\/08\/14\/bruno-sacomani-el-mejor-alero-de-segunda\/#breadcrumb"},"inLanguage":"es","potentialAction":[{"@type":"ReadAction","target":["https:\/\/gentedebasquet.com.ar\/sitio\/2024\/08\/14\/bruno-sacomani-el-mejor-alero-de-segunda\/"]}]},{"@type":"ImageObject","inLanguage":"es","@id":"https:\/\/gentedebasquet.com.ar\/sitio\/2024\/08\/14\/bruno-sacomani-el-mejor-alero-de-segunda\/#primaryimage","url":"https:\/\/gentedebasquet.com.ar\/sitio\/wp-content\/uploads\/2024\/07\/MEJOR-ALERO-SEGUNDA-SACOMANI.png","contentUrl":"https:\/\/gentedebasquet.com.ar\/sitio\/wp-content\/uploads\/2024\/07\/MEJOR-ALERO-SEGUNDA-SACOMANI.png","width":1280,"height":853},{"@type":"BreadcrumbList","@id":"https:\/\/gentedebasquet.com.ar\/sitio\/2024\/08\/14\/bruno-sacomani-el-mejor-alero-de-segunda\/#breadcrumb","itemListElement":[{"@type":"ListItem","position":1,"name":"Portada","item":"https:\/\/gentedebasquet.com.ar\/sitio\/"},{"@type":"ListItem","position":2,"name":"Bruno Sacomani, el mejor alero de Segunda"}]},{"@type":"WebSite","@id":"https:\/\/gentedebasquet.com.ar\/sitio\/#website","url":"https:\/\/gentedebasquet.com.ar\/sitio\/","name":"Gente de B\u00e1squet","description":"La revista del basquet de Bah\u00eda Blanca","potentialAction":[{"@type":"SearchAction","target":{"@type":"EntryPoint","urlTemplate":"https:\/\/gentedebasquet.com.ar\/sitio\/?s={search_term_string}"},"query-input":{"@type":"PropertyValueSpecification","valueRequired":true,"valueName":"search_term_string"}}],"inLanguage":"es"},{"@type":"Person","@id":"https:\/\/gentedebasquet.com.ar\/sitio\/#\/schema\/person\/3b50d7c801b9529aba70bd4613bca6da","name":"Santiago Seisdedos","image":{"@type":"ImageObject","inLanguage":"es","@id":"https:\/\/secure.gravatar.com\/avatar\/be737e74404eb3825c4679da7a152b3c6980b470f7253114cd451344e20a8d80?s=96&d=mm&r=g","url":"https:\/\/secure.gravatar.com\/avatar\/be737e74404eb3825c4679da7a152b3c6980b470f7253114cd451344e20a8d80?s=96&d=mm&r=g","contentUrl":"https:\/\/secure.gravatar.com\/avatar\/be737e74404eb3825c4679da7a152b3c6980b470f7253114cd451344e20a8d80?s=96&d=mm&r=g","caption":"Santiago Seisdedos"},"url":"https:\/\/gentedebasquet.com.ar\/sitio\/author\/santiago-sesidedos\/"}]}},"_links":{"self":[{"href":"https:\/\/gentedebasquet.com.ar\/sitio\/wp-json\/wp\/v2\/posts\/112996","targetHints":{"allow":["GET"]}}],"collection":[{"href":"https:\/\/gentedebasquet.com.ar\/sitio\/wp-json\/wp\/v2\/posts"}],"about":[{"href":"https:\/\/gentedebasquet.com.ar\/sitio\/wp-json\/wp\/v2\/types\/post"}],"author":[{"embeddable":true,"href":"https:\/\/gentedebasquet.com.ar\/sitio\/wp-json\/wp\/v2\/users\/71"}],"replies":[{"embeddable":true,"href":"https:\/\/gentedebasquet.com.ar\/sitio\/wp-json\/wp\/v2\/comments?post=112996"}],"version-history":[{"count":2,"href":"https:\/\/gentedebasquet.com.ar\/sitio\/wp-json\/wp\/v2\/posts\/112996\/revisions"}],"predecessor-version":[{"id":112998,"href":"https:\/\/gentedebasquet.com.ar\/sitio\/wp-json\/wp\/v2\/posts\/112996\/revisions\/112998"}],"wp:featuredmedia":[{"embeddable":true,"href":"https:\/\/gentedebasquet.com.ar\/sitio\/wp-json\/wp\/v2\/media\/112906"}],"wp:attachment":[{"href":"https:\/\/gentedebasquet.com.ar\/sitio\/wp-json\/wp\/v2\/media?parent=112996"}],"wp:term":[{"taxonomy":"category","embeddable":true,"href":"https:\/\/gentedebasquet.com.ar\/sitio\/wp-json\/wp\/v2\/categories?post=112996"},{"taxonomy":"post_tag","embeddable":true,"href":"https:\/\/gentedebasquet.com.ar\/sitio\/wp-json\/wp\/v2\/tags?post=112996"}],"curies":[{"name":"wp","href":"https:\/\/api.w.org\/{rel}","templated":true}]}}