{"id":113281,"date":"2024-08-31T00:51:58","date_gmt":"2024-08-30T22:51:58","guid":{"rendered":"https:\/\/gentedebasquet.com.ar\/sitio\/?p=113281"},"modified":"2024-08-31T06:36:33","modified_gmt":"2024-08-31T04:36:33","slug":"argentino-recupero-la-senda-de-la-victoria","status":"publish","type":"post","link":"https:\/\/gentedebasquet.com.ar\/sitio\/2024\/08\/31\/argentino-recupero-la-senda-de-la-victoria\/","title":{"rendered":"Argentino recuper\u00f3 la senda de la victoria"},"content":{"rendered":"<p><strong>Argentino volvi\u00f3 a la victoria en casa ante Bah\u00eda Basket, fue 98-76, con 15 puntos cada uno para Tom\u00e1s Del Sol y Emanuel Kloster.<\/strong><\/p>\n<p>Los dirigidos por Renzo Balducci <strong>sacaron en el segundo cuarto la diferencia clave para quedarse con el juego<\/strong>. All\u00ed pas\u00f3 lo mejor de los m\u00e1s j\u00f3venes, <strong>Del Sol hizo 8 de sus 13 puntos del primer tiempo<\/strong> y hubo un buen ingreso de <strong>Ferm\u00edn Mariezcurrena y Baltasar Dom\u00ednguez<\/strong>, con 6 unidades cada uno. En Bah\u00eda Basket, lo mejor fue la experiencia y altura de <strong>Enrique Goy<\/strong>, que se despach\u00f3 con 7 puntos.<\/p>\n<p>En el segundo tiempo, <strong>el local se dedic\u00f3 a rotar su plantel y pudo mantener la distancia<\/strong>. Reparti\u00f3 el goleo entre Kloster, Del Sol (15), Gonzal\u00eda (13), Olivera (11) y Ugolini (10). En la visita <strong>lo mejor fue de Lucio Baeza,<\/strong> con 23 puntos, 13 de ellos en el \u00faltimo parcial.<\/p>\n<p><strong>Argentino se recuper\u00f3 de la derrota ante Barrio Hospital, la \u00fanica en el torneo, y se ilusiona con seguir siendo un equipo protagonista. Bah\u00eda Basket, por su parte, a\u00fan no ha podido sumar en este arranque de campeonato.<\/strong><\/p>\n<div class=\"jeg_video_container jeg_video_content\"><iframe loading=\"lazy\" title=\"#Segunda - Fecha #4: Argentino 98 - 76 Bah\u00eda Basket\" width=\"500\" height=\"281\" src=\"https:\/\/www.youtube.com\/embed\/-n-c9WVbnhg?feature=oembed\" frameborder=\"0\" allow=\"accelerometer; autoplay; clipboard-write; encrypted-media; gyroscope; picture-in-picture; web-share\" referrerpolicy=\"strict-origin-when-cross-origin\" allowfullscreen><\/iframe><\/div>\n<p><img decoding=\"async\" class=\"alignnone size-medium wp-image-113285\" src=\"http:\/\/gentedebasquet.com.ar\/sitio\/wp-content\/uploads\/2024\/08\/CLAVE-argentino-bb-300x300.png\" alt=\"\" width=\"300\" height=\"300\" srcset=\"https:\/\/gentedebasquet.com.ar\/sitio\/wp-content\/uploads\/2024\/08\/CLAVE-argentino-bb-300x300.png 300w, https:\/\/gentedebasquet.com.ar\/sitio\/wp-content\/uploads\/2024\/08\/CLAVE-argentino-bb-1024x1024.png 1024w, https:\/\/gentedebasquet.com.ar\/sitio\/wp-content\/uploads\/2024\/08\/CLAVE-argentino-bb-150x150.png 150w, https:\/\/gentedebasquet.com.ar\/sitio\/wp-content\/uploads\/2024\/08\/CLAVE-argentino-bb-768x768.png 768w, https:\/\/gentedebasquet.com.ar\/sitio\/wp-content\/uploads\/2024\/08\/CLAVE-argentino-bb-1536x1536.png 1536w, https:\/\/gentedebasquet.com.ar\/sitio\/wp-content\/uploads\/2024\/08\/CLAVE-argentino-bb-75x75.png 75w, https:\/\/gentedebasquet.com.ar\/sitio\/wp-content\/uploads\/2024\/08\/CLAVE-argentino-bb-350x350.png 350w, https:\/\/gentedebasquet.com.ar\/sitio\/wp-content\/uploads\/2024\/08\/CLAVE-argentino-bb-750x750.png 750w, https:\/\/gentedebasquet.com.ar\/sitio\/wp-content\/uploads\/2024\/08\/CLAVE-argentino-bb-1140x1140.png 1140w, https:\/\/gentedebasquet.com.ar\/sitio\/wp-content\/uploads\/2024\/08\/CLAVE-argentino-bb.png 2000w\" sizes=\"(max-width: 300px) 100vw, 300px\" \/><\/p>\n<p><img decoding=\"async\" class=\"alignnone wp-image-113286 size-full\" src=\"http:\/\/gentedebasquet.com.ar\/sitio\/wp-content\/uploads\/2024\/08\/figura-tomas-del-sol-argentino.jpg\" alt=\"\" width=\"640\" height=\"480\" srcset=\"https:\/\/gentedebasquet.com.ar\/sitio\/wp-content\/uploads\/2024\/08\/figura-tomas-del-sol-argentino.jpg 640w, https:\/\/gentedebasquet.com.ar\/sitio\/wp-content\/uploads\/2024\/08\/figura-tomas-del-sol-argentino-300x225.jpg 300w\" sizes=\"(max-width: 640px) 100vw, 640px\" \/><\/p>\n<blockquote><p>\u00abLo ganamos en defensa, es lo que venimos trabajando, tiene que ser fuerte contra todos los equipos, de ah\u00ed sale el ataque. Sabemos que hay equipos arriba que son fuertes y las derrotas pueden llegar, pero tenemos que estar preparados para salir adelante. Estoy contento en lo personal, feliz de volver y de agarrar confianza\u00bb <strong>Tom\u00e1s Del Sol, Argentino.<\/strong><\/p><\/blockquote>\n<p><img decoding=\"async\" class=\"alignnone size-medium wp-image-113284\" src=\"http:\/\/gentedebasquet.com.ar\/sitio\/wp-content\/uploads\/2024\/08\/MVP-del-sol-300x300.png\" alt=\"\" width=\"300\" height=\"300\" srcset=\"https:\/\/gentedebasquet.com.ar\/sitio\/wp-content\/uploads\/2024\/08\/MVP-del-sol-300x300.png 300w, https:\/\/gentedebasquet.com.ar\/sitio\/wp-content\/uploads\/2024\/08\/MVP-del-sol-1024x1024.png 1024w, https:\/\/gentedebasquet.com.ar\/sitio\/wp-content\/uploads\/2024\/08\/MVP-del-sol-150x150.png 150w, https:\/\/gentedebasquet.com.ar\/sitio\/wp-content\/uploads\/2024\/08\/MVP-del-sol-768x768.png 768w, https:\/\/gentedebasquet.com.ar\/sitio\/wp-content\/uploads\/2024\/08\/MVP-del-sol-1536x1536.png 1536w, https:\/\/gentedebasquet.com.ar\/sitio\/wp-content\/uploads\/2024\/08\/MVP-del-sol-75x75.png 75w, https:\/\/gentedebasquet.com.ar\/sitio\/wp-content\/uploads\/2024\/08\/MVP-del-sol-350x350.png 350w, https:\/\/gentedebasquet.com.ar\/sitio\/wp-content\/uploads\/2024\/08\/MVP-del-sol-750x750.png 750w, https:\/\/gentedebasquet.com.ar\/sitio\/wp-content\/uploads\/2024\/08\/MVP-del-sol-1140x1140.png 1140w, https:\/\/gentedebasquet.com.ar\/sitio\/wp-content\/uploads\/2024\/08\/MVP-del-sol.png 2000w\" sizes=\"(max-width: 300px) 100vw, 300px\" \/><\/p>\n<p>&nbsp;<\/p>\n<p><strong>S\u00edntesis \u2013 Segunda \u2013 Fecha 4<\/strong><\/p>\n<p><strong>Argentino 98:<\/strong> Ramiro Aguirre 3, Emanuel Kloster 15, Bruno Ugolini 10, Bautista Olivera 11, Gino Pisani 5 <strong>(FI);<\/strong> Genaro Parrotta 2, Gaspar Mariezcurrena 3, Tom\u00e1s Del Sol 15, Joaqu\u00edn Gonzal\u00eda 13, Ramiro Lorenzo 9, Ferm\u00edn Mariezcurrena 6, Baltasar Dom\u00ednguez 6. <strong>DT: Renzo Balducci.<\/strong><\/p>\n<p><strong>Bah\u00eda Basket 76:<\/strong> Lucio Baeza 23, Juan Cruz Mambretti 4 (x), Federico Salce 7, Agust\u00edn Passeggi 8, Enrique Goy 17 <strong>(FI); <\/strong>Nicol\u00e1s Costa, Nicol\u00e1s Valdebenito 5, Santino Berardo, Valent\u00edn Pet\u00f3n 9, Juan Manuel Vazquez 0, Facundo Ib\u00e1\u00f1ez 3, Thiago Vila. <strong>DT: Tom\u00e1s Fern\u00e1ndez.<\/strong><\/p>\n<p><strong>Parciales:\u00a0<\/strong>19-16, 45-29 (26-13), 70-53 (25-24), 98-76 (28-23)<\/p>\n<p><strong>\u00c1rbitros:<\/strong> Alejandro Ramallo &#8211; Lucas Andr\u00e9s &#8211; Camila Robles<\/p>\n<p><strong>Estadio: <\/strong>Ardubilio Severini\u00a0(Argentino)<\/p>\n<p>&nbsp;<\/p>\n","protected":false},"excerpt":{"rendered":"<p>Argentino volvi\u00f3 a la victoria en casa ante Bah\u00eda Basket, fue 98-76, con 15 puntos cada uno para Tom\u00e1s Del Sol y Emanuel Kloster. Los dirigidos por Renzo Balducci sacaron en el segundo cuarto la diferencia clave para quedarse con el juego. All\u00ed pas\u00f3 lo mejor de los m\u00e1s j\u00f3venes, Del Sol hizo 8 de [&hellip;]<\/p>\n","protected":false},"author":71,"featured_media":113287,"comment_status":"open","ping_status":"open","sticky":false,"template":"","format":"standard","meta":{"jnews-multi-image_gallery":[],"jnews_single_post":{"source_name":"","source_url":"","via_name":"","via_url":"","override_template":"0","override":[{"template":"1","single_blog_custom":"","parallax":"1","fullscreen":"1","layout":"right-sidebar","sidebar":"default-sidebar","second_sidebar":"default-sidebar","sticky_sidebar":"1","share_position":"top","share_float_style":"share-monocrhome","show_share_counter":"0","show_view_counter":"0","show_featured":"1","show_post_meta":"1","show_post_author":"1","show_post_author_image":"0","show_post_date":"1","post_date_format":"default","post_date_format_custom":"Y\/m\/d","show_post_category":"1","show_post_reading_time":"0","post_reading_time_wpm":"300","show_zoom_button":"0","zoom_button_out_step":"2","zoom_button_in_step":"3","show_post_tag":"1","show_prev_next_post":"1","show_popup_post":"0","number_popup_post":"1","show_author_box":"0","show_post_related":"0","show_inline_post_related":"0"}],"override_image_size":"0","image_override":[{"single_post_thumbnail_size":"crop-500","single_post_gallery_size":"crop-500"}],"trending_post":"0","trending_post_position":"meta","trending_post_label":"Trending","sponsored_post":"0","sponsored_post_label":"Sponsored by","sponsored_post_name":"","sponsored_post_url":"","sponsored_post_logo_enable":"0","sponsored_post_logo":"","sponsored_post_desc":"","disable_ad":"0"},"jnews_primary_category":{"id":"","hide":""},"footnotes":""},"categories":[25,101],"tags":[4,58,1855,503,1890],"class_list":["post-113281","post","type-post","status-publish","format-standard","has-post-thumbnail","hentry","category-segunda","category-slide","tag-argentino","tag-bahiabasket","tag-segunda","tag-segunda-division","tag-tomas-del-sol"],"yoast_head":"<!-- This site is optimized with the Yoast SEO plugin v27.5 - https:\/\/yoast.com\/product\/yoast-seo-wordpress\/ -->\n<title>Argentino recuper\u00f3 la senda de la victoria - Gente de B\u00e1squet<\/title>\n<meta name=\"robots\" content=\"index, follow, max-snippet:-1, max-image-preview:large, max-video-preview:-1\" \/>\n<link rel=\"canonical\" href=\"https:\/\/gentedebasquet.com.ar\/sitio\/2024\/08\/31\/argentino-recupero-la-senda-de-la-victoria\/\" \/>\n<meta property=\"og:locale\" content=\"es_ES\" \/>\n<meta property=\"og:type\" content=\"article\" \/>\n<meta property=\"og:title\" content=\"Argentino recuper\u00f3 la senda de la victoria - Gente de B\u00e1squet\" \/>\n<meta property=\"og:description\" content=\"Argentino volvi\u00f3 a la victoria en casa ante Bah\u00eda Basket, fue 98-76, con 15 puntos cada uno para Tom\u00e1s Del Sol y Emanuel Kloster. Los dirigidos por Renzo Balducci sacaron en el segundo cuarto la diferencia clave para quedarse con el juego. All\u00ed pas\u00f3 lo mejor de los m\u00e1s j\u00f3venes, Del Sol hizo 8 de [&hellip;]\" \/>\n<meta property=\"og:url\" content=\"https:\/\/gentedebasquet.com.ar\/sitio\/2024\/08\/31\/argentino-recupero-la-senda-de-la-victoria\/\" \/>\n<meta property=\"og:site_name\" content=\"Gente de B\u00e1squet\" \/>\n<meta property=\"article:published_time\" content=\"2024-08-30T22:51:58+00:00\" \/>\n<meta property=\"article:modified_time\" content=\"2024-08-31T04:36:33+00:00\" \/>\n<meta property=\"og:image\" content=\"https:\/\/gentedebasquet.com.ar\/sitio\/wp-content\/uploads\/2024\/08\/destacada-arg-bb.jpg\" \/>\n\t<meta property=\"og:image:width\" content=\"690\" \/>\n\t<meta property=\"og:image:height\" content=\"319\" \/>\n\t<meta property=\"og:image:type\" content=\"image\/jpeg\" \/>\n<meta name=\"author\" content=\"Santiago Seisdedos\" \/>\n<meta name=\"twitter:card\" content=\"summary_large_image\" \/>\n<meta name=\"twitter:label1\" content=\"Escrito por\" \/>\n\t<meta name=\"twitter:data1\" content=\"Santiago Seisdedos\" \/>\n\t<meta name=\"twitter:label2\" content=\"Tiempo de lectura\" \/>\n\t<meta name=\"twitter:data2\" content=\"3 minutos\" \/>\n<script type=\"application\/ld+json\" class=\"yoast-schema-graph\">{\"@context\":\"https:\\\/\\\/schema.org\",\"@graph\":[{\"@type\":\"Article\",\"@id\":\"https:\\\/\\\/gentedebasquet.com.ar\\\/sitio\\\/2024\\\/08\\\/31\\\/argentino-recupero-la-senda-de-la-victoria\\\/#article\",\"isPartOf\":{\"@id\":\"https:\\\/\\\/gentedebasquet.com.ar\\\/sitio\\\/2024\\\/08\\\/31\\\/argentino-recupero-la-senda-de-la-victoria\\\/\"},\"author\":{\"name\":\"Santiago Seisdedos\",\"@id\":\"https:\\\/\\\/gentedebasquet.com.ar\\\/sitio\\\/#\\\/schema\\\/person\\\/3b50d7c801b9529aba70bd4613bca6da\"},\"headline\":\"Argentino recuper\u00f3 la senda de la victoria\",\"datePublished\":\"2024-08-30T22:51:58+00:00\",\"dateModified\":\"2024-08-31T04:36:33+00:00\",\"mainEntityOfPage\":{\"@id\":\"https:\\\/\\\/gentedebasquet.com.ar\\\/sitio\\\/2024\\\/08\\\/31\\\/argentino-recupero-la-senda-de-la-victoria\\\/\"},\"wordCount\":361,\"commentCount\":0,\"image\":{\"@id\":\"https:\\\/\\\/gentedebasquet.com.ar\\\/sitio\\\/2024\\\/08\\\/31\\\/argentino-recupero-la-senda-de-la-victoria\\\/#primaryimage\"},\"thumbnailUrl\":\"https:\\\/\\\/gentedebasquet.com.ar\\\/sitio\\\/wp-content\\\/uploads\\\/2024\\\/08\\\/destacada-arg-bb.jpg\",\"keywords\":[\"Argentino\",\"Bah\u00eda Basket\",\"Segunda\",\"Segunda Divisi\u00f3n\",\"Tom\u00e1s Del Sol\"],\"articleSection\":[\"Segunda\",\"Slide\"],\"inLanguage\":\"es\",\"potentialAction\":[{\"@type\":\"CommentAction\",\"name\":\"Comment\",\"target\":[\"https:\\\/\\\/gentedebasquet.com.ar\\\/sitio\\\/2024\\\/08\\\/31\\\/argentino-recupero-la-senda-de-la-victoria\\\/#respond\"]}]},{\"@type\":\"WebPage\",\"@id\":\"https:\\\/\\\/gentedebasquet.com.ar\\\/sitio\\\/2024\\\/08\\\/31\\\/argentino-recupero-la-senda-de-la-victoria\\\/\",\"url\":\"https:\\\/\\\/gentedebasquet.com.ar\\\/sitio\\\/2024\\\/08\\\/31\\\/argentino-recupero-la-senda-de-la-victoria\\\/\",\"name\":\"Argentino recuper\u00f3 la senda de la victoria - Gente de B\u00e1squet\",\"isPartOf\":{\"@id\":\"https:\\\/\\\/gentedebasquet.com.ar\\\/sitio\\\/#website\"},\"primaryImageOfPage\":{\"@id\":\"https:\\\/\\\/gentedebasquet.com.ar\\\/sitio\\\/2024\\\/08\\\/31\\\/argentino-recupero-la-senda-de-la-victoria\\\/#primaryimage\"},\"image\":{\"@id\":\"https:\\\/\\\/gentedebasquet.com.ar\\\/sitio\\\/2024\\\/08\\\/31\\\/argentino-recupero-la-senda-de-la-victoria\\\/#primaryimage\"},\"thumbnailUrl\":\"https:\\\/\\\/gentedebasquet.com.ar\\\/sitio\\\/wp-content\\\/uploads\\\/2024\\\/08\\\/destacada-arg-bb.jpg\",\"datePublished\":\"2024-08-30T22:51:58+00:00\",\"dateModified\":\"2024-08-31T04:36:33+00:00\",\"author\":{\"@id\":\"https:\\\/\\\/gentedebasquet.com.ar\\\/sitio\\\/#\\\/schema\\\/person\\\/3b50d7c801b9529aba70bd4613bca6da\"},\"breadcrumb\":{\"@id\":\"https:\\\/\\\/gentedebasquet.com.ar\\\/sitio\\\/2024\\\/08\\\/31\\\/argentino-recupero-la-senda-de-la-victoria\\\/#breadcrumb\"},\"inLanguage\":\"es\",\"potentialAction\":[{\"@type\":\"ReadAction\",\"target\":[\"https:\\\/\\\/gentedebasquet.com.ar\\\/sitio\\\/2024\\\/08\\\/31\\\/argentino-recupero-la-senda-de-la-victoria\\\/\"]}]},{\"@type\":\"ImageObject\",\"inLanguage\":\"es\",\"@id\":\"https:\\\/\\\/gentedebasquet.com.ar\\\/sitio\\\/2024\\\/08\\\/31\\\/argentino-recupero-la-senda-de-la-victoria\\\/#primaryimage\",\"url\":\"https:\\\/\\\/gentedebasquet.com.ar\\\/sitio\\\/wp-content\\\/uploads\\\/2024\\\/08\\\/destacada-arg-bb.jpg\",\"contentUrl\":\"https:\\\/\\\/gentedebasquet.com.ar\\\/sitio\\\/wp-content\\\/uploads\\\/2024\\\/08\\\/destacada-arg-bb.jpg\",\"width\":690,\"height\":319},{\"@type\":\"BreadcrumbList\",\"@id\":\"https:\\\/\\\/gentedebasquet.com.ar\\\/sitio\\\/2024\\\/08\\\/31\\\/argentino-recupero-la-senda-de-la-victoria\\\/#breadcrumb\",\"itemListElement\":[{\"@type\":\"ListItem\",\"position\":1,\"name\":\"Portada\",\"item\":\"https:\\\/\\\/gentedebasquet.com.ar\\\/sitio\\\/\"},{\"@type\":\"ListItem\",\"position\":2,\"name\":\"Argentino recuper\u00f3 la senda de la victoria\"}]},{\"@type\":\"WebSite\",\"@id\":\"https:\\\/\\\/gentedebasquet.com.ar\\\/sitio\\\/#website\",\"url\":\"https:\\\/\\\/gentedebasquet.com.ar\\\/sitio\\\/\",\"name\":\"Gente de B\u00e1squet\",\"description\":\"La revista del basquet de Bah\u00eda Blanca\",\"potentialAction\":[{\"@type\":\"SearchAction\",\"target\":{\"@type\":\"EntryPoint\",\"urlTemplate\":\"https:\\\/\\\/gentedebasquet.com.ar\\\/sitio\\\/?s={search_term_string}\"},\"query-input\":{\"@type\":\"PropertyValueSpecification\",\"valueRequired\":true,\"valueName\":\"search_term_string\"}}],\"inLanguage\":\"es\"},{\"@type\":\"Person\",\"@id\":\"https:\\\/\\\/gentedebasquet.com.ar\\\/sitio\\\/#\\\/schema\\\/person\\\/3b50d7c801b9529aba70bd4613bca6da\",\"name\":\"Santiago Seisdedos\",\"image\":{\"@type\":\"ImageObject\",\"inLanguage\":\"es\",\"@id\":\"https:\\\/\\\/secure.gravatar.com\\\/avatar\\\/be737e74404eb3825c4679da7a152b3c6980b470f7253114cd451344e20a8d80?s=96&d=mm&r=g\",\"url\":\"https:\\\/\\\/secure.gravatar.com\\\/avatar\\\/be737e74404eb3825c4679da7a152b3c6980b470f7253114cd451344e20a8d80?s=96&d=mm&r=g\",\"contentUrl\":\"https:\\\/\\\/secure.gravatar.com\\\/avatar\\\/be737e74404eb3825c4679da7a152b3c6980b470f7253114cd451344e20a8d80?s=96&d=mm&r=g\",\"caption\":\"Santiago Seisdedos\"},\"url\":\"https:\\\/\\\/gentedebasquet.com.ar\\\/sitio\\\/author\\\/santiago-sesidedos\\\/\"}]}<\/script>\n<!-- \/ Yoast SEO plugin. -->","yoast_head_json":{"title":"Argentino recuper\u00f3 la senda de la victoria - Gente de B\u00e1squet","robots":{"index":"index","follow":"follow","max-snippet":"max-snippet:-1","max-image-preview":"max-image-preview:large","max-video-preview":"max-video-preview:-1"},"canonical":"https:\/\/gentedebasquet.com.ar\/sitio\/2024\/08\/31\/argentino-recupero-la-senda-de-la-victoria\/","og_locale":"es_ES","og_type":"article","og_title":"Argentino recuper\u00f3 la senda de la victoria - Gente de B\u00e1squet","og_description":"Argentino volvi\u00f3 a la victoria en casa ante Bah\u00eda Basket, fue 98-76, con 15 puntos cada uno para Tom\u00e1s Del Sol y Emanuel Kloster. Los dirigidos por Renzo Balducci sacaron en el segundo cuarto la diferencia clave para quedarse con el juego. All\u00ed pas\u00f3 lo mejor de los m\u00e1s j\u00f3venes, Del Sol hizo 8 de [&hellip;]","og_url":"https:\/\/gentedebasquet.com.ar\/sitio\/2024\/08\/31\/argentino-recupero-la-senda-de-la-victoria\/","og_site_name":"Gente de B\u00e1squet","article_published_time":"2024-08-30T22:51:58+00:00","article_modified_time":"2024-08-31T04:36:33+00:00","og_image":[{"width":690,"height":319,"url":"https:\/\/gentedebasquet.com.ar\/sitio\/wp-content\/uploads\/2024\/08\/destacada-arg-bb.jpg","type":"image\/jpeg"}],"author":"Santiago Seisdedos","twitter_card":"summary_large_image","twitter_misc":{"Escrito por":"Santiago Seisdedos","Tiempo de lectura":"3 minutos"},"schema":{"@context":"https:\/\/schema.org","@graph":[{"@type":"Article","@id":"https:\/\/gentedebasquet.com.ar\/sitio\/2024\/08\/31\/argentino-recupero-la-senda-de-la-victoria\/#article","isPartOf":{"@id":"https:\/\/gentedebasquet.com.ar\/sitio\/2024\/08\/31\/argentino-recupero-la-senda-de-la-victoria\/"},"author":{"name":"Santiago Seisdedos","@id":"https:\/\/gentedebasquet.com.ar\/sitio\/#\/schema\/person\/3b50d7c801b9529aba70bd4613bca6da"},"headline":"Argentino recuper\u00f3 la senda de la victoria","datePublished":"2024-08-30T22:51:58+00:00","dateModified":"2024-08-31T04:36:33+00:00","mainEntityOfPage":{"@id":"https:\/\/gentedebasquet.com.ar\/sitio\/2024\/08\/31\/argentino-recupero-la-senda-de-la-victoria\/"},"wordCount":361,"commentCount":0,"image":{"@id":"https:\/\/gentedebasquet.com.ar\/sitio\/2024\/08\/31\/argentino-recupero-la-senda-de-la-victoria\/#primaryimage"},"thumbnailUrl":"https:\/\/gentedebasquet.com.ar\/sitio\/wp-content\/uploads\/2024\/08\/destacada-arg-bb.jpg","keywords":["Argentino","Bah\u00eda Basket","Segunda","Segunda Divisi\u00f3n","Tom\u00e1s Del Sol"],"articleSection":["Segunda","Slide"],"inLanguage":"es","potentialAction":[{"@type":"CommentAction","name":"Comment","target":["https:\/\/gentedebasquet.com.ar\/sitio\/2024\/08\/31\/argentino-recupero-la-senda-de-la-victoria\/#respond"]}]},{"@type":"WebPage","@id":"https:\/\/gentedebasquet.com.ar\/sitio\/2024\/08\/31\/argentino-recupero-la-senda-de-la-victoria\/","url":"https:\/\/gentedebasquet.com.ar\/sitio\/2024\/08\/31\/argentino-recupero-la-senda-de-la-victoria\/","name":"Argentino recuper\u00f3 la senda de la victoria - Gente de B\u00e1squet","isPartOf":{"@id":"https:\/\/gentedebasquet.com.ar\/sitio\/#website"},"primaryImageOfPage":{"@id":"https:\/\/gentedebasquet.com.ar\/sitio\/2024\/08\/31\/argentino-recupero-la-senda-de-la-victoria\/#primaryimage"},"image":{"@id":"https:\/\/gentedebasquet.com.ar\/sitio\/2024\/08\/31\/argentino-recupero-la-senda-de-la-victoria\/#primaryimage"},"thumbnailUrl":"https:\/\/gentedebasquet.com.ar\/sitio\/wp-content\/uploads\/2024\/08\/destacada-arg-bb.jpg","datePublished":"2024-08-30T22:51:58+00:00","dateModified":"2024-08-31T04:36:33+00:00","author":{"@id":"https:\/\/gentedebasquet.com.ar\/sitio\/#\/schema\/person\/3b50d7c801b9529aba70bd4613bca6da"},"breadcrumb":{"@id":"https:\/\/gentedebasquet.com.ar\/sitio\/2024\/08\/31\/argentino-recupero-la-senda-de-la-victoria\/#breadcrumb"},"inLanguage":"es","potentialAction":[{"@type":"ReadAction","target":["https:\/\/gentedebasquet.com.ar\/sitio\/2024\/08\/31\/argentino-recupero-la-senda-de-la-victoria\/"]}]},{"@type":"ImageObject","inLanguage":"es","@id":"https:\/\/gentedebasquet.com.ar\/sitio\/2024\/08\/31\/argentino-recupero-la-senda-de-la-victoria\/#primaryimage","url":"https:\/\/gentedebasquet.com.ar\/sitio\/wp-content\/uploads\/2024\/08\/destacada-arg-bb.jpg","contentUrl":"https:\/\/gentedebasquet.com.ar\/sitio\/wp-content\/uploads\/2024\/08\/destacada-arg-bb.jpg","width":690,"height":319},{"@type":"BreadcrumbList","@id":"https:\/\/gentedebasquet.com.ar\/sitio\/2024\/08\/31\/argentino-recupero-la-senda-de-la-victoria\/#breadcrumb","itemListElement":[{"@type":"ListItem","position":1,"name":"Portada","item":"https:\/\/gentedebasquet.com.ar\/sitio\/"},{"@type":"ListItem","position":2,"name":"Argentino recuper\u00f3 la senda de la victoria"}]},{"@type":"WebSite","@id":"https:\/\/gentedebasquet.com.ar\/sitio\/#website","url":"https:\/\/gentedebasquet.com.ar\/sitio\/","name":"Gente de B\u00e1squet","description":"La revista del basquet de Bah\u00eda Blanca","potentialAction":[{"@type":"SearchAction","target":{"@type":"EntryPoint","urlTemplate":"https:\/\/gentedebasquet.com.ar\/sitio\/?s={search_term_string}"},"query-input":{"@type":"PropertyValueSpecification","valueRequired":true,"valueName":"search_term_string"}}],"inLanguage":"es"},{"@type":"Person","@id":"https:\/\/gentedebasquet.com.ar\/sitio\/#\/schema\/person\/3b50d7c801b9529aba70bd4613bca6da","name":"Santiago Seisdedos","image":{"@type":"ImageObject","inLanguage":"es","@id":"https:\/\/secure.gravatar.com\/avatar\/be737e74404eb3825c4679da7a152b3c6980b470f7253114cd451344e20a8d80?s=96&d=mm&r=g","url":"https:\/\/secure.gravatar.com\/avatar\/be737e74404eb3825c4679da7a152b3c6980b470f7253114cd451344e20a8d80?s=96&d=mm&r=g","contentUrl":"https:\/\/secure.gravatar.com\/avatar\/be737e74404eb3825c4679da7a152b3c6980b470f7253114cd451344e20a8d80?s=96&d=mm&r=g","caption":"Santiago Seisdedos"},"url":"https:\/\/gentedebasquet.com.ar\/sitio\/author\/santiago-sesidedos\/"}]}},"_links":{"self":[{"href":"https:\/\/gentedebasquet.com.ar\/sitio\/wp-json\/wp\/v2\/posts\/113281","targetHints":{"allow":["GET"]}}],"collection":[{"href":"https:\/\/gentedebasquet.com.ar\/sitio\/wp-json\/wp\/v2\/posts"}],"about":[{"href":"https:\/\/gentedebasquet.com.ar\/sitio\/wp-json\/wp\/v2\/types\/post"}],"author":[{"embeddable":true,"href":"https:\/\/gentedebasquet.com.ar\/sitio\/wp-json\/wp\/v2\/users\/71"}],"replies":[{"embeddable":true,"href":"https:\/\/gentedebasquet.com.ar\/sitio\/wp-json\/wp\/v2\/comments?post=113281"}],"version-history":[{"count":3,"href":"https:\/\/gentedebasquet.com.ar\/sitio\/wp-json\/wp\/v2\/posts\/113281\/revisions"}],"predecessor-version":[{"id":113288,"href":"https:\/\/gentedebasquet.com.ar\/sitio\/wp-json\/wp\/v2\/posts\/113281\/revisions\/113288"}],"wp:featuredmedia":[{"embeddable":true,"href":"https:\/\/gentedebasquet.com.ar\/sitio\/wp-json\/wp\/v2\/media\/113287"}],"wp:attachment":[{"href":"https:\/\/gentedebasquet.com.ar\/sitio\/wp-json\/wp\/v2\/media?parent=113281"}],"wp:term":[{"taxonomy":"category","embeddable":true,"href":"https:\/\/gentedebasquet.com.ar\/sitio\/wp-json\/wp\/v2\/categories?post=113281"},{"taxonomy":"post_tag","embeddable":true,"href":"https:\/\/gentedebasquet.com.ar\/sitio\/wp-json\/wp\/v2\/tags?post=113281"}],"curies":[{"name":"wp","href":"https:\/\/api.w.org\/{rel}","templated":true}]}}