{"id":113522,"date":"2024-09-14T05:29:05","date_gmt":"2024-09-14T03:29:05","guid":{"rendered":"http:\/\/gentedebasquet.com.ar\/sitio\/?p=113522"},"modified":"2024-09-14T05:29:05","modified_gmt":"2024-09-14T03:29:05","slug":"altense-logro-un-triunfo-holgado","status":"publish","type":"post","link":"https:\/\/gentedebasquet.com.ar\/sitio\/2024\/09\/14\/altense-logro-un-triunfo-holgado\/","title":{"rendered":"Altense logr\u00f3 un triunfo holgado"},"content":{"rendered":"\n<p><strong>Altense domin\u00f3 todo el segundo tiempo y pudo llevarse un triunfo de nuestra localidad frente a La Falda por un contundente 78-107.<\/strong><\/p>\n\n\n\n<p>El partido comenz\u00f3 parejo, 2 triples de La Falda y 3 de Altense le empezaba a dar forma al juego. La visita entr\u00f3 r\u00e1pidamente en sinton\u00eda y clav\u00f3 un 0-9 de parcial para sacar ventaja. Pese al arrimo de Lafa pudo cerrar el primer cuarto 22-30 arriba, adem\u00e1s la novedad en este mismo fueron los triples totales por lado (4t3 de La Falda y 3t3 de Altense).<\/p>\n\n\n\n<p>En el segundo cuarto, el equipo puntaltense sac\u00f3 +12 de ventaja al comienzo, pero en varios pasajes del mismo se \u201cplanch\u00f3\u201d debido a varias imprecisiones por lado. Posteriormente, el conjunto de Altamirano pis\u00f3 el acelerador y sac\u00f3 +20 (37-57). El hu\u00e9sped cerr\u00f3 el segundo arriba por 19 al entretiempo, 40-59.<\/p>\n\n\n\n<p>El complemento lo tuvo al hu\u00e9sped manteniendo su constancia en ataque y estirar la ventaja por 47-70, 2 triples al hilo lo hicieron irse 26 arriba. Lo que m\u00e1s reson\u00f3 en el segmento fue una t\u00e9cnica al \u201c6\u201d local y al DT de Altense. El tercero culmin\u00f3 54-85.<\/p>\n\n\n\n<p>El \u00faltimo cuarto, fue todo verde. Saco +25 y posteriormente +33 de ventaja, que esto permiti\u00f3 la rotaci\u00f3n y que jueguen los m\u00e1s chicos. El electr\u00f3nico termin\u00f3 a favor del conjunto de la vecina localidad por 78-109.<\/p>\n\n\n\n<p><strong>Altense gan\u00f3 un partido en el que no tuvo inconveniente alguno y que le permite seguir prendido arriba de la tabla de posiciones.<\/strong><\/p>\n\n\n\n<figure class=\"wp-block-image\"><img decoding=\"async\" width=\"300\" height=\"250\" src=\"http:\/\/gentedebasquet.com.ar\/sitio\/wp-content\/uploads\/2023\/10\/Gif-Publicidades-1.gif\" alt=\"\" class=\"wp-image-109360\" \/><\/figure>\n\n\n\n<figure class=\"wp-block-embed is-type-video is-provider-youtube wp-block-embed-youtube wp-embed-aspect-16-9 wp-has-aspect-ratio\"><div class=\"wp-block-embed__wrapper\">\n<div class=\"jeg_video_container jeg_video_content\"><iframe loading=\"lazy\" title=\"#Segunda - Fecha #6: La Falda 78 - 107 Altense\" width=\"500\" height=\"281\" src=\"https:\/\/www.youtube.com\/embed\/M7qvLtkcgik?feature=oembed\" frameborder=\"0\" allow=\"accelerometer; autoplay; clipboard-write; encrypted-media; gyroscope; picture-in-picture; web-share\" referrerpolicy=\"strict-origin-when-cross-origin\" allowfullscreen><\/iframe><\/div>\n<\/div><\/figure>\n\n\n\n<figure class=\"wp-block-image size-large\"><img decoding=\"async\" width=\"1024\" height=\"1024\" src=\"http:\/\/gentedebasquet.com.ar\/sitio\/wp-content\/uploads\/2024\/09\/829e8660-806b-4a44-9b01-0ca260a90d46-1-1024x1024.jpg\" alt=\"\" class=\"wp-image-113518\" srcset=\"https:\/\/gentedebasquet.com.ar\/sitio\/wp-content\/uploads\/2024\/09\/829e8660-806b-4a44-9b01-0ca260a90d46-1-1024x1024.jpg 1024w, https:\/\/gentedebasquet.com.ar\/sitio\/wp-content\/uploads\/2024\/09\/829e8660-806b-4a44-9b01-0ca260a90d46-1-300x300.jpg 300w, https:\/\/gentedebasquet.com.ar\/sitio\/wp-content\/uploads\/2024\/09\/829e8660-806b-4a44-9b01-0ca260a90d46-1-150x150.jpg 150w, https:\/\/gentedebasquet.com.ar\/sitio\/wp-content\/uploads\/2024\/09\/829e8660-806b-4a44-9b01-0ca260a90d46-1-768x768.jpg 768w, https:\/\/gentedebasquet.com.ar\/sitio\/wp-content\/uploads\/2024\/09\/829e8660-806b-4a44-9b01-0ca260a90d46-1-1536x1536.jpg 1536w, https:\/\/gentedebasquet.com.ar\/sitio\/wp-content\/uploads\/2024\/09\/829e8660-806b-4a44-9b01-0ca260a90d46-1-75x75.jpg 75w, https:\/\/gentedebasquet.com.ar\/sitio\/wp-content\/uploads\/2024\/09\/829e8660-806b-4a44-9b01-0ca260a90d46-1-350x350.jpg 350w, https:\/\/gentedebasquet.com.ar\/sitio\/wp-content\/uploads\/2024\/09\/829e8660-806b-4a44-9b01-0ca260a90d46-1-750x750.jpg 750w, https:\/\/gentedebasquet.com.ar\/sitio\/wp-content\/uploads\/2024\/09\/829e8660-806b-4a44-9b01-0ca260a90d46-1-1140x1140.jpg 1140w, https:\/\/gentedebasquet.com.ar\/sitio\/wp-content\/uploads\/2024\/09\/829e8660-806b-4a44-9b01-0ca260a90d46-1.jpg 1600w\" sizes=\"(max-width: 1024px) 100vw, 1024px\" \/><\/figure>\n\n\n\n<figure class=\"wp-block-image\"><img decoding=\"async\" width=\"300\" height=\"250\" src=\"http:\/\/gentedebasquet.com.ar\/sitio\/wp-content\/uploads\/2024\/06\/gif2.gif\" alt=\"\" class=\"wp-image-112461\" \/><\/figure>\n\n\n\n<figure class=\"wp-block-image size-large\"><img decoding=\"async\" width=\"1024\" height=\"1024\" src=\"http:\/\/gentedebasquet.com.ar\/sitio\/wp-content\/uploads\/2024\/09\/d8d6f6ba-4218-4f3c-922e-346a15f9e7f9-1-1024x1024.jpg\" alt=\"\" class=\"wp-image-113517\" srcset=\"https:\/\/gentedebasquet.com.ar\/sitio\/wp-content\/uploads\/2024\/09\/d8d6f6ba-4218-4f3c-922e-346a15f9e7f9-1-1024x1024.jpg 1024w, https:\/\/gentedebasquet.com.ar\/sitio\/wp-content\/uploads\/2024\/09\/d8d6f6ba-4218-4f3c-922e-346a15f9e7f9-1-300x300.jpg 300w, https:\/\/gentedebasquet.com.ar\/sitio\/wp-content\/uploads\/2024\/09\/d8d6f6ba-4218-4f3c-922e-346a15f9e7f9-1-150x150.jpg 150w, https:\/\/gentedebasquet.com.ar\/sitio\/wp-content\/uploads\/2024\/09\/d8d6f6ba-4218-4f3c-922e-346a15f9e7f9-1-768x768.jpg 768w, https:\/\/gentedebasquet.com.ar\/sitio\/wp-content\/uploads\/2024\/09\/d8d6f6ba-4218-4f3c-922e-346a15f9e7f9-1-1536x1536.jpg 1536w, https:\/\/gentedebasquet.com.ar\/sitio\/wp-content\/uploads\/2024\/09\/d8d6f6ba-4218-4f3c-922e-346a15f9e7f9-1-75x75.jpg 75w, https:\/\/gentedebasquet.com.ar\/sitio\/wp-content\/uploads\/2024\/09\/d8d6f6ba-4218-4f3c-922e-346a15f9e7f9-1-350x350.jpg 350w, https:\/\/gentedebasquet.com.ar\/sitio\/wp-content\/uploads\/2024\/09\/d8d6f6ba-4218-4f3c-922e-346a15f9e7f9-1-750x750.jpg 750w, https:\/\/gentedebasquet.com.ar\/sitio\/wp-content\/uploads\/2024\/09\/d8d6f6ba-4218-4f3c-922e-346a15f9e7f9-1-1140x1140.jpg 1140w, https:\/\/gentedebasquet.com.ar\/sitio\/wp-content\/uploads\/2024\/09\/d8d6f6ba-4218-4f3c-922e-346a15f9e7f9-1.jpg 1600w\" sizes=\"(max-width: 1024px) 100vw, 1024px\" \/><\/figure>\n\n\n\n<figure class=\"wp-block-image size-large\"><img decoding=\"async\" width=\"1024\" height=\"768\" src=\"http:\/\/gentedebasquet.com.ar\/sitio\/wp-content\/uploads\/2024\/09\/img_0870-1024x768.jpg\" alt=\"\" class=\"wp-image-113519\" srcset=\"https:\/\/gentedebasquet.com.ar\/sitio\/wp-content\/uploads\/2024\/09\/img_0870-1024x768.jpg 1024w, https:\/\/gentedebasquet.com.ar\/sitio\/wp-content\/uploads\/2024\/09\/img_0870-300x225.jpg 300w, https:\/\/gentedebasquet.com.ar\/sitio\/wp-content\/uploads\/2024\/09\/img_0870-768x576.jpg 768w, https:\/\/gentedebasquet.com.ar\/sitio\/wp-content\/uploads\/2024\/09\/img_0870-1536x1152.jpg 1536w, https:\/\/gentedebasquet.com.ar\/sitio\/wp-content\/uploads\/2024\/09\/img_0870-750x563.jpg 750w, https:\/\/gentedebasquet.com.ar\/sitio\/wp-content\/uploads\/2024\/09\/img_0870-1140x855.jpg 1140w, https:\/\/gentedebasquet.com.ar\/sitio\/wp-content\/uploads\/2024\/09\/img_0870.jpg 2000w\" sizes=\"(max-width: 1024px) 100vw, 1024px\" \/><\/figure>\n\n\n\n<blockquote class=\"wp-block-quote is-layout-flow wp-block-quote-is-layout-flow\">\n<p>\u00abLa verdad que en el primer tiempo ellos estuvieron muy efectivos, tuvimos que ajustar un poco la defensa y eso hizo que podamos sacar el partido adelante. Defender ya que cuando ajustamos no le dimos segundas oportunidades, y despues empezamos a pasarnos la pelota adelante y ahi sacamos el partido.\u00bb<strong>&nbsp;Guillermo Mallemaci, Altense.<\/strong><\/p>\n<\/blockquote>\n\n\n\n<figure class=\"wp-block-image\"><img decoding=\"async\" width=\"300\" height=\"250\" src=\"http:\/\/gentedebasquet.com.ar\/sitio\/wp-content\/uploads\/2023\/11\/Gif-Publicidades-3-1.gif\" alt=\"\" class=\"wp-image-109913\" \/><\/figure>\n\n\n\n<p><strong>S\u00edntesis \u2013 Segunda \u2013 Fecha 6<\/strong><\/p>\n\n\n\n<p><strong>La Falda 78:<\/strong>&nbsp;Pablo Amigo (8), Germ\u00e1n Fern\u00e1ndez Vita (13), Lautaro Krieg (10), Mat\u00edas Cuchetti (18), Franco Riccio (12) (FI); Tob\u00edas P\u00e9rez Vel\u00e1zquez (0), Federico Ceballos (4), Valentino Copreni (12), Leonel Pe\u00f1a (1).<strong>&nbsp;DT: Juan Miguel Vigna.&nbsp;<\/strong><\/p>\n\n\n\n<p><strong>Altense 109:<\/strong>&nbsp;Mateo Ortega (17), Bruno D\u2019Amico (12), Bruno Sacomani (13), Guillermo Mallemaci (14), Nahuel Altamirano (14) (FI); Antonio Durand (2), Mat\u00edas Leiva (12), Santiago Ticozzi (4), Joaquin G\u00f3mez (9), Marcos Polchi (4), Franco Giusiano (6).<strong>&nbsp;DT: Nicol\u00e1s Altamirano.<\/strong><\/p>\n\n\n\n<p><strong>Parciales<\/strong>: 22-30, 40-59, (18-29), 54-85 (14-26), 78-109 (24-22).<\/p>\n\n\n\n<p><strong>\u00c1rbitros<\/strong>: Lucas Andr\u00e9s \u2013 Juan Cruz Schernenco \u2013 Francisco Irrazabal<\/p>\n\n\n\n<p><strong>Estadio<\/strong>: Lili Pisani (La Falda)<\/p>\n\n\n\n<figure class=\"wp-block-image\"><img decoding=\"async\" width=\"300\" height=\"250\" src=\"http:\/\/gentedebasquet.com.ar\/sitio\/wp-content\/uploads\/2023\/11\/Gif-Publicidades-4-1-1.gif\" alt=\"\" class=\"wp-image-109914\" \/><\/figure>\n\n\n\n<figure class=\"wp-block-image size-large wp-block-embed is-type-video is-provider-youtube wp-block-embed-youtube wp-embed-aspect-16-9 wp-has-aspect-ratio\"><img decoding=\"async\" width=\"1024\" height=\"768\" src=\"http:\/\/gentedebasquet.com.ar\/sitio\/wp-content\/uploads\/2024\/09\/img_0782-1024x768.jpg\" alt=\"\" class=\"wp-image-113520\" srcset=\"https:\/\/gentedebasquet.com.ar\/sitio\/wp-content\/uploads\/2024\/09\/img_0782-1024x768.jpg 1024w, https:\/\/gentedebasquet.com.ar\/sitio\/wp-content\/uploads\/2024\/09\/img_0782-300x225.jpg 300w, https:\/\/gentedebasquet.com.ar\/sitio\/wp-content\/uploads\/2024\/09\/img_0782-768x576.jpg 768w, https:\/\/gentedebasquet.com.ar\/sitio\/wp-content\/uploads\/2024\/09\/img_0782-1536x1152.jpg 1536w, https:\/\/gentedebasquet.com.ar\/sitio\/wp-content\/uploads\/2024\/09\/img_0782-750x563.jpg 750w, https:\/\/gentedebasquet.com.ar\/sitio\/wp-content\/uploads\/2024\/09\/img_0782-1140x855.jpg 1140w, https:\/\/gentedebasquet.com.ar\/sitio\/wp-content\/uploads\/2024\/09\/img_0782.jpg 2000w\" sizes=\"(max-width: 1024px) 100vw, 1024px\" \/><\/figure>\n","protected":false},"excerpt":{"rendered":"<p>Altense domin\u00f3 todo el segundo tiempo y pudo llevarse un triunfo de nuestra localidad frente a La Falda por un contundente 78-107. El partido comenz\u00f3 parejo, 2 triples de La Falda y 3 de Altense le empezaba a dar forma al juego. La visita entr\u00f3 r\u00e1pidamente en sinton\u00eda y clav\u00f3 un 0-9 de parcial para [&hellip;]<\/p>\n","protected":false},"author":82,"featured_media":113521,"comment_status":"closed","ping_status":"open","sticky":false,"template":"","format":"standard","meta":{"jnews-multi-image_gallery":[],"jnews_single_post":[],"jnews_primary_category":[],"footnotes":""},"categories":[25,101],"tags":[213,360,13,1632,1855,503],"class_list":["post-113522","post","type-post","status-publish","format-standard","has-post-thumbnail","hentry","category-segunda","category-slide","tag-altense","tag-guillermo-mallemaci","tag-la-falda","tag-nahuel-altamirano","tag-segunda","tag-segunda-division"],"yoast_head":"<!-- This site is optimized with the Yoast SEO plugin v27.5 - https:\/\/yoast.com\/product\/yoast-seo-wordpress\/ -->\n<title>Altense logr\u00f3 un triunfo holgado - Gente de B\u00e1squet<\/title>\n<meta name=\"robots\" content=\"index, follow, max-snippet:-1, max-image-preview:large, max-video-preview:-1\" \/>\n<link rel=\"canonical\" href=\"http:\/\/gentedebasquet.com.ar\/sitio\/2024\/09\/14\/altense-logro-un-triunfo-holgado\/\" \/>\n<meta property=\"og:locale\" content=\"es_ES\" \/>\n<meta property=\"og:type\" content=\"article\" \/>\n<meta property=\"og:title\" content=\"Altense logr\u00f3 un triunfo holgado - Gente de B\u00e1squet\" \/>\n<meta property=\"og:description\" content=\"Altense domin\u00f3 todo el segundo tiempo y pudo llevarse un triunfo de nuestra localidad frente a La Falda por un contundente 78-107. El partido comenz\u00f3 parejo, 2 triples de La Falda y 3 de Altense le empezaba a dar forma al juego. La visita entr\u00f3 r\u00e1pidamente en sinton\u00eda y clav\u00f3 un 0-9 de parcial para [&hellip;]\" \/>\n<meta property=\"og:url\" content=\"http:\/\/gentedebasquet.com.ar\/sitio\/2024\/09\/14\/altense-logro-un-triunfo-holgado\/\" \/>\n<meta property=\"og:site_name\" content=\"Gente de B\u00e1squet\" \/>\n<meta property=\"article:published_time\" content=\"2024-09-14T03:29:05+00:00\" \/>\n<meta property=\"og:image\" content=\"http:\/\/gentedebasquet.com.ar\/sitio\/wp-content\/uploads\/2024\/09\/img_0780.jpg\" \/>\n\t<meta property=\"og:image:width\" content=\"2000\" \/>\n\t<meta property=\"og:image:height\" content=\"1500\" \/>\n\t<meta property=\"og:image:type\" content=\"image\/jpeg\" \/>\n<meta name=\"author\" content=\"Manuel Lacerenza\" \/>\n<meta name=\"twitter:card\" content=\"summary_large_image\" \/>\n<meta name=\"twitter:label1\" content=\"Escrito por\" \/>\n\t<meta name=\"twitter:data1\" content=\"Manuel Lacerenza\" \/>\n\t<meta name=\"twitter:label2\" content=\"Tiempo de lectura\" \/>\n\t<meta name=\"twitter:data2\" content=\"2 minutos\" \/>\n<script type=\"application\/ld+json\" class=\"yoast-schema-graph\">{\"@context\":\"https:\\\/\\\/schema.org\",\"@graph\":[{\"@type\":\"Article\",\"@id\":\"http:\\\/\\\/gentedebasquet.com.ar\\\/sitio\\\/2024\\\/09\\\/14\\\/altense-logro-un-triunfo-holgado\\\/#article\",\"isPartOf\":{\"@id\":\"http:\\\/\\\/gentedebasquet.com.ar\\\/sitio\\\/2024\\\/09\\\/14\\\/altense-logro-un-triunfo-holgado\\\/\"},\"author\":{\"name\":\"Manuel Lacerenza\",\"@id\":\"https:\\\/\\\/gentedebasquet.com.ar\\\/sitio\\\/#\\\/schema\\\/person\\\/643357fb6a37b5549c9cfe9f339c9f1b\"},\"headline\":\"Altense logr\u00f3 un triunfo holgado\",\"datePublished\":\"2024-09-14T03:29:05+00:00\",\"mainEntityOfPage\":{\"@id\":\"http:\\\/\\\/gentedebasquet.com.ar\\\/sitio\\\/2024\\\/09\\\/14\\\/altense-logro-un-triunfo-holgado\\\/\"},\"wordCount\":409,\"image\":{\"@id\":\"http:\\\/\\\/gentedebasquet.com.ar\\\/sitio\\\/2024\\\/09\\\/14\\\/altense-logro-un-triunfo-holgado\\\/#primaryimage\"},\"thumbnailUrl\":\"https:\\\/\\\/gentedebasquet.com.ar\\\/sitio\\\/wp-content\\\/uploads\\\/2024\\\/09\\\/img_0780.jpg\",\"keywords\":[\"Altense\",\"Guillermo Mallemaci\",\"La Falda\",\"Nahuel Altamirano\",\"Segunda\",\"Segunda Divisi\u00f3n\"],\"articleSection\":[\"Segunda\",\"Slide\"],\"inLanguage\":\"es\"},{\"@type\":\"WebPage\",\"@id\":\"http:\\\/\\\/gentedebasquet.com.ar\\\/sitio\\\/2024\\\/09\\\/14\\\/altense-logro-un-triunfo-holgado\\\/\",\"url\":\"http:\\\/\\\/gentedebasquet.com.ar\\\/sitio\\\/2024\\\/09\\\/14\\\/altense-logro-un-triunfo-holgado\\\/\",\"name\":\"Altense logr\u00f3 un triunfo holgado - Gente de B\u00e1squet\",\"isPartOf\":{\"@id\":\"https:\\\/\\\/gentedebasquet.com.ar\\\/sitio\\\/#website\"},\"primaryImageOfPage\":{\"@id\":\"http:\\\/\\\/gentedebasquet.com.ar\\\/sitio\\\/2024\\\/09\\\/14\\\/altense-logro-un-triunfo-holgado\\\/#primaryimage\"},\"image\":{\"@id\":\"http:\\\/\\\/gentedebasquet.com.ar\\\/sitio\\\/2024\\\/09\\\/14\\\/altense-logro-un-triunfo-holgado\\\/#primaryimage\"},\"thumbnailUrl\":\"https:\\\/\\\/gentedebasquet.com.ar\\\/sitio\\\/wp-content\\\/uploads\\\/2024\\\/09\\\/img_0780.jpg\",\"datePublished\":\"2024-09-14T03:29:05+00:00\",\"author\":{\"@id\":\"https:\\\/\\\/gentedebasquet.com.ar\\\/sitio\\\/#\\\/schema\\\/person\\\/643357fb6a37b5549c9cfe9f339c9f1b\"},\"breadcrumb\":{\"@id\":\"http:\\\/\\\/gentedebasquet.com.ar\\\/sitio\\\/2024\\\/09\\\/14\\\/altense-logro-un-triunfo-holgado\\\/#breadcrumb\"},\"inLanguage\":\"es\",\"potentialAction\":[{\"@type\":\"ReadAction\",\"target\":[\"http:\\\/\\\/gentedebasquet.com.ar\\\/sitio\\\/2024\\\/09\\\/14\\\/altense-logro-un-triunfo-holgado\\\/\"]}]},{\"@type\":\"ImageObject\",\"inLanguage\":\"es\",\"@id\":\"http:\\\/\\\/gentedebasquet.com.ar\\\/sitio\\\/2024\\\/09\\\/14\\\/altense-logro-un-triunfo-holgado\\\/#primaryimage\",\"url\":\"https:\\\/\\\/gentedebasquet.com.ar\\\/sitio\\\/wp-content\\\/uploads\\\/2024\\\/09\\\/img_0780.jpg\",\"contentUrl\":\"https:\\\/\\\/gentedebasquet.com.ar\\\/sitio\\\/wp-content\\\/uploads\\\/2024\\\/09\\\/img_0780.jpg\",\"width\":2000,\"height\":1500},{\"@type\":\"BreadcrumbList\",\"@id\":\"http:\\\/\\\/gentedebasquet.com.ar\\\/sitio\\\/2024\\\/09\\\/14\\\/altense-logro-un-triunfo-holgado\\\/#breadcrumb\",\"itemListElement\":[{\"@type\":\"ListItem\",\"position\":1,\"name\":\"Portada\",\"item\":\"https:\\\/\\\/gentedebasquet.com.ar\\\/sitio\\\/\"},{\"@type\":\"ListItem\",\"position\":2,\"name\":\"Altense logr\u00f3 un triunfo holgado\"}]},{\"@type\":\"WebSite\",\"@id\":\"https:\\\/\\\/gentedebasquet.com.ar\\\/sitio\\\/#website\",\"url\":\"https:\\\/\\\/gentedebasquet.com.ar\\\/sitio\\\/\",\"name\":\"Gente de B\u00e1squet\",\"description\":\"La revista del basquet de Bah\u00eda Blanca\",\"potentialAction\":[{\"@type\":\"SearchAction\",\"target\":{\"@type\":\"EntryPoint\",\"urlTemplate\":\"https:\\\/\\\/gentedebasquet.com.ar\\\/sitio\\\/?s={search_term_string}\"},\"query-input\":{\"@type\":\"PropertyValueSpecification\",\"valueRequired\":true,\"valueName\":\"search_term_string\"}}],\"inLanguage\":\"es\"},{\"@type\":\"Person\",\"@id\":\"https:\\\/\\\/gentedebasquet.com.ar\\\/sitio\\\/#\\\/schema\\\/person\\\/643357fb6a37b5549c9cfe9f339c9f1b\",\"name\":\"Manuel Lacerenza\",\"image\":{\"@type\":\"ImageObject\",\"inLanguage\":\"es\",\"@id\":\"https:\\\/\\\/secure.gravatar.com\\\/avatar\\\/6a427d587bd181ca8afd828e8cf364f233c5cbe5b8a1332b92ea42687ad97845?s=96&d=mm&r=g\",\"url\":\"https:\\\/\\\/secure.gravatar.com\\\/avatar\\\/6a427d587bd181ca8afd828e8cf364f233c5cbe5b8a1332b92ea42687ad97845?s=96&d=mm&r=g\",\"contentUrl\":\"https:\\\/\\\/secure.gravatar.com\\\/avatar\\\/6a427d587bd181ca8afd828e8cf364f233c5cbe5b8a1332b92ea42687ad97845?s=96&d=mm&r=g\",\"caption\":\"Manuel Lacerenza\"},\"url\":\"https:\\\/\\\/gentedebasquet.com.ar\\\/sitio\\\/author\\\/manuel\\\/\"}]}<\/script>\n<!-- \/ Yoast SEO plugin. -->","yoast_head_json":{"title":"Altense logr\u00f3 un triunfo holgado - Gente de B\u00e1squet","robots":{"index":"index","follow":"follow","max-snippet":"max-snippet:-1","max-image-preview":"max-image-preview:large","max-video-preview":"max-video-preview:-1"},"canonical":"http:\/\/gentedebasquet.com.ar\/sitio\/2024\/09\/14\/altense-logro-un-triunfo-holgado\/","og_locale":"es_ES","og_type":"article","og_title":"Altense logr\u00f3 un triunfo holgado - Gente de B\u00e1squet","og_description":"Altense domin\u00f3 todo el segundo tiempo y pudo llevarse un triunfo de nuestra localidad frente a La Falda por un contundente 78-107. El partido comenz\u00f3 parejo, 2 triples de La Falda y 3 de Altense le empezaba a dar forma al juego. La visita entr\u00f3 r\u00e1pidamente en sinton\u00eda y clav\u00f3 un 0-9 de parcial para [&hellip;]","og_url":"http:\/\/gentedebasquet.com.ar\/sitio\/2024\/09\/14\/altense-logro-un-triunfo-holgado\/","og_site_name":"Gente de B\u00e1squet","article_published_time":"2024-09-14T03:29:05+00:00","og_image":[{"width":2000,"height":1500,"url":"http:\/\/gentedebasquet.com.ar\/sitio\/wp-content\/uploads\/2024\/09\/img_0780.jpg","type":"image\/jpeg"}],"author":"Manuel Lacerenza","twitter_card":"summary_large_image","twitter_misc":{"Escrito por":"Manuel Lacerenza","Tiempo de lectura":"2 minutos"},"schema":{"@context":"https:\/\/schema.org","@graph":[{"@type":"Article","@id":"http:\/\/gentedebasquet.com.ar\/sitio\/2024\/09\/14\/altense-logro-un-triunfo-holgado\/#article","isPartOf":{"@id":"http:\/\/gentedebasquet.com.ar\/sitio\/2024\/09\/14\/altense-logro-un-triunfo-holgado\/"},"author":{"name":"Manuel Lacerenza","@id":"https:\/\/gentedebasquet.com.ar\/sitio\/#\/schema\/person\/643357fb6a37b5549c9cfe9f339c9f1b"},"headline":"Altense logr\u00f3 un triunfo holgado","datePublished":"2024-09-14T03:29:05+00:00","mainEntityOfPage":{"@id":"http:\/\/gentedebasquet.com.ar\/sitio\/2024\/09\/14\/altense-logro-un-triunfo-holgado\/"},"wordCount":409,"image":{"@id":"http:\/\/gentedebasquet.com.ar\/sitio\/2024\/09\/14\/altense-logro-un-triunfo-holgado\/#primaryimage"},"thumbnailUrl":"https:\/\/gentedebasquet.com.ar\/sitio\/wp-content\/uploads\/2024\/09\/img_0780.jpg","keywords":["Altense","Guillermo Mallemaci","La Falda","Nahuel Altamirano","Segunda","Segunda Divisi\u00f3n"],"articleSection":["Segunda","Slide"],"inLanguage":"es"},{"@type":"WebPage","@id":"http:\/\/gentedebasquet.com.ar\/sitio\/2024\/09\/14\/altense-logro-un-triunfo-holgado\/","url":"http:\/\/gentedebasquet.com.ar\/sitio\/2024\/09\/14\/altense-logro-un-triunfo-holgado\/","name":"Altense logr\u00f3 un triunfo holgado - Gente de B\u00e1squet","isPartOf":{"@id":"https:\/\/gentedebasquet.com.ar\/sitio\/#website"},"primaryImageOfPage":{"@id":"http:\/\/gentedebasquet.com.ar\/sitio\/2024\/09\/14\/altense-logro-un-triunfo-holgado\/#primaryimage"},"image":{"@id":"http:\/\/gentedebasquet.com.ar\/sitio\/2024\/09\/14\/altense-logro-un-triunfo-holgado\/#primaryimage"},"thumbnailUrl":"https:\/\/gentedebasquet.com.ar\/sitio\/wp-content\/uploads\/2024\/09\/img_0780.jpg","datePublished":"2024-09-14T03:29:05+00:00","author":{"@id":"https:\/\/gentedebasquet.com.ar\/sitio\/#\/schema\/person\/643357fb6a37b5549c9cfe9f339c9f1b"},"breadcrumb":{"@id":"http:\/\/gentedebasquet.com.ar\/sitio\/2024\/09\/14\/altense-logro-un-triunfo-holgado\/#breadcrumb"},"inLanguage":"es","potentialAction":[{"@type":"ReadAction","target":["http:\/\/gentedebasquet.com.ar\/sitio\/2024\/09\/14\/altense-logro-un-triunfo-holgado\/"]}]},{"@type":"ImageObject","inLanguage":"es","@id":"http:\/\/gentedebasquet.com.ar\/sitio\/2024\/09\/14\/altense-logro-un-triunfo-holgado\/#primaryimage","url":"https:\/\/gentedebasquet.com.ar\/sitio\/wp-content\/uploads\/2024\/09\/img_0780.jpg","contentUrl":"https:\/\/gentedebasquet.com.ar\/sitio\/wp-content\/uploads\/2024\/09\/img_0780.jpg","width":2000,"height":1500},{"@type":"BreadcrumbList","@id":"http:\/\/gentedebasquet.com.ar\/sitio\/2024\/09\/14\/altense-logro-un-triunfo-holgado\/#breadcrumb","itemListElement":[{"@type":"ListItem","position":1,"name":"Portada","item":"https:\/\/gentedebasquet.com.ar\/sitio\/"},{"@type":"ListItem","position":2,"name":"Altense logr\u00f3 un triunfo holgado"}]},{"@type":"WebSite","@id":"https:\/\/gentedebasquet.com.ar\/sitio\/#website","url":"https:\/\/gentedebasquet.com.ar\/sitio\/","name":"Gente de B\u00e1squet","description":"La revista del basquet de Bah\u00eda Blanca","potentialAction":[{"@type":"SearchAction","target":{"@type":"EntryPoint","urlTemplate":"https:\/\/gentedebasquet.com.ar\/sitio\/?s={search_term_string}"},"query-input":{"@type":"PropertyValueSpecification","valueRequired":true,"valueName":"search_term_string"}}],"inLanguage":"es"},{"@type":"Person","@id":"https:\/\/gentedebasquet.com.ar\/sitio\/#\/schema\/person\/643357fb6a37b5549c9cfe9f339c9f1b","name":"Manuel Lacerenza","image":{"@type":"ImageObject","inLanguage":"es","@id":"https:\/\/secure.gravatar.com\/avatar\/6a427d587bd181ca8afd828e8cf364f233c5cbe5b8a1332b92ea42687ad97845?s=96&d=mm&r=g","url":"https:\/\/secure.gravatar.com\/avatar\/6a427d587bd181ca8afd828e8cf364f233c5cbe5b8a1332b92ea42687ad97845?s=96&d=mm&r=g","contentUrl":"https:\/\/secure.gravatar.com\/avatar\/6a427d587bd181ca8afd828e8cf364f233c5cbe5b8a1332b92ea42687ad97845?s=96&d=mm&r=g","caption":"Manuel Lacerenza"},"url":"https:\/\/gentedebasquet.com.ar\/sitio\/author\/manuel\/"}]}},"_links":{"self":[{"href":"https:\/\/gentedebasquet.com.ar\/sitio\/wp-json\/wp\/v2\/posts\/113522","targetHints":{"allow":["GET"]}}],"collection":[{"href":"https:\/\/gentedebasquet.com.ar\/sitio\/wp-json\/wp\/v2\/posts"}],"about":[{"href":"https:\/\/gentedebasquet.com.ar\/sitio\/wp-json\/wp\/v2\/types\/post"}],"author":[{"embeddable":true,"href":"https:\/\/gentedebasquet.com.ar\/sitio\/wp-json\/wp\/v2\/users\/82"}],"replies":[{"embeddable":true,"href":"https:\/\/gentedebasquet.com.ar\/sitio\/wp-json\/wp\/v2\/comments?post=113522"}],"version-history":[{"count":2,"href":"https:\/\/gentedebasquet.com.ar\/sitio\/wp-json\/wp\/v2\/posts\/113522\/revisions"}],"predecessor-version":[{"id":113524,"href":"https:\/\/gentedebasquet.com.ar\/sitio\/wp-json\/wp\/v2\/posts\/113522\/revisions\/113524"}],"wp:featuredmedia":[{"embeddable":true,"href":"https:\/\/gentedebasquet.com.ar\/sitio\/wp-json\/wp\/v2\/media\/113521"}],"wp:attachment":[{"href":"https:\/\/gentedebasquet.com.ar\/sitio\/wp-json\/wp\/v2\/media?parent=113522"}],"wp:term":[{"taxonomy":"category","embeddable":true,"href":"https:\/\/gentedebasquet.com.ar\/sitio\/wp-json\/wp\/v2\/categories?post=113522"},{"taxonomy":"post_tag","embeddable":true,"href":"https:\/\/gentedebasquet.com.ar\/sitio\/wp-json\/wp\/v2\/tags?post=113522"}],"curies":[{"name":"wp","href":"https:\/\/api.w.org\/{rel}","templated":true}]}}