{"id":113577,"date":"2024-09-18T05:46:22","date_gmt":"2024-09-18T03:46:22","guid":{"rendered":"http:\/\/gentedebasquet.com.ar\/sitio\/?p=113577"},"modified":"2024-09-18T16:26:24","modified_gmt":"2024-09-18T14:26:24","slug":"pueyrredon-saco-29-de-mano","status":"publish","type":"post","link":"https:\/\/gentedebasquet.com.ar\/sitio\/2024\/09\/18\/pueyrredon-saco-29-de-mano\/","title":{"rendered":"Pueyrredon sac\u00f3 29 de mano"},"content":{"rendered":"\n<p><strong>Pueyrredon mostr\u00f3 su dominio desde el principio del juego y venci\u00f3 sin sobresaltos a La Falda por 97-68.<\/strong><\/p>\n\n\n\n<p>El cotejo comenz\u00f3 con el Purre estampando un 13-3 de parcial en 5 minutos, que deriv\u00f3 en minuto visitante. En el mismo fue mucho m\u00e1s que La Falda y sac\u00f3 +15 de ventaja, adem\u00e1s de aprovechar cada error del hu\u00e9sped en ataque para cerrar los primeros diez, 28-12 arriba.<\/p>\n\n\n\n<p>El segundo cuarto lo sigui\u00f3 teniendo al anfitri\u00f3n marcando la diferencia y sacando la m\u00e1xima hasta ese momento que era de +20, lo \u00fanico para destacar de este segmento fue que ambos equipos se inclinaron hacia un marcaje en zona 2-3. El equipo local cerr\u00f3 much\u00edsimo mejor el mismo por 53-29.<\/p>\n\n\n\n<p>En el complemento sigui\u00f3 esa supremac\u00eda de Purre que era en ventaja y juego m\u00e1s que el visitante, adem\u00e1s ya hab\u00eda sacado la m\u00e1xima del partido hasta ese momento que era +32. Cerr\u00f3 el cuarto en alza para llev\u00e1rselo por 81-43.<\/p>\n\n\n\n<p>Los \u00faltimos diez fueron un calco del anterior, Pueyrredon sigui\u00f3 manteniendo la diferencia y Iannamico rot\u00f3 hasta lo m\u00e1s profundo del banco para darle minutos a los m\u00e1s chicos. Lafa pudo tener \u00e9xito en varios pasajes para incrementar un poco su tanteador. El equipo local se llev\u00f3 el triunfo por un contundente 97-68.<\/p>\n\n\n\n<p><strong>Pueyrredon mostr\u00f3 su superioridad desde el inicio y ya en el comienzo del complemento sentenciar el partido.<\/strong><\/p>\n\n\n\n<figure class=\"wp-block-image\"><img decoding=\"async\" width=\"300\" height=\"250\" src=\"http:\/\/gentedebasquet.com.ar\/sitio\/wp-content\/uploads\/2023\/10\/Gif-Publicidades-1.gif\" alt=\"\" class=\"wp-image-109360\" \/><\/figure>\n\n\n\n<figure class=\"wp-block-embed is-type-video is-provider-youtube wp-block-embed-youtube wp-embed-aspect-16-9 wp-has-aspect-ratio\"><div class=\"wp-block-embed__wrapper\">\n<div class=\"jeg_video_container jeg_video_content\"><iframe loading=\"lazy\" title=\"#Segunda - Fecha #7: Pueyrred\u00f3n 98 - 68 La Falda\" width=\"500\" height=\"281\" src=\"https:\/\/www.youtube.com\/embed\/1mtMg08-thU?feature=oembed\" frameborder=\"0\" allow=\"accelerometer; autoplay; clipboard-write; encrypted-media; gyroscope; picture-in-picture; web-share\" referrerpolicy=\"strict-origin-when-cross-origin\" allowfullscreen><\/iframe><\/div>\n<\/div><\/figure>\n\n\n\n<figure class=\"wp-block-image size-large\"><img decoding=\"async\" width=\"1024\" height=\"1024\" src=\"http:\/\/gentedebasquet.com.ar\/sitio\/wp-content\/uploads\/2024\/09\/9277391b-08bc-443e-a86e-b1754dfe36ff-1-1024x1024.jpg\" alt=\"\" class=\"wp-image-113570\" srcset=\"https:\/\/gentedebasquet.com.ar\/sitio\/wp-content\/uploads\/2024\/09\/9277391b-08bc-443e-a86e-b1754dfe36ff-1-1024x1024.jpg 1024w, https:\/\/gentedebasquet.com.ar\/sitio\/wp-content\/uploads\/2024\/09\/9277391b-08bc-443e-a86e-b1754dfe36ff-1-300x300.jpg 300w, https:\/\/gentedebasquet.com.ar\/sitio\/wp-content\/uploads\/2024\/09\/9277391b-08bc-443e-a86e-b1754dfe36ff-1-150x150.jpg 150w, https:\/\/gentedebasquet.com.ar\/sitio\/wp-content\/uploads\/2024\/09\/9277391b-08bc-443e-a86e-b1754dfe36ff-1-768x768.jpg 768w, https:\/\/gentedebasquet.com.ar\/sitio\/wp-content\/uploads\/2024\/09\/9277391b-08bc-443e-a86e-b1754dfe36ff-1-1536x1536.jpg 1536w, https:\/\/gentedebasquet.com.ar\/sitio\/wp-content\/uploads\/2024\/09\/9277391b-08bc-443e-a86e-b1754dfe36ff-1-75x75.jpg 75w, https:\/\/gentedebasquet.com.ar\/sitio\/wp-content\/uploads\/2024\/09\/9277391b-08bc-443e-a86e-b1754dfe36ff-1-350x350.jpg 350w, https:\/\/gentedebasquet.com.ar\/sitio\/wp-content\/uploads\/2024\/09\/9277391b-08bc-443e-a86e-b1754dfe36ff-1-750x750.jpg 750w, https:\/\/gentedebasquet.com.ar\/sitio\/wp-content\/uploads\/2024\/09\/9277391b-08bc-443e-a86e-b1754dfe36ff-1-1140x1140.jpg 1140w, https:\/\/gentedebasquet.com.ar\/sitio\/wp-content\/uploads\/2024\/09\/9277391b-08bc-443e-a86e-b1754dfe36ff-1.jpg 1600w\" sizes=\"(max-width: 1024px) 100vw, 1024px\" \/><\/figure>\n\n\n\n<figure class=\"wp-block-image\"><img decoding=\"async\" width=\"300\" height=\"250\" src=\"http:\/\/gentedebasquet.com.ar\/sitio\/wp-content\/uploads\/2024\/06\/gif2.gif\" alt=\"\" class=\"wp-image-112461\" \/><\/figure>\n\n\n\n<figure class=\"wp-block-image size-large\"><img decoding=\"async\" width=\"1024\" height=\"1024\" src=\"http:\/\/gentedebasquet.com.ar\/sitio\/wp-content\/uploads\/2024\/09\/da90b528-fa84-4498-b6dd-6c904b0328b7-1-1024x1024.jpg\" alt=\"\" class=\"wp-image-113571\" srcset=\"https:\/\/gentedebasquet.com.ar\/sitio\/wp-content\/uploads\/2024\/09\/da90b528-fa84-4498-b6dd-6c904b0328b7-1-1024x1024.jpg 1024w, https:\/\/gentedebasquet.com.ar\/sitio\/wp-content\/uploads\/2024\/09\/da90b528-fa84-4498-b6dd-6c904b0328b7-1-300x300.jpg 300w, https:\/\/gentedebasquet.com.ar\/sitio\/wp-content\/uploads\/2024\/09\/da90b528-fa84-4498-b6dd-6c904b0328b7-1-150x150.jpg 150w, https:\/\/gentedebasquet.com.ar\/sitio\/wp-content\/uploads\/2024\/09\/da90b528-fa84-4498-b6dd-6c904b0328b7-1-768x768.jpg 768w, https:\/\/gentedebasquet.com.ar\/sitio\/wp-content\/uploads\/2024\/09\/da90b528-fa84-4498-b6dd-6c904b0328b7-1-1536x1536.jpg 1536w, https:\/\/gentedebasquet.com.ar\/sitio\/wp-content\/uploads\/2024\/09\/da90b528-fa84-4498-b6dd-6c904b0328b7-1-75x75.jpg 75w, https:\/\/gentedebasquet.com.ar\/sitio\/wp-content\/uploads\/2024\/09\/da90b528-fa84-4498-b6dd-6c904b0328b7-1-350x350.jpg 350w, https:\/\/gentedebasquet.com.ar\/sitio\/wp-content\/uploads\/2024\/09\/da90b528-fa84-4498-b6dd-6c904b0328b7-1-750x750.jpg 750w, https:\/\/gentedebasquet.com.ar\/sitio\/wp-content\/uploads\/2024\/09\/da90b528-fa84-4498-b6dd-6c904b0328b7-1-1140x1140.jpg 1140w, https:\/\/gentedebasquet.com.ar\/sitio\/wp-content\/uploads\/2024\/09\/da90b528-fa84-4498-b6dd-6c904b0328b7-1.jpg 1600w\" sizes=\"(max-width: 1024px) 100vw, 1024px\" \/><\/figure>\n\n\n\n<figure class=\"wp-block-image size-large\"><img decoding=\"async\" width=\"1024\" height=\"768\" src=\"http:\/\/gentedebasquet.com.ar\/sitio\/wp-content\/uploads\/2024\/09\/img_1068-1024x768.jpg\" alt=\"\" class=\"wp-image-113572\" srcset=\"https:\/\/gentedebasquet.com.ar\/sitio\/wp-content\/uploads\/2024\/09\/img_1068-1024x768.jpg 1024w, https:\/\/gentedebasquet.com.ar\/sitio\/wp-content\/uploads\/2024\/09\/img_1068-300x225.jpg 300w, https:\/\/gentedebasquet.com.ar\/sitio\/wp-content\/uploads\/2024\/09\/img_1068-768x576.jpg 768w, https:\/\/gentedebasquet.com.ar\/sitio\/wp-content\/uploads\/2024\/09\/img_1068-1536x1152.jpg 1536w, https:\/\/gentedebasquet.com.ar\/sitio\/wp-content\/uploads\/2024\/09\/img_1068-750x563.jpg 750w, https:\/\/gentedebasquet.com.ar\/sitio\/wp-content\/uploads\/2024\/09\/img_1068-1140x855.jpg 1140w, https:\/\/gentedebasquet.com.ar\/sitio\/wp-content\/uploads\/2024\/09\/img_1068.jpg 2000w\" sizes=\"(max-width: 1024px) 100vw, 1024px\" \/><\/figure>\n\n\n\n<blockquote class=\"wp-block-quote is-layout-flow wp-block-quote-is-layout-flow\">\n<p>\u00abArrancamos muy bien, sabiamos que la clave era arrancar fuerte atr\u00e1s, despu\u00e9s tenemos buena mano en varios jugadores. Estamos convencidos de que si mejoramos en defensa vamos a estar en el lote de arriba. Los partidos se rompen cuando entramos en nuestra rotaci\u00f3n, esa va a ser la clave para todo el torneo.\u00bb<strong>&nbsp;Juan Pedro Paronetto, Pueyrredon.<\/strong><\/p>\n<\/blockquote>\n\n\n\n<figure class=\"wp-block-image\"><img decoding=\"async\" width=\"300\" height=\"250\" src=\"http:\/\/gentedebasquet.com.ar\/sitio\/wp-content\/uploads\/2023\/11\/Gif-Publicidades-3-1.gif\" alt=\"\" class=\"wp-image-109913\" \/><\/figure>\n\n\n\n<p><strong>S\u00edntesis \u2013 Segunda \u2013 Fecha 7<\/strong><\/p>\n\n\n\n<p><strong>Pueyrredon 97:<\/strong> Julian Casalini (16), Gast\u00f3n Rivera (8), Juan Pedro Paronetto (27), Juan Scattolini (14), Nicol\u00e1s Renzi (11) (FI); Genaro Brescia (0), Santiago Bertoni (0), Luciano Vecchi (7), Gonzalo Sagasti (x) (5), Baltazar Borda (0), David Pineda (9). <strong>DT: Andr\u00e9s Iannamico.<\/strong><\/p>\n\n\n\n<p><strong>La Falda 78:<\/strong>&nbsp;Pablo Amigo (5), Germ\u00e1n Fern\u00e1ndez Vita (20), Lautaro Krieg (9), Mat\u00edas Cuchetti (13), Federico Ceballos (1) (FI); Tob\u00edas P\u00e9rez Vel\u00e1zquez (6), Franco Riccio (5), Valentino Copreni (9).<strong>&nbsp;DT: Juan Miguel Vigna.&nbsp;<\/strong><\/p>\n\n\n\n<p><strong>Parciales<\/strong>: 28-12, 53-29, (25-17), 81-43 (28-14), 97-68 (16-25).<\/p>\n\n\n\n<p><strong>\u00c1rbitros<\/strong>: Juan Gabriel Jaramillo \u2013 Ariel Di Marco \u2013 Lucas Mazzarini<\/p>\n\n\n\n<p><strong>Estadio<\/strong>: Vicente Palermo (Pueyrredon)<\/p>\n\n\n\n<p><strong>Fotos:<\/strong> Santiago Guerrero<\/p>\n\n\n\n<figure class=\"wp-block-image\"><img decoding=\"async\" width=\"300\" height=\"250\" src=\"http:\/\/gentedebasquet.com.ar\/sitio\/wp-content\/uploads\/2023\/11\/Gif-Publicidades-4-1-1.gif\" alt=\"\" class=\"wp-image-109914\" \/><\/figure>\n\n\n\n<figure class=\"wp-block-image size-large wp-block-embed is-type-video is-provider-youtube wp-block-embed-youtube wp-embed-aspect-16-9 wp-has-aspect-ratio\"><img decoding=\"async\" width=\"1024\" height=\"683\" src=\"http:\/\/gentedebasquet.com.ar\/sitio\/wp-content\/uploads\/2024\/09\/img_1073-1-1024x683.jpg\" alt=\"\" class=\"wp-image-113581\" srcset=\"https:\/\/gentedebasquet.com.ar\/sitio\/wp-content\/uploads\/2024\/09\/img_1073-1-1024x683.jpg 1024w, https:\/\/gentedebasquet.com.ar\/sitio\/wp-content\/uploads\/2024\/09\/img_1073-1-300x200.jpg 300w, https:\/\/gentedebasquet.com.ar\/sitio\/wp-content\/uploads\/2024\/09\/img_1073-1-768x512.jpg 768w, https:\/\/gentedebasquet.com.ar\/sitio\/wp-content\/uploads\/2024\/09\/img_1073-1-1536x1024.jpg 1536w, https:\/\/gentedebasquet.com.ar\/sitio\/wp-content\/uploads\/2024\/09\/img_1073-1-750x500.jpg 750w, https:\/\/gentedebasquet.com.ar\/sitio\/wp-content\/uploads\/2024\/09\/img_1073-1-1140x760.jpg 1140w, https:\/\/gentedebasquet.com.ar\/sitio\/wp-content\/uploads\/2024\/09\/img_1073-1.jpg 1920w\" sizes=\"(max-width: 1024px) 100vw, 1024px\" \/><\/figure>\n","protected":false},"excerpt":{"rendered":"<p>Pueyrredon mostr\u00f3 su dominio desde el principio del juego y venci\u00f3 sin sobresaltos a La Falda por 97-68. El cotejo comenz\u00f3 con el Purre estampando un 13-3 de parcial en 5 minutos, que deriv\u00f3 en minuto visitante. En el mismo fue mucho m\u00e1s que La Falda y sac\u00f3 +15 de ventaja, adem\u00e1s de aprovechar cada [&hellip;]<\/p>\n","protected":false},"author":82,"featured_media":113606,"comment_status":"closed","ping_status":"open","sticky":false,"template":"","format":"standard","meta":{"jnews-multi-image_gallery":[],"jnews_single_post":{"source_name":"","source_url":"","via_name":"","via_url":"","override_template":"0","override":[{"template":"1","single_blog_custom":"","parallax":"1","fullscreen":"1","layout":"right-sidebar","sidebar":"default-sidebar","second_sidebar":"default-sidebar","sticky_sidebar":"1","share_position":"top","share_float_style":"share-monocrhome","show_share_counter":"0","show_view_counter":"0","show_featured":"1","show_post_meta":"1","show_post_author":"1","show_post_author_image":"0","show_post_date":"1","post_date_format":"default","post_date_format_custom":"Y\/m\/d","show_post_category":"1","show_post_reading_time":"0","post_reading_time_wpm":"300","show_zoom_button":"0","zoom_button_out_step":"2","zoom_button_in_step":"3","show_post_tag":"1","show_prev_next_post":"1","show_popup_post":"0","number_popup_post":"1","show_author_box":"0","show_post_related":"0","show_inline_post_related":"0"}],"override_image_size":"0","image_override":[{"single_post_thumbnail_size":"crop-500","single_post_gallery_size":"crop-500"}],"trending_post":"0","trending_post_position":"meta","trending_post_label":"Trending","sponsored_post":"0","sponsored_post_label":"Sponsored by","sponsored_post_name":"","sponsored_post_url":"","sponsored_post_logo_enable":"0","sponsored_post_logo":"","sponsored_post_desc":"","disable_ad":"0"},"jnews_primary_category":{"id":"","hide":""},"footnotes":""},"categories":[25,101],"tags":[1910,13,18,1855,503],"class_list":["post-113577","post","type-post","status-publish","format-standard","has-post-thumbnail","hentry","category-segunda","category-slide","tag-juan-pedro-paronetto","tag-la-falda","tag-pueyrredon","tag-segunda","tag-segunda-division"],"yoast_head":"<!-- This site is optimized with the Yoast SEO plugin v27.5 - https:\/\/yoast.com\/product\/yoast-seo-wordpress\/ -->\n<title>Pueyrredon sac\u00f3 29 de mano - Gente de B\u00e1squet<\/title>\n<meta name=\"robots\" content=\"index, follow, max-snippet:-1, max-image-preview:large, max-video-preview:-1\" \/>\n<link rel=\"canonical\" href=\"https:\/\/gentedebasquet.com.ar\/sitio\/2024\/09\/18\/pueyrredon-saco-29-de-mano\/\" \/>\n<meta property=\"og:locale\" content=\"es_ES\" \/>\n<meta property=\"og:type\" content=\"article\" \/>\n<meta property=\"og:title\" content=\"Pueyrredon sac\u00f3 29 de mano - Gente de B\u00e1squet\" \/>\n<meta property=\"og:description\" content=\"Pueyrredon mostr\u00f3 su dominio desde el principio del juego y venci\u00f3 sin sobresaltos a La Falda por 97-68. El cotejo comenz\u00f3 con el Purre estampando un 13-3 de parcial en 5 minutos, que deriv\u00f3 en minuto visitante. En el mismo fue mucho m\u00e1s que La Falda y sac\u00f3 +15 de ventaja, adem\u00e1s de aprovechar cada [&hellip;]\" \/>\n<meta property=\"og:url\" content=\"https:\/\/gentedebasquet.com.ar\/sitio\/2024\/09\/18\/pueyrredon-saco-29-de-mano\/\" \/>\n<meta property=\"og:site_name\" content=\"Gente de B\u00e1squet\" \/>\n<meta property=\"article:published_time\" content=\"2024-09-18T03:46:22+00:00\" \/>\n<meta property=\"article:modified_time\" content=\"2024-09-18T14:26:24+00:00\" \/>\n<meta property=\"og:image\" content=\"https:\/\/gentedebasquet.com.ar\/sitio\/wp-content\/uploads\/2024\/09\/img_1076-1.jpg\" \/>\n\t<meta property=\"og:image:width\" content=\"1920\" \/>\n\t<meta property=\"og:image:height\" content=\"1280\" \/>\n\t<meta property=\"og:image:type\" content=\"image\/jpeg\" \/>\n<meta name=\"author\" content=\"Manuel Lacerenza\" \/>\n<meta name=\"twitter:card\" content=\"summary_large_image\" \/>\n<meta name=\"twitter:label1\" content=\"Escrito por\" \/>\n\t<meta name=\"twitter:data1\" content=\"Manuel Lacerenza\" \/>\n\t<meta name=\"twitter:label2\" content=\"Tiempo de lectura\" \/>\n\t<meta name=\"twitter:data2\" content=\"4 minutos\" \/>\n<script type=\"application\/ld+json\" class=\"yoast-schema-graph\">{\"@context\":\"https:\\\/\\\/schema.org\",\"@graph\":[{\"@type\":\"Article\",\"@id\":\"https:\\\/\\\/gentedebasquet.com.ar\\\/sitio\\\/2024\\\/09\\\/18\\\/pueyrredon-saco-29-de-mano\\\/#article\",\"isPartOf\":{\"@id\":\"https:\\\/\\\/gentedebasquet.com.ar\\\/sitio\\\/2024\\\/09\\\/18\\\/pueyrredon-saco-29-de-mano\\\/\"},\"author\":{\"name\":\"Manuel Lacerenza\",\"@id\":\"https:\\\/\\\/gentedebasquet.com.ar\\\/sitio\\\/#\\\/schema\\\/person\\\/643357fb6a37b5549c9cfe9f339c9f1b\"},\"headline\":\"Pueyrredon sac\u00f3 29 de mano\",\"datePublished\":\"2024-09-18T03:46:22+00:00\",\"dateModified\":\"2024-09-18T14:26:24+00:00\",\"mainEntityOfPage\":{\"@id\":\"https:\\\/\\\/gentedebasquet.com.ar\\\/sitio\\\/2024\\\/09\\\/18\\\/pueyrredon-saco-29-de-mano\\\/\"},\"wordCount\":405,\"image\":{\"@id\":\"https:\\\/\\\/gentedebasquet.com.ar\\\/sitio\\\/2024\\\/09\\\/18\\\/pueyrredon-saco-29-de-mano\\\/#primaryimage\"},\"thumbnailUrl\":\"https:\\\/\\\/gentedebasquet.com.ar\\\/sitio\\\/wp-content\\\/uploads\\\/2024\\\/09\\\/img_1076-1.jpg\",\"keywords\":[\"Juan Pedro Paronetto\",\"La Falda\",\"Pueyrredon\",\"Segunda\",\"Segunda Divisi\u00f3n\"],\"articleSection\":[\"Segunda\",\"Slide\"],\"inLanguage\":\"es\"},{\"@type\":\"WebPage\",\"@id\":\"https:\\\/\\\/gentedebasquet.com.ar\\\/sitio\\\/2024\\\/09\\\/18\\\/pueyrredon-saco-29-de-mano\\\/\",\"url\":\"https:\\\/\\\/gentedebasquet.com.ar\\\/sitio\\\/2024\\\/09\\\/18\\\/pueyrredon-saco-29-de-mano\\\/\",\"name\":\"Pueyrredon sac\u00f3 29 de mano - Gente de B\u00e1squet\",\"isPartOf\":{\"@id\":\"https:\\\/\\\/gentedebasquet.com.ar\\\/sitio\\\/#website\"},\"primaryImageOfPage\":{\"@id\":\"https:\\\/\\\/gentedebasquet.com.ar\\\/sitio\\\/2024\\\/09\\\/18\\\/pueyrredon-saco-29-de-mano\\\/#primaryimage\"},\"image\":{\"@id\":\"https:\\\/\\\/gentedebasquet.com.ar\\\/sitio\\\/2024\\\/09\\\/18\\\/pueyrredon-saco-29-de-mano\\\/#primaryimage\"},\"thumbnailUrl\":\"https:\\\/\\\/gentedebasquet.com.ar\\\/sitio\\\/wp-content\\\/uploads\\\/2024\\\/09\\\/img_1076-1.jpg\",\"datePublished\":\"2024-09-18T03:46:22+00:00\",\"dateModified\":\"2024-09-18T14:26:24+00:00\",\"author\":{\"@id\":\"https:\\\/\\\/gentedebasquet.com.ar\\\/sitio\\\/#\\\/schema\\\/person\\\/643357fb6a37b5549c9cfe9f339c9f1b\"},\"breadcrumb\":{\"@id\":\"https:\\\/\\\/gentedebasquet.com.ar\\\/sitio\\\/2024\\\/09\\\/18\\\/pueyrredon-saco-29-de-mano\\\/#breadcrumb\"},\"inLanguage\":\"es\",\"potentialAction\":[{\"@type\":\"ReadAction\",\"target\":[\"https:\\\/\\\/gentedebasquet.com.ar\\\/sitio\\\/2024\\\/09\\\/18\\\/pueyrredon-saco-29-de-mano\\\/\"]}]},{\"@type\":\"ImageObject\",\"inLanguage\":\"es\",\"@id\":\"https:\\\/\\\/gentedebasquet.com.ar\\\/sitio\\\/2024\\\/09\\\/18\\\/pueyrredon-saco-29-de-mano\\\/#primaryimage\",\"url\":\"https:\\\/\\\/gentedebasquet.com.ar\\\/sitio\\\/wp-content\\\/uploads\\\/2024\\\/09\\\/img_1076-1.jpg\",\"contentUrl\":\"https:\\\/\\\/gentedebasquet.com.ar\\\/sitio\\\/wp-content\\\/uploads\\\/2024\\\/09\\\/img_1076-1.jpg\",\"width\":1920,\"height\":1280},{\"@type\":\"BreadcrumbList\",\"@id\":\"https:\\\/\\\/gentedebasquet.com.ar\\\/sitio\\\/2024\\\/09\\\/18\\\/pueyrredon-saco-29-de-mano\\\/#breadcrumb\",\"itemListElement\":[{\"@type\":\"ListItem\",\"position\":1,\"name\":\"Portada\",\"item\":\"https:\\\/\\\/gentedebasquet.com.ar\\\/sitio\\\/\"},{\"@type\":\"ListItem\",\"position\":2,\"name\":\"Pueyrredon sac\u00f3 29 de mano\"}]},{\"@type\":\"WebSite\",\"@id\":\"https:\\\/\\\/gentedebasquet.com.ar\\\/sitio\\\/#website\",\"url\":\"https:\\\/\\\/gentedebasquet.com.ar\\\/sitio\\\/\",\"name\":\"Gente de B\u00e1squet\",\"description\":\"La revista del basquet de Bah\u00eda Blanca\",\"potentialAction\":[{\"@type\":\"SearchAction\",\"target\":{\"@type\":\"EntryPoint\",\"urlTemplate\":\"https:\\\/\\\/gentedebasquet.com.ar\\\/sitio\\\/?s={search_term_string}\"},\"query-input\":{\"@type\":\"PropertyValueSpecification\",\"valueRequired\":true,\"valueName\":\"search_term_string\"}}],\"inLanguage\":\"es\"},{\"@type\":\"Person\",\"@id\":\"https:\\\/\\\/gentedebasquet.com.ar\\\/sitio\\\/#\\\/schema\\\/person\\\/643357fb6a37b5549c9cfe9f339c9f1b\",\"name\":\"Manuel Lacerenza\",\"image\":{\"@type\":\"ImageObject\",\"inLanguage\":\"es\",\"@id\":\"https:\\\/\\\/secure.gravatar.com\\\/avatar\\\/6a427d587bd181ca8afd828e8cf364f233c5cbe5b8a1332b92ea42687ad97845?s=96&d=mm&r=g\",\"url\":\"https:\\\/\\\/secure.gravatar.com\\\/avatar\\\/6a427d587bd181ca8afd828e8cf364f233c5cbe5b8a1332b92ea42687ad97845?s=96&d=mm&r=g\",\"contentUrl\":\"https:\\\/\\\/secure.gravatar.com\\\/avatar\\\/6a427d587bd181ca8afd828e8cf364f233c5cbe5b8a1332b92ea42687ad97845?s=96&d=mm&r=g\",\"caption\":\"Manuel Lacerenza\"},\"url\":\"https:\\\/\\\/gentedebasquet.com.ar\\\/sitio\\\/author\\\/manuel\\\/\"}]}<\/script>\n<!-- \/ Yoast SEO plugin. -->","yoast_head_json":{"title":"Pueyrredon sac\u00f3 29 de mano - Gente de B\u00e1squet","robots":{"index":"index","follow":"follow","max-snippet":"max-snippet:-1","max-image-preview":"max-image-preview:large","max-video-preview":"max-video-preview:-1"},"canonical":"https:\/\/gentedebasquet.com.ar\/sitio\/2024\/09\/18\/pueyrredon-saco-29-de-mano\/","og_locale":"es_ES","og_type":"article","og_title":"Pueyrredon sac\u00f3 29 de mano - Gente de B\u00e1squet","og_description":"Pueyrredon mostr\u00f3 su dominio desde el principio del juego y venci\u00f3 sin sobresaltos a La Falda por 97-68. El cotejo comenz\u00f3 con el Purre estampando un 13-3 de parcial en 5 minutos, que deriv\u00f3 en minuto visitante. En el mismo fue mucho m\u00e1s que La Falda y sac\u00f3 +15 de ventaja, adem\u00e1s de aprovechar cada [&hellip;]","og_url":"https:\/\/gentedebasquet.com.ar\/sitio\/2024\/09\/18\/pueyrredon-saco-29-de-mano\/","og_site_name":"Gente de B\u00e1squet","article_published_time":"2024-09-18T03:46:22+00:00","article_modified_time":"2024-09-18T14:26:24+00:00","og_image":[{"width":1920,"height":1280,"url":"https:\/\/gentedebasquet.com.ar\/sitio\/wp-content\/uploads\/2024\/09\/img_1076-1.jpg","type":"image\/jpeg"}],"author":"Manuel Lacerenza","twitter_card":"summary_large_image","twitter_misc":{"Escrito por":"Manuel Lacerenza","Tiempo de lectura":"4 minutos"},"schema":{"@context":"https:\/\/schema.org","@graph":[{"@type":"Article","@id":"https:\/\/gentedebasquet.com.ar\/sitio\/2024\/09\/18\/pueyrredon-saco-29-de-mano\/#article","isPartOf":{"@id":"https:\/\/gentedebasquet.com.ar\/sitio\/2024\/09\/18\/pueyrredon-saco-29-de-mano\/"},"author":{"name":"Manuel Lacerenza","@id":"https:\/\/gentedebasquet.com.ar\/sitio\/#\/schema\/person\/643357fb6a37b5549c9cfe9f339c9f1b"},"headline":"Pueyrredon sac\u00f3 29 de mano","datePublished":"2024-09-18T03:46:22+00:00","dateModified":"2024-09-18T14:26:24+00:00","mainEntityOfPage":{"@id":"https:\/\/gentedebasquet.com.ar\/sitio\/2024\/09\/18\/pueyrredon-saco-29-de-mano\/"},"wordCount":405,"image":{"@id":"https:\/\/gentedebasquet.com.ar\/sitio\/2024\/09\/18\/pueyrredon-saco-29-de-mano\/#primaryimage"},"thumbnailUrl":"https:\/\/gentedebasquet.com.ar\/sitio\/wp-content\/uploads\/2024\/09\/img_1076-1.jpg","keywords":["Juan Pedro Paronetto","La Falda","Pueyrredon","Segunda","Segunda Divisi\u00f3n"],"articleSection":["Segunda","Slide"],"inLanguage":"es"},{"@type":"WebPage","@id":"https:\/\/gentedebasquet.com.ar\/sitio\/2024\/09\/18\/pueyrredon-saco-29-de-mano\/","url":"https:\/\/gentedebasquet.com.ar\/sitio\/2024\/09\/18\/pueyrredon-saco-29-de-mano\/","name":"Pueyrredon sac\u00f3 29 de mano - Gente de B\u00e1squet","isPartOf":{"@id":"https:\/\/gentedebasquet.com.ar\/sitio\/#website"},"primaryImageOfPage":{"@id":"https:\/\/gentedebasquet.com.ar\/sitio\/2024\/09\/18\/pueyrredon-saco-29-de-mano\/#primaryimage"},"image":{"@id":"https:\/\/gentedebasquet.com.ar\/sitio\/2024\/09\/18\/pueyrredon-saco-29-de-mano\/#primaryimage"},"thumbnailUrl":"https:\/\/gentedebasquet.com.ar\/sitio\/wp-content\/uploads\/2024\/09\/img_1076-1.jpg","datePublished":"2024-09-18T03:46:22+00:00","dateModified":"2024-09-18T14:26:24+00:00","author":{"@id":"https:\/\/gentedebasquet.com.ar\/sitio\/#\/schema\/person\/643357fb6a37b5549c9cfe9f339c9f1b"},"breadcrumb":{"@id":"https:\/\/gentedebasquet.com.ar\/sitio\/2024\/09\/18\/pueyrredon-saco-29-de-mano\/#breadcrumb"},"inLanguage":"es","potentialAction":[{"@type":"ReadAction","target":["https:\/\/gentedebasquet.com.ar\/sitio\/2024\/09\/18\/pueyrredon-saco-29-de-mano\/"]}]},{"@type":"ImageObject","inLanguage":"es","@id":"https:\/\/gentedebasquet.com.ar\/sitio\/2024\/09\/18\/pueyrredon-saco-29-de-mano\/#primaryimage","url":"https:\/\/gentedebasquet.com.ar\/sitio\/wp-content\/uploads\/2024\/09\/img_1076-1.jpg","contentUrl":"https:\/\/gentedebasquet.com.ar\/sitio\/wp-content\/uploads\/2024\/09\/img_1076-1.jpg","width":1920,"height":1280},{"@type":"BreadcrumbList","@id":"https:\/\/gentedebasquet.com.ar\/sitio\/2024\/09\/18\/pueyrredon-saco-29-de-mano\/#breadcrumb","itemListElement":[{"@type":"ListItem","position":1,"name":"Portada","item":"https:\/\/gentedebasquet.com.ar\/sitio\/"},{"@type":"ListItem","position":2,"name":"Pueyrredon sac\u00f3 29 de mano"}]},{"@type":"WebSite","@id":"https:\/\/gentedebasquet.com.ar\/sitio\/#website","url":"https:\/\/gentedebasquet.com.ar\/sitio\/","name":"Gente de B\u00e1squet","description":"La revista del basquet de Bah\u00eda Blanca","potentialAction":[{"@type":"SearchAction","target":{"@type":"EntryPoint","urlTemplate":"https:\/\/gentedebasquet.com.ar\/sitio\/?s={search_term_string}"},"query-input":{"@type":"PropertyValueSpecification","valueRequired":true,"valueName":"search_term_string"}}],"inLanguage":"es"},{"@type":"Person","@id":"https:\/\/gentedebasquet.com.ar\/sitio\/#\/schema\/person\/643357fb6a37b5549c9cfe9f339c9f1b","name":"Manuel Lacerenza","image":{"@type":"ImageObject","inLanguage":"es","@id":"https:\/\/secure.gravatar.com\/avatar\/6a427d587bd181ca8afd828e8cf364f233c5cbe5b8a1332b92ea42687ad97845?s=96&d=mm&r=g","url":"https:\/\/secure.gravatar.com\/avatar\/6a427d587bd181ca8afd828e8cf364f233c5cbe5b8a1332b92ea42687ad97845?s=96&d=mm&r=g","contentUrl":"https:\/\/secure.gravatar.com\/avatar\/6a427d587bd181ca8afd828e8cf364f233c5cbe5b8a1332b92ea42687ad97845?s=96&d=mm&r=g","caption":"Manuel Lacerenza"},"url":"https:\/\/gentedebasquet.com.ar\/sitio\/author\/manuel\/"}]}},"_links":{"self":[{"href":"https:\/\/gentedebasquet.com.ar\/sitio\/wp-json\/wp\/v2\/posts\/113577","targetHints":{"allow":["GET"]}}],"collection":[{"href":"https:\/\/gentedebasquet.com.ar\/sitio\/wp-json\/wp\/v2\/posts"}],"about":[{"href":"https:\/\/gentedebasquet.com.ar\/sitio\/wp-json\/wp\/v2\/types\/post"}],"author":[{"embeddable":true,"href":"https:\/\/gentedebasquet.com.ar\/sitio\/wp-json\/wp\/v2\/users\/82"}],"replies":[{"embeddable":true,"href":"https:\/\/gentedebasquet.com.ar\/sitio\/wp-json\/wp\/v2\/comments?post=113577"}],"version-history":[{"count":9,"href":"https:\/\/gentedebasquet.com.ar\/sitio\/wp-json\/wp\/v2\/posts\/113577\/revisions"}],"predecessor-version":[{"id":113608,"href":"https:\/\/gentedebasquet.com.ar\/sitio\/wp-json\/wp\/v2\/posts\/113577\/revisions\/113608"}],"wp:featuredmedia":[{"embeddable":true,"href":"https:\/\/gentedebasquet.com.ar\/sitio\/wp-json\/wp\/v2\/media\/113606"}],"wp:attachment":[{"href":"https:\/\/gentedebasquet.com.ar\/sitio\/wp-json\/wp\/v2\/media?parent=113577"}],"wp:term":[{"taxonomy":"category","embeddable":true,"href":"https:\/\/gentedebasquet.com.ar\/sitio\/wp-json\/wp\/v2\/categories?post=113577"},{"taxonomy":"post_tag","embeddable":true,"href":"https:\/\/gentedebasquet.com.ar\/sitio\/wp-json\/wp\/v2\/tags?post=113577"}],"curies":[{"name":"wp","href":"https:\/\/api.w.org\/{rel}","templated":true}]}}