{"id":114006,"date":"2024-10-10T14:27:43","date_gmt":"2024-10-10T12:27:43","guid":{"rendered":"https:\/\/gentedebasquet.com.ar\/sitio\/?p=114006"},"modified":"2024-10-10T16:21:04","modified_gmt":"2024-10-10T14:21:04","slug":"9-de-julio-impuso-su-calidad-contra-altense","status":"publish","type":"post","link":"https:\/\/gentedebasquet.com.ar\/sitio\/2024\/10\/10\/9-de-julio-impuso-su-calidad-contra-altense\/","title":{"rendered":"9 de Julio impuso su calidad contra Altense"},"content":{"rendered":"<p><strong>En el estadio N\u00e9stor Damiani el equipo local consigui\u00f3 una nueva y convincente victoria frente a su par de Punta Alta, en lo que fue uno de los encuentros de la fecha 5 del campeonato femenino superior. Ileana Corval\u00e1n estuvo cerca de un triple-doble y fue la figura principal del cotejo: 23 puntos, 12 rebotes y 8 asistencias. Del lado visitante Carolina Mamani fue goleadora con 6 unidades.<\/strong><\/p>\n<p><strong>9 de Julio marc\u00f3 el ritmo desde el arranque del juego. Jessica Azaroff fue una de sus jugadoras m\u00e1s influyentes en el momento, sobresali\u00f3 corrigiendo tiros de sus compa\u00f1eras y reboteando. Por su parte Altense estuvo limitado en este tramo y en gran parte del cotejo a esperar un mal lanzamiento del rival para poder rebotear y definir en velocidad del otro lado. 28-7 fue el resultado con el que las locales ganaron el primer cuarto.<\/strong><\/p>\n<p><strong>La ansiedad de Altense por bajar la diferencia hizo que lleve a cabo ataques poco productivos, con lanzamientos apurados. Esto le facilit\u00f3 las cosas a su rival, que atrap\u00f3 las pelotas sueltas y agreg\u00f3 unos cuantos puntos a su cuenta por la v\u00eda del contraataque r\u00e1pido.<\/strong><\/p>\n<p><strong>Altense tuvo m\u00e1s \u00e9xito con sus ataques en la zona pintada que en el per\u00edmetro. No convirti\u00f3 ninguno de los 16 triples que tir\u00f3 en la noche. En ese rubro 9 de Julio finaliz\u00f3 con el 42% de acierto (8 de 19). Anahel Maurer, con tres aciertos, y Corval\u00e1n con 4 fueron las mejores desde la larga distancia.<\/strong><\/p>\n<p><strong>Gracias a la amplia ventaja a su favor el cuerpo t\u00e9cnico del equipo azul pudo darle rotaci\u00f3n a todo el plantel. Fue en uno de estos cambios de protagonistas que entr\u00f3 por primera vez a un partido de la categor\u00eda la reciente campeona provincial U15 con la selecci\u00f3n bahiense, Isabella Larrasolo. La debutante jug\u00f3 los siete minutos que restaban para finalizar el partido y en ese tiempo convirti\u00f3 siete puntos (dos dobles y tres simples).\u00a0<\/strong><\/p>\n<p><strong>Ahora 9 de Julio tiene m\u00e1s victorias que derrotas en el torneo, 3-2. En la pr\u00f3xima fecha (que se jugar\u00eda el mi\u00e9rcoles pr\u00f3ximo) visitar\u00e1 a Argentino. Altense deber\u00e1 recibir a Bahiense del Norte.<\/strong><\/p>\n<p><strong>\u00a0\u00a0<\/strong><\/p>\n<p>&nbsp;<\/p>\n<div class=\"jeg_video_container jeg_video_content\">\n<div class=\"jeg_video_container jeg_video_content\"><iframe loading=\"lazy\" title=\"#PrimeraFemenina - Fecha #5 : 9 de Julio 95 - 20 Altense\" width=\"500\" height=\"281\" src=\"https:\/\/www.youtube.com\/embed\/U5O8DhRDulc?feature=oembed\" frameborder=\"0\" allow=\"accelerometer; autoplay; clipboard-write; encrypted-media; gyroscope; picture-in-picture; web-share\" referrerpolicy=\"strict-origin-when-cross-origin\" allowfullscreen><\/iframe><\/div>\n<\/div>\n<p><img decoding=\"async\" class=\"alignnone wp-image-114012 \" src=\"http:\/\/gentedebasquet.com.ar\/sitio\/wp-content\/uploads\/2024\/10\/CLAVE9pibas-300x300.png\" alt=\"\" width=\"460\" height=\"460\" srcset=\"https:\/\/gentedebasquet.com.ar\/sitio\/wp-content\/uploads\/2024\/10\/CLAVE9pibas-300x300.png 300w, https:\/\/gentedebasquet.com.ar\/sitio\/wp-content\/uploads\/2024\/10\/CLAVE9pibas-1024x1024.png 1024w, https:\/\/gentedebasquet.com.ar\/sitio\/wp-content\/uploads\/2024\/10\/CLAVE9pibas-150x150.png 150w, https:\/\/gentedebasquet.com.ar\/sitio\/wp-content\/uploads\/2024\/10\/CLAVE9pibas-768x768.png 768w, https:\/\/gentedebasquet.com.ar\/sitio\/wp-content\/uploads\/2024\/10\/CLAVE9pibas-1536x1536.png 1536w, https:\/\/gentedebasquet.com.ar\/sitio\/wp-content\/uploads\/2024\/10\/CLAVE9pibas-75x75.png 75w, https:\/\/gentedebasquet.com.ar\/sitio\/wp-content\/uploads\/2024\/10\/CLAVE9pibas-350x350.png 350w, https:\/\/gentedebasquet.com.ar\/sitio\/wp-content\/uploads\/2024\/10\/CLAVE9pibas-750x750.png 750w, https:\/\/gentedebasquet.com.ar\/sitio\/wp-content\/uploads\/2024\/10\/CLAVE9pibas-1140x1140.png 1140w, https:\/\/gentedebasquet.com.ar\/sitio\/wp-content\/uploads\/2024\/10\/CLAVE9pibas.png 2000w\" sizes=\"(max-width: 460px) 100vw, 460px\" \/><\/p>\n<p>&nbsp;<\/p>\n<blockquote><p>&nbsp;<\/p>\n<p>&nbsp;<\/p>\n<p><img decoding=\"async\" class=\"alignnone wp-image-114013 \" src=\"http:\/\/gentedebasquet.com.ar\/sitio\/wp-content\/uploads\/2024\/10\/MVP9DJ-pibas-300x300.png\" alt=\"\" width=\"484\" height=\"484\" data-pin-no-hover=\"true\" srcset=\"https:\/\/gentedebasquet.com.ar\/sitio\/wp-content\/uploads\/2024\/10\/MVP9DJ-pibas-300x300.png 300w, https:\/\/gentedebasquet.com.ar\/sitio\/wp-content\/uploads\/2024\/10\/MVP9DJ-pibas-1024x1024.png 1024w, https:\/\/gentedebasquet.com.ar\/sitio\/wp-content\/uploads\/2024\/10\/MVP9DJ-pibas-150x150.png 150w, https:\/\/gentedebasquet.com.ar\/sitio\/wp-content\/uploads\/2024\/10\/MVP9DJ-pibas-768x768.png 768w, https:\/\/gentedebasquet.com.ar\/sitio\/wp-content\/uploads\/2024\/10\/MVP9DJ-pibas-1536x1536.png 1536w, https:\/\/gentedebasquet.com.ar\/sitio\/wp-content\/uploads\/2024\/10\/MVP9DJ-pibas-75x75.png 75w, https:\/\/gentedebasquet.com.ar\/sitio\/wp-content\/uploads\/2024\/10\/MVP9DJ-pibas-350x350.png 350w, https:\/\/gentedebasquet.com.ar\/sitio\/wp-content\/uploads\/2024\/10\/MVP9DJ-pibas-750x750.png 750w, https:\/\/gentedebasquet.com.ar\/sitio\/wp-content\/uploads\/2024\/10\/MVP9DJ-pibas-1140x1140.png 1140w, https:\/\/gentedebasquet.com.ar\/sitio\/wp-content\/uploads\/2024\/10\/MVP9DJ-pibas.png 2000w\" sizes=\"(max-width: 484px) 100vw, 484px\" \/><\/p><\/blockquote>\n<p>&nbsp;<\/p>\n<p><strong>S\u00edntesis &#8211; Primera Femenina &#8211; Fecha #5<\/strong><\/p>\n<p><strong>9 de Julio 95 :<\/strong> Anahel Maurer 13; Ileana Corval\u00e1n 23; Emilia Fernandez 10; Victoria Martin 4; Jessica Azaroff 8 <strong>(F.I.)\u00a0<\/strong>Tamara Nieva 8; Bel\u00e9n Tombesi 7; Catalina Arena 7; Ail\u00edn Tellez 6; Celina Stempelet; Isabella Larrasolo 7; Isabella Rold\u00e1n. <strong>DT:<\/strong> Juli\u00e1n Turcato.<\/p>\n<p><strong>Altense 20 :<\/strong> Carolina Mamani 6; Dana Ort\u00edz 4; Luc\u00eda Fajina 4; Lucrecia Sosa; Pamela Zalazar 2 <strong>(F.I.)\u00a0<\/strong>Camila Capdevilla 4; Roc\u00edo Barrera; Nayla Rojas; Betina P\u00e1rraga; Iara Silbane; Lorena Velazquez. <strong>DT:\u00a0<\/strong>Bruno D&#8217;Amico.<\/p>\n<p><strong>Parciales:<\/strong> 28-7; 47-9 (19-2); 64-13 (17-4); 95-20 (31-7).<\/p>\n<p><strong>\u00c1rbitros:\u00a0<\/strong>Juan Jaramillo &#8211; Alexia Gonzalez.<\/p>\n<p><strong>Estadio: <\/strong>N\u00e9stor Damiani (9 de Julio).<\/p>\n<p>&nbsp;<\/p>\n<p><img decoding=\"async\" class=\"alignnone wp-image-114015 \" src=\"http:\/\/gentedebasquet.com.ar\/sitio\/wp-content\/uploads\/2024\/10\/vlcsnap-2024-10-10-08h54m06s906-300x169.png\" alt=\"\" width=\"703\" height=\"396\" srcset=\"https:\/\/gentedebasquet.com.ar\/sitio\/wp-content\/uploads\/2024\/10\/vlcsnap-2024-10-10-08h54m06s906-300x169.png 300w, https:\/\/gentedebasquet.com.ar\/sitio\/wp-content\/uploads\/2024\/10\/vlcsnap-2024-10-10-08h54m06s906-1024x576.png 1024w, https:\/\/gentedebasquet.com.ar\/sitio\/wp-content\/uploads\/2024\/10\/vlcsnap-2024-10-10-08h54m06s906-768x432.png 768w, https:\/\/gentedebasquet.com.ar\/sitio\/wp-content\/uploads\/2024\/10\/vlcsnap-2024-10-10-08h54m06s906-1536x864.png 1536w, https:\/\/gentedebasquet.com.ar\/sitio\/wp-content\/uploads\/2024\/10\/vlcsnap-2024-10-10-08h54m06s906-750x422.png 750w, https:\/\/gentedebasquet.com.ar\/sitio\/wp-content\/uploads\/2024\/10\/vlcsnap-2024-10-10-08h54m06s906-1140x641.png 1140w, https:\/\/gentedebasquet.com.ar\/sitio\/wp-content\/uploads\/2024\/10\/vlcsnap-2024-10-10-08h54m06s906.png 1920w\" sizes=\"(max-width: 703px) 100vw, 703px\" \/><\/p>\n","protected":false},"excerpt":{"rendered":"<p>En el estadio N\u00e9stor Damiani el equipo local consigui\u00f3 una nueva y convincente victoria frente a su par de Punta Alta, en lo que fue uno de los encuentros de la fecha 5 del campeonato femenino superior. Ileana Corval\u00e1n estuvo cerca de un triple-doble y fue la figura principal del cotejo: 23 puntos, 12 rebotes [&hellip;]<\/p>\n","protected":false},"author":70,"featured_media":114016,"comment_status":"open","ping_status":"open","sticky":false,"template":"","format":"standard","meta":{"jnews-multi-image_gallery":[],"jnews_single_post":{"source_name":"","source_url":"","via_name":"","via_url":"","override_template":"0","override":[{"template":"1","single_blog_custom":"","parallax":"1","fullscreen":"1","layout":"right-sidebar","sidebar":"default-sidebar","second_sidebar":"default-sidebar","sticky_sidebar":"1","share_position":"top","share_float_style":"share-monocrhome","show_share_counter":"0","show_view_counter":"0","show_featured":"1","show_post_meta":"1","show_post_author":"1","show_post_author_image":"0","show_post_date":"1","post_date_format":"default","post_date_format_custom":"Y\/m\/d","show_post_category":"1","show_post_reading_time":"0","post_reading_time_wpm":"300","show_zoom_button":"0","zoom_button_out_step":"2","zoom_button_in_step":"3","show_post_tag":"1","show_prev_next_post":"1","show_popup_post":"0","number_popup_post":"1","show_author_box":"0","show_post_related":"0","show_inline_post_related":"0"}],"override_image_size":"0","image_override":[{"single_post_thumbnail_size":"crop-500","single_post_gallery_size":"crop-500"}],"trending_post":"0","trending_post_position":"meta","trending_post_label":"Trending","sponsored_post":"0","sponsored_post_label":"Sponsored by","sponsored_post_name":"","sponsored_post_url":"","sponsored_post_logo_enable":"0","sponsored_post_logo":"","sponsored_post_desc":"","disable_ad":"0"},"jnews_primary_category":{"id":"","hide":""},"footnotes":""},"categories":[33,101],"tags":[2,213,1989,944],"class_list":["post-114006","post","type-post","status-publish","format-standard","has-post-thumbnail","hentry","category-femenino","category-slide","tag-9dejulio","tag-altense","tag-carolina-mamani","tag-ileana-corvalan"],"yoast_head":"<!-- This site is optimized with the Yoast SEO plugin v27.5 - https:\/\/yoast.com\/product\/yoast-seo-wordpress\/ -->\n<title>9 de Julio impuso su calidad contra Altense - Gente de B\u00e1squet<\/title>\n<meta name=\"robots\" content=\"index, follow, max-snippet:-1, max-image-preview:large, max-video-preview:-1\" \/>\n<link rel=\"canonical\" href=\"https:\/\/gentedebasquet.com.ar\/sitio\/2024\/10\/10\/9-de-julio-impuso-su-calidad-contra-altense\/\" \/>\n<meta property=\"og:locale\" content=\"es_ES\" \/>\n<meta property=\"og:type\" content=\"article\" \/>\n<meta property=\"og:title\" content=\"9 de Julio impuso su calidad contra Altense - Gente de B\u00e1squet\" \/>\n<meta property=\"og:description\" content=\"En el estadio N\u00e9stor Damiani el equipo local consigui\u00f3 una nueva y convincente victoria frente a su par de Punta Alta, en lo que fue uno de los encuentros de la fecha 5 del campeonato femenino superior. Ileana Corval\u00e1n estuvo cerca de un triple-doble y fue la figura principal del cotejo: 23 puntos, 12 rebotes [&hellip;]\" \/>\n<meta property=\"og:url\" content=\"https:\/\/gentedebasquet.com.ar\/sitio\/2024\/10\/10\/9-de-julio-impuso-su-calidad-contra-altense\/\" \/>\n<meta property=\"og:site_name\" content=\"Gente de B\u00e1squet\" \/>\n<meta property=\"article:published_time\" content=\"2024-10-10T12:27:43+00:00\" \/>\n<meta property=\"article:modified_time\" content=\"2024-10-10T14:21:04+00:00\" \/>\n<meta property=\"og:image\" content=\"https:\/\/gentedebasquet.com.ar\/sitio\/wp-content\/uploads\/2024\/10\/vlcsnap-2024-10-10-09h25m57s607.png\" \/>\n\t<meta property=\"og:image:width\" content=\"690\" \/>\n\t<meta property=\"og:image:height\" content=\"319\" \/>\n\t<meta property=\"og:image:type\" content=\"image\/png\" \/>\n<meta name=\"author\" content=\"Andres Camarero\" \/>\n<meta name=\"twitter:card\" content=\"summary_large_image\" \/>\n<meta name=\"twitter:label1\" content=\"Escrito por\" \/>\n\t<meta name=\"twitter:data1\" content=\"Andres Camarero\" \/>\n\t<meta name=\"twitter:label2\" content=\"Tiempo de lectura\" \/>\n\t<meta name=\"twitter:data2\" content=\"3 minutos\" \/>\n<script type=\"application\/ld+json\" class=\"yoast-schema-graph\">{\"@context\":\"https:\\\/\\\/schema.org\",\"@graph\":[{\"@type\":\"Article\",\"@id\":\"https:\\\/\\\/gentedebasquet.com.ar\\\/sitio\\\/2024\\\/10\\\/10\\\/9-de-julio-impuso-su-calidad-contra-altense\\\/#article\",\"isPartOf\":{\"@id\":\"https:\\\/\\\/gentedebasquet.com.ar\\\/sitio\\\/2024\\\/10\\\/10\\\/9-de-julio-impuso-su-calidad-contra-altense\\\/\"},\"author\":{\"name\":\"Andres Camarero\",\"@id\":\"https:\\\/\\\/gentedebasquet.com.ar\\\/sitio\\\/#\\\/schema\\\/person\\\/6f3e5bc5df127b420a445d22fc9eaa51\"},\"headline\":\"9 de Julio impuso su calidad contra Altense\",\"datePublished\":\"2024-10-10T12:27:43+00:00\",\"dateModified\":\"2024-10-10T14:21:04+00:00\",\"mainEntityOfPage\":{\"@id\":\"https:\\\/\\\/gentedebasquet.com.ar\\\/sitio\\\/2024\\\/10\\\/10\\\/9-de-julio-impuso-su-calidad-contra-altense\\\/\"},\"wordCount\":478,\"commentCount\":0,\"image\":{\"@id\":\"https:\\\/\\\/gentedebasquet.com.ar\\\/sitio\\\/2024\\\/10\\\/10\\\/9-de-julio-impuso-su-calidad-contra-altense\\\/#primaryimage\"},\"thumbnailUrl\":\"https:\\\/\\\/gentedebasquet.com.ar\\\/sitio\\\/wp-content\\\/uploads\\\/2024\\\/10\\\/vlcsnap-2024-10-10-09h25m57s607.png\",\"keywords\":[\"9 de Julio\",\"Altense\",\"Carolina Mamani\",\"Ileana Corval\u00e1n\"],\"articleSection\":[\"Femenino\",\"Slide\"],\"inLanguage\":\"es\",\"potentialAction\":[{\"@type\":\"CommentAction\",\"name\":\"Comment\",\"target\":[\"https:\\\/\\\/gentedebasquet.com.ar\\\/sitio\\\/2024\\\/10\\\/10\\\/9-de-julio-impuso-su-calidad-contra-altense\\\/#respond\"]}]},{\"@type\":\"WebPage\",\"@id\":\"https:\\\/\\\/gentedebasquet.com.ar\\\/sitio\\\/2024\\\/10\\\/10\\\/9-de-julio-impuso-su-calidad-contra-altense\\\/\",\"url\":\"https:\\\/\\\/gentedebasquet.com.ar\\\/sitio\\\/2024\\\/10\\\/10\\\/9-de-julio-impuso-su-calidad-contra-altense\\\/\",\"name\":\"9 de Julio impuso su calidad contra Altense - Gente de B\u00e1squet\",\"isPartOf\":{\"@id\":\"https:\\\/\\\/gentedebasquet.com.ar\\\/sitio\\\/#website\"},\"primaryImageOfPage\":{\"@id\":\"https:\\\/\\\/gentedebasquet.com.ar\\\/sitio\\\/2024\\\/10\\\/10\\\/9-de-julio-impuso-su-calidad-contra-altense\\\/#primaryimage\"},\"image\":{\"@id\":\"https:\\\/\\\/gentedebasquet.com.ar\\\/sitio\\\/2024\\\/10\\\/10\\\/9-de-julio-impuso-su-calidad-contra-altense\\\/#primaryimage\"},\"thumbnailUrl\":\"https:\\\/\\\/gentedebasquet.com.ar\\\/sitio\\\/wp-content\\\/uploads\\\/2024\\\/10\\\/vlcsnap-2024-10-10-09h25m57s607.png\",\"datePublished\":\"2024-10-10T12:27:43+00:00\",\"dateModified\":\"2024-10-10T14:21:04+00:00\",\"author\":{\"@id\":\"https:\\\/\\\/gentedebasquet.com.ar\\\/sitio\\\/#\\\/schema\\\/person\\\/6f3e5bc5df127b420a445d22fc9eaa51\"},\"breadcrumb\":{\"@id\":\"https:\\\/\\\/gentedebasquet.com.ar\\\/sitio\\\/2024\\\/10\\\/10\\\/9-de-julio-impuso-su-calidad-contra-altense\\\/#breadcrumb\"},\"inLanguage\":\"es\",\"potentialAction\":[{\"@type\":\"ReadAction\",\"target\":[\"https:\\\/\\\/gentedebasquet.com.ar\\\/sitio\\\/2024\\\/10\\\/10\\\/9-de-julio-impuso-su-calidad-contra-altense\\\/\"]}]},{\"@type\":\"ImageObject\",\"inLanguage\":\"es\",\"@id\":\"https:\\\/\\\/gentedebasquet.com.ar\\\/sitio\\\/2024\\\/10\\\/10\\\/9-de-julio-impuso-su-calidad-contra-altense\\\/#primaryimage\",\"url\":\"https:\\\/\\\/gentedebasquet.com.ar\\\/sitio\\\/wp-content\\\/uploads\\\/2024\\\/10\\\/vlcsnap-2024-10-10-09h25m57s607.png\",\"contentUrl\":\"https:\\\/\\\/gentedebasquet.com.ar\\\/sitio\\\/wp-content\\\/uploads\\\/2024\\\/10\\\/vlcsnap-2024-10-10-09h25m57s607.png\",\"width\":690,\"height\":319},{\"@type\":\"BreadcrumbList\",\"@id\":\"https:\\\/\\\/gentedebasquet.com.ar\\\/sitio\\\/2024\\\/10\\\/10\\\/9-de-julio-impuso-su-calidad-contra-altense\\\/#breadcrumb\",\"itemListElement\":[{\"@type\":\"ListItem\",\"position\":1,\"name\":\"Portada\",\"item\":\"https:\\\/\\\/gentedebasquet.com.ar\\\/sitio\\\/\"},{\"@type\":\"ListItem\",\"position\":2,\"name\":\"9 de Julio impuso su calidad contra Altense\"}]},{\"@type\":\"WebSite\",\"@id\":\"https:\\\/\\\/gentedebasquet.com.ar\\\/sitio\\\/#website\",\"url\":\"https:\\\/\\\/gentedebasquet.com.ar\\\/sitio\\\/\",\"name\":\"Gente de B\u00e1squet\",\"description\":\"La revista del basquet de Bah\u00eda Blanca\",\"potentialAction\":[{\"@type\":\"SearchAction\",\"target\":{\"@type\":\"EntryPoint\",\"urlTemplate\":\"https:\\\/\\\/gentedebasquet.com.ar\\\/sitio\\\/?s={search_term_string}\"},\"query-input\":{\"@type\":\"PropertyValueSpecification\",\"valueRequired\":true,\"valueName\":\"search_term_string\"}}],\"inLanguage\":\"es\"},{\"@type\":\"Person\",\"@id\":\"https:\\\/\\\/gentedebasquet.com.ar\\\/sitio\\\/#\\\/schema\\\/person\\\/6f3e5bc5df127b420a445d22fc9eaa51\",\"name\":\"Andres Camarero\",\"image\":{\"@type\":\"ImageObject\",\"inLanguage\":\"es\",\"@id\":\"https:\\\/\\\/secure.gravatar.com\\\/avatar\\\/f6d4884ec54a50c25ccd5e4f54f5e904d09dfe74ef58e58f631f3917b6fed7cd?s=96&d=mm&r=g\",\"url\":\"https:\\\/\\\/secure.gravatar.com\\\/avatar\\\/f6d4884ec54a50c25ccd5e4f54f5e904d09dfe74ef58e58f631f3917b6fed7cd?s=96&d=mm&r=g\",\"contentUrl\":\"https:\\\/\\\/secure.gravatar.com\\\/avatar\\\/f6d4884ec54a50c25ccd5e4f54f5e904d09dfe74ef58e58f631f3917b6fed7cd?s=96&d=mm&r=g\",\"caption\":\"Andres Camarero\"},\"url\":\"https:\\\/\\\/gentedebasquet.com.ar\\\/sitio\\\/author\\\/andres-camarero\\\/\"}]}<\/script>\n<!-- \/ Yoast SEO plugin. -->","yoast_head_json":{"title":"9 de Julio impuso su calidad contra Altense - Gente de B\u00e1squet","robots":{"index":"index","follow":"follow","max-snippet":"max-snippet:-1","max-image-preview":"max-image-preview:large","max-video-preview":"max-video-preview:-1"},"canonical":"https:\/\/gentedebasquet.com.ar\/sitio\/2024\/10\/10\/9-de-julio-impuso-su-calidad-contra-altense\/","og_locale":"es_ES","og_type":"article","og_title":"9 de Julio impuso su calidad contra Altense - Gente de B\u00e1squet","og_description":"En el estadio N\u00e9stor Damiani el equipo local consigui\u00f3 una nueva y convincente victoria frente a su par de Punta Alta, en lo que fue uno de los encuentros de la fecha 5 del campeonato femenino superior. Ileana Corval\u00e1n estuvo cerca de un triple-doble y fue la figura principal del cotejo: 23 puntos, 12 rebotes [&hellip;]","og_url":"https:\/\/gentedebasquet.com.ar\/sitio\/2024\/10\/10\/9-de-julio-impuso-su-calidad-contra-altense\/","og_site_name":"Gente de B\u00e1squet","article_published_time":"2024-10-10T12:27:43+00:00","article_modified_time":"2024-10-10T14:21:04+00:00","og_image":[{"width":690,"height":319,"url":"https:\/\/gentedebasquet.com.ar\/sitio\/wp-content\/uploads\/2024\/10\/vlcsnap-2024-10-10-09h25m57s607.png","type":"image\/png"}],"author":"Andres Camarero","twitter_card":"summary_large_image","twitter_misc":{"Escrito por":"Andres Camarero","Tiempo de lectura":"3 minutos"},"schema":{"@context":"https:\/\/schema.org","@graph":[{"@type":"Article","@id":"https:\/\/gentedebasquet.com.ar\/sitio\/2024\/10\/10\/9-de-julio-impuso-su-calidad-contra-altense\/#article","isPartOf":{"@id":"https:\/\/gentedebasquet.com.ar\/sitio\/2024\/10\/10\/9-de-julio-impuso-su-calidad-contra-altense\/"},"author":{"name":"Andres Camarero","@id":"https:\/\/gentedebasquet.com.ar\/sitio\/#\/schema\/person\/6f3e5bc5df127b420a445d22fc9eaa51"},"headline":"9 de Julio impuso su calidad contra Altense","datePublished":"2024-10-10T12:27:43+00:00","dateModified":"2024-10-10T14:21:04+00:00","mainEntityOfPage":{"@id":"https:\/\/gentedebasquet.com.ar\/sitio\/2024\/10\/10\/9-de-julio-impuso-su-calidad-contra-altense\/"},"wordCount":478,"commentCount":0,"image":{"@id":"https:\/\/gentedebasquet.com.ar\/sitio\/2024\/10\/10\/9-de-julio-impuso-su-calidad-contra-altense\/#primaryimage"},"thumbnailUrl":"https:\/\/gentedebasquet.com.ar\/sitio\/wp-content\/uploads\/2024\/10\/vlcsnap-2024-10-10-09h25m57s607.png","keywords":["9 de Julio","Altense","Carolina Mamani","Ileana Corval\u00e1n"],"articleSection":["Femenino","Slide"],"inLanguage":"es","potentialAction":[{"@type":"CommentAction","name":"Comment","target":["https:\/\/gentedebasquet.com.ar\/sitio\/2024\/10\/10\/9-de-julio-impuso-su-calidad-contra-altense\/#respond"]}]},{"@type":"WebPage","@id":"https:\/\/gentedebasquet.com.ar\/sitio\/2024\/10\/10\/9-de-julio-impuso-su-calidad-contra-altense\/","url":"https:\/\/gentedebasquet.com.ar\/sitio\/2024\/10\/10\/9-de-julio-impuso-su-calidad-contra-altense\/","name":"9 de Julio impuso su calidad contra Altense - Gente de B\u00e1squet","isPartOf":{"@id":"https:\/\/gentedebasquet.com.ar\/sitio\/#website"},"primaryImageOfPage":{"@id":"https:\/\/gentedebasquet.com.ar\/sitio\/2024\/10\/10\/9-de-julio-impuso-su-calidad-contra-altense\/#primaryimage"},"image":{"@id":"https:\/\/gentedebasquet.com.ar\/sitio\/2024\/10\/10\/9-de-julio-impuso-su-calidad-contra-altense\/#primaryimage"},"thumbnailUrl":"https:\/\/gentedebasquet.com.ar\/sitio\/wp-content\/uploads\/2024\/10\/vlcsnap-2024-10-10-09h25m57s607.png","datePublished":"2024-10-10T12:27:43+00:00","dateModified":"2024-10-10T14:21:04+00:00","author":{"@id":"https:\/\/gentedebasquet.com.ar\/sitio\/#\/schema\/person\/6f3e5bc5df127b420a445d22fc9eaa51"},"breadcrumb":{"@id":"https:\/\/gentedebasquet.com.ar\/sitio\/2024\/10\/10\/9-de-julio-impuso-su-calidad-contra-altense\/#breadcrumb"},"inLanguage":"es","potentialAction":[{"@type":"ReadAction","target":["https:\/\/gentedebasquet.com.ar\/sitio\/2024\/10\/10\/9-de-julio-impuso-su-calidad-contra-altense\/"]}]},{"@type":"ImageObject","inLanguage":"es","@id":"https:\/\/gentedebasquet.com.ar\/sitio\/2024\/10\/10\/9-de-julio-impuso-su-calidad-contra-altense\/#primaryimage","url":"https:\/\/gentedebasquet.com.ar\/sitio\/wp-content\/uploads\/2024\/10\/vlcsnap-2024-10-10-09h25m57s607.png","contentUrl":"https:\/\/gentedebasquet.com.ar\/sitio\/wp-content\/uploads\/2024\/10\/vlcsnap-2024-10-10-09h25m57s607.png","width":690,"height":319},{"@type":"BreadcrumbList","@id":"https:\/\/gentedebasquet.com.ar\/sitio\/2024\/10\/10\/9-de-julio-impuso-su-calidad-contra-altense\/#breadcrumb","itemListElement":[{"@type":"ListItem","position":1,"name":"Portada","item":"https:\/\/gentedebasquet.com.ar\/sitio\/"},{"@type":"ListItem","position":2,"name":"9 de Julio impuso su calidad contra Altense"}]},{"@type":"WebSite","@id":"https:\/\/gentedebasquet.com.ar\/sitio\/#website","url":"https:\/\/gentedebasquet.com.ar\/sitio\/","name":"Gente de B\u00e1squet","description":"La revista del basquet de Bah\u00eda Blanca","potentialAction":[{"@type":"SearchAction","target":{"@type":"EntryPoint","urlTemplate":"https:\/\/gentedebasquet.com.ar\/sitio\/?s={search_term_string}"},"query-input":{"@type":"PropertyValueSpecification","valueRequired":true,"valueName":"search_term_string"}}],"inLanguage":"es"},{"@type":"Person","@id":"https:\/\/gentedebasquet.com.ar\/sitio\/#\/schema\/person\/6f3e5bc5df127b420a445d22fc9eaa51","name":"Andres Camarero","image":{"@type":"ImageObject","inLanguage":"es","@id":"https:\/\/secure.gravatar.com\/avatar\/f6d4884ec54a50c25ccd5e4f54f5e904d09dfe74ef58e58f631f3917b6fed7cd?s=96&d=mm&r=g","url":"https:\/\/secure.gravatar.com\/avatar\/f6d4884ec54a50c25ccd5e4f54f5e904d09dfe74ef58e58f631f3917b6fed7cd?s=96&d=mm&r=g","contentUrl":"https:\/\/secure.gravatar.com\/avatar\/f6d4884ec54a50c25ccd5e4f54f5e904d09dfe74ef58e58f631f3917b6fed7cd?s=96&d=mm&r=g","caption":"Andres Camarero"},"url":"https:\/\/gentedebasquet.com.ar\/sitio\/author\/andres-camarero\/"}]}},"_links":{"self":[{"href":"https:\/\/gentedebasquet.com.ar\/sitio\/wp-json\/wp\/v2\/posts\/114006","targetHints":{"allow":["GET"]}}],"collection":[{"href":"https:\/\/gentedebasquet.com.ar\/sitio\/wp-json\/wp\/v2\/posts"}],"about":[{"href":"https:\/\/gentedebasquet.com.ar\/sitio\/wp-json\/wp\/v2\/types\/post"}],"author":[{"embeddable":true,"href":"https:\/\/gentedebasquet.com.ar\/sitio\/wp-json\/wp\/v2\/users\/70"}],"replies":[{"embeddable":true,"href":"https:\/\/gentedebasquet.com.ar\/sitio\/wp-json\/wp\/v2\/comments?post=114006"}],"version-history":[{"count":6,"href":"https:\/\/gentedebasquet.com.ar\/sitio\/wp-json\/wp\/v2\/posts\/114006\/revisions"}],"predecessor-version":[{"id":114021,"href":"https:\/\/gentedebasquet.com.ar\/sitio\/wp-json\/wp\/v2\/posts\/114006\/revisions\/114021"}],"wp:featuredmedia":[{"embeddable":true,"href":"https:\/\/gentedebasquet.com.ar\/sitio\/wp-json\/wp\/v2\/media\/114016"}],"wp:attachment":[{"href":"https:\/\/gentedebasquet.com.ar\/sitio\/wp-json\/wp\/v2\/media?parent=114006"}],"wp:term":[{"taxonomy":"category","embeddable":true,"href":"https:\/\/gentedebasquet.com.ar\/sitio\/wp-json\/wp\/v2\/categories?post=114006"},{"taxonomy":"post_tag","embeddable":true,"href":"https:\/\/gentedebasquet.com.ar\/sitio\/wp-json\/wp\/v2\/tags?post=114006"}],"curies":[{"name":"wp","href":"https:\/\/api.w.org\/{rel}","templated":true}]}}