{"id":114034,"date":"2024-10-11T07:14:10","date_gmt":"2024-10-11T05:14:10","guid":{"rendered":"https:\/\/gentedebasquet.com.ar\/sitio\/?p=114034"},"modified":"2024-10-11T07:14:10","modified_gmt":"2024-10-11T05:14:10","slug":"furia-verde","status":"publish","type":"post","link":"https:\/\/gentedebasquet.com.ar\/sitio\/2024\/10\/11\/furia-verde\/","title":{"rendered":"Furia verde"},"content":{"rendered":"<p><strong>Pac\u00edfico se qued\u00f3 con un intenso duelo ante Bahiense del Norte, consolid\u00e1ndose en la parte alta de la tabla. Bahiense, por su parte, vuelve a tropezar justo cuando parec\u00eda haber encontrado su rumbo.<\/strong><\/p>\n<p>El cotejo comenz\u00f3 con los locales tomando la iniciativa y mostrando un s\u00f3lido juego en la pintura, una constante a lo largo de la noche. Branco Salvatori y Santiago Loos cerraron un parcial de 13-5 con dos jugadas de 2+1. Bahiense respondi\u00f3 con acciones de Tom\u00e1s Bonivardo (4 pts.), pero Pac\u00edfico, sobre el final, encest\u00f3 tres triples casi consecutivos de I\u00f1aki Errazu y uno m\u00e1s de Loos, cerrando el cuarto con ventaja de 29-20.<\/p>\n<p>Bahiense del Norte sali\u00f3 con todo en el segundo cuarto, logrando un parcial de 7-0 (2 pts. Lamonega, 5 pts. Roberson) en los primeros dos minutos para reducir la diferencia a solo dos puntos. Poco despu\u00e9s, Santiago Candia sali\u00f3 del partido tras un golpe en su dedo me\u00f1ique. Pac\u00edfico elev\u00f3 el ritmo (5 pts. Pisani, 3 pts. Errazu, 2 pts. Bodach y Cardone) y cerr\u00f3 el cuarto arriba 42-32.<\/p>\n<p>El tr\u00e1mite continu\u00f3 intenso, con distancias oscilando entre 8 y 13 puntos, mientras Candia regres\u00f3 a la pista con su dedo vendado. Pac\u00edfico se mostr\u00f3 eficiente en la pintura y desde la l\u00ednea de tiros libres, lo que le permiti\u00f3 mantener y elevar su ventaja. En el equipo rival, Jorge Garc\u00eda asumi\u00f3 el liderazgo anotador con 8 puntos en el parcial. A pesar de su esfuerzo, el cuarto finaliz\u00f3 con un marcador de 63-46 a favor del conjunto local, destacando 10 Pts. De Loos y 5 de Salvatori.<\/p>\n<p>En el tramo final, Pac\u00edfico relaj\u00f3 su juego para asegurar la victoria, mientras que Bahiense mantuvo su intensidad. Candia y G\u00f3mez Lepez lideraron a sus respectivos equipos con 8 puntos cada uno. Finalmente, la noche cerr\u00f3 en favor de Pacifico, quien se llevo la victoria con un resultado de 80-69.<\/p>\n<p><strong>Con este resultado, el Verde entra en el tramo final de la fase regular en la tercera posici\u00f3n, empatado con Olimpo, afianz\u00e1ndose en la parte alta y poniendo su mirada en los playoffs.<\/strong><\/p>\n<div class=\"jeg_video_container jeg_video_content\"><iframe loading=\"lazy\" title=\"#Primera - Fecha #7: Pac\u00edfico 80 - 64 Bahiense del Norte\" width=\"500\" height=\"281\" src=\"https:\/\/www.youtube.com\/embed\/WjheY4SME-M?feature=oembed\" frameborder=\"0\" allow=\"accelerometer; autoplay; clipboard-write; encrypted-media; gyroscope; picture-in-picture; web-share\" referrerpolicy=\"strict-origin-when-cross-origin\" allowfullscreen><\/iframe><\/div>\n<p><img decoding=\"async\" class=\"alignnone size-medium wp-image-114038\" src=\"http:\/\/gentedebasquet.com.ar\/sitio\/wp-content\/uploads\/2024\/10\/CLAVE-pac-bdn-300x300.png\" alt=\"\" width=\"300\" height=\"300\" srcset=\"https:\/\/gentedebasquet.com.ar\/sitio\/wp-content\/uploads\/2024\/10\/CLAVE-pac-bdn-300x300.png 300w, https:\/\/gentedebasquet.com.ar\/sitio\/wp-content\/uploads\/2024\/10\/CLAVE-pac-bdn-1024x1024.png 1024w, https:\/\/gentedebasquet.com.ar\/sitio\/wp-content\/uploads\/2024\/10\/CLAVE-pac-bdn-150x150.png 150w, https:\/\/gentedebasquet.com.ar\/sitio\/wp-content\/uploads\/2024\/10\/CLAVE-pac-bdn-768x768.png 768w, https:\/\/gentedebasquet.com.ar\/sitio\/wp-content\/uploads\/2024\/10\/CLAVE-pac-bdn-1536x1536.png 1536w, https:\/\/gentedebasquet.com.ar\/sitio\/wp-content\/uploads\/2024\/10\/CLAVE-pac-bdn-75x75.png 75w, https:\/\/gentedebasquet.com.ar\/sitio\/wp-content\/uploads\/2024\/10\/CLAVE-pac-bdn-350x350.png 350w, https:\/\/gentedebasquet.com.ar\/sitio\/wp-content\/uploads\/2024\/10\/CLAVE-pac-bdn-750x750.png 750w, https:\/\/gentedebasquet.com.ar\/sitio\/wp-content\/uploads\/2024\/10\/CLAVE-pac-bdn-1140x1140.png 1140w, https:\/\/gentedebasquet.com.ar\/sitio\/wp-content\/uploads\/2024\/10\/CLAVE-pac-bdn.png 2000w\" sizes=\"(max-width: 300px) 100vw, 300px\" \/><\/p>\n<p><img decoding=\"async\" class=\"alignnone size-medium wp-image-114035\" src=\"http:\/\/gentedebasquet.com.ar\/sitio\/wp-content\/uploads\/2024\/10\/WhatsApp-Image-2024-10-11-at-01.16.50-269x300.jpeg\" alt=\"\" width=\"269\" height=\"300\" srcset=\"https:\/\/gentedebasquet.com.ar\/sitio\/wp-content\/uploads\/2024\/10\/WhatsApp-Image-2024-10-11-at-01.16.50-269x300.jpeg 269w, https:\/\/gentedebasquet.com.ar\/sitio\/wp-content\/uploads\/2024\/10\/WhatsApp-Image-2024-10-11-at-01.16.50-918x1024.jpeg 918w, https:\/\/gentedebasquet.com.ar\/sitio\/wp-content\/uploads\/2024\/10\/WhatsApp-Image-2024-10-11-at-01.16.50-768x856.jpeg 768w, https:\/\/gentedebasquet.com.ar\/sitio\/wp-content\/uploads\/2024\/10\/WhatsApp-Image-2024-10-11-at-01.16.50-1378x1536.jpeg 1378w, https:\/\/gentedebasquet.com.ar\/sitio\/wp-content\/uploads\/2024\/10\/WhatsApp-Image-2024-10-11-at-01.16.50-750x836.jpeg 750w, https:\/\/gentedebasquet.com.ar\/sitio\/wp-content\/uploads\/2024\/10\/WhatsApp-Image-2024-10-11-at-01.16.50-1140x1271.jpeg 1140w, https:\/\/gentedebasquet.com.ar\/sitio\/wp-content\/uploads\/2024\/10\/WhatsApp-Image-2024-10-11-at-01.16.50.jpeg 1435w\" sizes=\"(max-width: 269px) 100vw, 269px\" \/><\/p>\n<blockquote><p>\u00abEstamos muy contentos porque era un rival muy dif\u00edcil, era una final que ten\u00edamos que venir a buscar ac\u00e1 sabiendo que a partir de ahora estamos buscando estar entre los de arriba&#8230; La clave para mi estuvo en la defensa, nos cerramos muy bien y estuvimos muy bien todos.\u00bb<strong> Santiago Loos, Pac\u00edfico.<\/strong><\/p><\/blockquote>\n<p><img decoding=\"async\" class=\"alignnone size-medium wp-image-114037\" src=\"http:\/\/gentedebasquet.com.ar\/sitio\/wp-content\/uploads\/2024\/10\/MVP-loos-300x300.png\" alt=\"\" width=\"300\" height=\"300\" srcset=\"https:\/\/gentedebasquet.com.ar\/sitio\/wp-content\/uploads\/2024\/10\/MVP-loos-300x300.png 300w, https:\/\/gentedebasquet.com.ar\/sitio\/wp-content\/uploads\/2024\/10\/MVP-loos-1024x1024.png 1024w, https:\/\/gentedebasquet.com.ar\/sitio\/wp-content\/uploads\/2024\/10\/MVP-loos-150x150.png 150w, https:\/\/gentedebasquet.com.ar\/sitio\/wp-content\/uploads\/2024\/10\/MVP-loos-768x768.png 768w, https:\/\/gentedebasquet.com.ar\/sitio\/wp-content\/uploads\/2024\/10\/MVP-loos-1536x1536.png 1536w, https:\/\/gentedebasquet.com.ar\/sitio\/wp-content\/uploads\/2024\/10\/MVP-loos-75x75.png 75w, https:\/\/gentedebasquet.com.ar\/sitio\/wp-content\/uploads\/2024\/10\/MVP-loos-350x350.png 350w, https:\/\/gentedebasquet.com.ar\/sitio\/wp-content\/uploads\/2024\/10\/MVP-loos-750x750.png 750w, https:\/\/gentedebasquet.com.ar\/sitio\/wp-content\/uploads\/2024\/10\/MVP-loos-1140x1140.png 1140w, https:\/\/gentedebasquet.com.ar\/sitio\/wp-content\/uploads\/2024\/10\/MVP-loos.png 2000w\" sizes=\"(max-width: 300px) 100vw, 300px\" \/><\/p>\n<p>&nbsp;<\/p>\n<p><strong>S\u00edntesis \u2013 Primera \u2013 Fecha 7<\/strong><\/p>\n<p><strong>Pac\u00edfico 80:<\/strong> Branco Salvatori 10, I\u00f1aki Errazu 12, Valent\u00edn Cort\u00e9s 9, Santiago Loos 20, Andr\u00e9s Bodach 5 <strong>(FI);<\/strong> Santiago Candia 11, Genaro Pisani 7, Franco Cardone 4, Federico Cassano, Guillermo Lucas 2, Mat\u00edas Padilla, M\u00e1ximo Astradas. <strong>DT: Mauro Richotti.<\/strong><\/p>\n<p><strong>Bahiense del Norte 69:<\/strong> Augusto Lamonega 9, Leonardo La Bella 3, Franco Gin\u00f3bili 3, Jorge Garc\u00eda 17, Juan Pedro Hollender 7 <strong>(FI);<\/strong> Eddie Roberson 15, Tom\u00e1s Bonivardo 5, Bruno Lozano 0, Tom\u00e1s G\u00f3mez Lepez 8, Benjam\u00edn Casta\u00f1ares 2. <strong>DT: Alejandro Navallo.<\/strong><\/p>\n<p><strong>Parciales: <\/strong>29-20, 42-32 (13-12), 63-46 (21-14), 80-69 (17-23)<\/p>\n<p><strong>\u00c1rbitros:<\/strong> Sebasti\u00e1n Arcas &#8211; Eduardo Ferreyra &#8211; Joaqu\u00edn Irraz\u00e1bal<\/p>\n<p><strong>Estadio: <\/strong>William Harding Green\u00a0(Pac\u00edfico)<\/p>\n<p><strong>Cobertura:<\/strong> Facundo Elizalde<\/p>\n","protected":false},"excerpt":{"rendered":"<p>Pac\u00edfico se qued\u00f3 con un intenso duelo ante Bahiense del Norte, consolid\u00e1ndose en la parte alta de la tabla. Bahiense, por su parte, vuelve a tropezar justo cuando parec\u00eda haber encontrado su rumbo. El cotejo comenz\u00f3 con los locales tomando la iniciativa y mostrando un s\u00f3lido juego en la pintura, una constante a lo largo [&hellip;]<\/p>\n","protected":false},"author":71,"featured_media":114036,"comment_status":"open","ping_status":"open","sticky":false,"template":"","format":"standard","meta":{"jnews-multi-image_gallery":[],"jnews_single_post":{"source_name":"","source_url":"","via_name":"","via_url":"","override_template":"0","override":[{"template":"1","single_blog_custom":"","parallax":"1","fullscreen":"1","layout":"right-sidebar","sidebar":"default-sidebar","second_sidebar":"default-sidebar","sticky_sidebar":"1","share_position":"top","share_float_style":"share-monocrhome","show_share_counter":"0","show_view_counter":"0","show_featured":"1","show_post_meta":"1","show_post_author":"1","show_post_author_image":"0","show_post_date":"1","post_date_format":"default","post_date_format_custom":"Y\/m\/d","show_post_category":"1","show_post_reading_time":"0","post_reading_time_wpm":"300","show_zoom_button":"0","zoom_button_out_step":"2","zoom_button_in_step":"3","show_post_tag":"1","show_prev_next_post":"1","show_popup_post":"0","number_popup_post":"1","show_author_box":"0","show_post_related":"0","show_inline_post_related":"0"}],"override_image_size":"0","image_override":[{"single_post_thumbnail_size":"crop-500","single_post_gallery_size":"crop-500"}],"trending_post":"0","trending_post_position":"meta","trending_post_label":"Trending","sponsored_post":"0","sponsored_post_label":"Sponsored by","sponsored_post_name":"","sponsored_post_url":"","sponsored_post_logo_enable":"0","sponsored_post_logo":"","sponsored_post_desc":"","disable_ad":"0"},"jnews_primary_category":{"id":"","hide":""},"footnotes":""},"categories":[23,101],"tags":[287,5,17,1169,508,1719],"class_list":["post-114034","post","type-post","status-publish","format-standard","has-post-thumbnail","hentry","category-primera","category-slide","tag-bahiense","tag-bahiense-del-norte","tag-pacifico","tag-primera","tag-primera-division","tag-santiago-loos"],"yoast_head":"<!-- This site is optimized with the Yoast SEO plugin v27.5 - https:\/\/yoast.com\/product\/yoast-seo-wordpress\/ -->\n<title>Furia verde - Gente de B\u00e1squet<\/title>\n<meta name=\"robots\" content=\"index, follow, max-snippet:-1, max-image-preview:large, max-video-preview:-1\" \/>\n<link rel=\"canonical\" href=\"https:\/\/gentedebasquet.com.ar\/sitio\/2024\/10\/11\/furia-verde\/\" \/>\n<meta property=\"og:locale\" content=\"es_ES\" \/>\n<meta property=\"og:type\" content=\"article\" \/>\n<meta property=\"og:title\" content=\"Furia verde - Gente de B\u00e1squet\" \/>\n<meta property=\"og:description\" content=\"Pac\u00edfico se qued\u00f3 con un intenso duelo ante Bahiense del Norte, consolid\u00e1ndose en la parte alta de la tabla. Bahiense, por su parte, vuelve a tropezar justo cuando parec\u00eda haber encontrado su rumbo. El cotejo comenz\u00f3 con los locales tomando la iniciativa y mostrando un s\u00f3lido juego en la pintura, una constante a lo largo [&hellip;]\" \/>\n<meta property=\"og:url\" content=\"https:\/\/gentedebasquet.com.ar\/sitio\/2024\/10\/11\/furia-verde\/\" \/>\n<meta property=\"og:site_name\" content=\"Gente de B\u00e1squet\" \/>\n<meta property=\"article:published_time\" content=\"2024-10-11T05:14:10+00:00\" \/>\n<meta property=\"og:image\" content=\"https:\/\/gentedebasquet.com.ar\/sitio\/wp-content\/uploads\/2024\/10\/WhatsApp-Image-2024-10-11-at-01.17.42.jpeg\" \/>\n\t<meta property=\"og:image:width\" content=\"641\" \/>\n\t<meta property=\"og:image:height\" content=\"604\" \/>\n\t<meta property=\"og:image:type\" content=\"image\/jpeg\" \/>\n<meta name=\"author\" content=\"Santiago Seisdedos\" \/>\n<meta name=\"twitter:card\" content=\"summary_large_image\" \/>\n<meta name=\"twitter:label1\" content=\"Escrito por\" \/>\n\t<meta name=\"twitter:data1\" content=\"Santiago Seisdedos\" \/>\n\t<meta name=\"twitter:label2\" content=\"Tiempo de lectura\" \/>\n\t<meta name=\"twitter:data2\" content=\"3 minutos\" \/>\n<script type=\"application\/ld+json\" class=\"yoast-schema-graph\">{\"@context\":\"https:\\\/\\\/schema.org\",\"@graph\":[{\"@type\":\"Article\",\"@id\":\"https:\\\/\\\/gentedebasquet.com.ar\\\/sitio\\\/2024\\\/10\\\/11\\\/furia-verde\\\/#article\",\"isPartOf\":{\"@id\":\"https:\\\/\\\/gentedebasquet.com.ar\\\/sitio\\\/2024\\\/10\\\/11\\\/furia-verde\\\/\"},\"author\":{\"name\":\"Santiago Seisdedos\",\"@id\":\"https:\\\/\\\/gentedebasquet.com.ar\\\/sitio\\\/#\\\/schema\\\/person\\\/3b50d7c801b9529aba70bd4613bca6da\"},\"headline\":\"Furia verde\",\"datePublished\":\"2024-10-11T05:14:10+00:00\",\"mainEntityOfPage\":{\"@id\":\"https:\\\/\\\/gentedebasquet.com.ar\\\/sitio\\\/2024\\\/10\\\/11\\\/furia-verde\\\/\"},\"wordCount\":522,\"commentCount\":0,\"image\":{\"@id\":\"https:\\\/\\\/gentedebasquet.com.ar\\\/sitio\\\/2024\\\/10\\\/11\\\/furia-verde\\\/#primaryimage\"},\"thumbnailUrl\":\"https:\\\/\\\/gentedebasquet.com.ar\\\/sitio\\\/wp-content\\\/uploads\\\/2024\\\/10\\\/WhatsApp-Image-2024-10-11-at-01.17.42.jpeg\",\"keywords\":[\"Bahiense\",\"Bahiense Del Norte\",\"Pacifico\",\"Primera\",\"Primera Divisi\u00f3n\",\"Santiago Loos\"],\"articleSection\":[\"Primera\",\"Slide\"],\"inLanguage\":\"es\",\"potentialAction\":[{\"@type\":\"CommentAction\",\"name\":\"Comment\",\"target\":[\"https:\\\/\\\/gentedebasquet.com.ar\\\/sitio\\\/2024\\\/10\\\/11\\\/furia-verde\\\/#respond\"]}]},{\"@type\":\"WebPage\",\"@id\":\"https:\\\/\\\/gentedebasquet.com.ar\\\/sitio\\\/2024\\\/10\\\/11\\\/furia-verde\\\/\",\"url\":\"https:\\\/\\\/gentedebasquet.com.ar\\\/sitio\\\/2024\\\/10\\\/11\\\/furia-verde\\\/\",\"name\":\"Furia verde - Gente de B\u00e1squet\",\"isPartOf\":{\"@id\":\"https:\\\/\\\/gentedebasquet.com.ar\\\/sitio\\\/#website\"},\"primaryImageOfPage\":{\"@id\":\"https:\\\/\\\/gentedebasquet.com.ar\\\/sitio\\\/2024\\\/10\\\/11\\\/furia-verde\\\/#primaryimage\"},\"image\":{\"@id\":\"https:\\\/\\\/gentedebasquet.com.ar\\\/sitio\\\/2024\\\/10\\\/11\\\/furia-verde\\\/#primaryimage\"},\"thumbnailUrl\":\"https:\\\/\\\/gentedebasquet.com.ar\\\/sitio\\\/wp-content\\\/uploads\\\/2024\\\/10\\\/WhatsApp-Image-2024-10-11-at-01.17.42.jpeg\",\"datePublished\":\"2024-10-11T05:14:10+00:00\",\"author\":{\"@id\":\"https:\\\/\\\/gentedebasquet.com.ar\\\/sitio\\\/#\\\/schema\\\/person\\\/3b50d7c801b9529aba70bd4613bca6da\"},\"breadcrumb\":{\"@id\":\"https:\\\/\\\/gentedebasquet.com.ar\\\/sitio\\\/2024\\\/10\\\/11\\\/furia-verde\\\/#breadcrumb\"},\"inLanguage\":\"es\",\"potentialAction\":[{\"@type\":\"ReadAction\",\"target\":[\"https:\\\/\\\/gentedebasquet.com.ar\\\/sitio\\\/2024\\\/10\\\/11\\\/furia-verde\\\/\"]}]},{\"@type\":\"ImageObject\",\"inLanguage\":\"es\",\"@id\":\"https:\\\/\\\/gentedebasquet.com.ar\\\/sitio\\\/2024\\\/10\\\/11\\\/furia-verde\\\/#primaryimage\",\"url\":\"https:\\\/\\\/gentedebasquet.com.ar\\\/sitio\\\/wp-content\\\/uploads\\\/2024\\\/10\\\/WhatsApp-Image-2024-10-11-at-01.17.42.jpeg\",\"contentUrl\":\"https:\\\/\\\/gentedebasquet.com.ar\\\/sitio\\\/wp-content\\\/uploads\\\/2024\\\/10\\\/WhatsApp-Image-2024-10-11-at-01.17.42.jpeg\",\"width\":641,\"height\":604},{\"@type\":\"BreadcrumbList\",\"@id\":\"https:\\\/\\\/gentedebasquet.com.ar\\\/sitio\\\/2024\\\/10\\\/11\\\/furia-verde\\\/#breadcrumb\",\"itemListElement\":[{\"@type\":\"ListItem\",\"position\":1,\"name\":\"Portada\",\"item\":\"https:\\\/\\\/gentedebasquet.com.ar\\\/sitio\\\/\"},{\"@type\":\"ListItem\",\"position\":2,\"name\":\"Furia verde\"}]},{\"@type\":\"WebSite\",\"@id\":\"https:\\\/\\\/gentedebasquet.com.ar\\\/sitio\\\/#website\",\"url\":\"https:\\\/\\\/gentedebasquet.com.ar\\\/sitio\\\/\",\"name\":\"Gente de B\u00e1squet\",\"description\":\"La revista del basquet de Bah\u00eda Blanca\",\"potentialAction\":[{\"@type\":\"SearchAction\",\"target\":{\"@type\":\"EntryPoint\",\"urlTemplate\":\"https:\\\/\\\/gentedebasquet.com.ar\\\/sitio\\\/?s={search_term_string}\"},\"query-input\":{\"@type\":\"PropertyValueSpecification\",\"valueRequired\":true,\"valueName\":\"search_term_string\"}}],\"inLanguage\":\"es\"},{\"@type\":\"Person\",\"@id\":\"https:\\\/\\\/gentedebasquet.com.ar\\\/sitio\\\/#\\\/schema\\\/person\\\/3b50d7c801b9529aba70bd4613bca6da\",\"name\":\"Santiago Seisdedos\",\"image\":{\"@type\":\"ImageObject\",\"inLanguage\":\"es\",\"@id\":\"https:\\\/\\\/secure.gravatar.com\\\/avatar\\\/be737e74404eb3825c4679da7a152b3c6980b470f7253114cd451344e20a8d80?s=96&d=mm&r=g\",\"url\":\"https:\\\/\\\/secure.gravatar.com\\\/avatar\\\/be737e74404eb3825c4679da7a152b3c6980b470f7253114cd451344e20a8d80?s=96&d=mm&r=g\",\"contentUrl\":\"https:\\\/\\\/secure.gravatar.com\\\/avatar\\\/be737e74404eb3825c4679da7a152b3c6980b470f7253114cd451344e20a8d80?s=96&d=mm&r=g\",\"caption\":\"Santiago Seisdedos\"},\"url\":\"https:\\\/\\\/gentedebasquet.com.ar\\\/sitio\\\/author\\\/santiago-sesidedos\\\/\"}]}<\/script>\n<!-- \/ Yoast SEO plugin. -->","yoast_head_json":{"title":"Furia verde - Gente de B\u00e1squet","robots":{"index":"index","follow":"follow","max-snippet":"max-snippet:-1","max-image-preview":"max-image-preview:large","max-video-preview":"max-video-preview:-1"},"canonical":"https:\/\/gentedebasquet.com.ar\/sitio\/2024\/10\/11\/furia-verde\/","og_locale":"es_ES","og_type":"article","og_title":"Furia verde - Gente de B\u00e1squet","og_description":"Pac\u00edfico se qued\u00f3 con un intenso duelo ante Bahiense del Norte, consolid\u00e1ndose en la parte alta de la tabla. Bahiense, por su parte, vuelve a tropezar justo cuando parec\u00eda haber encontrado su rumbo. El cotejo comenz\u00f3 con los locales tomando la iniciativa y mostrando un s\u00f3lido juego en la pintura, una constante a lo largo [&hellip;]","og_url":"https:\/\/gentedebasquet.com.ar\/sitio\/2024\/10\/11\/furia-verde\/","og_site_name":"Gente de B\u00e1squet","article_published_time":"2024-10-11T05:14:10+00:00","og_image":[{"width":641,"height":604,"url":"https:\/\/gentedebasquet.com.ar\/sitio\/wp-content\/uploads\/2024\/10\/WhatsApp-Image-2024-10-11-at-01.17.42.jpeg","type":"image\/jpeg"}],"author":"Santiago Seisdedos","twitter_card":"summary_large_image","twitter_misc":{"Escrito por":"Santiago Seisdedos","Tiempo de lectura":"3 minutos"},"schema":{"@context":"https:\/\/schema.org","@graph":[{"@type":"Article","@id":"https:\/\/gentedebasquet.com.ar\/sitio\/2024\/10\/11\/furia-verde\/#article","isPartOf":{"@id":"https:\/\/gentedebasquet.com.ar\/sitio\/2024\/10\/11\/furia-verde\/"},"author":{"name":"Santiago Seisdedos","@id":"https:\/\/gentedebasquet.com.ar\/sitio\/#\/schema\/person\/3b50d7c801b9529aba70bd4613bca6da"},"headline":"Furia verde","datePublished":"2024-10-11T05:14:10+00:00","mainEntityOfPage":{"@id":"https:\/\/gentedebasquet.com.ar\/sitio\/2024\/10\/11\/furia-verde\/"},"wordCount":522,"commentCount":0,"image":{"@id":"https:\/\/gentedebasquet.com.ar\/sitio\/2024\/10\/11\/furia-verde\/#primaryimage"},"thumbnailUrl":"https:\/\/gentedebasquet.com.ar\/sitio\/wp-content\/uploads\/2024\/10\/WhatsApp-Image-2024-10-11-at-01.17.42.jpeg","keywords":["Bahiense","Bahiense Del Norte","Pacifico","Primera","Primera Divisi\u00f3n","Santiago Loos"],"articleSection":["Primera","Slide"],"inLanguage":"es","potentialAction":[{"@type":"CommentAction","name":"Comment","target":["https:\/\/gentedebasquet.com.ar\/sitio\/2024\/10\/11\/furia-verde\/#respond"]}]},{"@type":"WebPage","@id":"https:\/\/gentedebasquet.com.ar\/sitio\/2024\/10\/11\/furia-verde\/","url":"https:\/\/gentedebasquet.com.ar\/sitio\/2024\/10\/11\/furia-verde\/","name":"Furia verde - Gente de B\u00e1squet","isPartOf":{"@id":"https:\/\/gentedebasquet.com.ar\/sitio\/#website"},"primaryImageOfPage":{"@id":"https:\/\/gentedebasquet.com.ar\/sitio\/2024\/10\/11\/furia-verde\/#primaryimage"},"image":{"@id":"https:\/\/gentedebasquet.com.ar\/sitio\/2024\/10\/11\/furia-verde\/#primaryimage"},"thumbnailUrl":"https:\/\/gentedebasquet.com.ar\/sitio\/wp-content\/uploads\/2024\/10\/WhatsApp-Image-2024-10-11-at-01.17.42.jpeg","datePublished":"2024-10-11T05:14:10+00:00","author":{"@id":"https:\/\/gentedebasquet.com.ar\/sitio\/#\/schema\/person\/3b50d7c801b9529aba70bd4613bca6da"},"breadcrumb":{"@id":"https:\/\/gentedebasquet.com.ar\/sitio\/2024\/10\/11\/furia-verde\/#breadcrumb"},"inLanguage":"es","potentialAction":[{"@type":"ReadAction","target":["https:\/\/gentedebasquet.com.ar\/sitio\/2024\/10\/11\/furia-verde\/"]}]},{"@type":"ImageObject","inLanguage":"es","@id":"https:\/\/gentedebasquet.com.ar\/sitio\/2024\/10\/11\/furia-verde\/#primaryimage","url":"https:\/\/gentedebasquet.com.ar\/sitio\/wp-content\/uploads\/2024\/10\/WhatsApp-Image-2024-10-11-at-01.17.42.jpeg","contentUrl":"https:\/\/gentedebasquet.com.ar\/sitio\/wp-content\/uploads\/2024\/10\/WhatsApp-Image-2024-10-11-at-01.17.42.jpeg","width":641,"height":604},{"@type":"BreadcrumbList","@id":"https:\/\/gentedebasquet.com.ar\/sitio\/2024\/10\/11\/furia-verde\/#breadcrumb","itemListElement":[{"@type":"ListItem","position":1,"name":"Portada","item":"https:\/\/gentedebasquet.com.ar\/sitio\/"},{"@type":"ListItem","position":2,"name":"Furia verde"}]},{"@type":"WebSite","@id":"https:\/\/gentedebasquet.com.ar\/sitio\/#website","url":"https:\/\/gentedebasquet.com.ar\/sitio\/","name":"Gente de B\u00e1squet","description":"La revista del basquet de Bah\u00eda Blanca","potentialAction":[{"@type":"SearchAction","target":{"@type":"EntryPoint","urlTemplate":"https:\/\/gentedebasquet.com.ar\/sitio\/?s={search_term_string}"},"query-input":{"@type":"PropertyValueSpecification","valueRequired":true,"valueName":"search_term_string"}}],"inLanguage":"es"},{"@type":"Person","@id":"https:\/\/gentedebasquet.com.ar\/sitio\/#\/schema\/person\/3b50d7c801b9529aba70bd4613bca6da","name":"Santiago Seisdedos","image":{"@type":"ImageObject","inLanguage":"es","@id":"https:\/\/secure.gravatar.com\/avatar\/be737e74404eb3825c4679da7a152b3c6980b470f7253114cd451344e20a8d80?s=96&d=mm&r=g","url":"https:\/\/secure.gravatar.com\/avatar\/be737e74404eb3825c4679da7a152b3c6980b470f7253114cd451344e20a8d80?s=96&d=mm&r=g","contentUrl":"https:\/\/secure.gravatar.com\/avatar\/be737e74404eb3825c4679da7a152b3c6980b470f7253114cd451344e20a8d80?s=96&d=mm&r=g","caption":"Santiago Seisdedos"},"url":"https:\/\/gentedebasquet.com.ar\/sitio\/author\/santiago-sesidedos\/"}]}},"_links":{"self":[{"href":"https:\/\/gentedebasquet.com.ar\/sitio\/wp-json\/wp\/v2\/posts\/114034","targetHints":{"allow":["GET"]}}],"collection":[{"href":"https:\/\/gentedebasquet.com.ar\/sitio\/wp-json\/wp\/v2\/posts"}],"about":[{"href":"https:\/\/gentedebasquet.com.ar\/sitio\/wp-json\/wp\/v2\/types\/post"}],"author":[{"embeddable":true,"href":"https:\/\/gentedebasquet.com.ar\/sitio\/wp-json\/wp\/v2\/users\/71"}],"replies":[{"embeddable":true,"href":"https:\/\/gentedebasquet.com.ar\/sitio\/wp-json\/wp\/v2\/comments?post=114034"}],"version-history":[{"count":1,"href":"https:\/\/gentedebasquet.com.ar\/sitio\/wp-json\/wp\/v2\/posts\/114034\/revisions"}],"predecessor-version":[{"id":114039,"href":"https:\/\/gentedebasquet.com.ar\/sitio\/wp-json\/wp\/v2\/posts\/114034\/revisions\/114039"}],"wp:featuredmedia":[{"embeddable":true,"href":"https:\/\/gentedebasquet.com.ar\/sitio\/wp-json\/wp\/v2\/media\/114036"}],"wp:attachment":[{"href":"https:\/\/gentedebasquet.com.ar\/sitio\/wp-json\/wp\/v2\/media?parent=114034"}],"wp:term":[{"taxonomy":"category","embeddable":true,"href":"https:\/\/gentedebasquet.com.ar\/sitio\/wp-json\/wp\/v2\/categories?post=114034"},{"taxonomy":"post_tag","embeddable":true,"href":"https:\/\/gentedebasquet.com.ar\/sitio\/wp-json\/wp\/v2\/tags?post=114034"}],"curies":[{"name":"wp","href":"https:\/\/api.w.org\/{rel}","templated":true}]}}