{"id":114275,"date":"2024-10-25T06:36:05","date_gmt":"2024-10-25T04:36:05","guid":{"rendered":"http:\/\/gentedebasquet.com.ar\/sitio\/?p=114275"},"modified":"2024-10-25T06:36:05","modified_gmt":"2024-10-25T04:36:05","slug":"a-costa-de-triples-lo-gano-9-de-julio","status":"publish","type":"post","link":"https:\/\/gentedebasquet.com.ar\/sitio\/2024\/10\/25\/a-costa-de-triples-lo-gano-9-de-julio\/","title":{"rendered":"A Costa de triples lo gan\u00f3 9 de Julio"},"content":{"rendered":"\n<p><strong>9 de Julio sali\u00f3 victorioso frente a San Lorenzo con una grand\u00edsima actuaci\u00f3n de Albano Costa con 30 puntos (6\/13 t3). Le cerr\u00f3 la persiana al encuentro gracias a su gran segundo cuarto (13-34) y culmin\u00f3 69-92.<\/strong><\/p>\n\n\n\n<p>El encuentro tuvo su apertura en el marcador tras dos minutos de juego, adem\u00e1s era de bajo goleo. El hu\u00e9sped meti\u00f3 2-11 de parcial, pero un envion del naranja le permiti\u00f3 entrar en el cotejo y le pon\u00eda un poco de color al cierre del cuarto. 17-17 los primeros diez.<\/p>\n\n\n\n<p>El segundo segmento fue todo de \u201c9\u201d que aprovech\u00f3 su gran pasaje y sac\u00f3 +14 de ventaja en un tramo del cuarto, a San Lorenzo le costaba encontrar gol y tambi\u00e9n el bajo rendimiento desde la l\u00ednea no pudo recuperar la diferencia. El segundo cuarto culmin\u00f3 30-51.<\/p>\n\n\n\n<p>El complemento lo tuvo al elenco visitante incrementando la diferencia que lleg\u00f3 a ser de 26 (40-66), muchas t\u00e9cnicas por lado convirtieron el encuentro muy trabado, los locales no hac\u00edan hincapi\u00e9 en el partido y se complicaba a\u00fan m\u00e1s. En este cuarto apareci\u00f3 Albano Costa con 4t3 en el mismo y que rompi\u00f3 la zona propuesta por el anfitri\u00f3n. 52-78 cerr\u00f3 el tercer cuarto.<\/p>\n\n\n\n<p>Los \u00faltimos diez fueron controlados por 9 de Julio que mantuvo la diferencia, mientras que Sanlo sali\u00f3 a tratar de limar la misma. El segmento era calcado al anterior, con las t\u00e9cnicas de por medio. La visita pudo ponerle la persiana al partido que finaliz\u00f3 69-92.<\/p>\n\n\n\n<p><strong>9 de Julio gan\u00f3 un duelo que lo domin\u00f3 a partir del segundo cuarto y se llev\u00f3 un cotejo para escaparle al fondo de la tabla.<\/strong><\/p>\n\n\n\n<figure class=\"wp-block-embed is-type-video is-provider-youtube wp-block-embed-youtube wp-embed-aspect-16-9 wp-has-aspect-ratio\"><div class=\"wp-block-embed__wrapper\">\n<div class=\"jeg_video_container jeg_video_content\"><iframe loading=\"lazy\" title=\"#Primera - Fecha #9: San Lorenzo del Sud 69 - 92 9 de Julio\" width=\"500\" height=\"281\" src=\"https:\/\/www.youtube.com\/embed\/cAkaiTo0zIc?feature=oembed\" frameborder=\"0\" allow=\"accelerometer; autoplay; clipboard-write; encrypted-media; gyroscope; picture-in-picture; web-share\" referrerpolicy=\"strict-origin-when-cross-origin\" allowfullscreen><\/iframe><\/div>\n<\/div><\/figure>\n\n\n\n<figure class=\"wp-block-image size-large\"><img decoding=\"async\" width=\"1024\" height=\"1024\" src=\"http:\/\/gentedebasquet.com.ar\/sitio\/wp-content\/uploads\/2024\/10\/439d3165-2339-48be-9e13-c3dd89a9f487-1-1024x1024.jpg\" alt=\"\" class=\"wp-image-114273\" srcset=\"https:\/\/gentedebasquet.com.ar\/sitio\/wp-content\/uploads\/2024\/10\/439d3165-2339-48be-9e13-c3dd89a9f487-1-1024x1024.jpg 1024w, https:\/\/gentedebasquet.com.ar\/sitio\/wp-content\/uploads\/2024\/10\/439d3165-2339-48be-9e13-c3dd89a9f487-1-300x300.jpg 300w, https:\/\/gentedebasquet.com.ar\/sitio\/wp-content\/uploads\/2024\/10\/439d3165-2339-48be-9e13-c3dd89a9f487-1-150x150.jpg 150w, https:\/\/gentedebasquet.com.ar\/sitio\/wp-content\/uploads\/2024\/10\/439d3165-2339-48be-9e13-c3dd89a9f487-1-768x768.jpg 768w, https:\/\/gentedebasquet.com.ar\/sitio\/wp-content\/uploads\/2024\/10\/439d3165-2339-48be-9e13-c3dd89a9f487-1-1536x1536.jpg 1536w, https:\/\/gentedebasquet.com.ar\/sitio\/wp-content\/uploads\/2024\/10\/439d3165-2339-48be-9e13-c3dd89a9f487-1-75x75.jpg 75w, https:\/\/gentedebasquet.com.ar\/sitio\/wp-content\/uploads\/2024\/10\/439d3165-2339-48be-9e13-c3dd89a9f487-1-350x350.jpg 350w, https:\/\/gentedebasquet.com.ar\/sitio\/wp-content\/uploads\/2024\/10\/439d3165-2339-48be-9e13-c3dd89a9f487-1-750x750.jpg 750w, https:\/\/gentedebasquet.com.ar\/sitio\/wp-content\/uploads\/2024\/10\/439d3165-2339-48be-9e13-c3dd89a9f487-1-1140x1140.jpg 1140w, https:\/\/gentedebasquet.com.ar\/sitio\/wp-content\/uploads\/2024\/10\/439d3165-2339-48be-9e13-c3dd89a9f487-1.jpg 1600w\" sizes=\"(max-width: 1024px) 100vw, 1024px\" \/><\/figure>\n\n\n\n<figure class=\"wp-block-image size-large\"><img decoding=\"async\" width=\"1024\" height=\"1024\" src=\"http:\/\/gentedebasquet.com.ar\/sitio\/wp-content\/uploads\/2024\/10\/2edc44d2-5060-44f0-a679-72393cddd82a-1-1024x1024.jpg\" alt=\"\" class=\"wp-image-114274\" srcset=\"https:\/\/gentedebasquet.com.ar\/sitio\/wp-content\/uploads\/2024\/10\/2edc44d2-5060-44f0-a679-72393cddd82a-1-1024x1024.jpg 1024w, https:\/\/gentedebasquet.com.ar\/sitio\/wp-content\/uploads\/2024\/10\/2edc44d2-5060-44f0-a679-72393cddd82a-1-300x300.jpg 300w, https:\/\/gentedebasquet.com.ar\/sitio\/wp-content\/uploads\/2024\/10\/2edc44d2-5060-44f0-a679-72393cddd82a-1-150x150.jpg 150w, https:\/\/gentedebasquet.com.ar\/sitio\/wp-content\/uploads\/2024\/10\/2edc44d2-5060-44f0-a679-72393cddd82a-1-768x768.jpg 768w, https:\/\/gentedebasquet.com.ar\/sitio\/wp-content\/uploads\/2024\/10\/2edc44d2-5060-44f0-a679-72393cddd82a-1-1536x1536.jpg 1536w, https:\/\/gentedebasquet.com.ar\/sitio\/wp-content\/uploads\/2024\/10\/2edc44d2-5060-44f0-a679-72393cddd82a-1-75x75.jpg 75w, https:\/\/gentedebasquet.com.ar\/sitio\/wp-content\/uploads\/2024\/10\/2edc44d2-5060-44f0-a679-72393cddd82a-1-350x350.jpg 350w, https:\/\/gentedebasquet.com.ar\/sitio\/wp-content\/uploads\/2024\/10\/2edc44d2-5060-44f0-a679-72393cddd82a-1-750x750.jpg 750w, https:\/\/gentedebasquet.com.ar\/sitio\/wp-content\/uploads\/2024\/10\/2edc44d2-5060-44f0-a679-72393cddd82a-1-1140x1140.jpg 1140w, https:\/\/gentedebasquet.com.ar\/sitio\/wp-content\/uploads\/2024\/10\/2edc44d2-5060-44f0-a679-72393cddd82a-1.jpg 1600w\" sizes=\"(max-width: 1024px) 100vw, 1024px\" \/><\/figure>\n\n\n\n<figure class=\"wp-block-image size-large\"><img decoding=\"async\" width=\"1024\" height=\"768\" src=\"http:\/\/gentedebasquet.com.ar\/sitio\/wp-content\/uploads\/2024\/10\/img_3746-1024x768.jpg\" alt=\"\" class=\"wp-image-114272\" srcset=\"https:\/\/gentedebasquet.com.ar\/sitio\/wp-content\/uploads\/2024\/10\/img_3746-1024x768.jpg 1024w, https:\/\/gentedebasquet.com.ar\/sitio\/wp-content\/uploads\/2024\/10\/img_3746-300x225.jpg 300w, https:\/\/gentedebasquet.com.ar\/sitio\/wp-content\/uploads\/2024\/10\/img_3746-768x576.jpg 768w, https:\/\/gentedebasquet.com.ar\/sitio\/wp-content\/uploads\/2024\/10\/img_3746-1536x1152.jpg 1536w, https:\/\/gentedebasquet.com.ar\/sitio\/wp-content\/uploads\/2024\/10\/img_3746-750x563.jpg 750w, https:\/\/gentedebasquet.com.ar\/sitio\/wp-content\/uploads\/2024\/10\/img_3746-1140x855.jpg 1140w, https:\/\/gentedebasquet.com.ar\/sitio\/wp-content\/uploads\/2024\/10\/img_3746.jpg 2000w\" sizes=\"(max-width: 1024px) 100vw, 1024px\" \/><\/figure>\n\n\n\n<blockquote class=\"wp-block-quote is-layout-flow wp-block-quote-is-layout-flow\">\n<p>\u00abSab\u00edamos que iba a ser una final para nosotros, empezamos muy bien, se emparej\u00f3 pero despu\u00e9s nos supimos reacomodar de vuelta y por suerte el resultado es positivo. La clave fue la actitud, desde la entrada, el equipo esta semana lo not\u00e9 m\u00e1s unido que nunca y se vi\u00f3 dentro de la cancha.\u00bb<strong> Albano Costa, 9 de Julio.<\/strong><\/p>\n<\/blockquote>\n\n\n\n<p><strong>S\u00edntesis \u2013 Primera \u2013 Fecha 9<\/strong><\/p>\n\n\n\n<p><strong>San Lorenzo 69:<\/strong> Luciano Fortelli (5), Alan Garc\u00eda (14), Esteban Benedetti (3), Ignacio Formiga (16), Mauro Montanaro (0) (FI); Mirko Cenzual (9), Juan Manuel Bicondoa (8), Agust\u00edn Pena (7), Fernando Pe\u00f1alver (x) (3), Joaqu\u00edn Coria (4).<strong> DT: Claudio Queti.<\/strong><\/p>\n\n\n\n<p><strong>9 de Julio 92:<\/strong> Agust\u00edn Villalon (15), Albano Costa (30), Manuel Costa (13), Leonardo Tard\u00edo (x) (20), Santiago Boye (x) (4) (FI); Pedro Palacio (2), Bruno Rodr\u00edguez (2), Andr\u00e9s Almir\u00f3n (2), Sebasti\u00e1n Villegas (4). <strong>DT: Julian Turcato.<\/strong><\/p>\n\n\n\n<p><strong>Parciales<\/strong>: 17-17, 30-51, (13-34), 52-78 (22-27), 69-92 (17-14).<\/p>\n\n\n\n<p><strong>\u00c1rbitros<\/strong>: Marjorie Stuardo  \u2013 Mauro Guallan \u2013 Juan Agust\u00edn Mat\u00edas <\/p>\n\n\n\n<p><strong>Estadio<\/strong>: Roman Avecilla (San Lorenzo del Sud)<\/p>\n\n\n\n<figure class=\"wp-block-image size-large\"><img decoding=\"async\" width=\"1024\" height=\"576\" src=\"http:\/\/gentedebasquet.com.ar\/sitio\/wp-content\/uploads\/2024\/10\/img_3711-1-1024x576.jpg\" alt=\"\" class=\"wp-image-114271\" srcset=\"https:\/\/gentedebasquet.com.ar\/sitio\/wp-content\/uploads\/2024\/10\/img_3711-1-1024x576.jpg 1024w, https:\/\/gentedebasquet.com.ar\/sitio\/wp-content\/uploads\/2024\/10\/img_3711-1-300x169.jpg 300w, https:\/\/gentedebasquet.com.ar\/sitio\/wp-content\/uploads\/2024\/10\/img_3711-1-768x432.jpg 768w, https:\/\/gentedebasquet.com.ar\/sitio\/wp-content\/uploads\/2024\/10\/img_3711-1-1536x864.jpg 1536w, https:\/\/gentedebasquet.com.ar\/sitio\/wp-content\/uploads\/2024\/10\/img_3711-1-750x422.jpg 750w, https:\/\/gentedebasquet.com.ar\/sitio\/wp-content\/uploads\/2024\/10\/img_3711-1-1140x641.jpg 1140w, https:\/\/gentedebasquet.com.ar\/sitio\/wp-content\/uploads\/2024\/10\/img_3711-1.jpg 2000w\" sizes=\"(max-width: 1024px) 100vw, 1024px\" \/><\/figure>\n","protected":false},"excerpt":{"rendered":"<p>9 de Julio sali\u00f3 victorioso frente a San Lorenzo con una grand\u00edsima actuaci\u00f3n de Albano Costa con 30 puntos (6\/13 t3). Le cerr\u00f3 la persiana al encuentro gracias a su gran segundo cuarto (13-34) y culmin\u00f3 69-92. El encuentro tuvo su apertura en el marcador tras dos minutos de juego, adem\u00e1s era de bajo goleo. [&hellip;]<\/p>\n","protected":false},"author":82,"featured_media":114277,"comment_status":"closed","ping_status":"open","sticky":false,"template":"","format":"standard","meta":{"jnews-multi-image_gallery":[],"jnews_single_post":[],"jnews_primary_category":[],"footnotes":""},"categories":[23,101],"tags":[2,1907,1898,1169,508,668],"class_list":["post-114275","post","type-post","status-publish","format-standard","has-post-thumbnail","hentry","category-primera","category-slide","tag-9dejulio","tag-albano-costa","tag-ignacio-formiga","tag-primera","tag-primera-division","tag-san-lorenzo-del-sud"],"yoast_head":"<!-- This site is optimized with the Yoast SEO plugin v27.5 - https:\/\/yoast.com\/product\/yoast-seo-wordpress\/ -->\n<title>A Costa de triples lo gan\u00f3 9 de Julio - Gente de B\u00e1squet<\/title>\n<meta name=\"robots\" content=\"index, follow, max-snippet:-1, max-image-preview:large, max-video-preview:-1\" \/>\n<link rel=\"canonical\" href=\"http:\/\/gentedebasquet.com.ar\/sitio\/2024\/10\/25\/a-costa-de-triples-lo-gano-9-de-julio\/\" \/>\n<meta property=\"og:locale\" content=\"es_ES\" \/>\n<meta property=\"og:type\" content=\"article\" \/>\n<meta property=\"og:title\" content=\"A Costa de triples lo gan\u00f3 9 de Julio - Gente de B\u00e1squet\" \/>\n<meta property=\"og:description\" content=\"9 de Julio sali\u00f3 victorioso frente a San Lorenzo con una grand\u00edsima actuaci\u00f3n de Albano Costa con 30 puntos (6\/13 t3). Le cerr\u00f3 la persiana al encuentro gracias a su gran segundo cuarto (13-34) y culmin\u00f3 69-92. El encuentro tuvo su apertura en el marcador tras dos minutos de juego, adem\u00e1s era de bajo goleo. [&hellip;]\" \/>\n<meta property=\"og:url\" content=\"http:\/\/gentedebasquet.com.ar\/sitio\/2024\/10\/25\/a-costa-de-triples-lo-gano-9-de-julio\/\" \/>\n<meta property=\"og:site_name\" content=\"Gente de B\u00e1squet\" \/>\n<meta property=\"article:published_time\" content=\"2024-10-25T04:36:05+00:00\" \/>\n<meta property=\"og:image\" content=\"http:\/\/gentedebasquet.com.ar\/sitio\/wp-content\/uploads\/2024\/10\/img_3595-1.jpg\" \/>\n\t<meta property=\"og:image:width\" content=\"2000\" \/>\n\t<meta property=\"og:image:height\" content=\"1125\" \/>\n\t<meta property=\"og:image:type\" content=\"image\/jpeg\" \/>\n<meta name=\"author\" content=\"Manuel Lacerenza\" \/>\n<meta name=\"twitter:card\" content=\"summary_large_image\" \/>\n<meta name=\"twitter:label1\" content=\"Escrito por\" \/>\n\t<meta name=\"twitter:data1\" content=\"Manuel Lacerenza\" \/>\n\t<meta name=\"twitter:label2\" content=\"Tiempo de lectura\" \/>\n\t<meta name=\"twitter:data2\" content=\"2 minutos\" \/>\n<script type=\"application\/ld+json\" class=\"yoast-schema-graph\">{\"@context\":\"https:\\\/\\\/schema.org\",\"@graph\":[{\"@type\":\"Article\",\"@id\":\"http:\\\/\\\/gentedebasquet.com.ar\\\/sitio\\\/2024\\\/10\\\/25\\\/a-costa-de-triples-lo-gano-9-de-julio\\\/#article\",\"isPartOf\":{\"@id\":\"http:\\\/\\\/gentedebasquet.com.ar\\\/sitio\\\/2024\\\/10\\\/25\\\/a-costa-de-triples-lo-gano-9-de-julio\\\/\"},\"author\":{\"name\":\"Manuel Lacerenza\",\"@id\":\"https:\\\/\\\/gentedebasquet.com.ar\\\/sitio\\\/#\\\/schema\\\/person\\\/643357fb6a37b5549c9cfe9f339c9f1b\"},\"headline\":\"A Costa de triples lo gan\u00f3 9 de Julio\",\"datePublished\":\"2024-10-25T04:36:05+00:00\",\"mainEntityOfPage\":{\"@id\":\"http:\\\/\\\/gentedebasquet.com.ar\\\/sitio\\\/2024\\\/10\\\/25\\\/a-costa-de-triples-lo-gano-9-de-julio\\\/\"},\"wordCount\":441,\"image\":{\"@id\":\"http:\\\/\\\/gentedebasquet.com.ar\\\/sitio\\\/2024\\\/10\\\/25\\\/a-costa-de-triples-lo-gano-9-de-julio\\\/#primaryimage\"},\"thumbnailUrl\":\"https:\\\/\\\/gentedebasquet.com.ar\\\/sitio\\\/wp-content\\\/uploads\\\/2024\\\/10\\\/img_3595-1.jpg\",\"keywords\":[\"9 de Julio\",\"Albano Costa\",\"Ignacio Formiga\",\"Primera\",\"Primera Divisi\u00f3n\",\"San Lorenzo del Sud\"],\"articleSection\":[\"Primera\",\"Slide\"],\"inLanguage\":\"es\"},{\"@type\":\"WebPage\",\"@id\":\"http:\\\/\\\/gentedebasquet.com.ar\\\/sitio\\\/2024\\\/10\\\/25\\\/a-costa-de-triples-lo-gano-9-de-julio\\\/\",\"url\":\"http:\\\/\\\/gentedebasquet.com.ar\\\/sitio\\\/2024\\\/10\\\/25\\\/a-costa-de-triples-lo-gano-9-de-julio\\\/\",\"name\":\"A Costa de triples lo gan\u00f3 9 de Julio - Gente de B\u00e1squet\",\"isPartOf\":{\"@id\":\"https:\\\/\\\/gentedebasquet.com.ar\\\/sitio\\\/#website\"},\"primaryImageOfPage\":{\"@id\":\"http:\\\/\\\/gentedebasquet.com.ar\\\/sitio\\\/2024\\\/10\\\/25\\\/a-costa-de-triples-lo-gano-9-de-julio\\\/#primaryimage\"},\"image\":{\"@id\":\"http:\\\/\\\/gentedebasquet.com.ar\\\/sitio\\\/2024\\\/10\\\/25\\\/a-costa-de-triples-lo-gano-9-de-julio\\\/#primaryimage\"},\"thumbnailUrl\":\"https:\\\/\\\/gentedebasquet.com.ar\\\/sitio\\\/wp-content\\\/uploads\\\/2024\\\/10\\\/img_3595-1.jpg\",\"datePublished\":\"2024-10-25T04:36:05+00:00\",\"author\":{\"@id\":\"https:\\\/\\\/gentedebasquet.com.ar\\\/sitio\\\/#\\\/schema\\\/person\\\/643357fb6a37b5549c9cfe9f339c9f1b\"},\"breadcrumb\":{\"@id\":\"http:\\\/\\\/gentedebasquet.com.ar\\\/sitio\\\/2024\\\/10\\\/25\\\/a-costa-de-triples-lo-gano-9-de-julio\\\/#breadcrumb\"},\"inLanguage\":\"es\",\"potentialAction\":[{\"@type\":\"ReadAction\",\"target\":[\"http:\\\/\\\/gentedebasquet.com.ar\\\/sitio\\\/2024\\\/10\\\/25\\\/a-costa-de-triples-lo-gano-9-de-julio\\\/\"]}]},{\"@type\":\"ImageObject\",\"inLanguage\":\"es\",\"@id\":\"http:\\\/\\\/gentedebasquet.com.ar\\\/sitio\\\/2024\\\/10\\\/25\\\/a-costa-de-triples-lo-gano-9-de-julio\\\/#primaryimage\",\"url\":\"https:\\\/\\\/gentedebasquet.com.ar\\\/sitio\\\/wp-content\\\/uploads\\\/2024\\\/10\\\/img_3595-1.jpg\",\"contentUrl\":\"https:\\\/\\\/gentedebasquet.com.ar\\\/sitio\\\/wp-content\\\/uploads\\\/2024\\\/10\\\/img_3595-1.jpg\",\"width\":2000,\"height\":1125},{\"@type\":\"BreadcrumbList\",\"@id\":\"http:\\\/\\\/gentedebasquet.com.ar\\\/sitio\\\/2024\\\/10\\\/25\\\/a-costa-de-triples-lo-gano-9-de-julio\\\/#breadcrumb\",\"itemListElement\":[{\"@type\":\"ListItem\",\"position\":1,\"name\":\"Portada\",\"item\":\"https:\\\/\\\/gentedebasquet.com.ar\\\/sitio\\\/\"},{\"@type\":\"ListItem\",\"position\":2,\"name\":\"A Costa de triples lo gan\u00f3 9 de Julio\"}]},{\"@type\":\"WebSite\",\"@id\":\"https:\\\/\\\/gentedebasquet.com.ar\\\/sitio\\\/#website\",\"url\":\"https:\\\/\\\/gentedebasquet.com.ar\\\/sitio\\\/\",\"name\":\"Gente de B\u00e1squet\",\"description\":\"La revista del basquet de Bah\u00eda Blanca\",\"potentialAction\":[{\"@type\":\"SearchAction\",\"target\":{\"@type\":\"EntryPoint\",\"urlTemplate\":\"https:\\\/\\\/gentedebasquet.com.ar\\\/sitio\\\/?s={search_term_string}\"},\"query-input\":{\"@type\":\"PropertyValueSpecification\",\"valueRequired\":true,\"valueName\":\"search_term_string\"}}],\"inLanguage\":\"es\"},{\"@type\":\"Person\",\"@id\":\"https:\\\/\\\/gentedebasquet.com.ar\\\/sitio\\\/#\\\/schema\\\/person\\\/643357fb6a37b5549c9cfe9f339c9f1b\",\"name\":\"Manuel Lacerenza\",\"image\":{\"@type\":\"ImageObject\",\"inLanguage\":\"es\",\"@id\":\"https:\\\/\\\/secure.gravatar.com\\\/avatar\\\/6a427d587bd181ca8afd828e8cf364f233c5cbe5b8a1332b92ea42687ad97845?s=96&d=mm&r=g\",\"url\":\"https:\\\/\\\/secure.gravatar.com\\\/avatar\\\/6a427d587bd181ca8afd828e8cf364f233c5cbe5b8a1332b92ea42687ad97845?s=96&d=mm&r=g\",\"contentUrl\":\"https:\\\/\\\/secure.gravatar.com\\\/avatar\\\/6a427d587bd181ca8afd828e8cf364f233c5cbe5b8a1332b92ea42687ad97845?s=96&d=mm&r=g\",\"caption\":\"Manuel Lacerenza\"},\"url\":\"https:\\\/\\\/gentedebasquet.com.ar\\\/sitio\\\/author\\\/manuel\\\/\"}]}<\/script>\n<!-- \/ Yoast SEO plugin. -->","yoast_head_json":{"title":"A Costa de triples lo gan\u00f3 9 de Julio - Gente de B\u00e1squet","robots":{"index":"index","follow":"follow","max-snippet":"max-snippet:-1","max-image-preview":"max-image-preview:large","max-video-preview":"max-video-preview:-1"},"canonical":"http:\/\/gentedebasquet.com.ar\/sitio\/2024\/10\/25\/a-costa-de-triples-lo-gano-9-de-julio\/","og_locale":"es_ES","og_type":"article","og_title":"A Costa de triples lo gan\u00f3 9 de Julio - Gente de B\u00e1squet","og_description":"9 de Julio sali\u00f3 victorioso frente a San Lorenzo con una grand\u00edsima actuaci\u00f3n de Albano Costa con 30 puntos (6\/13 t3). Le cerr\u00f3 la persiana al encuentro gracias a su gran segundo cuarto (13-34) y culmin\u00f3 69-92. El encuentro tuvo su apertura en el marcador tras dos minutos de juego, adem\u00e1s era de bajo goleo. [&hellip;]","og_url":"http:\/\/gentedebasquet.com.ar\/sitio\/2024\/10\/25\/a-costa-de-triples-lo-gano-9-de-julio\/","og_site_name":"Gente de B\u00e1squet","article_published_time":"2024-10-25T04:36:05+00:00","og_image":[{"width":2000,"height":1125,"url":"http:\/\/gentedebasquet.com.ar\/sitio\/wp-content\/uploads\/2024\/10\/img_3595-1.jpg","type":"image\/jpeg"}],"author":"Manuel Lacerenza","twitter_card":"summary_large_image","twitter_misc":{"Escrito por":"Manuel Lacerenza","Tiempo de lectura":"2 minutos"},"schema":{"@context":"https:\/\/schema.org","@graph":[{"@type":"Article","@id":"http:\/\/gentedebasquet.com.ar\/sitio\/2024\/10\/25\/a-costa-de-triples-lo-gano-9-de-julio\/#article","isPartOf":{"@id":"http:\/\/gentedebasquet.com.ar\/sitio\/2024\/10\/25\/a-costa-de-triples-lo-gano-9-de-julio\/"},"author":{"name":"Manuel Lacerenza","@id":"https:\/\/gentedebasquet.com.ar\/sitio\/#\/schema\/person\/643357fb6a37b5549c9cfe9f339c9f1b"},"headline":"A Costa de triples lo gan\u00f3 9 de Julio","datePublished":"2024-10-25T04:36:05+00:00","mainEntityOfPage":{"@id":"http:\/\/gentedebasquet.com.ar\/sitio\/2024\/10\/25\/a-costa-de-triples-lo-gano-9-de-julio\/"},"wordCount":441,"image":{"@id":"http:\/\/gentedebasquet.com.ar\/sitio\/2024\/10\/25\/a-costa-de-triples-lo-gano-9-de-julio\/#primaryimage"},"thumbnailUrl":"https:\/\/gentedebasquet.com.ar\/sitio\/wp-content\/uploads\/2024\/10\/img_3595-1.jpg","keywords":["9 de Julio","Albano Costa","Ignacio Formiga","Primera","Primera Divisi\u00f3n","San Lorenzo del Sud"],"articleSection":["Primera","Slide"],"inLanguage":"es"},{"@type":"WebPage","@id":"http:\/\/gentedebasquet.com.ar\/sitio\/2024\/10\/25\/a-costa-de-triples-lo-gano-9-de-julio\/","url":"http:\/\/gentedebasquet.com.ar\/sitio\/2024\/10\/25\/a-costa-de-triples-lo-gano-9-de-julio\/","name":"A Costa de triples lo gan\u00f3 9 de Julio - Gente de B\u00e1squet","isPartOf":{"@id":"https:\/\/gentedebasquet.com.ar\/sitio\/#website"},"primaryImageOfPage":{"@id":"http:\/\/gentedebasquet.com.ar\/sitio\/2024\/10\/25\/a-costa-de-triples-lo-gano-9-de-julio\/#primaryimage"},"image":{"@id":"http:\/\/gentedebasquet.com.ar\/sitio\/2024\/10\/25\/a-costa-de-triples-lo-gano-9-de-julio\/#primaryimage"},"thumbnailUrl":"https:\/\/gentedebasquet.com.ar\/sitio\/wp-content\/uploads\/2024\/10\/img_3595-1.jpg","datePublished":"2024-10-25T04:36:05+00:00","author":{"@id":"https:\/\/gentedebasquet.com.ar\/sitio\/#\/schema\/person\/643357fb6a37b5549c9cfe9f339c9f1b"},"breadcrumb":{"@id":"http:\/\/gentedebasquet.com.ar\/sitio\/2024\/10\/25\/a-costa-de-triples-lo-gano-9-de-julio\/#breadcrumb"},"inLanguage":"es","potentialAction":[{"@type":"ReadAction","target":["http:\/\/gentedebasquet.com.ar\/sitio\/2024\/10\/25\/a-costa-de-triples-lo-gano-9-de-julio\/"]}]},{"@type":"ImageObject","inLanguage":"es","@id":"http:\/\/gentedebasquet.com.ar\/sitio\/2024\/10\/25\/a-costa-de-triples-lo-gano-9-de-julio\/#primaryimage","url":"https:\/\/gentedebasquet.com.ar\/sitio\/wp-content\/uploads\/2024\/10\/img_3595-1.jpg","contentUrl":"https:\/\/gentedebasquet.com.ar\/sitio\/wp-content\/uploads\/2024\/10\/img_3595-1.jpg","width":2000,"height":1125},{"@type":"BreadcrumbList","@id":"http:\/\/gentedebasquet.com.ar\/sitio\/2024\/10\/25\/a-costa-de-triples-lo-gano-9-de-julio\/#breadcrumb","itemListElement":[{"@type":"ListItem","position":1,"name":"Portada","item":"https:\/\/gentedebasquet.com.ar\/sitio\/"},{"@type":"ListItem","position":2,"name":"A Costa de triples lo gan\u00f3 9 de Julio"}]},{"@type":"WebSite","@id":"https:\/\/gentedebasquet.com.ar\/sitio\/#website","url":"https:\/\/gentedebasquet.com.ar\/sitio\/","name":"Gente de B\u00e1squet","description":"La revista del basquet de Bah\u00eda Blanca","potentialAction":[{"@type":"SearchAction","target":{"@type":"EntryPoint","urlTemplate":"https:\/\/gentedebasquet.com.ar\/sitio\/?s={search_term_string}"},"query-input":{"@type":"PropertyValueSpecification","valueRequired":true,"valueName":"search_term_string"}}],"inLanguage":"es"},{"@type":"Person","@id":"https:\/\/gentedebasquet.com.ar\/sitio\/#\/schema\/person\/643357fb6a37b5549c9cfe9f339c9f1b","name":"Manuel Lacerenza","image":{"@type":"ImageObject","inLanguage":"es","@id":"https:\/\/secure.gravatar.com\/avatar\/6a427d587bd181ca8afd828e8cf364f233c5cbe5b8a1332b92ea42687ad97845?s=96&d=mm&r=g","url":"https:\/\/secure.gravatar.com\/avatar\/6a427d587bd181ca8afd828e8cf364f233c5cbe5b8a1332b92ea42687ad97845?s=96&d=mm&r=g","contentUrl":"https:\/\/secure.gravatar.com\/avatar\/6a427d587bd181ca8afd828e8cf364f233c5cbe5b8a1332b92ea42687ad97845?s=96&d=mm&r=g","caption":"Manuel Lacerenza"},"url":"https:\/\/gentedebasquet.com.ar\/sitio\/author\/manuel\/"}]}},"_links":{"self":[{"href":"https:\/\/gentedebasquet.com.ar\/sitio\/wp-json\/wp\/v2\/posts\/114275","targetHints":{"allow":["GET"]}}],"collection":[{"href":"https:\/\/gentedebasquet.com.ar\/sitio\/wp-json\/wp\/v2\/posts"}],"about":[{"href":"https:\/\/gentedebasquet.com.ar\/sitio\/wp-json\/wp\/v2\/types\/post"}],"author":[{"embeddable":true,"href":"https:\/\/gentedebasquet.com.ar\/sitio\/wp-json\/wp\/v2\/users\/82"}],"replies":[{"embeddable":true,"href":"https:\/\/gentedebasquet.com.ar\/sitio\/wp-json\/wp\/v2\/comments?post=114275"}],"version-history":[{"count":2,"href":"https:\/\/gentedebasquet.com.ar\/sitio\/wp-json\/wp\/v2\/posts\/114275\/revisions"}],"predecessor-version":[{"id":114278,"href":"https:\/\/gentedebasquet.com.ar\/sitio\/wp-json\/wp\/v2\/posts\/114275\/revisions\/114278"}],"wp:featuredmedia":[{"embeddable":true,"href":"https:\/\/gentedebasquet.com.ar\/sitio\/wp-json\/wp\/v2\/media\/114277"}],"wp:attachment":[{"href":"https:\/\/gentedebasquet.com.ar\/sitio\/wp-json\/wp\/v2\/media?parent=114275"}],"wp:term":[{"taxonomy":"category","embeddable":true,"href":"https:\/\/gentedebasquet.com.ar\/sitio\/wp-json\/wp\/v2\/categories?post=114275"},{"taxonomy":"post_tag","embeddable":true,"href":"https:\/\/gentedebasquet.com.ar\/sitio\/wp-json\/wp\/v2\/tags?post=114275"}],"curies":[{"name":"wp","href":"https:\/\/api.w.org\/{rel}","templated":true}]}}