{"id":114573,"date":"2024-11-08T04:25:45","date_gmt":"2024-11-08T03:25:45","guid":{"rendered":"https:\/\/gentedebasquet.com.ar\/sitio\/?p=114573"},"modified":"2024-11-08T16:24:52","modified_gmt":"2024-11-08T15:24:52","slug":"naposta-empezara-los-playoffs-arriba-de-todos","status":"publish","type":"post","link":"https:\/\/gentedebasquet.com.ar\/sitio\/2024\/11\/08\/naposta-empezara-los-playoffs-arriba-de-todos\/","title":{"rendered":"Napost\u00e1 empezar\u00e1 los playoffs arriba de todos"},"content":{"rendered":"<p><strong>Con objetivos opuestos se enfrentaron ayer Napost\u00e1 y Barracas Central en la \u00faltima fecha de la temporada regular del campeonato de Primera. El de la avenida Alem gan\u00f3 y pudo finalizar la etapa de \u00abtodos contra todos\u00bb como \u00fanico l\u00edder, ayudado por la derrota de Olimpo en esta jornada. <\/strong><strong>Eso significa que en la primera ronda de los playoffs deber\u00e1 enfrentar al octavo de la tabla, Estudiantes. En esta eliminatoria jugar\u00e1n como m\u00e1ximo tres partidos.<\/strong><\/p>\n<p><strong>Barracas termin\u00f3 la fase en el \u00faltimo lugar de las posiciones y en los pr\u00f3ximos d\u00edas tendr\u00e1 que iniciar la disputa por la permanencia contra Bahiense del Norte. Ser\u00e1n como m\u00e1ximo cinco encuentros en esta serie. El perdedor descender\u00e1 y el ganador va a tener que jugar otra serie de repechaje contra el segundo de Segunda.\u00a0<\/strong><\/p>\n<p><strong>En el partido de anoche Napost\u00e1 tuvo dos figuras sobresalientes: Tom\u00e1s Bruni y Sebasti\u00e1n Su\u00e1rez. El primero termin\u00f3 con 23 puntos, 5 asistencias y 2 robos, y el segundo aport\u00f3 21 tantos, 2 rebotes, 1 asistencia y 1 robo. Barracas cont\u00f3 con trabajos importantes de Brian Ruiz (10 puntos y 10 rebotes) y Mart\u00edn Quevedo (10 puntos, 5 rebotes y 2 asistencias).<\/strong><\/p>\n<p><strong>Desde el arranque del partido \u00abNapo\u00bb dej\u00f3 claro que iba a tener una buena noche con los tiros de tres puntos. Meti\u00f3 cuatro en la misma cantidad de minutos y se puso 12-3 arriba en el marcador. Barracas empez\u00f3 con Brian Ruiz como principal amenaza ofensiva. M\u00e1s adelante se sumaron Agust\u00edn \u00c1lvarez y Mart\u00edn Quevedo con dos triples que decoraron el resultado del primer cuarto: 21-11 a favor del due\u00f1o de casa.<\/strong><\/p>\n<p><strong> El de la calle Thompson tuvo una efectividad baja en tiros y perdi\u00f3 pelotas en los choques con la defensa. En el segundo cuarto marc\u00f3 menos puntos que en el primero (7 y 11), mientras que Napost\u00e1 se mantuvo en las dos decenas. Leonel Alemany colabor\u00f3 con un poco de todo: puntos, asistencias y robos. Y Sebasti\u00e1n Su\u00e1rez empez\u00f3 a desarrollar su gran tarea ofensiva. Anot\u00f3 6 en estos segundos diez minutos.<\/strong><\/p>\n<p><strong>La primera mitad del tercer per\u00edodo fue el show del triple. Napost\u00e1 convirti\u00f3 otros cuatro (tres de Bruni, uno de Muzi) y Barracas le contest\u00f3 enseguida con dos, ambos de Quevedo. El anfitri\u00f3n super\u00f3 las 30 unidades de ventaja en este momento y empez\u00f3 a bajar la persiana.<\/strong><\/p>\n<p><b>Su\u00e1rez fue el destacado en el \u00faltimo cuarto para Napost\u00e1. Anot\u00f3 13 de sus 21 tantos en este tramo definitorio, con 3 triples y 2 dobles. Barracas intent\u00f3 hacer frente con su mejor actitud en esta parte final. Sum\u00f3 15 puntos a su cuenta, fue el cuarto m\u00e1s positivo para el visitante en la noche. De esta manera se cerr\u00f3 el enfrentamiento y qued\u00f3 definido el futuro pr\u00f3ximo para ambos equipos.<\/b><\/p>\n<p>&nbsp;<\/p>\n<p>&nbsp;<\/p>\n<div class=\"jeg_video_container jeg_video_content\">\n<div class=\"jeg_video_container jeg_video_content\"><iframe loading=\"lazy\" title=\"#Primera - Fecha #11 : Napost\u00e1 92 - 50 Barracas Central\" width=\"500\" height=\"281\" src=\"https:\/\/www.youtube.com\/embed\/jDrF2u1h4u4?feature=oembed\" frameborder=\"0\" allow=\"accelerometer; autoplay; clipboard-write; encrypted-media; gyroscope; picture-in-picture; web-share\" referrerpolicy=\"strict-origin-when-cross-origin\" allowfullscreen><\/iframe><\/div>\n<\/div>\n<p>&nbsp;<\/p>\n<p>&nbsp;<\/p>\n<p><img decoding=\"async\" class=\"alignnone wp-image-114615\" src=\"http:\/\/gentedebasquet.com.ar\/sitio\/wp-content\/uploads\/2024\/11\/CLAVENaposta-300x300.png\" alt=\"\" width=\"625\" height=\"625\" srcset=\"https:\/\/gentedebasquet.com.ar\/sitio\/wp-content\/uploads\/2024\/11\/CLAVENaposta-300x300.png 300w, https:\/\/gentedebasquet.com.ar\/sitio\/wp-content\/uploads\/2024\/11\/CLAVENaposta-1024x1024.png 1024w, https:\/\/gentedebasquet.com.ar\/sitio\/wp-content\/uploads\/2024\/11\/CLAVENaposta-150x150.png 150w, https:\/\/gentedebasquet.com.ar\/sitio\/wp-content\/uploads\/2024\/11\/CLAVENaposta-768x768.png 768w, https:\/\/gentedebasquet.com.ar\/sitio\/wp-content\/uploads\/2024\/11\/CLAVENaposta-1536x1536.png 1536w, https:\/\/gentedebasquet.com.ar\/sitio\/wp-content\/uploads\/2024\/11\/CLAVENaposta-75x75.png 75w, https:\/\/gentedebasquet.com.ar\/sitio\/wp-content\/uploads\/2024\/11\/CLAVENaposta-350x350.png 350w, https:\/\/gentedebasquet.com.ar\/sitio\/wp-content\/uploads\/2024\/11\/CLAVENaposta-750x750.png 750w, https:\/\/gentedebasquet.com.ar\/sitio\/wp-content\/uploads\/2024\/11\/CLAVENaposta-1140x1140.png 1140w, https:\/\/gentedebasquet.com.ar\/sitio\/wp-content\/uploads\/2024\/11\/CLAVENaposta.png 2000w\" sizes=\"(max-width: 625px) 100vw, 625px\" \/><\/p>\n<p>&nbsp;<\/p>\n<p>&nbsp;<\/p>\n<p>&nbsp;<\/p>\n<blockquote><p>Hoy salimos a ganar. Se nos pudo dar la victoria y por suerte Liniers le gan\u00f3 a Olimpo y nos pudimos quedar con el primer puesto. El equipo llega muy bien a los playoffs, creo que jugando un buen basquet. Y con ganas de demostrar porqu\u00e9 estamos donde estamos.\u00a0<strong>Tom\u00e1s Bruni, Napost\u00e1.<\/strong><\/p>\n<p><img decoding=\"async\" class=\"alignnone wp-image-114616\" style=\"color: #333333\" src=\"http:\/\/gentedebasquet.com.ar\/sitio\/wp-content\/uploads\/2024\/11\/MVPNaposta-300x300.png\" alt=\"\" width=\"500\" height=\"500\" srcset=\"https:\/\/gentedebasquet.com.ar\/sitio\/wp-content\/uploads\/2024\/11\/MVPNaposta-300x300.png 300w, https:\/\/gentedebasquet.com.ar\/sitio\/wp-content\/uploads\/2024\/11\/MVPNaposta-1024x1024.png 1024w, https:\/\/gentedebasquet.com.ar\/sitio\/wp-content\/uploads\/2024\/11\/MVPNaposta-150x150.png 150w, https:\/\/gentedebasquet.com.ar\/sitio\/wp-content\/uploads\/2024\/11\/MVPNaposta-768x768.png 768w, https:\/\/gentedebasquet.com.ar\/sitio\/wp-content\/uploads\/2024\/11\/MVPNaposta-1536x1536.png 1536w, https:\/\/gentedebasquet.com.ar\/sitio\/wp-content\/uploads\/2024\/11\/MVPNaposta-75x75.png 75w, https:\/\/gentedebasquet.com.ar\/sitio\/wp-content\/uploads\/2024\/11\/MVPNaposta-350x350.png 350w, https:\/\/gentedebasquet.com.ar\/sitio\/wp-content\/uploads\/2024\/11\/MVPNaposta-750x750.png 750w, https:\/\/gentedebasquet.com.ar\/sitio\/wp-content\/uploads\/2024\/11\/MVPNaposta-1140x1140.png 1140w, https:\/\/gentedebasquet.com.ar\/sitio\/wp-content\/uploads\/2024\/11\/MVPNaposta.png 2000w\" sizes=\"(max-width: 500px) 100vw, 500px\" \/><\/p><\/blockquote>\n<p><strong>S\u00edntesis &#8211; Primera Masculina &#8211; Fecha 11<\/strong><\/p>\n<p><strong>Napost\u00e1 92 :<\/strong> Nicol\u00e1s S\u00e1nchez 3; Tom\u00e1s Bruni 23; Guido Muzi 5; Santiago Ayala 12; Antonio Iturrioz 5 <strong>(F.I.)<\/strong> Mariano Blanche 9; Sebasti\u00e1n Suarez 21; Gast\u00f3n Torres 7; Leonel Alemany 5; Kevin Hernandez 2; Benjam\u00edn Jaratz. <strong>DT:<\/strong> Fabricio Piccinini.<\/p>\n<p><strong>Barracas Central 50 :<\/strong> Manuel Collar 2; Agust\u00edn \u00c1lvarez 6; Mart\u00edn Quevedo 10; Mart\u00edn Villoldo 8; Brian Ruiz 10\u00a0 <strong>(F.I.) <\/strong>Lucas Dur\u00e1n 9; Lautaro Bini 2; Walter Ruiz 3; Ignacio R\u00edos; Giuliano Zaccara. <strong>DT:<\/strong> Mario Zaccara.<\/p>\n<p><strong>Parciales:<\/strong> 21-11; 41-18 (20-7); 71-35 (30-17); 92-50 (21-15).<\/p>\n<p><strong>\u00c1rbitros:<\/strong> Marjorie Stuardo &#8211; Ariel Di Marco &#8211; Mauro Guallan.<\/p>\n<p><strong>Estadio:\u00a0 <\/strong>Antonio Palma (Napost\u00e1).<\/p>\n<p>&nbsp;<\/p>\n<p><img decoding=\"async\" class=\"alignnone wp-image-114578 \" src=\"http:\/\/gentedebasquet.com.ar\/sitio\/wp-content\/uploads\/2024\/11\/vlcsnap-2024-11-08-00h07m34s756-300x169.png\" alt=\"\" width=\"643\" height=\"362\" srcset=\"https:\/\/gentedebasquet.com.ar\/sitio\/wp-content\/uploads\/2024\/11\/vlcsnap-2024-11-08-00h07m34s756-300x169.png 300w, https:\/\/gentedebasquet.com.ar\/sitio\/wp-content\/uploads\/2024\/11\/vlcsnap-2024-11-08-00h07m34s756-1024x576.png 1024w, https:\/\/gentedebasquet.com.ar\/sitio\/wp-content\/uploads\/2024\/11\/vlcsnap-2024-11-08-00h07m34s756-768x432.png 768w, https:\/\/gentedebasquet.com.ar\/sitio\/wp-content\/uploads\/2024\/11\/vlcsnap-2024-11-08-00h07m34s756-750x422.png 750w, https:\/\/gentedebasquet.com.ar\/sitio\/wp-content\/uploads\/2024\/11\/vlcsnap-2024-11-08-00h07m34s756-1140x641.png 1140w, https:\/\/gentedebasquet.com.ar\/sitio\/wp-content\/uploads\/2024\/11\/vlcsnap-2024-11-08-00h07m34s756.png 1280w\" sizes=\"(max-width: 643px) 100vw, 643px\" \/><\/p>\n","protected":false},"excerpt":{"rendered":"<p>Con objetivos opuestos se enfrentaron ayer Napost\u00e1 y Barracas Central en la \u00faltima fecha de la temporada regular del campeonato de Primera. El de la avenida Alem gan\u00f3 y pudo finalizar la etapa de \u00abtodos contra todos\u00bb como \u00fanico l\u00edder, ayudado por la derrota de Olimpo en esta jornada. Eso significa que en la primera [&hellip;]<\/p>\n","protected":false},"author":70,"featured_media":114577,"comment_status":"open","ping_status":"open","sticky":false,"template":"","format":"standard","meta":{"jnews-multi-image_gallery":[],"jnews_single_post":{"source_name":"","source_url":"","via_name":"","via_url":"","override_template":"0","override":[{"template":"1","single_blog_custom":"","parallax":"1","fullscreen":"1","layout":"right-sidebar","sidebar":"default-sidebar","second_sidebar":"default-sidebar","sticky_sidebar":"1","share_position":"top","share_float_style":"share-monocrhome","show_share_counter":"0","show_view_counter":"0","show_featured":"1","show_post_meta":"1","show_post_author":"1","show_post_author_image":"0","show_post_date":"1","post_date_format":"default","post_date_format_custom":"Y\/m\/d","show_post_category":"1","show_post_reading_time":"0","post_reading_time_wpm":"300","show_zoom_button":"0","zoom_button_out_step":"2","zoom_button_in_step":"3","show_post_tag":"1","show_prev_next_post":"1","show_popup_post":"0","number_popup_post":"1","show_author_box":"0","show_post_related":"0","show_inline_post_related":"0"}],"override_image_size":"0","image_override":[{"single_post_thumbnail_size":"crop-500","single_post_gallery_size":"crop-500"}],"trending_post":"0","trending_post_position":"meta","trending_post_label":"Trending","sponsored_post":"0","sponsored_post_label":"Sponsored by","sponsored_post_name":"","sponsored_post_url":"","sponsored_post_logo_enable":"0","sponsored_post_logo":"","sponsored_post_desc":"","disable_ad":"0"},"jnews_primary_category":{"id":"","hide":""},"footnotes":""},"categories":[23,101],"tags":[6,2000,15,486],"class_list":["post-114573","post","type-post","status-publish","format-standard","has-post-thumbnail","hentry","category-primera","category-slide","tag-barracas-central","tag-brian-ruiz","tag-naposta","tag-tomas-bruni"],"yoast_head":"<!-- This site is optimized with the Yoast SEO plugin v27.5 - https:\/\/yoast.com\/product\/yoast-seo-wordpress\/ -->\n<title>Napost\u00e1 empezar\u00e1 los playoffs arriba de todos - Gente de B\u00e1squet<\/title>\n<meta name=\"robots\" content=\"index, follow, max-snippet:-1, max-image-preview:large, max-video-preview:-1\" \/>\n<link rel=\"canonical\" href=\"https:\/\/gentedebasquet.com.ar\/sitio\/2024\/11\/08\/naposta-empezara-los-playoffs-arriba-de-todos\/\" \/>\n<meta property=\"og:locale\" content=\"es_ES\" \/>\n<meta property=\"og:type\" content=\"article\" \/>\n<meta property=\"og:title\" content=\"Napost\u00e1 empezar\u00e1 los playoffs arriba de todos - Gente de B\u00e1squet\" \/>\n<meta property=\"og:description\" content=\"Con objetivos opuestos se enfrentaron ayer Napost\u00e1 y Barracas Central en la \u00faltima fecha de la temporada regular del campeonato de Primera. El de la avenida Alem gan\u00f3 y pudo finalizar la etapa de \u00abtodos contra todos\u00bb como \u00fanico l\u00edder, ayudado por la derrota de Olimpo en esta jornada. Eso significa que en la primera [&hellip;]\" \/>\n<meta property=\"og:url\" content=\"https:\/\/gentedebasquet.com.ar\/sitio\/2024\/11\/08\/naposta-empezara-los-playoffs-arriba-de-todos\/\" \/>\n<meta property=\"og:site_name\" content=\"Gente de B\u00e1squet\" \/>\n<meta property=\"article:published_time\" content=\"2024-11-08T03:25:45+00:00\" \/>\n<meta property=\"article:modified_time\" content=\"2024-11-08T15:24:52+00:00\" \/>\n<meta property=\"og:image\" content=\"https:\/\/gentedebasquet.com.ar\/sitio\/wp-content\/uploads\/2024\/11\/vlcsnap-2024-11-08-00h09m16s726.png\" \/>\n\t<meta property=\"og:image:width\" content=\"690\" \/>\n\t<meta property=\"og:image:height\" content=\"319\" \/>\n\t<meta property=\"og:image:type\" content=\"image\/png\" \/>\n<meta name=\"author\" content=\"Andres Camarero\" \/>\n<meta name=\"twitter:card\" content=\"summary_large_image\" \/>\n<meta name=\"twitter:label1\" content=\"Escrito por\" \/>\n\t<meta name=\"twitter:data1\" content=\"Andres Camarero\" \/>\n\t<meta name=\"twitter:label2\" content=\"Tiempo de lectura\" \/>\n\t<meta name=\"twitter:data2\" content=\"4 minutos\" \/>\n<script type=\"application\/ld+json\" class=\"yoast-schema-graph\">{\"@context\":\"https:\\\/\\\/schema.org\",\"@graph\":[{\"@type\":\"Article\",\"@id\":\"https:\\\/\\\/gentedebasquet.com.ar\\\/sitio\\\/2024\\\/11\\\/08\\\/naposta-empezara-los-playoffs-arriba-de-todos\\\/#article\",\"isPartOf\":{\"@id\":\"https:\\\/\\\/gentedebasquet.com.ar\\\/sitio\\\/2024\\\/11\\\/08\\\/naposta-empezara-los-playoffs-arriba-de-todos\\\/\"},\"author\":{\"name\":\"Andres Camarero\",\"@id\":\"https:\\\/\\\/gentedebasquet.com.ar\\\/sitio\\\/#\\\/schema\\\/person\\\/6f3e5bc5df127b420a445d22fc9eaa51\"},\"headline\":\"Napost\u00e1 empezar\u00e1 los playoffs arriba de todos\",\"datePublished\":\"2024-11-08T03:25:45+00:00\",\"dateModified\":\"2024-11-08T15:24:52+00:00\",\"mainEntityOfPage\":{\"@id\":\"https:\\\/\\\/gentedebasquet.com.ar\\\/sitio\\\/2024\\\/11\\\/08\\\/naposta-empezara-los-playoffs-arriba-de-todos\\\/\"},\"wordCount\":629,\"commentCount\":0,\"image\":{\"@id\":\"https:\\\/\\\/gentedebasquet.com.ar\\\/sitio\\\/2024\\\/11\\\/08\\\/naposta-empezara-los-playoffs-arriba-de-todos\\\/#primaryimage\"},\"thumbnailUrl\":\"https:\\\/\\\/gentedebasquet.com.ar\\\/sitio\\\/wp-content\\\/uploads\\\/2024\\\/11\\\/vlcsnap-2024-11-08-00h09m16s726.png\",\"keywords\":[\"Barracas Central\",\"Brian Ruiz\",\"Naposta\",\"Tomas Bruni\"],\"articleSection\":[\"Primera\",\"Slide\"],\"inLanguage\":\"es\",\"potentialAction\":[{\"@type\":\"CommentAction\",\"name\":\"Comment\",\"target\":[\"https:\\\/\\\/gentedebasquet.com.ar\\\/sitio\\\/2024\\\/11\\\/08\\\/naposta-empezara-los-playoffs-arriba-de-todos\\\/#respond\"]}]},{\"@type\":\"WebPage\",\"@id\":\"https:\\\/\\\/gentedebasquet.com.ar\\\/sitio\\\/2024\\\/11\\\/08\\\/naposta-empezara-los-playoffs-arriba-de-todos\\\/\",\"url\":\"https:\\\/\\\/gentedebasquet.com.ar\\\/sitio\\\/2024\\\/11\\\/08\\\/naposta-empezara-los-playoffs-arriba-de-todos\\\/\",\"name\":\"Napost\u00e1 empezar\u00e1 los playoffs arriba de todos - Gente de B\u00e1squet\",\"isPartOf\":{\"@id\":\"https:\\\/\\\/gentedebasquet.com.ar\\\/sitio\\\/#website\"},\"primaryImageOfPage\":{\"@id\":\"https:\\\/\\\/gentedebasquet.com.ar\\\/sitio\\\/2024\\\/11\\\/08\\\/naposta-empezara-los-playoffs-arriba-de-todos\\\/#primaryimage\"},\"image\":{\"@id\":\"https:\\\/\\\/gentedebasquet.com.ar\\\/sitio\\\/2024\\\/11\\\/08\\\/naposta-empezara-los-playoffs-arriba-de-todos\\\/#primaryimage\"},\"thumbnailUrl\":\"https:\\\/\\\/gentedebasquet.com.ar\\\/sitio\\\/wp-content\\\/uploads\\\/2024\\\/11\\\/vlcsnap-2024-11-08-00h09m16s726.png\",\"datePublished\":\"2024-11-08T03:25:45+00:00\",\"dateModified\":\"2024-11-08T15:24:52+00:00\",\"author\":{\"@id\":\"https:\\\/\\\/gentedebasquet.com.ar\\\/sitio\\\/#\\\/schema\\\/person\\\/6f3e5bc5df127b420a445d22fc9eaa51\"},\"breadcrumb\":{\"@id\":\"https:\\\/\\\/gentedebasquet.com.ar\\\/sitio\\\/2024\\\/11\\\/08\\\/naposta-empezara-los-playoffs-arriba-de-todos\\\/#breadcrumb\"},\"inLanguage\":\"es\",\"potentialAction\":[{\"@type\":\"ReadAction\",\"target\":[\"https:\\\/\\\/gentedebasquet.com.ar\\\/sitio\\\/2024\\\/11\\\/08\\\/naposta-empezara-los-playoffs-arriba-de-todos\\\/\"]}]},{\"@type\":\"ImageObject\",\"inLanguage\":\"es\",\"@id\":\"https:\\\/\\\/gentedebasquet.com.ar\\\/sitio\\\/2024\\\/11\\\/08\\\/naposta-empezara-los-playoffs-arriba-de-todos\\\/#primaryimage\",\"url\":\"https:\\\/\\\/gentedebasquet.com.ar\\\/sitio\\\/wp-content\\\/uploads\\\/2024\\\/11\\\/vlcsnap-2024-11-08-00h09m16s726.png\",\"contentUrl\":\"https:\\\/\\\/gentedebasquet.com.ar\\\/sitio\\\/wp-content\\\/uploads\\\/2024\\\/11\\\/vlcsnap-2024-11-08-00h09m16s726.png\",\"width\":690,\"height\":319},{\"@type\":\"BreadcrumbList\",\"@id\":\"https:\\\/\\\/gentedebasquet.com.ar\\\/sitio\\\/2024\\\/11\\\/08\\\/naposta-empezara-los-playoffs-arriba-de-todos\\\/#breadcrumb\",\"itemListElement\":[{\"@type\":\"ListItem\",\"position\":1,\"name\":\"Portada\",\"item\":\"https:\\\/\\\/gentedebasquet.com.ar\\\/sitio\\\/\"},{\"@type\":\"ListItem\",\"position\":2,\"name\":\"Napost\u00e1 empezar\u00e1 los playoffs arriba de todos\"}]},{\"@type\":\"WebSite\",\"@id\":\"https:\\\/\\\/gentedebasquet.com.ar\\\/sitio\\\/#website\",\"url\":\"https:\\\/\\\/gentedebasquet.com.ar\\\/sitio\\\/\",\"name\":\"Gente de B\u00e1squet\",\"description\":\"La revista del basquet de Bah\u00eda Blanca\",\"potentialAction\":[{\"@type\":\"SearchAction\",\"target\":{\"@type\":\"EntryPoint\",\"urlTemplate\":\"https:\\\/\\\/gentedebasquet.com.ar\\\/sitio\\\/?s={search_term_string}\"},\"query-input\":{\"@type\":\"PropertyValueSpecification\",\"valueRequired\":true,\"valueName\":\"search_term_string\"}}],\"inLanguage\":\"es\"},{\"@type\":\"Person\",\"@id\":\"https:\\\/\\\/gentedebasquet.com.ar\\\/sitio\\\/#\\\/schema\\\/person\\\/6f3e5bc5df127b420a445d22fc9eaa51\",\"name\":\"Andres Camarero\",\"image\":{\"@type\":\"ImageObject\",\"inLanguage\":\"es\",\"@id\":\"https:\\\/\\\/secure.gravatar.com\\\/avatar\\\/f6d4884ec54a50c25ccd5e4f54f5e904d09dfe74ef58e58f631f3917b6fed7cd?s=96&d=mm&r=g\",\"url\":\"https:\\\/\\\/secure.gravatar.com\\\/avatar\\\/f6d4884ec54a50c25ccd5e4f54f5e904d09dfe74ef58e58f631f3917b6fed7cd?s=96&d=mm&r=g\",\"contentUrl\":\"https:\\\/\\\/secure.gravatar.com\\\/avatar\\\/f6d4884ec54a50c25ccd5e4f54f5e904d09dfe74ef58e58f631f3917b6fed7cd?s=96&d=mm&r=g\",\"caption\":\"Andres Camarero\"},\"url\":\"https:\\\/\\\/gentedebasquet.com.ar\\\/sitio\\\/author\\\/andres-camarero\\\/\"}]}<\/script>\n<!-- \/ Yoast SEO plugin. -->","yoast_head_json":{"title":"Napost\u00e1 empezar\u00e1 los playoffs arriba de todos - Gente de B\u00e1squet","robots":{"index":"index","follow":"follow","max-snippet":"max-snippet:-1","max-image-preview":"max-image-preview:large","max-video-preview":"max-video-preview:-1"},"canonical":"https:\/\/gentedebasquet.com.ar\/sitio\/2024\/11\/08\/naposta-empezara-los-playoffs-arriba-de-todos\/","og_locale":"es_ES","og_type":"article","og_title":"Napost\u00e1 empezar\u00e1 los playoffs arriba de todos - Gente de B\u00e1squet","og_description":"Con objetivos opuestos se enfrentaron ayer Napost\u00e1 y Barracas Central en la \u00faltima fecha de la temporada regular del campeonato de Primera. El de la avenida Alem gan\u00f3 y pudo finalizar la etapa de \u00abtodos contra todos\u00bb como \u00fanico l\u00edder, ayudado por la derrota de Olimpo en esta jornada. Eso significa que en la primera [&hellip;]","og_url":"https:\/\/gentedebasquet.com.ar\/sitio\/2024\/11\/08\/naposta-empezara-los-playoffs-arriba-de-todos\/","og_site_name":"Gente de B\u00e1squet","article_published_time":"2024-11-08T03:25:45+00:00","article_modified_time":"2024-11-08T15:24:52+00:00","og_image":[{"width":690,"height":319,"url":"https:\/\/gentedebasquet.com.ar\/sitio\/wp-content\/uploads\/2024\/11\/vlcsnap-2024-11-08-00h09m16s726.png","type":"image\/png"}],"author":"Andres Camarero","twitter_card":"summary_large_image","twitter_misc":{"Escrito por":"Andres Camarero","Tiempo de lectura":"4 minutos"},"schema":{"@context":"https:\/\/schema.org","@graph":[{"@type":"Article","@id":"https:\/\/gentedebasquet.com.ar\/sitio\/2024\/11\/08\/naposta-empezara-los-playoffs-arriba-de-todos\/#article","isPartOf":{"@id":"https:\/\/gentedebasquet.com.ar\/sitio\/2024\/11\/08\/naposta-empezara-los-playoffs-arriba-de-todos\/"},"author":{"name":"Andres Camarero","@id":"https:\/\/gentedebasquet.com.ar\/sitio\/#\/schema\/person\/6f3e5bc5df127b420a445d22fc9eaa51"},"headline":"Napost\u00e1 empezar\u00e1 los playoffs arriba de todos","datePublished":"2024-11-08T03:25:45+00:00","dateModified":"2024-11-08T15:24:52+00:00","mainEntityOfPage":{"@id":"https:\/\/gentedebasquet.com.ar\/sitio\/2024\/11\/08\/naposta-empezara-los-playoffs-arriba-de-todos\/"},"wordCount":629,"commentCount":0,"image":{"@id":"https:\/\/gentedebasquet.com.ar\/sitio\/2024\/11\/08\/naposta-empezara-los-playoffs-arriba-de-todos\/#primaryimage"},"thumbnailUrl":"https:\/\/gentedebasquet.com.ar\/sitio\/wp-content\/uploads\/2024\/11\/vlcsnap-2024-11-08-00h09m16s726.png","keywords":["Barracas Central","Brian Ruiz","Naposta","Tomas Bruni"],"articleSection":["Primera","Slide"],"inLanguage":"es","potentialAction":[{"@type":"CommentAction","name":"Comment","target":["https:\/\/gentedebasquet.com.ar\/sitio\/2024\/11\/08\/naposta-empezara-los-playoffs-arriba-de-todos\/#respond"]}]},{"@type":"WebPage","@id":"https:\/\/gentedebasquet.com.ar\/sitio\/2024\/11\/08\/naposta-empezara-los-playoffs-arriba-de-todos\/","url":"https:\/\/gentedebasquet.com.ar\/sitio\/2024\/11\/08\/naposta-empezara-los-playoffs-arriba-de-todos\/","name":"Napost\u00e1 empezar\u00e1 los playoffs arriba de todos - Gente de B\u00e1squet","isPartOf":{"@id":"https:\/\/gentedebasquet.com.ar\/sitio\/#website"},"primaryImageOfPage":{"@id":"https:\/\/gentedebasquet.com.ar\/sitio\/2024\/11\/08\/naposta-empezara-los-playoffs-arriba-de-todos\/#primaryimage"},"image":{"@id":"https:\/\/gentedebasquet.com.ar\/sitio\/2024\/11\/08\/naposta-empezara-los-playoffs-arriba-de-todos\/#primaryimage"},"thumbnailUrl":"https:\/\/gentedebasquet.com.ar\/sitio\/wp-content\/uploads\/2024\/11\/vlcsnap-2024-11-08-00h09m16s726.png","datePublished":"2024-11-08T03:25:45+00:00","dateModified":"2024-11-08T15:24:52+00:00","author":{"@id":"https:\/\/gentedebasquet.com.ar\/sitio\/#\/schema\/person\/6f3e5bc5df127b420a445d22fc9eaa51"},"breadcrumb":{"@id":"https:\/\/gentedebasquet.com.ar\/sitio\/2024\/11\/08\/naposta-empezara-los-playoffs-arriba-de-todos\/#breadcrumb"},"inLanguage":"es","potentialAction":[{"@type":"ReadAction","target":["https:\/\/gentedebasquet.com.ar\/sitio\/2024\/11\/08\/naposta-empezara-los-playoffs-arriba-de-todos\/"]}]},{"@type":"ImageObject","inLanguage":"es","@id":"https:\/\/gentedebasquet.com.ar\/sitio\/2024\/11\/08\/naposta-empezara-los-playoffs-arriba-de-todos\/#primaryimage","url":"https:\/\/gentedebasquet.com.ar\/sitio\/wp-content\/uploads\/2024\/11\/vlcsnap-2024-11-08-00h09m16s726.png","contentUrl":"https:\/\/gentedebasquet.com.ar\/sitio\/wp-content\/uploads\/2024\/11\/vlcsnap-2024-11-08-00h09m16s726.png","width":690,"height":319},{"@type":"BreadcrumbList","@id":"https:\/\/gentedebasquet.com.ar\/sitio\/2024\/11\/08\/naposta-empezara-los-playoffs-arriba-de-todos\/#breadcrumb","itemListElement":[{"@type":"ListItem","position":1,"name":"Portada","item":"https:\/\/gentedebasquet.com.ar\/sitio\/"},{"@type":"ListItem","position":2,"name":"Napost\u00e1 empezar\u00e1 los playoffs arriba de todos"}]},{"@type":"WebSite","@id":"https:\/\/gentedebasquet.com.ar\/sitio\/#website","url":"https:\/\/gentedebasquet.com.ar\/sitio\/","name":"Gente de B\u00e1squet","description":"La revista del basquet de Bah\u00eda Blanca","potentialAction":[{"@type":"SearchAction","target":{"@type":"EntryPoint","urlTemplate":"https:\/\/gentedebasquet.com.ar\/sitio\/?s={search_term_string}"},"query-input":{"@type":"PropertyValueSpecification","valueRequired":true,"valueName":"search_term_string"}}],"inLanguage":"es"},{"@type":"Person","@id":"https:\/\/gentedebasquet.com.ar\/sitio\/#\/schema\/person\/6f3e5bc5df127b420a445d22fc9eaa51","name":"Andres Camarero","image":{"@type":"ImageObject","inLanguage":"es","@id":"https:\/\/secure.gravatar.com\/avatar\/f6d4884ec54a50c25ccd5e4f54f5e904d09dfe74ef58e58f631f3917b6fed7cd?s=96&d=mm&r=g","url":"https:\/\/secure.gravatar.com\/avatar\/f6d4884ec54a50c25ccd5e4f54f5e904d09dfe74ef58e58f631f3917b6fed7cd?s=96&d=mm&r=g","contentUrl":"https:\/\/secure.gravatar.com\/avatar\/f6d4884ec54a50c25ccd5e4f54f5e904d09dfe74ef58e58f631f3917b6fed7cd?s=96&d=mm&r=g","caption":"Andres Camarero"},"url":"https:\/\/gentedebasquet.com.ar\/sitio\/author\/andres-camarero\/"}]}},"_links":{"self":[{"href":"https:\/\/gentedebasquet.com.ar\/sitio\/wp-json\/wp\/v2\/posts\/114573","targetHints":{"allow":["GET"]}}],"collection":[{"href":"https:\/\/gentedebasquet.com.ar\/sitio\/wp-json\/wp\/v2\/posts"}],"about":[{"href":"https:\/\/gentedebasquet.com.ar\/sitio\/wp-json\/wp\/v2\/types\/post"}],"author":[{"embeddable":true,"href":"https:\/\/gentedebasquet.com.ar\/sitio\/wp-json\/wp\/v2\/users\/70"}],"replies":[{"embeddable":true,"href":"https:\/\/gentedebasquet.com.ar\/sitio\/wp-json\/wp\/v2\/comments?post=114573"}],"version-history":[{"count":11,"href":"https:\/\/gentedebasquet.com.ar\/sitio\/wp-json\/wp\/v2\/posts\/114573\/revisions"}],"predecessor-version":[{"id":114626,"href":"https:\/\/gentedebasquet.com.ar\/sitio\/wp-json\/wp\/v2\/posts\/114573\/revisions\/114626"}],"wp:featuredmedia":[{"embeddable":true,"href":"https:\/\/gentedebasquet.com.ar\/sitio\/wp-json\/wp\/v2\/media\/114577"}],"wp:attachment":[{"href":"https:\/\/gentedebasquet.com.ar\/sitio\/wp-json\/wp\/v2\/media?parent=114573"}],"wp:term":[{"taxonomy":"category","embeddable":true,"href":"https:\/\/gentedebasquet.com.ar\/sitio\/wp-json\/wp\/v2\/categories?post=114573"},{"taxonomy":"post_tag","embeddable":true,"href":"https:\/\/gentedebasquet.com.ar\/sitio\/wp-json\/wp\/v2\/tags?post=114573"}],"curies":[{"name":"wp","href":"https:\/\/api.w.org\/{rel}","templated":true}]}}