{"id":114927,"date":"2024-12-12T14:00:56","date_gmt":"2024-12-12T13:00:56","guid":{"rendered":"https:\/\/gentedebasquet.com.ar\/sitio\/?p=114927"},"modified":"2024-12-12T18:08:04","modified_gmt":"2024-12-12T17:08:04","slug":"elegi-a-los-mejores-de-la-temporada-4","status":"publish","type":"post","link":"https:\/\/gentedebasquet.com.ar\/sitio\/2024\/12\/12\/elegi-a-los-mejores-de-la-temporada-4\/","title":{"rendered":"\u00a1Eleg\u00ed a los mejores de la temporada!"},"content":{"rendered":"<p><strong>Como en cada a\u00f1o desde hace ya una d\u00e9cada, nuestra gente de b\u00e1squet podr\u00e1 elegir a los mejores de los torneos de transici\u00f3n 2024 en cada puesto de las categor\u00edas mayores.<\/strong><\/p>\n<p>Todos los jugadores posici\u00f3n por posici\u00f3n, hasta el entrenador, el MVP y la revelaci\u00f3n en Primera y Segunda Divisi\u00f3n y tambi\u00e9n las mejores en la rama Femenina, en nuestra cl\u00e1sica votaci\u00f3n anual.<\/p>\n<p><strong>\u00bfRecord\u00e1s\u00a0qui\u00e9nes\u00a0<a href=\"https:\/\/gentedebasquet.com.ar\/sitio\/2023\/07\/04\/ya-estan-los-elegidos-7\/\">ganaron en 2022\/2023<\/a>? \u00bfY en la <a href=\"https:\/\/gentedebasquet.com.ar\/sitio\/2024\/07\/22\/ya-estan-los-elegidos-3\/\">2023\/2024<\/a>?<\/strong><\/p>\n<p><strong>\u00a1A participar!<\/strong><\/p>\n<p><strong><a href=\"https:\/\/docs.google.com\/forms\/d\/e\/1FAIpQLScLF8WBfyX6pdO_xgUvnmAhltGfRjtawchIkqW8zu1vZNypHw\/viewform?usp=sf_link\">\u00a1Vot\u00e1 ac\u00e1!<\/a><\/strong><\/p>\n","protected":false},"excerpt":{"rendered":"<p>Como en cada a\u00f1o desde hace ya una d\u00e9cada, nuestra gente de b\u00e1squet podr\u00e1 elegir a los mejores de los torneos de transici\u00f3n 2024 en cada puesto de las categor\u00edas mayores. Todos los jugadores posici\u00f3n por posici\u00f3n, hasta el entrenador, el MVP y la revelaci\u00f3n en Primera y Segunda Divisi\u00f3n y tambi\u00e9n las mejores en [&hellip;]<\/p>\n","protected":false},"author":71,"featured_media":114928,"comment_status":"open","ping_status":"open","sticky":false,"template":"","format":"standard","meta":{"jnews-multi-image_gallery":[],"jnews_single_post":{"source_name":"","source_url":"","via_name":"","via_url":"","override_template":"0","override":[{"template":"1","single_blog_custom":"","parallax":"1","fullscreen":"1","layout":"right-sidebar","sidebar":"default-sidebar","second_sidebar":"default-sidebar","sticky_sidebar":"1","share_position":"top","share_float_style":"share-monocrhome","show_share_counter":"0","show_view_counter":"0","show_featured":"1","show_post_meta":"1","show_post_author":"1","show_post_author_image":"0","show_post_date":"1","post_date_format":"default","post_date_format_custom":"Y\/m\/d","show_post_category":"1","show_post_reading_time":"0","post_reading_time_wpm":"300","show_zoom_button":"0","zoom_button_out_step":"2","zoom_button_in_step":"3","show_post_tag":"1","show_prev_next_post":"1","show_popup_post":"0","number_popup_post":"1","show_author_box":"0","show_post_related":"0","show_inline_post_related":"0"}],"override_image_size":"0","image_override":[{"single_post_thumbnail_size":"crop-500","single_post_gallery_size":"crop-500"}],"trending_post":"0","trending_post_position":"meta","trending_post_label":"Trending","sponsored_post":"0","sponsored_post_label":"Sponsored by","sponsored_post_name":"","sponsored_post_url":"","sponsored_post_logo_enable":"0","sponsored_post_logo":"","sponsored_post_desc":"","disable_ad":"0"},"jnews_primary_category":{"id":"","hide":""},"footnotes":""},"categories":[24,493,28,101],"tags":[],"class_list":["post-114927","post","type-post","status-publish","format-standard","has-post-thumbnail","hentry","category-overtime","category-especiales","category-gente-de-basquet","category-slide"],"yoast_head":"<!-- This site is optimized with the Yoast SEO plugin v27.5 - https:\/\/yoast.com\/product\/yoast-seo-wordpress\/ -->\n<title>\u00a1Eleg\u00ed a los mejores de la temporada! - Gente de B\u00e1squet<\/title>\n<meta name=\"robots\" content=\"index, follow, max-snippet:-1, max-image-preview:large, max-video-preview:-1\" \/>\n<link rel=\"canonical\" href=\"https:\/\/gentedebasquet.com.ar\/sitio\/2024\/12\/12\/elegi-a-los-mejores-de-la-temporada-4\/\" \/>\n<meta property=\"og:locale\" content=\"es_ES\" \/>\n<meta property=\"og:type\" content=\"article\" \/>\n<meta property=\"og:title\" content=\"\u00a1Eleg\u00ed a los mejores de la temporada! - Gente de B\u00e1squet\" \/>\n<meta property=\"og:description\" content=\"Como en cada a\u00f1o desde hace ya una d\u00e9cada, nuestra gente de b\u00e1squet podr\u00e1 elegir a los mejores de los torneos de transici\u00f3n 2024 en cada puesto de las categor\u00edas mayores. Todos los jugadores posici\u00f3n por posici\u00f3n, hasta el entrenador, el MVP y la revelaci\u00f3n en Primera y Segunda Divisi\u00f3n y tambi\u00e9n las mejores en [&hellip;]\" \/>\n<meta property=\"og:url\" content=\"https:\/\/gentedebasquet.com.ar\/sitio\/2024\/12\/12\/elegi-a-los-mejores-de-la-temporada-4\/\" \/>\n<meta property=\"og:site_name\" content=\"Gente de B\u00e1squet\" \/>\n<meta property=\"article:published_time\" content=\"2024-12-12T13:00:56+00:00\" \/>\n<meta property=\"article:modified_time\" content=\"2024-12-12T17:08:04+00:00\" \/>\n<meta property=\"og:image\" content=\"https:\/\/gentedebasquet.com.ar\/sitio\/wp-content\/uploads\/2024\/11\/gente-de-basquet-logo.jpeg\" \/>\n\t<meta property=\"og:image:width\" content=\"1080\" \/>\n\t<meta property=\"og:image:height\" content=\"1080\" \/>\n\t<meta property=\"og:image:type\" content=\"image\/jpeg\" \/>\n<meta name=\"author\" content=\"Santiago Seisdedos\" \/>\n<meta name=\"twitter:card\" content=\"summary_large_image\" \/>\n<meta name=\"twitter:label1\" content=\"Escrito por\" \/>\n\t<meta name=\"twitter:data1\" content=\"Santiago Seisdedos\" \/>\n\t<meta name=\"twitter:label2\" content=\"Tiempo de lectura\" \/>\n\t<meta name=\"twitter:data2\" content=\"1 minuto\" \/>\n<script type=\"application\/ld+json\" class=\"yoast-schema-graph\">{\"@context\":\"https:\\\/\\\/schema.org\",\"@graph\":[{\"@type\":\"Article\",\"@id\":\"https:\\\/\\\/gentedebasquet.com.ar\\\/sitio\\\/2024\\\/12\\\/12\\\/elegi-a-los-mejores-de-la-temporada-4\\\/#article\",\"isPartOf\":{\"@id\":\"https:\\\/\\\/gentedebasquet.com.ar\\\/sitio\\\/2024\\\/12\\\/12\\\/elegi-a-los-mejores-de-la-temporada-4\\\/\"},\"author\":{\"name\":\"Santiago Seisdedos\",\"@id\":\"https:\\\/\\\/gentedebasquet.com.ar\\\/sitio\\\/#\\\/schema\\\/person\\\/3b50d7c801b9529aba70bd4613bca6da\"},\"headline\":\"\u00a1Eleg\u00ed a los mejores de la temporada!\",\"datePublished\":\"2024-12-12T13:00:56+00:00\",\"dateModified\":\"2024-12-12T17:08:04+00:00\",\"mainEntityOfPage\":{\"@id\":\"https:\\\/\\\/gentedebasquet.com.ar\\\/sitio\\\/2024\\\/12\\\/12\\\/elegi-a-los-mejores-de-la-temporada-4\\\/\"},\"wordCount\":94,\"commentCount\":0,\"image\":{\"@id\":\"https:\\\/\\\/gentedebasquet.com.ar\\\/sitio\\\/2024\\\/12\\\/12\\\/elegi-a-los-mejores-de-la-temporada-4\\\/#primaryimage\"},\"thumbnailUrl\":\"https:\\\/\\\/gentedebasquet.com.ar\\\/sitio\\\/wp-content\\\/uploads\\\/2024\\\/11\\\/gente-de-basquet-logo.jpeg\",\"articleSection\":[\"#Overtime\",\"Especiales\",\"Gente de B\u00e1squet\",\"Slide\"],\"inLanguage\":\"es\",\"potentialAction\":[{\"@type\":\"CommentAction\",\"name\":\"Comment\",\"target\":[\"https:\\\/\\\/gentedebasquet.com.ar\\\/sitio\\\/2024\\\/12\\\/12\\\/elegi-a-los-mejores-de-la-temporada-4\\\/#respond\"]}]},{\"@type\":\"WebPage\",\"@id\":\"https:\\\/\\\/gentedebasquet.com.ar\\\/sitio\\\/2024\\\/12\\\/12\\\/elegi-a-los-mejores-de-la-temporada-4\\\/\",\"url\":\"https:\\\/\\\/gentedebasquet.com.ar\\\/sitio\\\/2024\\\/12\\\/12\\\/elegi-a-los-mejores-de-la-temporada-4\\\/\",\"name\":\"\u00a1Eleg\u00ed a los mejores de la temporada! - Gente de B\u00e1squet\",\"isPartOf\":{\"@id\":\"https:\\\/\\\/gentedebasquet.com.ar\\\/sitio\\\/#website\"},\"primaryImageOfPage\":{\"@id\":\"https:\\\/\\\/gentedebasquet.com.ar\\\/sitio\\\/2024\\\/12\\\/12\\\/elegi-a-los-mejores-de-la-temporada-4\\\/#primaryimage\"},\"image\":{\"@id\":\"https:\\\/\\\/gentedebasquet.com.ar\\\/sitio\\\/2024\\\/12\\\/12\\\/elegi-a-los-mejores-de-la-temporada-4\\\/#primaryimage\"},\"thumbnailUrl\":\"https:\\\/\\\/gentedebasquet.com.ar\\\/sitio\\\/wp-content\\\/uploads\\\/2024\\\/11\\\/gente-de-basquet-logo.jpeg\",\"datePublished\":\"2024-12-12T13:00:56+00:00\",\"dateModified\":\"2024-12-12T17:08:04+00:00\",\"author\":{\"@id\":\"https:\\\/\\\/gentedebasquet.com.ar\\\/sitio\\\/#\\\/schema\\\/person\\\/3b50d7c801b9529aba70bd4613bca6da\"},\"breadcrumb\":{\"@id\":\"https:\\\/\\\/gentedebasquet.com.ar\\\/sitio\\\/2024\\\/12\\\/12\\\/elegi-a-los-mejores-de-la-temporada-4\\\/#breadcrumb\"},\"inLanguage\":\"es\",\"potentialAction\":[{\"@type\":\"ReadAction\",\"target\":[\"https:\\\/\\\/gentedebasquet.com.ar\\\/sitio\\\/2024\\\/12\\\/12\\\/elegi-a-los-mejores-de-la-temporada-4\\\/\"]}]},{\"@type\":\"ImageObject\",\"inLanguage\":\"es\",\"@id\":\"https:\\\/\\\/gentedebasquet.com.ar\\\/sitio\\\/2024\\\/12\\\/12\\\/elegi-a-los-mejores-de-la-temporada-4\\\/#primaryimage\",\"url\":\"https:\\\/\\\/gentedebasquet.com.ar\\\/sitio\\\/wp-content\\\/uploads\\\/2024\\\/11\\\/gente-de-basquet-logo.jpeg\",\"contentUrl\":\"https:\\\/\\\/gentedebasquet.com.ar\\\/sitio\\\/wp-content\\\/uploads\\\/2024\\\/11\\\/gente-de-basquet-logo.jpeg\",\"width\":1080,\"height\":1080},{\"@type\":\"BreadcrumbList\",\"@id\":\"https:\\\/\\\/gentedebasquet.com.ar\\\/sitio\\\/2024\\\/12\\\/12\\\/elegi-a-los-mejores-de-la-temporada-4\\\/#breadcrumb\",\"itemListElement\":[{\"@type\":\"ListItem\",\"position\":1,\"name\":\"Portada\",\"item\":\"https:\\\/\\\/gentedebasquet.com.ar\\\/sitio\\\/\"},{\"@type\":\"ListItem\",\"position\":2,\"name\":\"\u00a1Eleg\u00ed a los mejores de la temporada!\"}]},{\"@type\":\"WebSite\",\"@id\":\"https:\\\/\\\/gentedebasquet.com.ar\\\/sitio\\\/#website\",\"url\":\"https:\\\/\\\/gentedebasquet.com.ar\\\/sitio\\\/\",\"name\":\"Gente de B\u00e1squet\",\"description\":\"La revista del basquet de Bah\u00eda Blanca\",\"potentialAction\":[{\"@type\":\"SearchAction\",\"target\":{\"@type\":\"EntryPoint\",\"urlTemplate\":\"https:\\\/\\\/gentedebasquet.com.ar\\\/sitio\\\/?s={search_term_string}\"},\"query-input\":{\"@type\":\"PropertyValueSpecification\",\"valueRequired\":true,\"valueName\":\"search_term_string\"}}],\"inLanguage\":\"es\"},{\"@type\":\"Person\",\"@id\":\"https:\\\/\\\/gentedebasquet.com.ar\\\/sitio\\\/#\\\/schema\\\/person\\\/3b50d7c801b9529aba70bd4613bca6da\",\"name\":\"Santiago Seisdedos\",\"image\":{\"@type\":\"ImageObject\",\"inLanguage\":\"es\",\"@id\":\"https:\\\/\\\/secure.gravatar.com\\\/avatar\\\/be737e74404eb3825c4679da7a152b3c6980b470f7253114cd451344e20a8d80?s=96&d=mm&r=g\",\"url\":\"https:\\\/\\\/secure.gravatar.com\\\/avatar\\\/be737e74404eb3825c4679da7a152b3c6980b470f7253114cd451344e20a8d80?s=96&d=mm&r=g\",\"contentUrl\":\"https:\\\/\\\/secure.gravatar.com\\\/avatar\\\/be737e74404eb3825c4679da7a152b3c6980b470f7253114cd451344e20a8d80?s=96&d=mm&r=g\",\"caption\":\"Santiago Seisdedos\"},\"url\":\"https:\\\/\\\/gentedebasquet.com.ar\\\/sitio\\\/author\\\/santiago-sesidedos\\\/\"}]}<\/script>\n<!-- \/ Yoast SEO plugin. -->","yoast_head_json":{"title":"\u00a1Eleg\u00ed a los mejores de la temporada! - Gente de B\u00e1squet","robots":{"index":"index","follow":"follow","max-snippet":"max-snippet:-1","max-image-preview":"max-image-preview:large","max-video-preview":"max-video-preview:-1"},"canonical":"https:\/\/gentedebasquet.com.ar\/sitio\/2024\/12\/12\/elegi-a-los-mejores-de-la-temporada-4\/","og_locale":"es_ES","og_type":"article","og_title":"\u00a1Eleg\u00ed a los mejores de la temporada! - Gente de B\u00e1squet","og_description":"Como en cada a\u00f1o desde hace ya una d\u00e9cada, nuestra gente de b\u00e1squet podr\u00e1 elegir a los mejores de los torneos de transici\u00f3n 2024 en cada puesto de las categor\u00edas mayores. Todos los jugadores posici\u00f3n por posici\u00f3n, hasta el entrenador, el MVP y la revelaci\u00f3n en Primera y Segunda Divisi\u00f3n y tambi\u00e9n las mejores en [&hellip;]","og_url":"https:\/\/gentedebasquet.com.ar\/sitio\/2024\/12\/12\/elegi-a-los-mejores-de-la-temporada-4\/","og_site_name":"Gente de B\u00e1squet","article_published_time":"2024-12-12T13:00:56+00:00","article_modified_time":"2024-12-12T17:08:04+00:00","og_image":[{"width":1080,"height":1080,"url":"https:\/\/gentedebasquet.com.ar\/sitio\/wp-content\/uploads\/2024\/11\/gente-de-basquet-logo.jpeg","type":"image\/jpeg"}],"author":"Santiago Seisdedos","twitter_card":"summary_large_image","twitter_misc":{"Escrito por":"Santiago Seisdedos","Tiempo de lectura":"1 minuto"},"schema":{"@context":"https:\/\/schema.org","@graph":[{"@type":"Article","@id":"https:\/\/gentedebasquet.com.ar\/sitio\/2024\/12\/12\/elegi-a-los-mejores-de-la-temporada-4\/#article","isPartOf":{"@id":"https:\/\/gentedebasquet.com.ar\/sitio\/2024\/12\/12\/elegi-a-los-mejores-de-la-temporada-4\/"},"author":{"name":"Santiago Seisdedos","@id":"https:\/\/gentedebasquet.com.ar\/sitio\/#\/schema\/person\/3b50d7c801b9529aba70bd4613bca6da"},"headline":"\u00a1Eleg\u00ed a los mejores de la temporada!","datePublished":"2024-12-12T13:00:56+00:00","dateModified":"2024-12-12T17:08:04+00:00","mainEntityOfPage":{"@id":"https:\/\/gentedebasquet.com.ar\/sitio\/2024\/12\/12\/elegi-a-los-mejores-de-la-temporada-4\/"},"wordCount":94,"commentCount":0,"image":{"@id":"https:\/\/gentedebasquet.com.ar\/sitio\/2024\/12\/12\/elegi-a-los-mejores-de-la-temporada-4\/#primaryimage"},"thumbnailUrl":"https:\/\/gentedebasquet.com.ar\/sitio\/wp-content\/uploads\/2024\/11\/gente-de-basquet-logo.jpeg","articleSection":["#Overtime","Especiales","Gente de B\u00e1squet","Slide"],"inLanguage":"es","potentialAction":[{"@type":"CommentAction","name":"Comment","target":["https:\/\/gentedebasquet.com.ar\/sitio\/2024\/12\/12\/elegi-a-los-mejores-de-la-temporada-4\/#respond"]}]},{"@type":"WebPage","@id":"https:\/\/gentedebasquet.com.ar\/sitio\/2024\/12\/12\/elegi-a-los-mejores-de-la-temporada-4\/","url":"https:\/\/gentedebasquet.com.ar\/sitio\/2024\/12\/12\/elegi-a-los-mejores-de-la-temporada-4\/","name":"\u00a1Eleg\u00ed a los mejores de la temporada! - Gente de B\u00e1squet","isPartOf":{"@id":"https:\/\/gentedebasquet.com.ar\/sitio\/#website"},"primaryImageOfPage":{"@id":"https:\/\/gentedebasquet.com.ar\/sitio\/2024\/12\/12\/elegi-a-los-mejores-de-la-temporada-4\/#primaryimage"},"image":{"@id":"https:\/\/gentedebasquet.com.ar\/sitio\/2024\/12\/12\/elegi-a-los-mejores-de-la-temporada-4\/#primaryimage"},"thumbnailUrl":"https:\/\/gentedebasquet.com.ar\/sitio\/wp-content\/uploads\/2024\/11\/gente-de-basquet-logo.jpeg","datePublished":"2024-12-12T13:00:56+00:00","dateModified":"2024-12-12T17:08:04+00:00","author":{"@id":"https:\/\/gentedebasquet.com.ar\/sitio\/#\/schema\/person\/3b50d7c801b9529aba70bd4613bca6da"},"breadcrumb":{"@id":"https:\/\/gentedebasquet.com.ar\/sitio\/2024\/12\/12\/elegi-a-los-mejores-de-la-temporada-4\/#breadcrumb"},"inLanguage":"es","potentialAction":[{"@type":"ReadAction","target":["https:\/\/gentedebasquet.com.ar\/sitio\/2024\/12\/12\/elegi-a-los-mejores-de-la-temporada-4\/"]}]},{"@type":"ImageObject","inLanguage":"es","@id":"https:\/\/gentedebasquet.com.ar\/sitio\/2024\/12\/12\/elegi-a-los-mejores-de-la-temporada-4\/#primaryimage","url":"https:\/\/gentedebasquet.com.ar\/sitio\/wp-content\/uploads\/2024\/11\/gente-de-basquet-logo.jpeg","contentUrl":"https:\/\/gentedebasquet.com.ar\/sitio\/wp-content\/uploads\/2024\/11\/gente-de-basquet-logo.jpeg","width":1080,"height":1080},{"@type":"BreadcrumbList","@id":"https:\/\/gentedebasquet.com.ar\/sitio\/2024\/12\/12\/elegi-a-los-mejores-de-la-temporada-4\/#breadcrumb","itemListElement":[{"@type":"ListItem","position":1,"name":"Portada","item":"https:\/\/gentedebasquet.com.ar\/sitio\/"},{"@type":"ListItem","position":2,"name":"\u00a1Eleg\u00ed a los mejores de la temporada!"}]},{"@type":"WebSite","@id":"https:\/\/gentedebasquet.com.ar\/sitio\/#website","url":"https:\/\/gentedebasquet.com.ar\/sitio\/","name":"Gente de B\u00e1squet","description":"La revista del basquet de Bah\u00eda Blanca","potentialAction":[{"@type":"SearchAction","target":{"@type":"EntryPoint","urlTemplate":"https:\/\/gentedebasquet.com.ar\/sitio\/?s={search_term_string}"},"query-input":{"@type":"PropertyValueSpecification","valueRequired":true,"valueName":"search_term_string"}}],"inLanguage":"es"},{"@type":"Person","@id":"https:\/\/gentedebasquet.com.ar\/sitio\/#\/schema\/person\/3b50d7c801b9529aba70bd4613bca6da","name":"Santiago Seisdedos","image":{"@type":"ImageObject","inLanguage":"es","@id":"https:\/\/secure.gravatar.com\/avatar\/be737e74404eb3825c4679da7a152b3c6980b470f7253114cd451344e20a8d80?s=96&d=mm&r=g","url":"https:\/\/secure.gravatar.com\/avatar\/be737e74404eb3825c4679da7a152b3c6980b470f7253114cd451344e20a8d80?s=96&d=mm&r=g","contentUrl":"https:\/\/secure.gravatar.com\/avatar\/be737e74404eb3825c4679da7a152b3c6980b470f7253114cd451344e20a8d80?s=96&d=mm&r=g","caption":"Santiago Seisdedos"},"url":"https:\/\/gentedebasquet.com.ar\/sitio\/author\/santiago-sesidedos\/"}]}},"_links":{"self":[{"href":"https:\/\/gentedebasquet.com.ar\/sitio\/wp-json\/wp\/v2\/posts\/114927","targetHints":{"allow":["GET"]}}],"collection":[{"href":"https:\/\/gentedebasquet.com.ar\/sitio\/wp-json\/wp\/v2\/posts"}],"about":[{"href":"https:\/\/gentedebasquet.com.ar\/sitio\/wp-json\/wp\/v2\/types\/post"}],"author":[{"embeddable":true,"href":"https:\/\/gentedebasquet.com.ar\/sitio\/wp-json\/wp\/v2\/users\/71"}],"replies":[{"embeddable":true,"href":"https:\/\/gentedebasquet.com.ar\/sitio\/wp-json\/wp\/v2\/comments?post=114927"}],"version-history":[{"count":1,"href":"https:\/\/gentedebasquet.com.ar\/sitio\/wp-json\/wp\/v2\/posts\/114927\/revisions"}],"predecessor-version":[{"id":114930,"href":"https:\/\/gentedebasquet.com.ar\/sitio\/wp-json\/wp\/v2\/posts\/114927\/revisions\/114930"}],"wp:featuredmedia":[{"embeddable":true,"href":"https:\/\/gentedebasquet.com.ar\/sitio\/wp-json\/wp\/v2\/media\/114928"}],"wp:attachment":[{"href":"https:\/\/gentedebasquet.com.ar\/sitio\/wp-json\/wp\/v2\/media?parent=114927"}],"wp:term":[{"taxonomy":"category","embeddable":true,"href":"https:\/\/gentedebasquet.com.ar\/sitio\/wp-json\/wp\/v2\/categories?post=114927"},{"taxonomy":"post_tag","embeddable":true,"href":"https:\/\/gentedebasquet.com.ar\/sitio\/wp-json\/wp\/v2\/tags?post=114927"}],"curies":[{"name":"wp","href":"https:\/\/api.w.org\/{rel}","templated":true}]}}