{"id":115036,"date":"2024-12-07T05:59:25","date_gmt":"2024-12-07T04:59:25","guid":{"rendered":"https:\/\/gentedebasquet.com.ar\/sitio\/?p=115036"},"modified":"2024-12-07T05:59:25","modified_gmt":"2024-12-07T04:59:25","slug":"pueyrredon-es-de-primera","status":"publish","type":"post","link":"https:\/\/gentedebasquet.com.ar\/sitio\/2024\/12\/07\/pueyrredon-es-de-primera\/","title":{"rendered":"\u00a1PUEYRRED\u00d3N ES DE PRIMERA!"},"content":{"rendered":"<p><strong>Pueyrred\u00f3n volvi\u00f3 a la m\u00e1xima categor\u00eda en tiempo r\u00e9cord, descendi\u00f3 a mitad de a\u00f1o, en el cierre del \u00faltimo campeonato, se arm\u00f3 con un plantel de renombre y un entrenador de jerarqu\u00eda, y termina el a\u00f1o donde lo comenz\u00f3: en Primera.<\/strong><\/p>\n<p>Le gan\u00f3 74-86 a El Nacional en cancha de Estrella, se qued\u00f3 con el quinto y \u00faltimo punto de la serie, <strong>festej\u00f3 el campeonato y el ascenso a la m\u00e1xima categor\u00eda<\/strong>. La rompi\u00f3 toda Nico Renzi, que puso toda su jerarqu\u00eda y su calidad en juego y termin\u00f3 como el goleador, con 25 puntos.<\/p>\n<p><strong>Fue un partido parejo en los primeros treinta minutos,<\/strong> Pueyrred\u00f3n se qued\u00f3 el primer cuarto 24-25, un tramo sin defensas pr\u00e1cticamente, y con dos equipos altamente efectivos. <strong>Lucchetti, Renzi (8 cada uno) y Casalini (6)<\/strong> comandaron la ofensiva diagramada por Iannamico, y <strong>Dulsan (7), Echarri, Pan y Reschini (5)<\/strong> sumaron para los dirigidos por Palumbo.<\/p>\n<p>El segundo segmento vio como <strong>ambos conjuntos ajustaron en defensa<\/strong>, se hicieron m\u00e1s fuertes en el uno contra uno y se bajaron el goleo mutuamente. El Purre lo cerr\u00f3 39-41, con puntos en varias manos y Lucchetti como goleador (13). En el \u00abceleste\u00bb apareci\u00f3 Alan Pan, que tambi\u00e9n lleg\u00f3 a 13, aunque <strong>pasar\u00eda de h\u00e9roe a villano.<\/strong><\/p>\n<p>Promediando el tercer parcial, hubo dos descalificados. Luego de un triple de Casalini, que motiv\u00f3 un tiempo muerto de Palumbo, <strong>le festejaron en la cara a Alan Pan que reaccion\u00f3 y propin\u00f3 alg\u00fan golpe.<\/strong> Luego de la revisi\u00f3n,<strong> los jueces decidieron expulsar al conductor de El Nacional<\/strong>, y a Santiago Alviz\u00faa en Pueyrred\u00f3n, <strong>un juvenil que no vio acci\u00f3n en toda la serie<\/strong>. Parec\u00eda perder m\u00e1s el equipo de Palumbo, pero <strong>tras ese incidente, El Nacional se sinti\u00f3 herido en su orgullo y sali\u00f3 a comerse la cancha<\/strong>, estamp\u00f3 un parcial 13-2. Se fue arriba por la m\u00ednima, 61-60.<\/p>\n<p><strong>El \u00faltimo cuarto fue todo de Pueyrred\u00f3n<\/strong>, ajust\u00f3 atr\u00e1s, Paronetto entr\u00f3 con la mano caliente y Renzi estuvo intratable. En El Nacional anotaron apenas seis jugadores, <strong>brill\u00f3 por su ausencia el \u00abColo\u00bb Mart\u00ednez<\/strong>, <strong>Quiroga estuvo contenido<\/strong> por el siempre rendidor Scattolini, Ferrari y Hamze tuvieron pocas oportunidades, y fueron <strong>Echarri y Nahuel Dulsan quienes terminaron dando la cara<\/strong> por los del barrio Patagonia. Con el correr de los minutos el nerviosismo fue aumentando en El Nacional, recibi\u00f3 una t\u00e9cnica Carci y <strong>definitivamente se fue del partido.<\/strong> El Purre sigui\u00f3 sumando y estirando la ventaja para comenzar a festejar segundos antes de que suene la chicharra.<\/p>\n<p><strong>El Nacional no puede con las finales<\/strong>. Como en el \u00faltimo torneo, fue el mejor durante todo el campeonato, excepto en la etapa m\u00e1s importante: las finales. As\u00ed como con Barracas, <strong>volvi\u00f3 a perder una final en el quinto juego<\/strong>, luego de ser el mejor en la etapa regular y en los Playoffs. <strong>Tiene una chance m\u00e1s<\/strong>, en la promoci\u00f3n ante Bahiense del Norte, <strong>pero parec\u00eda ser esta su gran chance<\/strong> de cumplir el objetivo y volver a la m\u00e1xima categor\u00eda.<\/p>\n<p>Del otro lado, <strong>un t\u00e9cnico de recorrido<\/strong> como Iannamico, <strong>un plantel reforzado<\/strong> por tipos que pueden ponerse la camiseta y jugar en cualquier cancha como Lucchetti, Renzi y Casalini,<strong> la experiencia y la sabidur\u00eda<\/strong> de leyendas del club como Rivera y Pineda, y <strong>jugadores con vasta trayectoria en el ascenso<\/strong> como Vecchi, Paronetto, R\u00edos y Scattolini, sumado a los chicos del club que siempre empujan. Esas fueron<strong> las claves para que este Pueyrred\u00f3n<\/strong>, que se fue encontrando con el correr del torneo,<strong> festeje y corte las redes en el \u00faltimo partido del torneo de Segunda.<\/strong><\/p>\n<div class=\"jeg_video_container jeg_video_content\"><iframe loading=\"lazy\" title=\"#Segunda - Playoffs - Final - Juego #5 (+5): El Nacional (2) 74 - 86 (3) Pueyrredon\" width=\"500\" height=\"281\" src=\"https:\/\/www.youtube.com\/embed\/XtXBdmYRucs?feature=oembed\" frameborder=\"0\" allow=\"accelerometer; autoplay; clipboard-write; encrypted-media; gyroscope; picture-in-picture; web-share\" referrerpolicy=\"strict-origin-when-cross-origin\" allowfullscreen><\/iframe><\/div>\n<p><img decoding=\"async\" class=\"alignnone size-medium wp-image-115039\" src=\"http:\/\/gentedebasquet.com.ar\/sitio\/wp-content\/uploads\/2024\/12\/CLAVE-cen-purre-300x300.png\" alt=\"\" width=\"300\" height=\"300\" srcset=\"https:\/\/gentedebasquet.com.ar\/sitio\/wp-content\/uploads\/2024\/12\/CLAVE-cen-purre-300x300.png 300w, https:\/\/gentedebasquet.com.ar\/sitio\/wp-content\/uploads\/2024\/12\/CLAVE-cen-purre-1024x1024.png 1024w, https:\/\/gentedebasquet.com.ar\/sitio\/wp-content\/uploads\/2024\/12\/CLAVE-cen-purre-150x150.png 150w, https:\/\/gentedebasquet.com.ar\/sitio\/wp-content\/uploads\/2024\/12\/CLAVE-cen-purre-768x768.png 768w, https:\/\/gentedebasquet.com.ar\/sitio\/wp-content\/uploads\/2024\/12\/CLAVE-cen-purre-1536x1536.png 1536w, https:\/\/gentedebasquet.com.ar\/sitio\/wp-content\/uploads\/2024\/12\/CLAVE-cen-purre-75x75.png 75w, https:\/\/gentedebasquet.com.ar\/sitio\/wp-content\/uploads\/2024\/12\/CLAVE-cen-purre-350x350.png 350w, https:\/\/gentedebasquet.com.ar\/sitio\/wp-content\/uploads\/2024\/12\/CLAVE-cen-purre-750x750.png 750w, https:\/\/gentedebasquet.com.ar\/sitio\/wp-content\/uploads\/2024\/12\/CLAVE-cen-purre-1140x1140.png 1140w, https:\/\/gentedebasquet.com.ar\/sitio\/wp-content\/uploads\/2024\/12\/CLAVE-cen-purre.png 2000w\" sizes=\"(max-width: 300px) 100vw, 300px\" \/><\/p>\n<p><img decoding=\"async\" class=\"alignnone size-medium wp-image-115040\" src=\"http:\/\/gentedebasquet.com.ar\/sitio\/wp-content\/uploads\/2024\/12\/MVP-renzi-300x300.png\" alt=\"\" width=\"300\" height=\"300\" srcset=\"https:\/\/gentedebasquet.com.ar\/sitio\/wp-content\/uploads\/2024\/12\/MVP-renzi-300x300.png 300w, https:\/\/gentedebasquet.com.ar\/sitio\/wp-content\/uploads\/2024\/12\/MVP-renzi-1024x1024.png 1024w, https:\/\/gentedebasquet.com.ar\/sitio\/wp-content\/uploads\/2024\/12\/MVP-renzi-150x150.png 150w, https:\/\/gentedebasquet.com.ar\/sitio\/wp-content\/uploads\/2024\/12\/MVP-renzi-768x768.png 768w, https:\/\/gentedebasquet.com.ar\/sitio\/wp-content\/uploads\/2024\/12\/MVP-renzi-1536x1536.png 1536w, https:\/\/gentedebasquet.com.ar\/sitio\/wp-content\/uploads\/2024\/12\/MVP-renzi-75x75.png 75w, https:\/\/gentedebasquet.com.ar\/sitio\/wp-content\/uploads\/2024\/12\/MVP-renzi-350x350.png 350w, https:\/\/gentedebasquet.com.ar\/sitio\/wp-content\/uploads\/2024\/12\/MVP-renzi-750x750.png 750w, https:\/\/gentedebasquet.com.ar\/sitio\/wp-content\/uploads\/2024\/12\/MVP-renzi-1140x1140.png 1140w, https:\/\/gentedebasquet.com.ar\/sitio\/wp-content\/uploads\/2024\/12\/MVP-renzi.png 2000w\" sizes=\"(max-width: 300px) 100vw, 300px\" \/><\/p>\n<p><strong>S\u00edntesis \u2013<\/strong>\u00a0<strong>Segunda \u2013 Final \u2013 Juego #5 (+5)<\/strong><\/p>\n<p><strong>El Nacional 74:<\/strong> Juan Cruz Reschini 10, Alan Pan 13 (x), Nahuel Dulsan 15, Manuel Echarri 11, Nicol\u00e1s Quiroga 13 <strong>(FI);<\/strong> Dami\u00e1n Carci 12, Facundo Dulsan 0, Santiago Hamze 0, Santiago Ferrari 0, Jos\u00e9 Lu\u00eds Mart\u00ednez 0, Alejo Arias, Octavio Rayes. <strong>DT: Juan Sergio Palumbo.<\/strong><\/p>\n<p><strong>Pueyrredon 86:<\/strong> Lucas Lucchetti 17, Gast\u00f3n Rivera 7, Juli\u00e1n Casalini 13, Nicol\u00e1s Renzi 25, David Pineda 5 <strong>(FI);<\/strong> Juan Pedro Paronetto 9, Santiago Alviz\u00faa (x), Luciano Vecchi 2, Juan Ignacio Scattolini 8, Gonzalo Sagasti, Genaro Brescia, Baltazar Borda. <strong>DT: Andr\u00e9s Iannamico.<\/strong><\/p>\n<p><strong>Parciales:\u00a0<\/strong>24-25, 39-41 (15-16), 61-60 (22-19), 74-86 (13-26)<\/p>\n<p><strong>\u00c1rbitros: <\/strong>Emanuel S\u00e1nchez &#8211; Sebasti\u00e1n Arcas &#8211; Alejandro Vizca\u00edno<\/p>\n<p><strong>Estadio: <\/strong>Lu\u00eds \u00c1lvarez (Estrella)<\/p>\n<p><strong>Serie:<\/strong> Pueyrred\u00f3n 3-2<\/p>\n<p><img decoding=\"async\" class=\"alignnone wp-image-115043 size-large\" src=\"http:\/\/gentedebasquet.com.ar\/sitio\/wp-content\/uploads\/2024\/12\/WhatsApp-Image-2024-12-07-at-01.26.27-1-1024x576.jpeg\" alt=\"\" width=\"1024\" height=\"576\" srcset=\"https:\/\/gentedebasquet.com.ar\/sitio\/wp-content\/uploads\/2024\/12\/WhatsApp-Image-2024-12-07-at-01.26.27-1-1024x576.jpeg 1024w, https:\/\/gentedebasquet.com.ar\/sitio\/wp-content\/uploads\/2024\/12\/WhatsApp-Image-2024-12-07-at-01.26.27-1-300x169.jpeg 300w, https:\/\/gentedebasquet.com.ar\/sitio\/wp-content\/uploads\/2024\/12\/WhatsApp-Image-2024-12-07-at-01.26.27-1-768x432.jpeg 768w, https:\/\/gentedebasquet.com.ar\/sitio\/wp-content\/uploads\/2024\/12\/WhatsApp-Image-2024-12-07-at-01.26.27-1-750x422.jpeg 750w, https:\/\/gentedebasquet.com.ar\/sitio\/wp-content\/uploads\/2024\/12\/WhatsApp-Image-2024-12-07-at-01.26.27-1-1140x641.jpeg 1140w, https:\/\/gentedebasquet.com.ar\/sitio\/wp-content\/uploads\/2024\/12\/WhatsApp-Image-2024-12-07-at-01.26.27-1.jpeg 1280w\" sizes=\"(max-width: 1024px) 100vw, 1024px\" \/><\/p>\n","protected":false},"excerpt":{"rendered":"<p>Pueyrred\u00f3n volvi\u00f3 a la m\u00e1xima categor\u00eda en tiempo r\u00e9cord, descendi\u00f3 a mitad de a\u00f1o, en el cierre del \u00faltimo campeonato, se arm\u00f3 con un plantel de renombre y un entrenador de jerarqu\u00eda, y termina el a\u00f1o donde lo comenz\u00f3: en Primera. Le gan\u00f3 74-86 a El Nacional en cancha de Estrella, se qued\u00f3 con el [&hellip;]<\/p>\n","protected":false},"author":71,"featured_media":115041,"comment_status":"open","ping_status":"open","sticky":false,"template":"","format":"standard","meta":{"jnews-multi-image_gallery":[],"jnews_single_post":{"source_name":"","source_url":"","via_name":"","via_url":"","override_template":"0","override":[{"template":"1","single_blog_custom":"","parallax":"1","fullscreen":"1","layout":"right-sidebar","sidebar":"default-sidebar","second_sidebar":"default-sidebar","sticky_sidebar":"1","share_position":"top","share_float_style":"share-monocrhome","show_share_counter":"0","show_view_counter":"0","show_featured":"1","show_post_meta":"1","show_post_author":"1","show_post_author_image":"0","show_post_date":"1","post_date_format":"default","post_date_format_custom":"Y\/m\/d","show_post_category":"1","show_post_reading_time":"0","post_reading_time_wpm":"300","show_zoom_button":"0","zoom_button_out_step":"2","zoom_button_in_step":"3","show_post_tag":"1","show_prev_next_post":"1","show_popup_post":"0","number_popup_post":"1","show_author_box":"0","show_post_related":"0","show_inline_post_related":"0"}],"override_image_size":"0","image_override":[{"single_post_thumbnail_size":"crop-500","single_post_gallery_size":"crop-500"}],"trending_post":"0","trending_post_position":"meta","trending_post_label":"Trending","sponsored_post":"0","sponsored_post_label":"Sponsored by","sponsored_post_name":"","sponsored_post_url":"","sponsored_post_logo_enable":"0","sponsored_post_logo":"","sponsored_post_desc":"","disable_ad":"0"},"jnews_primary_category":{"id":"","hide":""},"footnotes":""},"categories":[25,101],"tags":[1628,228,9,288,1910,1649,2004,361,1680,232,1169,508,18,1855,503],"class_list":["post-115036","post","type-post","status-publish","format-standard","has-post-thumbnail","hentry","category-segunda","category-slide","tag-augusto-rios","tag-david-pineda","tag-el-nacional","tag-gaston-rivera","tag-juan-pedro-paronetto","tag-juan-scattolini","tag-julian-casalini","tag-lucas-lucchetti","tag-luciano-vecchi","tag-nicolas-renzi","tag-primera","tag-primera-division","tag-pueyrredon","tag-segunda","tag-segunda-division"],"yoast_head":"<!-- This site is optimized with the Yoast SEO plugin v27.5 - https:\/\/yoast.com\/product\/yoast-seo-wordpress\/ -->\n<title>\u00a1PUEYRRED\u00d3N ES DE PRIMERA! - Gente de B\u00e1squet<\/title>\n<meta name=\"robots\" content=\"index, follow, max-snippet:-1, max-image-preview:large, max-video-preview:-1\" \/>\n<link rel=\"canonical\" href=\"http:\/\/gentedebasquet.com.ar\/sitio\/2024\/12\/07\/pueyrredon-es-de-primera\/\" \/>\n<meta property=\"og:locale\" content=\"es_ES\" \/>\n<meta property=\"og:type\" content=\"article\" \/>\n<meta property=\"og:title\" content=\"\u00a1PUEYRRED\u00d3N ES DE PRIMERA! - Gente de B\u00e1squet\" \/>\n<meta property=\"og:description\" content=\"Pueyrred\u00f3n volvi\u00f3 a la m\u00e1xima categor\u00eda en tiempo r\u00e9cord, descendi\u00f3 a mitad de a\u00f1o, en el cierre del \u00faltimo campeonato, se arm\u00f3 con un plantel de renombre y un entrenador de jerarqu\u00eda, y termina el a\u00f1o donde lo comenz\u00f3: en Primera. Le gan\u00f3 74-86 a El Nacional en cancha de Estrella, se qued\u00f3 con el [&hellip;]\" \/>\n<meta property=\"og:url\" content=\"http:\/\/gentedebasquet.com.ar\/sitio\/2024\/12\/07\/pueyrredon-es-de-primera\/\" \/>\n<meta property=\"og:site_name\" content=\"Gente de B\u00e1squet\" \/>\n<meta property=\"article:published_time\" content=\"2024-12-07T04:59:25+00:00\" \/>\n<meta property=\"og:image\" content=\"http:\/\/gentedebasquet.com.ar\/sitio\/wp-content\/uploads\/2024\/12\/WhatsApp-Image-2024-12-07-at-01.26.27.jpeg\" \/>\n\t<meta property=\"og:image:width\" content=\"1280\" \/>\n\t<meta property=\"og:image:height\" content=\"960\" \/>\n\t<meta property=\"og:image:type\" content=\"image\/jpeg\" \/>\n<meta name=\"author\" content=\"Santiago Seisdedos\" \/>\n<meta name=\"twitter:card\" content=\"summary_large_image\" \/>\n<meta name=\"twitter:label1\" content=\"Escrito por\" \/>\n\t<meta name=\"twitter:data1\" content=\"Santiago Seisdedos\" \/>\n\t<meta name=\"twitter:label2\" content=\"Tiempo de lectura\" \/>\n\t<meta name=\"twitter:data2\" content=\"5 minutos\" \/>\n<script type=\"application\/ld+json\" class=\"yoast-schema-graph\">{\"@context\":\"https:\\\/\\\/schema.org\",\"@graph\":[{\"@type\":\"Article\",\"@id\":\"http:\\\/\\\/gentedebasquet.com.ar\\\/sitio\\\/2024\\\/12\\\/07\\\/pueyrredon-es-de-primera\\\/#article\",\"isPartOf\":{\"@id\":\"http:\\\/\\\/gentedebasquet.com.ar\\\/sitio\\\/2024\\\/12\\\/07\\\/pueyrredon-es-de-primera\\\/\"},\"author\":{\"name\":\"Santiago Seisdedos\",\"@id\":\"https:\\\/\\\/gentedebasquet.com.ar\\\/sitio\\\/#\\\/schema\\\/person\\\/3b50d7c801b9529aba70bd4613bca6da\"},\"headline\":\"\u00a1PUEYRRED\u00d3N ES DE PRIMERA!\",\"datePublished\":\"2024-12-07T04:59:25+00:00\",\"mainEntityOfPage\":{\"@id\":\"http:\\\/\\\/gentedebasquet.com.ar\\\/sitio\\\/2024\\\/12\\\/07\\\/pueyrredon-es-de-primera\\\/\"},\"wordCount\":736,\"commentCount\":0,\"image\":{\"@id\":\"http:\\\/\\\/gentedebasquet.com.ar\\\/sitio\\\/2024\\\/12\\\/07\\\/pueyrredon-es-de-primera\\\/#primaryimage\"},\"thumbnailUrl\":\"https:\\\/\\\/gentedebasquet.com.ar\\\/sitio\\\/wp-content\\\/uploads\\\/2024\\\/12\\\/WhatsApp-Image-2024-12-07-at-01.26.27.jpeg\",\"keywords\":[\"Augusto R\u00edos\",\"David Pineda\",\"El Nacional\",\"Gast\u00f3n Rivera\",\"Juan Pedro Paronetto\",\"Juan Scattolini\",\"Juli\u00e1n Casalini\",\"Lucas Lucchetti\",\"Luciano Vecchi\",\"Nicol\u00e1s Renzi\",\"Primera\",\"Primera Divisi\u00f3n\",\"Pueyrredon\",\"Segunda\",\"Segunda Divisi\u00f3n\"],\"articleSection\":[\"Segunda\",\"Slide\"],\"inLanguage\":\"es\",\"potentialAction\":[{\"@type\":\"CommentAction\",\"name\":\"Comment\",\"target\":[\"http:\\\/\\\/gentedebasquet.com.ar\\\/sitio\\\/2024\\\/12\\\/07\\\/pueyrredon-es-de-primera\\\/#respond\"]}]},{\"@type\":\"WebPage\",\"@id\":\"http:\\\/\\\/gentedebasquet.com.ar\\\/sitio\\\/2024\\\/12\\\/07\\\/pueyrredon-es-de-primera\\\/\",\"url\":\"http:\\\/\\\/gentedebasquet.com.ar\\\/sitio\\\/2024\\\/12\\\/07\\\/pueyrredon-es-de-primera\\\/\",\"name\":\"\u00a1PUEYRRED\u00d3N ES DE PRIMERA! - Gente de B\u00e1squet\",\"isPartOf\":{\"@id\":\"https:\\\/\\\/gentedebasquet.com.ar\\\/sitio\\\/#website\"},\"primaryImageOfPage\":{\"@id\":\"http:\\\/\\\/gentedebasquet.com.ar\\\/sitio\\\/2024\\\/12\\\/07\\\/pueyrredon-es-de-primera\\\/#primaryimage\"},\"image\":{\"@id\":\"http:\\\/\\\/gentedebasquet.com.ar\\\/sitio\\\/2024\\\/12\\\/07\\\/pueyrredon-es-de-primera\\\/#primaryimage\"},\"thumbnailUrl\":\"https:\\\/\\\/gentedebasquet.com.ar\\\/sitio\\\/wp-content\\\/uploads\\\/2024\\\/12\\\/WhatsApp-Image-2024-12-07-at-01.26.27.jpeg\",\"datePublished\":\"2024-12-07T04:59:25+00:00\",\"author\":{\"@id\":\"https:\\\/\\\/gentedebasquet.com.ar\\\/sitio\\\/#\\\/schema\\\/person\\\/3b50d7c801b9529aba70bd4613bca6da\"},\"breadcrumb\":{\"@id\":\"http:\\\/\\\/gentedebasquet.com.ar\\\/sitio\\\/2024\\\/12\\\/07\\\/pueyrredon-es-de-primera\\\/#breadcrumb\"},\"inLanguage\":\"es\",\"potentialAction\":[{\"@type\":\"ReadAction\",\"target\":[\"http:\\\/\\\/gentedebasquet.com.ar\\\/sitio\\\/2024\\\/12\\\/07\\\/pueyrredon-es-de-primera\\\/\"]}]},{\"@type\":\"ImageObject\",\"inLanguage\":\"es\",\"@id\":\"http:\\\/\\\/gentedebasquet.com.ar\\\/sitio\\\/2024\\\/12\\\/07\\\/pueyrredon-es-de-primera\\\/#primaryimage\",\"url\":\"https:\\\/\\\/gentedebasquet.com.ar\\\/sitio\\\/wp-content\\\/uploads\\\/2024\\\/12\\\/WhatsApp-Image-2024-12-07-at-01.26.27.jpeg\",\"contentUrl\":\"https:\\\/\\\/gentedebasquet.com.ar\\\/sitio\\\/wp-content\\\/uploads\\\/2024\\\/12\\\/WhatsApp-Image-2024-12-07-at-01.26.27.jpeg\",\"width\":1280,\"height\":960},{\"@type\":\"BreadcrumbList\",\"@id\":\"http:\\\/\\\/gentedebasquet.com.ar\\\/sitio\\\/2024\\\/12\\\/07\\\/pueyrredon-es-de-primera\\\/#breadcrumb\",\"itemListElement\":[{\"@type\":\"ListItem\",\"position\":1,\"name\":\"Portada\",\"item\":\"https:\\\/\\\/gentedebasquet.com.ar\\\/sitio\\\/\"},{\"@type\":\"ListItem\",\"position\":2,\"name\":\"\u00a1PUEYRRED\u00d3N ES DE PRIMERA!\"}]},{\"@type\":\"WebSite\",\"@id\":\"https:\\\/\\\/gentedebasquet.com.ar\\\/sitio\\\/#website\",\"url\":\"https:\\\/\\\/gentedebasquet.com.ar\\\/sitio\\\/\",\"name\":\"Gente de B\u00e1squet\",\"description\":\"La revista del basquet de Bah\u00eda Blanca\",\"potentialAction\":[{\"@type\":\"SearchAction\",\"target\":{\"@type\":\"EntryPoint\",\"urlTemplate\":\"https:\\\/\\\/gentedebasquet.com.ar\\\/sitio\\\/?s={search_term_string}\"},\"query-input\":{\"@type\":\"PropertyValueSpecification\",\"valueRequired\":true,\"valueName\":\"search_term_string\"}}],\"inLanguage\":\"es\"},{\"@type\":\"Person\",\"@id\":\"https:\\\/\\\/gentedebasquet.com.ar\\\/sitio\\\/#\\\/schema\\\/person\\\/3b50d7c801b9529aba70bd4613bca6da\",\"name\":\"Santiago Seisdedos\",\"image\":{\"@type\":\"ImageObject\",\"inLanguage\":\"es\",\"@id\":\"https:\\\/\\\/secure.gravatar.com\\\/avatar\\\/be737e74404eb3825c4679da7a152b3c6980b470f7253114cd451344e20a8d80?s=96&d=mm&r=g\",\"url\":\"https:\\\/\\\/secure.gravatar.com\\\/avatar\\\/be737e74404eb3825c4679da7a152b3c6980b470f7253114cd451344e20a8d80?s=96&d=mm&r=g\",\"contentUrl\":\"https:\\\/\\\/secure.gravatar.com\\\/avatar\\\/be737e74404eb3825c4679da7a152b3c6980b470f7253114cd451344e20a8d80?s=96&d=mm&r=g\",\"caption\":\"Santiago Seisdedos\"},\"url\":\"https:\\\/\\\/gentedebasquet.com.ar\\\/sitio\\\/author\\\/santiago-sesidedos\\\/\"}]}<\/script>\n<!-- \/ Yoast SEO plugin. -->","yoast_head_json":{"title":"\u00a1PUEYRRED\u00d3N ES DE PRIMERA! - Gente de B\u00e1squet","robots":{"index":"index","follow":"follow","max-snippet":"max-snippet:-1","max-image-preview":"max-image-preview:large","max-video-preview":"max-video-preview:-1"},"canonical":"http:\/\/gentedebasquet.com.ar\/sitio\/2024\/12\/07\/pueyrredon-es-de-primera\/","og_locale":"es_ES","og_type":"article","og_title":"\u00a1PUEYRRED\u00d3N ES DE PRIMERA! - Gente de B\u00e1squet","og_description":"Pueyrred\u00f3n volvi\u00f3 a la m\u00e1xima categor\u00eda en tiempo r\u00e9cord, descendi\u00f3 a mitad de a\u00f1o, en el cierre del \u00faltimo campeonato, se arm\u00f3 con un plantel de renombre y un entrenador de jerarqu\u00eda, y termina el a\u00f1o donde lo comenz\u00f3: en Primera. Le gan\u00f3 74-86 a El Nacional en cancha de Estrella, se qued\u00f3 con el [&hellip;]","og_url":"http:\/\/gentedebasquet.com.ar\/sitio\/2024\/12\/07\/pueyrredon-es-de-primera\/","og_site_name":"Gente de B\u00e1squet","article_published_time":"2024-12-07T04:59:25+00:00","og_image":[{"width":1280,"height":960,"url":"http:\/\/gentedebasquet.com.ar\/sitio\/wp-content\/uploads\/2024\/12\/WhatsApp-Image-2024-12-07-at-01.26.27.jpeg","type":"image\/jpeg"}],"author":"Santiago Seisdedos","twitter_card":"summary_large_image","twitter_misc":{"Escrito por":"Santiago Seisdedos","Tiempo de lectura":"5 minutos"},"schema":{"@context":"https:\/\/schema.org","@graph":[{"@type":"Article","@id":"http:\/\/gentedebasquet.com.ar\/sitio\/2024\/12\/07\/pueyrredon-es-de-primera\/#article","isPartOf":{"@id":"http:\/\/gentedebasquet.com.ar\/sitio\/2024\/12\/07\/pueyrredon-es-de-primera\/"},"author":{"name":"Santiago Seisdedos","@id":"https:\/\/gentedebasquet.com.ar\/sitio\/#\/schema\/person\/3b50d7c801b9529aba70bd4613bca6da"},"headline":"\u00a1PUEYRRED\u00d3N ES DE PRIMERA!","datePublished":"2024-12-07T04:59:25+00:00","mainEntityOfPage":{"@id":"http:\/\/gentedebasquet.com.ar\/sitio\/2024\/12\/07\/pueyrredon-es-de-primera\/"},"wordCount":736,"commentCount":0,"image":{"@id":"http:\/\/gentedebasquet.com.ar\/sitio\/2024\/12\/07\/pueyrredon-es-de-primera\/#primaryimage"},"thumbnailUrl":"https:\/\/gentedebasquet.com.ar\/sitio\/wp-content\/uploads\/2024\/12\/WhatsApp-Image-2024-12-07-at-01.26.27.jpeg","keywords":["Augusto R\u00edos","David Pineda","El Nacional","Gast\u00f3n Rivera","Juan Pedro Paronetto","Juan Scattolini","Juli\u00e1n Casalini","Lucas Lucchetti","Luciano Vecchi","Nicol\u00e1s Renzi","Primera","Primera Divisi\u00f3n","Pueyrredon","Segunda","Segunda Divisi\u00f3n"],"articleSection":["Segunda","Slide"],"inLanguage":"es","potentialAction":[{"@type":"CommentAction","name":"Comment","target":["http:\/\/gentedebasquet.com.ar\/sitio\/2024\/12\/07\/pueyrredon-es-de-primera\/#respond"]}]},{"@type":"WebPage","@id":"http:\/\/gentedebasquet.com.ar\/sitio\/2024\/12\/07\/pueyrredon-es-de-primera\/","url":"http:\/\/gentedebasquet.com.ar\/sitio\/2024\/12\/07\/pueyrredon-es-de-primera\/","name":"\u00a1PUEYRRED\u00d3N ES DE PRIMERA! - Gente de B\u00e1squet","isPartOf":{"@id":"https:\/\/gentedebasquet.com.ar\/sitio\/#website"},"primaryImageOfPage":{"@id":"http:\/\/gentedebasquet.com.ar\/sitio\/2024\/12\/07\/pueyrredon-es-de-primera\/#primaryimage"},"image":{"@id":"http:\/\/gentedebasquet.com.ar\/sitio\/2024\/12\/07\/pueyrredon-es-de-primera\/#primaryimage"},"thumbnailUrl":"https:\/\/gentedebasquet.com.ar\/sitio\/wp-content\/uploads\/2024\/12\/WhatsApp-Image-2024-12-07-at-01.26.27.jpeg","datePublished":"2024-12-07T04:59:25+00:00","author":{"@id":"https:\/\/gentedebasquet.com.ar\/sitio\/#\/schema\/person\/3b50d7c801b9529aba70bd4613bca6da"},"breadcrumb":{"@id":"http:\/\/gentedebasquet.com.ar\/sitio\/2024\/12\/07\/pueyrredon-es-de-primera\/#breadcrumb"},"inLanguage":"es","potentialAction":[{"@type":"ReadAction","target":["http:\/\/gentedebasquet.com.ar\/sitio\/2024\/12\/07\/pueyrredon-es-de-primera\/"]}]},{"@type":"ImageObject","inLanguage":"es","@id":"http:\/\/gentedebasquet.com.ar\/sitio\/2024\/12\/07\/pueyrredon-es-de-primera\/#primaryimage","url":"https:\/\/gentedebasquet.com.ar\/sitio\/wp-content\/uploads\/2024\/12\/WhatsApp-Image-2024-12-07-at-01.26.27.jpeg","contentUrl":"https:\/\/gentedebasquet.com.ar\/sitio\/wp-content\/uploads\/2024\/12\/WhatsApp-Image-2024-12-07-at-01.26.27.jpeg","width":1280,"height":960},{"@type":"BreadcrumbList","@id":"http:\/\/gentedebasquet.com.ar\/sitio\/2024\/12\/07\/pueyrredon-es-de-primera\/#breadcrumb","itemListElement":[{"@type":"ListItem","position":1,"name":"Portada","item":"https:\/\/gentedebasquet.com.ar\/sitio\/"},{"@type":"ListItem","position":2,"name":"\u00a1PUEYRRED\u00d3N ES DE PRIMERA!"}]},{"@type":"WebSite","@id":"https:\/\/gentedebasquet.com.ar\/sitio\/#website","url":"https:\/\/gentedebasquet.com.ar\/sitio\/","name":"Gente de B\u00e1squet","description":"La revista del basquet de Bah\u00eda Blanca","potentialAction":[{"@type":"SearchAction","target":{"@type":"EntryPoint","urlTemplate":"https:\/\/gentedebasquet.com.ar\/sitio\/?s={search_term_string}"},"query-input":{"@type":"PropertyValueSpecification","valueRequired":true,"valueName":"search_term_string"}}],"inLanguage":"es"},{"@type":"Person","@id":"https:\/\/gentedebasquet.com.ar\/sitio\/#\/schema\/person\/3b50d7c801b9529aba70bd4613bca6da","name":"Santiago Seisdedos","image":{"@type":"ImageObject","inLanguage":"es","@id":"https:\/\/secure.gravatar.com\/avatar\/be737e74404eb3825c4679da7a152b3c6980b470f7253114cd451344e20a8d80?s=96&d=mm&r=g","url":"https:\/\/secure.gravatar.com\/avatar\/be737e74404eb3825c4679da7a152b3c6980b470f7253114cd451344e20a8d80?s=96&d=mm&r=g","contentUrl":"https:\/\/secure.gravatar.com\/avatar\/be737e74404eb3825c4679da7a152b3c6980b470f7253114cd451344e20a8d80?s=96&d=mm&r=g","caption":"Santiago Seisdedos"},"url":"https:\/\/gentedebasquet.com.ar\/sitio\/author\/santiago-sesidedos\/"}]}},"_links":{"self":[{"href":"https:\/\/gentedebasquet.com.ar\/sitio\/wp-json\/wp\/v2\/posts\/115036","targetHints":{"allow":["GET"]}}],"collection":[{"href":"https:\/\/gentedebasquet.com.ar\/sitio\/wp-json\/wp\/v2\/posts"}],"about":[{"href":"https:\/\/gentedebasquet.com.ar\/sitio\/wp-json\/wp\/v2\/types\/post"}],"author":[{"embeddable":true,"href":"https:\/\/gentedebasquet.com.ar\/sitio\/wp-json\/wp\/v2\/users\/71"}],"replies":[{"embeddable":true,"href":"https:\/\/gentedebasquet.com.ar\/sitio\/wp-json\/wp\/v2\/comments?post=115036"}],"version-history":[{"count":4,"href":"https:\/\/gentedebasquet.com.ar\/sitio\/wp-json\/wp\/v2\/posts\/115036\/revisions"}],"predecessor-version":[{"id":115045,"href":"https:\/\/gentedebasquet.com.ar\/sitio\/wp-json\/wp\/v2\/posts\/115036\/revisions\/115045"}],"wp:featuredmedia":[{"embeddable":true,"href":"https:\/\/gentedebasquet.com.ar\/sitio\/wp-json\/wp\/v2\/media\/115041"}],"wp:attachment":[{"href":"https:\/\/gentedebasquet.com.ar\/sitio\/wp-json\/wp\/v2\/media?parent=115036"}],"wp:term":[{"taxonomy":"category","embeddable":true,"href":"https:\/\/gentedebasquet.com.ar\/sitio\/wp-json\/wp\/v2\/categories?post=115036"},{"taxonomy":"post_tag","embeddable":true,"href":"https:\/\/gentedebasquet.com.ar\/sitio\/wp-json\/wp\/v2\/tags?post=115036"}],"curies":[{"name":"wp","href":"https:\/\/api.w.org\/{rel}","templated":true}]}}