{"id":115076,"date":"2024-12-11T12:33:40","date_gmt":"2024-12-11T11:33:40","guid":{"rendered":"https:\/\/gentedebasquet.com.ar\/sitio\/?p=115076"},"modified":"2024-12-11T14:37:15","modified_gmt":"2024-12-11T13:37:15","slug":"estudiantes-limpio-su-imagen-y-equilibro-la-final","status":"publish","type":"post","link":"https:\/\/gentedebasquet.com.ar\/sitio\/2024\/12\/11\/estudiantes-limpio-su-imagen-y-equilibro-la-final\/","title":{"rendered":"Estudiantes limpi\u00f3 su imagen y equilibr\u00f3 la final"},"content":{"rendered":"<p><strong>En el primer partido de la serie final del campeonato femenino de Primera, realizado hace m\u00e1s de una semana, 9 de Julio domin\u00f3 la acci\u00f3n frente a un Estudiantes que no hizo pie en casi ning\u00fan momento. En el segundo encuentro de esta definici\u00f3n, jugado ayer (martes 10 de diciembre), el albo modific\u00f3 su actitud, elev\u00f3 sus porcentajes de efectividad en tiros y logr\u00f3 vencer al equipo conducido por el DT Juli\u00e1n Turcato.<\/strong><\/p>\n<p><strong>Ail\u00edn Larrosa fue la jugadora m\u00e1s valiosa del partido. La base de Estudiantes aport\u00f3 28 puntos, 12 rebotes y 3 asistencias. Josefina Brossard fue la otra integrante del ganador que super\u00f3 los diez tantos: termin\u00f3 con 12. Por el lado de 9 de Julio hubo un tr\u00edo que sobresali\u00f3: Emilia Fernandez finaliz\u00f3 con 15 puntos, y Bel\u00e9n Tombesi e Ileana Corval\u00e1n con 14 cada una.<\/strong><\/p>\n<p><strong>En el primer cuarto ambos equipos se estudiaron y las diferencias en el marcador fueron insignificantes. Josefina Brossard se alej\u00f3 de su posici\u00f3n habitual en la zona pintada y fue determinante desde el triple. Anot\u00f3 3 lanzamientos con ese valor en los diez minutos iniciales. Sum\u00f3 nueve de sus doce puntos totales en ese lapso, agreg\u00f3 un triple m\u00e1s en el cuarto siguiente. Al mismo tiempo para 9 de Julio fue relevante la capacidad de Bel\u00e9n Tombesi para rebotear y generar faltas personales de sus defensoras, as\u00ed como tambien las llegadas en profundidad de Corval\u00e1n y Fernandez.<\/strong><\/p>\n<p><strong>El juego perimetral de Estudiantes produjo en el segundo cuarto el primer quiebre importante del juego. Primero con Larrosa y Martina Caputo, despu\u00e9s con apariciones necesarias de Juliana Brossard y Emilce Islas. As\u00ed el albo alcanz\u00f3 una m\u00e1xima diferencia hasta el momento de 18 puntos, 35 a 17. A ese momento de brillo de Estudiantes le sigui\u00f3 una racha explosiva de 9 de Julio que le permiti\u00f3 sumar 10 puntos sin respuesta del oponente y llegar al descanso largo perdiendo por ocho, 35-27.<\/strong><\/p>\n<p><strong>La tendencia en el tercer cuarto fue parecida a la del anterior. Estudiantes lo comenz\u00f3 con toda su energ\u00eda, extendiendo las brechas en el marcador, y en los minutos finales fue 9 de Julio el que se impuso y achic\u00f3 de vuelta la distancia. Las albas sumaron ocho puntos en los primeros tres minutos y seis en los siete minutos restantes. 9 de Julio anot\u00f3 dos tantos en los tres minutos iniciales y diecisiete en los siete minutos de cierre. 49 a 46 ganaba Estudiantes con un cuarto por disputar.<\/strong><\/p>\n<p><strong>Un triple de Larrosa y otro de Caputo m\u00e1s un tiro libre de Josefina Rodr\u00edguez dejaron a Estudiantes arriba por diez (56-46) cuando se hab\u00edan jugado dos minutos y medio del per\u00edodo final. 9 de Julio reaccion\u00f3 de la mejor manera frente a la adversidad y con buenas intervenciones de Fernandez y Flores se acerc\u00f3 a tres (61-58) con tres minutos por jugar. Del otro lado volvi\u00f3 a aparecer Larrosa y con un triple y dos tiros libres suyos Estudiantes alcanz\u00f3 una ventaja que fue imposible de remontar para 9 de Julio.<\/strong><\/p>\n<p><strong>En el momento en que se publica esta nota el tercer y definitorio partido de esta final no tiene fecha confirmada de realizaci\u00f3n, y tampoco est\u00e1 definido en que estadio se jugar\u00e1.\u00a0 \u00a0<\/strong><\/p>\n<p>&nbsp;<\/p>\n<p><strong>\u00a0\u00a0<\/strong><\/p>\n<div class=\"jeg_video_container jeg_video_content\">\n<p>&nbsp;<\/p>\n<div class=\"jeg_video_container jeg_video_content\"><iframe loading=\"lazy\" title=\"#PrimeraFemenina - Final - Juego 2 : 9 de Julio 63 - 68 Estudiantes\" width=\"500\" height=\"281\" src=\"https:\/\/www.youtube.com\/embed\/_hDM8aoiYMk?feature=oembed\" frameborder=\"0\" allow=\"accelerometer; autoplay; clipboard-write; encrypted-media; gyroscope; picture-in-picture; web-share\" referrerpolicy=\"strict-origin-when-cross-origin\" allowfullscreen><\/iframe><\/div>\n<\/div>\n<p>&nbsp;<\/p>\n<p>&nbsp;<\/p>\n<p><img decoding=\"async\" class=\"alignnone wp-image-115087 \" src=\"http:\/\/gentedebasquet.com.ar\/sitio\/wp-content\/uploads\/2024\/12\/CLAVE9DJ-Final-2-300x300.png\" alt=\"\" width=\"584\" height=\"584\" srcset=\"https:\/\/gentedebasquet.com.ar\/sitio\/wp-content\/uploads\/2024\/12\/CLAVE9DJ-Final-2-300x300.png 300w, https:\/\/gentedebasquet.com.ar\/sitio\/wp-content\/uploads\/2024\/12\/CLAVE9DJ-Final-2-1024x1024.png 1024w, https:\/\/gentedebasquet.com.ar\/sitio\/wp-content\/uploads\/2024\/12\/CLAVE9DJ-Final-2-150x150.png 150w, https:\/\/gentedebasquet.com.ar\/sitio\/wp-content\/uploads\/2024\/12\/CLAVE9DJ-Final-2-768x768.png 768w, https:\/\/gentedebasquet.com.ar\/sitio\/wp-content\/uploads\/2024\/12\/CLAVE9DJ-Final-2-1536x1536.png 1536w, https:\/\/gentedebasquet.com.ar\/sitio\/wp-content\/uploads\/2024\/12\/CLAVE9DJ-Final-2-75x75.png 75w, https:\/\/gentedebasquet.com.ar\/sitio\/wp-content\/uploads\/2024\/12\/CLAVE9DJ-Final-2-350x350.png 350w, https:\/\/gentedebasquet.com.ar\/sitio\/wp-content\/uploads\/2024\/12\/CLAVE9DJ-Final-2-750x750.png 750w, https:\/\/gentedebasquet.com.ar\/sitio\/wp-content\/uploads\/2024\/12\/CLAVE9DJ-Final-2-1140x1140.png 1140w, https:\/\/gentedebasquet.com.ar\/sitio\/wp-content\/uploads\/2024\/12\/CLAVE9DJ-Final-2.png 2000w\" sizes=\"(max-width: 584px) 100vw, 584px\" \/><\/p>\n<blockquote><p>&nbsp;<\/p>\n<p><img decoding=\"async\" class=\"alignnone wp-image-115079 \" src=\"http:\/\/gentedebasquet.com.ar\/sitio\/wp-content\/uploads\/2024\/12\/MVPEstu-Final-2-300x300.png\" alt=\"\" width=\"662\" height=\"662\" data-pin-no-hover=\"true\" srcset=\"https:\/\/gentedebasquet.com.ar\/sitio\/wp-content\/uploads\/2024\/12\/MVPEstu-Final-2-300x300.png 300w, https:\/\/gentedebasquet.com.ar\/sitio\/wp-content\/uploads\/2024\/12\/MVPEstu-Final-2-1024x1024.png 1024w, https:\/\/gentedebasquet.com.ar\/sitio\/wp-content\/uploads\/2024\/12\/MVPEstu-Final-2-150x150.png 150w, https:\/\/gentedebasquet.com.ar\/sitio\/wp-content\/uploads\/2024\/12\/MVPEstu-Final-2-768x768.png 768w, https:\/\/gentedebasquet.com.ar\/sitio\/wp-content\/uploads\/2024\/12\/MVPEstu-Final-2-1536x1536.png 1536w, https:\/\/gentedebasquet.com.ar\/sitio\/wp-content\/uploads\/2024\/12\/MVPEstu-Final-2-75x75.png 75w, https:\/\/gentedebasquet.com.ar\/sitio\/wp-content\/uploads\/2024\/12\/MVPEstu-Final-2-350x350.png 350w, https:\/\/gentedebasquet.com.ar\/sitio\/wp-content\/uploads\/2024\/12\/MVPEstu-Final-2-750x750.png 750w, https:\/\/gentedebasquet.com.ar\/sitio\/wp-content\/uploads\/2024\/12\/MVPEstu-Final-2-1140x1140.png 1140w, https:\/\/gentedebasquet.com.ar\/sitio\/wp-content\/uploads\/2024\/12\/MVPEstu-Final-2.png 2000w\" sizes=\"(max-width: 662px) 100vw, 662px\" \/><\/p><\/blockquote>\n<p>&nbsp;<\/p>\n<p><strong>S\u00edntesis &#8211; Primera Femenina &#8211; Final &#8211; Juego #2 (+3)<\/strong><\/p>\n<p><strong>9 de Julio 63 :<\/strong> Emilia Fernandez 15; Ileana Corval\u00e1n 14; Anahel Maurer 2; Mar\u00eda Victoria Flores 9; Bel\u00e9n Tombesi 14 <strong>(F.I.)<\/strong> Isabella Rold\u00e1n 3; Catalina Arena 4; Tamara Nieva 2; Isabella Larrasolo; Jessica Azaroff; Victoria Martin; Ail\u00edn Tellez. <strong>DT:<\/strong> Juli\u00e1n Turcato.<\/p>\n<p><strong>Estudiantes 68 :<\/strong> Ail\u00edn Larrosa 28; Martina Caputo 9; Juliana Brossard 9; Josefina Brossard 12; Candelaria Lauman 2 <strong>(F.I.)\u00a0<\/strong>Josefina Rodr\u00edguez 1; Emilce Islas 7; Kiara Schlenker; Isabella Basaul; Oriana Garciandia; Luc\u00eda Hiebaum; Victoria Nagali. <strong>DT:<\/strong> Mario Zaccara.<\/p>\n<p><strong>Parciales:<\/strong> 13-16; 27-35 (14-19); 46-49 (19-14); 63-68 (17-19).<\/p>\n<p><strong>\u00c1rbitros:<\/strong> Marjorie Stuardo &#8211; Lucas Andr\u00e9s &#8211; Mauro Guallan.<\/p>\n<p><strong>Estadio: <\/strong>Jos\u00e9 Mart\u00ednez (Villa Mitre, local 9 de Julio).<\/p>\n<p><strong>Serie:\u00a0<\/strong>1-1.<\/p>\n<p><img decoding=\"async\" class=\"alignnone wp-image-115089\" src=\"http:\/\/gentedebasquet.com.ar\/sitio\/wp-content\/uploads\/2024\/12\/vlcsnap-2024-12-11-08h24m31s571-300x169.png\" alt=\"\" width=\"689\" height=\"388\" srcset=\"https:\/\/gentedebasquet.com.ar\/sitio\/wp-content\/uploads\/2024\/12\/vlcsnap-2024-12-11-08h24m31s571-300x169.png 300w, https:\/\/gentedebasquet.com.ar\/sitio\/wp-content\/uploads\/2024\/12\/vlcsnap-2024-12-11-08h24m31s571-1024x576.png 1024w, https:\/\/gentedebasquet.com.ar\/sitio\/wp-content\/uploads\/2024\/12\/vlcsnap-2024-12-11-08h24m31s571-768x432.png 768w, https:\/\/gentedebasquet.com.ar\/sitio\/wp-content\/uploads\/2024\/12\/vlcsnap-2024-12-11-08h24m31s571-1536x864.png 1536w, https:\/\/gentedebasquet.com.ar\/sitio\/wp-content\/uploads\/2024\/12\/vlcsnap-2024-12-11-08h24m31s571-750x422.png 750w, https:\/\/gentedebasquet.com.ar\/sitio\/wp-content\/uploads\/2024\/12\/vlcsnap-2024-12-11-08h24m31s571-1140x641.png 1140w, https:\/\/gentedebasquet.com.ar\/sitio\/wp-content\/uploads\/2024\/12\/vlcsnap-2024-12-11-08h24m31s571.png 1920w\" sizes=\"(max-width: 689px) 100vw, 689px\" \/><\/p>\n<p>&nbsp;<\/p>\n<p>&nbsp;<\/p>\n","protected":false},"excerpt":{"rendered":"<p>En el primer partido de la serie final del campeonato femenino de Primera, realizado hace m\u00e1s de una semana, 9 de Julio domin\u00f3 la acci\u00f3n frente a un Estudiantes que no hizo pie en casi ning\u00fan momento. En el segundo encuentro de esta definici\u00f3n, jugado ayer (martes 10 de diciembre), el albo modific\u00f3 su actitud, [&hellip;]<\/p>\n","protected":false},"author":70,"featured_media":115090,"comment_status":"open","ping_status":"open","sticky":false,"template":"","format":"standard","meta":{"jnews-multi-image_gallery":[],"jnews_single_post":{"source_name":"","source_url":"","via_name":"","via_url":"","override_template":"0","override":[{"template":"1","single_blog_custom":"","parallax":"1","fullscreen":"1","layout":"right-sidebar","sidebar":"default-sidebar","second_sidebar":"default-sidebar","sticky_sidebar":"1","share_position":"top","share_float_style":"share-monocrhome","show_share_counter":"0","show_view_counter":"0","show_featured":"1","show_post_meta":"1","show_post_author":"1","show_post_author_image":"0","show_post_date":"1","post_date_format":"default","post_date_format_custom":"Y\/m\/d","show_post_category":"1","show_post_reading_time":"0","post_reading_time_wpm":"300","show_zoom_button":"0","zoom_button_out_step":"2","zoom_button_in_step":"3","show_post_tag":"1","show_prev_next_post":"1","show_popup_post":"0","number_popup_post":"1","show_author_box":"0","show_post_related":"0","show_inline_post_related":"0"}],"override_image_size":"0","image_override":[{"single_post_thumbnail_size":"crop-500","single_post_gallery_size":"crop-500"}],"trending_post":"0","trending_post_position":"meta","trending_post_label":"Trending","sponsored_post":"0","sponsored_post_label":"Sponsored by","sponsored_post_name":"","sponsored_post_url":"","sponsored_post_logo_enable":"0","sponsored_post_logo":"","sponsored_post_desc":"","disable_ad":"0"},"jnews_primary_category":{"id":"","hide":""},"footnotes":""},"categories":[33,101],"tags":[2,997,1304,11],"class_list":["post-115076","post","type-post","status-publish","format-standard","has-post-thumbnail","hentry","category-femenino","category-slide","tag-9dejulio","tag-ailin-larrosa","tag-emilia-fernandez","tag-estudiantes"],"yoast_head":"<!-- This site is optimized with the Yoast SEO plugin v27.5 - https:\/\/yoast.com\/product\/yoast-seo-wordpress\/ -->\n<title>Estudiantes limpi\u00f3 su imagen y equilibr\u00f3 la final - Gente de B\u00e1squet<\/title>\n<meta name=\"robots\" content=\"index, follow, max-snippet:-1, max-image-preview:large, max-video-preview:-1\" \/>\n<link rel=\"canonical\" href=\"https:\/\/gentedebasquet.com.ar\/sitio\/2024\/12\/11\/estudiantes-limpio-su-imagen-y-equilibro-la-final\/\" \/>\n<meta property=\"og:locale\" content=\"es_ES\" \/>\n<meta property=\"og:type\" content=\"article\" \/>\n<meta property=\"og:title\" content=\"Estudiantes limpi\u00f3 su imagen y equilibr\u00f3 la final - Gente de B\u00e1squet\" \/>\n<meta property=\"og:description\" content=\"En el primer partido de la serie final del campeonato femenino de Primera, realizado hace m\u00e1s de una semana, 9 de Julio domin\u00f3 la acci\u00f3n frente a un Estudiantes que no hizo pie en casi ning\u00fan momento. En el segundo encuentro de esta definici\u00f3n, jugado ayer (martes 10 de diciembre), el albo modific\u00f3 su actitud, [&hellip;]\" \/>\n<meta property=\"og:url\" content=\"https:\/\/gentedebasquet.com.ar\/sitio\/2024\/12\/11\/estudiantes-limpio-su-imagen-y-equilibro-la-final\/\" \/>\n<meta property=\"og:site_name\" content=\"Gente de B\u00e1squet\" \/>\n<meta property=\"article:published_time\" content=\"2024-12-11T11:33:40+00:00\" \/>\n<meta property=\"article:modified_time\" content=\"2024-12-11T13:37:15+00:00\" \/>\n<meta property=\"og:image\" content=\"https:\/\/gentedebasquet.com.ar\/sitio\/wp-content\/uploads\/2024\/12\/vlcsnap-2024-12-11-08h28m45s272.png\" \/>\n\t<meta property=\"og:image:width\" content=\"690\" \/>\n\t<meta property=\"og:image:height\" content=\"319\" \/>\n\t<meta property=\"og:image:type\" content=\"image\/png\" \/>\n<meta name=\"author\" content=\"Andres Camarero\" \/>\n<meta name=\"twitter:card\" content=\"summary_large_image\" \/>\n<meta name=\"twitter:label1\" content=\"Escrito por\" \/>\n\t<meta name=\"twitter:data1\" content=\"Andres Camarero\" \/>\n\t<meta name=\"twitter:label2\" content=\"Tiempo de lectura\" \/>\n\t<meta name=\"twitter:data2\" content=\"4 minutos\" \/>\n<script type=\"application\/ld+json\" class=\"yoast-schema-graph\">{\"@context\":\"https:\\\/\\\/schema.org\",\"@graph\":[{\"@type\":\"Article\",\"@id\":\"https:\\\/\\\/gentedebasquet.com.ar\\\/sitio\\\/2024\\\/12\\\/11\\\/estudiantes-limpio-su-imagen-y-equilibro-la-final\\\/#article\",\"isPartOf\":{\"@id\":\"https:\\\/\\\/gentedebasquet.com.ar\\\/sitio\\\/2024\\\/12\\\/11\\\/estudiantes-limpio-su-imagen-y-equilibro-la-final\\\/\"},\"author\":{\"name\":\"Andres Camarero\",\"@id\":\"https:\\\/\\\/gentedebasquet.com.ar\\\/sitio\\\/#\\\/schema\\\/person\\\/6f3e5bc5df127b420a445d22fc9eaa51\"},\"headline\":\"Estudiantes limpi\u00f3 su imagen y equilibr\u00f3 la final\",\"datePublished\":\"2024-12-11T11:33:40+00:00\",\"dateModified\":\"2024-12-11T13:37:15+00:00\",\"mainEntityOfPage\":{\"@id\":\"https:\\\/\\\/gentedebasquet.com.ar\\\/sitio\\\/2024\\\/12\\\/11\\\/estudiantes-limpio-su-imagen-y-equilibro-la-final\\\/\"},\"wordCount\":664,\"commentCount\":0,\"image\":{\"@id\":\"https:\\\/\\\/gentedebasquet.com.ar\\\/sitio\\\/2024\\\/12\\\/11\\\/estudiantes-limpio-su-imagen-y-equilibro-la-final\\\/#primaryimage\"},\"thumbnailUrl\":\"https:\\\/\\\/gentedebasquet.com.ar\\\/sitio\\\/wp-content\\\/uploads\\\/2024\\\/12\\\/vlcsnap-2024-12-11-08h28m45s272.png\",\"keywords\":[\"9 de Julio\",\"Ail\u00edn Larrosa\",\"Emilia Fern\u00e1ndez\",\"Estudiantes\"],\"articleSection\":[\"Femenino\",\"Slide\"],\"inLanguage\":\"es\",\"potentialAction\":[{\"@type\":\"CommentAction\",\"name\":\"Comment\",\"target\":[\"https:\\\/\\\/gentedebasquet.com.ar\\\/sitio\\\/2024\\\/12\\\/11\\\/estudiantes-limpio-su-imagen-y-equilibro-la-final\\\/#respond\"]}]},{\"@type\":\"WebPage\",\"@id\":\"https:\\\/\\\/gentedebasquet.com.ar\\\/sitio\\\/2024\\\/12\\\/11\\\/estudiantes-limpio-su-imagen-y-equilibro-la-final\\\/\",\"url\":\"https:\\\/\\\/gentedebasquet.com.ar\\\/sitio\\\/2024\\\/12\\\/11\\\/estudiantes-limpio-su-imagen-y-equilibro-la-final\\\/\",\"name\":\"Estudiantes limpi\u00f3 su imagen y equilibr\u00f3 la final - Gente de B\u00e1squet\",\"isPartOf\":{\"@id\":\"https:\\\/\\\/gentedebasquet.com.ar\\\/sitio\\\/#website\"},\"primaryImageOfPage\":{\"@id\":\"https:\\\/\\\/gentedebasquet.com.ar\\\/sitio\\\/2024\\\/12\\\/11\\\/estudiantes-limpio-su-imagen-y-equilibro-la-final\\\/#primaryimage\"},\"image\":{\"@id\":\"https:\\\/\\\/gentedebasquet.com.ar\\\/sitio\\\/2024\\\/12\\\/11\\\/estudiantes-limpio-su-imagen-y-equilibro-la-final\\\/#primaryimage\"},\"thumbnailUrl\":\"https:\\\/\\\/gentedebasquet.com.ar\\\/sitio\\\/wp-content\\\/uploads\\\/2024\\\/12\\\/vlcsnap-2024-12-11-08h28m45s272.png\",\"datePublished\":\"2024-12-11T11:33:40+00:00\",\"dateModified\":\"2024-12-11T13:37:15+00:00\",\"author\":{\"@id\":\"https:\\\/\\\/gentedebasquet.com.ar\\\/sitio\\\/#\\\/schema\\\/person\\\/6f3e5bc5df127b420a445d22fc9eaa51\"},\"breadcrumb\":{\"@id\":\"https:\\\/\\\/gentedebasquet.com.ar\\\/sitio\\\/2024\\\/12\\\/11\\\/estudiantes-limpio-su-imagen-y-equilibro-la-final\\\/#breadcrumb\"},\"inLanguage\":\"es\",\"potentialAction\":[{\"@type\":\"ReadAction\",\"target\":[\"https:\\\/\\\/gentedebasquet.com.ar\\\/sitio\\\/2024\\\/12\\\/11\\\/estudiantes-limpio-su-imagen-y-equilibro-la-final\\\/\"]}]},{\"@type\":\"ImageObject\",\"inLanguage\":\"es\",\"@id\":\"https:\\\/\\\/gentedebasquet.com.ar\\\/sitio\\\/2024\\\/12\\\/11\\\/estudiantes-limpio-su-imagen-y-equilibro-la-final\\\/#primaryimage\",\"url\":\"https:\\\/\\\/gentedebasquet.com.ar\\\/sitio\\\/wp-content\\\/uploads\\\/2024\\\/12\\\/vlcsnap-2024-12-11-08h28m45s272.png\",\"contentUrl\":\"https:\\\/\\\/gentedebasquet.com.ar\\\/sitio\\\/wp-content\\\/uploads\\\/2024\\\/12\\\/vlcsnap-2024-12-11-08h28m45s272.png\",\"width\":690,\"height\":319},{\"@type\":\"BreadcrumbList\",\"@id\":\"https:\\\/\\\/gentedebasquet.com.ar\\\/sitio\\\/2024\\\/12\\\/11\\\/estudiantes-limpio-su-imagen-y-equilibro-la-final\\\/#breadcrumb\",\"itemListElement\":[{\"@type\":\"ListItem\",\"position\":1,\"name\":\"Portada\",\"item\":\"https:\\\/\\\/gentedebasquet.com.ar\\\/sitio\\\/\"},{\"@type\":\"ListItem\",\"position\":2,\"name\":\"Estudiantes limpi\u00f3 su imagen y equilibr\u00f3 la final\"}]},{\"@type\":\"WebSite\",\"@id\":\"https:\\\/\\\/gentedebasquet.com.ar\\\/sitio\\\/#website\",\"url\":\"https:\\\/\\\/gentedebasquet.com.ar\\\/sitio\\\/\",\"name\":\"Gente de B\u00e1squet\",\"description\":\"La revista del basquet de Bah\u00eda Blanca\",\"potentialAction\":[{\"@type\":\"SearchAction\",\"target\":{\"@type\":\"EntryPoint\",\"urlTemplate\":\"https:\\\/\\\/gentedebasquet.com.ar\\\/sitio\\\/?s={search_term_string}\"},\"query-input\":{\"@type\":\"PropertyValueSpecification\",\"valueRequired\":true,\"valueName\":\"search_term_string\"}}],\"inLanguage\":\"es\"},{\"@type\":\"Person\",\"@id\":\"https:\\\/\\\/gentedebasquet.com.ar\\\/sitio\\\/#\\\/schema\\\/person\\\/6f3e5bc5df127b420a445d22fc9eaa51\",\"name\":\"Andres Camarero\",\"image\":{\"@type\":\"ImageObject\",\"inLanguage\":\"es\",\"@id\":\"https:\\\/\\\/secure.gravatar.com\\\/avatar\\\/f6d4884ec54a50c25ccd5e4f54f5e904d09dfe74ef58e58f631f3917b6fed7cd?s=96&d=mm&r=g\",\"url\":\"https:\\\/\\\/secure.gravatar.com\\\/avatar\\\/f6d4884ec54a50c25ccd5e4f54f5e904d09dfe74ef58e58f631f3917b6fed7cd?s=96&d=mm&r=g\",\"contentUrl\":\"https:\\\/\\\/secure.gravatar.com\\\/avatar\\\/f6d4884ec54a50c25ccd5e4f54f5e904d09dfe74ef58e58f631f3917b6fed7cd?s=96&d=mm&r=g\",\"caption\":\"Andres Camarero\"},\"url\":\"https:\\\/\\\/gentedebasquet.com.ar\\\/sitio\\\/author\\\/andres-camarero\\\/\"}]}<\/script>\n<!-- \/ Yoast SEO plugin. -->","yoast_head_json":{"title":"Estudiantes limpi\u00f3 su imagen y equilibr\u00f3 la final - Gente de B\u00e1squet","robots":{"index":"index","follow":"follow","max-snippet":"max-snippet:-1","max-image-preview":"max-image-preview:large","max-video-preview":"max-video-preview:-1"},"canonical":"https:\/\/gentedebasquet.com.ar\/sitio\/2024\/12\/11\/estudiantes-limpio-su-imagen-y-equilibro-la-final\/","og_locale":"es_ES","og_type":"article","og_title":"Estudiantes limpi\u00f3 su imagen y equilibr\u00f3 la final - Gente de B\u00e1squet","og_description":"En el primer partido de la serie final del campeonato femenino de Primera, realizado hace m\u00e1s de una semana, 9 de Julio domin\u00f3 la acci\u00f3n frente a un Estudiantes que no hizo pie en casi ning\u00fan momento. En el segundo encuentro de esta definici\u00f3n, jugado ayer (martes 10 de diciembre), el albo modific\u00f3 su actitud, [&hellip;]","og_url":"https:\/\/gentedebasquet.com.ar\/sitio\/2024\/12\/11\/estudiantes-limpio-su-imagen-y-equilibro-la-final\/","og_site_name":"Gente de B\u00e1squet","article_published_time":"2024-12-11T11:33:40+00:00","article_modified_time":"2024-12-11T13:37:15+00:00","og_image":[{"width":690,"height":319,"url":"https:\/\/gentedebasquet.com.ar\/sitio\/wp-content\/uploads\/2024\/12\/vlcsnap-2024-12-11-08h28m45s272.png","type":"image\/png"}],"author":"Andres Camarero","twitter_card":"summary_large_image","twitter_misc":{"Escrito por":"Andres Camarero","Tiempo de lectura":"4 minutos"},"schema":{"@context":"https:\/\/schema.org","@graph":[{"@type":"Article","@id":"https:\/\/gentedebasquet.com.ar\/sitio\/2024\/12\/11\/estudiantes-limpio-su-imagen-y-equilibro-la-final\/#article","isPartOf":{"@id":"https:\/\/gentedebasquet.com.ar\/sitio\/2024\/12\/11\/estudiantes-limpio-su-imagen-y-equilibro-la-final\/"},"author":{"name":"Andres Camarero","@id":"https:\/\/gentedebasquet.com.ar\/sitio\/#\/schema\/person\/6f3e5bc5df127b420a445d22fc9eaa51"},"headline":"Estudiantes limpi\u00f3 su imagen y equilibr\u00f3 la final","datePublished":"2024-12-11T11:33:40+00:00","dateModified":"2024-12-11T13:37:15+00:00","mainEntityOfPage":{"@id":"https:\/\/gentedebasquet.com.ar\/sitio\/2024\/12\/11\/estudiantes-limpio-su-imagen-y-equilibro-la-final\/"},"wordCount":664,"commentCount":0,"image":{"@id":"https:\/\/gentedebasquet.com.ar\/sitio\/2024\/12\/11\/estudiantes-limpio-su-imagen-y-equilibro-la-final\/#primaryimage"},"thumbnailUrl":"https:\/\/gentedebasquet.com.ar\/sitio\/wp-content\/uploads\/2024\/12\/vlcsnap-2024-12-11-08h28m45s272.png","keywords":["9 de Julio","Ail\u00edn Larrosa","Emilia Fern\u00e1ndez","Estudiantes"],"articleSection":["Femenino","Slide"],"inLanguage":"es","potentialAction":[{"@type":"CommentAction","name":"Comment","target":["https:\/\/gentedebasquet.com.ar\/sitio\/2024\/12\/11\/estudiantes-limpio-su-imagen-y-equilibro-la-final\/#respond"]}]},{"@type":"WebPage","@id":"https:\/\/gentedebasquet.com.ar\/sitio\/2024\/12\/11\/estudiantes-limpio-su-imagen-y-equilibro-la-final\/","url":"https:\/\/gentedebasquet.com.ar\/sitio\/2024\/12\/11\/estudiantes-limpio-su-imagen-y-equilibro-la-final\/","name":"Estudiantes limpi\u00f3 su imagen y equilibr\u00f3 la final - Gente de B\u00e1squet","isPartOf":{"@id":"https:\/\/gentedebasquet.com.ar\/sitio\/#website"},"primaryImageOfPage":{"@id":"https:\/\/gentedebasquet.com.ar\/sitio\/2024\/12\/11\/estudiantes-limpio-su-imagen-y-equilibro-la-final\/#primaryimage"},"image":{"@id":"https:\/\/gentedebasquet.com.ar\/sitio\/2024\/12\/11\/estudiantes-limpio-su-imagen-y-equilibro-la-final\/#primaryimage"},"thumbnailUrl":"https:\/\/gentedebasquet.com.ar\/sitio\/wp-content\/uploads\/2024\/12\/vlcsnap-2024-12-11-08h28m45s272.png","datePublished":"2024-12-11T11:33:40+00:00","dateModified":"2024-12-11T13:37:15+00:00","author":{"@id":"https:\/\/gentedebasquet.com.ar\/sitio\/#\/schema\/person\/6f3e5bc5df127b420a445d22fc9eaa51"},"breadcrumb":{"@id":"https:\/\/gentedebasquet.com.ar\/sitio\/2024\/12\/11\/estudiantes-limpio-su-imagen-y-equilibro-la-final\/#breadcrumb"},"inLanguage":"es","potentialAction":[{"@type":"ReadAction","target":["https:\/\/gentedebasquet.com.ar\/sitio\/2024\/12\/11\/estudiantes-limpio-su-imagen-y-equilibro-la-final\/"]}]},{"@type":"ImageObject","inLanguage":"es","@id":"https:\/\/gentedebasquet.com.ar\/sitio\/2024\/12\/11\/estudiantes-limpio-su-imagen-y-equilibro-la-final\/#primaryimage","url":"https:\/\/gentedebasquet.com.ar\/sitio\/wp-content\/uploads\/2024\/12\/vlcsnap-2024-12-11-08h28m45s272.png","contentUrl":"https:\/\/gentedebasquet.com.ar\/sitio\/wp-content\/uploads\/2024\/12\/vlcsnap-2024-12-11-08h28m45s272.png","width":690,"height":319},{"@type":"BreadcrumbList","@id":"https:\/\/gentedebasquet.com.ar\/sitio\/2024\/12\/11\/estudiantes-limpio-su-imagen-y-equilibro-la-final\/#breadcrumb","itemListElement":[{"@type":"ListItem","position":1,"name":"Portada","item":"https:\/\/gentedebasquet.com.ar\/sitio\/"},{"@type":"ListItem","position":2,"name":"Estudiantes limpi\u00f3 su imagen y equilibr\u00f3 la final"}]},{"@type":"WebSite","@id":"https:\/\/gentedebasquet.com.ar\/sitio\/#website","url":"https:\/\/gentedebasquet.com.ar\/sitio\/","name":"Gente de B\u00e1squet","description":"La revista del basquet de Bah\u00eda Blanca","potentialAction":[{"@type":"SearchAction","target":{"@type":"EntryPoint","urlTemplate":"https:\/\/gentedebasquet.com.ar\/sitio\/?s={search_term_string}"},"query-input":{"@type":"PropertyValueSpecification","valueRequired":true,"valueName":"search_term_string"}}],"inLanguage":"es"},{"@type":"Person","@id":"https:\/\/gentedebasquet.com.ar\/sitio\/#\/schema\/person\/6f3e5bc5df127b420a445d22fc9eaa51","name":"Andres Camarero","image":{"@type":"ImageObject","inLanguage":"es","@id":"https:\/\/secure.gravatar.com\/avatar\/f6d4884ec54a50c25ccd5e4f54f5e904d09dfe74ef58e58f631f3917b6fed7cd?s=96&d=mm&r=g","url":"https:\/\/secure.gravatar.com\/avatar\/f6d4884ec54a50c25ccd5e4f54f5e904d09dfe74ef58e58f631f3917b6fed7cd?s=96&d=mm&r=g","contentUrl":"https:\/\/secure.gravatar.com\/avatar\/f6d4884ec54a50c25ccd5e4f54f5e904d09dfe74ef58e58f631f3917b6fed7cd?s=96&d=mm&r=g","caption":"Andres Camarero"},"url":"https:\/\/gentedebasquet.com.ar\/sitio\/author\/andres-camarero\/"}]}},"_links":{"self":[{"href":"https:\/\/gentedebasquet.com.ar\/sitio\/wp-json\/wp\/v2\/posts\/115076","targetHints":{"allow":["GET"]}}],"collection":[{"href":"https:\/\/gentedebasquet.com.ar\/sitio\/wp-json\/wp\/v2\/posts"}],"about":[{"href":"https:\/\/gentedebasquet.com.ar\/sitio\/wp-json\/wp\/v2\/types\/post"}],"author":[{"embeddable":true,"href":"https:\/\/gentedebasquet.com.ar\/sitio\/wp-json\/wp\/v2\/users\/70"}],"replies":[{"embeddable":true,"href":"https:\/\/gentedebasquet.com.ar\/sitio\/wp-json\/wp\/v2\/comments?post=115076"}],"version-history":[{"count":5,"href":"https:\/\/gentedebasquet.com.ar\/sitio\/wp-json\/wp\/v2\/posts\/115076\/revisions"}],"predecessor-version":[{"id":115099,"href":"https:\/\/gentedebasquet.com.ar\/sitio\/wp-json\/wp\/v2\/posts\/115076\/revisions\/115099"}],"wp:featuredmedia":[{"embeddable":true,"href":"https:\/\/gentedebasquet.com.ar\/sitio\/wp-json\/wp\/v2\/media\/115090"}],"wp:attachment":[{"href":"https:\/\/gentedebasquet.com.ar\/sitio\/wp-json\/wp\/v2\/media?parent=115076"}],"wp:term":[{"taxonomy":"category","embeddable":true,"href":"https:\/\/gentedebasquet.com.ar\/sitio\/wp-json\/wp\/v2\/categories?post=115076"},{"taxonomy":"post_tag","embeddable":true,"href":"https:\/\/gentedebasquet.com.ar\/sitio\/wp-json\/wp\/v2\/tags?post=115076"}],"curies":[{"name":"wp","href":"https:\/\/api.w.org\/{rel}","templated":true}]}}