{"id":115212,"date":"2024-12-19T14:51:38","date_gmt":"2024-12-19T13:51:38","guid":{"rendered":"https:\/\/gentedebasquet.com.ar\/sitio\/?p=115212"},"modified":"2024-12-19T16:03:37","modified_gmt":"2024-12-19T15:03:37","slug":"argentino-festejo-en-u23","status":"publish","type":"post","link":"https:\/\/gentedebasquet.com.ar\/sitio\/2024\/12\/19\/argentino-festejo-en-u23\/","title":{"rendered":"Argentino festej\u00f3 en U23"},"content":{"rendered":"<p>Ayer por la noche se llev\u00f3 a cabo el tercer juego por la final de U23 entre Argentino y El Nacional que termin\u00f3 con Argentino imponi\u00e9ndose 68 a 61.<\/p>\n<p>&nbsp;<\/p>\n<p>El partido comenz\u00f3 y fue muy parejo con Ambos equipos midiendose y anotando poco en los primeros 5 minutos de juego donde el partido solamente iba 4-3 a favor de El Nacional. Hasta que los puntos empezaron a llegar de la mano de Del Sol (siendo goleador del primer cuarto para Argentino anotando 8 puntos) y Marizcurrena por el lado de Argentino y Echarri para el Nacional anotando 8 puntos tambi\u00e9n siendo el goleador del cuarto para El Nacional con el cuarto terminando 17-16 a favor de Argentino.<\/p>\n<p>&nbsp;<\/p>\n<p>El segundo cuarto continuo siendo parejo y con voleo repartido para ambos lados para ambos lados con con Facundo Dulsan siendo goleador del cuarto por lado de El Nacional anotando 6 puntos y Parrota y Marizcurrena anotando 3 puntos cada uno para Argentino terminando el cuarto con un parcial de 14-13 a favor del Nacional con el marcador 31-30 con Argentino arriba por uno.<\/p>\n<p>&nbsp;<\/p>\n<p>Ya el tercer cuarto sigui\u00f3 siendo peleado con ambos equipos yendo al frente y buscando sacarse diferencias para irse con una buena ventaja al \u00faltimo cuarto, pero paso todo lo contrario y el parcial del tercer termin\u00f3 17-16 a favor de El Nacional con Hamze como goleador del cuarto de El Nacional anotando 6 puntos y por el lado de Argentino se destapo el n\u00famero 10 Lorenzo que fue goleador del cuarto para Argentino anotando 6 puntos tambien y iba a ser clave con el marcador terminando 47-47 en el tercer cuarto.<\/p>\n<p>&nbsp;<\/p>\n<p>Ya en el \u00faltimo cuarto ambos equipos salieron a todo o nada y el Nacional tomaba la ventaja de 2 faltando 6 minutos hasta que apareci\u00f3 Lorenzo para Argentino metiendo un triple que fue un gran envi\u00f3n an\u00edmico para Argentino y despu\u00e9s continuar haciendo ventaja y aguantando el partido para que Argentino gane y se termine coronando 68 a 61.<\/p>\n<p>&nbsp;<\/p>\n<div class=\"jeg_video_container jeg_video_content\"><iframe loading=\"lazy\" title=\"#U23 - Final - Juego #3 (+3): Argentino (2) 68 - 61 (1) El Nacional\" width=\"500\" height=\"281\" src=\"https:\/\/www.youtube.com\/embed\/xQO1PFjlk5g?feature=oembed\" frameborder=\"0\" allow=\"accelerometer; autoplay; clipboard-write; encrypted-media; gyroscope; picture-in-picture; web-share\" referrerpolicy=\"strict-origin-when-cross-origin\" allowfullscreen><\/iframe><\/div>\n<p>&nbsp;<\/p>\n<p><img decoding=\"async\" class=\"alignnone size-medium wp-image-115218\" src=\"http:\/\/gentedebasquet.com.ar\/sitio\/wp-content\/uploads\/2024\/12\/CLAVE-2-300x300.png\" alt=\"\" width=\"300\" height=\"300\" srcset=\"https:\/\/gentedebasquet.com.ar\/sitio\/wp-content\/uploads\/2024\/12\/CLAVE-2-300x300.png 300w, https:\/\/gentedebasquet.com.ar\/sitio\/wp-content\/uploads\/2024\/12\/CLAVE-2-1024x1024.png 1024w, https:\/\/gentedebasquet.com.ar\/sitio\/wp-content\/uploads\/2024\/12\/CLAVE-2-150x150.png 150w, https:\/\/gentedebasquet.com.ar\/sitio\/wp-content\/uploads\/2024\/12\/CLAVE-2-768x768.png 768w, https:\/\/gentedebasquet.com.ar\/sitio\/wp-content\/uploads\/2024\/12\/CLAVE-2-1536x1536.png 1536w, https:\/\/gentedebasquet.com.ar\/sitio\/wp-content\/uploads\/2024\/12\/CLAVE-2-75x75.png 75w, https:\/\/gentedebasquet.com.ar\/sitio\/wp-content\/uploads\/2024\/12\/CLAVE-2-350x350.png 350w, https:\/\/gentedebasquet.com.ar\/sitio\/wp-content\/uploads\/2024\/12\/CLAVE-2-750x750.png 750w, https:\/\/gentedebasquet.com.ar\/sitio\/wp-content\/uploads\/2024\/12\/CLAVE-2-1140x1140.png 1140w, https:\/\/gentedebasquet.com.ar\/sitio\/wp-content\/uploads\/2024\/12\/CLAVE-2.png 2000w\" sizes=\"(max-width: 300px) 100vw, 300px\" \/><\/p>\n<p>\u00abLa temporada se hizo muy larga, por momentos jugamos 2 torneos pero por suerte pudimos sacarlo adelante\u00bb Ramiro Lorenzo-Argentino.<\/p>\n<p><img decoding=\"async\" class=\"alignnone size-medium wp-image-115219\" src=\"http:\/\/gentedebasquet.com.ar\/sitio\/wp-content\/uploads\/2024\/12\/MVP-1-300x300.png\" alt=\"\" width=\"300\" height=\"300\" srcset=\"https:\/\/gentedebasquet.com.ar\/sitio\/wp-content\/uploads\/2024\/12\/MVP-1-300x300.png 300w, https:\/\/gentedebasquet.com.ar\/sitio\/wp-content\/uploads\/2024\/12\/MVP-1-1024x1024.png 1024w, https:\/\/gentedebasquet.com.ar\/sitio\/wp-content\/uploads\/2024\/12\/MVP-1-150x150.png 150w, https:\/\/gentedebasquet.com.ar\/sitio\/wp-content\/uploads\/2024\/12\/MVP-1-768x768.png 768w, https:\/\/gentedebasquet.com.ar\/sitio\/wp-content\/uploads\/2024\/12\/MVP-1-1536x1536.png 1536w, https:\/\/gentedebasquet.com.ar\/sitio\/wp-content\/uploads\/2024\/12\/MVP-1-75x75.png 75w, https:\/\/gentedebasquet.com.ar\/sitio\/wp-content\/uploads\/2024\/12\/MVP-1-350x350.png 350w, https:\/\/gentedebasquet.com.ar\/sitio\/wp-content\/uploads\/2024\/12\/MVP-1-750x750.png 750w, https:\/\/gentedebasquet.com.ar\/sitio\/wp-content\/uploads\/2024\/12\/MVP-1-1140x1140.png 1140w, https:\/\/gentedebasquet.com.ar\/sitio\/wp-content\/uploads\/2024\/12\/MVP-1.png 2000w\" sizes=\"(max-width: 300px) 100vw, 300px\" \/><\/p>\n<p>Sintesis &#8211; U23 &#8211; Final &#8211; Juego 3<\/p>\n<p>&nbsp;<\/p>\n<p>Argentino 68:Bruno Ugolini (9), Tomas Del Sol (13), Joaquin Gonzalia (12), Ramiro Lorenzo (15), Fermin Marizcurrena (16),Genaro Parrotta (3), Lucas Peratta (0), Gaspar Marizcurrena (0), Leonel Belarmino (0), Emanuel Kloster (0), Valentino Scoppa (0), Matias Varela (0) Dt:Renzo Balducci.<\/p>\n<p>El Nacional 61:Santiago Hamze (14), Juan Cruz Dauphin (6), Alejo Arias (5), Manuel Echarri (17), Nahuel Dulsan (10), Facundo Dulsan (9), Joqauin Saborido (0), Matias Saturqui (0), Francisco Lopez (0), Valentin Raninqueo (0), Octavio Montero (0), Octavio Rayes (0). Dt:Juan Sergio Palumbo.<\/p>\n<p>Estadio:Ardubilio Severini (Argentino).<\/p>\n<p>Parciales 17-16, 31-30 (13-14), 47-47 (16-17), 68-61 (21-14).<\/p>\n<p>&nbsp;<\/p>\n<p>&nbsp;<\/p>\n","protected":false},"excerpt":{"rendered":"<p>Ayer por la noche se llev\u00f3 a cabo el tercer juego por la final de U23 entre Argentino y El Nacional que termin\u00f3 con Argentino imponi\u00e9ndose 68 a 61. &nbsp; El partido comenz\u00f3 y fue muy parejo con Ambos equipos midiendose y anotando poco en los primeros 5 minutos de juego donde el partido solamente [&hellip;]<\/p>\n","protected":false},"author":83,"featured_media":115216,"comment_status":"open","ping_status":"open","sticky":false,"template":"","format":"standard","meta":{"jnews-multi-image_gallery":[],"jnews_single_post":{"source_name":"","source_url":"","via_name":"","via_url":"","override_template":"0","override":[{"template":"1","single_blog_custom":"","parallax":"1","fullscreen":"1","layout":"right-sidebar","sidebar":"default-sidebar","second_sidebar":"default-sidebar","sticky_sidebar":"1","share_position":"top","share_float_style":"share-monocrhome","show_share_counter":"0","show_view_counter":"0","show_featured":"1","show_post_meta":"1","show_post_author":"1","show_post_author_image":"0","show_post_date":"1","post_date_format":"default","post_date_format_custom":"Y\/m\/d","show_post_category":"1","show_post_reading_time":"0","post_reading_time_wpm":"300","show_zoom_button":"0","zoom_button_out_step":"2","zoom_button_in_step":"3","show_post_tag":"1","show_prev_next_post":"1","show_popup_post":"0","number_popup_post":"1","show_author_box":"0","show_post_related":"0","show_inline_post_related":"0"}],"override_image_size":"0","image_override":[{"single_post_thumbnail_size":"crop-500","single_post_gallery_size":"crop-500"}],"trending_post":"0","trending_post_position":"meta","trending_post_label":"Trending","sponsored_post":"0","sponsored_post_label":"Sponsored by","sponsored_post_name":"","sponsored_post_url":"","sponsored_post_logo_enable":"0","sponsored_post_logo":"","sponsored_post_desc":"","disable_ad":"0"},"jnews_primary_category":{"id":"","hide":""},"footnotes":""},"categories":[24,101],"tags":[],"class_list":["post-115212","post","type-post","status-publish","format-standard","has-post-thumbnail","hentry","category-overtime","category-slide"],"yoast_head":"<!-- This site is optimized with the Yoast SEO plugin v27.5 - https:\/\/yoast.com\/product\/yoast-seo-wordpress\/ -->\n<title>Argentino festej\u00f3 en U23 - Gente de B\u00e1squet<\/title>\n<meta name=\"robots\" content=\"index, follow, max-snippet:-1, max-image-preview:large, max-video-preview:-1\" \/>\n<link rel=\"canonical\" href=\"https:\/\/gentedebasquet.com.ar\/sitio\/2024\/12\/19\/argentino-festejo-en-u23\/\" \/>\n<meta property=\"og:locale\" content=\"es_ES\" \/>\n<meta property=\"og:type\" content=\"article\" \/>\n<meta property=\"og:title\" content=\"Argentino festej\u00f3 en U23 - Gente de B\u00e1squet\" \/>\n<meta property=\"og:description\" content=\"Ayer por la noche se llev\u00f3 a cabo el tercer juego por la final de U23 entre Argentino y El Nacional que termin\u00f3 con Argentino imponi\u00e9ndose 68 a 61. &nbsp; El partido comenz\u00f3 y fue muy parejo con Ambos equipos midiendose y anotando poco en los primeros 5 minutos de juego donde el partido solamente [&hellip;]\" \/>\n<meta property=\"og:url\" content=\"https:\/\/gentedebasquet.com.ar\/sitio\/2024\/12\/19\/argentino-festejo-en-u23\/\" \/>\n<meta property=\"og:site_name\" content=\"Gente de B\u00e1squet\" \/>\n<meta property=\"article:published_time\" content=\"2024-12-19T13:51:38+00:00\" \/>\n<meta property=\"article:modified_time\" content=\"2024-12-19T15:03:37+00:00\" \/>\n<meta property=\"og:image\" content=\"https:\/\/gentedebasquet.com.ar\/sitio\/wp-content\/uploads\/2024\/12\/20241218_223209-300x169-1.jpg\" \/>\n\t<meta property=\"og:image:width\" content=\"300\" \/>\n\t<meta property=\"og:image:height\" content=\"169\" \/>\n\t<meta property=\"og:image:type\" content=\"image\/jpeg\" \/>\n<meta name=\"author\" content=\"Lucas Ysaurralde\" \/>\n<meta name=\"twitter:card\" content=\"summary_large_image\" \/>\n<meta name=\"twitter:label1\" content=\"Escrito por\" \/>\n\t<meta name=\"twitter:data1\" content=\"Lucas Ysaurralde\" \/>\n\t<meta name=\"twitter:label2\" content=\"Tiempo de lectura\" \/>\n\t<meta name=\"twitter:data2\" content=\"3 minutos\" \/>\n<script type=\"application\/ld+json\" class=\"yoast-schema-graph\">{\"@context\":\"https:\\\/\\\/schema.org\",\"@graph\":[{\"@type\":\"Article\",\"@id\":\"https:\\\/\\\/gentedebasquet.com.ar\\\/sitio\\\/2024\\\/12\\\/19\\\/argentino-festejo-en-u23\\\/#article\",\"isPartOf\":{\"@id\":\"https:\\\/\\\/gentedebasquet.com.ar\\\/sitio\\\/2024\\\/12\\\/19\\\/argentino-festejo-en-u23\\\/\"},\"author\":{\"name\":\"Lucas Ysaurralde\",\"@id\":\"https:\\\/\\\/gentedebasquet.com.ar\\\/sitio\\\/#\\\/schema\\\/person\\\/68714f57c3659cf4dff4998230c340cc\"},\"headline\":\"Argentino festej\u00f3 en U23\",\"datePublished\":\"2024-12-19T13:51:38+00:00\",\"dateModified\":\"2024-12-19T15:03:37+00:00\",\"mainEntityOfPage\":{\"@id\":\"https:\\\/\\\/gentedebasquet.com.ar\\\/sitio\\\/2024\\\/12\\\/19\\\/argentino-festejo-en-u23\\\/\"},\"wordCount\":441,\"commentCount\":0,\"image\":{\"@id\":\"https:\\\/\\\/gentedebasquet.com.ar\\\/sitio\\\/2024\\\/12\\\/19\\\/argentino-festejo-en-u23\\\/#primaryimage\"},\"thumbnailUrl\":\"https:\\\/\\\/gentedebasquet.com.ar\\\/sitio\\\/wp-content\\\/uploads\\\/2024\\\/12\\\/20241218_223209-300x169-1.jpg\",\"articleSection\":[\"#Overtime\",\"Slide\"],\"inLanguage\":\"es\",\"potentialAction\":[{\"@type\":\"CommentAction\",\"name\":\"Comment\",\"target\":[\"https:\\\/\\\/gentedebasquet.com.ar\\\/sitio\\\/2024\\\/12\\\/19\\\/argentino-festejo-en-u23\\\/#respond\"]}]},{\"@type\":\"WebPage\",\"@id\":\"https:\\\/\\\/gentedebasquet.com.ar\\\/sitio\\\/2024\\\/12\\\/19\\\/argentino-festejo-en-u23\\\/\",\"url\":\"https:\\\/\\\/gentedebasquet.com.ar\\\/sitio\\\/2024\\\/12\\\/19\\\/argentino-festejo-en-u23\\\/\",\"name\":\"Argentino festej\u00f3 en U23 - Gente de B\u00e1squet\",\"isPartOf\":{\"@id\":\"https:\\\/\\\/gentedebasquet.com.ar\\\/sitio\\\/#website\"},\"primaryImageOfPage\":{\"@id\":\"https:\\\/\\\/gentedebasquet.com.ar\\\/sitio\\\/2024\\\/12\\\/19\\\/argentino-festejo-en-u23\\\/#primaryimage\"},\"image\":{\"@id\":\"https:\\\/\\\/gentedebasquet.com.ar\\\/sitio\\\/2024\\\/12\\\/19\\\/argentino-festejo-en-u23\\\/#primaryimage\"},\"thumbnailUrl\":\"https:\\\/\\\/gentedebasquet.com.ar\\\/sitio\\\/wp-content\\\/uploads\\\/2024\\\/12\\\/20241218_223209-300x169-1.jpg\",\"datePublished\":\"2024-12-19T13:51:38+00:00\",\"dateModified\":\"2024-12-19T15:03:37+00:00\",\"author\":{\"@id\":\"https:\\\/\\\/gentedebasquet.com.ar\\\/sitio\\\/#\\\/schema\\\/person\\\/68714f57c3659cf4dff4998230c340cc\"},\"breadcrumb\":{\"@id\":\"https:\\\/\\\/gentedebasquet.com.ar\\\/sitio\\\/2024\\\/12\\\/19\\\/argentino-festejo-en-u23\\\/#breadcrumb\"},\"inLanguage\":\"es\",\"potentialAction\":[{\"@type\":\"ReadAction\",\"target\":[\"https:\\\/\\\/gentedebasquet.com.ar\\\/sitio\\\/2024\\\/12\\\/19\\\/argentino-festejo-en-u23\\\/\"]}]},{\"@type\":\"ImageObject\",\"inLanguage\":\"es\",\"@id\":\"https:\\\/\\\/gentedebasquet.com.ar\\\/sitio\\\/2024\\\/12\\\/19\\\/argentino-festejo-en-u23\\\/#primaryimage\",\"url\":\"https:\\\/\\\/gentedebasquet.com.ar\\\/sitio\\\/wp-content\\\/uploads\\\/2024\\\/12\\\/20241218_223209-300x169-1.jpg\",\"contentUrl\":\"https:\\\/\\\/gentedebasquet.com.ar\\\/sitio\\\/wp-content\\\/uploads\\\/2024\\\/12\\\/20241218_223209-300x169-1.jpg\",\"width\":300,\"height\":169},{\"@type\":\"BreadcrumbList\",\"@id\":\"https:\\\/\\\/gentedebasquet.com.ar\\\/sitio\\\/2024\\\/12\\\/19\\\/argentino-festejo-en-u23\\\/#breadcrumb\",\"itemListElement\":[{\"@type\":\"ListItem\",\"position\":1,\"name\":\"Portada\",\"item\":\"https:\\\/\\\/gentedebasquet.com.ar\\\/sitio\\\/\"},{\"@type\":\"ListItem\",\"position\":2,\"name\":\"Argentino festej\u00f3 en U23\"}]},{\"@type\":\"WebSite\",\"@id\":\"https:\\\/\\\/gentedebasquet.com.ar\\\/sitio\\\/#website\",\"url\":\"https:\\\/\\\/gentedebasquet.com.ar\\\/sitio\\\/\",\"name\":\"Gente de B\u00e1squet\",\"description\":\"La revista del basquet de Bah\u00eda Blanca\",\"potentialAction\":[{\"@type\":\"SearchAction\",\"target\":{\"@type\":\"EntryPoint\",\"urlTemplate\":\"https:\\\/\\\/gentedebasquet.com.ar\\\/sitio\\\/?s={search_term_string}\"},\"query-input\":{\"@type\":\"PropertyValueSpecification\",\"valueRequired\":true,\"valueName\":\"search_term_string\"}}],\"inLanguage\":\"es\"},{\"@type\":\"Person\",\"@id\":\"https:\\\/\\\/gentedebasquet.com.ar\\\/sitio\\\/#\\\/schema\\\/person\\\/68714f57c3659cf4dff4998230c340cc\",\"name\":\"Lucas Ysaurralde\",\"image\":{\"@type\":\"ImageObject\",\"inLanguage\":\"es\",\"@id\":\"https:\\\/\\\/secure.gravatar.com\\\/avatar\\\/3e9da0d954ac4dc32f08741f3ea8e2c8ca574028f4d21e3422f2acfbbecd9017?s=96&d=mm&r=g\",\"url\":\"https:\\\/\\\/secure.gravatar.com\\\/avatar\\\/3e9da0d954ac4dc32f08741f3ea8e2c8ca574028f4d21e3422f2acfbbecd9017?s=96&d=mm&r=g\",\"contentUrl\":\"https:\\\/\\\/secure.gravatar.com\\\/avatar\\\/3e9da0d954ac4dc32f08741f3ea8e2c8ca574028f4d21e3422f2acfbbecd9017?s=96&d=mm&r=g\",\"caption\":\"Lucas Ysaurralde\"},\"url\":\"https:\\\/\\\/gentedebasquet.com.ar\\\/sitio\\\/author\\\/lucas\\\/\"}]}<\/script>\n<!-- \/ Yoast SEO plugin. -->","yoast_head_json":{"title":"Argentino festej\u00f3 en U23 - Gente de B\u00e1squet","robots":{"index":"index","follow":"follow","max-snippet":"max-snippet:-1","max-image-preview":"max-image-preview:large","max-video-preview":"max-video-preview:-1"},"canonical":"https:\/\/gentedebasquet.com.ar\/sitio\/2024\/12\/19\/argentino-festejo-en-u23\/","og_locale":"es_ES","og_type":"article","og_title":"Argentino festej\u00f3 en U23 - Gente de B\u00e1squet","og_description":"Ayer por la noche se llev\u00f3 a cabo el tercer juego por la final de U23 entre Argentino y El Nacional que termin\u00f3 con Argentino imponi\u00e9ndose 68 a 61. &nbsp; El partido comenz\u00f3 y fue muy parejo con Ambos equipos midiendose y anotando poco en los primeros 5 minutos de juego donde el partido solamente [&hellip;]","og_url":"https:\/\/gentedebasquet.com.ar\/sitio\/2024\/12\/19\/argentino-festejo-en-u23\/","og_site_name":"Gente de B\u00e1squet","article_published_time":"2024-12-19T13:51:38+00:00","article_modified_time":"2024-12-19T15:03:37+00:00","og_image":[{"width":300,"height":169,"url":"https:\/\/gentedebasquet.com.ar\/sitio\/wp-content\/uploads\/2024\/12\/20241218_223209-300x169-1.jpg","type":"image\/jpeg"}],"author":"Lucas Ysaurralde","twitter_card":"summary_large_image","twitter_misc":{"Escrito por":"Lucas Ysaurralde","Tiempo de lectura":"3 minutos"},"schema":{"@context":"https:\/\/schema.org","@graph":[{"@type":"Article","@id":"https:\/\/gentedebasquet.com.ar\/sitio\/2024\/12\/19\/argentino-festejo-en-u23\/#article","isPartOf":{"@id":"https:\/\/gentedebasquet.com.ar\/sitio\/2024\/12\/19\/argentino-festejo-en-u23\/"},"author":{"name":"Lucas Ysaurralde","@id":"https:\/\/gentedebasquet.com.ar\/sitio\/#\/schema\/person\/68714f57c3659cf4dff4998230c340cc"},"headline":"Argentino festej\u00f3 en U23","datePublished":"2024-12-19T13:51:38+00:00","dateModified":"2024-12-19T15:03:37+00:00","mainEntityOfPage":{"@id":"https:\/\/gentedebasquet.com.ar\/sitio\/2024\/12\/19\/argentino-festejo-en-u23\/"},"wordCount":441,"commentCount":0,"image":{"@id":"https:\/\/gentedebasquet.com.ar\/sitio\/2024\/12\/19\/argentino-festejo-en-u23\/#primaryimage"},"thumbnailUrl":"https:\/\/gentedebasquet.com.ar\/sitio\/wp-content\/uploads\/2024\/12\/20241218_223209-300x169-1.jpg","articleSection":["#Overtime","Slide"],"inLanguage":"es","potentialAction":[{"@type":"CommentAction","name":"Comment","target":["https:\/\/gentedebasquet.com.ar\/sitio\/2024\/12\/19\/argentino-festejo-en-u23\/#respond"]}]},{"@type":"WebPage","@id":"https:\/\/gentedebasquet.com.ar\/sitio\/2024\/12\/19\/argentino-festejo-en-u23\/","url":"https:\/\/gentedebasquet.com.ar\/sitio\/2024\/12\/19\/argentino-festejo-en-u23\/","name":"Argentino festej\u00f3 en U23 - Gente de B\u00e1squet","isPartOf":{"@id":"https:\/\/gentedebasquet.com.ar\/sitio\/#website"},"primaryImageOfPage":{"@id":"https:\/\/gentedebasquet.com.ar\/sitio\/2024\/12\/19\/argentino-festejo-en-u23\/#primaryimage"},"image":{"@id":"https:\/\/gentedebasquet.com.ar\/sitio\/2024\/12\/19\/argentino-festejo-en-u23\/#primaryimage"},"thumbnailUrl":"https:\/\/gentedebasquet.com.ar\/sitio\/wp-content\/uploads\/2024\/12\/20241218_223209-300x169-1.jpg","datePublished":"2024-12-19T13:51:38+00:00","dateModified":"2024-12-19T15:03:37+00:00","author":{"@id":"https:\/\/gentedebasquet.com.ar\/sitio\/#\/schema\/person\/68714f57c3659cf4dff4998230c340cc"},"breadcrumb":{"@id":"https:\/\/gentedebasquet.com.ar\/sitio\/2024\/12\/19\/argentino-festejo-en-u23\/#breadcrumb"},"inLanguage":"es","potentialAction":[{"@type":"ReadAction","target":["https:\/\/gentedebasquet.com.ar\/sitio\/2024\/12\/19\/argentino-festejo-en-u23\/"]}]},{"@type":"ImageObject","inLanguage":"es","@id":"https:\/\/gentedebasquet.com.ar\/sitio\/2024\/12\/19\/argentino-festejo-en-u23\/#primaryimage","url":"https:\/\/gentedebasquet.com.ar\/sitio\/wp-content\/uploads\/2024\/12\/20241218_223209-300x169-1.jpg","contentUrl":"https:\/\/gentedebasquet.com.ar\/sitio\/wp-content\/uploads\/2024\/12\/20241218_223209-300x169-1.jpg","width":300,"height":169},{"@type":"BreadcrumbList","@id":"https:\/\/gentedebasquet.com.ar\/sitio\/2024\/12\/19\/argentino-festejo-en-u23\/#breadcrumb","itemListElement":[{"@type":"ListItem","position":1,"name":"Portada","item":"https:\/\/gentedebasquet.com.ar\/sitio\/"},{"@type":"ListItem","position":2,"name":"Argentino festej\u00f3 en U23"}]},{"@type":"WebSite","@id":"https:\/\/gentedebasquet.com.ar\/sitio\/#website","url":"https:\/\/gentedebasquet.com.ar\/sitio\/","name":"Gente de B\u00e1squet","description":"La revista del basquet de Bah\u00eda Blanca","potentialAction":[{"@type":"SearchAction","target":{"@type":"EntryPoint","urlTemplate":"https:\/\/gentedebasquet.com.ar\/sitio\/?s={search_term_string}"},"query-input":{"@type":"PropertyValueSpecification","valueRequired":true,"valueName":"search_term_string"}}],"inLanguage":"es"},{"@type":"Person","@id":"https:\/\/gentedebasquet.com.ar\/sitio\/#\/schema\/person\/68714f57c3659cf4dff4998230c340cc","name":"Lucas Ysaurralde","image":{"@type":"ImageObject","inLanguage":"es","@id":"https:\/\/secure.gravatar.com\/avatar\/3e9da0d954ac4dc32f08741f3ea8e2c8ca574028f4d21e3422f2acfbbecd9017?s=96&d=mm&r=g","url":"https:\/\/secure.gravatar.com\/avatar\/3e9da0d954ac4dc32f08741f3ea8e2c8ca574028f4d21e3422f2acfbbecd9017?s=96&d=mm&r=g","contentUrl":"https:\/\/secure.gravatar.com\/avatar\/3e9da0d954ac4dc32f08741f3ea8e2c8ca574028f4d21e3422f2acfbbecd9017?s=96&d=mm&r=g","caption":"Lucas Ysaurralde"},"url":"https:\/\/gentedebasquet.com.ar\/sitio\/author\/lucas\/"}]}},"_links":{"self":[{"href":"https:\/\/gentedebasquet.com.ar\/sitio\/wp-json\/wp\/v2\/posts\/115212","targetHints":{"allow":["GET"]}}],"collection":[{"href":"https:\/\/gentedebasquet.com.ar\/sitio\/wp-json\/wp\/v2\/posts"}],"about":[{"href":"https:\/\/gentedebasquet.com.ar\/sitio\/wp-json\/wp\/v2\/types\/post"}],"author":[{"embeddable":true,"href":"https:\/\/gentedebasquet.com.ar\/sitio\/wp-json\/wp\/v2\/users\/83"}],"replies":[{"embeddable":true,"href":"https:\/\/gentedebasquet.com.ar\/sitio\/wp-json\/wp\/v2\/comments?post=115212"}],"version-history":[{"count":3,"href":"https:\/\/gentedebasquet.com.ar\/sitio\/wp-json\/wp\/v2\/posts\/115212\/revisions"}],"predecessor-version":[{"id":115220,"href":"https:\/\/gentedebasquet.com.ar\/sitio\/wp-json\/wp\/v2\/posts\/115212\/revisions\/115220"}],"wp:featuredmedia":[{"embeddable":true,"href":"https:\/\/gentedebasquet.com.ar\/sitio\/wp-json\/wp\/v2\/media\/115216"}],"wp:attachment":[{"href":"https:\/\/gentedebasquet.com.ar\/sitio\/wp-json\/wp\/v2\/media?parent=115212"}],"wp:term":[{"taxonomy":"category","embeddable":true,"href":"https:\/\/gentedebasquet.com.ar\/sitio\/wp-json\/wp\/v2\/categories?post=115212"},{"taxonomy":"post_tag","embeddable":true,"href":"https:\/\/gentedebasquet.com.ar\/sitio\/wp-json\/wp\/v2\/tags?post=115212"}],"curies":[{"name":"wp","href":"https:\/\/api.w.org\/{rel}","templated":true}]}}