{"id":115230,"date":"2024-12-19T22:41:06","date_gmt":"2024-12-19T21:41:06","guid":{"rendered":"https:\/\/gentedebasquet.com.ar\/sitio\/?p=115230"},"modified":"2024-12-19T22:41:06","modified_gmt":"2024-12-19T21:41:06","slug":"pacifico-gano-el-clasico-y-el-campeonato-en-u19-f","status":"publish","type":"post","link":"https:\/\/gentedebasquet.com.ar\/sitio\/2024\/12\/19\/pacifico-gano-el-clasico-y-el-campeonato-en-u19-f\/","title":{"rendered":"Pac\u00edfico gan\u00f3 el cl\u00e1sico y el campeonato en U19 F"},"content":{"rendered":"<p>Este lunes Pac\u00edfico derrot\u00f3 a 9 de Julio en condici\u00f3n de visitante y cerr\u00f3 la serie en dos juegos para quedarse con el t\u00edtulo en U19.<\/p>\n<p>Segundo t\u00edtulo en dos d\u00edas para Pac\u00edfico, que esta vez, venci\u00f3 a 9 de Julio en el N\u00e9stor Damiani 80 a 63 y de consagr\u00f3 en la categor\u00eda U19.<\/p>\n<p>Luego de ganar el primer duelo 75 a 65 en el William Harding Green, el verde iba a cancha de su cl\u00e1sico rival en busca de finiquitar la serie y as\u00ed lo hizo.<\/p>\n<p>El comienzo no fue el mejor para las de Lucas Casales, que no encontraron el aro, por apuro e impericia, ya que fallaron muchos tiros sencillos o de buenas posiciones.<\/p>\n<p>Del otro lado, Isabel Sorzini fue la protagonista,\u00a0 \u00a0para poner al frente en el marcador a las suyas con un triple y un par de jugadas yendo hacia adentro.<\/p>\n<p>El visitante despert\u00f3 de la mano de la defensa. Juana Felsinger rob\u00f3 un par de pelotas en salida, convirti\u00f3 cuatro puntos y le cambi\u00f3 la cara a su equipo, que tom\u00f3 confianza a partir de ello y empez\u00f3 a dinamizar su ataque en estacionado.<\/p>\n<p>Con Tiziana Giannecchini y Delfina Alves anot\u00e1ndose en el marcador, el verde pas\u00f3 al frente promediando el primera cuarto y no volvi\u00f3 a mirar atr\u00e1s.<\/p>\n<p>El ritmo de juego en la primera mitad fue cansino y trabado, muchas faltas (Amparo Althabe hizo tres casi consecutivas), imprecisi\u00f3n y falta de fluidez en ambos conjuntos llevaron a unos 20 minutos carentes de dinamismo y en el que las visitantes se sintieron un poco m\u00e1s c\u00f3modas.<\/p>\n<p>Con tantas infracciones el viaje a la l\u00ednea de tiros libres se volvi\u00f3 clave para el desarrollo del partido y all\u00ed tambi\u00e9n Pac\u00edfico sac\u00f3 ventaja, porque las de Candia tiraron un horripilante 6 \u2013 17 en la primera mitad, mientras que su rival hizo 8 \u2013 12.<\/p>\n<p>El buen ingreso de Martina Bussetti, le dio m\u00e1s control a su equipo, orden\u00f3 la ofensiva y pudo encontrar en mejores posiciones a sus internas, tanto a Alves como a Lescano. Mientras que en 9 de Julio, el ataque depend\u00eda en demas\u00eda de los arrestos individuales.<\/p>\n<p>Con una ventaja de 13 puntos se fue Pac\u00edfico al descanso y la tranquilidad de haber hallado las herramientas necesarias para llegar al aro.<\/p>\n<p><img decoding=\"async\" class=\"alignnone wp-image-115231 size-full\" src=\"http:\/\/gentedebasquet.com.ar\/sitio\/wp-content\/uploads\/2024\/12\/ROYELMAURER.PH-55.jpg\" alt=\"\" width=\"989\" height=\"659\" srcset=\"https:\/\/gentedebasquet.com.ar\/sitio\/wp-content\/uploads\/2024\/12\/ROYELMAURER.PH-55.jpg 989w, https:\/\/gentedebasquet.com.ar\/sitio\/wp-content\/uploads\/2024\/12\/ROYELMAURER.PH-55-300x200.jpg 300w, https:\/\/gentedebasquet.com.ar\/sitio\/wp-content\/uploads\/2024\/12\/ROYELMAURER.PH-55-768x512.jpg 768w, https:\/\/gentedebasquet.com.ar\/sitio\/wp-content\/uploads\/2024\/12\/ROYELMAURER.PH-55-750x500.jpg 750w\" sizes=\"(max-width: 989px) 100vw, 989px\" \/><\/p>\n<p>El tercer cuarto fue otra historia, all\u00ed se vio lo mejor de las locales en el partido, sobre todo desde lo que produjeron sus dos jugadoras m\u00e1s j\u00f3venes: Isabella Larrasolo e Isabel Sorzini.<\/p>\n<p>La primera arranc\u00f3 tempranito con un triple y calent\u00f3 motores: anot\u00f3 14 puntos en el cuarto, incluyendo todo el repertorio: triples, media distancia, flotadoras etc. Sorzini, aunque m\u00e1s imprecisa y menos eficiente hizo lo suyo tambi\u00e9n forzando el rebote y las segundas jugadas.<\/p>\n<p>Pac\u00edfico empez\u00f3 a probar distintas variantes defensivas hasta que dio con la marcaci\u00f3n zonal indicada y cerr\u00f3 los caminos de mejor manera.<\/p>\n<p>La ventaja de tan solo seis puntos al inicio del \u00faltimo parcial (50-56) hac\u00eda prever un final cerrado, pero esto no fue as\u00ed, ya que el visitante se aplic\u00f3 en defensa, logr\u00f3 tres paradas s\u00fabitas consecutivas con anotaci\u00f3n en el otro aro, abri\u00f3 la brecha de doble d\u00edgito y empezaron a florecer los nervios de su rival.<\/p>\n<p>Juana Felsinger hizo un \u00faltimo cuarto demoledor, con 12 puntos incluyendo un triple que a la postre ser\u00eda el definitorio para hundir a su rival.<\/p>\n<p>Con Larrasolo mejor controlada no hubo quien pudiese anotar en 9 de Julio, que ve\u00eda como la ventaja se iba ampliando a medida que el reloj se evaporaba.<\/p>\n<p>Al final Pac\u00edfico termin\u00f3 cerrando el partido de manera c\u00f3moda para llevarse el t\u00edtulo de la categor\u00eda por segundo a\u00f1o consecutivo en la cancha de su cl\u00e1sico rival.<\/p>\n<p>Isabella Larrasolo fue la goleadora del partido con 27 puntos, 5 rebotes, 1 asistencia y 1 recupero, seguida de Isabel Sorzini con doble-doble de 18 pts, 13 reb con 1 ast y 2 robos y Amparo Althabe con 10 pts.<\/p>\n<p>En el ganador, la m\u00e1xima anotadora fue Juana Felsinger con 21 pts, 3 reb, 3 ast y 2 rec, acompa\u00f1ada de Delfina Alves con doble-doble de 20 pts, 13 reb con 1 ast, 1 robo y 2 tapas y Tiziana Giannecchini con 15 pts, 4 reb y 1 ast.<\/p>\n<p><strong>S\u00edntesis &#8211; U19 Femenino &#8211; Final &#8211; Juego #2 (+3)<\/strong><\/p>\n<p><strong>9 de Julio 63:<\/strong> Catalina Maggi, Celina Stempelet 3, Juana Cataldo,\u00a0Isabella Larrasolo 27, Milagros Scarabotti 5, Amparo Althabe 10, Isabel Sorzini 18, Valentina D\u00edaz, Melina Puentes, Victoria G\u00f3mez, Clara Kiessling, Athina Psathoyiannakis. <strong>DT: Gustavo Candia.<\/strong><\/p>\n<p><strong>Pac\u00edfico 80:<\/strong> Martina Bussetti 9, Mar\u00eda Victoria Gonz\u00e1lez, Bianca Cragno 6, Delfina Alves 20, Agustina Prada 1,\u00a0Juana Felsinger 21, Julieta S\u00e1nchez, Sof\u00eda Trellini 6, Morena Lescano 2, Tiziana Giannecchini 15, Sophia Torres. <strong>DT: Lucas Casales.<\/strong><\/p>\n<p><strong>Fuente:<\/strong> Prensa ABB<\/p>\n","protected":false},"excerpt":{"rendered":"<p>Este lunes Pac\u00edfico derrot\u00f3 a 9 de Julio en condici\u00f3n de visitante y cerr\u00f3 la serie en dos juegos para quedarse con el t\u00edtulo en U19. Segundo t\u00edtulo en dos d\u00edas para Pac\u00edfico, que esta vez, venci\u00f3 a 9 de Julio en el N\u00e9stor Damiani 80 a 63 y de consagr\u00f3 en la categor\u00eda U19. [&hellip;]<\/p>\n","protected":false},"author":71,"featured_media":115232,"comment_status":"open","ping_status":"open","sticky":false,"template":"","format":"standard","meta":{"jnews-multi-image_gallery":[],"jnews_single_post":{"source_name":"","source_url":"","via_name":"","via_url":"","override_template":"0","override":[{"template":"1","single_blog_custom":"","parallax":"1","fullscreen":"1","layout":"right-sidebar","sidebar":"default-sidebar","second_sidebar":"default-sidebar","sticky_sidebar":"1","share_position":"top","share_float_style":"share-monocrhome","show_share_counter":"0","show_view_counter":"0","show_featured":"1","show_post_meta":"1","show_post_author":"1","show_post_author_image":"0","show_post_date":"1","post_date_format":"default","post_date_format_custom":"Y\/m\/d","show_post_category":"1","show_post_reading_time":"0","post_reading_time_wpm":"300","show_zoom_button":"0","zoom_button_out_step":"2","zoom_button_in_step":"3","show_post_tag":"1","show_prev_next_post":"1","show_popup_post":"0","number_popup_post":"1","show_author_box":"0","show_post_related":"0","show_inline_post_related":"0"}],"override_image_size":"0","image_override":[{"single_post_thumbnail_size":"crop-500","single_post_gallery_size":"crop-500"}],"trending_post":"0","trending_post_position":"meta","trending_post_label":"Trending","sponsored_post":"0","sponsored_post_label":"Sponsored by","sponsored_post_name":"","sponsored_post_url":"","sponsored_post_logo_enable":"0","sponsored_post_logo":"","sponsored_post_desc":"","disable_ad":"0"},"jnews_primary_category":{"id":"","hide":""},"footnotes":""},"categories":[73,33,101],"tags":[2,395,17,165],"class_list":["post-115230","post","type-post","status-publish","format-standard","has-post-thumbnail","hentry","category-bahiau19","category-femenino","category-slide","tag-9dejulio","tag-femenino","tag-pacifico","tag-u19"],"yoast_head":"<!-- This site is optimized with the Yoast SEO plugin v27.5 - https:\/\/yoast.com\/product\/yoast-seo-wordpress\/ -->\n<title>Pac\u00edfico gan\u00f3 el cl\u00e1sico y el campeonato en U19 F - Gente de B\u00e1squet<\/title>\n<meta name=\"robots\" content=\"index, follow, max-snippet:-1, max-image-preview:large, max-video-preview:-1\" \/>\n<link rel=\"canonical\" href=\"https:\/\/gentedebasquet.com.ar\/sitio\/2024\/12\/19\/pacifico-gano-el-clasico-y-el-campeonato-en-u19-f\/\" \/>\n<meta property=\"og:locale\" content=\"es_ES\" \/>\n<meta property=\"og:type\" content=\"article\" \/>\n<meta property=\"og:title\" content=\"Pac\u00edfico gan\u00f3 el cl\u00e1sico y el campeonato en U19 F - Gente de B\u00e1squet\" \/>\n<meta property=\"og:description\" content=\"Este lunes Pac\u00edfico derrot\u00f3 a 9 de Julio en condici\u00f3n de visitante y cerr\u00f3 la serie en dos juegos para quedarse con el t\u00edtulo en U19. Segundo t\u00edtulo en dos d\u00edas para Pac\u00edfico, que esta vez, venci\u00f3 a 9 de Julio en el N\u00e9stor Damiani 80 a 63 y de consagr\u00f3 en la categor\u00eda U19. [&hellip;]\" \/>\n<meta property=\"og:url\" content=\"https:\/\/gentedebasquet.com.ar\/sitio\/2024\/12\/19\/pacifico-gano-el-clasico-y-el-campeonato-en-u19-f\/\" \/>\n<meta property=\"og:site_name\" content=\"Gente de B\u00e1squet\" \/>\n<meta property=\"article:published_time\" content=\"2024-12-19T21:41:06+00:00\" \/>\n<meta property=\"og:image\" content=\"https:\/\/gentedebasquet.com.ar\/sitio\/wp-content\/uploads\/2024\/12\/Pacifico-campeon-U19.jpg\" \/>\n\t<meta property=\"og:image:width\" content=\"1050\" \/>\n\t<meta property=\"og:image:height\" content=\"601\" \/>\n\t<meta property=\"og:image:type\" content=\"image\/jpeg\" \/>\n<meta name=\"author\" content=\"Santiago Seisdedos\" \/>\n<meta name=\"twitter:card\" content=\"summary_large_image\" \/>\n<meta name=\"twitter:label1\" content=\"Escrito por\" \/>\n\t<meta name=\"twitter:data1\" content=\"Santiago Seisdedos\" \/>\n\t<meta name=\"twitter:label2\" content=\"Tiempo de lectura\" \/>\n\t<meta name=\"twitter:data2\" content=\"5 minutos\" \/>\n<script type=\"application\/ld+json\" class=\"yoast-schema-graph\">{\"@context\":\"https:\\\/\\\/schema.org\",\"@graph\":[{\"@type\":\"Article\",\"@id\":\"https:\\\/\\\/gentedebasquet.com.ar\\\/sitio\\\/2024\\\/12\\\/19\\\/pacifico-gano-el-clasico-y-el-campeonato-en-u19-f\\\/#article\",\"isPartOf\":{\"@id\":\"https:\\\/\\\/gentedebasquet.com.ar\\\/sitio\\\/2024\\\/12\\\/19\\\/pacifico-gano-el-clasico-y-el-campeonato-en-u19-f\\\/\"},\"author\":{\"name\":\"Santiago Seisdedos\",\"@id\":\"https:\\\/\\\/gentedebasquet.com.ar\\\/sitio\\\/#\\\/schema\\\/person\\\/3b50d7c801b9529aba70bd4613bca6da\"},\"headline\":\"Pac\u00edfico gan\u00f3 el cl\u00e1sico y el campeonato en U19 F\",\"datePublished\":\"2024-12-19T21:41:06+00:00\",\"mainEntityOfPage\":{\"@id\":\"https:\\\/\\\/gentedebasquet.com.ar\\\/sitio\\\/2024\\\/12\\\/19\\\/pacifico-gano-el-clasico-y-el-campeonato-en-u19-f\\\/\"},\"wordCount\":795,\"commentCount\":0,\"image\":{\"@id\":\"https:\\\/\\\/gentedebasquet.com.ar\\\/sitio\\\/2024\\\/12\\\/19\\\/pacifico-gano-el-clasico-y-el-campeonato-en-u19-f\\\/#primaryimage\"},\"thumbnailUrl\":\"https:\\\/\\\/gentedebasquet.com.ar\\\/sitio\\\/wp-content\\\/uploads\\\/2024\\\/12\\\/Pacifico-campeon-U19.jpg\",\"keywords\":[\"9 de Julio\",\"Femenino\",\"Pacifico\",\"U19\"],\"articleSection\":[\"#Bah\u00edaU19\",\"Femenino\",\"Slide\"],\"inLanguage\":\"es\",\"potentialAction\":[{\"@type\":\"CommentAction\",\"name\":\"Comment\",\"target\":[\"https:\\\/\\\/gentedebasquet.com.ar\\\/sitio\\\/2024\\\/12\\\/19\\\/pacifico-gano-el-clasico-y-el-campeonato-en-u19-f\\\/#respond\"]}]},{\"@type\":\"WebPage\",\"@id\":\"https:\\\/\\\/gentedebasquet.com.ar\\\/sitio\\\/2024\\\/12\\\/19\\\/pacifico-gano-el-clasico-y-el-campeonato-en-u19-f\\\/\",\"url\":\"https:\\\/\\\/gentedebasquet.com.ar\\\/sitio\\\/2024\\\/12\\\/19\\\/pacifico-gano-el-clasico-y-el-campeonato-en-u19-f\\\/\",\"name\":\"Pac\u00edfico gan\u00f3 el cl\u00e1sico y el campeonato en U19 F - Gente de B\u00e1squet\",\"isPartOf\":{\"@id\":\"https:\\\/\\\/gentedebasquet.com.ar\\\/sitio\\\/#website\"},\"primaryImageOfPage\":{\"@id\":\"https:\\\/\\\/gentedebasquet.com.ar\\\/sitio\\\/2024\\\/12\\\/19\\\/pacifico-gano-el-clasico-y-el-campeonato-en-u19-f\\\/#primaryimage\"},\"image\":{\"@id\":\"https:\\\/\\\/gentedebasquet.com.ar\\\/sitio\\\/2024\\\/12\\\/19\\\/pacifico-gano-el-clasico-y-el-campeonato-en-u19-f\\\/#primaryimage\"},\"thumbnailUrl\":\"https:\\\/\\\/gentedebasquet.com.ar\\\/sitio\\\/wp-content\\\/uploads\\\/2024\\\/12\\\/Pacifico-campeon-U19.jpg\",\"datePublished\":\"2024-12-19T21:41:06+00:00\",\"author\":{\"@id\":\"https:\\\/\\\/gentedebasquet.com.ar\\\/sitio\\\/#\\\/schema\\\/person\\\/3b50d7c801b9529aba70bd4613bca6da\"},\"breadcrumb\":{\"@id\":\"https:\\\/\\\/gentedebasquet.com.ar\\\/sitio\\\/2024\\\/12\\\/19\\\/pacifico-gano-el-clasico-y-el-campeonato-en-u19-f\\\/#breadcrumb\"},\"inLanguage\":\"es\",\"potentialAction\":[{\"@type\":\"ReadAction\",\"target\":[\"https:\\\/\\\/gentedebasquet.com.ar\\\/sitio\\\/2024\\\/12\\\/19\\\/pacifico-gano-el-clasico-y-el-campeonato-en-u19-f\\\/\"]}]},{\"@type\":\"ImageObject\",\"inLanguage\":\"es\",\"@id\":\"https:\\\/\\\/gentedebasquet.com.ar\\\/sitio\\\/2024\\\/12\\\/19\\\/pacifico-gano-el-clasico-y-el-campeonato-en-u19-f\\\/#primaryimage\",\"url\":\"https:\\\/\\\/gentedebasquet.com.ar\\\/sitio\\\/wp-content\\\/uploads\\\/2024\\\/12\\\/Pacifico-campeon-U19.jpg\",\"contentUrl\":\"https:\\\/\\\/gentedebasquet.com.ar\\\/sitio\\\/wp-content\\\/uploads\\\/2024\\\/12\\\/Pacifico-campeon-U19.jpg\",\"width\":1050,\"height\":601},{\"@type\":\"BreadcrumbList\",\"@id\":\"https:\\\/\\\/gentedebasquet.com.ar\\\/sitio\\\/2024\\\/12\\\/19\\\/pacifico-gano-el-clasico-y-el-campeonato-en-u19-f\\\/#breadcrumb\",\"itemListElement\":[{\"@type\":\"ListItem\",\"position\":1,\"name\":\"Portada\",\"item\":\"https:\\\/\\\/gentedebasquet.com.ar\\\/sitio\\\/\"},{\"@type\":\"ListItem\",\"position\":2,\"name\":\"Pac\u00edfico gan\u00f3 el cl\u00e1sico y el campeonato en U19 F\"}]},{\"@type\":\"WebSite\",\"@id\":\"https:\\\/\\\/gentedebasquet.com.ar\\\/sitio\\\/#website\",\"url\":\"https:\\\/\\\/gentedebasquet.com.ar\\\/sitio\\\/\",\"name\":\"Gente de B\u00e1squet\",\"description\":\"La revista del basquet de Bah\u00eda Blanca\",\"potentialAction\":[{\"@type\":\"SearchAction\",\"target\":{\"@type\":\"EntryPoint\",\"urlTemplate\":\"https:\\\/\\\/gentedebasquet.com.ar\\\/sitio\\\/?s={search_term_string}\"},\"query-input\":{\"@type\":\"PropertyValueSpecification\",\"valueRequired\":true,\"valueName\":\"search_term_string\"}}],\"inLanguage\":\"es\"},{\"@type\":\"Person\",\"@id\":\"https:\\\/\\\/gentedebasquet.com.ar\\\/sitio\\\/#\\\/schema\\\/person\\\/3b50d7c801b9529aba70bd4613bca6da\",\"name\":\"Santiago Seisdedos\",\"image\":{\"@type\":\"ImageObject\",\"inLanguage\":\"es\",\"@id\":\"https:\\\/\\\/secure.gravatar.com\\\/avatar\\\/be737e74404eb3825c4679da7a152b3c6980b470f7253114cd451344e20a8d80?s=96&d=mm&r=g\",\"url\":\"https:\\\/\\\/secure.gravatar.com\\\/avatar\\\/be737e74404eb3825c4679da7a152b3c6980b470f7253114cd451344e20a8d80?s=96&d=mm&r=g\",\"contentUrl\":\"https:\\\/\\\/secure.gravatar.com\\\/avatar\\\/be737e74404eb3825c4679da7a152b3c6980b470f7253114cd451344e20a8d80?s=96&d=mm&r=g\",\"caption\":\"Santiago Seisdedos\"},\"url\":\"https:\\\/\\\/gentedebasquet.com.ar\\\/sitio\\\/author\\\/santiago-sesidedos\\\/\"}]}<\/script>\n<!-- \/ Yoast SEO plugin. -->","yoast_head_json":{"title":"Pac\u00edfico gan\u00f3 el cl\u00e1sico y el campeonato en U19 F - Gente de B\u00e1squet","robots":{"index":"index","follow":"follow","max-snippet":"max-snippet:-1","max-image-preview":"max-image-preview:large","max-video-preview":"max-video-preview:-1"},"canonical":"https:\/\/gentedebasquet.com.ar\/sitio\/2024\/12\/19\/pacifico-gano-el-clasico-y-el-campeonato-en-u19-f\/","og_locale":"es_ES","og_type":"article","og_title":"Pac\u00edfico gan\u00f3 el cl\u00e1sico y el campeonato en U19 F - Gente de B\u00e1squet","og_description":"Este lunes Pac\u00edfico derrot\u00f3 a 9 de Julio en condici\u00f3n de visitante y cerr\u00f3 la serie en dos juegos para quedarse con el t\u00edtulo en U19. Segundo t\u00edtulo en dos d\u00edas para Pac\u00edfico, que esta vez, venci\u00f3 a 9 de Julio en el N\u00e9stor Damiani 80 a 63 y de consagr\u00f3 en la categor\u00eda U19. [&hellip;]","og_url":"https:\/\/gentedebasquet.com.ar\/sitio\/2024\/12\/19\/pacifico-gano-el-clasico-y-el-campeonato-en-u19-f\/","og_site_name":"Gente de B\u00e1squet","article_published_time":"2024-12-19T21:41:06+00:00","og_image":[{"width":1050,"height":601,"url":"https:\/\/gentedebasquet.com.ar\/sitio\/wp-content\/uploads\/2024\/12\/Pacifico-campeon-U19.jpg","type":"image\/jpeg"}],"author":"Santiago Seisdedos","twitter_card":"summary_large_image","twitter_misc":{"Escrito por":"Santiago Seisdedos","Tiempo de lectura":"5 minutos"},"schema":{"@context":"https:\/\/schema.org","@graph":[{"@type":"Article","@id":"https:\/\/gentedebasquet.com.ar\/sitio\/2024\/12\/19\/pacifico-gano-el-clasico-y-el-campeonato-en-u19-f\/#article","isPartOf":{"@id":"https:\/\/gentedebasquet.com.ar\/sitio\/2024\/12\/19\/pacifico-gano-el-clasico-y-el-campeonato-en-u19-f\/"},"author":{"name":"Santiago Seisdedos","@id":"https:\/\/gentedebasquet.com.ar\/sitio\/#\/schema\/person\/3b50d7c801b9529aba70bd4613bca6da"},"headline":"Pac\u00edfico gan\u00f3 el cl\u00e1sico y el campeonato en U19 F","datePublished":"2024-12-19T21:41:06+00:00","mainEntityOfPage":{"@id":"https:\/\/gentedebasquet.com.ar\/sitio\/2024\/12\/19\/pacifico-gano-el-clasico-y-el-campeonato-en-u19-f\/"},"wordCount":795,"commentCount":0,"image":{"@id":"https:\/\/gentedebasquet.com.ar\/sitio\/2024\/12\/19\/pacifico-gano-el-clasico-y-el-campeonato-en-u19-f\/#primaryimage"},"thumbnailUrl":"https:\/\/gentedebasquet.com.ar\/sitio\/wp-content\/uploads\/2024\/12\/Pacifico-campeon-U19.jpg","keywords":["9 de Julio","Femenino","Pacifico","U19"],"articleSection":["#Bah\u00edaU19","Femenino","Slide"],"inLanguage":"es","potentialAction":[{"@type":"CommentAction","name":"Comment","target":["https:\/\/gentedebasquet.com.ar\/sitio\/2024\/12\/19\/pacifico-gano-el-clasico-y-el-campeonato-en-u19-f\/#respond"]}]},{"@type":"WebPage","@id":"https:\/\/gentedebasquet.com.ar\/sitio\/2024\/12\/19\/pacifico-gano-el-clasico-y-el-campeonato-en-u19-f\/","url":"https:\/\/gentedebasquet.com.ar\/sitio\/2024\/12\/19\/pacifico-gano-el-clasico-y-el-campeonato-en-u19-f\/","name":"Pac\u00edfico gan\u00f3 el cl\u00e1sico y el campeonato en U19 F - Gente de B\u00e1squet","isPartOf":{"@id":"https:\/\/gentedebasquet.com.ar\/sitio\/#website"},"primaryImageOfPage":{"@id":"https:\/\/gentedebasquet.com.ar\/sitio\/2024\/12\/19\/pacifico-gano-el-clasico-y-el-campeonato-en-u19-f\/#primaryimage"},"image":{"@id":"https:\/\/gentedebasquet.com.ar\/sitio\/2024\/12\/19\/pacifico-gano-el-clasico-y-el-campeonato-en-u19-f\/#primaryimage"},"thumbnailUrl":"https:\/\/gentedebasquet.com.ar\/sitio\/wp-content\/uploads\/2024\/12\/Pacifico-campeon-U19.jpg","datePublished":"2024-12-19T21:41:06+00:00","author":{"@id":"https:\/\/gentedebasquet.com.ar\/sitio\/#\/schema\/person\/3b50d7c801b9529aba70bd4613bca6da"},"breadcrumb":{"@id":"https:\/\/gentedebasquet.com.ar\/sitio\/2024\/12\/19\/pacifico-gano-el-clasico-y-el-campeonato-en-u19-f\/#breadcrumb"},"inLanguage":"es","potentialAction":[{"@type":"ReadAction","target":["https:\/\/gentedebasquet.com.ar\/sitio\/2024\/12\/19\/pacifico-gano-el-clasico-y-el-campeonato-en-u19-f\/"]}]},{"@type":"ImageObject","inLanguage":"es","@id":"https:\/\/gentedebasquet.com.ar\/sitio\/2024\/12\/19\/pacifico-gano-el-clasico-y-el-campeonato-en-u19-f\/#primaryimage","url":"https:\/\/gentedebasquet.com.ar\/sitio\/wp-content\/uploads\/2024\/12\/Pacifico-campeon-U19.jpg","contentUrl":"https:\/\/gentedebasquet.com.ar\/sitio\/wp-content\/uploads\/2024\/12\/Pacifico-campeon-U19.jpg","width":1050,"height":601},{"@type":"BreadcrumbList","@id":"https:\/\/gentedebasquet.com.ar\/sitio\/2024\/12\/19\/pacifico-gano-el-clasico-y-el-campeonato-en-u19-f\/#breadcrumb","itemListElement":[{"@type":"ListItem","position":1,"name":"Portada","item":"https:\/\/gentedebasquet.com.ar\/sitio\/"},{"@type":"ListItem","position":2,"name":"Pac\u00edfico gan\u00f3 el cl\u00e1sico y el campeonato en U19 F"}]},{"@type":"WebSite","@id":"https:\/\/gentedebasquet.com.ar\/sitio\/#website","url":"https:\/\/gentedebasquet.com.ar\/sitio\/","name":"Gente de B\u00e1squet","description":"La revista del basquet de Bah\u00eda Blanca","potentialAction":[{"@type":"SearchAction","target":{"@type":"EntryPoint","urlTemplate":"https:\/\/gentedebasquet.com.ar\/sitio\/?s={search_term_string}"},"query-input":{"@type":"PropertyValueSpecification","valueRequired":true,"valueName":"search_term_string"}}],"inLanguage":"es"},{"@type":"Person","@id":"https:\/\/gentedebasquet.com.ar\/sitio\/#\/schema\/person\/3b50d7c801b9529aba70bd4613bca6da","name":"Santiago Seisdedos","image":{"@type":"ImageObject","inLanguage":"es","@id":"https:\/\/secure.gravatar.com\/avatar\/be737e74404eb3825c4679da7a152b3c6980b470f7253114cd451344e20a8d80?s=96&d=mm&r=g","url":"https:\/\/secure.gravatar.com\/avatar\/be737e74404eb3825c4679da7a152b3c6980b470f7253114cd451344e20a8d80?s=96&d=mm&r=g","contentUrl":"https:\/\/secure.gravatar.com\/avatar\/be737e74404eb3825c4679da7a152b3c6980b470f7253114cd451344e20a8d80?s=96&d=mm&r=g","caption":"Santiago Seisdedos"},"url":"https:\/\/gentedebasquet.com.ar\/sitio\/author\/santiago-sesidedos\/"}]}},"_links":{"self":[{"href":"https:\/\/gentedebasquet.com.ar\/sitio\/wp-json\/wp\/v2\/posts\/115230","targetHints":{"allow":["GET"]}}],"collection":[{"href":"https:\/\/gentedebasquet.com.ar\/sitio\/wp-json\/wp\/v2\/posts"}],"about":[{"href":"https:\/\/gentedebasquet.com.ar\/sitio\/wp-json\/wp\/v2\/types\/post"}],"author":[{"embeddable":true,"href":"https:\/\/gentedebasquet.com.ar\/sitio\/wp-json\/wp\/v2\/users\/71"}],"replies":[{"embeddable":true,"href":"https:\/\/gentedebasquet.com.ar\/sitio\/wp-json\/wp\/v2\/comments?post=115230"}],"version-history":[{"count":1,"href":"https:\/\/gentedebasquet.com.ar\/sitio\/wp-json\/wp\/v2\/posts\/115230\/revisions"}],"predecessor-version":[{"id":115233,"href":"https:\/\/gentedebasquet.com.ar\/sitio\/wp-json\/wp\/v2\/posts\/115230\/revisions\/115233"}],"wp:featuredmedia":[{"embeddable":true,"href":"https:\/\/gentedebasquet.com.ar\/sitio\/wp-json\/wp\/v2\/media\/115232"}],"wp:attachment":[{"href":"https:\/\/gentedebasquet.com.ar\/sitio\/wp-json\/wp\/v2\/media?parent=115230"}],"wp:term":[{"taxonomy":"category","embeddable":true,"href":"https:\/\/gentedebasquet.com.ar\/sitio\/wp-json\/wp\/v2\/categories?post=115230"},{"taxonomy":"post_tag","embeddable":true,"href":"https:\/\/gentedebasquet.com.ar\/sitio\/wp-json\/wp\/v2\/tags?post=115230"}],"curies":[{"name":"wp","href":"https:\/\/api.w.org\/{rel}","templated":true}]}}