{"id":115688,"date":"2025-05-09T14:44:41","date_gmt":"2025-05-09T12:44:41","guid":{"rendered":"https:\/\/gentedebasquet.com.ar\/sitio\/?p=115688"},"modified":"2025-05-16T05:30:37","modified_gmt":"2025-05-16T03:30:37","slug":"fumata-albinegra-en-el-clasico-de-la-avenida","status":"publish","type":"post","link":"https:\/\/gentedebasquet.com.ar\/sitio\/2025\/05\/09\/fumata-albinegra-en-el-clasico-de-la-avenida\/","title":{"rendered":"Fumata Albinegra en el cl\u00e1sico de la Avenida"},"content":{"rendered":"<div class=\"flex max-w-full flex-col flex-grow\">\n<div class=\"min-h-8 text-message flex w-full flex-col items-end gap-2 whitespace-normal break-words [.text-message+&amp;]:mt-5\" dir=\"auto\" data-message-author-role=\"assistant\" data-message-id=\"d66df151-bd9a-4e40-9c6b-a57f4798966a\" data-message-model-slug=\"gpt-4o-mini\">\n<div class=\"flex w-full flex-col gap-1 empty:hidden first:pt-[3px]\">\n<div class=\"markdown prose w-full break-words dark:prose-invert dark\">\n<p><strong>En el Vaticano hubo fumata blanca en honor al nuevo Papa; en la avenida, hubo cl\u00e1sico. Y en un verdadero partidazo, Liniers se qued\u00f3 con un triunfo vibrante por 70-67 sobre Napost\u00e1, gracias a un triple ag\u00f3nico de Alan Garc\u00eda, casi sobre la chicharra.<\/strong><\/p>\n<p>La noche en el Antonio Palma<strong> comenz\u00f3 con buen goleo y juego fluido,<\/strong> con Napost\u00e1 intentando imponer condiciones.<strong> Guido Muzi arranc\u00f3 su noche desde el banco con 6 puntos.<\/strong> En Liniers, se destacaba <strong>la figura del ex Argentino Tom\u00e1s Del Sol,<\/strong> mientras Alan Garc\u00eda empezaba a mostrar su juego. El cuarto cerr\u00f3 con empate en 17.<\/p>\n<p>El segundo cuarto fue una contraposici\u00f3n de lo visto en el primero: <strong>el juego se volvi\u00f3 err\u00e1tico y de bajo goleo.<\/strong> Con los locales tomando la posta <strong>gracias a un parcial 12-1 en la primera mitad,<\/strong> destacando 6 puntos de Tom\u00e1s Bruni para alcanzar la m\u00e1xima de la noche (11). <strong>Liniers, con un buen cierre de 7-2,<\/strong> se fue al descanso 31-25 abajo, en un duelo muy defensivo.<\/p>\n<p>Bautista Olivera mostr\u00f3 su mejor versi\u00f3n en el tercer cuarto para la visita, <strong>encadenando 8 puntos casi consecutivos que levantaron al Chivo<\/strong> y le permitieron pasar al frente. A partir de all\u00ed, <strong>el partido dio un giro de 180 grados<\/strong> y se transform\u00f3 en un duelo de alto vuelo, con grandes canastas y constantes cambios en el marcador. No sorprendi\u00f3 que el cuarto cerrara 50-50, dejando todo por definirse en los diez finales.<\/p>\n<p>El ocaso estaba cerca, y el partido escal\u00f3 a niveles incre\u00edbles. <strong>Olivera continu\u00f3 con la mano caliente,<\/strong> y en Napost\u00e1 <strong>apareci\u00f3 un viejo conocido por los de enfrente: Joaqu\u00edn Larrandart.<\/strong> Garc\u00eda segu\u00eda asomando la cabeza en el Chivo. El anfitri\u00f3n apost\u00f3 por seguir cargando de faltas a sus rivales y, en los \u00faltimos compases del encuentro, con el partido igualado en 67, <strong>Liniers vio su chance tras el fallo de Muzi desde la l\u00ednea.<\/strong><\/p>\n<p><strong>Mauricio Vago decidi\u00f3 no pedir tiempo muerto,<\/strong> dejando en manos de sus jugadores la \u00faltima jugada del encuentro. Franco Ferrari captur\u00f3 el rebote y, con 12 segundos en el reloj, <strong>entreg\u00f3 la pelota a Emmanuel Paredes.<\/strong> Gracias a una gran cortina de Olivera, se abri\u00f3 el camino para que Paredes amagara al aro y, en el momento exacto, <strong>asistiera a Alan Garc\u00eda, quien esperaba desmarcado en la esquina derecha.<\/strong>\u00a0Con solo dos segundos restantes, Garc\u00eda levant\u00f3 el brazo y, en un disparo magistral, <strong>clav\u00f3 el triple que sell\u00f3 el triunfo de Liniers<\/strong> por 70-67, en el cl\u00e1sico de la avenida.<\/p>\n<p><strong>En un campeonato al rojo vivo, y ya sin invictos desde la tercera fecha, Liniers supera el golpe de la fecha 1 y ya se coloca con r\u00e9cord positivo. Mostrando una gran versi\u00f3n ante un gran equipo de Napost\u00e1, que, aunque se encuentra 1-2, ha sabido pelear todos sus partidos ante equipos de punta.<\/strong><\/p>\n<div class=\"jeg_video_container jeg_video_content\">\n<div class=\"jeg_video_container jeg_video_content\"><iframe loading=\"lazy\" title=\"#Primera - Fecha #3: Napost\u00e1 67 - 70 Liniers\" width=\"500\" height=\"281\" src=\"https:\/\/www.youtube.com\/embed\/HEY0ZjZk23o?feature=oembed\" frameborder=\"0\" allow=\"accelerometer; autoplay; clipboard-write; encrypted-media; gyroscope; picture-in-picture; web-share\" referrerpolicy=\"strict-origin-when-cross-origin\" allowfullscreen><\/iframe><\/div>\n<\/div>\n<\/div>\n<\/div>\n<\/div>\n<\/div>\n<p><img decoding=\"async\" class=\"alignnone wp-image-115694 \" src=\"http:\/\/gentedebasquet.com.ar\/sitio\/wp-content\/uploads\/2025\/05\/CLAVE-2-1024x1024.png\" alt=\"\" width=\"300\" height=\"300\" data-pin-no-hover=\"true\" srcset=\"https:\/\/gentedebasquet.com.ar\/sitio\/wp-content\/uploads\/2025\/05\/CLAVE-2-1024x1024.png 1024w, https:\/\/gentedebasquet.com.ar\/sitio\/wp-content\/uploads\/2025\/05\/CLAVE-2-300x300.png 300w, https:\/\/gentedebasquet.com.ar\/sitio\/wp-content\/uploads\/2025\/05\/CLAVE-2-150x150.png 150w, https:\/\/gentedebasquet.com.ar\/sitio\/wp-content\/uploads\/2025\/05\/CLAVE-2-768x768.png 768w, https:\/\/gentedebasquet.com.ar\/sitio\/wp-content\/uploads\/2025\/05\/CLAVE-2-1536x1536.png 1536w, https:\/\/gentedebasquet.com.ar\/sitio\/wp-content\/uploads\/2025\/05\/CLAVE-2-75x75.png 75w, https:\/\/gentedebasquet.com.ar\/sitio\/wp-content\/uploads\/2025\/05\/CLAVE-2-350x350.png 350w, https:\/\/gentedebasquet.com.ar\/sitio\/wp-content\/uploads\/2025\/05\/CLAVE-2-750x750.png 750w, https:\/\/gentedebasquet.com.ar\/sitio\/wp-content\/uploads\/2025\/05\/CLAVE-2-1140x1140.png 1140w, https:\/\/gentedebasquet.com.ar\/sitio\/wp-content\/uploads\/2025\/05\/CLAVE-2.png 2000w\" sizes=\"(max-width: 300px) 100vw, 300px\" \/><\/p>\n<p><img decoding=\"async\" class=\"alignnone wp-image-115693 \" src=\"http:\/\/gentedebasquet.com.ar\/sitio\/wp-content\/uploads\/2025\/05\/IMG_20250508_225052-654x1024.jpg\" alt=\"\" width=\"300\" height=\"470\" data-pin-no-hover=\"true\" srcset=\"https:\/\/gentedebasquet.com.ar\/sitio\/wp-content\/uploads\/2025\/05\/IMG_20250508_225052-654x1024.jpg 654w, https:\/\/gentedebasquet.com.ar\/sitio\/wp-content\/uploads\/2025\/05\/IMG_20250508_225052-191x300.jpg 191w, https:\/\/gentedebasquet.com.ar\/sitio\/wp-content\/uploads\/2025\/05\/IMG_20250508_225052-768x1203.jpg 768w, https:\/\/gentedebasquet.com.ar\/sitio\/wp-content\/uploads\/2025\/05\/IMG_20250508_225052-980x1536.jpg 980w, https:\/\/gentedebasquet.com.ar\/sitio\/wp-content\/uploads\/2025\/05\/IMG_20250508_225052-1307x2048.jpg 1307w, https:\/\/gentedebasquet.com.ar\/sitio\/wp-content\/uploads\/2025\/05\/IMG_20250508_225052-750x1175.jpg 750w, https:\/\/gentedebasquet.com.ar\/sitio\/wp-content\/uploads\/2025\/05\/IMG_20250508_225052-1140x1786.jpg 1140w, https:\/\/gentedebasquet.com.ar\/sitio\/wp-content\/uploads\/2025\/05\/IMG_20250508_225052-scaled.jpg 1634w\" sizes=\"(max-width: 300px) 100vw, 300px\" \/><\/p>\n<blockquote><p>\u00ab Jugamos con mucha intensidad, nos pasamos bien la pelota; esa fue la llave del \u00faltimo tiempo y poder quedarnos con el partido. Yo creo que el torneo es muy parejo y puede ser para cualquiera, as\u00ed que vamos a ir por cada partido que tengamos la oportunidad. \u00bb<strong> Alan Garc\u00eda, Liniers.<\/strong><\/p><\/blockquote>\n<p><img decoding=\"async\" class=\"alignnone wp-image-115696 \" src=\"http:\/\/gentedebasquet.com.ar\/sitio\/wp-content\/uploads\/2025\/05\/MVP-3-1024x1024.png\" alt=\"\" width=\"300\" height=\"300\" data-pin-no-hover=\"true\" srcset=\"https:\/\/gentedebasquet.com.ar\/sitio\/wp-content\/uploads\/2025\/05\/MVP-3-1024x1024.png 1024w, https:\/\/gentedebasquet.com.ar\/sitio\/wp-content\/uploads\/2025\/05\/MVP-3-300x300.png 300w, https:\/\/gentedebasquet.com.ar\/sitio\/wp-content\/uploads\/2025\/05\/MVP-3-150x150.png 150w, https:\/\/gentedebasquet.com.ar\/sitio\/wp-content\/uploads\/2025\/05\/MVP-3-768x768.png 768w, https:\/\/gentedebasquet.com.ar\/sitio\/wp-content\/uploads\/2025\/05\/MVP-3-1536x1536.png 1536w, https:\/\/gentedebasquet.com.ar\/sitio\/wp-content\/uploads\/2025\/05\/MVP-3-75x75.png 75w, https:\/\/gentedebasquet.com.ar\/sitio\/wp-content\/uploads\/2025\/05\/MVP-3-350x350.png 350w, https:\/\/gentedebasquet.com.ar\/sitio\/wp-content\/uploads\/2025\/05\/MVP-3-750x750.png 750w, https:\/\/gentedebasquet.com.ar\/sitio\/wp-content\/uploads\/2025\/05\/MVP-3-1140x1140.png 1140w, https:\/\/gentedebasquet.com.ar\/sitio\/wp-content\/uploads\/2025\/05\/MVP-3.png 2000w\" sizes=\"(max-width: 300px) 100vw, 300px\" \/><\/p>\n<p><strong>S\u00edntesis \u2013<\/strong>\u00a0<strong>Primera \u2013\u00a0 Fecha 3<\/strong><\/p>\n<p><strong>Napost\u00e1 67:<\/strong> Gast\u00f3n Torres 5, Leonel Alemany 3, Joaqu\u00edn Larrandart 9, Kevin Zambrano 7, Segundo Vasconcelo 7, <strong>(FI); <\/strong>Guido Muzi 16, Nicol\u00e1s Quiroga 13, Tom\u00e1s Bruni 7, Kevin Hern\u00e1ndez 0, Sebasti\u00e1n Suarez, Nahuel Amaya, Enzo Roth. <strong>DT: Fabricio Piccinini.<\/strong><\/p>\n<p><strong>Liniers 70<\/strong>: Emmanuel Paredes 15, Alan Garc\u00eda 21, Tom\u00e1s Del Sol 8, Franco Ferrari 11, Bautista Olivera 13, <strong>(FI);<\/strong> Juli\u00e1n Marinsalta 2, Genaro Groppa 0, Nicol\u00e1s Ramos 0, Alejo Ayude, Tom\u00e1s Sabatini, Diego Olave, Franco Severini. <strong>DT: Mauricio Vago.<\/strong><\/p>\n<p><strong>Parciales:<\/strong> 17-17, 31-25 (14-8), 50-50 (19-25), 67-70 (17-20).<\/p>\n<p><strong>\u00c1rbitros:<\/strong> Juan Cruz Schernenco &#8211; Horacio Sed\u00e1n &#8211; Mauro Guallan.<\/p>\n<p><strong>Estadio:\u00a0<\/strong>Antonio Palma (Napost\u00e1).<\/p>\n","protected":false},"excerpt":{"rendered":"<p>En el Vaticano hubo fumata blanca en honor al nuevo Papa; en la avenida, hubo cl\u00e1sico. Y en un verdadero partidazo, Liniers se qued\u00f3 con un triunfo vibrante por 70-67 sobre Napost\u00e1, gracias a un triple ag\u00f3nico de Alan Garc\u00eda, casi sobre la chicharra. La noche en el Antonio Palma comenz\u00f3 con buen goleo y [&hellip;]<\/p>\n","protected":false},"author":84,"featured_media":115692,"comment_status":"open","ping_status":"open","sticky":false,"template":"","format":"standard","meta":{"jnews-multi-image_gallery":[],"jnews_single_post":{"source_name":"","source_url":"","via_name":"","via_url":"","override_template":"0","override":[{"template":"1","single_blog_custom":"","parallax":"1","fullscreen":"1","layout":"right-sidebar","sidebar":"default-sidebar","second_sidebar":"default-sidebar","sticky_sidebar":"1","share_position":"top","share_float_style":"share-monocrhome","show_share_counter":"0","show_view_counter":"0","show_featured":"1","show_post_meta":"1","show_post_author":"1","show_post_author_image":"0","show_post_date":"1","post_date_format":"default","post_date_format_custom":"Y\/m\/d","show_post_category":"1","show_post_reading_time":"0","post_reading_time_wpm":"300","show_zoom_button":"0","zoom_button_out_step":"2","zoom_button_in_step":"3","show_post_tag":"1","show_prev_next_post":"1","show_popup_post":"0","number_popup_post":"1","show_author_box":"0","show_post_related":"0","show_inline_post_related":"0"}],"override_image_size":"0","image_override":[{"single_post_thumbnail_size":"crop-500","single_post_gallery_size":"crop-500"}],"trending_post":"0","trending_post_position":"meta","trending_post_label":"Trending","sponsored_post":"0","sponsored_post_label":"Sponsored by","sponsored_post_name":"","sponsored_post_url":"","sponsored_post_logo_enable":"0","sponsored_post_logo":"","sponsored_post_desc":"","disable_ad":"0"},"jnews_primary_category":{"id":"","hide":""},"footnotes":""},"categories":[23],"tags":[1912,1723,14,15,1169,1977],"class_list":["post-115688","post","type-post","status-publish","format-standard","has-post-thumbnail","hentry","category-primera","tag-alan-garcia","tag-guido-muzi","tag-liniers","tag-naposta","tag-primera","tag-torneo-de-primera"],"yoast_head":"<!-- This site is optimized with the Yoast SEO plugin v27.5 - https:\/\/yoast.com\/product\/yoast-seo-wordpress\/ -->\n<title>Fumata Albinegra en el cl\u00e1sico de la Avenida - Gente de B\u00e1squet<\/title>\n<meta name=\"robots\" content=\"index, follow, max-snippet:-1, max-image-preview:large, max-video-preview:-1\" \/>\n<link rel=\"canonical\" href=\"https:\/\/gentedebasquet.com.ar\/sitio\/2025\/05\/09\/fumata-albinegra-en-el-clasico-de-la-avenida\/\" \/>\n<meta property=\"og:locale\" content=\"es_ES\" \/>\n<meta property=\"og:type\" content=\"article\" \/>\n<meta property=\"og:title\" content=\"Fumata Albinegra en el cl\u00e1sico de la Avenida - Gente de B\u00e1squet\" \/>\n<meta property=\"og:description\" content=\"En el Vaticano hubo fumata blanca en honor al nuevo Papa; en la avenida, hubo cl\u00e1sico. Y en un verdadero partidazo, Liniers se qued\u00f3 con un triunfo vibrante por 70-67 sobre Napost\u00e1, gracias a un triple ag\u00f3nico de Alan Garc\u00eda, casi sobre la chicharra. La noche en el Antonio Palma comenz\u00f3 con buen goleo y [&hellip;]\" \/>\n<meta property=\"og:url\" content=\"https:\/\/gentedebasquet.com.ar\/sitio\/2025\/05\/09\/fumata-albinegra-en-el-clasico-de-la-avenida\/\" \/>\n<meta property=\"og:site_name\" content=\"Gente de B\u00e1squet\" \/>\n<meta property=\"article:published_time\" content=\"2025-05-09T12:44:41+00:00\" \/>\n<meta property=\"article:modified_time\" content=\"2025-05-16T03:30:37+00:00\" \/>\n<meta property=\"og:image\" content=\"https:\/\/gentedebasquet.com.ar\/sitio\/wp-content\/uploads\/2025\/05\/Screenshot_2025-05-08-23-51-42-866_com.lemon_.lvoverseas.jpg\" \/>\n\t<meta property=\"og:image:width\" content=\"783\" \/>\n\t<meta property=\"og:image:height\" content=\"598\" \/>\n\t<meta property=\"og:image:type\" content=\"image\/jpeg\" \/>\n<meta name=\"author\" content=\"Facundo Elizalde\" \/>\n<meta name=\"twitter:card\" content=\"summary_large_image\" \/>\n<meta name=\"twitter:label1\" content=\"Escrito por\" \/>\n\t<meta name=\"twitter:data1\" content=\"Facundo Elizalde\" \/>\n\t<meta name=\"twitter:label2\" content=\"Tiempo de lectura\" \/>\n\t<meta name=\"twitter:data2\" content=\"4 minutos\" \/>\n<script type=\"application\/ld+json\" class=\"yoast-schema-graph\">{\"@context\":\"https:\\\/\\\/schema.org\",\"@graph\":[{\"@type\":\"Article\",\"@id\":\"https:\\\/\\\/gentedebasquet.com.ar\\\/sitio\\\/2025\\\/05\\\/09\\\/fumata-albinegra-en-el-clasico-de-la-avenida\\\/#article\",\"isPartOf\":{\"@id\":\"https:\\\/\\\/gentedebasquet.com.ar\\\/sitio\\\/2025\\\/05\\\/09\\\/fumata-albinegra-en-el-clasico-de-la-avenida\\\/\"},\"author\":{\"name\":\"Facundo Elizalde\",\"@id\":\"https:\\\/\\\/gentedebasquet.com.ar\\\/sitio\\\/#\\\/schema\\\/person\\\/2830c671ecf949fe6896fdc95b81667e\"},\"headline\":\"Fumata Albinegra en el cl\u00e1sico de la Avenida\",\"datePublished\":\"2025-05-09T12:44:41+00:00\",\"dateModified\":\"2025-05-16T03:30:37+00:00\",\"mainEntityOfPage\":{\"@id\":\"https:\\\/\\\/gentedebasquet.com.ar\\\/sitio\\\/2025\\\/05\\\/09\\\/fumata-albinegra-en-el-clasico-de-la-avenida\\\/\"},\"wordCount\":649,\"commentCount\":0,\"image\":{\"@id\":\"https:\\\/\\\/gentedebasquet.com.ar\\\/sitio\\\/2025\\\/05\\\/09\\\/fumata-albinegra-en-el-clasico-de-la-avenida\\\/#primaryimage\"},\"thumbnailUrl\":\"https:\\\/\\\/gentedebasquet.com.ar\\\/sitio\\\/wp-content\\\/uploads\\\/2025\\\/05\\\/Screenshot_2025-05-08-23-51-42-866_com.lemon_.lvoverseas.jpg\",\"keywords\":[\"Alan Garc\u00eda\",\"Guido Muzi\",\"Liniers\",\"Naposta\",\"Primera\",\"Torneo de Primera\"],\"articleSection\":[\"Primera\"],\"inLanguage\":\"es\",\"potentialAction\":[{\"@type\":\"CommentAction\",\"name\":\"Comment\",\"target\":[\"https:\\\/\\\/gentedebasquet.com.ar\\\/sitio\\\/2025\\\/05\\\/09\\\/fumata-albinegra-en-el-clasico-de-la-avenida\\\/#respond\"]}]},{\"@type\":\"WebPage\",\"@id\":\"https:\\\/\\\/gentedebasquet.com.ar\\\/sitio\\\/2025\\\/05\\\/09\\\/fumata-albinegra-en-el-clasico-de-la-avenida\\\/\",\"url\":\"https:\\\/\\\/gentedebasquet.com.ar\\\/sitio\\\/2025\\\/05\\\/09\\\/fumata-albinegra-en-el-clasico-de-la-avenida\\\/\",\"name\":\"Fumata Albinegra en el cl\u00e1sico de la Avenida - Gente de B\u00e1squet\",\"isPartOf\":{\"@id\":\"https:\\\/\\\/gentedebasquet.com.ar\\\/sitio\\\/#website\"},\"primaryImageOfPage\":{\"@id\":\"https:\\\/\\\/gentedebasquet.com.ar\\\/sitio\\\/2025\\\/05\\\/09\\\/fumata-albinegra-en-el-clasico-de-la-avenida\\\/#primaryimage\"},\"image\":{\"@id\":\"https:\\\/\\\/gentedebasquet.com.ar\\\/sitio\\\/2025\\\/05\\\/09\\\/fumata-albinegra-en-el-clasico-de-la-avenida\\\/#primaryimage\"},\"thumbnailUrl\":\"https:\\\/\\\/gentedebasquet.com.ar\\\/sitio\\\/wp-content\\\/uploads\\\/2025\\\/05\\\/Screenshot_2025-05-08-23-51-42-866_com.lemon_.lvoverseas.jpg\",\"datePublished\":\"2025-05-09T12:44:41+00:00\",\"dateModified\":\"2025-05-16T03:30:37+00:00\",\"author\":{\"@id\":\"https:\\\/\\\/gentedebasquet.com.ar\\\/sitio\\\/#\\\/schema\\\/person\\\/2830c671ecf949fe6896fdc95b81667e\"},\"breadcrumb\":{\"@id\":\"https:\\\/\\\/gentedebasquet.com.ar\\\/sitio\\\/2025\\\/05\\\/09\\\/fumata-albinegra-en-el-clasico-de-la-avenida\\\/#breadcrumb\"},\"inLanguage\":\"es\",\"potentialAction\":[{\"@type\":\"ReadAction\",\"target\":[\"https:\\\/\\\/gentedebasquet.com.ar\\\/sitio\\\/2025\\\/05\\\/09\\\/fumata-albinegra-en-el-clasico-de-la-avenida\\\/\"]}]},{\"@type\":\"ImageObject\",\"inLanguage\":\"es\",\"@id\":\"https:\\\/\\\/gentedebasquet.com.ar\\\/sitio\\\/2025\\\/05\\\/09\\\/fumata-albinegra-en-el-clasico-de-la-avenida\\\/#primaryimage\",\"url\":\"https:\\\/\\\/gentedebasquet.com.ar\\\/sitio\\\/wp-content\\\/uploads\\\/2025\\\/05\\\/Screenshot_2025-05-08-23-51-42-866_com.lemon_.lvoverseas.jpg\",\"contentUrl\":\"https:\\\/\\\/gentedebasquet.com.ar\\\/sitio\\\/wp-content\\\/uploads\\\/2025\\\/05\\\/Screenshot_2025-05-08-23-51-42-866_com.lemon_.lvoverseas.jpg\",\"width\":783,\"height\":598},{\"@type\":\"BreadcrumbList\",\"@id\":\"https:\\\/\\\/gentedebasquet.com.ar\\\/sitio\\\/2025\\\/05\\\/09\\\/fumata-albinegra-en-el-clasico-de-la-avenida\\\/#breadcrumb\",\"itemListElement\":[{\"@type\":\"ListItem\",\"position\":1,\"name\":\"Portada\",\"item\":\"https:\\\/\\\/gentedebasquet.com.ar\\\/sitio\\\/\"},{\"@type\":\"ListItem\",\"position\":2,\"name\":\"Fumata Albinegra en el cl\u00e1sico de la Avenida\"}]},{\"@type\":\"WebSite\",\"@id\":\"https:\\\/\\\/gentedebasquet.com.ar\\\/sitio\\\/#website\",\"url\":\"https:\\\/\\\/gentedebasquet.com.ar\\\/sitio\\\/\",\"name\":\"Gente de B\u00e1squet\",\"description\":\"La revista del basquet de Bah\u00eda Blanca\",\"potentialAction\":[{\"@type\":\"SearchAction\",\"target\":{\"@type\":\"EntryPoint\",\"urlTemplate\":\"https:\\\/\\\/gentedebasquet.com.ar\\\/sitio\\\/?s={search_term_string}\"},\"query-input\":{\"@type\":\"PropertyValueSpecification\",\"valueRequired\":true,\"valueName\":\"search_term_string\"}}],\"inLanguage\":\"es\"},{\"@type\":\"Person\",\"@id\":\"https:\\\/\\\/gentedebasquet.com.ar\\\/sitio\\\/#\\\/schema\\\/person\\\/2830c671ecf949fe6896fdc95b81667e\",\"name\":\"Facundo Elizalde\",\"image\":{\"@type\":\"ImageObject\",\"inLanguage\":\"es\",\"@id\":\"https:\\\/\\\/secure.gravatar.com\\\/avatar\\\/38bc8b15c12547ad3ed99650859898dc3f58534034667dbb6c2788c85e4f6edb?s=96&d=mm&r=g\",\"url\":\"https:\\\/\\\/secure.gravatar.com\\\/avatar\\\/38bc8b15c12547ad3ed99650859898dc3f58534034667dbb6c2788c85e4f6edb?s=96&d=mm&r=g\",\"contentUrl\":\"https:\\\/\\\/secure.gravatar.com\\\/avatar\\\/38bc8b15c12547ad3ed99650859898dc3f58534034667dbb6c2788c85e4f6edb?s=96&d=mm&r=g\",\"caption\":\"Facundo Elizalde\"},\"url\":\"https:\\\/\\\/gentedebasquet.com.ar\\\/sitio\\\/author\\\/facundo\\\/\"}]}<\/script>\n<!-- \/ Yoast SEO plugin. -->","yoast_head_json":{"title":"Fumata Albinegra en el cl\u00e1sico de la Avenida - Gente de B\u00e1squet","robots":{"index":"index","follow":"follow","max-snippet":"max-snippet:-1","max-image-preview":"max-image-preview:large","max-video-preview":"max-video-preview:-1"},"canonical":"https:\/\/gentedebasquet.com.ar\/sitio\/2025\/05\/09\/fumata-albinegra-en-el-clasico-de-la-avenida\/","og_locale":"es_ES","og_type":"article","og_title":"Fumata Albinegra en el cl\u00e1sico de la Avenida - Gente de B\u00e1squet","og_description":"En el Vaticano hubo fumata blanca en honor al nuevo Papa; en la avenida, hubo cl\u00e1sico. Y en un verdadero partidazo, Liniers se qued\u00f3 con un triunfo vibrante por 70-67 sobre Napost\u00e1, gracias a un triple ag\u00f3nico de Alan Garc\u00eda, casi sobre la chicharra. La noche en el Antonio Palma comenz\u00f3 con buen goleo y [&hellip;]","og_url":"https:\/\/gentedebasquet.com.ar\/sitio\/2025\/05\/09\/fumata-albinegra-en-el-clasico-de-la-avenida\/","og_site_name":"Gente de B\u00e1squet","article_published_time":"2025-05-09T12:44:41+00:00","article_modified_time":"2025-05-16T03:30:37+00:00","og_image":[{"width":783,"height":598,"url":"https:\/\/gentedebasquet.com.ar\/sitio\/wp-content\/uploads\/2025\/05\/Screenshot_2025-05-08-23-51-42-866_com.lemon_.lvoverseas.jpg","type":"image\/jpeg"}],"author":"Facundo Elizalde","twitter_card":"summary_large_image","twitter_misc":{"Escrito por":"Facundo Elizalde","Tiempo de lectura":"4 minutos"},"schema":{"@context":"https:\/\/schema.org","@graph":[{"@type":"Article","@id":"https:\/\/gentedebasquet.com.ar\/sitio\/2025\/05\/09\/fumata-albinegra-en-el-clasico-de-la-avenida\/#article","isPartOf":{"@id":"https:\/\/gentedebasquet.com.ar\/sitio\/2025\/05\/09\/fumata-albinegra-en-el-clasico-de-la-avenida\/"},"author":{"name":"Facundo Elizalde","@id":"https:\/\/gentedebasquet.com.ar\/sitio\/#\/schema\/person\/2830c671ecf949fe6896fdc95b81667e"},"headline":"Fumata Albinegra en el cl\u00e1sico de la Avenida","datePublished":"2025-05-09T12:44:41+00:00","dateModified":"2025-05-16T03:30:37+00:00","mainEntityOfPage":{"@id":"https:\/\/gentedebasquet.com.ar\/sitio\/2025\/05\/09\/fumata-albinegra-en-el-clasico-de-la-avenida\/"},"wordCount":649,"commentCount":0,"image":{"@id":"https:\/\/gentedebasquet.com.ar\/sitio\/2025\/05\/09\/fumata-albinegra-en-el-clasico-de-la-avenida\/#primaryimage"},"thumbnailUrl":"https:\/\/gentedebasquet.com.ar\/sitio\/wp-content\/uploads\/2025\/05\/Screenshot_2025-05-08-23-51-42-866_com.lemon_.lvoverseas.jpg","keywords":["Alan Garc\u00eda","Guido Muzi","Liniers","Naposta","Primera","Torneo de Primera"],"articleSection":["Primera"],"inLanguage":"es","potentialAction":[{"@type":"CommentAction","name":"Comment","target":["https:\/\/gentedebasquet.com.ar\/sitio\/2025\/05\/09\/fumata-albinegra-en-el-clasico-de-la-avenida\/#respond"]}]},{"@type":"WebPage","@id":"https:\/\/gentedebasquet.com.ar\/sitio\/2025\/05\/09\/fumata-albinegra-en-el-clasico-de-la-avenida\/","url":"https:\/\/gentedebasquet.com.ar\/sitio\/2025\/05\/09\/fumata-albinegra-en-el-clasico-de-la-avenida\/","name":"Fumata Albinegra en el cl\u00e1sico de la Avenida - Gente de B\u00e1squet","isPartOf":{"@id":"https:\/\/gentedebasquet.com.ar\/sitio\/#website"},"primaryImageOfPage":{"@id":"https:\/\/gentedebasquet.com.ar\/sitio\/2025\/05\/09\/fumata-albinegra-en-el-clasico-de-la-avenida\/#primaryimage"},"image":{"@id":"https:\/\/gentedebasquet.com.ar\/sitio\/2025\/05\/09\/fumata-albinegra-en-el-clasico-de-la-avenida\/#primaryimage"},"thumbnailUrl":"https:\/\/gentedebasquet.com.ar\/sitio\/wp-content\/uploads\/2025\/05\/Screenshot_2025-05-08-23-51-42-866_com.lemon_.lvoverseas.jpg","datePublished":"2025-05-09T12:44:41+00:00","dateModified":"2025-05-16T03:30:37+00:00","author":{"@id":"https:\/\/gentedebasquet.com.ar\/sitio\/#\/schema\/person\/2830c671ecf949fe6896fdc95b81667e"},"breadcrumb":{"@id":"https:\/\/gentedebasquet.com.ar\/sitio\/2025\/05\/09\/fumata-albinegra-en-el-clasico-de-la-avenida\/#breadcrumb"},"inLanguage":"es","potentialAction":[{"@type":"ReadAction","target":["https:\/\/gentedebasquet.com.ar\/sitio\/2025\/05\/09\/fumata-albinegra-en-el-clasico-de-la-avenida\/"]}]},{"@type":"ImageObject","inLanguage":"es","@id":"https:\/\/gentedebasquet.com.ar\/sitio\/2025\/05\/09\/fumata-albinegra-en-el-clasico-de-la-avenida\/#primaryimage","url":"https:\/\/gentedebasquet.com.ar\/sitio\/wp-content\/uploads\/2025\/05\/Screenshot_2025-05-08-23-51-42-866_com.lemon_.lvoverseas.jpg","contentUrl":"https:\/\/gentedebasquet.com.ar\/sitio\/wp-content\/uploads\/2025\/05\/Screenshot_2025-05-08-23-51-42-866_com.lemon_.lvoverseas.jpg","width":783,"height":598},{"@type":"BreadcrumbList","@id":"https:\/\/gentedebasquet.com.ar\/sitio\/2025\/05\/09\/fumata-albinegra-en-el-clasico-de-la-avenida\/#breadcrumb","itemListElement":[{"@type":"ListItem","position":1,"name":"Portada","item":"https:\/\/gentedebasquet.com.ar\/sitio\/"},{"@type":"ListItem","position":2,"name":"Fumata Albinegra en el cl\u00e1sico de la Avenida"}]},{"@type":"WebSite","@id":"https:\/\/gentedebasquet.com.ar\/sitio\/#website","url":"https:\/\/gentedebasquet.com.ar\/sitio\/","name":"Gente de B\u00e1squet","description":"La revista del basquet de Bah\u00eda Blanca","potentialAction":[{"@type":"SearchAction","target":{"@type":"EntryPoint","urlTemplate":"https:\/\/gentedebasquet.com.ar\/sitio\/?s={search_term_string}"},"query-input":{"@type":"PropertyValueSpecification","valueRequired":true,"valueName":"search_term_string"}}],"inLanguage":"es"},{"@type":"Person","@id":"https:\/\/gentedebasquet.com.ar\/sitio\/#\/schema\/person\/2830c671ecf949fe6896fdc95b81667e","name":"Facundo Elizalde","image":{"@type":"ImageObject","inLanguage":"es","@id":"https:\/\/secure.gravatar.com\/avatar\/38bc8b15c12547ad3ed99650859898dc3f58534034667dbb6c2788c85e4f6edb?s=96&d=mm&r=g","url":"https:\/\/secure.gravatar.com\/avatar\/38bc8b15c12547ad3ed99650859898dc3f58534034667dbb6c2788c85e4f6edb?s=96&d=mm&r=g","contentUrl":"https:\/\/secure.gravatar.com\/avatar\/38bc8b15c12547ad3ed99650859898dc3f58534034667dbb6c2788c85e4f6edb?s=96&d=mm&r=g","caption":"Facundo Elizalde"},"url":"https:\/\/gentedebasquet.com.ar\/sitio\/author\/facundo\/"}]}},"_links":{"self":[{"href":"https:\/\/gentedebasquet.com.ar\/sitio\/wp-json\/wp\/v2\/posts\/115688","targetHints":{"allow":["GET"]}}],"collection":[{"href":"https:\/\/gentedebasquet.com.ar\/sitio\/wp-json\/wp\/v2\/posts"}],"about":[{"href":"https:\/\/gentedebasquet.com.ar\/sitio\/wp-json\/wp\/v2\/types\/post"}],"author":[{"embeddable":true,"href":"https:\/\/gentedebasquet.com.ar\/sitio\/wp-json\/wp\/v2\/users\/84"}],"replies":[{"embeddable":true,"href":"https:\/\/gentedebasquet.com.ar\/sitio\/wp-json\/wp\/v2\/comments?post=115688"}],"version-history":[{"count":4,"href":"https:\/\/gentedebasquet.com.ar\/sitio\/wp-json\/wp\/v2\/posts\/115688\/revisions"}],"predecessor-version":[{"id":115856,"href":"https:\/\/gentedebasquet.com.ar\/sitio\/wp-json\/wp\/v2\/posts\/115688\/revisions\/115856"}],"wp:featuredmedia":[{"embeddable":true,"href":"https:\/\/gentedebasquet.com.ar\/sitio\/wp-json\/wp\/v2\/media\/115692"}],"wp:attachment":[{"href":"https:\/\/gentedebasquet.com.ar\/sitio\/wp-json\/wp\/v2\/media?parent=115688"}],"wp:term":[{"taxonomy":"category","embeddable":true,"href":"https:\/\/gentedebasquet.com.ar\/sitio\/wp-json\/wp\/v2\/categories?post=115688"},{"taxonomy":"post_tag","embeddable":true,"href":"https:\/\/gentedebasquet.com.ar\/sitio\/wp-json\/wp\/v2\/tags?post=115688"}],"curies":[{"name":"wp","href":"https:\/\/api.w.org\/{rel}","templated":true}]}}