{"id":115703,"date":"2025-05-09T05:38:35","date_gmt":"2025-05-09T03:38:35","guid":{"rendered":"https:\/\/gentedebasquet.com.ar\/sitio\/?p=115703"},"modified":"2025-05-09T05:51:57","modified_gmt":"2025-05-09T03:51:57","slug":"la-segunda-al-hilo-de-9","status":"publish","type":"post","link":"https:\/\/gentedebasquet.com.ar\/sitio\/2025\/05\/09\/la-segunda-al-hilo-de-9\/","title":{"rendered":"La segunda al hilo de \u201c9\u201d"},"content":{"rendered":"\n<p><strong>9 de Julio gan\u00f3 en terreno naranja por 58-70 y cosech\u00f3 su segunda victoria en fila, con un grand\u00edsimo aporte de Emilio Gim\u00e9nez, que concluy\u00f3 con 17 puntos. Adem\u00e1s hizo su debut con \u201c9\u201d Franco Ruesga.<\/strong><\/p>\n\n\n\n<p>El cotejo tuvo un gran inicio por lado, destac\u00e1ndose el local que clav\u00f3 4t3 al hilo (Diez, Pena, Herbik y Pe\u00f1alver). Santiago Ruesga era la carta goleadora del conjunto visitante. El local segu\u00eda efectivo en ataque, \u201c9\u201d por momentos forzaba los lanzamientos, pero tras eso se torn\u00f3 un segmento trabado al final. 21-18 finalizaron los primeros diez.<\/p>\n\n\n\n<p>El elenco dirigido por Turcato pudo elevar su goleo debido al buen ingreso de Franco Ruesga y adem\u00e1s buenas intervenciones de Emilio Gim\u00e9nez (2t3). Del lado naranja era Joaqu\u00edn Coria el que tomaba los tiros debajo de la canasta y los locales segu\u00edan tomando buenos tiros. El cuarto se puso un poco planchado sobre el cierre, pero el hu\u00e9sped lo cerraba arriba 31-36.<\/p>\n\n\n\n<p>Tras el entretiempo, inici\u00f3 sin alternancias en el marcador, que reci\u00e9n lo abri\u00f3 el local tras dos minutos de juego. En Sanlo ten\u00eda buenos pasajes Nahuel Diez y en la visita estaba muy bien colectivamente y lo manten\u00edan arriba en el marcador. Muchas imprecisiones sobre la culminaci\u00f3n del mismo, 2t3 por lado en el ep\u00edlogo del segmento (Pena SL; Goyanarte 9DJ). 51-44 finaliz\u00f3 el tercero.<\/p>\n\n\n\n<p>9 de Julio lo comenz\u00f3 mejor de la mano de Franco Ruesga (5 puntos al hilo). San Lorenzo no se quedaba atr\u00e1s y buenos ataques comandados por Juan Fuentes (tambi\u00e9n 5 al hilo, incluido un t3). El encuentro tomaba color y se ve\u00eda de buena paridad. Pero \u201c9\u201d con Santiago Boy\u00e9 en la pintura pod\u00eda sacar ventaja. Ya en el ep\u00edlogo del partido, los visitantes empezaron a hacer posesiones m\u00e1s larga y as\u00ed llevarse el triunfo por 58-70.<\/p>\n\n\n\n<p><strong>9 de Julio gan\u00f3 un partido que al principio fue muy trabado pero que fue destrab\u00e1ndose con el correr de los minutos. Lo llamativo fue que el reloj no funcionaba desde el inicio del cotejo, con lo cual se desarroll\u00f3 el mismo con el sistema GES. El triunfo lo coloca al equipo de Turcato entre los 5 primeros de la tabla de posiciones.<\/strong><\/p>\n\n\n\n<figure class=\"wp-block-embed is-type-video is-provider-youtube wp-block-embed-youtube wp-embed-aspect-16-9 wp-has-aspect-ratio\"><div class=\"wp-block-embed__wrapper\">\n<div class=\"jeg_video_container jeg_video_content\"><iframe loading=\"lazy\" title=\"#Primera - Fecha #3: San Lorenzo 58 - 70 9 de Julio\" width=\"500\" height=\"281\" src=\"https:\/\/www.youtube.com\/embed\/VePZZ3P1zsA?feature=oembed\" frameborder=\"0\" allow=\"accelerometer; autoplay; clipboard-write; encrypted-media; gyroscope; picture-in-picture; web-share\" referrerpolicy=\"strict-origin-when-cross-origin\" allowfullscreen><\/iframe><\/div>\n<\/div><\/figure>\n\n\n\n<figure class=\"wp-block-image size-large\"><img decoding=\"async\" width=\"1024\" height=\"1024\" src=\"https:\/\/gentedebasquet.com.ar\/sitio\/wp-content\/uploads\/2025\/05\/parcial-12-0-de-bahiense-en-el-tercer-cuarto.-1-1-2-1024x1024.png\" alt=\"\" class=\"wp-image-115701\" srcset=\"https:\/\/gentedebasquet.com.ar\/sitio\/wp-content\/uploads\/2025\/05\/parcial-12-0-de-bahiense-en-el-tercer-cuarto.-1-1-2-1024x1024.png 1024w, https:\/\/gentedebasquet.com.ar\/sitio\/wp-content\/uploads\/2025\/05\/parcial-12-0-de-bahiense-en-el-tercer-cuarto.-1-1-2-300x300.png 300w, https:\/\/gentedebasquet.com.ar\/sitio\/wp-content\/uploads\/2025\/05\/parcial-12-0-de-bahiense-en-el-tercer-cuarto.-1-1-2-150x150.png 150w, https:\/\/gentedebasquet.com.ar\/sitio\/wp-content\/uploads\/2025\/05\/parcial-12-0-de-bahiense-en-el-tercer-cuarto.-1-1-2-768x768.png 768w, https:\/\/gentedebasquet.com.ar\/sitio\/wp-content\/uploads\/2025\/05\/parcial-12-0-de-bahiense-en-el-tercer-cuarto.-1-1-2-1536x1536.png 1536w, https:\/\/gentedebasquet.com.ar\/sitio\/wp-content\/uploads\/2025\/05\/parcial-12-0-de-bahiense-en-el-tercer-cuarto.-1-1-2-75x75.png 75w, https:\/\/gentedebasquet.com.ar\/sitio\/wp-content\/uploads\/2025\/05\/parcial-12-0-de-bahiense-en-el-tercer-cuarto.-1-1-2-350x350.png 350w, https:\/\/gentedebasquet.com.ar\/sitio\/wp-content\/uploads\/2025\/05\/parcial-12-0-de-bahiense-en-el-tercer-cuarto.-1-1-2-750x750.png 750w, https:\/\/gentedebasquet.com.ar\/sitio\/wp-content\/uploads\/2025\/05\/parcial-12-0-de-bahiense-en-el-tercer-cuarto.-1-1-2-1140x1140.png 1140w, https:\/\/gentedebasquet.com.ar\/sitio\/wp-content\/uploads\/2025\/05\/parcial-12-0-de-bahiense-en-el-tercer-cuarto.-1-1-2.png 1600w\" sizes=\"(max-width: 1024px) 100vw, 1024px\" \/><\/figure>\n\n\n\n<figure class=\"wp-block-image size-large\"><img decoding=\"async\" width=\"1024\" height=\"1024\" src=\"https:\/\/gentedebasquet.com.ar\/sitio\/wp-content\/uploads\/2025\/05\/parcial-12-0-de-bahiense-en-el-tercer-cuarto.-2-1-2-1024x1024.png\" alt=\"\" class=\"wp-image-115700\" srcset=\"https:\/\/gentedebasquet.com.ar\/sitio\/wp-content\/uploads\/2025\/05\/parcial-12-0-de-bahiense-en-el-tercer-cuarto.-2-1-2-1024x1024.png 1024w, https:\/\/gentedebasquet.com.ar\/sitio\/wp-content\/uploads\/2025\/05\/parcial-12-0-de-bahiense-en-el-tercer-cuarto.-2-1-2-300x300.png 300w, https:\/\/gentedebasquet.com.ar\/sitio\/wp-content\/uploads\/2025\/05\/parcial-12-0-de-bahiense-en-el-tercer-cuarto.-2-1-2-150x150.png 150w, https:\/\/gentedebasquet.com.ar\/sitio\/wp-content\/uploads\/2025\/05\/parcial-12-0-de-bahiense-en-el-tercer-cuarto.-2-1-2-768x768.png 768w, https:\/\/gentedebasquet.com.ar\/sitio\/wp-content\/uploads\/2025\/05\/parcial-12-0-de-bahiense-en-el-tercer-cuarto.-2-1-2-1536x1536.png 1536w, https:\/\/gentedebasquet.com.ar\/sitio\/wp-content\/uploads\/2025\/05\/parcial-12-0-de-bahiense-en-el-tercer-cuarto.-2-1-2-75x75.png 75w, https:\/\/gentedebasquet.com.ar\/sitio\/wp-content\/uploads\/2025\/05\/parcial-12-0-de-bahiense-en-el-tercer-cuarto.-2-1-2-350x350.png 350w, https:\/\/gentedebasquet.com.ar\/sitio\/wp-content\/uploads\/2025\/05\/parcial-12-0-de-bahiense-en-el-tercer-cuarto.-2-1-2-750x750.png 750w, https:\/\/gentedebasquet.com.ar\/sitio\/wp-content\/uploads\/2025\/05\/parcial-12-0-de-bahiense-en-el-tercer-cuarto.-2-1-2-1140x1140.png 1140w, https:\/\/gentedebasquet.com.ar\/sitio\/wp-content\/uploads\/2025\/05\/parcial-12-0-de-bahiense-en-el-tercer-cuarto.-2-1-2.png 1600w\" sizes=\"(max-width: 1024px) 100vw, 1024px\" \/><\/figure>\n\n\n\n<figure class=\"wp-block-image size-large\"><img decoding=\"async\" width=\"1024\" height=\"768\" src=\"https:\/\/gentedebasquet.com.ar\/sitio\/wp-content\/uploads\/2025\/05\/img_8668-1024x768.jpg\" alt=\"\" class=\"wp-image-115690\" srcset=\"https:\/\/gentedebasquet.com.ar\/sitio\/wp-content\/uploads\/2025\/05\/img_8668-1024x768.jpg 1024w, https:\/\/gentedebasquet.com.ar\/sitio\/wp-content\/uploads\/2025\/05\/img_8668-300x225.jpg 300w, https:\/\/gentedebasquet.com.ar\/sitio\/wp-content\/uploads\/2025\/05\/img_8668-768x576.jpg 768w, https:\/\/gentedebasquet.com.ar\/sitio\/wp-content\/uploads\/2025\/05\/img_8668-1536x1152.jpg 1536w, https:\/\/gentedebasquet.com.ar\/sitio\/wp-content\/uploads\/2025\/05\/img_8668-750x563.jpg 750w, https:\/\/gentedebasquet.com.ar\/sitio\/wp-content\/uploads\/2025\/05\/img_8668-1140x855.jpg 1140w, https:\/\/gentedebasquet.com.ar\/sitio\/wp-content\/uploads\/2025\/05\/img_8668.jpg 2000w\" sizes=\"(max-width: 1024px) 100vw, 1024px\" \/><\/figure>\n\n\n\n<blockquote class=\"wp-block-quote is-layout-flow wp-block-quote-is-layout-flow\">\n<p>\u00abEstoy muy contento de volver a Bah\u00eda y jugar el torneo local. Metimos dos triunfos claves, pero hay que seguir. Fue un partido trabado, se complic\u00f3 jugar sin tablero, fue raro, pero lo sacamos adelante. Lo ganamos en defensa, en la presi\u00f3n y en correr toda la cancha.\u00bb<strong>&nbsp;Emilio Gim\u00e9nez, 9 de Julio.<\/strong><\/p>\n<\/blockquote>\n\n\n\n<p><strong>S\u00edntesis \u2013 Primera \u2013 Fecha 3<\/strong><\/p>\n\n\n\n<p><strong>San Lorenzo 58:<\/strong>&nbsp;Mirko Cenzual (3), Agust\u00edn Pena (9), Nicol\u00e1s Herbik (5), Fernando Pe\u00f1alver (12), Nahuel Diez (15) (FI); Joaquin Coria (9), Juan Fuentes (5), Lautaro Fernetich (0), Sim\u00f3n Seewald (0), Gonzalo Ciuccio (0). <strong>DT: Sebasti\u00e1n Aleksoski.<\/strong><\/p>\n\n\n\n<p><strong>9 de Julio 70:<\/strong>&nbsp;Santiago Ruesga (15), Manuel Costa (7), Santiago Boy\u00e9 (6), Luciano Vecchi (4), Emilio Gim\u00e9nez (17) (FI); Franco Ruesga (6), Santiago Bussetti (0), Sebasti\u00e1n Villegas (8), Francisco Goyanarte (3), Andr\u00e9s Almiron (4)<strong>. DT: Juli\u00e1n Turcato.<\/strong><\/p>\n\n\n\n<p><strong>Parciales<\/strong>: 21-18, 31-36, (10-18), 51-44 (13-15), 58-70 (14-19).<\/p>\n\n\n\n<p><strong>\u00c1rbitros<\/strong>: Alejandro Vizcaino \u2013 Marjorie Stuardo \u2013 Marcelo Gordillo &nbsp;<\/p>\n\n\n\n<p><strong>Estadio<\/strong>: Rom\u00e1n Avecilla (San Lorenzo)<\/p>\n\n\n\n<figure class=\"wp-block-image size-large\"><img decoding=\"async\" width=\"1024\" height=\"768\" src=\"https:\/\/gentedebasquet.com.ar\/sitio\/wp-content\/uploads\/2025\/05\/img_8577-1024x768.jpg\" alt=\"\" class=\"wp-image-115691\" srcset=\"https:\/\/gentedebasquet.com.ar\/sitio\/wp-content\/uploads\/2025\/05\/img_8577-1024x768.jpg 1024w, https:\/\/gentedebasquet.com.ar\/sitio\/wp-content\/uploads\/2025\/05\/img_8577-300x225.jpg 300w, https:\/\/gentedebasquet.com.ar\/sitio\/wp-content\/uploads\/2025\/05\/img_8577-768x576.jpg 768w, https:\/\/gentedebasquet.com.ar\/sitio\/wp-content\/uploads\/2025\/05\/img_8577-1536x1152.jpg 1536w, https:\/\/gentedebasquet.com.ar\/sitio\/wp-content\/uploads\/2025\/05\/img_8577-750x563.jpg 750w, https:\/\/gentedebasquet.com.ar\/sitio\/wp-content\/uploads\/2025\/05\/img_8577-1140x855.jpg 1140w, https:\/\/gentedebasquet.com.ar\/sitio\/wp-content\/uploads\/2025\/05\/img_8577.jpg 2000w\" sizes=\"(max-width: 1024px) 100vw, 1024px\" \/><\/figure>\n","protected":false},"excerpt":{"rendered":"<p>9 de Julio gan\u00f3 en terreno naranja por 58-70 y cosech\u00f3 su segunda victoria en fila, con un grand\u00edsimo aporte de Emilio Gim\u00e9nez, que concluy\u00f3 con 17 puntos. Adem\u00e1s hizo su debut con \u201c9\u201d Franco Ruesga. El cotejo tuvo un gran inicio por lado, destac\u00e1ndose el local que clav\u00f3 4t3 al hilo (Diez, Pena, Herbik [&hellip;]<\/p>\n","protected":false},"author":82,"featured_media":115702,"comment_status":"closed","ping_status":"open","sticky":false,"template":"","format":"standard","meta":{"jnews-multi-image_gallery":[],"jnews_single_post":[],"jnews_primary_category":[],"footnotes":""},"categories":[23,101],"tags":[2,348,762,732,1169,508,668,1693],"class_list":["post-115703","post","type-post","status-publish","format-standard","has-post-thumbnail","hentry","category-primera","category-slide","tag-9dejulio","tag-emilio-gimenez","tag-fernando-penalver","tag-nahuel-diez","tag-primera","tag-primera-division","tag-san-lorenzo-del-sud","tag-santiago-ruesga"],"yoast_head":"<!-- This site is optimized with the Yoast SEO plugin v27.5 - https:\/\/yoast.com\/product\/yoast-seo-wordpress\/ -->\n<title>La segunda al hilo de \u201c9\u201d - Gente de B\u00e1squet<\/title>\n<meta name=\"robots\" content=\"index, follow, max-snippet:-1, max-image-preview:large, max-video-preview:-1\" \/>\n<link rel=\"canonical\" href=\"https:\/\/gentedebasquet.com.ar\/sitio\/2025\/05\/09\/la-segunda-al-hilo-de-9\/\" \/>\n<meta property=\"og:locale\" content=\"es_ES\" \/>\n<meta property=\"og:type\" content=\"article\" \/>\n<meta property=\"og:title\" content=\"La segunda al hilo de \u201c9\u201d - Gente de B\u00e1squet\" \/>\n<meta property=\"og:description\" content=\"9 de Julio gan\u00f3 en terreno naranja por 58-70 y cosech\u00f3 su segunda victoria en fila, con un grand\u00edsimo aporte de Emilio Gim\u00e9nez, que concluy\u00f3 con 17 puntos. Adem\u00e1s hizo su debut con \u201c9\u201d Franco Ruesga. El cotejo tuvo un gran inicio por lado, destac\u00e1ndose el local que clav\u00f3 4t3 al hilo (Diez, Pena, Herbik [&hellip;]\" \/>\n<meta property=\"og:url\" content=\"https:\/\/gentedebasquet.com.ar\/sitio\/2025\/05\/09\/la-segunda-al-hilo-de-9\/\" \/>\n<meta property=\"og:site_name\" content=\"Gente de B\u00e1squet\" \/>\n<meta property=\"article:published_time\" content=\"2025-05-09T03:38:35+00:00\" \/>\n<meta property=\"article:modified_time\" content=\"2025-05-09T03:51:57+00:00\" \/>\n<meta property=\"og:image\" content=\"https:\/\/gentedebasquet.com.ar\/sitio\/wp-content\/uploads\/2025\/05\/img_8596.jpg\" \/>\n\t<meta property=\"og:image:width\" content=\"2000\" \/>\n\t<meta property=\"og:image:height\" content=\"1500\" \/>\n\t<meta property=\"og:image:type\" content=\"image\/jpeg\" \/>\n<meta name=\"author\" content=\"Manuel Lacerenza\" \/>\n<meta name=\"twitter:card\" content=\"summary_large_image\" \/>\n<meta name=\"twitter:label1\" content=\"Escrito por\" \/>\n\t<meta name=\"twitter:data1\" content=\"Manuel Lacerenza\" \/>\n\t<meta name=\"twitter:label2\" content=\"Tiempo de lectura\" \/>\n\t<meta name=\"twitter:data2\" content=\"3 minutos\" \/>\n<script type=\"application\/ld+json\" class=\"yoast-schema-graph\">{\"@context\":\"https:\\\/\\\/schema.org\",\"@graph\":[{\"@type\":\"Article\",\"@id\":\"https:\\\/\\\/gentedebasquet.com.ar\\\/sitio\\\/2025\\\/05\\\/09\\\/la-segunda-al-hilo-de-9\\\/#article\",\"isPartOf\":{\"@id\":\"https:\\\/\\\/gentedebasquet.com.ar\\\/sitio\\\/2025\\\/05\\\/09\\\/la-segunda-al-hilo-de-9\\\/\"},\"author\":{\"name\":\"Manuel Lacerenza\",\"@id\":\"https:\\\/\\\/gentedebasquet.com.ar\\\/sitio\\\/#\\\/schema\\\/person\\\/643357fb6a37b5549c9cfe9f339c9f1b\"},\"headline\":\"La segunda al hilo de \u201c9\u201d\",\"datePublished\":\"2025-05-09T03:38:35+00:00\",\"dateModified\":\"2025-05-09T03:51:57+00:00\",\"mainEntityOfPage\":{\"@id\":\"https:\\\/\\\/gentedebasquet.com.ar\\\/sitio\\\/2025\\\/05\\\/09\\\/la-segunda-al-hilo-de-9\\\/\"},\"wordCount\":535,\"image\":{\"@id\":\"https:\\\/\\\/gentedebasquet.com.ar\\\/sitio\\\/2025\\\/05\\\/09\\\/la-segunda-al-hilo-de-9\\\/#primaryimage\"},\"thumbnailUrl\":\"https:\\\/\\\/gentedebasquet.com.ar\\\/sitio\\\/wp-content\\\/uploads\\\/2025\\\/05\\\/img_8596.jpg\",\"keywords\":[\"9 de Julio\",\"Emilio Gimenez\",\"Fernando Pe\u00f1alver\",\"Nahuel Diez\",\"Primera\",\"Primera Divisi\u00f3n\",\"San Lorenzo del Sud\",\"Santiago Ruesga\"],\"articleSection\":[\"Primera\",\"Slide\"],\"inLanguage\":\"es\"},{\"@type\":\"WebPage\",\"@id\":\"https:\\\/\\\/gentedebasquet.com.ar\\\/sitio\\\/2025\\\/05\\\/09\\\/la-segunda-al-hilo-de-9\\\/\",\"url\":\"https:\\\/\\\/gentedebasquet.com.ar\\\/sitio\\\/2025\\\/05\\\/09\\\/la-segunda-al-hilo-de-9\\\/\",\"name\":\"La segunda al hilo de \u201c9\u201d - Gente de B\u00e1squet\",\"isPartOf\":{\"@id\":\"https:\\\/\\\/gentedebasquet.com.ar\\\/sitio\\\/#website\"},\"primaryImageOfPage\":{\"@id\":\"https:\\\/\\\/gentedebasquet.com.ar\\\/sitio\\\/2025\\\/05\\\/09\\\/la-segunda-al-hilo-de-9\\\/#primaryimage\"},\"image\":{\"@id\":\"https:\\\/\\\/gentedebasquet.com.ar\\\/sitio\\\/2025\\\/05\\\/09\\\/la-segunda-al-hilo-de-9\\\/#primaryimage\"},\"thumbnailUrl\":\"https:\\\/\\\/gentedebasquet.com.ar\\\/sitio\\\/wp-content\\\/uploads\\\/2025\\\/05\\\/img_8596.jpg\",\"datePublished\":\"2025-05-09T03:38:35+00:00\",\"dateModified\":\"2025-05-09T03:51:57+00:00\",\"author\":{\"@id\":\"https:\\\/\\\/gentedebasquet.com.ar\\\/sitio\\\/#\\\/schema\\\/person\\\/643357fb6a37b5549c9cfe9f339c9f1b\"},\"breadcrumb\":{\"@id\":\"https:\\\/\\\/gentedebasquet.com.ar\\\/sitio\\\/2025\\\/05\\\/09\\\/la-segunda-al-hilo-de-9\\\/#breadcrumb\"},\"inLanguage\":\"es\",\"potentialAction\":[{\"@type\":\"ReadAction\",\"target\":[\"https:\\\/\\\/gentedebasquet.com.ar\\\/sitio\\\/2025\\\/05\\\/09\\\/la-segunda-al-hilo-de-9\\\/\"]}]},{\"@type\":\"ImageObject\",\"inLanguage\":\"es\",\"@id\":\"https:\\\/\\\/gentedebasquet.com.ar\\\/sitio\\\/2025\\\/05\\\/09\\\/la-segunda-al-hilo-de-9\\\/#primaryimage\",\"url\":\"https:\\\/\\\/gentedebasquet.com.ar\\\/sitio\\\/wp-content\\\/uploads\\\/2025\\\/05\\\/img_8596.jpg\",\"contentUrl\":\"https:\\\/\\\/gentedebasquet.com.ar\\\/sitio\\\/wp-content\\\/uploads\\\/2025\\\/05\\\/img_8596.jpg\",\"width\":2000,\"height\":1500},{\"@type\":\"BreadcrumbList\",\"@id\":\"https:\\\/\\\/gentedebasquet.com.ar\\\/sitio\\\/2025\\\/05\\\/09\\\/la-segunda-al-hilo-de-9\\\/#breadcrumb\",\"itemListElement\":[{\"@type\":\"ListItem\",\"position\":1,\"name\":\"Portada\",\"item\":\"https:\\\/\\\/gentedebasquet.com.ar\\\/sitio\\\/\"},{\"@type\":\"ListItem\",\"position\":2,\"name\":\"La segunda al hilo de \u201c9\u201d\"}]},{\"@type\":\"WebSite\",\"@id\":\"https:\\\/\\\/gentedebasquet.com.ar\\\/sitio\\\/#website\",\"url\":\"https:\\\/\\\/gentedebasquet.com.ar\\\/sitio\\\/\",\"name\":\"Gente de B\u00e1squet\",\"description\":\"La revista del basquet de Bah\u00eda Blanca\",\"potentialAction\":[{\"@type\":\"SearchAction\",\"target\":{\"@type\":\"EntryPoint\",\"urlTemplate\":\"https:\\\/\\\/gentedebasquet.com.ar\\\/sitio\\\/?s={search_term_string}\"},\"query-input\":{\"@type\":\"PropertyValueSpecification\",\"valueRequired\":true,\"valueName\":\"search_term_string\"}}],\"inLanguage\":\"es\"},{\"@type\":\"Person\",\"@id\":\"https:\\\/\\\/gentedebasquet.com.ar\\\/sitio\\\/#\\\/schema\\\/person\\\/643357fb6a37b5549c9cfe9f339c9f1b\",\"name\":\"Manuel Lacerenza\",\"image\":{\"@type\":\"ImageObject\",\"inLanguage\":\"es\",\"@id\":\"https:\\\/\\\/secure.gravatar.com\\\/avatar\\\/6a427d587bd181ca8afd828e8cf364f233c5cbe5b8a1332b92ea42687ad97845?s=96&d=mm&r=g\",\"url\":\"https:\\\/\\\/secure.gravatar.com\\\/avatar\\\/6a427d587bd181ca8afd828e8cf364f233c5cbe5b8a1332b92ea42687ad97845?s=96&d=mm&r=g\",\"contentUrl\":\"https:\\\/\\\/secure.gravatar.com\\\/avatar\\\/6a427d587bd181ca8afd828e8cf364f233c5cbe5b8a1332b92ea42687ad97845?s=96&d=mm&r=g\",\"caption\":\"Manuel Lacerenza\"},\"url\":\"https:\\\/\\\/gentedebasquet.com.ar\\\/sitio\\\/author\\\/manuel\\\/\"}]}<\/script>\n<!-- \/ Yoast SEO plugin. -->","yoast_head_json":{"title":"La segunda al hilo de \u201c9\u201d - Gente de B\u00e1squet","robots":{"index":"index","follow":"follow","max-snippet":"max-snippet:-1","max-image-preview":"max-image-preview:large","max-video-preview":"max-video-preview:-1"},"canonical":"https:\/\/gentedebasquet.com.ar\/sitio\/2025\/05\/09\/la-segunda-al-hilo-de-9\/","og_locale":"es_ES","og_type":"article","og_title":"La segunda al hilo de \u201c9\u201d - Gente de B\u00e1squet","og_description":"9 de Julio gan\u00f3 en terreno naranja por 58-70 y cosech\u00f3 su segunda victoria en fila, con un grand\u00edsimo aporte de Emilio Gim\u00e9nez, que concluy\u00f3 con 17 puntos. Adem\u00e1s hizo su debut con \u201c9\u201d Franco Ruesga. El cotejo tuvo un gran inicio por lado, destac\u00e1ndose el local que clav\u00f3 4t3 al hilo (Diez, Pena, Herbik [&hellip;]","og_url":"https:\/\/gentedebasquet.com.ar\/sitio\/2025\/05\/09\/la-segunda-al-hilo-de-9\/","og_site_name":"Gente de B\u00e1squet","article_published_time":"2025-05-09T03:38:35+00:00","article_modified_time":"2025-05-09T03:51:57+00:00","og_image":[{"width":2000,"height":1500,"url":"https:\/\/gentedebasquet.com.ar\/sitio\/wp-content\/uploads\/2025\/05\/img_8596.jpg","type":"image\/jpeg"}],"author":"Manuel Lacerenza","twitter_card":"summary_large_image","twitter_misc":{"Escrito por":"Manuel Lacerenza","Tiempo de lectura":"3 minutos"},"schema":{"@context":"https:\/\/schema.org","@graph":[{"@type":"Article","@id":"https:\/\/gentedebasquet.com.ar\/sitio\/2025\/05\/09\/la-segunda-al-hilo-de-9\/#article","isPartOf":{"@id":"https:\/\/gentedebasquet.com.ar\/sitio\/2025\/05\/09\/la-segunda-al-hilo-de-9\/"},"author":{"name":"Manuel Lacerenza","@id":"https:\/\/gentedebasquet.com.ar\/sitio\/#\/schema\/person\/643357fb6a37b5549c9cfe9f339c9f1b"},"headline":"La segunda al hilo de \u201c9\u201d","datePublished":"2025-05-09T03:38:35+00:00","dateModified":"2025-05-09T03:51:57+00:00","mainEntityOfPage":{"@id":"https:\/\/gentedebasquet.com.ar\/sitio\/2025\/05\/09\/la-segunda-al-hilo-de-9\/"},"wordCount":535,"image":{"@id":"https:\/\/gentedebasquet.com.ar\/sitio\/2025\/05\/09\/la-segunda-al-hilo-de-9\/#primaryimage"},"thumbnailUrl":"https:\/\/gentedebasquet.com.ar\/sitio\/wp-content\/uploads\/2025\/05\/img_8596.jpg","keywords":["9 de Julio","Emilio Gimenez","Fernando Pe\u00f1alver","Nahuel Diez","Primera","Primera Divisi\u00f3n","San Lorenzo del Sud","Santiago Ruesga"],"articleSection":["Primera","Slide"],"inLanguage":"es"},{"@type":"WebPage","@id":"https:\/\/gentedebasquet.com.ar\/sitio\/2025\/05\/09\/la-segunda-al-hilo-de-9\/","url":"https:\/\/gentedebasquet.com.ar\/sitio\/2025\/05\/09\/la-segunda-al-hilo-de-9\/","name":"La segunda al hilo de \u201c9\u201d - Gente de B\u00e1squet","isPartOf":{"@id":"https:\/\/gentedebasquet.com.ar\/sitio\/#website"},"primaryImageOfPage":{"@id":"https:\/\/gentedebasquet.com.ar\/sitio\/2025\/05\/09\/la-segunda-al-hilo-de-9\/#primaryimage"},"image":{"@id":"https:\/\/gentedebasquet.com.ar\/sitio\/2025\/05\/09\/la-segunda-al-hilo-de-9\/#primaryimage"},"thumbnailUrl":"https:\/\/gentedebasquet.com.ar\/sitio\/wp-content\/uploads\/2025\/05\/img_8596.jpg","datePublished":"2025-05-09T03:38:35+00:00","dateModified":"2025-05-09T03:51:57+00:00","author":{"@id":"https:\/\/gentedebasquet.com.ar\/sitio\/#\/schema\/person\/643357fb6a37b5549c9cfe9f339c9f1b"},"breadcrumb":{"@id":"https:\/\/gentedebasquet.com.ar\/sitio\/2025\/05\/09\/la-segunda-al-hilo-de-9\/#breadcrumb"},"inLanguage":"es","potentialAction":[{"@type":"ReadAction","target":["https:\/\/gentedebasquet.com.ar\/sitio\/2025\/05\/09\/la-segunda-al-hilo-de-9\/"]}]},{"@type":"ImageObject","inLanguage":"es","@id":"https:\/\/gentedebasquet.com.ar\/sitio\/2025\/05\/09\/la-segunda-al-hilo-de-9\/#primaryimage","url":"https:\/\/gentedebasquet.com.ar\/sitio\/wp-content\/uploads\/2025\/05\/img_8596.jpg","contentUrl":"https:\/\/gentedebasquet.com.ar\/sitio\/wp-content\/uploads\/2025\/05\/img_8596.jpg","width":2000,"height":1500},{"@type":"BreadcrumbList","@id":"https:\/\/gentedebasquet.com.ar\/sitio\/2025\/05\/09\/la-segunda-al-hilo-de-9\/#breadcrumb","itemListElement":[{"@type":"ListItem","position":1,"name":"Portada","item":"https:\/\/gentedebasquet.com.ar\/sitio\/"},{"@type":"ListItem","position":2,"name":"La segunda al hilo de \u201c9\u201d"}]},{"@type":"WebSite","@id":"https:\/\/gentedebasquet.com.ar\/sitio\/#website","url":"https:\/\/gentedebasquet.com.ar\/sitio\/","name":"Gente de B\u00e1squet","description":"La revista del basquet de Bah\u00eda Blanca","potentialAction":[{"@type":"SearchAction","target":{"@type":"EntryPoint","urlTemplate":"https:\/\/gentedebasquet.com.ar\/sitio\/?s={search_term_string}"},"query-input":{"@type":"PropertyValueSpecification","valueRequired":true,"valueName":"search_term_string"}}],"inLanguage":"es"},{"@type":"Person","@id":"https:\/\/gentedebasquet.com.ar\/sitio\/#\/schema\/person\/643357fb6a37b5549c9cfe9f339c9f1b","name":"Manuel Lacerenza","image":{"@type":"ImageObject","inLanguage":"es","@id":"https:\/\/secure.gravatar.com\/avatar\/6a427d587bd181ca8afd828e8cf364f233c5cbe5b8a1332b92ea42687ad97845?s=96&d=mm&r=g","url":"https:\/\/secure.gravatar.com\/avatar\/6a427d587bd181ca8afd828e8cf364f233c5cbe5b8a1332b92ea42687ad97845?s=96&d=mm&r=g","contentUrl":"https:\/\/secure.gravatar.com\/avatar\/6a427d587bd181ca8afd828e8cf364f233c5cbe5b8a1332b92ea42687ad97845?s=96&d=mm&r=g","caption":"Manuel Lacerenza"},"url":"https:\/\/gentedebasquet.com.ar\/sitio\/author\/manuel\/"}]}},"_links":{"self":[{"href":"https:\/\/gentedebasquet.com.ar\/sitio\/wp-json\/wp\/v2\/posts\/115703","targetHints":{"allow":["GET"]}}],"collection":[{"href":"https:\/\/gentedebasquet.com.ar\/sitio\/wp-json\/wp\/v2\/posts"}],"about":[{"href":"https:\/\/gentedebasquet.com.ar\/sitio\/wp-json\/wp\/v2\/types\/post"}],"author":[{"embeddable":true,"href":"https:\/\/gentedebasquet.com.ar\/sitio\/wp-json\/wp\/v2\/users\/82"}],"replies":[{"embeddable":true,"href":"https:\/\/gentedebasquet.com.ar\/sitio\/wp-json\/wp\/v2\/comments?post=115703"}],"version-history":[{"count":2,"href":"https:\/\/gentedebasquet.com.ar\/sitio\/wp-json\/wp\/v2\/posts\/115703\/revisions"}],"predecessor-version":[{"id":115709,"href":"https:\/\/gentedebasquet.com.ar\/sitio\/wp-json\/wp\/v2\/posts\/115703\/revisions\/115709"}],"wp:featuredmedia":[{"embeddable":true,"href":"https:\/\/gentedebasquet.com.ar\/sitio\/wp-json\/wp\/v2\/media\/115702"}],"wp:attachment":[{"href":"https:\/\/gentedebasquet.com.ar\/sitio\/wp-json\/wp\/v2\/media?parent=115703"}],"wp:term":[{"taxonomy":"category","embeddable":true,"href":"https:\/\/gentedebasquet.com.ar\/sitio\/wp-json\/wp\/v2\/categories?post=115703"},{"taxonomy":"post_tag","embeddable":true,"href":"https:\/\/gentedebasquet.com.ar\/sitio\/wp-json\/wp\/v2\/tags?post=115703"}],"curies":[{"name":"wp","href":"https:\/\/api.w.org\/{rel}","templated":true}]}}