{"id":115765,"date":"2025-05-12T06:03:18","date_gmt":"2025-05-12T04:03:18","guid":{"rendered":"https:\/\/gentedebasquet.com.ar\/sitio\/?p=115765"},"modified":"2025-05-12T15:35:55","modified_gmt":"2025-05-12T13:35:55","slug":"bahiense-espero-su-momento-y-le-gano-al-albo","status":"publish","type":"post","link":"https:\/\/gentedebasquet.com.ar\/sitio\/2025\/05\/12\/bahiense-espero-su-momento-y-le-gano-al-albo\/","title":{"rendered":"Bahiense esper\u00f3 su momento y le gan\u00f3 al albo"},"content":{"rendered":"<p><strong>El equipo de la calle Salta recibi\u00f3 a Estudiantes para disputar el partido de la fecha 2 del campeonato femenino de mayores y le gan\u00f3 58 a 47. Juana Montivero tuvo la actuaci\u00f3n sobresaliente del d\u00eda: anot\u00f3 23 puntos, con 6 de 8 en dobles, 2 de 3 en triples y 5 de 6 tiros libres anotados. Todas las jugadoras de Estudiantes marcaron un punto o m\u00e1s pero la \u00fanica que lleg\u00f3 a diez fue su nueva integrante, ex El Nacional, Victoria Escudero.<\/strong><\/p>\n<p><strong>Las variantes de ataque establecieron una diferencia a favor del conjunto azul y blanco en el comienzo del encuentro. Bahiense del Norte marc\u00f3 solo un punto en la primera mitad del primer cuarto. En la segunda mitad su actividad fue mejorando, gracias en primer lugar a la conducci\u00f3n y la efectividad en tiros de Kenny y Marcocci. Sobre el cierre llegaron tambien puntos de Carcas y Tevez, que dejaron el marcador 18-12 para Estudiantes.<\/strong><\/p>\n<p><strong>\u00a0En el segundo parcial algunas cosas se repitieron. Estudiantes fue el dominador de la acci\u00f3n en la mayor parte del tiempo. Con Candelaria Lauman en la zona pintada desvi\u00f3 los tiros cercanos que intent\u00f3 Bahiense y este se vio obligado a alejarse. Las que ahora son dirigidas por Juli\u00e1n Manqueo llegaron a sacar 14 de diferencia a falta de tres minutos (30-16). En este instante, del otro lado de la cancha, se ilumin\u00f3 Juana Montivero. Con nueve puntos consecutivos de la jugadora local de 15 a\u00f1os (tres dobles y un triple), Bahiense cerr\u00f3 el primer tiempo perdiendo solo por cinco, 30 a 25.<\/strong><\/p>\n<p><strong>El dato de color es que este fue el tercer partido en el que Montivero particip\u00f3 durante el domingo. Marc\u00f3 22 puntos en 28 minutos del partido de U17 y no ingres\u00f3 en el de las U21.<\/strong><\/p>\n<p><strong>A partir del tercer cuarto el mando lo tuvo Bahiense. Con la capacidad de Agustina Tevez para rebotear y corregir tiros y el talento de Marcocci y Carcas para sacarle la pelota de las manos a sus rivales el equipo local fue armando un panorama bien distinto al pasado. 40-37 ganaba Estudiantes cuando arranc\u00f3 el \u00faltimo cuarto.<\/strong><\/p>\n<p><strong>En los \u00faltimos diez minutos fueron protagonistas las dos m\u00e1ximas goleadoras de la noche, las locales Agustina Kenny y Juana Montivero. Doce puntos m\u00e1s aport\u00f3 esta \u00faltima, incluyendo un triple clave que dej\u00f3 a su equipo con ventaja de diez a un minuto del final. Kenny demostr\u00f3 visi\u00f3n de juego para asistir y manejo de pelota en momentos determinantes. Estudiantes perdi\u00f3 ubicaci\u00f3n sobre el parquet, ya no fue da\u00f1ino en ataque y por eso la victoria termin\u00f3 quedando para el plantel que orienta Luciano Deminicis.<\/strong><\/p>\n<p><strong>En la siguiente fecha Bahiense del Norte tendr\u00e1 descanso, Estudiantes ser\u00e1 local contra Argentino y 9 de Julio recibir\u00e1 a Sportivo Bahiense.\u00a0 \u00a0<\/strong><\/p>\n<p>&nbsp;<\/p>\n<div class=\"jeg_video_container jeg_video_content\"><iframe loading=\"lazy\" title=\"#PrimeraFemenina - Fecha #2 : Bahiense del Norte 58 - 47 Estudiantes\" width=\"500\" height=\"281\" src=\"https:\/\/www.youtube.com\/embed\/5my3Xd3C2to?feature=oembed\" frameborder=\"0\" allow=\"accelerometer; autoplay; clipboard-write; encrypted-media; gyroscope; picture-in-picture; web-share\" referrerpolicy=\"strict-origin-when-cross-origin\" allowfullscreen><\/iframe><\/div>\n<div><\/div>\n<div><\/div>\n<div class=\"jeg_video_container jeg_video_content\">\n<div class=\"jeg_video_container jeg_video_content\">\n<div class=\"jeg_video_container jeg_video_content\">\n<div class=\"jeg_video_container jeg_video_content\"><img decoding=\"async\" class=\"alignnone wp-image-115770 \" src=\"http:\/\/gentedebasquet.com.ar\/sitio\/wp-content\/uploads\/2025\/05\/CLAVEBahie-300x300.png\" alt=\"\" width=\"442\" height=\"442\" srcset=\"https:\/\/gentedebasquet.com.ar\/sitio\/wp-content\/uploads\/2025\/05\/CLAVEBahie-300x300.png 300w, https:\/\/gentedebasquet.com.ar\/sitio\/wp-content\/uploads\/2025\/05\/CLAVEBahie-1024x1024.png 1024w, https:\/\/gentedebasquet.com.ar\/sitio\/wp-content\/uploads\/2025\/05\/CLAVEBahie-150x150.png 150w, https:\/\/gentedebasquet.com.ar\/sitio\/wp-content\/uploads\/2025\/05\/CLAVEBahie-768x768.png 768w, https:\/\/gentedebasquet.com.ar\/sitio\/wp-content\/uploads\/2025\/05\/CLAVEBahie-1536x1536.png 1536w, https:\/\/gentedebasquet.com.ar\/sitio\/wp-content\/uploads\/2025\/05\/CLAVEBahie-75x75.png 75w, https:\/\/gentedebasquet.com.ar\/sitio\/wp-content\/uploads\/2025\/05\/CLAVEBahie-350x350.png 350w, https:\/\/gentedebasquet.com.ar\/sitio\/wp-content\/uploads\/2025\/05\/CLAVEBahie-750x750.png 750w, https:\/\/gentedebasquet.com.ar\/sitio\/wp-content\/uploads\/2025\/05\/CLAVEBahie-1140x1140.png 1140w, https:\/\/gentedebasquet.com.ar\/sitio\/wp-content\/uploads\/2025\/05\/CLAVEBahie.png 2000w\" sizes=\"(max-width: 442px) 100vw, 442px\" \/><\/div>\n<\/div>\n<\/div>\n<\/div>\n<p>&nbsp;<\/p>\n<p>&nbsp;<\/p>\n<blockquote><p>Hoy me gust\u00f3 que jugamos m\u00e1s juntas, nos pasamos mejor la pelota y pudimos correr m\u00e1s. El nuestro es un equipo que se arm\u00f3 hace poco. Vamos a intentar pelear todos los partidos y llegar lo m\u00e1s alto posible en el torneo.\u00a0<strong>Juana Montivero, Bahiense del Norte.<\/strong><\/p>\n<p>&nbsp;<\/p><\/blockquote>\n<p><img decoding=\"async\" class=\"alignnone wp-image-115768 \" src=\"http:\/\/gentedebasquet.com.ar\/sitio\/wp-content\/uploads\/2025\/05\/MVPBahie-300x300.png\" alt=\"\" width=\"496\" height=\"496\" srcset=\"https:\/\/gentedebasquet.com.ar\/sitio\/wp-content\/uploads\/2025\/05\/MVPBahie-300x300.png 300w, https:\/\/gentedebasquet.com.ar\/sitio\/wp-content\/uploads\/2025\/05\/MVPBahie-1024x1024.png 1024w, https:\/\/gentedebasquet.com.ar\/sitio\/wp-content\/uploads\/2025\/05\/MVPBahie-150x150.png 150w, https:\/\/gentedebasquet.com.ar\/sitio\/wp-content\/uploads\/2025\/05\/MVPBahie-768x768.png 768w, https:\/\/gentedebasquet.com.ar\/sitio\/wp-content\/uploads\/2025\/05\/MVPBahie-1536x1536.png 1536w, https:\/\/gentedebasquet.com.ar\/sitio\/wp-content\/uploads\/2025\/05\/MVPBahie-75x75.png 75w, https:\/\/gentedebasquet.com.ar\/sitio\/wp-content\/uploads\/2025\/05\/MVPBahie-350x350.png 350w, https:\/\/gentedebasquet.com.ar\/sitio\/wp-content\/uploads\/2025\/05\/MVPBahie-750x750.png 750w, https:\/\/gentedebasquet.com.ar\/sitio\/wp-content\/uploads\/2025\/05\/MVPBahie-1140x1140.png 1140w, https:\/\/gentedebasquet.com.ar\/sitio\/wp-content\/uploads\/2025\/05\/MVPBahie.png 2000w\" sizes=\"(max-width: 496px) 100vw, 496px\" \/><\/p>\n<p><strong>S\u00edntesis &#8211; Primera Femenina &#8211; Fecha 2<\/strong><\/p>\n<p><strong>Bahiense del Norte 58 : <\/strong>Ana Liz Carcas 5; Bernardita Marcocci 5; Agustina Kenny 12; Guillermina Rial 2; Agustina Tevez 5\u00a0<strong>(F.I.)<\/strong> Juana Montivero 23; Morena Lescano 4; Martina Bussetti 2; Clara Pisani; Isabella Canutti; Azul Rodr\u00edguez. <strong>DT:<\/strong> Luciano Deminicis.<\/p>\n<p><strong>Estudiantes 47 : <\/strong>Josefina Rodr\u00edguez 6; Juliana Brossard 6; Cinthia M\u00e1rquez 4; Josefina Brossard 2; Candelaria Lauman 6\u00a0<strong>(F.I.)<\/strong> Victoria Escudero 10; Martina Caputo 4; Sof\u00eda Trellini 2; Luz Fierro 2; Luciana Mansilla 3; Emilce Islas 1; Victoria Hollman 1. <strong>DT:<\/strong> Juli\u00e1n Manqueo.<\/p>\n<p><strong>Parciales:<\/strong> 12-18; 25-30 (13-12); 37-40 (12-10); 58-47 (21-7).<\/p>\n<p><strong>\u00c1rbitros:<\/strong> Yamila Nicoletta &#8211; Marcelo Gordillo.<\/p>\n<p><strong>Estadio:\u00a0<\/strong>Manu Gin\u00f3bili (Bahiense del Norte).<\/p>\n<p>&nbsp;<\/p>\n<p><img decoding=\"async\" class=\"alignnone wp-image-115772 \" src=\"http:\/\/gentedebasquet.com.ar\/sitio\/wp-content\/uploads\/2025\/05\/trellini-300x190.png\" alt=\"\" width=\"685\" height=\"434\" srcset=\"https:\/\/gentedebasquet.com.ar\/sitio\/wp-content\/uploads\/2025\/05\/trellini-300x190.png 300w, https:\/\/gentedebasquet.com.ar\/sitio\/wp-content\/uploads\/2025\/05\/trellini-1024x648.png 1024w, https:\/\/gentedebasquet.com.ar\/sitio\/wp-content\/uploads\/2025\/05\/trellini-768x486.png 768w, https:\/\/gentedebasquet.com.ar\/sitio\/wp-content\/uploads\/2025\/05\/trellini-1536x972.png 1536w, https:\/\/gentedebasquet.com.ar\/sitio\/wp-content\/uploads\/2025\/05\/trellini-750x475.png 750w, https:\/\/gentedebasquet.com.ar\/sitio\/wp-content\/uploads\/2025\/05\/trellini-1140x721.png 1140w, https:\/\/gentedebasquet.com.ar\/sitio\/wp-content\/uploads\/2025\/05\/trellini.png 1677w\" sizes=\"(max-width: 685px) 100vw, 685px\" \/><\/p>\n<p>&nbsp;<\/p>\n","protected":false},"excerpt":{"rendered":"<p>El equipo de la calle Salta recibi\u00f3 a Estudiantes para disputar el partido de la fecha 2 del campeonato femenino de mayores y le gan\u00f3 58 a 47. Juana Montivero tuvo la actuaci\u00f3n sobresaliente del d\u00eda: anot\u00f3 23 puntos, con 6 de 8 en dobles, 2 de 3 en triples y 5 de 6 tiros [&hellip;]<\/p>\n","protected":false},"author":70,"featured_media":115771,"comment_status":"open","ping_status":"open","sticky":false,"template":"","format":"standard","meta":{"jnews-multi-image_gallery":[],"jnews_single_post":{"source_name":"","source_url":"","via_name":"","via_url":"","override_template":"0","override":[{"template":"1","single_blog_custom":"","parallax":"1","fullscreen":"1","layout":"right-sidebar","sidebar":"default-sidebar","second_sidebar":"default-sidebar","sticky_sidebar":"1","share_position":"top","share_float_style":"share-monocrhome","show_share_counter":"0","show_view_counter":"0","show_featured":"1","show_post_meta":"1","show_post_author":"1","show_post_author_image":"0","show_post_date":"1","post_date_format":"default","post_date_format_custom":"Y\/m\/d","show_post_category":"1","show_post_reading_time":"0","post_reading_time_wpm":"300","show_zoom_button":"0","zoom_button_out_step":"2","zoom_button_in_step":"3","show_post_tag":"1","show_prev_next_post":"1","show_popup_post":"0","number_popup_post":"1","show_author_box":"0","show_post_related":"0","show_inline_post_related":"0"}],"override_image_size":"0","image_override":[{"single_post_thumbnail_size":"crop-500","single_post_gallery_size":"crop-500"}],"trending_post":"0","trending_post_position":"meta","trending_post_label":"Trending","sponsored_post":"0","sponsored_post_label":"Sponsored by","sponsored_post_name":"","sponsored_post_url":"","sponsored_post_logo_enable":"0","sponsored_post_logo":"","sponsored_post_desc":"","disable_ad":"0"},"jnews_primary_category":{"id":"","hide":""},"footnotes":""},"categories":[33,101],"tags":[5,11,2022,1980],"class_list":["post-115765","post","type-post","status-publish","format-standard","has-post-thumbnail","hentry","category-femenino","category-slide","tag-bahiense-del-norte","tag-estudiantes","tag-juana-montivero","tag-victoria-escudero"],"yoast_head":"<!-- This site is optimized with the Yoast SEO plugin v27.5 - https:\/\/yoast.com\/product\/yoast-seo-wordpress\/ -->\n<title>Bahiense esper\u00f3 su momento y le gan\u00f3 al albo - Gente de B\u00e1squet<\/title>\n<meta name=\"robots\" content=\"index, follow, max-snippet:-1, max-image-preview:large, max-video-preview:-1\" \/>\n<link rel=\"canonical\" href=\"https:\/\/gentedebasquet.com.ar\/sitio\/2025\/05\/12\/bahiense-espero-su-momento-y-le-gano-al-albo\/\" \/>\n<meta property=\"og:locale\" content=\"es_ES\" \/>\n<meta property=\"og:type\" content=\"article\" \/>\n<meta property=\"og:title\" content=\"Bahiense esper\u00f3 su momento y le gan\u00f3 al albo - Gente de B\u00e1squet\" \/>\n<meta property=\"og:description\" content=\"El equipo de la calle Salta recibi\u00f3 a Estudiantes para disputar el partido de la fecha 2 del campeonato femenino de mayores y le gan\u00f3 58 a 47. Juana Montivero tuvo la actuaci\u00f3n sobresaliente del d\u00eda: anot\u00f3 23 puntos, con 6 de 8 en dobles, 2 de 3 en triples y 5 de 6 tiros [&hellip;]\" \/>\n<meta property=\"og:url\" content=\"https:\/\/gentedebasquet.com.ar\/sitio\/2025\/05\/12\/bahiense-espero-su-momento-y-le-gano-al-albo\/\" \/>\n<meta property=\"og:site_name\" content=\"Gente de B\u00e1squet\" \/>\n<meta property=\"article:published_time\" content=\"2025-05-12T04:03:18+00:00\" \/>\n<meta property=\"article:modified_time\" content=\"2025-05-12T13:35:55+00:00\" \/>\n<meta property=\"og:image\" content=\"https:\/\/gentedebasquet.com.ar\/sitio\/wp-content\/uploads\/2025\/05\/vlcsnap-2025-05-12-00h46m49s176.png\" \/>\n\t<meta property=\"og:image:width\" content=\"690\" \/>\n\t<meta property=\"og:image:height\" content=\"319\" \/>\n\t<meta property=\"og:image:type\" content=\"image\/png\" \/>\n<meta name=\"author\" content=\"Andres Camarero\" \/>\n<meta name=\"twitter:card\" content=\"summary_large_image\" \/>\n<meta name=\"twitter:label1\" content=\"Escrito por\" \/>\n\t<meta name=\"twitter:data1\" content=\"Andres Camarero\" \/>\n\t<meta name=\"twitter:label2\" content=\"Tiempo de lectura\" \/>\n\t<meta name=\"twitter:data2\" content=\"4 minutos\" \/>\n<script type=\"application\/ld+json\" class=\"yoast-schema-graph\">{\"@context\":\"https:\\\/\\\/schema.org\",\"@graph\":[{\"@type\":\"Article\",\"@id\":\"https:\\\/\\\/gentedebasquet.com.ar\\\/sitio\\\/2025\\\/05\\\/12\\\/bahiense-espero-su-momento-y-le-gano-al-albo\\\/#article\",\"isPartOf\":{\"@id\":\"https:\\\/\\\/gentedebasquet.com.ar\\\/sitio\\\/2025\\\/05\\\/12\\\/bahiense-espero-su-momento-y-le-gano-al-albo\\\/\"},\"author\":{\"name\":\"Andres Camarero\",\"@id\":\"https:\\\/\\\/gentedebasquet.com.ar\\\/sitio\\\/#\\\/schema\\\/person\\\/6f3e5bc5df127b420a445d22fc9eaa51\"},\"headline\":\"Bahiense esper\u00f3 su momento y le gan\u00f3 al albo\",\"datePublished\":\"2025-05-12T04:03:18+00:00\",\"dateModified\":\"2025-05-12T13:35:55+00:00\",\"mainEntityOfPage\":{\"@id\":\"https:\\\/\\\/gentedebasquet.com.ar\\\/sitio\\\/2025\\\/05\\\/12\\\/bahiense-espero-su-momento-y-le-gano-al-albo\\\/\"},\"wordCount\":629,\"commentCount\":0,\"image\":{\"@id\":\"https:\\\/\\\/gentedebasquet.com.ar\\\/sitio\\\/2025\\\/05\\\/12\\\/bahiense-espero-su-momento-y-le-gano-al-albo\\\/#primaryimage\"},\"thumbnailUrl\":\"https:\\\/\\\/gentedebasquet.com.ar\\\/sitio\\\/wp-content\\\/uploads\\\/2025\\\/05\\\/vlcsnap-2025-05-12-00h46m49s176.png\",\"keywords\":[\"Bahiense Del Norte\",\"Estudiantes\",\"Juana Montivero\",\"Victoria Escudero\"],\"articleSection\":[\"Femenino\",\"Slide\"],\"inLanguage\":\"es\",\"potentialAction\":[{\"@type\":\"CommentAction\",\"name\":\"Comment\",\"target\":[\"https:\\\/\\\/gentedebasquet.com.ar\\\/sitio\\\/2025\\\/05\\\/12\\\/bahiense-espero-su-momento-y-le-gano-al-albo\\\/#respond\"]}]},{\"@type\":\"WebPage\",\"@id\":\"https:\\\/\\\/gentedebasquet.com.ar\\\/sitio\\\/2025\\\/05\\\/12\\\/bahiense-espero-su-momento-y-le-gano-al-albo\\\/\",\"url\":\"https:\\\/\\\/gentedebasquet.com.ar\\\/sitio\\\/2025\\\/05\\\/12\\\/bahiense-espero-su-momento-y-le-gano-al-albo\\\/\",\"name\":\"Bahiense esper\u00f3 su momento y le gan\u00f3 al albo - Gente de B\u00e1squet\",\"isPartOf\":{\"@id\":\"https:\\\/\\\/gentedebasquet.com.ar\\\/sitio\\\/#website\"},\"primaryImageOfPage\":{\"@id\":\"https:\\\/\\\/gentedebasquet.com.ar\\\/sitio\\\/2025\\\/05\\\/12\\\/bahiense-espero-su-momento-y-le-gano-al-albo\\\/#primaryimage\"},\"image\":{\"@id\":\"https:\\\/\\\/gentedebasquet.com.ar\\\/sitio\\\/2025\\\/05\\\/12\\\/bahiense-espero-su-momento-y-le-gano-al-albo\\\/#primaryimage\"},\"thumbnailUrl\":\"https:\\\/\\\/gentedebasquet.com.ar\\\/sitio\\\/wp-content\\\/uploads\\\/2025\\\/05\\\/vlcsnap-2025-05-12-00h46m49s176.png\",\"datePublished\":\"2025-05-12T04:03:18+00:00\",\"dateModified\":\"2025-05-12T13:35:55+00:00\",\"author\":{\"@id\":\"https:\\\/\\\/gentedebasquet.com.ar\\\/sitio\\\/#\\\/schema\\\/person\\\/6f3e5bc5df127b420a445d22fc9eaa51\"},\"breadcrumb\":{\"@id\":\"https:\\\/\\\/gentedebasquet.com.ar\\\/sitio\\\/2025\\\/05\\\/12\\\/bahiense-espero-su-momento-y-le-gano-al-albo\\\/#breadcrumb\"},\"inLanguage\":\"es\",\"potentialAction\":[{\"@type\":\"ReadAction\",\"target\":[\"https:\\\/\\\/gentedebasquet.com.ar\\\/sitio\\\/2025\\\/05\\\/12\\\/bahiense-espero-su-momento-y-le-gano-al-albo\\\/\"]}]},{\"@type\":\"ImageObject\",\"inLanguage\":\"es\",\"@id\":\"https:\\\/\\\/gentedebasquet.com.ar\\\/sitio\\\/2025\\\/05\\\/12\\\/bahiense-espero-su-momento-y-le-gano-al-albo\\\/#primaryimage\",\"url\":\"https:\\\/\\\/gentedebasquet.com.ar\\\/sitio\\\/wp-content\\\/uploads\\\/2025\\\/05\\\/vlcsnap-2025-05-12-00h46m49s176.png\",\"contentUrl\":\"https:\\\/\\\/gentedebasquet.com.ar\\\/sitio\\\/wp-content\\\/uploads\\\/2025\\\/05\\\/vlcsnap-2025-05-12-00h46m49s176.png\",\"width\":690,\"height\":319},{\"@type\":\"BreadcrumbList\",\"@id\":\"https:\\\/\\\/gentedebasquet.com.ar\\\/sitio\\\/2025\\\/05\\\/12\\\/bahiense-espero-su-momento-y-le-gano-al-albo\\\/#breadcrumb\",\"itemListElement\":[{\"@type\":\"ListItem\",\"position\":1,\"name\":\"Portada\",\"item\":\"https:\\\/\\\/gentedebasquet.com.ar\\\/sitio\\\/\"},{\"@type\":\"ListItem\",\"position\":2,\"name\":\"Bahiense esper\u00f3 su momento y le gan\u00f3 al albo\"}]},{\"@type\":\"WebSite\",\"@id\":\"https:\\\/\\\/gentedebasquet.com.ar\\\/sitio\\\/#website\",\"url\":\"https:\\\/\\\/gentedebasquet.com.ar\\\/sitio\\\/\",\"name\":\"Gente de B\u00e1squet\",\"description\":\"La revista del basquet de Bah\u00eda Blanca\",\"potentialAction\":[{\"@type\":\"SearchAction\",\"target\":{\"@type\":\"EntryPoint\",\"urlTemplate\":\"https:\\\/\\\/gentedebasquet.com.ar\\\/sitio\\\/?s={search_term_string}\"},\"query-input\":{\"@type\":\"PropertyValueSpecification\",\"valueRequired\":true,\"valueName\":\"search_term_string\"}}],\"inLanguage\":\"es\"},{\"@type\":\"Person\",\"@id\":\"https:\\\/\\\/gentedebasquet.com.ar\\\/sitio\\\/#\\\/schema\\\/person\\\/6f3e5bc5df127b420a445d22fc9eaa51\",\"name\":\"Andres Camarero\",\"image\":{\"@type\":\"ImageObject\",\"inLanguage\":\"es\",\"@id\":\"https:\\\/\\\/secure.gravatar.com\\\/avatar\\\/f6d4884ec54a50c25ccd5e4f54f5e904d09dfe74ef58e58f631f3917b6fed7cd?s=96&d=mm&r=g\",\"url\":\"https:\\\/\\\/secure.gravatar.com\\\/avatar\\\/f6d4884ec54a50c25ccd5e4f54f5e904d09dfe74ef58e58f631f3917b6fed7cd?s=96&d=mm&r=g\",\"contentUrl\":\"https:\\\/\\\/secure.gravatar.com\\\/avatar\\\/f6d4884ec54a50c25ccd5e4f54f5e904d09dfe74ef58e58f631f3917b6fed7cd?s=96&d=mm&r=g\",\"caption\":\"Andres Camarero\"},\"url\":\"https:\\\/\\\/gentedebasquet.com.ar\\\/sitio\\\/author\\\/andres-camarero\\\/\"}]}<\/script>\n<!-- \/ Yoast SEO plugin. -->","yoast_head_json":{"title":"Bahiense esper\u00f3 su momento y le gan\u00f3 al albo - Gente de B\u00e1squet","robots":{"index":"index","follow":"follow","max-snippet":"max-snippet:-1","max-image-preview":"max-image-preview:large","max-video-preview":"max-video-preview:-1"},"canonical":"https:\/\/gentedebasquet.com.ar\/sitio\/2025\/05\/12\/bahiense-espero-su-momento-y-le-gano-al-albo\/","og_locale":"es_ES","og_type":"article","og_title":"Bahiense esper\u00f3 su momento y le gan\u00f3 al albo - Gente de B\u00e1squet","og_description":"El equipo de la calle Salta recibi\u00f3 a Estudiantes para disputar el partido de la fecha 2 del campeonato femenino de mayores y le gan\u00f3 58 a 47. Juana Montivero tuvo la actuaci\u00f3n sobresaliente del d\u00eda: anot\u00f3 23 puntos, con 6 de 8 en dobles, 2 de 3 en triples y 5 de 6 tiros [&hellip;]","og_url":"https:\/\/gentedebasquet.com.ar\/sitio\/2025\/05\/12\/bahiense-espero-su-momento-y-le-gano-al-albo\/","og_site_name":"Gente de B\u00e1squet","article_published_time":"2025-05-12T04:03:18+00:00","article_modified_time":"2025-05-12T13:35:55+00:00","og_image":[{"width":690,"height":319,"url":"https:\/\/gentedebasquet.com.ar\/sitio\/wp-content\/uploads\/2025\/05\/vlcsnap-2025-05-12-00h46m49s176.png","type":"image\/png"}],"author":"Andres Camarero","twitter_card":"summary_large_image","twitter_misc":{"Escrito por":"Andres Camarero","Tiempo de lectura":"4 minutos"},"schema":{"@context":"https:\/\/schema.org","@graph":[{"@type":"Article","@id":"https:\/\/gentedebasquet.com.ar\/sitio\/2025\/05\/12\/bahiense-espero-su-momento-y-le-gano-al-albo\/#article","isPartOf":{"@id":"https:\/\/gentedebasquet.com.ar\/sitio\/2025\/05\/12\/bahiense-espero-su-momento-y-le-gano-al-albo\/"},"author":{"name":"Andres Camarero","@id":"https:\/\/gentedebasquet.com.ar\/sitio\/#\/schema\/person\/6f3e5bc5df127b420a445d22fc9eaa51"},"headline":"Bahiense esper\u00f3 su momento y le gan\u00f3 al albo","datePublished":"2025-05-12T04:03:18+00:00","dateModified":"2025-05-12T13:35:55+00:00","mainEntityOfPage":{"@id":"https:\/\/gentedebasquet.com.ar\/sitio\/2025\/05\/12\/bahiense-espero-su-momento-y-le-gano-al-albo\/"},"wordCount":629,"commentCount":0,"image":{"@id":"https:\/\/gentedebasquet.com.ar\/sitio\/2025\/05\/12\/bahiense-espero-su-momento-y-le-gano-al-albo\/#primaryimage"},"thumbnailUrl":"https:\/\/gentedebasquet.com.ar\/sitio\/wp-content\/uploads\/2025\/05\/vlcsnap-2025-05-12-00h46m49s176.png","keywords":["Bahiense Del Norte","Estudiantes","Juana Montivero","Victoria Escudero"],"articleSection":["Femenino","Slide"],"inLanguage":"es","potentialAction":[{"@type":"CommentAction","name":"Comment","target":["https:\/\/gentedebasquet.com.ar\/sitio\/2025\/05\/12\/bahiense-espero-su-momento-y-le-gano-al-albo\/#respond"]}]},{"@type":"WebPage","@id":"https:\/\/gentedebasquet.com.ar\/sitio\/2025\/05\/12\/bahiense-espero-su-momento-y-le-gano-al-albo\/","url":"https:\/\/gentedebasquet.com.ar\/sitio\/2025\/05\/12\/bahiense-espero-su-momento-y-le-gano-al-albo\/","name":"Bahiense esper\u00f3 su momento y le gan\u00f3 al albo - Gente de B\u00e1squet","isPartOf":{"@id":"https:\/\/gentedebasquet.com.ar\/sitio\/#website"},"primaryImageOfPage":{"@id":"https:\/\/gentedebasquet.com.ar\/sitio\/2025\/05\/12\/bahiense-espero-su-momento-y-le-gano-al-albo\/#primaryimage"},"image":{"@id":"https:\/\/gentedebasquet.com.ar\/sitio\/2025\/05\/12\/bahiense-espero-su-momento-y-le-gano-al-albo\/#primaryimage"},"thumbnailUrl":"https:\/\/gentedebasquet.com.ar\/sitio\/wp-content\/uploads\/2025\/05\/vlcsnap-2025-05-12-00h46m49s176.png","datePublished":"2025-05-12T04:03:18+00:00","dateModified":"2025-05-12T13:35:55+00:00","author":{"@id":"https:\/\/gentedebasquet.com.ar\/sitio\/#\/schema\/person\/6f3e5bc5df127b420a445d22fc9eaa51"},"breadcrumb":{"@id":"https:\/\/gentedebasquet.com.ar\/sitio\/2025\/05\/12\/bahiense-espero-su-momento-y-le-gano-al-albo\/#breadcrumb"},"inLanguage":"es","potentialAction":[{"@type":"ReadAction","target":["https:\/\/gentedebasquet.com.ar\/sitio\/2025\/05\/12\/bahiense-espero-su-momento-y-le-gano-al-albo\/"]}]},{"@type":"ImageObject","inLanguage":"es","@id":"https:\/\/gentedebasquet.com.ar\/sitio\/2025\/05\/12\/bahiense-espero-su-momento-y-le-gano-al-albo\/#primaryimage","url":"https:\/\/gentedebasquet.com.ar\/sitio\/wp-content\/uploads\/2025\/05\/vlcsnap-2025-05-12-00h46m49s176.png","contentUrl":"https:\/\/gentedebasquet.com.ar\/sitio\/wp-content\/uploads\/2025\/05\/vlcsnap-2025-05-12-00h46m49s176.png","width":690,"height":319},{"@type":"BreadcrumbList","@id":"https:\/\/gentedebasquet.com.ar\/sitio\/2025\/05\/12\/bahiense-espero-su-momento-y-le-gano-al-albo\/#breadcrumb","itemListElement":[{"@type":"ListItem","position":1,"name":"Portada","item":"https:\/\/gentedebasquet.com.ar\/sitio\/"},{"@type":"ListItem","position":2,"name":"Bahiense esper\u00f3 su momento y le gan\u00f3 al albo"}]},{"@type":"WebSite","@id":"https:\/\/gentedebasquet.com.ar\/sitio\/#website","url":"https:\/\/gentedebasquet.com.ar\/sitio\/","name":"Gente de B\u00e1squet","description":"La revista del basquet de Bah\u00eda Blanca","potentialAction":[{"@type":"SearchAction","target":{"@type":"EntryPoint","urlTemplate":"https:\/\/gentedebasquet.com.ar\/sitio\/?s={search_term_string}"},"query-input":{"@type":"PropertyValueSpecification","valueRequired":true,"valueName":"search_term_string"}}],"inLanguage":"es"},{"@type":"Person","@id":"https:\/\/gentedebasquet.com.ar\/sitio\/#\/schema\/person\/6f3e5bc5df127b420a445d22fc9eaa51","name":"Andres Camarero","image":{"@type":"ImageObject","inLanguage":"es","@id":"https:\/\/secure.gravatar.com\/avatar\/f6d4884ec54a50c25ccd5e4f54f5e904d09dfe74ef58e58f631f3917b6fed7cd?s=96&d=mm&r=g","url":"https:\/\/secure.gravatar.com\/avatar\/f6d4884ec54a50c25ccd5e4f54f5e904d09dfe74ef58e58f631f3917b6fed7cd?s=96&d=mm&r=g","contentUrl":"https:\/\/secure.gravatar.com\/avatar\/f6d4884ec54a50c25ccd5e4f54f5e904d09dfe74ef58e58f631f3917b6fed7cd?s=96&d=mm&r=g","caption":"Andres Camarero"},"url":"https:\/\/gentedebasquet.com.ar\/sitio\/author\/andres-camarero\/"}]}},"_links":{"self":[{"href":"https:\/\/gentedebasquet.com.ar\/sitio\/wp-json\/wp\/v2\/posts\/115765","targetHints":{"allow":["GET"]}}],"collection":[{"href":"https:\/\/gentedebasquet.com.ar\/sitio\/wp-json\/wp\/v2\/posts"}],"about":[{"href":"https:\/\/gentedebasquet.com.ar\/sitio\/wp-json\/wp\/v2\/types\/post"}],"author":[{"embeddable":true,"href":"https:\/\/gentedebasquet.com.ar\/sitio\/wp-json\/wp\/v2\/users\/70"}],"replies":[{"embeddable":true,"href":"https:\/\/gentedebasquet.com.ar\/sitio\/wp-json\/wp\/v2\/comments?post=115765"}],"version-history":[{"count":6,"href":"https:\/\/gentedebasquet.com.ar\/sitio\/wp-json\/wp\/v2\/posts\/115765\/revisions"}],"predecessor-version":[{"id":115779,"href":"https:\/\/gentedebasquet.com.ar\/sitio\/wp-json\/wp\/v2\/posts\/115765\/revisions\/115779"}],"wp:featuredmedia":[{"embeddable":true,"href":"https:\/\/gentedebasquet.com.ar\/sitio\/wp-json\/wp\/v2\/media\/115771"}],"wp:attachment":[{"href":"https:\/\/gentedebasquet.com.ar\/sitio\/wp-json\/wp\/v2\/media?parent=115765"}],"wp:term":[{"taxonomy":"category","embeddable":true,"href":"https:\/\/gentedebasquet.com.ar\/sitio\/wp-json\/wp\/v2\/categories?post=115765"},{"taxonomy":"post_tag","embeddable":true,"href":"https:\/\/gentedebasquet.com.ar\/sitio\/wp-json\/wp\/v2\/tags?post=115765"}],"curies":[{"name":"wp","href":"https:\/\/api.w.org\/{rel}","templated":true}]}}