{"id":116098,"date":"2025-05-28T05:52:05","date_gmt":"2025-05-28T03:52:05","guid":{"rendered":"https:\/\/gentedebasquet.com.ar\/sitio\/?p=116098"},"modified":"2025-05-28T05:52:05","modified_gmt":"2025-05-28T03:52:05","slug":"altense-volvio-a-sonreir-en-su-casa","status":"publish","type":"post","link":"https:\/\/gentedebasquet.com.ar\/sitio\/2025\/05\/28\/altense-volvio-a-sonreir-en-su-casa\/","title":{"rendered":"Altense volvi\u00f3 a sonre\u00edr en su casa"},"content":{"rendered":"<p><strong>Le gan\u00f3 por un contundente 93 a 49 a Los Andes. Juan Manuel Bicondoa con 23 unidades (4\/6 en T2 y 5\/8 en T3), Nahuel Zanabr\u00eda con 18 y Bruno D\u00b4Amico con 15 m\u00e1s 12 cristales, fueron los m\u00e1s determinantes del verde.<\/strong><\/p>\n<p><strong>En la escuadra de Enrique Moreno, que totaliz\u00f3 17\/51 en TC (con 33% de efectividad), hubo 14 puntos de Mauro Veliz y 12 de Gast\u00f3n Mart\u00ednez.<\/strong><\/p>\n<p><strong>El local tuvo un inicio de 1C catastr\u00f3fico (0-11 en 5min), pero reaccion\u00f3 en el 2C con un terrible parcial \u00a126-0!, gracias a una intensa defensa zonal y gran efectividad a distancia.<\/strong><\/p>\n<p><strong>Una vez que se despeg\u00f3 en el tanteador, encontr\u00f3 la anhelada fluidez ofensiva, que le permiti\u00f3 controlar las acciones en el desarrollo del 3C y no sufrir sobresaltos.<\/strong><\/p>\n<div class=\"jeg_video_container jeg_video_content\"><iframe loading=\"lazy\" title=\"#Segunda - Fecha #8: Altense 93 - 49 Los Andes\" width=\"500\" height=\"281\" src=\"https:\/\/www.youtube.com\/embed\/kmgCIUq9oXw?feature=oembed\" frameborder=\"0\" allow=\"accelerometer; autoplay; clipboard-write; encrypted-media; gyroscope; picture-in-picture; web-share\" referrerpolicy=\"strict-origin-when-cross-origin\" allowfullscreen><\/iframe><\/div>\n<p><img decoding=\"async\" class=\"alignnone size-medium wp-image-116100\" src=\"http:\/\/gentedebasquet.com.ar\/sitio\/wp-content\/uploads\/2025\/05\/30b22396-da3b-458c-b7dc-08d01e5e0663-300x300.jpg\" alt=\"\" width=\"300\" height=\"300\" srcset=\"https:\/\/gentedebasquet.com.ar\/sitio\/wp-content\/uploads\/2025\/05\/30b22396-da3b-458c-b7dc-08d01e5e0663-300x300.jpg 300w, https:\/\/gentedebasquet.com.ar\/sitio\/wp-content\/uploads\/2025\/05\/30b22396-da3b-458c-b7dc-08d01e5e0663-1024x1024.jpg 1024w, https:\/\/gentedebasquet.com.ar\/sitio\/wp-content\/uploads\/2025\/05\/30b22396-da3b-458c-b7dc-08d01e5e0663-150x150.jpg 150w, https:\/\/gentedebasquet.com.ar\/sitio\/wp-content\/uploads\/2025\/05\/30b22396-da3b-458c-b7dc-08d01e5e0663-768x768.jpg 768w, https:\/\/gentedebasquet.com.ar\/sitio\/wp-content\/uploads\/2025\/05\/30b22396-da3b-458c-b7dc-08d01e5e0663-1536x1536.jpg 1536w, https:\/\/gentedebasquet.com.ar\/sitio\/wp-content\/uploads\/2025\/05\/30b22396-da3b-458c-b7dc-08d01e5e0663-75x75.jpg 75w, https:\/\/gentedebasquet.com.ar\/sitio\/wp-content\/uploads\/2025\/05\/30b22396-da3b-458c-b7dc-08d01e5e0663-350x350.jpg 350w, https:\/\/gentedebasquet.com.ar\/sitio\/wp-content\/uploads\/2025\/05\/30b22396-da3b-458c-b7dc-08d01e5e0663-750x750.jpg 750w, https:\/\/gentedebasquet.com.ar\/sitio\/wp-content\/uploads\/2025\/05\/30b22396-da3b-458c-b7dc-08d01e5e0663-1140x1140.jpg 1140w, https:\/\/gentedebasquet.com.ar\/sitio\/wp-content\/uploads\/2025\/05\/30b22396-da3b-458c-b7dc-08d01e5e0663.jpg 1600w\" sizes=\"(max-width: 300px) 100vw, 300px\" \/><\/p>\n<blockquote><p>\u201cNecesit\u00e1bamos ganar, ven\u00edamos de algunos partidos medios dif\u00edciles que no se nos daba. Cuando perdes algunos juegos que sent\u00eds que podr\u00edas haber hecho un poco m\u00e1s, vas perdiendo confianza. Hoy pudimos cambiar la cara y jugar bien. No podemos poner excusas y hay que seguir, a pesar de las ausencias que tenemos. Hoy nos funcion\u00f3 la zona y sirvi\u00f3, es parte del juego. Estamos para seguir meti\u00e9ndole a cada entrenamiento convencidos de lo que hacemos y luchar cada partido\u201d, Juan Manuel Bicondoa (Altense).<\/p><\/blockquote>\n<p><img decoding=\"async\" class=\"alignnone size-medium wp-image-116099\" src=\"http:\/\/gentedebasquet.com.ar\/sitio\/wp-content\/uploads\/2025\/05\/676c6ec9-efef-4d9a-acd5-05b9f7bf6c54-225x300.jpg\" alt=\"\" width=\"225\" height=\"300\" srcset=\"https:\/\/gentedebasquet.com.ar\/sitio\/wp-content\/uploads\/2025\/05\/676c6ec9-efef-4d9a-acd5-05b9f7bf6c54-225x300.jpg 225w, https:\/\/gentedebasquet.com.ar\/sitio\/wp-content\/uploads\/2025\/05\/676c6ec9-efef-4d9a-acd5-05b9f7bf6c54-768x1024.jpg 768w, https:\/\/gentedebasquet.com.ar\/sitio\/wp-content\/uploads\/2025\/05\/676c6ec9-efef-4d9a-acd5-05b9f7bf6c54-1152x1536.jpg 1152w, https:\/\/gentedebasquet.com.ar\/sitio\/wp-content\/uploads\/2025\/05\/676c6ec9-efef-4d9a-acd5-05b9f7bf6c54-750x1000.jpg 750w, https:\/\/gentedebasquet.com.ar\/sitio\/wp-content\/uploads\/2025\/05\/676c6ec9-efef-4d9a-acd5-05b9f7bf6c54-1140x1520.jpg 1140w, https:\/\/gentedebasquet.com.ar\/sitio\/wp-content\/uploads\/2025\/05\/676c6ec9-efef-4d9a-acd5-05b9f7bf6c54.jpg 1200w\" sizes=\"(max-width: 225px) 100vw, 225px\" \/><\/p>\n<p><img decoding=\"async\" class=\"alignnone size-medium wp-image-116101\" src=\"http:\/\/gentedebasquet.com.ar\/sitio\/wp-content\/uploads\/2025\/05\/0e48f576-7078-4a49-9ff1-e3850b51d6c4-300x300.jpg\" alt=\"\" width=\"300\" height=\"300\" srcset=\"https:\/\/gentedebasquet.com.ar\/sitio\/wp-content\/uploads\/2025\/05\/0e48f576-7078-4a49-9ff1-e3850b51d6c4-300x300.jpg 300w, https:\/\/gentedebasquet.com.ar\/sitio\/wp-content\/uploads\/2025\/05\/0e48f576-7078-4a49-9ff1-e3850b51d6c4-1024x1024.jpg 1024w, https:\/\/gentedebasquet.com.ar\/sitio\/wp-content\/uploads\/2025\/05\/0e48f576-7078-4a49-9ff1-e3850b51d6c4-150x150.jpg 150w, https:\/\/gentedebasquet.com.ar\/sitio\/wp-content\/uploads\/2025\/05\/0e48f576-7078-4a49-9ff1-e3850b51d6c4-768x768.jpg 768w, https:\/\/gentedebasquet.com.ar\/sitio\/wp-content\/uploads\/2025\/05\/0e48f576-7078-4a49-9ff1-e3850b51d6c4-1536x1536.jpg 1536w, https:\/\/gentedebasquet.com.ar\/sitio\/wp-content\/uploads\/2025\/05\/0e48f576-7078-4a49-9ff1-e3850b51d6c4-75x75.jpg 75w, https:\/\/gentedebasquet.com.ar\/sitio\/wp-content\/uploads\/2025\/05\/0e48f576-7078-4a49-9ff1-e3850b51d6c4-350x350.jpg 350w, https:\/\/gentedebasquet.com.ar\/sitio\/wp-content\/uploads\/2025\/05\/0e48f576-7078-4a49-9ff1-e3850b51d6c4-750x750.jpg 750w, https:\/\/gentedebasquet.com.ar\/sitio\/wp-content\/uploads\/2025\/05\/0e48f576-7078-4a49-9ff1-e3850b51d6c4-1140x1140.jpg 1140w, https:\/\/gentedebasquet.com.ar\/sitio\/wp-content\/uploads\/2025\/05\/0e48f576-7078-4a49-9ff1-e3850b51d6c4.jpg 1600w\" sizes=\"(max-width: 300px) 100vw, 300px\" \/><\/p>\n<p><strong>S\u00edntesis \u2013<\/strong>\u00a0<strong>Segunda \u2013 Fecha 8<\/strong><\/p>\n<p><strong>Altense 93<\/strong>: Mateo Ortega 9, Lautaro Jaimes 4, Juan Manuel Bicondoa 23, Bruno D\u00b4Amico 15 y Nahuel Zanabria 18,\u00a0<strong>(F.I.);<\/strong>\u00a0Daniel Agalupe 7, Joaqu\u00edn G\u00f3mez 7, \u00c1lvaro Lorca 3, Nahuel Altamirano 4, Franco Giusiano 3, Genaro Simoncini 0 y Bautista Rodr\u00edguez 0.\u00a0<strong>DT:<\/strong>\u00a0<strong>Nicol\u00e1s Altamirano.<\/strong><\/p>\n<p><strong>Los Andes 49:<\/strong>\u00a0Gast\u00f3n Mart\u00ednez 12, Mauro Veliz 14, Mat\u00edas G\u00f3mez 6, Mat\u00edas Berges 0 y James DeShawn Danzey 4, <strong>(F.I)<\/strong>; Franco Libero 3, Leandro Orosco 2, Tomas Carvalhosa 3, Tob\u00edas Berthe, Federico Godeas, Danilo Pucheta 0 y Tom\u00e1s Oporto 5.\u00a0<strong>DT: Enrique Moreno.<\/strong><\/p>\n<p><strong>Parciales:\u00a0<\/strong>16-20; 48-27 (32-7); 71-39 (23-12); 93-49 (22-10).<\/p>\n<p><strong>\u00c1rbitros:<\/strong>\u00a0Sebasti\u00e1n Arcas, Juan Gabriel Jaramillo y Francisco Irraz\u00e1bal.<\/p>\n<p><strong>Estadio:\u00a0<\/strong>Armando Traini (Altense).<\/p>\n<p>&nbsp;<\/p>\n<p><img decoding=\"async\" class=\"alignnone size-medium wp-image-116105\" src=\"http:\/\/gentedebasquet.com.ar\/sitio\/wp-content\/uploads\/2025\/05\/DSC_9927-300x217.jpg\" alt=\"\" width=\"300\" height=\"217\" srcset=\"https:\/\/gentedebasquet.com.ar\/sitio\/wp-content\/uploads\/2025\/05\/DSC_9927-300x217.jpg 300w, https:\/\/gentedebasquet.com.ar\/sitio\/wp-content\/uploads\/2025\/05\/DSC_9927-120x86.jpg 120w, https:\/\/gentedebasquet.com.ar\/sitio\/wp-content\/uploads\/2025\/05\/DSC_9927.jpg 650w\" sizes=\"(max-width: 300px) 100vw, 300px\" \/><\/p>\n<p>Fotos: Marcelo Barth (Punta Noticias)<\/p>\n","protected":false},"excerpt":{"rendered":"<p>Le gan\u00f3 por un contundente 93 a 49 a Los Andes. Juan Manuel Bicondoa con 23 unidades (4\/6 en T2 y 5\/8 en T3), Nahuel Zanabr\u00eda con 18 y Bruno D\u00b4Amico con 15 m\u00e1s 12 cristales, fueron los m\u00e1s determinantes del verde. En la escuadra de Enrique Moreno, que totaliz\u00f3 17\/51 en TC (con 33% [&hellip;]<\/p>\n","protected":false},"author":62,"featured_media":116103,"comment_status":"open","ping_status":"open","sticky":false,"template":"","format":"standard","meta":{"jnews-multi-image_gallery":[],"jnews_single_post":{"source_name":"","source_url":"","via_name":"","via_url":"","override_template":"0","override":[{"template":"1","single_blog_custom":"","parallax":"1","fullscreen":"1","layout":"right-sidebar","sidebar":"default-sidebar","second_sidebar":"default-sidebar","sticky_sidebar":"1","share_position":"top","share_float_style":"share-monocrhome","show_share_counter":"0","show_view_counter":"0","show_featured":"1","show_post_meta":"1","show_post_author":"1","show_post_author_image":"0","show_post_date":"1","post_date_format":"default","post_date_format_custom":"Y\/m\/d","show_post_category":"1","show_post_reading_time":"0","post_reading_time_wpm":"300","show_zoom_button":"0","zoom_button_out_step":"2","zoom_button_in_step":"3","show_post_tag":"1","show_prev_next_post":"1","show_popup_post":"0","number_popup_post":"1","show_author_box":"0","show_post_related":"0","show_inline_post_related":"0"}],"override_image_size":"0","image_override":[{"single_post_thumbnail_size":"crop-500","single_post_gallery_size":"crop-500"}],"trending_post":"0","trending_post_position":"meta","trending_post_label":"Trending","sponsored_post":"0","sponsored_post_label":"Sponsored by","sponsored_post_name":"","sponsored_post_url":"","sponsored_post_logo_enable":"0","sponsored_post_logo":"","sponsored_post_desc":"","disable_ad":"0"},"jnews_primary_category":{"id":"","hide":""},"footnotes":""},"categories":[25,101],"tags":[213,152,2026],"class_list":["post-116098","post","type-post","status-publish","format-standard","has-post-thumbnail","hentry","category-segunda","category-slide","tag-altense","tag-los-andes","tag-torneo-de-segunda-abb"],"yoast_head":"<!-- This site is optimized with the Yoast SEO plugin v27.5 - https:\/\/yoast.com\/product\/yoast-seo-wordpress\/ -->\n<title>Altense volvi\u00f3 a sonre\u00edr en su casa - Gente de B\u00e1squet<\/title>\n<meta name=\"robots\" content=\"index, follow, max-snippet:-1, max-image-preview:large, max-video-preview:-1\" \/>\n<link rel=\"canonical\" href=\"https:\/\/gentedebasquet.com.ar\/sitio\/2025\/05\/28\/altense-volvio-a-sonreir-en-su-casa\/\" \/>\n<meta property=\"og:locale\" content=\"es_ES\" \/>\n<meta property=\"og:type\" content=\"article\" \/>\n<meta property=\"og:title\" content=\"Altense volvi\u00f3 a sonre\u00edr en su casa - Gente de B\u00e1squet\" \/>\n<meta property=\"og:description\" content=\"Le gan\u00f3 por un contundente 93 a 49 a Los Andes. Juan Manuel Bicondoa con 23 unidades (4\/6 en T2 y 5\/8 en T3), Nahuel Zanabr\u00eda con 18 y Bruno D\u00b4Amico con 15 m\u00e1s 12 cristales, fueron los m\u00e1s determinantes del verde. En la escuadra de Enrique Moreno, que totaliz\u00f3 17\/51 en TC (con 33% [&hellip;]\" \/>\n<meta property=\"og:url\" content=\"https:\/\/gentedebasquet.com.ar\/sitio\/2025\/05\/28\/altense-volvio-a-sonreir-en-su-casa\/\" \/>\n<meta property=\"og:site_name\" content=\"Gente de B\u00e1squet\" \/>\n<meta property=\"article:published_time\" content=\"2025-05-28T03:52:05+00:00\" \/>\n<meta property=\"og:image\" content=\"https:\/\/gentedebasquet.com.ar\/sitio\/wp-content\/uploads\/2025\/05\/DSC_9955.jpg\" \/>\n\t<meta property=\"og:image:width\" content=\"750\" \/>\n\t<meta property=\"og:image:height\" content=\"375\" \/>\n\t<meta property=\"og:image:type\" content=\"image\/jpeg\" \/>\n<meta name=\"author\" content=\"Mat\u00edas Dom\u00ednguez\" \/>\n<meta name=\"twitter:card\" content=\"summary_large_image\" \/>\n<meta name=\"twitter:label1\" content=\"Escrito por\" \/>\n\t<meta name=\"twitter:data1\" content=\"Mat\u00edas Dom\u00ednguez\" \/>\n\t<meta name=\"twitter:label2\" content=\"Tiempo de lectura\" \/>\n\t<meta name=\"twitter:data2\" content=\"3 minutos\" \/>\n<script type=\"application\/ld+json\" class=\"yoast-schema-graph\">{\"@context\":\"https:\\\/\\\/schema.org\",\"@graph\":[{\"@type\":\"Article\",\"@id\":\"https:\\\/\\\/gentedebasquet.com.ar\\\/sitio\\\/2025\\\/05\\\/28\\\/altense-volvio-a-sonreir-en-su-casa\\\/#article\",\"isPartOf\":{\"@id\":\"https:\\\/\\\/gentedebasquet.com.ar\\\/sitio\\\/2025\\\/05\\\/28\\\/altense-volvio-a-sonreir-en-su-casa\\\/\"},\"author\":{\"name\":\"Mat\u00edas Dom\u00ednguez\",\"@id\":\"https:\\\/\\\/gentedebasquet.com.ar\\\/sitio\\\/#\\\/schema\\\/person\\\/2df9550994560b26db96aa8de5494221\"},\"headline\":\"Altense volvi\u00f3 a sonre\u00edr en su casa\",\"datePublished\":\"2025-05-28T03:52:05+00:00\",\"mainEntityOfPage\":{\"@id\":\"https:\\\/\\\/gentedebasquet.com.ar\\\/sitio\\\/2025\\\/05\\\/28\\\/altense-volvio-a-sonreir-en-su-casa\\\/\"},\"wordCount\":345,\"commentCount\":0,\"image\":{\"@id\":\"https:\\\/\\\/gentedebasquet.com.ar\\\/sitio\\\/2025\\\/05\\\/28\\\/altense-volvio-a-sonreir-en-su-casa\\\/#primaryimage\"},\"thumbnailUrl\":\"https:\\\/\\\/gentedebasquet.com.ar\\\/sitio\\\/wp-content\\\/uploads\\\/2025\\\/05\\\/DSC_9955.jpg\",\"keywords\":[\"Altense\",\"Los Andes\",\"Torneo de Segunda ABB\"],\"articleSection\":[\"Segunda\",\"Slide\"],\"inLanguage\":\"es\",\"potentialAction\":[{\"@type\":\"CommentAction\",\"name\":\"Comment\",\"target\":[\"https:\\\/\\\/gentedebasquet.com.ar\\\/sitio\\\/2025\\\/05\\\/28\\\/altense-volvio-a-sonreir-en-su-casa\\\/#respond\"]}]},{\"@type\":\"WebPage\",\"@id\":\"https:\\\/\\\/gentedebasquet.com.ar\\\/sitio\\\/2025\\\/05\\\/28\\\/altense-volvio-a-sonreir-en-su-casa\\\/\",\"url\":\"https:\\\/\\\/gentedebasquet.com.ar\\\/sitio\\\/2025\\\/05\\\/28\\\/altense-volvio-a-sonreir-en-su-casa\\\/\",\"name\":\"Altense volvi\u00f3 a sonre\u00edr en su casa - Gente de B\u00e1squet\",\"isPartOf\":{\"@id\":\"https:\\\/\\\/gentedebasquet.com.ar\\\/sitio\\\/#website\"},\"primaryImageOfPage\":{\"@id\":\"https:\\\/\\\/gentedebasquet.com.ar\\\/sitio\\\/2025\\\/05\\\/28\\\/altense-volvio-a-sonreir-en-su-casa\\\/#primaryimage\"},\"image\":{\"@id\":\"https:\\\/\\\/gentedebasquet.com.ar\\\/sitio\\\/2025\\\/05\\\/28\\\/altense-volvio-a-sonreir-en-su-casa\\\/#primaryimage\"},\"thumbnailUrl\":\"https:\\\/\\\/gentedebasquet.com.ar\\\/sitio\\\/wp-content\\\/uploads\\\/2025\\\/05\\\/DSC_9955.jpg\",\"datePublished\":\"2025-05-28T03:52:05+00:00\",\"author\":{\"@id\":\"https:\\\/\\\/gentedebasquet.com.ar\\\/sitio\\\/#\\\/schema\\\/person\\\/2df9550994560b26db96aa8de5494221\"},\"breadcrumb\":{\"@id\":\"https:\\\/\\\/gentedebasquet.com.ar\\\/sitio\\\/2025\\\/05\\\/28\\\/altense-volvio-a-sonreir-en-su-casa\\\/#breadcrumb\"},\"inLanguage\":\"es\",\"potentialAction\":[{\"@type\":\"ReadAction\",\"target\":[\"https:\\\/\\\/gentedebasquet.com.ar\\\/sitio\\\/2025\\\/05\\\/28\\\/altense-volvio-a-sonreir-en-su-casa\\\/\"]}]},{\"@type\":\"ImageObject\",\"inLanguage\":\"es\",\"@id\":\"https:\\\/\\\/gentedebasquet.com.ar\\\/sitio\\\/2025\\\/05\\\/28\\\/altense-volvio-a-sonreir-en-su-casa\\\/#primaryimage\",\"url\":\"https:\\\/\\\/gentedebasquet.com.ar\\\/sitio\\\/wp-content\\\/uploads\\\/2025\\\/05\\\/DSC_9955.jpg\",\"contentUrl\":\"https:\\\/\\\/gentedebasquet.com.ar\\\/sitio\\\/wp-content\\\/uploads\\\/2025\\\/05\\\/DSC_9955.jpg\",\"width\":750,\"height\":375},{\"@type\":\"BreadcrumbList\",\"@id\":\"https:\\\/\\\/gentedebasquet.com.ar\\\/sitio\\\/2025\\\/05\\\/28\\\/altense-volvio-a-sonreir-en-su-casa\\\/#breadcrumb\",\"itemListElement\":[{\"@type\":\"ListItem\",\"position\":1,\"name\":\"Portada\",\"item\":\"https:\\\/\\\/gentedebasquet.com.ar\\\/sitio\\\/\"},{\"@type\":\"ListItem\",\"position\":2,\"name\":\"Altense volvi\u00f3 a sonre\u00edr en su casa\"}]},{\"@type\":\"WebSite\",\"@id\":\"https:\\\/\\\/gentedebasquet.com.ar\\\/sitio\\\/#website\",\"url\":\"https:\\\/\\\/gentedebasquet.com.ar\\\/sitio\\\/\",\"name\":\"Gente de B\u00e1squet\",\"description\":\"La revista del basquet de Bah\u00eda Blanca\",\"potentialAction\":[{\"@type\":\"SearchAction\",\"target\":{\"@type\":\"EntryPoint\",\"urlTemplate\":\"https:\\\/\\\/gentedebasquet.com.ar\\\/sitio\\\/?s={search_term_string}\"},\"query-input\":{\"@type\":\"PropertyValueSpecification\",\"valueRequired\":true,\"valueName\":\"search_term_string\"}}],\"inLanguage\":\"es\"},{\"@type\":\"Person\",\"@id\":\"https:\\\/\\\/gentedebasquet.com.ar\\\/sitio\\\/#\\\/schema\\\/person\\\/2df9550994560b26db96aa8de5494221\",\"name\":\"Mat\u00edas Dom\u00ednguez\",\"image\":{\"@type\":\"ImageObject\",\"inLanguage\":\"es\",\"@id\":\"https:\\\/\\\/secure.gravatar.com\\\/avatar\\\/29491ec59dbc2f899f1cb4052e9f2827b5aee3a84bdc66a9fd6789abc018a99d?s=96&d=mm&r=g\",\"url\":\"https:\\\/\\\/secure.gravatar.com\\\/avatar\\\/29491ec59dbc2f899f1cb4052e9f2827b5aee3a84bdc66a9fd6789abc018a99d?s=96&d=mm&r=g\",\"contentUrl\":\"https:\\\/\\\/secure.gravatar.com\\\/avatar\\\/29491ec59dbc2f899f1cb4052e9f2827b5aee3a84bdc66a9fd6789abc018a99d?s=96&d=mm&r=g\",\"caption\":\"Mat\u00edas Dom\u00ednguez\"},\"url\":\"https:\\\/\\\/gentedebasquet.com.ar\\\/sitio\\\/author\\\/matias-dominguez\\\/\"}]}<\/script>\n<!-- \/ Yoast SEO plugin. -->","yoast_head_json":{"title":"Altense volvi\u00f3 a sonre\u00edr en su casa - Gente de B\u00e1squet","robots":{"index":"index","follow":"follow","max-snippet":"max-snippet:-1","max-image-preview":"max-image-preview:large","max-video-preview":"max-video-preview:-1"},"canonical":"https:\/\/gentedebasquet.com.ar\/sitio\/2025\/05\/28\/altense-volvio-a-sonreir-en-su-casa\/","og_locale":"es_ES","og_type":"article","og_title":"Altense volvi\u00f3 a sonre\u00edr en su casa - Gente de B\u00e1squet","og_description":"Le gan\u00f3 por un contundente 93 a 49 a Los Andes. Juan Manuel Bicondoa con 23 unidades (4\/6 en T2 y 5\/8 en T3), Nahuel Zanabr\u00eda con 18 y Bruno D\u00b4Amico con 15 m\u00e1s 12 cristales, fueron los m\u00e1s determinantes del verde. En la escuadra de Enrique Moreno, que totaliz\u00f3 17\/51 en TC (con 33% [&hellip;]","og_url":"https:\/\/gentedebasquet.com.ar\/sitio\/2025\/05\/28\/altense-volvio-a-sonreir-en-su-casa\/","og_site_name":"Gente de B\u00e1squet","article_published_time":"2025-05-28T03:52:05+00:00","og_image":[{"width":750,"height":375,"url":"https:\/\/gentedebasquet.com.ar\/sitio\/wp-content\/uploads\/2025\/05\/DSC_9955.jpg","type":"image\/jpeg"}],"author":"Mat\u00edas Dom\u00ednguez","twitter_card":"summary_large_image","twitter_misc":{"Escrito por":"Mat\u00edas Dom\u00ednguez","Tiempo de lectura":"3 minutos"},"schema":{"@context":"https:\/\/schema.org","@graph":[{"@type":"Article","@id":"https:\/\/gentedebasquet.com.ar\/sitio\/2025\/05\/28\/altense-volvio-a-sonreir-en-su-casa\/#article","isPartOf":{"@id":"https:\/\/gentedebasquet.com.ar\/sitio\/2025\/05\/28\/altense-volvio-a-sonreir-en-su-casa\/"},"author":{"name":"Mat\u00edas Dom\u00ednguez","@id":"https:\/\/gentedebasquet.com.ar\/sitio\/#\/schema\/person\/2df9550994560b26db96aa8de5494221"},"headline":"Altense volvi\u00f3 a sonre\u00edr en su casa","datePublished":"2025-05-28T03:52:05+00:00","mainEntityOfPage":{"@id":"https:\/\/gentedebasquet.com.ar\/sitio\/2025\/05\/28\/altense-volvio-a-sonreir-en-su-casa\/"},"wordCount":345,"commentCount":0,"image":{"@id":"https:\/\/gentedebasquet.com.ar\/sitio\/2025\/05\/28\/altense-volvio-a-sonreir-en-su-casa\/#primaryimage"},"thumbnailUrl":"https:\/\/gentedebasquet.com.ar\/sitio\/wp-content\/uploads\/2025\/05\/DSC_9955.jpg","keywords":["Altense","Los Andes","Torneo de Segunda ABB"],"articleSection":["Segunda","Slide"],"inLanguage":"es","potentialAction":[{"@type":"CommentAction","name":"Comment","target":["https:\/\/gentedebasquet.com.ar\/sitio\/2025\/05\/28\/altense-volvio-a-sonreir-en-su-casa\/#respond"]}]},{"@type":"WebPage","@id":"https:\/\/gentedebasquet.com.ar\/sitio\/2025\/05\/28\/altense-volvio-a-sonreir-en-su-casa\/","url":"https:\/\/gentedebasquet.com.ar\/sitio\/2025\/05\/28\/altense-volvio-a-sonreir-en-su-casa\/","name":"Altense volvi\u00f3 a sonre\u00edr en su casa - Gente de B\u00e1squet","isPartOf":{"@id":"https:\/\/gentedebasquet.com.ar\/sitio\/#website"},"primaryImageOfPage":{"@id":"https:\/\/gentedebasquet.com.ar\/sitio\/2025\/05\/28\/altense-volvio-a-sonreir-en-su-casa\/#primaryimage"},"image":{"@id":"https:\/\/gentedebasquet.com.ar\/sitio\/2025\/05\/28\/altense-volvio-a-sonreir-en-su-casa\/#primaryimage"},"thumbnailUrl":"https:\/\/gentedebasquet.com.ar\/sitio\/wp-content\/uploads\/2025\/05\/DSC_9955.jpg","datePublished":"2025-05-28T03:52:05+00:00","author":{"@id":"https:\/\/gentedebasquet.com.ar\/sitio\/#\/schema\/person\/2df9550994560b26db96aa8de5494221"},"breadcrumb":{"@id":"https:\/\/gentedebasquet.com.ar\/sitio\/2025\/05\/28\/altense-volvio-a-sonreir-en-su-casa\/#breadcrumb"},"inLanguage":"es","potentialAction":[{"@type":"ReadAction","target":["https:\/\/gentedebasquet.com.ar\/sitio\/2025\/05\/28\/altense-volvio-a-sonreir-en-su-casa\/"]}]},{"@type":"ImageObject","inLanguage":"es","@id":"https:\/\/gentedebasquet.com.ar\/sitio\/2025\/05\/28\/altense-volvio-a-sonreir-en-su-casa\/#primaryimage","url":"https:\/\/gentedebasquet.com.ar\/sitio\/wp-content\/uploads\/2025\/05\/DSC_9955.jpg","contentUrl":"https:\/\/gentedebasquet.com.ar\/sitio\/wp-content\/uploads\/2025\/05\/DSC_9955.jpg","width":750,"height":375},{"@type":"BreadcrumbList","@id":"https:\/\/gentedebasquet.com.ar\/sitio\/2025\/05\/28\/altense-volvio-a-sonreir-en-su-casa\/#breadcrumb","itemListElement":[{"@type":"ListItem","position":1,"name":"Portada","item":"https:\/\/gentedebasquet.com.ar\/sitio\/"},{"@type":"ListItem","position":2,"name":"Altense volvi\u00f3 a sonre\u00edr en su casa"}]},{"@type":"WebSite","@id":"https:\/\/gentedebasquet.com.ar\/sitio\/#website","url":"https:\/\/gentedebasquet.com.ar\/sitio\/","name":"Gente de B\u00e1squet","description":"La revista del basquet de Bah\u00eda Blanca","potentialAction":[{"@type":"SearchAction","target":{"@type":"EntryPoint","urlTemplate":"https:\/\/gentedebasquet.com.ar\/sitio\/?s={search_term_string}"},"query-input":{"@type":"PropertyValueSpecification","valueRequired":true,"valueName":"search_term_string"}}],"inLanguage":"es"},{"@type":"Person","@id":"https:\/\/gentedebasquet.com.ar\/sitio\/#\/schema\/person\/2df9550994560b26db96aa8de5494221","name":"Mat\u00edas Dom\u00ednguez","image":{"@type":"ImageObject","inLanguage":"es","@id":"https:\/\/secure.gravatar.com\/avatar\/29491ec59dbc2f899f1cb4052e9f2827b5aee3a84bdc66a9fd6789abc018a99d?s=96&d=mm&r=g","url":"https:\/\/secure.gravatar.com\/avatar\/29491ec59dbc2f899f1cb4052e9f2827b5aee3a84bdc66a9fd6789abc018a99d?s=96&d=mm&r=g","contentUrl":"https:\/\/secure.gravatar.com\/avatar\/29491ec59dbc2f899f1cb4052e9f2827b5aee3a84bdc66a9fd6789abc018a99d?s=96&d=mm&r=g","caption":"Mat\u00edas Dom\u00ednguez"},"url":"https:\/\/gentedebasquet.com.ar\/sitio\/author\/matias-dominguez\/"}]}},"_links":{"self":[{"href":"https:\/\/gentedebasquet.com.ar\/sitio\/wp-json\/wp\/v2\/posts\/116098","targetHints":{"allow":["GET"]}}],"collection":[{"href":"https:\/\/gentedebasquet.com.ar\/sitio\/wp-json\/wp\/v2\/posts"}],"about":[{"href":"https:\/\/gentedebasquet.com.ar\/sitio\/wp-json\/wp\/v2\/types\/post"}],"author":[{"embeddable":true,"href":"https:\/\/gentedebasquet.com.ar\/sitio\/wp-json\/wp\/v2\/users\/62"}],"replies":[{"embeddable":true,"href":"https:\/\/gentedebasquet.com.ar\/sitio\/wp-json\/wp\/v2\/comments?post=116098"}],"version-history":[{"count":1,"href":"https:\/\/gentedebasquet.com.ar\/sitio\/wp-json\/wp\/v2\/posts\/116098\/revisions"}],"predecessor-version":[{"id":116106,"href":"https:\/\/gentedebasquet.com.ar\/sitio\/wp-json\/wp\/v2\/posts\/116098\/revisions\/116106"}],"wp:featuredmedia":[{"embeddable":true,"href":"https:\/\/gentedebasquet.com.ar\/sitio\/wp-json\/wp\/v2\/media\/116103"}],"wp:attachment":[{"href":"https:\/\/gentedebasquet.com.ar\/sitio\/wp-json\/wp\/v2\/media?parent=116098"}],"wp:term":[{"taxonomy":"category","embeddable":true,"href":"https:\/\/gentedebasquet.com.ar\/sitio\/wp-json\/wp\/v2\/categories?post=116098"},{"taxonomy":"post_tag","embeddable":true,"href":"https:\/\/gentedebasquet.com.ar\/sitio\/wp-json\/wp\/v2\/tags?post=116098"}],"curies":[{"name":"wp","href":"https:\/\/api.w.org\/{rel}","templated":true}]}}