{"id":116124,"date":"2025-05-29T18:43:44","date_gmt":"2025-05-29T16:43:44","guid":{"rendered":"https:\/\/gentedebasquet.com.ar\/sitio\/?p=116124"},"modified":"2025-05-29T22:03:55","modified_gmt":"2025-05-29T20:03:55","slug":"los-ruesga-fueron-demasiado-para-alem","status":"publish","type":"post","link":"https:\/\/gentedebasquet.com.ar\/sitio\/2025\/05\/29\/los-ruesga-fueron-demasiado-para-alem\/","title":{"rendered":"Los Ruesga fueron demasiado para Alem"},"content":{"rendered":"<p>Entre Franco y Santiago sumaron casi la mitad de los puntos para el triunfo de 9 de Julio sobre Alem.<\/p>\n<p>En un partido m\u00e1s que parejo, reci\u00e9n en los ultimos 30&#8243; el local lo pudo liquidar. De la mano de los Ruesga, m\u00e1s el aporte de Vecchi, los de Turcato pudieron suplantar la noche err\u00e1tica que tuvo Emilio Gimenez.<\/p>\n<p>Presionando toda la cancha, por momentos utilizando la defensa en zona y aprovechando correr cada vez que pudo, sabiendo que es una de las cosas que m\u00e1s le duele a los de Maceratesi.<\/p>\n<p>En la visita Zalguizuri llev\u00f3 los hilos del equipo, tambi\u00e9n sumando puntos de media y larga distancia, Wlikerson volvi\u00f3 a ser el goleador del equipo sin ser su mejor noche.<\/p>\n<p>Giarraffa y Zapata aparecieron en el \u00faltimo cuarto para dejarlo con vida a los de calle Azara, y empatar el juego en 57 a falta de 1&#8217;50\u00bb. Fue donde en el local apareci\u00f3 la efectividad de Franco Ruesga desde la linea de 3 y simple, para darle el triunfo a \u00ab9\u00bb 67 a 62 y lograr el 3er triunfo del torneo.<\/p>\n<div class=\"jeg_video_container jeg_video_content\"><iframe loading=\"lazy\" title=\"#Primera - Fecha #6: 9 de Julio 67 - 62 Leandro N. Alem\" width=\"500\" height=\"281\" src=\"https:\/\/www.youtube.com\/embed\/1Gdevr2etls?feature=oembed\" frameborder=\"0\" allow=\"accelerometer; autoplay; clipboard-write; encrypted-media; gyroscope; picture-in-picture; web-share\" referrerpolicy=\"strict-origin-when-cross-origin\" allowfullscreen><\/iframe><\/div>\n<p><img decoding=\"async\" class=\"alignnone size-medium wp-image-116127\" src=\"http:\/\/gentedebasquet.com.ar\/sitio\/wp-content\/uploads\/2025\/05\/CLAVE-9dj-300x300.png\" alt=\"\" width=\"300\" height=\"300\" srcset=\"https:\/\/gentedebasquet.com.ar\/sitio\/wp-content\/uploads\/2025\/05\/CLAVE-9dj-300x300.png 300w, https:\/\/gentedebasquet.com.ar\/sitio\/wp-content\/uploads\/2025\/05\/CLAVE-9dj-1024x1024.png 1024w, https:\/\/gentedebasquet.com.ar\/sitio\/wp-content\/uploads\/2025\/05\/CLAVE-9dj-150x150.png 150w, https:\/\/gentedebasquet.com.ar\/sitio\/wp-content\/uploads\/2025\/05\/CLAVE-9dj-768x768.png 768w, https:\/\/gentedebasquet.com.ar\/sitio\/wp-content\/uploads\/2025\/05\/CLAVE-9dj-1536x1536.png 1536w, https:\/\/gentedebasquet.com.ar\/sitio\/wp-content\/uploads\/2025\/05\/CLAVE-9dj-75x75.png 75w, https:\/\/gentedebasquet.com.ar\/sitio\/wp-content\/uploads\/2025\/05\/CLAVE-9dj-350x350.png 350w, https:\/\/gentedebasquet.com.ar\/sitio\/wp-content\/uploads\/2025\/05\/CLAVE-9dj-750x750.png 750w, https:\/\/gentedebasquet.com.ar\/sitio\/wp-content\/uploads\/2025\/05\/CLAVE-9dj-1140x1140.png 1140w, https:\/\/gentedebasquet.com.ar\/sitio\/wp-content\/uploads\/2025\/05\/CLAVE-9dj.png 2000w\" sizes=\"(max-width: 300px) 100vw, 300px\" \/><\/p>\n<p><img decoding=\"async\" class=\"alignnone size-medium wp-image-116125\" src=\"http:\/\/gentedebasquet.com.ar\/sitio\/wp-content\/uploads\/2025\/05\/WhatsApp-Image-2025-05-29-at-00.16.38-300x300.jpeg\" alt=\"\" width=\"300\" height=\"300\" srcset=\"https:\/\/gentedebasquet.com.ar\/sitio\/wp-content\/uploads\/2025\/05\/WhatsApp-Image-2025-05-29-at-00.16.38-300x300.jpeg 300w, https:\/\/gentedebasquet.com.ar\/sitio\/wp-content\/uploads\/2025\/05\/WhatsApp-Image-2025-05-29-at-00.16.38-1024x1024.jpeg 1024w, https:\/\/gentedebasquet.com.ar\/sitio\/wp-content\/uploads\/2025\/05\/WhatsApp-Image-2025-05-29-at-00.16.38-150x150.jpeg 150w, https:\/\/gentedebasquet.com.ar\/sitio\/wp-content\/uploads\/2025\/05\/WhatsApp-Image-2025-05-29-at-00.16.38-768x768.jpeg 768w, https:\/\/gentedebasquet.com.ar\/sitio\/wp-content\/uploads\/2025\/05\/WhatsApp-Image-2025-05-29-at-00.16.38-1536x1536.jpeg 1536w, https:\/\/gentedebasquet.com.ar\/sitio\/wp-content\/uploads\/2025\/05\/WhatsApp-Image-2025-05-29-at-00.16.38-75x75.jpeg 75w, https:\/\/gentedebasquet.com.ar\/sitio\/wp-content\/uploads\/2025\/05\/WhatsApp-Image-2025-05-29-at-00.16.38-350x350.jpeg 350w, https:\/\/gentedebasquet.com.ar\/sitio\/wp-content\/uploads\/2025\/05\/WhatsApp-Image-2025-05-29-at-00.16.38-750x750.jpeg 750w, https:\/\/gentedebasquet.com.ar\/sitio\/wp-content\/uploads\/2025\/05\/WhatsApp-Image-2025-05-29-at-00.16.38-1140x1140.jpeg 1140w, https:\/\/gentedebasquet.com.ar\/sitio\/wp-content\/uploads\/2025\/05\/WhatsApp-Image-2025-05-29-at-00.16.38.jpeg 1544w\" sizes=\"(max-width: 300px) 100vw, 300px\" \/><\/p>\n<blockquote><p>\u00abSabiamos que si podiamos correr, era una de las maneras de da\u00f1arlos\u00bb, <strong>Franco Ruesga, 9 de Julio.<\/strong><\/p><\/blockquote>\n<p><img decoding=\"async\" class=\"alignnone size-medium wp-image-116130\" src=\"http:\/\/gentedebasquet.com.ar\/sitio\/wp-content\/uploads\/2025\/05\/MVP-ruesga-300x300.png\" alt=\"\" width=\"300\" height=\"300\" srcset=\"https:\/\/gentedebasquet.com.ar\/sitio\/wp-content\/uploads\/2025\/05\/MVP-ruesga-300x300.png 300w, https:\/\/gentedebasquet.com.ar\/sitio\/wp-content\/uploads\/2025\/05\/MVP-ruesga-1024x1024.png 1024w, https:\/\/gentedebasquet.com.ar\/sitio\/wp-content\/uploads\/2025\/05\/MVP-ruesga-150x150.png 150w, https:\/\/gentedebasquet.com.ar\/sitio\/wp-content\/uploads\/2025\/05\/MVP-ruesga-768x768.png 768w, https:\/\/gentedebasquet.com.ar\/sitio\/wp-content\/uploads\/2025\/05\/MVP-ruesga-1536x1536.png 1536w, https:\/\/gentedebasquet.com.ar\/sitio\/wp-content\/uploads\/2025\/05\/MVP-ruesga-75x75.png 75w, https:\/\/gentedebasquet.com.ar\/sitio\/wp-content\/uploads\/2025\/05\/MVP-ruesga-350x350.png 350w, https:\/\/gentedebasquet.com.ar\/sitio\/wp-content\/uploads\/2025\/05\/MVP-ruesga-750x750.png 750w, https:\/\/gentedebasquet.com.ar\/sitio\/wp-content\/uploads\/2025\/05\/MVP-ruesga-1140x1140.png 1140w, https:\/\/gentedebasquet.com.ar\/sitio\/wp-content\/uploads\/2025\/05\/MVP-ruesga.png 2000w\" sizes=\"(max-width: 300px) 100vw, 300px\" \/><\/p>\n<p><strong>S\u00edntesis &#8211; Primera Divisi\u00f3n &#8211; Fecha 6<\/strong><\/p>\n<p><strong>9 de Julio (67):<\/strong> S. Ruesga (16), F. Ruesga (17), L. Vecchi (12), E. Gim\u00e9nez (6), S. Boy\u00e9 (2), <strong>fi;<\/strong> M. Costa (3), F. Goyanarte, S. Bussetti (3), L. D\u2019Amaro (2) y S. Villegas (6). <strong>DT: Juli\u00e1n Turcato.<\/strong><\/p>\n<p><strong>L.N. Alem (62):<\/strong> J. Wentland (2), M. Zalguizuri (11), F. Giarraffa (12), A. Iturrioz (6), H. Wilkerson (16), <strong>fi;<\/strong> I. Formiga (2), P. Zapata (10), S. D&#8217;Annunzio (3) y T. Scolari. <strong>DT: Franco Maceratesi.<\/strong><\/p>\n<p><strong>Cuartos:<\/strong> 17-18, 30-28 (13-10), 48-46(18-18),67-62(19-16)<\/p>\n<p><strong>\u00c1rbitros:<\/strong> Sebasti\u00e1n Arcas, Mariano Enrique y Juan Gabriel Jaramillo.\u2069<\/p>\n<p><strong>Cancha:<\/strong> N\u00e9stor Damiani (9 de Julio)<\/p>\n<p><strong>Cobertura:<\/strong> Ariel Bravo<\/p>\n","protected":false},"excerpt":{"rendered":"<p>Entre Franco y Santiago sumaron casi la mitad de los puntos para el triunfo de 9 de Julio sobre Alem. En un partido m\u00e1s que parejo, reci\u00e9n en los ultimos 30&#8243; el local lo pudo liquidar. De la mano de los Ruesga, m\u00e1s el aporte de Vecchi, los de Turcato pudieron suplantar la noche err\u00e1tica [&hellip;]<\/p>\n","protected":false},"author":71,"featured_media":116126,"comment_status":"open","ping_status":"open","sticky":false,"template":"","format":"standard","meta":{"jnews-multi-image_gallery":[],"jnews_single_post":{"source_name":"","source_url":"","via_name":"","via_url":"","override_template":"0","override":[{"template":"1","single_blog_custom":"","parallax":"1","fullscreen":"1","layout":"right-sidebar","sidebar":"default-sidebar","second_sidebar":"default-sidebar","sticky_sidebar":"1","share_position":"top","share_float_style":"share-monocrhome","show_share_counter":"0","show_view_counter":"0","show_featured":"1","show_post_meta":"1","show_post_author":"1","show_post_author_image":"0","show_post_date":"1","post_date_format":"default","post_date_format_custom":"Y\/m\/d","show_post_category":"1","show_post_reading_time":"0","post_reading_time_wpm":"300","show_zoom_button":"0","zoom_button_out_step":"2","zoom_button_in_step":"3","show_post_tag":"1","show_prev_next_post":"1","show_popup_post":"0","number_popup_post":"1","show_author_box":"0","show_post_related":"0","show_inline_post_related":"0"}],"override_image_size":"0","image_override":[{"single_post_thumbnail_size":"crop-500","single_post_gallery_size":"crop-500"}],"trending_post":"0","trending_post_position":"meta","trending_post_label":"Trending","sponsored_post":"0","sponsored_post_label":"Sponsored by","sponsored_post_name":"","sponsored_post_url":"","sponsored_post_logo_enable":"0","sponsored_post_logo":"","sponsored_post_desc":"","disable_ad":"0"},"jnews_primary_category":{"id":"","hide":""},"footnotes":""},"categories":[23,101],"tags":[2,3,467,612,1169,508],"class_list":["post-116124","post","type-post","status-publish","format-standard","has-post-thumbnail","hentry","category-primera","category-slide","tag-9dejulio","tag-alem","tag-franco-ruesga","tag-leandro-n-alem","tag-primera","tag-primera-division"],"yoast_head":"<!-- This site is optimized with the Yoast SEO plugin v27.5 - https:\/\/yoast.com\/product\/yoast-seo-wordpress\/ -->\n<title>Los Ruesga fueron demasiado para Alem - Gente de B\u00e1squet<\/title>\n<meta name=\"robots\" content=\"index, follow, max-snippet:-1, max-image-preview:large, max-video-preview:-1\" \/>\n<link rel=\"canonical\" href=\"https:\/\/gentedebasquet.com.ar\/sitio\/2025\/05\/29\/los-ruesga-fueron-demasiado-para-alem\/\" \/>\n<meta property=\"og:locale\" content=\"es_ES\" \/>\n<meta property=\"og:type\" content=\"article\" \/>\n<meta property=\"og:title\" content=\"Los Ruesga fueron demasiado para Alem - Gente de B\u00e1squet\" \/>\n<meta property=\"og:description\" content=\"Entre Franco y Santiago sumaron casi la mitad de los puntos para el triunfo de 9 de Julio sobre Alem. En un partido m\u00e1s que parejo, reci\u00e9n en los ultimos 30&#8243; el local lo pudo liquidar. De la mano de los Ruesga, m\u00e1s el aporte de Vecchi, los de Turcato pudieron suplantar la noche err\u00e1tica [&hellip;]\" \/>\n<meta property=\"og:url\" content=\"https:\/\/gentedebasquet.com.ar\/sitio\/2025\/05\/29\/los-ruesga-fueron-demasiado-para-alem\/\" \/>\n<meta property=\"og:site_name\" content=\"Gente de B\u00e1squet\" \/>\n<meta property=\"article:published_time\" content=\"2025-05-29T16:43:44+00:00\" \/>\n<meta property=\"article:modified_time\" content=\"2025-05-29T20:03:55+00:00\" \/>\n<meta property=\"og:image\" content=\"https:\/\/gentedebasquet.com.ar\/sitio\/wp-content\/uploads\/2025\/05\/WhatsApp-Image-2025-05-29-at-00.19.48.jpeg\" \/>\n\t<meta property=\"og:image:width\" content=\"1600\" \/>\n\t<meta property=\"og:image:height\" content=\"1200\" \/>\n\t<meta property=\"og:image:type\" content=\"image\/jpeg\" \/>\n<meta name=\"author\" content=\"Santiago Seisdedos\" \/>\n<meta name=\"twitter:card\" content=\"summary_large_image\" \/>\n<meta name=\"twitter:label1\" content=\"Escrito por\" \/>\n\t<meta name=\"twitter:data1\" content=\"Santiago Seisdedos\" \/>\n\t<meta name=\"twitter:label2\" content=\"Tiempo de lectura\" \/>\n\t<meta name=\"twitter:data2\" content=\"3 minutos\" \/>\n<script type=\"application\/ld+json\" class=\"yoast-schema-graph\">{\"@context\":\"https:\\\/\\\/schema.org\",\"@graph\":[{\"@type\":\"Article\",\"@id\":\"https:\\\/\\\/gentedebasquet.com.ar\\\/sitio\\\/2025\\\/05\\\/29\\\/los-ruesga-fueron-demasiado-para-alem\\\/#article\",\"isPartOf\":{\"@id\":\"https:\\\/\\\/gentedebasquet.com.ar\\\/sitio\\\/2025\\\/05\\\/29\\\/los-ruesga-fueron-demasiado-para-alem\\\/\"},\"author\":{\"name\":\"Santiago Seisdedos\",\"@id\":\"https:\\\/\\\/gentedebasquet.com.ar\\\/sitio\\\/#\\\/schema\\\/person\\\/3b50d7c801b9529aba70bd4613bca6da\"},\"headline\":\"Los Ruesga fueron demasiado para Alem\",\"datePublished\":\"2025-05-29T16:43:44+00:00\",\"dateModified\":\"2025-05-29T20:03:55+00:00\",\"mainEntityOfPage\":{\"@id\":\"https:\\\/\\\/gentedebasquet.com.ar\\\/sitio\\\/2025\\\/05\\\/29\\\/los-ruesga-fueron-demasiado-para-alem\\\/\"},\"wordCount\":301,\"commentCount\":0,\"image\":{\"@id\":\"https:\\\/\\\/gentedebasquet.com.ar\\\/sitio\\\/2025\\\/05\\\/29\\\/los-ruesga-fueron-demasiado-para-alem\\\/#primaryimage\"},\"thumbnailUrl\":\"https:\\\/\\\/gentedebasquet.com.ar\\\/sitio\\\/wp-content\\\/uploads\\\/2025\\\/05\\\/WhatsApp-Image-2025-05-29-at-00.19.48.jpeg\",\"keywords\":[\"9 de Julio\",\"Alem\",\"Franco Ruesga\",\"Leandro N. Alem\",\"Primera\",\"Primera Divisi\u00f3n\"],\"articleSection\":[\"Primera\",\"Slide\"],\"inLanguage\":\"es\",\"potentialAction\":[{\"@type\":\"CommentAction\",\"name\":\"Comment\",\"target\":[\"https:\\\/\\\/gentedebasquet.com.ar\\\/sitio\\\/2025\\\/05\\\/29\\\/los-ruesga-fueron-demasiado-para-alem\\\/#respond\"]}]},{\"@type\":\"WebPage\",\"@id\":\"https:\\\/\\\/gentedebasquet.com.ar\\\/sitio\\\/2025\\\/05\\\/29\\\/los-ruesga-fueron-demasiado-para-alem\\\/\",\"url\":\"https:\\\/\\\/gentedebasquet.com.ar\\\/sitio\\\/2025\\\/05\\\/29\\\/los-ruesga-fueron-demasiado-para-alem\\\/\",\"name\":\"Los Ruesga fueron demasiado para Alem - Gente de B\u00e1squet\",\"isPartOf\":{\"@id\":\"https:\\\/\\\/gentedebasquet.com.ar\\\/sitio\\\/#website\"},\"primaryImageOfPage\":{\"@id\":\"https:\\\/\\\/gentedebasquet.com.ar\\\/sitio\\\/2025\\\/05\\\/29\\\/los-ruesga-fueron-demasiado-para-alem\\\/#primaryimage\"},\"image\":{\"@id\":\"https:\\\/\\\/gentedebasquet.com.ar\\\/sitio\\\/2025\\\/05\\\/29\\\/los-ruesga-fueron-demasiado-para-alem\\\/#primaryimage\"},\"thumbnailUrl\":\"https:\\\/\\\/gentedebasquet.com.ar\\\/sitio\\\/wp-content\\\/uploads\\\/2025\\\/05\\\/WhatsApp-Image-2025-05-29-at-00.19.48.jpeg\",\"datePublished\":\"2025-05-29T16:43:44+00:00\",\"dateModified\":\"2025-05-29T20:03:55+00:00\",\"author\":{\"@id\":\"https:\\\/\\\/gentedebasquet.com.ar\\\/sitio\\\/#\\\/schema\\\/person\\\/3b50d7c801b9529aba70bd4613bca6da\"},\"breadcrumb\":{\"@id\":\"https:\\\/\\\/gentedebasquet.com.ar\\\/sitio\\\/2025\\\/05\\\/29\\\/los-ruesga-fueron-demasiado-para-alem\\\/#breadcrumb\"},\"inLanguage\":\"es\",\"potentialAction\":[{\"@type\":\"ReadAction\",\"target\":[\"https:\\\/\\\/gentedebasquet.com.ar\\\/sitio\\\/2025\\\/05\\\/29\\\/los-ruesga-fueron-demasiado-para-alem\\\/\"]}]},{\"@type\":\"ImageObject\",\"inLanguage\":\"es\",\"@id\":\"https:\\\/\\\/gentedebasquet.com.ar\\\/sitio\\\/2025\\\/05\\\/29\\\/los-ruesga-fueron-demasiado-para-alem\\\/#primaryimage\",\"url\":\"https:\\\/\\\/gentedebasquet.com.ar\\\/sitio\\\/wp-content\\\/uploads\\\/2025\\\/05\\\/WhatsApp-Image-2025-05-29-at-00.19.48.jpeg\",\"contentUrl\":\"https:\\\/\\\/gentedebasquet.com.ar\\\/sitio\\\/wp-content\\\/uploads\\\/2025\\\/05\\\/WhatsApp-Image-2025-05-29-at-00.19.48.jpeg\",\"width\":1600,\"height\":1200},{\"@type\":\"BreadcrumbList\",\"@id\":\"https:\\\/\\\/gentedebasquet.com.ar\\\/sitio\\\/2025\\\/05\\\/29\\\/los-ruesga-fueron-demasiado-para-alem\\\/#breadcrumb\",\"itemListElement\":[{\"@type\":\"ListItem\",\"position\":1,\"name\":\"Portada\",\"item\":\"https:\\\/\\\/gentedebasquet.com.ar\\\/sitio\\\/\"},{\"@type\":\"ListItem\",\"position\":2,\"name\":\"Los Ruesga fueron demasiado para Alem\"}]},{\"@type\":\"WebSite\",\"@id\":\"https:\\\/\\\/gentedebasquet.com.ar\\\/sitio\\\/#website\",\"url\":\"https:\\\/\\\/gentedebasquet.com.ar\\\/sitio\\\/\",\"name\":\"Gente de B\u00e1squet\",\"description\":\"La revista del basquet de Bah\u00eda Blanca\",\"potentialAction\":[{\"@type\":\"SearchAction\",\"target\":{\"@type\":\"EntryPoint\",\"urlTemplate\":\"https:\\\/\\\/gentedebasquet.com.ar\\\/sitio\\\/?s={search_term_string}\"},\"query-input\":{\"@type\":\"PropertyValueSpecification\",\"valueRequired\":true,\"valueName\":\"search_term_string\"}}],\"inLanguage\":\"es\"},{\"@type\":\"Person\",\"@id\":\"https:\\\/\\\/gentedebasquet.com.ar\\\/sitio\\\/#\\\/schema\\\/person\\\/3b50d7c801b9529aba70bd4613bca6da\",\"name\":\"Santiago Seisdedos\",\"image\":{\"@type\":\"ImageObject\",\"inLanguage\":\"es\",\"@id\":\"https:\\\/\\\/secure.gravatar.com\\\/avatar\\\/be737e74404eb3825c4679da7a152b3c6980b470f7253114cd451344e20a8d80?s=96&d=mm&r=g\",\"url\":\"https:\\\/\\\/secure.gravatar.com\\\/avatar\\\/be737e74404eb3825c4679da7a152b3c6980b470f7253114cd451344e20a8d80?s=96&d=mm&r=g\",\"contentUrl\":\"https:\\\/\\\/secure.gravatar.com\\\/avatar\\\/be737e74404eb3825c4679da7a152b3c6980b470f7253114cd451344e20a8d80?s=96&d=mm&r=g\",\"caption\":\"Santiago Seisdedos\"},\"url\":\"https:\\\/\\\/gentedebasquet.com.ar\\\/sitio\\\/author\\\/santiago-sesidedos\\\/\"}]}<\/script>\n<!-- \/ Yoast SEO plugin. -->","yoast_head_json":{"title":"Los Ruesga fueron demasiado para Alem - Gente de B\u00e1squet","robots":{"index":"index","follow":"follow","max-snippet":"max-snippet:-1","max-image-preview":"max-image-preview:large","max-video-preview":"max-video-preview:-1"},"canonical":"https:\/\/gentedebasquet.com.ar\/sitio\/2025\/05\/29\/los-ruesga-fueron-demasiado-para-alem\/","og_locale":"es_ES","og_type":"article","og_title":"Los Ruesga fueron demasiado para Alem - Gente de B\u00e1squet","og_description":"Entre Franco y Santiago sumaron casi la mitad de los puntos para el triunfo de 9 de Julio sobre Alem. En un partido m\u00e1s que parejo, reci\u00e9n en los ultimos 30&#8243; el local lo pudo liquidar. De la mano de los Ruesga, m\u00e1s el aporte de Vecchi, los de Turcato pudieron suplantar la noche err\u00e1tica [&hellip;]","og_url":"https:\/\/gentedebasquet.com.ar\/sitio\/2025\/05\/29\/los-ruesga-fueron-demasiado-para-alem\/","og_site_name":"Gente de B\u00e1squet","article_published_time":"2025-05-29T16:43:44+00:00","article_modified_time":"2025-05-29T20:03:55+00:00","og_image":[{"width":1600,"height":1200,"url":"https:\/\/gentedebasquet.com.ar\/sitio\/wp-content\/uploads\/2025\/05\/WhatsApp-Image-2025-05-29-at-00.19.48.jpeg","type":"image\/jpeg"}],"author":"Santiago Seisdedos","twitter_card":"summary_large_image","twitter_misc":{"Escrito por":"Santiago Seisdedos","Tiempo de lectura":"3 minutos"},"schema":{"@context":"https:\/\/schema.org","@graph":[{"@type":"Article","@id":"https:\/\/gentedebasquet.com.ar\/sitio\/2025\/05\/29\/los-ruesga-fueron-demasiado-para-alem\/#article","isPartOf":{"@id":"https:\/\/gentedebasquet.com.ar\/sitio\/2025\/05\/29\/los-ruesga-fueron-demasiado-para-alem\/"},"author":{"name":"Santiago Seisdedos","@id":"https:\/\/gentedebasquet.com.ar\/sitio\/#\/schema\/person\/3b50d7c801b9529aba70bd4613bca6da"},"headline":"Los Ruesga fueron demasiado para Alem","datePublished":"2025-05-29T16:43:44+00:00","dateModified":"2025-05-29T20:03:55+00:00","mainEntityOfPage":{"@id":"https:\/\/gentedebasquet.com.ar\/sitio\/2025\/05\/29\/los-ruesga-fueron-demasiado-para-alem\/"},"wordCount":301,"commentCount":0,"image":{"@id":"https:\/\/gentedebasquet.com.ar\/sitio\/2025\/05\/29\/los-ruesga-fueron-demasiado-para-alem\/#primaryimage"},"thumbnailUrl":"https:\/\/gentedebasquet.com.ar\/sitio\/wp-content\/uploads\/2025\/05\/WhatsApp-Image-2025-05-29-at-00.19.48.jpeg","keywords":["9 de Julio","Alem","Franco Ruesga","Leandro N. Alem","Primera","Primera Divisi\u00f3n"],"articleSection":["Primera","Slide"],"inLanguage":"es","potentialAction":[{"@type":"CommentAction","name":"Comment","target":["https:\/\/gentedebasquet.com.ar\/sitio\/2025\/05\/29\/los-ruesga-fueron-demasiado-para-alem\/#respond"]}]},{"@type":"WebPage","@id":"https:\/\/gentedebasquet.com.ar\/sitio\/2025\/05\/29\/los-ruesga-fueron-demasiado-para-alem\/","url":"https:\/\/gentedebasquet.com.ar\/sitio\/2025\/05\/29\/los-ruesga-fueron-demasiado-para-alem\/","name":"Los Ruesga fueron demasiado para Alem - Gente de B\u00e1squet","isPartOf":{"@id":"https:\/\/gentedebasquet.com.ar\/sitio\/#website"},"primaryImageOfPage":{"@id":"https:\/\/gentedebasquet.com.ar\/sitio\/2025\/05\/29\/los-ruesga-fueron-demasiado-para-alem\/#primaryimage"},"image":{"@id":"https:\/\/gentedebasquet.com.ar\/sitio\/2025\/05\/29\/los-ruesga-fueron-demasiado-para-alem\/#primaryimage"},"thumbnailUrl":"https:\/\/gentedebasquet.com.ar\/sitio\/wp-content\/uploads\/2025\/05\/WhatsApp-Image-2025-05-29-at-00.19.48.jpeg","datePublished":"2025-05-29T16:43:44+00:00","dateModified":"2025-05-29T20:03:55+00:00","author":{"@id":"https:\/\/gentedebasquet.com.ar\/sitio\/#\/schema\/person\/3b50d7c801b9529aba70bd4613bca6da"},"breadcrumb":{"@id":"https:\/\/gentedebasquet.com.ar\/sitio\/2025\/05\/29\/los-ruesga-fueron-demasiado-para-alem\/#breadcrumb"},"inLanguage":"es","potentialAction":[{"@type":"ReadAction","target":["https:\/\/gentedebasquet.com.ar\/sitio\/2025\/05\/29\/los-ruesga-fueron-demasiado-para-alem\/"]}]},{"@type":"ImageObject","inLanguage":"es","@id":"https:\/\/gentedebasquet.com.ar\/sitio\/2025\/05\/29\/los-ruesga-fueron-demasiado-para-alem\/#primaryimage","url":"https:\/\/gentedebasquet.com.ar\/sitio\/wp-content\/uploads\/2025\/05\/WhatsApp-Image-2025-05-29-at-00.19.48.jpeg","contentUrl":"https:\/\/gentedebasquet.com.ar\/sitio\/wp-content\/uploads\/2025\/05\/WhatsApp-Image-2025-05-29-at-00.19.48.jpeg","width":1600,"height":1200},{"@type":"BreadcrumbList","@id":"https:\/\/gentedebasquet.com.ar\/sitio\/2025\/05\/29\/los-ruesga-fueron-demasiado-para-alem\/#breadcrumb","itemListElement":[{"@type":"ListItem","position":1,"name":"Portada","item":"https:\/\/gentedebasquet.com.ar\/sitio\/"},{"@type":"ListItem","position":2,"name":"Los Ruesga fueron demasiado para Alem"}]},{"@type":"WebSite","@id":"https:\/\/gentedebasquet.com.ar\/sitio\/#website","url":"https:\/\/gentedebasquet.com.ar\/sitio\/","name":"Gente de B\u00e1squet","description":"La revista del basquet de Bah\u00eda Blanca","potentialAction":[{"@type":"SearchAction","target":{"@type":"EntryPoint","urlTemplate":"https:\/\/gentedebasquet.com.ar\/sitio\/?s={search_term_string}"},"query-input":{"@type":"PropertyValueSpecification","valueRequired":true,"valueName":"search_term_string"}}],"inLanguage":"es"},{"@type":"Person","@id":"https:\/\/gentedebasquet.com.ar\/sitio\/#\/schema\/person\/3b50d7c801b9529aba70bd4613bca6da","name":"Santiago Seisdedos","image":{"@type":"ImageObject","inLanguage":"es","@id":"https:\/\/secure.gravatar.com\/avatar\/be737e74404eb3825c4679da7a152b3c6980b470f7253114cd451344e20a8d80?s=96&d=mm&r=g","url":"https:\/\/secure.gravatar.com\/avatar\/be737e74404eb3825c4679da7a152b3c6980b470f7253114cd451344e20a8d80?s=96&d=mm&r=g","contentUrl":"https:\/\/secure.gravatar.com\/avatar\/be737e74404eb3825c4679da7a152b3c6980b470f7253114cd451344e20a8d80?s=96&d=mm&r=g","caption":"Santiago Seisdedos"},"url":"https:\/\/gentedebasquet.com.ar\/sitio\/author\/santiago-sesidedos\/"}]}},"_links":{"self":[{"href":"https:\/\/gentedebasquet.com.ar\/sitio\/wp-json\/wp\/v2\/posts\/116124","targetHints":{"allow":["GET"]}}],"collection":[{"href":"https:\/\/gentedebasquet.com.ar\/sitio\/wp-json\/wp\/v2\/posts"}],"about":[{"href":"https:\/\/gentedebasquet.com.ar\/sitio\/wp-json\/wp\/v2\/types\/post"}],"author":[{"embeddable":true,"href":"https:\/\/gentedebasquet.com.ar\/sitio\/wp-json\/wp\/v2\/users\/71"}],"replies":[{"embeddable":true,"href":"https:\/\/gentedebasquet.com.ar\/sitio\/wp-json\/wp\/v2\/comments?post=116124"}],"version-history":[{"count":3,"href":"https:\/\/gentedebasquet.com.ar\/sitio\/wp-json\/wp\/v2\/posts\/116124\/revisions"}],"predecessor-version":[{"id":116132,"href":"https:\/\/gentedebasquet.com.ar\/sitio\/wp-json\/wp\/v2\/posts\/116124\/revisions\/116132"}],"wp:featuredmedia":[{"embeddable":true,"href":"https:\/\/gentedebasquet.com.ar\/sitio\/wp-json\/wp\/v2\/media\/116126"}],"wp:attachment":[{"href":"https:\/\/gentedebasquet.com.ar\/sitio\/wp-json\/wp\/v2\/media?parent=116124"}],"wp:term":[{"taxonomy":"category","embeddable":true,"href":"https:\/\/gentedebasquet.com.ar\/sitio\/wp-json\/wp\/v2\/categories?post=116124"},{"taxonomy":"post_tag","embeddable":true,"href":"https:\/\/gentedebasquet.com.ar\/sitio\/wp-json\/wp\/v2\/tags?post=116124"}],"curies":[{"name":"wp","href":"https:\/\/api.w.org\/{rel}","templated":true}]}}