{"id":116147,"date":"2025-05-29T23:58:01","date_gmt":"2025-05-29T21:58:01","guid":{"rendered":"https:\/\/gentedebasquet.com.ar\/sitio\/?p=116147"},"modified":"2025-05-30T05:48:18","modified_gmt":"2025-05-30T03:48:18","slug":"victoria-tricolor-2","status":"publish","type":"post","link":"https:\/\/gentedebasquet.com.ar\/sitio\/2025\/05\/29\/victoria-tricolor-2\/","title":{"rendered":"Victoria tricolor"},"content":{"rendered":"<p><strong>En el Jos\u00e9 Mart\u00ednez, Villa Mitre venci\u00f3 a Pacifico 70 a 60 por la fecha #6.<\/strong><\/p>\n<p><strong>El local domin\u00f3 gran parte del juego en el tanteador, con un gran primer tiempo defensivo que le dio ventaja de doble digito (40-24). <\/strong><\/p>\n<p><strong>Pacifico mostr\u00f3 peque\u00f1as reacciones, el amanecer del complemento (40-31), desde la defensa zonal en el 3C (53-43) y con un par de recuperos en primera l\u00ednea con minuto por jugar (60-53). <\/strong><\/p>\n<p><strong>Villa Mitre manej\u00f3 esos momentos, con una rotaci\u00f3n amplia y productiva, tuvo 20 de Manuel Iglesias y 16 de Juli\u00e1n Lorca como destacados, en el verde hubo 13 de Juan Cruz Redivo. <\/strong><\/p>\n<p>El local tom\u00f3 las riendas del juego desde su defensa. Congestion\u00f3 su zona pintada y adelante, anot\u00f3 yendo al aro y Lorca creci\u00f3 en ambos lados de la cancha.<\/p>\n<p>Con la verticalidad de Iglesias la ventaja subi\u00f3 al doble digito, ante un rival sin gol externo y que forz\u00f3 cuando fue al aro.<\/p>\n<p>Villa Mitre calc\u00f3 el parcial en el segundo cuarto, 20 a 12 para tomar diecis\u00e9is de ventaja al entretiempo (40-24).<\/p>\n<p>El verde estuvo m\u00e1s de cuatro minutos para sumar y luego de ocho intentos, anot\u00f3 de tres. El local sum\u00f3 desde la l\u00ednea para sostener la ventaja.<\/p>\n<p>R\u00e1pido Pacifico marc\u00f3 parcial 7 a 0 (40-31) para bajar a un digito la desventaja. El juego en parejas de Depaoli- Lorca, le dio aire al local que luego debi\u00f3 descifrar la defensa zonal que plante\u00f3 el visitante.<\/p>\n<p>Cavero con cinco en fila pareci\u00f3 encaminar el triunfo iniciado el \u00faltimo cuarto (58-43) pero Pacifico, subi\u00f3 su defensa, intensifico atras y adelante, corri\u00f3 en transici\u00f3n para sumar.<\/p>\n<p>Un par de recuperos en primera l\u00ednea le dieron gol r\u00e1pido al verde, que baj\u00f3 la diferencia a siete con 1m55 por jugar. Cinco en fila de Depaoli sentenci\u00f3 el juego y la victoria para Villa Mitre.<\/p>\n<div class=\"jeg_video_container jeg_video_content\"><iframe loading=\"lazy\" title=\"#Primera - Fecha #6: Villa Mitre 70-60 Pacifico\" width=\"500\" height=\"281\" src=\"https:\/\/www.youtube.com\/embed\/WTq0NUA4y1Y?feature=oembed\" frameborder=\"0\" allow=\"accelerometer; autoplay; clipboard-write; encrypted-media; gyroscope; picture-in-picture; web-share\" referrerpolicy=\"strict-origin-when-cross-origin\" allowfullscreen><\/iframe><\/div>\n<p><img decoding=\"async\" class=\"alignnone size-medium wp-image-116148\" src=\"http:\/\/gentedebasquet.com.ar\/sitio\/wp-content\/uploads\/2025\/05\/MVP-4-300x300.jpg\" alt=\"\" width=\"300\" height=\"300\" srcset=\"https:\/\/gentedebasquet.com.ar\/sitio\/wp-content\/uploads\/2025\/05\/MVP-4-300x300.jpg 300w, https:\/\/gentedebasquet.com.ar\/sitio\/wp-content\/uploads\/2025\/05\/MVP-4-1024x1024.jpg 1024w, https:\/\/gentedebasquet.com.ar\/sitio\/wp-content\/uploads\/2025\/05\/MVP-4-150x150.jpg 150w, https:\/\/gentedebasquet.com.ar\/sitio\/wp-content\/uploads\/2025\/05\/MVP-4-768x768.jpg 768w, https:\/\/gentedebasquet.com.ar\/sitio\/wp-content\/uploads\/2025\/05\/MVP-4-1536x1536.jpg 1536w, https:\/\/gentedebasquet.com.ar\/sitio\/wp-content\/uploads\/2025\/05\/MVP-4-75x75.jpg 75w, https:\/\/gentedebasquet.com.ar\/sitio\/wp-content\/uploads\/2025\/05\/MVP-4-350x350.jpg 350w, https:\/\/gentedebasquet.com.ar\/sitio\/wp-content\/uploads\/2025\/05\/MVP-4-750x750.jpg 750w, https:\/\/gentedebasquet.com.ar\/sitio\/wp-content\/uploads\/2025\/05\/MVP-4-1140x1140.jpg 1140w, https:\/\/gentedebasquet.com.ar\/sitio\/wp-content\/uploads\/2025\/05\/MVP-4.jpg 2000w\" sizes=\"(max-width: 300px) 100vw, 300px\" \/><\/p>\n<blockquote><p><em>\u201cEra un rival duro, nos plantemos jugar un partido f\u00edsico, sin dejar jugar a sus tiradores. Estuvimos bien en defensa y eso nos dio confianza adelante. Nos pasamos bien el bal\u00f3n, tenemos tanto juego interior como tiro externo y pese a no estar tan certeros, tuvimos paciencia y fue clave\u201d Emiliano Men\u00e9ndez (Villa Mitre)<\/em><\/p><\/blockquote>\n<p><strong>S\u00edntesis<\/strong> &#8211; Primera Divisi\u00f3n &#8211; Fecha #6<\/p>\n<p><strong>Villa Mitre 70<\/strong>: Fausto Depaoli 11, Lautaro Cavero 11, Manuel Iglesias 20, Franco Amigo 5, Juli\u00e1n Lorca 16 (FI); Joaqu\u00edn Jasen 4, Fernando Alfonso 1, Sebasti\u00e1n Basualdo 2, Lucio Baeza 0, Ramiro Heinrich 0. DT: Emiliano Men\u00e9ndez.<\/p>\n<p><strong>Pacifico 60:<\/strong> Francisco Michelli 10, Juan Cruz Redivo 13, Valent\u00edn Cortes 11, Santiago Loos 6, Tomas Sagarzazu 2 (FI); Mateo Boccatonda 5, Genaro Pisani 2, I\u00f1aki Errazu 6, Francisco Mattioli 3, Gino Pisani 0, Guillermo Lucas 2. DT: Mauro Richotti.<\/p>\n<p><strong>Parciales<\/strong>: 20-12, 40-24 (20-12), 53-38 (13-14), 70-60 (17-22).<\/p>\n<p><strong>\u00c1rbitros<\/strong>: Emanuel S\u00e1nchez &#8211; Sebasti\u00e1n Giannino &#8211; Ariel De Marco.<\/p>\n<p><strong>Estadio<\/strong>: Jos\u00e9 Mart\u00ednez (Villa Mitre)<\/p>\n<p><img decoding=\"async\" class=\"alignnone size-medium wp-image-116149\" src=\"http:\/\/gentedebasquet.com.ar\/sitio\/wp-content\/uploads\/2025\/05\/CLAVE-4-300x300.jpg\" alt=\"\" width=\"300\" height=\"300\" srcset=\"https:\/\/gentedebasquet.com.ar\/sitio\/wp-content\/uploads\/2025\/05\/CLAVE-4-300x300.jpg 300w, https:\/\/gentedebasquet.com.ar\/sitio\/wp-content\/uploads\/2025\/05\/CLAVE-4-1024x1024.jpg 1024w, https:\/\/gentedebasquet.com.ar\/sitio\/wp-content\/uploads\/2025\/05\/CLAVE-4-150x150.jpg 150w, https:\/\/gentedebasquet.com.ar\/sitio\/wp-content\/uploads\/2025\/05\/CLAVE-4-768x768.jpg 768w, https:\/\/gentedebasquet.com.ar\/sitio\/wp-content\/uploads\/2025\/05\/CLAVE-4-1536x1536.jpg 1536w, https:\/\/gentedebasquet.com.ar\/sitio\/wp-content\/uploads\/2025\/05\/CLAVE-4-75x75.jpg 75w, https:\/\/gentedebasquet.com.ar\/sitio\/wp-content\/uploads\/2025\/05\/CLAVE-4-350x350.jpg 350w, https:\/\/gentedebasquet.com.ar\/sitio\/wp-content\/uploads\/2025\/05\/CLAVE-4-750x750.jpg 750w, https:\/\/gentedebasquet.com.ar\/sitio\/wp-content\/uploads\/2025\/05\/CLAVE-4-1140x1140.jpg 1140w, https:\/\/gentedebasquet.com.ar\/sitio\/wp-content\/uploads\/2025\/05\/CLAVE-4.jpg 2000w\" sizes=\"(max-width: 300px) 100vw, 300px\" \/><\/p>\n<p><img decoding=\"async\" class=\"alignnone size-medium wp-image-116150\" src=\"http:\/\/gentedebasquet.com.ar\/sitio\/wp-content\/uploads\/2025\/05\/800-3-300x169.jpg\" alt=\"\" width=\"300\" height=\"169\" srcset=\"https:\/\/gentedebasquet.com.ar\/sitio\/wp-content\/uploads\/2025\/05\/800-3-300x169.jpg 300w, https:\/\/gentedebasquet.com.ar\/sitio\/wp-content\/uploads\/2025\/05\/800-3-768x432.jpg 768w, https:\/\/gentedebasquet.com.ar\/sitio\/wp-content\/uploads\/2025\/05\/800-3-750x422.jpg 750w, https:\/\/gentedebasquet.com.ar\/sitio\/wp-content\/uploads\/2025\/05\/800-3.jpg 800w\" sizes=\"(max-width: 300px) 100vw, 300px\" \/><\/p>\n<p>&nbsp;<\/p>\n","protected":false},"excerpt":{"rendered":"<p>En el Jos\u00e9 Mart\u00ednez, Villa Mitre venci\u00f3 a Pacifico 70 a 60 por la fecha #6. El local domin\u00f3 gran parte del juego en el tanteador, con un gran primer tiempo defensivo que le dio ventaja de doble digito (40-24). Pacifico mostr\u00f3 peque\u00f1as reacciones, el amanecer del complemento (40-31), desde la defensa zonal en el [&hellip;]<\/p>\n","protected":false},"author":47,"featured_media":116153,"comment_status":"open","ping_status":"open","sticky":false,"template":"","format":"standard","meta":{"jnews-multi-image_gallery":[],"jnews_single_post":{"source_name":"","source_url":"","via_name":"","via_url":"","override_template":"0","override":[{"template":"1","single_blog_custom":"","parallax":"1","fullscreen":"1","layout":"right-sidebar","sidebar":"default-sidebar","second_sidebar":"default-sidebar","sticky_sidebar":"1","share_position":"top","share_float_style":"share-monocrhome","show_share_counter":"0","show_view_counter":"0","show_featured":"1","show_post_meta":"1","show_post_author":"1","show_post_author_image":"0","show_post_date":"1","post_date_format":"default","post_date_format_custom":"Y\/m\/d","show_post_category":"1","show_post_reading_time":"0","post_reading_time_wpm":"300","show_zoom_button":"0","zoom_button_out_step":"2","zoom_button_in_step":"3","show_post_tag":"1","show_prev_next_post":"1","show_popup_post":"0","number_popup_post":"1","show_author_box":"0","show_post_related":"0","show_inline_post_related":"0"}],"override_image_size":"0","image_override":[{"single_post_thumbnail_size":"crop-500","single_post_gallery_size":"crop-500"}],"trending_post":"0","trending_post_position":"meta","trending_post_label":"Trending","sponsored_post":"0","sponsored_post_label":"Sponsored by","sponsored_post_name":"","sponsored_post_url":"","sponsored_post_logo_enable":"0","sponsored_post_logo":"","sponsored_post_desc":"","disable_ad":"0"},"jnews_primary_category":{"id":"","hide":""},"footnotes":""},"categories":[23,101],"tags":[1558,1838,17,22],"class_list":["post-116147","post","type-post","status-publish","format-standard","has-post-thumbnail","hentry","category-primera","category-slide","tag-emiliano-menendez","tag-manuel-iglesias","tag-pacifico","tag-villa-mitre"],"yoast_head":"<!-- This site is optimized with the Yoast SEO plugin v27.5 - https:\/\/yoast.com\/product\/yoast-seo-wordpress\/ -->\n<title>Victoria tricolor - Gente de B\u00e1squet<\/title>\n<meta name=\"robots\" content=\"index, follow, max-snippet:-1, max-image-preview:large, max-video-preview:-1\" \/>\n<link rel=\"canonical\" href=\"https:\/\/gentedebasquet.com.ar\/sitio\/2025\/05\/29\/victoria-tricolor-2\/\" \/>\n<meta property=\"og:locale\" content=\"es_ES\" \/>\n<meta property=\"og:type\" content=\"article\" \/>\n<meta property=\"og:title\" content=\"Victoria tricolor - Gente de B\u00e1squet\" \/>\n<meta property=\"og:description\" content=\"En el Jos\u00e9 Mart\u00ednez, Villa Mitre venci\u00f3 a Pacifico 70 a 60 por la fecha #6. El local domin\u00f3 gran parte del juego en el tanteador, con un gran primer tiempo defensivo que le dio ventaja de doble digito (40-24). Pacifico mostr\u00f3 peque\u00f1as reacciones, el amanecer del complemento (40-31), desde la defensa zonal en el [&hellip;]\" \/>\n<meta property=\"og:url\" content=\"https:\/\/gentedebasquet.com.ar\/sitio\/2025\/05\/29\/victoria-tricolor-2\/\" \/>\n<meta property=\"og:site_name\" content=\"Gente de B\u00e1squet\" \/>\n<meta property=\"article:published_time\" content=\"2025-05-29T21:58:01+00:00\" \/>\n<meta property=\"article:modified_time\" content=\"2025-05-30T03:48:18+00:00\" \/>\n<meta property=\"og:image\" content=\"https:\/\/gentedebasquet.com.ar\/sitio\/wp-content\/uploads\/2025\/05\/690-4.jpg\" \/>\n\t<meta property=\"og:image:width\" content=\"690\" \/>\n\t<meta property=\"og:image:height\" content=\"319\" \/>\n\t<meta property=\"og:image:type\" content=\"image\/jpeg\" \/>\n<meta name=\"author\" content=\"Franco Crivellini\" \/>\n<meta name=\"twitter:card\" content=\"summary_large_image\" \/>\n<meta name=\"twitter:label1\" content=\"Escrito por\" \/>\n\t<meta name=\"twitter:data1\" content=\"Franco Crivellini\" \/>\n\t<meta name=\"twitter:label2\" content=\"Tiempo de lectura\" \/>\n\t<meta name=\"twitter:data2\" content=\"3 minutos\" \/>\n<script type=\"application\/ld+json\" class=\"yoast-schema-graph\">{\"@context\":\"https:\\\/\\\/schema.org\",\"@graph\":[{\"@type\":\"Article\",\"@id\":\"https:\\\/\\\/gentedebasquet.com.ar\\\/sitio\\\/2025\\\/05\\\/29\\\/victoria-tricolor-2\\\/#article\",\"isPartOf\":{\"@id\":\"https:\\\/\\\/gentedebasquet.com.ar\\\/sitio\\\/2025\\\/05\\\/29\\\/victoria-tricolor-2\\\/\"},\"author\":{\"name\":\"Franco Crivellini\",\"@id\":\"https:\\\/\\\/gentedebasquet.com.ar\\\/sitio\\\/#\\\/schema\\\/person\\\/8aab22e4df61e089287228bd32bccc28\"},\"headline\":\"Victoria tricolor\",\"datePublished\":\"2025-05-29T21:58:01+00:00\",\"dateModified\":\"2025-05-30T03:48:18+00:00\",\"mainEntityOfPage\":{\"@id\":\"https:\\\/\\\/gentedebasquet.com.ar\\\/sitio\\\/2025\\\/05\\\/29\\\/victoria-tricolor-2\\\/\"},\"wordCount\":472,\"commentCount\":0,\"image\":{\"@id\":\"https:\\\/\\\/gentedebasquet.com.ar\\\/sitio\\\/2025\\\/05\\\/29\\\/victoria-tricolor-2\\\/#primaryimage\"},\"thumbnailUrl\":\"https:\\\/\\\/gentedebasquet.com.ar\\\/sitio\\\/wp-content\\\/uploads\\\/2025\\\/05\\\/690-4.jpg\",\"keywords\":[\"Emiliano Men\u00e9ndez\",\"Manuel Iglesias\",\"Pacifico\",\"Villa Mitre\"],\"articleSection\":[\"Primera\",\"Slide\"],\"inLanguage\":\"es\",\"potentialAction\":[{\"@type\":\"CommentAction\",\"name\":\"Comment\",\"target\":[\"https:\\\/\\\/gentedebasquet.com.ar\\\/sitio\\\/2025\\\/05\\\/29\\\/victoria-tricolor-2\\\/#respond\"]}]},{\"@type\":\"WebPage\",\"@id\":\"https:\\\/\\\/gentedebasquet.com.ar\\\/sitio\\\/2025\\\/05\\\/29\\\/victoria-tricolor-2\\\/\",\"url\":\"https:\\\/\\\/gentedebasquet.com.ar\\\/sitio\\\/2025\\\/05\\\/29\\\/victoria-tricolor-2\\\/\",\"name\":\"Victoria tricolor - Gente de B\u00e1squet\",\"isPartOf\":{\"@id\":\"https:\\\/\\\/gentedebasquet.com.ar\\\/sitio\\\/#website\"},\"primaryImageOfPage\":{\"@id\":\"https:\\\/\\\/gentedebasquet.com.ar\\\/sitio\\\/2025\\\/05\\\/29\\\/victoria-tricolor-2\\\/#primaryimage\"},\"image\":{\"@id\":\"https:\\\/\\\/gentedebasquet.com.ar\\\/sitio\\\/2025\\\/05\\\/29\\\/victoria-tricolor-2\\\/#primaryimage\"},\"thumbnailUrl\":\"https:\\\/\\\/gentedebasquet.com.ar\\\/sitio\\\/wp-content\\\/uploads\\\/2025\\\/05\\\/690-4.jpg\",\"datePublished\":\"2025-05-29T21:58:01+00:00\",\"dateModified\":\"2025-05-30T03:48:18+00:00\",\"author\":{\"@id\":\"https:\\\/\\\/gentedebasquet.com.ar\\\/sitio\\\/#\\\/schema\\\/person\\\/8aab22e4df61e089287228bd32bccc28\"},\"breadcrumb\":{\"@id\":\"https:\\\/\\\/gentedebasquet.com.ar\\\/sitio\\\/2025\\\/05\\\/29\\\/victoria-tricolor-2\\\/#breadcrumb\"},\"inLanguage\":\"es\",\"potentialAction\":[{\"@type\":\"ReadAction\",\"target\":[\"https:\\\/\\\/gentedebasquet.com.ar\\\/sitio\\\/2025\\\/05\\\/29\\\/victoria-tricolor-2\\\/\"]}]},{\"@type\":\"ImageObject\",\"inLanguage\":\"es\",\"@id\":\"https:\\\/\\\/gentedebasquet.com.ar\\\/sitio\\\/2025\\\/05\\\/29\\\/victoria-tricolor-2\\\/#primaryimage\",\"url\":\"https:\\\/\\\/gentedebasquet.com.ar\\\/sitio\\\/wp-content\\\/uploads\\\/2025\\\/05\\\/690-4.jpg\",\"contentUrl\":\"https:\\\/\\\/gentedebasquet.com.ar\\\/sitio\\\/wp-content\\\/uploads\\\/2025\\\/05\\\/690-4.jpg\",\"width\":690,\"height\":319},{\"@type\":\"BreadcrumbList\",\"@id\":\"https:\\\/\\\/gentedebasquet.com.ar\\\/sitio\\\/2025\\\/05\\\/29\\\/victoria-tricolor-2\\\/#breadcrumb\",\"itemListElement\":[{\"@type\":\"ListItem\",\"position\":1,\"name\":\"Portada\",\"item\":\"https:\\\/\\\/gentedebasquet.com.ar\\\/sitio\\\/\"},{\"@type\":\"ListItem\",\"position\":2,\"name\":\"Victoria tricolor\"}]},{\"@type\":\"WebSite\",\"@id\":\"https:\\\/\\\/gentedebasquet.com.ar\\\/sitio\\\/#website\",\"url\":\"https:\\\/\\\/gentedebasquet.com.ar\\\/sitio\\\/\",\"name\":\"Gente de B\u00e1squet\",\"description\":\"La revista del basquet de Bah\u00eda Blanca\",\"potentialAction\":[{\"@type\":\"SearchAction\",\"target\":{\"@type\":\"EntryPoint\",\"urlTemplate\":\"https:\\\/\\\/gentedebasquet.com.ar\\\/sitio\\\/?s={search_term_string}\"},\"query-input\":{\"@type\":\"PropertyValueSpecification\",\"valueRequired\":true,\"valueName\":\"search_term_string\"}}],\"inLanguage\":\"es\"},{\"@type\":\"Person\",\"@id\":\"https:\\\/\\\/gentedebasquet.com.ar\\\/sitio\\\/#\\\/schema\\\/person\\\/8aab22e4df61e089287228bd32bccc28\",\"name\":\"Franco Crivellini\",\"image\":{\"@type\":\"ImageObject\",\"inLanguage\":\"es\",\"@id\":\"https:\\\/\\\/secure.gravatar.com\\\/avatar\\\/821dc58be638215ae0ad83d46863403d1dbfc54f3224ab8ae62f29c924eb08d8?s=96&d=mm&r=g\",\"url\":\"https:\\\/\\\/secure.gravatar.com\\\/avatar\\\/821dc58be638215ae0ad83d46863403d1dbfc54f3224ab8ae62f29c924eb08d8?s=96&d=mm&r=g\",\"contentUrl\":\"https:\\\/\\\/secure.gravatar.com\\\/avatar\\\/821dc58be638215ae0ad83d46863403d1dbfc54f3224ab8ae62f29c924eb08d8?s=96&d=mm&r=g\",\"caption\":\"Franco Crivellini\"},\"url\":\"https:\\\/\\\/gentedebasquet.com.ar\\\/sitio\\\/author\\\/franco-crivellini\\\/\"}]}<\/script>\n<!-- \/ Yoast SEO plugin. -->","yoast_head_json":{"title":"Victoria tricolor - Gente de B\u00e1squet","robots":{"index":"index","follow":"follow","max-snippet":"max-snippet:-1","max-image-preview":"max-image-preview:large","max-video-preview":"max-video-preview:-1"},"canonical":"https:\/\/gentedebasquet.com.ar\/sitio\/2025\/05\/29\/victoria-tricolor-2\/","og_locale":"es_ES","og_type":"article","og_title":"Victoria tricolor - Gente de B\u00e1squet","og_description":"En el Jos\u00e9 Mart\u00ednez, Villa Mitre venci\u00f3 a Pacifico 70 a 60 por la fecha #6. El local domin\u00f3 gran parte del juego en el tanteador, con un gran primer tiempo defensivo que le dio ventaja de doble digito (40-24). Pacifico mostr\u00f3 peque\u00f1as reacciones, el amanecer del complemento (40-31), desde la defensa zonal en el [&hellip;]","og_url":"https:\/\/gentedebasquet.com.ar\/sitio\/2025\/05\/29\/victoria-tricolor-2\/","og_site_name":"Gente de B\u00e1squet","article_published_time":"2025-05-29T21:58:01+00:00","article_modified_time":"2025-05-30T03:48:18+00:00","og_image":[{"width":690,"height":319,"url":"https:\/\/gentedebasquet.com.ar\/sitio\/wp-content\/uploads\/2025\/05\/690-4.jpg","type":"image\/jpeg"}],"author":"Franco Crivellini","twitter_card":"summary_large_image","twitter_misc":{"Escrito por":"Franco Crivellini","Tiempo de lectura":"3 minutos"},"schema":{"@context":"https:\/\/schema.org","@graph":[{"@type":"Article","@id":"https:\/\/gentedebasquet.com.ar\/sitio\/2025\/05\/29\/victoria-tricolor-2\/#article","isPartOf":{"@id":"https:\/\/gentedebasquet.com.ar\/sitio\/2025\/05\/29\/victoria-tricolor-2\/"},"author":{"name":"Franco Crivellini","@id":"https:\/\/gentedebasquet.com.ar\/sitio\/#\/schema\/person\/8aab22e4df61e089287228bd32bccc28"},"headline":"Victoria tricolor","datePublished":"2025-05-29T21:58:01+00:00","dateModified":"2025-05-30T03:48:18+00:00","mainEntityOfPage":{"@id":"https:\/\/gentedebasquet.com.ar\/sitio\/2025\/05\/29\/victoria-tricolor-2\/"},"wordCount":472,"commentCount":0,"image":{"@id":"https:\/\/gentedebasquet.com.ar\/sitio\/2025\/05\/29\/victoria-tricolor-2\/#primaryimage"},"thumbnailUrl":"https:\/\/gentedebasquet.com.ar\/sitio\/wp-content\/uploads\/2025\/05\/690-4.jpg","keywords":["Emiliano Men\u00e9ndez","Manuel Iglesias","Pacifico","Villa Mitre"],"articleSection":["Primera","Slide"],"inLanguage":"es","potentialAction":[{"@type":"CommentAction","name":"Comment","target":["https:\/\/gentedebasquet.com.ar\/sitio\/2025\/05\/29\/victoria-tricolor-2\/#respond"]}]},{"@type":"WebPage","@id":"https:\/\/gentedebasquet.com.ar\/sitio\/2025\/05\/29\/victoria-tricolor-2\/","url":"https:\/\/gentedebasquet.com.ar\/sitio\/2025\/05\/29\/victoria-tricolor-2\/","name":"Victoria tricolor - Gente de B\u00e1squet","isPartOf":{"@id":"https:\/\/gentedebasquet.com.ar\/sitio\/#website"},"primaryImageOfPage":{"@id":"https:\/\/gentedebasquet.com.ar\/sitio\/2025\/05\/29\/victoria-tricolor-2\/#primaryimage"},"image":{"@id":"https:\/\/gentedebasquet.com.ar\/sitio\/2025\/05\/29\/victoria-tricolor-2\/#primaryimage"},"thumbnailUrl":"https:\/\/gentedebasquet.com.ar\/sitio\/wp-content\/uploads\/2025\/05\/690-4.jpg","datePublished":"2025-05-29T21:58:01+00:00","dateModified":"2025-05-30T03:48:18+00:00","author":{"@id":"https:\/\/gentedebasquet.com.ar\/sitio\/#\/schema\/person\/8aab22e4df61e089287228bd32bccc28"},"breadcrumb":{"@id":"https:\/\/gentedebasquet.com.ar\/sitio\/2025\/05\/29\/victoria-tricolor-2\/#breadcrumb"},"inLanguage":"es","potentialAction":[{"@type":"ReadAction","target":["https:\/\/gentedebasquet.com.ar\/sitio\/2025\/05\/29\/victoria-tricolor-2\/"]}]},{"@type":"ImageObject","inLanguage":"es","@id":"https:\/\/gentedebasquet.com.ar\/sitio\/2025\/05\/29\/victoria-tricolor-2\/#primaryimage","url":"https:\/\/gentedebasquet.com.ar\/sitio\/wp-content\/uploads\/2025\/05\/690-4.jpg","contentUrl":"https:\/\/gentedebasquet.com.ar\/sitio\/wp-content\/uploads\/2025\/05\/690-4.jpg","width":690,"height":319},{"@type":"BreadcrumbList","@id":"https:\/\/gentedebasquet.com.ar\/sitio\/2025\/05\/29\/victoria-tricolor-2\/#breadcrumb","itemListElement":[{"@type":"ListItem","position":1,"name":"Portada","item":"https:\/\/gentedebasquet.com.ar\/sitio\/"},{"@type":"ListItem","position":2,"name":"Victoria tricolor"}]},{"@type":"WebSite","@id":"https:\/\/gentedebasquet.com.ar\/sitio\/#website","url":"https:\/\/gentedebasquet.com.ar\/sitio\/","name":"Gente de B\u00e1squet","description":"La revista del basquet de Bah\u00eda Blanca","potentialAction":[{"@type":"SearchAction","target":{"@type":"EntryPoint","urlTemplate":"https:\/\/gentedebasquet.com.ar\/sitio\/?s={search_term_string}"},"query-input":{"@type":"PropertyValueSpecification","valueRequired":true,"valueName":"search_term_string"}}],"inLanguage":"es"},{"@type":"Person","@id":"https:\/\/gentedebasquet.com.ar\/sitio\/#\/schema\/person\/8aab22e4df61e089287228bd32bccc28","name":"Franco Crivellini","image":{"@type":"ImageObject","inLanguage":"es","@id":"https:\/\/secure.gravatar.com\/avatar\/821dc58be638215ae0ad83d46863403d1dbfc54f3224ab8ae62f29c924eb08d8?s=96&d=mm&r=g","url":"https:\/\/secure.gravatar.com\/avatar\/821dc58be638215ae0ad83d46863403d1dbfc54f3224ab8ae62f29c924eb08d8?s=96&d=mm&r=g","contentUrl":"https:\/\/secure.gravatar.com\/avatar\/821dc58be638215ae0ad83d46863403d1dbfc54f3224ab8ae62f29c924eb08d8?s=96&d=mm&r=g","caption":"Franco Crivellini"},"url":"https:\/\/gentedebasquet.com.ar\/sitio\/author\/franco-crivellini\/"}]}},"_links":{"self":[{"href":"https:\/\/gentedebasquet.com.ar\/sitio\/wp-json\/wp\/v2\/posts\/116147","targetHints":{"allow":["GET"]}}],"collection":[{"href":"https:\/\/gentedebasquet.com.ar\/sitio\/wp-json\/wp\/v2\/posts"}],"about":[{"href":"https:\/\/gentedebasquet.com.ar\/sitio\/wp-json\/wp\/v2\/types\/post"}],"author":[{"embeddable":true,"href":"https:\/\/gentedebasquet.com.ar\/sitio\/wp-json\/wp\/v2\/users\/47"}],"replies":[{"embeddable":true,"href":"https:\/\/gentedebasquet.com.ar\/sitio\/wp-json\/wp\/v2\/comments?post=116147"}],"version-history":[{"count":3,"href":"https:\/\/gentedebasquet.com.ar\/sitio\/wp-json\/wp\/v2\/posts\/116147\/revisions"}],"predecessor-version":[{"id":116159,"href":"https:\/\/gentedebasquet.com.ar\/sitio\/wp-json\/wp\/v2\/posts\/116147\/revisions\/116159"}],"wp:featuredmedia":[{"embeddable":true,"href":"https:\/\/gentedebasquet.com.ar\/sitio\/wp-json\/wp\/v2\/media\/116153"}],"wp:attachment":[{"href":"https:\/\/gentedebasquet.com.ar\/sitio\/wp-json\/wp\/v2\/media?parent=116147"}],"wp:term":[{"taxonomy":"category","embeddable":true,"href":"https:\/\/gentedebasquet.com.ar\/sitio\/wp-json\/wp\/v2\/categories?post=116147"},{"taxonomy":"post_tag","embeddable":true,"href":"https:\/\/gentedebasquet.com.ar\/sitio\/wp-json\/wp\/v2\/tags?post=116147"}],"curies":[{"name":"wp","href":"https:\/\/api.w.org\/{rel}","templated":true}]}}